{"data":[{"id":"9782738470683","title":"La cit\u00e9 des lyc\u00e9ens","description":"Les interventions des lyc\u00e9ens dans l'espace public sont souvent d\u00e9concertantes. Tr\u00e8s soucieux du respect de leurs droits, ils semblent cependant r\u00e9ticents \u00e0 s'engager totalement dans les dispositifs offerts par les adultes ou dans les mouvements dont ils prennent parfois l'initiative. Mais plut\u00f4t que de n'y voir qu'incons\u00e9quence de leur part, il serait souhaitable de revisiter les grilles de lecture ordinairement appliqu\u00e9es \u00e0 leurs actions. La recherche dont cet ouvrage est le fruit s'est efforc\u00e9e de s'en tenir aux raisons invoqu\u00e9es par les lyc\u00e9ens eux-m\u00eames. Ces jeunes d\u00e9finissent un autre lyc\u00e9e diff\u00e9rent certes de ce que les adultes souhaitent en faire, mais vraisemblablement plus pacifi\u00e9 que ne pouvait le laisser craindre la cohabitation dans son enceinte, de lyc\u00e9ens aux trajectoires d\u00e9sormais si h\u00e9t\u00e9rog\u00e8nes.","authors":["Patrick Rayou"],"category_codes":["1000000","1060000","1060300"],"visuals":{"large":"https:\/\/images.epagine.fr\/683\/9782738470683_1_75.jpg","medium":"https:\/\/images.epagine.fr\/683\/9782738470683_1_m.jpg","thumbnail":"https:\/\/images.epagine.fr\/683\/9782738470683_1_v.jpg"},"orderable":true,"show_badge":true,"formatted_price":"24,00&nbsp;\u20ac","formatted_published_date":"3 mai 2000","publisher_availability_label":"Sur commande","short_details":"Patrick Rayou \u2014 \u00c9ditions L'Harmattan","translator":null,"weight":400,"page_count":296,"readership":null,"editor":"\u00c9ditions L'Harmattan","price":2400,"published_date":"2000-05-02T22:00:00.000000Z","support":"Grand format","publisher_availability":1,"stock":0,"editions":[],"url":"https:\/\/quaidesbrumes.com\/ouvrage\/9782738470683\/la-cite-des-lyceens"},{"id":"9782738474872","title":"Devenir des individus et investissement au travail","description":"Les \u00e9volutions actuelles de l'organisation du travail ne peuvent \u00eatre analys\u00e9es uniquement comme des formes nouvelles d'exploitation.\r\nElles sont beaucoup plus ambivalentes qu'on ne le dit bien souvent. Elles recherchent en effet une mobilisation de l'intelligence des individus, de leur capacit\u00e9 \u00e0 communiquer et \u00e0 construire collectivement des solutions. Elles conf\u00e8rent une l\u00e9gitimit\u00e9 nouvelle \u00e0 certains salari\u00e9s pour d\u00e9velopper et investir leurs capacit\u00e9s et leur intelligence. Ces pratiques s'accompagnent d'apprentissages qui comportent des risques mais aussi des ouvertures pour les individus.\r\nMaintenir une mobilisation et une cr\u00e9ation collective d'intelligence exige un cadre organisationnel et de management favorable \u00e0 la prise d'initiative, et \u00e0 la conqu\u00eate de l'autonomie individuelle et collective. Ces formes de travail supposent la mise \u00e0 disposition de moyens sp\u00e9cifiques. Elles requi\u00e8rent du temps et diff\u00e9rents accompagnements pour apprendre \u00e0 communiquer sur le travail de mani\u00e8re formalis\u00e9e.\r\nL'auteur illustre \u00e0 travers de nombreux cas concrets comment ces nouvelles pratiques de travail cr\u00e9ent de nouveaux liens et de nouvelles dynamiques sociales, mais introduisent aussi des ruptures, d\u00e9stabilisent les r\u00e9seaux et relations construites ant\u00e9rieurement au sein de l'entreprise.","authors":["R\u00e9gine Bercot"],"category_codes":["1000000","1060000","1060300"],"visuals":{"large":"https:\/\/images.epagine.fr\/872\/9782738474872_1_75.jpg","medium":"https:\/\/images.epagine.fr\/872\/9782738474872_1_m.jpg","thumbnail":"https:\/\/images.epagine.fr\/872\/9782738474872_1_v.jpg"},"orderable":true,"show_badge":true,"formatted_price":"22,50&nbsp;\u20ac","formatted_published_date":"3 mai 2000","publisher_availability_label":"Sur commande","short_details":"R\u00e9gine Bercot \u2014 \u00c9ditions L'Harmattan","translator":null,"weight":298,"page_count":240,"readership":null,"editor":"\u00c9ditions L'Harmattan","price":2250,"published_date":"2000-05-02T22:00:00.000000Z","support":"Grand format","publisher_availability":1,"stock":0,"editions":[],"url":"https:\/\/quaidesbrumes.com\/ouvrage\/9782738474872\/devenir-des-individus-et-investissement-au-travail"},{"id":"9782738477224","title":"Flexibilit\u00e9 et cr\u00e9ation d'emplois : un d\u00e9fi pour le dialogue social en Europe","description":"La crise grave et persistante de l'emploi qui s\u00e9vit en Europe, en d\u00e9pit d'une l\u00e9g\u00e8re am\u00e9lioration en 1998, pose quatre grandes questions : a) quelles en sont les causes ? b) existe-t-il des rem\u00e8des simples ? c) une flexibilit\u00e9 draconienne du march\u00e9 du travail, assortie d'une d\u00e9r\u00e9glementation totale de la protection sociale est-elle la seule r\u00e9ponse ? d) la concertation sociale et la n\u00e9gociation collective sont-elles susceptibles d'apporter des solutions \u00e9conomiquement viables et socialement acceptables ? Le pr\u00e9sent ouvrage \u00e9claire le d\u00e9bat sur la flexibilit\u00e9 et dissipe quelques id\u00e9es re\u00e7ues qui ont cours \u00e0 ce sujet.\r\nIl passe en revue les mesures l\u00e9gislatives et les conventions collectives n\u00e9goci\u00e9es \u00e0 divers \u00e9chelons pour combattre le ch\u00f4mage dans dix pays europ\u00e9ens, \u00e0 savoir l'Autriche, la Belgique, l'Espagne, la Finlande, la France, l'Irlande, l'Italie, les Pays-Bas, le Portugal et le Royaume-Uni. Il analyse les contraintes qui freinent le d\u00e9veloppement du dialogue social, telles que la mondialisation, la d\u00e9centralisation de la n\u00e9gociation, la faiblesse des partenaires sociaux et le processus d'int\u00e9gration europ\u00e9enne, et notamment l'impact escompt\u00e9 du lancement de l'euro le 1er janvier 1999.\r\nIl montre comment le dialogue social a \u00e9volu\u00e9 au niveau de l'Union europ\u00e9enne et \u00e9voque les perspectives d'avenir.","authors":["Hedva Sarfati"],"category_codes":["1000000","1060000","1060300"],"visuals":{"large":"https:\/\/images.epagine.fr\/224\/9782738477224_1_75.jpg","medium":"https:\/\/images.epagine.fr\/224\/9782738477224_1_m.jpg","thumbnail":"https:\/\/images.epagine.fr\/224\/9782738477224_1_v.jpg"},"orderable":true,"show_badge":true,"formatted_price":"22,50&nbsp;\u20ac","formatted_published_date":"3 mai 2000","publisher_availability_label":"Sur commande","short_details":"Hedva Sarfati \u2014 \u00c9ditions L'Harmattan","translator":null,"weight":336,"page_count":null,"readership":null,"editor":"\u00c9ditions L'Harmattan","price":2250,"published_date":"2000-05-02T22:00:00.000000Z","support":"Grand format","publisher_availability":1,"stock":0,"editions":[],"url":"https:\/\/quaidesbrumes.com\/ouvrage\/9782738477224\/flexibilite-et-creation-demplois-un-defi-pour-le-dialogue-social-en-europe"},{"id":"9782747583749","title":"Violences conjugales : Une assistante sociale raconte...","description":"Une femme raconte ce que d'autres femmes vivent au quotidien. Ce r\u00e9cit tr\u00e8s vivant d\u00e9crit ce que sont les violences conjugales au travers de la vie d'une association d'aide aux femmes et de quelques r\u00e9cits de vies de femmes d'origines diverses. En commentaires \u00e0 ces r\u00e9cits, ce texte aborde des questions essentielles : Pourquoi restent-elles ? Pourquoi ne portent-elles pas plainte ? Que se passe-t-il lorsqu'on porte plainte ? Et eux, qui sont-ils ?","authors":["Micheline Ferret"],"category_codes":["9000000","9120000","9120400"],"visuals":{"large":"https:\/\/images.epagine.fr\/749\/9782747583749_1_75.jpg","medium":"https:\/\/images.epagine.fr\/749\/9782747583749_1_m.jpg","thumbnail":"https:\/\/images.epagine.fr\/749\/9782747583749_1_v.jpg"},"orderable":true,"show_badge":true,"formatted_price":"17,50&nbsp;\u20ac","formatted_published_date":"2 mai 2005","publisher_availability_label":"Sur commande","short_details":"Micheline Ferret \u2014 \u00c9ditions L'Harmattan","translator":null,"weight":195,"page_count":172,"readership":null,"editor":"\u00c9ditions L'Harmattan","price":1750,"published_date":"2005-05-01T22:00:00.000000Z","support":"Grand format","publisher_availability":1,"stock":0,"editions":[],"url":"https:\/\/quaidesbrumes.com\/ouvrage\/9782747583749\/violences-conjugales-une-assistante-sociale-raconte"},{"id":"9782747567695","title":"La m\u00e9moire de l'oubli","description":"\"Le 16 juillet 1942, notre sort familial bascule tragiquement. (.) des coups de poings violents mart\u00e8lent la porte de notre logement et en l'espace de quelques secondes, la milice fran\u00e7aise fait irruption. Sans m\u00e9nagement, on nous ordonne de nous habiller, de quitter l'appartement et de gagner un autobus gar\u00e9 dans une rue face \u00e0 notre maison. (.) Je ne pouvais naturellement pas imaginer que dans les heures qui suivraient, nous serions \u00e0 jamais s\u00e9par\u00e9s de nos parents.\" \r\nN\u00e9 en France en 1931, Wolff Rajzman arrive en Isra\u00ebl en 1949. A 67 ans, il se d\u00e9livre enfin et fait son deuil de ce pass\u00e9.","authors":["Wolff Rajzman"],"category_codes":["1000000","1060000"],"visuals":{"large":"https:\/\/images.epagine.fr\/695\/9782747567695_1_75.jpg","medium":"https:\/\/images.epagine.fr\/695\/9782747567695_1_m.jpg","thumbnail":"https:\/\/images.epagine.fr\/695\/9782747567695_1_v.jpg"},"orderable":true,"show_badge":true,"formatted_price":"12,00&nbsp;\u20ac","formatted_published_date":"1er novembre 2004","publisher_availability_label":"Sur commande","short_details":"Wolff Rajzman \u2014 \u00c9ditions L'Harmattan","translator":null,"weight":120,"page_count":90,"readership":null,"editor":"\u00c9ditions L'Harmattan","price":1200,"published_date":"2004-10-31T23:00:00.000000Z","support":"Grand format","publisher_availability":1,"stock":0,"editions":[],"url":"https:\/\/quaidesbrumes.com\/ouvrage\/9782747567695\/la-memoire-de-loubli"},{"id":"9782858021604","title":"La nouvelle soci\u00e9t\u00e9 basque ; ruptures et changements","description":null,"authors":["Pierre Bidart"],"category_codes":["1000000","1060000","1060300"],"visuals":{"large":"https:\/\/images.epagine.fr\/604\/9782858021604_1_75.jpg","medium":"https:\/\/images.epagine.fr\/604\/9782858021604_1_m.jpg","thumbnail":"https:\/\/images.epagine.fr\/604\/9782858021604_1_v.jpg"},"orderable":true,"show_badge":true,"formatted_price":"22,50&nbsp;\u20ac","formatted_published_date":"3 mai 2000","publisher_availability_label":"Sur commande","short_details":"Pierre Bidart \u2014 \u00c9ditions L'Harmattan","translator":null,"weight":348,"page_count":256,"readership":null,"editor":"\u00c9ditions L'Harmattan","price":2250,"published_date":"2000-05-02T22:00:00.000000Z","support":"Grand format","publisher_availability":1,"stock":0,"editions":[],"url":"https:\/\/quaidesbrumes.com\/ouvrage\/9782858021604\/la-nouvelle-societe-basque-ruptures-et-changements"},{"id":"9782858026593","title":"Approche du devenir social des jeunes issus de l'immigration alg\u00e9rienne","description":null,"authors":["Ir\u00e8ne R\u00e9gnier"],"category_codes":["1000000","1060000","1060300"],"visuals":{"large":"https:\/\/images.epagine.fr\/593\/9782858026593_1_75.jpg","medium":"https:\/\/images.epagine.fr\/593\/9782858026593_1_m.jpg","thumbnail":"https:\/\/images.epagine.fr\/593\/9782858026593_1_v.jpg"},"orderable":true,"show_badge":true,"formatted_price":"24,00&nbsp;\u20ac","formatted_published_date":"3 mai 2000","publisher_availability_label":"Sur commande","short_details":"Ir\u00e8ne R\u00e9gnier \u2014 \u00c9ditions L'Harmattan","translator":null,"weight":454,"page_count":null,"readership":null,"editor":"\u00c9ditions L'Harmattan","price":2400,"published_date":"2000-05-02T22:00:00.000000Z","support":"Grand format","publisher_availability":1,"stock":0,"editions":[],"url":"https:\/\/quaidesbrumes.com\/ouvrage\/9782858026593\/approche-du-devenir-social-des-jeunes-issus-de-limmigration-algerienne"},{"id":"9782858027385","title":"Souvenirs du sahel  zinder lac tchad komadougou","description":null,"authors":["Jean Chapelle"],"category_codes":["1000000","1060000","1060100"],"visuals":{"large":"https:\/\/images.epagine.fr\/385\/9782858027385_1_75.jpg","medium":"https:\/\/images.epagine.fr\/385\/9782858027385_1_m.jpg","thumbnail":"https:\/\/images.epagine.fr\/385\/9782858027385_1_v.jpg"},"orderable":true,"show_badge":true,"formatted_price":"23,90&nbsp;\u20ac","formatted_published_date":"1er d\u00e9cembre 2004","publisher_availability_label":"Sur commande","short_details":"Jean Chapelle \u2014 \u00c9ditions L'Harmattan","translator":null,"weight":362,"page_count":null,"readership":null,"editor":"\u00c9ditions L'Harmattan","price":2390,"published_date":"2004-11-30T23:00:00.000000Z","support":"Grand format","publisher_availability":1,"stock":0,"editions":[],"url":"https:\/\/quaidesbrumes.com\/ouvrage\/9782858027385\/souvenirs-du-sahel-zinder-lac-tchad-komadougou"},{"id":"9782013465342","title":"Eloge historique de feu m. thieullen, premier president de la cour imperiale de rouen","description":"\u00c9loge historique de feu M. Thieullen, premier pr\u00e9sident de la Cour imp\u00e9riale de Rouen... membre de l'Acad\u00e9mie... de la m\u00eame ville, prononc\u00e9 dans la s\u00e9ance publique du 7 ao\u00fbt 1812, par Marie-Jacques-Amand Bo\u00efeldieu...\r\nDate de l'\u00e9dition originale : 1813 Ce livre est la reproduction fid\u00e8le d'une oeuvre publi\u00e9e avant 1920 et fait partie d'une collection de livres r\u00e9imprim\u00e9s \u00e0 la demande \u00e9dit\u00e9e par Hachette Livre, dans le cadre d'un partenariat avec la Biblioth\u00e8que nationale de France, offrant l'opportunit\u00e9 d'acc\u00e9der \u00e0 des ouvrages anciens et souvent rares issus des fonds patrimoniaux de la BnF.\r\nLes oeuvres faisant partie de cette collection ont \u00e9t\u00e9 num\u00e9ris\u00e9es par la BnF et sont pr\u00e9sentes sur Gallica, sa biblioth\u00e8que num\u00e9rique.\r\n\r\nEn entreprenant de redonner vie \u00e0 ces ouvrages au travers d'une collection de livres r\u00e9imprim\u00e9s \u00e0 la demande, nous leur donnons la possibilit\u00e9 de rencontrer un public \u00e9largi et participons \u00e0 la transmission de connaissances et de savoirs parfois difficilement accessibles.\r\nNous avons cherch\u00e9 \u00e0 concilier la reproduction fid\u00e8le d'un livre ancien \u00e0 partir de sa version num\u00e9ris\u00e9e avec le souci d'un confort de lecture optimal. Nous esp\u00e9rons que les ouvrages de cette nouvelle collection vous apporteront enti\u00e8re satisfaction.\r\n\r\nPour plus d'informations, rendez-vous sur www.hachettebnf.fr","authors":["Boieldieu M-J-A."],"category_codes":["1000000","1060000","1060200"],"visuals":{"large":"https:\/\/images.epagine.fr\/342\/9782013465342_1_75.jpg","medium":"https:\/\/images.epagine.fr\/342\/9782013465342_1_m.jpg","thumbnail":"https:\/\/images.epagine.fr\/342\/9782013465342_1_v.jpg"},"orderable":true,"show_badge":true,"formatted_price":"9,50&nbsp;\u20ac","formatted_published_date":"1er octobre 2014","publisher_availability_label":"Sur commande","short_details":"Boieldieu M-J-A. \u2014 Hachette BNF","translator":null,"weight":75,"page_count":null,"readership":null,"editor":"Hachette BNF","price":950,"published_date":"2014-09-30T22:00:00.000000Z","support":"Grand format","publisher_availability":1,"stock":0,"editions":[],"url":"https:\/\/quaidesbrumes.com\/ouvrage\/9782013465342\/eloge-historique-de-feu-m-thieullen-premier-president-de-la-cour-imperiale-de-rouen"},{"id":"9782738402011","title":"Voil\u00e9es, d\u00e9voil\u00e9es ; \u00eatre femme dans le monde arabe","description":null,"authors":["Noria Allami"],"category_codes":["1000000","1060000","1060300"],"visuals":{"large":"https:\/\/images.epagine.fr\/011\/9782738402011_1_75.jpg","medium":"https:\/\/images.epagine.fr\/011\/9782738402011_1_m.jpg","thumbnail":"https:\/\/images.epagine.fr\/011\/9782738402011_1_v.jpg"},"orderable":true,"show_badge":true,"formatted_price":"26,00&nbsp;\u20ac","formatted_published_date":"3 mai 2000","publisher_availability_label":"Sur commande","short_details":"Noria Allami \u2014 \u00c9ditions L'Harmattan","translator":null,"weight":356,"page_count":null,"readership":null,"editor":"\u00c9ditions L'Harmattan","price":2600,"published_date":"2000-05-02T22:00:00.000000Z","support":"Grand format","publisher_availability":1,"stock":0,"editions":[],"url":"https:\/\/quaidesbrumes.com\/ouvrage\/9782738402011\/voilees-devoilees-etre-femme-dans-le-monde-arabe"},{"id":"9782738403902","title":"Victor Segalen ; une esth\u00e9tique de la diff\u00e9rence","description":null,"authors":["Marc Gontard"],"category_codes":["9000000","9120000","9120200"],"visuals":{"large":"https:\/\/images.epagine.fr\/902\/9782738403902_1_75.jpg","medium":"https:\/\/images.epagine.fr\/902\/9782738403902_1_m.jpg","thumbnail":"https:\/\/images.epagine.fr\/902\/9782738403902_1_v.jpg"},"orderable":true,"show_badge":true,"formatted_price":"29,50&nbsp;\u20ac","formatted_published_date":"3 mai 2000","publisher_availability_label":"Sur commande","short_details":"Marc Gontard \u2014 \u00c9ditions L'Harmattan","translator":null,"weight":424,"page_count":null,"readership":null,"editor":"\u00c9ditions L'Harmattan","price":2950,"published_date":"2000-05-02T22:00:00.000000Z","support":"Grand format","publisher_availability":1,"stock":0,"editions":[],"url":"https:\/\/quaidesbrumes.com\/ouvrage\/9782738403902\/victor-segalen-une-esthetique-de-la-difference"},{"id":"9782738404312","title":"Bourgs et villes en Afrique lusophone","description":"Encore trop peu connus, les cinq pays africains de langue officielle portugaise (Angola, Cap-Vert, Guin\u00e9e-Bissau, Mozambique et Sao Tom\u00e9) sont le produit d'une riche histoire qui, commenc\u00e9e aux \u00eeles du Cap-Vert d\u00e8s 1460, vit la lutte contre la pr\u00e9sence arabo-swahilie sur la c\u00f4te de l'oc\u00e9an Indien et inclut certaines des plus sombres pages du traffic servile. Si dans sa superficie totale, la colonisation portugaise n'est pas plus ancienne que les autres, datant de l'effort de conqu\u00eate post\u00e9rieur au Congr\u00e8s de Berlin, en des points pr\u00e9cis - les villes - elle fut pluris\u00e9culaire. Des villes naquirent et disparurent du fait de politiques royales contradictoires (Ribeira Grande au Cap-Vert) ; virent l'\u00e9closion, sur fond d'esclavage, de brillantes civilisations cr\u00e9oles (Luanda, en Angola) ou rest\u00e8rent longtemps marqu\u00e9es par la civilisation arabo-swahilie (Mo\u00e7ambique ou Mozambique). La colonisation contemporaine multiplia les bourgs militaro- administratifs de faible expression \u00e9conomique, fussent-ils capitales (Bissau en Guin\u00e9e), avant de conna\u00eetre, comme ailleurs mais un peu plus tardivement, un exode rural alimentant les \" muceques \" et \" cani\u00e7os \" (quartiers du sable et du roseau) de villes aujourd'hui plus que millionnaires (Luanda, Maputo au Mozambique). Cette colonisation fut le peuplement. Les \" petits Blancs \" s'entass\u00e8rent dans les villes, repoussant les Africains des moindres sources d'enrichissement. Une certaine convivialit\u00e9, fondement de l'id\u00e9ologie lusotropicaliste d'inspiration br\u00e9silienne, put aussi exister, qui ne saurait faire oublier un violent racisme de boutiquiers, de chauffeurs, de taxis et de bureaucrates. La \" ville du goudron \" encercl\u00e9e par la ville noire s'effondra en 1974-1975 dans des circonstances dramatiques d'o\u00f9 jaillirent luttes de classes, rivalit\u00e9s ethniques, racisme et exode colonial - donc de presque tous les cadres. La ville africaine luso-coloniale n'existe plus mais certains de ses traits demeurent : architecture, poids du m\u00e9tissage, musique proche de celle de l'autre rive atlantique, lusophone, bureaucratie sacr\u00e9e du \" papier timbr\u00e9 \", maintien d'une population blanche r\u00e9siduelle mais au poids politique non n\u00e9gligeable, centres de diffusion de la langue portugaise. Que quelques fen\u00eatres s'ouvrent aujourd'hui, pour le public fran\u00e7ais, sur l'histoire urbaine de cette autre Afrique, telle est la seule ambition des auteurs de ce livre.","authors":["Michel Cahen"],"category_codes":["1000000","1060000","1060300"],"visuals":{"large":"https:\/\/images.epagine.fr\/312\/9782738404312_1_75.jpg","medium":"https:\/\/images.epagine.fr\/312\/9782738404312_1_m.jpg","thumbnail":"https:\/\/images.epagine.fr\/312\/9782738404312_1_v.jpg"},"orderable":true,"show_badge":true,"formatted_price":"34,50&nbsp;\u20ac","formatted_published_date":"3 mai 2000","publisher_availability_label":"Sur commande","short_details":"Michel Cahen \u2014 \u00c9ditions L'Harmattan","translator":null,"weight":514,"page_count":null,"readership":null,"editor":"\u00c9ditions L'Harmattan","price":3450,"published_date":"2000-05-02T22:00:00.000000Z","support":"Grand format","publisher_availability":1,"stock":0,"editions":[],"url":"https:\/\/quaidesbrumes.com\/ouvrage\/9782738404312\/bourgs-et-villes-en-afrique-lusophone"},{"id":"9782013436250","title":"Memoire pour les colonies francaises","description":"M\u00e9moire pour les Colonies fran\u00e7aises Date de l'\u00e9dition originale : 1821 Sujet de l'ouvrage : France -- Colonies -- Histoire Ce livre est la reproduction fid\u00e8le d'une oeuvre publi\u00e9e avant 1920 et fait partie d'une collection de livres r\u00e9imprim\u00e9s \u00e0 la demande \u00e9dit\u00e9e par Hachette Livre, dans le cadre d'un partenariat avec la Biblioth\u00e8que nationale de France, offrant l'opportunit\u00e9 d'acc\u00e9der \u00e0 des ouvrages anciens et souvent rares issus des fonds patrimoniaux de la BnF.\r\nLes oeuvres faisant partie de cette collection ont \u00e9t\u00e9 num\u00e9ris\u00e9es par la BnF et sont pr\u00e9sentes sur Gallica, sa biblioth\u00e8que num\u00e9rique.\r\n\r\nEn entreprenant de redonner vie \u00e0 ces ouvrages au travers d'une collection de livres r\u00e9imprim\u00e9s \u00e0 la demande, nous leur donnons la possibilit\u00e9 de rencontrer un public \u00e9largi et participons \u00e0 la transmission de connaissances et de savoirs parfois difficilement accessibles.\r\nNous avons cherch\u00e9 \u00e0 concilier la reproduction fid\u00e8le d'un livre ancien \u00e0 partir de sa version num\u00e9ris\u00e9e avec le souci d'un confort de lecture optimal. Nous esp\u00e9rons que les ouvrages de cette nouvelle collection vous apporteront enti\u00e8re satisfaction.\r\n\r\nPour plus d'informations, rendez-vous sur www.hachettebnf.fr http:\/\/gallica.bnf.fr\/ark:\/12148\/bpt6k57910222","authors":[],"category_codes":["1000000","1060000","1060200"],"visuals":{"large":"https:\/\/images.epagine.fr\/250\/9782013436250_1_75.jpg","medium":"https:\/\/images.epagine.fr\/250\/9782013436250_1_m.jpg","thumbnail":"https:\/\/images.epagine.fr\/250\/9782013436250_1_v.jpg"},"orderable":true,"show_badge":true,"formatted_price":"11,90&nbsp;\u20ac","formatted_published_date":"1er septembre 2014","publisher_availability_label":"Sur commande","short_details":"Hachette BNF","translator":null,"weight":118,"page_count":null,"readership":null,"editor":"Hachette BNF","price":1190,"published_date":"2014-08-31T22:00:00.000000Z","support":"Grand format","publisher_availability":1,"stock":0,"editions":[],"url":"https:\/\/quaidesbrumes.com\/ouvrage\/9782013436250\/memoire-pour-les-colonies-francaises"},{"id":"9782012528567","title":"Catalogue des livres rares et curieux composant la biblioth\u00e8que Champfleury (\u00c9d.1890)","description":"Catalogue des livres rares et curieux composant la biblioth\u00e8que Champfleury... \/ pr\u00e9face de Paul Eudel\r\nDate de l'\u00e9dition originale : 1890\r\n[Vente (Livres). 1890-12-15. Paris, H\u00f4tel Drouot][Collection (Livres). Champfleury, Jules-Fran\u00e7ois-F\u00e9lix Husson (dit Fleury dit). 1890]\r\n\r\nLe pr\u00e9sent ouvrage s'inscrit dans une politique de conservation patrimoniale des ouvrages de la litt\u00e9rature Fran\u00e7aise mise en place avec la BNF.\r\nHACHETTE LIVRE et la BNF proposent ainsi un catalogue de titres indisponibles, la BNF ayant num\u00e9ris\u00e9 ces oeuvres et HACHETTE LIVRE les imprimant \u00e0 la demande.\r\nCertains de ces ouvrages refl\u00e8tent des courants de pens\u00e9e caract\u00e9ristiques de leur \u00e9poque, mais qui seraient aujourd'hui jug\u00e9s condamnables.\r\nIls n'en appartiennent pas moins \u00e0 l'histoire des id\u00e9es en France et sont susceptibles de pr\u00e9senter un int\u00e9r\u00eat scientifique ou historique.\r\nLe sens de notre d\u00e9marche \u00e9ditoriale consiste ainsi \u00e0 permettre l'acc\u00e8s \u00e0 ces oeuvres sans pour autant que nous en cautionnions en aucune fa\u00e7on le contenu.\r\n\r\nPour plus d'informations, rendez-vous sur www.hachettebnf.fr","authors":["Collectif"],"category_codes":["1000000","1060000","1060200"],"visuals":{"large":"https:\/\/images.epagine.fr\/567\/9782012528567_1_75.jpg","medium":"https:\/\/images.epagine.fr\/567\/9782012528567_1_m.jpg","thumbnail":"https:\/\/images.epagine.fr\/567\/9782012528567_1_v.jpg"},"orderable":true,"show_badge":true,"formatted_price":"19,00&nbsp;\u20ac","formatted_published_date":"1er mai 2012","publisher_availability_label":"Sur commande","short_details":"Collectif \u2014 Hachette BNF","translator":null,"weight":286,"page_count":196,"readership":null,"editor":"Hachette BNF","price":1900,"published_date":"2012-04-30T22:00:00.000000Z","support":"Grand format","publisher_availability":1,"stock":0,"editions":[],"url":"https:\/\/quaidesbrumes.com\/ouvrage\/9782012528567\/catalogue-des-livres-rares-et-curieux-composant-la-bibliotheque-champfleury-ed1890"},{"id":"9782013436304","title":"Memoire remis a m. le ministre des affaires etrangeres a l'appui de la reclamation - de m. g. thube-","description":"M\u00e9moire remis \u00e0 M. le ministre des affaires \u00e9trang\u00e8res \u00e0 l'appui de la r\u00e9clamation de M. G. Thub\u00e9-Lourmand, concernant la jouissance exclusive de ses concessions \u00e0 Terre-Neuve, des baies du Vieux-F\u00e9rolle et Sainte-Genevi\u00e8ve (French shore). (Sign\u00e9 : G. Thub\u00e9. [10 juillet 1889.]) Date de l'\u00e9dition originale : 1889 Sujet de l'ouvrage : Terre-Neuve (Canada)France -- Colonies -- Histoire Ce livre est la reproduction fid\u00e8le d'une oeuvre publi\u00e9e avant 1920 et fait partie d'une collection de livres r\u00e9imprim\u00e9s \u00e0 la demande \u00e9dit\u00e9e par Hachette Livre, dans le cadre d'un partenariat avec la Biblioth\u00e8que nationale de France, offrant l'opportunit\u00e9 d'acc\u00e9der \u00e0 des ouvrages anciens et souvent rares issus des fonds patrimoniaux de la BnF.\r\nLes oeuvres faisant partie de cette collection ont \u00e9t\u00e9 num\u00e9ris\u00e9es par la BnF et sont pr\u00e9sentes sur Gallica, sa biblioth\u00e8que num\u00e9rique.\r\n\r\nEn entreprenant de redonner vie \u00e0 ces ouvrages au travers d'une collection de livres r\u00e9imprim\u00e9s \u00e0 la demande, nous leur donnons la possibilit\u00e9 de rencontrer un public \u00e9largi et participons \u00e0 la transmission de connaissances et de savoirs parfois difficilement accessibles.\r\nNous avons cherch\u00e9 \u00e0 concilier la reproduction fid\u00e8le d'un livre ancien \u00e0 partir de sa version num\u00e9ris\u00e9e avec le souci d'un confort de lecture optimal. Nous esp\u00e9rons que les ouvrages de cette nouvelle collection vous apporteront enti\u00e8re satisfaction.\r\n\r\nPour plus d'informations, rendez-vous sur www.hachettebnf.fr http:\/\/gallica.bnf.fr\/ark:\/12148\/bpt6k5804123h","authors":["Thube G"],"category_codes":["1000000","1060000","1060200"],"visuals":{"large":"https:\/\/images.epagine.fr\/304\/9782013436304_1_75.jpg","medium":"https:\/\/images.epagine.fr\/304\/9782013436304_1_m.jpg","thumbnail":"https:\/\/images.epagine.fr\/304\/9782013436304_1_v.jpg"},"orderable":true,"show_badge":true,"formatted_price":"9,50&nbsp;\u20ac","formatted_published_date":"1er septembre 2014","publisher_availability_label":"Sur commande","short_details":"Thube G \u2014 Hachette BNF","translator":null,"weight":43,"page_count":null,"readership":null,"editor":"Hachette BNF","price":950,"published_date":"2014-08-31T22:00:00.000000Z","support":"Grand format","publisher_availability":1,"stock":0,"editions":[],"url":"https:\/\/quaidesbrumes.com\/ouvrage\/9782013436304\/memoire-remis-a-m-le-ministre-des-affaires-etrangeres-a-lappui-de-la-reclamation-de-m-g-thube"},{"id":"9782013436311","title":"Memoire sur la propriete fonciere en algerie","description":"M\u00e9moire sur la propri\u00e9t\u00e9 fonci\u00e8re en Alg\u00e9rie Date de l'\u00e9dition originale : 1878 Sujet de l'ouvrage : Alg\u00e9rie (1830-1962)France -- Colonies Ce livre est la reproduction fid\u00e8le d'une oeuvre publi\u00e9e avant 1920 et fait partie d'une collection de livres r\u00e9imprim\u00e9s \u00e0 la demande \u00e9dit\u00e9e par Hachette Livre, dans le cadre d'un partenariat avec la Biblioth\u00e8que nationale de France, offrant l'opportunit\u00e9 d'acc\u00e9der \u00e0 des ouvrages anciens et souvent rares issus des fonds patrimoniaux de la BnF.\r\nLes oeuvres faisant partie de cette collection ont \u00e9t\u00e9 num\u00e9ris\u00e9es par la BnF et sont pr\u00e9sentes sur Gallica, sa biblioth\u00e8que num\u00e9rique.\r\n\r\nEn entreprenant de redonner vie \u00e0 ces ouvrages au travers d'une collection de livres r\u00e9imprim\u00e9s \u00e0 la demande, nous leur donnons la possibilit\u00e9 de rencontrer un public \u00e9largi et participons \u00e0 la transmission de connaissances et de savoirs parfois difficilement accessibles.\r\nNous avons cherch\u00e9 \u00e0 concilier la reproduction fid\u00e8le d'un livre ancien \u00e0 partir de sa version num\u00e9ris\u00e9e avec le souci d'un confort de lecture optimal. Nous esp\u00e9rons que les ouvrages de cette nouvelle collection vous apporteront enti\u00e8re satisfaction.\r\n\r\nPour plus d'informations, rendez-vous sur www.hachettebnf.fr http:\/\/gallica.bnf.fr\/ark:\/12148\/bpt6k5789484r","authors":[],"category_codes":["1000000","1060000","1060200"],"visuals":{"large":"https:\/\/images.epagine.fr\/311\/9782013436311_1_75.jpg","medium":"https:\/\/images.epagine.fr\/311\/9782013436311_1_m.jpg","thumbnail":"https:\/\/images.epagine.fr\/311\/9782013436311_1_v.jpg"},"orderable":true,"show_badge":true,"formatted_price":"9,50&nbsp;\u20ac","formatted_published_date":"1er septembre 2014","publisher_availability_label":"Sur commande","short_details":"Hachette BNF","translator":null,"weight":70,"page_count":null,"readership":null,"editor":"Hachette BNF","price":950,"published_date":"2014-08-31T22:00:00.000000Z","support":"Grand format","publisher_availability":1,"stock":0,"editions":[],"url":"https:\/\/quaidesbrumes.com\/ouvrage\/9782013436311\/memoire-sur-la-propriete-fonciere-en-algerie"},{"id":"9782738414519","title":"Histoire d'un militaire peu ordinaire ; fragments du si\u00e8cle","description":null,"authors":["Pierre Favre"],"category_codes":["1000000","1060000","1060100"],"visuals":{"large":"https:\/\/images.epagine.fr\/519\/9782738414519_1_75.jpg","medium":"https:\/\/images.epagine.fr\/519\/9782738414519_1_m.jpg","thumbnail":"https:\/\/images.epagine.fr\/519\/9782738414519_1_v.jpg"},"orderable":true,"show_badge":true,"formatted_price":"27,00&nbsp;\u20ac","formatted_published_date":"15 d\u00e9cembre 1992","publisher_availability_label":"Sur commande","short_details":"Pierre Favre \u2014 \u00c9ditions L'Harmattan","translator":null,"weight":336,"page_count":null,"readership":null,"editor":"\u00c9ditions L'Harmattan","price":2700,"published_date":"1992-12-14T23:00:00.000000Z","support":"Grand format","publisher_availability":1,"stock":0,"editions":[],"url":"https:\/\/quaidesbrumes.com\/ouvrage\/9782738414519\/histoire-dun-militaire-peu-ordinaire-fragments-du-siecle"},{"id":"9782738417343","title":"D\u00e9ontologie administrative en Afrique","description":null,"authors":["Hongla-Momha"],"category_codes":["1000000","1060000","1060300"],"visuals":{"large":"https:\/\/images.epagine.fr\/343\/9782738417343_1_75.jpg","medium":"https:\/\/images.epagine.fr\/343\/9782738417343_1_m.jpg","thumbnail":"https:\/\/images.epagine.fr\/343\/9782738417343_1_v.jpg"},"orderable":true,"show_badge":true,"formatted_price":"19,00&nbsp;\u20ac","formatted_published_date":"3 mai 2000","publisher_availability_label":"Sur commande","short_details":"Hongla-Momha \u2014 \u00c9ditions L'Harmattan","translator":null,"weight":256,"page_count":null,"readership":null,"editor":"\u00c9ditions L'Harmattan","price":1900,"published_date":"2000-05-02T22:00:00.000000Z","support":"Grand format","publisher_availability":1,"stock":0,"editions":[],"url":"https:\/\/quaidesbrumes.com\/ouvrage\/9782738417343\/deontologie-administrative-en-afrique"},{"id":"9782738417374","title":"De la modernit\u00e9 paysanne en Afrique noire ; le S\u00e9n\u00e9gal","description":null,"authors":["Babacar Sall"],"category_codes":["1000000","1060000","1060300"],"visuals":{"large":"https:\/\/images.epagine.fr\/374\/9782738417374_1_75.jpg","medium":"https:\/\/images.epagine.fr\/374\/9782738417374_1_m.jpg","thumbnail":"https:\/\/images.epagine.fr\/374\/9782738417374_1_v.jpg"},"orderable":true,"show_badge":true,"formatted_price":"22,50&nbsp;\u20ac","formatted_published_date":"3 mai 2000","publisher_availability_label":"Sur commande","short_details":"Babacar Sall \u2014 \u00c9ditions L'Harmattan","translator":null,"weight":356,"page_count":253,"readership":null,"editor":"\u00c9ditions L'Harmattan","price":2250,"published_date":"2000-05-02T22:00:00.000000Z","support":"Grand format","publisher_availability":1,"stock":0,"editions":[],"url":"https:\/\/quaidesbrumes.com\/ouvrage\/9782738417374\/de-la-modernite-paysanne-en-afrique-noire-le-senegal"},{"id":"9782738418241","title":"Fais pas la grimace \u00e0 Dieu","description":null,"authors":["Henri Brunel"],"category_codes":["1000000","1060000","1060100"],"visuals":{"large":"https:\/\/images.epagine.fr\/241\/9782738418241_1_75.jpg","medium":"https:\/\/images.epagine.fr\/241\/9782738418241_1_m.jpg","thumbnail":"https:\/\/images.epagine.fr\/241\/9782738418241_1_v.jpg"},"orderable":true,"show_badge":true,"formatted_price":"15,50&nbsp;\u20ac","formatted_published_date":"20 mars 1993","publisher_availability_label":"Sur commande","short_details":"Henri Brunel \u2014 \u00c9ditions L'Harmattan","translator":null,"weight":212,"page_count":172,"readership":null,"editor":"\u00c9ditions L'Harmattan","price":1550,"published_date":"1993-03-19T23:00:00.000000Z","support":"Grand format","publisher_availability":1,"stock":0,"editions":[],"url":"https:\/\/quaidesbrumes.com\/ouvrage\/9782738418241\/fais-pas-la-grimace-a-dieu"},{"id":"9782738420046","title":"Pour un espace de loisirs diff\u00e9rent","description":null,"authors":["Marc Chesnel"],"category_codes":["1000000","1060000","1060300"],"visuals":{"large":"https:\/\/images.epagine.fr\/046\/9782738420046_1_75.jpg","medium":"https:\/\/images.epagine.fr\/046\/9782738420046_1_m.jpg","thumbnail":"https:\/\/images.epagine.fr\/046\/9782738420046_1_v.jpg"},"orderable":true,"show_badge":true,"formatted_price":"26,00&nbsp;\u20ac","formatted_published_date":"3 mai 2000","publisher_availability_label":"Sur commande","short_details":"Marc Chesnel \u2014 \u00c9ditions L'Harmattan","translator":null,"weight":420,"page_count":null,"readership":null,"editor":"\u00c9ditions L'Harmattan","price":2600,"published_date":"2000-05-02T22:00:00.000000Z","support":"Grand format","publisher_availability":1,"stock":0,"editions":[],"url":"https:\/\/quaidesbrumes.com\/ouvrage\/9782738420046\/pour-un-espace-de-loisirs-different"},{"id":"9782738420534","title":"L'orientation professionnelleen en Allemagne et en France","description":null,"authors":["Henri Eckert"],"category_codes":["1000000","1060000","1060300"],"visuals":{"large":"https:\/\/images.epagine.fr\/534\/9782738420534_1_75.jpg","medium":"https:\/\/images.epagine.fr\/534\/9782738420534_1_m.jpg","thumbnail":"https:\/\/images.epagine.fr\/534\/9782738420534_1_v.jpg"},"orderable":true,"show_badge":true,"formatted_price":"27,50&nbsp;\u20ac","formatted_published_date":"3 mai 2000","publisher_availability_label":"Sur commande","short_details":"Henri Eckert \u2014 \u00c9ditions L'Harmattan","translator":null,"weight":380,"page_count":310,"readership":null,"editor":"\u00c9ditions L'Harmattan","price":2750,"published_date":"2000-05-02T22:00:00.000000Z","support":"Grand format","publisher_availability":1,"stock":0,"editions":[],"url":"https:\/\/quaidesbrumes.com\/ouvrage\/9782738420534\/lorientation-professionnelleen-en-allemagne-et-en-france"},{"id":"9782878674606","title":"Les voleurs de soleil","description":null,"authors":["Maurice Brunetti"],"category_codes":["1000000","1060000","1060100"],"visuals":{"large":"https:\/\/quaidesbrumes.com\/img\/book-placeholder.png","medium":"https:\/\/quaidesbrumes.com\/img\/book-placeholder.png","thumbnail":"https:\/\/quaidesbrumes.com\/img\/book-placeholder.png"},"orderable":true,"show_badge":true,"formatted_price":"22,00&nbsp;\u20ac","formatted_published_date":"15 avril 2003","publisher_availability_label":"Sur commande","short_details":"Maurice Brunetti \u2014 Presses Du Midi","translator":null,"weight":350,"page_count":null,"readership":null,"editor":"Presses Du Midi","price":2200,"published_date":"2003-04-14T22:00:00.000000Z","support":"Grand format","publisher_availability":1,"stock":0,"editions":[],"url":"https:\/\/quaidesbrumes.com\/ouvrage\/9782878674606\/les-voleurs-de-soleil"},{"id":"9782738422026","title":"L'\u00e9migration r\u00e9unionnaise en France","description":null,"authors":["Albert Weber"],"category_codes":["1000000","1060000","1060300"],"visuals":{"large":"https:\/\/images.epagine.fr\/026\/9782738422026_1_75.jpg","medium":"https:\/\/images.epagine.fr\/026\/9782738422026_1_m.jpg","thumbnail":"https:\/\/images.epagine.fr\/026\/9782738422026_1_v.jpg"},"orderable":true,"show_badge":true,"formatted_price":"41,50&nbsp;\u20ac","formatted_published_date":"3 mai 2000","publisher_availability_label":"Sur commande","short_details":"Albert Weber \u2014 \u00c9ditions L'Harmattan","translator":null,"weight":620,"page_count":446,"readership":null,"editor":"\u00c9ditions L'Harmattan","price":4150,"published_date":"2000-05-02T22:00:00.000000Z","support":"Grand format","publisher_availability":1,"stock":0,"editions":[],"url":"https:\/\/quaidesbrumes.com\/ouvrage\/9782738422026\/lemigration-reunionnaise-en-france"}]}