{"data":[{"id":"9782858026593","title":"Approche du devenir social des jeunes issus de l'immigration alg\u00e9rienne","description":null,"authors":["Ir\u00e8ne R\u00e9gnier"],"category_codes":["1000000","1060000","1060300"],"visuals":{"large":"https:\/\/images.epagine.fr\/593\/9782858026593_1_75.jpg","medium":"https:\/\/images.epagine.fr\/593\/9782858026593_1_m.jpg","thumbnail":"https:\/\/images.epagine.fr\/593\/9782858026593_1_v.jpg"},"orderable":true,"show_badge":true,"formatted_price":"24,00&nbsp;\u20ac","formatted_published_date":"3 mai 2000","publisher_availability_label":"Sur commande","short_details":"Ir\u00e8ne R\u00e9gnier \u2014 \u00c9ditions L'Harmattan","translator":null,"weight":454,"page_count":null,"readership":null,"editor":"\u00c9ditions L'Harmattan","price":2400,"published_date":"2000-05-02T22:00:00.000000Z","support":"Grand format","publisher_availability":1,"stock":0,"editions":[],"url":"https:\/\/quaidesbrumes.com\/ouvrage\/9782858026593\/approche-du-devenir-social-des-jeunes-issus-de-limmigration-algerienne"},{"id":"9782858027385","title":"Souvenirs du sahel  zinder lac tchad komadougou","description":null,"authors":["Jean Chapelle"],"category_codes":["1000000","1060000","1060100"],"visuals":{"large":"https:\/\/images.epagine.fr\/385\/9782858027385_1_75.jpg","medium":"https:\/\/images.epagine.fr\/385\/9782858027385_1_m.jpg","thumbnail":"https:\/\/images.epagine.fr\/385\/9782858027385_1_v.jpg"},"orderable":true,"show_badge":true,"formatted_price":"23,90&nbsp;\u20ac","formatted_published_date":"1er d\u00e9cembre 2004","publisher_availability_label":"Sur commande","short_details":"Jean Chapelle \u2014 \u00c9ditions L'Harmattan","translator":null,"weight":362,"page_count":null,"readership":null,"editor":"\u00c9ditions L'Harmattan","price":2390,"published_date":"2004-11-30T23:00:00.000000Z","support":"Grand format","publisher_availability":1,"stock":0,"editions":[],"url":"https:\/\/quaidesbrumes.com\/ouvrage\/9782858027385\/souvenirs-du-sahel-zinder-lac-tchad-komadougou"},{"id":"9782013465342","title":"Eloge historique de feu m. thieullen, premier president de la cour imperiale de rouen","description":"\u00c9loge historique de feu M. Thieullen, premier pr\u00e9sident de la Cour imp\u00e9riale de Rouen... membre de l'Acad\u00e9mie... de la m\u00eame ville, prononc\u00e9 dans la s\u00e9ance publique du 7 ao\u00fbt 1812, par Marie-Jacques-Amand Bo\u00efeldieu...\r\nDate de l'\u00e9dition originale : 1813 Ce livre est la reproduction fid\u00e8le d'une oeuvre publi\u00e9e avant 1920 et fait partie d'une collection de livres r\u00e9imprim\u00e9s \u00e0 la demande \u00e9dit\u00e9e par Hachette Livre, dans le cadre d'un partenariat avec la Biblioth\u00e8que nationale de France, offrant l'opportunit\u00e9 d'acc\u00e9der \u00e0 des ouvrages anciens et souvent rares issus des fonds patrimoniaux de la BnF.\r\nLes oeuvres faisant partie de cette collection ont \u00e9t\u00e9 num\u00e9ris\u00e9es par la BnF et sont pr\u00e9sentes sur Gallica, sa biblioth\u00e8que num\u00e9rique.\r\n\r\nEn entreprenant de redonner vie \u00e0 ces ouvrages au travers d'une collection de livres r\u00e9imprim\u00e9s \u00e0 la demande, nous leur donnons la possibilit\u00e9 de rencontrer un public \u00e9largi et participons \u00e0 la transmission de connaissances et de savoirs parfois difficilement accessibles.\r\nNous avons cherch\u00e9 \u00e0 concilier la reproduction fid\u00e8le d'un livre ancien \u00e0 partir de sa version num\u00e9ris\u00e9e avec le souci d'un confort de lecture optimal. Nous esp\u00e9rons que les ouvrages de cette nouvelle collection vous apporteront enti\u00e8re satisfaction.\r\n\r\nPour plus d'informations, rendez-vous sur www.hachettebnf.fr\r","authors":["Boieldieu M-J-A."],"category_codes":["1000000","1060000","1060200"],"visuals":{"large":"https:\/\/images.epagine.fr\/342\/9782013465342_1_75.jpg","medium":"https:\/\/images.epagine.fr\/342\/9782013465342_1_m.jpg","thumbnail":"https:\/\/images.epagine.fr\/342\/9782013465342_1_v.jpg"},"orderable":true,"show_badge":true,"formatted_price":"9,50&nbsp;\u20ac","formatted_published_date":"1er octobre 2014","publisher_availability_label":"Sur commande","short_details":"Boieldieu M-J-A. \u2014 Hachette BNF","translator":null,"weight":75,"page_count":null,"readership":null,"editor":"Hachette BNF","price":950,"published_date":"2014-09-30T22:00:00.000000Z","support":"Grand format","publisher_availability":1,"stock":0,"editions":[],"url":"https:\/\/quaidesbrumes.com\/ouvrage\/9782013465342\/eloge-historique-de-feu-m-thieullen-premier-president-de-la-cour-imperiale-de-rouen"},{"id":"9782738402011","title":"Voil\u00e9es, d\u00e9voil\u00e9es ; \u00eatre femme dans le monde arabe","description":null,"authors":["Noria Allami"],"category_codes":["1000000","1060000","1060300"],"visuals":{"large":"https:\/\/images.epagine.fr\/011\/9782738402011_1_75.jpg","medium":"https:\/\/images.epagine.fr\/011\/9782738402011_1_m.jpg","thumbnail":"https:\/\/images.epagine.fr\/011\/9782738402011_1_v.jpg"},"orderable":true,"show_badge":true,"formatted_price":"26,00&nbsp;\u20ac","formatted_published_date":"3 mai 2000","publisher_availability_label":"Sur commande","short_details":"Noria Allami \u2014 \u00c9ditions L'Harmattan","translator":null,"weight":356,"page_count":null,"readership":null,"editor":"\u00c9ditions L'Harmattan","price":2600,"published_date":"2000-05-02T22:00:00.000000Z","support":"Grand format","publisher_availability":1,"stock":0,"editions":[],"url":"https:\/\/quaidesbrumes.com\/ouvrage\/9782738402011\/voilees-devoilees-etre-femme-dans-le-monde-arabe"},{"id":"9782738403902","title":"Victor Segalen ; une esth\u00e9tique de la diff\u00e9rence","description":null,"authors":["Marc Gontard"],"category_codes":["9000000","9120000","9120200"],"visuals":{"large":"https:\/\/images.epagine.fr\/902\/9782738403902_1_75.jpg","medium":"https:\/\/images.epagine.fr\/902\/9782738403902_1_m.jpg","thumbnail":"https:\/\/images.epagine.fr\/902\/9782738403902_1_v.jpg"},"orderable":true,"show_badge":true,"formatted_price":"29,50&nbsp;\u20ac","formatted_published_date":"3 mai 2000","publisher_availability_label":"Sur commande","short_details":"Marc Gontard \u2014 \u00c9ditions L'Harmattan","translator":null,"weight":424,"page_count":null,"readership":null,"editor":"\u00c9ditions L'Harmattan","price":2950,"published_date":"2000-05-02T22:00:00.000000Z","support":"Grand format","publisher_availability":1,"stock":0,"editions":[],"url":"https:\/\/quaidesbrumes.com\/ouvrage\/9782738403902\/victor-segalen-une-esthetique-de-la-difference"},{"id":"9782738404312","title":"Bourgs et villes en Afrique lusophone","description":"Encore trop peu connus, les cinq pays africains de langue officielle portugaise (Angola, Cap-Vert, Guin\u00e9e-Bissau, Mozambique et Sao Tom\u00e9) sont le produit d'une riche histoire qui, commenc\u00e9e aux \u00eeles du Cap-Vert d\u00e8s 1460, vit la lutte contre la pr\u00e9sence arabo-swahilie sur la c\u00f4te de l'oc\u00e9an Indien et inclut certaines des plus sombres pages du traffic servile. Si dans sa superficie totale, la colonisation portugaise n'est pas plus ancienne que les autres, datant de l'effort de conqu\u00eate post\u00e9rieur au Congr\u00e8s de Berlin, en des points pr\u00e9cis - les villes - elle fut pluris\u00e9culaire. Des villes naquirent et disparurent du fait de politiques royales contradictoires (Ribeira Grande au Cap-Vert) ; virent l'\u00e9closion, sur fond d'esclavage, de brillantes civilisations cr\u00e9oles (Luanda, en Angola) ou rest\u00e8rent longtemps marqu\u00e9es par la civilisation arabo-swahilie (Mo\u00e7ambique ou Mozambique). La colonisation contemporaine multiplia les bourgs militaro- administratifs de faible expression \u00e9conomique, fussent-ils capitales (Bissau en Guin\u00e9e), avant de conna\u00eetre, comme ailleurs mais un peu plus tardivement, un exode rural alimentant les \" muceques \" et \" cani\u00e7os \" (quartiers du sable et du roseau) de villes aujourd'hui plus que millionnaires (Luanda, Maputo au Mozambique). Cette colonisation fut le peuplement. Les \" petits Blancs \" s'entass\u00e8rent dans les villes, repoussant les Africains des moindres sources d'enrichissement. Une certaine convivialit\u00e9, fondement de l'id\u00e9ologie lusotropicaliste d'inspiration br\u00e9silienne, put aussi exister, qui ne saurait faire oublier un violent racisme de boutiquiers, de chauffeurs, de taxis et de bureaucrates. La \" ville du goudron \" encercl\u00e9e par la ville noire s'effondra en 1974-1975 dans des circonstances dramatiques d'o\u00f9 jaillirent luttes de classes, rivalit\u00e9s ethniques, racisme et exode colonial - donc de presque tous les cadres. La ville africaine luso-coloniale n'existe plus mais certains de ses traits demeurent : architecture, poids du m\u00e9tissage, musique proche de celle de l'autre rive atlantique, lusophone, bureaucratie sacr\u00e9e du \" papier timbr\u00e9 \", maintien d'une population blanche r\u00e9siduelle mais au poids politique non n\u00e9gligeable, centres de diffusion de la langue portugaise. Que quelques fen\u00eatres s'ouvrent aujourd'hui, pour le public fran\u00e7ais, sur l'histoire urbaine de cette autre Afrique, telle est la seule ambition des auteurs de ce livre.\r","authors":["Michel Cahen"],"category_codes":["1000000","1060000","1060300"],"visuals":{"large":"https:\/\/images.epagine.fr\/312\/9782738404312_1_75.jpg","medium":"https:\/\/images.epagine.fr\/312\/9782738404312_1_m.jpg","thumbnail":"https:\/\/images.epagine.fr\/312\/9782738404312_1_v.jpg"},"orderable":true,"show_badge":true,"formatted_price":"34,50&nbsp;\u20ac","formatted_published_date":"3 mai 2000","publisher_availability_label":"Sur commande","short_details":"Michel Cahen \u2014 \u00c9ditions L'Harmattan","translator":null,"weight":514,"page_count":null,"readership":null,"editor":"\u00c9ditions L'Harmattan","price":3450,"published_date":"2000-05-02T22:00:00.000000Z","support":"Grand format","publisher_availability":1,"stock":0,"editions":[],"url":"https:\/\/quaidesbrumes.com\/ouvrage\/9782738404312\/bourgs-et-villes-en-afrique-lusophone"},{"id":"9782013436250","title":"Memoire pour les colonies francaises","description":"M\u00e9moire pour les Colonies fran\u00e7aises Date de l'\u00e9dition originale : 1821 Sujet de l'ouvrage : France -- Colonies -- Histoire Ce livre est la reproduction fid\u00e8le d'une oeuvre publi\u00e9e avant 1920 et fait partie d'une collection de livres r\u00e9imprim\u00e9s \u00e0 la demande \u00e9dit\u00e9e par Hachette Livre, dans le cadre d'un partenariat avec la Biblioth\u00e8que nationale de France, offrant l'opportunit\u00e9 d'acc\u00e9der \u00e0 des ouvrages anciens et souvent rares issus des fonds patrimoniaux de la BnF.\r\nLes oeuvres faisant partie de cette collection ont \u00e9t\u00e9 num\u00e9ris\u00e9es par la BnF et sont pr\u00e9sentes sur Gallica, sa biblioth\u00e8que num\u00e9rique.\r\n\r\nEn entreprenant de redonner vie \u00e0 ces ouvrages au travers d'une collection de livres r\u00e9imprim\u00e9s \u00e0 la demande, nous leur donnons la possibilit\u00e9 de rencontrer un public \u00e9largi et participons \u00e0 la transmission de connaissances et de savoirs parfois difficilement accessibles.\r\nNous avons cherch\u00e9 \u00e0 concilier la reproduction fid\u00e8le d'un livre ancien \u00e0 partir de sa version num\u00e9ris\u00e9e avec le souci d'un confort de lecture optimal. Nous esp\u00e9rons que les ouvrages de cette nouvelle collection vous apporteront enti\u00e8re satisfaction.\r\n\r\nPour plus d'informations, rendez-vous sur www.hachettebnf.fr http:\/\/gallica.bnf.fr\/ark:\/12148\/bpt6k57910222\r","authors":[],"category_codes":["1000000","1060000","1060200"],"visuals":{"large":"https:\/\/images.epagine.fr\/250\/9782013436250_1_75.jpg","medium":"https:\/\/images.epagine.fr\/250\/9782013436250_1_m.jpg","thumbnail":"https:\/\/images.epagine.fr\/250\/9782013436250_1_v.jpg"},"orderable":true,"show_badge":true,"formatted_price":"11,90&nbsp;\u20ac","formatted_published_date":"1er septembre 2014","publisher_availability_label":"Sur commande","short_details":"Hachette BNF","translator":null,"weight":118,"page_count":null,"readership":null,"editor":"Hachette BNF","price":1190,"published_date":"2014-08-31T22:00:00.000000Z","support":"Grand format","publisher_availability":1,"stock":0,"editions":[],"url":"https:\/\/quaidesbrumes.com\/ouvrage\/9782013436250\/memoire-pour-les-colonies-francaises"},{"id":"9782012528567","title":"Catalogue des livres rares et curieux composant la biblioth\u00e8que Champfleury (\u00c9d.1890)","description":"Catalogue des livres rares et curieux composant la biblioth\u00e8que Champfleury... \/ pr\u00e9face de Paul Eudel\r\nDate de l'\u00e9dition originale : 1890\r\n[Vente (Livres). 1890-12-15. Paris, H\u00f4tel Drouot][Collection (Livres). Champfleury, Jules-Fran\u00e7ois-F\u00e9lix Husson (dit Fleury dit). 1890]\r\n\r\nLe pr\u00e9sent ouvrage s'inscrit dans une politique de conservation patrimoniale des ouvrages de la litt\u00e9rature Fran\u00e7aise mise en place avec la BNF.\r\nHACHETTE LIVRE et la BNF proposent ainsi un catalogue de titres indisponibles, la BNF ayant num\u00e9ris\u00e9 ces oeuvres et HACHETTE LIVRE les imprimant \u00e0 la demande.\r\nCertains de ces ouvrages refl\u00e8tent des courants de pens\u00e9e caract\u00e9ristiques de leur \u00e9poque, mais qui seraient aujourd'hui jug\u00e9s condamnables.\r\nIls n'en appartiennent pas moins \u00e0 l'histoire des id\u00e9es en France et sont susceptibles de pr\u00e9senter un int\u00e9r\u00eat scientifique ou historique.\r\nLe sens de notre d\u00e9marche \u00e9ditoriale consiste ainsi \u00e0 permettre l'acc\u00e8s \u00e0 ces oeuvres sans pour autant que nous en cautionnions en aucune fa\u00e7on le contenu.\r\n\r\nPour plus d'informations, rendez-vous sur www.hachettebnf.fr","authors":["Collectif"],"category_codes":["1000000","1060000","1060200"],"visuals":{"large":"https:\/\/images.epagine.fr\/567\/9782012528567_1_75.jpg","medium":"https:\/\/images.epagine.fr\/567\/9782012528567_1_m.jpg","thumbnail":"https:\/\/images.epagine.fr\/567\/9782012528567_1_v.jpg"},"orderable":true,"show_badge":true,"formatted_price":"19,00&nbsp;\u20ac","formatted_published_date":"1er mai 2012","publisher_availability_label":"Sur commande","short_details":"Collectif \u2014 Hachette BNF","translator":null,"weight":286,"page_count":196,"readership":null,"editor":"Hachette BNF","price":1900,"published_date":"2012-04-30T22:00:00.000000Z","support":"Grand format","publisher_availability":1,"stock":0,"editions":[],"url":"https:\/\/quaidesbrumes.com\/ouvrage\/9782012528567\/catalogue-des-livres-rares-et-curieux-composant-la-bibliotheque-champfleury-ed1890"},{"id":"9782013436304","title":"Memoire remis a m. le ministre des affaires etrangeres a l'appui de la reclamation - de m. g. thube-","description":"M\u00e9moire remis \u00e0 M. le ministre des affaires \u00e9trang\u00e8res \u00e0 l'appui de la r\u00e9clamation de M. G. Thub\u00e9-Lourmand, concernant la jouissance exclusive de ses concessions \u00e0 Terre-Neuve, des baies du Vieux-F\u00e9rolle et Sainte-Genevi\u00e8ve (French shore). (Sign\u00e9 : G. Thub\u00e9. [10 juillet 1889.]) Date de l'\u00e9dition originale : 1889 Sujet de l'ouvrage : Terre-Neuve (Canada)France -- Colonies -- Histoire Ce livre est la reproduction fid\u00e8le d'une oeuvre publi\u00e9e avant 1920 et fait partie d'une collection de livres r\u00e9imprim\u00e9s \u00e0 la demande \u00e9dit\u00e9e par Hachette Livre, dans le cadre d'un partenariat avec la Biblioth\u00e8que nationale de France, offrant l'opportunit\u00e9 d'acc\u00e9der \u00e0 des ouvrages anciens et souvent rares issus des fonds patrimoniaux de la BnF.\r\nLes oeuvres faisant partie de cette collection ont \u00e9t\u00e9 num\u00e9ris\u00e9es par la BnF et sont pr\u00e9sentes sur Gallica, sa biblioth\u00e8que num\u00e9rique.\r\n\r\nEn entreprenant de redonner vie \u00e0 ces ouvrages au travers d'une collection de livres r\u00e9imprim\u00e9s \u00e0 la demande, nous leur donnons la possibilit\u00e9 de rencontrer un public \u00e9largi et participons \u00e0 la transmission de connaissances et de savoirs parfois difficilement accessibles.\r\nNous avons cherch\u00e9 \u00e0 concilier la reproduction fid\u00e8le d'un livre ancien \u00e0 partir de sa version num\u00e9ris\u00e9e avec le souci d'un confort de lecture optimal. Nous esp\u00e9rons que les ouvrages de cette nouvelle collection vous apporteront enti\u00e8re satisfaction.\r\n\r\nPour plus d'informations, rendez-vous sur www.hachettebnf.fr http:\/\/gallica.bnf.fr\/ark:\/12148\/bpt6k5804123h\r","authors":["Thube G"],"category_codes":["1000000","1060000","1060200"],"visuals":{"large":"https:\/\/images.epagine.fr\/304\/9782013436304_1_75.jpg","medium":"https:\/\/images.epagine.fr\/304\/9782013436304_1_m.jpg","thumbnail":"https:\/\/images.epagine.fr\/304\/9782013436304_1_v.jpg"},"orderable":true,"show_badge":true,"formatted_price":"9,50&nbsp;\u20ac","formatted_published_date":"1er septembre 2014","publisher_availability_label":"Sur commande","short_details":"Thube G \u2014 Hachette BNF","translator":null,"weight":43,"page_count":null,"readership":null,"editor":"Hachette BNF","price":950,"published_date":"2014-08-31T22:00:00.000000Z","support":"Grand format","publisher_availability":1,"stock":0,"editions":[],"url":"https:\/\/quaidesbrumes.com\/ouvrage\/9782013436304\/memoire-remis-a-m-le-ministre-des-affaires-etrangeres-a-lappui-de-la-reclamation-de-m-g-thube"},{"id":"9782013436311","title":"Memoire sur la propriete fonciere en algerie","description":"M\u00e9moire sur la propri\u00e9t\u00e9 fonci\u00e8re en Alg\u00e9rie Date de l'\u00e9dition originale : 1878 Sujet de l'ouvrage : Alg\u00e9rie (1830-1962)France -- Colonies Ce livre est la reproduction fid\u00e8le d'une oeuvre publi\u00e9e avant 1920 et fait partie d'une collection de livres r\u00e9imprim\u00e9s \u00e0 la demande \u00e9dit\u00e9e par Hachette Livre, dans le cadre d'un partenariat avec la Biblioth\u00e8que nationale de France, offrant l'opportunit\u00e9 d'acc\u00e9der \u00e0 des ouvrages anciens et souvent rares issus des fonds patrimoniaux de la BnF.\r\nLes oeuvres faisant partie de cette collection ont \u00e9t\u00e9 num\u00e9ris\u00e9es par la BnF et sont pr\u00e9sentes sur Gallica, sa biblioth\u00e8que num\u00e9rique.\r\n\r\nEn entreprenant de redonner vie \u00e0 ces ouvrages au travers d'une collection de livres r\u00e9imprim\u00e9s \u00e0 la demande, nous leur donnons la possibilit\u00e9 de rencontrer un public \u00e9largi et participons \u00e0 la transmission de connaissances et de savoirs parfois difficilement accessibles.\r\nNous avons cherch\u00e9 \u00e0 concilier la reproduction fid\u00e8le d'un livre ancien \u00e0 partir de sa version num\u00e9ris\u00e9e avec le souci d'un confort de lecture optimal. Nous esp\u00e9rons que les ouvrages de cette nouvelle collection vous apporteront enti\u00e8re satisfaction.\r\n\r\nPour plus d'informations, rendez-vous sur www.hachettebnf.fr http:\/\/gallica.bnf.fr\/ark:\/12148\/bpt6k5789484r\r","authors":[],"category_codes":["1000000","1060000","1060200"],"visuals":{"large":"https:\/\/images.epagine.fr\/311\/9782013436311_1_75.jpg","medium":"https:\/\/images.epagine.fr\/311\/9782013436311_1_m.jpg","thumbnail":"https:\/\/images.epagine.fr\/311\/9782013436311_1_v.jpg"},"orderable":true,"show_badge":true,"formatted_price":"9,50&nbsp;\u20ac","formatted_published_date":"1er septembre 2014","publisher_availability_label":"Sur commande","short_details":"Hachette BNF","translator":null,"weight":70,"page_count":null,"readership":null,"editor":"Hachette BNF","price":950,"published_date":"2014-08-31T22:00:00.000000Z","support":"Grand format","publisher_availability":1,"stock":0,"editions":[],"url":"https:\/\/quaidesbrumes.com\/ouvrage\/9782013436311\/memoire-sur-la-propriete-fonciere-en-algerie"},{"id":"9782738414519","title":"Histoire d'un militaire peu ordinaire ; fragments du si\u00e8cle","description":null,"authors":["Pierre Favre"],"category_codes":["1000000","1060000","1060100"],"visuals":{"large":"https:\/\/images.epagine.fr\/519\/9782738414519_1_75.jpg","medium":"https:\/\/images.epagine.fr\/519\/9782738414519_1_m.jpg","thumbnail":"https:\/\/images.epagine.fr\/519\/9782738414519_1_v.jpg"},"orderable":true,"show_badge":true,"formatted_price":"27,00&nbsp;\u20ac","formatted_published_date":"15 d\u00e9cembre 1992","publisher_availability_label":"Sur commande","short_details":"Pierre Favre \u2014 \u00c9ditions L'Harmattan","translator":null,"weight":336,"page_count":null,"readership":null,"editor":"\u00c9ditions L'Harmattan","price":2700,"published_date":"1992-12-14T23:00:00.000000Z","support":"Grand format","publisher_availability":1,"stock":0,"editions":[],"url":"https:\/\/quaidesbrumes.com\/ouvrage\/9782738414519\/histoire-dun-militaire-peu-ordinaire-fragments-du-siecle"},{"id":"9782738417343","title":"D\u00e9ontologie administrative en Afrique","description":null,"authors":["Hongla-Momha"],"category_codes":["1000000","1060000","1060300"],"visuals":{"large":"https:\/\/images.epagine.fr\/343\/9782738417343_1_75.jpg","medium":"https:\/\/images.epagine.fr\/343\/9782738417343_1_m.jpg","thumbnail":"https:\/\/images.epagine.fr\/343\/9782738417343_1_v.jpg"},"orderable":true,"show_badge":true,"formatted_price":"19,00&nbsp;\u20ac","formatted_published_date":"3 mai 2000","publisher_availability_label":"Sur commande","short_details":"Hongla-Momha \u2014 \u00c9ditions L'Harmattan","translator":null,"weight":256,"page_count":null,"readership":null,"editor":"\u00c9ditions L'Harmattan","price":1900,"published_date":"2000-05-02T22:00:00.000000Z","support":"Grand format","publisher_availability":1,"stock":0,"editions":[],"url":"https:\/\/quaidesbrumes.com\/ouvrage\/9782738417343\/deontologie-administrative-en-afrique"},{"id":"9782738417374","title":"De la modernit\u00e9 paysanne en Afrique noire ; le S\u00e9n\u00e9gal","description":null,"authors":["Babacar Sall"],"category_codes":["1000000","1060000","1060300"],"visuals":{"large":"https:\/\/images.epagine.fr\/374\/9782738417374_1_75.jpg","medium":"https:\/\/images.epagine.fr\/374\/9782738417374_1_m.jpg","thumbnail":"https:\/\/images.epagine.fr\/374\/9782738417374_1_v.jpg"},"orderable":true,"show_badge":true,"formatted_price":"22,50&nbsp;\u20ac","formatted_published_date":"3 mai 2000","publisher_availability_label":"Sur commande","short_details":"Babacar Sall \u2014 \u00c9ditions L'Harmattan","translator":null,"weight":356,"page_count":253,"readership":null,"editor":"\u00c9ditions L'Harmattan","price":2250,"published_date":"2000-05-02T22:00:00.000000Z","support":"Grand format","publisher_availability":1,"stock":0,"editions":[],"url":"https:\/\/quaidesbrumes.com\/ouvrage\/9782738417374\/de-la-modernite-paysanne-en-afrique-noire-le-senegal"},{"id":"9782738418241","title":"Fais pas la grimace \u00e0 Dieu","description":null,"authors":["Henri Brunel"],"category_codes":["1000000","1060000","1060100"],"visuals":{"large":"https:\/\/images.epagine.fr\/241\/9782738418241_1_75.jpg","medium":"https:\/\/images.epagine.fr\/241\/9782738418241_1_m.jpg","thumbnail":"https:\/\/images.epagine.fr\/241\/9782738418241_1_v.jpg"},"orderable":true,"show_badge":true,"formatted_price":"15,50&nbsp;\u20ac","formatted_published_date":"20 mars 1993","publisher_availability_label":"Sur commande","short_details":"Henri Brunel \u2014 \u00c9ditions L'Harmattan","translator":null,"weight":212,"page_count":172,"readership":null,"editor":"\u00c9ditions L'Harmattan","price":1550,"published_date":"1993-03-19T23:00:00.000000Z","support":"Grand format","publisher_availability":1,"stock":0,"editions":[],"url":"https:\/\/quaidesbrumes.com\/ouvrage\/9782738418241\/fais-pas-la-grimace-a-dieu"},{"id":"9782738420046","title":"Pour un espace de loisirs diff\u00e9rent","description":null,"authors":["Marc Chesnel"],"category_codes":["1000000","1060000","1060300"],"visuals":{"large":"https:\/\/images.epagine.fr\/046\/9782738420046_1_75.jpg","medium":"https:\/\/images.epagine.fr\/046\/9782738420046_1_m.jpg","thumbnail":"https:\/\/images.epagine.fr\/046\/9782738420046_1_v.jpg"},"orderable":true,"show_badge":true,"formatted_price":"26,00&nbsp;\u20ac","formatted_published_date":"3 mai 2000","publisher_availability_label":"Sur commande","short_details":"Marc Chesnel \u2014 \u00c9ditions L'Harmattan","translator":null,"weight":420,"page_count":null,"readership":null,"editor":"\u00c9ditions L'Harmattan","price":2600,"published_date":"2000-05-02T22:00:00.000000Z","support":"Grand format","publisher_availability":1,"stock":0,"editions":[],"url":"https:\/\/quaidesbrumes.com\/ouvrage\/9782738420046\/pour-un-espace-de-loisirs-different"},{"id":"9782738420534","title":"L'orientation professionnelleen en Allemagne et en France","description":null,"authors":["Henri Eckert"],"category_codes":["1000000","1060000","1060300"],"visuals":{"large":"https:\/\/images.epagine.fr\/534\/9782738420534_1_75.jpg","medium":"https:\/\/images.epagine.fr\/534\/9782738420534_1_m.jpg","thumbnail":"https:\/\/images.epagine.fr\/534\/9782738420534_1_v.jpg"},"orderable":true,"show_badge":true,"formatted_price":"27,50&nbsp;\u20ac","formatted_published_date":"3 mai 2000","publisher_availability_label":"Sur commande","short_details":"Henri Eckert \u2014 \u00c9ditions L'Harmattan","translator":null,"weight":380,"page_count":310,"readership":null,"editor":"\u00c9ditions L'Harmattan","price":2750,"published_date":"2000-05-02T22:00:00.000000Z","support":"Grand format","publisher_availability":1,"stock":0,"editions":[],"url":"https:\/\/quaidesbrumes.com\/ouvrage\/9782738420534\/lorientation-professionnelleen-en-allemagne-et-en-france"},{"id":"9782878674606","title":"Les voleurs de soleil","description":null,"authors":["Maurice Brunetti"],"category_codes":["1000000","1060000","1060100"],"visuals":{"large":"https:\/\/quaidesbrumes.com\/img\/book-placeholder.png","medium":"https:\/\/quaidesbrumes.com\/img\/book-placeholder.png","thumbnail":"https:\/\/quaidesbrumes.com\/img\/book-placeholder.png"},"orderable":true,"show_badge":true,"formatted_price":"22,00&nbsp;\u20ac","formatted_published_date":"15 avril 2003","publisher_availability_label":"Sur commande","short_details":"Maurice Brunetti \u2014 Presses Du Midi","translator":null,"weight":350,"page_count":null,"readership":null,"editor":"Presses Du Midi","price":2200,"published_date":"2003-04-14T22:00:00.000000Z","support":"Grand format","publisher_availability":1,"stock":0,"editions":[],"url":"https:\/\/quaidesbrumes.com\/ouvrage\/9782878674606\/les-voleurs-de-soleil"},{"id":"9782738422026","title":"L'\u00e9migration r\u00e9unionnaise en France","description":null,"authors":["Albert Weber"],"category_codes":["1000000","1060000","1060300"],"visuals":{"large":"https:\/\/images.epagine.fr\/026\/9782738422026_1_75.jpg","medium":"https:\/\/images.epagine.fr\/026\/9782738422026_1_m.jpg","thumbnail":"https:\/\/images.epagine.fr\/026\/9782738422026_1_v.jpg"},"orderable":true,"show_badge":true,"formatted_price":"41,50&nbsp;\u20ac","formatted_published_date":"3 mai 2000","publisher_availability_label":"Sur commande","short_details":"Albert Weber \u2014 \u00c9ditions L'Harmattan","translator":null,"weight":620,"page_count":446,"readership":null,"editor":"\u00c9ditions L'Harmattan","price":4150,"published_date":"2000-05-02T22:00:00.000000Z","support":"Grand format","publisher_availability":1,"stock":0,"editions":[],"url":"https:\/\/quaidesbrumes.com\/ouvrage\/9782738422026\/lemigration-reunionnaise-en-france"},{"id":"9782738423115","title":"L'homme et la soci\u00e9t\u00e9 : la culture otage du d\u00e9veloppement ?","description":"La culture fut d'abord consid\u00e9r\u00e9e comme un  obstacle au d\u00e9veloppement . Puis, inversement, on critiqua le d\u00e9veloppement au nom de la diversit\u00e9 culturelle. Aujourd'hui, apr\u00e8s avoir alternativement privil\u00e9gi\u00e9 l'un et l'autre terme, certains croient pouvoir r\u00e9soudre le dilemme en forgeant les expressions  d\u00e9veloppement culturel  ou  dimension culturelle du d\u00e9veloppement . Et si la culture, mise au service du d\u00e9veloppement, en \u00e9tait devenue l'otage ? Comment s'organisent ces rapports conflictuels - abstraitement d\u00e9finis - dans les pratiques quotidiennes ? Les auteurs, qui se consacrent depuis longtemps \u00e0 l'\u00e9tude des effets culturels du d\u00e9veloppement, relancent le d\u00e9bat de mani\u00e8re originale, en faisant alterner les apports th\u00e9oriques et les cas concrets, dans une perspective critique qui tient compte de la complexit\u00e9 sociale.","authors":["Gilbert Rist"],"category_codes":["1000000","1060000","1060300"],"visuals":{"large":"https:\/\/images.epagine.fr\/115\/9782738423115_1_75.jpg","medium":"https:\/\/images.epagine.fr\/115\/9782738423115_1_m.jpg","thumbnail":"https:\/\/images.epagine.fr\/115\/9782738423115_1_v.jpg"},"orderable":true,"show_badge":true,"formatted_price":"21,00&nbsp;\u20ac","formatted_published_date":"3 mai 2000","publisher_availability_label":"Sur commande","short_details":"Gilbert Rist \u2014 \u00c9ditions L'Harmattan","translator":null,"weight":268,"page_count":192,"readership":null,"editor":"\u00c9ditions L'Harmattan","price":2100,"published_date":"2000-05-02T22:00:00.000000Z","support":"Grand format","publisher_availability":1,"stock":0,"editions":[],"url":"https:\/\/quaidesbrumes.com\/ouvrage\/9782738423115\/lhomme-et-la-societe-la-culture-otage-du-developpement"},{"id":"9782716506601","title":"Un merveilleux voyage de Mademoiselle de Mortemart ; le journal d'une enfant pendant l\u00e9t\u00e9 1769","description":"\r\n            paris, metz, nancy, strasbourg, besan\u00e7on.\r\n dans le carrosse qui, le 16 mai 1769, vient la chercher \u00e0 la fin de ses vacances, un p\u00e9riple inattendu attend\r\nvicturnienne de mortemart, dans la fra\u00eecheur de ses\r\ndix ans.  au lieu de la renvoyer au couvent parisien\r\nqu'elle fr\u00e9quente pour son \u00e9ducation, ses parents, issus de la noblesse d'\u00e9p\u00e9e parisienne, l'emm\u00e8nent en voyage dans l'est de la france, afin de rendre visite \u00e0 ses fr\u00e8res, \u00e9l\u00e8ves \u00e0 l'ecole d'artillerie de strasbourg.\r\n avec l'aide de ses parents et d'un pr\u00e9cepteur, elle r\u00e9dige le r\u00e9cit de ce circuit de trois mois \u00e0 travers la champagne, la lorraine, l'alsace, les vosges et la franche-comt\u00e9.  d\u00e9crivant en d\u00e9tail toutes ses visites, la jeune voyageuse s'\u00e9merveille de ce qu'elle voit - citadelles et ch\u00e2teaux, manufactures et machines, parades et exercices militaires, curiosit\u00e9s naturelles, f\u00eates, d\u00eeners et bals, mani\u00e8res de vivre qui la confrontent pour la premi\u00e8re fois au sentiment de l'alt\u00e9rit\u00e9.\r\n a mi-chemin du carnet de voyage et du cahier d'\u00e9coli\u00e8re, ce r\u00e9cit offre un pr\u00e9cieux document historique sur les codes du voyage \u00e9ducatif et mondain au xviiie si\u00e8cle.  mademoiselle de mortemart se familiarise avec les impressions et les \u00e9motions que l'on attend d'une jeune fille au si\u00e8cle des lumi\u00e8res, au coeur d'une france en pleine m\u00e9tamorphose, qui vit les derni\u00e8res heures de l'ancien r\u00e9gime. \r\n        \r","authors":["La\u00ebtitia Gigault"],"category_codes":["1000000","1060000","1060200"],"visuals":{"large":"https:\/\/images.epagine.fr\/601\/9782716506601_1_75.jpg","medium":"https:\/\/images.epagine.fr\/601\/9782716506601_1_m.jpg","thumbnail":"https:\/\/images.epagine.fr\/601\/9782716506601_1_v.jpg"},"orderable":true,"show_badge":true,"formatted_price":"17,00&nbsp;\u20ac","formatted_published_date":"8 f\u00e9vrier 2006","publisher_availability_label":"Sur commande","short_details":"La\u00ebtitia Gigault \u2014 La Nu\u00e9e Bleue","translator":null,"weight":250,"page_count":192,"readership":null,"editor":"La Nu\u00e9e Bleue","price":1700,"published_date":"2006-02-07T23:00:00.000000Z","support":"Grand format","publisher_availability":1,"stock":0,"editions":[],"url":"https:\/\/quaidesbrumes.com\/ouvrage\/9782716506601\/un-merveilleux-voyage-de-mademoiselle-de-mortemart-le-journal-dune-enfant-pendant-lete-1769"},{"id":"9782738449887","title":"Bou-bou","description":null,"authors":["Henri Keller"],"category_codes":["9000000","9120000","9120200"],"visuals":{"large":"https:\/\/images.epagine.fr\/887\/9782738449887_1_75.jpg","medium":"https:\/\/images.epagine.fr\/887\/9782738449887_1_m.jpg","thumbnail":"https:\/\/images.epagine.fr\/887\/9782738449887_1_v.jpg"},"orderable":true,"show_badge":true,"formatted_price":"15,50&nbsp;\u20ac","formatted_published_date":"1er janvier 1997","publisher_availability_label":"Sur commande","short_details":"Henri Keller \u2014 \u00c9ditions L'Harmattan","translator":null,"weight":240,"page_count":184,"readership":null,"editor":"\u00c9ditions L'Harmattan","price":1550,"published_date":"1996-12-31T23:00:00.000000Z","support":"Grand format","publisher_availability":1,"stock":0,"editions":[],"url":"https:\/\/quaidesbrumes.com\/ouvrage\/9782738449887\/bou-bou"},{"id":"9782738452023","title":"Les tribulations d'un resistantauvergnat ordinaire","description":null,"authors":["Jean Sanitas"],"category_codes":["1000000","1060000","1060100"],"visuals":{"large":"https:\/\/images.epagine.fr\/023\/9782738452023_1_75.jpg","medium":"https:\/\/images.epagine.fr\/023\/9782738452023_1_m.jpg","thumbnail":"https:\/\/images.epagine.fr\/023\/9782738452023_1_v.jpg"},"orderable":true,"show_badge":true,"formatted_price":"14,50&nbsp;\u20ac","formatted_published_date":"27 mai 1997","publisher_availability_label":"Sur commande","short_details":"Jean Sanitas \u2014 \u00c9ditions L'Harmattan","translator":null,"weight":214,"page_count":126,"readership":null,"editor":"\u00c9ditions L'Harmattan","price":1450,"published_date":"1997-05-26T22:00:00.000000Z","support":"Grand format","publisher_availability":1,"stock":0,"editions":[],"url":"https:\/\/quaidesbrumes.com\/ouvrage\/9782738452023\/les-tribulations-dun-resistantauvergnat-ordinaire"},{"id":"9782878676105","title":"La marche a l etoile","description":null,"authors":["Clotilde de Valmente"],"category_codes":["1000000","1060000","1060200"],"visuals":{"large":"https:\/\/quaidesbrumes.com\/img\/book-placeholder.png","medium":"https:\/\/quaidesbrumes.com\/img\/book-placeholder.png","thumbnail":"https:\/\/quaidesbrumes.com\/img\/book-placeholder.png"},"orderable":true,"show_badge":true,"formatted_price":"22,00&nbsp;\u20ac","formatted_published_date":"23 mai 2005","publisher_availability_label":"Sur commande","short_details":"Clotilde de Valmente \u2014 Presses Du Midi","translator":null,"weight":334,"page_count":null,"readership":null,"editor":"Presses Du Midi","price":2200,"published_date":"2005-05-22T22:00:00.000000Z","support":"Grand format","publisher_availability":1,"stock":0,"editions":[],"url":"https:\/\/quaidesbrumes.com\/ouvrage\/9782878676105\/la-marche-a-l-etoile"},{"id":"9782738474865","title":"Enfin rompue la cha\u00eene de  la mort...premi\u00e8re gr\u00e8ve de la faim au monde pour une autre t\u00e9l\u00e9vision. Journal de bord...","description":"45 jours de gr\u00e8ve de la faim de la cin\u00e9aste Maria KOLEVA pour que des films libres et ind\u00e9pendants, en fran\u00e7ais, puissent passer \u00e0 la t\u00e9l\u00e9vision. Le livre refl\u00e8te l'\u00e9tat des consciences \u00e0 Paris. Ce que le monde entier ignore : la France est pleine de gens exceptionnels. Ce livre est pour eux ! Mais aussi parce que depuis la fin de la gr\u00e8ve, le 1er d\u00e9cembre 1989, rien n'a chang\u00e9 \u00e0 Paris, dans ce domaine\r","authors":["Maria Koleva"],"category_codes":["1000000","1060000","1060300"],"visuals":{"large":"https:\/\/images.epagine.fr\/865\/9782738474865_1_75.jpg","medium":"https:\/\/images.epagine.fr\/865\/9782738474865_1_m.jpg","thumbnail":"https:\/\/images.epagine.fr\/865\/9782738474865_1_v.jpg"},"orderable":true,"show_badge":true,"formatted_price":"21,00&nbsp;\u20ac","formatted_published_date":"15 janvier 1999","publisher_availability_label":"Sur commande","short_details":"Maria Koleva \u2014 \u00c9ditions L'Harmattan","translator":null,"weight":358,"page_count":null,"readership":null,"editor":"\u00c9ditions L'Harmattan","price":2100,"published_date":"1999-01-14T23:00:00.000000Z","support":"Grand format","publisher_availability":1,"stock":0,"editions":[],"url":"https:\/\/quaidesbrumes.com\/ouvrage\/9782738474865\/enfin-rompue-la-chaine-de-la-mortpremiere-greve-de-la-faim-au-monde-pour-une-autre-television-journal-de-bord"}]}