{"data":[{"id":"9782738474155","title":"Commerce caravanier et relations sociales au B\u00e9nin ; les Wangara du Borgou","description":"Le Borgou a \u00e9t\u00e9 tr\u00e8s t\u00f4t travers\u00e9 par les pistes du commerce ouest-africain de longue distance. A partir des histoires de famille de commer\u00e7ants et des traditions orales des griots confront\u00e9es aux sources \u00e9crites concernant l'Afrique occidentale, l'auteur retrace les migrations des Wangara, marchands de l'or, du sel, de la kola et des esclaves, et la mani\u00e8re dont s'est construite leur identit\u00e9 collective.","authors":["Denise Br\u00e9gand"],"category_codes":["1000000","1060000","1060300"],"visuals":{"large":"https:\/\/images.epagine.fr\/155\/9782738474155_1_75.jpg","medium":"https:\/\/images.epagine.fr\/155\/9782738474155_1_m.jpg","thumbnail":"https:\/\/images.epagine.fr\/155\/9782738474155_1_v.jpg"},"orderable":true,"show_badge":true,"formatted_price":"24,00&nbsp;\u20ac","formatted_published_date":"3 mai 2000","publisher_availability_label":"Sur commande","short_details":"Denise Br\u00e9gand \u2014 \u00c9ditions L'Harmattan","translator":null,"weight":336,"page_count":272,"readership":null,"editor":"\u00c9ditions L'Harmattan","price":2400,"published_date":"2000-05-02T22:00:00.000000Z","support":"Grand format","publisher_availability":1,"stock":0,"editions":[],"url":"https:\/\/quaidesbrumes.com\/ouvrage\/9782738474155\/commerce-caravanier-et-relations-sociales-au-benin-les-wangara-du-borgou"},{"id":"9782738474674","title":"Amadou hamp\u00e2t\u00e9 B\u00e2 et l'africanisme","description":"La pr\u00e9sente \u00e9tude propose une r\u00e9flexion sur la probl\u00e9matique du savoir dans l'oeuvre de l'\u00e9crivain malien Amadou Hamp\u00e2t\u00e9 B\u00e2 en suivant essentiellement le cheminement qui a conduit \u00e0 l'\u00e9laboration d'une oeuvre consid\u00e9r\u00e9e aujourd'hui \u00e0 juste titre comme une oeuvre majeure de la litt\u00e9rature africaine.\r\nLe projet scientifique d'Amadou Hamp\u00e2t\u00e9 B\u00e2 s'inscrit au d\u00e9part dans une confrontation avec l'africanisme fran\u00e7ais dont Kusum Aggarwal analyse dans un premier temps les caract\u00e8res principaux, les ambitions, le cadre institutionnel. A l'encontre de ce qui a souvent \u00e9t\u00e9 affirm\u00e9, elle montre en particulier, \u00e0 travers le cas de Delafosse et de Griaule, que l'africanisme demeure, en d\u00e9finitive, peu subordonn\u00e9 aux imp\u00e9ratifs de la politique coloniale.\r\nEn revanche l'Africain n'est gu\u00e8re associ\u00e9 \u00e0 la production de ce savoir que l'Europe construit sur l'Afrique : il est r\u00e9duit ou r\u00f4le d'auxiliaire de la science, d'\" informateur \" du savant occidental, comme le fut Hamp\u00e2t\u00e9 B\u00e2 \u00e0 ses d\u00e9buts \u00e0 l'IFAN. C'est pourquoi l'oeuvre d'Amadou Hamp\u00e2t\u00e9 est si fascinante. Elle ne se signale pas seulement par la richesse de la vision qu'elle donne de l'Afrique. Elle est aussi ce parcours \u00e0 travers lequel Amadou Hamp\u00e2t\u00e9 B\u00e2 \u00e9chappe progressivement au statut d'auxiliaire de la science europ\u00e9enne pour exercer pleinement la fonction auctoriale, parlant enfin en son seul nom.","authors":["Kusum Aggarwal"],"category_codes":["1000000","1060000","1060300"],"visuals":{"large":"https:\/\/images.epagine.fr\/674\/9782738474674_1_75.jpg","medium":"https:\/\/images.epagine.fr\/674\/9782738474674_1_m.jpg","thumbnail":"https:\/\/images.epagine.fr\/674\/9782738474674_1_v.jpg"},"orderable":true,"show_badge":true,"formatted_price":"24,00&nbsp;\u20ac","formatted_published_date":"3 mai 2000","publisher_availability_label":"Sur commande","short_details":"Kusum Aggarwal \u2014 \u00c9ditions L'Harmattan","translator":null,"weight":434,"page_count":264,"readership":null,"editor":"\u00c9ditions L'Harmattan","price":2400,"published_date":"2000-05-02T22:00:00.000000Z","support":"Grand format","publisher_availability":1,"stock":0,"editions":[],"url":"https:\/\/quaidesbrumes.com\/ouvrage\/9782738474674\/amadou-hampate-ba-et-lafricanisme"},{"id":"9782738474698","title":"Villes nouvelles et villes traditionnelles ; une comparaison internationale","description":"La cr\u00e9ation des villes nouvelles modernes a \u00e9t\u00e9 une des innovations urbaines marquantes du XXe si\u00e8cle, largement diffus\u00e9e en Europe apr\u00e8s la Seconde guerre, \u00e0 l'Est comme \u00e0 l'Ouest. Cet ouvrage repose sur une double comparaison. D'une part entre des pays diff\u00e9renci\u00e9s de 1950 \u00e0 1990 par leur tradition urbaine, par leur organisation \u00e9conomique ; d'autre part entre des villes nouvelles et des villes traditionnelles au sens o\u00f9 leur d\u00e9veloppement a \u00e9t\u00e9 et reste classique.","authors":["Nicole Haumont","Bohdan Jalowiecki","Moira Munro","Vikt\u00f3ria Szirmai"],"category_codes":["1000000","1060000","1060300"],"visuals":{"large":"https:\/\/images.epagine.fr\/698\/9782738474698_1_75.jpg","medium":"https:\/\/images.epagine.fr\/698\/9782738474698_1_m.jpg","thumbnail":"https:\/\/images.epagine.fr\/698\/9782738474698_1_v.jpg"},"orderable":true,"show_badge":true,"formatted_price":"33,00&nbsp;\u20ac","formatted_published_date":"3 mai 2000","publisher_availability_label":"Sur commande","short_details":"Nicole Haumont, Bohdan Jalowiecki, Moira Munro, Vikt\u00f3ria Szirmai \u2014 \u00c9ditions L'Harmattan","translator":null,"weight":576,"page_count":352,"readership":null,"editor":"\u00c9ditions L'Harmattan","price":3300,"published_date":"2000-05-02T22:00:00.000000Z","support":"Grand format","publisher_availability":1,"stock":0,"editions":[],"url":"https:\/\/quaidesbrumes.com\/ouvrage\/9782738474698\/villes-nouvelles-et-villes-traditionnelles-une-comparaison-internationale"},{"id":"9782013436281","title":"Memoire presente a m. le sous-secretaire d'etat des colonies a l'occasion du cyclone - de la martini","description":"M\u00e9moire pr\u00e9sent\u00e9 \u00e0 M. le sous-secr\u00e9taire d'\u00e9tat des colonies \u00e0 l'occasion du cyclone de la Martinique . (Sign\u00e9 : Dr O. Duquesnay, rapporteur.) Date de l'\u00e9dition originale : 1891 Sujet de l'ouvrage : MartiniqueFrance -- Colonies -- Histoire Ce livre est la reproduction fid\u00e8le d'une oeuvre publi\u00e9e avant 1920 et fait partie d'une collection de livres r\u00e9imprim\u00e9s \u00e0 la demande \u00e9dit\u00e9e par Hachette Livre, dans le cadre d'un partenariat avec la Biblioth\u00e8que nationale de France, offrant l'opportunit\u00e9 d'acc\u00e9der \u00e0 des ouvrages anciens et souvent rares issus des fonds patrimoniaux de la BnF.\r\nLes oeuvres faisant partie de cette collection ont \u00e9t\u00e9 num\u00e9ris\u00e9es par la BnF et sont pr\u00e9sentes sur Gallica, sa biblioth\u00e8que num\u00e9rique.\r\n\r\nEn entreprenant de redonner vie \u00e0 ces ouvrages au travers d'une collection de livres r\u00e9imprim\u00e9s \u00e0 la demande, nous leur donnons la possibilit\u00e9 de rencontrer un public \u00e9largi et participons \u00e0 la transmission de connaissances et de savoirs parfois difficilement accessibles.\r\nNous avons cherch\u00e9 \u00e0 concilier la reproduction fid\u00e8le d'un livre ancien \u00e0 partir de sa version num\u00e9ris\u00e9e avec le souci d'un confort de lecture optimal. Nous esp\u00e9rons que les ouvrages de cette nouvelle collection vous apporteront enti\u00e8re satisfaction.\r\n\r\nPour plus d'informations, rendez-vous sur www.hachettebnf.fr http:\/\/gallica.bnf.fr\/ark:\/12148\/bpt6k57856186","authors":["Duquesnay O."],"category_codes":["1000000","1060000","1060200"],"visuals":{"large":"https:\/\/images.epagine.fr\/281\/9782013436281_1_75.jpg","medium":"https:\/\/images.epagine.fr\/281\/9782013436281_1_m.jpg","thumbnail":"https:\/\/images.epagine.fr\/281\/9782013436281_1_v.jpg"},"orderable":true,"show_badge":true,"formatted_price":"9,50&nbsp;\u20ac","formatted_published_date":"1er septembre 2014","publisher_availability_label":"Sur commande","short_details":"Duquesnay O. \u2014 Hachette BNF","translator":null,"weight":73,"page_count":null,"readership":null,"editor":"Hachette BNF","price":950,"published_date":"2014-08-31T22:00:00.000000Z","support":"Grand format","publisher_availability":1,"stock":0,"editions":[],"url":"https:\/\/quaidesbrumes.com\/ouvrage\/9782013436281\/memoire-presente-a-m-le-sous-secretaire-detat-des-colonies-a-loccasion-du-cyclone-de-la-martini"},{"id":"9782738476678","title":"Rock et politique ; censure, opposition, int\u00e9gration","description":"En mai 1985, au moment o\u00f9 la nouvelle droite s'impose aux \u00c9tats-Unis, des femmes de politiciens am\u00e9ricains tr\u00e8s influents cr\u00e9ent le Parents'Music Resource Center (PMRC) afin de mettre un terme \u00e0 une forme de rock qu'elles jugent outranci\u00e8re. Tel est le point de d\u00e9part de cet ouvrage. Restitu\u00e9 dans un contexte plus g\u00e9n\u00e9ral, il traite des relations entre le rock et la politique.","authors":["Anne Benetollo"],"category_codes":["1000000","1060000","1060300"],"visuals":{"large":"https:\/\/images.epagine.fr\/678\/9782738476678_1_75.jpg","medium":"https:\/\/images.epagine.fr\/678\/9782738476678_1_m.jpg","thumbnail":"https:\/\/images.epagine.fr\/678\/9782738476678_1_v.jpg"},"orderable":true,"show_badge":true,"formatted_price":"26,00&nbsp;\u20ac","formatted_published_date":"3 mai 2000","publisher_availability_label":"Sur commande","short_details":"Anne Benetollo \u2014 \u00c9ditions L'Harmattan","translator":null,"weight":356,"page_count":288,"readership":null,"editor":"\u00c9ditions L'Harmattan","price":2600,"published_date":"2000-05-02T22:00:00.000000Z","support":"Grand format","publisher_availability":1,"stock":0,"editions":[],"url":"https:\/\/quaidesbrumes.com\/ouvrage\/9782738476678\/rock-et-politique-censure-opposition-integration"},{"id":"9782012528529","title":"Catalogue des livres de la biblioth\u00e8que de feu Chr\u00e9tien-Guillaume Lamoignon-Malesherbes (\u00c9d.1797)","description":"Catalogue des livres de la biblioth\u00e8que de feu Chr\u00e9tien-Guillaume Lamoignon-Malesherbes, dispos\u00e9 par Jean-Luc Nyon...\r\nDate de l'\u00e9dition originale : 1797\r\n[Vente (Livres). 1797-05-01. Paris][Collection (Livres). Malesherbes, Chr\u00e9tien-Guillaume de Lamoignon de (1721-1794). 1797]\r\n\r\nLe pr\u00e9sent ouvrage s'inscrit dans une politique de conservation patrimoniale des ouvrages de la litt\u00e9rature Fran\u00e7aise mise en place avec la BNF.\r\nHACHETTE LIVRE et la BNF proposent ainsi un catalogue de titres indisponibles, la BNF ayant num\u00e9ris\u00e9 ces oeuvres et HACHETTE LIVRE les imprimant \u00e0 la demande.\r\nCertains de ces ouvrages refl\u00e8tent des courants de pens\u00e9e caract\u00e9ristiques de leur \u00e9poque, mais qui seraient aujourd'hui jug\u00e9s condamnables.\r\nIls n'en appartiennent pas moins \u00e0 l'histoire des id\u00e9es en France et sont susceptibles de pr\u00e9senter un int\u00e9r\u00eat scientifique ou historique.\r\nLe sens de notre d\u00e9marche \u00e9ditoriale consiste ainsi \u00e0 permettre l'acc\u00e8s \u00e0 ces oeuvres sans pour autant que nous en cautionnions en aucune fa\u00e7on le contenu.\r\n\r\nPour plus d'informations, rendez-vous sur www.hachettebnf.fr","authors":["Nyon Jean-Luc"],"category_codes":["1000000","1060000","1060200"],"visuals":{"large":"https:\/\/images.epagine.fr\/529\/9782012528529_1_75.jpg","medium":"https:\/\/images.epagine.fr\/529\/9782012528529_1_m.jpg","thumbnail":"https:\/\/images.epagine.fr\/529\/9782012528529_1_v.jpg"},"orderable":true,"show_badge":true,"formatted_price":"31,50&nbsp;\u20ac","formatted_published_date":"1er juin 2012","publisher_availability_label":"Sur commande","short_details":"Nyon Jean-Luc \u2014 Hachette BNF","translator":null,"weight":714,"page_count":512,"readership":null,"editor":"Hachette BNF","price":3150,"published_date":"2012-05-31T22:00:00.000000Z","support":"Grand format","publisher_availability":1,"stock":0,"editions":[],"url":"https:\/\/quaidesbrumes.com\/ouvrage\/9782012528529\/catalogue-des-livres-de-la-bibliotheque-de-feu-chretien-guillaume-lamoignon-malesherbes-ed1797"},{"id":"9782013465335","title":"Eloge d'agnes sorel, surnommee la belle agnes","description":"\u00c9loge d'Agn\u00e8s Sorel, surnomm\u00e9e la Belle Agn\u00e8s, lu \u00e0 la Soci\u00e9t\u00e9 d'\u00e9mulation de Bourg-en-Bresse, le 23 septembre 1785, par M. Riboud,...\r\nDate de l'\u00e9dition originale : 1785 Ce livre est la reproduction fid\u00e8le d'une oeuvre publi\u00e9e avant 1920 et fait partie d'une collection de livres r\u00e9imprim\u00e9s \u00e0 la demande \u00e9dit\u00e9e par Hachette Livre, dans le cadre d'un partenariat avec la Biblioth\u00e8que nationale de France, offrant l'opportunit\u00e9 d'acc\u00e9der \u00e0 des ouvrages anciens et souvent rares issus des fonds patrimoniaux de la BnF.\r\nLes oeuvres faisant partie de cette collection ont \u00e9t\u00e9 num\u00e9ris\u00e9es par la BnF et sont pr\u00e9sentes sur Gallica, sa biblioth\u00e8que num\u00e9rique.\r\n\r\nEn entreprenant de redonner vie \u00e0 ces ouvrages au travers d'une collection de livres r\u00e9imprim\u00e9s \u00e0 la demande, nous leur donnons la possibilit\u00e9 de rencontrer un public \u00e9largi et participons \u00e0 la transmission de connaissances et de savoirs parfois difficilement accessibles.\r\nNous avons cherch\u00e9 \u00e0 concilier la reproduction fid\u00e8le d'un livre ancien \u00e0 partir de sa version num\u00e9ris\u00e9e avec le souci d'un confort de lecture optimal. Nous esp\u00e9rons que les ouvrages de cette nouvelle collection vous apporteront enti\u00e8re satisfaction.\r\n\r\nPour plus d'informations, rendez-vous sur www.hachettebnf.fr","authors":["Riboud T-P."],"category_codes":["1000000","1060000","1060200"],"visuals":{"large":"https:\/\/images.epagine.fr\/335\/9782013465335_1_75.jpg","medium":"https:\/\/images.epagine.fr\/335\/9782013465335_1_m.jpg","thumbnail":"https:\/\/images.epagine.fr\/335\/9782013465335_1_v.jpg"},"orderable":true,"show_badge":true,"formatted_price":"9,50&nbsp;\u20ac","formatted_published_date":"1er octobre 2014","publisher_availability_label":"Sur commande","short_details":"Riboud T-P. \u2014 Hachette BNF","translator":null,"weight":78,"page_count":null,"readership":null,"editor":"Hachette BNF","price":950,"published_date":"2014-09-30T22:00:00.000000Z","support":"Grand format","publisher_availability":1,"stock":0,"editions":[],"url":"https:\/\/quaidesbrumes.com\/ouvrage\/9782013465335\/eloge-dagnes-sorel-surnommee-la-belle-agnes"},{"id":"9782730702775","title":"Occident medieval histoire economique","description":null,"authors":["Henri Pirenne"],"category_codes":["1000000","1060000","1060200"],"visuals":{"large":"https:\/\/quaidesbrumes.com\/img\/book-placeholder.png","medium":"https:\/\/quaidesbrumes.com\/img\/book-placeholder.png","thumbnail":"https:\/\/quaidesbrumes.com\/img\/book-placeholder.png"},"orderable":true,"show_badge":true,"formatted_price":"33,55&nbsp;\u20ac","formatted_published_date":"1er d\u00e9cembre 2004","publisher_availability_label":"Sur commande","short_details":"Henri Pirenne \u2014 \u00c9ditions L'Harmattan","translator":null,"weight":604,"page_count":null,"readership":null,"editor":"\u00c9ditions L'Harmattan","price":3355,"published_date":"2004-11-30T23:00:00.000000Z","support":"Grand format","publisher_availability":1,"stock":0,"editions":[],"url":"https:\/\/quaidesbrumes.com\/ouvrage\/9782730702775\/occident-medieval-histoire-economique"},{"id":"9782702135648","title":"X bis, un Juif \u00e0 l'Ecole polytechnique ; m\u00e9moires, 1939-1945","description":"Etre un \u00e9l\u00e8ve juif \u00e0 la prestigieuse \u00c9cole polytechnique en 1941, l?un des cinq ayant pass\u00e9 la barre des 3% du numerus clausus impos\u00e9 aux \u00ab Isra\u00eblites \u00bb, n?allait pas sans poser des probl\u00e8mes \u00e0 l?administration, soucieuse de respecter tout \u00e0 la fois la stricte m\u00e9ritocratie qui faisait la r\u00e9putation de l?\u00e9cole, et la lettre, sinon l?esprit, des lois anti-juives de Vichy.   Bernard L\u00e9vi, sortant du lyc\u00e9e et des \u00ab pr\u00e9pas \u00bb la t\u00eate pleine de Virgile et de Verlaine et qui se trouve avoir deux grands rabbins de France dans son ascendance, va se retrouver \u00ab \u00e9l\u00e8ve bis \u00bb. C?est-\u00e0-dire int\u00e9gr\u00e9 \u00e0 la vie de l'Ecole mais mis en marge des classements, comme si ses r\u00e9sultats ne comptaient pas. Ce traitement de d\u00e9faveur suscite peu de r\u00e9action de la part de ses camarades de promotion : il le rapproche de certains d?entre eux, mais pour la plupart c'est l'indiff\u00e9rence. C'est sans uniforme qu'il combat alors l'ennemi, puis sous la tenue de midship qu'il traque ensuite les sous-marins allemands.   Son r\u00e9cit, o\u00f9 se m\u00ealent humour et \u00e9motion, reconstitue gr\u00e2ce \u00e0 des correspondances et \u00e0 l'agenda d'un camarade de sa promotion une \u00e9poque o\u00f9 l'un de ses condisciple \u00ab Fran\u00e7ais isra\u00eblite \u00bb \u00e9tait ainsi d\u00e9crit par le g\u00e9n\u00e9ral dirigeant l?\u00e9cole : \u00ab Type s\u00e9mite caract\u00e9ris\u00e9 au physique comme sans doute au moral. Ne peut \u00eatre consid\u00e9r\u00e9 comme une recrue de classe pour les services de l?Etat \u00bb?     Le livre est d\u00e9di\u00e9 aux polytechniciens de sa promotion, juifs ou non, qui sont morts pour la France en 1944 et 1945.","authors":["Bernard Levi"],"category_codes":["1000000","1060000","1060100"],"visuals":{"large":"https:\/\/images.epagine.fr\/648\/9782702135648_1_75.jpg","medium":"https:\/\/images.epagine.fr\/648\/9782702135648_1_m.jpg","thumbnail":"https:\/\/images.epagine.fr\/648\/9782702135648_1_v.jpg"},"orderable":true,"show_badge":true,"formatted_price":"20,40&nbsp;\u20ac","formatted_published_date":"27 avril 2005","publisher_availability_label":"Sur commande","short_details":"Bernard Levi \u2014 Calmann-L\u00e9vy","translator":null,"weight":380,"page_count":252,"readership":null,"editor":"Calmann-L\u00e9vy","price":2040,"published_date":"2005-04-26T22:00:00.000000Z","support":"Grand format","publisher_availability":1,"stock":0,"editions":[],"url":"https:\/\/quaidesbrumes.com\/ouvrage\/9782702135648\/x-bis-un-juif-a-lecole-polytechnique-memoires-1939-1945"},{"id":"9782738413284","title":"Vie rurale, mode d'emploi ; pour une politique globale de la ruralit\u00e9","description":null,"authors":["Dautun Gilles"],"category_codes":["1000000","1060000","1060300"],"visuals":{"large":"https:\/\/images.epagine.fr\/284\/9782738413284_1_75.jpg","medium":"https:\/\/images.epagine.fr\/284\/9782738413284_1_m.jpg","thumbnail":"https:\/\/images.epagine.fr\/284\/9782738413284_1_v.jpg"},"orderable":true,"show_badge":true,"formatted_price":"38,00&nbsp;\u20ac","formatted_published_date":"3 mai 2000","publisher_availability_label":"Sur commande","short_details":"Dautun Gilles \u2014 \u00c9ditions L'Harmattan","translator":null,"weight":710,"page_count":null,"readership":null,"editor":"\u00c9ditions L'Harmattan","price":3800,"published_date":"2000-05-02T22:00:00.000000Z","support":"Grand format","publisher_availability":1,"stock":0,"editions":[],"url":"https:\/\/quaidesbrumes.com\/ouvrage\/9782738413284\/vie-rurale-mode-demploi-pour-une-politique-globale-de-la-ruralite"},{"id":"9782738424211","title":"Russes errants sans terre promise","description":null,"authors":["Marion Sigaut"],"category_codes":["1000000","1060000","1060300"],"visuals":{"large":"https:\/\/images.epagine.fr\/211\/9782738424211_1_75.jpg","medium":"https:\/\/images.epagine.fr\/211\/9782738424211_1_m.jpg","thumbnail":"https:\/\/images.epagine.fr\/211\/9782738424211_1_v.jpg"},"orderable":true,"show_badge":true,"formatted_price":"22,50&nbsp;\u20ac","formatted_published_date":"1er mars 1994","publisher_availability_label":"Sur commande","short_details":"Marion Sigaut \u2014 \u00c9ditions L'Harmattan","translator":null,"weight":314,"page_count":252,"readership":null,"editor":"\u00c9ditions L'Harmattan","price":2250,"published_date":"1994-02-28T23:00:00.000000Z","support":"Grand format","publisher_availability":1,"stock":0,"editions":[],"url":"https:\/\/quaidesbrumes.com\/ouvrage\/9782738424211\/russes-errants-sans-terre-promise"},{"id":"9782738427915","title":"Combattre l'illettrisme ; permis de lire, permis de vivre","description":"L'auteur a pass\u00e9 plus d'une d\u00e9cennie \u00e0 travers recherches, analyses, pratiques, \u00e0 lutter contre l'illettrisme. Guide technique et m\u00e9thodologique, cet ouvrage d\u00e9veloppe une triple d\u00e9marche : s'appuyant sur une connaissance du public et s'articulant sur des t\u00e9moignages d'apprenants, elle d\u00e9crit diff\u00e9rents profils et niveaux d'illettrisme : elle d\u00e9finit des pistes d'action en proposant un dispositif de formation qui se veut efficace ; elle met en avant une p\u00e9dagogie de la communication et pr\u00e9sente un contenu des exercices \u00e0 partir de th\u00e8mes en lien avec la vie quotidienne des personnes illettr\u00e9es.","authors":["Anne Vin\u00e9rier"],"category_codes":["1000000","1060000","1060300"],"visuals":{"large":"https:\/\/images.epagine.fr\/915\/9782738427915_1_75.jpg","medium":"https:\/\/images.epagine.fr\/915\/9782738427915_1_m.jpg","thumbnail":"https:\/\/images.epagine.fr\/915\/9782738427915_1_v.jpg"},"orderable":true,"show_badge":true,"formatted_price":"34,00&nbsp;\u20ac","formatted_published_date":"26 octobre 1994","publisher_availability_label":"Sur commande","short_details":"Anne Vin\u00e9rier \u2014 \u00c9ditions L'Harmattan","translator":null,"weight":410,"page_count":336,"readership":null,"editor":"\u00c9ditions L'Harmattan","price":3400,"published_date":"1994-10-25T23:00:00.000000Z","support":"Grand format","publisher_availability":1,"stock":0,"editions":[],"url":"https:\/\/quaidesbrumes.com\/ouvrage\/9782738427915\/combattre-lillettrisme-permis-de-lire-permis-de-vivre"},{"id":"9782013436205","title":"Memoire historique des dernieres revolutions des provinces de l'ouest et du sud de la partie - franc","description":"M\u00e9moire historique des derni\u00e8res r\u00e9volutions des provinces de l'ouest et du sud de la partie fran\u00e7oise de Saint-Domingue, publi\u00e9 par les commissaires des citoyens de couleur de Saint-Marc et de plusieurs paroisses de la colonie aupr\u00e8s de l'Assembl\u00e9e nationale et du roi Date de l'\u00e9dition originale : 1792 Sujet de l'ouvrage : France -- Colonies -- HistoireAm\u00e9rique -- HistoireHa\u00efti (\u00eele) Ce livre est la reproduction fid\u00e8le d'une oeuvre publi\u00e9e avant 1920 et fait partie d'une collection de livres r\u00e9imprim\u00e9s \u00e0 la demande \u00e9dit\u00e9e par Hachette Livre, dans le cadre d'un partenariat avec la Biblioth\u00e8que nationale de France, offrant l'opportunit\u00e9 d'acc\u00e9der \u00e0 des ouvrages anciens et souvent rares issus des fonds patrimoniaux de la BnF.\r\nLes oeuvres faisant partie de cette collection ont \u00e9t\u00e9 num\u00e9ris\u00e9es par la BnF et sont pr\u00e9sentes sur Gallica, sa biblioth\u00e8que num\u00e9rique.\r\n\r\nEn entreprenant de redonner vie \u00e0 ces ouvrages au travers d'une collection de livres r\u00e9imprim\u00e9s \u00e0 la demande, nous leur donnons la possibilit\u00e9 de rencontrer un public \u00e9largi et participons \u00e0 la transmission de connaissances et de savoirs parfois difficilement accessibles.\r\nNous avons cherch\u00e9 \u00e0 concilier la reproduction fid\u00e8le d'un livre ancien \u00e0 partir de sa version num\u00e9ris\u00e9e avec le souci d'un confort de lecture optimal. Nous esp\u00e9rons que les ouvrages de cette nouvelle collection vous apporteront enti\u00e8re satisfaction.\r\n\r\nPour plus d'informations, rendez-vous sur www.hachettebnf.fr http:\/\/gallica.bnf.fr\/ark:\/12148\/bpt6k5783779m","authors":[],"category_codes":["1000000","1060000","1060200"],"visuals":{"large":"https:\/\/images.epagine.fr\/205\/9782013436205_1_75.jpg","medium":"https:\/\/images.epagine.fr\/205\/9782013436205_1_m.jpg","thumbnail":"https:\/\/images.epagine.fr\/205\/9782013436205_1_v.jpg"},"orderable":true,"show_badge":true,"formatted_price":"16,50&nbsp;\u20ac","formatted_published_date":"1er septembre 2014","publisher_availability_label":"Sur commande","short_details":"Hachette BNF","translator":null,"weight":186,"page_count":null,"readership":null,"editor":"Hachette BNF","price":1650,"published_date":"2014-08-31T22:00:00.000000Z","support":"Grand format","publisher_availability":1,"stock":0,"editions":[],"url":"https:\/\/quaidesbrumes.com\/ouvrage\/9782013436205\/memoire-historique-des-dernieres-revolutions-des-provinces-de-louest-et-du-sud-de-la-partie-franc"},{"id":"9782738439468","title":"Deux et deux font quatre","description":null,"authors":["Sylvain-Jean Zebus"],"category_codes":["1000000","1060000","1060100"],"visuals":{"large":"https:\/\/images.epagine.fr\/468\/9782738439468_1_75.jpg","medium":"https:\/\/images.epagine.fr\/468\/9782738439468_1_m.jpg","thumbnail":"https:\/\/images.epagine.fr\/468\/9782738439468_1_v.jpg"},"orderable":true,"show_badge":true,"formatted_price":"13,50&nbsp;\u20ac","formatted_published_date":"25 mars 1996","publisher_availability_label":"Sur commande","short_details":"Sylvain-Jean Zebus \u2014 \u00c9ditions L'Harmattan","translator":null,"weight":192,"page_count":148,"readership":null,"editor":"\u00c9ditions L'Harmattan","price":1350,"published_date":"1996-03-24T23:00:00.000000Z","support":"Grand format","publisher_availability":1,"stock":0,"editions":[],"url":"https:\/\/quaidesbrumes.com\/ouvrage\/9782738439468\/deux-et-deux-font-quatre"},{"id":"9782012528536","title":"Catalogue des livres de la biblioth\u00e8que de la ville de Foug\u00e8res, publi\u00e9 (\u00c9d.1842)","description":"Catalogue des livres de la biblioth\u00e8que de la ville de Foug\u00e8res, publi\u00e9 par M. L\u00e9on Maupill\u00e9,...\r\nDate de l'\u00e9dition originale : 1842\r\n\r\nLe pr\u00e9sent ouvrage s'inscrit dans une politique de conservation patrimoniale des ouvrages de la litt\u00e9rature Fran\u00e7aise mise en place avec la BNF.\r\nHACHETTE LIVRE et la BNF proposent ainsi un catalogue de titres indisponibles, la BNF ayant num\u00e9ris\u00e9 ces oeuvres et HACHETTE LIVRE les imprimant \u00e0 la demande.\r\nCertains de ces ouvrages refl\u00e8tent des courants de pens\u00e9e caract\u00e9ristiques de leur \u00e9poque, mais qui seraient aujourd'hui jug\u00e9s condamnables.\r\nIls n'en appartiennent pas moins \u00e0 l'histoire des id\u00e9es en France et sont susceptibles de pr\u00e9senter un int\u00e9r\u00eat scientifique ou historique.\r\nLe sens de notre d\u00e9marche \u00e9ditoriale consiste ainsi \u00e0 permettre l'acc\u00e8s \u00e0 ces oeuvres sans pour autant que nous en cautionnions en aucune fa\u00e7on le contenu.\r\n\r\nPour plus d'informations, rendez-vous sur www.hachettebnf.fr","authors":["Maupille Leon"],"category_codes":["1000000","1060000","1060200"],"visuals":{"large":"https:\/\/images.epagine.fr\/536\/9782012528536_1_75.jpg","medium":"https:\/\/images.epagine.fr\/536\/9782012528536_1_m.jpg","thumbnail":"https:\/\/images.epagine.fr\/536\/9782012528536_1_v.jpg"},"orderable":true,"show_badge":true,"formatted_price":"16,00&nbsp;\u20ac","formatted_published_date":"1er mai 2012","publisher_availability_label":"Sur commande","short_details":"Maupille Leon \u2014 Hachette BNF","translator":null,"weight":170,"page_count":110,"readership":null,"editor":"Hachette BNF","price":1600,"published_date":"2012-04-30T22:00:00.000000Z","support":"Grand format","publisher_availability":1,"stock":0,"editions":[],"url":"https:\/\/quaidesbrumes.com\/ouvrage\/9782012528536\/catalogue-des-livres-de-la-bibliotheque-de-la-ville-de-fougeres-publie-ed1842"},{"id":"9782738443311","title":"Mani\u00e8res de boire et mutations urbaines dans la Cara\u00efbe","description":"Cet ouvrage est une contribution \u00e0 l'alcoologie, nouvelle science de l'homme, qui \u00e9tudie l'acte de boire avec le risque qu'il comporte dans son processus : alcool, alcoolisation, alcoolisme. Cet acte de boire, ph\u00e9nom\u00e8ne sans fronti\u00e8re et pluriel quant \u00e0 ses facteurs et ses cons\u00e9quences, porte en lui-m\u00eame, au-del\u00e0 de son universalit\u00e9, des nuances intrins\u00e8ques au regard des us et coutumes li\u00e9s au type de boisson utilis\u00e9, \u00e0 la fr\u00e9quence de la consommation, au niveau socio-\u00e9conomique, \u00e0 la fa\u00e7on de vivre et d'habiter dans chaque pays. Les \u00eeles du bassin de Cara\u00efbe n'\u00e9chappent pas \u00e0 ce double mouvement. Elles pr\u00e9sentent entre elles entre autres choses, un trait commun quant \u00e0 la boisson consomm\u00e9e, le Rhum, h\u00e9ritage de leur formation socio-\u00e9conomique qui d\u00e9termine l'acte de boire en ce qu'il est convenu d'appeler, le Punch. Mais elles subissent aussi depuis quelque trente ans, \u00e0 l'instar des autres pays du Sud et du Nord, des mutations urbaines qui affectent sensiblement la mani\u00e8re de boire aujourd'hui. Deux objectifs ont dirig\u00e9 cette \u00e9tude: - mettre l'accent sur la diversit\u00e9 des facteurs de l'alcoolisation inappropri\u00e9e, en confrontant les connaissances et les exp\u00e9riences des chercheurs et th\u00e9rapeutes venus d'Europe, du Canada et de l'Arc antillais. - mettre en corr\u00e9lation la diversit\u00e9 des facteurs et des d\u00e9g\u00e2ts avec le mouvement de la soci\u00e9t\u00e9 qui s'achemine \u00e0 grande vitesse, dans les \u00eeles du bassin Cara\u00efbe, de l'\u00e9tat rural \u00e0 l'\u00e9tat urbain.","authors":["Auguste Armet"],"category_codes":["1000000","1060000","1060300"],"visuals":{"large":"https:\/\/images.epagine.fr\/311\/9782738443311_1_75.jpg","medium":"https:\/\/images.epagine.fr\/311\/9782738443311_1_m.jpg","thumbnail":"https:\/\/images.epagine.fr\/311\/9782738443311_1_v.jpg"},"orderable":true,"show_badge":true,"formatted_price":"21,00&nbsp;\u20ac","formatted_published_date":"3 mai 2000","publisher_availability_label":"Sur commande","short_details":"Auguste Armet \u2014 \u00c9ditions L'Harmattan","translator":null,"weight":258,"page_count":null,"readership":null,"editor":"\u00c9ditions L'Harmattan","price":2100,"published_date":"2000-05-02T22:00:00.000000Z","support":"Grand format","publisher_availability":1,"stock":0,"editions":[],"url":"https:\/\/quaidesbrumes.com\/ouvrage\/9782738443311\/manieres-de-boire-et-mutations-urbaines-dans-la-caraibe"},{"id":"9782738447685","title":"Une dynastie de la bourgeoisie r\u00e9publicaine : les Pelletan","description":null,"authors":["Paul Baquiast"],"category_codes":["1000000","1060000"],"visuals":{"large":"https:\/\/images.epagine.fr\/685\/9782738447685_1_75.jpg","medium":"https:\/\/images.epagine.fr\/685\/9782738447685_1_m.jpg","thumbnail":"https:\/\/images.epagine.fr\/685\/9782738447685_1_v.jpg"},"orderable":true,"show_badge":true,"formatted_price":"46,50&nbsp;\u20ac","formatted_published_date":"3 mai 2000","publisher_availability_label":"Sur commande","short_details":"Paul Baquiast \u2014 \u00c9ditions L'Harmattan","translator":null,"weight":738,"page_count":512,"readership":null,"editor":"\u00c9ditions L'Harmattan","price":4650,"published_date":"2000-05-02T22:00:00.000000Z","support":"Grand format","publisher_availability":1,"stock":0,"editions":[],"url":"https:\/\/quaidesbrumes.com\/ouvrage\/9782738447685\/une-dynastie-de-la-bourgeoisie-republicaine-les-pelletan"},{"id":"9782738470492","title":"Les toxicomanes ; du go\u00fbt de la drogue au go\u00fbt de la contrainte","description":"Le go\u00fbt de la drogue est pr\u00e9sent dans toutes les cultures. Le XIXe si\u00e8cle, puis les ann\u00e9es 60 sont les toiles de fond o\u00f9 s'illustre la place de la drogue dans l'imaginaire litt\u00e9raire (Balzac - Baudelaire), dans le r\u00e9cit autobiographique (Dosto\u00efevski), dans l'exp\u00e9rience scientifique (Freud et la coca\u00efne) ou personnelle (les hippies). Soigner les toxicomanes, c'est \u00e0 la fois proposer d'autres \u00e9tayages, r\u00e9veiller la subjectivit\u00e9, et aider ceux qui les soutiennent. Quant \u00e0 l'indispensable pr\u00e9vention, s'il lui faut n\u00e9cessairement s'inscrire dans un cadre institutionnel, elle pourrait n'\u00eatre qu'une attention obstin\u00e9e \u00e0 toutes les potentialit\u00e9s des jeunes.","authors":["Mich\u00e8le Kuntz"],"category_codes":["1000000","1060000","1060300"],"visuals":{"large":"https:\/\/images.epagine.fr\/492\/9782738470492_1_75.jpg","medium":"https:\/\/images.epagine.fr\/492\/9782738470492_1_m.jpg","thumbnail":"https:\/\/images.epagine.fr\/492\/9782738470492_1_v.jpg"},"orderable":true,"show_badge":true,"formatted_price":"26,00&nbsp;\u20ac","formatted_published_date":"26 f\u00e9vrier 1999","publisher_availability_label":"Sur commande","short_details":"Mich\u00e8le Kuntz \u2014 \u00c9ditions L'Harmattan","translator":null,"weight":356,"page_count":288,"readership":null,"editor":"\u00c9ditions L'Harmattan","price":2600,"published_date":"1999-02-25T23:00:00.000000Z","support":"Grand format","publisher_availability":1,"stock":0,"editions":[],"url":"https:\/\/quaidesbrumes.com\/ouvrage\/9782738470492\/les-toxicomanes-du-gout-de-la-drogue-au-gout-de-la-contrainte"},{"id":"9782738470683","title":"La cit\u00e9 des lyc\u00e9ens","description":"Les interventions des lyc\u00e9ens dans l'espace public sont souvent d\u00e9concertantes. Tr\u00e8s soucieux du respect de leurs droits, ils semblent cependant r\u00e9ticents \u00e0 s'engager totalement dans les dispositifs offerts par les adultes ou dans les mouvements dont ils prennent parfois l'initiative. Mais plut\u00f4t que de n'y voir qu'incons\u00e9quence de leur part, il serait souhaitable de revisiter les grilles de lecture ordinairement appliqu\u00e9es \u00e0 leurs actions. La recherche dont cet ouvrage est le fruit s'est efforc\u00e9e de s'en tenir aux raisons invoqu\u00e9es par les lyc\u00e9ens eux-m\u00eames. Ces jeunes d\u00e9finissent un autre lyc\u00e9e diff\u00e9rent certes de ce que les adultes souhaitent en faire, mais vraisemblablement plus pacifi\u00e9 que ne pouvait le laisser craindre la cohabitation dans son enceinte, de lyc\u00e9ens aux trajectoires d\u00e9sormais si h\u00e9t\u00e9rog\u00e8nes.","authors":["Patrick Rayou"],"category_codes":["1000000","1060000","1060300"],"visuals":{"large":"https:\/\/images.epagine.fr\/683\/9782738470683_1_75.jpg","medium":"https:\/\/images.epagine.fr\/683\/9782738470683_1_m.jpg","thumbnail":"https:\/\/images.epagine.fr\/683\/9782738470683_1_v.jpg"},"orderable":true,"show_badge":true,"formatted_price":"24,00&nbsp;\u20ac","formatted_published_date":"3 mai 2000","publisher_availability_label":"Sur commande","short_details":"Patrick Rayou \u2014 \u00c9ditions L'Harmattan","translator":null,"weight":400,"page_count":296,"readership":null,"editor":"\u00c9ditions L'Harmattan","price":2400,"published_date":"2000-05-02T22:00:00.000000Z","support":"Grand format","publisher_availability":1,"stock":0,"editions":[],"url":"https:\/\/quaidesbrumes.com\/ouvrage\/9782738470683\/la-cite-des-lyceens"},{"id":"9782738474872","title":"Devenir des individus et investissement au travail","description":"Les \u00e9volutions actuelles de l'organisation du travail ne peuvent \u00eatre analys\u00e9es uniquement comme des formes nouvelles d'exploitation.\r\nElles sont beaucoup plus ambivalentes qu'on ne le dit bien souvent. Elles recherchent en effet une mobilisation de l'intelligence des individus, de leur capacit\u00e9 \u00e0 communiquer et \u00e0 construire collectivement des solutions. Elles conf\u00e8rent une l\u00e9gitimit\u00e9 nouvelle \u00e0 certains salari\u00e9s pour d\u00e9velopper et investir leurs capacit\u00e9s et leur intelligence. Ces pratiques s'accompagnent d'apprentissages qui comportent des risques mais aussi des ouvertures pour les individus.\r\nMaintenir une mobilisation et une cr\u00e9ation collective d'intelligence exige un cadre organisationnel et de management favorable \u00e0 la prise d'initiative, et \u00e0 la conqu\u00eate de l'autonomie individuelle et collective. Ces formes de travail supposent la mise \u00e0 disposition de moyens sp\u00e9cifiques. Elles requi\u00e8rent du temps et diff\u00e9rents accompagnements pour apprendre \u00e0 communiquer sur le travail de mani\u00e8re formalis\u00e9e.\r\nL'auteur illustre \u00e0 travers de nombreux cas concrets comment ces nouvelles pratiques de travail cr\u00e9ent de nouveaux liens et de nouvelles dynamiques sociales, mais introduisent aussi des ruptures, d\u00e9stabilisent les r\u00e9seaux et relations construites ant\u00e9rieurement au sein de l'entreprise.","authors":["R\u00e9gine Bercot"],"category_codes":["1000000","1060000","1060300"],"visuals":{"large":"https:\/\/images.epagine.fr\/872\/9782738474872_1_75.jpg","medium":"https:\/\/images.epagine.fr\/872\/9782738474872_1_m.jpg","thumbnail":"https:\/\/images.epagine.fr\/872\/9782738474872_1_v.jpg"},"orderable":true,"show_badge":true,"formatted_price":"22,50&nbsp;\u20ac","formatted_published_date":"3 mai 2000","publisher_availability_label":"Sur commande","short_details":"R\u00e9gine Bercot \u2014 \u00c9ditions L'Harmattan","translator":null,"weight":298,"page_count":240,"readership":null,"editor":"\u00c9ditions L'Harmattan","price":2250,"published_date":"2000-05-02T22:00:00.000000Z","support":"Grand format","publisher_availability":1,"stock":0,"editions":[],"url":"https:\/\/quaidesbrumes.com\/ouvrage\/9782738474872\/devenir-des-individus-et-investissement-au-travail"},{"id":"9782738477224","title":"Flexibilit\u00e9 et cr\u00e9ation d'emplois : un d\u00e9fi pour le dialogue social en Europe","description":"La crise grave et persistante de l'emploi qui s\u00e9vit en Europe, en d\u00e9pit d'une l\u00e9g\u00e8re am\u00e9lioration en 1998, pose quatre grandes questions : a) quelles en sont les causes ? b) existe-t-il des rem\u00e8des simples ? c) une flexibilit\u00e9 draconienne du march\u00e9 du travail, assortie d'une d\u00e9r\u00e9glementation totale de la protection sociale est-elle la seule r\u00e9ponse ? d) la concertation sociale et la n\u00e9gociation collective sont-elles susceptibles d'apporter des solutions \u00e9conomiquement viables et socialement acceptables ? Le pr\u00e9sent ouvrage \u00e9claire le d\u00e9bat sur la flexibilit\u00e9 et dissipe quelques id\u00e9es re\u00e7ues qui ont cours \u00e0 ce sujet.\r\nIl passe en revue les mesures l\u00e9gislatives et les conventions collectives n\u00e9goci\u00e9es \u00e0 divers \u00e9chelons pour combattre le ch\u00f4mage dans dix pays europ\u00e9ens, \u00e0 savoir l'Autriche, la Belgique, l'Espagne, la Finlande, la France, l'Irlande, l'Italie, les Pays-Bas, le Portugal et le Royaume-Uni. Il analyse les contraintes qui freinent le d\u00e9veloppement du dialogue social, telles que la mondialisation, la d\u00e9centralisation de la n\u00e9gociation, la faiblesse des partenaires sociaux et le processus d'int\u00e9gration europ\u00e9enne, et notamment l'impact escompt\u00e9 du lancement de l'euro le 1er janvier 1999.\r\nIl montre comment le dialogue social a \u00e9volu\u00e9 au niveau de l'Union europ\u00e9enne et \u00e9voque les perspectives d'avenir.","authors":["Hedva Sarfati"],"category_codes":["1000000","1060000","1060300"],"visuals":{"large":"https:\/\/images.epagine.fr\/224\/9782738477224_1_75.jpg","medium":"https:\/\/images.epagine.fr\/224\/9782738477224_1_m.jpg","thumbnail":"https:\/\/images.epagine.fr\/224\/9782738477224_1_v.jpg"},"orderable":true,"show_badge":true,"formatted_price":"22,50&nbsp;\u20ac","formatted_published_date":"3 mai 2000","publisher_availability_label":"Sur commande","short_details":"Hedva Sarfati \u2014 \u00c9ditions L'Harmattan","translator":null,"weight":336,"page_count":null,"readership":null,"editor":"\u00c9ditions L'Harmattan","price":2250,"published_date":"2000-05-02T22:00:00.000000Z","support":"Grand format","publisher_availability":1,"stock":0,"editions":[],"url":"https:\/\/quaidesbrumes.com\/ouvrage\/9782738477224\/flexibilite-et-creation-demplois-un-defi-pour-le-dialogue-social-en-europe"},{"id":"9782747583749","title":"Violences conjugales : Une assistante sociale raconte...","description":"Une femme raconte ce que d'autres femmes vivent au quotidien. Ce r\u00e9cit tr\u00e8s vivant d\u00e9crit ce que sont les violences conjugales au travers de la vie d'une association d'aide aux femmes et de quelques r\u00e9cits de vies de femmes d'origines diverses. En commentaires \u00e0 ces r\u00e9cits, ce texte aborde des questions essentielles : Pourquoi restent-elles ? Pourquoi ne portent-elles pas plainte ? Que se passe-t-il lorsqu'on porte plainte ? Et eux, qui sont-ils ?","authors":["Micheline Ferret"],"category_codes":["9000000","9120000","9120400"],"visuals":{"large":"https:\/\/images.epagine.fr\/749\/9782747583749_1_75.jpg","medium":"https:\/\/images.epagine.fr\/749\/9782747583749_1_m.jpg","thumbnail":"https:\/\/images.epagine.fr\/749\/9782747583749_1_v.jpg"},"orderable":true,"show_badge":true,"formatted_price":"17,50&nbsp;\u20ac","formatted_published_date":"2 mai 2005","publisher_availability_label":"Sur commande","short_details":"Micheline Ferret \u2014 \u00c9ditions L'Harmattan","translator":null,"weight":195,"page_count":172,"readership":null,"editor":"\u00c9ditions L'Harmattan","price":1750,"published_date":"2005-05-01T22:00:00.000000Z","support":"Grand format","publisher_availability":1,"stock":0,"editions":[],"url":"https:\/\/quaidesbrumes.com\/ouvrage\/9782747583749\/violences-conjugales-une-assistante-sociale-raconte"},{"id":"9782747567695","title":"La m\u00e9moire de l'oubli","description":"\"Le 16 juillet 1942, notre sort familial bascule tragiquement. (.) des coups de poings violents mart\u00e8lent la porte de notre logement et en l'espace de quelques secondes, la milice fran\u00e7aise fait irruption. Sans m\u00e9nagement, on nous ordonne de nous habiller, de quitter l'appartement et de gagner un autobus gar\u00e9 dans une rue face \u00e0 notre maison. (.) Je ne pouvais naturellement pas imaginer que dans les heures qui suivraient, nous serions \u00e0 jamais s\u00e9par\u00e9s de nos parents.\" \r\nN\u00e9 en France en 1931, Wolff Rajzman arrive en Isra\u00ebl en 1949. A 67 ans, il se d\u00e9livre enfin et fait son deuil de ce pass\u00e9.","authors":["Wolff Rajzman"],"category_codes":["1000000","1060000"],"visuals":{"large":"https:\/\/images.epagine.fr\/695\/9782747567695_1_75.jpg","medium":"https:\/\/images.epagine.fr\/695\/9782747567695_1_m.jpg","thumbnail":"https:\/\/images.epagine.fr\/695\/9782747567695_1_v.jpg"},"orderable":true,"show_badge":true,"formatted_price":"12,00&nbsp;\u20ac","formatted_published_date":"1er novembre 2004","publisher_availability_label":"Sur commande","short_details":"Wolff Rajzman \u2014 \u00c9ditions L'Harmattan","translator":null,"weight":120,"page_count":90,"readership":null,"editor":"\u00c9ditions L'Harmattan","price":1200,"published_date":"2004-10-31T23:00:00.000000Z","support":"Grand format","publisher_availability":1,"stock":0,"editions":[],"url":"https:\/\/quaidesbrumes.com\/ouvrage\/9782747567695\/la-memoire-de-loubli"},{"id":"9782858021604","title":"La nouvelle soci\u00e9t\u00e9 basque ; ruptures et changements","description":null,"authors":["Pierre Bidart"],"category_codes":["1000000","1060000","1060300"],"visuals":{"large":"https:\/\/images.epagine.fr\/604\/9782858021604_1_75.jpg","medium":"https:\/\/images.epagine.fr\/604\/9782858021604_1_m.jpg","thumbnail":"https:\/\/images.epagine.fr\/604\/9782858021604_1_v.jpg"},"orderable":true,"show_badge":true,"formatted_price":"22,50&nbsp;\u20ac","formatted_published_date":"3 mai 2000","publisher_availability_label":"Sur commande","short_details":"Pierre Bidart \u2014 \u00c9ditions L'Harmattan","translator":null,"weight":348,"page_count":256,"readership":null,"editor":"\u00c9ditions L'Harmattan","price":2250,"published_date":"2000-05-02T22:00:00.000000Z","support":"Grand format","publisher_availability":1,"stock":0,"editions":[],"url":"https:\/\/quaidesbrumes.com\/ouvrage\/9782858021604\/la-nouvelle-societe-basque-ruptures-et-changements"}]}