{"data":[{"id":"9782738476647","title":"Comment enseigner ? les dilemmes de la culture et de la p\u00e9dagogie","description":"Cette question est loin de pouvoir se r\u00e9sumer \u00e0 un probl\u00e8me de m\u00e9thodes p\u00e9dagogiques. Fruit d'une collaboration entre enseignants, inspecteurs de l'Education nationale, chercheurs, universitaires, les \u00e9tudes r\u00e9unies dans cet ouvrage s'interrogent plus particuli\u00e8rement sur la mani\u00e8re dont s'inscrivent, dans l'enseignement, les changement op\u00e9r\u00e9s par ailleurs dans le syst\u00e8me des id\u00e9es et des repr\u00e9sentations \u00e0 la faveur du d\u00e9veloppement technologique.\r","authors":["Jo\u00eblle Plantier"],"category_codes":["1000000","1060000","1060300"],"visuals":{"large":"https:\/\/images.epagine.fr\/647\/9782738476647_1_75.jpg","medium":"https:\/\/images.epagine.fr\/647\/9782738476647_1_m.jpg","thumbnail":"https:\/\/images.epagine.fr\/647\/9782738476647_1_v.jpg"},"orderable":true,"show_badge":true,"formatted_price":"22,50&nbsp;\u20ac","formatted_published_date":"3 mai 2000","publisher_availability_label":"Sur commande","short_details":"Jo\u00eblle Plantier \u2014 \u00c9ditions L'Harmattan","translator":null,"weight":348,"page_count":null,"readership":null,"editor":"\u00c9ditions L'Harmattan","price":2250,"published_date":"2000-05-02T22:00:00.000000Z","support":"Grand format","publisher_availability":1,"stock":0,"editions":[],"url":"https:\/\/quaidesbrumes.com\/ouvrage\/9782738476647\/comment-enseigner-les-dilemmes-de-la-culture-et-de-la-pedagogie"},{"id":"9782858022601","title":"Le travail in\u00e9gal ; paysans et salari\u00e9s s\u00e9n\u00e9galais face \u00e0 la crise des ann\u00e9es trente","description":"Rompant avec les \u00e9tudes aujourd'hui classiques d'anthropologie rurale sur le paysannat, Monique Ukroum part de l'id\u00e9e que le groupe social le plus r\u00e9v\u00e9lateur des mutations socio-\u00e9conomiques africaines de la premi\u00e8re moiti\u00e9 du XXe si\u00e8cle est celui des salari\u00e9s, d'abord ruraux puis de plus en plus urbains, qui cristallisent les contradictions n\u00e9es du choc colonial. C'est, en fait, l'entr\u00e9e de l'\u00e9tude africaniste dans les champs m\u00e9thodologiques les plus novateurs de l'histoire contemporaine ; le raisonnement allie, de fa\u00e7on compl\u00e9mentaire et harmonieuse, les deux m\u00e9thodes : d'une part l'analyse fine de l'\u00e9volution des conditions, des l\u00e9gislations et des pratiques du travail en un moment-tournant d\u00e9cisif - celui de la crise mondiale des ann\u00e9es 1930 - qui d\u00e9passe largement le cadre du seul continent africain, mais n'en d\u00e9termine pas moins, localement, la transition acc\u00e9l\u00e9r\u00e9e du  travail forc\u00e9  colonial au travail salari\u00e9  volontaire  cher \u00e0 l'\u00e9conomie lib\u00e9rale ; d'autre part, l'approche quantitative globale - dite macro-\u00e9conomique -, dont l'auteur a l'attention, avec la parfaite ma\u00eetrise d'une m\u00e9thode en fait ardue et d\u00e9licate, de n'apporter ici que la trame essentielle du raisonnement et le bilan \u00e9clairant des r\u00e9sultats. Le tout permet d'appr\u00e9hender sous tous ses aspects la mise en place d'une force de travail progressivement et d\u00e9finitivement ins\u00e9r\u00e9e dans le syst\u00e8me capitaliste occidental. Il est difficile de rendre compte de la richesse de ce travail, qui ouvre, sur un cas exemplaire et suivant une m\u00e9thode originale, la voie \u00e0 toute une s\u00e9rie de recherches en histoire sociale - encore \u00e0 peu pr\u00e8s inexistantes pour l'Afrique noire, du moins en langue fran\u00e7aise - : histoire urbaine, histoire du travail, histoire des mouvements sociaux et, en d\u00e9finitive, histoire des mentalit\u00e9s...","authors":["Monique Lakroum"],"category_codes":["1000000","1060000","1060100"],"visuals":{"large":"https:\/\/images.epagine.fr\/601\/9782858022601_1_75.jpg","medium":"https:\/\/images.epagine.fr\/601\/9782858022601_1_m.jpg","thumbnail":"https:\/\/images.epagine.fr\/601\/9782858022601_1_v.jpg"},"orderable":true,"show_badge":true,"formatted_price":"18,50&nbsp;\u20ac","formatted_published_date":"9 juin 1991","publisher_availability_label":"Sur commande","short_details":"Monique Lakroum \u2014 \u00c9ditions L'Harmattan","translator":null,"weight":266,"page_count":185,"readership":null,"editor":"\u00c9ditions L'Harmattan","price":1850,"published_date":"1991-06-08T22:00:00.000000Z","support":"Grand format","publisher_availability":1,"stock":0,"editions":[],"url":"https:\/\/quaidesbrumes.com\/ouvrage\/9782858022601\/le-travail-inegal-paysans-et-salaries-senegalais-face-a-la-crise-des-annees-trente"},{"id":"9782858023912","title":"Le printemps d\u00e9sesp\u00e9r\u00e9 ; vies d'alg\u00e9riennes","description":null,"authors":["Fettouma Touati"],"category_codes":["1000000","1060000","1060300"],"visuals":{"large":"https:\/\/images.epagine.fr\/912\/9782858023912_1_75.jpg","medium":"https:\/\/images.epagine.fr\/912\/9782858023912_1_m.jpg","thumbnail":"https:\/\/images.epagine.fr\/912\/9782858023912_1_v.jpg"},"orderable":true,"show_badge":true,"formatted_price":"14,50&nbsp;\u20ac","formatted_published_date":"3 mai 2000","publisher_availability_label":"Sur commande","short_details":"Fettouma Touati \u2014 \u00c9ditions L'Harmattan","translator":null,"weight":206,"page_count":174,"readership":null,"editor":"\u00c9ditions L'Harmattan","price":1450,"published_date":"2000-05-02T22:00:00.000000Z","support":"Grand format","publisher_availability":1,"stock":0,"editions":[],"url":"https:\/\/quaidesbrumes.com\/ouvrage\/9782858023912\/le-printemps-desespere-vies-dalgeriennes"},{"id":"9782858026845","title":"Prostitution en Afrique ; l'exemple de Yaound\u00e9","description":null,"authors":["Paulette Songue"],"category_codes":["1000000","1060000","1060300"],"visuals":{"large":"https:\/\/images.epagine.fr\/845\/9782858026845_1_75.jpg","medium":"https:\/\/images.epagine.fr\/845\/9782858026845_1_m.jpg","thumbnail":"https:\/\/images.epagine.fr\/845\/9782858026845_1_v.jpg"},"orderable":true,"show_badge":true,"formatted_price":"16,50&nbsp;\u20ac","formatted_published_date":"3 mai 2000","publisher_availability_label":"Sur commande","short_details":"Paulette Songue \u2014 \u00c9ditions L'Harmattan","translator":null,"weight":226,"page_count":155,"readership":null,"editor":"\u00c9ditions L'Harmattan","price":1650,"published_date":"2000-05-02T22:00:00.000000Z","support":"Grand format","publisher_availability":1,"stock":0,"editions":[],"url":"https:\/\/quaidesbrumes.com\/ouvrage\/9782858026845\/prostitution-en-afrique-lexemple-de-yaounde"},{"id":"9782858027538","title":"L'agriculture familiale au Qu\u00e9bec","description":null,"authors":["Michel Morisset"],"category_codes":["1000000","1060000","1060300"],"visuals":{"large":"https:\/\/images.epagine.fr\/538\/9782858027538_1_75.jpg","medium":"https:\/\/images.epagine.fr\/538\/9782858027538_1_m.jpg","thumbnail":"https:\/\/images.epagine.fr\/538\/9782858027538_1_v.jpg"},"orderable":true,"show_badge":true,"formatted_price":"25,00&nbsp;\u20ac","formatted_published_date":"28 avril 1989","publisher_availability_label":"Sur commande","short_details":"Michel Morisset \u2014 \u00c9ditions L'Harmattan","translator":null,"weight":280,"page_count":202,"readership":null,"editor":"\u00c9ditions L'Harmattan","price":2500,"published_date":"1989-04-27T22:00:00.000000Z","support":"Grand format","publisher_availability":1,"stock":0,"editions":[],"url":"https:\/\/quaidesbrumes.com\/ouvrage\/9782858027538\/lagriculture-familiale-au-quebec"},{"id":"9782858028610","title":"Retours d'Israel","description":null,"authors":["Maurice Rajsfus"],"category_codes":["1000000","1060000","1060300"],"visuals":{"large":"https:\/\/images.epagine.fr\/610\/9782858028610_1_75.jpg","medium":"https:\/\/images.epagine.fr\/610\/9782858028610_1_m.jpg","thumbnail":"https:\/\/images.epagine.fr\/610\/9782858028610_1_v.jpg"},"orderable":true,"show_badge":true,"formatted_price":"25,00&nbsp;\u20ac","formatted_published_date":"3 mai 2000","publisher_availability_label":"Sur commande","short_details":"Maurice Rajsfus \u2014 \u00c9ditions L'Harmattan","translator":null,"weight":370,"page_count":295,"readership":null,"editor":"\u00c9ditions L'Harmattan","price":2500,"published_date":"2000-05-02T22:00:00.000000Z","support":"Grand format","publisher_availability":1,"stock":0,"editions":[],"url":"https:\/\/quaidesbrumes.com\/ouvrage\/9782858028610\/retours-disrael"},{"id":"9782747574211","title":"Conversation avec un samovar : R\u00e9cit - Objets et sentiments : quel h\u00e9ritage familial ?","description":"A partir de trois objets laiss\u00e9s par sa grand-m\u00e8re, un billet de un dollar, un malika, un samovar, Lucia, architecte d'int\u00e9rieur, r\u00e9invente l'histoire de Martha et de ses enfants, entre les ann\u00e9es 1920 et 1940; des voyages transatlantiques \u00e0 la confrontation avec la mort et l'extr\u00eame souffrance dans la salle commune d'un h\u00f4pital militaire, la conqu\u00eate d'une nouvelle vie dans le Paris de l'entre-deux-guerres, se tisse une toile de fond plus universelle. Les objets t\u00e9moignent autrement que le discours. L'ambiance qui en \u00e9merge, la narration qui en est faite nous invitent \u00e0 porter un autre regard sur nos comportements, nos r\u00e9actions, nos strat\u00e9gies de vie.\r","authors":["Yveline Rey"],"category_codes":["1000000","1060000"],"visuals":{"large":"https:\/\/images.epagine.fr\/211\/9782747574211_1_75.jpg","medium":"https:\/\/images.epagine.fr\/211\/9782747574211_1_m.jpg","thumbnail":"https:\/\/images.epagine.fr\/211\/9782747574211_1_v.jpg"},"orderable":true,"show_badge":true,"formatted_price":"14,00&nbsp;\u20ac","formatted_published_date":"2 f\u00e9vrier 2005","publisher_availability_label":"Sur commande","short_details":"Yveline Rey \u2014 \u00c9ditions L'Harmattan","translator":null,"weight":155,"page_count":136,"readership":null,"editor":"\u00c9ditions L'Harmattan","price":1400,"published_date":"2005-02-01T23:00:00.000000Z","support":"Grand format","publisher_availability":1,"stock":0,"editions":[],"url":"https:\/\/quaidesbrumes.com\/ouvrage\/9782747574211\/conversation-avec-un-samovar-recit-objets-et-sentiments-quel-heritage-familial"},{"id":"9782012528505","title":"Catalogue des incunables et des \u00e9d. rares (\u00c9d.1895)","description":"Catalogue des incunables et des \u00e9ditions rares \/ Biblioth\u00e8que publique d'Orl\u00e9ans ; par Ch. Cuissard,...\r\nDate de l'\u00e9dition originale : 1895\r\nSujet de l'ouvrage : Incunables -- France -- Orl\u00e9ans (Loiret) -- Catalogues\r\n\r\nLe pr\u00e9sent ouvrage s'inscrit dans une politique de conservation patrimoniale des ouvrages de la litt\u00e9rature Fran\u00e7aise mise en place avec la BNF.\r\nHACHETTE LIVRE et la BNF proposent ainsi un catalogue de titres indisponibles, la BNF ayant num\u00e9ris\u00e9 ces oeuvres et HACHETTE LIVRE les imprimant \u00e0 la demande.\r\nCertains de ces ouvrages refl\u00e8tent des courants de pens\u00e9e caract\u00e9ristiques de leur \u00e9poque, mais qui seraient aujourd'hui jug\u00e9s condamnables.\r\nIls n'en appartiennent pas moins \u00e0 l'histoire des id\u00e9es en France et sont susceptibles de pr\u00e9senter un int\u00e9r\u00eat scientifique ou historique.\r\nLe sens de notre d\u00e9marche \u00e9ditoriale consiste ainsi \u00e0 permettre l'acc\u00e8s \u00e0 ces oeuvres sans pour autant que nous en cautionnions en aucune fa\u00e7on le contenu.\r\n\r\nPour plus d'informations, rendez-vous sur www.hachettebnf.fr","authors":["Bibliotheque Municip"],"category_codes":["1000000","1060000"],"visuals":{"large":"https:\/\/images.epagine.fr\/505\/9782012528505_1_75.jpg","medium":"https:\/\/images.epagine.fr\/505\/9782012528505_1_m.jpg","thumbnail":"https:\/\/images.epagine.fr\/505\/9782012528505_1_v.jpg"},"orderable":true,"show_badge":true,"formatted_price":"16,50&nbsp;\u20ac","formatted_published_date":"1er mai 2012","publisher_availability_label":"Sur commande","short_details":"Bibliotheque Municip \u2014 Hachette BNF","translator":null,"weight":194,"page_count":128,"readership":null,"editor":"Hachette BNF","price":1650,"published_date":"2012-04-30T22:00:00.000000Z","support":"Grand format","publisher_availability":1,"stock":0,"editions":[],"url":"https:\/\/quaidesbrumes.com\/ouvrage\/9782012528505\/catalogue-des-incunables-et-des-ed-rares-ed1895"},{"id":"9782738400796","title":"H\u00e9ritage, parent\u00e9 et proprie\u00e9t\u00e9 en Franche-Comt\u00e9, du XIIe si\u00e8cle \u00e0 nos jours","description":" \r","authors":["Michelle Salitot"],"category_codes":["1000000","1060000"],"visuals":{"large":"https:\/\/images.epagine.fr\/796\/9782738400796_1_75.jpg","medium":"https:\/\/images.epagine.fr\/796\/9782738400796_1_m.jpg","thumbnail":"https:\/\/images.epagine.fr\/796\/9782738400796_1_v.jpg"},"orderable":true,"show_badge":true,"formatted_price":"23,50&nbsp;\u20ac","formatted_published_date":"1er janvier 1988","publisher_availability_label":"Sur commande","short_details":"Michelle Salitot \u2014 \u00c9ditions L'Harmattan","translator":null,"weight":404,"page_count":null,"readership":null,"editor":"\u00c9ditions L'Harmattan","price":2350,"published_date":"1987-12-31T23:00:00.000000Z","support":"Grand format","publisher_availability":1,"stock":0,"editions":[],"url":"https:\/\/quaidesbrumes.com\/ouvrage\/9782738400796\/heritage-parente-et-proprieete-en-franche-comte-du-xiie-siecle-a-nos-jours"},{"id":"9782013436229","title":"Memoire historique et politique sur les indes orientales, ou l'expose succinct des grands - avantage","description":"M\u00e9moire historique et politique sur les Indes Orientales, ou l'expos\u00e9 succinct des grands avantages que la r\u00e9publique fran\u00e7aise pourrait retirer de ses nouveaux \u00e9tablissements dans cette partie du monde pour y balancer le pouvoir britannique et y faire respecter les d\u00e9crets d'un peuple souverain. Pr\u00e9sent\u00e9 \u00e0 la Convention nationale , par le citoyen P.-L. Mline,...\r\nDate de l'\u00e9dition originale : 1794 Sujet de l'ouvrage : Inde fran\u00e7aiseFrance -- Colonies -- Histoire Ce livre est la reproduction fid\u00e8le d'une oeuvre publi\u00e9e avant 1920 et fait partie d'une collection de livres r\u00e9imprim\u00e9s \u00e0 la demande \u00e9dit\u00e9e par Hachette Livre, dans le cadre d'un partenariat avec la Biblioth\u00e8que nationale de France, offrant l'opportunit\u00e9 d'acc\u00e9der \u00e0 des ouvrages anciens et souvent rares issus des fonds patrimoniaux de la BnF.\r\nLes oeuvres faisant partie de cette collection ont \u00e9t\u00e9 num\u00e9ris\u00e9es par la BnF et sont pr\u00e9sentes sur Gallica, sa biblioth\u00e8que num\u00e9rique.\r\n\r\nEn entreprenant de redonner vie \u00e0 ces ouvrages au travers d'une collection de livres r\u00e9imprim\u00e9s \u00e0 la demande, nous leur donnons la possibilit\u00e9 de rencontrer un public \u00e9largi et participons \u00e0 la transmission de connaissances et de savoirs parfois difficilement accessibles.\r\nNous avons cherch\u00e9 \u00e0 concilier la reproduction fid\u00e8le d'un livre ancien \u00e0 partir de sa version num\u00e9ris\u00e9e avec le souci d'un confort de lecture optimal. Nous esp\u00e9rons que les ouvrages de cette nouvelle collection vous apporteront enti\u00e8re satisfaction.\r\n\r\nPour plus d'informations, rendez-vous sur www.hachettebnf.fr http:\/\/gallica.bnf.fr\/ark:\/12148\/bpt6k5791055f\r","authors":["Mline P.-L."],"category_codes":["1000000","1060000","1060200"],"visuals":{"large":"https:\/\/images.epagine.fr\/229\/9782013436229_1_75.jpg","medium":"https:\/\/images.epagine.fr\/229\/9782013436229_1_m.jpg","thumbnail":"https:\/\/images.epagine.fr\/229\/9782013436229_1_v.jpg"},"orderable":true,"show_badge":true,"formatted_price":"9,50&nbsp;\u20ac","formatted_published_date":"1er septembre 2014","publisher_availability_label":"Sur commande","short_details":"Mline P.-L. \u2014 Hachette BNF","translator":null,"weight":67,"page_count":null,"readership":null,"editor":"Hachette BNF","price":950,"published_date":"2014-08-31T22:00:00.000000Z","support":"Grand format","publisher_availability":1,"stock":0,"editions":[],"url":"https:\/\/quaidesbrumes.com\/ouvrage\/9782013436229\/memoire-historique-et-politique-sur-les-indes-orientales-ou-lexpose-succinct-des-grands-avantage"},{"id":"9782738409164","title":"Diran ; r\u00e9cit d'une jeunesse arm\u00e9nienne","description":null,"authors":["Dominique Bagge","Dominique Suriano"],"category_codes":["1000000","1060000","1060100"],"visuals":{"large":"https:\/\/images.epagine.fr\/164\/9782738409164_1_75.jpg","medium":"https:\/\/images.epagine.fr\/164\/9782738409164_1_m.jpg","thumbnail":"https:\/\/images.epagine.fr\/164\/9782738409164_1_v.jpg"},"orderable":true,"show_badge":true,"formatted_price":"23,50&nbsp;\u20ac","formatted_published_date":"3 mai 2000","publisher_availability_label":"Sur commande","short_details":"Dominique Bagge, Dominique Suriano \u2014 \u00c9ditions L'Harmattan","translator":null,"weight":344,"page_count":null,"readership":null,"editor":"\u00c9ditions L'Harmattan","price":2350,"published_date":"2000-05-02T22:00:00.000000Z","support":"Grand format","publisher_availability":1,"stock":0,"editions":[],"url":"https:\/\/quaidesbrumes.com\/ouvrage\/9782738409164\/diran-recit-dune-jeunesse-armenienne"},{"id":"9782738429766","title":"Souvenirs d'Asie (Inde-Malaise) ; vie d'un pr\u00eatre francais missionnaire, au XX si\u00e8cle","description":"Francis Audiau, nouvellement ordonn\u00e9 pr\u00eatre en 1932, s'embarque \u00e0 Marseille pour l'Inde. Il d\u00e9crit dans ce livre ce long voyage de plus de trois semaines, les escales de Port Sa\u00efd, Djibouti, Aden, Colombo, Pondich\u00e9ry, et enfin l'arriv\u00e9e dans l'Inde, \" cette autre plan\u00e8te \", par le port de Madras. Puis, c'est la d\u00e9couverte de la grande ville de Coimbatore, de la vaste plaine parsem\u00e9e de cocotiers et de palmiers, de for\u00eats sur les hauts plateaux et les merveilleux paysages des Montagnes bleues. Les quinze premi\u00e8res ann\u00e9es de son apostolat, avant l'Ind\u00e9pendance de l'Inde, sont suivies de quinze autres ann\u00e9es sous la souverainet\u00e9 indienne, dans une vie quotidienne au milieu de la population hindoue, an milieu des pauvres des villages de la plaine, puis au sommet des Montagnes bleues, \u00e0 Ootacamund, et enfin dans la ville de Mysore, capitale de l'Etat de Mysore et r\u00e9sidence du Maharadja. Dans ce pays de temples et de pagodes, d'ashrams et de castes vari\u00e9es, il est heureux de trouver de belles communaut\u00e9s chr\u00e9tiennes, \u00e9tablies par de vaillants missionnaires. Elles lui servent de base pour l'annonce de l'Evangile, dans la pastorale rurale et urbaine, ou bien dans l'enseignement \u00e0 divers degr\u00e9s, m\u00eame le degr\u00e9 universitaire. Il poursuit sa mission en Malaisie, pays de plantations de caoutchouc, de palmiers \u00e0 huile et de mines d'\u00e9tain, au milieu de musulmans malais, de Chinois et d'Indiens. A l'expiration de son visa, il doit rentrer en France, o\u00f9 il conna\u00eet la grande nostalgie de ces beaux pays d'Asie.\r","authors":["Francis Audiau"],"category_codes":["1000000","1060000","1060100"],"visuals":{"large":"https:\/\/images.epagine.fr\/766\/9782738429766_1_75.jpg","medium":"https:\/\/images.epagine.fr\/766\/9782738429766_1_m.jpg","thumbnail":"https:\/\/images.epagine.fr\/766\/9782738429766_1_v.jpg"},"orderable":true,"show_badge":true,"formatted_price":"41,50&nbsp;\u20ac","formatted_published_date":"10 mai 1995","publisher_availability_label":"Sur commande","short_details":"Francis Audiau \u2014 \u00c9ditions L'Harmattan","translator":null,"weight":588,"page_count":486,"readership":null,"editor":"\u00c9ditions L'Harmattan","price":4150,"published_date":"1995-05-09T22:00:00.000000Z","support":"Grand format","publisher_availability":1,"stock":0,"editions":[],"url":"https:\/\/quaidesbrumes.com\/ouvrage\/9782738429766\/souvenirs-dasie-inde-malaise-vie-dun-pretre-francais-missionnaire-au-xx-siecle"},{"id":"9782738435309","title":"Chr\u00e9tienne d'aguerre, comtesse de sault","description":null,"authors":["Claudine Allag"],"category_codes":["1000000","1060000","1060100"],"visuals":{"large":"https:\/\/images.epagine.fr\/309\/9782738435309_1_75.jpg","medium":"https:\/\/images.epagine.fr\/309\/9782738435309_1_m.jpg","thumbnail":"https:\/\/images.epagine.fr\/309\/9782738435309_1_v.jpg"},"orderable":true,"show_badge":true,"formatted_price":"22,50&nbsp;\u20ac","formatted_published_date":"1er juillet 1995","publisher_availability_label":"Sur commande","short_details":"Claudine Allag \u2014 \u00c9ditions L'Harmattan","translator":null,"weight":298,"page_count":230,"readership":null,"editor":"\u00c9ditions L'Harmattan","price":2250,"published_date":"1995-06-30T22:00:00.000000Z","support":"Grand format","publisher_availability":1,"stock":0,"editions":[],"url":"https:\/\/quaidesbrumes.com\/ouvrage\/9782738435309\/chretienne-daguerre-comtesse-de-sault"},{"id":"9782738436498","title":"Garcon d'est (un)  recit de vie fantaisie","description":" \r","authors":["Hubert Lesigne"],"category_codes":["1000000","1060000","1060100"],"visuals":{"large":"https:\/\/images.epagine.fr\/498\/9782738436498_1_75.jpg","medium":"https:\/\/images.epagine.fr\/498\/9782738436498_1_m.jpg","thumbnail":"https:\/\/images.epagine.fr\/498\/9782738436498_1_v.jpg"},"orderable":true,"show_badge":true,"formatted_price":"33,00&nbsp;\u20ac","formatted_published_date":"1er septembre 1995","publisher_availability_label":"Sur commande","short_details":"Hubert Lesigne \u2014 \u00c9ditions L'Harmattan","translator":null,"weight":514,"page_count":null,"readership":null,"editor":"\u00c9ditions L'Harmattan","price":3300,"published_date":"1995-08-31T22:00:00.000000Z","support":"Grand format","publisher_availability":1,"stock":0,"editions":[],"url":"https:\/\/quaidesbrumes.com\/ouvrage\/9782738436498\/garcon-dest-un-recit-de-vie-fantaisie"},{"id":"9782200269487","title":"Securit\u00e9, insecurit\u00e9 ; bilan, attentes, cl\u00e9s pour une strat\u00e9gie globale","description":"Les questions de s\u00e9curit\u00e9 et de justice constituent des enjeux essentiels pour toute soci\u00e9t\u00e9. Dans le contexte contemporain, marqu\u00e9 par divers ph\u00e9nom\u00e8nes (h\u00e9t\u00e9rog\u00e9n\u00e9it\u00e9 sociale croissante, forte pression d\u00e9linquante, menace terroriste, fragilit\u00e9 propre \u00e0 un monde hyper-technicis\u00e9...), ces questions occupent le devant de la sc\u00e8ne, et les citoyens attendent de l'\u00c9tat qu'il traite leurs inqui\u00e9tudes, souvent exacerb\u00e9es, tout en pr\u00e9servant scrupuleusement le cadre d\u00e9mocratique.Pas de solutions envisageables sans prise en compte de la complexit\u00e9 des situations et de la n\u00e9cessit\u00e9 de faire preuve de souplesse autant que de r\u00e9solution. Les politiques publiques, autant que les strat\u00e9gies mises en oeuvre par les acteurs, doivent constamment \u00e9voluer. L'Europe constitue en outre le nouveau champ de r\u00e9f\u00e9rence.Alors, comment s'y retrouver ? Peut-on avoir une vision globale des ph\u00e9nom\u00e8nes de s\u00e9curit\u00e9 et d'ins\u00e9curit\u00e9 ? \u00c0 ce qui para\u00eet \u00eatre une gageure, le pr\u00e9sent ouvrage apporte une r\u00e9ponse positive. L'auteur, \u00e0 la fois homme de terrain et partie prenante de la r\u00e9flexion prospective, parvient \u00e0 dresser un bilan large et quasi exhaustif des enjeux de s\u00e9curit\u00e9 et d'ins\u00e9curit\u00e9, des politiques publiques, des strat\u00e9gies, des jeux d'acteurs institutionnels ou priv\u00e9s et des d\u00e9bats qui concernent la d\u00e9linquance, le terrorisme ou l'Europe.Surtout, il ouvre la voie d'une d\u00e9marche strat\u00e9gique coh\u00e9rente, dont la d\u00e9finition est d\u00e9sormais un imp\u00e9ratif majeur : la s\u00e9curit\u00e9 ne peut plus se r\u00e9fl\u00e9chir de fa\u00e7on \u00e9clat\u00e9e mais doit s'appuyer sur une r\u00e9flexion globale et en m\u00eame temps r\u00e9solument op\u00e9rationnelle.Cet ouvrage constituera une r\u00e9f\u00e9rence, un outil de travail et un support de r\u00e9flexion pour tous ceux que les questions de s\u00e9curit\u00e9 pr\u00e9occupent ou int\u00e9ressent : professionnels, universitaires et \u00e9tudiants, mais aussi simples citoyens.Pierre GARCIN, dipl\u00f4m\u00e9 de Saint-Cyr, colonel de la gendarmerie nationale, secr\u00e9taire g\u00e9n\u00e9ral du Centre de prospective de la gendarmerie nationale, a occup\u00e9 successivement tous les niveaux de commandement op\u00e9rationnel de la gendarmerie et plusieurs postes en administration centrale et au cabinet militaire du ministre de la D\u00e9fense. Il intervient \u00e0 Sciences Po Paris, \u00e0 l'ENSICAEN et dans plusieurs universit\u00e9s parisiennes.\r\nL'ins\u00e9curit\u00e9 : une situation sous tension. Un contexte \u00e9volutif.La d\u00e9linquance : quelle r\u00e9alit\u00e9 ? Un jeu d'acteurs complexe. Les r\u00e9actions institutionnelles. La s\u00e9curit\u00e9 int\u00e9rieure est devenue une politique publique. Les strat\u00e9gies de s\u00e9curit\u00e9 publique. Les enjeux d'une justice en pleine turbulence. Des enjeux particuliers. Les enjeux de s\u00e9curit\u00e9 routi\u00e8re : les fruits de la fermet\u00e9. Le maintien de l'ordre public : un enjeu de d\u00e9mocratie. Cons\u00e9quences des attentats du 11 septembre et du 11 mars sur la s\u00e9curit\u00e9 int\u00e9rieure. Ruptures du cadre traditionnel et strat\u00e9gies pour demain. L'Europe : le nouvel espace pour la s\u00e9curit\u00e9. Les enjeux de la s\u00e9curit\u00e9 priv\u00e9e : une progression incontr\u00f4l\u00e9e. Mise en coh\u00e9rence et strat\u00e9gie pour demain. La n\u00e9cessit\u00e9 de concevoir une strat\u00e9gie globale. Quel futur pour la s\u00e9curit\u00e9 ?","authors":["Pierre Garcin"],"category_codes":["1000000","1060000","1060300"],"visuals":{"large":"https:\/\/images.epagine.fr\/487\/9782200269487_1_75.jpg","medium":"https:\/\/images.epagine.fr\/487\/9782200269487_1_m.jpg","thumbnail":"https:\/\/images.epagine.fr\/487\/9782200269487_1_v.jpg"},"orderable":true,"show_badge":true,"formatted_price":"39,00&nbsp;\u20ac","formatted_published_date":"1er juillet 2005","publisher_availability_label":"Sur commande","short_details":"Pierre Garcin \u2014 Armand Colin","translator":null,"weight":448,"page_count":315,"readership":null,"editor":"Armand Colin","price":3900,"published_date":"2005-06-30T22:00:00.000000Z","support":"Grand format","publisher_availability":1,"stock":0,"editions":[],"url":"https:\/\/quaidesbrumes.com\/ouvrage\/9782200269487\/securite-insecurite-bilan-attentes-cles-pour-une-strategie-globale"},{"id":"9782738442024","title":"Par-dessus mon \u00e9paule","description":"L'auteur de cet ouvrage, ancien prisonnier de guerre en Allemagne, a fr\u00f4l\u00e9 le drame et le cocasse. En regardant par-dessus son \u00e9paule, par une sorte d'auto-d\u00e9fense, il a essay\u00e9 de rejeter tout le c\u00f4t\u00e9 mis\u00e9rabiliste, au profit d'une lueur d'espoir qui l'a toujours habit\u00e9 en cotoyant le pire et le meilleur de ses compagnons d'infortune.\r","authors":["Georges Musnik"],"category_codes":["1000000","1060000","1060100"],"visuals":{"large":"https:\/\/images.epagine.fr\/024\/9782738442024_1_75.jpg","medium":"https:\/\/images.epagine.fr\/024\/9782738442024_1_m.jpg","thumbnail":"https:\/\/images.epagine.fr\/024\/9782738442024_1_v.jpg"},"orderable":true,"show_badge":true,"formatted_price":"12,00&nbsp;\u20ac","formatted_published_date":"3 mai 2000","publisher_availability_label":"Sur commande","short_details":"Georges Musnik \u2014 \u00c9ditions L'Harmattan","translator":null,"weight":166,"page_count":128,"readership":null,"editor":"\u00c9ditions L'Harmattan","price":1200,"published_date":"2000-05-02T22:00:00.000000Z","support":"Grand format","publisher_availability":1,"stock":0,"editions":[],"url":"https:\/\/quaidesbrumes.com\/ouvrage\/9782738442024\/par-dessus-mon-epaule"},{"id":"9782914651349","title":"Mon chambellan","description":"Le Chambellan est un manoir de Normandie, l'auteur puise dans ses souvenirs de jeunesse pour composer un r\u00e9cit  de voyage dans lequel il visite la po\u00e9sie, la tendresse et la fid\u00e9lit\u00e9.\r","authors":["Emile Leballais"],"category_codes":["1000000","1060000","1060100"],"visuals":{"large":"https:\/\/images.epagine.fr\/349\/9782914651349_1_75.jpg","medium":"https:\/\/images.epagine.fr\/349\/9782914651349_1_m.jpg","thumbnail":"https:\/\/images.epagine.fr\/349\/9782914651349_1_v.jpg"},"orderable":true,"show_badge":true,"formatted_price":"14,00&nbsp;\u20ac","formatted_published_date":"1er octobre 2004","publisher_availability_label":"Sur commande","short_details":"Emile Leballais \u2014 Altitude","translator":null,"weight":240,"page_count":178,"readership":null,"editor":"Altitude","price":1400,"published_date":"2004-09-30T22:00:00.000000Z","support":"Grand format","publisher_availability":1,"stock":0,"editions":[],"url":"https:\/\/quaidesbrumes.com\/ouvrage\/9782914651349\/mon-chambellan"},{"id":"9782738451057","title":"Andr\u00e9 Fr\u00e9naud : vers une pl\u00e9nitude non rev\u00e9l\u00e9e","description":null,"authors":["Peter Schnyder"],"category_codes":["1000000","1060000","1060100"],"visuals":{"large":"https:\/\/images.epagine.fr\/057\/9782738451057_1_75.jpg","medium":"https:\/\/images.epagine.fr\/057\/9782738451057_1_m.jpg","thumbnail":"https:\/\/images.epagine.fr\/057\/9782738451057_1_v.jpg"},"orderable":true,"show_badge":true,"formatted_price":"41,50&nbsp;\u20ac","formatted_published_date":"15 f\u00e9vrier 1997","publisher_availability_label":"Sur commande","short_details":"Peter Schnyder \u2014 \u00c9ditions L'Harmattan","translator":null,"weight":568,"page_count":null,"readership":null,"editor":"\u00c9ditions L'Harmattan","price":4150,"published_date":"1997-02-14T23:00:00.000000Z","support":"Grand format","publisher_availability":1,"stock":0,"editions":[],"url":"https:\/\/quaidesbrumes.com\/ouvrage\/9782738451057\/andre-frenaud-vers-une-plenitude-non-revelee"},{"id":"9782908209433","title":"La Provence \u00e9cout\u00e9e aux portes de la l\u00e9gende","description":null,"authors":["Maurice Pezet"],"category_codes":["1000000","1060000","1060100"],"visuals":{"large":"https:\/\/images.epagine.fr\/433\/9782908209433_1_75.jpg","medium":"https:\/\/images.epagine.fr\/433\/9782908209433_1_m.jpg","thumbnail":"https:\/\/images.epagine.fr\/433\/9782908209433_1_v.jpg"},"orderable":true,"show_badge":true,"formatted_price":"10,00&nbsp;\u20ac","formatted_published_date":"3 avril 2005","publisher_availability_label":"Sur commande","short_details":"Maurice Pezet \u2014 EQUINOXE","translator":null,"weight":306,"page_count":null,"readership":null,"editor":"EQUINOXE","price":1000,"published_date":"2005-04-02T22:00:00.000000Z","support":"Grand format","publisher_availability":1,"stock":0,"editions":[],"url":"https:\/\/quaidesbrumes.com\/ouvrage\/9782908209433\/la-provence-ecoutee-aux-portes-de-la-legende"},{"id":"9782738466006","title":"L'aide m\u00e9nag\u00e8re et la personne ag\u00e9e","description":"Soulever un coin de rideau du chez-soi de la personne \u00e2g\u00e9e, \u00e9couter le face-\u00e0-face personne \u00e2g\u00e9e\/aide m\u00e9nag\u00e8re, vivre devant soi, accrocher son regard sur les petits d\u00e9tails de l'art m\u00e9nager, n'en n\u00e9gliger aucun geste. Voici r\u00e9sum\u00e9e en quelques mots la posture qui a aliment\u00e9 cette r\u00e9flexion. I1 s'agissait pour Brigitte Juhel d'aller au plus pr\u00e8s de deux identit\u00e9s fortement questionn\u00e9es aujourd'hui : celle de l'aide m\u00e9nag\u00e8re, m\u00e9tier en risque de d\u00e9qualification face \u00e0 la d\u00e9ferlante du march\u00e9 des services celle de la personne \u00e2g\u00e9e, cat\u00e9gorie sociale en risque d'exclusion, d\u00e9coup\u00e9e, soupes\u00e9e \u00e0 l'aune standardis\u00e9e de ses besoins\r","authors":["Brigitte Juhel"],"category_codes":["1000000","1060000","1060300"],"visuals":{"large":"https:\/\/images.epagine.fr\/006\/9782738466006_1_75.jpg","medium":"https:\/\/images.epagine.fr\/006\/9782738466006_1_m.jpg","thumbnail":"https:\/\/images.epagine.fr\/006\/9782738466006_1_v.jpg"},"orderable":true,"show_badge":true,"formatted_price":"21,00&nbsp;\u20ac","formatted_published_date":"1er septembre 1998","publisher_availability_label":"Sur commande","short_details":"Brigitte Juhel \u2014 \u00c9ditions L'Harmattan","translator":null,"weight":288,"page_count":232,"readership":null,"editor":"\u00c9ditions L'Harmattan","price":2100,"published_date":"1998-08-31T22:00:00.000000Z","support":"Grand format","publisher_availability":1,"stock":0,"editions":[],"url":"https:\/\/quaidesbrumes.com\/ouvrage\/9782738466006\/laide-menagere-et-la-personne-agee"},{"id":"9782738469014","title":"Physiologie de la porti\u00e8re ; dessins par Daumier","description":"La concierge moderne, celle qui pr\u00e9side aux destin\u00e9es de l'immeuble bourgeois, est une invention haussmannienne du XIXe si\u00e8cle, invention qui s'appelle alors \" porti\u00e8re \".\r\nPersonnage au regard balzacien par nature (elle voit se s\u00e9dimenter toutes les couches de la soci\u00e9t\u00e9, des bourgeois riches de l'\u00e9tage noble aux \u00e9tudiants et rapins des combles), elle suscite elle-m\u00eame le regard aigu de ses contemporains. Remarquablement illustr\u00e9e par Daumier, cette Physiologie de la porti\u00e8re est \u00e0 la fois un mod\u00e8le d'humour, de sociologie sauvage et d'analyse de la soci\u00e9t\u00e9 urbaine du XIXe si\u00e8cle.\r","authors":["James Rousseau"],"category_codes":["1000000","1060000","1060300"],"visuals":{"large":"https:\/\/images.epagine.fr\/014\/9782738469014_1_75.jpg","medium":"https:\/\/images.epagine.fr\/014\/9782738469014_1_m.jpg","thumbnail":"https:\/\/images.epagine.fr\/014\/9782738469014_1_v.jpg"},"orderable":true,"show_badge":true,"formatted_price":"12,00&nbsp;\u20ac","formatted_published_date":"3 mai 2000","publisher_availability_label":"Sur commande","short_details":"James Rousseau \u2014 \u00c9ditions L'Harmattan","translator":null,"weight":174,"page_count":250,"readership":null,"editor":"\u00c9ditions L'Harmattan","price":1200,"published_date":"2000-05-02T22:00:00.000000Z","support":"Grand format","publisher_availability":1,"stock":0,"editions":[],"url":"https:\/\/quaidesbrumes.com\/ouvrage\/9782738469014\/physiologie-de-la-portiere-dessins-par-daumier"},{"id":"9782747584883","title":"Je me souviens...","description":"L'auteur de cet ouvrage ne poursuit qu'un but : nous entra\u00eener dans les chemins pierreux de son enfance, puis de son adolescence. Auguste Marcon s'attache \u00e0 projeter sa propre humanit\u00e9 en faisant ressurgir un pass\u00e9 \u00e0 jamais r\u00e9volu. Il \u00e9crit dans sa pr\u00e9face : \"La v\u00e9rit\u00e9 n'est v\u00e9rit\u00e9 que si elle vient du coeur et de la conscience\". Les paysans d'autrefois vivaient parfois mal, mais ils ne se plaignaient pas \u00e0 cause de l'atavisme f\u00e9roce qui les habitait et qui les emp\u00eachait d'agir. La pauvret\u00e9 \u00e9conomique et la pauvret\u00e9 culturelle existaient tr\u00e8s fortement et cohabitaient tr\u00e8s souvent sous le m\u00eame toit.\r","authors":["Auguste Marcon"],"category_codes":["1000000","1060000"],"visuals":{"large":"https:\/\/images.epagine.fr\/883\/9782747584883_1_75.jpg","medium":"https:\/\/images.epagine.fr\/883\/9782747584883_1_m.jpg","thumbnail":"https:\/\/images.epagine.fr\/883\/9782747584883_1_v.jpg"},"orderable":true,"show_badge":true,"formatted_price":"24,00&nbsp;\u20ac","formatted_published_date":"2 mai 2005","publisher_availability_label":"Sur commande","short_details":"Auguste Marcon \u2014 \u00c9ditions L'Harmattan","translator":null,"weight":355,"page_count":260,"readership":null,"editor":"\u00c9ditions L'Harmattan","price":2400,"published_date":"2005-05-01T22:00:00.000000Z","support":"Grand format","publisher_availability":1,"stock":0,"editions":[],"url":"https:\/\/quaidesbrumes.com\/ouvrage\/9782747584883\/je-me-souviens"},{"id":"9782747579773","title":"Jeunes en cit\u00e9 ; diversit\u00e9 des trajectoires ou destin commun ?","description":"Les transformations qui affectent nos soci\u00e9t\u00e9s ont de lourdes cons\u00e9quences sur les ouvriers des banlieues, souvent immigr\u00e9s, et plus encore sur leurs enfants: \u00e9voluant dans une soci\u00e9t\u00e9 hostile, ceux-ci d\u00e9veloppent de multiples strat\u00e9gies face \u00e0 un avenir incertain. A travers une \u00e9tude ethnographique, r\u00e9alis\u00e9e dans une cit\u00e9 HLM d'une ancienne \"banlieue rouge\", ce livre montre que le discours commun sur ces jeunes ne r\u00e9siste pas \u00e0 la pluralit\u00e9 des enjeux sociaux, ni \u00e0 la complexit\u00e9 des situations. Il atteste aussi qu'une page de l'histoire ouvri\u00e8re se tourne d\u00e9finitivement.\r","authors":["Eric Marli\u00e8re"],"category_codes":["1000000","1060000","1060300"],"visuals":{"large":"https:\/\/images.epagine.fr\/773\/9782747579773_1_75.jpg","medium":"https:\/\/images.epagine.fr\/773\/9782747579773_1_m.jpg","thumbnail":"https:\/\/images.epagine.fr\/773\/9782747579773_1_v.jpg"},"orderable":true,"show_badge":true,"formatted_price":"21,50&nbsp;\u20ac","formatted_published_date":"2 mai 2005","publisher_availability_label":"Sur commande","short_details":"Eric Marli\u00e8re \u2014 \u00c9ditions L'Harmattan","translator":null,"weight":405,"page_count":286,"readership":null,"editor":"\u00c9ditions L'Harmattan","price":2150,"published_date":"2005-05-01T22:00:00.000000Z","support":"Grand format","publisher_availability":1,"stock":0,"editions":[],"url":"https:\/\/quaidesbrumes.com\/ouvrage\/9782747579773\/jeunes-en-cite-diversite-des-trajectoires-ou-destin-commun"},{"id":"9782747583145","title":"Sous le r\u00e8gne du Shah","description":"Ce livre est le t\u00e9moignage d'une Iranienne qui a v\u00e9cu sous le r\u00e8gne de Mohammed R\u00e9za Shah, deuxi\u00e8me et dernier monarque de la dynastie Pahlavi. A travers ses souvenirs, l'auteur essaie de montrer de quelle fa\u00e7on la transformation de l'image du Shah et l'\u00e9volution de la soci\u00e9t\u00e9 iranienne ont abouti \u00e0 la r\u00e9volution islamique.\r\nUn r\u00e9cit dans lequel elle nous donne avant tout \u00e0 partager son ressenti \u00e0 l'\u00e9gard du personnage du roi et la mani\u00e8re dont les \u00e9v\u00e9nements ont influ\u00e9 sur la perception qu'elle en avait.","authors":["Shir\u00efne Samii"],"category_codes":["1000000","1060000"],"visuals":{"large":"https:\/\/images.epagine.fr\/145\/9782747583145_1_75.jpg","medium":"https:\/\/images.epagine.fr\/145\/9782747583145_1_m.jpg","thumbnail":"https:\/\/images.epagine.fr\/145\/9782747583145_1_v.jpg"},"orderable":true,"show_badge":true,"formatted_price":"21,00&nbsp;\u20ac","formatted_published_date":"2 mai 2005","publisher_availability_label":"Sur commande","short_details":"Shir\u00efne Samii \u2014 \u00c9ditions L'Harmattan","translator":null,"weight":245,"page_count":222,"readership":null,"editor":"\u00c9ditions L'Harmattan","price":2100,"published_date":"2005-05-01T22:00:00.000000Z","support":"Grand format","publisher_availability":1,"stock":0,"editions":[],"url":"https:\/\/quaidesbrumes.com\/ouvrage\/9782747583145\/sous-le-regne-du-shah"}]}