{"data":[{"id":"9782858025077","title":"Inde ; le journal d'un intouchable (1969-1977)","description":"Madhau Kondvilker fait la classe, depuis 1960, dans des recoins du bas pays Konkan, en Inde. \"Il montre bien\", dit-on, mais qui s'en soucie? Madhau n'est pas, en effet, un ma\u00eetre d'\u00e9cole comme les autres: il appartient \u00e0 une caste intouchable, celles des \"chausseurs de village\", les Chambhars, artisans tanneurs et cordonniers. Aussi, quand. en 1969, on le nomme instituteur dans l'\u00e9cole de son village natal, ses compatriotes le reconnaissent surtout, lui comme sa famille, pour ce qu'ils sont tous, depuis toujours et pour toujours: des \u00eatres serviles et intouchables, instituteurs ou pas! L'intouchabilit\u00e9 ne s'efface ni par d\u00e9cret, ni par Constitution, car \"la caste colle \u00e0 la peau comme le blanc de chaux qui impr\u00e8gne les cuirs jet\u00e9s dans la fosse\". De retour chez lui, '.'le gars du Chambhar\" prend conscience, comme un \u00e9corch\u00e9 vif, de l'avilissement de sa condition. Cet instituteur de 28 ans s'ausculte, et \u00e0 d\u00e9faut d'interlocuteur \u00e0 qui se confier, il donne \u00e0 son Journal de 1969 \u00e0 1977 le cri solitaire d'un homme bless\u00e9 ...  \r\nL'auteur du journal est replac\u00e9 dans son contexte socio-\u00e9cono\u00admique et culturel par une pr\u00e9sentation multiforme: la soci\u00e9t\u00e9 dont il est issu, le pays, et jusqu'\u00e0 la maison qui porte l'empreinte de caste, et enfin l'int\u00e9riorisation individuelle de l'oppression par les opprim\u00e9s ...","authors":["Madhau Kondvilker"],"category_codes":["1000000","1060000","1060300"],"visuals":{"large":"https:\/\/images.epagine.fr\/077\/9782858025077_1_75.jpg","medium":"https:\/\/images.epagine.fr\/077\/9782858025077_1_m.jpg","thumbnail":"https:\/\/images.epagine.fr\/077\/9782858025077_1_v.jpg"},"orderable":true,"show_badge":true,"formatted_price":"22,50&nbsp;\u20ac","formatted_published_date":"1er d\u00e9cembre 2004","publisher_availability_label":"Sur commande","short_details":"Madhau Kondvilker \u2014 \u00c9ditions L'Harmattan","translator":null,"weight":384,"page_count":272,"readership":null,"editor":"\u00c9ditions L'Harmattan","price":2250,"published_date":"2004-11-30T23:00:00.000000Z","support":"Grand format","publisher_availability":1,"stock":0,"editions":[],"url":"https:\/\/quaidesbrumes.com\/ouvrage\/9782858025077\/inde-le-journal-dun-intouchable-1969-1977"},{"id":"9782013436212","title":"Memoire historique et politique pour la ville de la basse-terre","description":"M\u00e9moire historique et politique pour la ville de la Basse-Terre Date de l'\u00e9dition originale : 1791 Sujet de l'ouvrage : France -- Colonies -- HistoireAm\u00e9rique -- HistoireGuadeloupe Ce livre est la reproduction fid\u00e8le d'une oeuvre publi\u00e9e avant 1920 et fait partie d'une collection de livres r\u00e9imprim\u00e9s \u00e0 la demande \u00e9dit\u00e9e par Hachette Livre, dans le cadre d'un partenariat avec la Biblioth\u00e8que nationale de France, offrant l'opportunit\u00e9 d'acc\u00e9der \u00e0 des ouvrages anciens et souvent rares issus des fonds patrimoniaux de la BnF.\r\nLes oeuvres faisant partie de cette collection ont \u00e9t\u00e9 num\u00e9ris\u00e9es par la BnF et sont pr\u00e9sentes sur Gallica, sa biblioth\u00e8que num\u00e9rique.\r\n\r\nEn entreprenant de redonner vie \u00e0 ces ouvrages au travers d'une collection de livres r\u00e9imprim\u00e9s \u00e0 la demande, nous leur donnons la possibilit\u00e9 de rencontrer un public \u00e9largi et participons \u00e0 la transmission de connaissances et de savoirs parfois difficilement accessibles.\r\nNous avons cherch\u00e9 \u00e0 concilier la reproduction fid\u00e8le d'un livre ancien \u00e0 partir de sa version num\u00e9ris\u00e9e avec le souci d'un confort de lecture optimal. Nous esp\u00e9rons que les ouvrages de cette nouvelle collection vous apporteront enti\u00e8re satisfaction.\r\n\r\nPour plus d'informations, rendez-vous sur www.hachettebnf.fr http:\/\/gallica.bnf.fr\/ark:\/12148\/bpt6k5785660s\r","authors":[],"category_codes":["1000000","1060000","1060200"],"visuals":{"large":"https:\/\/images.epagine.fr\/212\/9782013436212_1_75.jpg","medium":"https:\/\/images.epagine.fr\/212\/9782013436212_1_m.jpg","thumbnail":"https:\/\/images.epagine.fr\/212\/9782013436212_1_v.jpg"},"orderable":true,"show_badge":true,"formatted_price":"11,90&nbsp;\u20ac","formatted_published_date":"1er septembre 2014","publisher_availability_label":"Sur commande","short_details":"Hachette BNF","translator":null,"weight":116,"page_count":null,"readership":null,"editor":"Hachette BNF","price":1190,"published_date":"2014-08-31T22:00:00.000000Z","support":"Grand format","publisher_availability":1,"stock":0,"editions":[],"url":"https:\/\/quaidesbrumes.com\/ouvrage\/9782013436212\/memoire-historique-et-politique-pour-la-ville-de-la-basse-terre"},{"id":"9782738447357","title":"Poli. : M\u00e9moire d'une femme pygm\u00e9e (R\u00e9cit)","description":null,"authors":["Daniel Boursier"],"category_codes":["1000000","1060000"],"visuals":{"large":"https:\/\/images.epagine.fr\/357\/9782738447357_1_75.jpg","medium":"https:\/\/images.epagine.fr\/357\/9782738447357_1_m.jpg","thumbnail":"https:\/\/images.epagine.fr\/357\/9782738447357_1_v.jpg"},"orderable":true,"show_badge":true,"formatted_price":"21,00&nbsp;\u20ac","formatted_published_date":"14 mai 1997","publisher_availability_label":"Sur commande","short_details":"Daniel Boursier \u2014 \u00c9ditions L'Harmattan","translator":null,"weight":250,"page_count":190,"readership":null,"editor":"\u00c9ditions L'Harmattan","price":2100,"published_date":"1997-05-13T22:00:00.000000Z","support":"Grand format","publisher_availability":1,"stock":0,"editions":[],"url":"https:\/\/quaidesbrumes.com\/ouvrage\/9782738447357\/poli-memoire-dune-femme-pygmee-recit"},{"id":"9782866794026","title":"Au-dela des barreaux, l'esperance","description":"Un livre incontestable parce que vrai ! L'auteur sait de quoi il parle pour avoir \u00e9t\u00e9 longtemps aum\u00f4nier de prison. Le lecteur rencontre au jour le jour ceux que l'on nomme des \"d\u00e9tenus\" et qui sont avant tout des hommes avec des histoires qui pourraient","authors":["Guillaume Moureau"],"category_codes":["1000000","1060000","1060300"],"visuals":{"large":"https:\/\/images.epagine.fr\/026\/9782866794026_1_75.jpg","medium":"https:\/\/images.epagine.fr\/026\/9782866794026_1_m.jpg","thumbnail":"https:\/\/images.epagine.fr\/026\/9782866794026_1_v.jpg"},"orderable":true,"show_badge":true,"formatted_price":"13,00&nbsp;\u20ac","formatted_published_date":"8 juin 2005","publisher_availability_label":"Sur commande","short_details":"Guillaume Moureau \u2014 Jubile - Le Sarment Editions","translator":null,"weight":308,"page_count":null,"readership":null,"editor":"Jubile - Le Sarment Editions","price":1300,"published_date":"2005-06-07T22:00:00.000000Z","support":"Grand format","publisher_availability":1,"stock":0,"editions":[],"url":"https:\/\/quaidesbrumes.com\/ouvrage\/9782866794026\/au-dela-des-barreaux-lesperance"},{"id":"9782226158604","title":"Une reine de l'Occupation : La vie incroyable et aventuri\u00e8re de Laure Dissard","description":"De la IIIe \u00e0 la Ve R\u00e9publique, le destin de Laure Dissard (1914-1991) illustre jusqu'\u00e0 l'extr\u00eame une pratique sociale qui veut que l'habile gestion d'un carnet d'adresses alli\u00e9e \u00e0 peu de scrupules constitue le meilleur passeport vers un enrichissement personnel aussi rapide qu'abondant.\r\n  Dot\u00e9e d'un pouvoir de s\u00e9duction exceptionnel, Laure Dissard a connu sa p\u00e9riode de gloire durant l'Occupation, lorsque dans son salon parisien se pressait tout ce que la collaboration avec les nazis avait de plus recherch\u00e9. Ce qui, apr\u00e8s la d\u00e9faite du IIIe Reich, ne l'emp\u00eacha pas d'appara\u00eetre comme une \u00ab h\u00e9ro\u00efne de la R\u00e9sistance \u00bb paradant au bras d'un responsable des services secrets am\u00e9ricains...\r\n  Extraordinaire aventure humaine que celle de cette femme qui, co\u00fbte que co\u00fbte, et m\u00eame quand l'\u00e2ge commen\u00e7a \u00e0 rendre plus difficile sa manipulation des hommes, s'effor\u00e7a de donner corps \u00e0 ses mensonges et y parvint souvent.","authors":["Gilbert Joseph"],"category_codes":["1000000","1060000","1060200"],"visuals":{"large":"https:\/\/images.epagine.fr\/604\/9782226158604_1_75.jpg","medium":"https:\/\/images.epagine.fr\/604\/9782226158604_1_m.jpg","thumbnail":"https:\/\/images.epagine.fr\/604\/9782226158604_1_v.jpg"},"orderable":true,"show_badge":true,"formatted_price":"21,80&nbsp;\u20ac","formatted_published_date":"30 mars 2005","publisher_availability_label":"Sur commande","short_details":"Gilbert Joseph \u2014 Albin Michel","translator":null,"weight":518,"page_count":377,"readership":null,"editor":"Albin Michel","price":2180,"published_date":"2005-03-29T22:00:00.000000Z","support":"Grand format","publisher_availability":1,"stock":0,"editions":[],"url":"https:\/\/quaidesbrumes.com\/ouvrage\/9782226158604\/une-reine-de-loccupation-la-vie-incroyable-et-aventuriere-de-laure-dissard"},{"id":"9782738402882","title":"Le d\u00e9fi urbain en Afrique","description":"Fruit des r\u00e9flexions de l'auteur sur son travail dans le secteur de l'habitat et du d\u00e9veloppement urbain, cet ouvrage analyse les politiques urbaines en vigueur et propose certaines solutions fond\u00e9es sur la participation populaire et la d\u00e9mocratisation.\r","authors":["Gapyisi Emmanuel"],"category_codes":["1000000","1060000","1060300"],"visuals":{"large":"https:\/\/images.epagine.fr\/882\/9782738402882_1_75.jpg","medium":"https:\/\/images.epagine.fr\/882\/9782738402882_1_m.jpg","thumbnail":"https:\/\/images.epagine.fr\/882\/9782738402882_1_v.jpg"},"orderable":true,"show_badge":true,"formatted_price":"15,50&nbsp;\u20ac","formatted_published_date":"8 juin 1990","publisher_availability_label":"Sur commande","short_details":"Gapyisi Emmanuel \u2014 \u00c9ditions L'Harmattan","translator":null,"weight":256,"page_count":null,"readership":null,"editor":"\u00c9ditions L'Harmattan","price":1550,"published_date":"1990-06-07T22:00:00.000000Z","support":"Grand format","publisher_availability":1,"stock":0,"editions":[],"url":"https:\/\/quaidesbrumes.com\/ouvrage\/9782738402882\/le-defi-urbain-en-afrique"},{"id":"9782738404763","title":"La soci\u00e9t\u00e9 malade du ch\u00f4mage","description":" \r","authors":["Jacques Denantes"],"category_codes":["1000000","1060000","1060300"],"visuals":{"large":"https:\/\/images.epagine.fr\/763\/9782738404763_1_75.jpg","medium":"https:\/\/images.epagine.fr\/763\/9782738404763_1_m.jpg","thumbnail":"https:\/\/images.epagine.fr\/763\/9782738404763_1_v.jpg"},"orderable":true,"show_badge":true,"formatted_price":"14,50&nbsp;\u20ac","formatted_published_date":"3 mai 2000","publisher_availability_label":"Sur commande","short_details":"Jacques Denantes \u2014 \u00c9ditions L'Harmattan","translator":null,"weight":218,"page_count":null,"readership":null,"editor":"\u00c9ditions L'Harmattan","price":1450,"published_date":"2000-05-02T22:00:00.000000Z","support":"Grand format","publisher_availability":1,"stock":0,"editions":[],"url":"https:\/\/quaidesbrumes.com\/ouvrage\/9782738404763\/la-societe-malade-du-chomage"},{"id":"9782738406514","title":"Tu vivras,  zinet","description":null,"authors":["Ben-Aissa Khelfa"],"category_codes":["1000000","1060000","1060100"],"visuals":{"large":"https:\/\/images.epagine.fr\/514\/9782738406514_1_75.jpg","medium":"https:\/\/images.epagine.fr\/514\/9782738406514_1_m.jpg","thumbnail":"https:\/\/images.epagine.fr\/514\/9782738406514_1_v.jpg"},"orderable":true,"show_badge":true,"formatted_price":"13,50&nbsp;\u20ac","formatted_published_date":"1er janvier 1990","publisher_availability_label":"Sur commande","short_details":"Ben-Aissa Khelfa \u2014 \u00c9ditions L'Harmattan","translator":null,"weight":246,"page_count":null,"readership":null,"editor":"\u00c9ditions L'Harmattan","price":1350,"published_date":"1989-12-31T23:00:00.000000Z","support":"Grand format","publisher_availability":1,"stock":0,"editions":[],"url":"https:\/\/quaidesbrumes.com\/ouvrage\/9782738406514\/tu-vivras-zinet"},{"id":"9782738430557","title":"Architecte des lumieres  jean-jacques huve 1742-1808","description":null,"authors":["Huve Jean-Claude"],"category_codes":["1000000","1060000","1060100"],"visuals":{"large":"https:\/\/quaidesbrumes.com\/img\/book-placeholder.png","medium":"https:\/\/quaidesbrumes.com\/img\/book-placeholder.png","thumbnail":"https:\/\/quaidesbrumes.com\/img\/book-placeholder.png"},"orderable":true,"show_badge":true,"formatted_price":"19,30&nbsp;\u20ac","formatted_published_date":"1er d\u00e9cembre 1994","publisher_availability_label":"Sur commande","short_details":"Huve Jean-Claude \u2014 \u00c9ditions L'Harmattan","translator":null,"weight":412,"page_count":null,"readership":null,"editor":"\u00c9ditions L'Harmattan","price":1930,"published_date":"1994-11-30T23:00:00.000000Z","support":"Grand format","publisher_availability":1,"stock":0,"editions":[],"url":"https:\/\/quaidesbrumes.com\/ouvrage\/9782738430557\/architecte-des-lumieres-jean-jacques-huve-1742-1808"},{"id":"9782013415392","title":"Bibliographie coreenne : tableau litteraire de la coree t2 - nomenclature des ouvrages publies dans","description":"Bibliographie cor\u00e9enne : tableau litt\u00e9raire de la Cor\u00e9e, contenant la nomenclature des ouvrages publi\u00e9s dans ce pays jusqu'en 1890.... Tome 2 \/ par Maurice Courant,...\r\nDate de l'\u00e9dition originale : 1894-1897 Sujet de l'ouvrage : Cor\u00e9e -- Civilisation -- Bibliographie analytiqueCor\u00e9e -- Civilisation -- Bibliographie analytique Collection : Publications de l'\u00c9cole des langues orientales vivantes ; 18-20 Ce livre est la reproduction fid\u00e8le d'une oeuvre publi\u00e9e avant 1920 et fait partie d'une collection de livres r\u00e9imprim\u00e9s \u00e0 la demande \u00e9dit\u00e9e par Hachette Livre, dans le cadre d'un partenariat avec la Biblioth\u00e8que nationale de France, offrant l'opportunit\u00e9 d'acc\u00e9der \u00e0 des ouvrages anciens et souvent rares issus des fonds patrimoniaux de la BnF.\r\nLes oeuvres faisant partie de cette collection ont \u00e9t\u00e9 num\u00e9ris\u00e9es par la BnF et sont pr\u00e9sentes sur Gallica, sa biblioth\u00e8que num\u00e9rique.\r\n\r\nEn entreprenant de redonner vie \u00e0 ces ouvrages au travers d'une collection de livres r\u00e9imprim\u00e9s \u00e0 la demande, nous leur donnons la possibilit\u00e9 de rencontrer un public \u00e9largi et participons \u00e0 la transmission de connaissances et de savoirs parfois difficilement accessibles.\r\nNous avons cherch\u00e9 \u00e0 concilier la reproduction fid\u00e8le d'un livre ancien \u00e0 partir de sa version num\u00e9ris\u00e9e avec le souci d'un confort de lecture optimal. Nous esp\u00e9rons que les ouvrages de cette nouvelle collection vous apporteront enti\u00e8re satisfaction.\r\n\r\nPour plus d'informations, rendez-vous sur www.hachettebnf.fr\r","authors":["Maurice Courant"],"category_codes":["1000000","1060000","1060200"],"visuals":{"large":"https:\/\/images.epagine.fr\/392\/9782013415392_1_75.jpg","medium":"https:\/\/images.epagine.fr\/392\/9782013415392_1_m.jpg","thumbnail":"https:\/\/images.epagine.fr\/392\/9782013415392_1_v.jpg"},"orderable":true,"show_badge":true,"formatted_price":"33,40&nbsp;\u20ac","formatted_published_date":"1er septembre 2014","publisher_availability_label":"Sur commande","short_details":"Maurice Courant \u2014 Hachette BNF","translator":null,"weight":839,"page_count":null,"readership":null,"editor":"Hachette BNF","price":3340,"published_date":"2014-08-31T22:00:00.000000Z","support":"Grand format","publisher_availability":1,"stock":0,"editions":[],"url":"https:\/\/quaidesbrumes.com\/ouvrage\/9782013415392\/bibliographie-coreenne-tableau-litteraire-de-la-coree-t2-nomenclature-des-ouvrages-publies-dans"},{"id":"9782753400177","title":"L'\u00e9difiante histoire de green.com","description":"Invit\u00e9 de l'\u00e9mission hebdomadaire Business Challenge diffus\u00e9e sur France 1, Georges Dieudonn\u00e9, P-D.\r\nG. du groupe GGG, annonce sur un coup de bluff la cr\u00e9ation d'une myst\u00e9rieuse cellule de communication au sein de son groupe afin de justifier... la couleur verte de sa cravate. L'entreprise machine se met alors en branle : les directeurs d\u00e9signent les membres de la cellule et les services s'affrontent ou s'espionnent. Mais... Quelle est la fonction Green.com ? Personne ne le sait, pas m\u00eame ses membres.\r\nLa cellule Green.com devient alors une entit\u00e9 autonome qui soul\u00e8ve des li\u00e8vres. L'\u00e9difiante histoire de Green.com est un roman hilarant et effront\u00e9 sur le monde de l'entreprise, de la communication \u00e0 tout prix et de ses d\u00e9rives.\r","authors":["B\u00e9atrice Hammer"],"category_codes":["1000000","1060000","1060300"],"visuals":{"large":"https:\/\/images.epagine.fr\/177\/9782753400177_1_75.jpg","medium":"https:\/\/images.epagine.fr\/177\/9782753400177_1_m.jpg","thumbnail":"https:\/\/images.epagine.fr\/177\/9782753400177_1_v.jpg"},"orderable":true,"show_badge":true,"formatted_price":"18,00&nbsp;\u20ac","formatted_published_date":"1er novembre 2004","publisher_availability_label":"Sur commande","short_details":"B\u00e9atrice Hammer \u2014 A Contrario","translator":null,"weight":0,"page_count":null,"readership":null,"editor":"A Contrario","price":1800,"published_date":"2004-10-31T23:00:00.000000Z","support":"Grand format","publisher_availability":1,"stock":0,"editions":[],"url":"https:\/\/quaidesbrumes.com\/ouvrage\/9782753400177\/ledifiante-histoire-de-greencom"},{"id":"9782738473899","title":"Ins\u00e9curit\u00e9 : nouveaux risques ; les quartiers de tous les dangers","description":"Toujours plus mena\u00e7ante, l'ins\u00e9curit\u00e9 suscite de nombreuses analyses et un large d\u00e9bat o\u00f9 la voix des chercheurs, journalistes, politiques couvre celle des praticiens.\r\nPour la premi\u00e8re fois un policier, acteur de la s\u00e9curit\u00e9 dans les banlieues les plus dures, praticien des partenariats op\u00e9rationnels et de la politique de la ville, apporte une contribution qui, d\u00e9passant le t\u00e9moignage autobiographique ou le manifeste syndical, atteint la dimension de l'ouvrage de r\u00e9f\u00e9rence. Mettant \u00e0 plat la vie des zones urbaines sensibles il en d\u00e9monte tous les ressorts pour isoler et analyser les risques de d\u00e9stabilisation de notre soci\u00e9t\u00e9 : la violence urbaine, la d\u00e9linquance des mineurs enfin assum\u00e9es, hyperm\u00e9diatis\u00e9es, mais dont les causes et les manifestations demeurent mal comprises et aussi, parfois soigneusement dissimul\u00e9es derri\u00e8re des d\u00e9guisements abusant \u00e9lus et m\u00e9dias, la drogue, le communautarisme ethno-national, l'int\u00e9grisme islamiste, les d\u00e9rives associatives...\r\nCet ouvrage est le premier \u00e9l\u00e9ment d'un diptyque dont le deuxi\u00e8me volet \" Ins\u00e9curit\u00e9 : nouveaux enjeux. L'expertise et les propositions polici\u00e8res \" para\u00eetra prochainement dans la m\u00eame collection.\r","authors":["Richard Bousquet"],"category_codes":["1000000","1060000","1060300"],"visuals":{"large":"https:\/\/images.epagine.fr\/899\/9782738473899_1_75.jpg","medium":"https:\/\/images.epagine.fr\/899\/9782738473899_1_m.jpg","thumbnail":"https:\/\/images.epagine.fr\/899\/9782738473899_1_v.jpg"},"orderable":true,"show_badge":true,"formatted_price":"22,50&nbsp;\u20ac","formatted_published_date":"1er d\u00e9cembre 1998","publisher_availability_label":"Sur commande","short_details":"Richard Bousquet \u2014 \u00c9ditions L'Harmattan","translator":null,"weight":330,"page_count":236,"readership":null,"editor":"\u00c9ditions L'Harmattan","price":2250,"published_date":"1998-11-30T23:00:00.000000Z","support":"Grand format","publisher_availability":1,"stock":0,"editions":[],"url":"https:\/\/quaidesbrumes.com\/ouvrage\/9782738473899\/insecurite-nouveaux-risques-les-quartiers-de-tous-les-dangers"},{"id":"9782080686848","title":"Je ne peux plus me sentir","description":"\r\nUn matin, le 19 d\u00e9cembre 2001, Michel Doriez se r\u00e9veille\r\net ne sent plus rien. Il croit d'abord que ce handicap est\r\npassager. Il le trouve m\u00eame dr\u00f4le : ce livre commence\r\ndonc comme une com\u00e9die, celle d'un homme sans nez,\r\nexil\u00e9 des ar\u00f4mes, inconscient de sa propre odeur. Petit \u00e0\r\npetit, il r\u00e9alise qu'il s'agit d'une maladie grave : l'agueusie-anosmie,\r\nqui d\u00e9g\u00e9n\u00e8re en d\u00e9pression. Il entreprend alors\r\nle long parcours du malade dans le labyrinthe des innombrables\r\nob\u00e9diences m\u00e9dicales. Michel Doriez d\u00e9crit les\r\ndangers de ce handicap (comment savoir s'il y a le feu oe),\r\nses cons\u00e9quences (pourquoi n'ai-je plus de libido oe), ses\r\nridicules (et si je puais oe). Victime d'une gr\u00e8ve g\u00e9n\u00e9rale\r\nde sa perception du monde et du cambriolage de ses\r\nsouvenirs, Michel Doriez survit depuis plus de trois ans\r\ndans un monde sans parfum.\r\n\r\n\r","authors":["Michel Doriez"],"category_codes":["1000000","1060000"],"visuals":{"large":"https:\/\/images.epagine.fr\/848\/9782080686848_1_75.jpg","medium":"https:\/\/images.epagine.fr\/848\/9782080686848_1_m.jpg","thumbnail":"https:\/\/images.epagine.fr\/848\/9782080686848_1_v.jpg"},"orderable":true,"show_badge":true,"formatted_price":"18,00&nbsp;\u20ac","formatted_published_date":"13 avril 2005","publisher_availability_label":"Sur commande","short_details":"Michel Doriez \u2014 Flammarion","translator":null,"weight":270,"page_count":192,"readership":null,"editor":"Flammarion","price":1800,"published_date":"2005-04-12T22:00:00.000000Z","support":"Grand format","publisher_availability":1,"stock":0,"editions":[],"url":"https:\/\/quaidesbrumes.com\/ouvrage\/9782080686848\/je-ne-peux-plus-me-sentir"},{"id":"9782747580410","title":"Mes afriques - carnets","description":"Ces carnets, spontan\u00e9s, \u00e9crits au sortir d'un coup de col\u00e8re, d'un fou rire ou d'un moment d'angoisse t\u00e9moignent de cette Afrique multiple avec, chaque fois un regard diff\u00e9rent, une \u00e9criture diff\u00e9rente sur des pays comme le Tchad, le Cameroun, le Congo, le Za\u00efre et le Gabon.\r","authors":["Martine Chabbert"],"category_codes":["1000000","1060000"],"visuals":{"large":"https:\/\/images.epagine.fr\/410\/9782747580410_1_75.jpg","medium":"https:\/\/images.epagine.fr\/410\/9782747580410_1_m.jpg","thumbnail":"https:\/\/images.epagine.fr\/410\/9782747580410_1_v.jpg"},"orderable":true,"show_badge":true,"formatted_price":"15,00&nbsp;\u20ac","formatted_published_date":"2 mars 2005","publisher_availability_label":"Sur commande","short_details":"Martine Chabbert \u2014 \u00c9ditions L'Harmattan","translator":null,"weight":150,"page_count":154,"readership":null,"editor":"\u00c9ditions L'Harmattan","price":1500,"published_date":"2005-03-01T23:00:00.000000Z","support":"Grand format","publisher_availability":1,"stock":0,"editions":[],"url":"https:\/\/quaidesbrumes.com\/ouvrage\/9782747580410\/mes-afriques-carnets"},{"id":"9782738416674","title":"Dieu aime celui qui aime  les dattes","description":null,"authors":["Andree Ghillet"],"category_codes":["1000000","1060000","1060100"],"visuals":{"large":"https:\/\/quaidesbrumes.com\/img\/book-placeholder.png","medium":"https:\/\/quaidesbrumes.com\/img\/book-placeholder.png","thumbnail":"https:\/\/quaidesbrumes.com\/img\/book-placeholder.png"},"orderable":true,"show_badge":true,"formatted_price":"22,35&nbsp;\u20ac","formatted_published_date":"3 mai 2000","publisher_availability_label":"Sur commande","short_details":"Andree Ghillet \u2014 \u00c9ditions L'Harmattan","translator":null,"weight":360,"page_count":null,"readership":null,"editor":"\u00c9ditions L'Harmattan","price":2235,"published_date":"2000-05-02T22:00:00.000000Z","support":"Grand format","publisher_availability":1,"stock":0,"editions":[],"url":"https:\/\/quaidesbrumes.com\/ouvrage\/9782738416674\/dieu-aime-celui-qui-aime-les-dattes"},{"id":"9782738433299","title":"La migration maduraise vers l'est de Java ; manger le vent ou gratter la terre","description":null,"authors":["Laurence Husson"],"category_codes":["1000000","1060000","1060300"],"visuals":{"large":"https:\/\/images.epagine.fr\/299\/9782738433299_1_75.jpg","medium":"https:\/\/images.epagine.fr\/299\/9782738433299_1_m.jpg","thumbnail":"https:\/\/images.epagine.fr\/299\/9782738433299_1_v.jpg"},"orderable":true,"show_badge":true,"formatted_price":"41,50&nbsp;\u20ac","formatted_published_date":"3 mai 2000","publisher_availability_label":"Sur commande","short_details":"Laurence Husson \u2014 \u00c9ditions L'Harmattan","translator":null,"weight":596,"page_count":null,"readership":null,"editor":"\u00c9ditions L'Harmattan","price":4150,"published_date":"2000-05-02T22:00:00.000000Z","support":"Grand format","publisher_availability":1,"stock":0,"editions":[],"url":"https:\/\/quaidesbrumes.com\/ouvrage\/9782738433299\/la-migration-maduraise-vers-lest-de-java-manger-le-vent-ou-gratter-la-terre"},{"id":"9782738446961","title":"R\u00e9cits d'un routier du d\u00e9veloppement","description":null,"authors":["Georges Zottola"],"category_codes":["1000000","1060000","1060300"],"visuals":{"large":"https:\/\/images.epagine.fr\/961\/9782738446961_1_75.jpg","medium":"https:\/\/images.epagine.fr\/961\/9782738446961_1_m.jpg","thumbnail":"https:\/\/images.epagine.fr\/961\/9782738446961_1_v.jpg"},"orderable":true,"show_badge":true,"formatted_price":"12,00&nbsp;\u20ac","formatted_published_date":"1er novembre 1996","publisher_availability_label":"Sur commande","short_details":"Georges Zottola \u2014 \u00c9ditions L'Harmattan","translator":null,"weight":182,"page_count":null,"readership":null,"editor":"\u00c9ditions L'Harmattan","price":1200,"published_date":"1996-10-31T23:00:00.000000Z","support":"Grand format","publisher_availability":1,"stock":0,"editions":[],"url":"https:\/\/quaidesbrumes.com\/ouvrage\/9782738446961\/recits-dun-routier-du-developpement"},{"id":"9782738448330","title":"Socio-\u00e9conomie du ch\u00f4mage","description":"Voici un livre europ\u00e9en sur le ch\u00f4mage. Un livre qui parle du ch\u00f4mage, du point de vue des ch\u00f4meurs, de la th\u00e9orie sociale europ\u00e9enne, du salariat, des indigents et \u00abpaupers \", des migrants et des immigr\u00e9s. Cet ouvrage est une sorte de voyage critique dans l'histoire du ch\u00f4mage et du salariat, l'un \u00e9tant le reflet de l'autre. Il s'attache autant aux ch\u00f4meurs qu'aux ch\u00f4mages, aux hommes et aux femmes, dans leurs espaces domestiques, leur rapports r\u00e9ciproques, sociaux et marchands. Cette histoire de la pens\u00e9e sociologique du ch\u00f4mage se b\u00e2tit dans un aller et retour constant des diff\u00e9rents pays.\r","authors":["Enrico Pugliese"],"category_codes":["1000000","1060000","1060300"],"visuals":{"large":"https:\/\/images.epagine.fr\/330\/9782738448330_1_75.jpg","medium":"https:\/\/images.epagine.fr\/330\/9782738448330_1_m.jpg","thumbnail":"https:\/\/images.epagine.fr\/330\/9782738448330_1_v.jpg"},"orderable":true,"show_badge":true,"formatted_price":"24,00&nbsp;\u20ac","formatted_published_date":"21 f\u00e9vrier 1997","publisher_availability_label":"Sur commande","short_details":"Enrico Pugliese \u2014 \u00c9ditions L'Harmattan","translator":null,"weight":320,"page_count":null,"readership":null,"editor":"\u00c9ditions L'Harmattan","price":2400,"published_date":"1997-02-20T23:00:00.000000Z","support":"Grand format","publisher_availability":1,"stock":0,"editions":[],"url":"https:\/\/quaidesbrumes.com\/ouvrage\/9782738448330\/socio-economie-du-chomage"},{"id":"9782738456809","title":"Anecdotes...sous la botte ; dans les rues de Paris vers la lib\u00e9ration","description":"A partir de souvenirs souvent tr\u00e8s \u00e9mouvants, dr\u00f4les parfois cependant, l'auteur relate des faits v\u00e9cus sous l'occupation qui permettent de recr\u00e9er l'atmosph\u00e8re de cette sombre \u00e9poque, plus d'un demi-si\u00e8cle apr\u00e8s. Quant aux journ\u00e9es pr\u00e9c\u00e9dant la lib\u00e9ration de Paris, elles ont \u00e9t\u00e9 \u00e9crites au jour le jour.\r","authors":["Pascale Moisson"],"category_codes":["1000000","1060000","1060100"],"visuals":{"large":"https:\/\/images.epagine.fr\/809\/9782738456809_1_75.jpg","medium":"https:\/\/images.epagine.fr\/809\/9782738456809_1_m.jpg","thumbnail":"https:\/\/images.epagine.fr\/809\/9782738456809_1_v.jpg"},"orderable":true,"show_badge":true,"formatted_price":"12,00&nbsp;\u20ac","formatted_published_date":"1er mars 1998","publisher_availability_label":"Sur commande","short_details":"Pascale Moisson \u2014 \u00c9ditions L'Harmattan","translator":null,"weight":200,"page_count":null,"readership":null,"editor":"\u00c9ditions L'Harmattan","price":1200,"published_date":"1998-02-28T23:00:00.000000Z","support":"Grand format","publisher_availability":1,"stock":0,"editions":[],"url":"https:\/\/quaidesbrumes.com\/ouvrage\/9782738456809\/anecdotessous-la-botte-dans-les-rues-de-paris-vers-la-liberation"},{"id":"9782738457325","title":"Alexandre de Humboldt : Historien et g\u00e9ographe de l'Am\u00e9rique espagnole (1799-1804)","description":"Le voyage d'Alexandre de Humboldt en Am\u00e9rique espagnole ouvre la voie aux grandes exp\u00e9ditions scientifiques du XIX\u00e8 si\u00e8cle. Naturaliste, physicien, g\u00e9ographe et historien, Humboldt a rapport\u00e9 d'Am\u00e9rique une masse \u00e9norme de donn\u00e9es et d'observations. Les trente volumes de son Voyage aux r\u00e9gions \u00e9quinoxiales du Nouveau Continent couvrent trois vastes domaines: sciences de la Terre, sciences naturelles et sciences de l'homme. Charles Minguet pr\u00e9sente et analyse les r\u00e9sultats du voyage et surtout l'\u00e9tude humboldtienne des groupes humains, coexistant en Am\u00e9rique sous la domination espagnole. Humboldt r\u00e9\u00e9value le pass\u00e9 indig\u00e8ne pr\u00e9colombien, en fondant l'anthropologie, l'ethnologie et l'arch\u00e9ologie am\u00e9ricanistes. En m\u00eame temps, il dresse un tableau g\u00e9ographique, \u00e9conomique, politique, total et chiffr\u00e9.","authors":["Charles Minguet"],"category_codes":["1000000","1060000"],"visuals":{"large":"https:\/\/images.epagine.fr\/325\/9782738457325_1_75.jpg","medium":"https:\/\/images.epagine.fr\/325\/9782738457325_1_m.jpg","thumbnail":"https:\/\/images.epagine.fr\/325\/9782738457325_1_v.jpg"},"orderable":true,"show_badge":true,"formatted_price":"48,00&nbsp;\u20ac","formatted_published_date":"3 mai 2000","publisher_availability_label":"Sur commande","short_details":"Charles Minguet \u2014 \u00c9ditions L'Harmattan","translator":null,"weight":720,"page_count":520,"readership":null,"editor":"\u00c9ditions L'Harmattan","price":4800,"published_date":"2000-05-02T22:00:00.000000Z","support":"Grand format","publisher_availability":1,"stock":0,"editions":[],"url":"https:\/\/quaidesbrumes.com\/ouvrage\/9782738457325\/alexandre-de-humboldt-historien-et-geographe-de-lamerique-espagnole-1799-1804"},{"id":"9782738468932","title":"La motivation au travail des cadres africains","description":"Pour pallier l'insuffisance d'\u00e9tudes relatives \u00e0 la motivation au travail du personnel d'encadrement africain, l'auteur a conduit deux recherches empiriques portant sur un \u00e9chantillon de 417 cadres de diff\u00e9rents niveaux hi\u00e9rarchiques appartenant \u00e0 une cinquantaine d'organisations.\r\nLes r\u00e9sultats montrent que les attributs personnels, les caract\u00e9ristiques de la t\u00e2che, les facteurs organisationnels et les variables de l'environnement soci\u00e9tal influencent la motivation au travail des cadres africains. S'appuyant sur ces quatre groupes de variables, l'auteur \u00e9tablit un profil motivationnel du cadre africain et pr\u00e9sente \u00e9galement un mod\u00e8le syst\u00e9mique de la motivation au travail. Par sa clart\u00e9 et la rigueur de la d\u00e9marche scientifique, cet ouvrage constitue un outil essentiel aussi bien pour les chercheurs en psychologie du travail et en management que pour les praticiens des ressources humaines et les chefs d'entreprise.\r\nDans un contexte \u00e9conomique marqu\u00e9 par les privatisations et une importance d\u00e9sormais accord\u00e9e au secteur priv\u00e9, une \u00e9tude sur la motivation au travail des cadres reste d'une importance capitale pour les entreprises africaines.\r","authors":["Constant D. Beugre"],"category_codes":["1000000","1060000","1060300"],"visuals":{"large":"https:\/\/images.epagine.fr\/932\/9782738468932_1_75.jpg","medium":"https:\/\/images.epagine.fr\/932\/9782738468932_1_m.jpg","thumbnail":"https:\/\/images.epagine.fr\/932\/9782738468932_1_v.jpg"},"orderable":true,"show_badge":true,"formatted_price":"19,00&nbsp;\u20ac","formatted_published_date":"3 mai 2000","publisher_availability_label":"Sur commande","short_details":"Constant D. Beugre \u2014 \u00c9ditions L'Harmattan","translator":null,"weight":240,"page_count":196,"readership":null,"editor":"\u00c9ditions L'Harmattan","price":1900,"published_date":"2000-05-02T22:00:00.000000Z","support":"Grand format","publisher_availability":1,"stock":0,"editions":[],"url":"https:\/\/quaidesbrumes.com\/ouvrage\/9782738468932\/la-motivation-au-travail-des-cadres-africains"},{"id":"9782738469175","title":"Immigration et march\u00e9 du travail ; le d\u00e9veloppement de la flexibilit\u00e9 en France","description":"Voici un \u00e9clairage de la question de l'int\u00e9gration des populations issues de l'immigration dans la soci\u00e9t\u00e9 fran\u00e7aise qui prend en compte la dimension de l'insertion professionnelle.\r\nL'assimilation, vue comme un processus de hi\u00e9rarchisation des cultures, s'av\u00e8re \u00eatre la r\u00e8gle dans les entreprises, et la situation du march\u00e9 du travail impose une individualisation des trajectoires concomitantes d'une pr\u00e9carit\u00e9 de masse. L'analyse du fonctionnement du march\u00e9 du travail permet de relier celui-ci avec les \u00e9volutions de la stratification sociale. La constitution d'une \"cat\u00e9gorie immigr\u00e9e\", - d\u00e9j\u00e0 perceptible dans les ann\u00e9es 60 - a r\u00e9sult\u00e9 d'un mode de gestion qui implique l'absence d'\u00e9volution de carri\u00e8re, ainsi que de la nouveaut\u00e9 de l'attrait de la soci\u00e9t\u00e9 de consommation.\r\nL'\u00e9volution des politiques d'emploi des entreprises, cons\u00e9cutive \u00e0 la mesure officielle d'arr\u00eat des flux migratoires en 1974, a remis en question la place relative des nationaux et des \u00e9trangers. Elle a co\u00efncid\u00e9 avec la fin du fordisme et l'\u00e9mergence de nouveaux modes d'organisation d\u00e9centralis\u00e9s. La recomposition des proc\u00e8s de travail et des relations sociales a abouti \u00e0 de nouvelles segmentations du monde du travail.\r\nL'int\u00e9gration est en r\u00e9alit\u00e9 ins\u00e9parable d'une transformation des rapports sociaux allant dans le sens d'une att\u00e9nuation de la division du travail et d'une \u00e9galit\u00e9 des droits sociaux.\r","authors":["Odile Merckling"],"category_codes":["1000000","1060000","1060300"],"visuals":{"large":"https:\/\/images.epagine.fr\/175\/9782738469175_1_75.jpg","medium":"https:\/\/images.epagine.fr\/175\/9782738469175_1_m.jpg","thumbnail":"https:\/\/images.epagine.fr\/175\/9782738469175_1_v.jpg"},"orderable":true,"show_badge":true,"formatted_price":"33,00&nbsp;\u20ac","formatted_published_date":"3 mai 2000","publisher_availability_label":"Sur commande","short_details":"Odile Merckling \u2014 \u00c9ditions L'Harmattan","translator":null,"weight":508,"page_count":410,"readership":null,"editor":"\u00c9ditions L'Harmattan","price":3300,"published_date":"2000-05-02T22:00:00.000000Z","support":"Grand format","publisher_availability":1,"stock":0,"editions":[],"url":"https:\/\/quaidesbrumes.com\/ouvrage\/9782738469175\/immigration-et-marche-du-travail-le-developpement-de-la-flexibilite-en-france"},{"id":"9782738472878","title":"Simone de Beauvoir ; l'autre en miroir","description":"Simone de Beauvoir et son oeuvre sont moins connues qu'on ne pense.\r\n\r\nEn prenant en compte l'ensemble de ses \u00e9crits, qu'il s'agisse d'essais, de fictions ou d'autobiographie, c'est une Simone de Beauvoir insoup\u00e7onn\u00e9e, dans sa qu\u00eate d'une pens\u00e9e originale sur la diff\u00e9rence des sexes et le rapport \u00e0 l'autre, que nous donne \u00e0 voir Fran\u00e7oise R\u00e9tif. \r\nElle nous propose une lecture de l'oeuvre au fil d'une m\u00e9taphore essentielle, l'autre en miroir, c'est-\u00e0-dire l'autre d\u00e9sir\u00e9 \u00e0 la fois dans sa pr\u00e9sence et dans sa distance, dans son identit\u00e9 et dans sa diff\u00e9rence.\r\n\r\nCette qu\u00eate existentielle et litt\u00e9raire appara\u00eet comme celle d'un autre monde possible, un monde androgyne, o\u00f9 le lien d'amour, d\u00e8s lors qu'il ne signifie plus ni fusion, ni neutralisation, mais pr\u00e9sence de contraires compl\u00e9mentaires et irr\u00e9ductibles, peut r\u00e9investir le champ du politique. Ainsi se manifeste la difficile volont\u00e9 pour une femme du XXe si\u00e8cle, pour une femme-\u00e9crivain, de poursuivre et de rejeter \u00e0 la fois sa tradition culturelle et sociale.\r","authors":["Fran\u00e7oise R\u00e9tif"],"category_codes":["1000000","1060000","1060100"],"visuals":{"large":"https:\/\/images.epagine.fr\/878\/9782738472878_1_75.jpg","medium":"https:\/\/images.epagine.fr\/878\/9782738472878_1_m.jpg","thumbnail":"https:\/\/images.epagine.fr\/878\/9782738472878_1_v.jpg"},"orderable":true,"show_badge":true,"formatted_price":"20,50&nbsp;\u20ac","formatted_published_date":"3 mai 2000","publisher_availability_label":"Sur commande","short_details":"Fran\u00e7oise R\u00e9tif \u2014 \u00c9ditions L'Harmattan","translator":null,"weight":240,"page_count":null,"readership":null,"editor":"\u00c9ditions L'Harmattan","price":2050,"published_date":"2000-05-02T22:00:00.000000Z","support":"Grand format","publisher_availability":1,"stock":0,"editions":[],"url":"https:\/\/quaidesbrumes.com\/ouvrage\/9782738472878\/simone-de-beauvoir-lautre-en-miroir"},{"id":"9782738474766","title":"Visages de Platon","description":"R\u00e9cusant les interpr\u00e9tations multiples, trop personnelles, du \" platonisme \" (cette invention d'Aristote), l'auteur voit dans les Dialogues platoniciens doublement la comm\u00e9moration du philosophe (Socrate) et la d\u00e9fense et l'illustration de la Philosophie.\r\nPour Platon, la philosophie n'est pas une construction intellectuelle ; ou plut\u00f4t, cette construction, lib\u00e9r\u00e9e des contraintes du syst\u00e8me, est solidaire d'une exp\u00e9rience spirituelle. Enracin\u00e9e, comme elle est in\u00e9vitablement, dans l'espace et le temps (la Gr\u00e8ce antique), cette exp\u00e9rience est polaris\u00e9e par l'Universel et mue par une aspiration \u00e0 l'\u00e9ternel. La lecture des Dialogues (dans un ordre qui respecte sensiblement leur chronologie pr\u00e9sum\u00e9e) r\u00e9v\u00e8le sept visages de Platon et en fait \u00e9clater la forte originalit\u00e9 et la \" stup\u00e9fiante actualit\u00e9 \".\r","authors":["Marcel Deschoux"],"category_codes":["1000000","1060000","1060100"],"visuals":{"large":"https:\/\/images.epagine.fr\/766\/9782738474766_1_75.jpg","medium":"https:\/\/images.epagine.fr\/766\/9782738474766_1_m.jpg","thumbnail":"https:\/\/images.epagine.fr\/766\/9782738474766_1_v.jpg"},"orderable":true,"show_badge":true,"formatted_price":"11,00&nbsp;\u20ac","formatted_published_date":"3 mai 2000","publisher_availability_label":"Sur commande","short_details":"Marcel Deschoux \u2014 \u00c9ditions L'Harmattan","translator":null,"weight":148,"page_count":null,"readership":null,"editor":"\u00c9ditions L'Harmattan","price":1100,"published_date":"2000-05-02T22:00:00.000000Z","support":"Grand format","publisher_availability":1,"stock":0,"editions":[],"url":"https:\/\/quaidesbrumes.com\/ouvrage\/9782738474766\/visages-de-platon"}]}