{"data":[{"id":"9782894203699","title":"Suicide chez les jeunes","description":"\"J'\u00e9tais un gar\u00e7on extr\u00eamement heureux autrefois, et maintenant je suis triste, je pleure, je suis enrag\u00e9 ...\r\nQu'est-ce que je suis ? Qu'est-ce qu'il me reste ? Ma famille me d\u00e9go\u00fbte parce qu'elle me prouve que je ne suis rien ! ... Mes parents ne s'int\u00e9ressaient pas plus \u00e0 moi qu'\u00e0 un vieux coeur de pomme. dans une poubelle sale... \" (Prisme, 1995). Cet extrait du t\u00e9moignage d'un jeune, suicid\u00e9 \u00e0 l'\u00e2ge de 14 ans, d\u00e9crit la profondeur du cri lanc\u00e9 par des milliers d'autres jeunes au Qu\u00e9bec et ailleurs en Occident.\r\nIl rend compte aussi de l'impasse dans laquelle se trouvent les parents et l'entourage qui, la plupart du temps, ne soup\u00e7onnent point le drame int\u00e9rieur de leur fils ou de leur fille.\r\nLes \u00e9tudes sur le suicide font grand \u00e9tat des facteurs psychologiques et sociologiques reli\u00e9s aux malaises que vivent les jeunes. Rares sont les recherches soulignant ce qui, d'un point de vue religieux, spirituel ou th\u00e9ologique, pourrait apporter des r\u00e9ponses \u00e0 la qu\u00eate de sens et \u00e0 la qu\u00eate d'identit\u00e9 chez les jeunes.\r\nLes auteurs du pr\u00e9sent ouvrage, professeurs et collaborateurs de la Facult\u00e9 de th\u00e9ologie, d'\u00e9thique et de philosophie de l'Universit\u00e9 de Sherbrooke, offrent aux \u00e9ducateurs, aux parents, aux intervenants, \u00e0 toute personne pr\u00e9occup\u00e9e par le suicide des jeunes, des pistes de r\u00e9flexion qui int\u00e8grent la dimension religieuse et spirituelle. Ils inscrivent ainsi leur recherche dans la ligne d'une approche globale du ph\u00e9nom\u00e8ne.","authors":["Marie-Line Morin"],"category_codes":["1000000","1060000","1060300"],"visuals":{"large":"https:\/\/images.epagine.fr\/699\/9782894203699_1_75.jpg","medium":"https:\/\/images.epagine.fr\/699\/9782894203699_1_m.jpg","thumbnail":"https:\/\/images.epagine.fr\/699\/9782894203699_1_v.jpg"},"orderable":true,"show_badge":true,"formatted_price":"16,70&nbsp;\u20ac","formatted_published_date":"1er octobre 2005","publisher_availability_label":"Sur commande","short_details":"Marie-Line Morin \u2014 M\u00e9diaspaul","translator":null,"weight":290,"page_count":null,"readership":null,"editor":"M\u00e9diaspaul","price":1670,"published_date":"2005-09-30T22:00:00.000000Z","support":"Grand format","publisher_availability":1,"stock":0,"editions":[],"url":"https:\/\/quaidesbrumes.com\/ouvrage\/9782894203699\/suicide-chez-les-jeunes"},{"id":"9782747569088","title":"Sur les pas des derniers attelages : Le Tr\u00e9sor de la vall\u00e9e de la Mis\u00e8re","description":"Quelques ann\u00e9es apr\u00e8s la Seconde Guerre Mondiale, dans les campagnes vallonn\u00e9es d'Ile de France, la vie rurale d'autrefois continuait. Jusqu'au jour o\u00f9 la force tranquille des attelages a \u00e9t\u00e9 remplac\u00e9e par les tracteurs. A partir de ce qui a paru, sur le moment, une simple adaptation technique, tout a profond\u00e9ment chang\u00e9. Vous qui voulez savoir ce que furent, ancr\u00e9es dans une nature plus riche qu'aujourd'hui, des vies simples et laborieuses, leurs joies et leurs peines, ouvrez ce livre.","authors":["Gilbert Vareillas"],"category_codes":["1000000","1060000"],"visuals":{"large":"https:\/\/images.epagine.fr\/088\/9782747569088_1_75.jpg","medium":"https:\/\/images.epagine.fr\/088\/9782747569088_1_m.jpg","thumbnail":"https:\/\/images.epagine.fr\/088\/9782747569088_1_v.jpg"},"orderable":true,"show_badge":true,"formatted_price":"12,00&nbsp;\u20ac","formatted_published_date":"1er d\u00e9cembre 2004","publisher_availability_label":"Sur commande","short_details":"Gilbert Vareillas \u2014 \u00c9ditions L'Harmattan","translator":null,"weight":150,"page_count":104,"readership":null,"editor":"\u00c9ditions L'Harmattan","price":1200,"published_date":"2004-11-30T23:00:00.000000Z","support":"Grand format","publisher_availability":1,"stock":0,"editions":[],"url":"https:\/\/quaidesbrumes.com\/ouvrage\/9782747569088\/sur-les-pas-des-derniers-attelages-le-tresor-de-la-vallee-de-la-misere"},{"id":"9782747573894","title":"Nouvelles chroniques birmanes","description":"Ces Chroniques relatent les nouvelles tribulations de Jean Paganes, routard en Myanmar (l'ancienne Birmanie). Le pays mythique de Kipling, qui le fantasmer, mais aussi celui de Junte, qui lui fait peur. R\u00e9dig\u00e9es sous forme de nouvelles, elles s'inspirent de ses notes de voyage n\u00e9es d'observations qui le r\u00e9v\u00e8lent \u00e0 lui-m\u00eame et aux autres, gr\u00e2ce \u00e0 cette autre distanciation que permet le d\u00e9paysement en solitaire.","authors":["Jean-Claude Auge"],"category_codes":["1000000","1060000"],"visuals":{"large":"https:\/\/images.epagine.fr\/894\/9782747573894_1_75.jpg","medium":"https:\/\/images.epagine.fr\/894\/9782747573894_1_m.jpg","thumbnail":"https:\/\/images.epagine.fr\/894\/9782747573894_1_v.jpg"},"orderable":true,"show_badge":true,"formatted_price":"21,00&nbsp;\u20ac","formatted_published_date":"1er janvier 2005","publisher_availability_label":"Sur commande","short_details":"Jean-Claude Auge \u2014 \u00c9ditions L'Harmattan","translator":null,"weight":310,"page_count":225,"readership":null,"editor":"\u00c9ditions L'Harmattan","price":2100,"published_date":"2004-12-31T23:00:00.000000Z","support":"Grand format","publisher_availability":1,"stock":0,"editions":[],"url":"https:\/\/quaidesbrumes.com\/ouvrage\/9782747573894\/nouvelles-chroniques-birmanes"},{"id":"9782824913872","title":"M\u00e9moires","description":"En 1829, Pierre-Fran\u00e7ois Lacenaire, d\u00e9serteur et petit escroc f\u00e9ru de po\u00e9sie, tue en duel le neveu de Benjamin Constant. Condamn\u00e9, il fait son universit\u00e9 du crime en prison. D\u00e8s sa lib\u00e9ration, il commet une s\u00e9rie de vols, de chantages et d'escroqueries. De nouveau incarc\u00e9r\u00e9, il \u00e9crit et publie plusieurs textes subversifs qui conna\u00eetront un certain succ\u00e8s. Retrouvant la libert\u00e9, il commet de nouveaux vols et surtout un double assassinat \u00e0 coups de hache qui d\u00e9fraie la chronique. D\u00e9sinvolte et cynique, il avoue tout et au-del\u00e0 devant la cour d'assises, transformant son proc\u00e8s en v\u00e9ritable tribune th\u00e9atr\u00e2le o\u00f9 il fustige l'ordre moral et la soci\u00e9t\u00e9. Condamn\u00e9 \u00e0 mort, il utilise les quelques semaines avant son ex\u00e9cution pour \u00e9crire ses M\u00e9moires. Il est guillotin\u00e9 le 9 janvier 1836. Son livre, \"M\u00e9moires, r\u00e9v\u00e9lations et po\u00e9sies de Lacenaire, \u00e9crits par lui-m\u00eame \u00e0 la Conciergerie\", sera publi\u00e9 quelques mois plus tard, en partie censur\u00e9 par l'\u00e9diteur. \u00ab Criminel romantique \u00bb, \u00ab Po\u00e8te assassin \u00bb, \u00ab Dandy du crime \u00bb, Lacenaire a depuis fait l'objet de bien des figurations. De Marcel Carn\u00e9 (\"Les Enfants du Paradis\") \u00e0 Andr\u00e9 Breton en passant par Michel Foucault, Guy Debord, Ren\u00e9 Char, Lautr\u00e9mont (\"Les Chants de Maldoror\"), Stendhal (\"Lamiel\"), Baudelaire et Dosto\u00efevski (\"Crime et Ch\u00e2timent\"), son oeuvre et sa vie n'ont cess\u00e9 d'alimenter la litt\u00e9rature.","authors":["Pierre-fran\u00e7ois Lacenaire"],"category_codes":["1000000","1060000"],"visuals":{"large":"https:\/\/images.epagine.fr\/872\/9782824913872_1_75.jpg","medium":"https:\/\/images.epagine.fr\/872\/9782824913872_1_m.jpg","thumbnail":"https:\/\/images.epagine.fr\/872\/9782824913872_1_v.jpg"},"orderable":true,"show_badge":true,"formatted_price":"20,00&nbsp;\u20ac","formatted_published_date":"2 octobre 2023","publisher_availability_label":"Sur commande","short_details":"Pierre-fran\u00e7ois Lacenaire \u2014 La Republique Des Lettres","translator":null,"weight":320,"page_count":304,"readership":null,"editor":"La Republique Des Lettres","price":2000,"published_date":"2023-10-01T22:00:00.000000Z","support":"Grand format","publisher_availability":1,"stock":0,"editions":[],"url":"https:\/\/quaidesbrumes.com\/ouvrage\/9782824913872\/memoires"},{"id":"9782738407344","title":"O\u00f9 va le mod\u00e8le su\u00e9dois ? \u00e9tat-providence et protection sociale","description":null,"authors":["Lionel-henri Groulx"],"category_codes":["1000000","1060000","1060300"],"visuals":{"large":"https:\/\/images.epagine.fr\/344\/9782738407344_1_75.jpg","medium":"https:\/\/images.epagine.fr\/344\/9782738407344_1_m.jpg","thumbnail":"https:\/\/images.epagine.fr\/344\/9782738407344_1_v.jpg"},"orderable":true,"show_badge":true,"formatted_price":"14,50&nbsp;\u20ac","formatted_published_date":"3 mai 2000","publisher_availability_label":"Sur commande","short_details":"Lionel-henri Groulx \u2014 \u00c9ditions L'Harmattan","translator":null,"weight":240,"page_count":null,"readership":null,"editor":"\u00c9ditions L'Harmattan","price":1450,"published_date":"2000-05-02T22:00:00.000000Z","support":"Grand format","publisher_availability":1,"stock":0,"editions":[],"url":"https:\/\/quaidesbrumes.com\/ouvrage\/9782738407344\/ou-va-le-modele-suedois-etat-providence-et-protection-sociale"},{"id":"9782738448873","title":"Attribution des logements sociaux ; politique publique","description":"Les difficult\u00e9s de la mise en oeuvre du droit au logement posent avec une acuit\u00e9 nouvelle la question des attributions des logements sociaux. Malgr\u00e9 les r\u00e9formes, le syst\u00e8me reste en panne. L'auteur, se basant sur des enqu\u00eates solides, tente de d\u00e9crire le jeu institutionnel complexe de l'attribution de logements sociaux. Eclairant ainsi les enjeux locaux, ce livre apporte une r\u00e9flexion sur la difficult\u00e9 de la transparence dans l'action collective.","authors":["Catherine Bourgeois"],"category_codes":["1000000","1060000","1060300"],"visuals":{"large":"https:\/\/images.epagine.fr\/873\/9782738448873_1_75.jpg","medium":"https:\/\/images.epagine.fr\/873\/9782738448873_1_m.jpg","thumbnail":"https:\/\/images.epagine.fr\/873\/9782738448873_1_v.jpg"},"orderable":true,"show_badge":true,"formatted_price":"27,00&nbsp;\u20ac","formatted_published_date":"3 mai 2000","publisher_availability_label":"Sur commande","short_details":"Catherine Bourgeois \u2014 \u00c9ditions L'Harmattan","translator":null,"weight":354,"page_count":290,"readership":null,"editor":"\u00c9ditions L'Harmattan","price":2700,"published_date":"2000-05-02T22:00:00.000000Z","support":"Grand format","publisher_availability":1,"stock":0,"editions":[],"url":"https:\/\/quaidesbrumes.com\/ouvrage\/9782738448873\/attribution-des-logements-sociaux-politique-publique"},{"id":"9782012528307","title":"Catalogue de la vente qui aura lieu (\u00c9d.1864)","description":"Catalogue de la vente qui aura lieu par suite du d\u00e9c\u00e8s de Eug\u00e8ne Delacroix... Hotel Drouot, [Paris, 17-19 f\u00e9vrier 1864] \/ commissaires priseurs, Mes Charles Pillet, Charles Lainn\u00e9 ; experts M. Francis Petit, M. Tedesco ; [notice biographique par P. Burty]\r\nDate de l'\u00e9dition originale : 1864\r\nSujet de l'ouvrage : Delacroix, Eug\u00e8ne (1798-1863) -- Collections d'art\r\n[Vente. art. 1864-02-17 - 1864-02-19. Paris][Vente. Art. Delacroix, Eug\u00e8ne. 1864]R\u00e9f\u00e9rence bibliographique : Lugt, 27692\r\n\r\nLe pr\u00e9sent ouvrage s'inscrit dans une politique de conservation patrimoniale des ouvrages de la litt\u00e9rature Fran\u00e7aise mise en place avec la BNF.\r\nHACHETTE LIVRE et la BNF proposent ainsi un catalogue de titres indisponibles, la BNF ayant num\u00e9ris\u00e9 ces oeuvres et HACHETTE LIVRE les imprimant \u00e0 la demande.\r\nCertains de ces ouvrages refl\u00e8tent des courants de pens\u00e9e caract\u00e9ristiques de leur \u00e9poque, mais qui seraient aujourd'hui jug\u00e9s condamnables.\r\nIls n'en appartiennent pas moins \u00e0 l'histoire des id\u00e9es en France et sont susceptibles de pr\u00e9senter un int\u00e9r\u00eat scientifique ou historique.\r\nLe sens de notre d\u00e9marche \u00e9ditoriale consiste ainsi \u00e0 permettre l'acc\u00e8s \u00e0 ces oeuvres sans pour autant que nous en cautionnions en aucune fa\u00e7on le contenu.\r\n\r\nPour plus d'informations, rendez-vous sur www.hachettebnf.fr","authors":["Petit Francis"],"category_codes":["1000000","1060000","1060200"],"visuals":{"large":"https:\/\/images.epagine.fr\/307\/9782012528307_1_75.jpg","medium":"https:\/\/images.epagine.fr\/307\/9782012528307_1_m.jpg","thumbnail":"https:\/\/images.epagine.fr\/307\/9782012528307_1_v.jpg"},"orderable":true,"show_badge":true,"formatted_price":"16,50&nbsp;\u20ac","formatted_published_date":"1er mai 2012","publisher_availability_label":"Sur commande","short_details":"Petit Francis \u2014 Hachette BNF","translator":null,"weight":200,"page_count":132,"readership":null,"editor":"Hachette BNF","price":1650,"published_date":"2012-04-30T22:00:00.000000Z","support":"Grand format","publisher_availability":1,"stock":0,"editions":[],"url":"https:\/\/quaidesbrumes.com\/ouvrage\/9782012528307\/catalogue-de-la-vente-qui-aura-lieu-ed1864"},{"id":"9782858029280","title":"Autochtones et immigr\u00e9s en quartier populaire d'Alg\u00e9rie \u00e0 l'\u00eelot Ch\u00e2lon","description":null,"authors":["Mich\u00e8le Guillon","V\u00e9ronique  de Rudder"],"category_codes":["1000000","1060000","1060300"],"visuals":{"large":"https:\/\/images.epagine.fr\/280\/9782858029280_1_75.jpg","medium":"https:\/\/images.epagine.fr\/280\/9782858029280_1_m.jpg","thumbnail":"https:\/\/images.epagine.fr\/280\/9782858029280_1_v.jpg"},"orderable":true,"show_badge":true,"formatted_price":"26,00&nbsp;\u20ac","formatted_published_date":"3 mai 2000","publisher_availability_label":"Sur commande","short_details":"Mich\u00e8le Guillon, V\u00e9ronique  de Rudder \u2014 \u00c9ditions L'Harmattan","translator":null,"weight":312,"page_count":235,"readership":null,"editor":"\u00c9ditions L'Harmattan","price":2600,"published_date":"2000-05-02T22:00:00.000000Z","support":"Grand format","publisher_availability":1,"stock":0,"editions":[],"url":"https:\/\/quaidesbrumes.com\/ouvrage\/9782858029280\/autochtones-et-immigres-en-quartier-populaire-dalgerie-a-lilot-chalon"},{"id":"9782747593076","title":"Azadoui, enfant d'Arm\u00e9nie... : Le cri d'un silence inou\u00ef","description":"24 avril 1915 : mise en oeuvre du g\u00e9nocide arm\u00e9nien. Ce livre relate le quotidien des enfants rescap\u00e9s des massacres, comme Azade, la petite orpheline jet\u00e9e en p\u00e2ture \u00e0 la bestialit\u00e9 humaine, recueillie au milieu des morts, indemne, mais mutique et amn\u00e9sique. Gr\u00e2ce \u00e0 une fratrie d'adoption, Azade r\u00e9apprend \u00e0 sourire et retrouve la joie de vivre... 1962, l'Alg\u00e9rie, sa nouvelle patrie. Au coeur d'un conflit meutrier et apr\u00e8s avoir connu la Lumi\u00e8re, Azade repart vers les T\u00e9n\u00e8bres qui l'engloutiront \u00e0 jamais.","authors":["Beatrice Kasbarian-Bricourt"],"category_codes":["1000000","1060000"],"visuals":{"large":"https:\/\/images.epagine.fr\/076\/9782747593076_1_75.jpg","medium":"https:\/\/images.epagine.fr\/076\/9782747593076_1_m.jpg","thumbnail":"https:\/\/images.epagine.fr\/076\/9782747593076_1_v.jpg"},"orderable":true,"show_badge":true,"formatted_price":"24,00&nbsp;\u20ac","formatted_published_date":"2 novembre 2005","publisher_availability_label":"Sur commande","short_details":"Beatrice Kasbarian-Bricourt \u2014 \u00c9ditions L'Harmattan","translator":null,"weight":280,"page_count":258,"readership":null,"editor":"\u00c9ditions L'Harmattan","price":2400,"published_date":"2005-11-01T23:00:00.000000Z","support":"Grand format","publisher_availability":1,"stock":0,"editions":[],"url":"https:\/\/quaidesbrumes.com\/ouvrage\/9782747593076\/azadoui-enfant-darmenie-le-cri-dun-silence-inoui"},{"id":"9782747573238","title":"Le puits perdu - autobiographie","description":"Aid\u00e9 par une plume vagabonde et p\u00e9tillante, l'auteur se fait le chantre d'une existence bien remplie, d'un pays \u00e0 l'autre (Egypte, Liban, Libye, Malte..), d'une langue \u00e0 l'autre. Toujours pouss\u00e9 par l'envie de d\u00e9couvrir, de conna\u00eetre, de comprendre et guid\u00e9 par un humour sachant retrouver les anecdotes ponctuant les ann\u00e9es comme les d\u00e9m\u00eal\u00e9s coca-colesques d'un PDG vaincu par des toilettes \u00e0 la turque. Aux d\u00e9tours de ce chemin accompli en douze marches, \u00e0 la recherche d'un puits perdu, l'auteur ne r\u00e9siste pas au plaisir d'interroger, avec finesse et fantaisie, les usages, les cultures, les \u00e9tiquettes.","authors":["Elie Dermarkar"],"category_codes":["1000000","1060000"],"visuals":{"large":"https:\/\/images.epagine.fr\/238\/9782747573238_1_75.jpg","medium":"https:\/\/images.epagine.fr\/238\/9782747573238_1_m.jpg","thumbnail":"https:\/\/images.epagine.fr\/238\/9782747573238_1_v.jpg"},"orderable":true,"show_badge":true,"formatted_price":"18,00&nbsp;\u20ac","formatted_published_date":"1er janvier 2005","publisher_availability_label":"Sur commande","short_details":"Elie Dermarkar \u2014 \u00c9ditions L'Harmattan","translator":null,"weight":260,"page_count":186,"readership":null,"editor":"\u00c9ditions L'Harmattan","price":1800,"published_date":"2004-12-31T23:00:00.000000Z","support":"Grand format","publisher_availability":1,"stock":0,"editions":[],"url":"https:\/\/quaidesbrumes.com\/ouvrage\/9782747573238\/le-puits-perdu-autobiographie"},{"id":"9782747572354","title":"Un m\u00e9decin de campagne peu ordinaire : Mon p\u00e8re, le docteur Jules Sauvy  (1879-1957)","description":"L'auteur retrace ici la vie de son p\u00e8re, m\u00e9decin g\u00e9n\u00e9raliste du d\u00e9but du vingti\u00e8me si\u00e8cle. Il revient  sur sa mobilisation durant la Grande Guerre et les conditions souvent tr\u00e8s dures dans lesquelles son p\u00e8re  exer\u00e7a son m\u00e9tier sur le front, conditions r\u00e9v\u00e9l\u00e9es \u00e0 travers la  correspondance soutenue de ce dernier avec son \u00e9pouse. Tout au long de sa carri\u00e8re, disponible jour et nuit, il se constitue une large client\u00e8le parmi laquelle Gide et Camus (avec lesquels il se lie d'amiti\u00e9). En 1957, affaibli et ne pouvant plus exercer son m\u00e9tier il fait le choix de se donner la mort.","authors":["Jean Sauvy"],"category_codes":["1000000","1060000"],"visuals":{"large":"https:\/\/images.epagine.fr\/354\/9782747572354_1_75.jpg","medium":"https:\/\/images.epagine.fr\/354\/9782747572354_1_m.jpg","thumbnail":"https:\/\/images.epagine.fr\/354\/9782747572354_1_v.jpg"},"orderable":true,"show_badge":true,"formatted_price":"16,00&nbsp;\u20ac","formatted_published_date":"1er janvier 2005","publisher_availability_label":"Sur commande","short_details":"Jean Sauvy \u2014 \u00c9ditions L'Harmattan","translator":null,"weight":225,"page_count":138,"readership":null,"editor":"\u00c9ditions L'Harmattan","price":1600,"published_date":"2004-12-31T23:00:00.000000Z","support":"Grand format","publisher_availability":1,"stock":0,"editions":[],"url":"https:\/\/quaidesbrumes.com\/ouvrage\/9782747572354\/un-medecin-de-campagne-peu-ordinaire-mon-pere-le-docteur-jules-sauvy-1879-1957"},{"id":"9782738468147","title":"Trois Tib\u00e9tains en exil ; des oies sauvages en larmes","description":"Dans le coeur d'un homme existe l'\u00e2me d'un peuple, dans celui de trois son Histoire.\r\nAu Tibet, suite \u00e0 l'occupation chinoise, la trag\u00e9die d'une guerre d'extermination se poursuit depuis 1950 tandis que cent dix mille r\u00e9fugi\u00e9s tib\u00e9tains en exil tentent avec l'\u00e9nergie du d\u00e9sespoir de sauver leur peuple ainsi que leur culture de l'an\u00e9antissement.\r\n\" Des oies sauvages en larmes \", pour saluer leur foi en la vie, pr\u00e9sente les exp\u00e9riences \u00e0 la fois travers\u00e9es et r\u00e9fl\u00e9chies de trois Tib\u00e9tains en exil. Wangdak Tashi, Ngawang Ch\u00f4jor et Konchok, un nomade, un moine, un fermier parlent de leur vie au Tibet, avant et apr\u00e8s l'invasion chinoise ainsi que de la guerre puis de l'exil. Ces hommes luttant sans tr\u00eave contre la mort veulent offrir, en m\u00eame temps que la d\u00e9couverte de la culture tib\u00e9taine, la vigueur quotidienne n\u00e9cessaire \u00e0 tout un chacun \u00e0 la construction d'une vie sereine.\r\nPar-del\u00e0 leurs t\u00e9moignages et le contraste de leurs points de vue, vous entendrez sourdre du fin fond des d\u00e9serts himalayens un message universel de tol\u00e9rance et de compassion, message de paix concernant \u00e0 la fois individus et nations.","authors":["Christine Sedraine"],"category_codes":["1000000","1060000","1060300"],"visuals":{"large":"https:\/\/images.epagine.fr\/147\/9782738468147_1_75.jpg","medium":"https:\/\/images.epagine.fr\/147\/9782738468147_1_m.jpg","thumbnail":"https:\/\/images.epagine.fr\/147\/9782738468147_1_v.jpg"},"orderable":true,"show_badge":true,"formatted_price":"27,50&nbsp;\u20ac","formatted_published_date":"3 mai 2000","publisher_availability_label":"Sur commande","short_details":"Christine Sedraine \u2014 \u00c9ditions L'Harmattan","translator":null,"weight":392,"page_count":320,"readership":null,"editor":"\u00c9ditions L'Harmattan","price":2750,"published_date":"2000-05-02T22:00:00.000000Z","support":"Grand format","publisher_availability":1,"stock":0,"editions":[],"url":"https:\/\/quaidesbrumes.com\/ouvrage\/9782738468147\/trois-tibetains-en-exil-des-oies-sauvages-en-larmes"},{"id":"9782846590273","title":"Camus l'algerois","description":null,"authors":["Manuel Gomez"],"category_codes":["1000000","1060000","1060100"],"visuals":{"large":"https:\/\/images.epagine.fr\/273\/9782846590273_1_75.jpg","medium":"https:\/\/images.epagine.fr\/273\/9782846590273_1_m.jpg","thumbnail":"https:\/\/images.epagine.fr\/273\/9782846590273_1_v.jpg"},"orderable":true,"show_badge":true,"formatted_price":"19,50&nbsp;\u20ac","formatted_published_date":"29 ao\u00fbt 2005","publisher_availability_label":"Sur commande","short_details":"Manuel Gomez \u2014 Clc","translator":null,"weight":492,"page_count":null,"readership":null,"editor":"Clc","price":1950,"published_date":"2005-08-28T22:00:00.000000Z","support":"Grand format","publisher_availability":1,"stock":0,"editions":[],"url":"https:\/\/quaidesbrumes.com\/ouvrage\/9782846590273\/camus-lalgerois"},{"id":"9782738475749","title":"Mon histoire ; m\u00e9moires d'une femme de lettres russe \u00e0 l'\u00e9poque des lumi\u00e8res","description":"\r\n            femme d\u00e9guis\u00e9e en officier, intrigante ou victime, au centre d'un monde aussi violent que mondain, la princesse dachkova n'en finit pas de livrer ses souvenirs et ses fantasmes sur la russie de catherine ii \u00e0 la veille de la r\u00e9volution fran\u00e7aise.\r\n\r\neminente femme de lettres, la princesse ekaterina romanovna dachkova (1743-1810) joua un r\u00f4le important dans le coup d'etat de 1762 qui mit catherine ii sur le tr\u00f4ne.  par la suite figure de marque des cercles intellectuels, elle fut li\u00e9e, entre autres, avec diderot, voltaire, benjamin franklin et adam smith.  nomm\u00e9e en 1783 directrice de l'acad\u00e9mie des sciences de saint-p\u00e9tersbourg, elle fonda l'acad\u00e9mie russe sur le mod\u00e8le de l'acad\u00e9mie fran\u00e7aise.\r\n personnalit\u00e9 importante dans l'introduction en occident de la culture russe du dix-huiti\u00e8me si\u00e8cle, elle transmit \u00e0 la russie des aspects de la philosophie des lumi\u00e8res.  publi\u00e9s pour la premi\u00e8re fois dans leur int\u00e9gralit\u00e9 d'apr\u00e8s le manuscrit original \u00e9crit en fran\u00e7ais, ces m\u00e9moires constituent un t\u00e9moignage essentiel sur l'\u00e9mergence des femmes dans les centres de pouvoir. \r\n        ","authors":["Princesse Dachkova"],"category_codes":["1000000","1060000","1060100"],"visuals":{"large":"https:\/\/images.epagine.fr\/749\/9782738475749_1_75.jpg","medium":"https:\/\/images.epagine.fr\/749\/9782738475749_1_m.jpg","thumbnail":"https:\/\/images.epagine.fr\/749\/9782738475749_1_v.jpg"},"orderable":true,"show_badge":true,"formatted_price":"29,50&nbsp;\u20ac","formatted_published_date":"3 mai 2000","publisher_availability_label":"Sur commande","short_details":"Princesse Dachkova \u2014 \u00c9ditions L'Harmattan","translator":null,"weight":466,"page_count":334,"readership":null,"editor":"\u00c9ditions L'Harmattan","price":2950,"published_date":"2000-05-02T22:00:00.000000Z","support":"Grand format","publisher_availability":1,"stock":0,"editions":[],"url":"https:\/\/quaidesbrumes.com\/ouvrage\/9782738475749\/mon-histoire-memoires-dune-femme-de-lettres-russe-a-lepoque-des-lumieres"},{"id":"9782738400574","title":"R\u00e9fugi\u00e9s et pionniers ; installation de r\u00e9fugi\u00e9s burundais en Tanzanie","description":null,"authors":["Hanne Christensen"],"category_codes":["1000000","1060000","1060300"],"visuals":{"large":"https:\/\/images.epagine.fr\/574\/9782738400574_1_75.jpg","medium":"https:\/\/images.epagine.fr\/574\/9782738400574_1_m.jpg","thumbnail":"https:\/\/images.epagine.fr\/574\/9782738400574_1_v.jpg"},"orderable":true,"show_badge":true,"formatted_price":"16,00&nbsp;\u20ac","formatted_published_date":"1er janvier 1988","publisher_availability_label":"Sur commande","short_details":"Hanne Christensen \u2014 \u00c9ditions L'Harmattan","translator":null,"weight":242,"page_count":null,"readership":null,"editor":"\u00c9ditions L'Harmattan","price":1600,"published_date":"1987-12-31T23:00:00.000000Z","support":"Grand format","publisher_availability":1,"stock":0,"editions":[],"url":"https:\/\/quaidesbrumes.com\/ouvrage\/9782738400574\/refugies-et-pionniers-installation-de-refugies-burundais-en-tanzanie"},{"id":"9782747577588","title":"Ahmad Kasravi l'homme qui voulait sortir l'Iran de l'obscurantisme","description":"Tr\u00e8s peu connu en occident, Ahmad Kasravi est la figure la plus originale, mais aussi la plus controvers\u00e9e de la vie culturelle iranienne au XX\u00e8 si\u00e8cle, avec ses prises de positions intellectuelles sur l'histoire, la culture, la langue et la soci\u00e9t\u00e9 iranienne. L'auteur sonde la pens\u00e9e de cet homme exceptionnel, avec ses m\u00e9andres, ses coh\u00e9rences internes, mais aussi, ses incons\u00e9quences, dans une entreprise intellectuelle qui cumule les m\u00e9thodes biographiques avec une vision g\u00e9n\u00e9ralisante, celle du sociologue.","authors":["Alireza Manafzadeh"],"category_codes":["1000000","1060000"],"visuals":{"large":"https:\/\/images.epagine.fr\/588\/9782747577588_1_75.jpg","medium":"https:\/\/images.epagine.fr\/588\/9782747577588_1_m.jpg","thumbnail":"https:\/\/images.epagine.fr\/588\/9782747577588_1_v.jpg"},"orderable":true,"show_badge":true,"formatted_price":"21,50&nbsp;\u20ac","formatted_published_date":"2 janvier 2005","publisher_availability_label":"Sur commande","short_details":"Alireza Manafzadeh \u2014 \u00c9ditions L'Harmattan","translator":null,"weight":250,"page_count":226,"readership":null,"editor":"\u00c9ditions L'Harmattan","price":2150,"published_date":"2005-01-01T23:00:00.000000Z","support":"Grand format","publisher_availability":1,"stock":0,"editions":[],"url":"https:\/\/quaidesbrumes.com\/ouvrage\/9782747577588\/ahmad-kasravi-lhomme-qui-voulait-sortir-liran-de-lobscurantisme"},{"id":"9782738423702","title":"Lire en banlieue","description":null,"authors":["Moutchouris Green"],"category_codes":["1000000","1060000","1060300"],"visuals":{"large":"https:\/\/images.epagine.fr\/702\/9782738423702_1_75.jpg","medium":"https:\/\/images.epagine.fr\/702\/9782738423702_1_m.jpg","thumbnail":"https:\/\/images.epagine.fr\/702\/9782738423702_1_v.jpg"},"orderable":true,"show_badge":true,"formatted_price":"22,50&nbsp;\u20ac","formatted_published_date":"3 mai 2000","publisher_availability_label":"Sur commande","short_details":"Moutchouris Green \u2014 \u00c9ditions L'Harmattan","translator":null,"weight":342,"page_count":null,"readership":null,"editor":"\u00c9ditions L'Harmattan","price":2250,"published_date":"2000-05-02T22:00:00.000000Z","support":"Grand format","publisher_availability":1,"stock":0,"editions":[],"url":"https:\/\/quaidesbrumes.com\/ouvrage\/9782738423702\/lire-en-banlieue"},{"id":"9782878675979","title":"Les pluies du printemps","description":null,"authors":["Michele Zanchetta"],"category_codes":["1000000","1060000","1060200"],"visuals":{"large":"https:\/\/quaidesbrumes.com\/img\/book-placeholder.png","medium":"https:\/\/quaidesbrumes.com\/img\/book-placeholder.png","thumbnail":"https:\/\/quaidesbrumes.com\/img\/book-placeholder.png"},"orderable":true,"show_badge":true,"formatted_price":"17,00&nbsp;\u20ac","formatted_published_date":"8 mars 2005","publisher_availability_label":"Sur commande","short_details":"Michele Zanchetta \u2014 Presses Du Midi","translator":null,"weight":278,"page_count":null,"readership":null,"editor":"Presses Du Midi","price":1700,"published_date":"2005-03-07T23:00:00.000000Z","support":"Grand format","publisher_availability":1,"stock":0,"editions":[],"url":"https:\/\/quaidesbrumes.com\/ouvrage\/9782878675979\/les-pluies-du-printemps"},{"id":"9782013436199","title":"Memoire du conseil des delegues des colonies sur le projet de loi concernant la perception - de l'im","description":"M\u00e9moire du conseil des d\u00e9l\u00e9gu\u00e9s des colonies sur le projet de loi concernant la perception de l'imp\u00f4t sur le sucre indig\u00e8ne Date de l'\u00e9dition originale : 1845 Sujet de l'ouvrage : France -- Colonies -- Histoire Ce livre est la reproduction fid\u00e8le d'une oeuvre publi\u00e9e avant 1920 et fait partie d'une collection de livres r\u00e9imprim\u00e9s \u00e0 la demande \u00e9dit\u00e9e par Hachette Livre, dans le cadre d'un partenariat avec la Biblioth\u00e8que nationale de France, offrant l'opportunit\u00e9 d'acc\u00e9der \u00e0 des ouvrages anciens et souvent rares issus des fonds patrimoniaux de la BnF.\r\nLes oeuvres faisant partie de cette collection ont \u00e9t\u00e9 num\u00e9ris\u00e9es par la BnF et sont pr\u00e9sentes sur Gallica, sa biblioth\u00e8que num\u00e9rique.\r\n\r\nEn entreprenant de redonner vie \u00e0 ces ouvrages au travers d'une collection de livres r\u00e9imprim\u00e9s \u00e0 la demande, nous leur donnons la possibilit\u00e9 de rencontrer un public \u00e9largi et participons \u00e0 la transmission de connaissances et de savoirs parfois difficilement accessibles.\r\nNous avons cherch\u00e9 \u00e0 concilier la reproduction fid\u00e8le d'un livre ancien \u00e0 partir de sa version num\u00e9ris\u00e9e avec le souci d'un confort de lecture optimal. Nous esp\u00e9rons que les ouvrages de cette nouvelle collection vous apporteront enti\u00e8re satisfaction.\r\n\r\nPour plus d'informations, rendez-vous sur www.hachettebnf.fr http:\/\/gallica.bnf.fr\/ark:\/12148\/bpt6k5790926h","authors":[],"category_codes":["1000000","1060000","1060200"],"visuals":{"large":"https:\/\/images.epagine.fr\/199\/9782013436199_1_75.jpg","medium":"https:\/\/images.epagine.fr\/199\/9782013436199_1_m.jpg","thumbnail":"https:\/\/images.epagine.fr\/199\/9782013436199_1_v.jpg"},"orderable":true,"show_badge":true,"formatted_price":"9,50&nbsp;\u20ac","formatted_published_date":"1er septembre 2014","publisher_availability_label":"Sur commande","short_details":"Hachette BNF","translator":null,"weight":64,"page_count":null,"readership":null,"editor":"Hachette BNF","price":950,"published_date":"2014-08-31T22:00:00.000000Z","support":"Grand format","publisher_availability":1,"stock":0,"editions":[],"url":"https:\/\/quaidesbrumes.com\/ouvrage\/9782013436199\/memoire-du-conseil-des-delegues-des-colonies-sur-le-projet-de-loi-concernant-la-perception-de-lim"},{"id":"9782747577397","title":"Madagascar, terre de rencontre et d'amitie - memoires au fil des temps","description":"A travers ses m\u00e9moires, ses discours et des correspondances \u00e9chang\u00e9es (des ann\u00e9es 1990 \u00e0 2004) l'auteur relate  l'histoire politique et multiculturelle de Madagascar.","authors":["Rabemananjara R W."],"category_codes":["1000000","1060000"],"visuals":{"large":"https:\/\/images.epagine.fr\/397\/9782747577397_1_75.jpg","medium":"https:\/\/images.epagine.fr\/397\/9782747577397_1_m.jpg","thumbnail":"https:\/\/images.epagine.fr\/397\/9782747577397_1_v.jpg"},"orderable":true,"show_badge":true,"formatted_price":"26,00&nbsp;\u20ac","formatted_published_date":"2 janvier 2005","publisher_availability_label":"Sur commande","short_details":"Rabemananjara R W. \u2014 \u00c9ditions L'Harmattan","translator":null,"weight":310,"page_count":280,"readership":null,"editor":"\u00c9ditions L'Harmattan","price":2600,"published_date":"2005-01-01T23:00:00.000000Z","support":"Grand format","publisher_availability":1,"stock":0,"editions":[],"url":"https:\/\/quaidesbrumes.com\/ouvrage\/9782747577397\/madagascar-terre-de-rencontre-et-damitie-memoires-au-fil-des-temps"},{"id":"9782738474001","title":"La musique et la ville ; sociabilit\u00e9 et identit\u00e9s urbaines \u00e0 Campos, Br\u00e9sil","description":"C'est \u00e0 partir d'une anthropologie historique dans l'urbain que l'auteur a choisi, pour mener sa recherche, d'articuler traces \u00e9crites et photographiques d'une part, enqu\u00eate de terrain aupr\u00e8s des gens \u00e2g\u00e9s de la ville (musiciens et non musiciens), d'autre part. A la crois\u00e9e de cette d\u00e9marche se trouve la probl\u00e9matique centrale de l'ouvrage : analyser la reconstruction des identit\u00e9s sociales et culturelles au moment de l'av\u00e8nement de l'urbain, \u00e0 travers les pratiques musicales, en privil\u00e9giant les acteurs populaires et leur insertion dans la ville.","authors":["Jorge p. Santiago"],"category_codes":["1000000","1060000","1060300"],"visuals":{"large":"https:\/\/images.epagine.fr\/001\/9782738474001_1_75.jpg","medium":"https:\/\/images.epagine.fr\/001\/9782738474001_1_m.jpg","thumbnail":"https:\/\/images.epagine.fr\/001\/9782738474001_1_v.jpg"},"orderable":true,"show_badge":true,"formatted_price":"26,00&nbsp;\u20ac","formatted_published_date":"3 mai 2000","publisher_availability_label":"Sur commande","short_details":"Jorge p. Santiago \u2014 \u00c9ditions L'Harmattan","translator":null,"weight":400,"page_count":286,"readership":null,"editor":"\u00c9ditions L'Harmattan","price":2600,"published_date":"2000-05-02T22:00:00.000000Z","support":"Grand format","publisher_availability":1,"stock":0,"editions":[],"url":"https:\/\/quaidesbrumes.com\/ouvrage\/9782738474001\/la-musique-et-la-ville-sociabilite-et-identites-urbaines-a-campos-bresil"},{"id":"9782858021598","title":"Gaulle et empire romain t.2 scripta varia","description":null,"authors":["Hans-Georg Pflaum"],"category_codes":["1000000","1060000","1060100"],"visuals":{"large":"https:\/\/quaidesbrumes.com\/img\/book-placeholder.png","medium":"https:\/\/quaidesbrumes.com\/img\/book-placeholder.png","thumbnail":"https:\/\/quaidesbrumes.com\/img\/book-placeholder.png"},"orderable":true,"show_badge":true,"formatted_price":"54,60&nbsp;\u20ac","formatted_published_date":"3 mai 2000","publisher_availability_label":"Sur commande","short_details":"Hans-Georg Pflaum \u2014 \u00c9ditions L'Harmattan","translator":null,"weight":942,"page_count":null,"readership":null,"editor":"\u00c9ditions L'Harmattan","price":5460,"published_date":"2000-05-02T22:00:00.000000Z","support":"Grand format","publisher_availability":1,"stock":0,"editions":[],"url":"https:\/\/quaidesbrumes.com\/ouvrage\/9782858021598\/gaulle-et-empire-romain-t2-scripta-varia"},{"id":"9782858022106","title":"Tchad ; gen\u00e8se d'un conflit","description":"Le d\u00e9clenchement de la guerre civie \u00e0 N'Djam\u00e9na en f\u00e9vrier 1979 et les d\u00e9chirements politiques qui ont suivi n'ont gu\u00e8re surpris les observateurs. Le poids du pass\u00e9 \u00e9tait devenu trop lourd pour un pays comme le Tchad \u00e0 qui la nature et les hommes avaient l\u00e9gu\u00e9 plus d'obstacles que d'atouts...","authors":["Christian Bouquet"],"category_codes":["1000000","1060000","1060100"],"visuals":{"large":"https:\/\/images.epagine.fr\/106\/9782858022106_1_75.jpg","medium":"https:\/\/images.epagine.fr\/106\/9782858022106_1_m.jpg","thumbnail":"https:\/\/images.epagine.fr\/106\/9782858022106_1_v.jpg"},"orderable":true,"show_badge":true,"formatted_price":"22,50&nbsp;\u20ac","formatted_published_date":"3 mai 2000","publisher_availability_label":"Sur commande","short_details":"Christian Bouquet \u2014 \u00c9ditions L'Harmattan","translator":null,"weight":316,"page_count":250,"readership":null,"editor":"\u00c9ditions L'Harmattan","price":2250,"published_date":"2000-05-02T22:00:00.000000Z","support":"Grand format","publisher_availability":1,"stock":0,"editions":[],"url":"https:\/\/quaidesbrumes.com\/ouvrage\/9782858022106\/tchad-genese-dun-conflit"},{"id":"9782013436175","title":"Memoire du conseil des delegues des colonies a m. le baron duperre, ministre de la marine - et des c","description":"M\u00e9moire du conseil des d\u00e9l\u00e9gu\u00e9s des colonies \u00e0 M. le baron Duperr\u00e9,... ministre de la marine et des colonies. (24 mars 1841.) Date de l'\u00e9dition originale : 1841 Sujet de l'ouvrage : France -- Colonies -- Histoire Ce livre est la reproduction fid\u00e8le d'une oeuvre publi\u00e9e avant 1920 et fait partie d'une collection de livres r\u00e9imprim\u00e9s \u00e0 la demande \u00e9dit\u00e9e par Hachette Livre, dans le cadre d'un partenariat avec la Biblioth\u00e8que nationale de France, offrant l'opportunit\u00e9 d'acc\u00e9der \u00e0 des ouvrages anciens et souvent rares issus des fonds patrimoniaux de la BnF.\r\nLes oeuvres faisant partie de cette collection ont \u00e9t\u00e9 num\u00e9ris\u00e9es par la BnF et sont pr\u00e9sentes sur Gallica, sa biblioth\u00e8que num\u00e9rique.\r\n\r\nEn entreprenant de redonner vie \u00e0 ces ouvrages au travers d'une collection de livres r\u00e9imprim\u00e9s \u00e0 la demande, nous leur donnons la possibilit\u00e9 de rencontrer un public \u00e9largi et participons \u00e0 la transmission de connaissances et de savoirs parfois difficilement accessibles.\r\nNous avons cherch\u00e9 \u00e0 concilier la reproduction fid\u00e8le d'un livre ancien \u00e0 partir de sa version num\u00e9ris\u00e9e avec le souci d'un confort de lecture optimal. Nous esp\u00e9rons que les ouvrages de cette nouvelle collection vous apporteront enti\u00e8re satisfaction.\r\n\r\nPour plus d'informations, rendez-vous sur www.hachettebnf.fr http:\/\/gallica.bnf.fr\/ark:\/12148\/bpt6k5790419n","authors":[],"category_codes":["1000000","1060000","1060200"],"visuals":{"large":"https:\/\/images.epagine.fr\/175\/9782013436175_1_75.jpg","medium":"https:\/\/images.epagine.fr\/175\/9782013436175_1_m.jpg","thumbnail":"https:\/\/images.epagine.fr\/175\/9782013436175_1_v.jpg"},"orderable":true,"show_badge":true,"formatted_price":"9,50&nbsp;\u20ac","formatted_published_date":"1er septembre 2014","publisher_availability_label":"Sur commande","short_details":"Hachette BNF","translator":null,"weight":64,"page_count":null,"readership":null,"editor":"Hachette BNF","price":950,"published_date":"2014-08-31T22:00:00.000000Z","support":"Grand format","publisher_availability":1,"stock":0,"editions":[],"url":"https:\/\/quaidesbrumes.com\/ouvrage\/9782013436175\/memoire-du-conseil-des-delegues-des-colonies-a-m-le-baron-duperre-ministre-de-la-marine-et-des-c"}]}