{"data":[{"id":"9782012528345","title":"Catalogue des cartes et ouvrages g\u00e9ographiques de Guillme Delisle et Philpe Buache (\u00c9d.1793)","description":"Catalogue des cartes et ouvrages g\u00e9ographiques de Guillme Delisle & Philpe Buache,... de ceux des sieurs Dezauche, Jaillot et autres auteurs, lesquels composent le fonds g\u00e9ographique du Sr Dezauche ... ainsi que le catalogue g\u00e9n\u00e9ral des cartes de la marine dont il a seul l'entrep\u00f4t g\u00e9n\u00e9ral\r\nDate de l'\u00e9dition originale : 1793\r\n\r\nLe pr\u00e9sent ouvrage s'inscrit dans une politique de conservation patrimoniale des ouvrages de la litt\u00e9rature Fran\u00e7aise mise en place avec la BNF.\r\nHACHETTE LIVRE et la BNF proposent ainsi un catalogue de titres indisponibles, la BNF ayant num\u00e9ris\u00e9 ces oeuvres et HACHETTE LIVRE les imprimant \u00e0 la demande.\r\nCertains de ces ouvrages refl\u00e8tent des courants de pens\u00e9e caract\u00e9ristiques de leur \u00e9poque, mais qui seraient aujourd'hui jug\u00e9s condamnables.\r\nIls n'en appartiennent pas moins \u00e0 l'histoire des id\u00e9es en France et sont susceptibles de pr\u00e9senter un int\u00e9r\u00eat scientifique ou historique.\r\nLe sens de notre d\u00e9marche \u00e9ditoriale consiste ainsi \u00e0 permettre l'acc\u00e8s \u00e0 ces oeuvres sans pour autant que nous en cautionnions en aucune fa\u00e7on le contenu.\r\n\r\nPour plus d'informations, rendez-vous sur www.hachettebnf.fr","authors":["Collectif"],"category_codes":["1000000","1060000","1060200"],"visuals":{"large":"https:\/\/images.epagine.fr\/345\/9782012528345_1_75.jpg","medium":"https:\/\/images.epagine.fr\/345\/9782012528345_1_m.jpg","thumbnail":"https:\/\/images.epagine.fr\/345\/9782012528345_1_v.jpg"},"orderable":true,"show_badge":true,"formatted_price":"11,90&nbsp;\u20ac","formatted_published_date":"1er mai 2012","publisher_availability_label":"Sur commande","short_details":"Collectif \u2014 Hachette BNF","translator":null,"weight":118,"page_count":73,"readership":null,"editor":"Hachette BNF","price":1190,"published_date":"2012-04-30T22:00:00.000000Z","support":"Grand format","publisher_availability":1,"stock":0,"editions":[],"url":"https:\/\/quaidesbrumes.com\/ouvrage\/9782012528345\/catalogue-des-cartes-et-ouvrages-geographiques-de-guillme-delisle-et-philpe-buache-ed1793"},{"id":"9782841354580","title":"Honore daumier - roi de la caricature peintre et sculpteur","description":"Son oeuvre, sa vie, son temps, ses id\u00e9es, ses amis d\u00e9filent ici dans la t\u00eate de Daumier.\r\nN\u00e9 \u00e0 Marseille, dou\u00e9 d'une m\u00e9moire prodigieuse, d'instinct et en ma\u00eetre de la lithographie, il ex\u00e9cuta 3 988 caricatures couvrant les sujets et les hommes les plus divers, 1 000 gravures sur bois, 300 peintures audacieuses, des sculptures d'avant-garde, d'innombrables dessins. Impressionnant Balzac, enthousiasmant Baudelaire, admir\u00e9 par Delacroix, Michelet, Corot, Millet et tant d'autres, il \u00e9tonna et inspira Degas, Toulouse-Lautrec, Van Gogh, Rodin \" Daumier, quel sculpteur ! \", jusqu'\u00e0 Picasso.\r\nRarement artiste aussi discret, si peu causant, n'a produit autant d'oeuvres parlantes.","authors":["Charles-Armand Klein"],"category_codes":["1000000","1060000","1060100"],"visuals":{"large":"https:\/\/images.epagine.fr\/580\/9782841354580_1_75.jpg","medium":"https:\/\/images.epagine.fr\/580\/9782841354580_1_m.jpg","thumbnail":"https:\/\/images.epagine.fr\/580\/9782841354580_1_v.jpg"},"orderable":true,"show_badge":true,"formatted_price":"22,00&nbsp;\u20ac","formatted_published_date":"8 mars 2005","publisher_availability_label":"Sur commande","short_details":"Charles-Armand Klein \u2014 EQUINOXE","translator":null,"weight":432,"page_count":187,"readership":null,"editor":"EQUINOXE","price":2200,"published_date":"2005-03-07T23:00:00.000000Z","support":"Grand format","publisher_availability":1,"stock":0,"editions":[],"url":"https:\/\/quaidesbrumes.com\/ouvrage\/9782841354580\/honore-daumier-roi-de-la-caricature-peintre-et-sculpteur"},{"id":"9782738403520","title":"Au coeur de la sape: moeurs et aventures des Congolais \u00e0 Paris","description":null,"authors":["Justin-daniel Gandoulou"],"category_codes":["1000000","1060000","1060300"],"visuals":{"large":"https:\/\/images.epagine.fr\/520\/9782738403520_1_75.jpg","medium":"https:\/\/images.epagine.fr\/520\/9782738403520_1_m.jpg","thumbnail":"https:\/\/images.epagine.fr\/520\/9782738403520_1_v.jpg"},"orderable":true,"show_badge":true,"formatted_price":"21,00&nbsp;\u20ac","formatted_published_date":"3 mai 2000","publisher_availability_label":"Sur commande","short_details":"Justin-daniel Gandoulou \u2014 \u00c9ditions L'Harmattan","translator":null,"weight":286,"page_count":213,"readership":null,"editor":"\u00c9ditions L'Harmattan","price":2100,"published_date":"2000-05-02T22:00:00.000000Z","support":"Grand format","publisher_availability":1,"stock":0,"editions":[],"url":"https:\/\/quaidesbrumes.com\/ouvrage\/9782738403520\/au-coeur-de-la-sape-moeurs-et-aventures-des-congolais-a-paris"},{"id":"9782738403544","title":"Dandies \u00e0 Bacongo ; le culte de l'\u00e9l\u00e9gance dans la soci\u00e9t\u00e9 congolaise contemporaine","description":"La plupart des dirigeants d'entreprises s'accordent aujourd'hui \u00e0 reconna\u00eetre l'importance d\u00e9cisive des ressources humaines dans l'adaptation et le d\u00e9veloppement de notre appareil productif. Les contraintes de restructuration ont jusqu'ici conduit les entreprises \u00e0 privil\u00e9gier les r\u00e9ductions d'effectifs : c'\u00e9tait sans doute n\u00e9cessaire, mais nous en constatons les limites et les effets pervers. La gestion des comp\u00e9tences et l'adaptation de l'organisation du travail s'imposent d\u00e9sormais, d'autant que les contraintes s'intensifient et que l'innovation s'acc\u00e9l\u00e8re. Les ressources humaines sont devenues une ressource strat\u00e9gique de l'entreprise. Continuer \u00e0 ne les traiter que comme une variable d'ajustement, c'est \u00e0 coup s\u00fbr s'exposer \u00e0 la multiplication des difficult\u00e9s. Pourtant, \u00e0 tous les niveaux de l'entreprise, les hommes sont les acteurs de l'adaptation et des ripostes \u00e0 un environnement peu lisible qui appelle des r\u00e9actions coh\u00e9rentes et rapides ; c'est indispensable pour disposer, demain, des comp\u00e9tences dont nous aurons besoin, puisque le sous-emploi s'accompagne d'une grave p\u00e9nurie de comp\u00e9tences adapt\u00e9es. Seule une strat\u00e9gie socio-\u00e9conomique orient\u00e9e vers le d\u00e9veloppement est susceptible de donner \u00e0 l'avenir de l'entreprise un visage cr\u00e9dible et motivant, de faire accepter le prix des efforts \u00e0 fournir, de mobiliser les initiatives et les \u00e9nergies. En mati\u00e8re de gestion pr\u00e9ventive de l'emploi et des comp\u00e9tences, des m\u00e9thodes \u00e9prouv\u00e9es sont aujourd'hui disponibles; les progr\u00e8s r\u00e9alis\u00e9s au cours de la derni\u00e8re d\u00e9cennie attestent que les d\u00e9fis qui restent \u00e0 relever, dans ce domaine incompl\u00e8tement d\u00e9frich\u00e9, sont prometteurs de r\u00e9sultats.","authors":["Fran\u00e7ois Jalbert"],"category_codes":["8000000","8040000","8040200"],"visuals":{"large":"https:\/\/images.epagine.fr\/544\/9782738403544_1_75.jpg","medium":"https:\/\/images.epagine.fr\/544\/9782738403544_1_m.jpg","thumbnail":"https:\/\/images.epagine.fr\/544\/9782738403544_1_v.jpg"},"orderable":true,"show_badge":true,"formatted_price":"12,70&nbsp;\u20ac","formatted_published_date":"17 avril 1992","publisher_availability_label":"Sur commande","short_details":"Fran\u00e7ois Jalbert \u2014 \u00c9ditions L'Harmattan","translator":null,"weight":210,"page_count":158,"readership":null,"editor":"\u00c9ditions L'Harmattan","price":1270,"published_date":"1992-04-16T22:00:00.000000Z","support":"Grand format","publisher_availability":1,"stock":0,"editions":[],"url":"https:\/\/quaidesbrumes.com\/ouvrage\/9782738403544\/dandies-a-bacongo-le-culte-de-lelegance-dans-la-societe-congolaise-contemporaine"},{"id":"9782738405661","title":"Entraide villageoise et d\u00e9veloppement ; groupements paysans au Bourkina Faso","description":null,"authors":["B. ledea Ouedraogo"],"category_codes":["1000000","1060000","1060300"],"visuals":{"large":"https:\/\/images.epagine.fr\/661\/9782738405661_1_75.jpg","medium":"https:\/\/images.epagine.fr\/661\/9782738405661_1_m.jpg","thumbnail":"https:\/\/images.epagine.fr\/661\/9782738405661_1_v.jpg"},"orderable":true,"show_badge":true,"formatted_price":"16,00&nbsp;\u20ac","formatted_published_date":"17 octobre 1990","publisher_availability_label":"Sur commande","short_details":"B. ledea Ouedraogo \u2014 \u00c9ditions L'Harmattan","translator":null,"weight":272,"page_count":null,"readership":null,"editor":"\u00c9ditions L'Harmattan","price":1600,"published_date":"1990-10-16T23:00:00.000000Z","support":"Grand format","publisher_availability":1,"stock":0,"editions":[],"url":"https:\/\/quaidesbrumes.com\/ouvrage\/9782738405661\/entraide-villageoise-et-developpement-groupements-paysans-au-bourkina-faso"},{"id":"9782738406187","title":"Anthologie po\u00e9tique","description":null,"authors":["Humberto Diaz-casanueva","Evelyne Minard"],"category_codes":["1000000","1060000","1060100"],"visuals":{"large":"https:\/\/images.epagine.fr\/187\/9782738406187_1_75.jpg","medium":"https:\/\/images.epagine.fr\/187\/9782738406187_1_m.jpg","thumbnail":"https:\/\/images.epagine.fr\/187\/9782738406187_1_v.jpg"},"orderable":true,"show_badge":true,"formatted_price":"21,00&nbsp;\u20ac","formatted_published_date":"1er janvier 1989","publisher_availability_label":"Sur commande","short_details":"Humberto Diaz-casanueva, Evelyne Minard \u2014 \u00c9ditions L'Harmattan","translator":"EVELYNE MINARD","weight":288,"page_count":null,"readership":null,"editor":"\u00c9ditions L'Harmattan","price":2100,"published_date":"1988-12-31T23:00:00.000000Z","support":"Grand format","publisher_availability":1,"stock":0,"editions":[],"url":"https:\/\/quaidesbrumes.com\/ouvrage\/9782738406187\/anthologie-poetique"},{"id":"9782738419033","title":"Les monuments et la m\u00e9moire","description":null,"authors":["Cahiers Du Crlh"],"category_codes":["1000000","1060000","1060300"],"visuals":{"large":"https:\/\/images.epagine.fr\/033\/9782738419033_1_75.jpg","medium":"https:\/\/images.epagine.fr\/033\/9782738419033_1_m.jpg","thumbnail":"https:\/\/images.epagine.fr\/033\/9782738419033_1_v.jpg"},"orderable":true,"show_badge":true,"formatted_price":"26,00&nbsp;\u20ac","formatted_published_date":"1er septembre 1993","publisher_availability_label":"Sur commande","short_details":"Cahiers Du Crlh \u2014 \u00c9ditions L'Harmattan","translator":null,"weight":474,"page_count":null,"readership":null,"editor":"\u00c9ditions L'Harmattan","price":2600,"published_date":"1993-08-31T22:00:00.000000Z","support":"Grand format","publisher_availability":1,"stock":0,"editions":[],"url":"https:\/\/quaidesbrumes.com\/ouvrage\/9782738419033\/les-monuments-et-la-memoire"},{"id":"9782747576833","title":"Burkina Faso : L'imaginaire du possible","description":"Il n'est pas possible d'aborder le probl\u00e8me du d\u00e9veloppement, sans conna\u00eetre le milieu, les conditions de vie, les us et coutumes des peuples concern\u00e9s ; ce qui implique d'avoir le corps et l'esprit libres, tout son temps pour \u00e9couter, regarder, \u00e9changer, enregistrer. C'est ce qu'\u00e0 fait Raymond Chaigne au Burkina Faso ; il livre ici son t\u00e9moignage sur ce pays, la terr\u00e9, l'eau, les transports, la vie des femmes, les f\u00eates, la s\u00e9curit\u00e9, la justice... et une r\u00e9flexion sur ce qu'est le d\u00e9veloppement sur ce qu'il devrait \u00eatre.","authors":["Raymond Chaigne"],"category_codes":["1000000","1060000"],"visuals":{"large":"https:\/\/images.epagine.fr\/833\/9782747576833_1_75.jpg","medium":"https:\/\/images.epagine.fr\/833\/9782747576833_1_m.jpg","thumbnail":"https:\/\/images.epagine.fr\/833\/9782747576833_1_v.jpg"},"orderable":true,"show_badge":true,"formatted_price":"23,00&nbsp;\u20ac","formatted_published_date":"2 janvier 2005","publisher_availability_label":"Sur commande","short_details":"Raymond Chaigne \u2014 \u00c9ditions L'Harmattan","translator":null,"weight":345,"page_count":250,"readership":null,"editor":"\u00c9ditions L'Harmattan","price":2300,"published_date":"2005-01-01T23:00:00.000000Z","support":"Grand format","publisher_availability":1,"stock":0,"editions":[],"url":"https:\/\/quaidesbrumes.com\/ouvrage\/9782747576833\/burkina-faso-limaginaire-du-possible"},{"id":"9782749902388","title":"Entre vous et moi","description":null,"authors":["Muti Ornella"],"category_codes":["1000000","1060000","1060300"],"visuals":{"large":"https:\/\/quaidesbrumes.com\/img\/book-placeholder.png","medium":"https:\/\/quaidesbrumes.com\/img\/book-placeholder.png","thumbnail":"https:\/\/quaidesbrumes.com\/img\/book-placeholder.png"},"orderable":true,"show_badge":true,"formatted_price":"18,00&nbsp;\u20ac","formatted_published_date":"20 septembre 2007","publisher_availability_label":"Sur commande","short_details":"Muti Ornella \u2014 Michel Lafon","translator":null,"weight":0,"page_count":null,"readership":null,"editor":"Michel Lafon","price":1800,"published_date":"2007-09-19T22:00:00.000000Z","support":"Grand format","publisher_availability":1,"stock":0,"editions":[],"url":"https:\/\/quaidesbrumes.com\/ouvrage\/9782749902388\/entre-vous-et-moi"},{"id":"9782738467713","title":"L'individu et la communaut\u00e9 humaine ; anthologie et textes de temps critiques","description":"Les mouvements contestataires de la fin des ann\u00e9es soixante et tout particuli\u00e8rement Mai 68 en France et le \" Mai rampant \" italien constituent un tournant historique.\r\nIls se sont manifest\u00e9s dans une double dimension : la premi\u00e8re s'inscrit dans la tradition du mouvement ouvrier r\u00e9volutionnaire (conseils, autogestion), alors que la seconde ouvre une \u00e9poque nouvelle en cr\u00e9ant une parole libre qui vise une r\u00e9volution g\u00e9n\u00e9ralis\u00e9e \u00e0 toute la vie et la fin des s\u00e9parations. Toutefois ces mouvements n'ont pas trouv\u00e9 de m\u00e9diation concr\u00e8te capable de r\u00e9aliser l'universalit\u00e9 de leur contenu historique.\r\nCette immobilisation du processus r\u00e9volutionnaire a \u00e9t\u00e9 \u00e0 l'origine, d'une part de l'\u00e9closion de mouvements particuliers (f\u00e9minisme, \u00e9cologisme) et d'autre part de l'\u00e9clatement d'une th\u00e9orie r\u00e9volutionnaire d\u00e9sormais orpheline de son sujet (le prol\u00e9tariat). Le temps de la critique est alors venu ; celui du bilan politique mais aussi celui de la connaissance d'un monde profond\u00e9ment transform\u00e9 par la capitalisation de quasiment toutes les activit\u00e9s humaines.\r\nUn monde dans lequel l'objectivit\u00e9 des positions de classe laisse la place \u00e0 une subjectivit\u00e9 probl\u00e9matique d'individus qui oscillent entre hyperindividualisme (l'egogestion) et repli sur des identit\u00e9s formelles ou des communaut\u00e9s du pass\u00e9 (int\u00e9grismes). Dans cette tension, se lit pourtant, en filigrane, le besoin d'une communaut\u00e9 humaine dans laquelle pourrait s'exprimer l'exigence des singularit\u00e9s.\r\nCe premier ouvrage de la Collection Temps critiques n'est pas une \u00e9ni\u00e8me comm\u00e9moration de 68, mais un ensemble d'\u00e9crits impliqu\u00e9s dans les luttes de ces dix derni\u00e8res ann\u00e9es contre la soci\u00e9t\u00e9 capitalis\u00e9e. Ils veulent d\u00e9velopper une nouvelle conception de l'activit\u00e9 critique pour des individus qui n'ont pas abandonn\u00e9 l'esp\u00e9rance d'une tout autre communaut\u00e9 humaine.","authors":["Jacques Guigou","Jacques Wajnsztejn"],"category_codes":["1000000","1060000","1060300"],"visuals":{"large":"https:\/\/images.epagine.fr\/713\/9782738467713_1_75.jpg","medium":"https:\/\/images.epagine.fr\/713\/9782738467713_1_m.jpg","thumbnail":"https:\/\/images.epagine.fr\/713\/9782738467713_1_v.jpg"},"orderable":true,"show_badge":true,"formatted_price":"38,00&nbsp;\u20ac","formatted_published_date":"1er septembre 1998","publisher_availability_label":"Sur commande","short_details":"Jacques Guigou, Jacques Wajnsztejn \u2014 \u00c9ditions L'Harmattan","translator":null,"weight":576,"page_count":428,"readership":null,"editor":"\u00c9ditions L'Harmattan","price":3800,"published_date":"1998-08-31T22:00:00.000000Z","support":"Grand format","publisher_availability":1,"stock":0,"editions":[],"url":"https:\/\/quaidesbrumes.com\/ouvrage\/9782738467713\/lindividu-et-la-communaute-humaine-anthologie-et-textes-de-temps-critiques"},{"id":"9782012528291","title":"Catalogue de la collection d'autographes de M. Alfred Bovet, S VII, VIII, IX et X.(\u00c9d.1885)","description":"Catalogue de la pr\u00e9cieuse collection d'autographes composant le cabinet de M. Alfred Bovet, s\u00e9ries VII, VIII, IX et X.... La vente aura lieu \u00e0 Paris... les... 23,... 24 et... 25 juin 1885...\r\nDate de l'\u00e9dition originale : 1885\r\n[Vente (Livres). 1885-06-23 - 1885-06-25. Paris][Collection (Livres). Bovet, Alfred. 1885]\r\n\r\nLe pr\u00e9sent ouvrage s'inscrit dans une politique de conservation patrimoniale des ouvrages de la litt\u00e9rature Fran\u00e7aise mise en place avec la BNF.\r\nHACHETTE LIVRE et la BNF proposent ainsi un catalogue de titres indisponibles, la BNF ayant num\u00e9ris\u00e9 ces oeuvres et HACHETTE LIVRE les imprimant \u00e0 la demande.\r\nCertains de ces ouvrages refl\u00e8tent des courants de pens\u00e9e caract\u00e9ristiques de leur \u00e9poque, mais qui seraient aujourd'hui jug\u00e9s condamnables.\r\nIls n'en appartiennent pas moins \u00e0 l'histoire des id\u00e9es en France et sont susceptibles de pr\u00e9senter un int\u00e9r\u00eat scientifique ou historique.\r\nLe sens de notre d\u00e9marche \u00e9ditoriale consiste ainsi \u00e0 permettre l'acc\u00e8s \u00e0 ces oeuvres sans pour autant que nous en cautionnions en aucune fa\u00e7on le contenu.\r\n\r\nPour plus d'informations, rendez-vous sur www.hachettebnf.fr","authors":["Collectif"],"category_codes":["1000000","1060000","1060200"],"visuals":{"large":"https:\/\/images.epagine.fr\/291\/9782012528291_1_75.jpg","medium":"https:\/\/images.epagine.fr\/291\/9782012528291_1_m.jpg","thumbnail":"https:\/\/images.epagine.fr\/291\/9782012528291_1_v.jpg"},"orderable":true,"show_badge":true,"formatted_price":"24,50&nbsp;\u20ac","formatted_published_date":"1er juin 2012","publisher_availability_label":"Sur commande","short_details":"Collectif \u2014 Hachette BNF","translator":null,"weight":506,"page_count":358,"readership":null,"editor":"Hachette BNF","price":2450,"published_date":"2012-05-31T22:00:00.000000Z","support":"Grand format","publisher_availability":1,"stock":0,"editions":[],"url":"https:\/\/quaidesbrumes.com\/ouvrage\/9782012528291\/catalogue-de-la-collection-dautographes-de-m-alfred-bovet-s-vii-viii-ix-et-xed1885"},{"id":"9782738417435","title":"Autobiographie d'un Gabonais : Du village au ministre","description":null,"authors":["Vincent De Paul Nyonda"],"category_codes":["9000000","9050000","9050200"],"visuals":{"large":"https:\/\/images.epagine.fr\/435\/9782738417435_1_75.jpg","medium":"https:\/\/images.epagine.fr\/435\/9782738417435_1_m.jpg","thumbnail":"https:\/\/images.epagine.fr\/435\/9782738417435_1_v.jpg"},"orderable":true,"show_badge":true,"formatted_price":"20,85&nbsp;\u20ac","formatted_published_date":"3 mai 2000","publisher_availability_label":"Sur commande","short_details":"Vincent De Paul Nyonda \u2014 \u00c9ditions L'Harmattan","translator":null,"weight":320,"page_count":223,"readership":null,"editor":"\u00c9ditions L'Harmattan","price":2085,"published_date":"2000-05-02T22:00:00.000000Z","support":"Grand format","publisher_availability":1,"stock":0,"editions":[],"url":"https:\/\/quaidesbrumes.com\/ouvrage\/9782738417435\/autobiographie-dun-gabonais-du-village-au-ministre"},{"id":"9782747572675","title":"Les Mots : Pour la naissance et la mort de ma fille","description":"Lorsqu'en 1978, \u00e0 Anvers, un p\u00e8re et une m\u00e8re voient na\u00eetre leur premier enfant , la soci\u00e9t\u00e9 et le monde m\u00e9dical leur ass\u00e8nent d'une m\u00eame voix : \"Elle ne vivra pas.\" Lies est n\u00e9e avec un \"dos ouvert\". \"Spina-bifida\" disent les m\u00e9decins. Les mots ne sont pas que des mots : ce sont des armes. Ils peuvent tour \u00e0 tour voiler, nier, r\u00e9futer, condamner. Mais Lies a v\u00e9cu, et ce r\u00e9cit est bien celui d'un combat : le sien, celui de ses parents, un combat pour le droit \u00e0 la vie et \u00e0 la diff\u00e9rence.","authors":["Pierre Mertens"],"category_codes":["1000000","1060000"],"visuals":{"large":"https:\/\/images.epagine.fr\/675\/9782747572675_1_75.jpg","medium":"https:\/\/images.epagine.fr\/675\/9782747572675_1_m.jpg","thumbnail":"https:\/\/images.epagine.fr\/675\/9782747572675_1_v.jpg"},"orderable":true,"show_badge":true,"formatted_price":"16,00&nbsp;\u20ac","formatted_published_date":"2 novembre 2004","publisher_availability_label":"Sur commande","short_details":"Pierre Mertens \u2014 \u00c9ditions L'Harmattan","translator":null,"weight":190,"page_count":166,"readership":null,"editor":"\u00c9ditions L'Harmattan","price":1600,"published_date":"2004-11-01T23:00:00.000000Z","support":"Grand format","publisher_availability":1,"stock":0,"editions":[],"url":"https:\/\/quaidesbrumes.com\/ouvrage\/9782747572675\/les-mots-pour-la-naissance-et-la-mort-de-ma-fille"},{"id":"9782747578301","title":"Memoires de survivants - des camps de la mort nazis","description":"Cet ouvrage s'int\u00e9resse \u00e0 la d\u00e9portation des r\u00e9sistants tomb\u00e9s entre les mains de la police de l'occupant ou de la police de la collaboration, la d\u00e9portation des tziganes, la d\u00e9portation des juifs. Avec les t\u00e9moignages d'hommes et de femmes aussi diff\u00e9rents que le peintre communiste Boris TASLITZKY, le syndicaliste Georges SEGUY, le g\u00e9n\u00e9ral catholique Andr\u00e9 ROGERIE, l'intellectuelle Marie-Jo CHOMBART DE LAUWE, la d\u00e9coratrice Francine CHRISTOPHE, le ministre gaulliste Pierre SUDREAU et quelques autres, venus, eux aussi, d'horizons divers.","authors":["Jean Sanitas"],"category_codes":["1000000","1060000"],"visuals":{"large":"https:\/\/images.epagine.fr\/301\/9782747578301_1_75.jpg","medium":"https:\/\/images.epagine.fr\/301\/9782747578301_1_m.jpg","thumbnail":"https:\/\/images.epagine.fr\/301\/9782747578301_1_v.jpg"},"orderable":true,"show_badge":true,"formatted_price":"22,00&nbsp;\u20ac","formatted_published_date":"2 janvier 2005","publisher_availability_label":"Sur commande","short_details":"Jean Sanitas \u2014 \u00c9ditions L'Harmattan","translator":null,"weight":315,"page_count":222,"readership":null,"editor":"\u00c9ditions L'Harmattan","price":2200,"published_date":"2005-01-01T23:00:00.000000Z","support":"Grand format","publisher_availability":1,"stock":0,"editions":[],"url":"https:\/\/quaidesbrumes.com\/ouvrage\/9782747578301\/memoires-de-survivants-des-camps-de-la-mort-nazis"},{"id":"9782738404251","title":"Loin de moi-meme","description":null,"authors":["Fadoul Khidir Zakari"],"category_codes":["1000000","1060000","1060100"],"visuals":{"large":"https:\/\/quaidesbrumes.com\/img\/book-placeholder.png","medium":"https:\/\/quaidesbrumes.com\/img\/book-placeholder.png","thumbnail":"https:\/\/quaidesbrumes.com\/img\/book-placeholder.png"},"orderable":true,"show_badge":true,"formatted_price":"19,30&nbsp;\u20ac","formatted_published_date":"3 mai 2000","publisher_availability_label":"Sur commande","short_details":"Fadoul Khidir Zakari \u2014 \u00c9ditions L'Harmattan","translator":null,"weight":430,"page_count":null,"readership":null,"editor":"\u00c9ditions L'Harmattan","price":1930,"published_date":"2000-05-02T22:00:00.000000Z","support":"Grand format","publisher_availability":1,"stock":0,"editions":[],"url":"https:\/\/quaidesbrumes.com\/ouvrage\/9782738404251\/loin-de-moi-meme"},{"id":"9782213619033","title":"Bhl","description":"Voil\u00e0 plusieurs ann\u00e9es que l?intellectuel m\u00e9diatique intrigue et suscite de la curiosit\u00e9. Son av\u00e8nement en chair et en os se confond avec la vie, souvent m\u00e9connue, parfois romanesque, toujours surprenante, de Bernard-Henri L\u00e9vy. \r\n\u00ab Nouveau philosophe \u00bb, chroniqueur, militant antitotalitaire, BHL s?est d?abord r\u00e9v\u00e9l\u00e9 un formidable bateleur d?id\u00e9es. Il a construit une nouvelle figure du paysage litt\u00e9raire fran\u00e7ais : le livre comme \u00e9v\u00e9nement. \r\nAvec L?Id\u00e9ologie fran\u00e7aise, en 1981, il convainc la gauche de rejeter la Nation et la R\u00e9volution fran\u00e7aise, et lui impose une lecture diff\u00e9rente de son histoire, devenue aujourd?hui h\u00e9g\u00e9monique : l?antifascisme et l?antiracisme des ann\u00e9es 1980-90 puisent leur inspiration dans le corpus de principes et de r\u00e9flexes qui sous-tendent cet ouvrage, sans doute le plus important de BHL.\r\nUne fois install\u00e9 au coeur de la vie \u00e9ditoriale fran\u00e7aise, BHL a tent\u00e9 de devenir, avec des bonheurs divers, un \u00e9crivain. Mais la qualit\u00e9 de son r\u00e9seau l'a emport\u00e9 sur le g\u00e9nie de ses textes. Il choisit alors d'assumer son vrai talent, m\u00e9diatique, en devenant un personnage hybride : militant de causes lointaines, reporter, homme de t\u00e9l\u00e9vision et producteur de cin\u00e9ma, diplomate ponctuel, parrain de son r\u00e9seau, coach de son \u00e9pouse actrice et chanteuse, puis de sa fille romanci\u00e8re, etc. \r\nAu travers des aventures picaresques d'un homme aux mille vies, le lecteur arpente les coulisses de l'\u00e9dition et des m\u00e9dias. Tout autant que l?homme Bernard-Henri L\u00e9vy, le monde cruel et path\u00e9tique qui a fabriqu\u00e9 BHL sont le sujet de ce livre.","authors":["Philippe Cohen"],"category_codes":["1000000","1060000","1060100"],"visuals":{"large":"https:\/\/images.epagine.fr\/033\/9782213619033_1_75.jpg","medium":"https:\/\/images.epagine.fr\/033\/9782213619033_1_m.jpg","thumbnail":"https:\/\/images.epagine.fr\/033\/9782213619033_1_v.jpg"},"orderable":true,"show_badge":true,"formatted_price":"34,00&nbsp;\u20ac","formatted_published_date":"12 janvier 2005","publisher_availability_label":"Sur commande","short_details":"Philippe Cohen \u2014 Fayard","translator":null,"weight":715,"page_count":450,"readership":null,"editor":"Fayard","price":3400,"published_date":"2005-01-11T23:00:00.000000Z","support":"Grand format","publisher_availability":1,"stock":0,"editions":[],"url":"https:\/\/quaidesbrumes.com\/ouvrage\/9782213619033\/bhl"},{"id":"9782070773138","title":"Sur la lande","description":"\u00abIl prit l'habitude de s'allonger sur la lande, sentant qu'il pourrait approcher ainsi l'\u00e9chelle de perception du jeune corps qui s'\u00e9tait form\u00e9 sur les buttes, au contact. La saison \u00e9tait maintenant silencieuse, d\u00e9barrass\u00e9e de l'agitation vacanci\u00e8re. La lande lui appartenait \u00e0 nouveau avant que le mauvais temps n'en limite l'usage. Et c'\u00e9tait encore une fois ce grand moment de cl\u00e9mence qui suivait l'\u00e9t\u00e9 dans le paysage, le seul moment qui lui procurait une parenth\u00e8se de calme relatif dans la longue f\u00e9brilit\u00e9 rageuse qui dominait le cours des ann\u00e9es. Son corps lui semblait se d\u00e9nouer peu \u00e0 peu pendant qu'il se concentrait, les yeux clos pour ne pas se disperser dans l'appel du ciel, sur le toucher de la terre que lui apportait chaque parcelle de son \u00eatre pos\u00e9e sur le sol. Il parvenait \u00e0 sentir le poids d'un bras, d'une \u00e9paule, de morceaux du corps s\u00e9par\u00e9s par la diff\u00e9rence des r\u00e9sistances qu'offraient les mati\u00e8res de la lande. Ces s\u00e9jours horizontaux d\u00e9chiraient \u00e0 la fois son corps et sa m\u00e9moire, et c'\u00e9tait pour lui comme une technique de l'oubli pour effacer ce qui s'\u00e9tait accumul\u00e9 dans l'une et dans l'autre et tenter de revenir \u00e0 cet \u00e9tat natif qui avait pr\u00e9c\u00e9d\u00e9 pendant un temps l'ab\u00eeme de l'existence.\u00bb","authors":["Claude Eveno"],"category_codes":["1000000","1060000","1060100"],"visuals":{"large":"https:\/\/images.epagine.fr\/138\/9782070773138_1_75.jpg","medium":"https:\/\/images.epagine.fr\/138\/9782070773138_1_m.jpg","thumbnail":"https:\/\/images.epagine.fr\/138\/9782070773138_1_v.jpg"},"orderable":true,"show_badge":true,"formatted_price":"12,70&nbsp;\u20ac","formatted_published_date":"10 f\u00e9vrier 2005","publisher_availability_label":"Sur commande","short_details":"Claude Eveno \u2014 Gallimard","translator":null,"weight":140,"page_count":144,"readership":null,"editor":"Gallimard","price":1270,"published_date":"2005-02-09T23:00:00.000000Z","support":"Grand format","publisher_availability":1,"stock":0,"editions":[],"url":"https:\/\/quaidesbrumes.com\/ouvrage\/9782070773138\/sur-la-lande"},{"id":"9782738475589","title":"Vers une \u00e9ducation de la culture ; esth\u00e9tisme et cr\u00e9ation d'un esprit \u00e9thique au Br\u00e9sil","description":"La politique culturelle de L'\u00c9tat contemporain doit faire face au d\u00e9fi simultan\u00e9 de la culture et de l'\u00e9ducation, en sauvegardant les capacit\u00e9s cr\u00e9atives des \u00e9lites tout en d\u00e9veloppant l'instruction des masses. En proposant une \u00e9ducation qui saurait puiser aux le\u00e7ons de la pens\u00e9e classique de Platon et en \u00e9tablissant des liens profonds avec la complexit\u00e9 de l'histoire, l'auteur d\u00e9veloppe un audacieux mod\u00e8le \u00e9ducatif fond\u00e9 sur la culture et sur une vaste d\u00e9mocratisation de l'enseignement.","authors":["Mario Vieira de mello"],"category_codes":["1000000","1060000","1060300"],"visuals":{"large":"https:\/\/images.epagine.fr\/589\/9782738475589_1_75.jpg","medium":"https:\/\/images.epagine.fr\/589\/9782738475589_1_m.jpg","thumbnail":"https:\/\/images.epagine.fr\/589\/9782738475589_1_v.jpg"},"orderable":true,"show_badge":true,"formatted_price":"31,50&nbsp;\u20ac","formatted_published_date":"3 mai 2000","publisher_availability_label":"Sur commande","short_details":"Mario Vieira de mello \u2014 \u00c9ditions L'Harmattan","translator":null,"weight":448,"page_count":null,"readership":null,"editor":"\u00c9ditions L'Harmattan","price":3150,"published_date":"2000-05-02T22:00:00.000000Z","support":"Grand format","publisher_availability":1,"stock":0,"editions":[],"url":"https:\/\/quaidesbrumes.com\/ouvrage\/9782738475589\/vers-une-education-de-la-culture-esthetisme-et-creation-dun-esprit-ethique-au-bresil"},{"id":"9782747570879","title":"D\u00e9rision et vocation : ou M\u00e9moires d'un sociologue de la connaissance","description":"Ceci est une histoire de vie pour en rire. Une vie o\u00f9 le comique de r\u00e9p\u00e9tition s'est fait carri\u00e8re professorale. Par hasard. Toutefois la sociologie de la connaissance constitue son point d'arriv\u00e9e n\u00e9cessaire. A condition d'en sortir \u00e0 temps. Avant le d\u00e9luge. A force de mimer le pathos on parvient \u00e0 la construction sociale des r\u00f4les. On peut m\u00eame r\u00eaver \u00e0 \u00eatre utile pour en changer le r\u00e9pertoire.","authors":["Namer Gerard"],"category_codes":["1000000","1060000"],"visuals":{"large":"https:\/\/images.epagine.fr\/879\/9782747570879_1_75.jpg","medium":"https:\/\/images.epagine.fr\/879\/9782747570879_1_m.jpg","thumbnail":"https:\/\/images.epagine.fr\/879\/9782747570879_1_v.jpg"},"orderable":true,"show_badge":true,"formatted_price":"23,00&nbsp;\u20ac","formatted_published_date":"1er novembre 2004","publisher_availability_label":"Sur commande","short_details":"Namer Gerard \u2014 \u00c9ditions L'Harmattan","translator":null,"weight":285,"page_count":250,"readership":null,"editor":"\u00c9ditions L'Harmattan","price":2300,"published_date":"2004-10-31T23:00:00.000000Z","support":"Grand format","publisher_availability":1,"stock":0,"editions":[],"url":"https:\/\/quaidesbrumes.com\/ouvrage\/9782747570879\/derision-et-vocation-ou-memoires-dun-sociologue-de-la-connaissance"},{"id":"9782738417718","title":"Un soldat italien en afrique du nord - une guerre meconnue - la tunisie 1942-1943","description":null,"authors":["Bertotti Ruggero"],"category_codes":["1000000","1060000","1060100"],"visuals":{"large":"https:\/\/images.epagine.fr\/718\/9782738417718_1_75.jpg","medium":"https:\/\/images.epagine.fr\/718\/9782738417718_1_m.jpg","thumbnail":"https:\/\/images.epagine.fr\/718\/9782738417718_1_v.jpg"},"orderable":true,"show_badge":true,"formatted_price":"11,95&nbsp;\u20ac","formatted_published_date":"11 juillet 2000","publisher_availability_label":"Sur commande","short_details":"Bertotti Ruggero \u2014 \u00c9ditions L'Harmattan","translator":null,"weight":170,"page_count":null,"readership":null,"editor":"\u00c9ditions L'Harmattan","price":1195,"published_date":"2000-07-10T22:00:00.000000Z","support":"Grand format","publisher_availability":1,"stock":0,"editions":[],"url":"https:\/\/quaidesbrumes.com\/ouvrage\/9782738417718\/un-soldat-italien-en-afrique-du-nord-une-guerre-meconnue-la-tunisie-1942-1943"},{"id":"9782738408549","title":"La plage aux requins ; \u00e9pop\u00e9e d'un bidonville","description":null,"authors":["G. walmir G. da silva"],"category_codes":["1000000","1060000","1060300"],"visuals":{"large":"https:\/\/images.epagine.fr\/549\/9782738408549_1_75.jpg","medium":"https:\/\/images.epagine.fr\/549\/9782738408549_1_m.jpg","thumbnail":"https:\/\/images.epagine.fr\/549\/9782738408549_1_v.jpg"},"orderable":true,"show_badge":true,"formatted_price":"22,50&nbsp;\u20ac","formatted_published_date":"3 mai 2000","publisher_availability_label":"Sur commande","short_details":"G. walmir G. da silva \u2014 \u00c9ditions L'Harmattan","translator":null,"weight":354,"page_count":null,"readership":null,"editor":"\u00c9ditions L'Harmattan","price":2250,"published_date":"2000-05-02T22:00:00.000000Z","support":"Grand format","publisher_availability":1,"stock":0,"editions":[],"url":"https:\/\/quaidesbrumes.com\/ouvrage\/9782738408549\/la-plage-aux-requins-epopee-dun-bidonville"},{"id":"9782738415592","title":"H\u00e9ros obscurs de la pr\u00e9carit\u00e9 ; des sans-travail se racontent, des sociologues analysent","description":"L'\u00e8re du plein emploi est r\u00e9volue, dit-on. Et le nombre des \u00abd\u00e9class\u00e9s\u00bb, des non-consommateurs devient peu \u00e0 peu majoritaire. Les sociologues enqu\u00eatent et trouvent des ch\u00f4meurs...heureux ! cr\u00e9ativit\u00e9 et d\u00e9brouillardise face \u00e0 cette situation font na\u00eetre des r\u00e9seaux de solidarit\u00e9.\r\nSimple adaptation \u00e0 la crise \u00e9conomique ou premi\u00e8re r\u00e9ponse \u00e0 la crise de soci\u00e9t\u00e9 ? Ces r\u00e9cits de vie nous permettent de d\u00e9couvrir une r\u00e9alit\u00e9 sociale en pleine transformation.","authors":["Paul Grell","Anne Wery"],"category_codes":["1000000","1060000","1060300"],"visuals":{"large":"https:\/\/images.epagine.fr\/592\/9782738415592_1_75.jpg","medium":"https:\/\/images.epagine.fr\/592\/9782738415592_1_m.jpg","thumbnail":"https:\/\/images.epagine.fr\/592\/9782738415592_1_v.jpg"},"orderable":true,"show_badge":true,"formatted_price":"16,00&nbsp;\u20ac","formatted_published_date":"6 d\u00e9cembre 1993","publisher_availability_label":"Sur commande","short_details":"Paul Grell, Anne Wery \u2014 \u00c9ditions L'Harmattan","translator":null,"weight":296,"page_count":null,"readership":null,"editor":"\u00c9ditions L'Harmattan","price":1600,"published_date":"1993-12-05T23:00:00.000000Z","support":"Grand format","publisher_availability":1,"stock":0,"editions":[],"url":"https:\/\/quaidesbrumes.com\/ouvrage\/9782738415592\/heros-obscurs-de-la-precarite-des-sans-travail-se-racontent-des-sociologues-analysent"},{"id":"9782859982973","title":"Moli\u00e8re et la musique ; des \u00e9tats du Languedoc \u00e0 la cour du Roi-Soleil","description":"Moli\u00e8re, \u00e9crivain et com\u00e9dien, \u00e9tait \u00e9galement danseur et musicien.\r\nIl introduisit souvent musique et danse dans ses com\u00e9dies, s'y distribuant g\u00e9n\u00e9ralement un r\u00f4le chant\u00e9. Pour complaire \u00e0 Louis XIV, grand amateur de danse et danseur lui-m\u00eame, il cr\u00e9a la com\u00e9die-ballet. Sa collaboration avec Jean-Baptiste Lully, \u00e0 partir de 1661, fut \u00e0 cet \u00e9gard des plus fructueuses. Les parties musicales s'intercalaient de mani\u00e8re vari\u00e9e entre les actes parl\u00e9s : spectacle amen\u00e9 par l'action dans L'Amour m\u00e9decin, extension de la com\u00e9die par un ballet dans Le Bourgeois gentilhomme, insertion dans un ensemble de divertissements dans la Pastorale comique ou George Dandin, voire r\u00e9emploi de divers morceaux, comme dans le Ballet des ballets.\r\nMais, apr\u00e8s la rupture entre les \" deux Baptiste \" (comme les appelait Mme de S\u00e9vign\u00e9), Moli\u00e8re fut oblig\u00e9 de se passer de la musique d\u00e9j\u00e0 \u00e9crite.\r\nIl institua une nouvelle collaboration avec Marc-Antoine Charpentier, un jeune musicien encore inconnu, qui travailla \u00e0 des reprises de ses pi\u00e8ces et \u00e0 la cr\u00e9ation du Malade imaginaire. Les diff\u00e9rentes rubriques de ce livre ont \u00e9t\u00e9 confi\u00e9es \u00e0 des historiens de la litt\u00e9rature, de la musique et de la danse, qui apportent chacun leur vision de l'oeuvre multiforme de Moli\u00e8re. Avec eux, nous le suivons d'abord de 1645 \u00e0 1658, lors de sa vie itin\u00e9rante, en particulier dans le Languedoc, puis le retrouvons avec son r\u00e9pertoire de com\u00e9dies-ballets dans les grands ch\u00e2teaux royaux, de Chambord \u00e0 Versailles, en passant par Saint-Germain-en-Laye et Paris, et l'accompagnons enfin jusqu'\u00e0 son dernier jour, le 17 f\u00e9vrier 1673, sur la sc\u00e8ne du Palais-Royal dans le r\u00f4le d'Argan, le malade vaincu.","authors":["Catherine Cessac"],"category_codes":["1000000","1060000","1060100"],"visuals":{"large":"https:\/\/images.epagine.fr\/973\/9782859982973_1_75.jpg","medium":"https:\/\/images.epagine.fr\/973\/9782859982973_1_m.jpg","thumbnail":"https:\/\/images.epagine.fr\/973\/9782859982973_1_v.jpg"},"orderable":true,"show_badge":true,"formatted_price":"4,90&nbsp;\u20ac","formatted_published_date":"2 octobre 2004","publisher_availability_label":"Sur commande","short_details":"Catherine Cessac \u2014 NOUVELLES PRESSES DU LANGUEDOC","translator":null,"weight":334,"page_count":null,"readership":null,"editor":"NOUVELLES PRESSES DU LANGUEDOC","price":490,"published_date":"2004-10-01T22:00:00.000000Z","support":"Grand format","publisher_availability":1,"stock":0,"editions":[],"url":"https:\/\/quaidesbrumes.com\/ouvrage\/9782859982973\/moliere-et-la-musique-des-etats-du-languedoc-a-la-cour-du-roi-soleil"},{"id":"9782738427762","title":"La correspondance entre Domingo Del Monte et Alexandre Hill Everett","description":"Bien qu'elle n'ait dur\u00e9 que quelques ann\u00e9es - du 16 mai 1840 au 20 avril 1845 tr\u00e8s exactement - la correspondance du Cubain Domingo del Monte et du Nord-Am\u00e9ricain Alexander Hill Everett constitue une s\u00e9rie de documents fort pr\u00e9cieuse pour comprendre deux ph\u00e9nom\u00e8nes qui marqu\u00e8rent profond\u00e9ment la p\u00e9riode : les relations politiques entre les Etats-Unis et Cuba, et la Conspiration de la Escalera d\u00e9couverte en 1844. Cet \u00e9change \u00e9pistolaire r\u00e9v\u00e8le en effet l'existence de tendances et de mouvements plus ou moins occultes qui agitaient la soci\u00e9t\u00e9 coloniale cubaine du milieu du XIX\u00e8me si\u00e8cle et auxquels nos deux correspondants particip\u00e8rent activement : abolition de l'esclavage, modernisation de la plantation sucri\u00e8re, \u00e9laboration d'une sensibilit\u00e9 nationale en mati\u00e8re litt\u00e9raire et philosophique, droits de la colonie et projets d'identit\u00e9 nationale, \u00e0 mi-chemin entre Ha\u00efti et les Etats-Unis.","authors":[],"category_codes":["1000000","1060000"],"visuals":{"large":"https:\/\/images.epagine.fr\/762\/9782738427762_1_75.jpg","medium":"https:\/\/images.epagine.fr\/762\/9782738427762_1_m.jpg","thumbnail":"https:\/\/images.epagine.fr\/762\/9782738427762_1_v.jpg"},"orderable":true,"show_badge":true,"formatted_price":"14,50&nbsp;\u20ac","formatted_published_date":"26 octobre 1994","publisher_availability_label":"Sur commande","short_details":"\u00c9ditions L'Harmattan","translator":null,"weight":226,"page_count":156,"readership":null,"editor":"\u00c9ditions L'Harmattan","price":1450,"published_date":"1994-10-25T23:00:00.000000Z","support":"Grand format","publisher_availability":1,"stock":0,"editions":[],"url":"https:\/\/quaidesbrumes.com\/ouvrage\/9782738427762\/la-correspondance-entre-domingo-del-monte-et-alexandre-hill-everett"}]}