{"data":[{"id":"9782747561624","title":"J'ai connu le moyen-age - recit de vie : enfance","description":"1917 : Il n'a pas encore quatre ans. Sa m\u00e8re vient de mourir. Son p\u00e8re, mobilis\u00e9, v\u00eatu en soldat, un homme qu'il n'a jamais vu, le dispute \u00e0 sa famille maternelle, l'emm\u00e8ne de nuit, sur ses \u00e9paules, et le d\u00e9pose chez ses parents. Le petit-fils pousse alors chez sa grand-m\u00e8re qui l'aime bien, mais sans chaleur. Attentif \u00e0 tout ce qui se passe autour de lui, l'enfant assiste \u00e0 un \u00e9v\u00e9nement capital : l'arriv\u00e9e du courant \u00e9lectrique. Cet ouvrage peint la juxtaposition de l'\u00e9volution d'un village, en proie \u00e0 la modernit\u00e9 naissante, avec l'\u00e9veil d'une enfance aux m\u00e9tiers. Avec le bonheur d'un style alerte.","authors":["William Grossin"],"category_codes":["1000000","1060000"],"visuals":{"large":"https:\/\/images.epagine.fr\/624\/9782747561624_1_75.jpg","medium":"https:\/\/images.epagine.fr\/624\/9782747561624_1_m.jpg","thumbnail":"https:\/\/images.epagine.fr\/624\/9782747561624_1_v.jpg"},"orderable":true,"show_badge":true,"formatted_price":"17,50&nbsp;\u20ac","formatted_published_date":"2 mai 2004","publisher_availability_label":"Sur commande","short_details":"William Grossin \u2014 \u00c9ditions L'Harmattan","translator":null,"weight":185,"page_count":164,"readership":null,"editor":"\u00c9ditions L'Harmattan","price":1750,"published_date":"2004-05-01T22:00:00.000000Z","support":"Grand format","publisher_availability":1,"stock":0,"editions":[],"url":"https:\/\/quaidesbrumes.com\/ouvrage\/9782747561624\/jai-connu-le-moyen-age-recit-de-vie-enfance"},{"id":"9782747560511","title":"Les g\u00e9nies de la fontaine","description":"Henriette, garde-barri\u00e8re au milieu d'aucune route et Eug\u00e8ne, suiveur de voies ferr\u00e9s, arrivent un jour de 1903 \u00e0 Sainte-Madeleine. Leur couple formera une famille et vivra de convivialit\u00e9 avec les passants qui seront souvent plus que des voisins. Une vie qui met en sc\u00e8ne des valeurs humaines que l'on croit  aujourd'hui disparues. En lisant ce livre on plonge dans un d\u00e9cor que l'on sait proche bien qu'impalpable, o\u00f9 l'on souhaite p\u00e9n\u00e9trer.","authors":["Roger Tindili\u00e8re"],"category_codes":["1000000","1060000"],"visuals":{"large":"https:\/\/images.epagine.fr\/511\/9782747560511_1_75.jpg","medium":"https:\/\/images.epagine.fr\/511\/9782747560511_1_m.jpg","thumbnail":"https:\/\/images.epagine.fr\/511\/9782747560511_1_v.jpg"},"orderable":true,"show_badge":true,"formatted_price":"12,50&nbsp;\u20ac","formatted_published_date":"2 mai 2004","publisher_availability_label":"Sur commande","short_details":"Roger Tindili\u00e8re \u2014 \u00c9ditions L'Harmattan","translator":null,"weight":135,"page_count":114,"readership":null,"editor":"\u00c9ditions L'Harmattan","price":1250,"published_date":"2004-05-01T22:00:00.000000Z","support":"Grand format","publisher_availability":1,"stock":0,"editions":[],"url":"https:\/\/quaidesbrumes.com\/ouvrage\/9782747560511\/les-genies-de-la-fontaine"},{"id":"9782747562164","title":"Les volontaires de la Haute-Sa\u00f4ne : Carnet de Notes recueilli et annonc\u00e9 par Henri Baumont","description":"Ce texte est le carnet de notes de Philippe Charton, un paysan Franc-Comtois n\u00e9 en 1767, fusilier du II\u00e8me bataillon de Volontaires de la Haute Sa\u00f4ne. L'auteur nous fait conna\u00eetre \u00e9tape par \u00e9tape l'itin\u00e9raire de son bataillon et les affaire auxquelles il avait pris part. Plusieurs fois diff\u00e9r\u00e9e, la publication de ce carnet (remis par Philippe Charton \u00e0 Henri Baumont qui le d\u00e9chiffra et l'annota)  apporte de riches appr\u00e9ciations sur cette tranche d'histoire.","authors":["Philippe Charton"],"category_codes":["1000000","1060000"],"visuals":{"large":"https:\/\/images.epagine.fr\/164\/9782747562164_1_75.jpg","medium":"https:\/\/images.epagine.fr\/164\/9782747562164_1_m.jpg","thumbnail":"https:\/\/images.epagine.fr\/164\/9782747562164_1_v.jpg"},"orderable":true,"show_badge":true,"formatted_price":"9,00&nbsp;\u20ac","formatted_published_date":"2 mai 2004","publisher_availability_label":"Sur commande","short_details":"Philippe Charton \u2014 \u00c9ditions L'Harmattan","translator":null,"weight":66,"page_count":48,"readership":null,"editor":"\u00c9ditions L'Harmattan","price":900,"published_date":"2004-05-01T22:00:00.000000Z","support":"Grand format","publisher_availability":1,"stock":0,"editions":[],"url":"https:\/\/quaidesbrumes.com\/ouvrage\/9782747562164\/les-volontaires-de-la-haute-saone-carnet-de-notes-recueilli-et-annonce-par-henri-baumont"},{"id":"9782012528215","title":"Catalogue biblioth\u00e8que St\u00e9 imp\u00e9riale des sciences, de l'agriculture, des arts de Lille. (\u00c9d.1870)","description":"Catalogue de la biblioth\u00e8que de la Soci\u00e9t\u00e9 imp\u00e9riale des sciences, de l'agriculture et des arts de Lille \/ [par A. de Norguet]\r\nDate de l'\u00e9dition originale : 1870\r\n\r\nLe pr\u00e9sent ouvrage s'inscrit dans une politique de conservation patrimoniale des ouvrages de la litt\u00e9rature Fran\u00e7aise mise en place avec la BNF.\r\nHACHETTE LIVRE et la BNF proposent ainsi un catalogue de titres indisponibles, la BNF ayant num\u00e9ris\u00e9 ces oeuvres et HACHETTE LIVRE les imprimant \u00e0 la demande.\r\nCertains de ces ouvrages refl\u00e8tent des courants de pens\u00e9e caract\u00e9ristiques de leur \u00e9poque, mais qui seraient aujourd'hui jug\u00e9s condamnables.\r\nIls n'en appartiennent pas moins \u00e0 l'histoire des id\u00e9es en France et sont susceptibles de pr\u00e9senter un int\u00e9r\u00eat scientifique ou historique.\r\nLe sens de notre d\u00e9marche \u00e9ditoriale consiste ainsi \u00e0 permettre l'acc\u00e8s \u00e0 ces oeuvres sans pour autant que nous en cautionnions en aucune fa\u00e7on le contenu.\r\n\r\nPour plus d'informations, rendez-vous sur www.hachettebnf.fr","authors":["Norguet J L."],"category_codes":["1000000","1060000","1060200"],"visuals":{"large":"https:\/\/images.epagine.fr\/215\/9782012528215_1_75.jpg","medium":"https:\/\/images.epagine.fr\/215\/9782012528215_1_m.jpg","thumbnail":"https:\/\/images.epagine.fr\/215\/9782012528215_1_v.jpg"},"orderable":true,"show_badge":true,"formatted_price":"28,00&nbsp;\u20ac","formatted_published_date":"1er juin 2012","publisher_availability_label":"Sur commande","short_details":"Norguet J L. \u2014 Hachette BNF","translator":null,"weight":600,"page_count":430,"readership":null,"editor":"Hachette BNF","price":2800,"published_date":"2012-05-31T22:00:00.000000Z","support":"Grand format","publisher_availability":1,"stock":0,"editions":[],"url":"https:\/\/quaidesbrumes.com\/ouvrage\/9782012528215\/catalogue-bibliotheque-ste-imperiale-des-sciences-de-lagriculture-des-arts-de-lille-ed1870"},{"id":"9782747565462","title":"Amplitude du tam-tam africain","description":"La renomm\u00e9e du tam-tam africain n'est pas surfaite ; quand il r\u00e9sonne, toutes les nouvelles se propagent au-del\u00e0 des fronti\u00e8res. Dans des ann\u00e9es d\u00e9j\u00e0 lointaines, Andr\u00e9 Marie \u00e9tait \u00e0 P\u00f4 au Burkina Faso, o\u00f9 il employait un petit gars qui n'avait jamais pu aller \u00e0 l'\u00e9cole. L'adolescent \u00e9tait avide de s'instruire, son patron lui apprit \u00e0 lire et le guida pour passer son brevet. Le tam-tam africain s'empara de cette r\u00e9ussite et la propagea dans tout le pays. De retour en France, l'auteur vit converger vers lui, toutes ethnies confondues, des lettres d'adultes lui demandant assistance pour pr\u00e9parer des examens, il les aida.","authors":["Le Coutour E N."],"category_codes":["1000000","1060000"],"visuals":{"large":"https:\/\/images.epagine.fr\/462\/9782747565462_1_75.jpg","medium":"https:\/\/images.epagine.fr\/462\/9782747565462_1_m.jpg","thumbnail":"https:\/\/images.epagine.fr\/462\/9782747565462_1_v.jpg"},"orderable":true,"show_badge":true,"formatted_price":"19,50&nbsp;\u20ac","formatted_published_date":"1er d\u00e9cembre 2004","publisher_availability_label":"Sur commande","short_details":"Le Coutour E N. \u2014 \u00c9ditions L'Harmattan","translator":null,"weight":290,"page_count":206,"readership":null,"editor":"\u00c9ditions L'Harmattan","price":1950,"published_date":"2004-11-30T23:00:00.000000Z","support":"Grand format","publisher_availability":1,"stock":0,"editions":[],"url":"https:\/\/quaidesbrumes.com\/ouvrage\/9782747565462\/amplitude-du-tam-tam-africain"},{"id":"9782747566377","title":"Itin\u00e9raire d'un jeune enseignant entre trois guerres et trois continents","description":"Roger Lef\u00e8vre offre le r\u00e9cit passionnant d'un  parcours riche  depuis son entr\u00e9e \u00e0 l'\u00e9cole normale, en passant par son engagement dans la r\u00e9sistance puis sa d\u00e9mobilisation en 1945 et sa mutation professionnelle au Liban d'o\u00f9 il rayonna en Syrie, en Irak, en Jordanie et en Egypte et fut un t\u00e9moin privil\u00e9gi\u00e9 des pr\u00e9mices du conflit isra\u00e9lo-arabe. Puis l'Alg\u00e9rie avant le retour en m\u00e9tropole \u00e0 Mont\u00e9limar en 1959.","authors":["Roger Lef\u00e8vre"],"category_codes":["1000000","1060000"],"visuals":{"large":"https:\/\/images.epagine.fr\/377\/9782747566377_1_75.jpg","medium":"https:\/\/images.epagine.fr\/377\/9782747566377_1_m.jpg","thumbnail":"https:\/\/images.epagine.fr\/377\/9782747566377_1_v.jpg"},"orderable":true,"show_badge":true,"formatted_price":"24,00&nbsp;\u20ac","formatted_published_date":"1er d\u00e9cembre 2004","publisher_availability_label":"Sur commande","short_details":"Roger Lef\u00e8vre \u2014 \u00c9ditions L'Harmattan","translator":null,"weight":390,"page_count":240,"readership":null,"editor":"\u00c9ditions L'Harmattan","price":2400,"published_date":"2004-11-30T23:00:00.000000Z","support":"Grand format","publisher_availability":1,"stock":0,"editions":[],"url":"https:\/\/quaidesbrumes.com\/ouvrage\/9782747566377\/itineraire-dun-jeune-enseignant-entre-trois-guerres-et-trois-continents"},{"id":"9782329477503","title":"Le Breviere des courtisans enrichy d'un grand nombre de figures","description":"Le Breviere des courtisans enrichy d'un grand nombre de figures \/ par le Sr de La Serre historiographe de France\r\nDate de l'\u00e9dition originale : 1630\r\n\r\nLe pr\u00e9sent ouvrage s'inscrit dans une politique de conservation patrimoniale des ouvrages de la litt\u00e9rature Fran\u00e7aise mise en place avec la BNF. \r\nHACHETTE LIVRE et la BNF proposent ainsi un catalogue de titres indisponibles, la BNF ayant num\u00e9ris\u00e9 ces oeuvres et HACHETTE LIVRE les imprimant \u00e0 la demande. \r\nCertains de ces ouvrages refl\u00e8tent des courants de pens\u00e9e caract\u00e9ristiques de leur \u00e9poque, mais qui seraient aujourd'hui jug\u00e9s condamnables. \r\nIls n'en appartiennent pas moins \u00e0 l'histoire des id\u00e9es en France et sont susceptibles de pr\u00e9senter un int\u00e9r\u00eat scientifique ou historique. \r\nLe sens de notre d\u00e9marche \u00e9ditoriale consiste ainsi \u00e0 permettre l'acc\u00e8s \u00e0 ces oeuvres sans pour autant que nous en cautionnions en aucune fa\u00e7on le contenu. \r\nPour plus d'informations, rendez-vous sur www.hachettebnf.fr","authors":["Puget De La Serre J."],"category_codes":["1000000","1060000"],"visuals":{"large":"https:\/\/quaidesbrumes.com\/img\/book-placeholder.png","medium":"https:\/\/quaidesbrumes.com\/img\/book-placeholder.png","thumbnail":"https:\/\/quaidesbrumes.com\/img\/book-placeholder.png"},"orderable":true,"show_badge":true,"formatted_price":"22,50&nbsp;\u20ac","formatted_published_date":"1er octobre 2020","publisher_availability_label":"Sur commande","short_details":"Puget De La Serre J. \u2014 Hachette BNF","translator":null,"weight":414,"page_count":298,"readership":null,"editor":"Hachette BNF","price":2250,"published_date":"2020-09-30T22:00:00.000000Z","support":"Grand format","publisher_availability":1,"stock":0,"editions":[],"url":"https:\/\/quaidesbrumes.com\/ouvrage\/9782329477503\/le-breviere-des-courtisans-enrichy-dun-grand-nombre-de-figures"},{"id":"9782895176817","title":"Des barbel\u00e9s dans ma m\u00e9moire","description":"Un soir de juin 1940, lorsqu'il se retrouve face \u00e0 un peloton d'ex\u00e9cution improvis\u00e9, un gar\u00e7on de six ans d\u00e9couvre la guerre. Il sait que, d\u00e9sormais, plus rien ne sera comme avant.\r\nCe livre audio dit la mis\u00e8re, la faim, la fuite, les exactions vues par les yeux d'un enfant, puis l'interminable voyage dans le train qui l'emm\u00e8ne dans un camp.\r\nCe r\u00e9cit est \u00e9crit comme il a \u00e9t\u00e9 v\u00e9cu: avec les tripes, par un gamin de la guerre qu'on a amput\u00e9 de sa jeunesse.\r\nC'est aujourd'hui un classique \u00e9tudi\u00e9 dans de nombreuses \u00e9coles.","authors":["Alain Stank\u00e9","Guila clara Kessous"],"category_codes":["1000000","1060000","1060100"],"visuals":{"large":"https:\/\/images.epagine.fr\/817\/9782895176817_1_75.jpg","medium":"https:\/\/images.epagine.fr\/817\/9782895176817_1_m.jpg","thumbnail":"https:\/\/images.epagine.fr\/817\/9782895176817_1_v.jpg"},"orderable":true,"show_badge":true,"formatted_price":"20,00&nbsp;\u20ac","formatted_published_date":"4 d\u00e9cembre 2018","publisher_availability_label":"Sur commande","short_details":"Alain Stank\u00e9, Guila clara Kessous \u2014 Alexandre Stank\u00e9","translator":null,"weight":70,"page_count":null,"readership":null,"editor":"Alexandre Stank\u00e9","price":2000,"published_date":"2018-12-03T23:00:00.000000Z","support":"CD Audio","publisher_availability":1,"stock":0,"editions":[],"url":"https:\/\/quaidesbrumes.com\/ouvrage\/9782895176817\/des-barbeles-dans-ma-memoire"},{"id":"9782912032928","title":"Maquisards \u00e0 17 ans","description":"Des compagnons de France aux FFI.\r\nDes gu\u00e9rilleros espagnols \u00e0 la deuxi\u00e8me DB de Leclerc. La grande qualit\u00e9 de ce livre tient \u00e0 la sinc\u00e9rit\u00e9 du r\u00e9cit. Il est comme \u00e9crit au jour le jour, sans reconstitution, sans appr\u00eat ; il d\u00e9peint ainsi de fa\u00e7on saisissante la r\u00e9alit\u00e9 et permet de mieux comprendre la nature de cette situation sans pr\u00e9c\u00e9dent de longtemps dans notre pays, une guerre de francs-tireurs. Mai si l'auteur a su mettre les faits en vedette, il n'est jamais lui-m\u00eame absent du r\u00e9cit.\r\nEt, sans qu'il y ait nulle forfanterie chez lui, on mesure ce qu'a accompli et endur\u00e9 ce tout jeune homme, entrant de plain-pied dans un monde de violence et de mort, avec calme et r\u00e9solution, car il est ferme dans ses convictions. Il sait qu'il se bat pour la France et la libert\u00e9 ; voil\u00e0 sa force et sa joie \u00e0 travers les \u00e9preuves et les dangers.","authors":["Andr\u00e9 Goineaud-b\u00e9rard"],"category_codes":["1000000","1060000","1060100"],"visuals":{"large":"https:\/\/images.epagine.fr\/928\/9782912032928_1_75.jpg","medium":"https:\/\/images.epagine.fr\/928\/9782912032928_1_m.jpg","thumbnail":"https:\/\/images.epagine.fr\/928\/9782912032928_1_v.jpg"},"orderable":true,"show_badge":true,"formatted_price":"24,00&nbsp;\u20ac","formatted_published_date":"25 novembre 2005","publisher_availability_label":"Sur commande","short_details":"Andr\u00e9 Goineaud-b\u00e9rard \u2014 La Lauze","translator":null,"weight":590,"page_count":345,"readership":null,"editor":"La Lauze","price":2400,"published_date":"2005-11-24T23:00:00.000000Z","support":"Grand format","publisher_availability":1,"stock":0,"editions":[],"url":"https:\/\/quaidesbrumes.com\/ouvrage\/9782912032928\/maquisards-a-17-ans"},{"id":"9782748015393","title":"Autoportrait d'un poete chretien","description":null,"authors":["Jean-pierre Marcel"],"category_codes":["1000000","1060000","1060100"],"visuals":{"large":"https:\/\/quaidesbrumes.com\/img\/book-placeholder.png","medium":"https:\/\/quaidesbrumes.com\/img\/book-placeholder.png","thumbnail":"https:\/\/quaidesbrumes.com\/img\/book-placeholder.png"},"orderable":true,"show_badge":true,"formatted_price":"28,00&nbsp;\u20ac","formatted_published_date":"5 juillet 2004","publisher_availability_label":"Sur commande","short_details":"Jean-pierre Marcel \u2014 Societe Des Ecrivains","translator":null,"weight":0,"page_count":null,"readership":null,"editor":"Societe Des Ecrivains","price":2800,"published_date":"2004-07-04T22:00:00.000000Z","support":"Grand format","publisher_availability":1,"stock":0,"editions":[],"url":"https:\/\/quaidesbrumes.com\/ouvrage\/9782748015393\/autoportrait-dun-poete-chretien"},{"id":"9782013436137","title":"Memoire a consulter sur la creation des eveches d'oran et de constantine","description":"M\u00e9moire \u00e0 consulter sur la cr\u00e9ation des \u00e9v\u00each\u00e9s d'Oran et de Constantine Date de l'\u00e9dition originale : 1862 Sujet de l'ouvrage : Alg\u00e9rie (1830-1962)France -- ColoniesM\u00e9moire (Factums FH) [Factum. Ev\u00each\u00e9 d'Oran. 1862][Factum (M\u00e9moire). 1862] Ce livre est la reproduction fid\u00e8le d'une oeuvre publi\u00e9e avant 1920 et fait partie d'une collection de livres r\u00e9imprim\u00e9s \u00e0 la demande \u00e9dit\u00e9e par Hachette Livre, dans le cadre d'un partenariat avec la Biblioth\u00e8que nationale de France, offrant l'opportunit\u00e9 d'acc\u00e9der \u00e0 des ouvrages anciens et souvent rares issus des fonds patrimoniaux de la BnF.\r\nLes oeuvres faisant partie de cette collection ont \u00e9t\u00e9 num\u00e9ris\u00e9es par la BnF et sont pr\u00e9sentes sur Gallica, sa biblioth\u00e8que num\u00e9rique.\r\n\r\nEn entreprenant de redonner vie \u00e0 ces ouvrages au travers d'une collection de livres r\u00e9imprim\u00e9s \u00e0 la demande, nous leur donnons la possibilit\u00e9 de rencontrer un public \u00e9largi et participons \u00e0 la transmission de connaissances et de savoirs parfois difficilement accessibles.\r\nNous avons cherch\u00e9 \u00e0 concilier la reproduction fid\u00e8le d'un livre ancien \u00e0 partir de sa version num\u00e9ris\u00e9e avec le souci d'un confort de lecture optimal. Nous esp\u00e9rons que les ouvrages de cette nouvelle collection vous apporteront enti\u00e8re satisfaction.\r\n\r\nPour plus d'informations, rendez-vous sur www.hachettebnf.fr http:\/\/gallica.bnf.fr\/ark:\/12148\/bpt6k5789336b","authors":[],"category_codes":["1000000","1060000","1060200"],"visuals":{"large":"https:\/\/images.epagine.fr\/137\/9782013436137_1_75.jpg","medium":"https:\/\/images.epagine.fr\/137\/9782013436137_1_m.jpg","thumbnail":"https:\/\/images.epagine.fr\/137\/9782013436137_1_v.jpg"},"orderable":true,"show_badge":true,"formatted_price":"9,50&nbsp;\u20ac","formatted_published_date":"1er septembre 2014","publisher_availability_label":"Sur commande","short_details":"Hachette BNF","translator":null,"weight":56,"page_count":null,"readership":null,"editor":"Hachette BNF","price":950,"published_date":"2014-08-31T22:00:00.000000Z","support":"Grand format","publisher_availability":1,"stock":0,"editions":[],"url":"https:\/\/quaidesbrumes.com\/ouvrage\/9782013436137\/memoire-a-consulter-sur-la-creation-des-eveches-doran-et-de-constantine"},{"id":"9782080687036","title":"Une vie \u00e0 l'essai : Autobiographie","description":"Soixante-huit s\u00e9lections entre 1990 et 2001, capitaine du Quinze de France, vainqueur du Grand Chelem 1997 dans le Tournoi des Cinq Nations, ce g\u00e9ant a disput\u00e9 trois Coupes du monde en 1991, 1995 et 1999, et a particip\u00e9 aux exploits des Tricolores en Nouvelle-Z\u00e9lande et en Afrique du Sud. Davantage qu'une autobiographie, ce livre raconte le parcours initiatique d'un petit Marocain fascin\u00e9 par le rugby et qui va parcourir le monde, d'Oujda \u00e0 Londres en passant par Agen et Sydney. \u00c0 travers la pratique de ce sport, il fait l'apprentissage de la vie d'homme et d\u00e9couvre l'\u00e9change et le partage, le succ\u00e8s, la reconnaissance, mais aussi la douleur et les blessures. Car Abdelatif Benazzi n'a pas seulement jou\u00e9 au rugby : il a connu l'exil, lutt\u00e9 contre le racisme, avant de r\u00e9ussir \u00e0 s'int\u00e9grer au sein de la soci\u00e9t\u00e9 fran\u00e7aise et du monde anglo-saxon. Dans Une vie \u00e0 l'essai, ce musulman pratiquant nous parle d'islam et de la\u00efcit\u00e9, des droits et des devoirs du citoyen, ainsi que de la place de la femme dans la soci\u00e9t\u00e9. Il nous fait d\u00e9couvrir \u00e0 sa fa\u00e7on le Coran, nous invite \u00e0 partager une vision oecum\u00e9nique de la religion et, au-del\u00e0, sa qu\u00eate de spiritualit\u00e9. Officier de la L\u00e9gion d'honneur, membre du Haut Conseil \u00e0 l'Int\u00e9gration, il se bat aujourd'hui pour pr\u00e9parer, dans le cadre de son association Noor, l'avenir de milliers de jeunes d\u00e9favoris\u00e9s du continent africain.","authors":["Abdel Benazzi"],"category_codes":["1000000","1060000"],"visuals":{"large":"https:\/\/images.epagine.fr\/036\/9782080687036_1_75.jpg","medium":"https:\/\/images.epagine.fr\/036\/9782080687036_1_m.jpg","thumbnail":"https:\/\/images.epagine.fr\/036\/9782080687036_1_v.jpg"},"orderable":true,"show_badge":true,"formatted_price":"20,20&nbsp;\u20ac","formatted_published_date":"13 janvier 2005","publisher_availability_label":"Sur commande","short_details":"Abdel Benazzi \u2014 Flammarion","translator":null,"weight":385,"page_count":300,"readership":null,"editor":"Flammarion","price":2020,"published_date":"2005-01-12T23:00:00.000000Z","support":"Grand format","publisher_availability":1,"stock":0,"editions":[],"url":"https:\/\/quaidesbrumes.com\/ouvrage\/9782080687036\/une-vie-a-lessai-autobiographie"},{"id":"9782013436151","title":"Memoire adresse a m. le ministre de la marine et des colonies par les negociants - , marchands detai","description":"M\u00e9moire adress\u00e9 \u00e0 M. le ministre de la marine et des colonies par les n\u00e9gociants, marchands d\u00e9taillants et habitants indig\u00e8nes de St-Louis (S\u00e9n\u00e9gal), en r\u00e9ponse \u00e0 une p\u00e9tition de quelques n\u00e9gociants et capitaines de navire de la place de Marseille. (18 juin 1842.) Date de l'\u00e9dition originale : 1842 Sujet de l'ouvrage : France -- Colonies -- HistoireAfrique -- HistoireS\u00e9n\u00e9gal Ce livre est la reproduction fid\u00e8le d'une oeuvre publi\u00e9e avant 1920 et fait partie d'une collection de livres r\u00e9imprim\u00e9s \u00e0 la demande \u00e9dit\u00e9e par Hachette Livre, dans le cadre d'un partenariat avec la Biblioth\u00e8que nationale de France, offrant l'opportunit\u00e9 d'acc\u00e9der \u00e0 des ouvrages anciens et souvent rares issus des fonds patrimoniaux de la BnF.\r\nLes oeuvres faisant partie de cette collection ont \u00e9t\u00e9 num\u00e9ris\u00e9es par la BnF et sont pr\u00e9sentes sur Gallica, sa biblioth\u00e8que num\u00e9rique.\r\n\r\nEn entreprenant de redonner vie \u00e0 ces ouvrages au travers d'une collection de livres r\u00e9imprim\u00e9s \u00e0 la demande, nous leur donnons la possibilit\u00e9 de rencontrer un public \u00e9largi et participons \u00e0 la transmission de connaissances et de savoirs parfois difficilement accessibles.\r\nNous avons cherch\u00e9 \u00e0 concilier la reproduction fid\u00e8le d'un livre ancien \u00e0 partir de sa version num\u00e9ris\u00e9e avec le souci d'un confort de lecture optimal. Nous esp\u00e9rons que les ouvrages de cette nouvelle collection vous apporteront enti\u00e8re satisfaction.\r\n\r\nPour plus d'informations, rendez-vous sur www.hachettebnf.fr http:\/\/gallica.bnf.fr\/ark:\/12148\/bpt6k5781101z","authors":[],"category_codes":["1000000","1060000","1060200"],"visuals":{"large":"https:\/\/images.epagine.fr\/151\/9782013436151_1_75.jpg","medium":"https:\/\/images.epagine.fr\/151\/9782013436151_1_m.jpg","thumbnail":"https:\/\/images.epagine.fr\/151\/9782013436151_1_v.jpg"},"orderable":true,"show_badge":true,"formatted_price":"9,50&nbsp;\u20ac","formatted_published_date":"1er septembre 2014","publisher_availability_label":"Sur commande","short_details":"Hachette BNF","translator":null,"weight":43,"page_count":null,"readership":null,"editor":"Hachette BNF","price":950,"published_date":"2014-08-31T22:00:00.000000Z","support":"Grand format","publisher_availability":1,"stock":0,"editions":[],"url":"https:\/\/quaidesbrumes.com\/ouvrage\/9782013436151\/memoire-adresse-a-m-le-ministre-de-la-marine-et-des-colonies-par-les-negociants-marchands-detai"},{"id":"9782747563734","title":"L'\u00e9ducation en Afrique ; le d\u00e9fi de l'excellence","description":"L'\u00e9ducation est le champ privil\u00e9gi\u00e9 de la reproduction sociale. Parler de l'\u00e9cole africaine est un d\u00e9fi qui ne peut \u00eatre relev\u00e9 qu'\u00e0 partir d'une approche scientifique correcte. Il faut r\u00e9cuser l'approche purement technique, budg\u00e9taire et comptable, si ch\u00e8re aux institutions financi\u00e8res internationales, car elle risque par r\u00e9ductionnisme de masquer les dimensions sociologiques et culturelles, politiques et id\u00e9ologiques. L'approche syst\u00e9mique s'impose pour comprendre le syst\u00e8me \u00e9ducatif africain tel qu'il est ajust\u00e9 \u00e0 la mondialisation dominatrice. Comment rena\u00eetre, accoucher d'une autre Afrique par l'\u00e9ducation : voici le th\u00e8me de cette \u00e9tude.","authors":["Khadim Sylla"],"category_codes":["1000000","1060000","1060300"],"visuals":{"large":"https:\/\/images.epagine.fr\/734\/9782747563734_1_75.jpg","medium":"https:\/\/images.epagine.fr\/734\/9782747563734_1_m.jpg","thumbnail":"https:\/\/images.epagine.fr\/734\/9782747563734_1_v.jpg"},"orderable":true,"show_badge":true,"formatted_price":"27,00&nbsp;\u20ac","formatted_published_date":"2 mai 2004","publisher_availability_label":"Sur commande","short_details":"Khadim Sylla \u2014 \u00c9ditions L'Harmattan","translator":null,"weight":300,"page_count":272,"readership":null,"editor":"\u00c9ditions L'Harmattan","price":2700,"published_date":"2004-05-01T22:00:00.000000Z","support":"Grand format","publisher_availability":1,"stock":0,"editions":[],"url":"https:\/\/quaidesbrumes.com\/ouvrage\/9782747563734\/leducation-en-afrique-le-defi-de-lexcellence"},{"id":"9782747560894","title":"Nicolas-Jacques Cont\u00e9 (1755-1805) Un inventeur de g\u00e9nie : Des crayons \u00e0 l'Exp\u00e9dition d'Egypte en passant pas l'a\u00e9rostation militaire...","description":"L'auteur fait revivre ici la vie exaltante de ce g\u00e9nie relativement m\u00e9connu que fut Nicolas Cont\u00e9. Car ce dernier ne fut pas que l'inventeur des crayons ; sa puissance cr\u00e9atrice a permis de sauver l'Exp\u00e9dition d'Egypte de Bonaparte du d\u00e9sastre scientifique le plus complet. Ce livre nous invite donc non seulement \u00e0 red\u00e9couvrir le savant, mais \u00e9galement \u00e0 observer un homme du XVIIIe si\u00e8cle ayant v\u00e9cu les turbulences de son temps.","authors":["Alain Queruel"],"category_codes":["1000000","1060000"],"visuals":{"large":"https:\/\/images.epagine.fr\/894\/9782747560894_1_75.jpg","medium":"https:\/\/images.epagine.fr\/894\/9782747560894_1_m.jpg","thumbnail":"https:\/\/images.epagine.fr\/894\/9782747560894_1_v.jpg"},"orderable":true,"show_badge":true,"formatted_price":"20,50&nbsp;\u20ac","formatted_published_date":"2 mai 2004","publisher_availability_label":"Sur commande","short_details":"Alain Queruel \u2014 \u00c9ditions L'Harmattan","translator":null,"weight":226,"page_count":214,"readership":null,"editor":"\u00c9ditions L'Harmattan","price":2050,"published_date":"2004-05-01T22:00:00.000000Z","support":"Grand format","publisher_availability":1,"stock":0,"editions":[],"url":"https:\/\/quaidesbrumes.com\/ouvrage\/9782747560894\/nicolas-jacques-conte-1755-1805-un-inventeur-de-genie-des-crayons-a-lexpedition-degypte-en-passant-pas-laerostation-militaire"},{"id":"9782012528222","title":"Catalogue de la bibliotheque de la ville d'annonay, mis en ordre (ed.1850-1853)","description":"Catalogue de la biblioth\u00e8que de la ville d'Annonay. 1 \/ mis en ordre par le Dr All\u00e9on,...\r\nDate de l'\u00e9dition originale : 1850-1853\r\n\r\nLe pr\u00e9sent ouvrage s'inscrit dans une politique de conservation patrimoniale des ouvrages de la litt\u00e9rature Fran\u00e7aise mise en place avec la BNF.\r\nHACHETTE LIVRE et la BNF proposent ainsi un catalogue de titres indisponibles, la BNF ayant num\u00e9ris\u00e9 ces oeuvres et HACHETTE LIVRE les imprimant \u00e0 la demande.\r\nCertains de ces ouvrages refl\u00e8tent des courants de pens\u00e9e caract\u00e9ristiques de leur \u00e9poque, mais qui seraient aujourd'hui jug\u00e9s condamnables.\r\nIls n'en appartiennent pas moins \u00e0 l'histoire des id\u00e9es en France et sont susceptibles de pr\u00e9senter un int\u00e9r\u00eat scientifique ou historique.\r\nLe sens de notre d\u00e9marche \u00e9ditoriale consiste ainsi \u00e0 permettre l'acc\u00e8s \u00e0 ces oeuvres sans pour autant que nous en cautionnions en aucune fa\u00e7on le contenu.\r\n\r\nPour plus d'informations, rendez-vous sur www.hachettebnf.fr","authors":["Alleon J.-A."],"category_codes":["1000000","1060000","1060200"],"visuals":{"large":"https:\/\/images.epagine.fr\/222\/9782012528222_1_75.jpg","medium":"https:\/\/images.epagine.fr\/222\/9782012528222_1_m.jpg","thumbnail":"https:\/\/images.epagine.fr\/222\/9782012528222_1_v.jpg"},"orderable":true,"show_badge":true,"formatted_price":"34,50&nbsp;\u20ac","formatted_published_date":"1er juin 2012","publisher_availability_label":"Sur commande","short_details":"Alleon J.-A. \u2014 Hachette BNF","translator":null,"weight":893,"page_count":646,"readership":null,"editor":"Hachette BNF","price":3450,"published_date":"2012-05-31T22:00:00.000000Z","support":"Grand format","publisher_availability":1,"stock":0,"editions":["9782012639652"],"url":"https:\/\/quaidesbrumes.com\/ouvrage\/9782012528222\/catalogue-de-la-bibliotheque-de-la-ville-dannonay-mis-en-ordre-ed1850-1853"},{"id":"9782716506403","title":"Ultimes sentinelles","description":"\r\n            ils sont n\u00e9s \u00e0 la fin du xixe si\u00e8cle, de part et d'autre de la fronti\u00e8re qui s\u00e9parait alors les \" ennemis h\u00e9r\u00e9ditaires \".\r\n de 1914 \u00e0 1918, dans l'arm\u00e9e fran\u00e7aise ou l'arm\u00e9e allemande, ils ont particip\u00e9 \u00e0 cette guerre qui d\u00e9chira leur pays.  au soir de leur vie, tous centenaires ou presque, ils t\u00e9moignent une derni\u00e8re fois, ultimes sentinelles post\u00e9es sur la fronti\u00e8re de la m\u00e9moire et de l'histoire.  de la bataille de mouvement dans la chaleur d'ao\u00fbt 1914 \u00e0 la boue des tranch\u00e9es dans les vosges ou sur le front d'orient; des h\u00e9catombes de la somme ou du chemin des dames \u00e0 l'effondrement prussien, en passant par les combats de flandre, russie, roumanie ou palestine: leurs destins, en apparence si diff\u00e9rents, finissent par se confondre dans un m\u00eame message d'optimisme.\r\n car, malgr\u00e9 l'adversit\u00e9 et l'horreur d\u00e9gradante, la vie a triomph\u00e9.  avec ces derniers t\u00e9moins, ce n'est pas seulement la m\u00e9moire de la grande guerre qui s'en va, mais aussi celle d'une soci\u00e9t\u00e9 rurale, m\u00eal\u00e9e de rudesse et de solidarit\u00e9.  quel regard ces anciens soldats, dress\u00e9s les uns contre les autres par l'histoire, portent-ils sur cette gigantesque conflagration? qu'en ont-ils retenu, et oubli\u00e9? surtout, qu'avaient-ils \u00e0 nous dire, \u00e0 nous, fran\u00e7ais et europ\u00e9ens du xxie si\u00e8cle, juste avant de dispara\u00eetre?.\r\n\r\n        ","authors":["Jean-No\u00ebl Grandhomme"],"category_codes":["1000000","1060000","1060200"],"visuals":{"large":"https:\/\/images.epagine.fr\/403\/9782716506403_1_75.jpg","medium":"https:\/\/images.epagine.fr\/403\/9782716506403_1_m.jpg","thumbnail":"https:\/\/images.epagine.fr\/403\/9782716506403_1_v.jpg"},"orderable":true,"show_badge":true,"formatted_price":"3,00&nbsp;\u20ac","formatted_published_date":"8 f\u00e9vrier 2006","publisher_availability_label":"Sur commande","short_details":"Jean-No\u00ebl Grandhomme \u2014 La Nu\u00e9e Bleue","translator":null,"weight":250,"page_count":220,"readership":null,"editor":"La Nu\u00e9e Bleue","price":300,"published_date":"2006-02-07T23:00:00.000000Z","support":"Grand format","publisher_availability":1,"stock":0,"editions":[],"url":"https:\/\/quaidesbrumes.com\/ouvrage\/9782716506403\/ultimes-sentinelles"},{"id":"9782747568340","title":"A mon p\u00e8re FTP au pays de Douarnenez","description":"L'auteur a voulu au travers de ce t\u00e9moignage de son p\u00e8re aujourd'hui disparu  et de ceux de ses camarades, d\u00e9montrer \u00e0 quel point il est important de se souvenir des patriotes qui se sont battus d\u00e8s le d\u00e9but de la guerre, pour le maintien de la justice et de la libert\u00e9. L'aire g\u00e9ographique est la Cornouaille mais ce r\u00e9cit a une valeur universelle.","authors":["Nathalie Florc'H"],"category_codes":["1000000","1060000"],"visuals":{"large":"https:\/\/images.epagine.fr\/340\/9782747568340_1_75.jpg","medium":"https:\/\/images.epagine.fr\/340\/9782747568340_1_m.jpg","thumbnail":"https:\/\/images.epagine.fr\/340\/9782747568340_1_v.jpg"},"orderable":true,"show_badge":true,"formatted_price":"27,50&nbsp;\u20ac","formatted_published_date":"1er novembre 2004","publisher_availability_label":"Sur commande","short_details":"Nathalie Florc'H \u2014 \u00c9ditions L'Harmattan","translator":null,"weight":305,"page_count":300,"readership":null,"editor":"\u00c9ditions L'Harmattan","price":2750,"published_date":"2004-10-31T23:00:00.000000Z","support":"Grand format","publisher_availability":1,"stock":0,"editions":[],"url":"https:\/\/quaidesbrumes.com\/ouvrage\/9782747568340\/a-mon-pere-ftp-au-pays-de-douarnenez"},{"id":"9780998704517","title":"Chronique d'un Noir \u00e0 la d\u00e9rive","description":null,"authors":["Michel N Christophe"],"category_codes":["1000000","1010000"],"visuals":{"large":"https:\/\/images.epagine.fr\/517\/9780998704517_1_75.jpg","medium":"https:\/\/images.epagine.fr\/517\/9780998704517_1_m.jpg","thumbnail":"https:\/\/images.epagine.fr\/517\/9780998704517_1_v.jpg"},"orderable":true,"show_badge":true,"formatted_price":"12,00&nbsp;\u20ac","formatted_published_date":"12 d\u00e9cembre 2016","publisher_availability_label":"Sur commande","short_details":"Michel N Christophe \u2014 Proficiencyplus","translator":null,"weight":229,"page_count":198,"readership":null,"editor":"Proficiencyplus","price":1200,"published_date":"2016-12-11T23:00:00.000000Z","support":"Grand format","publisher_availability":1,"stock":0,"editions":["9791022772174"],"url":"https:\/\/quaidesbrumes.com\/ouvrage\/9780998704517\/chronique-dun-noir-a-la-derive"},{"id":"9782747568982","title":"Aux jeunes d\u00e9sorient\u00e9s","description":"Plus instruits que les g\u00e9n\u00e9rations pr\u00e9c\u00e9dentes, les jeunes s'\u00e9vertuent \u00e0 ne pas se perdre au milieu d'une surabondance de sollicitations qui, au lieu de les enrichir, les \u00e9gare et les d\u00e9prime. Ce livre ne pr\u00e9tend pas les sauver ou les gu\u00e9rir, mais peut les aider \u00e0 s'orienter avec assurance, tant dans le monde que dans les domaines spirituels, tout en reconnaissant les sympt\u00f4mes du malaise culturel menant \u00e0 un \u00e9tat latent de guerre plan\u00e9taire.","authors":["Raymond Tschumi"],"category_codes":["1000000","1060000"],"visuals":{"large":"https:\/\/images.epagine.fr\/982\/9782747568982_1_75.jpg","medium":"https:\/\/images.epagine.fr\/982\/9782747568982_1_m.jpg","thumbnail":"https:\/\/images.epagine.fr\/982\/9782747568982_1_v.jpg"},"orderable":true,"show_badge":true,"formatted_price":"12,00&nbsp;\u20ac","formatted_published_date":"2 octobre 2004","publisher_availability_label":"Sur commande","short_details":"Raymond Tschumi \u2014 \u00c9ditions L'Harmattan","translator":null,"weight":115,"page_count":94,"readership":null,"editor":"\u00c9ditions L'Harmattan","price":1200,"published_date":"2004-10-01T22:00:00.000000Z","support":"Grand format","publisher_availability":1,"stock":0,"editions":[],"url":"https:\/\/quaidesbrumes.com\/ouvrage\/9782747568982\/aux-jeunes-desorientes"},{"id":"9782747561785","title":"Asie centrale - le reve nomade - journal de bord","description":"Le \"bon sauvage\", l'homme simple, ouvert, fa\u00e7onn\u00e9 par les paysages rudes et l'\u00e9crasante grandeur des montagnes d'Asie centrale. voil\u00e0 vers qui l'auteur de ce journal de voyage s'\u00e9tait mis en qu\u00eate, avec toutes les illusions de ses vingt ans. Le choc a \u00e9t\u00e9 rude, durant ces deux mois v\u00e9cus en solitaire parmi les ultimes descendants des nomades Kazaks et Kirghizes. Evanouis les libres cavaliers. Ne subsiste qu'une poign\u00e9e d'employ\u00e9s d\u00e9sabus\u00e9s de kolkhozes en faillite, lamin\u00e9s par des d\u00e9cennies de \"communisme\". ","authors":["Jean-Marie Porte"],"category_codes":["1000000","1060000"],"visuals":{"large":"https:\/\/images.epagine.fr\/785\/9782747561785_1_75.jpg","medium":"https:\/\/images.epagine.fr\/785\/9782747561785_1_m.jpg","thumbnail":"https:\/\/images.epagine.fr\/785\/9782747561785_1_v.jpg"},"orderable":true,"show_badge":true,"formatted_price":"13,50&nbsp;\u20ac","formatted_published_date":"2 juin 2004","publisher_availability_label":"Sur commande","short_details":"Jean-Marie Porte \u2014 \u00c9ditions L'Harmattan","translator":null,"weight":175,"page_count":126,"readership":null,"editor":"\u00c9ditions L'Harmattan","price":1350,"published_date":"2004-06-01T22:00:00.000000Z","support":"Grand format","publisher_availability":1,"stock":0,"editions":[],"url":"https:\/\/quaidesbrumes.com\/ouvrage\/9782747561785\/asie-centrale-le-reve-nomade-journal-de-bord"},{"id":"9782747571418","title":"Voyage en Ethiopie","description":"Au cours d'une mission chirurgicale dans le nord de l'Ethiopie, expatri\u00e9 humanitaire \u00e0 quelque 50km de la fronti\u00e8re avec l'Erythr\u00e9e, l'auteur va partager en solitaire pendant 3 mois la vie des Ethiopiens, ses h\u00f4tes, ses collaborateurs, ses op\u00e9r\u00e9s, les habitants de ce toit de l'Afrique, en ne laissant \u00e9chapper aucun d\u00e9tail du quotidien, en s'enrichissant de leur histoire, de leur culture, de leur aide. Et bien en de\u00e7\u00e0 de ce vieil empire abyssin, le berceau de l'humanit\u00e9 ne peut qu'imposer le respect.","authors":["Emmanuel Roseau"],"category_codes":["1000000","1060000"],"visuals":{"large":"https:\/\/images.epagine.fr\/418\/9782747571418_1_75.jpg","medium":"https:\/\/images.epagine.fr\/418\/9782747571418_1_m.jpg","thumbnail":"https:\/\/images.epagine.fr\/418\/9782747571418_1_v.jpg"},"orderable":true,"show_badge":true,"formatted_price":"13,00&nbsp;\u20ac","formatted_published_date":"2 octobre 2004","publisher_availability_label":"Sur commande","short_details":"Emmanuel Roseau \u2014 \u00c9ditions L'Harmattan","translator":null,"weight":160,"page_count":124,"readership":null,"editor":"\u00c9ditions L'Harmattan","price":1300,"published_date":"2004-10-01T22:00:00.000000Z","support":"Grand format","publisher_availability":1,"stock":0,"editions":[],"url":"https:\/\/quaidesbrumes.com\/ouvrage\/9782747571418\/voyage-en-ethiopie"},{"id":"9782747570770","title":"L'enfant du secret","description":"Plus de trente ans apr\u00e8s son adoption par une famille fran\u00e7aise, l'auteur nous livre ici le r\u00e9cit de son parcours et sa qu\u00eate des origines : depuis l'orphelinat des premi\u00e8res ann\u00e9es, l'auteur \u00e9voque l'oubli, la fuite en avant vers d'autres terres d'adoption, puis le retour au Liban natal apr\u00e8s  les ann\u00e9es de guerre. A travers ce r\u00e9cit autobiographique  c'est la question de l'acc\u00e8s aux origines qui est pos\u00e9e et s'inscrit ainsi dans un contexte o\u00f9 l'accouchement sous X et l'adoption d'enfants \u00e9trangers agitent l'opinion, suscitant d\u00e9bats et r\u00e9formes.","authors":["Alexandrine Siham"],"category_codes":["1000000","1060000"],"visuals":{"large":"https:\/\/images.epagine.fr\/770\/9782747570770_1_75.jpg","medium":"https:\/\/images.epagine.fr\/770\/9782747570770_1_m.jpg","thumbnail":"https:\/\/images.epagine.fr\/770\/9782747570770_1_v.jpg"},"orderable":true,"show_badge":true,"formatted_price":"18,50&nbsp;\u20ac","formatted_published_date":"2 octobre 2004","publisher_availability_label":"Sur commande","short_details":"Alexandrine Siham \u2014 \u00c9ditions L'Harmattan","translator":null,"weight":215,"page_count":192,"readership":null,"editor":"\u00c9ditions L'Harmattan","price":1850,"published_date":"2004-10-01T22:00:00.000000Z","support":"Grand format","publisher_availability":1,"stock":0,"editions":[],"url":"https:\/\/quaidesbrumes.com\/ouvrage\/9782747570770\/lenfant-du-secret"},{"id":"9782747566612","title":"Parcours d'Ethiopiens en France et aux Etats-Unis ; de nouvelles formes de migrations","description":"A travers l'\u00e9tude de la migration des Ethiopiens, ce livre permet une analyse des transformations en cours dans le champ d'\u00e9tude des migrations. Etal\u00e9e sur une dur\u00e9e relativement courte, la migration \u00e9thiopienne donne \u00e0 voir de multiples configurations au regard des conditions de d\u00e9part d'Ethiopie et d'installation en Occident et contribue ainsi \u00e0 \u00e9clairer quelques-unes des formes de ce qui peut \u00eatre appel\u00e9 \"le nouveau visage de l'immigration\".","authors":["Tass\u00e9 Abye"],"category_codes":["1000000","1060000","1060300"],"visuals":{"large":"https:\/\/images.epagine.fr\/612\/9782747566612_1_75.jpg","medium":"https:\/\/images.epagine.fr\/612\/9782747566612_1_m.jpg","thumbnail":"https:\/\/images.epagine.fr\/612\/9782747566612_1_v.jpg"},"orderable":true,"show_badge":true,"formatted_price":"34,50&nbsp;\u20ac","formatted_published_date":"2 juin 2004","publisher_availability_label":"Sur commande","short_details":"Tass\u00e9 Abye \u2014 \u00c9ditions L'Harmattan","translator":null,"weight":701,"page_count":402,"readership":null,"editor":"\u00c9ditions L'Harmattan","price":3450,"published_date":"2004-06-01T22:00:00.000000Z","support":"Grand format","publisher_availability":1,"stock":0,"editions":[],"url":"https:\/\/quaidesbrumes.com\/ouvrage\/9782747566612\/parcours-dethiopiens-en-france-et-aux-etats-unis-de-nouvelles-formes-de-migrations"}]}