{"data":[{"id":"9782012528208","title":"Catalogue de la biblioth\u00e8que d'art de Georges Duplessis (\u00c9d.1900)","description":"Catalogue de la biblioth\u00e8que d'art de Georges Duplessis,... \/ publi\u00e9 par M. Edmond Lechevallier-Chevignard\r\nDate de l'\u00e9dition originale : 1900\r\nSujet de l'ouvrage : Duplessis, Georges (1834-1899) -- Biblioth\u00e8queDuplessis, Georges (1834-1899) -- Portraits\r\n\r\nLe pr\u00e9sent ouvrage s'inscrit dans une politique de conservation patrimoniale des ouvrages de la litt\u00e9rature Fran\u00e7aise mise en place avec la BNF.\r\nHACHETTE LIVRE et la BNF proposent ainsi un catalogue de titres indisponibles, la BNF ayant num\u00e9ris\u00e9 ces oeuvres et HACHETTE LIVRE les imprimant \u00e0 la demande.\r\nCertains de ces ouvrages refl\u00e8tent des courants de pens\u00e9e caract\u00e9ristiques de leur \u00e9poque, mais qui seraient aujourd'hui jug\u00e9s condamnables.\r\nIls n'en appartiennent pas moins \u00e0 l'histoire des id\u00e9es en France et sont susceptibles de pr\u00e9senter un int\u00e9r\u00eat scientifique ou historique.\r\nLe sens de notre d\u00e9marche \u00e9ditoriale consiste ainsi \u00e0 permettre l'acc\u00e8s \u00e0 ces oeuvres sans pour autant que nous en cautionnions en aucune fa\u00e7on le contenu.\r\n\r\nPour plus d'informations, rendez-vous sur www.hachettebnf.fr","authors":["Collectif"],"category_codes":["1000000","1060000","1060200"],"visuals":{"large":"https:\/\/images.epagine.fr\/208\/9782012528208_1_75.jpg","medium":"https:\/\/images.epagine.fr\/208\/9782012528208_1_m.jpg","thumbnail":"https:\/\/images.epagine.fr\/208\/9782012528208_1_v.jpg"},"orderable":true,"show_badge":true,"formatted_price":"22,50&nbsp;\u20ac","formatted_published_date":"1er mai 2012","publisher_availability_label":"Sur commande","short_details":"Collectif \u2014 Hachette BNF","translator":null,"weight":410,"page_count":290,"readership":null,"editor":"Hachette BNF","price":2250,"published_date":"2012-04-30T22:00:00.000000Z","support":"Grand format","publisher_availability":1,"stock":0,"editions":[],"url":"https:\/\/quaidesbrumes.com\/ouvrage\/9782012528208\/catalogue-de-la-bibliotheque-dart-de-georges-duplessis-ed1900"},{"id":"9782747561556","title":"La force des incertitudes : La m\u00e9moire retrouv\u00e9e des hommes des confins de la Pologne","description":"L'auteur nous raconte l'histoire de sa famille en Pologne pendant les ann\u00e9es 30 et les ann\u00e9e 40. A travers ce r\u00e9cit nous d\u00e9couvrons leur mode de vie et le rythme des moments heureux: les s\u00e9jours de vacances dans la propri\u00e9t\u00e9 du grand-p\u00e8re aux confins orientaux de la Pologne, l'abondance de la table, les relations de voisinage. La guerre changera tout mais la famille restera unie malgr\u00e9 toutes les difficult\u00e9s.\r","authors":["Dorota Henrot Rzewuska"],"category_codes":["1000000","1060000"],"visuals":{"large":"https:\/\/images.epagine.fr\/556\/9782747561556_1_75.jpg","medium":"https:\/\/images.epagine.fr\/556\/9782747561556_1_m.jpg","thumbnail":"https:\/\/images.epagine.fr\/556\/9782747561556_1_v.jpg"},"orderable":true,"show_badge":true,"formatted_price":"16,50&nbsp;\u20ac","formatted_published_date":"2 mai 2004","publisher_availability_label":"Sur commande","short_details":"Dorota Henrot Rzewuska \u2014 \u00c9ditions L'Harmattan","translator":null,"weight":190,"page_count":172,"readership":null,"editor":"\u00c9ditions L'Harmattan","price":1650,"published_date":"2004-05-01T22:00:00.000000Z","support":"Grand format","publisher_availability":1,"stock":0,"editions":[],"url":"https:\/\/quaidesbrumes.com\/ouvrage\/9782747561556\/la-force-des-incertitudes-la-memoire-retrouvee-des-hommes-des-confins-de-la-pologne"},{"id":"9782747563475","title":"Une vie en diagonales","description":"Entrant dans l'hiver de sa vie, un universitaire apprend par hasard qu'il a \u00e9t\u00e9 un enfant adopt\u00e9, au fond de sa Vend\u00e9e qu'il croyait natale. La d\u00e9stabilisation profonde qui en r\u00e9sulte l'am\u00e8ne \u00e0 retrouver ses souvenirs marquants pour les r\u00e9examiner. Comme pendant son enfance, au coll\u00e8ge, lorsqu'il racontait \u00e0 sa m\u00e8re, paysanne, ce qu'il apprenait chaque jour sur la guerre d'Indochine ou encore jeune \u00e9tudiant, se liant avec un coll\u00e8gue alg\u00e9rien et qui dispara\u00eet un jour brusquement pour s'engager dans la guerre coloniale. Il ne sait plus s'il a imagin\u00e9 ces histoires ou si elles \u00e9taient v\u00e9ridiques. \r","authors":["Louis Porcher"],"category_codes":["1000000","1060000"],"visuals":{"large":"https:\/\/images.epagine.fr\/475\/9782747563475_1_75.jpg","medium":"https:\/\/images.epagine.fr\/475\/9782747563475_1_m.jpg","thumbnail":"https:\/\/images.epagine.fr\/475\/9782747563475_1_v.jpg"},"orderable":true,"show_badge":true,"formatted_price":"19,00&nbsp;\u20ac","formatted_published_date":"2 mai 2004","publisher_availability_label":"Sur commande","short_details":"Louis Porcher \u2014 \u00c9ditions L'Harmattan","translator":null,"weight":220,"page_count":206,"readership":null,"editor":"\u00c9ditions L'Harmattan","price":1900,"published_date":"2004-05-01T22:00:00.000000Z","support":"Grand format","publisher_availability":1,"stock":0,"editions":[],"url":"https:\/\/quaidesbrumes.com\/ouvrage\/9782747563475\/une-vie-en-diagonales"},{"id":"9782855540719","title":"La famille gardin en Bretagne","description":null,"authors":["Yves Breton"],"category_codes":["1000000","1060000"],"visuals":{"large":"https:\/\/images.epagine.fr\/719\/9782855540719_1_75.jpg","medium":"https:\/\/images.epagine.fr\/719\/9782855540719_1_m.jpg","thumbnail":"https:\/\/images.epagine.fr\/719\/9782855540719_1_v.jpg"},"orderable":true,"show_badge":true,"formatted_price":"38,00&nbsp;\u20ac","formatted_published_date":"1er janvier 1994","publisher_availability_label":"Sur commande","short_details":"Yves Breton \u2014 Regionales De L'Ouest","translator":null,"weight":800,"page_count":null,"readership":null,"editor":"Regionales De L'Ouest","price":3800,"published_date":"1993-12-31T23:00:00.000000Z","support":"Grand format","publisher_availability":1,"stock":0,"editions":[],"url":"https:\/\/quaidesbrumes.com\/ouvrage\/9782855540719\/la-famille-gardin-en-bretagne"},{"id":"9782910699369","title":"Ur breizhad skolaer er mezven (1938-1942)","description":"En 1938-1942 Eujen Chalm \u00e9tait instituteur en Mayenne. C'est \u00e0 la m\u00eame \u00e9poque qu'il fut enr\u00f4l\u00e9 dans l'arm\u00e9e. Il eut ainsi l'occasion d'\u00e9crire ses m\u00e9moires portant sur cette p\u00e9riode. Eujen Chalm a obtenu le prix Roparz Hemon en 1998.\r","authors":["Roparz Hemon"],"category_codes":["1000000","1060000","1060100"],"visuals":{"large":"https:\/\/images.epagine.fr\/369\/9782910699369_1_75.jpg","medium":"https:\/\/images.epagine.fr\/369\/9782910699369_1_m.jpg","thumbnail":"https:\/\/images.epagine.fr\/369\/9782910699369_1_v.jpg"},"orderable":true,"show_badge":true,"formatted_price":"10,00&nbsp;\u20ac","formatted_published_date":"1er mai 2000","publisher_availability_label":"Sur commande","short_details":"Roparz Hemon \u2014 HOR YEZH","translator":null,"weight":700,"page_count":140,"readership":null,"editor":"HOR YEZH","price":1000,"published_date":"2000-04-30T22:00:00.000000Z","support":"Grand format","publisher_availability":1,"stock":0,"editions":[],"url":"https:\/\/quaidesbrumes.com\/ouvrage\/9782910699369\/ur-breizhad-skolaer-er-mezven-1938-1942"},{"id":"9782876293694","title":"Jeanne-Marie ; fragments d'une histoire retrouv\u00e9e","description":"Un coffre de mariage conserv\u00e9 dans la famille, au coeur de la Dombes, depuis le XVIIIe si\u00e8cle : voil\u00e0 qu'on lui d\u00e9couvre un fond secret.\r\nL\u00e0, gisent des pages d'une \u00e9criture maladroite que Jeanne Marie (1722-1775), paysanne longtemps rest\u00e9e illettr\u00e9e, avait trac\u00e9es. Tout est l\u00e0 pour lancer une enqu\u00eate. Les archives, les textes locaux, les m\u00e9moires, les ouvrages savants livrent des tr\u00e9sors. Il en na\u00eet un roman ; le roman vrai de Jeanne Marie, mais aussi une chronique de la Dombes de ce XVIIIe si\u00e8cle. oeuvre d'une descendante par alliance de cette Jeanne Marie qu'elle fait revivre avec une profonde intuition et une immense tendresse, c'est la r\u00e9surrection de tout un pass\u00e9 local, un bonheur de lecture.\r","authors":["Micheline Briel"],"category_codes":["1000000","1060000","1060100"],"visuals":{"large":"https:\/\/images.epagine.fr\/694\/9782876293694_1_75.jpg","medium":"https:\/\/images.epagine.fr\/694\/9782876293694_1_m.jpg","thumbnail":"https:\/\/images.epagine.fr\/694\/9782876293694_1_v.jpg"},"orderable":true,"show_badge":true,"formatted_price":"11,00&nbsp;\u20ac","formatted_published_date":"10 novembre 2007","publisher_availability_label":"Sur commande","short_details":"Micheline Briel \u2014 La Taillanderie","translator":null,"weight":212,"page_count":null,"readership":null,"editor":"La Taillanderie","price":1100,"published_date":"2007-11-09T23:00:00.000000Z","support":"Grand format","publisher_availability":1,"stock":0,"editions":[],"url":"https:\/\/quaidesbrumes.com\/ouvrage\/9782876293694\/jeanne-marie-fragments-dune-histoire-retrouvee"},{"id":"9782012528185","title":"Catalogue de la Biblioth\u00e8que communale de Brest. Histoire. 2\u00e8me partie (\u00c9d.1889-1893)","description":"Catalogue de la Biblioth\u00e8que communale de Brest. Histoire. 2\u00e8me partie \/ par A. Marion,... et ...\r\nDate de l'\u00e9dition originale : 1889-1893\r\n\r\nLe pr\u00e9sent ouvrage s'inscrit dans une politique de conservation patrimoniale des ouvrages de la litt\u00e9rature Fran\u00e7aise mise en place avec la BNF.\r\nHACHETTE LIVRE et la BNF proposent ainsi un catalogue de titres indisponibles, la BNF ayant num\u00e9ris\u00e9 ces oeuvres et HACHETTE LIVRE les imprimant \u00e0 la demande.\r\nCertains de ces ouvrages refl\u00e8tent des courants de pens\u00e9e caract\u00e9ristiques de leur \u00e9poque, mais qui seraient aujourd'hui jug\u00e9s condamnables.\r\nIls n'en appartiennent pas moins \u00e0 l'histoire des id\u00e9es en France et sont susceptibles de pr\u00e9senter un int\u00e9r\u00eat scientifique ou historique.\r\nLe sens de notre d\u00e9marche \u00e9ditoriale consiste ainsi \u00e0 permettre l'acc\u00e8s \u00e0 ces oeuvres sans pour autant que nous en cautionnions en aucune fa\u00e7on le contenu.\r\n\r\nPour plus d'informations, rendez-vous sur www.hachettebnf.fr","authors":["Bibliotheque Municip"],"category_codes":["1000000","1060000","1060200"],"visuals":{"large":"https:\/\/images.epagine.fr\/185\/9782012528185_1_75.jpg","medium":"https:\/\/images.epagine.fr\/185\/9782012528185_1_m.jpg","thumbnail":"https:\/\/images.epagine.fr\/185\/9782012528185_1_v.jpg"},"orderable":true,"show_badge":true,"formatted_price":"24,50&nbsp;\u20ac","formatted_published_date":"1er juin 2012","publisher_availability_label":"Sur commande","short_details":"Bibliotheque Municip \u2014 Hachette BNF","translator":null,"weight":492,"page_count":348,"readership":null,"editor":"Hachette BNF","price":2450,"published_date":"2012-05-31T22:00:00.000000Z","support":"Grand format","publisher_availability":1,"stock":0,"editions":[],"url":"https:\/\/quaidesbrumes.com\/ouvrage\/9782012528185\/catalogue-de-la-bibliotheque-communale-de-brest-histoire-2eme-partie-ed1889-1893"},{"id":"9782720002168","title":"Un cavalier dans la neige. l histoire d aten, un vieux guerrier khampa, recueillie par d. norbou","description":null,"authors":[" Million Botte"],"category_codes":["1000000","1060000","1060300"],"visuals":{"large":"https:\/\/images.epagine.fr\/168\/9782720002168_1_75.jpg","medium":"https:\/\/images.epagine.fr\/168\/9782720002168_1_m.jpg","thumbnail":"https:\/\/images.epagine.fr\/168\/9782720002168_1_v.jpg"},"orderable":true,"show_badge":true,"formatted_price":"18,40&nbsp;\u20ac","formatted_published_date":"29 octobre 1987","publisher_availability_label":"Sur commande","short_details":" Million Botte \u2014 Jean Maisonneuve","translator":null,"weight":180,"page_count":null,"readership":null,"editor":"Jean Maisonneuve","price":1840,"published_date":"1987-10-28T23:00:00.000000Z","support":"Grand format","publisher_availability":1,"stock":0,"editions":[],"url":"https:\/\/quaidesbrumes.com\/ouvrage\/9782720002168\/un-cavalier-dans-la-neige-l-histoire-d-aten-un-vieux-guerrier-khampa-recueillie-par-d-norbou"},{"id":"9782747559362","title":"Ma m\u00e8re, cette utopie !","description":"Suivez, dans le d\u00e9but des ann\u00e9es soixante, les pas encore h\u00e9sitants d'un jeune enfant qui, avec ses mots \u00e0 lui, vous emm\u00e8ne sur le chemin de sa vie, tiraill\u00e9 entre une histoire d'amour avec son p\u00e8re et la maltraitance que sa m\u00e8re lui fait subir. A travers ses larmes, sa perception des adultes, sa volont\u00e9 de vivre, ce petit bonhomme vous emportera, malgr\u00e9 la douleur des coups re\u00e7us, le manque d'amour, dans le monde merveilleux de la vision des enfants. Cet enfant, c'\u00e9tait moi. Cette enfance ab\u00eem\u00e9e, ce fut la mienne. Ce livre est un t\u00e9moignage.\r","authors":["J\u00e9r\u00e9mie Moreau"],"category_codes":["1000000","1060000","1060300"],"visuals":{"large":"https:\/\/images.epagine.fr\/362\/9782747559362_1_75.jpg","medium":"https:\/\/images.epagine.fr\/362\/9782747559362_1_m.jpg","thumbnail":"https:\/\/images.epagine.fr\/362\/9782747559362_1_v.jpg"},"orderable":true,"show_badge":true,"formatted_price":"14,00&nbsp;\u20ac","formatted_published_date":"1er f\u00e9vrier 2004","publisher_availability_label":"Sur commande","short_details":"J\u00e9r\u00e9mie Moreau \u2014 \u00c9ditions L'Harmattan","translator":null,"weight":301,"page_count":136,"readership":null,"editor":"\u00c9ditions L'Harmattan","price":1400,"published_date":"2004-01-31T23:00:00.000000Z","support":"Grand format","publisher_availability":1,"stock":0,"editions":[],"url":"https:\/\/quaidesbrumes.com\/ouvrage\/9782747559362\/ma-mere-cette-utopie"},{"id":"9782747559645","title":"M\u00e9moires infid\u00e8les d'une famille de Provence","description":"Ce livre est une v\u00e9ritable saga : deux si\u00e8cles de la vie, des amours, des passions de personnages hauts en couleur. En vrais Proven\u00e7aux d'Avignon, dans les combats les plus durs, ils ne d\u00e9partirent jamais de leur humour. Leur histoire est relat\u00e9e au travers d'anecdotes pleines de joie de vivre et d'\u00e9motion dont la succession se joue d'un ordre chronologique fastidieux. Par touche discr\u00e8te, \u00e0 travers leurs espoirs, leurs fantasmes, leurs combats et leurs partis pris r\u00e9publicains, l'auteur nous rem\u00e9more ainsi 200 ans de notre histoire.","authors":["Jean-marie Albertini"],"category_codes":["1000000","1060000"],"visuals":{"large":"https:\/\/images.epagine.fr\/645\/9782747559645_1_75.jpg","medium":"https:\/\/images.epagine.fr\/645\/9782747559645_1_m.jpg","thumbnail":"https:\/\/images.epagine.fr\/645\/9782747559645_1_v.jpg"},"orderable":true,"show_badge":true,"formatted_price":"25,00&nbsp;\u20ac","formatted_published_date":"1er f\u00e9vrier 2004","publisher_availability_label":"Sur commande","short_details":"Jean-marie Albertini \u2014 \u00c9ditions L'Harmattan","translator":null,"weight":295,"page_count":272,"readership":null,"editor":"\u00c9ditions L'Harmattan","price":2500,"published_date":"2004-01-31T23:00:00.000000Z","support":"Grand format","publisher_availability":1,"stock":0,"editions":[],"url":"https:\/\/quaidesbrumes.com\/ouvrage\/9782747559645\/memoires-infideles-dune-famille-de-provence"},{"id":"9782747561495","title":"R\u00e9flexions sur les chansons douces que nous chantaient nos parents... : ou Les dessous de la M\u00e8re Michel","description":"Cet essai jette un \u00e9clairage nouveau sur ces chansons d'enfance, ces \"enfantines\", que tout le monde conna\u00eet pour les avoir maintes fois entendues et \"pratiqu\u00e9es\" sans pour autant leur pr\u00eater une r\u00e9elle attention. L'auteur propose quelques pistes de lecture dans cet ouvrage qui int\u00e9ressera tous les anciens enfants et les parents qui \u00e9couteront et chanteront autrement les chansons de leur enfance; et d'y d\u00e9couvrir des tr\u00e9sors oubli\u00e9s ou malmen\u00e9s.\r","authors":["Valerie Soubeyran"],"category_codes":["6000000","6030000"],"visuals":{"large":"https:\/\/images.epagine.fr\/495\/9782747561495_1_75.jpg","medium":"https:\/\/images.epagine.fr\/495\/9782747561495_1_m.jpg","thumbnail":"https:\/\/images.epagine.fr\/495\/9782747561495_1_v.jpg"},"orderable":true,"show_badge":true,"formatted_price":"15,00&nbsp;\u20ac","formatted_published_date":"2 mars 2004","publisher_availability_label":"Sur commande","short_details":"Valerie Soubeyran \u2014 \u00c9ditions L'Harmattan","translator":null,"weight":170,"page_count":150,"readership":null,"editor":"\u00c9ditions L'Harmattan","price":1500,"published_date":"2004-03-01T23:00:00.000000Z","support":"Grand format","publisher_availability":1,"stock":0,"editions":[],"url":"https:\/\/quaidesbrumes.com\/ouvrage\/9782747561495\/reflexions-sur-les-chansons-douces-que-nous-chantaient-nos-parents-ou-les-dessous-de-la-mere-michel"},{"id":"9782876293748","title":"Mgr Lefebvre tout simplement... ; souvenirs d'un de ses chauffeurs","description":null,"authors":["Max Barret"],"category_codes":["1000000","1060000","1060300"],"visuals":{"large":"https:\/\/quaidesbrumes.com\/img\/book-placeholder.png","medium":"https:\/\/quaidesbrumes.com\/img\/book-placeholder.png","thumbnail":"https:\/\/quaidesbrumes.com\/img\/book-placeholder.png"},"orderable":true,"show_badge":true,"formatted_price":"10,00&nbsp;\u20ac","formatted_published_date":"10 novembre 2007","publisher_availability_label":"Sur commande","short_details":"Max Barret \u2014 La Taillanderie","translator":null,"weight":212,"page_count":null,"readership":null,"editor":"La Taillanderie","price":1000,"published_date":"2007-11-09T23:00:00.000000Z","support":"Grand format","publisher_availability":1,"stock":0,"editions":[],"url":"https:\/\/quaidesbrumes.com\/ouvrage\/9782876293748\/mgr-lefebvre-tout-simplement-souvenirs-dun-de-ses-chauffeurs"},{"id":"9782226398161","title":"Pierre benoit le magicien","description":null,"authors":["Bornecque J-H."],"category_codes":["1000000","1060000","1060200"],"visuals":{"large":"https:\/\/quaidesbrumes.com\/img\/book-placeholder.png","medium":"https:\/\/quaidesbrumes.com\/img\/book-placeholder.png","thumbnail":"https:\/\/quaidesbrumes.com\/img\/book-placeholder.png"},"orderable":true,"show_badge":true,"formatted_price":"26,00&nbsp;\u20ac","formatted_published_date":"27 juillet 2017","publisher_availability_label":"Sur commande","short_details":"Bornecque J-H. \u2014 Albin Michel","translator":null,"weight":638,"page_count":null,"readership":null,"editor":"Albin Michel","price":2600,"published_date":"2017-07-26T22:00:00.000000Z","support":"Grand format","publisher_availability":1,"stock":0,"editions":[],"url":"https:\/\/quaidesbrumes.com\/ouvrage\/9782226398161\/pierre-benoit-le-magicien"},{"id":"9782747558631","title":"La vie d'une iranienne au 20e siecle","description":"Cet ouvrage relate la vie d'une princesse iranienne de T\u00e9h\u00e9ran, depuis sa naissance jusqu'\u00e0 l'\u00e2ge m\u00fbr. Abandonn\u00e9e par sa m\u00e8re, elle est \u00e9lev\u00e9e par sa grand-m\u00e8re, selon les principes et les traditions en vigueur de l'\u00e9poque, dans un pays o\u00f9 la position des femmes est peu enviable. Elle r\u00e9ussit pourtant, dans ce contexte effroyable, \u00e0 atteindre les objectifs que, toute petite, elle s'\u00e9tait fix\u00e9e.\r","authors":[],"category_codes":["1000000","1060000"],"visuals":{"large":"https:\/\/images.epagine.fr\/631\/9782747558631_1_75.jpg","medium":"https:\/\/images.epagine.fr\/631\/9782747558631_1_m.jpg","thumbnail":"https:\/\/images.epagine.fr\/631\/9782747558631_1_v.jpg"},"orderable":true,"show_badge":true,"formatted_price":"20,50&nbsp;\u20ac","formatted_published_date":"1er f\u00e9vrier 2004","publisher_availability_label":"Sur commande","short_details":"\u00c9ditions L'Harmattan","translator":null,"weight":295,"page_count":216,"readership":null,"editor":"\u00c9ditions L'Harmattan","price":2050,"published_date":"2004-01-31T23:00:00.000000Z","support":"Grand format","publisher_availability":1,"stock":0,"editions":[],"url":"https:\/\/quaidesbrumes.com\/ouvrage\/9782747558631\/la-vie-dune-iranienne-au-20e-siecle"},{"id":"9782012528192","title":"Catalogue de la Biblioth\u00e8que communale de Brest. Histoire. l\u00e8re partie (\u00c9d.1889-1893)","description":"Catalogue de la Biblioth\u00e8que communale de Brest. Histoire. l\u00e8re partie \/ par A. Marion,... et ...\r\nDate de l'\u00e9dition originale : 1889-1893\r\n\r\nLe pr\u00e9sent ouvrage s'inscrit dans une politique de conservation patrimoniale des ouvrages de la litt\u00e9rature Fran\u00e7aise mise en place avec la BNF.\r\nHACHETTE LIVRE et la BNF proposent ainsi un catalogue de titres indisponibles, la BNF ayant num\u00e9ris\u00e9 ces oeuvres et HACHETTE LIVRE les imprimant \u00e0 la demande.\r\nCertains de ces ouvrages refl\u00e8tent des courants de pens\u00e9e caract\u00e9ristiques de leur \u00e9poque, mais qui seraient aujourd'hui jug\u00e9s condamnables.\r\nIls n'en appartiennent pas moins \u00e0 l'histoire des id\u00e9es en France et sont susceptibles de pr\u00e9senter un int\u00e9r\u00eat scientifique ou historique.\r\nLe sens de notre d\u00e9marche \u00e9ditoriale consiste ainsi \u00e0 permettre l'acc\u00e8s \u00e0 ces oeuvres sans pour autant que nous en cautionnions en aucune fa\u00e7on le contenu.\r\n\r\nPour plus d'informations, rendez-vous sur www.hachettebnf.fr","authors":["Bibliotheque Municip"],"category_codes":["1000000","1060000","1060200"],"visuals":{"large":"https:\/\/images.epagine.fr\/192\/9782012528192_1_75.jpg","medium":"https:\/\/images.epagine.fr\/192\/9782012528192_1_m.jpg","thumbnail":"https:\/\/images.epagine.fr\/192\/9782012528192_1_v.jpg"},"orderable":true,"show_badge":true,"formatted_price":"30,50&nbsp;\u20ac","formatted_published_date":"1er juin 2012","publisher_availability_label":"Sur commande","short_details":"Bibliotheque Municip \u2014 Hachette BNF","translator":null,"weight":698,"page_count":502,"readership":null,"editor":"Hachette BNF","price":3050,"published_date":"2012-05-31T22:00:00.000000Z","support":"Grand format","publisher_availability":1,"stock":0,"editions":[],"url":"https:\/\/quaidesbrumes.com\/ouvrage\/9782012528192\/catalogue-de-la-bibliotheque-communale-de-brest-histoire-lere-partie-ed1889-1893"},{"id":"9782747560771","title":"Itin\u00e9raire d'un saint-louisien : \"La vieille ville fran\u00e7aise\" \u00e0 l'aube des ind\u00e9pendances","description":"L'auteur \u00e9voque son itin\u00e9raire parsem\u00e9 d'emb\u00fbches et d'injustices dans le service des Eaux et For\u00eats et au Parc National du Niokolo Koba au S\u00e9n\u00e9gal. Il relate \u00e9galement, dans un style alerte, expressif et de lecture facile, son exp\u00e9rience dans les pays occidentaux qu'il a visit\u00e9s. L'auteur adresse un message aux \u00e9migr\u00e9s et autre expatri\u00e9s: il leur rappelle que la meilleure option apr\u00e8s le d\u00e9part pour l'ext\u00e9rieur, c'est d'envisager le retour au pays, pour participer activement au d\u00e9veloppement de la nation, avant qu'il ne soit trop tard.\r","authors":["Moumar Gueye"],"category_codes":["1000000","1060000"],"visuals":{"large":"https:\/\/images.epagine.fr\/771\/9782747560771_1_75.jpg","medium":"https:\/\/images.epagine.fr\/771\/9782747560771_1_m.jpg","thumbnail":"https:\/\/images.epagine.fr\/771\/9782747560771_1_v.jpg"},"orderable":true,"show_badge":true,"formatted_price":"15,50&nbsp;\u20ac","formatted_published_date":"2 mars 2004","publisher_availability_label":"Sur commande","short_details":"Moumar Gueye \u2014 \u00c9ditions L'Harmattan","translator":null,"weight":220,"page_count":156,"readership":null,"editor":"\u00c9ditions L'Harmattan","price":1550,"published_date":"2004-03-01T23:00:00.000000Z","support":"Grand format","publisher_availability":1,"stock":0,"editions":[],"url":"https:\/\/quaidesbrumes.com\/ouvrage\/9782747560771\/itineraire-dun-saint-louisien-la-vieille-ville-francaise-a-laube-des-independances"},{"id":"9782013465199","title":"Notice historique et litt\u00e9raire sur Valaz\u00e9, membre de la Convention nationale","description":"Notice historique et litt\u00e9raire sur Valaz\u00e9, membre de la Convention nationale... par Louis Dubois,...\r\nDate de l'\u00e9dition originale : 1802\r\n\r\nLe pr\u00e9sent ouvrage s'inscrit dans une politique de conservation patrimoniale des ouvrages de la litt\u00e9rature Fran\u00e7aise mise en place avec la BNF.\r\nHACHETTE LIVRE et la BNF proposent ainsi un catalogue de titres indisponibles, la BNF ayant num\u00e9ris\u00e9 ces oeuvres et HACHETTE LIVRE les imprimant \u00e0 la demande.\r\nCertains de ces ouvrages refl\u00e8tent des courants de pens\u00e9e caract\u00e9ristiques de leur \u00e9poque, mais qui seraient aujourd'hui jug\u00e9s condamnables.\r\nIls n'en appartiennent pas moins \u00e0 l'histoire des id\u00e9es en France et sont susceptibles de pr\u00e9senter un int\u00e9r\u00eat scientifique ou historique.\r\nLe sens de notre d\u00e9marche \u00e9ditoriale consiste ainsi \u00e0 permettre l'acc\u00e8s \u00e0 ces oeuvres sans pour autant que nous en cautionnions en aucune fa\u00e7on le contenu.\r\n\r\nPour plus d'informations, rendez-vous sur www.hachettebnf.fr","authors":["Du Bois L-F."],"category_codes":["1000000","1060000","1060200"],"visuals":{"large":"https:\/\/images.epagine.fr\/199\/9782013465199_1_75.jpg","medium":"https:\/\/images.epagine.fr\/199\/9782013465199_1_m.jpg","thumbnail":"https:\/\/images.epagine.fr\/199\/9782013465199_1_v.jpg"},"orderable":true,"show_badge":true,"formatted_price":"9,50&nbsp;\u20ac","formatted_published_date":"1er octobre 2014","publisher_availability_label":"Sur commande","short_details":"Du Bois L-F. \u2014 Hachette BNF","translator":null,"weight":62,"page_count":30,"readership":null,"editor":"Hachette BNF","price":950,"published_date":"2014-09-30T22:00:00.000000Z","support":"Grand format","publisher_availability":1,"stock":0,"editions":[],"url":"https:\/\/quaidesbrumes.com\/ouvrage\/9782013465199\/notice-historique-et-litteraire-sur-valaze-membre-de-la-convention-nationale"},{"id":"9782747561624","title":"J'ai connu le moyen-age - recit de vie : enfance","description":"1917 : Il n'a pas encore quatre ans. Sa m\u00e8re vient de mourir. Son p\u00e8re, mobilis\u00e9, v\u00eatu en soldat, un homme qu'il n'a jamais vu, le dispute \u00e0 sa famille maternelle, l'emm\u00e8ne de nuit, sur ses \u00e9paules, et le d\u00e9pose chez ses parents. Le petit-fils pousse alors chez sa grand-m\u00e8re qui l'aime bien, mais sans chaleur. Attentif \u00e0 tout ce qui se passe autour de lui, l'enfant assiste \u00e0 un \u00e9v\u00e9nement capital : l'arriv\u00e9e du courant \u00e9lectrique. Cet ouvrage peint la juxtaposition de l'\u00e9volution d'un village, en proie \u00e0 la modernit\u00e9 naissante, avec l'\u00e9veil d'une enfance aux m\u00e9tiers. Avec le bonheur d'un style alerte.\r","authors":["William Grossin"],"category_codes":["1000000","1060000"],"visuals":{"large":"https:\/\/images.epagine.fr\/624\/9782747561624_1_75.jpg","medium":"https:\/\/images.epagine.fr\/624\/9782747561624_1_m.jpg","thumbnail":"https:\/\/images.epagine.fr\/624\/9782747561624_1_v.jpg"},"orderable":true,"show_badge":true,"formatted_price":"17,50&nbsp;\u20ac","formatted_published_date":"2 mai 2004","publisher_availability_label":"Sur commande","short_details":"William Grossin \u2014 \u00c9ditions L'Harmattan","translator":null,"weight":185,"page_count":164,"readership":null,"editor":"\u00c9ditions L'Harmattan","price":1750,"published_date":"2004-05-01T22:00:00.000000Z","support":"Grand format","publisher_availability":1,"stock":0,"editions":[],"url":"https:\/\/quaidesbrumes.com\/ouvrage\/9782747561624\/jai-connu-le-moyen-age-recit-de-vie-enfance"},{"id":"9782747560511","title":"Les g\u00e9nies de la fontaine","description":"Henriette, garde-barri\u00e8re au milieu d'aucune route et Eug\u00e8ne, suiveur de voies ferr\u00e9s, arrivent un jour de 1903 \u00e0 Sainte-Madeleine. Leur couple formera une famille et vivra de convivialit\u00e9 avec les passants qui seront souvent plus que des voisins. Une vie qui met en sc\u00e8ne des valeurs humaines que l'on croit  aujourd'hui disparues. En lisant ce livre on plonge dans un d\u00e9cor que l'on sait proche bien qu'impalpable, o\u00f9 l'on souhaite p\u00e9n\u00e9trer.","authors":["Roger Tindili\u00e8re"],"category_codes":["1000000","1060000"],"visuals":{"large":"https:\/\/images.epagine.fr\/511\/9782747560511_1_75.jpg","medium":"https:\/\/images.epagine.fr\/511\/9782747560511_1_m.jpg","thumbnail":"https:\/\/images.epagine.fr\/511\/9782747560511_1_v.jpg"},"orderable":true,"show_badge":true,"formatted_price":"12,50&nbsp;\u20ac","formatted_published_date":"2 mai 2004","publisher_availability_label":"Sur commande","short_details":"Roger Tindili\u00e8re \u2014 \u00c9ditions L'Harmattan","translator":null,"weight":135,"page_count":114,"readership":null,"editor":"\u00c9ditions L'Harmattan","price":1250,"published_date":"2004-05-01T22:00:00.000000Z","support":"Grand format","publisher_availability":1,"stock":0,"editions":[],"url":"https:\/\/quaidesbrumes.com\/ouvrage\/9782747560511\/les-genies-de-la-fontaine"},{"id":"9782747562164","title":"Les volontaires de la Haute-Sa\u00f4ne : Carnet de Notes recueilli et annonc\u00e9 par Henri Baumont","description":"Ce texte est le carnet de notes de Philippe Charton, un paysan Franc-Comtois n\u00e9 en 1767, fusilier du II\u00e8me bataillon de Volontaires de la Haute Sa\u00f4ne. L'auteur nous fait conna\u00eetre \u00e9tape par \u00e9tape l'itin\u00e9raire de son bataillon et les affaire auxquelles il avait pris part. Plusieurs fois diff\u00e9r\u00e9e, la publication de ce carnet (remis par Philippe Charton \u00e0 Henri Baumont qui le d\u00e9chiffra et l'annota)  apporte de riches appr\u00e9ciations sur cette tranche d'histoire.\r","authors":["Philippe Charton"],"category_codes":["1000000","1060000"],"visuals":{"large":"https:\/\/images.epagine.fr\/164\/9782747562164_1_75.jpg","medium":"https:\/\/images.epagine.fr\/164\/9782747562164_1_m.jpg","thumbnail":"https:\/\/images.epagine.fr\/164\/9782747562164_1_v.jpg"},"orderable":true,"show_badge":true,"formatted_price":"9,00&nbsp;\u20ac","formatted_published_date":"2 mai 2004","publisher_availability_label":"Sur commande","short_details":"Philippe Charton \u2014 \u00c9ditions L'Harmattan","translator":null,"weight":66,"page_count":48,"readership":null,"editor":"\u00c9ditions L'Harmattan","price":900,"published_date":"2004-05-01T22:00:00.000000Z","support":"Grand format","publisher_availability":1,"stock":0,"editions":[],"url":"https:\/\/quaidesbrumes.com\/ouvrage\/9782747562164\/les-volontaires-de-la-haute-saone-carnet-de-notes-recueilli-et-annonce-par-henri-baumont"},{"id":"9782012528215","title":"Catalogue biblioth\u00e8que St\u00e9 imp\u00e9riale des sciences, de l'agriculture, des arts de Lille. (\u00c9d.1870)","description":"Catalogue de la biblioth\u00e8que de la Soci\u00e9t\u00e9 imp\u00e9riale des sciences, de l'agriculture et des arts de Lille \/ [par A. de Norguet]\r\nDate de l'\u00e9dition originale : 1870\r\n\r\nLe pr\u00e9sent ouvrage s'inscrit dans une politique de conservation patrimoniale des ouvrages de la litt\u00e9rature Fran\u00e7aise mise en place avec la BNF.\r\nHACHETTE LIVRE et la BNF proposent ainsi un catalogue de titres indisponibles, la BNF ayant num\u00e9ris\u00e9 ces oeuvres et HACHETTE LIVRE les imprimant \u00e0 la demande.\r\nCertains de ces ouvrages refl\u00e8tent des courants de pens\u00e9e caract\u00e9ristiques de leur \u00e9poque, mais qui seraient aujourd'hui jug\u00e9s condamnables.\r\nIls n'en appartiennent pas moins \u00e0 l'histoire des id\u00e9es en France et sont susceptibles de pr\u00e9senter un int\u00e9r\u00eat scientifique ou historique.\r\nLe sens de notre d\u00e9marche \u00e9ditoriale consiste ainsi \u00e0 permettre l'acc\u00e8s \u00e0 ces oeuvres sans pour autant que nous en cautionnions en aucune fa\u00e7on le contenu.\r\n\r\nPour plus d'informations, rendez-vous sur www.hachettebnf.fr","authors":["Norguet J L."],"category_codes":["1000000","1060000","1060200"],"visuals":{"large":"https:\/\/images.epagine.fr\/215\/9782012528215_1_75.jpg","medium":"https:\/\/images.epagine.fr\/215\/9782012528215_1_m.jpg","thumbnail":"https:\/\/images.epagine.fr\/215\/9782012528215_1_v.jpg"},"orderable":true,"show_badge":true,"formatted_price":"28,00&nbsp;\u20ac","formatted_published_date":"1er juin 2012","publisher_availability_label":"Sur commande","short_details":"Norguet J L. \u2014 Hachette BNF","translator":null,"weight":600,"page_count":430,"readership":null,"editor":"Hachette BNF","price":2800,"published_date":"2012-05-31T22:00:00.000000Z","support":"Grand format","publisher_availability":1,"stock":0,"editions":[],"url":"https:\/\/quaidesbrumes.com\/ouvrage\/9782012528215\/catalogue-bibliotheque-ste-imperiale-des-sciences-de-lagriculture-des-arts-de-lille-ed1870"},{"id":"9782747565462","title":"Amplitude du tam-tam africain","description":"La renomm\u00e9e du tam-tam africain n'est pas surfaite ; quand il r\u00e9sonne, toutes les nouvelles se propagent au-del\u00e0 des fronti\u00e8res. Dans des ann\u00e9es d\u00e9j\u00e0 lointaines, Andr\u00e9 Marie \u00e9tait \u00e0 P\u00f4 au Burkina Faso, o\u00f9 il employait un petit gars qui n'avait jamais pu aller \u00e0 l'\u00e9cole. L'adolescent \u00e9tait avide de s'instruire, son patron lui apprit \u00e0 lire et le guida pour passer son brevet. Le tam-tam africain s'empara de cette r\u00e9ussite et la propagea dans tout le pays. De retour en France, l'auteur vit converger vers lui, toutes ethnies confondues, des lettres d'adultes lui demandant assistance pour pr\u00e9parer des examens, il les aida.\r","authors":["Le Coutour E N."],"category_codes":["1000000","1060000"],"visuals":{"large":"https:\/\/images.epagine.fr\/462\/9782747565462_1_75.jpg","medium":"https:\/\/images.epagine.fr\/462\/9782747565462_1_m.jpg","thumbnail":"https:\/\/images.epagine.fr\/462\/9782747565462_1_v.jpg"},"orderable":true,"show_badge":true,"formatted_price":"19,50&nbsp;\u20ac","formatted_published_date":"1er d\u00e9cembre 2004","publisher_availability_label":"Sur commande","short_details":"Le Coutour E N. \u2014 \u00c9ditions L'Harmattan","translator":null,"weight":290,"page_count":206,"readership":null,"editor":"\u00c9ditions L'Harmattan","price":1950,"published_date":"2004-11-30T23:00:00.000000Z","support":"Grand format","publisher_availability":1,"stock":0,"editions":[],"url":"https:\/\/quaidesbrumes.com\/ouvrage\/9782747565462\/amplitude-du-tam-tam-africain"},{"id":"9782747566377","title":"Itin\u00e9raire d'un jeune enseignant entre trois guerres et trois continents","description":"Roger Lef\u00e8vre offre le r\u00e9cit passionnant d'un  parcours riche  depuis son entr\u00e9e \u00e0 l'\u00e9cole normale, en passant par son engagement dans la r\u00e9sistance puis sa d\u00e9mobilisation en 1945 et sa mutation professionnelle au Liban d'o\u00f9 il rayonna en Syrie, en Irak, en Jordanie et en Egypte et fut un t\u00e9moin privil\u00e9gi\u00e9 des pr\u00e9mices du conflit isra\u00e9lo-arabe. Puis l'Alg\u00e9rie avant le retour en m\u00e9tropole \u00e0 Mont\u00e9limar en 1959.\r","authors":["Roger Lef\u00e8vre"],"category_codes":["1000000","1060000"],"visuals":{"large":"https:\/\/images.epagine.fr\/377\/9782747566377_1_75.jpg","medium":"https:\/\/images.epagine.fr\/377\/9782747566377_1_m.jpg","thumbnail":"https:\/\/images.epagine.fr\/377\/9782747566377_1_v.jpg"},"orderable":true,"show_badge":true,"formatted_price":"24,00&nbsp;\u20ac","formatted_published_date":"1er d\u00e9cembre 2004","publisher_availability_label":"Sur commande","short_details":"Roger Lef\u00e8vre \u2014 \u00c9ditions L'Harmattan","translator":null,"weight":390,"page_count":240,"readership":null,"editor":"\u00c9ditions L'Harmattan","price":2400,"published_date":"2004-11-30T23:00:00.000000Z","support":"Grand format","publisher_availability":1,"stock":0,"editions":[],"url":"https:\/\/quaidesbrumes.com\/ouvrage\/9782747566377\/itineraire-dun-jeune-enseignant-entre-trois-guerres-et-trois-continents"},{"id":"9782329477503","title":"Le Breviere des courtisans enrichy d'un grand nombre de figures","description":"Le Breviere des courtisans enrichy d'un grand nombre de figures \/ par le Sr de La Serre historiographe de France\r\nDate de l'\u00e9dition originale : 1630\r\n\r\nLe pr\u00e9sent ouvrage s'inscrit dans une politique de conservation patrimoniale des ouvrages de la litt\u00e9rature Fran\u00e7aise mise en place avec la BNF. \r\nHACHETTE LIVRE et la BNF proposent ainsi un catalogue de titres indisponibles, la BNF ayant num\u00e9ris\u00e9 ces oeuvres et HACHETTE LIVRE les imprimant \u00e0 la demande. \r\nCertains de ces ouvrages refl\u00e8tent des courants de pens\u00e9e caract\u00e9ristiques de leur \u00e9poque, mais qui seraient aujourd'hui jug\u00e9s condamnables. \r\nIls n'en appartiennent pas moins \u00e0 l'histoire des id\u00e9es en France et sont susceptibles de pr\u00e9senter un int\u00e9r\u00eat scientifique ou historique. \r\nLe sens de notre d\u00e9marche \u00e9ditoriale consiste ainsi \u00e0 permettre l'acc\u00e8s \u00e0 ces oeuvres sans pour autant que nous en cautionnions en aucune fa\u00e7on le contenu. \r\nPour plus d'informations, rendez-vous sur www.hachettebnf.fr","authors":["Puget De La Serre J."],"category_codes":["1000000","1060000"],"visuals":{"large":"https:\/\/quaidesbrumes.com\/img\/book-placeholder.png","medium":"https:\/\/quaidesbrumes.com\/img\/book-placeholder.png","thumbnail":"https:\/\/quaidesbrumes.com\/img\/book-placeholder.png"},"orderable":true,"show_badge":true,"formatted_price":"22,50&nbsp;\u20ac","formatted_published_date":"1er octobre 2020","publisher_availability_label":"Sur commande","short_details":"Puget De La Serre J. \u2014 Hachette BNF","translator":null,"weight":414,"page_count":298,"readership":null,"editor":"Hachette BNF","price":2250,"published_date":"2020-09-30T22:00:00.000000Z","support":"Grand format","publisher_availability":1,"stock":0,"editions":[],"url":"https:\/\/quaidesbrumes.com\/ouvrage\/9782329477503\/le-breviere-des-courtisans-enrichy-dun-grand-nombre-de-figures"}]}