{"data":[{"id":"9782226149725","title":"Souvenirs particuliers","description":"\u00ab En ce temps-l\u00e0 j'avais une ma\u00eetresse et un amant qui, d'ailleurs, s'entendaient fort bien. \u00c0 les voir courir ensemble les vernissages, on aurait pu imaginer qu'ils s'aimaient. Mais non ! Ils parlaient de moi. Je leur donnais du souci, semble-t-il. \u00bb Insolent chroniqueur de la nostalgie tendre, styliste ambigu de l'ironie tranquille, Pascal Sevran nous redonne avec ce roman un petit go\u00fbt d'enfance oubli\u00e9...\r\nSalu\u00e9 par une presse unanime, l'auteur du Pass\u00e9 suppl\u00e9mentaire conna\u00eet un immense succ\u00e8s avec la publication annuelle de son journal commenc\u00e9 avec La Vie sans lui.\r","authors":["Pascal Sevran"],"category_codes":["1000000","1010000"],"visuals":{"large":"https:\/\/images.epagine.fr\/725\/9782226149725_1_75.jpg","medium":"https:\/\/images.epagine.fr\/725\/9782226149725_1_m.jpg","thumbnail":"https:\/\/images.epagine.fr\/725\/9782226149725_1_v.jpg"},"orderable":true,"show_badge":true,"formatted_price":"15,20&nbsp;\u20ac","formatted_published_date":"7 janvier 2004","publisher_availability_label":"Sur commande","short_details":"Pascal Sevran \u2014 Albin Michel","translator":null,"weight":256,"page_count":180,"readership":null,"editor":"Albin Michel","price":1520,"published_date":"2004-01-06T23:00:00.000000Z","support":"Grand format","publisher_availability":1,"stock":0,"editions":[],"url":"https:\/\/quaidesbrumes.com\/ouvrage\/9782226149725\/souvenirs-particuliers"},{"id":"9782747554480","title":"Parmi les rebelles : Carnets de route en C\u00f4te d'ivoire 19 septembre 2002 - 19 septembre 2003","description":"C'est de bouak\u00e9, au coeur de la C\u00f4te d'ivoire, que l'auteure vit les premiers instants du violent coup de force qui a fait basculer le pays le 19 septembre 2002. Fran\u00e7aise, elle est ensuite dans le convoi des \"\u00e9vacu\u00e9s\" qui quittent la ville, et s'installe \u00e0 Abidjan. Tr\u00e8s attach\u00e9e \u00e0 Bouak\u00e9, elle y reviendra \u00e0 de nombreuses reprises. Son r\u00e9cit relate la vie dans l'enclave rebelle du Nord ainsi qu'en zone gouvernementale. Son parcours l'a amen\u00e9e \u00e0 rencontrer Ch\u00e9rif Ousmane, l'un des hommes qui a fait basculer le pays. De ce clich\u00e9 d'un an de vie, surgissent une mosa\u00efque d'impressions, d'images de l'Afrique, d'une C\u00f4te d'Ivoire douloureuse et le portrait \u00e9tonnant d'un chef rebelle d'envergure.\r","authors":["Agn\u00e8s Du Parge"],"category_codes":["1000000","1060000"],"visuals":{"large":"https:\/\/images.epagine.fr\/480\/9782747554480_1_75.jpg","medium":"https:\/\/images.epagine.fr\/480\/9782747554480_1_m.jpg","thumbnail":"https:\/\/images.epagine.fr\/480\/9782747554480_1_v.jpg"},"orderable":true,"show_badge":true,"formatted_price":"21,00&nbsp;\u20ac","formatted_published_date":"1er d\u00e9cembre 2003","publisher_availability_label":"Sur commande","short_details":"Agn\u00e8s Du Parge \u2014 \u00c9ditions L'Harmattan","translator":null,"weight":295,"page_count":218,"readership":null,"editor":"\u00c9ditions L'Harmattan","price":2100,"published_date":"2003-11-30T23:00:00.000000Z","support":"Grand format","publisher_availability":1,"stock":0,"editions":[],"url":"https:\/\/quaidesbrumes.com\/ouvrage\/9782747554480\/parmi-les-rebelles-carnets-de-route-en-cote-divoire-19-septembre-2002-19-septembre-2003"},{"id":"9782747553223","title":"Tout se paye dans la vie - les terribles peregrinations d'une famille juive polonaise, pendant la gu","description":"A travers les souvenirs de ses parents, Sylvie Gerche retrace l'histoire de sa famille juive polonaise pendant la guerre, la d\u00e9portation et l'extermination, la fuite, le s\u00e9jour mouvement\u00e9 en Russie, le bouleversant retour en Pologne et enfin, l'immigration en France. L'auteur a traduit int\u00e9gralement les discours de sa famille du yiddish en fran\u00e7ais en gardant l'expression de leur forme verbale. Cet ouvrage est un travail de m\u00e9moire pour que les g\u00e9n\u00e9rations \u00e0 venir n'oublient jamais le pass\u00e9.\r","authors":["Sylvie Gerche"],"category_codes":["1000000","1060000"],"visuals":{"large":"https:\/\/images.epagine.fr\/223\/9782747553223_1_75.jpg","medium":"https:\/\/images.epagine.fr\/223\/9782747553223_1_m.jpg","thumbnail":"https:\/\/images.epagine.fr\/223\/9782747553223_1_v.jpg"},"orderable":true,"show_badge":true,"formatted_price":"29,00&nbsp;\u20ac","formatted_published_date":"1er d\u00e9cembre 2004","publisher_availability_label":"Sur commande","short_details":"Sylvie Gerche \u2014 \u00c9ditions L'Harmattan","translator":null,"weight":450,"page_count":314,"readership":null,"editor":"\u00c9ditions L'Harmattan","price":2900,"published_date":"2004-11-30T23:00:00.000000Z","support":"Grand format","publisher_availability":1,"stock":0,"editions":[],"url":"https:\/\/quaidesbrumes.com\/ouvrage\/9782747553223\/tout-se-paye-dans-la-vie-les-terribles-peregrinations-dune-famille-juive-polonaise-pendant-la-gu"},{"id":"9782747555340","title":"Mon parcours dans le siecle - 1947-2001","description":"A trente ans Jean Sauvy a d\u00e9j\u00e0 acquis une \"solide exp\u00e9rience de la vie\" notamment \u00e0 travers sa participation \u00e0 la 2 guerre mondiale. Dans son quatri\u00e8me r\u00e9cit autobiographique, il raconte les multiples exp\u00e9riences professionnelles auxquelles la vie l'a convi\u00e9 ; il sera tour \u00e0 tour journaliste, \u00e9conomiste d'entreprise, \u00e9crivain, p\u00e9dagogue, animateur d'ateliers d'expression corporelle et d'\u00e9criture, acteur de cin\u00e9ma. Ce r\u00e9cit est aussi l'occasion de faire le point sur ses engagements politiques. Un parcours atypique et passionnant !\r","authors":["Jean Sauvy"],"category_codes":["1000000","1060000"],"visuals":{"large":"https:\/\/images.epagine.fr\/340\/9782747555340_1_75.jpg","medium":"https:\/\/images.epagine.fr\/340\/9782747555340_1_m.jpg","thumbnail":"https:\/\/images.epagine.fr\/340\/9782747555340_1_v.jpg"},"orderable":true,"show_badge":true,"formatted_price":"30,00&nbsp;\u20ac","formatted_published_date":"1er d\u00e9cembre 2004","publisher_availability_label":"Sur commande","short_details":"Jean Sauvy \u2014 \u00c9ditions L'Harmattan","translator":null,"weight":470,"page_count":333,"readership":null,"editor":"\u00c9ditions L'Harmattan","price":3000,"published_date":"2004-11-30T23:00:00.000000Z","support":"Grand format","publisher_availability":1,"stock":0,"editions":[],"url":"https:\/\/quaidesbrumes.com\/ouvrage\/9782747555340\/mon-parcours-dans-le-siecle-1947-2001"},{"id":"9782013435901","title":"Lettre des negres francais aux liberateurs de juillet par un avocat a la cour royale de paris","description":"Lettre des n\u00e8gres fran\u00e7ais aux lib\u00e9rateurs de Juillet ; par un avocat \u00e0 la cour royale de Paris Date de l'\u00e9dition originale : 1831 Sujet de l'ouvrage : France -- Colonies -- Histoire Ce livre est la reproduction fid\u00e8le d'une oeuvre publi\u00e9e avant 1920 et fait partie d'une collection de livres r\u00e9imprim\u00e9s \u00e0 la demande \u00e9dit\u00e9e par Hachette Livre, dans le cadre d'un partenariat avec la Biblioth\u00e8que nationale de France, offrant l'opportunit\u00e9 d'acc\u00e9der \u00e0 des ouvrages anciens et souvent rares issus des fonds patrimoniaux de la BnF.\r\nLes oeuvres faisant partie de cette collection ont \u00e9t\u00e9 num\u00e9ris\u00e9es par la BnF et sont pr\u00e9sentes sur Gallica, sa biblioth\u00e8que num\u00e9rique.\r\n\r\nEn entreprenant de redonner vie \u00e0 ces ouvrages au travers d'une collection de livres r\u00e9imprim\u00e9s \u00e0 la demande, nous leur donnons la possibilit\u00e9 de rencontrer un public \u00e9largi et participons \u00e0 la transmission de connaissances et de savoirs parfois difficilement accessibles.\r\nNous avons cherch\u00e9 \u00e0 concilier la reproduction fid\u00e8le d'un livre ancien \u00e0 partir de sa version num\u00e9ris\u00e9e avec le souci d'un confort de lecture optimal. Nous esp\u00e9rons que les ouvrages de cette nouvelle collection vous apporteront enti\u00e8re satisfaction.\r\n\r\nPour plus d'informations, rendez-vous sur www.hachettebnf.fr http:\/\/gallica.bnf.fr\/ark:\/12148\/bpt6k5790349f\r","authors":[],"category_codes":["1000000","1060000","1060200"],"visuals":{"large":"https:\/\/images.epagine.fr\/901\/9782013435901_1_75.jpg","medium":"https:\/\/images.epagine.fr\/901\/9782013435901_1_m.jpg","thumbnail":"https:\/\/images.epagine.fr\/901\/9782013435901_1_v.jpg"},"orderable":true,"show_badge":true,"formatted_price":"11,00&nbsp;\u20ac","formatted_published_date":"1er septembre 2014","publisher_availability_label":"Sur commande","short_details":"Hachette BNF","translator":null,"weight":97,"page_count":null,"readership":null,"editor":"Hachette BNF","price":1100,"published_date":"2014-08-31T22:00:00.000000Z","support":"Grand format","publisher_availability":1,"stock":0,"editions":[],"url":"https:\/\/quaidesbrumes.com\/ouvrage\/9782013435901\/lettre-des-negres-francais-aux-liberateurs-de-juillet-par-un-avocat-a-la-cour-royale-de-paris"},{"id":"9782336436104","title":"Barthelemy Bertoux : un Morvandiau parmi d'autres dans la premi\u00e8re moiti\u00e9 du XXe si\u00e8cle","description":"Barth\u00e9l\u00e9my Bertoux, n\u00e9 en 1882, est mon grand-p\u00e8re maternel. Il vivra chichement comme d'innombrables petits cultivateurs morvandiaux. Extr\u00eamement dou\u00e9, il a toujours \u00e9t\u00e9 conscient de l'importance de l'\u00e9cole. Mari\u00e9 en 1904, il perdra sa premi\u00e8re fille de poliomy\u00e9lite. Ma m\u00e8re na\u00eetra en 1910 et fera le bonheur de ses parents. Elle deviendra institutrice dans le Morvan puis \u00e0 Paris, o\u00f9 elle finira directrice d'\u00e9cole et de coll\u00e8ge.1914 ; c'est la mobilisation, l'infanterie, la tranch\u00e9e. Il est r\u00e9form\u00e9 en 1917. De retour, il reprend sa ferme, s'endette pour en assurer le fonctionnement. Ma grand-m\u00e8re meurt en 1942 pendant la Seconde Guerre mondiale. Patriote, ardent radicaliste, il va aider au maximum la r\u00e9sistance et les maquis, avec intelligence, discr\u00e9tion, g\u00e9n\u00e9rosit\u00e9. Rest\u00e9 seul apr\u00e8s la guerre, il meurt en 1951. Je lui dois reconnaissance et affection.","authors":["Jacqueline Plot"],"category_codes":["1000000","1060000","1060200"],"visuals":{"large":"https:\/\/images.epagine.fr\/104\/9782336436104_1_75.jpg","medium":"https:\/\/images.epagine.fr\/104\/9782336436104_1_m.jpg","thumbnail":"https:\/\/images.epagine.fr\/104\/9782336436104_1_v.jpg"},"orderable":true,"show_badge":true,"formatted_price":"16,00&nbsp;\u20ac","formatted_published_date":"29 f\u00e9vrier 2024","publisher_availability_label":"Sur commande","short_details":"Jacqueline Plot \u2014 \u00c9ditions L'Harmattan","translator":null,"weight":170,"page_count":140,"readership":null,"editor":"\u00c9ditions L'Harmattan","price":1600,"published_date":"2024-02-28T23:00:00.000000Z","support":"Grand format","publisher_availability":1,"stock":0,"editions":[],"url":"https:\/\/quaidesbrumes.com\/ouvrage\/9782336436104\/barthelemy-bertoux-un-morvandiau-parmi-dautres-dans-la-premiere-moitie-du-xxe-siecle"},{"id":"9782746704497","title":"Les funerailles de chopin ; biographie","description":"\" Je re\u00e7ois aujourd'hui quelques personnes, entre autres madame Sand, \u00e9crivit Chopin \u00e0 un ami polonais de passage \u00e0 Paris en d\u00e9cembre 1836.\r\nPresque en post-scriptum, il ajouta que Liszt jouerait et que le tr\u00e8s c\u00e9l\u00e8bre t\u00e9nor Adolphe Nourrit chanterait. Pour l'occasion, Sand accepta de faire un compromis. Elle abandonna ses pantalons noirs et sa redingote pour un pantalon bouffant blanc et une ceinture en \u00e9toffe, le costume si sexuellement ambigu d'une houri ou d'un pacha ; surtout, elle arborait les couleurs du drapeau polonais. \" A vingt et un ans, Chopin quitte d\u00e9finitivement une Pologne b\u00e2illonn\u00e9e par la Russie et arrive \u00e0 Paris, o\u00f9 deux concerts suffisent \u00e0 faire de lui la coqueluche des plus grands.\r\nDe Schumann \u00e0 Liszt, de Mendelssohn \u00e0 Delacroix, tous portent aux nues celui qui va incarner comme nul autre le r\u00eave, l'\u00e9nergie et la fougue romantiques. Une ic\u00f4ne qui a tout pour briller : le g\u00e9nie, le succ\u00e8s et l'amour de la femme la plus scandaleuse d'Europe, George Sand. Quand il s'\u00e9teint, deux d\u00e9cennies plus tard, le succ\u00e8s n'a pas amen\u00e9 la fortune, ni la gloire bris\u00e9 la solitude. Avec Les fun\u00e9railles de Chopin, Benita Eisler conte avec brio, sensibilit\u00e9 et une multitude de d\u00e9tails d'une indiscr\u00e9tion inou\u00efe, la chute d'une des plus grandes \u00e9toiles de la musique.\r\nLa pr\u00e9cision de ses recoupements et l'acuit\u00e9 de son regard construisent pas \u00e0 pas un tableau vivant o\u00f9 se nouent et se d\u00e9nouent les fils d'une destin\u00e9e tragique.\r","authors":["Benita Eisler","M\u00e9lanie Mars"],"category_codes":["1000000","1060000","1060100"],"visuals":{"large":"https:\/\/images.epagine.fr\/497\/9782746704497_1_75.jpg","medium":"https:\/\/images.epagine.fr\/497\/9782746704497_1_m.jpg","thumbnail":"https:\/\/images.epagine.fr\/497\/9782746704497_1_v.jpg"},"orderable":true,"show_badge":true,"formatted_price":"19,00&nbsp;\u20ac","formatted_published_date":"17 janvier 2008","publisher_availability_label":"Sur commande","short_details":"Benita Eisler, M\u00e9lanie Mars \u2014 Autrement","translator":"MELANIE MARS","weight":330,"page_count":245,"readership":null,"editor":"Autrement","price":1900,"published_date":"2008-01-16T23:00:00.000000Z","support":"Grand format","publisher_availability":1,"stock":0,"editions":[],"url":"https:\/\/quaidesbrumes.com\/ouvrage\/9782746704497\/les-funerailles-de-chopin-biographie"},{"id":"9782013435932","title":"Lettre du tonkin. hai-phong, octobre 1885","description":"Lettre du Tonkin. Ha\u00ef-Phong, octobre 1885 Date de l'\u00e9dition originale : 1885 Sujet de l'ouvrage : TonkinFrance -- Colonies -- Histoire Ce livre est la reproduction fid\u00e8le d'une oeuvre publi\u00e9e avant 1920 et fait partie d'une collection de livres r\u00e9imprim\u00e9s \u00e0 la demande \u00e9dit\u00e9e par Hachette Livre, dans le cadre d'un partenariat avec la Biblioth\u00e8que nationale de France, offrant l'opportunit\u00e9 d'acc\u00e9der \u00e0 des ouvrages anciens et souvent rares issus des fonds patrimoniaux de la BnF.\r\nLes oeuvres faisant partie de cette collection ont \u00e9t\u00e9 num\u00e9ris\u00e9es par la BnF et sont pr\u00e9sentes sur Gallica, sa biblioth\u00e8que num\u00e9rique.\r\n\r\nEn entreprenant de redonner vie \u00e0 ces ouvrages au travers d'une collection de livres r\u00e9imprim\u00e9s \u00e0 la demande, nous leur donnons la possibilit\u00e9 de rencontrer un public \u00e9largi et participons \u00e0 la transmission de connaissances et de savoirs parfois difficilement accessibles.\r\nNous avons cherch\u00e9 \u00e0 concilier la reproduction fid\u00e8le d'un livre ancien \u00e0 partir de sa version num\u00e9ris\u00e9e avec le souci d'un confort de lecture optimal. Nous esp\u00e9rons que les ouvrages de cette nouvelle collection vous apporteront enti\u00e8re satisfaction.\r\n\r\nPour plus d'informations, rendez-vous sur www.hachettebnf.fr http:\/\/gallica.bnf.fr\/ark:\/12148\/bpt6k57910897\r","authors":[],"category_codes":["1000000","1060000","1060200"],"visuals":{"large":"https:\/\/images.epagine.fr\/932\/9782013435932_1_75.jpg","medium":"https:\/\/images.epagine.fr\/932\/9782013435932_1_m.jpg","thumbnail":"https:\/\/images.epagine.fr\/932\/9782013435932_1_v.jpg"},"orderable":true,"show_badge":true,"formatted_price":"9,50&nbsp;\u20ac","formatted_published_date":"1er septembre 2014","publisher_availability_label":"Sur commande","short_details":"Hachette BNF","translator":null,"weight":62,"page_count":null,"readership":null,"editor":"Hachette BNF","price":950,"published_date":"2014-08-31T22:00:00.000000Z","support":"Grand format","publisher_availability":1,"stock":0,"editions":[],"url":"https:\/\/quaidesbrumes.com\/ouvrage\/9782013435932\/lettre-du-tonkin-hai-phong-octobre-1885"},{"id":"9782812705793","title":"Daveluy, contre-amiral (1863-1939) ou \"c'est le plus t\u00eatu qui gagne\"","description":null,"authors":["De Jarnieu Be Chomel"],"category_codes":["1000000","1060000","1060200"],"visuals":{"large":"https:\/\/quaidesbrumes.com\/img\/book-placeholder.png","medium":"https:\/\/quaidesbrumes.com\/img\/book-placeholder.png","thumbnail":"https:\/\/quaidesbrumes.com\/img\/book-placeholder.png"},"orderable":true,"show_badge":true,"formatted_price":"23,00&nbsp;\u20ac","formatted_published_date":"17 juin 2014","publisher_availability_label":"Sur commande","short_details":"De Jarnieu Be Chomel \u2014 Presses Du Midi","translator":null,"weight":245,"page_count":null,"readership":null,"editor":"Presses Du Midi","price":2300,"published_date":"2014-06-16T22:00:00.000000Z","support":"Grand format","publisher_availability":1,"stock":0,"editions":[],"url":"https:\/\/quaidesbrumes.com\/ouvrage\/9782812705793\/daveluy-contre-amiral-1863-1939-ou-cest-le-plus-tetu-qui-gagne"},{"id":"9782296002050","title":"M\u00e9dias et culture Num\u00e9ro sp\u00e9cial : - Discours, outils de communication, pratiques : quelle(s) pragmatique(s) ?","description":"En hommage \u00e0 Daniel Bougnoux, une journ\u00e9e a \u00e9t\u00e9 consacr\u00e9e \u00e0 l'un de ses deux principaux int\u00e9r\u00eats en sciences de la communication, \u00e0 savoir la pragmatique. Ce num\u00e9ro sp\u00e9cial reprend quelques-unes de ces contributions : \"Un mod\u00e8le socio-communicationnel du discours\" de Patrick Charaudeau, \"Analyse des pratiques de communication en trivialit\u00e9: un champ de recherche entre pr\u00e9tention et exigence\" de Yves Jeanneret, \"La s\u00e9mio-pragmatique: un mod\u00e8le heuristique\" de Roger Odin, et Bakhtine et \"Les concepts essentiels d'une sociologie du langage\" de Jean-Pierre Esquenazi.\r","authors":["Jean-Pierre Esquenazi"],"category_codes":["9000000","9100000","9100400"],"visuals":{"large":"https:\/\/images.epagine.fr\/050\/9782296002050_1_75.jpg","medium":"https:\/\/images.epagine.fr\/050\/9782296002050_1_m.jpg","thumbnail":"https:\/\/images.epagine.fr\/050\/9782296002050_1_v.jpg"},"orderable":true,"show_badge":true,"formatted_price":"12,00&nbsp;\u20ac","formatted_published_date":"1er avril 2006","publisher_availability_label":"Sur commande","short_details":"Jean-Pierre Esquenazi \u2014 \u00c9ditions L'Harmattan","translator":null,"weight":110,"page_count":94,"readership":null,"editor":"\u00c9ditions L'Harmattan","price":1200,"published_date":"2006-03-31T22:00:00.000000Z","support":"Grand format","publisher_availability":1,"stock":0,"editions":[],"url":"https:\/\/quaidesbrumes.com\/ouvrage\/9782296002050\/medias-et-culture-numero-special-discours-outils-de-communication-pratiques-quelles-pragmatiques"},{"id":"9782080685070","title":"Bob Dylan, \u00e9pitaphes 11","description":"Face \u00e0 un cr\u00e9ateur tel que Bob Dylan, plus qu'une rock star, un v\u00e9ritable mythe, toujours pr\u00e9sent mais aussi insaisissable qu'\u00e0 ses d\u00e9buts, comment se contenter d'une biographie classique, strictement chronologique ? St\u00e9phane Koechlin, fin connaisseur de la culture noire am\u00e9ricaine et du blues si chers \u00e0 Dylan, est parti du coeur m\u00eame de son oeuvre : son livre Tarantula, et le fameux texte, 11 Outlined Epitaphs, paru sur la pochette de son troisi\u00e8me album, o\u00f9, se pr\u00e9sentant comme mort, il r\u00e9futait toutes les accusations port\u00e9es contre lui de son vivant. Car Dylan, capable du meilleur comme du pire, de toutes les embard\u00e9es politiques, id\u00e9ologiques ou religieuses, a essuy\u00e9, gr\u00e2ce en outre \u00e0 son caract\u00e8re insupportable et \u00e0 son ego d\u00e9mesur\u00e9, des mar\u00e9es de critiques ! L'auteur ne plaide ni n'accable, il explore m\u00e9thodiquement les arcanes du grand tarot dylanien, fournissant les cl\u00e9s que son \u00e9rudition lui a permis de trouver. Par-del\u00e0 l'homme Robert Zimmerman, c'est \u00e0 une \u00e9pop\u00e9e g\u00e9n\u00e9rationnelle que nous sommes convi\u00e9s, des d\u00e9buts du rock'n'roll \u00e0 aujourd'hui, en passant par Woodstock et l'\u00eele de Wight. Un monument. Aujourd'hui, Bob Dylan a 63 ans. L'artiste, tel un ph\u00e9nix, s'est lanc\u00e9 dans un Never Ending Tour, une tourn\u00e9e h\u00e9ro\u00efque, qui le ram\u00e8ne parfois sous nos latitudes. C'est pour tous, les fans de la premi\u00e8re heure comme les jeunes qui le d\u00e9couvrent, que ce livre a \u00e9t\u00e9 \u00e9crit. Jean-Claude Perrier","authors":["St\u00e9phane Koechlin"],"category_codes":["1000000","1060000"],"visuals":{"large":"https:\/\/images.epagine.fr\/070\/9782080685070_1_75.jpg","medium":"https:\/\/images.epagine.fr\/070\/9782080685070_1_m.jpg","thumbnail":"https:\/\/images.epagine.fr\/070\/9782080685070_1_v.jpg"},"orderable":true,"show_badge":true,"formatted_price":"23,40&nbsp;\u20ac","formatted_published_date":"13 mai 2004","publisher_availability_label":"Sur commande","short_details":"St\u00e9phane Koechlin \u2014 Flammarion","translator":null,"weight":618,"page_count":490,"readership":null,"editor":"Flammarion","price":2340,"published_date":"2004-05-12T22:00:00.000000Z","support":"Grand format","publisher_availability":1,"stock":0,"editions":[],"url":"https:\/\/quaidesbrumes.com\/ouvrage\/9782080685070\/bob-dylan-epitaphes-11"},{"id":"9782080686756","title":"Monsieur de.","description":"Un amant - Monsieur de.-, aristocrate et homme du monde de la plus haute lign\u00e9e qui lui a fait des promesses r\u00e9p\u00e9t\u00e9es durant soixante-trois ans, l'a tromp\u00e9e ouvertement et sans vergogne mais ne l'a jamais \u00e9pous\u00e9e. Des acteurs et metteurs en sc\u00e8ne de grand renom - comme Henri Vidal, Georges Marchal ou Vittorio de Sica - que Monsieur de. a \u00e9cart\u00e9s de sa route par un chantage affectif inimaginable. Une vie riche en surprises et \u00e9v\u00e9nements, constell\u00e9e de pi\u00e8ces de th\u00e9\u00e2tre \u00e0 succ\u00e8s, de films qui ont marqu\u00e9 les esprits et s\u00e9duit la France... Ren\u00e9e Saint Cyr n'est vraiment pas une personnalit\u00e9 comme les autres. Dans ce livre, la doyenne internationale des com\u00e9diens confie ses secrets les plus intimes. Elle raconte son enfance au tournant d'un autre si\u00e8cle, ses rapports avec des parents s\u00e9par\u00e9s et une m\u00e8re qui ne l'aimait pas, son premier et seul mari - L\u00e9opold Lautner-, des tournages et aussi un parcours artistique rare, d'une long\u00e9vit\u00e9 exceptionnelle. Brossant des portraits fascinants, \u00e0 la fois tendres et s\u00e9v\u00e8res, les pages de ce r\u00e9cit sont hant\u00e9es par la personnalit\u00e9 trouble et insaisissable de ce fameux Monsieur de. qui a, d'une certaine mani\u00e8re, vol\u00e9 sa vie priv\u00e9e. Avec une \u00e9criture \u00e9tonnamment moderne, vive, et un ton cru parfois, Ren\u00e9e Saint Cyr r\u00e9v\u00e8le ce qu'elle n'a jamais dit. Une premi\u00e8re audacieuse pour une tr\u00e8s grande dame.","authors":["Ren\u00e9e Saint-Cyr"],"category_codes":["1000000","1060000","1060100"],"visuals":{"large":"https:\/\/images.epagine.fr\/756\/9782080686756_1_75.jpg","medium":"https:\/\/images.epagine.fr\/756\/9782080686756_1_m.jpg","thumbnail":"https:\/\/images.epagine.fr\/756\/9782080686756_1_v.jpg"},"orderable":true,"show_badge":true,"formatted_price":"15,30&nbsp;\u20ac","formatted_published_date":"1er mai 2004","publisher_availability_label":"Sur commande","short_details":"Ren\u00e9e Saint-Cyr \u2014 Flammarion","translator":null,"weight":225,"page_count":196,"readership":null,"editor":"Flammarion","price":1530,"published_date":"2004-04-30T22:00:00.000000Z","support":"Grand format","publisher_availability":1,"stock":0,"editions":[],"url":"https:\/\/quaidesbrumes.com\/ouvrage\/9782080686756\/monsieur-de"},{"id":"9782913882249","title":"Tant de bruit et si peu encore... \u00e0 propos de la tol\u00e9rance, la la\u00efcit\u00e9 et l'\u00e9thique","description":null,"authors":["Georges Komar"],"category_codes":["1000000","1060000","1060300"],"visuals":{"large":"https:\/\/images.epagine.fr\/249\/9782913882249_1_75.jpg","medium":"https:\/\/images.epagine.fr\/249\/9782913882249_1_m.jpg","thumbnail":"https:\/\/images.epagine.fr\/249\/9782913882249_1_v.jpg"},"orderable":true,"show_badge":true,"formatted_price":"18,00&nbsp;\u20ac","formatted_published_date":"24 f\u00e9vrier 2004","publisher_availability_label":"Sur commande","short_details":"Georges Komar \u2014 Ivoire Clair","translator":null,"weight":330,"page_count":222,"readership":null,"editor":"Ivoire Clair","price":1800,"published_date":"2004-02-23T23:00:00.000000Z","support":"Grand format","publisher_availability":1,"stock":0,"editions":[],"url":"https:\/\/quaidesbrumes.com\/ouvrage\/9782913882249\/tant-de-bruit-et-si-peu-encore-a-propos-de-la-tolerance-la-laicite-et-lethique"},{"id":"9782878675146","title":"Des petits cailloux dans les volets","description":null,"authors":["Louis-Marie Reaud"],"category_codes":["1000000","1060000","1060100"],"visuals":{"large":"https:\/\/quaidesbrumes.com\/img\/book-placeholder.png","medium":"https:\/\/quaidesbrumes.com\/img\/book-placeholder.png","thumbnail":"https:\/\/quaidesbrumes.com\/img\/book-placeholder.png"},"orderable":true,"show_badge":true,"formatted_price":"18,00&nbsp;\u20ac","formatted_published_date":"28 novembre 2003","publisher_availability_label":"Sur commande","short_details":"Louis-Marie Reaud \u2014 Presses Du Midi","translator":null,"weight":302,"page_count":null,"readership":null,"editor":"Presses Du Midi","price":1800,"published_date":"2003-11-27T23:00:00.000000Z","support":"Grand format","publisher_availability":1,"stock":0,"editions":[],"url":"https:\/\/quaidesbrumes.com\/ouvrage\/9782878675146\/des-petits-cailloux-dans-les-volets"},{"id":"9780241140376","title":"Quicksands ; A Memoir","description":"Beginning in 1956 with the publication of A Legacy, Sybille Bedford has narrated in fiction and non-fiction what has been by turns her sensuous, harrowing, altogether remarkable life.\r","authors":["Sybille Bedford"],"category_codes":["1000000","1060000","1060100"],"visuals":{"large":"https:\/\/images.epagine.fr\/376\/9780241140376_1_75.jpg","medium":"https:\/\/images.epagine.fr\/376\/9780241140376_1_m.jpg","thumbnail":"https:\/\/images.epagine.fr\/376\/9780241140376_1_v.jpg"},"orderable":true,"show_badge":true,"formatted_price":"27,70&nbsp;\u20ac","formatted_published_date":"6 juin 2005","publisher_availability_label":"Sur commande","short_details":"Sybille Bedford \u2014 Hamish Hamilton","translator":null,"weight":578,"page_count":null,"readership":null,"editor":"Hamish Hamilton","price":2770,"published_date":"2005-06-05T22:00:00.000000Z","support":"Grand format","publisher_availability":1,"stock":0,"editions":[],"url":"https:\/\/quaidesbrumes.com\/ouvrage\/9780241140376\/quicksands-a-memoir"},{"id":"9782738470423","title":"La f\u00e9minisation des noms de m\u00e9tiers en fran\u00e7ais et dans d'autres langues","description":"Si on parlait plus souvent d'une ministre de la justice, d'une garde des sceaux, n'y aurait-il pas davantage de vocations politiques chez les femmes ? Les nommer au f\u00e9minin dans leurs fonctions est une fa\u00e7on de les faire appara\u00eetre dans la vie sociale, comme les citoyennes qu'elles sont aussi, au lieu de les masquer sous le masculin.\r\nLa circulaire de f\u00e9minisation des noms de m\u00e9tiers, titres et fonctions, propos\u00e9e le 11-3-1986, r\u00e9pond \u00e0 cette exigence. Cet ouvrage pr\u00e9sente les travaux de la commission qui l'a produite et l'\u00e9tat des lieux de la f\u00e9minisation en fran\u00e7ais, dix ans apr\u00e8s, dans les usages oraux et les discours \u00e9crits. Il traite donc d'une question d'actualit\u00e9. Le pr\u00e9sident de la R\u00e9publique et le Premier Ministre, en d\u00e9cembre 97, ont d\u00e9clar\u00e9 soutenir l'action des ministres femmes d\u00e9sirant \u00eatre d\u00e9sign\u00e9es au f\u00e9minin.\r\nL'Acad\u00e9mie s'en est \u00e9mue. Pourtant les enqu\u00eates et \u00e9tudes pr\u00e9sent\u00e9es t\u00e9moignent de l'extension des formes f\u00e9minis\u00e9es dans les usages. L'ouvrage propose \u00e9galement un d\u00e9tour par d'autres langues plus ou moins proches ou diff\u00e9rentes du fran\u00e7ais (qu\u00e9b\u00e9cois, cr\u00e9ole martiniquais, russe, arabe, cor\u00e9en et hongrois). Ces derni\u00e8res, langues sans genre, permettent de mettre en \u00e9vidence le r\u00f4le particulier du f\u00e9minin et du masculin en fran\u00e7ais, et la facilit\u00e9 de l'utilisation du f\u00e9minin pour la nomination des femmes.\r","authors":["Anne-marie Houdebine-gravaud"],"category_codes":["1000000","1060000","1060300"],"visuals":{"large":"https:\/\/images.epagine.fr\/423\/9782738470423_1_75.jpg","medium":"https:\/\/images.epagine.fr\/423\/9782738470423_1_m.jpg","thumbnail":"https:\/\/images.epagine.fr\/423\/9782738470423_1_v.jpg"},"orderable":true,"show_badge":true,"formatted_price":"19,00&nbsp;\u20ac","formatted_published_date":"3 mai 2000","publisher_availability_label":"Sur commande","short_details":"Anne-marie Houdebine-gravaud \u2014 \u00c9ditions L'Harmattan","translator":null,"weight":248,"page_count":196,"readership":null,"editor":"\u00c9ditions L'Harmattan","price":1900,"published_date":"2000-05-02T22:00:00.000000Z","support":"Grand format","publisher_availability":1,"stock":0,"editions":[],"url":"https:\/\/quaidesbrumes.com\/ouvrage\/9782738470423\/la-feminisation-des-noms-de-metiers-en-francais-et-dans-dautres-langues"},{"id":"9782747559508","title":"Mille regard et un","description":"Pr\u00e8s d'une centaine de personne d\u00e9crivent leurs souvenirs d'un de leurs anciens professeurs. Certains ont \u00e9t\u00e9 ses amis d'enfance, d'autres ses condisciples, d'autres encore ses coll\u00e8gues ou ses anciens \u00e9l\u00e8ves. Or, aucun ne se rappelle les m\u00eames caract\u00e9ristiques. A mesure que le r\u00e9cit avance, le lecteur est assailli de doutes de plus en plus s\u00e9rieux. Qui \u00e9tait cet homme sur lequel sont jet\u00e9s \"mille regards et un\"? C'est le lecteur qui devra d\u00e9cider.","authors":["Lorence Garcia","Louis Porcher"],"category_codes":["1000000","1060000"],"visuals":{"large":"https:\/\/images.epagine.fr\/508\/9782747559508_1_75.jpg","medium":"https:\/\/images.epagine.fr\/508\/9782747559508_1_m.jpg","thumbnail":"https:\/\/images.epagine.fr\/508\/9782747559508_1_v.jpg"},"orderable":true,"show_badge":true,"formatted_price":"25,00&nbsp;\u20ac","formatted_published_date":"1er f\u00e9vrier 2004","publisher_availability_label":"Sur commande","short_details":"Lorence Garcia, Louis Porcher \u2014 \u00c9ditions L'Harmattan","translator":null,"weight":300,"page_count":271,"readership":null,"editor":"\u00c9ditions L'Harmattan","price":2500,"published_date":"2004-01-31T23:00:00.000000Z","support":"Grand format","publisher_availability":1,"stock":0,"editions":[],"url":"https:\/\/quaidesbrumes.com\/ouvrage\/9782747559508\/mille-regard-et-un"},{"id":"9780718147204","title":"A ROYAL DUTY","description":null,"authors":["Paul Burrell"],"category_codes":["1000000","1060000","1060100"],"visuals":{"large":"https:\/\/images.epagine.fr\/204\/9780718147204_1_75.jpg","medium":"https:\/\/images.epagine.fr\/204\/9780718147204_1_m.jpg","thumbnail":"https:\/\/images.epagine.fr\/204\/9780718147204_1_v.jpg"},"orderable":true,"show_badge":true,"formatted_price":"30,00&nbsp;\u20ac","formatted_published_date":"28 octobre 2003","publisher_availability_label":"Sur commande","short_details":"Paul Burrell \u2014 Joseph Michael","translator":null,"weight":829,"page_count":null,"readership":null,"editor":"Joseph Michael","price":3000,"published_date":"2003-10-27T23:00:00.000000Z","support":"Grand format","publisher_availability":1,"stock":0,"editions":[],"url":"https:\/\/quaidesbrumes.com\/ouvrage\/9780718147204\/a-royal-duty"},{"id":"9782747561891","title":"Doubles vies","description":"Un couple se forme et touche au bonheur. Tr\u00e8s vite pourtant, les m\u00e9chancet\u00e9s, les cruaut\u00e9s m\u00eame, l'am\u00e8nent \u00e0 se d\u00e9chirer, puis \u00e0 se s\u00e9parer. Pendant ce temps, une autre famille (la m\u00eame?) traverse une suite de malheurs (guerres, morts, etc.). Au fil des pages, le lecteur tend de plus en plus \u00e0 confondre les deux couples, \u00e0 les m\u00e9langer, \u00e0 douter de qui est qui. Ce trouble caract\u00e9rise probablement l'humaine condition.\r","authors":["Ludovic Poinot"],"category_codes":["1000000","1060000"],"visuals":{"large":"https:\/\/images.epagine.fr\/891\/9782747561891_1_75.jpg","medium":"https:\/\/images.epagine.fr\/891\/9782747561891_1_m.jpg","thumbnail":"https:\/\/images.epagine.fr\/891\/9782747561891_1_v.jpg"},"orderable":true,"show_badge":true,"formatted_price":"21,00&nbsp;\u20ac","formatted_published_date":"2 mars 2004","publisher_availability_label":"Sur commande","short_details":"Ludovic Poinot \u2014 \u00c9ditions L'Harmattan","translator":null,"weight":245,"page_count":222,"readership":null,"editor":"\u00c9ditions L'Harmattan","price":2100,"published_date":"2004-03-01T23:00:00.000000Z","support":"Grand format","publisher_availability":1,"stock":0,"editions":[],"url":"https:\/\/quaidesbrumes.com\/ouvrage\/9782747561891\/doubles-vies"},{"id":"9782747559959","title":"La Marseillaise de mon enfance","description":"Ce combattant de la libert\u00e9, \u00e0 travers le r\u00e9cit de son enfance et de son adolescence au Cameroun, tend \u00e0 montrer le syst\u00e8me de la soci\u00e9t\u00e9 coloniale, qui prend le colonis\u00e9 d\u00e8s sa naissance et l'emprisonne graduellement dans des institutions et des valeurs nouvelles, qui l'am\u00e8neront \u00e0 se lancer dans une comp\u00e9tition avec les siens. Mais ce r\u00e9cit est \u00e9galement un hommage aux personnes qui se sont d\u00e9solidaris\u00e9es du totalitarisme colonial, rendant ainsi au peuple de leur pays, sa tradition de libert\u00e9.","authors":["Jean-Martin Tchaptchet"],"category_codes":["1000000","1060000"],"visuals":{"large":"https:\/\/images.epagine.fr\/959\/9782747559959_1_75.jpg","medium":"https:\/\/images.epagine.fr\/959\/9782747559959_1_m.jpg","thumbnail":"https:\/\/images.epagine.fr\/959\/9782747559959_1_v.jpg"},"orderable":true,"show_badge":true,"formatted_price":"20,50&nbsp;\u20ac","formatted_published_date":"2 mars 2004","publisher_availability_label":"Sur commande","short_details":"Jean-Martin Tchaptchet \u2014 \u00c9ditions L'Harmattan","translator":null,"weight":225,"page_count":200,"readership":null,"editor":"\u00c9ditions L'Harmattan","price":2050,"published_date":"2004-03-01T23:00:00.000000Z","support":"Grand format","publisher_availability":1,"stock":0,"editions":[],"url":"https:\/\/quaidesbrumes.com\/ouvrage\/9782747559959\/la-marseillaise-de-mon-enfance"},{"id":"9782226402257","title":"La Permission du mar\u00e9chal : Trois jours en maraude avec le cercueil de P\u00e9tain","description":"Par testament, Philippe P\u00e9tain avait demand\u00e9 \u00e0 \u00eatre enseveli \u00e0 l'ossuaire de Douaumont au milieu des \u00ab poilus \u00bb de Verdun qu'il avait conduits \u00e0 la victoire.\r\n\r\n Il a \u00e9t\u00e9 inhum\u00e9 sur l'\u00eele d'Yeu, lieu de sa d\u00e9tention au lendemain de la seconde guerre mondiale, sa peine se trouvant ainsi prolong\u00e9e pour l'\u00e9ternit\u00e9.\r\n\r\n Et pourtant, une nuit de f\u00e9vrier 1973, le Mar\u00e9chal va s'\u00e9clipser et s'offrir quelques jours de permission.\r","authors":["Michel Dumas"],"category_codes":["1000000","1060000","1060300"],"visuals":{"large":"https:\/\/images.epagine.fr\/257\/9782226402257_1_75.jpg","medium":"https:\/\/images.epagine.fr\/257\/9782226402257_1_m.jpg","thumbnail":"https:\/\/images.epagine.fr\/257\/9782226402257_1_v.jpg"},"orderable":true,"show_badge":true,"formatted_price":"17,80&nbsp;\u20ac","formatted_published_date":"27 juillet 2017","publisher_availability_label":"Sur commande","short_details":"Michel Dumas \u2014 Albin Michel","translator":null,"weight":199,"page_count":192,"readership":null,"editor":"Albin Michel","price":1780,"published_date":"2017-07-26T22:00:00.000000Z","support":"Grand format","publisher_availability":1,"stock":0,"editions":[],"url":"https:\/\/quaidesbrumes.com\/ouvrage\/9782226402257\/la-permission-du-marechal-trois-jours-en-maraude-avec-le-cercueil-de-petain"},{"id":"9782012356948","title":"L'amour en partage : Plaidoyer pour la garde altern\u00e9e","description":"Chaque ann\u00e9e, plus de cent mille couples divorcent et des dizaines de milliers d'autres se s\u00e9parent. Souvent, l'enjeu principal est alors de r\u00e9gler la question de la garde des enfants. Mais de plus en plus de familles font le choix de la r\u00e9sidence altern\u00e9e qui permet \u00e0 chacun de conserver sa place et son r\u00f4le au sein du nouveau mod\u00e8le familial.Le droit de la famille a d\u00fb s'adapter \u00e0 l'\u00e9mergence de ces nouveaux comportements qui ne sont plus des cas isol\u00e9s. Sauf motif grave, l'autorit\u00e9 est accord\u00e9e \u00e0 chaque parent, pr\u00e9servant ainsi l'int\u00e9r\u00eat de l'enfant. Il a d\u00e9sormais le droit de vivre avec l'un et l'autre. Ce livre tente de saisir la r\u00e9alit\u00e9 de la r\u00e9sidence altern\u00e9e \u00e0 la lumi\u00e8re des t\u00e9moignages de professionnels (psys, sociologues, m\u00e9diateurs familiaux, avocats, juges, etc.), de parents et d'enfants qui la vivent au quotidien : quel est l'itin\u00e9raire d'une famille qui fait ce choix ? Comment vivre entre deux maisons ? Quels sont les \u00e9cueils \u00e0 \u00e9viter ?En posant un regard sur la famille nouvelle, Sylvia Tabet laisse entrevoir la possibilit\u00e9 d'un \u00ab bien-vivre ensemble \u00bb au-del\u00e0 de la s\u00e9paration.","authors":["Sylvia Tabet"],"category_codes":["1000000","1070000","1070200"],"visuals":{"large":"https:\/\/images.epagine.fr\/948\/9782012356948_1_75.jpg","medium":"https:\/\/images.epagine.fr\/948\/9782012356948_1_m.jpg","thumbnail":"https:\/\/images.epagine.fr\/948\/9782012356948_1_v.jpg"},"orderable":true,"show_badge":true,"formatted_price":"21,60&nbsp;\u20ac","formatted_published_date":"13 octobre 2004","publisher_availability_label":"Sur commande","short_details":"Sylvia Tabet \u2014 Hachette Litteratures","translator":null,"weight":243,"page_count":205,"readership":null,"editor":"Hachette Litteratures","price":2160,"published_date":"2004-10-12T22:00:00.000000Z","support":"Grand format","publisher_availability":1,"stock":0,"editions":[],"url":"https:\/\/quaidesbrumes.com\/ouvrage\/9782012356948\/lamour-en-partage-plaidoyer-pour-la-garde-alternee"},{"id":"9782914958059","title":"Ma conversion","description":null,"authors":["Mirabeau"],"category_codes":["1000000","1010000"],"visuals":{"large":"https:\/\/quaidesbrumes.com\/img\/book-placeholder.png","medium":"https:\/\/quaidesbrumes.com\/img\/book-placeholder.png","thumbnail":"https:\/\/quaidesbrumes.com\/img\/book-placeholder.png"},"orderable":true,"show_badge":true,"formatted_price":"14,00&nbsp;\u20ac","formatted_published_date":"2 octobre 2004","publisher_availability_label":"Sur commande","short_details":"Mirabeau \u2014 EDITIONS DU SANDRE","translator":null,"weight":146,"page_count":122,"readership":null,"editor":"EDITIONS DU SANDRE","price":1400,"published_date":"2004-10-01T22:00:00.000000Z","support":"Grand format","publisher_availability":1,"stock":0,"editions":[],"url":"https:\/\/quaidesbrumes.com\/ouvrage\/9782914958059\/ma-conversion"},{"id":"9782013436007","title":"Lettre sur la traite des noirs, a la societe des amis de la morale chretienne, par un americain","description":"Lettre sur la traite des noirs, \u00e0 la Soci\u00e9t\u00e9 des amis de la morale chr\u00e9tienne, par un Am\u00e9ricain. [20 janvier 1827.] Date de l'\u00e9dition originale : 1827 Sujet de l'ouvrage : France -- Colonies -- Histoire Ce livre est la reproduction fid\u00e8le d'une oeuvre publi\u00e9e avant 1920 et fait partie d'une collection de livres r\u00e9imprim\u00e9s \u00e0 la demande \u00e9dit\u00e9e par Hachette Livre, dans le cadre d'un partenariat avec la Biblioth\u00e8que nationale de France, offrant l'opportunit\u00e9 d'acc\u00e9der \u00e0 des ouvrages anciens et souvent rares issus des fonds patrimoniaux de la BnF.\r\nLes oeuvres faisant partie de cette collection ont \u00e9t\u00e9 num\u00e9ris\u00e9es par la BnF et sont pr\u00e9sentes sur Gallica, sa biblioth\u00e8que num\u00e9rique.\r\n\r\nEn entreprenant de redonner vie \u00e0 ces ouvrages au travers d'une collection de livres r\u00e9imprim\u00e9s \u00e0 la demande, nous leur donnons la possibilit\u00e9 de rencontrer un public \u00e9largi et participons \u00e0 la transmission de connaissances et de savoirs parfois difficilement accessibles.\r\nNous avons cherch\u00e9 \u00e0 concilier la reproduction fid\u00e8le d'un livre ancien \u00e0 partir de sa version num\u00e9ris\u00e9e avec le souci d'un confort de lecture optimal. Nous esp\u00e9rons que les ouvrages de cette nouvelle collection vous apporteront enti\u00e8re satisfaction.\r\n\r\nPour plus d'informations, rendez-vous sur www.hachettebnf.fr http:\/\/gallica.bnf.fr\/ark:\/12148\/bpt6k5790959w\r","authors":[],"category_codes":["1000000","1060000","1060200"],"visuals":{"large":"https:\/\/images.epagine.fr\/007\/9782013436007_1_75.jpg","medium":"https:\/\/images.epagine.fr\/007\/9782013436007_1_m.jpg","thumbnail":"https:\/\/images.epagine.fr\/007\/9782013436007_1_v.jpg"},"orderable":true,"show_badge":true,"formatted_price":"10,90&nbsp;\u20ac","formatted_published_date":"1er septembre 2014","publisher_availability_label":"Sur commande","short_details":"Hachette BNF","translator":null,"weight":83,"page_count":null,"readership":null,"editor":"Hachette BNF","price":1090,"published_date":"2014-08-31T22:00:00.000000Z","support":"Grand format","publisher_availability":1,"stock":0,"editions":[],"url":"https:\/\/quaidesbrumes.com\/ouvrage\/9782013436007\/lettre-sur-la-traite-des-noirs-a-la-societe-des-amis-de-la-morale-chretienne-par-un-americain"}]}