{"data":[{"id":"9782747536240","title":"Algerie : quel passe pour un pays neuf - recit de voyage (1988)","description":"Quel Pass\u00e9 peut se choisir un pays \"neuf\" ? Quels rapports une nation lib\u00e9r\u00e9e de la tutelle coloniale peut-elle entretenir avec son histoire ? L'arch\u00e9ologie ou la tradition ? Les monuments ou les mythes ? En 1988, un jeune fran\u00e7ais de 20 ans d\u00e9cide de partir en Alg\u00e9rie mener une enqu\u00eate sur le pass\u00e9 de ce pays o\u00f9 son p\u00e8re avait \u00e9t\u00e9 soldat. De la Casbah d'Alger au massif du Tassili, des cit\u00e9s mozabites aux ruines romaines de Tipasa, sa route va croiser de multiples personnages qui constituent en partie l'identit\u00e9 alg\u00e9rienne.\r","authors":["Xavier Kawa-Topor"],"category_codes":["1000000","1060000"],"visuals":{"large":"https:\/\/images.epagine.fr\/240\/9782747536240_1_75.jpg","medium":"https:\/\/images.epagine.fr\/240\/9782747536240_1_m.jpg","thumbnail":"https:\/\/images.epagine.fr\/240\/9782747536240_1_v.jpg"},"orderable":true,"show_badge":true,"formatted_price":"11,00&nbsp;\u20ac","formatted_published_date":"1er novembre 2003","publisher_availability_label":"Sur commande","short_details":"Xavier Kawa-Topor \u2014 \u00c9ditions L'Harmattan","translator":null,"weight":150,"page_count":110,"readership":null,"editor":"\u00c9ditions L'Harmattan","price":1100,"published_date":"2003-10-31T23:00:00.000000Z","support":"Grand format","publisher_availability":1,"stock":0,"editions":[],"url":"https:\/\/quaidesbrumes.com\/ouvrage\/9782747536240\/algerie-quel-passe-pour-un-pays-neuf-recit-de-voyage-1988"},{"id":"9782747541411","title":"Je vous \u00e9cris depuis les tranch\u00e9es","description":"Des lettres de poilus ! Encore et toujours... Mais que peut-on donc aujourd'hui esp\u00e9rer trouver de nouveau dans pareille correspondance ?  D'abord, la qualit\u00e9 de son auteur, brillant \u00e9l\u00e8ve de 18 ans qui entreprend, tout au long de plus de 500 lettres, de raconter \u00e0 ses parents \"sa\" guerre au quotidien, avec un humour certain, quelquefois m\u00eame au m\u00e9pris de la censure. Le fait d'avoir fix\u00e9 en images les sc\u00e8nes les plus r\u00e9alistes de la vie des tranch\u00e9es, des combats... Il est vraiment unique de pouvoir revivre aujourd'hui, racont\u00e9e et en m\u00eame temps illustr\u00e9e de photos personnelles, cette guerre atroce.","authors":["Raymond Garnung"],"category_codes":["1000000","1060000"],"visuals":{"large":"https:\/\/images.epagine.fr\/411\/9782747541411_1_75.jpg","medium":"https:\/\/images.epagine.fr\/411\/9782747541411_1_m.jpg","thumbnail":"https:\/\/images.epagine.fr\/411\/9782747541411_1_v.jpg"},"orderable":true,"show_badge":true,"formatted_price":"21,50&nbsp;\u20ac","formatted_published_date":"1er novembre 2003","publisher_availability_label":"Sur commande","short_details":"Raymond Garnung \u2014 \u00c9ditions L'Harmattan","translator":null,"weight":315,"page_count":187,"readership":null,"editor":"\u00c9ditions L'Harmattan","price":2150,"published_date":"2003-10-31T23:00:00.000000Z","support":"Grand format","publisher_availability":1,"stock":0,"editions":[],"url":"https:\/\/quaidesbrumes.com\/ouvrage\/9782747541411\/je-vous-ecris-depuis-les-tranchees"},{"id":"9782858021437","title":"Les Philippines ; le r\u00e9veil d'un archipel","description":null,"authors":["Charles-henri Foubert"],"category_codes":["1000000","1060000","1060100"],"visuals":{"large":"https:\/\/images.epagine.fr\/437\/9782858021437_1_75.jpg","medium":"https:\/\/images.epagine.fr\/437\/9782858021437_1_m.jpg","thumbnail":"https:\/\/images.epagine.fr\/437\/9782858021437_1_v.jpg"},"orderable":true,"show_badge":true,"formatted_price":"19,00&nbsp;\u20ac","formatted_published_date":"3 mai 2000","publisher_availability_label":"Sur commande","short_details":"Charles-henri Foubert \u2014 \u00c9ditions L'Harmattan","translator":null,"weight":268,"page_count":null,"readership":null,"editor":"\u00c9ditions L'Harmattan","price":1900,"published_date":"2000-05-02T22:00:00.000000Z","support":"Grand format","publisher_availability":1,"stock":0,"editions":[],"url":"https:\/\/quaidesbrumes.com\/ouvrage\/9782858021437\/les-philippines-le-reveil-dun-archipel"},{"id":"9782866793722","title":"Le rendez-vous d'orvieto","description":"Ancien proviseur d'un grand lyc\u00e9e parisien dans l'enseignement public, \u00e9crivain reconnu (il a d\u00e9j\u00e0 publi\u00e9 un roman historique dans le livre de poche et une biographie), Claude Chevreuil raconte avec une \u00e9mouvante sobri\u00e9t\u00e9 les \u00e9tapes d'un chemin qui l'a co","authors":["Claude Chevreuil"],"category_codes":["1000000","1060000","1060200"],"visuals":{"large":"https:\/\/images.epagine.fr\/722\/9782866793722_1_75.jpg","medium":"https:\/\/images.epagine.fr\/722\/9782866793722_1_m.jpg","thumbnail":"https:\/\/images.epagine.fr\/722\/9782866793722_1_v.jpg"},"orderable":true,"show_badge":true,"formatted_price":"15,00&nbsp;\u20ac","formatted_published_date":"22 octobre 2003","publisher_availability_label":"Sur commande","short_details":"Claude Chevreuil \u2014 Jubile - Le Sarment Editions","translator":null,"weight":374,"page_count":310,"readership":null,"editor":"Jubile - Le Sarment Editions","price":1500,"published_date":"2003-10-21T22:00:00.000000Z","support":"Grand format","publisher_availability":1,"stock":0,"editions":[],"url":"https:\/\/quaidesbrumes.com\/ouvrage\/9782866793722\/le-rendez-vous-dorvieto"},{"id":"9782747552608","title":"Devenir grande ; de la cour du Lion au Morvan","description":"Ce livre est un t\u00e9moignage sur une \u00e9poque, l'imm\u00e9diate avant-guerre, et un milieu ouvrier urbain d'une part, paysan d'autre part, vus \u00e0 travers les yeux d'une petite fille r\u00e9fl\u00e9chie et observatrice, qui s'interroge, commente et philosophe avec humour et lucidit\u00e9. Ce point de vue strictement limit\u00e9 au vu et au v\u00e9cu fait l'int\u00e9r\u00eat sociologique et humain du r\u00e9cit.\r","authors":["Jacqueline Perin"],"category_codes":["1000000","1060000","1060100"],"visuals":{"large":"https:\/\/images.epagine.fr\/608\/9782747552608_1_75.jpg","medium":"https:\/\/images.epagine.fr\/608\/9782747552608_1_m.jpg","thumbnail":"https:\/\/images.epagine.fr\/608\/9782747552608_1_v.jpg"},"orderable":true,"show_badge":true,"formatted_price":"15,00&nbsp;\u20ac","formatted_published_date":"1er novembre 2003","publisher_availability_label":"Sur commande","short_details":"Jacqueline Perin \u2014 \u00c9ditions L'Harmattan","translator":null,"weight":182,"page_count":140,"readership":null,"editor":"\u00c9ditions L'Harmattan","price":1500,"published_date":"2003-10-31T23:00:00.000000Z","support":"Grand format","publisher_availability":1,"stock":0,"editions":[],"url":"https:\/\/quaidesbrumes.com\/ouvrage\/9782747552608\/devenir-grande-de-la-cour-du-lion-au-morvan"},{"id":"9782747552127","title":"Tingo Maria au P\u00e9rou : Comment j'ai failli devenir p\u00e9ruvien","description":"Daniel Salleron passera seize ann\u00e9es de sa vie, de 1983 \u00e0 1969, en am\u00e9rique latine. Successivement professeur universitaire \u00e0 Lima, puis planteur de poivre dans la for\u00eat vierge, il se lance dans le commerce international et devient importateur de bois au P\u00e9rou. Cet ouvrage retrace le film de sa vie, notamment l'aventure du poivre qu'il importe en contrebande du Br\u00e9sil pour le cultiver sur le versant amazonien de la cordill\u00e8re des Andes.\r","authors":["Daniel Salleron"],"category_codes":["1000000","1060000"],"visuals":{"large":"https:\/\/images.epagine.fr\/127\/9782747552127_1_75.jpg","medium":"https:\/\/images.epagine.fr\/127\/9782747552127_1_m.jpg","thumbnail":"https:\/\/images.epagine.fr\/127\/9782747552127_1_v.jpg"},"orderable":true,"show_badge":true,"formatted_price":"23,00&nbsp;\u20ac","formatted_published_date":"1er novembre 2003","publisher_availability_label":"Sur commande","short_details":"Daniel Salleron \u2014 \u00c9ditions L'Harmattan","translator":null,"weight":335,"page_count":266,"readership":null,"editor":"\u00c9ditions L'Harmattan","price":2300,"published_date":"2003-10-31T23:00:00.000000Z","support":"Grand format","publisher_availability":1,"stock":0,"editions":[],"url":"https:\/\/quaidesbrumes.com\/ouvrage\/9782747552127\/tingo-maria-au-perou-comment-jai-failli-devenir-peruvien"},{"id":"9782747536288","title":"Rues de Chine : Journal d'une laowai","description":"C'est pouss\u00e9e par la curiosit\u00e9 que Violaine est devenue \"Wei Ou Lan\", une \"Lao wai\"- \"l'\u00e9trang\u00e8re\"-, dans cette Chine du second mill\u00e9naire (chr\u00e9tien), en pleine \u00e9bullition. Bas\u00e9e 3 mois \u00e0 l'universit\u00e9 de Nanjing pour y \u00e9tudier le mandarin, elle d\u00e9crit sa plong\u00e9e rapide dans le monde chinois en confiant \u00e0 son journal de bord des anecdotes et histoires cocasses, ses humeurs souriantes ou chagrines, ses r\u00e9flexions et interrogations. La fl\u00e2neuse nous fait d\u00e9couvrir l'univers bouillonnant des ruelles o\u00f9 l'identit\u00e9 chinoise se r\u00e9v\u00e8le, en \u00e9quilibre entre tradition et modernit\u00e9, comme une r\u00e9ponse progressive \u00e0 ces questions : comment vit-on au quotidien si l'on est autochtone et si l'on est \"lao wai\"?\r","authors":["Violaine Brierre"],"category_codes":["1000000","1060000"],"visuals":{"large":"https:\/\/images.epagine.fr\/288\/9782747536288_1_75.jpg","medium":"https:\/\/images.epagine.fr\/288\/9782747536288_1_m.jpg","thumbnail":"https:\/\/images.epagine.fr\/288\/9782747536288_1_v.jpg"},"orderable":true,"show_badge":true,"formatted_price":"16,00&nbsp;\u20ac","formatted_published_date":"1er novembre 2003","publisher_availability_label":"Sur commande","short_details":"Violaine Brierre \u2014 \u00c9ditions L'Harmattan","translator":null,"weight":215,"page_count":150,"readership":null,"editor":"\u00c9ditions L'Harmattan","price":1600,"published_date":"2003-10-31T23:00:00.000000Z","support":"Grand format","publisher_availability":1,"stock":0,"editions":[],"url":"https:\/\/quaidesbrumes.com\/ouvrage\/9782747536288\/rues-de-chine-journal-dune-laowai"},{"id":"9782747543965","title":"Par - del\u00e0 les ann\u00e9es grises","description":"\"Ce ne sont pas des souvenirs de guerre, mais un t\u00e9moignage sur les ann\u00e9es v\u00e9cues \u00e0 Thionville, en Moselle annex\u00e9e. Des ann\u00e9es ambig\u00fces, grises, d'un gris fait de diverses couleurs m\u00eal\u00e9es. Pourquoi revenir sur ces ann\u00e9es ? J'ai retrouv\u00e9 quelques lettres, les derni\u00e8res envoy\u00e9es de Russie par trois de mes camarades morts ou disparus l\u00e0-bas sous l'uniforrme allemand. Un signe venu d'une autre \u00e8re\". Au fil du r\u00e9cit, en se racontant, l'auteur, originaire de Lorraine d\u00e9couvre le sens du souvenir, souvenir des ann\u00e9es d'annexion qui pour lui furent presque heureuses mais sur lesquelles s'\u00e9tend r\u00e9trospectivement l'ombre d'Auschwitz, la confrontation avec \"la question allemande\", les \"nouveaux allemands\".","authors":["Pierre Franchini"],"category_codes":["1000000","1060000"],"visuals":{"large":"https:\/\/images.epagine.fr\/965\/9782747543965_1_75.jpg","medium":"https:\/\/images.epagine.fr\/965\/9782747543965_1_m.jpg","thumbnail":"https:\/\/images.epagine.fr\/965\/9782747543965_1_v.jpg"},"orderable":true,"show_badge":true,"formatted_price":"18,00&nbsp;\u20ac","formatted_published_date":"1er novembre 2003","publisher_availability_label":"Sur commande","short_details":"Pierre Franchini \u2014 \u00c9ditions L'Harmattan","translator":null,"weight":295,"page_count":192,"readership":null,"editor":"\u00c9ditions L'Harmattan","price":1800,"published_date":"2003-10-31T23:00:00.000000Z","support":"Grand format","publisher_availability":1,"stock":0,"editions":[],"url":"https:\/\/quaidesbrumes.com\/ouvrage\/9782747543965\/par-dela-les-annees-grises"},{"id":"9782747547024","title":"Itin\u00e9raire d'une enfant plac\u00e9e","description":"A travers le t\u00e9moignage vivant de Madeleine Backaert, ce livre met en \u00e9vidence la violence tenue secr\u00e8te pendant longtemps et aujourd'hui racontable, et il pose de vraies questions sur les instances \u00e9ducatives et judiciaires. En \u00e9crivant son histoire, Madeleine Backaert a le sentiment d'avoir gagn\u00e9 une bataille non seulement parce qu'elle transforme la souffrance de la honte en une reconstruction identitaire mais aussi parce qu'elle cherche \u00e0 modifier les repr\u00e9sentations collectives sur les v\u00e9ritables besoins de l'enfant. Enfin l'\u00e9criture sans r\u00e9gler son malheur, est affirmation de soi et r\u00e9paration.","authors":["Madeleine Backaert"],"category_codes":["1000000","1060000"],"visuals":{"large":"https:\/\/images.epagine.fr\/024\/9782747547024_1_75.jpg","medium":"https:\/\/images.epagine.fr\/024\/9782747547024_1_m.jpg","thumbnail":"https:\/\/images.epagine.fr\/024\/9782747547024_1_v.jpg"},"orderable":true,"show_badge":true,"formatted_price":"12,00&nbsp;\u20ac","formatted_published_date":"1er novembre 2003","publisher_availability_label":"Sur commande","short_details":"Madeleine Backaert \u2014 \u00c9ditions L'Harmattan","translator":null,"weight":135,"page_count":88,"readership":null,"editor":"\u00c9ditions L'Harmattan","price":1200,"published_date":"2003-10-31T23:00:00.000000Z","support":"Grand format","publisher_availability":1,"stock":0,"editions":[],"url":"https:\/\/quaidesbrumes.com\/ouvrage\/9782747547024\/itineraire-dune-enfant-placee"},{"id":"9782013465106","title":"Portrait de napoleon et des liberaux par m. de chateaubriand","description":"Portrait de Napol\u00e9on et des lib\u00e9raux par M. de Chateaubriand. Mot d'un militaire et de deux hommes du peuple, sur la brochure \"de la Monarchie \u00e9lective\", du m\u00eame \u00e9crivain. Publi\u00e9 par la Contemporaine\r\nDate de l'\u00e9dition originale : 1831\r\n\r\nLe pr\u00e9sent ouvrage s'inscrit dans une politique de conservation patrimoniale des ouvrages de la litt\u00e9rature Fran\u00e7aise mise en place avec la BNF.\r\nHACHETTE LIVRE et la BNF proposent ainsi un catalogue de titres indisponibles, la BNF ayant num\u00e9ris\u00e9 ces oeuvres et HACHETTE LIVRE les imprimant \u00e0 la demande.\r\nCertains de ces ouvrages refl\u00e8tent des courants de pens\u00e9e caract\u00e9ristiques de leur \u00e9poque, mais qui seraient aujourd'hui jug\u00e9s condamnables.\r\nIls n'en appartiennent pas moins \u00e0 l'histoire des id\u00e9es en France et sont susceptibles de pr\u00e9senter un int\u00e9r\u00eat scientifique ou historique.\r\nLe sens de notre d\u00e9marche \u00e9ditoriale consiste ainsi \u00e0 permettre l'acc\u00e8s \u00e0 ces oeuvres sans pour autant que nous en cautionnions en aucune fa\u00e7on le contenu.\r\n\r\nPour plus d'informations, rendez-vous sur www.hachettebnf.fr","authors":["Ida Saint-Elme"],"category_codes":["1000000","1060000","1060200"],"visuals":{"large":"https:\/\/images.epagine.fr\/106\/9782013465106_1_75.jpg","medium":"https:\/\/images.epagine.fr\/106\/9782013465106_1_m.jpg","thumbnail":"https:\/\/images.epagine.fr\/106\/9782013465106_1_v.jpg"},"orderable":true,"show_badge":true,"formatted_price":"9,50&nbsp;\u20ac","formatted_published_date":"1er octobre 2014","publisher_availability_label":"Sur commande","short_details":"Ida Saint-Elme \u2014 Hachette BNF","translator":null,"weight":73,"page_count":null,"readership":null,"editor":"Hachette BNF","price":950,"published_date":"2014-09-30T22:00:00.000000Z","support":"Grand format","publisher_availability":1,"stock":0,"editions":[],"url":"https:\/\/quaidesbrumes.com\/ouvrage\/9782013465106\/portrait-de-napoleon-et-des-liberaux-par-m-de-chateaubriand"},{"id":"9782747552462","title":"Le blues de la mygale","description":"Qu'est-ce qui pousse un jeune bourgeois de la place du panth\u00e9on \u00e0 aller passer un mois dans une communaut\u00e9 de fr\u00e8res en Ha\u00efti, un des pays les plus pauvres du monde ? Envie d'humanitaire, soif d'aventure. Tout cela \u00e0 la fois mais surtout envie de confronter le discours tenu sur le Tiers-Monde depuis l'Occident aux cahots bigarr\u00e9s du r\u00e9el.Ni enfer mis\u00e9reux, ni paradis de simplicit\u00e9 retrouv\u00e9e , Alexis Normand nous introduit au Tiers-Monde v\u00e9cu, loin des clich\u00e9s ou du politiquement correct, dans un r\u00e9cit qui est avant tout une invitation au voyage.\r","authors":["Alexis Normand"],"category_codes":["1000000","1060000"],"visuals":{"large":"https:\/\/images.epagine.fr\/462\/9782747552462_1_75.jpg","medium":"https:\/\/images.epagine.fr\/462\/9782747552462_1_m.jpg","thumbnail":"https:\/\/images.epagine.fr\/462\/9782747552462_1_v.jpg"},"orderable":true,"show_badge":true,"formatted_price":"15,00&nbsp;\u20ac","formatted_published_date":"1er novembre 2003","publisher_availability_label":"Sur commande","short_details":"Alexis Normand \u2014 \u00c9ditions L'Harmattan","translator":null,"weight":230,"page_count":164,"readership":null,"editor":"\u00c9ditions L'Harmattan","price":1500,"published_date":"2003-10-31T23:00:00.000000Z","support":"Grand format","publisher_availability":1,"stock":0,"editions":[],"url":"https:\/\/quaidesbrumes.com\/ouvrage\/9782747552462\/le-blues-de-la-mygale"},{"id":"9782312132402","title":"Bons baisers de Carpentras : et d'ailleurs Tome 2","description":"Apr\u00e8s \u00ab Du lointain de ma m\u00e9moire \u00bb qui r\u00e9sume mes d\u00e9buts dans la vie, la \u00ab Chronique de Goa \u00bb raconte mon grand saut dans l'inconnu, dans l'Inde mythique des ann\u00e9es 80, o\u00f9 ma vie a compl\u00e8tement chang\u00e9. Puis mes p\u00e9r\u00e9grinations p\u00e9dagogiques m'ont emmen\u00e9e autour du monde, \u00e0 Hongkong et \u00e0 San Francisco, apr\u00e8s quoi je suis venue, qui l'eut cru, \u00e0 Carpentras, devenue mon \u00ab camp de base \u00bb, halte reposante entre mes voyages.\r\nMaintenant que le poids des ans a consid\u00e9rablement ralenti mon \u00e9nergie voyageuse, je me contente de retrouver mes souvenirs et ainsi de m'offrir en quelque sorte une deuxi\u00e8me vie...\r\nCe tome 2 des \u00ab Bons Baisers de Carpentras \u00bb est consacr\u00e9 seulement \u00e0 l'an 2000, ann\u00e9e exceptionnelle : \u00e7a n'arrive g\u00e9n\u00e9ralement qu'une fois dans une vie qu'on change de si\u00e8cle !","authors":["Nadia Goralski"],"category_codes":["1000000","1060000","1060100"],"visuals":{"large":"https:\/\/images.epagine.fr\/402\/9782312132402_1_75.jpg","medium":"https:\/\/images.epagine.fr\/402\/9782312132402_1_m.jpg","thumbnail":"https:\/\/images.epagine.fr\/402\/9782312132402_1_v.jpg"},"orderable":true,"show_badge":true,"formatted_price":"25,00&nbsp;\u20ac","formatted_published_date":"28 avril 2023","publisher_availability_label":"Sur commande","short_details":"Nadia Goralski \u2014 Editions du Net","translator":null,"weight":299,"page_count":204,"readership":null,"editor":"Editions du Net","price":2500,"published_date":"2023-04-27T22:00:00.000000Z","support":"Grand format","publisher_availability":1,"stock":0,"editions":[],"url":"https:\/\/quaidesbrumes.com\/ouvrage\/9782312132402\/bons-baisers-de-carpentras-et-dailleurs-tome-2"},{"id":"9782916043180","title":"Henry Lemesle ; un psychiatre dans le Lochois","description":"Qui \u00e9tait donc Henry Lemesle, ce m\u00e9decin psychiatre lochois ? Anne Barjansky a men\u00e9 cette recherche en Indre-et-Loire et \u00e0 Paris, et d\u00e9couvert un personnage passionnant. Non seulement il fonda l'Institut Li\u00e9bault de Loches et cr\u00e9a les cures de sommeil non-chimiques, mais il participa aussi au d\u00e9veloppement de la psychiatrie fran\u00e7aise et internationale. \r\nSa th\u00e8se sur l'irresponsabilit\u00e9 p\u00e9nale est d'une \u00e9tonnante actualit\u00e9 \u00e0 l'heure du d\u00e9bat sur ce th\u00e8me dans l'opinion et des projets de loi \u00e0 l'Assembl\u00e9e nationale  De ses rencontres avec des \u00ab grands \u00bb de son temps - L\u00e9on Bourgeois, Cesare Lumbroso, Georges Duhamel -, de son exp\u00e9rience \u00e0 l'Institut M\u00e9dico Psychologique de Paris et \u00e0 l'Institut Li\u00e9bault Loches, de ses voyages, de ses missions en Europe, il r\u00e9sulta un grand nombre d'articles et d'ouvrages, examin\u00e9s dans ce livre. D\u00e9fenseur d'une m\u00e9decine non-agressive, il est l'un des pr\u00e9curseurs de la psychoth\u00e9rapie moderne.\r","authors":["Barjansky Anne"],"category_codes":["1000000","1060000","1060100"],"visuals":{"large":"https:\/\/images.epagine.fr\/180\/9782916043180_1_75.jpg","medium":"https:\/\/images.epagine.fr\/180\/9782916043180_1_m.jpg","thumbnail":"https:\/\/images.epagine.fr\/180\/9782916043180_1_v.jpg"},"orderable":true,"show_badge":true,"formatted_price":"22,00&nbsp;\u20ac","formatted_published_date":"1er mars 2008","publisher_availability_label":"Sur commande","short_details":"Barjansky Anne \u2014 Hugues De Chivre","translator":null,"weight":503,"page_count":288,"readership":null,"editor":"Hugues De Chivre","price":2200,"published_date":"2008-02-29T23:00:00.000000Z","support":"Grand format","publisher_availability":1,"stock":0,"editions":[],"url":"https:\/\/quaidesbrumes.com\/ouvrage\/9782916043180\/henry-lemesle-un-psychiatre-dans-le-lochois"},{"id":"9782747548236","title":"L'Homme interdit : R\u00e9cit autobiographique","description":"\"Je m'habituais \u00e0 ce monde de la nuit et n'\u00e9prouvais aucune douleur \u00e0 m'y louer chaque soir. La solitude de certains clients rejoignait la mienne. Je n'arrivais pas \u00e0 leur en vouloir, je n'avais plus besoin de les m\u00e9priser. Ils partageaient mon destin. Je me sentais responsable du plaisir et du bonheur que je leur apportais et cela m'a grandi. Je servais \u00e0 quelque chose ; je n'\u00e9tais plus ce \"meuble\" dont on ne sait que faire. J'\u00e9tais investi d'une v\u00e9ritable mission. Et \u00e0 pr\u00e9sent que j'\u00e9tais assez fier d'avoir rendu heureux des milliers d'hommes, m\u00eame le temps d'un instant, je pouvais m'arr\u00eater.\"...\r","authors":["Patrick Molina"],"category_codes":["1000000","1060000"],"visuals":{"large":"https:\/\/images.epagine.fr\/236\/9782747548236_1_75.jpg","medium":"https:\/\/images.epagine.fr\/236\/9782747548236_1_m.jpg","thumbnail":"https:\/\/images.epagine.fr\/236\/9782747548236_1_v.jpg"},"orderable":true,"show_badge":true,"formatted_price":"17,50&nbsp;\u20ac","formatted_published_date":"1er novembre 2003","publisher_availability_label":"Sur commande","short_details":"Patrick Molina \u2014 \u00c9ditions L'Harmattan","translator":null,"weight":265,"page_count":188,"readership":null,"editor":"\u00c9ditions L'Harmattan","price":1750,"published_date":"2003-10-31T23:00:00.000000Z","support":"Grand format","publisher_availability":1,"stock":0,"editions":[],"url":"https:\/\/quaidesbrumes.com\/ouvrage\/9782747548236\/lhomme-interdit-recit-autobiographique"},{"id":"9782914417181","title":"Le carnet de guerre de Bon Papa : Une famille fran\u00e7aise sous l'Occupation","description":"Quel exceptionnel t\u00e9moignage sur la vie quotidienne sous l'Occupation que cette album !\r\nDe septembre 1939 \u00e0 ao\u00fbt 1944 \u00e0 Vesoul, Marcel Euvrard tient son carnet de guerre. Il relate la vie d'une famille qui vit ces ann\u00e9es sombres comme la majorit\u00e9 des Fran\u00e7ais, sans \u00e9v\u00e9nements particuliers. Ce sont les bombardements, l'exode, les restrictions, la propagande, le travail qui continue, la paperasserie impos\u00e9e par l'occupant, les logements r\u00e9quisitionn\u00e9s, les nouvelles du front, la radio de Londres puis, enfin, la Lib\u00e9ration.\r\nCe cahier manuscrit est enti\u00e8rement calligraphi\u00e9. Il est remarquablement illustr\u00e9 en couleurs de sc\u00e8ne aquarell\u00e9es et surtout de dizaines de fac-simil\u00e9s tr\u00e8s minutieusement ex\u00e9cut\u00e9s de documents de la vie quotidienne : cartes de rationnement, laissez-passer, coupures de journaux, tracts, formulaires administratifs, courriers, etc.\r\nCe livre de m\u00e9moire rappellera bien des souvenirs \u00e0 tous ceux qui ont connu la guerre et fera comprendre aux g\u00e9n\u00e9rations plus jeunes le vrai visage de la vie des Fran\u00e7ais sous l'Occupation.","authors":["Marcel Euvrard"],"category_codes":["1000000","1060000","1060200"],"visuals":{"large":"https:\/\/images.epagine.fr\/181\/9782914417181_1_75.jpg","medium":"https:\/\/images.epagine.fr\/181\/9782914417181_1_m.jpg","thumbnail":"https:\/\/images.epagine.fr\/181\/9782914417181_1_v.jpg"},"orderable":true,"show_badge":true,"formatted_price":"19,00&nbsp;\u20ac","formatted_published_date":"12 mai 2004","publisher_availability_label":"Sur commande","short_details":"Marcel Euvrard \u2014 Herissey","translator":null,"weight":765,"page_count":150,"readership":null,"editor":"Herissey","price":1900,"published_date":"2004-05-11T22:00:00.000000Z","support":"Grand format","publisher_availability":1,"stock":0,"editions":[],"url":"https:\/\/quaidesbrumes.com\/ouvrage\/9782914417181\/le-carnet-de-guerre-de-bon-papa-une-famille-francaise-sous-loccupation"},{"id":"9782013435963","title":"Lettre d'un colon serieux de la mitidja a un ami de france. reponse a m. emile de girardin","description":"Lettre d'un colon s\u00e9rieux de la Mitidja \u00e0 un ami de France. R\u00e9ponse \u00e0 M. \u00c9mile de Girardin. (20 mai 1863.) Date de l'\u00e9dition originale : 1863 Sujet de l'ouvrage : Alg\u00e9rie (1830-1962)France -- Colonies Ce livre est la reproduction fid\u00e8le d'une oeuvre publi\u00e9e avant 1920 et fait partie d'une collection de livres r\u00e9imprim\u00e9s \u00e0 la demande \u00e9dit\u00e9e par Hachette Livre, dans le cadre d'un partenariat avec la Biblioth\u00e8que nationale de France, offrant l'opportunit\u00e9 d'acc\u00e9der \u00e0 des ouvrages anciens et souvent rares issus des fonds patrimoniaux de la BnF.\r\nLes oeuvres faisant partie de cette collection ont \u00e9t\u00e9 num\u00e9ris\u00e9es par la BnF et sont pr\u00e9sentes sur Gallica, sa biblioth\u00e8que num\u00e9rique.\r\n\r\nEn entreprenant de redonner vie \u00e0 ces ouvrages au travers d'une collection de livres r\u00e9imprim\u00e9s \u00e0 la demande, nous leur donnons la possibilit\u00e9 de rencontrer un public \u00e9largi et participons \u00e0 la transmission de connaissances et de savoirs parfois difficilement accessibles.\r\nNous avons cherch\u00e9 \u00e0 concilier la reproduction fid\u00e8le d'un livre ancien \u00e0 partir de sa version num\u00e9ris\u00e9e avec le souci d'un confort de lecture optimal. Nous esp\u00e9rons que les ouvrages de cette nouvelle collection vous apporteront enti\u00e8re satisfaction.\r\n\r\nPour plus d'informations, rendez-vous sur www.hachettebnf.fr http:\/\/gallica.bnf.fr\/ark:\/12148\/bpt6k57887068\r","authors":[],"category_codes":["1000000","1060000","1060200"],"visuals":{"large":"https:\/\/images.epagine.fr\/963\/9782013435963_1_75.jpg","medium":"https:\/\/images.epagine.fr\/963\/9782013435963_1_m.jpg","thumbnail":"https:\/\/images.epagine.fr\/963\/9782013435963_1_v.jpg"},"orderable":true,"show_badge":true,"formatted_price":"9,50&nbsp;\u20ac","formatted_published_date":"1er septembre 2014","publisher_availability_label":"Sur commande","short_details":"Hachette BNF","translator":null,"weight":64,"page_count":null,"readership":null,"editor":"Hachette BNF","price":950,"published_date":"2014-08-31T22:00:00.000000Z","support":"Grand format","publisher_availability":1,"stock":0,"editions":[],"url":"https:\/\/quaidesbrumes.com\/ouvrage\/9782013435963\/lettre-dun-colon-serieux-de-la-mitidja-a-un-ami-de-france-reponse-a-m-emile-de-girardin"},{"id":"9782747550949","title":"Des bords de loire aux rives du niger - souvenirs autobiographiques (1919 - 1964)","description":"Ce r\u00e9cit autobiographique retrace les ann\u00e9es que l'auteur a pass\u00e9es dans une communaut\u00e9 villageoise d'Africains dont il adopta le mode de vie, la langue et la mentalit\u00e9. En allant fonder un laboratoire de recherche sur les bords du Niger, il r\u00e9alisa aussi son r\u00eave d'enfance: celui de se consacrer aux sciences naturelles. L'auteur nous livre ainsi un t\u00e9moignage v\u00e9cu sur la fin de la p\u00e9riode coloniale en Afrique de l'Ouest, la rupture des nouveaux Etats avec la m\u00e9tropole, la coop\u00e9ration internationale, les espoirs et les d\u00e9ceptions qui s'ensuivirent. \r","authors":["Jacques Daget"],"category_codes":["1000000","1060000"],"visuals":{"large":"https:\/\/images.epagine.fr\/949\/9782747550949_1_75.jpg","medium":"https:\/\/images.epagine.fr\/949\/9782747550949_1_m.jpg","thumbnail":"https:\/\/images.epagine.fr\/949\/9782747550949_1_v.jpg"},"orderable":true,"show_badge":true,"formatted_price":"45,50&nbsp;\u20ac","formatted_published_date":"1er d\u00e9cembre 2003","publisher_availability_label":"Sur commande","short_details":"Jacques Daget \u2014 \u00c9ditions L'Harmattan","translator":null,"weight":725,"page_count":544,"readership":null,"editor":"\u00c9ditions L'Harmattan","price":4550,"published_date":"2003-11-30T23:00:00.000000Z","support":"Grand format","publisher_availability":1,"stock":0,"editions":[],"url":"https:\/\/quaidesbrumes.com\/ouvrage\/9782747550949\/des-bords-de-loire-aux-rives-du-niger-souvenirs-autobiographiques-1919-1964"},{"id":"9782747552394","title":"Ports et d\u00e9ports","description":"Voici une invitation au voyage dans l'espace portuaire qui est pass\u00e9 par la crise. Depuis plusieurs ann\u00e9es, les villes cherchent \u00e0 \"r\u00e9investir\" leurs quartiers portuaires, les privant parfois du charme qui faisait leur singularit\u00e9. Paradoxalement, le port est un peu l'antith\u00e8se du voyage : c'est la ville de ceux qui restent. Mais on ne r\u00eave jamais aussi bien qu'\u00e0 quai. L'auteur propose ainsi un itin\u00e9raire \u00e0 l'envers du d\u00e9cor, teint\u00e9 d'imaginaire. De la M\u00e9diterran\u00e9e \u00e0 la mer de Chine, de Buenos Aires \u00e0 Rotterdam, jetant l'ancre et la plume \u00e0 Genes, Hambourg, Saigon, Le Havre, Liverpool...","authors":["Pierre Gras"],"category_codes":["1000000","1060000"],"visuals":{"large":"https:\/\/images.epagine.fr\/394\/9782747552394_1_75.jpg","medium":"https:\/\/images.epagine.fr\/394\/9782747552394_1_m.jpg","thumbnail":"https:\/\/images.epagine.fr\/394\/9782747552394_1_v.jpg"},"orderable":true,"show_badge":true,"formatted_price":"15,00&nbsp;\u20ac","formatted_published_date":"1er d\u00e9cembre 2003","publisher_availability_label":"Sur commande","short_details":"Pierre Gras \u2014 \u00c9ditions L'Harmattan","translator":null,"weight":230,"page_count":164,"readership":null,"editor":"\u00c9ditions L'Harmattan","price":1500,"published_date":"2003-11-30T23:00:00.000000Z","support":"Grand format","publisher_availability":1,"stock":0,"editions":[],"url":"https:\/\/quaidesbrumes.com\/ouvrage\/9782747552394\/ports-et-deports"},{"id":"9782226142214","title":"Libe  , l'oeuvre impossible de sartre","description":"Lib\u00e9ration occulte son pass\u00e9, gomme ses origines. Pourtant, sans le \u00ab Lib\u00e9 \u00bb de Jean-Paul Sartre, le quotidien de Serge July n'aurait jamais exist\u00e9.\r\nEn effet, c'est en s'abritant derri\u00e8re le nom du philosophe, prix Nobel de litt\u00e9rature, que les mao\u00efstes de la Gauche prol\u00e9tarienne ont voulu concevoir un outil de combat id\u00e9ologique.\r\nBernard Lallement a particip\u00e9 \u00e0 cette \u00e9pop\u00e9e dans une fonction \u00e0 la fois marginale et capitale : l'administration et le financement. Son t\u00e9moignage jette sur la gen\u00e8se de cette aventure de presse un \u00e9clairage cru et, disons-le franchement, d\u00e9rangeant. Si Sartre, malade, n'a pas r\u00e9ussi avec \u00ab Lib\u00e9 \u00bb sa sortie intellectuelle, on d\u00e9couvre, dans l'histoire, quelques salauds, au sens existentialiste du terme. \r","authors":["Bernard Lallement"],"category_codes":["1000000","1060000","1060300"],"visuals":{"large":"https:\/\/images.epagine.fr\/214\/9782226142214_1_75.jpg","medium":"https:\/\/images.epagine.fr\/214\/9782226142214_1_m.jpg","thumbnail":"https:\/\/images.epagine.fr\/214\/9782226142214_1_v.jpg"},"orderable":true,"show_badge":true,"formatted_price":"15,20&nbsp;\u20ac","formatted_published_date":"4 f\u00e9vrier 2004","publisher_availability_label":"Sur commande","short_details":"Bernard Lallement \u2014 Albin Michel","translator":null,"weight":303,"page_count":185,"readership":null,"editor":"Albin Michel","price":1520,"published_date":"2004-02-03T23:00:00.000000Z","support":"Grand format","publisher_availability":1,"stock":0,"editions":[],"url":"https:\/\/quaidesbrumes.com\/ouvrage\/9782226142214\/libe-loeuvre-impossible-de-sartre"},{"id":"9782747550970","title":"Amin : Itin\u00e9raire d'un alg\u00e9rien fran\u00e7ais","description":"\"J'ai tr\u00e8s vite appris \u00e0 trier ! D'un c\u00f4t\u00e9 la langue que j'aimais tant : le fran\u00e7ais et les valeurs que mon instituteur y avait accroch\u00e9es ; et de l'autre : le choix de mon histoire, celui de mes parents et de mes a\u00efeux, de la terre alg\u00e9rienne o\u00f9 j'ai pos\u00e9 mes premiers pas. Un non-choix en somme ! Il est bien difficile de faire cohabiter ces \u00e9lans contradictoires dans la conscience d'un enfant. Il vous faut sans cesse aller de l'un vers l'autre en toute clandestinit\u00e9 des regards \u00e9trangers. Peu \u00e0 peu et comme un \"passeur\" vous finissez par naviguer d'une rive \u00e0 l'autre sans vous poser trop de questions. Vous ignorez alors, que les deux bords de la blessure qui se forme, ne se recolleront plus jamais !","authors":["Yves-marie Renard"],"category_codes":["1000000","1060000"],"visuals":{"large":"https:\/\/images.epagine.fr\/970\/9782747550970_1_75.jpg","medium":"https:\/\/images.epagine.fr\/970\/9782747550970_1_m.jpg","thumbnail":"https:\/\/images.epagine.fr\/970\/9782747550970_1_v.jpg"},"orderable":true,"show_badge":true,"formatted_price":"11,00&nbsp;\u20ac","formatted_published_date":"1er d\u00e9cembre 2003","publisher_availability_label":"Sur commande","short_details":"Yves-marie Renard \u2014 \u00c9ditions L'Harmattan","translator":null,"weight":160,"page_count":106,"readership":null,"editor":"\u00c9ditions L'Harmattan","price":1100,"published_date":"2003-11-30T23:00:00.000000Z","support":"Grand format","publisher_availability":1,"stock":0,"editions":[],"url":"https:\/\/quaidesbrumes.com\/ouvrage\/9782747550970\/amin-itineraire-dun-algerien-francais"},{"id":"9782020639705","title":"L'irak, le terrorisme et l'empire americain","description":"Wesley Clark, ancien g\u00e9n\u00e9ral de l'arm\u00e9e am\u00e9ricaine, a command\u00e9 les troupes de l'OTAN lors de la guerre au Kosovo en 1995. Ce sp\u00e9cialiste de la strat\u00e9gie militaire juge la politique du pr\u00e9sident Bush en Irak.\r\nLe livre est une critique de fond, argument\u00e9e, pr\u00e9cise, document\u00e9e de la politique am\u00e9ricaine en Irak et, plus g\u00e9n\u00e9ralement, dans sa lutte contre le terrorisme. La th\u00e8se centrale, d\u00e9velopp\u00e9e tout au long du livre, est que le gouvernement am\u00e9ricain se trompe de cible : Saddam Hussein n'est pas au centre de \u00ab l'axe du mal \u00bb du terrorisme ; attaquer l'Irak ce n'est pas lutter contre le terrorisme islamiste au contraire, c'est le renforcer.\r\nLe g\u00e9n\u00e9ral Clark d\u00e9crit la campagne militaire et en tire les le\u00e7ons pour une guerre moderne. Il montre que le succ\u00e8s initial sur le terrain a dissimul\u00e9 les faiblesses de la strat\u00e9gie : pour lui la guerre d'Irak est un exemple parfait de comment vaincre un ennemi sans pouvoir assurer sa victoire. \u00c9largissant son propos, l'auteur examine les r\u00e9sultats de la guerre contre le terrorisme. Il accuse Bush d'avoir adopt\u00e9 une strat\u00e9gie antiterroriste centr\u00e9e sur une attaque de l'Irak plut\u00f4t que de mener une guerre de l'ombre contre Al Qaida Il d\u00e9montre que l'apr\u00e8s-guerre n'a pas \u00e9t\u00e9 pens\u00e9 par l'\u00e9tat-major am\u00e9ricain. Comment effectuer la transition d\u00e9mocratique, rendre le pouvoir aux Irakiens ? Enfin, dans la derni\u00e8re partie du livre, Wesley Clark fait un r\u00e9quisitoire contre la politique \u00e9trang\u00e8re de Bush dans son ensemble : une doctrine \u00e0 ses yeux unilat\u00e9rale, moralisante, p\u00e9remptoire, qui met \u00e0 bas cinquante ans d'efforts pour installer le syst\u00e8me international , qui sape les alliances... Clark, enfin, montre que cette vision de Bush renvoie \u00e0 un projet pour l'Am\u00e9rique marqu\u00e9 par une r\u00e9gression des grandes valeurs d\u00e9mocratiques. C'est un v\u00e9ritable programme, un dossier pr\u00e9sidentiel que dessine ainsi le candidat Clark \u00e0 l'investiture d\u00e9mocrate.\r\nLe G\u00e9n\u00e9ral Wesley Clark \u00e9tudie et critique la guerre en Irak : comment vaincre un ennemi sans pouvoir assurer sa victoire ; comment se tromper de cible : attaquer l'Irak au lieu de s'attaquer, s\u00e9rieusement, au terrorisme.\r\nSaper les fondements du syst\u00e8me international.\r\nClark, en contrepoint, d\u00e9voile ici son propre dossier, celui du candidat \u00e0 l'investiture d\u00e9mocrate.\r\nWesley Clark, ancien commandant en chef de l'OTAN au Kosovo, est candidat \u00e0 l'investiture d\u00e9mocrate aux \u00c9tats-Unis (juillet 2004)\r","authors":["Clark Wesley K."],"category_codes":["1000000","1060000"],"visuals":{"large":"https:\/\/images.epagine.fr\/705\/9782020639705_1_75.jpg","medium":"https:\/\/images.epagine.fr\/705\/9782020639705_1_m.jpg","thumbnail":"https:\/\/images.epagine.fr\/705\/9782020639705_1_v.jpg"},"orderable":true,"show_badge":true,"formatted_price":"23,00&nbsp;\u20ac","formatted_published_date":"16 avril 2004","publisher_availability_label":"Sur commande","short_details":"Clark Wesley K. \u2014 Le Seuil","translator":null,"weight":340,"page_count":250,"readership":null,"editor":"Le Seuil","price":2300,"published_date":"2004-04-15T22:00:00.000000Z","support":"Grand format","publisher_availability":1,"stock":0,"editions":[],"url":"https:\/\/quaidesbrumes.com\/ouvrage\/9782020639705\/lirak-le-terrorisme-et-lempire-americain"},{"id":"9782878675894","title":"Mon lycee en annam","description":null,"authors":["Dominique Mourey"],"category_codes":["1000000","1060000","1060200"],"visuals":{"large":"https:\/\/quaidesbrumes.com\/img\/book-placeholder.png","medium":"https:\/\/quaidesbrumes.com\/img\/book-placeholder.png","thumbnail":"https:\/\/quaidesbrumes.com\/img\/book-placeholder.png"},"orderable":true,"show_badge":true,"formatted_price":"20,00&nbsp;\u20ac","formatted_published_date":"30 juillet 2004","publisher_availability_label":"Sur commande","short_details":"Dominique Mourey \u2014 Presses Du Midi","translator":null,"weight":384,"page_count":null,"readership":null,"editor":"Presses Du Midi","price":2000,"published_date":"2004-07-29T22:00:00.000000Z","support":"Grand format","publisher_availability":1,"stock":0,"editions":[],"url":"https:\/\/quaidesbrumes.com\/ouvrage\/9782878675894\/mon-lycee-en-annam"},{"id":"9782705664695","title":"Journal du voyage absolu ; jeux et enjeux du grand danger","description":"L'auteur, du 2 d\u00e9cembre 2000 au 2 ao\u00fbt 2003, a consign\u00e9 ses r\u00e9flexions sur des \u00e9v\u00e9nements historiques (Napol\u00e9on, Sophie Scholl (1921-1943)...), des faits d'actualit\u00e9 (l'ex-Yougoslavie, l'entr\u00e9e de la Pologne dans l'Union europ\u00e9enne) et des moments plus personnels comme ses impressions \u00e0 la lecture de la po\u00e9sie d'Eva Diamant. Avec un long po\u00e8me en prose Les transformants f\u00e9minins.","authors":["Jean-Pierre Faye"],"category_codes":["1000000","1060000","1060100"],"visuals":{"large":"https:\/\/images.epagine.fr\/695\/9782705664695_1_75.jpg","medium":"https:\/\/images.epagine.fr\/695\/9782705664695_1_m.jpg","thumbnail":"https:\/\/images.epagine.fr\/695\/9782705664695_1_v.jpg"},"orderable":true,"show_badge":true,"formatted_price":"28,00&nbsp;\u20ac","formatted_published_date":"6 novembre 2003","publisher_availability_label":"Sur commande","short_details":"Jean-Pierre Faye \u2014 Hermann","translator":null,"weight":366,"page_count":270,"readership":null,"editor":"Hermann","price":2800,"published_date":"2003-11-05T23:00:00.000000Z","support":"Grand format","publisher_availability":1,"stock":0,"editions":[],"url":"https:\/\/quaidesbrumes.com\/ouvrage\/9782705664695\/journal-du-voyage-absolu-jeux-et-enjeux-du-grand-danger"},{"id":"9782844980649","title":"Le bonheur n'est plus dans la classe","description":"Paul Miradou, h\u00e9ros de ce roman, est professeur de lettres depuis trente ans dans une petite ville de Gascogne. Il exerce dans le lyc\u00e9e m\u00eame o\u00f9 il a effectu\u00e9 ses \u00e9tudes secondaires, \u00e0 deux pas de la propri\u00e9t\u00e9 de son p\u00e8re, vigneron. Il partage sa vie entre son m\u00e9tier d'enseignant et celui de viticulteur, savourant les joies et assumant les revers de l'un et de l'autre.\r\nL'organisation de plusieurs voyages scolaires (en Italie, en Gr\u00e8ce, en Allemagne) va bouleverser son existence. Bouleverser ? Un quart de si\u00e8cle de d\u00e9lires p\u00e9dagogiques n'avait-il pas d\u00e9j\u00e0 d\u00e9stabilis\u00e9 cet enseignant convaincu que c'\u00e9tait mieux \" avant \" ? Avant l'\u00e9cole fourre-tout, avant le jargon des nouveaux Trissotins, avant que l'\u00e9cole ne perde pied et ne reconnaisse son \u00e9chec en admettant la mont\u00e9e de l'illettrisme. Au seuil de la cinquantaine, il se demande s'il doit quitter un monde scolaire qui semble avoir perdu la boussole.\r","authors":["Alain Paraillous"],"category_codes":["1000000","1060000","1060300"],"visuals":{"large":"https:\/\/images.epagine.fr\/649\/9782844980649_1_75.jpg","medium":"https:\/\/images.epagine.fr\/649\/9782844980649_1_m.jpg","thumbnail":"https:\/\/images.epagine.fr\/649\/9782844980649_1_v.jpg"},"orderable":true,"show_badge":true,"formatted_price":"17,00&nbsp;\u20ac","formatted_published_date":"8 mars 2004","publisher_availability_label":"Sur commande","short_details":"Alain Paraillous \u2014 Aub\u00e9ron","translator":null,"weight":300,"page_count":null,"readership":null,"editor":"Aub\u00e9ron","price":1700,"published_date":"2004-03-07T23:00:00.000000Z","support":"Grand format","publisher_availability":1,"stock":0,"editions":[],"url":"https:\/\/quaidesbrumes.com\/ouvrage\/9782844980649\/le-bonheur-nest-plus-dans-la-classe"}]}