{"data":[{"id":"9782012525955","title":"Bibliographie fran\u00e7aise, recueil de catalogues des \u00e9diteurs fran\u00e7ais (\u00c9d.1900)","description":"Bibliographie fran\u00e7aise, recueil de catalogues des \u00e9diteurs fran\u00e7ais : accompagn\u00e9 d'une table alphab\u00e9tique par noms d'auteurs et d'une table syst\u00e9matique.... Tome 7 \/ H. Le Soudier\r\nDate de l'\u00e9dition originale : 1900\r\n\r\nLe pr\u00e9sent ouvrage s'inscrit dans une politique de conservation patrimoniale des ouvrages de la litt\u00e9rature Fran\u00e7aise mise en place avec la BNF.\r\nHACHETTE LIVRE et la BNF proposent ainsi un catalogue de titres indisponibles, la BNF ayant num\u00e9ris\u00e9 ces oeuvres et HACHETTE LIVRE les imprimant \u00e0 la demande.\r\nCertains de ces ouvrages refl\u00e8tent des courants de pens\u00e9e caract\u00e9ristiques de leur \u00e9poque, mais qui seraient aujourd'hui jug\u00e9s condamnables.\r\nIls n'en appartiennent pas moins \u00e0 l'histoire des id\u00e9es en France et sont susceptibles de pr\u00e9senter un int\u00e9r\u00eat scientifique ou historique.\r\nLe sens de notre d\u00e9marche \u00e9ditoriale consiste ainsi \u00e0 permettre l'acc\u00e8s \u00e0 ces oeuvres sans pour autant que nous en cautionnions en aucune fa\u00e7on le contenu.\r\n\r\nPour plus d'informations, rendez-vous sur www.hachettebnf.fr","authors":["Le Soudier Henri"],"category_codes":["1000000","1060000","1060200"],"visuals":{"large":"https:\/\/images.epagine.fr\/955\/9782012525955_1_75.jpg","medium":"https:\/\/images.epagine.fr\/955\/9782012525955_1_m.jpg","thumbnail":"https:\/\/images.epagine.fr\/955\/9782012525955_1_v.jpg"},"orderable":true,"show_badge":true,"formatted_price":"42,50&nbsp;\u20ac","formatted_published_date":"1er juin 2012","publisher_availability_label":"Sur commande","short_details":"Le Soudier Henri \u2014 Hachette BNF","translator":null,"weight":1136,"page_count":824,"readership":null,"editor":"Hachette BNF","price":4250,"published_date":"2012-05-31T22:00:00.000000Z","support":"Grand format","publisher_availability":1,"stock":0,"editions":[],"url":"https:\/\/quaidesbrumes.com\/ouvrage\/9782012525955\/bibliographie-francaise-recueil-de-catalogues-des-editeurs-francais-ed1900"},{"id":"9782738455789","title":"M\u00e9moires d'un ajusteur syndicaliste forgeron d'utopie","description":null,"authors":["Auguste Bouvet"],"category_codes":["9000000","9050000","9050200"],"visuals":{"large":"https:\/\/images.epagine.fr\/789\/9782738455789_1_75.jpg","medium":"https:\/\/images.epagine.fr\/789\/9782738455789_1_m.jpg","thumbnail":"https:\/\/images.epagine.fr\/789\/9782738455789_1_v.jpg"},"orderable":true,"show_badge":true,"formatted_price":"26,00&nbsp;\u20ac","formatted_published_date":"1er septembre 1997","publisher_availability_label":"Sur commande","short_details":"Auguste Bouvet \u2014 \u00c9ditions L'Harmattan","translator":null,"weight":364,"page_count":298,"readership":null,"editor":"\u00c9ditions L'Harmattan","price":2600,"published_date":"1997-08-31T22:00:00.000000Z","support":"Grand format","publisher_availability":1,"stock":0,"editions":[],"url":"https:\/\/quaidesbrumes.com\/ouvrage\/9782738455789\/memoires-dun-ajusteur-syndicaliste-forgeron-dutopie"},{"id":"9782738458100","title":"Ces r\u00e9seaux qui nous gouvernent?","description":"Ce livre traite de la question des infrastructures constitu\u00e9es en r\u00e9seaux. Ces objets d'une grande importance, non seulement par les investissements et les patrimoines qu'ils repr\u00e9sentent, mais aussi par la place qu'ils occupent dans notre espace et notre quotidiennet\u00e9 sont abord\u00e9s sous l'angle de questions relativement inhabituelles dans les sciences humaines. Diverses questions sont trait\u00e9es par la m\u00e9thode du \u00ab regard crois\u00e9 \u00bb, utilis\u00e9e par une \u00e9quipe de dix-sept chercheurs de France et du Qu\u00e9bec.","authors":["Collectif"],"category_codes":["1000000","1060000","1060300"],"visuals":{"large":"https:\/\/images.epagine.fr\/100\/9782738458100_1_75.jpg","medium":"https:\/\/images.epagine.fr\/100\/9782738458100_1_m.jpg","thumbnail":"https:\/\/images.epagine.fr\/100\/9782738458100_1_v.jpg"},"orderable":true,"show_badge":true,"formatted_price":"43,50&nbsp;\u20ac","formatted_published_date":"3 mai 2000","publisher_availability_label":"Sur commande","short_details":"Collectif \u2014 \u00c9ditions L'Harmattan","translator":null,"weight":680,"page_count":468,"readership":null,"editor":"\u00c9ditions L'Harmattan","price":4350,"published_date":"2000-05-02T22:00:00.000000Z","support":"Grand format","publisher_availability":1,"stock":0,"editions":[],"url":"https:\/\/quaidesbrumes.com\/ouvrage\/9782738458100\/ces-reseaux-qui-nous-gouvernent"},{"id":"9782738454959","title":"Les fils de mcdo - la mcdonalisation du monde","description":"McDonald's poursuit sa conqu\u00eate du monde. Le hamburger n'est pas, contrairement \u00e0 ce que l'on affirme, une alimentation am\u00e9ricaine pour adolescents. Il repr\u00e9sente le premier aliment qui sape toutes les cultures culinaires et d\u00e9truit nos fa\u00e7ons de manger, en jouant sur la crise des institutions sociales et familiales. Laboratoire de l'alimentation du futur, il est aussi un prototype de l'entreprise moderniste qui, sous couvert de psychologiser la relation de travail, disqualifie les hommes autant que les clients ou les aliments. L'auteur se livre ici \u00e0 un essai vif et d\u00e9capant alliant de multiples approches. Beaucoup plus qu'un simple plaidoyer anti-McDo, une v\u00e9ritable analyse du ph\u00e9nom\u00e8ne.","authors":["Paul Ari\u00e8s"],"category_codes":["9000000","9120000","9120200"],"visuals":{"large":"https:\/\/images.epagine.fr\/959\/9782738454959_1_75.jpg","medium":"https:\/\/images.epagine.fr\/959\/9782738454959_1_m.jpg","thumbnail":"https:\/\/images.epagine.fr\/959\/9782738454959_1_v.jpg"},"orderable":true,"show_badge":true,"formatted_price":"24,00&nbsp;\u20ac","formatted_published_date":"3 mai 2000","publisher_availability_label":"Sur commande","short_details":"Paul Ari\u00e8s \u2014 \u00c9ditions L'Harmattan","translator":null,"weight":276,"page_count":null,"readership":null,"editor":"\u00c9ditions L'Harmattan","price":2400,"published_date":"2000-05-02T22:00:00.000000Z","support":"Grand format","publisher_availability":1,"stock":0,"editions":[],"url":"https:\/\/quaidesbrumes.com\/ouvrage\/9782738454959\/les-fils-de-mcdo-la-mcdonalisation-du-monde"},{"id":"9782909096247","title":"Louis calafarte le printemps encore une fois","description":null,"authors":["Collectif"],"category_codes":["1000000","1060000","1060100"],"visuals":{"large":"https:\/\/quaidesbrumes.com\/img\/book-placeholder.png","medium":"https:\/\/quaidesbrumes.com\/img\/book-placeholder.png","thumbnail":"https:\/\/quaidesbrumes.com\/img\/book-placeholder.png"},"orderable":true,"show_badge":true,"formatted_price":"18,30&nbsp;\u20ac","formatted_published_date":"21 mars 1996","publisher_availability_label":"Sur commande","short_details":"Collectif \u2014 Amis Des Bibliotheques De Lyon","translator":null,"weight":320,"page_count":null,"readership":null,"editor":"Amis Des Bibliotheques De Lyon","price":1830,"published_date":"1996-03-20T23:00:00.000000Z","support":"Grand format","publisher_availability":1,"stock":0,"editions":[],"url":"https:\/\/quaidesbrumes.com\/ouvrage\/9782909096247\/louis-calafarte-le-printemps-encore-une-fois"},{"id":"9782951976832","title":"Souvenirs de l'orient","description":"\u00ab [...] J'essaye de rappeler les jouissances de ma jeunesse et les impressions dont j'\u00e9tais si avide [...] Je m'arr\u00eate alors \u00e0 chaque pas de ma m\u00e9moire ; ma plume tombe, et je me prends \u00e0 r\u00eaver sans fin \u00e0 ces heures d'immenses d\u00e9lices, \u00e0 ces nuits si sereines et si pures, \u00e0 ce ciel azur\u00e9, \u00e0 ces mers si brillantes, aux pompeuses merveilles du plus beau pays du monde [...] je ne sais si mon coeur bat plus vite sous le charme du bonheur que ces illusions me donnent encore, ou sous le poids des regrets que laissent apr\u00e8s eux ces jours pass\u00e9s pour ne plus revenir. \u00bb In\u00e9dit depuis plus d'un si\u00e8cle, le p\u00e9riple de 1816 \u00e0 1820 d'un diplomate, ami de Chateaubriand. Des \u00eeles grecques \u00e0 J\u00e9rusalem, de l'\u00c9gypte \u00e0 Ath\u00e8nes, un retour aux sources culturelles et d'heureuses rencontres : on lui doit l'acquisition de la V\u00e9nus de Milo...","authors":["Comte de marcellus"],"category_codes":["1000000","1060000","1060100"],"visuals":{"large":"https:\/\/images.epagine.fr\/832\/9782951976832_1_75.jpg","medium":"https:\/\/images.epagine.fr\/832\/9782951976832_1_m.jpg","thumbnail":"https:\/\/images.epagine.fr\/832\/9782951976832_1_v.jpg"},"orderable":true,"show_badge":true,"formatted_price":"25,00&nbsp;\u20ac","formatted_published_date":"15 avril 2006","publisher_availability_label":"Sur commande","short_details":"Comte de marcellus \u2014 Cy.Ter","translator":null,"weight":730,"page_count":448,"readership":null,"editor":"Cy.Ter","price":2500,"published_date":"2006-04-14T22:00:00.000000Z","support":"Grand format","publisher_availability":1,"stock":0,"editions":[],"url":"https:\/\/quaidesbrumes.com\/ouvrage\/9782951976832\/souvenirs-de-lorient"},{"id":"9782080682581","title":"Helena rubinstein","description":"Si les femmes d'aujourd'hui disposent de produits performants pour am\u00e9liorer leur apparence ainsi que de salons de beaut\u00e9, elles le doivent \u00e0 une femme de caract\u00e8re, Helena Rubinstein.\r\nDu haut de son m\u00e8tre cinquante, la taille plut\u00f4t fine malgr\u00e9 un soup\u00e7on d'embonpoint, les cheveux tr\u00e8s noirs tir\u00e9s en arri\u00e8re, cet \u00eatre de caract\u00e8re au profil d'aigle s'est hiss\u00e9, en partant de rien, au sommet d'un empire colossal. Une cr\u00e9atrice dont la vie est une saga fabuleuse, le roman d'une ambition au service de la gr\u00e2ce des autres.\r\n\u00c0 partir d'archives in\u00e9dites et d'entretiens avec les derni\u00e8res personnes l'ayant connue, l'auteur d\u00e9noue le fil de l'existence hors normes de cette Polonaise aux origines modestes qui quitta son pays pour partir \u00e0 la conqu\u00eate du monde et r\u00e9volutionner l'esth\u00e9tique f\u00e9minine. Avant elle on \u00absoignait\u00bb, avec elle on a appris \u00e0 \u00abembellir\u00bb.\r\nDe la cr\u00e8me Valaze qui l'a faite conna\u00eetre \u00e0 ses batailles avec Elisabeth Arden, de la destruction de ses biens en Europe par les Allemands aux saisies op\u00e9r\u00e9es par les communistes apr\u00e8s la guerre, de l'invention de produits r\u00e9volutionnaires aux nouvelles techniques de traitements des outrages du temps, de ses amiti\u00e9s avec Picasso, Dali, Van Dongen aux drames familiaux qui ont marqu\u00e9 sa vie, rien n'est oubli\u00e9 dans cette grande biographie d'un monstre sacr\u00e9.","authors":["Leveau-Fernandez M."],"category_codes":["1000000","1060000","1060200"],"visuals":{"large":"https:\/\/images.epagine.fr\/581\/9782080682581_1_75.jpg","medium":"https:\/\/images.epagine.fr\/581\/9782080682581_1_m.jpg","thumbnail":"https:\/\/images.epagine.fr\/581\/9782080682581_1_v.jpg"},"orderable":true,"show_badge":true,"formatted_price":"23,40&nbsp;\u20ac","formatted_published_date":"18 novembre 2003","publisher_availability_label":"Sur commande","short_details":"Leveau-Fernandez M. \u2014 Flammarion","translator":null,"weight":505,"page_count":380,"readership":null,"editor":"Flammarion","price":2340,"published_date":"2003-11-17T23:00:00.000000Z","support":"Grand format","publisher_availability":1,"stock":0,"editions":[],"url":"https:\/\/quaidesbrumes.com\/ouvrage\/9782080682581\/helena-rubinstein"},{"id":"9782738455703","title":"SOCIETES CONTEMPORAINES Tome 27 : autour d'Everett C. Hughes","description":"La sociologie de Hughes et sa post\u00e9rit\u00e9 aux \u00c9tats-Unis : Hughes et l'\u00e9cole de Chicago : m\u00e9thodes de recherches, r\u00e9putations et r\u00e9alit\u00e9s (Jennifer Platt), La prise en compte de cas inhabituels dans l'analyse sociologique : les conseils de Hughes (Howard S. Becker), Le travail de terrain apr\u00e8s Hughes : continuit\u00e9s et changements (Robert Emerson), E. C. Hughes, initiateur et pr\u00e9curseur critique de la Grounded Theory (Didier Demazi\u00e8re, Claude Dubar).\r\nHughes, la sociologie fran\u00e7aise et les relations intellectuelles entre g\u00e9n\u00e9rations : Une fran\u00e7aise \u00e0 l'\u00e9cole de Hughes (Paule Verdet), A propos du t\u00e9moignage de Paule Verdet (Viviane Isambert-Jamati), Une rencontre avec Everett C. Hughes (Jean-Ren\u00e9 Tr\u00e9anton), Souvenirs sur Everett C. Hughes (Robert Weiss), Premiers obstacles dans la recherche en sociologie : un t\u00e9moignage (C\u00e9cile Desmazi\u00e8res-Berlie) Conclusion : La conception de la sociologie empirique d'Everett Hughes (Jean-Michel Chapoulie)","authors":["Soci\u00e9t\u00e9s contemporaines"],"category_codes":["1000000","1060000","1060300"],"visuals":{"large":"https:\/\/images.epagine.fr\/703\/9782738455703_1_75.jpg","medium":"https:\/\/images.epagine.fr\/703\/9782738455703_1_m.jpg","thumbnail":"https:\/\/images.epagine.fr\/703\/9782738455703_1_v.jpg"},"orderable":true,"show_badge":true,"formatted_price":"14,50&nbsp;\u20ac","formatted_published_date":"1er septembre 1997","publisher_availability_label":"Sur commande","short_details":"Soci\u00e9t\u00e9s contemporaines \u2014 \u00c9ditions L'Harmattan","translator":null,"weight":246,"page_count":132,"readership":null,"editor":"\u00c9ditions L'Harmattan","price":1450,"published_date":"1997-08-31T22:00:00.000000Z","support":"Grand format","publisher_availability":1,"stock":0,"editions":[],"url":"https:\/\/quaidesbrumes.com\/ouvrage\/9782738455703\/societes-contemporaines-tome-27-autour-deverett-c-hughes"},{"id":"9782738456687","title":"Jeunes sida langage","description":"En 1990 et 1993, deux concours de sc\u00e9narios de films sur le sida ont permis \u00e0 plus de 5 000 jeunes d'exprimer leur vision de la maladie et de la pr\u00e9vention. Jeunes, sida et langage propose une analyse sociologique et s\u00e9miologique de ce mat\u00e9riau original et compl\u00e8te notre compr\u00e9hension des \u00e9volutions dans les comportements et attitudes face au sida. L'auteur met en \u00e9vidence une s\u00e9rie de changements dans les repr\u00e9sentations et imaginaires des adolescents, et permet de mieux comprendre comment ils se repr\u00e9sentent la soci\u00e9t\u00e9 et comment ils se voient eux-m\u00eames.","authors":["Rudelic-Fernandez D."],"category_codes":["9000000","9090000"],"visuals":{"large":"https:\/\/images.epagine.fr\/687\/9782738456687_1_75.jpg","medium":"https:\/\/images.epagine.fr\/687\/9782738456687_1_m.jpg","thumbnail":"https:\/\/images.epagine.fr\/687\/9782738456687_1_v.jpg"},"orderable":true,"show_badge":true,"formatted_price":"27,50&nbsp;\u20ac","formatted_published_date":"3 mai 2000","publisher_availability_label":"Sur commande","short_details":"Rudelic-Fernandez D. \u2014 \u00c9ditions L'Harmattan","translator":null,"weight":450,"page_count":null,"readership":null,"editor":"\u00c9ditions L'Harmattan","price":2750,"published_date":"2000-05-02T22:00:00.000000Z","support":"Grand format","publisher_availability":1,"stock":0,"editions":[],"url":"https:\/\/quaidesbrumes.com\/ouvrage\/9782738456687\/jeunes-sida-langage"},{"id":"9782012525900","title":"Bibliographie des ouvrages relatifs \u00e0 l'Afrique et \u00e0 l'Arabie (\u00c9d.1875)","description":"Bibliographie des ouvrages relatifs \u00e0 l'Afrique et \u00e0 l'Arabie : catalogue m\u00e9thodique de tous les ouvrages fran\u00e7ais et des principaux en langues \u00e9trang\u00e8res traitant de la g\u00e9ographie, de l'histoire, du commerce, des lettres et des arts de l'Afrique et de l'Arabie \/ par Jean Gay...\r\nDate de l'\u00e9dition originale : 1875\r\nSujet de l'ouvrage : Arabie -- Bibliographie analytiqueAfrique -- Bibliographie analytique\r\n\r\nLe pr\u00e9sent ouvrage s'inscrit dans une politique de conservation patrimoniale des ouvrages de la litt\u00e9rature Fran\u00e7aise mise en place avec la BNF.\r\nHACHETTE LIVRE et la BNF proposent ainsi un catalogue de titres indisponibles, la BNF ayant num\u00e9ris\u00e9 ces oeuvres et HACHETTE LIVRE les imprimant \u00e0 la demande.\r\nCertains de ces ouvrages refl\u00e8tent des courants de pens\u00e9e caract\u00e9ristiques de leur \u00e9poque, mais qui seraient aujourd'hui jug\u00e9s condamnables.\r\nIls n'en appartiennent pas moins \u00e0 l'histoire des id\u00e9es en France et sont susceptibles de pr\u00e9senter un int\u00e9r\u00eat scientifique ou historique.\r\nLe sens de notre d\u00e9marche \u00e9ditoriale consiste ainsi \u00e0 permettre l'acc\u00e8s \u00e0 ces oeuvres sans pour autant que nous en cautionnions en aucune fa\u00e7on le contenu.\r\n\r\nPour plus d'informations, rendez-vous sur www.hachettebnf.fr","authors":["Jean Gay"],"category_codes":["1000000","1060000","1060200"],"visuals":{"large":"https:\/\/images.epagine.fr\/900\/9782012525900_1_75.jpg","medium":"https:\/\/images.epagine.fr\/900\/9782012525900_1_m.jpg","thumbnail":"https:\/\/images.epagine.fr\/900\/9782012525900_1_v.jpg"},"orderable":true,"show_badge":true,"formatted_price":"24,00&nbsp;\u20ac","formatted_published_date":"1er mai 2012","publisher_availability_label":"Sur commande","short_details":"Jean Gay \u2014 Hachette BNF","translator":null,"weight":457,"page_count":322,"readership":null,"editor":"Hachette BNF","price":2400,"published_date":"2012-04-30T22:00:00.000000Z","support":"Grand format","publisher_availability":1,"stock":0,"editions":[],"url":"https:\/\/quaidesbrumes.com\/ouvrage\/9782012525900\/bibliographie-des-ouvrages-relatifs-a-lafrique-et-a-larabie-ed1875"},{"id":"9782738454430","title":"Revue cultures et conflits Tome 2425 : survivre : r\u00e9flexions sur la situation de chaos","description":"R\u00e9flexions sur l'action en situation de chaos. Les recherches des auteurs portent sur la r\u00e9pression en Basse Meuse au 18e si\u00e8cle, l'hyperinflation argentine, l'anarchie turque des ann\u00e9es 1970, les transformations de l'ex-arm\u00e9e sovi\u00e9tique, et pour finir, le d\u00e9sordre afghan ou la violence colombienne. Ils prennent pour point de d\u00e9part ces ph\u00e9nom\u00e8nes de d\u00e9r\u00e9gulation, de d\u00e9sorganisation, et leurs propos visent \u00e0 analyser les formes propres \u00e0 ces espaces sociaux, les types de sociabilit\u00e9 qui s'y r\u00e9v\u00e8lent. Il convient ainsi de discerner dans de tels ph\u00e9nom\u00e8nes, non pas de la pure d\u00e9sorganisation ou de la perte de sens, mais au contraire des modes sp\u00e9cifiques de surgissement et de mise en forme du social.","authors":["Gilles Bataillon"],"category_codes":["1000000","1060000","1060300"],"visuals":{"large":"https:\/\/images.epagine.fr\/430\/9782738454430_1_75.jpg","medium":"https:\/\/images.epagine.fr\/430\/9782738454430_1_m.jpg","thumbnail":"https:\/\/images.epagine.fr\/430\/9782738454430_1_v.jpg"},"orderable":true,"show_badge":true,"formatted_price":"22,50&nbsp;\u20ac","formatted_published_date":"3 mai 2000","publisher_availability_label":"Sur commande","short_details":"Gilles Bataillon \u2014 \u00c9ditions L'Harmattan","translator":null,"weight":404,"page_count":252,"readership":null,"editor":"\u00c9ditions L'Harmattan","price":2250,"published_date":"2000-05-02T22:00:00.000000Z","support":"Grand format","publisher_availability":1,"stock":0,"editions":[],"url":"https:\/\/quaidesbrumes.com\/ouvrage\/9782738454430\/revue-cultures-et-conflits-tome-2425-survivre-reflexions-sur-la-situation-de-chaos"},{"id":"9782012525917","title":"Bibliographie des principales \u00e9d. originales d'\u00e9crivains fran\u00e7ais du XVe au XVIIIe si\u00e8cle (\u00c9d.1888)","description":"Bibliographie des principales \u00e9ditions originales d'\u00e9crivains fran\u00e7ais du XVe au XVIIIe si\u00e8cle \/ par Jules Le Petit...\r\nDate de l'\u00e9dition originale : 1888\r\nSujet de l'ouvrage : \u00c9crivains fran\u00e7ais -- \u00c9ditions originales -- 1500-1800 -- Bibliographie\r\n\r\nLe pr\u00e9sent ouvrage s'inscrit dans une politique de conservation patrimoniale des ouvrages de la litt\u00e9rature Fran\u00e7aise mise en place avec la BNF.\r\nHACHETTE LIVRE et la BNF proposent ainsi un catalogue de titres indisponibles, la BNF ayant num\u00e9ris\u00e9 ces oeuvres et HACHETTE LIVRE les imprimant \u00e0 la demande.\r\nCertains de ces ouvrages refl\u00e8tent des courants de pens\u00e9e caract\u00e9ristiques de leur \u00e9poque, mais qui seraient aujourd'hui jug\u00e9s condamnables.\r\nIls n'en appartiennent pas moins \u00e0 l'histoire des id\u00e9es en France et sont susceptibles de pr\u00e9senter un int\u00e9r\u00eat scientifique ou historique.\r\nLe sens de notre d\u00e9marche \u00e9ditoriale consiste ainsi \u00e0 permettre l'acc\u00e8s \u00e0 ces oeuvres sans pour autant que nous en cautionnions en aucune fa\u00e7on le contenu.\r\n\r\nPour plus d'informations, rendez-vous sur www.hachettebnf.fr","authors":["Le Petit Jules"],"category_codes":["1000000","1060000","1060200"],"visuals":{"large":"https:\/\/images.epagine.fr\/917\/9782012525917_1_75.jpg","medium":"https:\/\/images.epagine.fr\/917\/9782012525917_1_m.jpg","thumbnail":"https:\/\/images.epagine.fr\/917\/9782012525917_1_v.jpg"},"orderable":true,"show_badge":true,"formatted_price":"33,40&nbsp;\u20ac","formatted_published_date":"1er juin 2012","publisher_availability_label":"Sur commande","short_details":"Le Petit Jules \u2014 Hachette BNF","translator":null,"weight":836,"page_count":602,"readership":null,"editor":"Hachette BNF","price":3340,"published_date":"2012-05-31T22:00:00.000000Z","support":"Grand format","publisher_availability":1,"stock":0,"editions":[],"url":"https:\/\/quaidesbrumes.com\/ouvrage\/9782012525917\/bibliographie-des-principales-ed-originales-decrivains-francais-du-xve-au-xviiie-siecle-ed1888"},{"id":"9782909535036","title":"Un s\u00e9jour \u00e0 Fresnes","description":null,"authors":["Christian Molinier"],"category_codes":["1000000","1060000","1060200"],"visuals":{"large":"https:\/\/quaidesbrumes.com\/img\/book-placeholder.png","medium":"https:\/\/quaidesbrumes.com\/img\/book-placeholder.png","thumbnail":"https:\/\/quaidesbrumes.com\/img\/book-placeholder.png"},"orderable":true,"show_badge":true,"formatted_price":"7,70&nbsp;\u20ac","formatted_published_date":"1er janvier 2000","publisher_availability_label":"Sur commande","short_details":"Christian Molinier \u2014 Anabase","translator":null,"weight":100,"page_count":null,"readership":null,"editor":"Anabase","price":770,"published_date":"1999-12-31T23:00:00.000000Z","support":"Grand format","publisher_availability":1,"stock":0,"editions":[],"url":"https:\/\/quaidesbrumes.com\/ouvrage\/9782909535036\/un-sejour-a-fresnes"},{"id":"9782019994976","title":"Acte pour la licence. Code Napol\u00e9on. De l'Interdiction et de la nomination d'un Conseil judiciaire : Proc\u00e9dure civile. De la Proc\u00e9dure du faux. Droit criminel Du Concours de plusieurs crimes ou d\u00e9lits","description":"Facult\u00e9 de droit de Toulouse. Acte public pour la licence... : [Jus romanum : Pro socio. - Code Napol\u00e9on : De l'Interdiction et de la nomination d'un Conseil judiciaire. - Proc\u00e9dure civile : De la Proc\u00e9dure du faux... - Droit criminel : Du Concours de plusieurs crimes ou d\u00e9lits et de la non cumulation des peines.] \/ soutenu par M. Tatareau (Louis), ...\r\nDate de l'\u00e9dition originale : 1858\r\nSujet de l'ouvrage : Droit -- Th\u00e8ses et \u00e9crits acad\u00e9miques -- France -- Toulouse (Haute-Garonne) -- 19e si\u00e8cle\r\nAppartient \u00e0 l'ensemble documentaire : MidiPyren1Avec mode texte\r\n\r\nLe pr\u00e9sent ouvrage s'inscrit dans une politique de conservation patrimoniale des ouvrages de la litt\u00e9rature Fran\u00e7aise mise en place avec la BNF. \r\nHACHETTE LIVRE et la BNF proposent ainsi un catalogue de titres indisponibles, la BNF ayant num\u00e9ris\u00e9 ces oeuvres et HACHETTE LIVRE les imprimant \u00e0 la demande. \r\nCertains de ces ouvrages refl\u00e8tent des courants de pens\u00e9e caract\u00e9ristiques  de leur \u00e9poque, mais qui seraient aujourd'hui jug\u00e9s condamnables. \r\nIls n'en appartiennent pas moins \u00e0 l'histoire des id\u00e9es en France et sont susceptibles de pr\u00e9senter un int\u00e9r\u00eat scientifique ou historique. \r\nLe sens de notre d\u00e9marche \u00e9ditoriale consiste ainsi \u00e0 permettre l'acc\u00e8s \u00e0 ces oeuvres sans pour autant que nous en cautionnions en aucune fa\u00e7on le contenu. \r\nPour plus d'informations, rendez-vous sur www.hachettebnf.fr","authors":["Tatareau Louis"],"category_codes":["1000000","1060000","1060200"],"visuals":{"large":"https:\/\/images.epagine.fr\/976\/9782019994976_1_75.jpg","medium":"https:\/\/images.epagine.fr\/976\/9782019994976_1_m.jpg","thumbnail":"https:\/\/images.epagine.fr\/976\/9782019994976_1_v.jpg"},"orderable":true,"show_badge":true,"formatted_price":"9,50&nbsp;\u20ac","formatted_published_date":"1er mars 2018","publisher_availability_label":"Sur commande","short_details":"Tatareau Louis \u2014 Hachette BNF","translator":null,"weight":67,"page_count":36,"readership":null,"editor":"Hachette BNF","price":950,"published_date":"2018-02-28T23:00:00.000000Z","support":"Grand format","publisher_availability":1,"stock":0,"editions":[],"url":"https:\/\/quaidesbrumes.com\/ouvrage\/9782019994976\/acte-pour-la-licence-code-napoleon-de-linterdiction-et-de-la-nomination-dun-conseil-judiciaire-procedure-civile-de-la-procedure-du-faux-droit-criminel-du-concours-de-plusieurs-crimes-ou-delits"},{"id":"9782738454249","title":"Citoyennet\u00e9 et suj\u00e9tion aux Antilles francophones","description":null,"authors":["Mickaella Perina"],"category_codes":["1000000","1060000","1060300"],"visuals":{"large":"https:\/\/images.epagine.fr\/249\/9782738454249_1_75.jpg","medium":"https:\/\/images.epagine.fr\/249\/9782738454249_1_m.jpg","thumbnail":"https:\/\/images.epagine.fr\/249\/9782738454249_1_v.jpg"},"orderable":true,"show_badge":true,"formatted_price":"21,00&nbsp;\u20ac","formatted_published_date":"3 mai 2000","publisher_availability_label":"Sur commande","short_details":"Mickaella Perina \u2014 \u00c9ditions L'Harmattan","translator":null,"weight":336,"page_count":206,"readership":null,"editor":"\u00c9ditions L'Harmattan","price":2100,"published_date":"2000-05-02T22:00:00.000000Z","support":"Grand format","publisher_availability":1,"stock":0,"editions":[],"url":"https:\/\/quaidesbrumes.com\/ouvrage\/9782738454249\/citoyennete-et-sujetion-aux-antilles-francophones"},{"id":"9782738454980","title":"Les d\u00e9fis de la s\u00e9curit\u00e9 priv\u00e9e ; protection et surveillance dans la France d'aujourd'hui","description":"Cet ouvrage montre la progression de l'industrie et du commerce des \u00e9quipements de s\u00e9curit\u00e9, des entreprises et services de protection. Il explique, par le biais de l'histoire, pourquoi la soumission du secteur priv\u00e9 aux lois du march\u00e9 ne suffit pas \u00e0 fonder sa viabilit\u00e9 \u00e9conomique. Les pouvoirs publics jouent un r\u00f4le cl\u00e9 dans la l\u00e9galisation du secteur de la s\u00e9curit\u00e9 priv\u00e9e par des proc\u00e9dures d'assainissements de ses agents les plus douteux, et par une red\u00e9finition permanente des responsabiblit\u00e9s des diff\u00e9rents agents de l'ordre, quand la jurisprudence des tribunaux ne suffit pas \u00e0 les fixer. L'industrie de la protection est de plus en plus \u00e9troitement pilot\u00e9e par les compagnies d'assurance qui incitent les assur\u00e9s \u00e0 prot\u00e9ger leurs biens contre des menaces de pr\u00e9dation au fur et \u00e0 mesure que s'intensifient les vuln\u00e9rabilit\u00e9s li\u00e9es aux fractures sociales. La croissance du commerce repose de fa\u00e7on in\u00e9dite des questions traditionnelles au sujet de la mise en oeuvre de la discipline, de l'ordre et du contr\u00f4le social. Elles obligent le citoyen \u00e0 bien mesurer la complexit\u00e9 de ces d\u00e9fis s'il entend les combattre \u00e0 bon escient.","authors":["Fr\u00e9d\u00e9ric Ocqueteau"],"category_codes":["1000000","1060000","1060300"],"visuals":{"large":"https:\/\/images.epagine.fr\/980\/9782738454980_1_75.jpg","medium":"https:\/\/images.epagine.fr\/980\/9782738454980_1_m.jpg","thumbnail":"https:\/\/images.epagine.fr\/980\/9782738454980_1_v.jpg"},"orderable":true,"show_badge":true,"formatted_price":"20,50&nbsp;\u20ac","formatted_published_date":"3 mai 2000","publisher_availability_label":"Sur commande","short_details":"Fr\u00e9d\u00e9ric Ocqueteau \u2014 \u00c9ditions L'Harmattan","translator":null,"weight":264,"page_count":192,"readership":null,"editor":"\u00c9ditions L'Harmattan","price":2050,"published_date":"2000-05-02T22:00:00.000000Z","support":"Grand format","publisher_availability":1,"stock":0,"editions":[],"url":"https:\/\/quaidesbrumes.com\/ouvrage\/9782738454980\/les-defis-de-la-securite-privee-protection-et-surveillance-dans-la-france-daujourdhui"},{"id":"9782710308072","title":"Il y a une vie apr\u00e8s la ville","description":"Ils sont des centaines, peut-\u00eatre des milliers. Ils ont quitt\u00e9 les villes et les banlieues pour s'installer au coeur des montagnes, \u00e0 des heures de marche de la route la plus proche ou dans des villages d\u00e9sert\u00e9s. Ils ont abandonn\u00e9 la course \u00e0 l'argent, \u00e0 l'ascension sociale, \u00e0 la consommation, pour redonner vie \u00e0 ces villages \u00e0 l'agonie. Ils d\u00e9frichent, cr\u00e9ent des jardins, reconstruisent les maisons, rouvrent les \u00e9coles, les mairies, les bureaux de poste... Ils acceptent de travailler dur et d'\u00eatre pauvres, mais, loin de l'agitation, de l'asphalte et du b\u00e9ton, ils d\u00e9couvrent avec passion cette denr\u00e9e qui se fait de plus en plus rare : le bonheur.","authors":["Jean-pierre Cartier","Rachel Cartier"],"category_codes":["1000000","1060000","1060300"],"visuals":{"large":"https:\/\/images.epagine.fr\/072\/9782710308072_1_75.jpg","medium":"https:\/\/images.epagine.fr\/072\/9782710308072_1_m.jpg","thumbnail":"https:\/\/images.epagine.fr\/072\/9782710308072_1_v.jpg"},"orderable":true,"show_badge":true,"formatted_price":"17,80&nbsp;\u20ac","formatted_published_date":"12 juin 1997","publisher_availability_label":"Sur commande","short_details":"Jean-pierre Cartier, Rachel Cartier \u2014 \u00c9ditions de La Table Ronde","translator":null,"weight":410,"page_count":336,"readership":null,"editor":"\u00c9ditions de La Table Ronde","price":1780,"published_date":"1997-06-11T22:00:00.000000Z","support":"Grand format","publisher_availability":1,"stock":0,"editions":[],"url":"https:\/\/quaidesbrumes.com\/ouvrage\/9782710308072\/il-y-a-une-vie-apres-la-ville"},{"id":"9782738458872","title":"Le defi des peres separes - si papa m'etait conte","description":"R\u00e9serv\u00e9, parfois honteux, l'amour paternel a souvent pris le masque de l'autorit\u00e9. Aujourd'hui pourtant les masques tombent. Hommes et femmes r\u00e9clament l'\u00e9galit\u00e9 de leurs droits respectifs. L'auteur expose les donn\u00e9es de ce nouveau d\u00e9fi que s'est lanc\u00e9 notre soci\u00e9t\u00e9. Ce d\u00e9fi est celui d'un nouveau code moral o\u00f9 le devoir de pudeur, qui fut longtemps le lot du p\u00e8re, c\u00e8de \u00e0 un droit nouveau, celui d'aimer ses enfants en toute libert\u00e9.","authors":["Philippe Veysset"],"category_codes":["9000000","9090000"],"visuals":{"large":"https:\/\/images.epagine.fr\/872\/9782738458872_1_75.jpg","medium":"https:\/\/images.epagine.fr\/872\/9782738458872_1_m.jpg","thumbnail":"https:\/\/images.epagine.fr\/872\/9782738458872_1_v.jpg"},"orderable":true,"show_badge":true,"formatted_price":"31,50&nbsp;\u20ac","formatted_published_date":"3 mai 2000","publisher_availability_label":"Sur commande","short_details":"Philippe Veysset \u2014 \u00c9ditions L'Harmattan","translator":null,"weight":436,"page_count":null,"readership":null,"editor":"\u00c9ditions L'Harmattan","price":3150,"published_date":"2000-05-02T22:00:00.000000Z","support":"Grand format","publisher_availability":1,"stock":0,"editions":[],"url":"https:\/\/quaidesbrumes.com\/ouvrage\/9782738458872\/le-defi-des-peres-separes-si-papa-metait-conte"},{"id":"9782012525931","title":"Bibliographie des soci\u00e9t\u00e9s savantes de la France (\u00c9d.1887)","description":"Bibliographie des soci\u00e9t\u00e9s savantes de la France \/ par Eug\u00e8ne Lef\u00e8vre-Pontalis,...\r\nDate de l'\u00e9dition originale : 1887\r\n\r\nLe pr\u00e9sent ouvrage s'inscrit dans une politique de conservation patrimoniale des ouvrages de la litt\u00e9rature Fran\u00e7aise mise en place avec la BNF.\r\nHACHETTE LIVRE et la BNF proposent ainsi un catalogue de titres indisponibles, la BNF ayant num\u00e9ris\u00e9 ces oeuvres et HACHETTE LIVRE les imprimant \u00e0 la demande.\r\nCertains de ces ouvrages refl\u00e8tent des courants de pens\u00e9e caract\u00e9ristiques de leur \u00e9poque, mais qui seraient aujourd'hui jug\u00e9s condamnables.\r\nIls n'en appartiennent pas moins \u00e0 l'histoire des id\u00e9es en France et sont susceptibles de pr\u00e9senter un int\u00e9r\u00eat scientifique ou historique.\r\nLe sens de notre d\u00e9marche \u00e9ditoriale consiste ainsi \u00e0 permettre l'acc\u00e8s \u00e0 ces oeuvres sans pour autant que nous en cautionnions en aucune fa\u00e7on le contenu.\r\n\r\nPour plus d'informations, rendez-vous sur www.hachettebnf.fr","authors":["Lefevre-Pontalis E."],"category_codes":["1000000","1060000","1060200"],"visuals":{"large":"https:\/\/images.epagine.fr\/931\/9782012525931_1_75.jpg","medium":"https:\/\/images.epagine.fr\/931\/9782012525931_1_m.jpg","thumbnail":"https:\/\/images.epagine.fr\/931\/9782012525931_1_v.jpg"},"orderable":true,"show_badge":true,"formatted_price":"17,50&nbsp;\u20ac","formatted_published_date":"1er avril 2012","publisher_availability_label":"Sur commande","short_details":"Lefevre-Pontalis E. \u2014 Hachette BNF","translator":null,"weight":235,"page_count":160,"readership":null,"editor":"Hachette BNF","price":1750,"published_date":"2012-03-31T22:00:00.000000Z","support":"Grand format","publisher_availability":1,"stock":0,"editions":[],"url":"https:\/\/quaidesbrumes.com\/ouvrage\/9782012525931\/bibliographie-des-societes-savantes-de-la-france-ed1887"},{"id":"9782878676549","title":"Le chiffreur du general","description":null,"authors":["Alexandre Le Gal"],"category_codes":["1000000","1060000","1060200"],"visuals":{"large":"https:\/\/quaidesbrumes.com\/img\/book-placeholder.png","medium":"https:\/\/quaidesbrumes.com\/img\/book-placeholder.png","thumbnail":"https:\/\/quaidesbrumes.com\/img\/book-placeholder.png"},"orderable":true,"show_badge":true,"formatted_price":"20,00&nbsp;\u20ac","formatted_published_date":"10 mai 2005","publisher_availability_label":"Sur commande","short_details":"Alexandre Le Gal \u2014 Presses Du Midi","translator":null,"weight":288,"page_count":null,"readership":null,"editor":"Presses Du Midi","price":2000,"published_date":"2005-05-09T22:00:00.000000Z","support":"Grand format","publisher_availability":1,"stock":0,"editions":[],"url":"https:\/\/quaidesbrumes.com\/ouvrage\/9782878676549\/le-chiffreur-du-general"},{"id":"9782012525986","title":"Bibliographie g\u00e9n\u00e9rale des Gaules (\u00c9d.1880-1886)","description":"Bibliographie g\u00e9n\u00e9rale des Gaules : r\u00e9pertoire syst\u00e9matique et alphab\u00e9tique des ouvrages, m\u00e9moires et notices concernant l'histoire, la topographie, la religion, les antiquit\u00e9s et le langage de la Gaule, jusqu'\u00e0 la fin du Ve si\u00e8cle \/ par Ch.-\u00c9mile Ruelle,...\r\nDate de l'\u00e9dition originale : 1880-1886\r\nSujet de l'ouvrage : Gaule -- Bibliographie\r\n\r\nLe pr\u00e9sent ouvrage s'inscrit dans une politique de conservation patrimoniale des ouvrages de la litt\u00e9rature Fran\u00e7aise mise en place avec la BNF.\r\nHACHETTE LIVRE et la BNF proposent ainsi un catalogue de titres indisponibles, la BNF ayant num\u00e9ris\u00e9 ces oeuvres et HACHETTE LIVRE les imprimant \u00e0 la demande.\r\nCertains de ces ouvrages refl\u00e8tent des courants de pens\u00e9e caract\u00e9ristiques de leur \u00e9poque, mais qui seraient aujourd'hui jug\u00e9s condamnables.\r\nIls n'en appartiennent pas moins \u00e0 l'histoire des id\u00e9es en France et sont susceptibles de pr\u00e9senter un int\u00e9r\u00eat scientifique ou historique.\r\nLe sens de notre d\u00e9marche \u00e9ditoriale consiste ainsi \u00e0 permettre l'acc\u00e8s \u00e0 ces oeuvres sans pour autant que nous en cautionnions en aucune fa\u00e7on le contenu.\r\n\r\nPour plus d'informations, rendez-vous sur www.hachettebnf.fr","authors":["Ruelle Charles-Emile"],"category_codes":["1000000","1060000","1060200"],"visuals":{"large":"https:\/\/images.epagine.fr\/986\/9782012525986_1_75.jpg","medium":"https:\/\/images.epagine.fr\/986\/9782012525986_1_m.jpg","thumbnail":"https:\/\/images.epagine.fr\/986\/9782012525986_1_v.jpg"},"orderable":true,"show_badge":true,"formatted_price":"44,50&nbsp;\u20ac","formatted_published_date":"1er mai 2012","publisher_availability_label":"Sur commande","short_details":"Ruelle Charles-Emile \u2014 Hachette BNF","translator":null,"weight":1230,"page_count":895,"readership":null,"editor":"Hachette BNF","price":4450,"published_date":"2012-04-30T22:00:00.000000Z","support":"Grand format","publisher_availability":1,"stock":0,"editions":[],"url":"https:\/\/quaidesbrumes.com\/ouvrage\/9782012525986\/bibliographie-generale-des-gaules-ed1880-1886"},{"id":"9782080683649","title":"M\u00e9moires d'actualit\u00e9","description":"Une carri\u00e8re qui va de l'arriv\u00e9e du franc lourd \u00e0 la g\u00e9n\u00e9ralisation de l'euro, couvrant quarante ans de batailles d\u00e9cisives pour l'\u00e9conomie et la presse fran\u00e7aises. Elle commence en province, dans le Var o\u00f9 le rythme d'activit\u00e9 reste alors celui de l'avant-guerre. Elle passe par Les \u00c9chos des parents Servan-Schreiber qui veulent les moderniser sans perdre leur client\u00e8le traditionnelle, fait un d\u00e9tour par la guerre d'Alg\u00e9rie cause d'attentisme dans tous les secteurs. Exalte \u00e0 La Vie Fran\u00e7aise la joie qu'offre aux \u00e9pargnants le retour d'une monnaie solide. Participe \u00e0 L'Express de Jean-Jacques Servan-Schreiber et Fran\u00e7oise Giroud o\u00f9 la critique se veut moderniste, mais o\u00f9 l'effervescence de Mai 68 provoque de curieux d\u00e9bats. D\u00e9couvre l'ORTF dont le morcellement commence avec la contestation estudiantine. L'agitation a un prix, celui de la d\u00e9valuation et, partout, y compris \u00e0 la t\u00e9l\u00e9vision, les rubriques \u00e9conomiques se d\u00e9veloppent. Avec l'augmentation des tirages de la presse sp\u00e9cialis\u00e9e s'ouvrent de nouvelles opportunit\u00e9s : d'abord aux \u00c9chos, puis au Nouvel \u00c9conomiste qui d\u00e9fend r\u00e9solument l'entreprise et c\u00e9l\u00e8bre ses managers exemplaires. Apr\u00e8s l'animation de r\u00e9dactions r\u00e9put\u00e9es, celle d'une organisation patronale et de ses publications, L'Institut de l'entreprise. Nouvelle occasion d'\u00e9tudier les moeurs particuli\u00e8res de la tribu des grands PDG.","authors":["Michel Tardieu"],"category_codes":["1000000","1060000","1060100"],"visuals":{"large":"https:\/\/images.epagine.fr\/649\/9782080683649_1_75.jpg","medium":"https:\/\/images.epagine.fr\/649\/9782080683649_1_m.jpg","thumbnail":"https:\/\/images.epagine.fr\/649\/9782080683649_1_v.jpg"},"orderable":true,"show_badge":true,"formatted_price":"20,30&nbsp;\u20ac","formatted_published_date":"20 mai 2003","publisher_availability_label":"Sur commande","short_details":"Michel Tardieu \u2014 Flammarion","translator":null,"weight":375,"page_count":312,"readership":null,"editor":"Flammarion","price":2030,"published_date":"2003-05-19T22:00:00.000000Z","support":"Grand format","publisher_availability":1,"stock":0,"editions":[],"url":"https:\/\/quaidesbrumes.com\/ouvrage\/9782080683649\/memoires-dactualite"},{"id":"9782012525948","title":"Bibliographie douaisienne (\u00c9d.1842-1854)","description":"Bibliographie douaisienne, ou Catalogue historique et raisonn\u00e9 des livres imprim\u00e9s \u00e0 Douai depuis l'ann\u00e9e 1563 jusqu'\u00e0 nos jours : avec des notes bibliographiques et litt\u00e9raires (Nouvelle \u00e9dition consid\u00e9rablement augment\u00e9e) \/ par H.-R. Duthilloeul,...\r\nDate de l'\u00e9dition originale : 1842-1854\r\nSujet de l'ouvrage : Imprim\u00e9s -- France -- Douai (Nord) -- BibliographieImprimerie -- France -- Douai (Nord) -- Histoire\r\n\r\nLe pr\u00e9sent ouvrage s'inscrit dans une politique de conservation patrimoniale des ouvrages de la litt\u00e9rature Fran\u00e7aise mise en place avec la BNF.\r\nHACHETTE LIVRE et la BNF proposent ainsi un catalogue de titres indisponibles, la BNF ayant num\u00e9ris\u00e9 ces oeuvres et HACHETTE LIVRE les imprimant \u00e0 la demande.\r\nCertains de ces ouvrages refl\u00e8tent des courants de pens\u00e9e caract\u00e9ristiques de leur \u00e9poque, mais qui seraient aujourd'hui jug\u00e9s condamnables.\r\nIls n'en appartiennent pas moins \u00e0 l'histoire des id\u00e9es en France et sont susceptibles de pr\u00e9senter un int\u00e9r\u00eat scientifique ou historique.\r\nLe sens de notre d\u00e9marche \u00e9ditoriale consiste ainsi \u00e0 permettre l'acc\u00e8s \u00e0 ces oeuvres sans pour autant que nous en cautionnions en aucune fa\u00e7on le contenu.\r\n\r\nPour plus d'informations, rendez-vous sur www.hachettebnf.fr","authors":["Duthilloeul H-R-J."],"category_codes":["1000000","1060000","1060200"],"visuals":{"large":"https:\/\/images.epagine.fr\/948\/9782012525948_1_75.jpg","medium":"https:\/\/images.epagine.fr\/948\/9782012525948_1_m.jpg","thumbnail":"https:\/\/images.epagine.fr\/948\/9782012525948_1_v.jpg"},"orderable":true,"show_badge":true,"formatted_price":"32,50&nbsp;\u20ac","formatted_published_date":"1er juin 2012","publisher_availability_label":"Sur commande","short_details":"Duthilloeul H-R-J. \u2014 Hachette BNF","translator":null,"weight":755,"page_count":544,"readership":null,"editor":"Hachette BNF","price":3250,"published_date":"2012-05-31T22:00:00.000000Z","support":"Grand format","publisher_availability":1,"stock":0,"editions":[],"url":"https:\/\/quaidesbrumes.com\/ouvrage\/9782012525948\/bibliographie-douaisienne-ed1842-1854"},{"id":"9782019994945","title":"Acte pour la licence. Code Napol\u00e9on. La Propri\u00e9t\u00e9 en g\u00e9n\u00e9ral. Proc\u00e9dure civile. Mati\u00e8res sommaires : Code p\u00e9nal. Des Personnes civilement responsables. Acad\u00e9mie de Toulouse. Facult\u00e9 de droit","description":"Acad\u00e9mie de Toulouse. Facult\u00e9 de droit. Acte public pour la licence... : [Jus romanum : De Personis quae obligari possunt. - Code Napol\u00e9on : De la Propri\u00e9t\u00e9 en g\u00e9n\u00e9ral... - Proc\u00e9dure civile : Mati\u00e8res sommaires. - Code p\u00e9nal : Des Personnes civilement responsables.] \/ soutenu par M. Tachard (Louis-Hilaire-Henri-Val\u00e8re), ...\r\nDate de l'\u00e9dition originale : 1854\r\nSujet de l'ouvrage : Droit -- Th\u00e8ses et \u00e9crits acad\u00e9miques -- France -- Toulouse (Haute-Garonne) -- 19e si\u00e8cle\r\nAppartient \u00e0 l'ensemble documentaire : MidiPyren1Avec mode texte\r\n\r\nLe pr\u00e9sent ouvrage s'inscrit dans une politique de conservation patrimoniale des ouvrages de la litt\u00e9rature Fran\u00e7aise mise en place avec la BNF. \r\nHACHETTE LIVRE et la BNF proposent ainsi un catalogue de titres indisponibles, la BNF ayant num\u00e9ris\u00e9 ces oeuvres et HACHETTE LIVRE les imprimant \u00e0 la demande. \r\nCertains de ces ouvrages refl\u00e8tent des courants de pens\u00e9e caract\u00e9ristiques  de leur \u00e9poque, mais qui seraient aujourd'hui jug\u00e9s condamnables. \r\nIls n'en appartiennent pas moins \u00e0 l'histoire des id\u00e9es en France et sont susceptibles de pr\u00e9senter un int\u00e9r\u00eat scientifique ou historique. \r\nLe sens de notre d\u00e9marche \u00e9ditoriale consiste ainsi \u00e0 permettre l'acc\u00e8s \u00e0 ces oeuvres sans pour autant que nous en cautionnions en aucune fa\u00e7on le contenu. \r\nPour plus d'informations, rendez-vous sur www.hachettebnf.fr","authors":["Tachard L-H-H-V."],"category_codes":["1000000","1060000","1060200"],"visuals":{"large":"https:\/\/images.epagine.fr\/945\/9782019994945_1_75.jpg","medium":"https:\/\/images.epagine.fr\/945\/9782019994945_1_m.jpg","thumbnail":"https:\/\/images.epagine.fr\/945\/9782019994945_1_v.jpg"},"orderable":true,"show_badge":true,"formatted_price":"9,50&nbsp;\u20ac","formatted_published_date":"1er mars 2018","publisher_availability_label":"Sur commande","short_details":"Tachard L-H-H-V. \u2014 Hachette BNF","translator":null,"weight":59,"page_count":28,"readership":null,"editor":"Hachette BNF","price":950,"published_date":"2018-02-28T23:00:00.000000Z","support":"Grand format","publisher_availability":1,"stock":0,"editions":[],"url":"https:\/\/quaidesbrumes.com\/ouvrage\/9782019994945\/acte-pour-la-licence-code-napoleon-la-propriete-en-general-procedure-civile-matieres-sommaires-code-penal-des-personnes-civilement-responsables-academie-de-toulouse-faculte-de-droit"}]}