{"data":[{"id":"9782915056730","title":"Tellement peur!","description":"\u00ab J'ai appris \u00e0 prendre la vie comme elle se pr\u00e9sente, jour apr\u00e8s jour. Il vaut mieux : chez moi, tout a l'air de partir en vrille. Et pourtant, je suis vivant ! Et bizarrement, heureux, m\u00eame. Comme s'il fallait avoir eu mal pour savourer de n'avoir pas mal, avoir \u00e9t\u00e9 malade pour se rendre compte qu'on va bien, fr\u00f4ler la mort pour aimer la vie... \u00bb Christophe Mangelle a 29 ans. Depuis huit ans, il lutte presque sans r\u00e9pit contre le cancer : examens, op\u00e9ration, chimio, r\u00e9mission, r\u00e9cidive... Avec toujours la m\u00eame peur, peur que \u00e7a ne s'arr\u00eate jamais, peur d'\u00eatre seul, peur de ne plus pouvoir aimer, peur de perdre son avenir, peur de causer du souci \u00e0 ses proches, tellement peur... \r\nIl a fait le pari que sa soif de vivre serait plus forte que la mort. Au plus noir de l'angoisse, il a su puiser de l'espoir dans un sourire ou dans la main tendue d'une blouse blanche. Malgr\u00e9 la douleur qui semble ne pas avoir de limite, malgr\u00e9 l'indignit\u00e9 d'\u00eatre parfois trait\u00e9 comme un \u00ab cas \u00bb et non comme un homme, malgr\u00e9 l'enfer de l'hospitalisation, Christophe n'a jamais renonc\u00e9 ni \u00e0 la vie ni \u00e0 son exceptionnelle joie de vivre.\r\nPlus qu un livre sur la maladie, ce t\u00e9moignage est une rencontre avec un jeune homme unique qui donne \u00e0 r\u00e9fl\u00e9chir sur le go\u00fbt de notre propre vie.\r","authors":["Mangelle Christophe"],"category_codes":["1000000","1060000"],"visuals":{"large":"https:\/\/images.epagine.fr\/730\/9782915056730_1_75.jpg","medium":"https:\/\/images.epagine.fr\/730\/9782915056730_1_m.jpg","thumbnail":"https:\/\/images.epagine.fr\/730\/9782915056730_1_v.jpg"},"orderable":true,"show_badge":true,"formatted_price":"18,90&nbsp;\u20ac","formatted_published_date":"11 septembre 2008","publisher_availability_label":"Sur commande","short_details":"Mangelle Christophe \u2014 Oh !","translator":null,"weight":383,"page_count":237,"readership":"Tout public","editor":"Oh !","price":1890,"published_date":"2008-09-10T22:00:00.000000Z","support":"Grand format","publisher_availability":1,"stock":0,"editions":[],"url":"https:\/\/quaidesbrumes.com\/ouvrage\/9782915056730\/tellement-peur"},{"id":"9782747517171","title":"Chronique d'un citoyen ordinaire","description":"C'est la m\u00e9moire d'un instituteur alg\u00e9rien qui nous est ici livr\u00e9e, sans tricherie sur les liens v\u00e9ritables nou\u00e9s avec l'autre colonial, au quotidien, dans la salle de cours ou ailleurs. La pr\u00e9tention est modeste, elle n'entend r\u00e9gler son compte \u00e0 personne ; elle restitue simplement, avec une probit\u00e9 inou\u00efe, empreinte de na\u00efvet\u00e9 parfois par rapport aux \u00e9v\u00e9nements, un itin\u00e9raire personnel dans lequel se trouvent m\u00eal\u00e9s un attachement aux valeurs culturelles h\u00e9rit\u00e9es des anc\u00eatres et une impr\u00e9gnation non moins d\u00e9vote de l'institution \u00e9ducative coloniale.\r","authors":["Sid ahmed Dendane"],"category_codes":["9000000","9120000","9120200"],"visuals":{"large":"https:\/\/images.epagine.fr\/171\/9782747517171_1_75.jpg","medium":"https:\/\/images.epagine.fr\/171\/9782747517171_1_m.jpg","thumbnail":"https:\/\/images.epagine.fr\/171\/9782747517171_1_v.jpg"},"orderable":true,"show_badge":true,"formatted_price":"20,00&nbsp;\u20ac","formatted_published_date":"1er novembre 2003","publisher_availability_label":"Sur commande","short_details":"Sid ahmed Dendane \u2014 \u00c9ditions L'Harmattan","translator":null,"weight":330,"page_count":234,"readership":null,"editor":"\u00c9ditions L'Harmattan","price":2000,"published_date":"2003-10-31T23:00:00.000000Z","support":"Grand format","publisher_availability":1,"stock":0,"editions":[],"url":"https:\/\/quaidesbrumes.com\/ouvrage\/9782747517171\/chronique-dun-citoyen-ordinaire"},{"id":"9782226095558","title":"Je voulais en savoir davantage","description":null,"authors":["Frank Tenot"],"category_codes":["1000000","1060000","1060100"],"visuals":{"large":"https:\/\/quaidesbrumes.com\/img\/book-placeholder.png","medium":"https:\/\/quaidesbrumes.com\/img\/book-placeholder.png","thumbnail":"https:\/\/quaidesbrumes.com\/img\/book-placeholder.png"},"orderable":true,"show_badge":true,"formatted_price":"13,20&nbsp;\u20ac","formatted_published_date":"6 novembre 1997","publisher_availability_label":"Sur commande","short_details":"Frank Tenot \u2014 Albin Michel","translator":null,"weight":302,"page_count":null,"readership":null,"editor":"Albin Michel","price":1320,"published_date":"1997-11-05T23:00:00.000000Z","support":"Grand format","publisher_availability":1,"stock":0,"editions":[],"url":"https:\/\/quaidesbrumes.com\/ouvrage\/9782226095558\/je-voulais-en-savoir-davantage"},{"id":"9782012525863","title":"Bibliographie de l'abb\u00e9 Cochet, (\u00c9d.1895)","description":"Bibliographie de l'abb\u00e9 Cochet \/ par Marcelin Blanadet ; avec une pr\u00e9face de M. l'abb\u00e9 A. Tougard,...\r\nDate de l'\u00e9dition originale : 1895\r\nComprend : Ouvrages in\u00e9dits. (Premier m\u00e9moire arch\u00e9ologique et trois sermons.)\r\n\r\nLe pr\u00e9sent ouvrage s'inscrit dans une politique de conservation patrimoniale des ouvrages de la litt\u00e9rature Fran\u00e7aise mise en place avec la BNF.\r\nHACHETTE LIVRE et la BNF proposent ainsi un catalogue de titres indisponibles, la BNF ayant num\u00e9ris\u00e9 ces oeuvres et HACHETTE LIVRE les imprimant \u00e0 la demande.\r\nCertains de ces ouvrages refl\u00e8tent des courants de pens\u00e9e caract\u00e9ristiques de leur \u00e9poque, mais qui seraient aujourd'hui jug\u00e9s condamnables.\r\nIls n'en appartiennent pas moins \u00e0 l'histoire des id\u00e9es en France et sont susceptibles de pr\u00e9senter un int\u00e9r\u00eat scientifique ou historique.\r\nLe sens de notre d\u00e9marche \u00e9ditoriale consiste ainsi \u00e0 permettre l'acc\u00e8s \u00e0 ces oeuvres sans pour autant que nous en cautionnions en aucune fa\u00e7on le contenu.\r\n\r\nPour plus d'informations, rendez-vous sur www.hachettebnf.fr","authors":["Blanadet Marcelin"],"category_codes":["1000000","1060000","1060200"],"visuals":{"large":"https:\/\/images.epagine.fr\/863\/9782012525863_1_75.jpg","medium":"https:\/\/images.epagine.fr\/863\/9782012525863_1_m.jpg","thumbnail":"https:\/\/images.epagine.fr\/863\/9782012525863_1_v.jpg"},"orderable":true,"show_badge":true,"formatted_price":"20,50&nbsp;\u20ac","formatted_published_date":"1er avril 2012","publisher_availability_label":"Sur commande","short_details":"Blanadet Marcelin \u2014 Hachette BNF","translator":null,"weight":340,"page_count":238,"readership":null,"editor":"Hachette BNF","price":2050,"published_date":"2012-03-31T22:00:00.000000Z","support":"Grand format","publisher_availability":1,"stock":0,"editions":[],"url":"https:\/\/quaidesbrumes.com\/ouvrage\/9782012525863\/bibliographie-de-labbe-cochet-ed1895"},{"id":"9782876730625","title":"Marseille","description":null,"authors":["Francine De martinoir"],"category_codes":["1000000","1060000","1060300"],"visuals":{"large":"https:\/\/quaidesbrumes.com\/img\/book-placeholder.png","medium":"https:\/\/quaidesbrumes.com\/img\/book-placeholder.png","thumbnail":"https:\/\/quaidesbrumes.com\/img\/book-placeholder.png"},"orderable":true,"show_badge":true,"formatted_price":"14,00&nbsp;\u20ac","formatted_published_date":"1er septembre 1993","publisher_availability_label":"Sur commande","short_details":"Francine De martinoir \u2014 CHAMP VALLON","translator":null,"weight":276,"page_count":null,"readership":null,"editor":"CHAMP VALLON","price":1400,"published_date":"1993-08-31T22:00:00.000000Z","support":"Grand format","publisher_availability":1,"stock":0,"editions":[],"url":"https:\/\/quaidesbrumes.com\/ouvrage\/9782876730625\/marseille"},{"id":"9782876730687","title":"Dijon","description":null,"authors":["Pascal Comm\u00e8re"],"category_codes":["1000000","1060000","1060300"],"visuals":{"large":"https:\/\/quaidesbrumes.com\/img\/book-placeholder.png","medium":"https:\/\/quaidesbrumes.com\/img\/book-placeholder.png","thumbnail":"https:\/\/quaidesbrumes.com\/img\/book-placeholder.png"},"orderable":true,"show_badge":true,"formatted_price":"14,00&nbsp;\u20ac","formatted_published_date":"1er septembre 1993","publisher_availability_label":"Sur commande","short_details":"Pascal Comm\u00e8re \u2014 CHAMP VALLON","translator":null,"weight":280,"page_count":null,"readership":null,"editor":"CHAMP VALLON","price":1400,"published_date":"1993-08-31T22:00:00.000000Z","support":"Grand format","publisher_availability":1,"stock":0,"editions":[],"url":"https:\/\/quaidesbrumes.com\/ouvrage\/9782876730687\/dijon"},{"id":"9782904972584","title":"Oser la paix","description":"Rassemble des t\u00e9moignages du monde entier sur la d\u00e9tresse des hommes les plus d\u00e9munis du monde face aux guerres qui s\u00e9vissent un peu partout.\r","authors":["Collectif"],"category_codes":["1000000","1060000","1060300"],"visuals":{"large":"https:\/\/quaidesbrumes.com\/img\/book-placeholder.png","medium":"https:\/\/quaidesbrumes.com\/img\/book-placeholder.png","thumbnail":"https:\/\/quaidesbrumes.com\/img\/book-placeholder.png"},"orderable":true,"show_badge":true,"formatted_price":"5,00&nbsp;\u20ac","formatted_published_date":"12 mars 2003","publisher_availability_label":"Sur commande","short_details":"Collectif \u2014 Quart Monde","translator":null,"weight":150,"page_count":126,"readership":null,"editor":"Quart Monde","price":500,"published_date":"2003-03-11T23:00:00.000000Z","support":"Grand format","publisher_availability":1,"stock":0,"editions":[],"url":"https:\/\/quaidesbrumes.com\/ouvrage\/9782904972584\/oser-la-paix"},{"id":"9782904972591","title":"L'espoir gronde (1956-1962) Tome 1","description":null,"authors":["Francine de La gorce"],"category_codes":["1000000","1060000","1060300"],"visuals":{"large":"https:\/\/quaidesbrumes.com\/img\/book-placeholder.png","medium":"https:\/\/quaidesbrumes.com\/img\/book-placeholder.png","thumbnail":"https:\/\/quaidesbrumes.com\/img\/book-placeholder.png"},"orderable":true,"show_badge":true,"formatted_price":"8,00&nbsp;\u20ac","formatted_published_date":"1er mars 1992","publisher_availability_label":"Sur commande","short_details":"Francine de La gorce \u2014 Quart Monde","translator":null,"weight":320,"page_count":256,"readership":null,"editor":"Quart Monde","price":800,"published_date":"1992-02-29T23:00:00.000000Z","support":"Grand format","publisher_availability":1,"stock":0,"editions":[],"url":"https:\/\/quaidesbrumes.com\/ouvrage\/9782904972591\/lespoir-gronde-1956-1962-tome-1"},{"id":"9782876731080","title":"Leipzig","description":null,"authors":["Michel Besnier"],"category_codes":["1000000","1060000"],"visuals":{"large":"https:\/\/quaidesbrumes.com\/img\/book-placeholder.png","medium":"https:\/\/quaidesbrumes.com\/img\/book-placeholder.png","thumbnail":"https:\/\/quaidesbrumes.com\/img\/book-placeholder.png"},"orderable":true,"show_badge":true,"formatted_price":"14,00&nbsp;\u20ac","formatted_published_date":"1er septembre 1993","publisher_availability_label":"Sur commande","short_details":"Michel Besnier \u2014 CHAMP VALLON","translator":null,"weight":282,"page_count":null,"readership":null,"editor":"CHAMP VALLON","price":1400,"published_date":"1993-08-31T22:00:00.000000Z","support":"Grand format","publisher_availability":1,"stock":0,"editions":[],"url":"https:\/\/quaidesbrumes.com\/ouvrage\/9782876731080\/leipzig"},{"id":"9782904972614","title":"Grandir ensemble ; parents et tout-petits","description":"Un livre sur l'\u00e9ducation des tout-petits, relatant la rencontre de familles en difficult\u00e9, de la r\u00e9gion de Reims avec une \u00e9ducatrice membre du Mouvement ATD Quart Monde, pour aider les parents \u00e0 apprendre \u00e0 \u00e9lever leurs enfants sur un plan psychologique et pratique, en d\u00e9pit des contraintes et des conditions de vie difficiles.\r","authors":["Isabelle Deligne"],"category_codes":["1000000","1060000","1060300"],"visuals":{"large":"https:\/\/quaidesbrumes.com\/img\/book-placeholder.png","medium":"https:\/\/quaidesbrumes.com\/img\/book-placeholder.png","thumbnail":"https:\/\/quaidesbrumes.com\/img\/book-placeholder.png"},"orderable":true,"show_badge":true,"formatted_price":"10,00&nbsp;\u20ac","formatted_published_date":"11 juillet 2000","publisher_availability_label":"Sur commande","short_details":"Isabelle Deligne \u2014 Quart Monde","translator":null,"weight":730,"page_count":192,"readership":null,"editor":"Quart Monde","price":1000,"published_date":"2000-07-10T22:00:00.000000Z","support":"Grand format","publisher_availability":1,"stock":0,"editions":[],"url":"https:\/\/quaidesbrumes.com\/ouvrage\/9782904972614\/grandir-ensemble-parents-et-tout-petits"},{"id":"9782904972645","title":"Un autre savoir ; \u00e0 l'\u00e9cole des plus pauvres","description":"Comment acc\u00e9der \u00e0 une r\u00e9elle connaissance de la vie et de la pens\u00e9e des plus pauvres\u00a0? Quel savoir incontournable pour l'universit\u00e9, pour la soci\u00e9t\u00e9, pour chacun de nous d\u00e9tiennent-ils\u00a0? L'auteur s'appuie sur son exp\u00e9rience pour donner des pistes.\r","authors":["Jean Lecuit"],"category_codes":["1000000","1060000","1060300"],"visuals":{"large":"https:\/\/quaidesbrumes.com\/img\/book-placeholder.png","medium":"https:\/\/quaidesbrumes.com\/img\/book-placeholder.png","thumbnail":"https:\/\/quaidesbrumes.com\/img\/book-placeholder.png"},"orderable":true,"show_badge":true,"formatted_price":"5,00&nbsp;\u20ac","formatted_published_date":"1er ao\u00fbt 1994","publisher_availability_label":"Sur commande","short_details":"Jean Lecuit \u2014 Quart Monde","translator":null,"weight":210,"page_count":292,"readership":null,"editor":"Quart Monde","price":500,"published_date":"1994-07-31T22:00:00.000000Z","support":"Poche","publisher_availability":1,"stock":0,"editions":[],"url":"https:\/\/quaidesbrumes.com\/ouvrage\/9782904972645\/un-autre-savoir-a-lecole-des-plus-pauvres"},{"id":"9782876731226","title":"Missolonghi","description":null,"authors":["Antoinette Jaume"],"category_codes":["1000000","1060000"],"visuals":{"large":"https:\/\/quaidesbrumes.com\/img\/book-placeholder.png","medium":"https:\/\/quaidesbrumes.com\/img\/book-placeholder.png","thumbnail":"https:\/\/quaidesbrumes.com\/img\/book-placeholder.png"},"orderable":true,"show_badge":true,"formatted_price":"14,00&nbsp;\u20ac","formatted_published_date":"1er septembre 1993","publisher_availability_label":"Sur commande","short_details":"Antoinette Jaume \u2014 CHAMP VALLON","translator":null,"weight":284,"page_count":null,"readership":null,"editor":"CHAMP VALLON","price":1400,"published_date":"1993-08-31T22:00:00.000000Z","support":"Grand format","publisher_availability":1,"stock":0,"editions":[],"url":"https:\/\/quaidesbrumes.com\/ouvrage\/9782876731226\/missolonghi"},{"id":"9782876732025","title":"Histoire de charlotte corday","description":"Charlotte Corday d'Armont, petite-ni\u00e8ce du grand Corneille, guillotin\u00e9e le 17 juillet 1793, \u00e0 l'\u00e2ge de vingt-cinq ans, \u00e9tait belle comme une vivante all\u00e9gorie.\r\nLamartine fut s\u00e9duit par son courage, sa fiert\u00e9, sa gr\u00e2ce. Elle lui apparut comme un ange charg\u00e9 de rendre la justice de Dieu.\r\nMais cet ange avait du sang sur les ailes. Le sang noir de Marat. Le po\u00e8te fit d'elle l'h\u00e9ro\u00efne du Livre 44 de son Histoire des Girondins, o\u00f9 il la salua comme la \" Jeanne d'Arc de la libert\u00e9 \", la \" N\u00e9m\u00e9sis antique \" et l'\" Ange de l'Assassinat \".\r","authors":["De Lamartine A."],"category_codes":["1000000","1060000"],"visuals":{"large":"https:\/\/images.epagine.fr\/025\/9782876732025_1_75.jpg","medium":"https:\/\/images.epagine.fr\/025\/9782876732025_1_m.jpg","thumbnail":"https:\/\/images.epagine.fr\/025\/9782876732025_1_v.jpg"},"orderable":true,"show_badge":true,"formatted_price":"10,00&nbsp;\u20ac","formatted_published_date":"1er janvier 1995","publisher_availability_label":"Sur commande","short_details":"De Lamartine A. \u2014 CHAMP VALLON","translator":null,"weight":136,"page_count":null,"readership":null,"editor":"CHAMP VALLON","price":1000,"published_date":"1994-12-31T23:00:00.000000Z","support":"Grand format","publisher_availability":1,"stock":0,"editions":[],"url":"https:\/\/quaidesbrumes.com\/ouvrage\/9782876732025\/histoire-de-charlotte-corday"},{"id":"9782747567824","title":"Madagascar 1947-2002 des sagaies aux ombrelles","description":"Jacques Tiersonnier, franc-comtois, est au service de Madagascar, en qualit\u00e9 de missionnaire j\u00e9suite, depuis 1936. Dans cet ouvrage il se penche sur un pass\u00e9 relativement lointain qu'il a v\u00e9cu et sur lequel, aujourd'hui, des t\u00e9moignages in\u00e9dits viennent jeter une lumi\u00e8re nouvelle qui \u00e9claire les \u00e9v\u00e9nements de 2002.\r","authors":["Jacques Tiersonnier"],"category_codes":["1000000","1060000"],"visuals":{"large":"https:\/\/images.epagine.fr\/824\/9782747567824_1_75.jpg","medium":"https:\/\/images.epagine.fr\/824\/9782747567824_1_m.jpg","thumbnail":"https:\/\/images.epagine.fr\/824\/9782747567824_1_v.jpg"},"orderable":true,"show_badge":true,"formatted_price":"30,00&nbsp;\u20ac","formatted_published_date":"1er d\u00e9cembre 2004","publisher_availability_label":"Sur commande","short_details":"Jacques Tiersonnier \u2014 \u00c9ditions L'Harmattan","translator":null,"weight":410,"page_count":298,"readership":null,"editor":"\u00c9ditions L'Harmattan","price":3000,"published_date":"2004-11-30T23:00:00.000000Z","support":"Grand format","publisher_availability":1,"stock":0,"editions":[],"url":"https:\/\/quaidesbrumes.com\/ouvrage\/9782747567824\/madagascar-1947-2002-des-sagaies-aux-ombrelles"},{"id":"9782329484488","title":"La science du maitre d'hotel cuisinier. volume 1 - avec des observations sur la connaissance et prop","description":null,"authors":["Menon"],"category_codes":["1000000","1060000"],"visuals":{"large":"https:\/\/quaidesbrumes.com\/img\/book-placeholder.png","medium":"https:\/\/quaidesbrumes.com\/img\/book-placeholder.png","thumbnail":"https:\/\/quaidesbrumes.com\/img\/book-placeholder.png"},"orderable":true,"show_badge":true,"formatted_price":"33,40&nbsp;\u20ac","formatted_published_date":"1er octobre 2020","publisher_availability_label":"Sur commande","short_details":"Menon \u2014 Hachette BNF","translator":null,"weight":828,"page_count":null,"readership":null,"editor":"Hachette BNF","price":3340,"published_date":"2020-09-30T22:00:00.000000Z","support":"Grand format","publisher_availability":1,"stock":0,"editions":[],"url":"https:\/\/quaidesbrumes.com\/ouvrage\/9782329484488\/la-science-du-maitre-dhotel-cuisinier-volume-1-avec-des-observations-sur-la-connaissance-et-prop"},{"id":"9782226174970","title":"Moi, thierry f, ch\u00f4meur professionnel","description":"Thierry F. est propri\u00e9taire d'un grand studio avec balcon et vue imprenable sur un jardin. Il poss\u00e8de une Alfa Romeo et m\u00e8ne une vie simple et agr\u00e9able. Thierry F. a 45 ans. Son m\u00e9tier ? Ch\u00f4meur professionnel indemnis\u00e9 par l'Anpe depuis vingt-deux ans. Il fait partie des 2,7 millions de demandeurs d'emploi actuellement recens\u00e9s pour lesquels l'Etat verse 10 milliards d'euros choque ann\u00e9e. Thierry F. est heureux. Il adore la France. Elle le lui rend bien... Des lettres hilarantes destin\u00e9es \u00e0 \u00e9coeurer d'\u00e9ventuels employeurs aux rendez-vous avec des agents de l'Anpe, ce t\u00e9moignage \u00e9tonnant d\u00e9voile le parcours cocasse et effrayant d'un homme allergique au monde du travail et qui profite du syst\u00e8me. Un autre regard sur \" l'exception fran\u00e7aise \". \r","authors":["F. Thierry"],"category_codes":["1000000","1060000","1060300"],"visuals":{"large":"https:\/\/images.epagine.fr\/970\/9782226174970_1_75.jpg","medium":"https:\/\/images.epagine.fr\/970\/9782226174970_1_m.jpg","thumbnail":"https:\/\/images.epagine.fr\/970\/9782226174970_1_v.jpg"},"orderable":true,"show_badge":true,"formatted_price":"15,20&nbsp;\u20ac","formatted_published_date":"4 octobre 2006","publisher_availability_label":"Sur commande","short_details":"F. Thierry \u2014 Albin Michel","translator":null,"weight":302,"page_count":187,"readership":null,"editor":"Albin Michel","price":1520,"published_date":"2006-10-03T22:00:00.000000Z","support":"Grand format","publisher_availability":1,"stock":0,"editions":[],"url":"https:\/\/quaidesbrumes.com\/ouvrage\/9782226174970\/moi-thierry-f-chomeur-professionnel"},{"id":"9782296011960","title":"Marquise ou la d\u00e9hanch\u00e9e de racine ; histoire d'une com\u00e9dienne du grand siecle","description":"Avec en arri\u00e8re-fond le sort des femmes au dix-septi\u00e8me si\u00e8cle, la vie quotidienne d'une troupe de th\u00e9\u00e2tre, l'hostilit\u00e9 de l'Eglise envers le th\u00e9\u00e2tre, le proc\u00e8s Fouquet les rivalit\u00e9s des auteurs et des sc\u00e8nes, l'auteur reconstitue, \u00e0 travers une \u00e9poque, la carri\u00e8re d'une com\u00e9dienne exceptionnelle : Marquise. Marquise-Th\u00e9r\u00e8se du Parc devient \u00e0 vingt ans, com\u00e9dienne dans la troupe de Moli\u00e8re. Quelques ann\u00e9es suffisent pour qu'elle s'impose comme l'une des meilleures actrices de sa g\u00e9n\u00e9ration.\r","authors":["Alain Couprie"],"category_codes":["1000000","1060000","1060100"],"visuals":{"large":"https:\/\/images.epagine.fr\/960\/9782296011960_1_75.jpg","medium":"https:\/\/images.epagine.fr\/960\/9782296011960_1_m.jpg","thumbnail":"https:\/\/images.epagine.fr\/960\/9782296011960_1_v.jpg"},"orderable":true,"show_badge":true,"formatted_price":"22,50&nbsp;\u20ac","formatted_published_date":"16 septembre 2006","publisher_availability_label":"Sur commande","short_details":"Alain Couprie \u2014 \u00c9ditions L'Harmattan","translator":null,"weight":260,"page_count":242,"readership":null,"editor":"\u00c9ditions L'Harmattan","price":2250,"published_date":"2006-09-15T22:00:00.000000Z","support":"Grand format","publisher_availability":1,"stock":0,"editions":[],"url":"https:\/\/quaidesbrumes.com\/ouvrage\/9782296011960\/marquise-ou-la-dehanchee-de-racine-histoire-dune-comedienne-du-grand-siecle"},{"id":"9782080674968","title":"Agatha Christie","description":"Qui n'est jamais mont\u00e9 \u00e0 bord de l'Orient-Express ou n'a pu trembler pour le neuvi\u00e8me petit n\u00e8gre ? Quel lecteur passionn\u00e9 ne s'est-il pas laiss\u00e9 prendre au pi\u00e8ge du Meurtre de Roger Ackroyd ? Autant d'\u00e9nigmes haletantes n\u00e9es de la plume d'Agatha Christie. Nul n'aurait os\u00e9 pr\u00e9dire un tel avenir \u00e0 cette jeune fille de la bonne soci\u00e9t\u00e9 anglaise, t\u00f4t mari\u00e9e \u00e0 un brillant militaire et qui se lan\u00e7a, tant par jeu que par d\u00e9fi, dans le roman policier. Trop simple pour ne pas penser que l'imagination n'\u00e9tait pas une fa\u00e7on d'\u00e9chapper au conformisme de la soci\u00e9t\u00e9 victorienne. Chaque \u00e9v\u00e9nement de sa vie est l'occasion de nourrir une intrigue. Ouvrons un \u00e0 un les chapitres de cette biographie \u00e0 suspense q\u00f9'Huguette Bouchardeau a con\u00e7ue sous la forme de rapports de police. Dates, rencontres, \u00e9v\u00e9nements marquants, depuis la mort du p\u00e8re en passant par la fameuse disparition rest\u00e9e inexpliqu\u00e9e, tout est l\u00e0. Cet \u00e9tat des lieux est \u00e9galement un tableau d\u00e9taill\u00e9 et savoureux de la soci\u00e9t\u00e9 anglaise sur plusieurs d\u00e9cennies. Il permet \u00e0 l'auteur de s'\u00e9vader avec d'autant plus de libert\u00e9 pour mettre sur la sellette celle qui fut une femme non conformiste et l'inventeur d'un genre. Une biographie n'est-elle pas, \u00e0 son tour, une enqu\u00eate ?","authors":["Huguette Bouchardeau"],"category_codes":["1000000","1060000","1060200"],"visuals":{"large":"https:\/\/images.epagine.fr\/968\/9782080674968_1_75.jpg","medium":"https:\/\/images.epagine.fr\/968\/9782080674968_1_m.jpg","thumbnail":"https:\/\/images.epagine.fr\/968\/9782080674968_1_v.jpg"},"orderable":true,"show_badge":true,"formatted_price":"17,30&nbsp;\u20ac","formatted_published_date":"11 janvier 1999","publisher_availability_label":"Sur commande","short_details":"Huguette Bouchardeau \u2014 Flammarion","translator":null,"weight":280,"page_count":288,"readership":null,"editor":"Flammarion","price":1730,"published_date":"1999-01-10T23:00:00.000000Z","support":"Grand format","publisher_availability":1,"stock":0,"editions":[],"url":"https:\/\/quaidesbrumes.com\/ouvrage\/9782080674968\/agatha-christie"},{"id":"9780008192815","title":"THE GIRL FROM ALEPPO - NUJEEN''S ESCAPE FROM WAR TO FREEDOM","description":"Nujeen has cerebral palsy and cannot walk. This did not stop her braving inconceivable odds to travel in her wheelchair from Syria in search of a new life. Nujeen recounts the details of her childhood and disability, as well as the specifics of her harrowing journey across the Mediterranean to Greece and finally to Germany to seek an education and the medical treatment she needs.\r","authors":["Christina Lamb","Nujeen Mustafa"],"category_codes":["1000000","1060000","1060100"],"visuals":{"large":"https:\/\/images.epagine.fr\/815\/9780008192815_1_75.jpg","medium":"https:\/\/images.epagine.fr\/815\/9780008192815_1_m.jpg","thumbnail":"https:\/\/images.epagine.fr\/815\/9780008192815_1_v.jpg"},"orderable":true,"show_badge":true,"formatted_price":"16,40&nbsp;\u20ac","formatted_published_date":"1er juin 2017","publisher_availability_label":"Sur commande","short_details":"Christina Lamb, Nujeen Mustafa \u2014 Harper Collins Publishers","translator":null,"weight":310,"page_count":299,"readership":null,"editor":"Harper Collins Publishers","price":1640,"published_date":"2017-05-31T22:00:00.000000Z","support":"Poche","publisher_availability":1,"stock":0,"editions":[],"url":"https:\/\/quaidesbrumes.com\/ouvrage\/9780008192815\/the-girl-from-aleppo-nujeens-escape-from-war-to-freedom"},{"id":"9782352881582","title":"Les tueurs habitent \u00e0 c\u00f4t\u00e9","description":"N\u00e9crophiles, cannibales, psychotiques, pr\u00e9dateurs sexuels, schizophr\u00e8nes, maniaques... les tueurs en s\u00e9rie incarnent toutes les d\u00e9viances. Depuis Jack L'Eventreur, ils fascinent et r\u00e9vulsent, notamment parce qu'ils ressemblent \u00e0 votre si gentil voisin ou voisine... L'histoire criminelle montre combien il est impossible de les rep\u00e9rer pr\u00e9ventivement et difficile de les arr\u00eater. Ce document brosse le portrait de dix-huit tueurs hors du commun en d\u00e9cryptant leur psychologie. A travers les r\u00e9cits de leur vie et de leur traque, le lecteur d\u00e9couvre les moyens mis en place par la police moderne afin d'arr\u00eater - toujours trop tard - ces monstres terrifiants qui pourraient fort bien habiter \u00e0 c\u00f4t\u00e9 de chez vous...\r","authors":["Bonny-A"],"category_codes":["1000000","1060000","1060300"],"visuals":{"large":"https:\/\/images.epagine.fr\/582\/9782352881582_1_75.jpg","medium":"https:\/\/images.epagine.fr\/582\/9782352881582_1_m.jpg","thumbnail":"https:\/\/images.epagine.fr\/582\/9782352881582_1_v.jpg"},"orderable":true,"show_badge":true,"formatted_price":"22,80&nbsp;\u20ac","formatted_published_date":"11 juin 2008","publisher_availability_label":"Sur commande","short_details":"Bonny-A \u2014 City \u00c9ditions","translator":null,"weight":510,"page_count":318,"readership":null,"editor":"City \u00c9ditions","price":2280,"published_date":"2008-06-10T22:00:00.000000Z","support":"Grand format","publisher_availability":1,"stock":0,"editions":[],"url":"https:\/\/quaidesbrumes.com\/ouvrage\/9782352881582\/les-tueurs-habitent-a-cote"},{"id":"9782906164178","title":"Th\u00e9ophile et Judith vont en Orient","description":"Les Gautier, p\u00e8re et fille - du romantisme \u00e0 la guerre de 1914 - c'est un si\u00e8cle de visions d'Orient. Momies et samoura\u00efs y racontent une histoire plus secr\u00e8te, moins pittoresque qu'il n'y para\u00eet d'abord...","authors":["Denise Brahimi"],"category_codes":["1000000","1060000"],"visuals":{"large":"https:\/\/images.epagine.fr\/178\/9782906164178_1_75.jpg","medium":"https:\/\/images.epagine.fr\/178\/9782906164178_1_m.jpg","thumbnail":"https:\/\/images.epagine.fr\/178\/9782906164178_1_v.jpg"},"orderable":true,"show_badge":true,"formatted_price":"21,50&nbsp;\u20ac","formatted_published_date":"26 d\u00e9cembre 2017","publisher_availability_label":"Sur commande","short_details":"Denise Brahimi \u2014 La Boite A Documents","translator":null,"weight":300,"page_count":232,"readership":null,"editor":"La Boite A Documents","price":2150,"published_date":"2017-12-25T23:00:00.000000Z","support":"Grand format","publisher_availability":1,"stock":0,"editions":[],"url":"https:\/\/quaidesbrumes.com\/ouvrage\/9782906164178\/theophile-et-judith-vont-en-orient"},{"id":"9782343086835","title":"La m\u00e9moire des disparitions en Argentine : L'histoire politique du Nunca Mas","description":"Cet ouvrage reconstitue la trajectoire du c\u00e9l\u00e8bre rapport Nunca Mas \u00e9labor\u00e9 par la Commission Nationale sur la Disparition de Personnes (CONADEP) au retour de la d\u00e9mocratie argentine, en se penchant sur les luttes men\u00e9es par divers acteurs concernant la m\u00e9moire du pass\u00e9 conflictuel et son interpr\u00e9tation. Sur la base d'entretiens l'auteur montre comment l'enqu\u00eate men\u00e9e par la Commission est parvenue \u00e0 \u00e9tablir une nouvelle v\u00e9rit\u00e9 publique sur les disparitions et ses responsables.","authors":["Emilio Crenzel"],"category_codes":["1000000","1060000"],"visuals":{"large":"https:\/\/images.epagine.fr\/835\/9782343086835_1_75.jpg","medium":"https:\/\/images.epagine.fr\/835\/9782343086835_1_m.jpg","thumbnail":"https:\/\/images.epagine.fr\/835\/9782343086835_1_v.jpg"},"orderable":true,"show_badge":true,"formatted_price":"27,00&nbsp;\u20ac","formatted_published_date":"9 mars 2016","publisher_availability_label":"Sur commande","short_details":"Emilio Crenzel \u2014 \u00c9ditions L'Harmattan","translator":null,"weight":305,"page_count":252,"readership":null,"editor":"\u00c9ditions L'Harmattan","price":2700,"published_date":"2016-03-08T23:00:00.000000Z","support":"Grand format","publisher_availability":1,"stock":0,"editions":[],"url":"https:\/\/quaidesbrumes.com\/ouvrage\/9782343086835\/la-memoire-des-disparitions-en-argentine-lhistoire-politique-du-nunca-mas"},{"id":"9782730702591","title":"Victor Hugo, po\u00e8te engag\u00e9","description":null,"authors":[],"category_codes":[],"visuals":{"large":"https:\/\/quaidesbrumes.com\/img\/book-placeholder.png","medium":"https:\/\/quaidesbrumes.com\/img\/book-placeholder.png","thumbnail":"https:\/\/quaidesbrumes.com\/img\/book-placeholder.png"},"orderable":true,"show_badge":true,"formatted_price":"19,85&nbsp;\u20ac","formatted_published_date":"1er d\u00e9cembre 2004","publisher_availability_label":"Sur commande","short_details":"La Licorne","translator":null,"weight":222,"page_count":null,"readership":null,"editor":"La Licorne","price":1985,"published_date":"2004-11-30T23:00:00.000000Z","support":"Grand format","publisher_availability":1,"stock":0,"editions":[],"url":"https:\/\/quaidesbrumes.com\/ouvrage\/9782730702591\/victor-hugo-poete-engage"},{"id":"9782220042879","title":"Charles peguy","description":"Peu d'\u00e9crivains auront souffert autant que P\u00e9guy (1873-1914) des caricatures r\u00e9cup\u00e9ratrices et des id\u00e9es re\u00e7ues.\r\nHonni par l'Action fran\u00e7aise pour son dreyfusisme et r\u00e9cus\u00e9 par les autorit\u00e9s romaines pour son christianisme \" au porche de l'Eglise \", socialiste militant mais oppos\u00e9 \u00e0 tout \" esprit de syst\u00e8me \", Charles P\u00e9guy ne cesse de nous interpeller alors m\u00eame que nous l'interpr\u00e9tons sans cesse. Il fut tout \u00e0 la fois \u00e9crivain, philosophe du temps et de la m\u00e9moire, th\u00e9ologien de la communion des saints. Ce \" m\u00e9contemporain \", toujours aussi indign\u00e9 qu'apais\u00e9, s'est engag\u00e9, par les Cahiers de la Quinzaine, \u00e0 dire \" toute la v\u00e9rit\u00e9, b\u00eatement la v\u00e9rit\u00e9 b\u00eate...\r\n\". Mais il savait, avec ses amis Juifs, que \" la mystique est la force invincible des faibles \", et il croyait, comme tous les hommes de la Bible, que \" l'Esp\u00e9rance, cette petite fille pourtant, traversera les mondes \".\r","authors":["Michel Leplay"],"category_codes":["1000000","1060000"],"visuals":{"large":"https:\/\/quaidesbrumes.com\/img\/book-placeholder.png","medium":"https:\/\/quaidesbrumes.com\/img\/book-placeholder.png","thumbnail":"https:\/\/quaidesbrumes.com\/img\/book-placeholder.png"},"orderable":true,"show_badge":true,"formatted_price":"15,20&nbsp;\u20ac","formatted_published_date":"10 septembre 1998","publisher_availability_label":"Sur commande","short_details":"Michel Leplay \u2014 Descl\u00e9e de Brouwer","translator":null,"weight":192,"page_count":201,"readership":null,"editor":"Descl\u00e9e de Brouwer","price":1520,"published_date":"1998-09-09T22:00:00.000000Z","support":"Grand format","publisher_availability":1,"stock":0,"editions":[],"url":"https:\/\/quaidesbrumes.com\/ouvrage\/9782220042879\/charles-peguy"}]}