{"data":[{"id":"9782738445704","title":"De la r\u00e9publique \u00e0 l'Etat fran\u00e7ais 1930-1940 : Le chemin de Vichy","description":null,"authors":["Jean L\u00e9vy"],"category_codes":["1000000","1060000"],"visuals":{"large":"https:\/\/images.epagine.fr\/704\/9782738445704_1_75.jpg","medium":"https:\/\/images.epagine.fr\/704\/9782738445704_1_m.jpg","thumbnail":"https:\/\/images.epagine.fr\/704\/9782738445704_1_v.jpg"},"orderable":true,"show_badge":true,"formatted_price":"26,00&nbsp;\u20ac","formatted_published_date":"30 octobre 1996","publisher_availability_label":"Sur commande","short_details":"Jean L\u00e9vy \u2014 \u00c9ditions L'Harmattan","translator":null,"weight":366,"page_count":304,"readership":null,"editor":"\u00c9ditions L'Harmattan","price":2600,"published_date":"1996-10-29T23:00:00.000000Z","support":"Grand format","publisher_availability":1,"stock":0,"editions":[],"url":"https:\/\/quaidesbrumes.com\/ouvrage\/9782738445704\/de-la-republique-a-letat-francais-1930-1940-le-chemin-de-vichy"},{"id":"9782953510508","title":"Album national pour l'emploi","description":null,"authors":["Manu"],"category_codes":["1000000","1060000","1060300"],"visuals":{"large":"https:\/\/quaidesbrumes.com\/img\/book-placeholder.png","medium":"https:\/\/quaidesbrumes.com\/img\/book-placeholder.png","thumbnail":"https:\/\/quaidesbrumes.com\/img\/book-placeholder.png"},"orderable":true,"show_badge":true,"formatted_price":"15,00&nbsp;\u20ac","formatted_published_date":"6 juillet 2010","publisher_availability_label":"Sur commande","short_details":"Manu \u2014 Picard Emmanuel","translator":null,"weight":250,"page_count":null,"readership":null,"editor":"Picard Emmanuel","price":1500,"published_date":"2010-07-05T22:00:00.000000Z","support":"Grand format","publisher_availability":1,"stock":0,"editions":[],"url":"https:\/\/quaidesbrumes.com\/ouvrage\/9782953510508\/album-national-pour-lemploi"},{"id":"9782875571052","title":"J'ai \u00e9pous\u00e9 un pr\u00eatre","description":"\u00c0 30 ans, Micheline vit une vie heureuse aux c\u00f4t\u00e9s de Julien, son mari, dont elle a 1 fils. Jusqu'au jour o\u00f9 elle croise le chemin de Jean, pr\u00eatre de sa paroisse et dont elle tombe instantan\u00e9ment et \u00e9perdument amoureuse. Enceinte de son second enfant, elle n'imagine \u00e0 aucun moment se s\u00e9parer de Julien ni de r\u00e9v\u00e9ler son amour \u00e0 Jean, de 25 ans son a\u00een\u00e9 ! Ce n'est qu'au bout de 10 ann\u00e9es de silence, et au moment de sa s\u00e9paration qu'elle ose lui avouer les sentiments qu'elle lui porte secr\u00e8tement.\r\nC'est dans la clandestinit\u00e9 que commencent leur histoire et le chemin de combattants qui les m\u00e8nera au mariage et \u00e0 l'incardination de Jean dans une autre \u00e9glise. Leur histoire d'amour, m\u00eal\u00e9e \u00e0 celles, parfois difficiles, de Micheline avec ses enfants et sa famille passera toutes les \u00e9preuves pour arriver \u00e0 oser leur r\u00eave, jusque-l\u00e0, impossible : \u00eatre mari\u00e9s et pr\u00eatres l'un et l'autre au sein de l'\u00c9glise Vieille Catholique de l'Union d'Utrecht.","authors":["Micheline Mara"],"category_codes":["1000000","1060000","1060300"],"visuals":{"large":"https:\/\/images.epagine.fr\/052\/9782875571052_1_75.jpg","medium":"https:\/\/images.epagine.fr\/052\/9782875571052_1_m.jpg","thumbnail":"https:\/\/images.epagine.fr\/052\/9782875571052_1_v.jpg"},"orderable":true,"show_badge":true,"formatted_price":"18,90&nbsp;\u20ac","formatted_published_date":"18 septembre 2014","publisher_availability_label":"Sur commande","short_details":"Micheline Mara \u2014 LA BOITE A PANDORE","translator":null,"weight":332,"page_count":264,"readership":null,"editor":"LA BOITE A PANDORE","price":1890,"published_date":"2014-09-17T22:00:00.000000Z","support":"Grand format","publisher_availability":1,"stock":0,"editions":[],"url":"https:\/\/quaidesbrumes.com\/ouvrage\/9782875571052\/jai-epouse-un-pretre"},{"id":"9782296104617","title":"Djoumessi Mathias 1900-1966 ; un chef traditionnel nationaliste, acteur de la d\u00e9colonisation et de l'ind\u00e9pendance du Cameroun","description":"Ce livre retrace les principales \u00e9tapes du parcours hors du commun de Djoumessi Mathias, qui naquit dans la r\u00e9gion bamil\u00e9k\u00e9 situ\u00e9e dans l'actuelle province de l'ouest du Cameroun autour des ann\u00e9es 1900. C'\u00e9tait une p\u00e9riode de grande mutation sociale et \u00e9conomique car elle co\u00efncidait avec l'installation des colons allemands pr\u00e9sents sur le territoire d\u00e8s 1884. Djoumessi Mathias succ\u00e9da \u00e0 son p\u00e8re \u00e0 la t\u00eate de la grande chefferie bamil\u00e9k\u00e9 : For\u00e9k\u00e9-Dschang. Il fut un des acteurs cl\u00e9s de la fondation du Cameroun contemporain.","authors":["Ga\u00ebtan martial Djoumessi","Pascal fran\u00e7ois Djoumessi"],"category_codes":["1000000","1060000","1060100"],"visuals":{"large":"https:\/\/images.epagine.fr\/617\/9782296104617_1_75.jpg","medium":"https:\/\/images.epagine.fr\/617\/9782296104617_1_m.jpg","thumbnail":"https:\/\/images.epagine.fr\/617\/9782296104617_1_v.jpg"},"orderable":true,"show_badge":true,"formatted_price":"19,00&nbsp;\u20ac","formatted_published_date":"16 d\u00e9cembre 2009","publisher_availability_label":"Sur commande","short_details":"Ga\u00ebtan martial Djoumessi, Pascal fran\u00e7ois Djoumessi \u2014 \u00c9ditions L'Harmattan","translator":null,"weight":200,"page_count":null,"readership":"Tout public","editor":"\u00c9ditions L'Harmattan","price":1900,"published_date":"2009-12-15T23:00:00.000000Z","support":"Grand format","publisher_availability":1,"stock":0,"editions":[],"url":"https:\/\/quaidesbrumes.com\/ouvrage\/9782296104617\/djoumessi-mathias-1900-1966-un-chef-traditionnel-nationaliste-acteur-de-la-decolonisation-et-de-lindependance-du-cameroun"},{"id":"9782296029569","title":"La violence scolaire ; mais o\u00f9 est pass\u00e9 l'adulte ?","description":"Dans certains \u00e9tablissements, la situation de la violence scolaire est devenue pr\u00e9occupante. Hormis les cons\u00e9quences physiques observables, les actes de violence ont un impact psychologique : ils conduisent \u00e0 l'\u00e9chec scolaire et menacent la coh\u00e9sion sociale au sein des \u00e9tablissements. Une relation \u00e9ducative bien conduite pourrait constituer un rempart contre la violence des jeunes. Cette \u00e9tude d\u00e9crit et analyse les situations auxquelles sont confront\u00e9es les enseignants et formule des propositions.","authors":["Paul Mbanzoulou"],"category_codes":["1000000","1060000","1060300"],"visuals":{"large":"https:\/\/images.epagine.fr\/569\/9782296029569_1_75.jpg","medium":"https:\/\/images.epagine.fr\/569\/9782296029569_1_m.jpg","thumbnail":"https:\/\/images.epagine.fr\/569\/9782296029569_1_v.jpg"},"orderable":true,"show_badge":true,"formatted_price":"12,50&nbsp;\u20ac","formatted_published_date":"5 mars 2007","publisher_availability_label":"Sur commande","short_details":"Paul Mbanzoulou \u2014 \u00c9ditions L'Harmattan","translator":null,"weight":120,"page_count":110,"readership":null,"editor":"\u00c9ditions L'Harmattan","price":1250,"published_date":"2007-03-04T23:00:00.000000Z","support":"Grand format","publisher_availability":1,"stock":0,"editions":[],"url":"https:\/\/quaidesbrumes.com\/ouvrage\/9782296029569\/la-violence-scolaire-mais-ou-est-passe-ladulte"},{"id":"9782747579667","title":"Cahiers de litterature francaise","description":"Une nouvelle collection para\u00eet. Elle n'a d'autre banni\u00e8re que son titre: Cahiers de litt\u00e9rature fran\u00e7aise. Elle est d\u00e9gag\u00e9e de tout a priori. Son seul principe est son objet. Elle est n\u00e9e de l'amiti\u00e9 qui unit les membres de son comit\u00e9 de r\u00e9daction, de part et d'autre des Alpes. Pour elle et gr\u00e2ce \u00e0 elle, on parlera peut-\u00eatre d'un axe franco-italien. Sa pr\u00e9histoire est celle de rencontres \u00e0 Bergame, \u00e0 Bari, \u00e0 Sant'Arcangelo, \u00e0 Bruxelles, \u00e0 Paris, entre quelques aff\u00fbteurs d'affinit\u00e9s. De leurs conversations s'est d\u00e9tach\u00e9 un projet qui a pris corps.","authors":["Collectif"],"category_codes":["1000000","1060000","1060100"],"visuals":{"large":"https:\/\/images.epagine.fr\/667\/9782747579667_1_75.jpg","medium":"https:\/\/images.epagine.fr\/667\/9782747579667_1_m.jpg","thumbnail":"https:\/\/images.epagine.fr\/667\/9782747579667_1_v.jpg"},"orderable":true,"show_badge":true,"formatted_price":"13,00&nbsp;\u20ac","formatted_published_date":"2 avril 2005","publisher_availability_label":"Sur commande","short_details":"Collectif \u2014 \u00c9ditions L'Harmattan","translator":null,"weight":300,"page_count":null,"readership":null,"editor":"\u00c9ditions L'Harmattan","price":1300,"published_date":"2005-04-01T22:00:00.000000Z","support":"Grand format","publisher_availability":1,"stock":0,"editions":[],"url":"https:\/\/quaidesbrumes.com\/ouvrage\/9782747579667\/cahiers-de-litterature-francaise"},{"id":"9782884860048","title":"Rue d'orsel","description":"Pierre Louy nous raconte, dans une succession de r\u00e9cits tragiques et joyeux, son enfance \u00e0 Paris, sa vie, ce \u00e0 quoi il croit, ce qu'il aime et ce qu'il d\u00e9teste. Son esprit d'observation, son extr\u00eame sensibilit\u00e9, sa sinc\u00e9rit\u00e9 font de ce livre une oeuvre bouleversante o\u00f9 un ami nous parle.\r\n(...) Les balayeurs sont utiles, ils ont du temps, leur d\u00e9marche est lente et rythm\u00e9e comme celle des semeurs. Si l'on s'ennuie, on peut faire semblant de s'\u00eatre perdu et on leur demande de l'aide ; ils s'arr\u00eatent, maintiennent leur balai verticalement et ils vous indiquent quelquefois deux ou trois itin\u00e9raires pour atteindre votre but. (...) Pierre Louy nous parle aussi de l'art qui est pour lui une raison de vivre : \"Ce n'est pas par go\u00fbt que je suis all\u00e9 vers le beau, mais parce qu'il m'inqui\u00e9tait\" Il nous raconte les femmes qu'il a tant aim\u00e9es : (...) Le monde des femmes me donnait beaucoup de plaisir et de d\u00e9sirs. Elles savaient peut-\u00eatre que je les regardais et elles devaient aimer mon regard d'adolescent admiratif qui ne demandait qu'\u00e0 conna\u00eetre. J'\u00e9tudiais les gestes, les odeurs, les regards de celles qui devaient donner tant de plaisir et d'amour.\r\nIl nous parle \u00e9galement de son cancer, contre lequel sa tante Victoria l'avait mis en garde : (...) Mon cancer est une certitude, il est \u00e0 moi et je n'ai plus peur ; toutes ces ann\u00e9es je l'ai attendu et il est venu l\u00e0 o\u00f9 il le fallait (...), et de sa terreur devant la souffrance.\r\nPierre Louy nous donne enfin sa vision du monde pleine d'amour et de clairvoyance ; c'est une oeuvre pleine de vie et d'humour, m\u00eame si le tragique de la condition humaine est toujours vivement ressenti.\r\nCette histoire n'a pas de fin car : (...) pourquoi faudrait-il terminer ce qui est commenc\u00e9. Les plus belles pages de la peinture et du dessin se trouvent dans le \" non finito \". (...)","authors":["Pierre Louy"],"category_codes":["1000000","1060000","1060100"],"visuals":{"large":"https:\/\/images.epagine.fr\/048\/9782884860048_1_75.jpg","medium":"https:\/\/images.epagine.fr\/048\/9782884860048_1_m.jpg","thumbnail":"https:\/\/images.epagine.fr\/048\/9782884860048_1_v.jpg"},"orderable":true,"show_badge":true,"formatted_price":"20,00&nbsp;\u20ac","formatted_published_date":"6 avril 2004","publisher_availability_label":"Sur commande","short_details":"Pierre Louy \u2014 Heron","translator":null,"weight":200,"page_count":160,"readership":null,"editor":"Heron","price":2000,"published_date":"2004-04-05T22:00:00.000000Z","support":"Grand format","publisher_availability":1,"stock":0,"editions":[],"url":"https:\/\/quaidesbrumes.com\/ouvrage\/9782884860048\/rue-dorsel"},{"id":"9782234050280","title":"Au non du p\u00e8re","description":"Au non du p\u00e8reEn ao\u00fbt 1993, je n'imaginais pas que le pire du pire \u00e9tait encore \u00e0 venir.Montand \u00e9tait mort depuis presque deux ans et, apr\u00e8s un parcours pourtant jalonn\u00e9 d'abandons, de n\u00e9gations et de trahisons, je croyais na\u00efvement avoir tout vu.Je pensais avoir touch\u00e9 le fond de la douleur et de l'indignation.Je me trompais.C'\u00e9tait compter sans le tour hideux qu'allait prendre l'\"affaire Drossart\".J'avais beaucoup dit que je n'utiliserais plus le \"je\". Qu'il n'y aurait plus d'autre r\u00e9cit autobiographique ! Je m'\u00e9tais promis de ne plus recommencer Les \u00e9v\u00e9nements m'ont amen\u00e9e \u00e0 reprendre la parole.Les errements de la Justice, peut-\u00eatre aveugl\u00e9e par la personnalit\u00e9 d'une star, et le z\u00e8le de journaux pas toujours \u00e0 scandale qui ont ouvert leurs colonnes ou leur antenne \u00e0 deux mythomanes prises de folie m\u00e9diatique, m'ont contrainte \u00e0 vous raconter cette histoire.Catherine All\u00e9gret est l'auteur de Les Souvenirs et les Regrets aussi\u00e0 (Fixot, 1994) et de L'entre deux m\u00e8res (Stock, 1997).","authors":["Catherine Allegret"],"category_codes":["1000000","1060000","1060100"],"visuals":{"large":"https:\/\/images.epagine.fr\/280\/9782234050280_1_75.jpg","medium":"https:\/\/images.epagine.fr\/280\/9782234050280_1_m.jpg","thumbnail":"https:\/\/images.epagine.fr\/280\/9782234050280_1_v.jpg"},"orderable":true,"show_badge":true,"formatted_price":"13,70&nbsp;\u20ac","formatted_published_date":"24 juin 1998","publisher_availability_label":"Sur commande","short_details":"Catherine Allegret \u2014 Stock","translator":null,"weight":174,"page_count":144,"readership":null,"editor":"Stock","price":1370,"published_date":"1998-06-23T22:00:00.000000Z","support":"Grand format","publisher_availability":1,"stock":0,"editions":[],"url":"https:\/\/quaidesbrumes.com\/ouvrage\/9782234050280\/au-non-du-pere"},{"id":"9782329485577","title":"Par la taille, un acte comique et moral, en prose et en vers, pour esjouir grands et petits","description":"Par la taille, 1 acte comique et moral, en prose et en vers, pour esjouir grands et petits \/ Alfred Jarry Date de l'\u00e9dition originale : 1906 Le pr\u00e9sent ouvrage s'inscrit dans une politique de conservation patrimoniale des ouvrages de la litt\u00e9rature Fran\u00e7aise mise en place avec la BNF. \r\nHACHETTE LIVRE et la BNF proposent ainsi un catalogue de titres indisponibles, la BNF ayant num\u00e9ris\u00e9 ces oeuvres et HACHETTE LIVRE les imprimant \u00e0 la demande. \r\nCertains de ces ouvrages refl\u00e8tent des courants de pens\u00e9e caract\u00e9ristiques de leur \u00e9poque, mais qui seraient aujourd'hui jug\u00e9s condamnables. \r\nIls n'en appartiennent pas moins \u00e0 l'histoire des id\u00e9es en France et sont susceptibles de pr\u00e9senter un int\u00e9r\u00eat scientifique ou historique. \r\nLe sens de notre d\u00e9marche \u00e9ditoriale consiste ainsi \u00e0 permettre l'acc\u00e8s \u00e0 ces oeuvres sans pour autant que nous en cautionnions en aucune fa\u00e7on le contenu. \r\nPour plus d'informations, rendez-vous sur www.hachettebnf.fr","authors":["Alfred Jarry"],"category_codes":["1000000","1060000"],"visuals":{"large":"https:\/\/quaidesbrumes.com\/img\/book-placeholder.png","medium":"https:\/\/quaidesbrumes.com\/img\/book-placeholder.png","thumbnail":"https:\/\/quaidesbrumes.com\/img\/book-placeholder.png"},"orderable":true,"show_badge":true,"formatted_price":"11,50&nbsp;\u20ac","formatted_published_date":"1er octobre 2020","publisher_availability_label":"Sur commande","short_details":"Alfred Jarry \u2014 Hachette BNF","translator":null,"weight":73,"page_count":62,"readership":null,"editor":"Hachette BNF","price":1150,"published_date":"2020-09-30T22:00:00.000000Z","support":"Grand format","publisher_availability":1,"stock":0,"editions":[],"url":"https:\/\/quaidesbrumes.com\/ouvrage\/9782329485577\/par-la-taille-un-acte-comique-et-moral-en-prose-et-en-vers-pour-esjouir-grands-et-petits"},{"id":"9782352841487","title":"San Martin par lui m\u00eame et par ses contemporains","description":"\u00ab Il n'y avait rien, il fit presque tout \u00bb : voici comment Malraux r\u00e9sume l'action du g\u00e9n\u00e9ral Jos\u00e9 de San Martin (1778-1850).\r\nLe co-lib\u00e9rateur de l'Am\u00e9rique du Sud se pr\u00e9sente ici dans sa sensibilit\u00e9 humaine et son g\u00e9nie politique \u00e0 travers quelque cent cinquante documents historiques laiss\u00e9s par les acteurs et les t\u00e9moins de ce qui fut une \u00e9pop\u00e9e r\u00e9volutionnaire.\r\nPour conqu\u00e9rir l'ind\u00e9pendance de l'Argentine, du Chili et du P\u00e9rou, San Martin fit appel aux combattants du monde entier. Ce sont leurs lettres, leurs ordres, leurs d\u00e9crets, leurs chroniques et leurs m\u00e9moires qui sont rassembl\u00e9s ici, pour la premi\u00e8re fois en France et dans leur langue originale, avec pour l'anglais et l'espagnol une traduction en vis-\u00e0-vis. Pusieurs textes fran\u00e7ais, tel ce portrait de Bolivar, r\u00e9dig\u00e9 par San martin vers1840, sont in\u00e9dits jusqu'en Argentine.\r\n\r\nD\u00e9j\u00e0 auteur aux \u00c9ditions du Jasmin de la premi\u00e8re biographie en fran\u00e7ais de ce h\u00e9ros argentin des droits de l'homme, qui avait choisi de passer en France ses derni\u00e8res ann\u00e9es, Denise Anne Clavilier nous invite \u00e0 le d\u00e9couvrir de plus pr\u00e8s.","authors":["Denise anne Clavilier"],"category_codes":["1000000","1060000","1060200"],"visuals":{"large":"https:\/\/images.epagine.fr\/487\/9782352841487_1_75.jpg","medium":"https:\/\/images.epagine.fr\/487\/9782352841487_1_m.jpg","thumbnail":"https:\/\/images.epagine.fr\/487\/9782352841487_1_v.jpg"},"orderable":true,"show_badge":true,"formatted_price":"24,90&nbsp;\u20ac","formatted_published_date":"20 mai 2014","publisher_availability_label":"Sur commande","short_details":"Denise anne Clavilier \u2014 Jasmin","translator":null,"weight":900,"page_count":384,"readership":null,"editor":"Jasmin","price":2490,"published_date":"2014-05-19T22:00:00.000000Z","support":"Grand format","publisher_availability":1,"stock":0,"editions":[],"url":"https:\/\/quaidesbrumes.com\/ouvrage\/9782352841487\/san-martin-par-lui-meme-et-par-ses-contemporains"},{"id":"9782952249102","title":"Sept x sur un bateau...sans compter le mousse","description":null,"authors":["Pecos"],"category_codes":["1000000","1060000","1060100"],"visuals":{"large":"https:\/\/quaidesbrumes.com\/img\/book-placeholder.png","medium":"https:\/\/quaidesbrumes.com\/img\/book-placeholder.png","thumbnail":"https:\/\/quaidesbrumes.com\/img\/book-placeholder.png"},"orderable":true,"show_badge":true,"formatted_price":"18,85&nbsp;\u20ac","formatted_published_date":"10 f\u00e9vrier 2005","publisher_availability_label":"Sur commande","short_details":"Pecos \u2014 Aegeus","translator":null,"weight":280,"page_count":null,"readership":null,"editor":"Aegeus","price":1885,"published_date":"2005-02-09T23:00:00.000000Z","support":"Grand format","publisher_availability":1,"stock":0,"editions":[],"url":"https:\/\/quaidesbrumes.com\/ouvrage\/9782952249102\/sept-x-sur-un-bateausans-compter-le-mousse"},{"id":"9782841350063","title":"Alphonse Daudet ; biographie","description":"En chasseur de casquettes ou meunier sans moulin, Daudet tient de l'imagerie populaire un r\u00f4le apparent\u00e9 aux santons de Provence.\r\nC'est -garantis sur facture- le charme ensoleill\u00e9, l'accent chantant et la sensibilit\u00e9 \u00e9lev\u00e9e jusqu'au rang de la po\u00e9sie m\u00eame. \r\nAuteur combl\u00e9 puisque de son vivant compar\u00e9 \u00e0 Cervant\u00e8s et Moli\u00e8re -on disait d\u00e9j\u00e0 un Delobelle, un Tartarin, tout comme un Don Quichotte ou un Tartuffe-, Daudet m\u00e9rite pourtant un autre \u00e9clairage ax\u00e9 sur les d\u00e9cors de son temps. Curieusement, tout un pan de sa vie -cependant trop courte puisqu'il est mort \u00e0 cinquante-sept ans- semble occult\u00e9 aux reflets de sa gloire.\r\n\r\nAussi convenait-il de r\u00e9tablir Daudet en plein centre de son si\u00e8cle, Daudet \u00e0 vif ou en monocle, reniflant dans un Paris sans thym, empoussi\u00e9r\u00e9 des minist\u00e8res, gai luron et bretteur, traversant la Commune en k\u00e9pi mou mais regonfl\u00e9 par le ballon de Gambetta, bref, toujours attentif \u00e0 la r\u00e9alit\u00e9 comme \u00e0 un sujet neuf.\r\nL'Alg\u00e9rie et son lion mit\u00e9, le cerveau du duc de Morny soupes\u00e9 dans un seau comme une \u00e9ponge, l'\u00e9ventail de l'imp\u00e9ratrice accord\u00e9 au rythme des chansons, autant d'images furtives qui font l'Histoire.\r\nLes t\u00e9moins s'appellent Flaubert, Goncourt, Tourgueniev, Maupassant. On parle de Dreyfus et de la bicyclette de Zola.\r\n- Daudet, disait Nadar, ce n'est qu'un oeil.\r\nPeut-on, d'un tel photographe, souhaiter meilleur \u00e9loge ? Il faut donc profiter de l'album.","authors":["Jacques Roure"],"category_codes":["1000000","1060000","1060100"],"visuals":{"large":"https:\/\/images.epagine.fr\/063\/9782841350063_1_75.jpg","medium":"https:\/\/images.epagine.fr\/063\/9782841350063_1_m.jpg","thumbnail":"https:\/\/images.epagine.fr\/063\/9782841350063_1_v.jpg"},"orderable":true,"show_badge":true,"formatted_price":"20,58&nbsp;\u20ac","formatted_published_date":"22 juillet 1999","publisher_availability_label":"Sur commande","short_details":"Jacques Roure \u2014 EQUINOXE","translator":null,"weight":0,"page_count":null,"readership":null,"editor":"EQUINOXE","price":2058,"published_date":"1999-07-21T22:00:00.000000Z","support":"Grand format","publisher_availability":1,"stock":0,"editions":[],"url":"https:\/\/quaidesbrumes.com\/ouvrage\/9782841350063\/alphonse-daudet-biographie"},{"id":"9782829003356","title":"Crapauds de  gamins ! notes d'un juge de l'enfance, 1942-1977","description":null,"authors":["Veillard Maurice \/ H"],"category_codes":["1000000","1060000","1060300"],"visuals":{"large":"https:\/\/images.epagine.fr\/356\/9782829003356_1_75.jpg","medium":"https:\/\/images.epagine.fr\/356\/9782829003356_1_m.jpg","thumbnail":"https:\/\/images.epagine.fr\/356\/9782829003356_1_v.jpg"},"orderable":true,"show_badge":true,"formatted_price":"23,00&nbsp;\u20ac","formatted_published_date":"1er avril 2007","publisher_availability_label":"Sur commande","short_details":"Veillard Maurice \/ H \u2014 D'En Bas","translator":null,"weight":418,"page_count":null,"readership":null,"editor":"D'En Bas","price":2300,"published_date":"2007-03-31T22:00:00.000000Z","support":"Grand format","publisher_availability":1,"stock":0,"editions":[],"url":"https:\/\/quaidesbrumes.com\/ouvrage\/9782829003356\/crapauds-de-gamins-notes-dun-juge-de-lenfance-1942-1977"},{"id":"9782878676822","title":"Eleonore de brunswick","description":null,"authors":["Michel Azema audouin"],"category_codes":["1000000","1060000","1060200"],"visuals":{"large":"https:\/\/quaidesbrumes.com\/img\/book-placeholder.png","medium":"https:\/\/quaidesbrumes.com\/img\/book-placeholder.png","thumbnail":"https:\/\/quaidesbrumes.com\/img\/book-placeholder.png"},"orderable":true,"show_badge":true,"formatted_price":"20,00&nbsp;\u20ac","formatted_published_date":"13 septembre 2005","publisher_availability_label":"Sur commande","short_details":"Michel Azema audouin \u2014 Presses Du Midi","translator":null,"weight":424,"page_count":null,"readership":null,"editor":"Presses Du Midi","price":2000,"published_date":"2005-09-12T22:00:00.000000Z","support":"Grand format","publisher_availability":1,"stock":0,"editions":[],"url":"https:\/\/quaidesbrumes.com\/ouvrage\/9782878676822\/eleonore-de-brunswick"},{"id":"9782908340822","title":"La ballade d'un garcon des annees trente","description":null,"authors":["Anton Roger"],"category_codes":["1000000","1060000","1060300"],"visuals":{"large":"https:\/\/quaidesbrumes.com\/img\/book-placeholder.png","medium":"https:\/\/quaidesbrumes.com\/img\/book-placeholder.png","thumbnail":"https:\/\/quaidesbrumes.com\/img\/book-placeholder.png"},"orderable":true,"show_badge":true,"formatted_price":"19,50&nbsp;\u20ac","formatted_published_date":"9 d\u00e9cembre 2009","publisher_availability_label":"Sur commande","short_details":"Anton Roger \u2014 Areopage","translator":null,"weight":350,"page_count":null,"readership":null,"editor":"Areopage","price":1950,"published_date":"2009-12-08T23:00:00.000000Z","support":"Grand format","publisher_availability":1,"stock":0,"editions":[],"url":"https:\/\/quaidesbrumes.com\/ouvrage\/9782908340822\/la-ballade-dun-garcon-des-annees-trente"},{"id":"9782329486253","title":"Aristippe, com\u00e9die lyrique en 2 actes. Th\u00e9\u00e2tre de l'Acad\u00e9mie imp\u00e9riale de musique, 24 mai 1808","description":"Aristippe, com\u00e9die lyrique en 2 actes, repr\u00e9sent\u00e9e pour la premi\u00e8re fois sur le th\u00e9\u00e2tre de l'Acad\u00e9mie imp\u00e9riale de musique, le 24 mai 1808. [Paroles de P.-F.-F.-J. Giraud.]\r\nDate de l'\u00e9dition originale : 1808\r\nLe pr\u00e9sent ouvrage s'inscrit dans une politique de conservation patrimoniale des ouvrages de la litt\u00e9rature Fran\u00e7aise mise en place avec la BNF. \r\nHACHETTE LIVRE et la BNF proposent ainsi un catalogue de titres indisponibles, la BNF ayant num\u00e9ris\u00e9 ces oeuvres et HACHETTE LIVRE les imprimant \u00e0 la demande. \r\nCertains de ces ouvrages refl\u00e8tent des courants de pens\u00e9e caract\u00e9ristiques de leur \u00e9poque, mais qui seraient aujourd'hui jug\u00e9s condamnables. \r\nIls n'en appartiennent pas moins \u00e0 l'histoire des id\u00e9es en France et sont susceptibles de pr\u00e9senter un int\u00e9r\u00eat scientifique ou historique. \r\nLe sens de notre d\u00e9marche \u00e9ditoriale consiste ainsi \u00e0 permettre l'acc\u00e8s \u00e0 ces oeuvres sans pour autant que nous en cautionnions en aucune fa\u00e7on le contenu. \r\nPour plus d'informations, rendez-vous sur www.hachettebnf.fr","authors":["Pierre-fran\u00e7ois-f\u00e9lix-joseph Giraud"],"category_codes":["1000000","1060000"],"visuals":{"large":"https:\/\/quaidesbrumes.com\/img\/book-placeholder.png","medium":"https:\/\/quaidesbrumes.com\/img\/book-placeholder.png","thumbnail":"https:\/\/quaidesbrumes.com\/img\/book-placeholder.png"},"orderable":true,"show_badge":true,"formatted_price":"10,90&nbsp;\u20ac","formatted_published_date":"1er octobre 2020","publisher_availability_label":"Sur commande","short_details":"Pierre-fran\u00e7ois-f\u00e9lix-joseph Giraud \u2014 Hachette BNF","translator":null,"weight":81,"page_count":44,"readership":null,"editor":"Hachette BNF","price":1090,"published_date":"2020-09-30T22:00:00.000000Z","support":"Grand format","publisher_availability":1,"stock":0,"editions":[],"url":"https:\/\/quaidesbrumes.com\/ouvrage\/9782329486253\/aristippe-comedie-lyrique-en-2-actes-theatre-de-lacademie-imperiale-de-musique-24-mai-1808"},{"id":"9782329486246","title":"Le Carnaval du Parnasse, ballet h\u00e9ro\u00efque. Acad\u00e9mie royale de musique, Paris, 23 septembre 1749","description":"Le Carnaval du Parnasse, ballet h\u00e9ro\u00efque... [Paroles de L. Fuzelier, musique de Mondonville.] [Paris, Acad\u00e9mie royale de musique, 23 septembre 1749.]\r\nDate de l'\u00e9dition originale : 1750\r\nLe pr\u00e9sent ouvrage s'inscrit dans une politique de conservation patrimoniale des ouvrages de la litt\u00e9rature Fran\u00e7aise mise en place avec la BNF. \r\nHACHETTE LIVRE et la BNF proposent ainsi un catalogue de titres indisponibles, la BNF ayant num\u00e9ris\u00e9 ces oeuvres et HACHETTE LIVRE les imprimant \u00e0 la demande. \r\nCertains de ces ouvrages refl\u00e8tent des courants de pens\u00e9e caract\u00e9ristiques de leur \u00e9poque, mais qui seraient aujourd'hui jug\u00e9s condamnables. \r\nIls n'en appartiennent pas moins \u00e0 l'histoire des id\u00e9es en France et sont susceptibles de pr\u00e9senter un int\u00e9r\u00eat scientifique ou historique. \r\nLe sens de notre d\u00e9marche \u00e9ditoriale consiste ainsi \u00e0 permettre l'acc\u00e8s \u00e0 ces oeuvres sans pour autant que nous en cautionnions en aucune fa\u00e7on le contenu. \r\nPour plus d'informations, rendez-vous sur www.hachettebnf.fr","authors":["Louis Fuzelier"],"category_codes":["1000000","1060000"],"visuals":{"large":"https:\/\/quaidesbrumes.com\/img\/book-placeholder.png","medium":"https:\/\/quaidesbrumes.com\/img\/book-placeholder.png","thumbnail":"https:\/\/quaidesbrumes.com\/img\/book-placeholder.png"},"orderable":true,"show_badge":true,"formatted_price":"10,90&nbsp;\u20ac","formatted_published_date":"1er octobre 2020","publisher_availability_label":"Sur commande","short_details":"Louis Fuzelier \u2014 Hachette BNF","translator":null,"weight":86,"page_count":48,"readership":null,"editor":"Hachette BNF","price":1090,"published_date":"2020-09-30T22:00:00.000000Z","support":"Grand format","publisher_availability":1,"stock":0,"editions":[],"url":"https:\/\/quaidesbrumes.com\/ouvrage\/9782329486246\/le-carnaval-du-parnasse-ballet-heroique-academie-royale-de-musique-paris-23-septembre-1749"},{"id":"9782013464499","title":"Droit romain. code napoleon. procedure civile. droit criminel","description":"Facult\u00e9 de droit de Toulouse. Th\u00e8se pour la licence... par M. Aim\u00e9 Vieu,... Droit romain : Des Codicilles. - Code Napol\u00e9on : Du Mariage. - Proc\u00e9dure civile : De la V\u00e9rification des \u00e9critures. - Droit criminel, Aper\u00e7u sur l'histoire de la l\u00e9gislation criminelle fran\u00e7aise depuis les Codes de 1808 et 1810 jusqu'\u00e0 nos jours Date de l'\u00e9dition originale : 1850 Ce livre est la reproduction fid\u00e8le d'une oeuvre publi\u00e9e avant 1920 et fait partie d'une collection de livres r\u00e9imprim\u00e9s \u00e0 la demande \u00e9dit\u00e9e par Hachette Livre, dans le cadre d'un partenariat avec la Biblioth\u00e8que nationale de France, offrant l'opportunit\u00e9 d'acc\u00e9der \u00e0 des ouvrages anciens et souvent rares issus des fonds patrimoniaux de la BnF.\r\nLes oeuvres faisant partie de cette collection ont \u00e9t\u00e9 num\u00e9ris\u00e9es par la BnF et sont pr\u00e9sentes sur Gallica, sa biblioth\u00e8que num\u00e9rique.\r\n\r\nEn entreprenant de redonner vie \u00e0 ces ouvrages au travers d'une collection de livres r\u00e9imprim\u00e9s \u00e0 la demande, nous leur donnons la possibilit\u00e9 de rencontrer un public \u00e9largi et participons \u00e0 la transmission de connaissances et de savoirs parfois difficilement accessibles.\r\nNous avons cherch\u00e9 \u00e0 concilier la reproduction fid\u00e8le d'un livre ancien \u00e0 partir de sa version num\u00e9ris\u00e9e avec le souci d'un confort de lecture optimal. Nous esp\u00e9rons que les ouvrages de cette nouvelle collection vous apporteront enti\u00e8re satisfaction.\r\n\r\nPour plus d'informations, rendez-vous sur www.hachettebnf.fr","authors":["Vieu"],"category_codes":["1000000","1060000","1060200"],"visuals":{"large":"https:\/\/images.epagine.fr\/499\/9782013464499_1_75.jpg","medium":"https:\/\/images.epagine.fr\/499\/9782013464499_1_m.jpg","thumbnail":"https:\/\/images.epagine.fr\/499\/9782013464499_1_v.jpg"},"orderable":true,"show_badge":true,"formatted_price":"11,50&nbsp;\u20ac","formatted_published_date":"1er octobre 2014","publisher_availability_label":"Sur commande","short_details":"Vieu \u2014 Hachette BNF","translator":null,"weight":99,"page_count":null,"readership":null,"editor":"Hachette BNF","price":1150,"published_date":"2014-09-30T22:00:00.000000Z","support":"Grand format","publisher_availability":1,"stock":0,"editions":[],"url":"https:\/\/quaidesbrumes.com\/ouvrage\/9782013464499\/droit-romain-code-napoleon-procedure-civile-droit-criminel"},{"id":"9782851571175","title":"Yves tanguy druide surrealiste","description":null,"authors":["Morgane-Tanguy G."],"category_codes":["1000000","1060000"],"visuals":{"large":"https:\/\/images.epagine.fr\/175\/9782851571175_1_75.jpg","medium":"https:\/\/images.epagine.fr\/175\/9782851571175_1_m.jpg","thumbnail":"https:\/\/images.epagine.fr\/175\/9782851571175_1_v.jpg"},"orderable":true,"show_badge":true,"formatted_price":"18,00&nbsp;\u20ac","formatted_published_date":"1er janvier 1990","publisher_availability_label":"Sur commande","short_details":"Morgane-Tanguy G. \u2014 Fernand Lanore","translator":null,"weight":465,"page_count":null,"readership":null,"editor":"Fernand Lanore","price":1800,"published_date":"1989-12-31T23:00:00.000000Z","support":"Grand format","publisher_availability":1,"stock":0,"editions":[],"url":"https:\/\/quaidesbrumes.com\/ouvrage\/9782851571175\/yves-tanguy-druide-surrealiste"},{"id":"9782013464543","title":"Hommage a la memoire de mme la bonne de stael, en forme de reflexions","description":"Hommage \u00e0 la m\u00e9moire de Mme la Bonne de Sta\u00ebl, en forme de r\u00e9flexions... sur ses \u00e9crits, par J.-B. Forsse,...\r\nDate de l'\u00e9dition originale : 1818 Ce livre est la reproduction fid\u00e8le d'une oeuvre publi\u00e9e avant 1920 et fait partie d'une collection de livres r\u00e9imprim\u00e9s \u00e0 la demande \u00e9dit\u00e9e par Hachette Livre, dans le cadre d'un partenariat avec la Biblioth\u00e8que nationale de France, offrant l'opportunit\u00e9 d'acc\u00e9der \u00e0 des ouvrages anciens et souvent rares issus des fonds patrimoniaux de la BnF.\r\nLes oeuvres faisant partie de cette collection ont \u00e9t\u00e9 num\u00e9ris\u00e9es par la BnF et sont pr\u00e9sentes sur Gallica, sa biblioth\u00e8que num\u00e9rique.\r\n\r\nEn entreprenant de redonner vie \u00e0 ces ouvrages au travers d'une collection de livres r\u00e9imprim\u00e9s \u00e0 la demande, nous leur donnons la possibilit\u00e9 de rencontrer un public \u00e9largi et participons \u00e0 la transmission de connaissances et de savoirs parfois difficilement accessibles.\r\nNous avons cherch\u00e9 \u00e0 concilier la reproduction fid\u00e8le d'un livre ancien \u00e0 partir de sa version num\u00e9ris\u00e9e avec le souci d'un confort de lecture optimal. Nous esp\u00e9rons que les ouvrages de cette nouvelle collection vous apporteront enti\u00e8re satisfaction.\r\n\r\nPour plus d'informations, rendez-vous sur www.hachettebnf.fr","authors":["Forsse J"],"category_codes":["1000000","1060000","1060200"],"visuals":{"large":"https:\/\/images.epagine.fr\/543\/9782013464543_1_75.jpg","medium":"https:\/\/images.epagine.fr\/543\/9782013464543_1_m.jpg","thumbnail":"https:\/\/images.epagine.fr\/543\/9782013464543_1_v.jpg"},"orderable":true,"show_badge":true,"formatted_price":"9,50&nbsp;\u20ac","formatted_published_date":"1er octobre 2014","publisher_availability_label":"Sur commande","short_details":"Forsse J \u2014 Hachette BNF","translator":null,"weight":54,"page_count":null,"readership":null,"editor":"Hachette BNF","price":950,"published_date":"2014-09-30T22:00:00.000000Z","support":"Grand format","publisher_availability":1,"stock":0,"editions":[],"url":"https:\/\/quaidesbrumes.com\/ouvrage\/9782013464543\/hommage-a-la-memoire-de-mme-la-bonne-de-stael-en-forme-de-reflexions"},{"id":"9782296011434","title":"Henri Raymond, paroles d'un sociologue ; vers une histoire architecturale de la soci\u00e9t\u00e9","description":"Cette succession d'entretiens avec Henri Raymond permet de suivre un itin\u00e9raire intellectuel vers une histoire architecturale et urbaine de la soci\u00e9t\u00e9. Tout en retra\u00e7ant les \u00e9tapes marquantes de la vie de ce penseur repr\u00e9sentatif de la sociologie urbaine fran\u00e7aise, ce recueil entend restituer toute l'\u00e9paisseur d'une personnalit\u00e9 faisant fi des conventions et du langage acad\u00e9mique. Ce livre permet de renouer avec les profondes r\u00e9flexions qui ont aliment\u00e9 les enseignements du sociologue, notamment en Sorbonne, \u00e0 Paris et Nanterre, \u00e0 l'\u00e9cole d'architecture de Paris Belleville.","authors":["Jean-pierre Frey"],"category_codes":["1000000","1060000","1060100"],"visuals":{"large":"https:\/\/images.epagine.fr\/434\/9782296011434_1_75.jpg","medium":"https:\/\/images.epagine.fr\/434\/9782296011434_1_m.jpg","thumbnail":"https:\/\/images.epagine.fr\/434\/9782296011434_1_v.jpg"},"orderable":true,"show_badge":true,"formatted_price":"25,00&nbsp;\u20ac","formatted_published_date":"15 septembre 2006","publisher_availability_label":"Sur commande","short_details":"Jean-pierre Frey \u2014 \u00c9ditions L'Harmattan","translator":null,"weight":350,"page_count":276,"readership":null,"editor":"\u00c9ditions L'Harmattan","price":2500,"published_date":"2006-09-14T22:00:00.000000Z","support":"Grand format","publisher_availability":1,"stock":0,"editions":[],"url":"https:\/\/quaidesbrumes.com\/ouvrage\/9782296011434\/henri-raymond-paroles-dun-sociologue-vers-une-histoire-architecturale-de-la-societe"},{"id":"9782019995157","title":"Th\u00e8se pour le doctorat. Du Pr\u00eat \u00e0 la grosse en droit romain : Du Contrat d'assurances terrestres en droit fran\u00e7ais","description":"Du Pr\u00eat \u00e0 la grosse en droit romain ; Du Contrat d'assurances terrestres en droit fran\u00e7ais : th\u00e8se pour le doctorat... \/ par M. Alfred Gay,...\r\nDate de l'\u00e9dition originale : 1868\r\nSujet de l'ouvrage : Droit -- Th\u00e8ses et \u00e9crits acad\u00e9miques -- France -- Toulouse (Haute-Garonne) -- 19e si\u00e8cle\r\nAppartient \u00e0 l'ensemble documentaire : MidiPyren1Contient une table des mati\u00e8resAvec mode texte\r\n\r\nLe pr\u00e9sent ouvrage s'inscrit dans une politique de conservation patrimoniale des ouvrages de la litt\u00e9rature Fran\u00e7aise mise en place avec la BNF. \r\nHACHETTE LIVRE et la BNF proposent ainsi un catalogue de titres indisponibles, la BNF ayant num\u00e9ris\u00e9 ces oeuvres et HACHETTE LIVRE les imprimant \u00e0 la demande. \r\nCertains de ces ouvrages refl\u00e8tent des courants de pens\u00e9e caract\u00e9ristiques  de leur \u00e9poque, mais qui seraient aujourd'hui jug\u00e9s condamnables. \r\nIls n'en appartiennent pas moins \u00e0 l'histoire des id\u00e9es en France et sont susceptibles de pr\u00e9senter un int\u00e9r\u00eat scientifique ou historique. \r\nLe sens de notre d\u00e9marche \u00e9ditoriale consiste ainsi \u00e0 permettre l'acc\u00e8s \u00e0 ces oeuvres sans pour autant que nous en cautionnions en aucune fa\u00e7on le contenu. \r\nPour plus d'informations, rendez-vous sur www.hachettebnf.fr","authors":["Gay Alfred"],"category_codes":["1000000","1060000","1060200"],"visuals":{"large":"https:\/\/images.epagine.fr\/157\/9782019995157_1_75.jpg","medium":"https:\/\/images.epagine.fr\/157\/9782019995157_1_m.jpg","thumbnail":"https:\/\/images.epagine.fr\/157\/9782019995157_1_v.jpg"},"orderable":true,"show_badge":true,"formatted_price":"18,00&nbsp;\u20ac","formatted_published_date":"1er mars 2018","publisher_availability_label":"Sur commande","short_details":"Gay Alfred \u2014 Hachette BNF","translator":null,"weight":262,"page_count":178,"readership":null,"editor":"Hachette BNF","price":1800,"published_date":"2018-02-28T23:00:00.000000Z","support":"Grand format","publisher_availability":1,"stock":0,"editions":[],"url":"https:\/\/quaidesbrumes.com\/ouvrage\/9782019995157\/these-pour-le-doctorat-du-pret-a-la-grosse-en-droit-romain-du-contrat-dassurances-terrestres-en-droit-francais"},{"id":"9782866451431","title":"La femme bilboquet - biographie de mauricia de thiers","description":null,"authors":["Alain Woodrow"],"category_codes":["1000000","1060000","1060200"],"visuals":{"large":"https:\/\/quaidesbrumes.com\/img\/book-placeholder.png","medium":"https:\/\/quaidesbrumes.com\/img\/book-placeholder.png","thumbnail":"https:\/\/quaidesbrumes.com\/img\/book-placeholder.png"},"orderable":true,"show_badge":true,"formatted_price":"20,87&nbsp;\u20ac","formatted_published_date":"13 mai 1993","publisher_availability_label":"Sur commande","short_details":"Alain Woodrow \u2014 F\u00e9lin","translator":null,"weight":327,"page_count":null,"readership":null,"editor":"F\u00e9lin","price":2087,"published_date":"1993-05-12T22:00:00.000000Z","support":"Grand format","publisher_availability":1,"stock":0,"editions":[],"url":"https:\/\/quaidesbrumes.com\/ouvrage\/9782866451431\/la-femme-bilboquet-biographie-de-mauricia-de-thiers"},{"id":"9782019480769","title":"Catalogue de la biblioth\u00e8que de M. Ernest Renan","description":"Catalogue de la biblioth\u00e8que de M. Ernest Renan\r\nDate de l'\u00e9dition originale : 1895\r\nSujet de l'ouvrage : Renan, Ernest (1823-1892) -- Biblioth\u00e8que -- Catalogues\r\n\r\nLe pr\u00e9sent ouvrage s'inscrit dans une politique de conservation patrimoniale des ouvrages de la litt\u00e9rature Fran\u00e7aise mise en place avec la BNF. \r\nHACHETTE LIVRE et la BNF proposent ainsi un catalogue de titres indisponibles, la BNF ayant num\u00e9ris\u00e9 ces oeuvres et HACHETTE LIVRE les imprimant \u00e0 la demande. \r\nCertains de ces ouvrages refl\u00e8tent des courants de pens\u00e9e caract\u00e9ristiques  de leur \u00e9poque, mais qui seraient aujourd'hui jug\u00e9s condamnables. \r\nIls n'en appartiennent pas moins \u00e0 l'histoire des id\u00e9es en France et sont susceptibles de pr\u00e9senter un int\u00e9r\u00eat scientifique ou historique. \r\nLe sens de notre d\u00e9marche \u00e9ditoriale consiste ainsi \u00e0 permettre l'acc\u00e8s \u00e0 ces oeuvres sans pour autant que nous en cautionnions en aucune fa\u00e7on le contenu. \r\nPour plus d'informations, rendez-vous sur www.hachettebnf.fr","authors":["Calmann Levy"],"category_codes":["1000000","1060000"],"visuals":{"large":"https:\/\/images.epagine.fr\/769\/9782019480769_1_75.jpg","medium":"https:\/\/images.epagine.fr\/769\/9782019480769_1_m.jpg","thumbnail":"https:\/\/images.epagine.fr\/769\/9782019480769_1_v.jpg"},"orderable":true,"show_badge":true,"formatted_price":"31,50&nbsp;\u20ac","formatted_published_date":"1er mars 2018","publisher_availability_label":"Sur commande","short_details":"Calmann Levy \u2014 Hachette BNF","translator":null,"weight":719,"page_count":526,"readership":null,"editor":"Hachette BNF","price":3150,"published_date":"2018-02-28T23:00:00.000000Z","support":"Grand format","publisher_availability":1,"stock":0,"editions":[],"url":"https:\/\/quaidesbrumes.com\/ouvrage\/9782019480769\/catalogue-de-la-bibliotheque-de-m-ernest-renan"}]}