{"data":[{"id":"9782878673999","title":"Afin qu'un jour ils sachent","description":null,"authors":["Yves Palierne"],"category_codes":["1000000","1060000","1060100"],"visuals":{"large":"https:\/\/quaidesbrumes.com\/img\/book-placeholder.png","medium":"https:\/\/quaidesbrumes.com\/img\/book-placeholder.png","thumbnail":"https:\/\/quaidesbrumes.com\/img\/book-placeholder.png"},"orderable":true,"show_badge":true,"formatted_price":"19,00&nbsp;\u20ac","formatted_published_date":"26 juin 2002","publisher_availability_label":"Sur commande","short_details":"Yves Palierne \u2014 Presses Du Midi","translator":null,"weight":438,"page_count":null,"readership":null,"editor":"Presses Du Midi","price":1900,"published_date":"2002-06-25T22:00:00.000000Z","support":"Grand format","publisher_availability":1,"stock":0,"editions":[],"url":"https:\/\/quaidesbrumes.com\/ouvrage\/9782878673999\/afin-quun-jour-ils-sachent"},{"id":"9782738400918","title":"Am\u00e9riques sans visa ; r\u00e9cits et reportages d'Am\u00e9rique latine","description":null,"authors":["Pierre Gras"],"category_codes":["1000000","1060000","1060300"],"visuals":{"large":"https:\/\/images.epagine.fr\/918\/9782738400918_1_75.jpg","medium":"https:\/\/images.epagine.fr\/918\/9782738400918_1_m.jpg","thumbnail":"https:\/\/images.epagine.fr\/918\/9782738400918_1_v.jpg"},"orderable":true,"show_badge":true,"formatted_price":"13,00&nbsp;\u20ac","formatted_published_date":"1er janvier 1988","publisher_availability_label":"Sur commande","short_details":"Pierre Gras \u2014 \u00c9ditions L'Harmattan","translator":null,"weight":192,"page_count":null,"readership":null,"editor":"\u00c9ditions L'Harmattan","price":1300,"published_date":"1987-12-31T23:00:00.000000Z","support":"Grand format","publisher_availability":1,"stock":0,"editions":[],"url":"https:\/\/quaidesbrumes.com\/ouvrage\/9782738400918\/ameriques-sans-visa-recits-et-reportages-damerique-latine"},{"id":"9782738401113","title":"Le pain de l'exil - un journalier andalou en france","description":null,"authors":["Guy Geoffroy"],"category_codes":["1000000","1010000"],"visuals":{"large":"https:\/\/images.epagine.fr\/113\/9782738401113_1_75.jpg","medium":"https:\/\/images.epagine.fr\/113\/9782738401113_1_m.jpg","thumbnail":"https:\/\/images.epagine.fr\/113\/9782738401113_1_v.jpg"},"orderable":true,"show_badge":true,"formatted_price":"16,50&nbsp;\u20ac","formatted_published_date":"1er janvier 1988","publisher_availability_label":"Sur commande","short_details":"Guy Geoffroy \u2014 \u00c9ditions L'Harmattan","translator":null,"weight":278,"page_count":null,"readership":null,"editor":"\u00c9ditions L'Harmattan","price":1650,"published_date":"1987-12-31T23:00:00.000000Z","support":"Grand format","publisher_availability":1,"stock":0,"editions":[],"url":"https:\/\/quaidesbrumes.com\/ouvrage\/9782738401113\/le-pain-de-lexil-un-journalier-andalou-en-france"},{"id":"9782738401236","title":"Les tunisiens de france - une forte concentration parisienne","description":"Le travail de Salah Rimani permet de d\u00e9passer la repr\u00e9sentation globale et indiff\u00e9renci\u00e9e que l'on se fait des immigr\u00e9s maghr\u00e9bins, voire des Tunisiens eux-m\u00eames. En effet, les Tunisiens de Paris, tout en \u00e9tant implant\u00e9s comme les Alg\u00e9riens et les Marocains dans les arrondissements les plus ouvriers de la capitale (le quart Nord-Est), sont surrepr\u00e9sent\u00e9s dans les plus centraux de ces arrondissements. Tout comme les autres immigr\u00e9s maghr\u00e9bins, les Tunisiens sont majoritairement des hommes occupant des emplois peu qualifi\u00e9s dans l'Industrie, mais, par contre, ils sont beaucoup plus fr\u00e9quemment repr\u00e9sent\u00e9s dans les Services (en particulier, restauration, h\u00f4tellerie et commerces d'alimentation de d\u00e9tail). Des diff\u00e9rences, \u00e9galement, selon qu'ils se sont install\u00e9s \u00e0 Paris ou dans d'autres r\u00e9gions, notamment dans le Sud-Est (la seconde zone d'implantation des Tunisiens), ou encore, selon la zone de provenance. Salah Rimani d\u00e9crit, donc, ses compatriotes - les Tunisiens de Paris - en utilisant les techniques du g\u00e9ographe et du d\u00e9mographe, compl\u00e9t\u00e9es par de nombreuses enqu\u00eates.\r","authors":["Salah Rimani"],"category_codes":["9000000","9120000","9120300","9120306"],"visuals":{"large":"https:\/\/images.epagine.fr\/236\/9782738401236_1_75.jpg","medium":"https:\/\/images.epagine.fr\/236\/9782738401236_1_m.jpg","thumbnail":"https:\/\/images.epagine.fr\/236\/9782738401236_1_v.jpg"},"orderable":true,"show_badge":true,"formatted_price":"15,50&nbsp;\u20ac","formatted_published_date":"3 mai 2000","publisher_availability_label":"Sur commande","short_details":"Salah Rimani \u2014 \u00c9ditions L'Harmattan","translator":null,"weight":208,"page_count":null,"readership":null,"editor":"\u00c9ditions L'Harmattan","price":1550,"published_date":"2000-05-02T22:00:00.000000Z","support":"Grand format","publisher_availability":1,"stock":0,"editions":[],"url":"https:\/\/quaidesbrumes.com\/ouvrage\/9782738401236\/les-tunisiens-de-france-une-forte-concentration-parisienne"},{"id":"9782730702577","title":"Remede et l'apparence","description":null,"authors":["Pierre Hamel"],"category_codes":["1000000","1060000","1060100"],"visuals":{"large":"https:\/\/quaidesbrumes.com\/img\/book-placeholder.png","medium":"https:\/\/quaidesbrumes.com\/img\/book-placeholder.png","thumbnail":"https:\/\/quaidesbrumes.com\/img\/book-placeholder.png"},"orderable":true,"show_badge":true,"formatted_price":"12,70&nbsp;\u20ac","formatted_published_date":"1er d\u00e9cembre 2004","publisher_availability_label":"Sur commande","short_details":"Pierre Hamel \u2014 \u00c9ditions L'Harmattan","translator":null,"weight":266,"page_count":null,"readership":null,"editor":"\u00c9ditions L'Harmattan","price":1270,"published_date":"2004-11-30T23:00:00.000000Z","support":"Grand format","publisher_availability":1,"stock":0,"editions":[],"url":"https:\/\/quaidesbrumes.com\/ouvrage\/9782730702577\/remede-et-lapparence"},{"id":"9782738401762","title":"J'etais le numero 20832 a auschwitz","description":"Eva Tichauer est n\u00e9e \u00e0 Berlin \u00e0 la fin de la guerre de 1914\/1918 dans une famille juive et socialiste. Elle est en deuxi\u00e8me ann\u00e9e de m\u00e9decine, lorsque qu'\u00e9clate la guerre en 1939 et son encha\u00eenement fatal : l'exode jusqu'\u00e0 la fronti\u00e8re espagnole, le retour \u00e0 Paris dans un appartement d\u00e9j\u00e0 visit\u00e9 par la Gestapo, l'interruption des \u00e9tudes. Le p\u00e8re est arr\u00eat\u00e9 en 1941, la m\u00e8re et la fille sont victimes de la rafle du Vel. d'Hiv. Apr\u00e8s Drancy c'est la d\u00e9portation \u00e0 Auschwitz. De sa famille elle sera la seule \u00e0 remonter de cet enfer.\r","authors":["Eva Tichauer"],"category_codes":["1000000","1060000"],"visuals":{"large":"https:\/\/images.epagine.fr\/762\/9782738401762_1_75.jpg","medium":"https:\/\/images.epagine.fr\/762\/9782738401762_1_m.jpg","thumbnail":"https:\/\/images.epagine.fr\/762\/9782738401762_1_v.jpg"},"orderable":true,"show_badge":true,"formatted_price":"18,50&nbsp;\u20ac","formatted_published_date":"1er juin 1992","publisher_availability_label":"Sur commande","short_details":"Eva Tichauer \u2014 \u00c9ditions L'Harmattan","translator":null,"weight":252,"page_count":null,"readership":null,"editor":"\u00c9ditions L'Harmattan","price":1850,"published_date":"1992-05-31T22:00:00.000000Z","support":"Grand format","publisher_availability":1,"stock":0,"editions":[],"url":"https:\/\/quaidesbrumes.com\/ouvrage\/9782738401762\/jetais-le-numero-20832-a-auschwitz"},{"id":"9782913916036","title":"Ebullition","description":null,"authors":["Barbara Grinberg"],"category_codes":["1000000","1060000","1060300"],"visuals":{"large":"https:\/\/quaidesbrumes.com\/img\/book-placeholder.png","medium":"https:\/\/quaidesbrumes.com\/img\/book-placeholder.png","thumbnail":"https:\/\/quaidesbrumes.com\/img\/book-placeholder.png"},"orderable":true,"show_badge":true,"formatted_price":"15,00&nbsp;\u20ac","formatted_published_date":"17 septembre 2001","publisher_availability_label":"Sur commande","short_details":"Barbara Grinberg \u2014 Du Toit","translator":null,"weight":333,"page_count":320,"readership":null,"editor":"Du Toit","price":1500,"published_date":"2001-09-16T22:00:00.000000Z","support":"Grand format","publisher_availability":1,"stock":0,"editions":[],"url":"https:\/\/quaidesbrumes.com\/ouvrage\/9782913916036\/ebullition"},{"id":"9782738406521","title":"Et le voile se d\u00e9chire","description":null,"authors":["Paul Gauthier"],"category_codes":["1000000","1060000","1060100"],"visuals":{"large":"https:\/\/images.epagine.fr\/521\/9782738406521_1_75.jpg","medium":"https:\/\/images.epagine.fr\/521\/9782738406521_1_m.jpg","thumbnail":"https:\/\/images.epagine.fr\/521\/9782738406521_1_v.jpg"},"orderable":true,"show_badge":true,"formatted_price":"19,00&nbsp;\u20ac","formatted_published_date":"1er janvier 1990","publisher_availability_label":"Sur commande","short_details":"Paul Gauthier \u2014 \u00c9ditions L'Harmattan","translator":null,"weight":300,"page_count":null,"readership":null,"editor":"\u00c9ditions L'Harmattan","price":1900,"published_date":"1989-12-31T23:00:00.000000Z","support":"Grand format","publisher_availability":1,"stock":0,"editions":[],"url":"https:\/\/quaidesbrumes.com\/ouvrage\/9782738406521\/et-le-voile-se-dechire"},{"id":"9782738407726","title":"Fetes et ceremonies royales au cambodge d'hier","description":null,"authors":["Fuchs Paul"],"category_codes":["1000000","1060000"],"visuals":{"large":"https:\/\/images.epagine.fr\/726\/9782738407726_1_75.jpg","medium":"https:\/\/images.epagine.fr\/726\/9782738407726_1_m.jpg","thumbnail":"https:\/\/images.epagine.fr\/726\/9782738407726_1_v.jpg"},"orderable":true,"show_badge":true,"formatted_price":"15,50&nbsp;\u20ac","formatted_published_date":"3 mai 2000","publisher_availability_label":"Sur commande","short_details":"Fuchs Paul \u2014 \u00c9ditions L'Harmattan","translator":null,"weight":252,"page_count":null,"readership":null,"editor":"\u00c9ditions L'Harmattan","price":1550,"published_date":"2000-05-02T22:00:00.000000Z","support":"Grand format","publisher_availability":1,"stock":0,"editions":[],"url":"https:\/\/quaidesbrumes.com\/ouvrage\/9782738407726\/fetes-et-ceremonies-royales-au-cambodge-dhier"},{"id":"9782711303854","title":"Deuil d'amour","description":null,"authors":[],"category_codes":["1000000","1060000","1060300"],"visuals":{"large":"https:\/\/quaidesbrumes.com\/img\/book-placeholder.png","medium":"https:\/\/quaidesbrumes.com\/img\/book-placeholder.png","thumbnail":"https:\/\/quaidesbrumes.com\/img\/book-placeholder.png"},"orderable":true,"show_badge":true,"formatted_price":"18,30&nbsp;\u20ac","formatted_published_date":"1er d\u00e9cembre 2004","publisher_availability_label":"Sur commande","short_details":"\u00c9ditions L'Harmattan","translator":null,"weight":352,"page_count":null,"readership":null,"editor":"\u00c9ditions L'Harmattan","price":1830,"published_date":"2004-11-30T23:00:00.000000Z","support":"Grand format","publisher_availability":1,"stock":0,"editions":[],"url":"https:\/\/quaidesbrumes.com\/ouvrage\/9782711303854\/deuil-damour"},{"id":"9782738410924","title":"Sida : une triple menace pour les femmes","description":null,"authors":["Collectif"],"category_codes":["9000000","9120000","9120300","9120301"],"visuals":{"large":"https:\/\/images.epagine.fr\/924\/9782738410924_1_75.jpg","medium":"https:\/\/images.epagine.fr\/924\/9782738410924_1_m.jpg","thumbnail":"https:\/\/images.epagine.fr\/924\/9782738410924_1_v.jpg"},"orderable":true,"show_badge":true,"formatted_price":"15,50&nbsp;\u20ac","formatted_published_date":"3 mai 2000","publisher_availability_label":"Sur commande","short_details":"Collectif \u2014 \u00c9ditions L'Harmattan","translator":null,"weight":226,"page_count":null,"readership":null,"editor":"\u00c9ditions L'Harmattan","price":1550,"published_date":"2000-05-02T22:00:00.000000Z","support":"Grand format","publisher_availability":1,"stock":0,"editions":[],"url":"https:\/\/quaidesbrumes.com\/ouvrage\/9782738410924\/sida-une-triple-menace-pour-les-femmes"},{"id":"9782738410979","title":"Le sport dans la societe - entre raison(s) et passion(s)","description":"Le sport, forme de confrontation r\u00e9gl\u00e9e sur le mode comp\u00e9titif, est devenu une pratique de loisir et de sant\u00e9 pour un grand nombre d'individus de g\u00e9n\u00e9rations et de conditions diverses.\r\nMise en sc\u00e8ne \u00e0 grand spectacle, il est aussi occasion de rencontres de la vie quotidienne. Moyen privil\u00e9gi\u00e9 de l'\u00e9ducation physique dans les \u00e9coles, il peut \u00eatre parfois le th\u00e9\u00e2tre d'expressions d\u00e9r\u00e9gl\u00e9es de la violence. Dans cette diff\u00e9renciation des formes de pratiques physiques, que nous d\u00e9signons commun\u00e9ment comme \" sportives \", quelles sont les logiques sociales \u00e0 l'oeuvre ? Avec quels acteurs dans la soci\u00e9t\u00e9 fran\u00e7aise de la seconde partie du XXe si\u00e8cle ? Autour de quels enjeux ? Telles sont les interrogations \u00e0 l'origine de cet ouvrage.\r\nLes r\u00e9ponses apport\u00e9es cherchent \u00e0 prendre en compte, \u00e0 la fois les conditions structurelles ayant favoris\u00e9 l'extension des activit\u00e9s physiques et la multiplicit\u00e9 des actions dans la production de l'\u00e9ducation physique, du sport de comp\u00e9tition, des activit\u00e9s physiques ludiques et de sant\u00e9, des spectacles sportifs.\r","authors":["Michel Jamet"],"category_codes":["6000000","6040000","6040900"],"visuals":{"large":"https:\/\/images.epagine.fr\/979\/9782738410979_1_75.jpg","medium":"https:\/\/images.epagine.fr\/979\/9782738410979_1_m.jpg","thumbnail":"https:\/\/images.epagine.fr\/979\/9782738410979_1_v.jpg"},"orderable":true,"show_badge":true,"formatted_price":"22,50&nbsp;\u20ac","formatted_published_date":"16 octobre 1991","publisher_availability_label":"Sur commande","short_details":"Michel Jamet \u2014 \u00c9ditions L'Harmattan","translator":null,"weight":314,"page_count":null,"readership":null,"editor":"\u00c9ditions L'Harmattan","price":2250,"published_date":"1991-10-15T23:00:00.000000Z","support":"Grand format","publisher_availability":1,"stock":0,"editions":[],"url":"https:\/\/quaidesbrumes.com\/ouvrage\/9782738410979\/le-sport-dans-la-societe-entre-raisons-et-passions"},{"id":"9782738414298","title":"Les loubards : Une approche anthropologique","description":null,"authors":["Jean-yves Barreyre"],"category_codes":["6000000","6040000","6040900"],"visuals":{"large":"https:\/\/images.epagine.fr\/298\/9782738414298_1_75.jpg","medium":"https:\/\/images.epagine.fr\/298\/9782738414298_1_m.jpg","thumbnail":"https:\/\/images.epagine.fr\/298\/9782738414298_1_v.jpg"},"orderable":true,"show_badge":true,"formatted_price":"15,50&nbsp;\u20ac","formatted_published_date":"3 mai 2000","publisher_availability_label":"Sur commande","short_details":"Jean-yves Barreyre \u2014 \u00c9ditions L'Harmattan","translator":null,"weight":224,"page_count":117,"readership":null,"editor":"\u00c9ditions L'Harmattan","price":1550,"published_date":"2000-05-02T22:00:00.000000Z","support":"Grand format","publisher_availability":1,"stock":0,"editions":[],"url":"https:\/\/quaidesbrumes.com\/ouvrage\/9782738414298\/les-loubards-une-approche-anthropologique"},{"id":"9782738414441","title":"Les tournants du xxeme siecle - progres et regressions","description":null,"authors":["Robert Bonnaud"],"category_codes":["1000000","1060000"],"visuals":{"large":"https:\/\/images.epagine.fr\/441\/9782738414441_1_75.jpg","medium":"https:\/\/images.epagine.fr\/441\/9782738414441_1_m.jpg","thumbnail":"https:\/\/images.epagine.fr\/441\/9782738414441_1_v.jpg"},"orderable":true,"show_badge":true,"formatted_price":"24,00&nbsp;\u20ac","formatted_published_date":"3 mai 2000","publisher_availability_label":"Sur commande","short_details":"Robert Bonnaud \u2014 \u00c9ditions L'Harmattan","translator":null,"weight":410,"page_count":null,"readership":null,"editor":"\u00c9ditions L'Harmattan","price":2400,"published_date":"2000-05-02T22:00:00.000000Z","support":"Grand format","publisher_availability":1,"stock":0,"editions":[],"url":"https:\/\/quaidesbrumes.com\/ouvrage\/9782738414441\/les-tournants-du-xxeme-siecle-progres-et-regressions"},{"id":"9782738414502","title":"Souleymane le gu\u00e9risseur ou le pouvoir des plantes","description":null,"authors":["Yves Soubrillard"],"category_codes":["1000000","1060000","1060100"],"visuals":{"large":"https:\/\/images.epagine.fr\/502\/9782738414502_1_75.jpg","medium":"https:\/\/images.epagine.fr\/502\/9782738414502_1_m.jpg","thumbnail":"https:\/\/images.epagine.fr\/502\/9782738414502_1_v.jpg"},"orderable":true,"show_badge":true,"formatted_price":"14,50&nbsp;\u20ac","formatted_published_date":"11 juillet 2000","publisher_availability_label":"Sur commande","short_details":"Yves Soubrillard \u2014 \u00c9ditions L'Harmattan","translator":null,"weight":186,"page_count":null,"readership":null,"editor":"\u00c9ditions L'Harmattan","price":1450,"published_date":"2000-07-10T22:00:00.000000Z","support":"Grand format","publisher_availability":1,"stock":0,"editions":[],"url":"https:\/\/quaidesbrumes.com\/ouvrage\/9782738414502\/souleymane-le-guerisseur-ou-le-pouvoir-des-plantes"},{"id":"9782738415318","title":"Sida et politique - les premiers affrontements (1981-1987)","description":null,"authors":["Pierre Favre"],"category_codes":["9000000","9110000","9110200","9110204"],"visuals":{"large":"https:\/\/images.epagine.fr\/318\/9782738415318_1_75.jpg","medium":"https:\/\/images.epagine.fr\/318\/9782738415318_1_m.jpg","thumbnail":"https:\/\/images.epagine.fr\/318\/9782738415318_1_v.jpg"},"orderable":true,"show_badge":true,"formatted_price":"19,00&nbsp;\u20ac","formatted_published_date":"3 mai 2000","publisher_availability_label":"Sur commande","short_details":"Pierre Favre \u2014 \u00c9ditions L'Harmattan","translator":null,"weight":256,"page_count":null,"readership":null,"editor":"\u00c9ditions L'Harmattan","price":1900,"published_date":"2000-05-02T22:00:00.000000Z","support":"Grand format","publisher_availability":1,"stock":0,"editions":[],"url":"https:\/\/quaidesbrumes.com\/ouvrage\/9782738415318\/sida-et-politique-les-premiers-affrontements-1981-1987"},{"id":"9782343014753","title":"Famille et parentalit\u00e9 en Afrique \u00e0 l'heure des mutations soci\u00e9tales","description":"Dans la plupart des cultures africaines, la famille constitue le socle sur lequel se fondent tout le v\u00e9cu et toute l'existence de l'homme africain. Mais la famille et la parentalit\u00e9 en Afrique vivent aujourd'hui un glissement vers un autre type de famille qu'on pourrait appeler \"famille nucl\u00e9aire stricte\". L'auteur analyse et approfondit les v\u00e9ritables raisons qui causent ces bouleversements socio-culturels et politico-\u00e9conomiques.\r","authors":["Koffi Martin Yao"],"category_codes":["1000000","1060000","1060300"],"visuals":{"large":"https:\/\/images.epagine.fr\/753\/9782343014753_1_75.jpg","medium":"https:\/\/images.epagine.fr\/753\/9782343014753_1_m.jpg","thumbnail":"https:\/\/images.epagine.fr\/753\/9782343014753_1_v.jpg"},"orderable":true,"show_badge":true,"formatted_price":"31,50&nbsp;\u20ac","formatted_published_date":"26 septembre 2014","publisher_availability_label":"Sur commande","short_details":"Koffi Martin Yao \u2014 \u00c9ditions L'Harmattan","translator":null,"weight":430,"page_count":276,"readership":null,"editor":"\u00c9ditions L'Harmattan","price":3150,"published_date":"2014-09-25T22:00:00.000000Z","support":"Grand format","publisher_availability":1,"stock":0,"editions":[],"url":"https:\/\/quaidesbrumes.com\/ouvrage\/9782343014753\/famille-et-parentalite-en-afrique-a-lheure-des-mutations-societales"},{"id":"9782738416292","title":"Mon chemin avec le flnks","description":null,"authors":["Jean-lou Vivier"],"category_codes":["1000000","1060000","1060100"],"visuals":{"large":"https:\/\/images.epagine.fr\/292\/9782738416292_1_75.jpg","medium":"https:\/\/images.epagine.fr\/292\/9782738416292_1_m.jpg","thumbnail":"https:\/\/images.epagine.fr\/292\/9782738416292_1_v.jpg"},"orderable":true,"show_badge":true,"formatted_price":"13,00&nbsp;\u20ac","formatted_published_date":"16 octobre 1991","publisher_availability_label":"Sur commande","short_details":"Jean-lou Vivier \u2014 \u00c9ditions L'Harmattan","translator":null,"weight":185,"page_count":null,"readership":null,"editor":"\u00c9ditions L'Harmattan","price":1300,"published_date":"1991-10-15T23:00:00.000000Z","support":"Grand format","publisher_availability":1,"stock":0,"editions":[],"url":"https:\/\/quaidesbrumes.com\/ouvrage\/9782738416292\/mon-chemin-avec-le-flnks"},{"id":"9782747580090","title":"Ma\u00eetre Wade et l'alternance ; le r\u00eave bris\u00e9 du Sopi","description":"\"Le S\u00e9n\u00e9gal attend un vrai Sopi, un vrai changement et non un Sopi en demi-teinte.\"Je suis d\u00e9\u00e7u aujourd'hui, \u00e0 la lumi\u00e8re des \u00e9v\u00e9nements qui se d\u00e9roulent sous nos yeux depuis le 19 mars 2000, de la gouvernance lib\u00e9rale et je tiens \u00e0 rendre publiques les raisons de cette profonde d\u00e9ception.Ce livre est l'expression d'un d\u00e9senchantement, celui du t\u00e9moin vigilant qu'a \u00e9t\u00e9 son auteur, celui aussi de millions de ses compatriotes.\r","authors":["Mody Niang"],"category_codes":["1000000","1060000","1060300"],"visuals":{"large":"https:\/\/images.epagine.fr\/090\/9782747580090_1_75.jpg","medium":"https:\/\/images.epagine.fr\/090\/9782747580090_1_m.jpg","thumbnail":"https:\/\/images.epagine.fr\/090\/9782747580090_1_v.jpg"},"orderable":true,"show_badge":true,"formatted_price":"21,50&nbsp;\u20ac","formatted_published_date":"2 avril 2005","publisher_availability_label":"Sur commande","short_details":"Mody Niang \u2014 \u00c9ditions L'Harmattan","translator":null,"weight":330,"page_count":224,"readership":null,"editor":"\u00c9ditions L'Harmattan","price":2150,"published_date":"2005-04-01T22:00:00.000000Z","support":"Grand format","publisher_availability":1,"stock":0,"editions":[],"url":"https:\/\/quaidesbrumes.com\/ouvrage\/9782747580090\/maitre-wade-et-lalternance-le-reve-brise-du-sopi"},{"id":"9782738417053","title":"Apog\u00e9e et d\u00e9clin de la modernit\u00e9 ; regards sur les ann\u00e9es 60","description":null,"authors":["Gilles Bousquet"],"category_codes":["1000000","1060000","1060300"],"visuals":{"large":"https:\/\/images.epagine.fr\/053\/9782738417053_1_75.jpg","medium":"https:\/\/images.epagine.fr\/053\/9782738417053_1_m.jpg","thumbnail":"https:\/\/images.epagine.fr\/053\/9782738417053_1_v.jpg"},"orderable":true,"show_badge":true,"formatted_price":"24,00&nbsp;\u20ac","formatted_published_date":"1er f\u00e9vrier 1992","publisher_availability_label":"Sur commande","short_details":"Gilles Bousquet \u2014 \u00c9ditions L'Harmattan","translator":null,"weight":350,"page_count":null,"readership":null,"editor":"\u00c9ditions L'Harmattan","price":2400,"published_date":"1992-01-31T23:00:00.000000Z","support":"Grand format","publisher_availability":1,"stock":0,"editions":[],"url":"https:\/\/quaidesbrumes.com\/ouvrage\/9782738417053\/apogee-et-declin-de-la-modernite-regards-sur-les-annees-60"},{"id":"9782738418036","title":"La f\u00e9odale ; Majorine \u00e0 la Martinique","description":null,"authors":["Clothilde g. Themia"],"category_codes":["1000000","1060000","1060200"],"visuals":{"large":"https:\/\/images.epagine.fr\/036\/9782738418036_1_75.jpg","medium":"https:\/\/images.epagine.fr\/036\/9782738418036_1_m.jpg","thumbnail":"https:\/\/images.epagine.fr\/036\/9782738418036_1_v.jpg"},"orderable":true,"show_badge":true,"formatted_price":"13,00&nbsp;\u20ac","formatted_published_date":"3 mai 2000","publisher_availability_label":"Sur commande","short_details":"Clothilde g. Themia \u2014 \u00c9ditions L'Harmattan","translator":null,"weight":196,"page_count":150,"readership":null,"editor":"\u00c9ditions L'Harmattan","price":1300,"published_date":"2000-05-02T22:00:00.000000Z","support":"Grand format","publisher_availability":1,"stock":0,"editions":[],"url":"https:\/\/quaidesbrumes.com\/ouvrage\/9782738418036\/la-feodale-majorine-a-la-martinique"},{"id":"9782738419484","title":"Sos banlieues","description":"V\u00e9nissieux, Vaulx-en-Velin, Mantes-la-Jolie, Sartrouville : explosion de la d\u00e9linquance, urbanisme d\u00e9lirant, drogue, insalubrit\u00e9 ... Un malaise profond s'est install\u00e9 dans nos banlieues \u00e0 la faveur des ann\u00e9es du socialisme. La gauche au pouvoir a pourtant fait de la \"Politique de la Ville\" son cheval de bataille. Depuis 1981, elle s'active \u00e0 ravaler les fa\u00e7ades des banlieues, \u00e0 soigner la communication de la \"g\u00e9n\u00e9ration Mitterrand\" sur le th\u00e9\u00e2tre urbain. Mais sa politique d'anesth\u00e9sie sociale se solde aujourd'hui par un \u00e9chec sur toute la ligne.","authors":["Eric Raoult"],"category_codes":["1000000","1060000","1060300"],"visuals":{"large":"https:\/\/images.epagine.fr\/484\/9782738419484_1_75.jpg","medium":"https:\/\/images.epagine.fr\/484\/9782738419484_1_m.jpg","thumbnail":"https:\/\/images.epagine.fr\/484\/9782738419484_1_v.jpg"},"orderable":true,"show_badge":true,"formatted_price":"13,50&nbsp;\u20ac","formatted_published_date":"3 mai 2000","publisher_availability_label":"Sur commande","short_details":"Eric Raoult \u2014 \u00c9ditions L'Harmattan","translator":null,"weight":304,"page_count":216,"readership":null,"editor":"\u00c9ditions L'Harmattan","price":1350,"published_date":"2000-05-02T22:00:00.000000Z","support":"Grand format","publisher_availability":1,"stock":0,"editions":[],"url":"https:\/\/quaidesbrumes.com\/ouvrage\/9782738419484\/sos-banlieues"},{"id":"9782738422958","title":"C\u00e9line : Ecrivain","description":null,"authors":["Anne Henry"],"category_codes":["9000000","9070000","9070200"],"visuals":{"large":"https:\/\/images.epagine.fr\/958\/9782738422958_1_75.jpg","medium":"https:\/\/images.epagine.fr\/958\/9782738422958_1_m.jpg","thumbnail":"https:\/\/images.epagine.fr\/958\/9782738422958_1_v.jpg"},"orderable":true,"show_badge":true,"formatted_price":"26,00&nbsp;\u20ac","formatted_published_date":"3 mai 2000","publisher_availability_label":"Sur commande","short_details":"Anne Henry \u2014 \u00c9ditions L'Harmattan","translator":null,"weight":352,"page_count":286,"readership":null,"editor":"\u00c9ditions L'Harmattan","price":2600,"published_date":"2000-05-02T22:00:00.000000Z","support":"Grand format","publisher_availability":1,"stock":0,"editions":[],"url":"https:\/\/quaidesbrumes.com\/ouvrage\/9782738422958\/celine-ecrivain"},{"id":"9782738423931","title":"Accords perdus","description":"Un corps meurtri, bafou\u00e9. Une grande  amiti\u00e9 bris\u00e9e par un acte barbare. Une  vengeance terrible. Des sc\u00e8nes d'une grande  force visuelle. Des personnages hauts en  couleur. Un pasteur, le R\u00e9v\u00e9rend Peter  Nightingale entra\u00eene Marie, la jeune h\u00e9ro\u00efne,  dans une s\u00e9rie d'aventures picaresques et  dr\u00f4les. Une vision d\u00e9capante de la religion. Des  \u00e9changes entre une m\u00e8re et une fille dans le  paroxysme de l'amour et de la haine. Une  histoire burlesque et tragique dans laquelle  l'auteur s'interroge sur ce qu'est une femme.","authors":["Gis\u00e8le Coscas"],"category_codes":["1000000","1010000"],"visuals":{"large":"https:\/\/images.epagine.fr\/931\/9782738423931_1_75.jpg","medium":"https:\/\/images.epagine.fr\/931\/9782738423931_1_m.jpg","thumbnail":"https:\/\/images.epagine.fr\/931\/9782738423931_1_v.jpg"},"orderable":true,"show_badge":true,"formatted_price":"14,50&nbsp;\u20ac","formatted_published_date":"3 mai 2000","publisher_availability_label":"Sur commande","short_details":"Gis\u00e8le Coscas \u2014 \u00c9ditions L'Harmattan","translator":null,"weight":240,"page_count":192,"readership":null,"editor":"\u00c9ditions L'Harmattan","price":1450,"published_date":"2000-05-02T22:00:00.000000Z","support":"Grand format","publisher_availability":1,"stock":0,"editions":[],"url":"https:\/\/quaidesbrumes.com\/ouvrage\/9782738423931\/accords-perdus"}]}