{"data":[{"id":"9782843737787","title":"Anet (le roman d'). les amours de diane de poitiers","description":null,"authors":["Jose Germain"],"category_codes":["1000000","1060000","1060100"],"visuals":{"large":"https:\/\/quaidesbrumes.com\/img\/book-placeholder.png","medium":"https:\/\/quaidesbrumes.com\/img\/book-placeholder.png","thumbnail":"https:\/\/quaidesbrumes.com\/img\/book-placeholder.png"},"orderable":true,"show_badge":true,"formatted_price":"28,40&nbsp;\u20ac","formatted_published_date":"25 octobre 2005","publisher_availability_label":"Sur commande","short_details":"Jose Germain \u2014 Livre D'Histoire","translator":null,"weight":601,"page_count":null,"readership":null,"editor":"Livre D'Histoire","price":2840,"published_date":"2005-10-24T22:00:00.000000Z","support":"Grand format","publisher_availability":1,"stock":0,"editions":[],"url":"https:\/\/quaidesbrumes.com\/ouvrage\/9782843737787\/anet-le-roman-d-les-amours-de-diane-de-poitiers"},{"id":"9782951934610","title":"Moi... et mon enfance","description":"Carnet de notes r\u00e9alis\u00e9 par Muriel Modr, artiste plasticienne, \u00e0 partir de son travail avec les enfants de l'\u00e9cole maternelle Parmentier autour des fouilles du chantier et de la construction de la grande biblioth\u00e8que Alcazar. Textes, dessins, photos.\r\n(Ann\u00e9es scolaires 1999-2003).","authors":["Raba Hana"],"category_codes":["1000000","1060000","1060100"],"visuals":{"large":"https:\/\/quaidesbrumes.com\/img\/book-placeholder.png","medium":"https:\/\/quaidesbrumes.com\/img\/book-placeholder.png","thumbnail":"https:\/\/quaidesbrumes.com\/img\/book-placeholder.png"},"orderable":true,"show_badge":true,"formatted_price":"7,00&nbsp;\u20ac","formatted_published_date":"7 juin 2005","publisher_availability_label":"Sur commande","short_details":"Raba Hana \u2014 La Courte Echelle \/ Transit","translator":null,"weight":0,"page_count":150,"readership":null,"editor":"La Courte Echelle \/ Transit","price":700,"published_date":"2005-06-06T22:00:00.000000Z","support":"Grand format","publisher_availability":1,"stock":0,"editions":[],"url":"https:\/\/quaidesbrumes.com\/ouvrage\/9782951934610\/moi-et-mon-enfance"},{"id":"9782702134702","title":"Papa a fait mal : Le Cauchemar judiciaire d'un couple ordinaire","description":"Cela pourrait vous arriver : vous vivez une vie tranquille, rang\u00e9e ; vous \u00eates un p\u00e8re ou une m\u00e8re de famille exemplaire, et un beau jour, vous voil\u00e0 accus\u00e9 du pire des crimes : agression sexuelle sur votre propre fille.   Anne et Philippe Sirvent sont respectivement magistrate et policier, \u00e0 Toulon, quand la foudre les frappe un beau matin. Leur petite Julie, trois ans, a montr\u00e9 le bas de son corps \u00e0 sa ma\u00eetresse en disant : \"Papa a fait mal.\"   Et la machine infernale s'\u00e9branle : \"signalement\", mise en examen, \u00e9loignement du domicile familial, expertise et contre-expertise m\u00e9dicales, les coll\u00e8gues qui ne vous connaissent plus, les amis qui vous tournent le dos, l'opprobre...   Anne et Philippe s'en sortent bien : neuf mois plus tard, comme \u00e0 contrecoeur, l'institution judiciaire admet \"qu'il n'y a pas lieu de poursuivre\". Mais pour un couple fort, aimant, au fait de ses droits, combien, comme \u00e0 Outreau, sont broy\u00e9s tous les ans par un appareil judiciaire devenu comme fou ?   Anne et Philippe ont voulu tout raconter. Pour eux, parce qu'il leur faut laver leur honneur. Pour nous, \u00e0 qui cela pourrait arriver demain.   Et pour Julie, qui voudra un jour savoir la v\u00e9rit\u00e9 sur ce tremblement de terre dont elle a \u00e9t\u00e9, bien inconsciemment, l'\u00e9picentre.","authors":["Sirvent"],"category_codes":["1000000","1070000","1070200"],"visuals":{"large":"https:\/\/images.epagine.fr\/702\/9782702134702_1_75.jpg","medium":"https:\/\/images.epagine.fr\/702\/9782702134702_1_m.jpg","thumbnail":"https:\/\/images.epagine.fr\/702\/9782702134702_1_v.jpg"},"orderable":true,"show_badge":true,"formatted_price":"20,40&nbsp;\u20ac","formatted_published_date":"29 septembre 2004","publisher_availability_label":"Sur commande","short_details":"Sirvent \u2014 Calmann-L\u00e9vy","translator":null,"weight":413,"page_count":302,"readership":null,"editor":"Calmann-L\u00e9vy","price":2040,"published_date":"2004-09-28T22:00:00.000000Z","support":"Grand format","publisher_availability":1,"stock":0,"editions":[],"url":"https:\/\/quaidesbrumes.com\/ouvrage\/9782702134702\/papa-a-fait-mal-le-cauchemar-judiciaire-dun-couple-ordinaire"},{"id":"9782329846958","title":"Abbreg\u00e9 de la nouvelle methode, dans l'art d'ecrire ou de tra\u00e7er toutes sortes de danses de ville","description":"Abbreg\u00e9 de la nouvelle methode, dans l'art d'ecrire ou de tra\u00e7er toutes sortes de danses de ville . Dedi\u00e9 \u00e0 son altesse serenissime mademoiselle de Baujaulois et mise au jour par le Sr Rameau maitre \u00e0 danser ordinaire de la Maison de sa Majest\u00e9 catholique, la Reine seconde douairriere d'Espagne. Et seul privilegi\u00e9 du Roy pour la correction et augmentation de la choregraphie...\r\nDate de l'\u00e9dition originale : 1725\r\nLe pr\u00e9sent ouvrage s'inscrit dans une politique de conservation patrimoniale des ouvrages de la litt\u00e9rature Fran\u00e7aise mise en place avec la BNF. \r\nHACHETTE LIVRE et la BNF proposent ainsi un catalogue de titres indisponibles, la BNF ayant num\u00e9ris\u00e9 ces oeuvres et HACHETTE LIVRE les imprimant \u00e0 la demande. \r\nCertains de ces ouvrages refl\u00e8tent des courants de pens\u00e9e caract\u00e9ristiques de leur \u00e9poque, mais qui seraient aujourd'hui jug\u00e9s condamnables. \r\nIls n'en appartiennent pas moins \u00e0 l'histoire des id\u00e9es en France et sont susceptibles de pr\u00e9senter un int\u00e9r\u00eat scientifique ou historique. \r\nLe sens de notre d\u00e9marche \u00e9ditoriale consiste ainsi \u00e0 permettre l'acc\u00e8s \u00e0 ces oeuvres sans pour autant que nous en cautionnions en aucune fa\u00e7on le contenu. \r\nPour plus d'informations, rendez-vous sur www.hachettebnf.fr","authors":["Jean-philippe Rameau"],"category_codes":["1000000","1060000","1060200"],"visuals":{"large":"https:\/\/quaidesbrumes.com\/img\/book-placeholder.png","medium":"https:\/\/quaidesbrumes.com\/img\/book-placeholder.png","thumbnail":"https:\/\/quaidesbrumes.com\/img\/book-placeholder.png"},"orderable":true,"show_badge":true,"formatted_price":"20,50&nbsp;\u20ac","formatted_published_date":"29 d\u00e9cembre 2022","publisher_availability_label":"Sur commande","short_details":"Jean-philippe Rameau \u2014 Hachette BNF","translator":null,"weight":341,"page_count":236,"readership":null,"editor":"Hachette BNF","price":2050,"published_date":"2022-12-28T23:00:00.000000Z","support":"Grand format","publisher_availability":1,"stock":0,"editions":[],"url":"https:\/\/quaidesbrumes.com\/ouvrage\/9782329846958\/abbrege-de-la-nouvelle-methode-dans-lart-decrire-ou-de-tracer-toutes-sortes-de-danses-de-ville"},{"id":"9782848682259","title":"La maison de l'\u00e9t\u00e9","description":"Depuis vingt-cinq ans, Patrick Cauvin passe tous ses \u00e9t\u00e9s dans une b\u00e2tisse de tuffeau et d'ardoise, en pays troglodytique, entre Angers et Saumur. Un parc, des grottes, des fant\u00f4mes : l'achat de l'immense maison fut d'abord un grand moment de panique. Puis, au fil des \u00e9t\u00e9s, le lieu a v\u00e9cu, les amis s'y sont succ\u00e9d\u00e9, sont revenus. On y a beaucoup mang\u00e9, bu, \u00e9cout\u00e9, chant\u00e9, discut\u00e9... Patrick Cauvin nous raconte avec plaisir ses balades \u00e0 v\u00e9lo \u00e0 travers le Maine-et-Loire, la douceur des matins, l'amiti\u00e9 des voisins, les vignobles de l'Anjou, les ch\u00e2teaux tout proches. Patrick Cauvin \u00e9crit ici son r\u00e9cit le plus intime... Un livre pour transmettre la joie, les rires, l'amiti\u00e9, les souvenirs du bonheur, impr\u00e9gn\u00e9 de la fameuse douceur angevine. La Maison de l'\u00e9t\u00e9 poursuit le travail d'une collection qui, d\u00e8s son premier titre, multiplie succ\u00e8s publics et succ\u00e8s d'estime, traduisant ainsi un app\u00e9tit croissant des lecteurs pour ces instants de vie, ces moments d'\u00e9ternit\u00e9 qu'abritent les demeures de leurs \u00e9crivains.  \r\n  \r\n  Figure atypique du roman fran\u00e7ais, Patrick Cauvi","authors":["Patrick Cauvin"],"category_codes":["1000000","1060000","1060300"],"visuals":{"large":"https:\/\/images.epagine.fr\/259\/9782848682259_1_75.jpg","medium":"https:\/\/images.epagine.fr\/259\/9782848682259_1_m.jpg","thumbnail":"https:\/\/images.epagine.fr\/259\/9782848682259_1_v.jpg"},"orderable":true,"show_badge":true,"formatted_price":"20,90&nbsp;\u20ac","formatted_published_date":"1er juin 2008","publisher_availability_label":"Sur commande","short_details":"Patrick Cauvin \u2014 EDITIONS DE LA LOUPE","translator":null,"weight":200,"page_count":200,"readership":null,"editor":"EDITIONS DE LA LOUPE","price":2090,"published_date":"2008-05-31T22:00:00.000000Z","support":"Grand format","publisher_availability":1,"stock":0,"editions":[],"url":"https:\/\/quaidesbrumes.com\/ouvrage\/9782848682259\/la-maison-de-lete"},{"id":"9782329488769","title":"La science et l'art de l'equitation, d'apres la nature ou theorie et pratique de l'equitation - fond","description":null,"authors":["Dupaty De Clam\/Caron"],"category_codes":["1000000","1060000"],"visuals":{"large":"https:\/\/quaidesbrumes.com\/img\/book-placeholder.png","medium":"https:\/\/quaidesbrumes.com\/img\/book-placeholder.png","thumbnail":"https:\/\/quaidesbrumes.com\/img\/book-placeholder.png"},"orderable":true,"show_badge":true,"formatted_price":"28,00&nbsp;\u20ac","formatted_published_date":"1er octobre 2020","publisher_availability_label":"Sur commande","short_details":"Dupaty De Clam\/Caron \u2014 Hachette BNF","translator":null,"weight":582,"page_count":null,"readership":null,"editor":"Hachette BNF","price":2800,"published_date":"2020-09-30T22:00:00.000000Z","support":"Grand format","publisher_availability":1,"stock":0,"editions":[],"url":"https:\/\/quaidesbrumes.com\/ouvrage\/9782329488769\/la-science-et-lart-de-lequitation-dapres-la-nature-ou-theorie-et-pratique-de-lequitation-fond"},{"id":"9782213601991","title":"La soif de servir, armand marquiset le fondateur des petits freres des pauvres(1900-1981)","description":"Armand Marquiset est une figure marquante de l'histoire sociale du XXe si\u00e8cle. Il a notamment fond\u00e9 \"Les Petits Fr\u00e8res des Pauvres\". Personnalit\u00e9 exceptionnelle, beau et s\u00e9duisant, issu de la haute soci\u00e9t\u00e9, musicien, aimant se divertir, empreint d'humour,","authors":["Michel Christolhomme"],"category_codes":["1000000","1060000","1060200"],"visuals":{"large":"https:\/\/images.epagine.fr\/991\/9782213601991_1_75.jpg","medium":"https:\/\/images.epagine.fr\/991\/9782213601991_1_m.jpg","thumbnail":"https:\/\/images.epagine.fr\/991\/9782213601991_1_v.jpg"},"orderable":true,"show_badge":true,"formatted_price":"16,80&nbsp;\u20ac","formatted_published_date":"14 octobre 1998","publisher_availability_label":"Sur commande","short_details":"Michel Christolhomme \u2014 Jubile - Le Sarment Editions","translator":null,"weight":414,"page_count":null,"readership":null,"editor":"Jubile - Le Sarment Editions","price":1680,"published_date":"1998-10-13T22:00:00.000000Z","support":"Grand format","publisher_availability":1,"stock":0,"editions":[],"url":"https:\/\/quaidesbrumes.com\/ouvrage\/9782213601991\/la-soif-de-servir-armand-marquiset-le-fondateur-des-petits-freres-des-pauvres1900-1981"},{"id":"9782329846965","title":"Livres et estampes du cabinet de m. hallee, chevalier de l'ordre de saint michel","description":null,"authors":["Collectif"],"category_codes":["1000000","1060000","1060200"],"visuals":{"large":"https:\/\/quaidesbrumes.com\/img\/book-placeholder.png","medium":"https:\/\/quaidesbrumes.com\/img\/book-placeholder.png","thumbnail":"https:\/\/quaidesbrumes.com\/img\/book-placeholder.png"},"orderable":true,"show_badge":true,"formatted_price":"20,50&nbsp;\u20ac","formatted_published_date":"29 d\u00e9cembre 2022","publisher_availability_label":"Sur commande","short_details":"Collectif \u2014 Hachette BNF","translator":null,"weight":338,"page_count":null,"readership":null,"editor":"Hachette BNF","price":2050,"published_date":"2022-12-28T23:00:00.000000Z","support":"Grand format","publisher_availability":1,"stock":0,"editions":[],"url":"https:\/\/quaidesbrumes.com\/ouvrage\/9782329846965\/livres-et-estampes-du-cabinet-de-m-hallee-chevalier-de-lordre-de-saint-michel"},{"id":"9782329846989","title":"Catalogue des livres de feu m. le president talon. vente, 29 decembre 1744","description":null,"authors":["Collectif"],"category_codes":["1000000","1060000","1060200"],"visuals":{"large":"https:\/\/quaidesbrumes.com\/img\/book-placeholder.png","medium":"https:\/\/quaidesbrumes.com\/img\/book-placeholder.png","thumbnail":"https:\/\/quaidesbrumes.com\/img\/book-placeholder.png"},"orderable":true,"show_badge":true,"formatted_price":"20,50&nbsp;\u20ac","formatted_published_date":"29 d\u00e9cembre 2022","publisher_availability_label":"Sur commande","short_details":"Collectif \u2014 Hachette BNF","translator":null,"weight":346,"page_count":null,"readership":null,"editor":"Hachette BNF","price":2050,"published_date":"2022-12-28T23:00:00.000000Z","support":"Grand format","publisher_availability":1,"stock":0,"editions":[],"url":"https:\/\/quaidesbrumes.com\/ouvrage\/9782329846989\/catalogue-des-livres-de-feu-m-le-president-talon-vente-29-decembre-1744"},{"id":"9782329846996","title":"Nouvelles contemporaines. laurette, blanche de beaulieu, marie","description":null,"authors":["Alexandre Dumas"],"category_codes":["1000000","1060000","1060200"],"visuals":{"large":"https:\/\/quaidesbrumes.com\/img\/book-placeholder.png","medium":"https:\/\/quaidesbrumes.com\/img\/book-placeholder.png","thumbnail":"https:\/\/quaidesbrumes.com\/img\/book-placeholder.png"},"orderable":true,"show_badge":true,"formatted_price":"20,50&nbsp;\u20ac","formatted_published_date":"29 d\u00e9cembre 2022","publisher_availability_label":"Sur commande","short_details":"Alexandre Dumas \u2014 Hachette BNF","translator":null,"weight":327,"page_count":null,"readership":null,"editor":"Hachette BNF","price":2050,"published_date":"2022-12-28T23:00:00.000000Z","support":"Grand format","publisher_availability":1,"stock":0,"editions":[],"url":"https:\/\/quaidesbrumes.com\/ouvrage\/9782329846996\/nouvelles-contemporaines-laurette-blanche-de-beaulieu-marie"},{"id":"9782878675825","title":"Une belle juive","description":null,"authors":["Jacques Marcerou"],"category_codes":["1000000","1060000","1060200"],"visuals":{"large":"https:\/\/quaidesbrumes.com\/img\/book-placeholder.png","medium":"https:\/\/quaidesbrumes.com\/img\/book-placeholder.png","thumbnail":"https:\/\/quaidesbrumes.com\/img\/book-placeholder.png"},"orderable":true,"show_badge":true,"formatted_price":"20,00&nbsp;\u20ac","formatted_published_date":"10 septembre 2004","publisher_availability_label":"Sur commande","short_details":"Jacques Marcerou \u2014 Presses Du Midi","translator":null,"weight":328,"page_count":null,"readership":null,"editor":"Presses Du Midi","price":2000,"published_date":"2004-09-09T22:00:00.000000Z","support":"Grand format","publisher_availability":1,"stock":0,"editions":[],"url":"https:\/\/quaidesbrumes.com\/ouvrage\/9782878675825\/une-belle-juive"},{"id":"9782875571045","title":"On mange quoi ce soir ?","description":"L'histoire saugrenue d'une jeune femme, enferm\u00e9e dans sa maladie. Seule face \u00e0 ce corps qu'elle souhaite faire disparaitre. D\u00e9boussol\u00e9e face \u00e0 cet esprit qu'elle ne maitrise plus et qui tient les r\u00eanes de sa vie. L'anorexie est ma dictature personnelle. \u00c0 la recherche de ses origines et des pistes pour en sortir, je r\u00e9sume mon parcours, mon combat o\u00f9 seul le miroir se situe face \u00e0 moi sur le ring. Par chance, j'ai pass\u00e9 le deuxi\u00e8me ring et je suis maintenant vivante, vibrante. Mon t\u00e9moignage est ce que j'aurais souhait\u00e9 lire durant ma p\u00e9riode de parenth\u00e8se : court, frais, d\u00e9cal\u00e9.","authors":["H\u00e9l\u00e8ne Trancoen"],"category_codes":["1000000","1060000","1060300"],"visuals":{"large":"https:\/\/images.epagine.fr\/045\/9782875571045_1_75.jpg","medium":"https:\/\/images.epagine.fr\/045\/9782875571045_1_m.jpg","thumbnail":"https:\/\/images.epagine.fr\/045\/9782875571045_1_v.jpg"},"orderable":true,"show_badge":true,"formatted_price":"13,00&nbsp;\u20ac","formatted_published_date":"18 septembre 2014","publisher_availability_label":"Sur commande","short_details":"H\u00e9l\u00e8ne Trancoen \u2014 LA BOITE A PANDORE","translator":null,"weight":143,"page_count":128,"readership":null,"editor":"LA BOITE A PANDORE","price":1300,"published_date":"2014-09-17T22:00:00.000000Z","support":"Grand format","publisher_availability":1,"stock":0,"editions":[],"url":"https:\/\/quaidesbrumes.com\/ouvrage\/9782875571045\/on-mange-quoi-ce-soir"},{"id":"9782012355637","title":"J6m.com : Faut-il avoir peur de la nouvelle \u00e9conomie ?","description":"Faut-il avoir peur de la nouvelle \u00e9conomie ? d'Internet ? des fonds de pension ? du r\u00e8gne sans partage d'entreprises g\u00e9antes ? Pour la premi\u00e8re fois, celui que certains pr\u00e9sentent comme l'un des \" ma\u00eetres du monde \" nous fait p\u00e9n\u00e9trer dans les coulisses du nouveau capitalisme. \r\n \u00c0 travers un r\u00e9cit fourmillant d'anecdotes, Jean-Marie Messier, pr\u00e9sident de Vivendi, d\u00e9crit de l'int\u00e9rieur, sans rien cacher de ses doutes et de ses espoirs, la r\u00e9volution \u00e9conomique et technologique qui va bouleverser la vie quotidienne du consommateur, du citoyen, du salari\u00e9. Avec la chronique de ses quatre ann\u00e9es \u00e0 la t\u00eate de Vivendi, il r\u00e9v\u00e8le \u00e9galement les n\u00e9gociations secr\u00e8tes pour le rachat de Seagram, les relations avec les politiques, les r\u00e9mun\u00e9rations des dirigeants, les enjeux strat\u00e9giques.\r\n Au-del\u00e0 du r\u00e9cit de son itin\u00e9raire personnel, c'est une v\u00e9ritable \u00e9thique de la grande entreprise qu'il tente de d\u00e9finir. Fusions-acquisitions, actionnariat salari\u00e9, stock-options, fonds de pension... avec j6m.com, ces mots prennent vie dans une histoire, une aventure : celle de ce d\u00e9but du XXIe si\u00e8cle qui nous fait entrer dans le monde d'Internet.","authors":["Jean-marie Messier"],"category_codes":["1000000","1060000","1060100"],"visuals":{"large":"https:\/\/images.epagine.fr\/637\/9782012355637_1_75.jpg","medium":"https:\/\/images.epagine.fr\/637\/9782012355637_1_m.jpg","thumbnail":"https:\/\/images.epagine.fr\/637\/9782012355637_1_v.jpg"},"orderable":true,"show_badge":true,"formatted_price":"19,10&nbsp;\u20ac","formatted_published_date":"13 septembre 2000","publisher_availability_label":"Sur commande","short_details":"Jean-marie Messier \u2014 Hachette Litteratures","translator":null,"weight":275,"page_count":240,"readership":null,"editor":"Hachette Litteratures","price":1910,"published_date":"2000-09-12T22:00:00.000000Z","support":"Grand format","publisher_availability":1,"stock":0,"editions":[],"url":"https:\/\/quaidesbrumes.com\/ouvrage\/9782012355637\/j6mcom-faut-il-avoir-peur-de-la-nouvelle-economie"},{"id":"9782296029309","title":"270 bougies pour que tu reviennes","description":"Au fil des pages de son journal personnel, Claire, la m\u00e8re, \u00e9gr\u00e8ne son d\u00e9sarroi puis son d\u00e9sespoir devant les errances de sa fille, Lise. Lise qui ne vit que par ses amis, qui part, qui revient puis, un joUr, qui ne revient pas... Lise qui emm\u00e8ne sa famille au bord du gouffre o\u00f9 elle se tient. Lise pour qui des bougies vont s'allumer, aussi longtemps qu'il faudra. Parents et jeunes qui pensez que rien ne pourra plus vous r\u00e9unir, nous souhaitons que cette exp\u00e9rience d'une m\u00e8re, vous rappelle qu'il est possible de reconstruire, m\u00eame quand tout semble ruin\u00e9.","authors":["Chomel Claire"],"category_codes":["1000000","1060000"],"visuals":{"large":"https:\/\/images.epagine.fr\/309\/9782296029309_1_75.jpg","medium":"https:\/\/images.epagine.fr\/309\/9782296029309_1_m.jpg","thumbnail":"https:\/\/images.epagine.fr\/309\/9782296029309_1_v.jpg"},"orderable":true,"show_badge":true,"formatted_price":"13,50&nbsp;\u20ac","formatted_published_date":"7 mars 2007","publisher_availability_label":"Sur commande","short_details":"Chomel Claire \u2014 \u00c9ditions L'Harmattan","translator":null,"weight":140,"page_count":null,"readership":null,"editor":"\u00c9ditions L'Harmattan","price":1350,"published_date":"2007-03-06T23:00:00.000000Z","support":"Grand format","publisher_availability":1,"stock":0,"editions":[],"url":"https:\/\/quaidesbrumes.com\/ouvrage\/9782296029309\/270-bougies-pour-que-tu-reviennes"},{"id":"9782296087699","title":"L'\u00e9ternit\u00e9 pli\u00e9e Tome 3 ; graine de lumi\u00e8re ;  journal 1979-1983","description":"Le journal litt\u00e9raire s'\u00e9l\u00e8ve \u00e0 la qualit\u00e9 de chef-d'oeuvre quand son auteur a su associer, \u00e0 l'\u00e9criture quotidienne, la r\u00e9flexion et le style. Ainsi en est-il de L'Eternit\u00e9 pli\u00e9e d'Henri Heinemann. Avec ce troisi\u00e8me volume, Graine de lumi\u00e8re, l'auteur \u00e9largit les fronti\u00e8res de son continent. De 1979 \u00e0 1983, d\u00e9file une France qui semble lointaine, tant le nouveau si\u00e8cle a foudroy\u00e9 quasiment nos anciens r\u00e9flexes historiques et culturels. D'o\u00f9 l'impression de toucher un \u00e9difice que prolongera, en 2011, le tome IV, Dialectique de l'instant (1984-1986).","authors":["Henri Heinemann"],"category_codes":["1000000","1060000","1060100"],"visuals":{"large":"https:\/\/images.epagine.fr\/699\/9782296087699_1_75.jpg","medium":"https:\/\/images.epagine.fr\/699\/9782296087699_1_m.jpg","thumbnail":"https:\/\/images.epagine.fr\/699\/9782296087699_1_v.jpg"},"orderable":true,"show_badge":true,"formatted_price":"35,00&nbsp;\u20ac","formatted_published_date":"28 juin 2010","publisher_availability_label":"Sur commande","short_details":"Henri Heinemann \u2014 Orizons","translator":null,"weight":635,"page_count":410,"readership":null,"editor":"Orizons","price":3500,"published_date":"2010-06-27T22:00:00.000000Z","support":"Grand format","publisher_availability":1,"stock":0,"editions":[],"url":"https:\/\/quaidesbrumes.com\/ouvrage\/9782296087699\/leternite-pliee-tome-3-graine-de-lumiere-journal-1979-1983"},{"id":"9782329487465","title":"Le secret d'architecture, decouvrant fidelement les traits geometriques, couppes - et derobemens nec","description":null,"authors":["Mathurin Jousse"],"category_codes":["1000000","1060000"],"visuals":{"large":"https:\/\/quaidesbrumes.com\/img\/book-placeholder.png","medium":"https:\/\/quaidesbrumes.com\/img\/book-placeholder.png","thumbnail":"https:\/\/quaidesbrumes.com\/img\/book-placeholder.png"},"orderable":true,"show_badge":true,"formatted_price":"21,50&nbsp;\u20ac","formatted_published_date":"1er octobre 2020","publisher_availability_label":"Sur commande","short_details":"Mathurin Jousse \u2014 Hachette BNF","translator":null,"weight":376,"page_count":null,"readership":null,"editor":"Hachette BNF","price":2150,"published_date":"2020-09-30T22:00:00.000000Z","support":"Grand format","publisher_availability":1,"stock":0,"editions":[],"url":"https:\/\/quaidesbrumes.com\/ouvrage\/9782329487465\/le-secret-darchitecture-decouvrant-fidelement-les-traits-geometriques-couppes-et-derobemens-nec"},{"id":"9782723303262","title":"C\u00e9line","description":"Tout livre sur C\u00e9line comporte de vastes consid\u00e9rations sur l'antis\u00e9mitisme. Celui-ci fera exception.\r\nL'auteur a voulu seulement retenir deux points que C\u00e9line a toujours revendiqu\u00e9s comme essentiels le concernant : il s'est d\u00e9fini mystique et s'est proclam\u00e9 chroniqueur. Ainsi lie-t-il son \"Voyage\" \u00e0 une s\u00e9rie de vues int\u00e9rieures inextricablement m\u00eal\u00e9es \u00e0 l'Espace et au Temps qu'il a travers\u00e9s.","authors":["Paul Del perugia"],"category_codes":["1000000","1060000","1060200"],"visuals":{"large":"https:\/\/images.epagine.fr\/262\/9782723303262_1_75.jpg","medium":"https:\/\/images.epagine.fr\/262\/9782723303262_1_m.jpg","thumbnail":"https:\/\/images.epagine.fr\/262\/9782723303262_1_v.jpg"},"orderable":true,"show_badge":true,"formatted_price":"32,00&nbsp;\u20ac","formatted_published_date":"8 mars 2003","publisher_availability_label":"Sur commande","short_details":"Paul Del perugia \u2014 Nouvelles Editions Latines","translator":null,"weight":400,"page_count":670,"readership":null,"editor":"Nouvelles Editions Latines","price":3200,"published_date":"2003-03-07T23:00:00.000000Z","support":"Grand format","publisher_availability":1,"stock":0,"editions":[],"url":"https:\/\/quaidesbrumes.com\/ouvrage\/9782723303262\/celine"},{"id":"9782882955357","title":"Chemins de vie, saisons jurassiennes","description":"Au milieu du XXe si\u00e8cle beaucoup de familles vivaient de la terre. Elles \u00e9taient souvent nombreuses, car il fallait des bras \u00e0 l'agriculture. Celle parmi tant d'autres dont il est question dans ce r\u00e9cit, romanc\u00e9 mais suivant pas \u00e0 pas la vraie vie et l'histoire, est enracin\u00e9e dans le Jura.\r\nLes enfants qui y ont grandi sont aujourd'hui grands-parents. Ils prennent l'avion et communiquent par Internet. Ils sont comme la majorit\u00e9 de leurs contemporains des voyageurs du temps ayant travers\u00e9 la mutation la plus rapide et la plus profonde sans doute qu'ait connue notre soci\u00e9t\u00e9.\r\nC'est cette vertigineuse \u00e9volution mais aussi tout simplement leur enfance sur les chemins de moyenne montagne et l'affection qui les unit toujours soixante ou soixante-dix ans plus tard que raconte ce livre.","authors":["Marie-th\u00e9r\u00e8se Renaud"],"category_codes":["1000000","1060000","1060300"],"visuals":{"large":"https:\/\/images.epagine.fr\/357\/9782882955357_1_75.jpg","medium":"https:\/\/images.epagine.fr\/357\/9782882955357_1_m.jpg","thumbnail":"https:\/\/images.epagine.fr\/357\/9782882955357_1_v.jpg"},"orderable":true,"show_badge":true,"formatted_price":"21,50&nbsp;\u20ac","formatted_published_date":"4 novembre 2008","publisher_availability_label":"Sur commande","short_details":"Marie-th\u00e9r\u00e8se Renaud \u2014 Cabedita","translator":null,"weight":9,"page_count":160,"readership":null,"editor":"Cabedita","price":2150,"published_date":"2008-11-03T23:00:00.000000Z","support":"Grand format","publisher_availability":1,"stock":0,"editions":[],"url":"https:\/\/quaidesbrumes.com\/ouvrage\/9782882955357\/chemins-de-vie-saisons-jurassiennes"},{"id":"9782810615506","title":"Confidences","description":"Confidences d'une femme qui a recherch\u00e9 son identit\u00e9 et qui vous fait part de ses coutumes, son quotidien difficile, sa vie de couple, ses relations. Elle se confie sur toutes les \u00e9preuves qu'elle a travers\u00e9 et comment elle a r\u00e9ussi \u00e0 devenir un individu pour eux... Les Fran\u00e7ais.\r\nDes histoires d'Or sur le racisme, la douleur \u00e9prouv\u00e9e \u00e0 la perte de l'un de ses proches et de nombreux r\u00e9cits de la vie.\r\nDans ce recueil de nouvelles vous plongerez dans des Confidences...","authors":["Dali Toure"],"category_codes":["1000000","1060000","1060100"],"visuals":{"large":"https:\/\/images.epagine.fr\/506\/9782810615506_1_75.jpg","medium":"https:\/\/images.epagine.fr\/506\/9782810615506_1_m.jpg","thumbnail":"https:\/\/images.epagine.fr\/506\/9782810615506_1_v.jpg"},"orderable":true,"show_badge":true,"formatted_price":"6,90&nbsp;\u20ac","formatted_published_date":"21 janvier 2010","publisher_availability_label":"Sur commande","short_details":"Dali Toure \u2014 Books on Demand","translator":null,"weight":201,"page_count":null,"readership":null,"editor":"Books on Demand","price":690,"published_date":"2010-01-20T23:00:00.000000Z","support":"Grand format","publisher_availability":1,"stock":0,"editions":[],"url":"https:\/\/quaidesbrumes.com\/ouvrage\/9782810615506\/confidences"},{"id":"9782747563697","title":"De la Martinique \u00e0 la Normandie : Histoire d'une jeunesse","description":"Dans la Martinique des ann\u00e9es cinquante, la jeune Marie m\u00e8ne une existence heureuse, entre une m\u00e8re \u00e9nergique qui organise d'une main ferme la vie familiale, et un p\u00e8re travailleur, plein de gentillesse. Malgr\u00e9 une grande pauvret\u00e9, les neuf enfants profitent pleinement de leurs jeunes ann\u00e9es. Les adultes savent que l'avenir de leurs enfants ne se pr\u00e9sente pas sous les meilleurs auspices. Une grande partie de la population est au ch\u00f4mage, beaucoup d'antillais partent pour la france. Marie y est elle aussi envoy\u00e9e, \u00e0 l'\u00e2ge de quinze ans, comme employ\u00e9e de maison et se trouve alors confront\u00e9e \u00e0 une soci\u00e9t\u00e9 dont elle ignore tout.","authors":["Josette Charles-Henriette","Martine Leplanquois"],"category_codes":["1000000","1060000"],"visuals":{"large":"https:\/\/images.epagine.fr\/697\/9782747563697_1_75.jpg","medium":"https:\/\/images.epagine.fr\/697\/9782747563697_1_m.jpg","thumbnail":"https:\/\/images.epagine.fr\/697\/9782747563697_1_v.jpg"},"orderable":true,"show_badge":true,"formatted_price":"12,00&nbsp;\u20ac","formatted_published_date":"2 juin 2004","publisher_availability_label":"Sur commande","short_details":"Josette Charles-Henriette, Martine Leplanquois \u2014 \u00c9ditions L'Harmattan","translator":null,"weight":125,"page_count":104,"readership":null,"editor":"\u00c9ditions L'Harmattan","price":1200,"published_date":"2004-06-01T22:00:00.000000Z","support":"Grand format","publisher_availability":1,"stock":0,"editions":[],"url":"https:\/\/quaidesbrumes.com\/ouvrage\/9782747563697\/de-la-martinique-a-la-normandie-histoire-dune-jeunesse"},{"id":"9782878675436","title":"Dominici ; et si c'etait bien lui ?","description":"L'ouvrage initial, auquel Gabriel Domenech consacra un temps \u00e9norme de recherche, de documentation et d'\u00e9criture, avait \u00e9t\u00e9 fort bien accueilli lors de sa premi\u00e8re \u00e9dition de 1956, non seulement par les lecteurs, mais aussi par les pairs de ce journaliste hors du commun.\r\nN'est-ce pas l'un d'eux, et non des moindres, Marcel Montarron, qui l'avait qualifi\u00e9 en son temps de document \" le plus complet qui ait paru sur l'affaire \" ? Naturellement, plus de quarante-cinq ans ont pass\u00e9 depuis. Avec le temps, d'autres r\u00e9cits du triple crime ont paru, quelques-uns tr\u00e8s estimables. A leur tour, ils sont devenus introuvables et ne semblent pas \u00eatre en voie de r\u00e9\u00e9dition. Depuis moins d'une dizaine d'ann\u00e9es, certains auteurs, plus soucieux de faire de l'argent sur le dos des trois supplici\u00e9s de la Grand'Terre, que de contribuer \u00e0 l'avancement de la v\u00e9rit\u00e9 (car tout n'est pas compl\u00e8tement clair dans cette trag\u00e9die, le \" mur du silence \" n'ayant pas permis d'\u00e9tablir des certitudes compl\u00e8tes), ont trouv\u00e9 de bon rapport de remettre au go\u00fbt du jour les th\u00e8ses rocambolesques que notamment le parti communiste, si puissant au d\u00e9but des ann\u00e9es cinquante, avait imagin\u00e9es pour prot\u00e9ger ses sympathisants et \u00e9garer les enqu\u00eateurs.\r\nN'h\u00e9sitant pas, au passage, \u00e0 cracher non seulement sur Sir Drummond, mais encore sur des policiers ayant travaill\u00e9 sur l'affaire. Ces th\u00e9ories fumeuses seront d'ailleurs abandonn\u00e9es d\u00e8s lors que la culpabilit\u00e9 des habitants de la Grand'Terre ne put, sans faire ouvertement obstacle \u00e0 la Justice, \u00eatre prouv\u00e9e. Il n'est pas jusqu'\u00e0 la t\u00e9l\u00e9vision qui ne se soit empar\u00e9e du filon, et tr\u00e8s r\u00e9cemment, TF1 s'est tristement illustr\u00e9e en la mati\u00e8re, produisant un t\u00e9l\u00e9film d'un tel niveau que, par comparaison, la production pr\u00e9c\u00e9dente, consacr\u00e9e \u00e0 Jean Moulin, en parait presque comme un mod\u00e8le d'objectivit\u00e9 historique...\r\nIl convenait donc, de faire repara\u00eetre un ouvrage devenu culte pour les initi\u00e9s. Aux lecteurs, esp\u00e9r\u00e9s fort nombreux, de dire si nous avons eu raison de permettre l'acc\u00e8s \u00e0 une information non biais\u00e9e, respectueuse des faits et des personnes.","authors":["Gabriel Domenech"],"category_codes":["1000000","1060000","1060100"],"visuals":{"large":"https:\/\/images.epagine.fr\/436\/9782878675436_1_75.jpg","medium":"https:\/\/images.epagine.fr\/436\/9782878675436_1_m.jpg","thumbnail":"https:\/\/images.epagine.fr\/436\/9782878675436_1_v.jpg"},"orderable":true,"show_badge":true,"formatted_price":"25,00&nbsp;\u20ac","formatted_published_date":"5 mars 2004","publisher_availability_label":"Sur commande","short_details":"Gabriel Domenech \u2014 Presses Du Midi","translator":null,"weight":626,"page_count":null,"readership":null,"editor":"Presses Du Midi","price":2500,"published_date":"2004-03-04T23:00:00.000000Z","support":"Grand format","publisher_availability":1,"stock":0,"editions":[],"url":"https:\/\/quaidesbrumes.com\/ouvrage\/9782878675436\/dominici-et-si-cetait-bien-lui"},{"id":"9782841004713","title":"Ma vie et moi","description":"Henry Miller est connu pour avoir boulevers\u00e9 les canons traditionnels de la litt\u00e9rature au XXe si\u00e8cle en osant briser les tabous de la soci\u00e9t\u00e9. A 80 ans, il revient sur cette odyss\u00e9e que fut sa vie avec ses \u00e9pisodes : son enfance \u00e0 Brooklyn, son s\u00e9jour \u00e0 Paris dans les ann\u00e9es 1930, ses amiti\u00e9s avec Brassa\u00ef ou Lawrence Durrell, son amour avec Ana\u00efs Nin, son retour aux Etats-Unis \u00e0 Big Sur en Californie, sa passion de la peinture. Dans ce retour sur sa vie, il se livre avec une totale franchise et explique comment il a toujours essayer dans sa vie de transformer le pire en meilleur, et m\u00eame la mis\u00e8re et le d\u00e9sespoir les plus noirs en joie cr\u00e9atrice. Au cours des pages, il raconte comment il a \u00e9crit tous ses livres, dans quel \u00e9tat d'esprit il les a compos\u00e9s. Il se parle et se raconte tel qu'en lui m\u00eame : homme, enfant, \u00e9crivain, peintre, mari, p\u00e8re, amant, ami, tendre, mordant, cruel, visionnaire. Miller fut un homme total, pr\u00eat \u00e0 faire sauter toutes les formes de verrou. Il se r\u00e9v\u00e8le \u00e9galement un fin lecteur, et comme Rabelais il pense que le rire est le propre de l'homme, en ajoutant qu'il est aussi sa force. Miller livre son conseil : \u00ab Soyez sans cesse en extase ! Soyez toujours plein d'ivresse divine ! \u00bb Cette autobiographie permettra de renouer avec le meilleur de cette verve qui a tant marqu\u00e9 les esprits et qui a contribu\u00e9 \u00e0 les lib\u00e9rer de tous les carcans.","authors":["Henry Miller"],"category_codes":["1000000","1060000","1060100"],"visuals":{"large":"https:\/\/images.epagine.fr\/713\/9782841004713_1_75.jpg","medium":"https:\/\/images.epagine.fr\/713\/9782841004713_1_m.jpg","thumbnail":"https:\/\/images.epagine.fr\/713\/9782841004713_1_v.jpg"},"orderable":true,"show_badge":true,"formatted_price":"14,20&nbsp;\u20ac","formatted_published_date":"8 avril 2010","publisher_availability_label":"Sur commande","short_details":"Henry Miller \u2014 OMNIA","translator":null,"weight":172,"page_count":223,"readership":null,"editor":"OMNIA","price":1420,"published_date":"2010-04-07T22:00:00.000000Z","support":"Grand format","publisher_availability":1,"stock":0,"editions":[],"url":"https:\/\/quaidesbrumes.com\/ouvrage\/9782841004713\/ma-vie-et-moi"},{"id":"9782897211165","title":"Sylvie - Johnny ; love story","description":"L'un et l'autre se disaient qu'ils se ressemblaient. Leur univers c'\u00e9tait eux. Ils apprenaient \u00e0 se conna\u00eetre en b\u00e9nissant le ciel de s'\u00eatre rencontr\u00e9s. Malgr\u00e9 leur pass\u00e9, ils se d\u00e9couvraient tous aussi ing\u00e9nus l'un que l'autre. Comment aurait-il pu en \u00eatre autrement ? Johnny avait trouv\u00e9 sa reine, Sylvie, contr\u00e9e lointaine, for\u00eat sombre et lumineuse, seule elle aussi, et aussi belle que lui. Du reste, les histoires d'amour ressemblent toujours un peu \u00e0 des courses contre la montre. Pas question de regarder la r\u00e9alit\u00e9 en face en d\u00e9but de parcours, surtout quand les histoires d'amour sont des passions intenses et in\u00e9vitables. Les obstacles finissent toujours par prendre le dessus, et bien vite - de toute fa\u00e7on.","authors":["Marie Desjardins"],"category_codes":["1000000","1060000","1060200"],"visuals":{"large":"https:\/\/images.epagine.fr\/165\/9782897211165_1_75.jpg","medium":"https:\/\/images.epagine.fr\/165\/9782897211165_1_m.jpg","thumbnail":"https:\/\/images.epagine.fr\/165\/9782897211165_1_v.jpg"},"orderable":true,"show_badge":true,"formatted_price":"18,00&nbsp;\u20ac","formatted_published_date":"3 f\u00e9vrier 2017","publisher_availability_label":"Sur commande","short_details":"Marie Desjardins \u2014 Du Cram","translator":null,"weight":290,"page_count":null,"readership":null,"editor":"Du Cram","price":1800,"published_date":"2017-02-02T23:00:00.000000Z","support":"Grand format","publisher_availability":1,"stock":0,"editions":[],"url":"https:\/\/quaidesbrumes.com\/ouvrage\/9782897211165\/sylvie-johnny-love-story"},{"id":"9782226104670","title":"Le si\u00e8cle travers\u00e9 ; souvenirs de neuf d\u00e9cennies","description":"Le P\u00e9rigord de Jacquou le Croquant. La ligne bleue des Vosges au temps de l'Europe sans passeports. Ch\u00e9chias et casquettes dans le port d'Alger. Le petit train d'Arpajon devant la grille du Luxembourg et l'omnibus Panth\u00e9on-Courcelles descendant la rue Soufflot. Lampes \u00e0 huile et feu de boulets au minist\u00e8re de l'Int\u00e9rieur : toute la modernit\u00e9 en 1913. Le drame de Sarajevo. La folle journ\u00e9e du 11 novembre 1918. Sartre en hypokh\u00e2gne. Maurras et Maritain. Brunschvicg, Jank\u00e9l\u00e9vitch, Raymond Aron, Simone Weil, etc. Claudel, Lyautey, Mauriac. Sur le lac du bois de Boulogne, H\u00e9l\u00e8ne et Simone de Beauvoir. Maurice Merleau-Ponty et Zaza. Heidegger et Cassirer \u00e0 Davos. De Le Revue universelle \u00e0 Esprit. Gabriel Marcel et Jean Wahl. Berlin en 1935. Goebbels et Carl Schmitt. Mai 40 au centre d'\u00e9tat-major de Compi\u00e8gne. Tournier et Nimier en philo \u00e0 Neuilly. Au printemps 44, Sartre et Bataille disputent du p\u00e9ch\u00e9 avec Dani\u00e9lou et Massignon. L'agr\u00e9gation de philosophie : Althusser, Foucault, Deleuze, Derrida, Jean d'Ormesson et les autres. Teilhard de Chardin ouvre une avanc\u00e9e nouvelle vers le point Om\u00e9ga. De l'abbaye de Pontigny au Cercle de Royaumont et au Centre culturel de Cerisy. Des Chaises au Roi se meurt. Le Nouveau Roman et l'Oulipo. \u00c0 Pondich\u00e9ry et Sit-Sat-Ananda. Le happening de 68 entre les communistes du SNESup et le cabinet du doyen Durry. L'\u00e9clatement de la vieille Sorbonne et les grandes heures de Vincennes...\r\nMaurice de Gandillac, longtemps professeur d'histoire de la philosophie \u00e0 la Sorbonne, auteur de Gen\u00e8ses de la modernit\u00e9 et animateur des d\u00e9cades de Cerisy, nous livre ici sa \u00ab travers\u00e9e du si\u00e8cle \u00bb.","authors":["Maurice de Gandillac"],"category_codes":["1000000","1060000","1060100"],"visuals":{"large":"https:\/\/images.epagine.fr\/670\/9782226104670_1_75.jpg","medium":"https:\/\/images.epagine.fr\/670\/9782226104670_1_m.jpg","thumbnail":"https:\/\/images.epagine.fr\/670\/9782226104670_1_v.jpg"},"orderable":true,"show_badge":true,"formatted_price":"25,00&nbsp;\u20ac","formatted_published_date":"3 septembre 1998","publisher_availability_label":"Sur commande","short_details":"Maurice de Gandillac \u2014 Albin Michel","translator":null,"weight":666,"page_count":528,"readership":null,"editor":"Albin Michel","price":2500,"published_date":"1998-09-02T22:00:00.000000Z","support":"Grand format","publisher_availability":1,"stock":0,"editions":[],"url":"https:\/\/quaidesbrumes.com\/ouvrage\/9782226104670\/le-siecle-traverse-souvenirs-de-neuf-decennies"}]}