{"data":[{"id":"9782378278380","title":"Des vies derri\u00e8re soi...","description":"C'est le r\u00e9cit d'une vie d'homme, assez classique en apparence. Un gar\u00e7on curieux de la vie, avide de connaissances, tr\u00e8s jeune responsable d'une famille et conscient de ce qu'il consid\u00e8re comme les devoirs d'un p\u00e8re. Mais, derri\u00e8re ce r\u00e9cit perce une histoire familiale chamboul\u00e9e par une rencontre dont les cons\u00e9quences parfaitement programm\u00e9es mais soigneusement tues ont, au long des ann\u00e9es, rong\u00e9 la relation d'un couple et n\u00e9cessit\u00e9 une vigilance particuli\u00e8re pour prot\u00e9ger trois enfants.\r\nOn comprend que, en suscitant des \u00e9motions naturelles d\u00e8s les premiers \u00e9changes, la s\u00e9duction d'arguments soigneusement choisis peut court-circuiter la raison et conduire \u00e0 modifier la vision du monde jusqu'\u00e0 \u00ab croire \u00e0 l'incroyable \u00bb.\r\nSi la vie de l'auteur n'a pas \u00e9t\u00e9 un enfer, cette \u00e9preuve l'a cependant transform\u00e9 en ce qu'il nomme pudiquement un \u00ab accident\u00e9 de la vie \u00bb...","authors":["G\u00e9rard Fodor"],"category_codes":["1000000","1060000","1060300"],"visuals":{"large":"https:\/\/images.epagine.fr\/380\/9782378278380_1_75.jpg","medium":"https:\/\/images.epagine.fr\/380\/9782378278380_1_m.jpg","thumbnail":"https:\/\/images.epagine.fr\/380\/9782378278380_1_v.jpg"},"orderable":true,"show_badge":true,"formatted_price":"12,00&nbsp;\u20ac","formatted_published_date":"25 ao\u00fbt 2023","publisher_availability_label":"Sur commande","short_details":"G\u00e9rard Fodor \u2014 SPINELLE","translator":null,"weight":178,"page_count":104,"readership":null,"editor":"SPINELLE","price":1200,"published_date":"2023-08-24T22:00:00.000000Z","support":"Grand format","publisher_availability":1,"stock":0,"editions":[],"url":"https:\/\/quaidesbrumes.com\/ouvrage\/9782378278380\/des-vies-derriere-soi"},{"id":"9782296036567","title":"Sauv\u00e9s ! mais \u00e0 quel prix ? r\u00e9cit de deux enfants cach\u00e9s","description":"Tous les pers\u00e9cut\u00e9s de la terre doivent savoir qu'il ne faut jamais d\u00e9sesp\u00e9rer. Malgr\u00e9 la barbarie des nazis et la collaboration des tra\u00eetres, des Justes ont sauv\u00e9 des Juifs en France: Robert et Edmond Mizrahi en t\u00e9moignent. Ce livre retrace une tranche de leur vie, lorsque, apr\u00e8s la d\u00e9portation de leurs parents, ils furent contraints de devenir des enfants cach\u00e9s, et furent ainsi sauv\u00e9s.\r","authors":["Ha\u00efm Mizrahi"],"category_codes":["1000000","1060000","1060100"],"visuals":{"large":"https:\/\/images.epagine.fr\/567\/9782296036567_1_75.jpg","medium":"https:\/\/images.epagine.fr\/567\/9782296036567_1_m.jpg","thumbnail":"https:\/\/images.epagine.fr\/567\/9782296036567_1_v.jpg"},"orderable":true,"show_badge":true,"formatted_price":"25,00&nbsp;\u20ac","formatted_published_date":"19 juin 2007","publisher_availability_label":"Sur commande","short_details":"Ha\u00efm Mizrahi \u2014 \u00c9ditions L'Harmattan","translator":null,"weight":360,"page_count":268,"readership":null,"editor":"\u00c9ditions L'Harmattan","price":2500,"published_date":"2007-06-18T22:00:00.000000Z","support":"Grand format","publisher_availability":1,"stock":0,"editions":[],"url":"https:\/\/quaidesbrumes.com\/ouvrage\/9782296036567\/sauves-mais-a-quel-prix-recit-de-deux-enfants-caches"},{"id":"9782843737268","title":"Julie postel (vie edifiante de la tres honoree superieure marie-madeleine nee)","description":null,"authors":["L'Abbe Delamare"],"category_codes":["1000000","1060000","1060100"],"visuals":{"large":"https:\/\/quaidesbrumes.com\/img\/book-placeholder.png","medium":"https:\/\/quaidesbrumes.com\/img\/book-placeholder.png","thumbnail":"https:\/\/quaidesbrumes.com\/img\/book-placeholder.png"},"orderable":true,"show_badge":true,"formatted_price":"26,37&nbsp;\u20ac","formatted_published_date":"13 juin 2005","publisher_availability_label":"Sur commande","short_details":"L'Abbe Delamare \u2014 Livre D'Histoire","translator":null,"weight":601,"page_count":null,"readership":null,"editor":"Livre D'Histoire","price":2637,"published_date":"2005-06-12T22:00:00.000000Z","support":"Grand format","publisher_availability":1,"stock":0,"editions":[],"url":"https:\/\/quaidesbrumes.com\/ouvrage\/9782843737268\/julie-postel-vie-edifiante-de-la-tres-honoree-superieure-marie-madeleine-nee"},{"id":"9782013464253","title":"Memoire sur la duree et la suspension de la prescription","description":"M\u00e9moire sur la dur\u00e9e et la suspension de la prescription, lu \u00e0 l'Acad\u00e9mie des sciences morales et politiques, par M. Berriat-Saint-Prix Date de l'\u00e9dition originale : 1841 Ce livre est la reproduction fid\u00e8le d'une oeuvre publi\u00e9e avant 1920 et fait partie d'une collection de livres r\u00e9imprim\u00e9s \u00e0 la demande \u00e9dit\u00e9e par Hachette Livre, dans le cadre d'un partenariat avec la Biblioth\u00e8que nationale de France, offrant l'opportunit\u00e9 d'acc\u00e9der \u00e0 des ouvrages anciens et souvent rares issus des fonds patrimoniaux de la BnF.\r\nLes oeuvres faisant partie de cette collection ont \u00e9t\u00e9 num\u00e9ris\u00e9es par la BnF et sont pr\u00e9sentes sur Gallica, sa biblioth\u00e8que num\u00e9rique.\r\n\r\nEn entreprenant de redonner vie \u00e0 ces ouvrages au travers d'une collection de livres r\u00e9imprim\u00e9s \u00e0 la demande, nous leur donnons la possibilit\u00e9 de rencontrer un public \u00e9largi et participons \u00e0 la transmission de connaissances et de savoirs parfois difficilement accessibles.\r\nNous avons cherch\u00e9 \u00e0 concilier la reproduction fid\u00e8le d'un livre ancien \u00e0 partir de sa version num\u00e9ris\u00e9e avec le souci d'un confort de lecture optimal. Nous esp\u00e9rons que les ouvrages de cette nouvelle collection vous apporteront enti\u00e8re satisfaction.\r\n\r\nPour plus d'informations, rendez-vous sur www.hachettebnf.fr\r","authors":["Berriat-Saint-Prix J"],"category_codes":["1000000","1060000","1060200"],"visuals":{"large":"https:\/\/images.epagine.fr\/253\/9782013464253_1_75.jpg","medium":"https:\/\/images.epagine.fr\/253\/9782013464253_1_m.jpg","thumbnail":"https:\/\/images.epagine.fr\/253\/9782013464253_1_v.jpg"},"orderable":true,"show_badge":true,"formatted_price":"13,90&nbsp;\u20ac","formatted_published_date":"1er octobre 2014","publisher_availability_label":"Sur commande","short_details":"Berriat-Saint-Prix J \u2014 Hachette BNF","translator":null,"weight":135,"page_count":null,"readership":null,"editor":"Hachette BNF","price":1390,"published_date":"2014-09-30T22:00:00.000000Z","support":"Grand format","publisher_availability":1,"stock":0,"editions":[],"url":"https:\/\/quaidesbrumes.com\/ouvrage\/9782013464253\/memoire-sur-la-duree-et-la-suspension-de-la-prescription"},{"id":"9782226251695","title":"Docteur nam - la fabuleuse histoire de l'homme qui soigna la peste","description":null,"authors":["Elisabeth Du closel"],"category_codes":["1000000","1060000","1060200"],"visuals":{"large":"https:\/\/quaidesbrumes.com\/img\/book-placeholder.png","medium":"https:\/\/quaidesbrumes.com\/img\/book-placeholder.png","thumbnail":"https:\/\/quaidesbrumes.com\/img\/book-placeholder.png"},"orderable":true,"show_badge":true,"formatted_price":"21,50&nbsp;\u20ac","formatted_published_date":"1er mars 2014","publisher_availability_label":"Sur commande","short_details":"Elisabeth Du closel \u2014 Albin Michel","translator":null,"weight":299,"page_count":null,"readership":null,"editor":"Albin Michel","price":2150,"published_date":"2014-02-28T23:00:00.000000Z","support":"Grand format","publisher_availability":1,"stock":0,"editions":[],"url":"https:\/\/quaidesbrumes.com\/ouvrage\/9782226251695\/docteur-nam-la-fabuleuse-histoire-de-lhomme-qui-soigna-la-peste"},{"id":"9782843737473","title":"Belle-ile-en-mer (trois mois a). journal d'une jeune fille","description":null,"authors":["Eva Jouan"],"category_codes":["1000000","1060000","1060100"],"visuals":{"large":"https:\/\/quaidesbrumes.com\/img\/book-placeholder.png","medium":"https:\/\/quaidesbrumes.com\/img\/book-placeholder.png","thumbnail":"https:\/\/quaidesbrumes.com\/img\/book-placeholder.png"},"orderable":true,"show_badge":true,"formatted_price":"28,40&nbsp;\u20ac","formatted_published_date":"3 ao\u00fbt 2005","publisher_availability_label":"Sur commande","short_details":"Eva Jouan \u2014 Livre D'Histoire","translator":null,"weight":601,"page_count":null,"readership":null,"editor":"Livre D'Histoire","price":2840,"published_date":"2005-08-02T22:00:00.000000Z","support":"Grand format","publisher_availability":1,"stock":0,"editions":[],"url":"https:\/\/quaidesbrumes.com\/ouvrage\/9782843737473\/belle-ile-en-mer-trois-mois-a-journal-dune-jeune-fille"},{"id":"9782081200678","title":"Boris Vian","description":"Boris Vian, c'est une l\u00e9gende. La \u00abtrompinette\u00bb dans les caves de Saint-Germain des Pr\u00e9s, le D\u00e9serteur, le po\u00e8te de l'\u00c9cume des jours, le pornographe de J'irai cracher sur vos tombes, le pataphysicien et l'ing\u00e9nieur. Visage \u00e9maci\u00e9, silhouette tout en os, il est devenu un embl\u00e8me qui, entre Gr\u00e9co et Sartre, r\u00e9sume une \u00e9poque, une nostalgie. Philippe Boggio a voulu voir ce qu'il y avait derri\u00e8re le masque d'\u00e9ternel jeune homme triste. Une vie pleine de drames et de secrets, pas mal de bruit et de douleur. Son enqu\u00eate commence par l'enfance heureuse \u00e0 Ville-d'Avray, avant la guerre. Les soir\u00e9es zazou. La mort du p\u00e8re, assassin\u00e9. L'espoir d'une vraie carri\u00e8re litt\u00e9raire, entre Gallimard et Les Temps modernes. Les nuits du Tabou. Le jazz. Une production fr\u00e9n\u00e9tique, des projets, des chansons, des pi\u00e8ces, des romans. Le scandale de J'irai cracher. Une vie de gal\u00e8re aussi et la maladie qui le ronge. Les d\u00e9boires. Les amours perdues et retrouv\u00e9es. La fin marqu\u00e9e par l'ironie du sort, dans une salle de cin\u00e9ma, lors de la projection de l'adaptation de J'irai cracher... Boggio a interrog\u00e9 les t\u00e9moins de la vie de Vian. Claude Luter, Henri Salvador, Jacques Canetti, Mich\u00e8le, sa premi\u00e8re femme, Ursula, la seconde, tant d'autres. Une s\u00e9rie de mondes se rejoignent, celui des lettres, celui du jazz et de la chanson, celui du journalisme et du cin\u00e9ma. \u00c7a swingue et \u00e7a commence m\u00eame, juste avant sa mort, \u00e0 avoir un air de rock'n'roll.","authors":["Philippe Boggio"],"category_codes":["1000000","1060000","1060100"],"visuals":{"large":"https:\/\/images.epagine.fr\/678\/9782081200678_1_75.jpg","medium":"https:\/\/images.epagine.fr\/678\/9782081200678_1_m.jpg","thumbnail":"https:\/\/images.epagine.fr\/678\/9782081200678_1_v.jpg"},"orderable":true,"show_badge":true,"formatted_price":"23,40&nbsp;\u20ac","formatted_published_date":"1er juin 2009","publisher_availability_label":"Sur commande","short_details":"Philippe Boggio \u2014 Flammarion","translator":null,"weight":572,"page_count":420,"readership":"Tout public","editor":"Flammarion","price":2340,"published_date":"2009-05-31T22:00:00.000000Z","support":"Grand format","publisher_availability":1,"stock":0,"editions":[],"url":"https:\/\/quaidesbrumes.com\/ouvrage\/9782081200678\/boris-vian"},{"id":"9782841864225","title":"Police ; des chiffres et des doutes","description":"Depuis de nombreuses ann\u00e9es, la publication des chiffres de la d\u00e9linquance, au m\u00eame titre que ceux du ch\u00f4mage, sont devenus un moment cl\u00e9 de notre vie politique et m\u00e9diatique. Apr\u00e8s des ann\u00e9es d'abattement li\u00e9 \u00e0 l'annonce de mauvais chiffres, on s'extasie d\u00e9sormais, depuis 2002, sur l'am\u00e9lioration constat\u00e9e avec soulagement par une presse souvent peu critique, qui relaie sagement un discours politique rassurant. La criminalit\u00e9 baisse, la \" performance \" polici\u00e8re s'am\u00e9liore. Tout va pour le mieux dans le meilleur des mondes. \r\nPourtant, les chiffres de la d\u00e9linquance ne rel\u00e8vent pas d'une approche scientifique, contrairement \u00e0 ce qu'on voudrait nous fait croire. Cet ouvrage nous propose de plonger dans l'univers des commissariats et des gendarmeries o\u00f9 s'\u00e9laborent ces chiffres. \u00c0 travers des exemples pr\u00e9cis, il nous livre certaines des recettes utilis\u00e9es pour construire les r\u00e9sultats souhait\u00e9s en haut lieu. \r\nPlus g\u00e9n\u00e9ralement, il nous montre comment s'est construit un syst\u00e8me qui, depuis le policier jusqu'au ministre, \" pi\u00e8ge \" l'ensemble des participants. Produire les \" bons chiffres \" devient leur pr\u00e9occupation principale, m\u00eame si cela a des cons\u00e9quences n\u00e9fastes sur leur travail, m\u00eame si cela signifie rel\u00e9guer le public au second plan, m\u00eame si cela nuit \u00e0 la lutte contre la d\u00e9linquance. \r\nSous la dictature du chiffre, la r\u00e9alit\u00e9 est inqui\u00e9tante et chaotique.\r","authors":["Jean-hugues Matelly","Christian Mouhanna"],"category_codes":["1000000","1060000","1060300"],"visuals":{"large":"https:\/\/images.epagine.fr\/225\/9782841864225_1_75.jpg","medium":"https:\/\/images.epagine.fr\/225\/9782841864225_1_m.jpg","thumbnail":"https:\/\/images.epagine.fr\/225\/9782841864225_1_v.jpg"},"orderable":true,"show_badge":true,"formatted_price":"19,27&nbsp;\u20ac","formatted_published_date":"1er octobre 2007","publisher_availability_label":"Sur commande","short_details":"Jean-hugues Matelly, Christian Mouhanna \u2014 MICHALON","translator":null,"weight":412,"page_count":268,"readership":null,"editor":"MICHALON","price":1927,"published_date":"2007-09-30T22:00:00.000000Z","support":"Grand format","publisher_availability":1,"stock":0,"editions":[],"url":"https:\/\/quaidesbrumes.com\/ouvrage\/9782841864225\/police-des-chiffres-et-des-doutes"},{"id":"9782296036024","title":"Le petit paul ; les ann\u00e9es cinquante \u00e0 marseille","description":"Le petit Paul d\u00e9crit l'enfance et l'adolescence de l'auteur dans un quartier populaire de Marseille des ann\u00e9es d'apr\u00e8s-guerre. Il pousse comme il peut, dans un logement insalubre, face \u00e0 une m\u00e8re volage et alcoolique. Empli de tendresse et de compassion pour ses parents, il nous fait partager avec humanit\u00e9 les moments phares de sa vie : les vacances au camping, l'entr\u00e9e au lyc\u00e9e, les vir\u00e9es dans les rues de Marseille avec son seul ami G\u00e9rard, sa passion pour les chevaux de course, ses amours...\r","authors":["Andr\u00e9 Brot"],"category_codes":["1000000","1060000","1060100"],"visuals":{"large":"https:\/\/images.epagine.fr\/024\/9782296036024_1_75.jpg","medium":"https:\/\/images.epagine.fr\/024\/9782296036024_1_m.jpg","thumbnail":"https:\/\/images.epagine.fr\/024\/9782296036024_1_v.jpg"},"orderable":true,"show_badge":true,"formatted_price":"22,50&nbsp;\u20ac","formatted_published_date":"25 juin 2007","publisher_availability_label":"Sur commande","short_details":"Andr\u00e9 Brot \u2014 \u00c9ditions L'Harmattan","translator":null,"weight":250,"page_count":237,"readership":null,"editor":"\u00c9ditions L'Harmattan","price":2250,"published_date":"2007-06-24T22:00:00.000000Z","support":"Grand format","publisher_availability":1,"stock":0,"editions":[],"url":"https:\/\/quaidesbrumes.com\/ouvrage\/9782296036024\/le-petit-paul-les-annees-cinquante-a-marseille"},{"id":"9782738134080","title":"Vivant ; comment j'ai surmont\u00e9 mon handicap","description":"Ce r\u00e9cit hors du commun montre la force de vie que l'on peut avoir en soi en d\u00e9pit des adversit\u00e9s. Tr\u00e8s jeune Eric Molini\u00e9 est diagnostiqu\u00e9 myopathe, en d\u00e9pit du handicap il va tout faire pour maitriser sa vie, mener les \u00e9tudes qu'il souhaite et s'engager dans un parcours professionnel exaltant.\r\nIl a contribu\u00e9 \u00e0 l'essor du Th\u00e9l\u00e9ton et a pr\u00e9sid\u00e9 le Samu Social de Paris.\r","authors":["Eric Molini\u00e9"],"category_codes":["1000000","1060000","1060300"],"visuals":{"large":"https:\/\/images.epagine.fr\/080\/9782738134080_1_75.jpg","medium":"https:\/\/images.epagine.fr\/080\/9782738134080_1_m.jpg","thumbnail":"https:\/\/images.epagine.fr\/080\/9782738134080_1_v.jpg"},"orderable":true,"show_badge":true,"formatted_price":"21,90&nbsp;\u20ac","formatted_published_date":"4 mai 2016","publisher_availability_label":"Sur commande","short_details":"Eric Molini\u00e9 \u2014 \u00c9ditions Odile Jacob","translator":null,"weight":266,"page_count":240,"readership":null,"editor":"\u00c9ditions Odile Jacob","price":2190,"published_date":"2016-05-03T22:00:00.000000Z","support":"Grand format","publisher_availability":1,"stock":0,"editions":[],"url":"https:\/\/quaidesbrumes.com\/ouvrage\/9782738134080\/vivant-comment-jai-surmonte-mon-handicap"},{"id":"9782296036147","title":"Engagements dans les maisons familiales rurales ; ils ont march\u00e9 pour ouvrir des chemins nouveaux","description":"A l'occasion du soixante-dixi\u00e8me anniversaire des Maisons Familiales Rurales, les repr\u00e9sentants de ce mouvement rassemblent leurs t\u00e9moignages \u00e0 travers cet ouvrage. Ces r\u00e9cits de vie ont des tonalit\u00e9s d'\u00e9pop\u00e9e. Une vraie chanson de gestes qui transforment une \u00e9poque. Ainsi, d\u00e9bordant le milieu rural avec la r\u00e9volution de l'apprentissage \u00e0 tous les \u00e2ges et dans tous les secteurs de la vie, cette alternance vie\/\u00e9cole s'impose de plus en plus comme l'alternative du futur.\r","authors":["Jean-claude Gimonet"],"category_codes":["1000000","1060000","1060300"],"visuals":{"large":"https:\/\/images.epagine.fr\/147\/9782296036147_1_75.jpg","medium":"https:\/\/images.epagine.fr\/147\/9782296036147_1_m.jpg","thumbnail":"https:\/\/images.epagine.fr\/147\/9782296036147_1_v.jpg"},"orderable":true,"show_badge":true,"formatted_price":"26,50&nbsp;\u20ac","formatted_published_date":"22 juin 2007","publisher_availability_label":"Sur commande","short_details":"Jean-claude Gimonet \u2014 \u00c9ditions L'Harmattan","translator":null,"weight":310,"page_count":290,"readership":null,"editor":"\u00c9ditions L'Harmattan","price":2650,"published_date":"2007-06-21T22:00:00.000000Z","support":"Grand format","publisher_availability":1,"stock":0,"editions":[],"url":"https:\/\/quaidesbrumes.com\/ouvrage\/9782296036147\/engagements-dans-les-maisons-familiales-rurales-ils-ont-marche-pour-ouvrir-des-chemins-nouveaux"},{"id":"9782246183419","title":"Les cinq tentations de La Fontaine","description":"Sous ce titre un peu \u00e9nigmatique, c'est un portrait moral en profondeur du  bonhomme  La Fontaine que nous pr\u00e9sente Jean Giraudoux. Ces  cinq tentations  furent celle de la vie provinciale et bourgeoise du ma\u00eetre des Eaux et For\u00eats de Ch\u00e2teau-Thierry ; celle des femmes, comme la Champmesl\u00e9 ou la B\u00e9jart (peut-\u00eatre) et d'autres qu'il ne connut gu\u00e8re qu'\u00e0 la mani\u00e8re de Boccace ; celle du monde qui l'am\u00e8nera \u00e0 vendre sa plume au tout-puissant Fouquet, louer sa personne \u00e0 la duchesse de Bouillon et \u00e0 se faufiler \u00e0 l'Acad\u00e9mie fran\u00e7aise ; celle de la litt\u00e9rature qui le conduit du conte libertin \u00e0 des pi\u00e8ces de th\u00e9\u00e2tre o\u00f9 il est le premier \u00e0 s'ennuyer, pour aboutir sur le tard aux chefs-d'oeuvre que sont ses fables ; la tentation, enfin, du  scepticisme et de la religion  qui incline le jeune oratorien jet\u00e9 dans le si\u00e8cle \u00e0 flirter avec le jans\u00e9nisme puis avec le protestantisme, une fa\u00e7on comme une autre ne pas croire \u00e0 grand-chose.Dans ce portrait ironique et sympathique, Jean Giraudoux, \u00e0 la faveur d'anecdotes et d'analyses savoureuses du comportement de La Fontaine, nous donne de cet auteur - le plus c\u00e9l\u00e8bre peut-\u00eatre de notre litt\u00e9rature - une image qui n'a rien d'acad\u00e9mique. C'\u00e9tait un homme  ondoyant et divers , distrait, malhabile \u00e0 se conduire dans la vie mais habile \u00e0 se contredire, grand amateur de sommeil et dot\u00e9 d'une insouciance qui fr\u00f4lait l'inconscience.Sans le vouloir, ne serait-ce pas \u00e0 une sorte de psychanalyse en demi-teinte que se livre, ici, Jean Giraudoux ?","authors":["Jean Giraudoux"],"category_codes":["1000000","1060000","1060200"],"visuals":{"large":"https:\/\/images.epagine.fr\/419\/9782246183419_1_75.jpg","medium":"https:\/\/images.epagine.fr\/419\/9782246183419_1_m.jpg","thumbnail":"https:\/\/images.epagine.fr\/419\/9782246183419_1_v.jpg"},"orderable":true,"show_badge":true,"formatted_price":"12,90&nbsp;\u20ac","formatted_published_date":"1er janvier 1967","publisher_availability_label":"Sur commande","short_details":"Jean Giraudoux \u2014 \u00c9ditions Grasset","translator":null,"weight":185,"page_count":144,"readership":null,"editor":"\u00c9ditions Grasset","price":1290,"published_date":"1966-12-31T23:00:00.000000Z","support":"Grand format","publisher_availability":1,"stock":0,"editions":[],"url":"https:\/\/quaidesbrumes.com\/ouvrage\/9782246183419\/les-cinq-tentations-de-la-fontaine"},{"id":"9782329492391","title":"D\u00e9lices physiques choisies. Tome 1 : Choix de tout ce que les trois r\u00e8gnes de la nature renferment de plus digne pour former un cabinet","description":"D\u00e9lices physiques choisies, ou Choix de tout ce que les trois r\u00e8gnes de la nature renferment de plus digne des recherches d'un amateur curieux pour en former un cabinet. Tome 1 \/ ... par George Wolfgang Knorr,... Continu\u00e9 par ses h\u00e9ritiers, avec les descriptions... de Philippe Louis Stace M\u00fcller, et traduit en fran\u00e7ais par Mathieu Verdier de La Blaqui\u00e8re,...\r\nDate de l'\u00e9dition originale : 1766-1767\r\nLe pr\u00e9sent ouvrage s'inscrit dans une politique de conservation patrimoniale des ouvrages de la litt\u00e9rature Fran\u00e7aise mise en place avec la BNF. \r\nHACHETTE LIVRE et la BNF proposent ainsi un catalogue de titres indisponibles, la BNF ayant num\u00e9ris\u00e9 ces oeuvres et HACHETTE LIVRE les imprimant \u00e0 la demande. \r\nCertains de ces ouvrages refl\u00e8tent des courants de pens\u00e9e caract\u00e9ristiques de leur \u00e9poque, mais qui seraient aujourd'hui jug\u00e9s condamnables. \r\nIls n'en appartiennent pas moins \u00e0 l'histoire des id\u00e9es en France et sont susceptibles de pr\u00e9senter un int\u00e9r\u00eat scientifique ou historique. \r\nLe sens de notre d\u00e9marche \u00e9ditoriale consiste ainsi \u00e0 permettre l'acc\u00e8s \u00e0 ces oeuvres sans pour autant que nous en cautionnions en aucune fa\u00e7on le contenu. \r\nPour plus d'informations, rendez-vous sur www.hachettebnf.fr","authors":["Georg Wolfgang Knorr","Philippus Statius Ludovicus Muller","Mathieu Verdier De La Blaqui\u00e8re"],"category_codes":["1000000","1060000"],"visuals":{"large":"https:\/\/quaidesbrumes.com\/img\/book-placeholder.png","medium":"https:\/\/quaidesbrumes.com\/img\/book-placeholder.png","thumbnail":"https:\/\/quaidesbrumes.com\/img\/book-placeholder.png"},"orderable":true,"show_badge":true,"formatted_price":"21,50&nbsp;\u20ac","formatted_published_date":"1er octobre 2020","publisher_availability_label":"Sur commande","short_details":"Georg Wolfgang Knorr, Philippus Statius Ludovicus Muller, Mathieu Verdier De La Blaqui\u00e8re \u2014 Hachette BNF","translator":null,"weight":354,"page_count":258,"readership":null,"editor":"Hachette BNF","price":2150,"published_date":"2020-09-30T22:00:00.000000Z","support":"Grand format","publisher_availability":1,"stock":0,"editions":[],"url":"https:\/\/quaidesbrumes.com\/ouvrage\/9782329492391\/delices-physiques-choisies-tome-1-choix-de-tout-ce-que-les-trois-regnes-de-la-nature-renferment-de-plus-digne-pour-former-un-cabinet"},{"id":"9782329847009","title":"Sesame et les lys. des tresors des rois, des jardins des reines","description":null,"authors":["John Ruskin"],"category_codes":["1000000","1060000","1060200"],"visuals":{"large":"https:\/\/quaidesbrumes.com\/img\/book-placeholder.png","medium":"https:\/\/quaidesbrumes.com\/img\/book-placeholder.png","thumbnail":"https:\/\/quaidesbrumes.com\/img\/book-placeholder.png"},"orderable":true,"show_badge":true,"formatted_price":"20,50&nbsp;\u20ac","formatted_published_date":"29 d\u00e9cembre 2022","publisher_availability_label":"Sur commande","short_details":"John Ruskin \u2014 Hachette BNF","translator":null,"weight":338,"page_count":null,"readership":null,"editor":"Hachette BNF","price":2050,"published_date":"2022-12-28T23:00:00.000000Z","support":"Grand format","publisher_availability":1,"stock":0,"editions":[],"url":"https:\/\/quaidesbrumes.com\/ouvrage\/9782329847009\/sesame-et-les-lys-des-tresors-des-rois-des-jardins-des-reines"},{"id":"9782329492384","title":"D\u00e9lices physiques choisies. Tome 2 : Choix de tout ce que les trois r\u00e8gnes de la nature renferment de plus digne pour former un cabinet","description":"D\u00e9lices physiques choisies, ou Choix de tout ce que les trois r\u00e8gnes de la nature renferment de plus digne des recherches d'un amateur curieux pour en former un cabinet. Tome 2 \/ ... par George Wolfgang Knorr,... Continu\u00e9 par ses h\u00e9ritiers, avec les descriptions... de Philippe Louis Stace M\u00fcller, et traduit en fran\u00e7ais par Mathieu Verdier de La Blaqui\u00e8re,...\r\nDate de l'\u00e9dition originale : 1766-1767\r\nLe pr\u00e9sent ouvrage s'inscrit dans une politique de conservation patrimoniale des ouvrages de la litt\u00e9rature Fran\u00e7aise mise en place avec la BNF. \r\nHACHETTE LIVRE et la BNF proposent ainsi un catalogue de titres indisponibles, la BNF ayant num\u00e9ris\u00e9 ces oeuvres et HACHETTE LIVRE les imprimant \u00e0 la demande. \r\nCertains de ces ouvrages refl\u00e8tent des courants de pens\u00e9e caract\u00e9ristiques de leur \u00e9poque, mais qui seraient aujourd'hui jug\u00e9s condamnables. \r\nIls n'en appartiennent pas moins \u00e0 l'histoire des id\u00e9es en France et sont susceptibles de pr\u00e9senter un int\u00e9r\u00eat scientifique ou historique. \r\nLe sens de notre d\u00e9marche \u00e9ditoriale consiste ainsi \u00e0 permettre l'acc\u00e8s \u00e0 ces oeuvres sans pour autant que nous en cautionnions en aucune fa\u00e7on le contenu. \r\nPour plus d'informations, rendez-vous sur www.hachettebnf.fr","authors":["Georg Wolfgang Knorr","Philippus Statius Ludovicus Muller","Mathieu Verdier De La Blaqui\u00e8re"],"category_codes":["1000000","1060000"],"visuals":{"large":"https:\/\/quaidesbrumes.com\/img\/book-placeholder.png","medium":"https:\/\/quaidesbrumes.com\/img\/book-placeholder.png","thumbnail":"https:\/\/quaidesbrumes.com\/img\/book-placeholder.png"},"orderable":true,"show_badge":true,"formatted_price":"22,00&nbsp;\u20ac","formatted_published_date":"1er octobre 2020","publisher_availability_label":"Sur commande","short_details":"Georg Wolfgang Knorr, Philippus Statius Ludovicus Muller, Mathieu Verdier De La Blaqui\u00e8re \u2014 Hachette BNF","translator":null,"weight":397,"page_count":288,"readership":null,"editor":"Hachette BNF","price":2200,"published_date":"2020-09-30T22:00:00.000000Z","support":"Grand format","publisher_availability":1,"stock":0,"editions":[],"url":"https:\/\/quaidesbrumes.com\/ouvrage\/9782329492384\/delices-physiques-choisies-tome-2-choix-de-tout-ce-que-les-trois-regnes-de-la-nature-renferment-de-plus-digne-pour-former-un-cabinet"},{"id":"9782910196844","title":"Ray Charles, le g\u00e9nie de la soul","description":"Le G\u00e9nie de la soul est l'histoire fascinante d'un authentique novateur et de son impact \u00e9norme sur la musique populaire au cours des cinquante derni\u00e8res ann\u00e9es. Reconnu comme un mod\u00e8le par Elvis Presley, Stevie Wonder, les Beatles et Norah Jones, Ray Charles a tout simplement marqu\u00e9 \u00e0 jamais la musique de son empreinte.\r\nL'auteur, Mike Evans, retrace l'histoire personnelle de Ray, depuis les premi\u00e8res tentatives musicales lors d'une enfance chaotique, jusqu'aux sommets de ses succ\u00e8s internationaux, tout en mettant en perspective les fantastiques influences re\u00e7ues et exerc\u00e9es par celui que l'on surnomma Genius.\r\nDe nombreuses citations, des interviews exclusives, dont certaines accord\u00e9es par Ray Charles \u00e0 l'auteur, donnent vie \u00e0 ce livre d\u00e9finitif sur la vie et l'oeuvre d'un immense musicien.\r","authors":["Mike Evans"],"category_codes":["1000000","1060000","1060300"],"visuals":{"large":"https:\/\/images.epagine.fr\/844\/9782910196844_1_75.jpg","medium":"https:\/\/images.epagine.fr\/844\/9782910196844_1_m.jpg","thumbnail":"https:\/\/images.epagine.fr\/844\/9782910196844_1_v.jpg"},"orderable":true,"show_badge":true,"formatted_price":"32,00&nbsp;\u20ac","formatted_published_date":"12 septembre 2008","publisher_availability_label":"Sur commande","short_details":"Mike Evans \u2014 Le Camion Blanc","translator":null,"weight":900,"page_count":560,"readership":null,"editor":"Le Camion Blanc","price":3200,"published_date":"2008-09-11T22:00:00.000000Z","support":"Grand format","publisher_availability":1,"stock":0,"editions":[],"url":"https:\/\/quaidesbrumes.com\/ouvrage\/9782910196844\/ray-charles-le-genie-de-la-soul"},{"id":"9782329491028","title":"Description de l'a\u00e9rostate, contenant le d\u00e9tail des proc\u00e9d\u00e9s, la th\u00e9orie des op\u00e9rations","description":"Description de l'a\u00e9rostate [\"sic\"] \"l'Acad\u00e9mie de Dijon\", contenant le d\u00e9tail des proc\u00e9d\u00e9s, la th\u00e9orie des op\u00e9rations,... le tout extrait du compte rendu \u00e0 cette Soci\u00e9t\u00e9 par MM. de Morveau, Chaussier et Bertrand...\r\nDate de l'\u00e9dition originale : 1784\r\nLe pr\u00e9sent ouvrage s'inscrit dans une politique de conservation patrimoniale des ouvrages de la litt\u00e9rature Fran\u00e7aise mise en place avec la BNF. \r\nHACHETTE LIVRE et la BNF proposent ainsi un catalogue de titres indisponibles, la BNF ayant num\u00e9ris\u00e9 ces oeuvres et HACHETTE LIVRE les imprimant \u00e0 la demande. \r\nCertains de ces ouvrages refl\u00e8tent des courants de pens\u00e9e caract\u00e9ristiques de leur \u00e9poque, mais qui seraient aujourd'hui jug\u00e9s condamnables. \r\nIls n'en appartiennent pas moins \u00e0 l'histoire des id\u00e9es en France et sont susceptibles de pr\u00e9senter un int\u00e9r\u00eat scientifique ou historique. \r\nLe sens de notre d\u00e9marche \u00e9ditoriale consiste ainsi \u00e0 permettre l'acc\u00e8s \u00e0 ces oeuvres sans pour autant que nous en cautionnions en aucune fa\u00e7on le contenu. \r\nPour plus d'informations, rendez-vous sur www.hachettebnf.fr","authors":["Louis-Bernard Guyton De Morveau"],"category_codes":["1000000","1060000"],"visuals":{"large":"https:\/\/quaidesbrumes.com\/img\/book-placeholder.png","medium":"https:\/\/quaidesbrumes.com\/img\/book-placeholder.png","thumbnail":"https:\/\/quaidesbrumes.com\/img\/book-placeholder.png"},"orderable":true,"show_badge":true,"formatted_price":"20,50&nbsp;\u20ac","formatted_published_date":"1er octobre 2020","publisher_availability_label":"Sur commande","short_details":"Louis-Bernard Guyton De Morveau \u2014 Hachette BNF","translator":null,"weight":349,"page_count":250,"readership":null,"editor":"Hachette BNF","price":2050,"published_date":"2020-09-30T22:00:00.000000Z","support":"Grand format","publisher_availability":1,"stock":0,"editions":[],"url":"https:\/\/quaidesbrumes.com\/ouvrage\/9782329491028\/description-de-laerostate-contenant-le-detail-des-procedes-la-theorie-des-operations"},{"id":"9782220042558","title":"Andre trannoy - handicap et mobilisation","description":"Un nom peu connu, une personnalit\u00e9 d'exception pourtant. N\u00e9 en 1907, atteint de poliomy\u00e9lite aux quatre membres \u00e0 l'\u00e2ge de dix-huit ans, il compte parmi les grands humanistes qui marqu\u00e8rent de leur empreinte la seconde moiti\u00e9 de ce si\u00e8cle. Durement touch\u00e9 par son handicap, il aurait pu en rester au stade du cri, le cri de la douleur physique et morale. Or, de sa r\u00e9volte d'adolescent puis d'adulte, il fit une cause collective qui devint rapidement nationale. Les quelques-uns du d\u00e9but devinrent foule. En 1933, il cr\u00e9a l'Association des Paralys\u00e9s de France. Il sut rassembler, cr\u00e9er, inventer, introduire dans la dur\u00e9e, l\u00e0 o\u00f9 l'imagination, l'audace, la mobilisation restent les ma\u00eetres mots de la solidarit\u00e9 et de l'histoire sociale de la France. A conna\u00eetre Andr\u00e9 Trannoy, on aborde plus d'un demi-si\u00e8cle d'une histoire dont les auteurs, par centaines de milliers, n'avaient pas la parole et devaient se contenter d'un traitement social inadapt\u00e9 ou inexistant, se traduisant concr\u00e8tement, en cas de d\u00e9faillance de la famille, par la rel\u00e9gation dans les mouroirs. Contre l'indignit\u00e9 et l'indigence, Andr\u00e9 Trannoy contribuera \u00e0 restituer aux personnes handicap\u00e9es leur citoyennet\u00e9 en tant que sujets de droits et de devoirs.\r","authors":["Bruno Gaurier"],"category_codes":["1000000","1060000","1060300"],"visuals":{"large":"https:\/\/quaidesbrumes.com\/img\/book-placeholder.png","medium":"https:\/\/quaidesbrumes.com\/img\/book-placeholder.png","thumbnail":"https:\/\/quaidesbrumes.com\/img\/book-placeholder.png"},"orderable":true,"show_badge":true,"formatted_price":"11,20&nbsp;\u20ac","formatted_published_date":"14 mai 1998","publisher_availability_label":"Sur commande","short_details":"Bruno Gaurier \u2014 Descl\u00e9e de Brouwer","translator":null,"weight":120,"page_count":151,"readership":null,"editor":"Descl\u00e9e de Brouwer","price":1120,"published_date":"1998-05-13T22:00:00.000000Z","support":"Grand format","publisher_availability":1,"stock":0,"editions":[],"url":"https:\/\/quaidesbrumes.com\/ouvrage\/9782220042558\/andre-trannoy-handicap-et-mobilisation"},{"id":"9782329846941","title":"L'office de saint louis, roi de france, pour le jour et l'octave de sa feste, en latin et francois","description":null,"authors":["Eglise Catholique"],"category_codes":["1000000","1060000","1060200"],"visuals":{"large":"https:\/\/quaidesbrumes.com\/img\/book-placeholder.png","medium":"https:\/\/quaidesbrumes.com\/img\/book-placeholder.png","thumbnail":"https:\/\/quaidesbrumes.com\/img\/book-placeholder.png"},"orderable":true,"show_badge":true,"formatted_price":"20,50&nbsp;\u20ac","formatted_published_date":"29 d\u00e9cembre 2022","publisher_availability_label":"Sur commande","short_details":"Eglise Catholique \u2014 Hachette BNF","translator":null,"weight":338,"page_count":null,"readership":null,"editor":"Hachette BNF","price":2050,"published_date":"2022-12-28T23:00:00.000000Z","support":"Grand format","publisher_availability":1,"stock":0,"editions":[],"url":"https:\/\/quaidesbrumes.com\/ouvrage\/9782329846941\/loffice-de-saint-louis-roi-de-france-pour-le-jour-et-loctave-de-sa-feste-en-latin-et-francois"},{"id":"9782950155498","title":"Boissy d'Anglas, un grand notable lib\u00e9ral","description":"Il y a un demi-si\u00e8cle, quand dominait dans certains milieux une vue \u00e9troitement ouvri\u00e9riste de la lutte des classes et de l'histoire, Boissy d'Anglas \u00e9tait ais\u00e9ment stigmatis\u00e9 comme un bourgeois thermidorien, riche \u00ab propri\u00e9taire \u00bb, et qui, de plus, avait eu l'imprudence de faire quelque th\u00e9orie sur la l\u00e9gitimit\u00e9 de l'h\u00e9g\u00e9monie des \u00ab propri\u00e9taires \u00bb. De l\u00e0 \u00e0 \u00eatre tenu pour \u00e9litiste, \u00ab \u00e9go\u00efste \u00bb, et, \u00e0 l'\u00e9gard d'un petit peuple, tant\u00f4t dur et tant\u00f4t, au mieux, paternaliste, il n'y avait pas loin.\r\n\r\nVue n\u00e9gative, par cons\u00e9quent. Et chacun sait que bien des bourgeois de son temps pratiqu\u00e8rent ce pharisa\u00efsme l\u00e0. Mais si la grande Propri\u00e9t\u00e9 avait  ainsi, en face des pauvres, son c\u00f4t\u00e9 r\u00e9pulsif, on ne saurait oublier qu'elle avit, en face des r\u00e9alit\u00e9s ou des vell\u00e9it\u00e9s autoritaires de l'Etat, l'avantage de fournir de le socle de r\u00e9sistance que donne, \u00e0 qui veut s'en servir, l'ind\u00e9pendance \u00e9conomique. De nos jours aussi, mutatis mutandis, le fonctionnaire assur\u00e9 de la \u00ab s\u00e9curit\u00e9 de l'emploi \u00bb est plus ais\u00e9ment actif dans l'opposition que le salari\u00e9 du priv\u00e9 menac\u00e9 de licenciement...\r","authors":["Le Bozec"],"category_codes":["1000000","1060000","1060300"],"visuals":{"large":"https:\/\/images.epagine.fr\/498\/9782950155498_1_75.jpg","medium":"https:\/\/images.epagine.fr\/498\/9782950155498_1_m.jpg","thumbnail":"https:\/\/images.epagine.fr\/498\/9782950155498_1_v.jpg"},"orderable":true,"show_badge":true,"formatted_price":"27,45&nbsp;\u20ac","formatted_published_date":"1er octobre 2005","publisher_availability_label":"Sur commande","short_details":"Le Bozec \u2014 Federation Des Oeuvres Laiques Ardeche","translator":null,"weight":816,"page_count":508,"readership":null,"editor":"Federation Des Oeuvres Laiques Ardeche","price":2745,"published_date":"2005-09-30T22:00:00.000000Z","support":"Grand format","publisher_availability":1,"stock":0,"editions":[],"url":"https:\/\/quaidesbrumes.com\/ouvrage\/9782950155498\/boissy-danglas-un-grand-notable-liberal"},{"id":"9782843738463","title":"La craie et la plume. l'enseignement primaire dans le nogentais au xixe siecle","description":null,"authors":["Jean-Marc Lefebure"],"category_codes":["1000000","1060000","1060100"],"visuals":{"large":"https:\/\/quaidesbrumes.com\/img\/book-placeholder.png","medium":"https:\/\/quaidesbrumes.com\/img\/book-placeholder.png","thumbnail":"https:\/\/quaidesbrumes.com\/img\/book-placeholder.png"},"orderable":true,"show_badge":true,"formatted_price":"28,40&nbsp;\u20ac","formatted_published_date":"4 mai 2006","publisher_availability_label":"Sur commande","short_details":"Jean-Marc Lefebure \u2014 Livre D'Histoire","translator":null,"weight":601,"page_count":null,"readership":null,"editor":"Livre D'Histoire","price":2840,"published_date":"2006-05-03T22:00:00.000000Z","support":"Grand format","publisher_availability":1,"stock":0,"editions":[],"url":"https:\/\/quaidesbrumes.com\/ouvrage\/9782843738463\/la-craie-et-la-plume-lenseignement-primaire-dans-le-nogentais-au-xixe-siecle"},{"id":"9782356078865","title":"Lettre \u00e0 mon@mour.com ; l'impossible r\u00eave","description":"L'histoire vraie d'une femme \u00e0 l'automne de sa vie, esseul\u00e9e dans un de ces paradis tropicaux si souvent trompeurs. Et puis, un jour de 2004, c'est \u00ab La Rencontre \u00bb sur le Net : Il a vingt ans de moins qu'elle, et 20 000 kilom\u00e8tres les s\u00e9parent ! Le livre est fait des quelques 300 lettres de l'auteur, au fil desquelles se tisse un bel Amour douloureux, et o\u00f9 passe en filigrane, la silhouette attachante et myst\u00e9rieuse de l'Inconnu si proche et si lointain.\r","authors":["Lin Fink"],"category_codes":["1000000","1060000","1060300"],"visuals":{"large":"https:\/\/images.epagine.fr\/865\/9782356078865_1_75.jpg","medium":"https:\/\/images.epagine.fr\/865\/9782356078865_1_m.jpg","thumbnail":"https:\/\/images.epagine.fr\/865\/9782356078865_1_v.jpg"},"orderable":true,"show_badge":true,"formatted_price":"21,00&nbsp;\u20ac","formatted_published_date":"21 ao\u00fbt 2008","publisher_availability_label":"Sur commande","short_details":"Lin Fink \u2014 Edilivre","translator":null,"weight":499,"page_count":390,"readership":null,"editor":"Edilivre","price":2100,"published_date":"2008-08-20T22:00:00.000000Z","support":"Grand format","publisher_availability":1,"stock":0,"editions":[],"url":"https:\/\/quaidesbrumes.com\/ouvrage\/9782356078865\/lettre-a-mon-at-mourcom-limpossible-reve"},{"id":"9782910699475","title":"Steudad an ankou - envorennou un armenian da vare ar ouennlazhadeg","description":null,"authors":["Mertchian Haroutioun"],"category_codes":["1000000","1060000"],"visuals":{"large":"https:\/\/quaidesbrumes.com\/img\/book-placeholder.png","medium":"https:\/\/quaidesbrumes.com\/img\/book-placeholder.png","thumbnail":"https:\/\/quaidesbrumes.com\/img\/book-placeholder.png"},"orderable":true,"show_badge":true,"formatted_price":"13,00&nbsp;\u20ac","formatted_published_date":"1er janvier 2005","publisher_availability_label":"Sur commande","short_details":"Mertchian Haroutioun \u2014 HOR YEZH","translator":null,"weight":276,"page_count":null,"readership":null,"editor":"HOR YEZH","price":1300,"published_date":"2004-12-31T23:00:00.000000Z","support":"Grand format","publisher_availability":1,"stock":0,"editions":[],"url":"https:\/\/quaidesbrumes.com\/ouvrage\/9782910699475\/steudad-an-ankou-envorennou-un-armenian-da-vare-ar-ouennlazhadeg"},{"id":"9782260000648","title":"Jean Giraudoux","description":"Voici la premi\u00e8re biographie de Jean Giraudoux. Cinquante apr\u00e8s sa mort, il \u00e9tait temps de d\u00e9voiler l'homme derri\u00e8re l'oeuvre. Quelles furent son enfance, son adolescence ? Comment devint-il \u00e9crivain et dramaturge ? Quels furent ses engagements politiques, ses go\u00fbts, ses amiti\u00e9s, ses relations avec les femmes ? N\u00e9 en 1882 \u00e0 Bellac, au coeur de la France, il meurt \u00e0 Paris en 1944. Parcours exemplaire d'un petit \u00e9colier de la IIIe R\u00e9publique, que son talent et son ambition conduiront vers la  carri\u00e8re , faisant de lui, d\u00e8s sa rencontre avec Louis Jouvet, l'un des plus c\u00e9l\u00e8bres dramaturges contemporains.\r\n Son ami Paul Morand voyait en lui un homme du XVIIIe si\u00e8cle. Lui, pourtant, semblait pr\u00e9f\u00e9rer le Grand Si\u00e8cle et ses  grands jardiniers  : Racine, Colbert, La Fontaine et Le N\u00f4tre. Jans\u00e9niste du bonheur,  Fran\u00e7ais id\u00e9al , comme le r\u00eavait Albert Thibaudet, germaniste et germanophile, Giraudoux connut deux guerres franco-allemandes. H\u00e9ro\u00efque et vainqueur lors de la premi\u00e8re, il souffrit trente ans plus tard de vivre dans une France vaincue, humili\u00e9e et occup\u00e9e. Son patriotisme tellurique en fit alors un r\u00e9sistant du dedans.\r\n Po\u00e8te et diplomate comme Chateaubriand, il s'inqui\u00e9ta ainsi que lui, mais avec plus de l\u00e9g\u00e8ret\u00e9 et d'humour, d'assister \u00e0 la fin d'un monde. Sa vie, son oeuvre gravitent autour de questions plus que jamais actuelles : la ville, la race, la nation et la p\u00e9rennit\u00e9 d'une civilisation fran\u00e7aise.\r\n C'est \u00e0 la d\u00e9couverte d'un des \u00e9crivains les plus s\u00e9duisants de ce si\u00e8cle que nous entra\u00eene cette biographie d'un homme, surtout, qui, \u00e0 l'\u00e9cart des syst\u00e8mes et des id\u00e9ologies, conserva toute sa vie sa libert\u00e9 d'esprit.","authors":["Philippe Dufay"],"category_codes":["1000000","1060000","1060200"],"visuals":{"large":"https:\/\/images.epagine.fr\/648\/9782260000648_1_75.jpg","medium":"https:\/\/images.epagine.fr\/648\/9782260000648_1_m.jpg","thumbnail":"https:\/\/images.epagine.fr\/648\/9782260000648_1_v.jpg"},"orderable":true,"show_badge":true,"formatted_price":"30,00&nbsp;\u20ac","formatted_published_date":"8 octobre 1993","publisher_availability_label":"Sur commande","short_details":"Philippe Dufay \u2014 \u00c9ditions Julliard","translator":null,"weight":615,"page_count":508,"readership":null,"editor":"\u00c9ditions Julliard","price":3000,"published_date":"1993-10-07T23:00:00.000000Z","support":"Grand format","publisher_availability":1,"stock":0,"editions":[],"url":"https:\/\/quaidesbrumes.com\/ouvrage\/9782260000648\/jean-giraudoux"}]}