{"data":[{"id":"9782296049437","title":"Dits et non-dits de nos campagnes ; histoires de rien","description":"Voici quelques t\u00e9moignages sur la vie dans les campagnes, des r\u00e9cits recueillis en Vend\u00e9e, au pays cathare, dans le Jura, les Savoie et les C\u00e9vennes. De La lettre du mousse, en Vend\u00e9e, au M\u00e9decin de Cucugnan, en pays cathare, ces riens, ces dits et non-dits de la vie ordinaire, nous font d\u00e9couvrir des personnages pittoresques, prisonniers de traditions et accroch\u00e9s \u00e0 des habitudes s\u00e9curisantes dans la rudesse de l'environnement.\r","authors":["Yolande Moyne-Larpin"],"category_codes":["1000000","1060000","1060300"],"visuals":{"large":"https:\/\/images.epagine.fr\/437\/9782296049437_1_75.jpg","medium":"https:\/\/images.epagine.fr\/437\/9782296049437_1_m.jpg","thumbnail":"https:\/\/images.epagine.fr\/437\/9782296049437_1_v.jpg"},"orderable":true,"show_badge":true,"formatted_price":"14,00&nbsp;\u20ac","formatted_published_date":"24 janvier 2008","publisher_availability_label":"Sur commande","short_details":"Yolande Moyne-Larpin \u2014 \u00c9ditions L'Harmattan","translator":null,"weight":140,"page_count":127,"readership":null,"editor":"\u00c9ditions L'Harmattan","price":1400,"published_date":"2008-01-23T23:00:00.000000Z","support":"Grand format","publisher_availability":1,"stock":0,"editions":[],"url":"https:\/\/quaidesbrumes.com\/ouvrage\/9782296049437\/dits-et-non-dits-de-nos-campagnes-histoires-de-rien"},{"id":"9782081226500","title":"Trash","description":"L. Chaal a 19 ans, est issue d'un milieu tr\u00e8s favoris\u00e9, et raconte ici son parcours de mannequin. Elle int\u00e8gre tr\u00e8s jeune l'\u00e9cole sup\u00e9rieure de physique et de chimie industriels. Catholique pratiquante, elle raconte avec \u00e9motion sa foi et ses contradictions, les hommes qu'elle a aim\u00e9s, son attrait pour le sexe, et trace le portrait d'une g\u00e9n\u00e9ration.\r","authors":["Laura Chaal"],"category_codes":["1000000","1060000","1060300"],"visuals":{"large":"https:\/\/images.epagine.fr\/500\/9782081226500_1_75.jpg","medium":"https:\/\/images.epagine.fr\/500\/9782081226500_1_m.jpg","thumbnail":"https:\/\/images.epagine.fr\/500\/9782081226500_1_v.jpg"},"orderable":true,"show_badge":true,"formatted_price":"13,20&nbsp;\u20ac","formatted_published_date":"8 mai 2009","publisher_availability_label":"Sur commande","short_details":"Laura Chaal \u2014 Flammarion","translator":null,"weight":150,"page_count":140,"readership":"Tout public","editor":"Flammarion","price":1320,"published_date":"2009-05-07T22:00:00.000000Z","support":"Grand format","publisher_availability":1,"stock":0,"editions":[],"url":"https:\/\/quaidesbrumes.com\/ouvrage\/9782081226500\/trash"},{"id":"9782848680910","title":"Comment ils ont trouv\u00e9 un tr\u00e9sor","description":"Il ne se passe gu\u00e8re de mois en France sans qu'un tr\u00e9sor soit trouv\u00e9, le plus souvent par le pur effet du hasard, pendant l'ex\u00e9cution de travaux de r\u00e9habilitation d'un b\u00e2timent, de r\u00e9fection d'une cave, d'un jardin ou d'une route. Bien que ces d\u00e9couvertes soient nombreuses, elles ne repr\u00e9sentent qu'une infime partie des tr\u00e9sors qui sont encore cach\u00e9s \u00e0 quelques centim\u00e8tres sous nos pieds, attendant un heureux coup de pioche.    Passionn\u00e9 de prospection depuis l'\u00e2ge de 14 ans, Alain Cloarec est devenu l'un des grands sp\u00e9cialistes de la d\u00e9tection et de la recherche de tr\u00e9sors. Il nous livre ici les plus belles des multiples d\u00e9couvertes qu'il a effectu\u00e9es au fil des ann\u00e9es, dont celle d'un tr\u00e9sor de plus de 70 kg d'or \u00e0 Saint-Cloud! Merveilleuses, insolites, parfois dr\u00f4les, ses aventures nous entra\u00eenent dans un monde qui m\u00eale tour \u00e0 tour histoires, p\u00e9rip\u00e9ties, enqu\u00eates et connaissance du terrain.","authors":["Alain Clarec"],"category_codes":["1000000","1060000","1060300"],"visuals":{"large":"https:\/\/images.epagine.fr\/910\/9782848680910_1_75.jpg","medium":"https:\/\/images.epagine.fr\/910\/9782848680910_1_m.jpg","thumbnail":"https:\/\/images.epagine.fr\/910\/9782848680910_1_v.jpg"},"orderable":true,"show_badge":true,"formatted_price":"15,00&nbsp;\u20ac","formatted_published_date":"15 septembre 2005","publisher_availability_label":"Sur commande","short_details":"Alain Clarec \u2014 EDITIONS DE LA LOUPE","translator":null,"weight":150,"page_count":226,"readership":null,"editor":"EDITIONS DE LA LOUPE","price":1500,"published_date":"2005-09-14T22:00:00.000000Z","support":"Grand format","publisher_availability":1,"stock":0,"editions":[],"url":"https:\/\/quaidesbrumes.com\/ouvrage\/9782848680910\/comment-ils-ont-trouve-un-tresor"},{"id":"9782226039903","title":"Memoires","description":null,"authors":["Chabot Bella"],"category_codes":["1000000","1060000","1060100"],"visuals":{"large":"https:\/\/quaidesbrumes.com\/img\/book-placeholder.png","medium":"https:\/\/quaidesbrumes.com\/img\/book-placeholder.png","thumbnail":"https:\/\/quaidesbrumes.com\/img\/book-placeholder.png"},"orderable":true,"show_badge":true,"formatted_price":"24,75&nbsp;\u20ac","formatted_published_date":"11 septembre 1990","publisher_availability_label":"Sur commande","short_details":"Chabot Bella \u2014 Albin Michel","translator":null,"weight":668,"page_count":null,"readership":null,"editor":"Albin Michel","price":2475,"published_date":"1990-09-10T22:00:00.000000Z","support":"Grand format","publisher_availability":1,"stock":0,"editions":[],"url":"https:\/\/quaidesbrumes.com\/ouvrage\/9782226039903\/memoires"},{"id":"9782952195140","title":"Le fraternel rapprochement","description":null,"authors":["Laurent Lasne"],"category_codes":["1000000","1060000","1060300"],"visuals":{"large":"https:\/\/quaidesbrumes.com\/img\/book-placeholder.png","medium":"https:\/\/quaidesbrumes.com\/img\/book-placeholder.png","thumbnail":"https:\/\/quaidesbrumes.com\/img\/book-placeholder.png"},"orderable":true,"show_badge":true,"formatted_price":"20,00&nbsp;\u20ac","formatted_published_date":"1er novembre 2007","publisher_availability_label":"Sur commande","short_details":"Laurent Lasne \u2014 Le Tiers Livre","translator":null,"weight":440,"page_count":null,"readership":null,"editor":"Le Tiers Livre","price":2000,"published_date":"2007-10-31T23:00:00.000000Z","support":"Grand format","publisher_availability":1,"stock":0,"editions":[],"url":"https:\/\/quaidesbrumes.com\/ouvrage\/9782952195140\/le-fraternel-rapprochement"},{"id":"9782329492490","title":"Essay de cosmologie","description":"Essay de cosmologie , par M. de Maupertuis\r\nDate de l'\u00e9dition originale : 1750\r\n\r\nLe pr\u00e9sent ouvrage s'inscrit dans une politique de conservation patrimoniale des ouvrages de la litt\u00e9rature Fran\u00e7aise mise en place avec la BNF. \r\nHACHETTE LIVRE et la BNF proposent ainsi un catalogue de titres indisponibles, la BNF ayant num\u00e9ris\u00e9 ces oeuvres et HACHETTE LIVRE les imprimant \u00e0 la demande. \r\nCertains de ces ouvrages refl\u00e8tent des courants de pens\u00e9e caract\u00e9ristiques de leur \u00e9poque, mais qui seraient aujourd'hui jug\u00e9s condamnables. \r\nIls n'en appartiennent pas moins \u00e0 l'histoire des id\u00e9es en France et sont susceptibles de pr\u00e9senter un int\u00e9r\u00eat scientifique ou historique. \r\nLe sens de notre d\u00e9marche \u00e9ditoriale consiste ainsi \u00e0 permettre l'acc\u00e8s \u00e0 ces oeuvres sans pour autant que nous en cautionnions en aucune fa\u00e7on le contenu. \r\nPour plus d'informations, rendez-vous sur www.hachettebnf.fr","authors":["Moreau De Maupertuis"],"category_codes":["1000000","1060000"],"visuals":{"large":"https:\/\/quaidesbrumes.com\/img\/book-placeholder.png","medium":"https:\/\/quaidesbrumes.com\/img\/book-placeholder.png","thumbnail":"https:\/\/quaidesbrumes.com\/img\/book-placeholder.png"},"orderable":true,"show_badge":true,"formatted_price":"19,50&nbsp;\u20ac","formatted_published_date":"1er octobre 2020","publisher_availability_label":"Sur commande","short_details":"Moreau De Maupertuis \u2014 Hachette BNF","translator":null,"weight":275,"page_count":216,"readership":null,"editor":"Hachette BNF","price":1950,"published_date":"2020-09-30T22:00:00.000000Z","support":"Grand format","publisher_availability":1,"stock":0,"editions":[],"url":"https:\/\/quaidesbrumes.com\/ouvrage\/9782329492490\/essay-de-cosmologie"},{"id":"9782848680224","title":"Est-ce dans ce monde l\u00e0 que nous voulons vivre ?","description":"En pr\u00eatant serment comme magistrat, je ne savais pas que certains soirs j'aurais peur en ouvrant ma porte. En instruisant pendant 7 ann\u00e9es l'affaire Elf, j'ai \u00e9t\u00e9 surveill\u00e9e, intimid\u00e9e et menac\u00e9e de mort. Des campagnes de presse ont \u00e9t\u00e9 lanc\u00e9es pour me d\u00e9stabiliser.  \r\n  Cette instruction d\u00e9voile un monde \u00e9difiant : caisses noires, pr\u00e9l\u00e8vements, soci\u00e9t\u00e9s \u00e9crans, d\u00e9penses priv\u00e9es somptuaires... Une \u00e9lite revendique l'impunit\u00e9 : une mani\u00e8re de vivre au-dessus des lois parce qu'on est plus fort que la loi. En \u00e9crivant ce livre, je veux rendre cette histoire \u00e0 mes contemporains. Nous ne pouvons pas laisser la corruption au coeur du pouvoir, quel qu'il soit. Aussi ce r\u00e9cit est-il un livre d'espoir.  \r\n  Magistrat, Eva Joly est conseiller aupr\u00e8s du ministre de la Justice et du ministre des Affaires \u00e9trang\u00e8res en Norv\u00e8ge.  \r\n  \r\n               Alors que les inculp\u00e9s vedettes de la seconde affaire ELF attendent le verdict, Eva Joly raconte dans un livre les menaces et pressions auxquelles elle a \u00e9t\u00e9 soumise pendant son instruction [...] Ce livre a m","authors":["Eva Joly"],"category_codes":["1000000","1060000"],"visuals":{"large":"https:\/\/images.epagine.fr\/224\/9782848680224_1_75.jpg","medium":"https:\/\/images.epagine.fr\/224\/9782848680224_1_m.jpg","thumbnail":"https:\/\/images.epagine.fr\/224\/9782848680224_1_v.jpg"},"orderable":true,"show_badge":true,"formatted_price":"22,50&nbsp;\u20ac","formatted_published_date":"1er mars 2004","publisher_availability_label":"Sur commande","short_details":"Eva Joly \u2014 EDITIONS DE LA LOUPE","translator":null,"weight":443,"page_count":354,"readership":null,"editor":"EDITIONS DE LA LOUPE","price":2250,"published_date":"2004-02-29T23:00:00.000000Z","support":"Grand format","publisher_availability":1,"stock":0,"editions":[],"url":"https:\/\/quaidesbrumes.com\/ouvrage\/9782848680224\/est-ce-dans-ce-monde-la-que-nous-voulons-vivre"},{"id":"9782810602124","title":"Une \u00e9pop\u00e9e de l\u00e9gende ; Jean-Baptiste Pezon","description":"Une \u00e9pop\u00e9e de l\u00e9gende : les PEZON.\r\n1897... Parmi les lumi\u00e8res de Montmartre, il y a un trou noir ! Une flamme s'est \u00e9teinte. Baptiste Pezon, cr\u00e9ateur des m\u00e9nageries de fauves n'est plus !\r\nUne descendante de Th\u00e9odore Pezon a d\u00e9cid\u00e9 de faire revivre cette \u00e9pop\u00e9e \u00e0 travers une galerie de portraits \u00e9tonnants.\r\nD'origine loz\u00e9rienne, la famille Pezon s'est illustr\u00e9e dans les f\u00eates parisiennes pendant plus de cent ans. V\u00e9ritable dynastie, elle a donn\u00e9 au monde circasien une quinzaine de dompteurs.\r\nCe livre est le premier ouvrage enti\u00e8rement consacr\u00e9 \u00e0 Jean-Baptiste PEZON.\r","authors":["Nathalie Deux"],"category_codes":["1000000","1060000","1060100"],"visuals":{"large":"https:\/\/images.epagine.fr\/124\/9782810602124_1_75.jpg","medium":"https:\/\/images.epagine.fr\/124\/9782810602124_1_m.jpg","thumbnail":"https:\/\/images.epagine.fr\/124\/9782810602124_1_v.jpg"},"orderable":true,"show_badge":true,"formatted_price":"12,90&nbsp;\u20ac","formatted_published_date":"4 mars 2009","publisher_availability_label":"Sur commande","short_details":"Nathalie Deux \u2014 Books on Demand","translator":null,"weight":167,"page_count":88,"readership":null,"editor":"Books on Demand","price":1290,"published_date":"2009-03-03T23:00:00.000000Z","support":"Grand format","publisher_availability":1,"stock":0,"editions":[],"url":"https:\/\/quaidesbrumes.com\/ouvrage\/9782810602124\/une-epopee-de-legende-jean-baptiste-pezon"},{"id":"9782213025902","title":"Leur silence est un cri","description":"Infirmi\u00e8re de l'assistance publique, Marie-Christine Choquet, laur\u00e9ate du Prix international des droits de l'homme en 1986, se consacre depuis des ann\u00e9es aux r\u00e9fugi\u00e9s du monde entier. Au fil des pages de son livre, rassemblant en vrac des t\u00e9moignages divers, po\u00e8me d'enfants et d'adolescents, r\u00e9cits, lettres, commentaires, elle raconte aussi sa propre exp\u00e9rience parmi les r\u00e9fugi\u00e9s, notamment en Somalie, au Honduras et en Tha\u00eflande. Comme son titre l'indique, \u00ab Leur silence est un cri \u00bb, ce livre veut \u00eatre le porte-parole de ceux qui sont sans voix.","authors":["Choquet\/Richard"],"category_codes":["7000000","7020000","7020400","7020403"],"visuals":{"large":"https:\/\/images.epagine.fr\/902\/9782213025902_1_75.jpg","medium":"https:\/\/images.epagine.fr\/902\/9782213025902_1_m.jpg","thumbnail":"https:\/\/images.epagine.fr\/902\/9782213025902_1_v.jpg"},"orderable":true,"show_badge":true,"formatted_price":"20,90&nbsp;\u20ac","formatted_published_date":"26 septembre 1990","publisher_availability_label":"Sur commande","short_details":"Choquet\/Richard \u2014 Fayard","translator":null,"weight":230,"page_count":204,"readership":null,"editor":"Fayard","price":2090,"published_date":"1990-09-25T22:00:00.000000Z","support":"Grand format","publisher_availability":1,"stock":0,"editions":[],"url":"https:\/\/quaidesbrumes.com\/ouvrage\/9782213025902\/leur-silence-est-un-cri"},{"id":"9782329492445","title":"Cours d'op\u00e9rations de chirurgie, d\u00e9montr\u00e9es au Jardin royal","description":"Cours d'op\u00e9rations de chirurgie, d\u00e9montr\u00e9es au Jardin royal, par M. Dionis,...\r\nDate de l'\u00e9dition originale : 1707\r\nLe pr\u00e9sent ouvrage s'inscrit dans une politique de conservation patrimoniale des ouvrages de la litt\u00e9rature Fran\u00e7aise mise en place avec la BNF. \r\nHACHETTE LIVRE et la BNF proposent ainsi un catalogue de titres indisponibles, la BNF ayant num\u00e9ris\u00e9 ces oeuvres et HACHETTE LIVRE les imprimant \u00e0 la demande. \r\nCertains de ces ouvrages refl\u00e8tent des courants de pens\u00e9e caract\u00e9ristiques de leur \u00e9poque, mais qui seraient aujourd'hui jug\u00e9s condamnables. \r\nIls n'en appartiennent pas moins \u00e0 l'histoire des id\u00e9es en France et sont susceptibles de pr\u00e9senter un int\u00e9r\u00eat scientifique ou historique. \r\nLe sens de notre d\u00e9marche \u00e9ditoriale consiste ainsi \u00e0 permettre l'acc\u00e8s \u00e0 ces oeuvres sans pour autant que nous en cautionnions en aucune fa\u00e7on le contenu. \r\nPour plus d'informations, rendez-vous sur www.hachettebnf.fr","authors":["Pierre Dionis"],"category_codes":["1000000","1060000"],"visuals":{"large":"https:\/\/quaidesbrumes.com\/img\/book-placeholder.png","medium":"https:\/\/quaidesbrumes.com\/img\/book-placeholder.png","thumbnail":"https:\/\/quaidesbrumes.com\/img\/book-placeholder.png"},"orderable":true,"show_badge":true,"formatted_price":"42,50&nbsp;\u20ac","formatted_published_date":"1er octobre 2020","publisher_availability_label":"Sur commande","short_details":"Pierre Dionis \u2014 Hachette BNF","translator":null,"weight":1136,"page_count":848,"readership":null,"editor":"Hachette BNF","price":4250,"published_date":"2020-09-30T22:00:00.000000Z","support":"Grand format","publisher_availability":1,"stock":0,"editions":[],"url":"https:\/\/quaidesbrumes.com\/ouvrage\/9782329492445\/cours-doperations-de-chirurgie-demontrees-au-jardin-royal"},{"id":"9782874592898","title":"Je ne suis personne","description":null,"authors":["Laurence L."],"category_codes":["1000000","1010000"],"visuals":{"large":"https:\/\/images.epagine.fr\/898\/9782874592898_1_75.jpg","medium":"https:\/\/images.epagine.fr\/898\/9782874592898_1_m.jpg","thumbnail":"https:\/\/images.epagine.fr\/898\/9782874592898_1_v.jpg"},"orderable":true,"show_badge":true,"formatted_price":"20,40&nbsp;\u20ac","formatted_published_date":"1er avril 2008","publisher_availability_label":"Sur commande","short_details":"Laurence L. \u2014 Chloe Des Lys","translator":null,"weight":150,"page_count":228,"readership":null,"editor":"Chloe Des Lys","price":2040,"published_date":"2008-03-31T22:00:00.000000Z","support":"Grand format","publisher_availability":1,"stock":0,"editions":[],"url":"https:\/\/quaidesbrumes.com\/ouvrage\/9782874592898\/je-ne-suis-personne"},{"id":"9782226060204","title":"Voltaire et frederic ii - tome 1","description":null,"authors":["Roger Peyrefitte"],"category_codes":["1000000","1060000","1060200"],"visuals":{"large":"https:\/\/quaidesbrumes.com\/img\/book-placeholder.png","medium":"https:\/\/quaidesbrumes.com\/img\/book-placeholder.png","thumbnail":"https:\/\/quaidesbrumes.com\/img\/book-placeholder.png"},"orderable":true,"show_badge":true,"formatted_price":"19,40&nbsp;\u20ac","formatted_published_date":"8 octobre 1992","publisher_availability_label":"Sur commande","short_details":"Roger Peyrefitte \u2014 Albin Michel","translator":null,"weight":560,"page_count":null,"readership":null,"editor":"Albin Michel","price":1940,"published_date":"1992-10-07T23:00:00.000000Z","support":"Grand format","publisher_availability":1,"stock":0,"editions":[],"url":"https:\/\/quaidesbrumes.com\/ouvrage\/9782226060204\/voltaire-et-frederic-ii-tome-1"},{"id":"9782329846170","title":"Les \u00e9pistres sainct Pol glosees. Traduit du latin en francois","description":"Les Epistres sainct Pol glosees . Translatees de latin en francois\r\nDate de l'\u00e9dition originale : 1507\r\nLe pr\u00e9sent ouvrage s'inscrit dans une politique de conservation patrimoniale des ouvrages de la litt\u00e9rature Fran\u00e7aise mise en place avec la BNF. \r\nHACHETTE LIVRE et la BNF proposent ainsi un catalogue de titres indisponibles, la BNF ayant num\u00e9ris\u00e9 ces oeuvres et HACHETTE LIVRE les imprimant \u00e0 la demande. \r\nCertains de ces ouvrages refl\u00e8tent des courants de pens\u00e9e caract\u00e9ristiques de leur \u00e9poque, mais qui seraient aujourd'hui jug\u00e9s condamnables. \r\nIls n'en appartiennent pas moins \u00e0 l'histoire des id\u00e9es en France et sont susceptibles de pr\u00e9senter un int\u00e9r\u00eat scientifique ou historique. \r\nLe sens de notre d\u00e9marche \u00e9ditoriale consiste ainsi \u00e0 permettre l'acc\u00e8s \u00e0 ces oeuvres sans pour autant que nous en cautionnions en aucune fa\u00e7on le contenu. \r\nPour plus d'informations, rendez-vous sur www.hachettebnf.fr","authors":["Docteur En Th\u00e9ologie De L'Ordre De Saint"],"category_codes":["1000000","1060000","1060200"],"visuals":{"large":"https:\/\/quaidesbrumes.com\/img\/book-placeholder.png","medium":"https:\/\/quaidesbrumes.com\/img\/book-placeholder.png","thumbnail":"https:\/\/quaidesbrumes.com\/img\/book-placeholder.png"},"orderable":true,"show_badge":true,"formatted_price":"20,50&nbsp;\u20ac","formatted_published_date":"29 d\u00e9cembre 2022","publisher_availability_label":"Sur commande","short_details":"Docteur En Th\u00e9ologie De L'Ordre De Saint \u2014 Hachette BNF","translator":null,"weight":341,"page_count":240,"readership":null,"editor":"Hachette BNF","price":2050,"published_date":"2022-12-28T23:00:00.000000Z","support":"Grand format","publisher_availability":1,"stock":0,"editions":[],"url":"https:\/\/quaidesbrumes.com\/ouvrage\/9782329846170\/les-epistres-sainct-pol-glosees-traduit-du-latin-en-francois"},{"id":"9782329846552","title":"Elemens de l'art veterinaire. essai sur les appareils et sur les bandages propres aux quadrupedes","description":null,"authors":["Chabert Philibert"],"category_codes":["1000000","1060000","1060200"],"visuals":{"large":"https:\/\/quaidesbrumes.com\/img\/book-placeholder.png","medium":"https:\/\/quaidesbrumes.com\/img\/book-placeholder.png","thumbnail":"https:\/\/quaidesbrumes.com\/img\/book-placeholder.png"},"orderable":true,"show_badge":true,"formatted_price":"20,50&nbsp;\u20ac","formatted_published_date":"29 d\u00e9cembre 2022","publisher_availability_label":"Sur commande","short_details":"Chabert Philibert \u2014 Hachette BNF","translator":null,"weight":343,"page_count":null,"readership":null,"editor":"Hachette BNF","price":2050,"published_date":"2022-12-28T23:00:00.000000Z","support":"Grand format","publisher_availability":1,"stock":0,"editions":[],"url":"https:\/\/quaidesbrumes.com\/ouvrage\/9782329846552\/elemens-de-lart-veterinaire-essai-sur-les-appareils-et-sur-les-bandages-propres-aux-quadrupedes"},{"id":"9782226062079","title":"Gouverner autrement Tome 4 ; 1962-1970","description":"De son d\u00e9part de l'H\u00f4tel Matignon, en 1962, \u00e0 la mort du g\u00e9n\u00e9ral de Gaulle, Michel Debr\u00e9 n'a cess\u00e9 d'\u00eatre pr\u00e9sent aux destin\u00e9es de la France. C'est investi de responsabilit\u00e9s minist\u00e9rielles majeures et pleinement conscient des enjeux de la modernit\u00e9 qu'il nous appara\u00eet dans ce quatri\u00e8me tome de ses M\u00e9moires.\r\n\r\nEn effet, de retour au Parlement comme d\u00e9put\u00e9 de La R\u00e9union d\u00e8s 1963, Michel Debr\u00e9 prend, deux ans plus tard, la t\u00eate du minist\u00e8re de l'\u00c9conomie et des Finances. En quelques mois, il r\u00e9ussit \u00e0 modifier en profondeur le paysage \u00e9conomique de la France, cr\u00e9ant, entre autres, la Banque nationale de Paris, la Commission des op\u00e9rations en Bourse, et introduisant sur le march\u00e9 fran\u00e7ais de nouvelles proc\u00e9dures telles que l'offre publique d'achat. Conscient du handicap que des structures archa\u00efques font peser sur l'\u00e9conomie fran\u00e7aise, mais aussi de l'inadaptation de la main-d'oeuvre, il fait adopter la premi\u00e8re loi sur la formation professionnelle.\r\n\r\nLa crise de Mai 1968 met un terme \u00e0 cette ardeur r\u00e9formatrice.\r\nMinistre des Affaires \u00c9trang\u00e8res durant la derni\u00e8re ann\u00e9e de la pr\u00e9sidence du g\u00e9n\u00e9ral de Gaulle, Michel Debr\u00e9 d\u00e9fend sur le front international \"une certaine id\u00e9e de la France\". Ayant vainement tent\u00e9 de dissuader le G\u00e9n\u00e9ral de provoquer le r\u00e9f\u00e9rendum d'avril 1969, il assiste \u00e0 son \u00e9chec et \u00e0 son d\u00e9part. La col\u00e8re le c\u00e8de alors \u00e0 la tristesse, inspirant \u00e0 Michel Debr\u00e9 les plus belles pages de ses M\u00e9moires.\r","authors":["Michel Debr\u00e9"],"category_codes":["1000000","1060000","1060100"],"visuals":{"large":"https:\/\/images.epagine.fr\/079\/9782226062079_1_75.jpg","medium":"https:\/\/images.epagine.fr\/079\/9782226062079_1_m.jpg","thumbnail":"https:\/\/images.epagine.fr\/079\/9782226062079_1_v.jpg"},"orderable":true,"show_badge":true,"formatted_price":"24,75&nbsp;\u20ac","formatted_published_date":"4 f\u00e9vrier 1993","publisher_availability_label":"Sur commande","short_details":"Michel Debr\u00e9 \u2014 Albin Michel","translator":null,"weight":560,"page_count":393,"readership":null,"editor":"Albin Michel","price":2475,"published_date":"1993-02-03T23:00:00.000000Z","support":"Grand format","publisher_availability":1,"stock":0,"editions":[],"url":"https:\/\/quaidesbrumes.com\/ouvrage\/9782226062079\/gouverner-autrement-tome-4-1962-1970"},{"id":"9782329846187","title":"La devise du roy justifiee","description":null,"authors":["Menestrier C-F."],"category_codes":["1000000","1060000","1060200"],"visuals":{"large":"https:\/\/quaidesbrumes.com\/img\/book-placeholder.png","medium":"https:\/\/quaidesbrumes.com\/img\/book-placeholder.png","thumbnail":"https:\/\/quaidesbrumes.com\/img\/book-placeholder.png"},"orderable":true,"show_badge":true,"formatted_price":"20,50&nbsp;\u20ac","formatted_published_date":"29 d\u00e9cembre 2022","publisher_availability_label":"Sur commande","short_details":"Menestrier C-F. \u2014 Hachette BNF","translator":null,"weight":340,"page_count":null,"readership":null,"editor":"Hachette BNF","price":2050,"published_date":"2022-12-28T23:00:00.000000Z","support":"Grand format","publisher_availability":1,"stock":0,"editions":[],"url":"https:\/\/quaidesbrumes.com\/ouvrage\/9782329846187\/la-devise-du-roy-justifiee"},{"id":"9782329846194","title":"La mascarade humaine. 100 grandes compositions","description":null,"authors":["Gavarni"],"category_codes":["1000000","1060000","1060200"],"visuals":{"large":"https:\/\/quaidesbrumes.com\/img\/book-placeholder.png","medium":"https:\/\/quaidesbrumes.com\/img\/book-placeholder.png","thumbnail":"https:\/\/quaidesbrumes.com\/img\/book-placeholder.png"},"orderable":true,"show_badge":true,"formatted_price":"20,50&nbsp;\u20ac","formatted_published_date":"29 d\u00e9cembre 2022","publisher_availability_label":"Sur commande","short_details":"Gavarni \u2014 Hachette BNF","translator":null,"weight":324,"page_count":null,"readership":null,"editor":"Hachette BNF","price":2050,"published_date":"2022-12-28T23:00:00.000000Z","support":"Grand format","publisher_availability":1,"stock":0,"editions":[],"url":"https:\/\/quaidesbrumes.com\/ouvrage\/9782329846194\/la-mascarade-humaine-100-grandes-compositions"},{"id":"9782354852153","title":"Le Pari(s) des cent papiers","description":"Quoi de plus l\u00e9gitime que de donner comme sens \u00e0 sa vie la qu\u00eate d'un avenir meilleur, meilleur que celui que promet la terre de ses anc\u00eatres ?\r\nCet exil d\u00e9cid\u00e9 n'est pas toujours m\u00fb par la seule n\u00e9cessit\u00e9, mais parfois, aussi, par un amour inconditionnel et profond pour la culture que l'on esp\u00e8re d'\u00ab accueil \u00bb...\r\nMais ce voyage est jalonn\u00e9 d'obstacles et le r\u00f4le d'apatride volontaire est ingrat, jug\u00e9 par l'oeil r\u00e9probateur des fr\u00e8res laiss\u00e9s au pays et celui, suspicieux, de l'ex-colonisateur.\r\nCette chronique en noir et blanc d'un parcours du combattant, de l'Afrique \u00e0 l'Europe, livre l'histoire de bien d'autres \u00ab cent papiers \u00bb, proies des profiteurs, de l'Administration, de la pr\u00e9carit\u00e9, de l'indiff\u00e9rence, de l'hostilit\u00e9.\r\nS'accrocher \u00e0 ce r\u00eave, c'est endosser l'habit et les moeurs d'un clandestin, en faisant le pari... de gagner son Paris ! Sans mis\u00e9rabilisme mais au contraire avec humour et passion, l'immigration est ici d\u00e9peinte sous un autre jour.\r\nArm\u00e9 d'un style haut en couleur, entre prose, th\u00e9\u00e2tre, chanson et po\u00e9sie, l'auteur joue de cette langue fran\u00e7aise avec une malice affectueuse pour raconter les joies et les douleurs de cette aventure (sur-)humaine, guid\u00e9e par l'amour et... Jean-Baptiste Poquelin.","authors":["Quidam"],"category_codes":["1000000","1060000","1060300"],"visuals":{"large":"https:\/\/images.epagine.fr\/153\/9782354852153_1_75.jpg","medium":"https:\/\/images.epagine.fr\/153\/9782354852153_1_m.jpg","thumbnail":"https:\/\/images.epagine.fr\/153\/9782354852153_1_v.jpg"},"orderable":true,"show_badge":true,"formatted_price":"22,00&nbsp;\u20ac","formatted_published_date":"1er d\u00e9cembre 2023","publisher_availability_label":"Sur commande","short_details":"Quidam \u2014 JETS D'ENCRE","translator":null,"weight":340,"page_count":302,"readership":null,"editor":"JETS D'ENCRE","price":2200,"published_date":"2023-11-30T23:00:00.000000Z","support":"Grand format","publisher_availability":1,"stock":0,"editions":[],"url":"https:\/\/quaidesbrumes.com\/ouvrage\/9782354852153\/le-paris-des-cent-papiers"},{"id":"9782226070012","title":"Sigmund freud ou les secrets de l'ame","description":null,"authors":["Kobry Yves"],"category_codes":["1000000","1060000","1060200"],"visuals":{"large":"https:\/\/quaidesbrumes.com\/img\/book-placeholder.png","medium":"https:\/\/quaidesbrumes.com\/img\/book-placeholder.png","thumbnail":"https:\/\/quaidesbrumes.com\/img\/book-placeholder.png"},"orderable":true,"show_badge":true,"formatted_price":"21,60&nbsp;\u20ac","formatted_published_date":"13 octobre 1994","publisher_availability_label":"Sur commande","short_details":"Kobry Yves \u2014 Albin Michel","translator":null,"weight":460,"page_count":296,"readership":null,"editor":"Albin Michel","price":2160,"published_date":"1994-10-12T23:00:00.000000Z","support":"Grand format","publisher_availability":1,"stock":0,"editions":[],"url":"https:\/\/quaidesbrumes.com\/ouvrage\/9782226070012\/sigmund-freud-ou-les-secrets-de-lame"},{"id":"9782747594431","title":"C'etait notre grand-pere","description":"Ce livre relate la vie toute simple d'un Fran\u00e7ais n\u00e9 en 1870 et mort en 1950, qui a donc souffert des guerres de 1870-71, de 1914 \u00e0 1918 et de 1939 \u00e0 1945. Il n'a pas \u00e9t\u00e9 un h\u00e9ros de la grande guerre, ni un grand r\u00e9sistant durant l'occupation allemande. Ce fut un homme simple, ardent p\u00e9tainiste en 1940, virulent gaulliste en 1944,... un Fran\u00e7ais moyen, comme peut-\u00eatre votre propre grand-p\u00e8re n\u00e9 dans cette p\u00e9riode.\r","authors":["Ren\u00e9 Valentin"],"category_codes":["1000000","1060000"],"visuals":{"large":"https:\/\/images.epagine.fr\/431\/9782747594431_1_75.jpg","medium":"https:\/\/images.epagine.fr\/431\/9782747594431_1_m.jpg","thumbnail":"https:\/\/images.epagine.fr\/431\/9782747594431_1_v.jpg"},"orderable":true,"show_badge":true,"formatted_price":"22,50&nbsp;\u20ac","formatted_published_date":"2 novembre 2005","publisher_availability_label":"Sur commande","short_details":"Ren\u00e9 Valentin \u2014 \u00c9ditions L'Harmattan","translator":null,"weight":284,"page_count":null,"readership":null,"editor":"\u00c9ditions L'Harmattan","price":2250,"published_date":"2005-11-01T23:00:00.000000Z","support":"Grand format","publisher_availability":1,"stock":0,"editions":[],"url":"https:\/\/quaidesbrumes.com\/ouvrage\/9782747594431\/cetait-notre-grand-pere"},{"id":"9782950027061","title":"Tandem sur la banquise ; Paris-Nordkapp en hiver \u00e0 v\u00e9lo couch\u00e9","description":"C'est pendant mon tour du monde \u00e0 v\u00e9lo, de 1981 \u00e0 1987, que j'ai successivement rencontr\u00e9 un motard qui \u00e9tait all\u00e9 au Cap Nord en hiver, appris l'existence de pneus clout\u00e9s pour v\u00e9los, et essay\u00e9 un v\u00e9lo couch\u00e9. Une id\u00e9e de voyage tr\u00e8s original a donc germ\u00e9. Il ne s'agit ni de tandem ni de banquise au sens strict, mais nous \u00e9tions deux cyclistes et nous avons p\u00e9dal\u00e9 sur d'\u00e9paisses cro\u00fbtes de glace et de neige, par des temp\u00e9ratures oscillant entre -10 et -33\u00b0C, bien au-del\u00e0 du cercle polaire arctique. Nous avons chut\u00e9 douze fois au total, Fran\u00e7oise est tomb\u00e9e malade, j'ai perdu dix kilos, mais nous avons sorti les scandinaves de leur indiff\u00e9rence et d\u00e9montr\u00e9 que le v\u00e9lo, c'est aussi un v\u00e9hicule tous-temps, pourvu qu'on sache en accepter quelques transformations. Bernard Magnouloux, Grand Prix 1989 de l'Aventure Fuji-VSD-France Inter.\r","authors":["Bernard Magnouloux"],"category_codes":["1000000","1060000","1060100"],"visuals":{"large":"https:\/\/images.epagine.fr\/061\/9782950027061_1_75.jpg","medium":"https:\/\/images.epagine.fr\/061\/9782950027061_1_m.jpg","thumbnail":"https:\/\/images.epagine.fr\/061\/9782950027061_1_v.jpg"},"orderable":true,"show_badge":true,"formatted_price":"15,00&nbsp;\u20ac","formatted_published_date":"1er juillet 1990","publisher_availability_label":"Sur commande","short_details":"Bernard Magnouloux \u2014 Vel Editions Bernard Magnouloux","translator":null,"weight":80,"page_count":28,"readership":null,"editor":"Vel Editions Bernard Magnouloux","price":1500,"published_date":"1990-06-30T22:00:00.000000Z","support":"Grand format","publisher_availability":1,"stock":0,"editions":[],"url":"https:\/\/quaidesbrumes.com\/ouvrage\/9782950027061\/tandem-sur-la-banquise-paris-nordkapp-en-hiver-a-velo-couche"},{"id":"9782226074676","title":"Keith richards - une guitare dans les veines","description":null,"authors":["Victor Bockris"],"category_codes":["1000000","1060000","1060200"],"visuals":{"large":"https:\/\/quaidesbrumes.com\/img\/book-placeholder.png","medium":"https:\/\/quaidesbrumes.com\/img\/book-placeholder.png","thumbnail":"https:\/\/quaidesbrumes.com\/img\/book-placeholder.png"},"orderable":true,"show_badge":true,"formatted_price":"23,20&nbsp;\u20ac","formatted_published_date":"13 octobre 1994","publisher_availability_label":"Sur commande","short_details":"Victor Bockris \u2014 Albin Michel","translator":null,"weight":632,"page_count":448,"readership":null,"editor":"Albin Michel","price":2320,"published_date":"1994-10-12T23:00:00.000000Z","support":"Grand format","publisher_availability":1,"stock":0,"editions":[],"url":"https:\/\/quaidesbrumes.com\/ouvrage\/9782226074676\/keith-richards-une-guitare-dans-les-veines"},{"id":"9782226453983","title":"Le Grand Cond\u00e9","description":null,"authors":["Bernard Pujo"],"category_codes":["1000000","1060000","1060200"],"visuals":{"large":"https:\/\/quaidesbrumes.com\/img\/book-placeholder.png","medium":"https:\/\/quaidesbrumes.com\/img\/book-placeholder.png","thumbnail":"https:\/\/quaidesbrumes.com\/img\/book-placeholder.png"},"orderable":true,"show_badge":true,"formatted_price":"25,90&nbsp;\u20ac","formatted_published_date":"20 avril 2021","publisher_availability_label":"Sur commande","short_details":"Bernard Pujo \u2014 Albin Michel","translator":null,"weight":668,"page_count":496,"readership":null,"editor":"Albin Michel","price":2590,"published_date":"2021-04-19T22:00:00.000000Z","support":"Grand format","publisher_availability":1,"stock":0,"editions":[],"url":"https:\/\/quaidesbrumes.com\/ouvrage\/9782226453983\/le-grand-conde"},{"id":"9782226078353","title":"Les chemins du pouvoir - memoires - tome 2","description":null,"authors":["Serge Quadruppani"],"category_codes":["1000000","1060000","1060100"],"visuals":{"large":"https:\/\/quaidesbrumes.com\/img\/book-placeholder.png","medium":"https:\/\/quaidesbrumes.com\/img\/book-placeholder.png","thumbnail":"https:\/\/quaidesbrumes.com\/img\/book-placeholder.png"},"orderable":true,"show_badge":true,"formatted_price":"27,10&nbsp;\u20ac","formatted_published_date":"13 juin 1995","publisher_availability_label":"Sur commande","short_details":"Serge Quadruppani \u2014 Albin Michel","translator":null,"weight":826,"page_count":null,"readership":null,"editor":"Albin Michel","price":2710,"published_date":"1995-06-12T22:00:00.000000Z","support":"Grand format","publisher_availability":1,"stock":0,"editions":[],"url":"https:\/\/quaidesbrumes.com\/ouvrage\/9782226078353\/les-chemins-du-pouvoir-memoires-tome-2"}]}