{"data":[{"id":"9782220035215","title":"Dietrich bonhoeffer","description":null,"authors":["Georges Hourdin"],"category_codes":["1000000","1060000","1060300"],"visuals":{"large":"https:\/\/quaidesbrumes.com\/img\/book-placeholder.png","medium":"https:\/\/quaidesbrumes.com\/img\/book-placeholder.png","thumbnail":"https:\/\/quaidesbrumes.com\/img\/book-placeholder.png"},"orderable":true,"show_badge":true,"formatted_price":"9,29&nbsp;\u20ac","formatted_published_date":"9 mai 1994","publisher_availability_label":"Sur commande","short_details":"Georges Hourdin \u2014 Descl\u00e9e de Brouwer","translator":null,"weight":105,"page_count":121,"readership":null,"editor":"Descl\u00e9e de Brouwer","price":929,"published_date":"1994-05-08T22:00:00.000000Z","support":"Grand format","publisher_availability":1,"stock":0,"editions":[],"url":"https:\/\/quaidesbrumes.com\/ouvrage\/9782220035215\/dietrich-bonhoeffer"},{"id":"9782878675214","title":"L'armenien","description":null,"authors":["Der Ghougassi Heller"],"category_codes":["1000000","1060000","1060100"],"visuals":{"large":"https:\/\/quaidesbrumes.com\/img\/book-placeholder.png","medium":"https:\/\/quaidesbrumes.com\/img\/book-placeholder.png","thumbnail":"https:\/\/quaidesbrumes.com\/img\/book-placeholder.png"},"orderable":true,"show_badge":true,"formatted_price":"15,00&nbsp;\u20ac","formatted_published_date":"21 novembre 2003","publisher_availability_label":"Sur commande","short_details":"Der Ghougassi Heller \u2014 Presses Du Midi","translator":null,"weight":248,"page_count":null,"readership":null,"editor":"Presses Du Midi","price":1500,"published_date":"2003-11-20T23:00:00.000000Z","support":"Grand format","publisher_availability":1,"stock":0,"editions":[],"url":"https:\/\/quaidesbrumes.com\/ouvrage\/9782878675214\/larmenien"},{"id":"9782234024915","title":"Journal de captivit\u00e9 : Stalag XA : 1940-1945","description":"Louis Althusser.\r\nJournal de captivit\u00e9.\r\nStalag XA 1940-1945.\r\nLe philosophe Louis Althusser est mort en 1990. Ses deux autobiographies, L'Avenir dure longtemps et Les Faits, ont connu d\u00e8s leur parution un tr\u00e8s grand retentissement aussi bien en France qu'\u00e0 l'\u00e9tranger. Ce Journal de captivit\u00e9, compl\u00e8tement in\u00e9dit, constitue un compl\u00e9ment indispensable de ces textes exceptionnels.\r\nFait prisonnier en juin 1940 - \u00e0 vingt-deux ans - Louis Althusser arrive en janvier 1941 au Stalag XA \u00e0 Schleswig, au nord de l'Allemagne. Il y restera jusqu'en mai 1945 sous le matricule 70670 et en sortira profond\u00e9ment chang\u00e9. Cette am\u00e8re exp\u00e9rience historique de la captivit\u00e9 a \u00e9t\u00e9 celle de toute une g\u00e9n\u00e9ration et livre un autre aspect, encore mal connu, de la derni\u00e8re guerre.\r\nLouis Althusser rapportera trois carnets dans lesquels il a not\u00e9 et comment\u00e9 sa vie au camp, ses discussions avec ses camarades, ses sentiments, ses lectures, ses r\u00e9flexions aussi bien philosophiques ou religieuses que litt\u00e9raires ou politiques. Ces notes permettent de suivre la formation et l'\u00e9volution de sa pens\u00e9e, en m\u00eame temps qu'elles gardent trace des premi\u00e8res alertes d'une folie dont on sait maintenant quel fut l'aboutissement ultime et tragique. Augment\u00e9 d'extraits de sa correspondance avec ses proches et des textes litt\u00e9raires publi\u00e9s dans la revue du camp, ce Journal de captivit\u00e9 d\u00e9voile \u00e9galement un v\u00e9ritable \u00e9crivain.\r\nLe texte de ce Journal de captivit\u00e9 a \u00e9t\u00e9 \u00e9tabli et pr\u00e9sent\u00e9 par Olivier Corpet et Yann Moulier Boutang.","authors":["Louis Althusser"],"category_codes":["1000000","1060000","1060100"],"visuals":{"large":"https:\/\/images.epagine.fr\/915\/9782234024915_1_75.jpg","medium":"https:\/\/images.epagine.fr\/915\/9782234024915_1_m.jpg","thumbnail":"https:\/\/images.epagine.fr\/915\/9782234024915_1_v.jpg"},"orderable":true,"show_badge":true,"formatted_price":"24,00&nbsp;\u20ac","formatted_published_date":"23 septembre 1992","publisher_availability_label":"Sur commande","short_details":"Louis Althusser \u2014 Stock","translator":null,"weight":458,"page_count":364,"readership":null,"editor":"Stock","price":2400,"published_date":"1992-09-22T22:00:00.000000Z","support":"Grand format","publisher_availability":1,"stock":0,"editions":[],"url":"https:\/\/quaidesbrumes.com\/ouvrage\/9782234024915\/journal-de-captivite-stalag-xa-1940-1945"},{"id":"9782354856717","title":"Sur les traces de l'homme a qui l'on a coupe les pattes","description":"Entour\u00e9 de coll\u00e8gues et sup\u00e9rieurs solidaires et sympathiques, \u00c9ric est \u00e9panoui dans son travail lorsque brutalement la direction d\u00e9shumanise toute la cha\u00eene. Reclassements forc\u00e9s, responsabilit\u00e9s retir\u00e9es, cong\u00e9s annul\u00e9s... la pression monte de jour en jour. \u00c9ric perd peu \u00e0 peu pied. M\u00eame la pr\u00e9paration de marathons, pourtant sa grande passion, ne parvient plus \u00e0 lui faire oublier les pressions et les coups bas de sa hi\u00e9rarchie, qui ne sont pourtant que le d\u00e9but d'une spirale infernale...\r\n\r\nAvec un r\u00e9alisme sobre et subtil, \u00c9ric Sandraz livre un t\u00e9moignage gla\u00e7ant sur un fait de soci\u00e9t\u00e9 bien trop souvent pass\u00e9 sous silence : le burn-out.\r","authors":["Sandraz Eric"],"category_codes":["1000000","1060000"],"visuals":{"large":"https:\/\/images.epagine.fr\/717\/9782354856717_1_75.jpg","medium":"https:\/\/images.epagine.fr\/717\/9782354856717_1_m.jpg","thumbnail":"https:\/\/images.epagine.fr\/717\/9782354856717_1_v.jpg"},"orderable":true,"show_badge":true,"formatted_price":"15,00&nbsp;\u20ac","formatted_published_date":"1er d\u00e9cembre 2015","publisher_availability_label":"Sur commande","short_details":"Sandraz Eric \u2014 JETS D'ENCRE","translator":null,"weight":178,"page_count":126,"readership":null,"editor":"JETS D'ENCRE","price":1500,"published_date":"2015-11-30T23:00:00.000000Z","support":"Grand format","publisher_availability":1,"stock":0,"editions":[],"url":"https:\/\/quaidesbrumes.com\/ouvrage\/9782354856717\/sur-les-traces-de-lhomme-a-qui-lon-a-coupe-les-pattes"},{"id":"9782368683026","title":"Merci la vie !","description":"C'est l'histoire d'une petite fille pas tout \u00e0 fait comme les autres, une petite fille avec un chromosome en plus, dont la naissance va bouleverser toute une famille. D\u00e9ferlante d'\u00e9motions, angoisses, projections, incertitudes... Marathon de rendez-vous m\u00e9dicaux et param\u00e9dicaux... Plong\u00e9e dans les m\u00e9andres labyrinthiques de notre syst\u00e8me administratif... Questionnements sur le sens de la vie, de la sant\u00e9, du handicap...\r\nMais surtout, surtout ! De la tendresse, de la joie, du bonheur en plus !! Une vie plus compliqu\u00e9e peut-\u00eatre, mais tellement plus riche ! Et ceci d\u00e9passe largement tout cela... Oui, car cette petite fille a un secret... Un tr\u00e9sor qu'elle partage avec tous ceux qui l'approchent : ce chromosome suppl\u00e9mentaire, c'est un r\u00e9servoir d'amour inconditionnel ! Un amour qui coule de source, un amour qui se donne sans r\u00e9serve, un amour qui donne envie de chanter et de danser la beaut\u00e9 de la vie, et de partager le secret de ce tr\u00e9sor au monde entier !\r\n\u00ab En ouvrant les yeux, Elo\u00efse m'a vue pench\u00e9e sur elle, et elle m'a souri. D'un sourire profond, doux, confiant et heureux, un sourire \u00e0 vous faire fondre le coeur ! Dans son regard, je voyais tout l'amour qu'elle me portait, et tout l'amour qu'elle recevait de moi. Elle a tendu ses membres vers mon visage, me touchant doucement de ses mains et de ses petits pieds nus, tandis que je la couvrais de bisous, ne perdant pas une miette de ses regards, de ses sourires et de ses babils. C'est cela, mon quotidien avec ma fille. Des petits moments simples et tendres, o\u00f9 m\u00e8re et fille sont heureuses ensemble, tout simplement. Comme n'importe quelle m\u00e8re avec sa fille ! \u00bb \r\nMari\u00e9e, infirmi\u00e8re et d\u00e9j\u00e0 m\u00e8re de trois enfants, Anne-C\u00e9cile Rondepierre a 39 ans quand na\u00eet Elo\u00efse. La vie s'organise autour de cette enfant porteuse de trisomie 21 ; \u00e0 travers l'\u00e9preuve de l'accueil du handicap, la joie rena\u00eet et grandit, comme un cadeau, pour les parents, mais aussi pour la fratrie. C'est alors qu'Anne-C\u00e9cile entend dire, dans une \u00e9mission radiophonique, que l'arriv\u00e9e d'un enfant trisomique est un poison pour une famille. Choqu\u00e9e, elle d\u00e9cide de prendre la plume, pour raconter son exp\u00e9rience, leur exp\u00e9rience familiale, \u00e0 l'oppos\u00e9 de ce discours.","authors":["A.C. Rondepierre"],"category_codes":["1000000","1060000","1060300"],"visuals":{"large":"https:\/\/images.epagine.fr\/026\/9782368683026_1_75.jpg","medium":"https:\/\/images.epagine.fr\/026\/9782368683026_1_m.jpg","thumbnail":"https:\/\/images.epagine.fr\/026\/9782368683026_1_v.jpg"},"orderable":true,"show_badge":true,"formatted_price":"16,00&nbsp;\u20ac","formatted_published_date":"9 d\u00e9cembre 2016","publisher_availability_label":"Sur commande","short_details":"A.C. Rondepierre \u2014 Stellamaris","translator":null,"weight":178,"page_count":127,"readership":null,"editor":"Stellamaris","price":1600,"published_date":"2016-12-08T23:00:00.000000Z","support":"Grand format","publisher_availability":1,"stock":0,"editions":[],"url":"https:\/\/quaidesbrumes.com\/ouvrage\/9782368683026\/merci-la-vie"},{"id":"9782332504739","title":"Ma sortie au jour","description":"Passage de l?ombre \u00e0 la lumi\u00e8re,  Ma Sortie au Jour  est le r\u00e9cit autobiographique d?une jeune femme qui, aux prises avec une enfance et une adolescence difficiles, est parvenue \u00e0 prendre sa destin\u00e9e en main et \u00e0 se construire. Sa foi en la vie lui a donn\u00e9 la force de puiser les ressources pour surmonter ses peurs, ses souffrances et tous les obstacles parsem\u00e9s sur son chemin. C?est cela qu?elle se propose ici de partager.\r\n\u00ab Ce projet qui m?anime fait r\u00e9sonner en moi une certaine appr\u00e9hension car je sais qu?il va me falloir explorer le fin fond de mon \u00eatre pour faire ressurgir la m\u00e9moire perdue, pour me reconnecter \u00e0 moi-m\u00eame. Alors je tergiverse, j?essaye de trouver une \u00e9chappatoire. Pourtant, il me faudra bien commencer ce pourquoi j?ai d\u00e9cid\u00e9 cette pause d?une ann\u00e9e qui d\u00e9bute en Inde, inaugurant un nouveau cycle, la nouvelle \u00e9tape de ma vie. \u00bb\r","authors":["Biard Helene"],"category_codes":["1000000","1060000","1060300"],"visuals":{"large":"https:\/\/images.epagine.fr\/739\/9782332504739_1_75.jpg","medium":"https:\/\/images.epagine.fr\/739\/9782332504739_1_m.jpg","thumbnail":"https:\/\/images.epagine.fr\/739\/9782332504739_1_v.jpg"},"orderable":true,"show_badge":true,"formatted_price":"21,50&nbsp;\u20ac","formatted_published_date":"26 octobre 2012","publisher_availability_label":"Sur commande","short_details":"Biard Helene \u2014 Edilivre","translator":null,"weight":247,"page_count":null,"readership":null,"editor":"Edilivre","price":2150,"published_date":"2012-10-25T22:00:00.000000Z","support":"Grand format","publisher_availability":1,"stock":0,"editions":[],"url":"https:\/\/quaidesbrumes.com\/ouvrage\/9782332504739\/ma-sortie-au-jour"},{"id":"9782016200261","title":"These : de la fidejussion dans le droit romain","description":"Facult\u00e9 de droit de Paris. Th\u00e8se pour le doctorat... par Louis Donzel. De la fid\u00e9jussion dans le droit romain. Des b\u00e9n\u00e9fices accord\u00e9s \u00e0 la caution dans le droit fran\u00e7ais...\r\nDate de l'\u00e9dition originale : 1875 Ce livre est la reproduction fid\u00e8le d'une oeuvre publi\u00e9e avant 1920 et fait partie d'une collection de livres r\u00e9imprim\u00e9s \u00e0 la demande \u00e9dit\u00e9e par Hachette Livre, dans le cadre d'un partenariat avec la Biblioth\u00e8que nationale de France, offrant l'opportunit\u00e9 d'acc\u00e9der \u00e0 des ouvrages anciens et souvent rares issus des fonds patrimoniaux de la BnF.\r\nLes oeuvres faisant partie de cette collection ont \u00e9t\u00e9 num\u00e9ris\u00e9es par la BnF et sont pr\u00e9sentes sur Gallica, sa biblioth\u00e8que num\u00e9rique.\r\n\r\nEn entreprenant de redonner vie \u00e0 ces ouvrages au travers d'une collection de livres r\u00e9imprim\u00e9s \u00e0 la demande, nous leur donnons la possibilit\u00e9 de rencontrer un public \u00e9largi et participons \u00e0 la transmission de connaissances et de savoirs parfois difficilement accessibles.\r\nNous avons cherch\u00e9 \u00e0 concilier la reproduction fid\u00e8le d'un livre ancien \u00e0 partir de sa version num\u00e9ris\u00e9e avec le souci d'un confort de lecture optimal. Nous esp\u00e9rons que les ouvrages de cette nouvelle collection vous apporteront enti\u00e8re satisfaction.\r\n\r\nPour plus d'informations, rendez-vous sur www.hachettebnf.fr\r","authors":["Donzel"],"category_codes":["1000000","1060000","1060200"],"visuals":{"large":"https:\/\/images.epagine.fr\/261\/9782016200261_1_75.jpg","medium":"https:\/\/images.epagine.fr\/261\/9782016200261_1_m.jpg","thumbnail":"https:\/\/images.epagine.fr\/261\/9782016200261_1_v.jpg"},"orderable":true,"show_badge":true,"formatted_price":"18,00&nbsp;\u20ac","formatted_published_date":"1er d\u00e9cembre 2016","publisher_availability_label":"Sur commande","short_details":"Donzel \u2014 Hachette BNF","translator":null,"weight":249,"page_count":null,"readership":null,"editor":"Hachette BNF","price":1800,"published_date":"2016-11-30T23:00:00.000000Z","support":"Grand format","publisher_availability":1,"stock":0,"editions":[],"url":"https:\/\/quaidesbrumes.com\/ouvrage\/9782016200261\/these-de-la-fidejussion-dans-le-droit-romain"},{"id":"9782226323514","title":"\u00e0 destins rompus","description":"\u00ab Cet ouvrage \u00bb, \u00e9crit Benoist-M\u00e9chin, \u00ab est n\u00e9 d'une succession de rencontres : avec des hommes et des villes, avec des temples et des paysages, avec des id\u00e9es et des dieux. \u00bb.\r\n\r\nCar pour le voyageur, pour celui qui n'a d'autre patrie que la route le long de laquelle il avance, les rencontres sont l'aliment essentiel, elles r\u00e9pondent au d\u00e9sir qui l'a fait se mettre en chemin. Alors, du tombeau de Mustapha K\u00e9mal aux ruines de l'antique Palmyre, du souvenir des terribles Janissaires \u00e0 celui d'Antiochus, roi de Commag\u00e8ne, ou \u00e0 celui du glorieux Tamerlan, de l'Arabie \u00ab carrefour des si\u00e8cles \u00bb au golfe Persique, devenu h\u00e9las la \u00ab C\u00f4te des convoitises \u00bb, le lecteur voit se dessiner un merveilleux itin\u00e9raire, \u00e0 demi r\u00eav\u00e9, \u00e0 demi r\u00e9el, riche d'\u00e9vocations, d'anecdotes, de tableaux impressionnants.\r\n\r\nOn ne sait ce qui para\u00eet le plus admirable, chez l'auteur d'Un printemps arabe - dont ce livre constitue en quelque sorte le compl\u00e9ment -, de la prodigieuse culture historique, de la connaissance des probl\u00e8mes les plus actuels et les plus br\u00fblants, en Asie Mineure comme au Porche-Orient, ou de la beaut\u00e9 d'une langue qu'on ne peut s'emp\u00eacher de comparer \u00e0 celle d'un voyageur \u00ab romantique \u00bb : Chateaubriand.\r\n\r\nSi, pour Benoist-M\u00e9chin, \u00ab l'Histoire n'est qu'une suite de destins rompus \u00bb, il sait mieux que tout autre redonner un \u00e9clat, une valeur humaine et une continuit\u00e9 \u00e0 ces grandes figures antiques, m\u00e9di\u00e9vales ou modernes, dont il a retrouv\u00e9 la trace, \u00e9cout\u00e9 le souffle, dans la solennit\u00e9 des pierres ou le silence des sables.\r","authors":["Jacques Benoist-M\u00e9chin"],"category_codes":["1000000","1060000","1060300"],"visuals":{"large":"https:\/\/images.epagine.fr\/514\/9782226323514_1_75.jpg","medium":"https:\/\/images.epagine.fr\/514\/9782226323514_1_m.jpg","thumbnail":"https:\/\/images.epagine.fr\/514\/9782226323514_1_v.jpg"},"orderable":true,"show_badge":true,"formatted_price":"25,50&nbsp;\u20ac","formatted_published_date":"1er novembre 2016","publisher_availability_label":"Sur commande","short_details":"Jacques Benoist-M\u00e9chin \u2014 Albin Michel","translator":null,"weight":390,"page_count":350,"readership":null,"editor":"Albin Michel","price":2550,"published_date":"2016-10-31T23:00:00.000000Z","support":"Grand format","publisher_availability":1,"stock":0,"editions":[],"url":"https:\/\/quaidesbrumes.com\/ouvrage\/9782226323514\/a-destins-rompus"},{"id":"9782226002273","title":"Avec L\u00e9on Tolsto\u00ef","description":null,"authors":["Tatiana Tolsto\u00ef"],"category_codes":["1000000","1060000","1060100"],"visuals":{"large":"https:\/\/quaidesbrumes.com\/img\/book-placeholder.png","medium":"https:\/\/quaidesbrumes.com\/img\/book-placeholder.png","thumbnail":"https:\/\/quaidesbrumes.com\/img\/book-placeholder.png"},"orderable":true,"show_badge":true,"formatted_price":"18,25&nbsp;\u20ac","formatted_published_date":"1er janvier 2000","publisher_availability_label":"Sur commande","short_details":"Tatiana Tolsto\u00ef \u2014 Albin Michel","translator":null,"weight":493,"page_count":320,"readership":null,"editor":"Albin Michel","price":1825,"published_date":"1999-12-31T23:00:00.000000Z","support":"Grand format","publisher_availability":1,"stock":0,"editions":[],"url":"https:\/\/quaidesbrumes.com\/ouvrage\/9782226002273\/avec-leon-tolstoi"},{"id":"9782329374161","title":"Le Parfait capitaine ou Abr\u00e9g\u00e9 des guerres des Commentaires de C\u00e9sar","description":"Le Parfait capitaine, ou Abr\u00e9g\u00e9 des guerres des Commentaires de C\u00e9sar Date de l'\u00e9dition originale : 1744 Le pr\u00e9sent ouvrage s'inscrit dans une politique de conservation patrimoniale des ouvrages de la litt\u00e9rature Fran\u00e7aise mise en place avec la BNF. \r\nHACHETTE LIVRE et la BNF proposent ainsi un catalogue de titres indisponibles, la BNF ayant num\u00e9ris\u00e9 ces oeuvres et HACHETTE LIVRE les imprimant \u00e0 la demande. \r\nCertains de ces ouvrages refl\u00e8tent des courants de pens\u00e9e caract\u00e9ristiques de leur \u00e9poque, mais qui seraient aujourd'hui jug\u00e9s condamnables. \r\nIls n'en appartiennent pas moins \u00e0 l'histoire des id\u00e9es en France et sont susceptibles de pr\u00e9senter un int\u00e9r\u00eat scientifique ou historique. \r\nLe sens de notre d\u00e9marche \u00e9ditoriale consiste ainsi \u00e0 permettre l'acc\u00e8s \u00e0 ces oeuvres sans pour autant que nous en cautionnions en aucune fa\u00e7on le contenu. \r\nPour plus d'informations, rendez-vous sur www.hachettebnf.fr","authors":["Rohan Henri"],"category_codes":["1000000","1060000"],"visuals":{"large":"https:\/\/images.epagine.fr\/161\/9782329374161_1_75.jpg","medium":"https:\/\/images.epagine.fr\/161\/9782329374161_1_m.jpg","thumbnail":"https:\/\/images.epagine.fr\/161\/9782329374161_1_v.jpg"},"orderable":true,"show_badge":true,"formatted_price":"24,50&nbsp;\u20ac","formatted_published_date":"1er janvier 2020","publisher_availability_label":"Sur commande","short_details":"Rohan Henri \u2014 Hachette BNF","translator":null,"weight":487,"page_count":356,"readership":null,"editor":"Hachette BNF","price":2450,"published_date":"2019-12-31T23:00:00.000000Z","support":"Grand format","publisher_availability":1,"stock":0,"editions":[],"url":"https:\/\/quaidesbrumes.com\/ouvrage\/9782329374161\/le-parfait-capitaine-ou-abrege-des-guerres-des-commentaires-de-cesar"},{"id":"9782012776685","title":"Vie, travaux et doctrine scientifique d'etienne geoffroy saint-hilaire (ed.1847)","description":"Vie, travaux et doctrine scientifique d'\u00c9tienne Geoffroy Saint-Hilaire \/ par son fils, M. Isidore Geoffroy Saint-Hilaire,.. http:\/\/gallica.bnf.fr\/ark:\/12148\/bpt6k862567\r","authors":["Geoffroy Saint-Hilai"],"category_codes":["1000000","1060000","1060200"],"visuals":{"large":"https:\/\/images.epagine.fr\/685\/9782012776685_1_75.jpg","medium":"https:\/\/images.epagine.fr\/685\/9782012776685_1_m.jpg","thumbnail":"https:\/\/images.epagine.fr\/685\/9782012776685_1_v.jpg"},"orderable":true,"show_badge":true,"formatted_price":"30,00&nbsp;\u20ac","formatted_published_date":"1er mai 2012","publisher_availability_label":"Sur commande","short_details":"Geoffroy Saint-Hilai \u2014 Hachette BNF","translator":null,"weight":679,"page_count":null,"readership":null,"editor":"Hachette BNF","price":3000,"published_date":"2012-04-30T22:00:00.000000Z","support":"Grand format","publisher_availability":1,"stock":0,"editions":[],"url":"https:\/\/quaidesbrumes.com\/ouvrage\/9782012776685\/vie-travaux-et-doctrine-scientifique-detienne-geoffroy-saint-hilaire-ed1847"},{"id":"9782296043701","title":"Arabie heureuse ; un homme... un pays","description":"La tentative de r\u00e9unification d'un pays coup\u00e9 en deux r\u00e9gimes oppos\u00e9s id\u00e9ologiquement n'a pas r\u00e9ussi. Un homme, chef de l'un des deux Etats, rel\u00e8ve les d\u00e9fis impos\u00e9s par ses adversaires. Il parvient, non sans r\u00e9pondre par les armes \u00e0 l'attaque dont il fait l'objet, \u00e0 r\u00e9unifier le Nord et le Sud pour la plus grande satisfaction de son peuple. Reste \u00e0 savoir si l'unit\u00e9 retrouv\u00e9e d'un pays unique par sa g\u00e9ographie, sa langue, ses traditions, sa religion ne sera pas en butte \u00e0 d'autres attaques qui tenteraient de modifier sa marche vers la d\u00e9mocratie.\r","authors":["Marcel g. Laugel"],"category_codes":["1000000","1060000","1060100"],"visuals":{"large":"https:\/\/images.epagine.fr\/701\/9782296043701_1_75.jpg","medium":"https:\/\/images.epagine.fr\/701\/9782296043701_1_m.jpg","thumbnail":"https:\/\/images.epagine.fr\/701\/9782296043701_1_v.jpg"},"orderable":true,"show_badge":true,"formatted_price":"17,50&nbsp;\u20ac","formatted_published_date":"25 octobre 2007","publisher_availability_label":"Sur commande","short_details":"Marcel g. Laugel \u2014 \u00c9ditions L'Harmattan","translator":null,"weight":240,"page_count":176,"readership":null,"editor":"\u00c9ditions L'Harmattan","price":1750,"published_date":"2007-10-24T22:00:00.000000Z","support":"Grand format","publisher_availability":1,"stock":0,"editions":[],"url":"https:\/\/quaidesbrumes.com\/ouvrage\/9782296043701\/arabie-heureuse-un-homme-un-pays"},{"id":"9782013464123","title":"Le martyre et la mort du bizet, poeme heroi-comique","description":"Le Martyre et la mort du bizet, po\u00e8me h\u00e9ro\u00ef-comique, par un homme d'\u00c9tat (L. de Chanlaire). D\u00e9di\u00e9... \u00e0 S. E. Monseigneur le baron Thiers,...\r\nDate de l'\u00e9dition originale : 1840 Ce livre est la reproduction fid\u00e8le d'une oeuvre publi\u00e9e avant 1920 et fait partie d'une collection de livres r\u00e9imprim\u00e9s \u00e0 la demande \u00e9dit\u00e9e par Hachette Livre, dans le cadre d'un partenariat avec la Biblioth\u00e8que nationale de France, offrant l'opportunit\u00e9 d'acc\u00e9der \u00e0 des ouvrages anciens et souvent rares issus des fonds patrimoniaux de la BnF.\r\nLes oeuvres faisant partie de cette collection ont \u00e9t\u00e9 num\u00e9ris\u00e9es par la BnF et sont pr\u00e9sentes sur Gallica, sa biblioth\u00e8que num\u00e9rique.\r\n\r\nEn entreprenant de redonner vie \u00e0 ces ouvrages au travers d'une collection de livres r\u00e9imprim\u00e9s \u00e0 la demande, nous leur donnons la possibilit\u00e9 de rencontrer un public \u00e9largi et participons \u00e0 la transmission de connaissances et de savoirs parfois difficilement accessibles.\r\nNous avons cherch\u00e9 \u00e0 concilier la reproduction fid\u00e8le d'un livre ancien \u00e0 partir de sa version num\u00e9ris\u00e9e avec le souci d'un confort de lecture optimal. Nous esp\u00e9rons que les ouvrages de cette nouvelle collection vous apporteront enti\u00e8re satisfaction.\r\n\r\nPour plus d'informations, rendez-vous sur www.hachettebnf.fr\r","authors":["Chanlaire Leon"],"category_codes":["1000000","1060000","1060200"],"visuals":{"large":"https:\/\/images.epagine.fr\/123\/9782013464123_1_75.jpg","medium":"https:\/\/images.epagine.fr\/123\/9782013464123_1_m.jpg","thumbnail":"https:\/\/images.epagine.fr\/123\/9782013464123_1_v.jpg"},"orderable":true,"show_badge":true,"formatted_price":"9,50&nbsp;\u20ac","formatted_published_date":"1er octobre 2014","publisher_availability_label":"Sur commande","short_details":"Chanlaire Leon \u2014 Hachette BNF","translator":null,"weight":70,"page_count":null,"readership":null,"editor":"Hachette BNF","price":950,"published_date":"2014-09-30T22:00:00.000000Z","support":"Grand format","publisher_availability":1,"stock":0,"editions":[],"url":"https:\/\/quaidesbrumes.com\/ouvrage\/9782013464123\/le-martyre-et-la-mort-du-bizet-poeme-heroi-comique"},{"id":"9782329846149","title":"Tableaux de la bonne compagnie. tome 1","description":null,"authors":["Retif De La Bretonne"],"category_codes":["1000000","1060000","1060200"],"visuals":{"large":"https:\/\/quaidesbrumes.com\/img\/book-placeholder.png","medium":"https:\/\/quaidesbrumes.com\/img\/book-placeholder.png","thumbnail":"https:\/\/quaidesbrumes.com\/img\/book-placeholder.png"},"orderable":true,"show_badge":true,"formatted_price":"20,50&nbsp;\u20ac","formatted_published_date":"29 d\u00e9cembre 2022","publisher_availability_label":"Sur commande","short_details":"Retif De La Bretonne \u2014 Hachette BNF","translator":null,"weight":338,"page_count":null,"readership":null,"editor":"Hachette BNF","price":2050,"published_date":"2022-12-28T23:00:00.000000Z","support":"Grand format","publisher_availability":1,"stock":0,"editions":[],"url":"https:\/\/quaidesbrumes.com\/ouvrage\/9782329846149\/tableaux-de-la-bonne-compagnie-tome-1"},{"id":"9782747584081","title":"Des petits chefs aux managers de proximite - l'evolution des roles de la maitrise dans l'industrie","description":"L'encadrement interm\u00e9diaire dans l'industrie, ceux qu'on appelait autrefois les petits chefs sont au coeur des mutations industrielles et des transformations du travail. La r\u00e9flexion porte sur le d\u00e9passement du taylorisme dans l'industrie et sur le recul de la division du travail dans des organisations productives o\u00f9 l'encadrement interm\u00e9diaire est en premi\u00e8re ligne. C'est la question du changement de comportement d'une cat\u00e9gorie cl\u00e9 des organisations qui est pos\u00e9e.\r","authors":["Labit\/Bellini"],"category_codes":["8000000","8040000","8040200"],"visuals":{"large":"https:\/\/images.epagine.fr\/081\/9782747584081_1_75.jpg","medium":"https:\/\/images.epagine.fr\/081\/9782747584081_1_m.jpg","thumbnail":"https:\/\/images.epagine.fr\/081\/9782747584081_1_v.jpg"},"orderable":true,"show_badge":true,"formatted_price":"27,00&nbsp;\u20ac","formatted_published_date":"15 mai 2005","publisher_availability_label":"Sur commande","short_details":"Labit\/Bellini \u2014 \u00c9ditions L'Harmattan","translator":null,"weight":325,"page_count":null,"readership":null,"editor":"\u00c9ditions L'Harmattan","price":2700,"published_date":"2005-05-14T22:00:00.000000Z","support":"Grand format","publisher_availability":1,"stock":0,"editions":[],"url":"https:\/\/quaidesbrumes.com\/ouvrage\/9782747584081\/des-petits-chefs-aux-managers-de-proximite-levolution-des-roles-de-la-maitrise-dans-lindustrie"},{"id":"9782912868473","title":"Sa\u00efd Mekbel : une mort \u00e0 la lettre","description":"Ce qui me pr\u00e9occupe sans cesse est la question de savoir pourquoi on nous tue ? Pourquoi on meurt ? Et pourquoi nous ? Sa\u00efd Mekbel. Intellectuel et journaliste alg\u00e9rien, n\u00e9 \u00e0 B\u00e9ja\u00efa le 30 mars 1940, assassin\u00e9 \u00e0 Alger le 3 d\u00e9cembre 1994.\r","authors":["Monique Borgman"],"category_codes":["1000000","1060000","1060300"],"visuals":{"large":"https:\/\/images.epagine.fr\/473\/9782912868473_1_75.jpg","medium":"https:\/\/images.epagine.fr\/473\/9782912868473_1_m.jpg","thumbnail":"https:\/\/images.epagine.fr\/473\/9782912868473_1_v.jpg"},"orderable":true,"show_badge":true,"formatted_price":"16,00&nbsp;\u20ac","formatted_published_date":"16 janvier 2008","publisher_availability_label":"Sur commande","short_details":"Monique Borgman \u2014 Teraedre","translator":null,"weight":240,"page_count":141,"readership":null,"editor":"Teraedre","price":1600,"published_date":"2008-01-15T23:00:00.000000Z","support":"Grand format","publisher_availability":1,"stock":0,"editions":[],"url":"https:\/\/quaidesbrumes.com\/ouvrage\/9782912868473\/said-mekbel-une-mort-a-la-lettre"},{"id":"9782329846156","title":"Etrennes utiles et n\u00e9c\u00e9ssaires aux commer\u00e7ans et voyageurs","description":"Etrennes utiles et n\u00e9c\u00e9ssaires aux commer\u00e7ans et voyageurs, ou Indicateur fid\u00e8le enseignant toutes les routes royales et particuli\u00e8res de la France, et les chemins de communication qui traversent les grandes routes, les villes, bourgs, villages, hameaux, ch\u00e2teaux, abbayes, hotelleries, rivi\u00e8res, bois, et les limites de chaque province, distingu\u00e9es... (Derni\u00e8re \u00e9dition corrig\u00e9e et augment\u00e9e)\r\nDate de l'\u00e9dition originale : 1793\r\nLe pr\u00e9sent ouvrage s'inscrit dans une politique de conservation patrimoniale des ouvrages de la litt\u00e9rature Fran\u00e7aise mise en place avec la BNF. \r\nHACHETTE LIVRE et la BNF proposent ainsi un catalogue de titres indisponibles, la BNF ayant num\u00e9ris\u00e9 ces oeuvres et HACHETTE LIVRE les imprimant \u00e0 la demande. \r\nCertains de ces ouvrages refl\u00e8tent des courants de pens\u00e9e caract\u00e9ristiques de leur \u00e9poque, mais qui seraient aujourd'hui jug\u00e9s condamnables. \r\nIls n'en appartiennent pas moins \u00e0 l'histoire des id\u00e9es en France et sont susceptibles de pr\u00e9senter un int\u00e9r\u00eat scientifique ou historique. \r\nLe sens de notre d\u00e9marche \u00e9ditoriale consiste ainsi \u00e0 permettre l'acc\u00e8s \u00e0 ces oeuvres sans pour autant que nous en cautionnions en aucune fa\u00e7on le contenu. \r\nPour plus d'informations, rendez-vous sur www.hachettebnf.fr","authors":["Collectif"],"category_codes":["1000000","1060000","1060200"],"visuals":{"large":"https:\/\/quaidesbrumes.com\/img\/book-placeholder.png","medium":"https:\/\/quaidesbrumes.com\/img\/book-placeholder.png","thumbnail":"https:\/\/quaidesbrumes.com\/img\/book-placeholder.png"},"orderable":true,"show_badge":true,"formatted_price":"20,50&nbsp;\u20ac","formatted_published_date":"29 d\u00e9cembre 2022","publisher_availability_label":"Sur commande","short_details":"Collectif \u2014 Hachette BNF","translator":null,"weight":341,"page_count":240,"readership":null,"editor":"Hachette BNF","price":2050,"published_date":"2022-12-28T23:00:00.000000Z","support":"Grand format","publisher_availability":1,"stock":0,"editions":[],"url":"https:\/\/quaidesbrumes.com\/ouvrage\/9782329846156\/etrennes-utiles-et-necessaires-aux-commercans-et-voyageurs"},{"id":"9782019494155","title":"Petite Lettre \u00e0 un grand homme sur une m\u00e9morable harangue","description":"Petite Lettre \u00e0 un grand homme sur une m\u00e9morable harangue (par L.-G. J.-M. B\u00e9naben)\r\nDate de l'\u00e9dition originale : 1816\r\n\r\nLe pr\u00e9sent ouvrage s'inscrit dans une politique de conservation patrimoniale des ouvrages de la litt\u00e9rature Fran\u00e7aise mise en place avec la BNF.\r\nHACHETTE LIVRE et la BNF proposent ainsi un catalogue de titres indisponibles, la BNF ayant num\u00e9ris\u00e9 ces oeuvres et HACHETTE LIVRE les imprimant \u00e0 la demande.\r\nCertains de ces ouvrages refl\u00e8tent des courants de pens\u00e9e caract\u00e9ristiques de leur \u00e9poque, mais qui seraient aujourd'hui jug\u00e9s condamnables.\r\nIls n'en appartiennent pas moins \u00e0 l'histoire des id\u00e9es en France et sont susceptibles de pr\u00e9senter un int\u00e9r\u00eat scientifique ou historique.\r\nLe sens de notre d\u00e9marche \u00e9ditoriale consiste ainsi \u00e0 permettre l'acc\u00e8s \u00e0 ces oeuvres sans pour autant que nous en cautionnions en aucune fa\u00e7on le contenu.\r\n\r\nPour plus d'informations, rendez-vous sur www.hachettebnf.fr","authors":["Benaben Louis"],"category_codes":["1000000","1060000","1060200"],"visuals":{"large":"https:\/\/images.epagine.fr\/155\/9782019494155_1_75.jpg","medium":"https:\/\/images.epagine.fr\/155\/9782019494155_1_m.jpg","thumbnail":"https:\/\/images.epagine.fr\/155\/9782019494155_1_v.jpg"},"orderable":true,"show_badge":true,"formatted_price":"9,50&nbsp;\u20ac","formatted_published_date":"1er octobre 2016","publisher_availability_label":"Sur commande","short_details":"Benaben Louis \u2014 Hachette BNF","translator":null,"weight":62,"page_count":30,"readership":null,"editor":"Hachette BNF","price":950,"published_date":"2016-09-30T22:00:00.000000Z","support":"Grand format","publisher_availability":1,"stock":0,"editions":[],"url":"https:\/\/quaidesbrumes.com\/ouvrage\/9782019494155\/petite-lettre-a-un-grand-homme-sur-une-memorable-harangue"},{"id":"9782881088995","title":"Post mortem","description":null,"authors":["Carlos Bauverd"],"category_codes":["1000000","1060000","1060100"],"visuals":{"large":"https:\/\/images.epagine.fr\/995\/9782881088995_1_75.jpg","medium":"https:\/\/images.epagine.fr\/995\/9782881088995_1_m.jpg","thumbnail":"https:\/\/images.epagine.fr\/995\/9782881088995_1_v.jpg"},"orderable":true,"show_badge":true,"formatted_price":"11,90&nbsp;\u20ac","formatted_published_date":"1er octobre 2009","publisher_availability_label":"Sur commande","short_details":"Carlos Bauverd \u2014 Editions De L'Aire","translator":null,"weight":147,"page_count":136,"readership":"Tout public","editor":"Editions De L'Aire","price":1190,"published_date":"2009-09-30T22:00:00.000000Z","support":"Grand format","publisher_availability":1,"stock":0,"editions":[],"url":"https:\/\/quaidesbrumes.com\/ouvrage\/9782881088995\/post-mortem"},{"id":"9782343176802","title":"Inspir\u00e9s ; vies hell\u00e9niques","description":"Cet ouvrage bilingue, au format r\u00e9versible, propose un regroupement de textes en grec et en fran\u00e7ais, ayant pour sujet les grands noms de l'Antiquit\u00e9. De Phidias, l'artiste, au philosophe Z\u00e9non d'\u00c9l\u00e9e en passant par le l\u00e9gislateur Solon, revivez la Gr\u00e8ce ancienne au travers de sept nouvelles inspir\u00e9es et inspirantes.","authors":["Aikaterini Lefka"],"category_codes":["1000000","1060000"],"visuals":{"large":"https:\/\/images.epagine.fr\/802\/9782343176802_1_75.jpg","medium":"https:\/\/images.epagine.fr\/802\/9782343176802_1_m.jpg","thumbnail":"https:\/\/images.epagine.fr\/802\/9782343176802_1_v.jpg"},"orderable":true,"show_badge":true,"formatted_price":"27,00&nbsp;\u20ac","formatted_published_date":"17 septembre 2019","publisher_availability_label":"Sur commande","short_details":"Aikaterini Lefka \u2014 \u00c9ditions L'Harmattan","translator":null,"weight":339,"page_count":266,"readership":null,"editor":"\u00c9ditions L'Harmattan","price":2700,"published_date":"2019-09-16T22:00:00.000000Z","support":"Grand format","publisher_availability":1,"stock":0,"editions":[],"url":"https:\/\/quaidesbrumes.com\/ouvrage\/9782343176802\/inspires-vies-helleniques"},{"id":"9782221056127","title":"Top niveau","description":null,"authors":["Yvon Samuel"],"category_codes":["1000000","1060000","1060300"],"visuals":{"large":"https:\/\/quaidesbrumes.com\/img\/book-placeholder.png","medium":"https:\/\/quaidesbrumes.com\/img\/book-placeholder.png","thumbnail":"https:\/\/quaidesbrumes.com\/img\/book-placeholder.png"},"orderable":true,"show_badge":true,"formatted_price":"25,00&nbsp;\u20ac","formatted_published_date":"22 novembre 1988","publisher_availability_label":"Sur commande","short_details":"Yvon Samuel \u2014 Robert Laffont","translator":null,"weight":605,"page_count":null,"readership":null,"editor":"Robert Laffont","price":2500,"published_date":"1988-11-21T23:00:00.000000Z","support":"Grand format","publisher_availability":1,"stock":0,"editions":[],"url":"https:\/\/quaidesbrumes.com\/ouvrage\/9782221056127\/top-niveau"},{"id":"9782226025333","title":"Voltaire, sa jeunesse et son temps Tome 2","description":"On a souvent appel\u00e9 Roger Peyrefitte \u00ab le Voltaire moderne \u00bb par rapport \u00e0 ce que son style, son tour d'esprit, son ironie et le ton de son oeuvre peuvent \u00e9voquer de son illustre devancier. Mais c'est pour des raisons plus profondes qu'il devient maintenant son biographe. Voltaire \u00e9tait son h\u00e9ros fran\u00e7ais, comme Alexandre le Grand son h\u00e9ros grec. Apr\u00e8s s'\u00eatre acquitt\u00e9 envers l'un par une trilogie m\u00e9morable, il aborde aujourd'hui celui que Goethe a qualifi\u00e9 \u00ab le Fran\u00e7ais supr\u00eame, le plus grand \u00e9crivain de tous les temps \u00bb.\r\n\r\nL'amour qu'il lui porte depuis son enfance, et qu'il entretient par un commerce continuel avec les ouvrages de l'auteur de Candide, n'est \u00e9videmment pas aveugle, mais \u00e9clair\u00e9. Les lumi\u00e8res qu'il jette sur des aspects de sa vie et de son entourage, font de ce livre quelque chose de tout \u00e0 fait nouveau. Le Voltaire qu'il nous campe, dans \u00ab sa jeunesse et son temps \u00bb, n'est pas un Voltaire traditionnel, mais inattendu et parfois scandaleux, c'est-\u00e0-dire authentique. Le XVIIIe si\u00e8cle est la p\u00e9riode litt\u00e9raire fran\u00e7aise la plus particuli\u00e8rement ch\u00e8re \u00e0 l'auteur de la Jeunesse d'Alexandre. Il \u00e9tait donc \u00e0 son aise, \u00e0 travers m\u00e9morialistes, historiens et chansonniers de cette \u00e9poque, pour la faire revivre avec minutie, sans pr\u00e9jug\u00e9 et sans fard. Homme de la libert\u00e9, il lib\u00e8re de leurs masques Voltaire et son temps.\r","authors":["Roger Peyrefitte"],"category_codes":["1000000","1060000","1060100"],"visuals":{"large":"https:\/\/images.epagine.fr\/333\/9782226025333_1_75.jpg","medium":"https:\/\/images.epagine.fr\/333\/9782226025333_1_m.jpg","thumbnail":"https:\/\/images.epagine.fr\/333\/9782226025333_1_v.jpg"},"orderable":true,"show_badge":true,"formatted_price":"19,40&nbsp;\u20ac","formatted_published_date":"8 octobre 1992","publisher_availability_label":"Sur commande","short_details":"Roger Peyrefitte \u2014 Albin Michel","translator":null,"weight":619,"page_count":390,"readership":null,"editor":"Albin Michel","price":1940,"published_date":"1992-10-07T23:00:00.000000Z","support":"Grand format","publisher_availability":1,"stock":0,"editions":[],"url":"https:\/\/quaidesbrumes.com\/ouvrage\/9782226025333\/voltaire-sa-jeunesse-et-son-temps-tome-2"},{"id":"9782226027962","title":"Memoires","description":null,"authors":["Macriyannis General"],"category_codes":["1000000","1060000","1060100"],"visuals":{"large":"https:\/\/quaidesbrumes.com\/img\/book-placeholder.png","medium":"https:\/\/quaidesbrumes.com\/img\/book-placeholder.png","thumbnail":"https:\/\/quaidesbrumes.com\/img\/book-placeholder.png"},"orderable":true,"show_badge":true,"formatted_price":"29,40&nbsp;\u20ac","formatted_published_date":"10 f\u00e9vrier 1987","publisher_availability_label":"Sur commande","short_details":"Macriyannis General \u2014 Albin Michel","translator":null,"weight":744,"page_count":null,"readership":null,"editor":"Albin Michel","price":2940,"published_date":"1987-02-09T23:00:00.000000Z","support":"Grand format","publisher_availability":1,"stock":0,"editions":[],"url":"https:\/\/quaidesbrumes.com\/ouvrage\/9782226027962\/memoires"},{"id":"9782709628280","title":"Tendre violence","description":"D\u00e9but des ann\u00e9es 80. Raffa\u00ebla vit dans une famille pseudo musulmane \u00e0 Gagny, dans la banlieue parisienne. Pseudo car on y pratique l'Islam des cit\u00e9s. Celui qui emprisonne les filles, interdit leurs r\u00eaves et quelquefois, leur vole leur enfance. A cinq ans , Raffa\u00ebla a d\u00e9j\u00e0 une vie d'adulte derri\u00e8re elle. Et des blessures qu'il va falloir oublier pour vivre.Tendre violence est le t\u00e9moignage vibrant et sans complaisance d'une enfance maltrait\u00e9e, fracass\u00e9e, rong\u00e9e par un secret trop lourd. C'est aussi le cheminement d?une jeune fille \u00e9lev\u00e9e dans le tabou de la sexualit\u00e9 et qui choisit de devenir actrice de cin\u00e9ma porno. C'est le destin d'une femme amoureuse sans cesse rattrap\u00e9e par la violence y compris quand tout lui semble enfin doux. Peut-on \u00e9chapper \u00e0 son pass\u00e9 ? Peut-on sortir du cercle infernal ?","authors":["Raffa\u00ebla Anderson"],"category_codes":["9000000","9120000","9120200","9120204"],"visuals":{"large":"https:\/\/images.epagine.fr\/280\/9782709628280_1_75.jpg","medium":"https:\/\/images.epagine.fr\/280\/9782709628280_1_m.jpg","thumbnail":"https:\/\/images.epagine.fr\/280\/9782709628280_1_v.jpg"},"orderable":true,"show_badge":true,"formatted_price":"17,00&nbsp;\u20ac","formatted_published_date":"5 avril 2006","publisher_availability_label":"Sur commande","short_details":"Raffa\u00ebla Anderson \u2014 JC Latt\u00e8s","translator":null,"weight":160,"page_count":140,"readership":null,"editor":"JC Latt\u00e8s","price":1700,"published_date":"2006-04-04T22:00:00.000000Z","support":"Grand format","publisher_availability":1,"stock":0,"editions":[],"url":"https:\/\/quaidesbrumes.com\/ouvrage\/9782709628280\/tendre-violence"}]}