{"data":[{"id":"9782738434333","title":"Les loisirs \u00e0 la conqu\u00eate des espaces periurbains","description":null,"authors":["Olivier Lazzarotti"],"category_codes":["6000000","6040000","6040900"],"visuals":{"large":"https:\/\/images.epagine.fr\/333\/9782738434333_1_75.jpg","medium":"https:\/\/images.epagine.fr\/333\/9782738434333_1_m.jpg","thumbnail":"https:\/\/images.epagine.fr\/333\/9782738434333_1_v.jpg"},"orderable":true,"show_badge":true,"formatted_price":"29,50&nbsp;\u20ac","formatted_published_date":"3 mai 2000","publisher_availability_label":"Sur commande","short_details":"Olivier Lazzarotti \u2014 \u00c9ditions L'Harmattan","translator":null,"weight":404,"page_count":320,"readership":null,"editor":"\u00c9ditions L'Harmattan","price":2950,"published_date":"2000-05-02T22:00:00.000000Z","support":"Grand format","publisher_availability":1,"stock":0,"editions":[],"url":"https:\/\/quaidesbrumes.com\/ouvrage\/9782738434333\/les-loisirs-a-la-conquete-des-espaces-periurbains"},{"id":"9782738434838","title":"Vigilance et securite dans les grandes surfaces","description":null,"authors":["Fr\u00e9d\u00e9ric Ocqueteau"],"category_codes":["8000000","8040000","8040400","8040408"],"visuals":{"large":"https:\/\/images.epagine.fr\/838\/9782738434838_1_75.jpg","medium":"https:\/\/images.epagine.fr\/838\/9782738434838_1_m.jpg","thumbnail":"https:\/\/images.epagine.fr\/838\/9782738434838_1_v.jpg"},"orderable":true,"show_badge":true,"formatted_price":"24,00&nbsp;\u20ac","formatted_published_date":"3 mai 2000","publisher_availability_label":"Sur commande","short_details":"Fr\u00e9d\u00e9ric Ocqueteau \u2014 \u00c9ditions L'Harmattan","translator":null,"weight":386,"page_count":234,"readership":null,"editor":"\u00c9ditions L'Harmattan","price":2400,"published_date":"2000-05-02T22:00:00.000000Z","support":"Grand format","publisher_availability":1,"stock":0,"editions":[],"url":"https:\/\/quaidesbrumes.com\/ouvrage\/9782738434838\/vigilance-et-securite-dans-les-grandes-surfaces"},{"id":"9782738435224","title":"Paroles de miracul\u00e9s ; 50 ans apr\u00e9s le drame d'Oradour-sur-Glane","description":null,"authors":["Henri Demay","Louys Riclafe"],"category_codes":["1000000","1060000","1060100"],"visuals":{"large":"https:\/\/images.epagine.fr\/224\/9782738435224_1_75.jpg","medium":"https:\/\/images.epagine.fr\/224\/9782738435224_1_m.jpg","thumbnail":"https:\/\/images.epagine.fr\/224\/9782738435224_1_v.jpg"},"orderable":true,"show_badge":true,"formatted_price":"15,50&nbsp;\u20ac","formatted_published_date":"3 mai 2000","publisher_availability_label":"Sur commande","short_details":"Henri Demay, Louys Riclafe \u2014 \u00c9ditions L'Harmattan","translator":null,"weight":260,"page_count":112,"readership":null,"editor":"\u00c9ditions L'Harmattan","price":1550,"published_date":"2000-05-02T22:00:00.000000Z","support":"Grand format","publisher_availability":1,"stock":0,"editions":[],"url":"https:\/\/quaidesbrumes.com\/ouvrage\/9782738435224\/paroles-de-miracules-50-ans-apres-le-drame-doradour-sur-glane"},{"id":"9782738435828","title":"Travailler en banlieue","description":"La question de la professionnalit\u00e9 est au coeur des d\u00e9bats concernant les m\u00e9tiers exerc\u00e9s plus particuli\u00e8rement dans les quartiers difficiles, selon un double point de vue. Tout d'abord, celui des responsables locaux, institutionnels ou politiques, pour lesquels la professionnalit\u00e9 est entendue comme gage d'une plus grande efficacit\u00e9 d'intervention dans les situations de lutte contre l'exclusion sociale ou contre la violence. Ensuite, celui de ceux qui travaillent dans ces quartiers, pour lesquels la professionnalit\u00e9 est vue comme un moyen d'acqu\u00e9rir la reconnaissance et la l\u00e9gitimit\u00e9 que les conditions de travail actuelles ont tendance \u00e0 leur d\u00e9rober.\r","authors":["Elisabeth Bautier"],"category_codes":["1000000","1060000","1060300"],"visuals":{"large":"https:\/\/images.epagine.fr\/828\/9782738435828_1_75.jpg","medium":"https:\/\/images.epagine.fr\/828\/9782738435828_1_m.jpg","thumbnail":"https:\/\/images.epagine.fr\/828\/9782738435828_1_v.jpg"},"orderable":true,"show_badge":true,"formatted_price":"31,50&nbsp;\u20ac","formatted_published_date":"3 mai 2000","publisher_availability_label":"Sur commande","short_details":"Elisabeth Bautier \u2014 \u00c9ditions L'Harmattan","translator":null,"weight":478,"page_count":400,"readership":null,"editor":"\u00c9ditions L'Harmattan","price":3150,"published_date":"2000-05-02T22:00:00.000000Z","support":"Grand format","publisher_availability":1,"stock":0,"editions":[],"url":"https:\/\/quaidesbrumes.com\/ouvrage\/9782738435828\/travailler-en-banlieue"},{"id":"9782738436764","title":"Anciens villages, nouveaux peintres : De Barbizon \u00e0 Pont-Aven","description":null,"authors":["Isabelle De Lajarte"],"category_codes":["6000000","6010000"],"visuals":{"large":"https:\/\/images.epagine.fr\/764\/9782738436764_1_75.jpg","medium":"https:\/\/images.epagine.fr\/764\/9782738436764_1_m.jpg","thumbnail":"https:\/\/images.epagine.fr\/764\/9782738436764_1_v.jpg"},"orderable":true,"show_badge":true,"formatted_price":"19,00&nbsp;\u20ac","formatted_published_date":"21 d\u00e9cembre 1995","publisher_availability_label":"Sur commande","short_details":"Isabelle De Lajarte \u2014 \u00c9ditions L'Harmattan","translator":null,"weight":232,"page_count":172,"readership":null,"editor":"\u00c9ditions L'Harmattan","price":1900,"published_date":"1995-12-20T23:00:00.000000Z","support":"Grand format","publisher_availability":1,"stock":0,"editions":[],"url":"https:\/\/quaidesbrumes.com\/ouvrage\/9782738436764\/anciens-villages-nouveaux-peintres-de-barbizon-a-pont-aven"},{"id":"9782322457748","title":"Trois ans et plus si affinites...","description":"Tout avait d\u00e9but\u00e9 le vendredi 30 Janvier 2015.\r\nJ'avais pass\u00e9 le concours d'infirmier, quelques mois auparavant et j'\u00e9tais sur liste compl\u00e9mentaire. \r\nContre toute attente, \u00e0 dix heures, ce jour-l\u00e0, la secr\u00e9taire de l'Institut de Formation en Soins Infirmiers (IFSI) m'avait appel\u00e9e :\r\nJ'\u00e9tais attendue le lundi suivant, \u00e0 l'\u00e9cole, pour constituer mon dossier \u00e9tudiant et assister aux premiers cours.\r\nJ'\u00e9tais transport\u00e9e de bonheur, j'allais commencer une nouvelle vie.\r\nJ'avais eu une apr\u00e8s-midi pour ranger mon bureau, faire mes cartons et mes adieux aux coll\u00e8gues.\r\nJ'\u00e9tais transport\u00e9e de bonheur, remplie de mes id\u00e9aux sur la profession...\r\nTrois ans d'\u00e9tudes qui passeraient \u00e0 une vitesse extraordinaire.\r\nMais, c'est, finalement, le r\u00e9cit des trois ans \u00e0 partir du dernier stage impos\u00e9 que j'avais d\u00e9cid\u00e9 de coucher sur papier.\r\nTrois ans entre descente aux enfers, survie et espoir... \r\nTrois ans et plus si affinit\u00e9s...","authors":["Souton Marie"],"category_codes":["10000000","10080000","10080600"],"visuals":{"large":"https:\/\/images.epagine.fr\/748\/9782322457748_1_75.jpg","medium":"https:\/\/images.epagine.fr\/748\/9782322457748_1_m.jpg","thumbnail":"https:\/\/images.epagine.fr\/748\/9782322457748_1_v.jpg"},"orderable":true,"show_badge":true,"formatted_price":"12,99&nbsp;\u20ac","formatted_published_date":"25 novembre 2022","publisher_availability_label":"Sur commande","short_details":"Souton Marie \u2014 Books on Demand","translator":null,"weight":372,"page_count":272,"readership":null,"editor":"Books on Demand","price":1299,"published_date":"2022-11-24T23:00:00.000000Z","support":"Grand format","publisher_availability":1,"stock":0,"editions":[],"url":"https:\/\/quaidesbrumes.com\/ouvrage\/9782322457748\/trois-ans-et-plus-si-affinites"},{"id":"9782738437358","title":"Les sans domicile fixe ; un ph\u00e9nom\u00e8ne d'errance","description":"Les SDF sont \u00e0 la mode. Gr\u00e2ce \u00e0 deux hivers rigoureux, on en parle enfin. Les services sociaux et les associations de b\u00e9n\u00e9voles n'avaient pas attendu l'opinion publique pour s'int\u00e9resser \u00e0 eux et commencer \u00e0 produire de la connaissance sur leur sociabilit\u00e9 et sur leurs destins. Mais qui sont-ils ? Le sigle SDF recouvre-t-il une masse indiff\u00e9renci\u00e9e ou des cat\u00e9gories sociales ? Pourquoi sont-ils SDF ? Et comment ? C'est \u00e0 ces questions que ce livre tente de r\u00e9pondre.\r","authors":["Jacques Guillou","Louis Moreau de Bellaing"],"category_codes":["1000000","1060000","1060300"],"visuals":{"large":"https:\/\/images.epagine.fr\/358\/9782738437358_1_75.jpg","medium":"https:\/\/images.epagine.fr\/358\/9782738437358_1_m.jpg","thumbnail":"https:\/\/images.epagine.fr\/358\/9782738437358_1_v.jpg"},"orderable":true,"show_badge":true,"formatted_price":"24,00&nbsp;\u20ac","formatted_published_date":"3 mai 2000","publisher_availability_label":"Sur commande","short_details":"Jacques Guillou, Louis Moreau de Bellaing \u2014 \u00c9ditions L'Harmattan","translator":null,"weight":306,"page_count":270,"readership":null,"editor":"\u00c9ditions L'Harmattan","price":2400,"published_date":"2000-05-02T22:00:00.000000Z","support":"Grand format","publisher_availability":1,"stock":0,"editions":[],"url":"https:\/\/quaidesbrumes.com\/ouvrage\/9782738437358\/les-sans-domicile-fixe-un-phenomene-derrance"},{"id":"9782716503648","title":"Au panth\u00e9on des dames de Lorraine : sept destins de femmes d'exception","description":"Dans les marges d'une \u00ab Grande Histoire \u00bb trop domin\u00e9e par les noms masculins, voici le destin injustement m\u00e9connu de sept femmes de caract\u00e8re. Ces Lorraines, dames de cour, de coeur ou de combat, ont toutes jou\u00e9, chacune \u00e0 leur mani\u00e8re, un r\u00f4le d\u00e9terminant dans leur si\u00e8cle. Vivant g\u00e9n\u00e9ralement \u00e0 l'ombre d'un homme, qu'il soit mari ou fr\u00e8re, amant ou ami, elles furent r\u00e9gentes et ma\u00eetresses, initi\u00e8rent de grandes d\u00e9cisions politiques et diplomatiques, s'illustr\u00e8rent dans les lettres ou bien s'engag\u00e8rent contre l'ordre \u00e9tabli, d\u00e9fendant leurs id\u00e9aux de libert\u00e9.","authors":["Michel Caffier"],"category_codes":["1000000","1060000","1060200"],"visuals":{"large":"https:\/\/images.epagine.fr\/648\/9782716503648_1_75.jpg","medium":"https:\/\/images.epagine.fr\/648\/9782716503648_1_m.jpg","thumbnail":"https:\/\/images.epagine.fr\/648\/9782716503648_1_v.jpg"},"orderable":true,"show_badge":true,"formatted_price":"5,00&nbsp;\u20ac","formatted_published_date":"17 septembre 2008","publisher_availability_label":"Sur commande","short_details":"Michel Caffier \u2014 La Nu\u00e9e Bleue","translator":null,"weight":250,"page_count":224,"readership":"Tout public","editor":"La Nu\u00e9e Bleue","price":500,"published_date":"2008-09-16T22:00:00.000000Z","support":"Grand format","publisher_availability":1,"stock":0,"editions":[],"url":"https:\/\/quaidesbrumes.com\/ouvrage\/9782716503648\/au-pantheon-des-dames-de-lorraine-sept-destins-de-femmes-dexception"},{"id":"9782738437679","title":"Paul d'estournelles de constant (prix nobel de paix 1909) - l'expression d'une idee europeenne","description":null,"authors":["Laurent Barcelo"],"category_codes":["1000000","1060000"],"visuals":{"large":"https:\/\/images.epagine.fr\/679\/9782738437679_1_75.jpg","medium":"https:\/\/images.epagine.fr\/679\/9782738437679_1_m.jpg","thumbnail":"https:\/\/images.epagine.fr\/679\/9782738437679_1_v.jpg"},"orderable":true,"show_badge":true,"formatted_price":"40,00&nbsp;\u20ac","formatted_published_date":"21 d\u00e9cembre 1995","publisher_availability_label":"Sur commande","short_details":"Laurent Barcelo \u2014 \u00c9ditions L'Harmattan","translator":null,"weight":564,"page_count":null,"readership":null,"editor":"\u00c9ditions L'Harmattan","price":4000,"published_date":"1995-12-20T23:00:00.000000Z","support":"Grand format","publisher_availability":1,"stock":0,"editions":[],"url":"https:\/\/quaidesbrumes.com\/ouvrage\/9782738437679\/paul-destournelles-de-constant-prix-nobel-de-paix-1909-lexpression-dune-idee-europeenne"},{"id":"9782738438249","title":"Soigner et\/ou punir : Questionnement sur l'\u00e9volution, le sens et les perspectives de la psychiatrie en prison","description":"PINEL avait bris\u00e9 les cha\u00eenes des ali\u00e9n\u00e9s, le code p\u00e9nal de 1810 s\u00e9par\u00e9 les criminels des d\u00e9ments. Le 19\u00e8me si\u00e8cle construisit les murs de la prison et de l'asile, souvent se c\u00f4toyant... \u00e9poque oblige. Et la psychiatrie se fit peu \u00e0 peu science m\u00e9dicale. Ainsi quittant le champ doxologique, le fou devint un ali\u00e9n\u00e9 puis un malade mental et enfin un malade comme un autre, l'asile laissant place \u00e0 l'h\u00f4pital. D\u00e9couvertes pharmacologiques et politique de secteur aidant, le malade revint dans la cit\u00e9. Mais dans le m\u00eame temps, l'apparition de pathologies sp\u00e9cifiques de notre temps et leur stigmatisation sociale, la d\u00e9sinstitutionnalisation du milieu ext\u00e9rieur et la restriction des capacit\u00e9s d'accueil, firent \u00e9merger de nouvelles populations qui, pour diff\u00e9rentes raisons, se virent partiellement rel\u00e9gu\u00e9es dans le champ m\u00e9dico-l\u00e9gal. Les prisons furent \u00e9quip\u00e9es de lieux de soins m\u00e9dico-psychologiques, et d\u00e9sormais se pose la question de l'articulation entre le Soin et la Punition. Par del\u00e0 l'exp\u00e9rience des \u00e9quipes psychiatriques intervenant en prison, il \u00e9tait n\u00e9cessaire de nous interroger sur le sens de notre pratique et de nous confronter au regard d'autres disciplines : l'histoire, la sociologie, la d\u00e9mographie, le droit, la psychanalyse, l'ethnopsychiatrie ainsi que la philosophie. C'est autour de ces r\u00e9flexions que se sont tenues les 6\u00e8mes Rencontres Nationales SMPR-UMD, le 13 et 14 octobre 1994 au Centre Hospitalier Sainte-Anne. Aucun comportement humain ne peut relever d'une approche parcellaire, sous peine de voir s'\u00e9riger de nouveaux murs construits de pseudo-id\u00e9ologie ou de simplification, g\u00e9n\u00e9ratrices d'incompr\u00e9hension et de rejet.\r","authors":["Michel David","Odile Dormoy"],"category_codes":["9000000","9090000"],"visuals":{"large":"https:\/\/images.epagine.fr\/249\/9782738438249_1_75.jpg","medium":"https:\/\/images.epagine.fr\/249\/9782738438249_1_m.jpg","thumbnail":"https:\/\/images.epagine.fr\/249\/9782738438249_1_v.jpg"},"orderable":true,"show_badge":true,"formatted_price":"33,00&nbsp;\u20ac","formatted_published_date":"3 mai 2000","publisher_availability_label":"Sur commande","short_details":"Michel David, Odile Dormoy \u2014 \u00c9ditions L'Harmattan","translator":null,"weight":550,"page_count":342,"readership":null,"editor":"\u00c9ditions L'Harmattan","price":3300,"published_date":"2000-05-02T22:00:00.000000Z","support":"Grand format","publisher_availability":1,"stock":0,"editions":[],"url":"https:\/\/quaidesbrumes.com\/ouvrage\/9782738438249\/soigner-etou-punir-questionnement-sur-levolution-le-sens-et-les-perspectives-de-la-psychiatrie-en-prison"},{"id":"9782738438256","title":"Madame Hamelin : Merveilleuse et turbulente Fortun\u00e9e (1776-1851)","description":null,"authors":["Maurice Lescure"],"category_codes":["1000000","1060000"],"visuals":{"large":"https:\/\/images.epagine.fr\/256\/9782738438256_1_75.jpg","medium":"https:\/\/images.epagine.fr\/256\/9782738438256_1_m.jpg","thumbnail":"https:\/\/images.epagine.fr\/256\/9782738438256_1_v.jpg"},"orderable":true,"show_badge":true,"formatted_price":"42,00&nbsp;\u20ac","formatted_published_date":"1er octobre 1995","publisher_availability_label":"Sur commande","short_details":"Maurice Lescure \u2014 \u00c9ditions L'Harmattan","translator":null,"weight":606,"page_count":426,"readership":null,"editor":"\u00c9ditions L'Harmattan","price":4200,"published_date":"1995-09-30T23:00:00.000000Z","support":"Grand format","publisher_availability":1,"stock":0,"editions":[],"url":"https:\/\/quaidesbrumes.com\/ouvrage\/9782738438256\/madame-hamelin-merveilleuse-et-turbulente-fortunee-1776-1851"},{"id":"9782738438508","title":"Ou est donc ma patrie","description":null,"authors":["Huh Keun-Ouk"],"category_codes":["1000000","1060000","1060200"],"visuals":{"large":"https:\/\/images.epagine.fr\/508\/9782738438508_1_75.jpg","medium":"https:\/\/images.epagine.fr\/508\/9782738438508_1_m.jpg","thumbnail":"https:\/\/images.epagine.fr\/508\/9782738438508_1_v.jpg"},"orderable":true,"show_badge":true,"formatted_price":"26,00&nbsp;\u20ac","formatted_published_date":"3 mai 2000","publisher_availability_label":"Sur commande","short_details":"Huh Keun-Ouk \u2014 \u00c9ditions L'Harmattan","translator":null,"weight":412,"page_count":378,"readership":null,"editor":"\u00c9ditions L'Harmattan","price":2600,"published_date":"2000-05-02T22:00:00.000000Z","support":"Grand format","publisher_availability":1,"stock":0,"editions":[],"url":"https:\/\/quaidesbrumes.com\/ouvrage\/9782738438508\/ou-est-donc-ma-patrie"},{"id":"9782080671837","title":"Les clandestins ; enqu\u00eate","description":"\u00c9vacuation muscl\u00e9e de l'\u00e9glise Saint-Bernard, vote de la loi Debr\u00e9, p\u00e9titions et manifestations... On n'a pas fini d'entendre parler des sans-papiers des clandestins. Mais les conna\u00eet-on vraiment ? Jean-Luc Porquet est all\u00e9 \u00e0 leur rencontre. Parlant un dialecte compr\u00e9hensible d'eux seuls, les tr\u00e8s secrets Chinois de \u00abWenzhou\u00bb ont accept\u00e9 de lui d\u00e9voiler les moeurs de leur communaut\u00e9. Des Maliens qui semblent mieux connus mais dont on sait paradoxalement peu de choses, il a d\u00e9couvert l'\u00e9tonnante solidarit\u00e9 et les rapports passionnels avec l'ancienne puissance coloniale fran\u00e7aise. Pour mieux comprendre les raisons profondes qui les ont pouss\u00e9s \u00e0 l'exil et au franchissement ill\u00e9gal des fronti\u00e8res, il s'est rendu dans leurs pays d'origine, \u00e0 Wenzhou, une ville au sud de Shanghai d'o\u00f9 viennent la majorit\u00e9 des clandestins chinois, et \u00e0 Fegui, village sonink\u00e9 du Mali pareil \u00e0 ceux dont sont issus plus de la moiti\u00e9 des Africains vivant chez nous. L\u00e0, il a d\u00e9couvert pourquoi les candidats au d\u00e9part sont si nombreux et l'appel de la France si fort. Cet ouvrage tente aussi d'expliquer l'\u00e9nigmatique absence de tout flux de r\u00e9fugi\u00e9s alg\u00e9riens en France. Que deviennent les hommes et les femmes qui cherchent \u00e0 fuir la guerre civile en Alg\u00e9rie ? \u00c0 l'heure o\u00f9 tout le monde ou presque est d'accord pour lutter contre l'immigration clandestine, ce reportage, vivant et original, montre l'envers du d\u00e9cor.","authors":["Jean-luc Porquet"],"category_codes":["1000000","1060000","1060300"],"visuals":{"large":"https:\/\/quaidesbrumes.com\/img\/book-placeholder.png","medium":"https:\/\/quaidesbrumes.com\/img\/book-placeholder.png","thumbnail":"https:\/\/quaidesbrumes.com\/img\/book-placeholder.png"},"orderable":true,"show_badge":true,"formatted_price":"20,90&nbsp;\u20ac","formatted_published_date":"1er novembre 1998","publisher_availability_label":"Sur commande","short_details":"Jean-luc Porquet \u2014 Flammarion","translator":null,"weight":395,"page_count":408,"readership":null,"editor":"Flammarion","price":2090,"published_date":"1998-10-31T23:00:00.000000Z","support":"Grand format","publisher_availability":1,"stock":0,"editions":[],"url":"https:\/\/quaidesbrumes.com\/ouvrage\/9782080671837\/les-clandestins-enquete"},{"id":"9782738441096","title":"La crise de la politique","description":null,"authors":["Alain Bertho"],"category_codes":["1000000","1060000","1060300"],"visuals":{"large":"https:\/\/images.epagine.fr\/096\/9782738441096_1_75.jpg","medium":"https:\/\/images.epagine.fr\/096\/9782738441096_1_m.jpg","thumbnail":"https:\/\/images.epagine.fr\/096\/9782738441096_1_v.jpg"},"orderable":true,"show_badge":true,"formatted_price":"28,50&nbsp;\u20ac","formatted_published_date":"3 mai 2000","publisher_availability_label":"Sur commande","short_details":"Alain Bertho \u2014 \u00c9ditions L'Harmattan","translator":null,"weight":366,"page_count":null,"readership":null,"editor":"\u00c9ditions L'Harmattan","price":2850,"published_date":"2000-05-02T22:00:00.000000Z","support":"Grand format","publisher_availability":1,"stock":0,"editions":[],"url":"https:\/\/quaidesbrumes.com\/ouvrage\/9782738441096\/la-crise-de-la-politique"},{"id":"9782738441409","title":"Un village du Nord avant la mine : Chronique d'Edouard Pierchon cur\u00e9 d'Haveluy au XIX\u00e8me si\u00e8cle","description":null,"authors":["Guy Tassin"],"category_codes":["1000000","1060000"],"visuals":{"large":"https:\/\/images.epagine.fr\/409\/9782738441409_1_75.jpg","medium":"https:\/\/images.epagine.fr\/409\/9782738441409_1_m.jpg","thumbnail":"https:\/\/images.epagine.fr\/409\/9782738441409_1_v.jpg"},"orderable":true,"show_badge":true,"formatted_price":"43,50&nbsp;\u20ac","formatted_published_date":"3 mai 2000","publisher_availability_label":"Sur commande","short_details":"Guy Tassin \u2014 \u00c9ditions L'Harmattan","translator":null,"weight":680,"page_count":574,"readership":null,"editor":"\u00c9ditions L'Harmattan","price":4350,"published_date":"2000-05-02T22:00:00.000000Z","support":"Grand format","publisher_availability":1,"stock":0,"editions":[],"url":"https:\/\/quaidesbrumes.com\/ouvrage\/9782738441409\/un-village-du-nord-avant-la-mine-chronique-dedouard-pierchon-cure-dhaveluy-au-xixeme-siecle"},{"id":"9782738442222","title":"L'envers d'une fusillade Fourmies, 1er mai 1891 : Un patron face \u00e0 la gr\u00e8ve","description":"L'\u00e9motion qu'ont suscit\u00e9e les terribles \u00e9v\u00e9nements du 1er mai de Fourmies est inscrite dans la m\u00e9moire collective ; elle perdure dans les attitudes politiques pr\u00e8s d'un si\u00e8cle plus tard. Toute maturation sociale est affaire de longue dur\u00e9e et les deux mondes qui s'affrontent en 1891 ont \u00e9t\u00e9 profond\u00e9ment transform\u00e9s depuis trente ans. Ce livre cherche \u00e0 \u00e9clairer \"l'envers d'une fusillade\" \u00e0 travers le r\u00f4le jou\u00e9 par l'un des chefs de file tant industriel que politique du patronat textile du bassin fourmisien, Fran\u00e7ois Boussus (1830 - 1899). Des sources de premi\u00e8re main ont permis de retracer la trajectoire sociale, scolaire, id\u00e9ologique et familiale de ce patron symbole. L'ouvrage interroge l'attitude patronale avant, pendant et apr\u00e8s l'\u00e9v\u00e9nement ; il restitue les rebonds du combat r\u00e9pressif en 1891-1892 puis la lente perc\u00e9e du socialisme dans la r\u00e9gion. La tendance la plus structur\u00e9e est ici la variante nordiste du marxisme : le guesdisme ; mais de Culine le guesdiste ralliant quelques ann\u00e9es plus tard le blanquisme \u00e0 quelques \u00e9l\u00e9ments li\u00e9s \u00e0 l'anarchisme, la palette est riche. Par-del\u00e0 l'\u00e9tude des relations sociales, l'auteur \u00e9largit l'analyse au mode d'ascension dans le patronat, \u00e0 l'histoire des techniques, \u00e0 l'\u00e9volution des patrimoines, aux conditions de vie et de travail, au cheminement des identit\u00e9s sociales et \u00e0 la relation entre patronat et pouvoir politique. Toute l'histoire de l'entreprise au-del\u00e0 de 1899 - 1928 n'est qu'une longue bataille en retraite et l'on passe en trois g\u00e9n\u00e9rations des sabots aux sabots.\r","authors":["Odette Herdy-h\u00e9mery"],"category_codes":["1000000","1060000"],"visuals":{"large":"https:\/\/images.epagine.fr\/222\/9782738442222_1_75.jpg","medium":"https:\/\/images.epagine.fr\/222\/9782738442222_1_m.jpg","thumbnail":"https:\/\/images.epagine.fr\/222\/9782738442222_1_v.jpg"},"orderable":true,"show_badge":true,"formatted_price":"22,50&nbsp;\u20ac","formatted_published_date":"3 mai 2000","publisher_availability_label":"Sur commande","short_details":"Odette Herdy-h\u00e9mery \u2014 \u00c9ditions L'Harmattan","translator":null,"weight":290,"page_count":208,"readership":null,"editor":"\u00c9ditions L'Harmattan","price":2250,"published_date":"2000-05-02T22:00:00.000000Z","support":"Grand format","publisher_availability":1,"stock":0,"editions":[],"url":"https:\/\/quaidesbrumes.com\/ouvrage\/9782738442222\/lenvers-dune-fusillade-fourmies-1er-mai-1891-un-patron-face-a-la-greve"},{"id":"9782855396101","title":"La norme et son application dans le monde indien","description":"L'ambiton de ce colloque pluridisciplinaire \u00e9tait d'apporter un \u00e9clairage multiple sur l'un des \u00e9l\u00e9ments clefs de la culture indienne. Les quatorze contributions publi\u00e9es dans ce volume soulignent, des origines aux temps modernes, et du droit aux arts plastiques, l'omnipr\u00e9sence de la notion de norme en Inde comme dans tous les pays qui, depuis le sous-contient jusqu'au rives de la mer de Chine, ont \u00e9t\u00e9 en contact avec sa culture \u00e0 travers les diverses manifestations de l'indianit\u00e9. Elles montrent aussi combien le souci de la \" norme \", loin d'\u00eatre facteur d'immobilisme ou de st\u00e9rilit\u00e9, a \u00e9t\u00e9 constamment ferment de r\u00e9flexion, d'adaptation, de r\u00e9interpr\u00e9tation, stimulant ainsi la cr\u00e9ativit\u00e9.\r","authors":["Marie-luce Barazer-billoret","Jean Fezas"],"category_codes":["1000000","1060000","1060300"],"visuals":{"large":"https:\/\/images.epagine.fr\/101\/9782855396101_1_75.jpg","medium":"https:\/\/images.epagine.fr\/101\/9782855396101_1_m.jpg","thumbnail":"https:\/\/images.epagine.fr\/101\/9782855396101_1_v.jpg"},"orderable":true,"show_badge":true,"formatted_price":"35,00&nbsp;\u20ac","formatted_published_date":"1er avril 2005","publisher_availability_label":"Sur commande","short_details":"Marie-luce Barazer-billoret, Jean Fezas \u2014 Ecole Francaise Extreme Orient","translator":null,"weight":640,"page_count":null,"readership":null,"editor":"Ecole Francaise Extreme Orient","price":3500,"published_date":"2005-03-31T22:00:00.000000Z","support":"Grand format","publisher_availability":1,"stock":0,"editions":[],"url":"https:\/\/quaidesbrumes.com\/ouvrage\/9782855396101\/la-norme-et-son-application-dans-le-monde-indien"},{"id":"9782738445704","title":"De la r\u00e9publique \u00e0 l'Etat fran\u00e7ais 1930-1940 : Le chemin de Vichy","description":null,"authors":["Jean L\u00e9vy"],"category_codes":["1000000","1060000"],"visuals":{"large":"https:\/\/images.epagine.fr\/704\/9782738445704_1_75.jpg","medium":"https:\/\/images.epagine.fr\/704\/9782738445704_1_m.jpg","thumbnail":"https:\/\/images.epagine.fr\/704\/9782738445704_1_v.jpg"},"orderable":true,"show_badge":true,"formatted_price":"26,00&nbsp;\u20ac","formatted_published_date":"30 octobre 1996","publisher_availability_label":"Sur commande","short_details":"Jean L\u00e9vy \u2014 \u00c9ditions L'Harmattan","translator":null,"weight":366,"page_count":304,"readership":null,"editor":"\u00c9ditions L'Harmattan","price":2600,"published_date":"1996-10-29T23:00:00.000000Z","support":"Grand format","publisher_availability":1,"stock":0,"editions":[],"url":"https:\/\/quaidesbrumes.com\/ouvrage\/9782738445704\/de-la-republique-a-letat-francais-1930-1940-le-chemin-de-vichy"},{"id":"9782953510508","title":"Album national pour l'emploi","description":null,"authors":["Manu"],"category_codes":["1000000","1060000","1060300"],"visuals":{"large":"https:\/\/quaidesbrumes.com\/img\/book-placeholder.png","medium":"https:\/\/quaidesbrumes.com\/img\/book-placeholder.png","thumbnail":"https:\/\/quaidesbrumes.com\/img\/book-placeholder.png"},"orderable":true,"show_badge":true,"formatted_price":"15,00&nbsp;\u20ac","formatted_published_date":"6 juillet 2010","publisher_availability_label":"Sur commande","short_details":"Manu \u2014 Picard Emmanuel","translator":null,"weight":250,"page_count":null,"readership":null,"editor":"Picard Emmanuel","price":1500,"published_date":"2010-07-05T22:00:00.000000Z","support":"Grand format","publisher_availability":1,"stock":0,"editions":[],"url":"https:\/\/quaidesbrumes.com\/ouvrage\/9782953510508\/album-national-pour-lemploi"},{"id":"9782875571052","title":"J'ai \u00e9pous\u00e9 un pr\u00eatre","description":"\u00c0 30 ans, Micheline vit une vie heureuse aux c\u00f4t\u00e9s de Julien, son mari, dont elle a 1 fils. Jusqu'au jour o\u00f9 elle croise le chemin de Jean, pr\u00eatre de sa paroisse et dont elle tombe instantan\u00e9ment et \u00e9perdument amoureuse. Enceinte de son second enfant, elle n'imagine \u00e0 aucun moment se s\u00e9parer de Julien ni de r\u00e9v\u00e9ler son amour \u00e0 Jean, de 25 ans son a\u00een\u00e9 ! Ce n'est qu'au bout de 10 ann\u00e9es de silence, et au moment de sa s\u00e9paration qu'elle ose lui avouer les sentiments qu'elle lui porte secr\u00e8tement.\r\nC'est dans la clandestinit\u00e9 que commencent leur histoire et le chemin de combattants qui les m\u00e8nera au mariage et \u00e0 l'incardination de Jean dans une autre \u00e9glise. Leur histoire d'amour, m\u00eal\u00e9e \u00e0 celles, parfois difficiles, de Micheline avec ses enfants et sa famille passera toutes les \u00e9preuves pour arriver \u00e0 oser leur r\u00eave, jusque-l\u00e0, impossible : \u00eatre mari\u00e9s et pr\u00eatres l'un et l'autre au sein de l'\u00c9glise Vieille Catholique de l'Union d'Utrecht.\r","authors":["Micheline Mara"],"category_codes":["1000000","1060000","1060300"],"visuals":{"large":"https:\/\/images.epagine.fr\/052\/9782875571052_1_75.jpg","medium":"https:\/\/images.epagine.fr\/052\/9782875571052_1_m.jpg","thumbnail":"https:\/\/images.epagine.fr\/052\/9782875571052_1_v.jpg"},"orderable":true,"show_badge":true,"formatted_price":"18,90&nbsp;\u20ac","formatted_published_date":"18 septembre 2014","publisher_availability_label":"Sur commande","short_details":"Micheline Mara \u2014 LA BOITE A PANDORE","translator":null,"weight":332,"page_count":264,"readership":null,"editor":"LA BOITE A PANDORE","price":1890,"published_date":"2014-09-17T22:00:00.000000Z","support":"Grand format","publisher_availability":1,"stock":0,"editions":[],"url":"https:\/\/quaidesbrumes.com\/ouvrage\/9782875571052\/jai-epouse-un-pretre"},{"id":"9782296104617","title":"Djoumessi Mathias 1900-1966 ; un chef traditionnel nationaliste, acteur de la d\u00e9colonisation et de l'ind\u00e9pendance du Cameroun","description":"Ce livre retrace les principales \u00e9tapes du parcours hors du commun de Djoumessi Mathias, qui naquit dans la r\u00e9gion bamil\u00e9k\u00e9 situ\u00e9e dans l'actuelle province de l'ouest du Cameroun autour des ann\u00e9es 1900. C'\u00e9tait une p\u00e9riode de grande mutation sociale et \u00e9conomique car elle co\u00efncidait avec l'installation des colons allemands pr\u00e9sents sur le territoire d\u00e8s 1884. Djoumessi Mathias succ\u00e9da \u00e0 son p\u00e8re \u00e0 la t\u00eate de la grande chefferie bamil\u00e9k\u00e9 : For\u00e9k\u00e9-Dschang. Il fut un des acteurs cl\u00e9s de la fondation du Cameroun contemporain.\r","authors":["Ga\u00ebtan martial Djoumessi","Pascal fran\u00e7ois Djoumessi"],"category_codes":["1000000","1060000","1060100"],"visuals":{"large":"https:\/\/images.epagine.fr\/617\/9782296104617_1_75.jpg","medium":"https:\/\/images.epagine.fr\/617\/9782296104617_1_m.jpg","thumbnail":"https:\/\/images.epagine.fr\/617\/9782296104617_1_v.jpg"},"orderable":true,"show_badge":true,"formatted_price":"19,00&nbsp;\u20ac","formatted_published_date":"16 d\u00e9cembre 2009","publisher_availability_label":"Sur commande","short_details":"Ga\u00ebtan martial Djoumessi, Pascal fran\u00e7ois Djoumessi \u2014 \u00c9ditions L'Harmattan","translator":null,"weight":200,"page_count":null,"readership":"Tout public","editor":"\u00c9ditions L'Harmattan","price":1900,"published_date":"2009-12-15T23:00:00.000000Z","support":"Grand format","publisher_availability":1,"stock":0,"editions":[],"url":"https:\/\/quaidesbrumes.com\/ouvrage\/9782296104617\/djoumessi-mathias-1900-1966-un-chef-traditionnel-nationaliste-acteur-de-la-decolonisation-et-de-lindependance-du-cameroun"},{"id":"9782747579667","title":"Cahiers de litterature francaise","description":"Une nouvelle collection para\u00eet. Elle n'a d'autre banni\u00e8re que son titre: Cahiers de litt\u00e9rature fran\u00e7aise. Elle est d\u00e9gag\u00e9e de tout a priori. Son seul principe est son objet. Elle est n\u00e9e de l'amiti\u00e9 qui unit les membres de son comit\u00e9 de r\u00e9daction, de part et d'autre des Alpes. Pour elle et gr\u00e2ce \u00e0 elle, on parlera peut-\u00eatre d'un axe franco-italien. Sa pr\u00e9histoire est celle de rencontres \u00e0 Bergame, \u00e0 Bari, \u00e0 Sant'Arcangelo, \u00e0 Bruxelles, \u00e0 Paris, entre quelques aff\u00fbteurs d'affinit\u00e9s. De leurs conversations s'est d\u00e9tach\u00e9 un projet qui a pris corps.\r","authors":["Collectif"],"category_codes":["1000000","1060000","1060100"],"visuals":{"large":"https:\/\/images.epagine.fr\/667\/9782747579667_1_75.jpg","medium":"https:\/\/images.epagine.fr\/667\/9782747579667_1_m.jpg","thumbnail":"https:\/\/images.epagine.fr\/667\/9782747579667_1_v.jpg"},"orderable":true,"show_badge":true,"formatted_price":"13,00&nbsp;\u20ac","formatted_published_date":"2 avril 2005","publisher_availability_label":"Sur commande","short_details":"Collectif \u2014 \u00c9ditions L'Harmattan","translator":null,"weight":300,"page_count":null,"readership":null,"editor":"\u00c9ditions L'Harmattan","price":1300,"published_date":"2005-04-01T22:00:00.000000Z","support":"Grand format","publisher_availability":1,"stock":0,"editions":[],"url":"https:\/\/quaidesbrumes.com\/ouvrage\/9782747579667\/cahiers-de-litterature-francaise"},{"id":"9782884860048","title":"Rue d'orsel","description":"Pierre Louy nous raconte, dans une succession de r\u00e9cits tragiques et joyeux, son enfance \u00e0 Paris, sa vie, ce \u00e0 quoi il croit, ce qu'il aime et ce qu'il d\u00e9teste. Son esprit d'observation, son extr\u00eame sensibilit\u00e9, sa sinc\u00e9rit\u00e9 font de ce livre une oeuvre bouleversante o\u00f9 un ami nous parle.\r\n(...) Les balayeurs sont utiles, ils ont du temps, leur d\u00e9marche est lente et rythm\u00e9e comme celle des semeurs. Si l'on s'ennuie, on peut faire semblant de s'\u00eatre perdu et on leur demande de l'aide ; ils s'arr\u00eatent, maintiennent leur balai verticalement et ils vous indiquent quelquefois deux ou trois itin\u00e9raires pour atteindre votre but. (...) Pierre Louy nous parle aussi de l'art qui est pour lui une raison de vivre : \"Ce n'est pas par go\u00fbt que je suis all\u00e9 vers le beau, mais parce qu'il m'inqui\u00e9tait\" Il nous raconte les femmes qu'il a tant aim\u00e9es : (...) Le monde des femmes me donnait beaucoup de plaisir et de d\u00e9sirs. Elles savaient peut-\u00eatre que je les regardais et elles devaient aimer mon regard d'adolescent admiratif qui ne demandait qu'\u00e0 conna\u00eetre. J'\u00e9tudiais les gestes, les odeurs, les regards de celles qui devaient donner tant de plaisir et d'amour.\r\nIl nous parle \u00e9galement de son cancer, contre lequel sa tante Victoria l'avait mis en garde : (...) Mon cancer est une certitude, il est \u00e0 moi et je n'ai plus peur ; toutes ces ann\u00e9es je l'ai attendu et il est venu l\u00e0 o\u00f9 il le fallait (...), et de sa terreur devant la souffrance.\r\nPierre Louy nous donne enfin sa vision du monde pleine d'amour et de clairvoyance ; c'est une oeuvre pleine de vie et d'humour, m\u00eame si le tragique de la condition humaine est toujours vivement ressenti.\r\nCette histoire n'a pas de fin car : (...) pourquoi faudrait-il terminer ce qui est commenc\u00e9. Les plus belles pages de la peinture et du dessin se trouvent dans le \" non finito \". (...)\r","authors":["Pierre Louy"],"category_codes":["1000000","1060000","1060100"],"visuals":{"large":"https:\/\/images.epagine.fr\/048\/9782884860048_1_75.jpg","medium":"https:\/\/images.epagine.fr\/048\/9782884860048_1_m.jpg","thumbnail":"https:\/\/images.epagine.fr\/048\/9782884860048_1_v.jpg"},"orderable":true,"show_badge":true,"formatted_price":"20,00&nbsp;\u20ac","formatted_published_date":"6 avril 2004","publisher_availability_label":"Sur commande","short_details":"Pierre Louy \u2014 Heron","translator":null,"weight":200,"page_count":160,"readership":null,"editor":"Heron","price":2000,"published_date":"2004-04-05T22:00:00.000000Z","support":"Grand format","publisher_availability":1,"stock":0,"editions":[],"url":"https:\/\/quaidesbrumes.com\/ouvrage\/9782884860048\/rue-dorsel"},{"id":"9782234050280","title":"Au non du p\u00e8re","description":"Au non du p\u00e8reEn ao\u00fbt 1993, je n'imaginais pas que le pire du pire \u00e9tait encore \u00e0 venir.Montand \u00e9tait mort depuis presque deux ans et, apr\u00e8s un parcours pourtant jalonn\u00e9 d'abandons, de n\u00e9gations et de trahisons, je croyais na\u00efvement avoir tout vu.Je pensais avoir touch\u00e9 le fond de la douleur et de l'indignation.Je me trompais.C'\u00e9tait compter sans le tour hideux qu'allait prendre l'\"affaire Drossart\".J'avais beaucoup dit que je n'utiliserais plus le \"je\". Qu'il n'y aurait plus d'autre r\u00e9cit autobiographique ! Je m'\u00e9tais promis de ne plus recommencer Les \u00e9v\u00e9nements m'ont amen\u00e9e \u00e0 reprendre la parole.Les errements de la Justice, peut-\u00eatre aveugl\u00e9e par la personnalit\u00e9 d'une star, et le z\u00e8le de journaux pas toujours \u00e0 scandale qui ont ouvert leurs colonnes ou leur antenne \u00e0 deux mythomanes prises de folie m\u00e9diatique, m'ont contrainte \u00e0 vous raconter cette histoire.Catherine All\u00e9gret est l'auteur de Les Souvenirs et les Regrets aussi\u00e0 (Fixot, 1994) et de L'entre deux m\u00e8res (Stock, 1997).","authors":["Catherine Allegret"],"category_codes":["1000000","1060000","1060100"],"visuals":{"large":"https:\/\/images.epagine.fr\/280\/9782234050280_1_75.jpg","medium":"https:\/\/images.epagine.fr\/280\/9782234050280_1_m.jpg","thumbnail":"https:\/\/images.epagine.fr\/280\/9782234050280_1_v.jpg"},"orderable":true,"show_badge":true,"formatted_price":"13,70&nbsp;\u20ac","formatted_published_date":"24 juin 1998","publisher_availability_label":"Sur commande","short_details":"Catherine Allegret \u2014 Stock","translator":null,"weight":174,"page_count":144,"readership":null,"editor":"Stock","price":1370,"published_date":"1998-06-23T22:00:00.000000Z","support":"Grand format","publisher_availability":1,"stock":0,"editions":[],"url":"https:\/\/quaidesbrumes.com\/ouvrage\/9782234050280\/au-non-du-pere"}]}