{"data":[{"id":"9782720202186","title":"Ex","description":"L'Histoire consiste \u00e0 raconter les choses d'autrefois. La Science-fiction consiste \u00e0 raconter les choses de demain.Nous appellerons Histoire-fiction le fait de feindre de raconter demain des choses qui seront alors d'hier.Mais comment diable allons-nous nommer le fait de raconter hier des choses d'aujourd'hui?Titus Livius Novus ne figure dans aucun manuel de litt\u00e9rature latine. Certains m\u00eame pr\u00e9tendent qu'il n'a jamais exist\u00e9. Pourtant, l'histoire qu'il nous raconte, celle du consul de Gallicie Lucius Augustulus, n'est pas sans susciter en nous d'\u00e9tranges r\u00e9sonances. D\u00e8s les premiers mots, on a une curieuse impression de d\u00e9j\u00e0-vu: \" Le jour o\u00f9 Lucius Augustulus fut \u00e9lu consul de Gallicie et o\u00f9 il p\u00e9n\u00e9tra solennellement dans le temple des dieux protecteurs de la Cit\u00e9 en tenant dans sa main une fleur d'hibiscus, le peuple dansa toute la nuit sur le forum... \".","authors":["Titus Livius Novus"],"category_codes":["1000000","1010000"],"visuals":{"large":"https:\/\/images.epagine.fr\/186\/9782720202186_1_75.jpg","medium":"https:\/\/images.epagine.fr\/186\/9782720202186_1_m.jpg","thumbnail":"https:\/\/images.epagine.fr\/186\/9782720202186_1_v.jpg"},"orderable":true,"show_badge":true,"formatted_price":"18,00&nbsp;\u20ac","formatted_published_date":"4 novembre 1992","publisher_availability_label":"Sur commande","short_details":"Titus Livius Novus \u2014 Pauvert","translator":null,"weight":166,"page_count":168,"readership":null,"editor":"Pauvert","price":1800,"published_date":"1992-11-03T23:00:00.000000Z","support":"Grand format","publisher_availability":1,"stock":0,"editions":[],"url":"https:\/\/quaidesbrumes.com\/ouvrage\/9782720202186\/ex"},{"id":"9782720202193","title":"Oeuvres I : Mon Ame - Po\u00e8mes inachev\u00e9s - La Doublure - Chroniquettes","description":"Annie Le Bruna publi\u00e9 r\u00e9cemment:Vingt mille lieues sous les mots, Raymond Roussel(Jean-Jacques Pauvert chez Fayard)De l'inanit\u00e9 de la litt\u00e9rature(Jean-Jacques Pauvert aux Belles Lettres)Pour Aim\u00e9 C\u00e9saire(Jean-Michel Place)Rappel:Soudain un bloc d'ab\u00eeme, Sade(Jean-Jacques Pauvert chez Fayard)","authors":["Raymond Roussel"],"category_codes":["1000000","1010000"],"visuals":{"large":"https:\/\/images.epagine.fr\/193\/9782720202193_1_75.jpg","medium":"https:\/\/images.epagine.fr\/193\/9782720202193_1_m.jpg","thumbnail":"https:\/\/images.epagine.fr\/193\/9782720202193_1_v.jpg"},"orderable":true,"show_badge":true,"formatted_price":"25,40&nbsp;\u20ac","formatted_published_date":"26 octobre 1994","publisher_availability_label":"Sur commande","short_details":"Raymond Roussel \u2014 Pauvert","translator":null,"weight":560,"page_count":396,"readership":null,"editor":"Pauvert","price":2540,"published_date":"1994-10-25T23:00:00.000000Z","support":"Grand format","publisher_availability":1,"stock":0,"editions":[],"url":"https:\/\/quaidesbrumes.com\/ouvrage\/9782720202193\/oeuvres-i-mon-ame-poemes-inacheves-la-doublure-chroniquettes"},{"id":"9782720213564","title":"Oeuvres III : La Seine - La Tonsure","description":"Patrick Besnier est l'auteur d'un Alfred Jarry: (Plon, 1990). Il a \u00e9dit\u00e9 Lautr\u00e9amont, Darien et Jarry.","authors":["Raymond Roussel"],"category_codes":["1000000","1010000"],"visuals":{"large":"https:\/\/images.epagine.fr\/564\/9782720213564_1_75.jpg","medium":"https:\/\/images.epagine.fr\/564\/9782720213564_1_m.jpg","thumbnail":"https:\/\/images.epagine.fr\/564\/9782720213564_1_v.jpg"},"orderable":true,"show_badge":true,"formatted_price":"30,30&nbsp;\u20ac","formatted_published_date":"26 octobre 1994","publisher_availability_label":"Sur commande","short_details":"Raymond Roussel \u2014 Pauvert","translator":null,"weight":731,"page_count":540,"readership":null,"editor":"Pauvert","price":3030,"published_date":"1994-10-25T23:00:00.000000Z","support":"Grand format","publisher_availability":1,"stock":0,"editions":[],"url":"https:\/\/quaidesbrumes.com\/ouvrage\/9782720213564\/oeuvres-iii-la-seine-la-tonsure"},{"id":"9782720213595","title":"Les Chasseurs deux","description":"Depuis mon jardin d'enfance, \u00e0 Vincennes, je n'ai jamais interrompu ma chasse. Ce que les mots laissent parfois \u00e9chapper malgr\u00e9 eux, les sc\u00e8nes qui se jouent pour un public inconnu derri\u00e8re le complot des apparences _ voil\u00e0 mon gibier.Je ne cherche pas le bizarre \u00e0 tout prix et je me pr\u00e9tends avant tout un \u00e9crivain r\u00e9aliste; le r\u00e9el que je d\u00e9cris (et qui m'aveugle parfois de son \u00e9vidence) n'est pas celui auquel les \" braves gens \" sont accoutum\u00e9s, voil\u00e0 tout.Braves gens, il vous faut du temps pour admettre ces mani\u00e8res. Vous me lirez un jour avec courtoisie, attention et bonne volont\u00e9. Il est probable, d'ailleurs, que cette heureuse circonstance ne repr\u00e9sentera alors qu'un d\u00e9tail tout \u00e0 fait mineur dans mon paysage clos et rectangulaire.A.H.","authors":["Andr\u00e9 Hardellet"],"category_codes":["1000000","1010000"],"visuals":{"large":"https:\/\/images.epagine.fr\/595\/9782720213595_1_75.jpg","medium":"https:\/\/images.epagine.fr\/595\/9782720213595_1_m.jpg","thumbnail":"https:\/\/images.epagine.fr\/595\/9782720213595_1_v.jpg"},"orderable":true,"show_badge":true,"formatted_price":"23,00&nbsp;\u20ac","formatted_published_date":"15 mai 1995","publisher_availability_label":"Sur commande","short_details":"Andr\u00e9 Hardellet \u2014 Pauvert","translator":null,"weight":195,"page_count":168,"readership":null,"editor":"Pauvert","price":2300,"published_date":"1995-05-14T22:00:00.000000Z","support":"Grand format","publisher_availability":1,"stock":0,"editions":[],"url":"https:\/\/quaidesbrumes.com\/ouvrage\/9782720213595\/les-chasseurs-deux"},{"id":"9782720213601","title":"Oeuvres V : Les Noces (volume 1)","description":"Pierre Bazantay enseigne \u00e0 l'universit\u00e9 Rennes II Il a publi\u00e9 (avec Patrick Besnier) un Petit dictionnaire de Locus Solus et divers articles sur Raymond Roussel.Annie Le Bruna publi\u00e9 r\u00e9cemment:Vingt mille lieues sous les mots, Raymond Roussel(Jean-Jacques Pauvert chez Fayard)De l'Inanit\u00e9 de la litt\u00e9rature(Jean-Jacques Pauvert aux Belles Lettres)Statue cou coup\u00e9(Jean-Michel Place)Rappel:Soudain un bloc d'ab\u00eeme, Sade(Jean-Jacques Pauvert chez Fayard)","authors":["Raymond Roussel"],"category_codes":["1000000","1010000"],"visuals":{"large":"https:\/\/images.epagine.fr\/601\/9782720213601_1_75.jpg","medium":"https:\/\/images.epagine.fr\/601\/9782720213601_1_m.jpg","thumbnail":"https:\/\/images.epagine.fr\/601\/9782720213601_1_v.jpg"},"orderable":true,"show_badge":true,"formatted_price":"28,00&nbsp;\u20ac","formatted_published_date":"25 mars 1998","publisher_availability_label":"Sur commande","short_details":"Raymond Roussel \u2014 Pauvert","translator":null,"weight":611,"page_count":450,"readership":null,"editor":"Pauvert","price":2800,"published_date":"1998-03-24T23:00:00.000000Z","support":"Grand format","publisher_availability":1,"stock":0,"editions":[],"url":"https:\/\/quaidesbrumes.com\/ouvrage\/9782720213601\/oeuvres-v-les-noces-volume-1"},{"id":"9782720213700","title":"Oeuvres IV : La Vue - Po\u00e8mes in\u00e9dits","description":"Auteur d'essais consacr\u00e9s \u00e0 Jarry (Plon) et \u00e0 Mallarm\u00e9 (Edition du Limon), Patrick Besnier a d\u00e9j\u00e0 \u00e9dit\u00e9 le tome III des OEuvres de Raymond Roussel, comprenant La Seine et La Tonsure.","authors":["Raymond Roussel"],"category_codes":["1000000","1010000"],"visuals":{"large":"https:\/\/images.epagine.fr\/700\/9782720213700_1_75.jpg","medium":"https:\/\/images.epagine.fr\/700\/9782720213700_1_m.jpg","thumbnail":"https:\/\/images.epagine.fr\/700\/9782720213700_1_v.jpg"},"orderable":true,"show_badge":true,"formatted_price":"26,50&nbsp;\u20ac","formatted_published_date":"25 novembre 1998","publisher_availability_label":"Sur commande","short_details":"Raymond Roussel \u2014 Pauvert","translator":null,"weight":539,"page_count":396,"readership":null,"editor":"Pauvert","price":2650,"published_date":"1998-11-24T23:00:00.000000Z","support":"Grand format","publisher_availability":1,"stock":0,"editions":[],"url":"https:\/\/quaidesbrumes.com\/ouvrage\/9782720213700\/oeuvres-iv-la-vue-poemes-inedits"},{"id":"9782720216404","title":"Epaves, pr\u00e9c\u00e9d\u00e9 de Conception et r\u00e9alit\u00e9 chez Raymond Roussel par Michel Leiris","description":null,"authors":["Roussel-R"],"category_codes":["1000000","1010000"],"visuals":{"large":"https:\/\/images.epagine.fr\/404\/9782720216404_1_75.jpg","medium":"https:\/\/images.epagine.fr\/404\/9782720216404_1_m.jpg","thumbnail":"https:\/\/images.epagine.fr\/404\/9782720216404_1_v.jpg"},"orderable":true,"show_badge":true,"formatted_price":"24,00&nbsp;\u20ac","formatted_published_date":"3 janvier 1977","publisher_availability_label":"Sur commande","short_details":"Roussel-R \u2014 Pauvert","translator":null,"weight":333,"page_count":300,"readership":null,"editor":"Pauvert","price":2400,"published_date":"1977-01-02T23:00:00.000000Z","support":"Grand format","publisher_availability":1,"stock":0,"editions":[],"url":"https:\/\/quaidesbrumes.com\/ouvrage\/9782720216404\/epaves-precede-de-conception-et-realite-chez-raymond-roussel-par-michel-leiris"},{"id":"9782720216428","title":"Le Voleur","description":null,"authors":["Darien-G"],"category_codes":["1000000","1010000"],"visuals":{"large":"https:\/\/images.epagine.fr\/428\/9782720216428_1_75.jpg","medium":"https:\/\/images.epagine.fr\/428\/9782720216428_1_m.jpg","thumbnail":"https:\/\/images.epagine.fr\/428\/9782720216428_1_v.jpg"},"orderable":true,"show_badge":true,"formatted_price":"29,00&nbsp;\u20ac","formatted_published_date":"3 janvier 1977","publisher_availability_label":"Sur commande","short_details":"Darien-G \u2014 Pauvert","translator":null,"weight":493,"page_count":432,"readership":null,"editor":"Pauvert","price":2900,"published_date":"1977-01-02T23:00:00.000000Z","support":"Grand format","publisher_availability":1,"stock":0,"editions":[],"url":"https:\/\/quaidesbrumes.com\/ouvrage\/9782720216428\/le-voleur"},{"id":"9781837263462","title":"The Death of Shame","description":"When you are a prisoner of your secrets, \r\n  the death of shame is the only path to liberty\r\n Annabel Banks was promised work as a maid with a prestigious Edinburgh family. But on her first day, she's nowhere to be found. Concerned relatives contact Sarah Fisher to help. Sarah might know her way around the city - its light sides and dark - but soon she'll discover the plight of dozens of girls ensnared in its many brothels: lured, abused and left ruined in the eyes of the world.\r\n  Meanwhile, a prominent society figure throws himself from the Scott Monument. Will Raven is asked to establish whether the death was suicide or if someone else was involved. Drawing upon real historical events, The Death of Shame takes the Raven and Fisher series into a treacherous labyrinth of shame and the pitfalls of a culture obsessed with moral purity.","authors":["Ambrose Parry"],"category_codes":["1000000","1010000"],"visuals":{"large":"https:\/\/images.epagine.fr\/462\/9781837263462_1_75.jpg","medium":"https:\/\/images.epagine.fr\/462\/9781837263462_1_m.jpg","thumbnail":"https:\/\/images.epagine.fr\/462\/9781837263462_1_v.jpg"},"orderable":false,"show_badge":true,"formatted_price":"15,40&nbsp;\u20ac","formatted_published_date":"4 juin 2026","publisher_availability_label":"\u00c0 para\u00eetre","short_details":"Ambrose Parry \u2014 Canongate","translator":null,"weight":0,"page_count":432,"readership":null,"editor":"Canongate","price":1540,"published_date":"2026-06-03T22:00:00.000000Z","support":"Poche","publisher_availability":2,"stock":0,"editions":[],"url":"https:\/\/quaidesbrumes.com\/ouvrage\/9781837263462\/the-death-of-shame"},{"id":"9782720200724","title":"Le Mythe de la procr\u00e9ation \u00e0 l'\u00e2ge baroque","description":"L'exemple de quelques th\u00e8ses soutenues devant la Facult\u00e9 de M\u00e9decine de Paris est significatif:- Si le sommeil favorise plut\u00f4t la conception des m\u00e2les? R\u00e9ponse affirmative (1554).- Si la femme contribue comme l'homme \u00e0 la g\u00e9n\u00e9ration? affirmatif (1584).- Si les petites femmes sont plus f\u00e9condes que les grandes? affirmatif (1631).- Si le dixi\u00e8me mois est le terme natal pour les h\u00e9ros? affirmatif (1643).- Si une femme presqu'homme (sic) produit un foetus faible? affirmatif (1688).- Si dans la conception la semence de l'homme se m\u00eale avec le sang de la femme? affirmatif (1713).- Si plus une femme est lascive plus elle est f\u00e9conde? N\u00e9gatif (1720).Ne rions pas. Pour nos grands-parents, une question dramatique se pose: les secrets de la g\u00e9n\u00e9ration ne sont-ils pas de ceux que l'homme ne percera jamais? N'est-il pas vain de se pencher sur un probl\u00e8me qui s'apparente au fond \u00e0 celui de la mort? La g\u00e9n\u00e9ration est-elle un secret de nature? C'est le th\u00e8me d'une th\u00e8se soutenue en 1762 par Charles Salin. La r\u00e9ponse est affirmative. C'est un sentiment largement r\u00e9pandu \u00e0 l'\u00e9poque. On le retrouve jusque chez Voltaire et dans l'Encyclop\u00e9die.La r\u00e9action la plus inattendue face \u00e0 cet \u00e9chec, la plus int\u00e9ressante aussi, est la pr\u00e9tention de transcender la procr\u00e9ation. On n'est pas s\u00fbr de la fa\u00e7on dont se forme le foetus, mais on pense savoir faire \u00e0 volont\u00e9 des filles ou des gar\u00e7ons, on a \u00e9tudi\u00e9 les effets de l'imagination de la m\u00e8re sur le foetus, etc.On pourrait croire que l'art des accouchements, en raison de ses aspects pratiques, se situe en dehors du baroque. Il n'en est rien. Superstitions, tabous, pr\u00e9jug\u00e9s, mythes, encombrent l'obst\u00e9trique, aussi bien que la m\u00e9taphysique.En fait, la procr\u00e9ation reste le domaine des visionnaires romantiques et mystiques. R\u00eave et po\u00e9sie s'y confondent en une sorte de f\u00e9erie baroque d'o\u00f9 se d\u00e9gage une beaut\u00e9 \u00e9trange et fascinante. Lorsqu'on d\u00e9couvre, vers la fin du 19e si\u00e8cle, que tout \u00eatre humain provient de la fusion des noyaux respectifs de deux cellules m\u00e2le et femelle, la g\u00e9n\u00e9ration, en perdant un peu de son myst\u00e8re, perd aussi peut-\u00eatre beaucoup de son charme.","authors":["Pierre Darmon"],"category_codes":["1000000","1010000"],"visuals":{"large":"https:\/\/images.epagine.fr\/724\/9782720200724_1_75.jpg","medium":"https:\/\/images.epagine.fr\/724\/9782720200724_1_m.jpg","thumbnail":"https:\/\/images.epagine.fr\/724\/9782720200724_1_v.jpg"},"orderable":true,"show_badge":true,"formatted_price":"24,00&nbsp;\u20ac","formatted_published_date":"26 avril 1977","publisher_availability_label":"Sur commande","short_details":"Pierre Darmon \u2014 Pauvert","translator":null,"weight":402,"page_count":288,"readership":null,"editor":"Pauvert","price":2400,"published_date":"1977-04-25T22:00:00.000000Z","support":"Grand format","publisher_availability":1,"stock":0,"editions":[],"url":"https:\/\/quaidesbrumes.com\/ouvrage\/9782720200724\/le-mythe-de-la-procreation-a-lage-baroque"},{"id":"9782720200793","title":"Le Bout du compte","description":"\" J'ai la crainte de voir s'en aller les \u00eatre que j'aime. Je voudrais pouvoir \u00e9crire: Qu'ils parent! Apr\u00e8s tout, c'est leur destin. \" Mais non; mes enfants, mes amours, mes affections sont ma plus lourde cha\u00eene. O\u00f9 est la \" vraie vie \"? Ici ou ailleurs?J'appartenais \u00e0 ce qu'on appelle une \" famille nombreuse \". Un p\u00e8re. Une m\u00e8re. Cinq enfants. Une belle famille. Ni pauvre ni riche. Il y avait chaque jour sept assiettes sur la table. Il y avait les sapins de la For\u00eat Noire; les Contes d'Andersen; les hivers de Belfort. Il y avait aussi les mutations dans les villes de garnison, car mon p\u00e8re \u00e9tait officier.Un jour, il est parti. Je crois que nous l'avions d\u00e9vor\u00e9. Alors il est parti sans oublier son revolver. Sans oublier de pourvoir une derni\u00e8re fois, en bon p\u00e8re de famille: il a mis ses affaires en ordre; il a souscrit une assurance sur la vie. Il nous a \u00e9crit: \" ... Ne m'en veuillez pas de partir ainsi... Pass\u00e9 le premier choc, vous verrez qu'en fin de compte c'\u00e9tait ce que j'avais de mieux \u00e0 faire... Quand ce sera fait, achetez une petite maison... \"Depuis, lui, cette grande ombre paternelle, ce grand soleil \u00e9teint, je le sens qui marche \u00e0 mes c\u00f4t\u00e9s. Je l'entends qui parle en moi. J'ai tent\u00e9 de le suivre. J'ai march\u00e9 sur ses pas. Dans un village de montagne, j'ai retrouv\u00e9 le petit h\u00f4tel o\u00f9 il s'\u00e9tait arr\u00eat\u00e9 pour sa derni\u00e8re nuit. Mais dans la chambre rien n'\u00e9voque son souvenir. Par la fen\u00eatre ouverte, monte une odeur d'\u00e9table. En bas, des animaux se tiennent chaud. Derri\u00e8re la cloison, un couple s'aime. Des enfants montent l'escalier en chahutant... \"F.L.\" Je ferai en sorte qu'on me trouve tout de suite. Votre attente ne sera pas longue... Dans le troisi\u00e8me tiroir de gauche vous trouverez les papiers de l'assurance-vie... Il faudra acheter une maison... \"Un jour, quelqu'un met tout en ordre et s'en va. Il croit avoir r\u00e9gl\u00e9 les comptes, tir\u00e9 un trait. C'est ce jour-l\u00e0 que tout commence...","authors":["Fran\u00e7oise Lef\u00e8vre"],"category_codes":["1000000","1010000"],"visuals":{"large":"https:\/\/images.epagine.fr\/793\/9782720200793_1_75.jpg","medium":"https:\/\/images.epagine.fr\/793\/9782720200793_1_m.jpg","thumbnail":"https:\/\/images.epagine.fr\/793\/9782720200793_1_v.jpg"},"orderable":true,"show_badge":true,"formatted_price":"24,00&nbsp;\u20ac","formatted_published_date":"25 octobre 1977","publisher_availability_label":"Sur commande","short_details":"Fran\u00e7oise Lef\u00e8vre \u2014 Pauvert","translator":null,"weight":252,"page_count":224,"readership":null,"editor":"Pauvert","price":2400,"published_date":"1977-10-24T23:00:00.000000Z","support":"Grand format","publisher_availability":1,"stock":0,"editions":[],"url":"https:\/\/quaidesbrumes.com\/ouvrage\/9782720200793\/le-bout-du-compte"},{"id":"9782720200915","title":"Le Parc des archers","description":"Je revenais d'un long voyage \u00e0 l'\u00e9tranger...Quelque chose a chang\u00e9 dans la ville. Les Gardes Noirs contr\u00f4lent les rues, surveillent m\u00eame les abords du Lac. La police est partout. Les interdictions se multiplient.Il y a toujours des d\u00eeners en ville, des revues d'art, les plages, la mer. Chez L\u00e9on, au Bouquet, le \" Vichy \" est toujours frais, les femmes de chambre font toujours des miracles. A Noireuil, la campagne n'a rien perdu de son \u00e9clat, ni le Parc des Archers de son myst\u00e8re. Florence Van Acker est lisse.Mais les m\u00e9tros-pi\u00e8ges font leur apparition. La Section Psychologique se d\u00e9masque. Les provocations s'accumulent.Alors, la guerre. Civile, comme on dit. Furieuse. Sordide. H\u00e9ro\u00efque. H\u00e9ros, fumiers, miliciennes, personne n'en sortira le m\u00eame. N'est-ce pas, Commandant Andr\u00e9 Miller?O\u00f9 est Florence? Saint-Macloud est d\u00e9truit. Le Parc des Archers va \u00eatre vendu \u00e0 une coop\u00e9rative agricole. Le fleuve d'H\u00e9raclite a repris presque partout son cours... Vincerennes est toujours l\u00e0, oui, et son bois...Le Vecchio n'a plus qu'\u00e0 y attendre le marchand de sable.Ce charme est loin d'\u00eatre dissip\u00e9 et je crois \u00eatre d\u00e8s maintenant en mesure de dire qu'il ne se dissipera jamais. Je n'ai pas cess\u00e9 depuis lors de r\u00e9p\u00e9ter \u00e0 qui voulait m'entendre que rien d'aussi n\u00e9cessaire, d'aussi convaincant, d'aussi exaltant ni d'aussi parfait ne m'\u00e9tait parvenu depuis fort longtemps. Je ne trouve que cette mani\u00e8re abrupte de vous le dire. Vous abordez l\u00e0, en conqu\u00e9rant, les seules terres vraiment lointaines qui m'int\u00e9ressent, et la reconnaissance que vous y poussez offre un nouveau ressort \u00e0 tout ce que je me connais comme raisons de vivre \".Voici qu'on publie Les Chasseurs, Le Seuil du Jardin, Lourdes, lentes, en \u00e9dition de poche. Voici la r\u00e9\u00e9dition du Parc des Archers, \u00e9puis\u00e9 depuis quinze ans, introuvable. Andr\u00e9 Hardellet aura simplement toujours \u00e9t\u00e9 un peu en avance. Il le savait bien:\" Braves gens, il vous faut du temps pour admettre ces mani\u00e8res. Vous me lirez un jour avec courtoisie, attention et bonne volont\u00e9. Il est probable, d'ailleurs, que cette heureuse circonstance ne repr\u00e9sentera alors qu'un d\u00e9tail tout \u00e0 fait mineur dans mon paysage clos et rectangulaire \".C'est la pri\u00e8re d'ins\u00e9rer d'un de ses derniers livres.Andr\u00e9 Hardellet est mort en juillet 1974. Il avait \u00e9crit des chansons (Le Bal chez Temporel...), des po\u00e8mes en vers et en prose (Les Chasseurs...) et trois romans (Le Seuil du Jardin, le Parc des Archers, Lourdes, lentes).On parle beaucoup de \" faux livres \". Andr\u00e9 Hardellet, lui, est un des rares vrais \u00e9crivains de notre temps et, disons-le tranquillement, un des plus consid\u00e9rables. D\u00e9couvrons-le...","authors":["Andr\u00e9 Hardellet"],"category_codes":["1000000","1010000"],"visuals":{"large":"https:\/\/images.epagine.fr\/915\/9782720200915_1_75.jpg","medium":"https:\/\/images.epagine.fr\/915\/9782720200915_1_m.jpg","thumbnail":"https:\/\/images.epagine.fr\/915\/9782720200915_1_v.jpg"},"orderable":true,"show_badge":true,"formatted_price":"20,90&nbsp;\u20ac","formatted_published_date":"6 septembre 1977","publisher_availability_label":"Sur commande","short_details":"Andr\u00e9 Hardellet \u2014 Pauvert","translator":null,"weight":273,"page_count":240,"readership":null,"editor":"Pauvert","price":2090,"published_date":"1977-09-05T22:00:00.000000Z","support":"Grand format","publisher_availability":1,"stock":0,"editions":[],"url":"https:\/\/quaidesbrumes.com\/ouvrage\/9782720200915\/le-parc-des-archers"},{"id":"9782720201837","title":"La cl\u00e9 des champs","description":"35-7986-9 \" N\u00e9 \" r\u00e9publicain _ en plein Bocage vend\u00e9en! _ en 1841, Georges Clemenceau dut, tout jeune, combattre le pouvoir issu du 2 D\u00e9cembre. Jusqu'\u00e0 sa mort (1929), il garda de cet apprentissage la conviction que la vie publique \u00e9tait une lutte: lutte pour consolider la R\u00e9publique quand d'aucuns pr\u00eachaient un modus vivendi avec ses adversaires; lutte pour la la\u00efcit\u00e9, lutte pour Dreyfus, lutte pour renforcer l'arm\u00e9e quand la paix paraissait \u00e0 ce prix, lutte enfin pour la victoire quand la guerre devint in\u00e9vitable. Ni l'int\u00e9r\u00eat personnel _ il refusa plusieurs fois le pouvoir \u00e0 des conditions qui ne lui convenaient pas _ ni l'id\u00e9ologie _ il \u00e9volua de l'extr\u00eame gauche vers le \" centre \" et s'opposa, lui l'ath\u00e9e convaincu, aux exc\u00e8s de l'anticl\u00e9ricalisme _ ne le guid\u00e8rent jamais. La R\u00e9publique et la France s'identifiant \u00e0 ses yeux, il entendait les fortifier et non les diviser.Passionn\u00e9, orgueilleux, d'une lucidit\u00e9 terrible sur les hommes, dur, brutal \u00e0 l'occasion, il ne cessa, par le verbe comme parlementaire (\u00e9lu de Paris, puis du Var), par la plume comme journaliste, \u00e9crivain et patron de presse, d'appeler \u00e0 la vigilance et \u00e0 l'effort. Et quand, en 1917, tout parut perdu, quand les politiciens et les g\u00e9n\u00e9raux routiniers eurent \u00e9chou\u00e9, il fallut bien se tourner vers le seul homme qui ne f\u00fbt pas compromis dans les exp\u00e9riences ant\u00e9rieures, le seul aussi dont la combativit\u00e9 et l'ardeur fussent inentam\u00e9es en d\u00e9pit de l'\u00e2ge _ soixante-seize ans! _: Clemenceau. C'est lui, on le sait, qui mena le pays \u00e0 la victoire, mettant un terme \u00e0 d'indicibles souffrances.A cet homme exceptionnel _ au jeune m\u00e9decin des pauvres, au maire de Montmartre sous la Commune, au \" tombeur de minist\u00e8res \", au directeur de journal qui trouva le titre J'accuse pour le c\u00e9l\u00e8bre article de Zola, \u00e0 l'ami de Monet, au voyageur, \u00e0 l'amoureux, \u00e0 l'auteur de D\u00e9mosth\u00e8ne et de Au soir de la pens\u00e9e, au collectionneur de Kogos japonais, au duelliste et \u00e0 ses mille autres facettes _, Jean-Baptiste Duroselle consacre un ouvrage non moins exceptionnel, foisonnant d'informations nouvelles admirablement ma\u00eetris\u00e9es _ une biographie d\u00e9finitive.Membre de l'Institut, professeur \u00e9m\u00e9rite \u00e0 la Sorbonne, Jean-Baptiste Duroselle est sp\u00e9cialiste de l'histoire politique et diplomatique du XIXe et du XXe si\u00e8cle. Il est le ma\u00eetre incontest\u00e9 des \u00e9tudes consacr\u00e9es aux relations internationales \u00e0 l'\u00e9poque contemporaine.","authors":["Andr\u00e9 Breton"],"category_codes":["1000000","1010000"],"visuals":{"large":"https:\/\/images.epagine.fr\/837\/9782720201837_1_75.jpg","medium":"https:\/\/images.epagine.fr\/837\/9782720201837_1_m.jpg","thumbnail":"https:\/\/images.epagine.fr\/837\/9782720201837_1_v.jpg"},"orderable":true,"show_badge":true,"formatted_price":"26,00&nbsp;\u20ac","formatted_published_date":"3 janvier 1977","publisher_availability_label":"Sur commande","short_details":"Andr\u00e9 Breton \u2014 Pauvert","translator":null,"weight":342,"page_count":288,"readership":null,"editor":"Pauvert","price":2600,"published_date":"1977-01-02T23:00:00.000000Z","support":"Grand format","publisher_availability":1,"stock":0,"editions":[],"url":"https:\/\/quaidesbrumes.com\/ouvrage\/9782720201837\/la-cle-des-champs"},{"id":"9782720201905","title":"L'Esprit contre la raison et autres r\u00e9cits surr\u00e9alistes","description":"\" Il y a une raison \u00e0 la red\u00e9couverte de Crevel: c'est le malaise contemporain. Certains ont vu en lui une image pr\u00e9monitoire de Mai 68. Il correspond aux lendemains d\u00e9senchant\u00e9s de ce mai-l\u00e0. \"Hubert Juin, Le Monde. \" La r\u00e9\u00e9dition des principaux livres de Ren\u00e9 Crevel appara\u00eet comme un acte de justice et de salubrit\u00e9. De justice, parce qu'il convient de mettre enfin Crevel \u00e0 sa vraie place, l'une des premi\u00e8res parmi les \u00e9crivains surr\u00e9alistes et parmi les \u00e9crivains tout court. De salubrit\u00e9, parce qu'il suffit d'ouvrir au hasard n'importe lequel de ses livres inclassables pour respirer le grand air de la libert\u00e9. \"Jean-Louis B\u00e9douin,Les Nouvelles Litt\u00e9raires. \" Non, la beaut\u00e9 de Crevel, c'\u00e9tait aussi, d'abord, l'\u00e9vidence de sinc\u00e9rit\u00e9, de libert\u00e9, de d\u00e9licatesse, qui vous sautait aux yeux. Or, tout cela, de la lumi\u00e8re des yeux au sourire du cavalier, irradie toutes les pages de ses livres, m\u00eame les plus b\u00e2cl\u00e9es ou disons les plus vite \u00e9crites. A lire Crevel vous respirez, vous reprenez un allant. \"Michel Cournot,Le Nouvel Observateur. \" Enfreignant les consignes quelque peu dogmatiques de Breton, qui interdisait le roman (genre \" bourgeois \"!) \u00e0 l'activit\u00e9 des surr\u00e9alistes, Crevel a laiss\u00e9 quelques romans superbes. Sa prose couvre un immense registre, du burlesque au macabre.Cette prose rapide et souple, trou\u00e9e parfois de fulgurantes m\u00e9taphores, donne forme \u00e0 la d\u00e9rision et aux plus vifs mouvements du coeur, \u00e0 toutes les nuances de la passion et du d\u00e9sespoir le plus nu, soumis \u00e0 la tentation de la mort volontaire qui est toujours l\u00e0, accueillante. \"Claude Pr\u00e9vost. L'Humanit\u00e9.","authors":["Ren\u00e9 Crevel"],"category_codes":["1000000","1010000"],"visuals":{"large":"https:\/\/images.epagine.fr\/905\/9782720201905_1_75.jpg","medium":"https:\/\/images.epagine.fr\/905\/9782720201905_1_m.jpg","thumbnail":"https:\/\/images.epagine.fr\/905\/9782720201905_1_v.jpg"},"orderable":true,"show_badge":true,"formatted_price":"26,00&nbsp;\u20ac","formatted_published_date":"26 mars 1986","publisher_availability_label":"Sur commande","short_details":"Ren\u00e9 Crevel \u2014 Pauvert","translator":null,"weight":372,"page_count":336,"readership":null,"editor":"Pauvert","price":2600,"published_date":"1986-03-25T23:00:00.000000Z","support":"Grand format","publisher_availability":1,"stock":0,"editions":[],"url":"https:\/\/quaidesbrumes.com\/ouvrage\/9782720201905\/lesprit-contre-la-raison-et-autres-recits-surrealistes"},{"id":"9782720213588","title":"O m'a dit : Entretiens avec Pauline R\u00e9age","description":"Histoire d'O, comme Jean Paulhan l'avait pr\u00e9dit, est bien devenu Les Liaisons dangereuses ou les Lettres de la religieuse portugaise de notre si\u00e8cle, un des sommets de la litt\u00e9rature, un de ces livres qui ont transform\u00e9 peu \u00e0 peu leurs lecteurs, leurs lectrices, leur \u00e9poque.Que son auteur soit une femme ajoute \u00e0 l'\u00e9v\u00e9nement une dimension sup\u00e9rieure.Mais qui est Pauline R\u00e9age? \" J'ai \u00e9crit pour un homme qui est mort, et moi, je mourrai bient\u00f4t. Je n'ai plus gu\u00e8re de temps pour m'expliquer. \" Et pourtant elle a beaucoup \u00e0 nous dire. Pour l'inciter \u00e0 se d\u00e9voiler, il a fallu la rencontre avec R\u00e9gine Deforges, une des plus \u00e9tonnantes personnalit\u00e9s f\u00e9minines d'aujourd'hui.A R\u00e9gine Deforges, si diff\u00e9rente et si semblable, Pauline R\u00e9age s'est confi\u00e9e. Elle a parl\u00e9, pour la premi\u00e8re et la derni\u00e8re fois, de sa jeunesse, de son enfance, des hommes, des femmes, de la guerre, de l'\u00e9rotisme et de l'amour.Comment \u00eatre insensible \u00e0 la profonde authenticit\u00e9, \u00e0 la sinc\u00e9rit\u00e9 souvent bouleversante de cette femme, qui n'aspire plus maintenant qu'\u00e0 \" dispara\u00eetre vers le silence \", apr\u00e8s avoir, \" par hasard \", note-t-elle, r\u00e9volutionn\u00e9 notre temps?","authors":["R\u00e9gine Deforges"],"category_codes":["1000000","1010000"],"visuals":{"large":"https:\/\/images.epagine.fr\/588\/9782720213588_1_75.jpg","medium":"https:\/\/images.epagine.fr\/588\/9782720213588_1_m.jpg","thumbnail":"https:\/\/images.epagine.fr\/588\/9782720213588_1_v.jpg"},"orderable":true,"show_badge":true,"formatted_price":"20,90&nbsp;\u20ac","formatted_published_date":"3 mai 1995","publisher_availability_label":"Sur commande","short_details":"R\u00e9gine Deforges \u2014 Pauvert","translator":null,"weight":209,"page_count":172,"readership":null,"editor":"Pauvert","price":2090,"published_date":"1995-05-02T22:00:00.000000Z","support":"Grand format","publisher_availability":1,"stock":0,"editions":[],"url":"https:\/\/quaidesbrumes.com\/ouvrage\/9782720213588\/o-ma-dit-entretiens-avec-pauline-reage"},{"id":"9782720216435","title":"L'Etoile au front","description":null,"authors":["Roussel-R"],"category_codes":["1000000","1010000"],"visuals":{"large":"https:\/\/images.epagine.fr\/435\/9782720216435_1_75.jpg","medium":"https:\/\/images.epagine.fr\/435\/9782720216435_1_m.jpg","thumbnail":"https:\/\/images.epagine.fr\/435\/9782720216435_1_v.jpg"},"orderable":true,"show_badge":true,"formatted_price":"22,00&nbsp;\u20ac","formatted_published_date":"3 janvier 1977","publisher_availability_label":"Sur commande","short_details":"Roussel-R \u2014 Pauvert","translator":null,"weight":277,"page_count":232,"readership":null,"editor":"Pauvert","price":2200,"published_date":"1977-01-02T23:00:00.000000Z","support":"Grand format","publisher_availability":1,"stock":0,"editions":[],"url":"https:\/\/quaidesbrumes.com\/ouvrage\/9782720216435\/letoile-au-front"},{"id":"9780593953051","title":"Ms. Mebel Goes Back to the Chopping Block","description":null,"authors":["Jesse Q Sutanto","Jesse Q. Sutanto"],"category_codes":["1000000","1010000"],"visuals":{"large":"https:\/\/quaidesbrumes.com\/img\/book-placeholder.png","medium":"https:\/\/quaidesbrumes.com\/img\/book-placeholder.png","thumbnail":"https:\/\/quaidesbrumes.com\/img\/book-placeholder.png"},"orderable":false,"show_badge":true,"formatted_price":"20,50&nbsp;\u20ac","formatted_published_date":null,"publisher_availability_label":"\u00c0 para\u00eetre","short_details":"Jesse Q Sutanto, Jesse Q. Sutanto \u2014 Berkley Books","translator":null,"weight":237,"page_count":304,"readership":null,"editor":"Berkley Books","price":2050,"published_date":null,"support":"Grand format","publisher_availability":2,"stock":0,"editions":[],"url":"https:\/\/quaidesbrumes.com\/ouvrage\/9780593953051\/ms-mebel-goes-back-to-the-chopping-block"},{"id":"9782488978019","title":"C'est ma Terre","description":"Antoine est l'unique h\u00e9ritier de la famille Baral, des vignerons plant\u00e9s depuis plusieurs g\u00e9n\u00e9rations dans la terre de Massan. Son chemin \u00e9tait trac\u00e9 avant m\u00eame sa naissance et il n'en a jamais envisag\u00e9 un autre ; il prendra la succession de son p\u00e8re et continuera \u00e0 faire prosp\u00e9rer la Grangette, leur domaine. Sa vie coulera sans heurts comme une rivi\u00e8re de plaine entre le travail des vignes et les matchs de rugby. Les parents de Jeanne ont \u00e9t\u00e9 chass\u00e9s d'Italie par Mussolini et ses terribles Chemises Noires. Elle est \u00e0 pr\u00e9sent, la fille du poubella\u00efre, l'\u00e9boueur du village. Sans fortune, sans le moindre lopin de terre, son courage et son amour pour Antoine lui suffiront-ils pour se faire accepter par les Baral ? Et Louis, leur enfant, suivra-t-il la m\u00eame voie que son p\u00e8re ?","authors":["Jean Pierre Grotti"],"category_codes":["1000000","1010000"],"visuals":{"large":"https:\/\/images.epagine.fr\/019\/9782488978019_1_75.jpg","medium":"https:\/\/images.epagine.fr\/019\/9782488978019_1_m.jpg","thumbnail":"https:\/\/images.epagine.fr\/019\/9782488978019_1_v.jpg"},"orderable":false,"show_badge":true,"formatted_price":"20,00&nbsp;\u20ac","formatted_published_date":"14 mai 2026","publisher_availability_label":"\u00c0 para\u00eetre","short_details":"Jean Pierre Grotti \u2014 TDO \u00c9ditions","translator":null,"weight":250,"page_count":366,"readership":null,"editor":"TDO \u00c9ditions","price":2000,"published_date":"2026-05-13T22:00:00.000000Z","support":"Grand format","publisher_availability":2,"stock":0,"editions":[],"url":"https:\/\/quaidesbrumes.com\/ouvrage\/9782488978019\/cest-ma-terre"},{"id":"9782925544197","title":"Le spleen de miami","description":"Drunk aux White Claw, Audrey H\u00e9bert envoie une demande de subvention au Conseil des Arts du Canada et re\u00e7oit des milliers de dollars pour aller \u00e9crire en Floride. L\u00e0-bas, elle essaie de vivre sa best life avec sa new crew, les Miamichicas. Elles encha\u00eeneront les aventures et les sorties dans les bars tout en \u00e9vitant les douchebags et les combats contre des crocodiles.Le spleen de Miami, un recueil de po\u00e9sie caliente, un guide touristique low-budget et un manuel d'apprentissage du franglaispagnol un peu plus utile que Duolingo.","authors":["Hebert Audrey"],"category_codes":["1000000","1010000"],"visuals":{"large":"https:\/\/images.epagine.fr\/197\/9782925544197_1_75.jpg","medium":"https:\/\/images.epagine.fr\/197\/9782925544197_1_m.jpg","thumbnail":"https:\/\/images.epagine.fr\/197\/9782925544197_1_v.jpg"},"orderable":false,"show_badge":true,"formatted_price":"26,50&nbsp;\u20ac","formatted_published_date":"1er juillet 2026","publisher_availability_label":"\u00c0 para\u00eetre","short_details":"Hebert Audrey \u2014 Les Editions De Ta Mere","translator":null,"weight":0,"page_count":null,"readership":null,"editor":"Les Editions De Ta Mere","price":2650,"published_date":"2026-06-30T22:00:00.000000Z","support":"Grand format","publisher_availability":2,"stock":0,"editions":[],"url":"https:\/\/quaidesbrumes.com\/ouvrage\/9782925544197\/le-spleen-de-miami"},{"id":"9791043143052","title":"Scarhaven keep - by j. s. fletcher","description":null,"authors":["Fletcher J. S."],"category_codes":["1000000","1010000"],"visuals":{"large":"https:\/\/quaidesbrumes.com\/img\/book-placeholder.png","medium":"https:\/\/quaidesbrumes.com\/img\/book-placeholder.png","thumbnail":"https:\/\/quaidesbrumes.com\/img\/book-placeholder.png"},"orderable":true,"show_badge":true,"formatted_price":"22,00&nbsp;\u20ac","formatted_published_date":"22 mars 2026","publisher_availability_label":"Sur commande","short_details":"Fletcher J. S. \u2014 Culturea","translator":null,"weight":364,"page_count":null,"readership":null,"editor":"Culturea","price":2200,"published_date":"2026-03-21T23:00:00.000000Z","support":"Grand format","publisher_availability":1,"stock":0,"editions":[],"url":"https:\/\/quaidesbrumes.com\/ouvrage\/9791043143052\/scarhaven-keep-by-j-s-fletcher"},{"id":"9791043144233","title":"The history of mr. polly - by h. g. wells","description":null,"authors":["Wells H. G."],"category_codes":["1000000","1010000"],"visuals":{"large":"https:\/\/quaidesbrumes.com\/img\/book-placeholder.png","medium":"https:\/\/quaidesbrumes.com\/img\/book-placeholder.png","thumbnail":"https:\/\/quaidesbrumes.com\/img\/book-placeholder.png"},"orderable":true,"show_badge":true,"formatted_price":"19,99&nbsp;\u20ac","formatted_published_date":"28 mars 2026","publisher_availability_label":"Sur commande","short_details":"Wells H. G. \u2014 Culturea","translator":null,"weight":344,"page_count":null,"readership":null,"editor":"Culturea","price":1999,"published_date":"2026-03-27T23:00:00.000000Z","support":"Grand format","publisher_availability":1,"stock":0,"editions":[],"url":"https:\/\/quaidesbrumes.com\/ouvrage\/9791043144233\/the-history-of-mr-polly-by-h-g-wells"},{"id":"9782487117150","title":"Plumes de costumes","description":"Reconstituer et \u00e9crire...\r\nVal\u00e9rie Valeix a r\u00e9uni quelques reconstitueurs afin que chacun partage son exp\u00e9rience de l'\u00e9criture.\r\nNous d\u00e9couvrons un univers singulier d\u00e8s lors qu'une nouvelle d\u00e9bute.\r\nTout commence sous l'Empire romain. Nous prenons ensuite des chemins de traverse pour \u00eatre happ\u00e9s par la Seconde Guerre mondiale, sans oublier les xviie et xviiie si\u00e8cles.\r\nNous sillonnons les routes de France, mais aussi celles de l'Italie, de l'Espagne, de l'Allemagne ou encore de l'Angleterre.\r\nTel un spectacle \u00e0 ciel ouvert, les costumes changent et circulent d'un personnage \u00e0 l'autre.\r\nOutre le d\u00e9paysement, la spiritualit\u00e9 tient sa place dans cet ouvrage avec un d\u00e9tour par Saint-Jacques-de-Compostelle.\r\nOn aimerait tant que cette danse majestueuse ne s'arr\u00eate jamais...","authors":["Val\u00e9rie Valeix"],"category_codes":["1000000","1010000","1010100"],"visuals":{"large":"https:\/\/images.epagine.fr\/150\/9782487117150_1_75.jpg","medium":"https:\/\/images.epagine.fr\/150\/9782487117150_1_m.jpg","thumbnail":"https:\/\/images.epagine.fr\/150\/9782487117150_1_v.jpg"},"orderable":false,"show_badge":true,"formatted_price":"17,00&nbsp;\u20ac","formatted_published_date":"11 mai 2026","publisher_availability_label":"\u00c0 para\u00eetre","short_details":"Val\u00e9rie Valeix \u2014 Maeloh","translator":null,"weight":209,"page_count":188,"readership":null,"editor":"Maeloh","price":1700,"published_date":"2026-05-10T22:00:00.000000Z","support":"Grand format","publisher_availability":2,"stock":0,"editions":[],"url":"https:\/\/quaidesbrumes.com\/ouvrage\/9782487117150\/plumes-de-costumes"},{"id":"9782806140548","title":"Li\u00e8ge, au fil des mots et du tram : Promenades litt\u00e9raires","description":"Cette collection de promenades litt\u00e9raires \u00e0 travers la Wallonie trace sa route : voici la troisi\u00e8me \u00e9tape, une invitation \u00e0 visiter Li\u00e8ge en posant ses pas \u00e0 chaque station de tram pour une balade dans les alentours.\r\nElles sont au nombre de 21 et \u00e9voquent plus de 200 fictions. Parfois par une simple mention, le passage du h\u00e9ros ou des faits qui s'y sont d\u00e9roul\u00e9s. Vous y retrouverez des personnages comme Quentin Durward, Bob Morane, Fant\u00f4mas ou Hercule Poirot et des grands noms comme d'Artagnan, Buffalo Bill, Mozart, la reine Margot...\r\nPartons \u00e0 bord du tram vers de nombreuses d\u00e9couvertes : les sagas, les grandes plumes li\u00e9geoises mais aussi des noms improbables venus des pays voisins voire m\u00eame d'autres continents.\r\nIllustr\u00e9 par de nombreuses couvertures et r\u00e9f\u00e9rences, ce guide de promenades litt\u00e9raires affirme Li\u00e8ge comme une ville de tourisme qu'il convient de consid\u00e9rer de rame en rame comme la plus litt\u00e9raire du pays !","authors":["Guy Delhasse"],"category_codes":["1000000","1010000"],"visuals":{"large":"https:\/\/images.epagine.fr\/548\/9782806140548_1_75.jpg","medium":"https:\/\/images.epagine.fr\/548\/9782806140548_1_m.jpg","thumbnail":"https:\/\/images.epagine.fr\/548\/9782806140548_1_v.jpg"},"orderable":false,"show_badge":true,"formatted_price":"19,00&nbsp;\u20ac","formatted_published_date":"17 juin 2026","publisher_availability_label":"\u00c0 para\u00eetre","short_details":"Guy Delhasse \u2014 Academia","translator":null,"weight":237,"page_count":198,"readership":null,"editor":"Academia","price":1900,"published_date":"2026-06-16T22:00:00.000000Z","support":"Grand format","publisher_availability":2,"stock":0,"editions":[],"url":"https:\/\/quaidesbrumes.com\/ouvrage\/9782806140548\/liege-au-fil-des-mots-et-du-tram-promenades-litteraires"},{"id":"9780063383517","title":"Eddie Winston Is Looking for Love","description":"The author of the beloved international hit The One Hundred Years of Lenni and Margot returns with a funny, uplifting story about the power of friendship and finding love in unexpected places.Eddie Winston is 90 years old. He has lived and he has loved, but he has never been kissed.A true gentleman and incurable romantic, Eddie spends his days volunteering at a charity shop, where he sorts through the donations of the living and the dead, preserving letters and tokens of love along the way. And it is here that he meets Bella, a troubled young woman who, at 24 years old, has just lost the love of her life.When Bella learns that Eddie is yet to have his first kiss, she resolves to help Eddie Winston finally find love, sparking an adventure that will take them to unexpected places and, they hope, bring Eddie Winston to the moment he has waited for all his life.A tale of friendship and kindness that reminds us that those we love are never forgotten and it is never too late to try again.","authors":["Marianne Cronin"],"category_codes":["1000000","1010000"],"visuals":{"large":"https:\/\/images.epagine.fr\/517\/9780063383517_1_75.jpg","medium":"https:\/\/images.epagine.fr\/517\/9780063383517_1_m.jpg","thumbnail":"https:\/\/images.epagine.fr\/517\/9780063383517_1_v.jpg"},"orderable":true,"show_badge":true,"formatted_price":"20,50&nbsp;\u20ac","formatted_published_date":"31 d\u00e9cembre 2024","publisher_availability_label":"Sur commande","short_details":"Marianne Cronin \u2014 Harper Perennial Usa","translator":null,"weight":229,"page_count":304,"readership":null,"editor":"Harper Perennial Usa","price":2050,"published_date":"2024-12-30T23:00:00.000000Z","support":"Grand format","publisher_availability":1,"stock":0,"editions":[],"url":"https:\/\/quaidesbrumes.com\/ouvrage\/9780063383517\/eddie-winston-is-looking-for-love"}]}