{"data":[{"id":"9782365250016","title":"S\u00e9bastien Roch","description":"Au moment, o\u00f9, un peu partout dans le monde, a fini par \u00e9clater le scandale, trop longtemps \u00e9touff\u00e9, des innombrables viols d'enfants et d'adolescents impun\u00e9ment perp\u00e9tr\u00e9s par des pr\u00eatres, le roman d'Octave Mirbeau S\u00e9bastien Koch, publi\u00e9 en 1890 et qui s'est heurt\u00e9 alors \u00e0 une v\u00e9ritable conspiration du silence, appara\u00eet plus que jamais d'actualit\u00e9. Car Mirbeau, le grand d\u00e9mystificateur, a \u00e9t\u00e9 le premier \u00e0 transgresser le tabou et \u00e0 d\u00e9voiler publiquement le secret le mieux gard\u00e9 : celui des turpitudes de l'Eglise catholique, qui, non contente de p\u00e9trir et de pourrir les jeunes cerveaux mall\u00e9ables pour pr\u00e9server sa domination, comme l'en accuse le romancier, prot\u00e8ge de surcro\u00eet les pr\u00e9dateurs sexuels qu'elle abrite en son sein et qui b\u00e9n\u00e9ficient d'une totale impunit\u00e9, parce que tout vaut mieux \u00e0 ses yeux qu'un scandale qui ternirait sa fa\u00e7ade de respectabilit\u00e9 et menacerait son autorit\u00e9.\r\nL'action de ce roman, souvent qualifi\u00e9 d'autobiographique, est situ\u00e9 au coll\u00e8ge des j\u00e9suites de Vannes, o\u00f9 le romancier lui-m\u00eame a fait ses \u00e9tudes, avant d'en \u00eatre chass\u00e9 dans des conditions plus que suspectes. Son int\u00e9r\u00eat majeur est de nous faire partager la perception du monde des adultes par le jeune et na\u00eff S\u00e9bastien, manipul\u00e9 et s\u00e9duit par un j\u00e9suite cynique et madr\u00e9, et de faire d\u00e9couvrir les cons\u00e9quences d\u00e9vastatrices du traumatisme du viol. S\u00e9bastien Koch est le r\u00e9cit bouleversant du \u00ab meurtre d'une \u00e2me d'enfant \u00bb, dans un univers absurde, o\u00f9 rien ne rime \u00e0 rien, et dans une soci\u00e9t\u00e9 bourgeoise oppressive, o\u00f9 tout va \u00e0 rebours du bon sens et de la justice.\r\nMirbeau parvient \u00e0 un dosage subtil entre piti\u00e9 et ironie, \u00e9criture artiste et \u00ab tragique dans le tr\u00e8s simple \u00bb, qui contribue \u00e0 faire de  S\u00e9bastien Koch un roman d'une \u00e9tonnante modernit\u00e9, \u00e0 la fois subversif et \u00e9mouvant, en m\u00eame temps qu'un acte d'accusation lanc\u00e9 \u00e0 la face d'un ordre social inique et hypocrite.\r\nPierre Michel","authors":["Octave Mirbeau"],"category_codes":["1000000","1010000"],"visuals":{"large":"https:\/\/images.epagine.fr\/016\/9782365250016_1_75.jpg","medium":"https:\/\/images.epagine.fr\/016\/9782365250016_1_m.jpg","thumbnail":"https:\/\/images.epagine.fr\/016\/9782365250016_1_v.jpg"},"orderable":true,"show_badge":true,"formatted_price":"22,00&nbsp;\u20ac","formatted_published_date":"20 septembre 2011","publisher_availability_label":"Sur commande","short_details":"Octave Mirbeau \u2014 Editions Du Masque D'Or","translator":null,"weight":350,"page_count":292,"readership":null,"editor":"Editions Du Masque D'Or","price":2200,"published_date":"2011-09-19T22:00:00.000000Z","support":"Grand format","publisher_availability":1,"stock":0,"editions":["9791041978892","9791041998418"],"url":"https:\/\/quaidesbrumes.com\/ouvrage\/9782365250016\/sebastien-roch"},{"id":"9782708708525","title":"Les fourmis rouges","description":"Ha\u00eftienne par sa m\u00e8re et montr\u00e9alaise par la vie, Marie-Claudine vient finalement se fixer en Guadeloupe. En attente d'un permis de s\u00e9jour et meurtrie par le choc culturel, souvent install\u00e9e sur son balcon au coeur de la ville, elle pose un regard \u00e0 la fois lucide et d\u00e9sempar\u00e9 sur Pointe-\u00e0-Pitre. Un beau matin, elle ose enfin se questionner sur le d\u00e9sir qui l'a pouss\u00e9e \u00e0 suivre Arnaud son compagnon. Un attachant blues carib\u00e9en.","authors":["Edith Serotte"],"category_codes":["1000000","1010000"],"visuals":{"large":"https:\/\/images.epagine.fr\/525\/9782708708525_1_75.jpg","medium":"https:\/\/images.epagine.fr\/525\/9782708708525_1_m.jpg","thumbnail":"https:\/\/images.epagine.fr\/525\/9782708708525_1_v.jpg"},"orderable":true,"show_badge":true,"formatted_price":"12,00&nbsp;\u20ac","formatted_published_date":"21 mars 2013","publisher_availability_label":"Sur commande","short_details":"Edith Serotte \u2014 PRESENCE AFRICAINE","translator":null,"weight":154,"page_count":null,"readership":null,"editor":"PRESENCE AFRICAINE","price":1200,"published_date":"2013-03-20T23:00:00.000000Z","support":"Grand format","publisher_availability":1,"stock":0,"editions":[],"url":"https:\/\/quaidesbrumes.com\/ouvrage\/9782708708525\/les-fourmis-rouges"},{"id":"9782844182128","title":"Fil de fer","description":"Ses petits camarades l'appellent Fil de Fer.\r\nSa m\u00e8re l'\u00e9l\u00e8ve seule. Cette jeune et belle femme est une a demi-folle \". M\u00e9galomane, elle se croit une ascendance prestigieuse, se r\u00eave un brillant avenir au Th\u00e9\u00e2tre, o\u00f9 elle ne trouve que des figurations. Hyst\u00e9rique, elle bat son fils qu'elle accuse de tous ses insucc\u00e8s. Cont\u00e9 tr\u00e8s franchement, presque \u00e0 la premi\u00e8re personne, mais sur le mode burlesque, Fil de Fer est la chronique d'une enfance martyre.\r\nMais c'est aussi la trag\u00e9die d'un fils qui d\u00e9couvre avec honte que sa m\u00e8re est expos\u00e9e \u00e0 la piti\u00e9 et la ris\u00e9e de tous. Et d'autres aspects d'un passage \u00e0 l'adolescence assez particulier, vers 1880, dans le quartier Pigalle encore naissant. Une surench\u00e8re os\u00e9e et r\u00e9ussie \u00e0 poil de Carotte.","authors":["Jehan Rictus"],"category_codes":["1000000","1010000"],"visuals":{"large":"https:\/\/images.epagine.fr\/128\/9782844182128_1_75.jpg","medium":"https:\/\/images.epagine.fr\/128\/9782844182128_1_m.jpg","thumbnail":"https:\/\/images.epagine.fr\/128\/9782844182128_1_v.jpg"},"orderable":true,"show_badge":true,"formatted_price":"18,00&nbsp;\u20ac","formatted_published_date":"4 novembre 2010","publisher_availability_label":"Sur commande","short_details":"Jehan Rictus \u2014 La Part Commune","translator":null,"weight":400,"page_count":null,"readership":null,"editor":"La Part Commune","price":1800,"published_date":"2010-11-03T23:00:00.000000Z","support":"Grand format","publisher_availability":1,"stock":0,"editions":[],"url":"https:\/\/quaidesbrumes.com\/ouvrage\/9782844182128\/fil-de-fer"},{"id":"9782753511835","title":"Une vie irlandaise ; du Connemara \u00e0 R\u00e1th Chairn : histoire de la vie de Micil Chonra\u00ed","description":"Ce livre, encore in\u00e9dit en anglais, est une description simple, franche et directe de l'Irlande du XXe si\u00e8cle : \u00ab Je raconte ce qui s'est r\u00e9ellement pass\u00e9, ce que j'ai vu de mes propres yeux, et je me porte garant de chacune de mes paroles. \u00bb Micil Chonra\u00ed quitte en 1934 le Connemara pour le comt\u00e9 de Meath, une \u00e9migration organis\u00e9e pour r\u00e9tablir l'usage du ga\u00e9lique dans cette r\u00e9gion anglophone. Il raconte dans ce r\u00e9cit son enfance, la d\u00e9couverte du riche Meath, sa p\u00e9riode dans l'arm\u00e9e, sa tuberculose. De la fabrication du whiskey illicite (la poteen) au sort des enfants et des filles-m\u00e8res, un t\u00e9moignage exceptionnel.","authors":["Conch\u00far O giollag\u00e1in","Jean Le d\u00fb"],"category_codes":["1000000","1060000","1060100"],"visuals":{"large":"https:\/\/images.epagine.fr\/835\/9782753511835_1_75.jpg","medium":"https:\/\/images.epagine.fr\/835\/9782753511835_1_m.jpg","thumbnail":"https:\/\/images.epagine.fr\/835\/9782753511835_1_v.jpg"},"orderable":true,"show_badge":true,"formatted_price":"17,00&nbsp;\u20ac","formatted_published_date":"3 d\u00e9cembre 2010","publisher_availability_label":"Sur commande","short_details":"Conch\u00far O giollag\u00e1in, Jean Le d\u00fb \u2014 Presse Universitaire de Rennes","translator":"JEAN LE DU","weight":0,"page_count":280,"readership":null,"editor":"Presse Universitaire de Rennes","price":1700,"published_date":"2010-12-02T23:00:00.000000Z","support":"Grand format","publisher_availability":1,"stock":0,"editions":[],"url":"https:\/\/quaidesbrumes.com\/ouvrage\/9782753511835\/une-vie-irlandaise-du-connemara-a-rath-chairn-histoire-de-la-vie-de-micil-chonrai"},{"id":"9782290073209","title":"L'amour commence en hiver","description":"Depuis son enfance, Bruno porte en lui le poids \u00e9touffant du deuil de sa soeur Anna. Violoncelliste d'une trentaine d'ann\u00e9es, il donne des concerts \u00e0 travers le monde. Un soir, \u00e0 Qu\u00e9bec, il fuit les mondanit\u00e9s et se prom\u00e8ne dans la ville endormie. Bruno rencontre alors Hannah, une Galloise marqu\u00e9e par le deuil de son fr\u00e8re Jonathan...","authors":["Simon Van Booy","Micha Venaille"],"category_codes":["1000000","1010000"],"visuals":{"large":"https:\/\/images.epagine.fr\/209\/9782290073209_1_75.jpg","medium":"https:\/\/images.epagine.fr\/209\/9782290073209_1_m.jpg","thumbnail":"https:\/\/images.epagine.fr\/209\/9782290073209_1_v.jpg"},"orderable":true,"show_badge":true,"formatted_price":"4,80&nbsp;\u20ac","formatted_published_date":"17 ao\u00fbt 2013","publisher_availability_label":"Sur commande","short_details":"Simon Van Booy, Micha Venaille \u2014 J'ai Lu","translator":"MICHA VENAILLE","weight":67,"page_count":122,"readership":null,"editor":"J'ai Lu","price":480,"published_date":"2013-08-16T22:00:00.000000Z","support":"Poche","publisher_availability":1,"stock":0,"editions":["9782746732292"],"url":"https:\/\/quaidesbrumes.com\/ouvrage\/9782290073209\/lamour-commence-en-hiver"},{"id":"9782709634472","title":"Les t\u00e9tins de Sainte-Agathe","description":"Chaque ann\u00e9e, le 5 f\u00e9vrier, Agata enseigne \u00e0 sa petite fille Agatina les secrets de la pr\u00e9paration des g\u00e2teaux en l'honneur de la sainte dont elles portent toutes les deux le pr\u00e9nom. Tandis qu'elles p\u00e9trissent les cassatelle en forme de sein, les t\u00e9tins, la grand-m\u00e8re raconte le martyre de la sainte \u00e0 qui le cruel consul Quinziano, ne supportant d'\u00eatre repouss\u00e9, fit couper les mamelles. Grace \u00e0 cette histoire dramatique, elle enseigne \u00e0 sa petite-fille une r\u00e8gle du monde masculin : \u00abTu dois savoir que, si tu ne ressens pas de plaisir quand ils te touchent, les hommes se sentent atteints dans leur virilit\u00e9, mais gare \u00e0 toi si tu y prends du plaisir, parce que l\u00e0 ils te prennent pour une putain. \u00bb Ceci est l'un des nombreux avertissements, proverbes et conseils qu'Agata laisse en h\u00e9ritage \u00e0 sa petite-fille - avec la recette des cassatelle - ingr\u00e9dients indispensables pour en faire une femme. Et ce parfum de ricotta et de chocolat qui envahit la cuisine o\u00f9 Agatina \u00e9coute, fascin\u00e9e, le r\u00e9cit de sa grand-m\u00e8re, sert de pr\u00e9texte \u00e0 l'\u00e9vocation de l'histoire de deux familles siciliennes et de leurs femmes. Les t\u00e9tins vont toujours par paires, r\u00e9p\u00e9tait inlassablement mamie Agata : deux seins, deux g\u00e2teaux pour chaque jeune fille. Cependant, la vie est impr\u00e9visible et le sein, doux viatique de joie et de nourriture, peut porter la maladie et le d\u00e9samour. Le compte n'est pas toujours bon... \r\n\r\nDe Catane \u00e0 Palerme, berc\u00e9s par une langue savoureuse et un style enjou\u00e9, aussi frais que les histoires que les femmes se racontent en secret en pr\u00e9parant les repas et le destin de leurs hommes affam\u00e9s, nous suivons l'\u00e9volution tr\u00e9pidante de notre protagoniste et de ses pas dans la vie. \r\n\r\nTraduit de l'italien par Ana\u00efs Bokobza","authors":["G Torregrossa","Ana\u00efs Bokobza"],"category_codes":["1000000","1010000"],"visuals":{"large":"https:\/\/images.epagine.fr\/472\/9782709634472_1_75.jpg","medium":"https:\/\/images.epagine.fr\/472\/9782709634472_1_m.jpg","thumbnail":"https:\/\/images.epagine.fr\/472\/9782709634472_1_v.jpg"},"orderable":true,"show_badge":true,"formatted_price":"26,30&nbsp;\u20ac","formatted_published_date":"11 mai 2011","publisher_availability_label":"Sur commande","short_details":"G Torregrossa, Ana\u00efs Bokobza \u2014 JC Latt\u00e8s","translator":"ANAIS BOKOBZA","weight":402,"page_count":391,"readership":null,"editor":"JC Latt\u00e8s","price":2630,"published_date":"2011-05-10T22:00:00.000000Z","support":"Grand format","publisher_availability":1,"stock":0,"editions":[],"url":"https:\/\/quaidesbrumes.com\/ouvrage\/9782709634472\/les-tetins-de-sainte-agathe"},{"id":"9782081268791","title":"La nuit de Maritzburg ; l'\u00e9ternel amour de Gandhi","description":"La nuit de Maritzburg En 1893, une entreprise indienne propose \u00e0 Mohandas Karamchand Gandhi, tout jeune avocat, de se rendre en Afrique du Sud pour y d\u00e9fendre ses int\u00e9r\u00eats. Gandhi accepte. Il ne le sait pas encore, mais c'est le tournant de sa vie. Il d\u00e9couvre l'apartheid, l'humiliation, et se lance dans un combat acharn\u00e9 contre la discrimination dont sont victimes ses compatriotes indiens. C'est l\u00e0 qu'il exp\u00e9rimentera pour la premi\u00e8re fois une arme redoutable : la r\u00e9sistance passive. Jour apr\u00e8s jour, le petit avocat timide et si british, va se m\u00e9tamorphoser jusqu'\u00e0 devenir le Mahatma, la Grande \u00c2me. C'est aussi sur cette terre de violences qu'il rencontre Hermann Kallenbach, un architecte juif allemand, avec lequel s'instaure une relation hors du commun. Une intimit\u00e9 pr\u00e9cieuse, intense, forte comme une passion, digne d'un amour... vrai.","authors":["Gilbert Sinou\u00e9"],"category_codes":["1000000","1010000"],"visuals":{"large":"https:\/\/images.epagine.fr\/791\/9782081268791_1_75.jpg","medium":"https:\/\/images.epagine.fr\/791\/9782081268791_1_m.jpg","thumbnail":"https:\/\/images.epagine.fr\/791\/9782081268791_1_v.jpg"},"orderable":true,"show_badge":true,"formatted_price":"21,00&nbsp;\u20ac","formatted_published_date":"19 mars 2014","publisher_availability_label":"Sur commande","short_details":"Gilbert Sinou\u00e9 \u2014 Flammarion","translator":null,"weight":570,"page_count":462,"readership":null,"editor":"Flammarion","price":2100,"published_date":"2014-03-18T23:00:00.000000Z","support":"Grand format","publisher_availability":1,"stock":0,"editions":[],"url":"https:\/\/quaidesbrumes.com\/ouvrage\/9782081268791\/la-nuit-de-maritzburg-leternel-amour-de-gandhi"},{"id":"9782013368834","title":"Les L\u00e9gendes de la Perse","description":"Les l\u00e9gendes de la Perse \/ par \u00c9douard Montagne http:\/\/gallica.bnf.fr\/ark:\/12148\/bpt6k5626687v","authors":["Montagne Edouard"],"category_codes":["1000000","1030000"],"visuals":{"large":"https:\/\/images.epagine.fr\/834\/9782013368834_1_75.jpg","medium":"https:\/\/images.epagine.fr\/834\/9782013368834_1_m.jpg","thumbnail":"https:\/\/images.epagine.fr\/834\/9782013368834_1_v.jpg"},"orderable":true,"show_badge":true,"formatted_price":"26,00&nbsp;\u20ac","formatted_published_date":"1er septembre 2013","publisher_availability_label":"Sur commande","short_details":"Montagne Edouard \u2014 Hachette BNF","translator":null,"weight":546,"page_count":null,"readership":null,"editor":"Hachette BNF","price":2600,"published_date":"2013-08-31T22:00:00.000000Z","support":"Grand format","publisher_availability":1,"stock":0,"editions":["9782019141134"],"url":"https:\/\/quaidesbrumes.com\/ouvrage\/9782013368834\/les-legendes-de-la-perse"},{"id":"9782329044149","title":"Le Bl\u00e9 qui L\u00e8ve","description":"Le bl\u00e9 qui l\u00e8ve \/ Ren\u00e9 Bazin,...\r\nDate de l'\u00e9dition originale : 1925\r\n\r\nLe pr\u00e9sent ouvrage s'inscrit dans une politique de conservation patrimoniale des ouvrages de la litt\u00e9rature Fran\u00e7aise mise en place avec la BNF. \r\nHACHETTE LIVRE et la BNF proposent ainsi un catalogue de titres indisponibles, la BNF ayant num\u00e9ris\u00e9 ces oeuvres et HACHETTE LIVRE les imprimant \u00e0 la demande. \r\nCertains de ces ouvrages refl\u00e8tent des courants de pens\u00e9e caract\u00e9ristiques de leur \u00e9poque, mais qui seraient aujourd'hui jug\u00e9s condamnables. \r\nIls n'en appartiennent pas moins \u00e0 l'histoire des id\u00e9es en France et sont susceptibles de pr\u00e9senter un int\u00e9r\u00eat scientifique ou historique. \r\nLe sens de notre d\u00e9marche \u00e9ditoriale consiste ainsi \u00e0 permettre l'acc\u00e8s \u00e0 ces oeuvres sans pour autant que nous en cautionnions en aucune fa\u00e7on le contenu. \r\nPour plus d'informations, rendez-vous sur www.hachettebnf.fr","authors":["Ren\u00e9 Bazin"],"category_codes":["1000000","1010000"],"visuals":{"large":"https:\/\/images.epagine.fr\/149\/9782329044149_1_75.jpg","medium":"https:\/\/images.epagine.fr\/149\/9782329044149_1_m.jpg","thumbnail":"https:\/\/images.epagine.fr\/149\/9782329044149_1_v.jpg"},"orderable":true,"show_badge":true,"formatted_price":"26,00&nbsp;\u20ac","formatted_published_date":"1er juillet 2018","publisher_availability_label":"Sur commande","short_details":"Ren\u00e9 Bazin \u2014 Hachette BNF","translator":null,"weight":557,"page_count":400,"readership":null,"editor":"Hachette BNF","price":2600,"published_date":"2018-06-30T22:00:00.000000Z","support":"Grand format","publisher_availability":1,"stock":0,"editions":["9791094912683","9791041838608"],"url":"https:\/\/quaidesbrumes.com\/ouvrage\/9782329044149\/le-ble-qui-leve"},{"id":"9782335020731","title":"L'affaire Blaireau","description":"Impression en \u00ab gros caract\u00e8res \u00bb.  Extrait :  Madame de Chaville appela : - Placide ! - Madame ?- Vous pouvez desservir. - Bien, madame. Et Mme de Chaville alla rejoindre ses invit\u00e9s. Rest\u00e9 seul, le fid\u00e8le serviteur Placide grommela l'in\u00e9vitable \u00c7a n'est pas trop t\u00f4t, j'ai cru qu'ils n'en finiraient pas ! Puis il parut h\u00e9siter entre un verre de fine champagne et un autre de chartreuse. En fin de compte il se d\u00e9cida pour ce dernier spiritueux, dont il lampa une notable portion avec une satisfaction \u00e9vidente.","authors":["Alphonse Allais"],"category_codes":["1000000","1100000"],"visuals":{"large":"https:\/\/images.epagine.fr\/731\/9782335020731_1_75.jpg","medium":"https:\/\/images.epagine.fr\/731\/9782335020731_1_m.jpg","thumbnail":"https:\/\/images.epagine.fr\/731\/9782335020731_1_v.jpg"},"orderable":true,"show_badge":true,"formatted_price":"19,99&nbsp;\u20ac","formatted_published_date":"4 mars 2015","publisher_availability_label":"Sur commande","short_details":"Alphonse Allais \u2014 Books on Demand","translator":null,"weight":401,"page_count":180,"readership":null,"editor":"Books on Demand","price":1999,"published_date":"2015-03-03T23:00:00.000000Z","support":"Grand format","publisher_availability":1,"stock":0,"editions":["9782335017892","9782382745915"],"url":"https:\/\/quaidesbrumes.com\/ouvrage\/9782335020731\/laffaire-blaireau"},{"id":"9782883401921","title":"D\u00e9cembre","description":null,"authors":["Mathilde Fontanet"],"category_codes":["1000000","1010000"],"visuals":{"large":"https:\/\/quaidesbrumes.com\/img\/book-placeholder.png","medium":"https:\/\/quaidesbrumes.com\/img\/book-placeholder.png","thumbnail":"https:\/\/quaidesbrumes.com\/img\/book-placeholder.png"},"orderable":true,"show_badge":true,"formatted_price":"22,00&nbsp;\u20ac","formatted_published_date":"3 mai 2013","publisher_availability_label":"Sur commande","short_details":"Mathilde Fontanet \u2014 Metropolis","translator":null,"weight":300,"page_count":256,"readership":null,"editor":"Metropolis","price":2200,"published_date":"2013-05-02T22:00:00.000000Z","support":"Grand format","publisher_availability":1,"stock":0,"editions":[],"url":"https:\/\/quaidesbrumes.com\/ouvrage\/9782883401921\/decembre"},{"id":"9782912506498","title":"Le douvi","description":"\u00ab Le Douvi \u00bb nous entra\u00eene en Ard\u00e8che \u00e0 la fin du si\u00e8cle. Une avalanche d'incidents et de nuisances s'abat sur le village de Sauzar\u00e8des, tous sign\u00e9s par la pr\u00e9sence d'un chiffon rouge : la marque du \u00ab Douvi \u00bb ! Au coeur du village, les suspicions s'installent... Mais le Douvi est-il bien l'\u00eatre imaginaire auquel croit la petite Marion ? Sinon, qui peut bien avoir int\u00e9r\u00eat \u00e0 rev\u00eatir les oripeaux de cette vieille l\u00e9gende pour s'en prendre aux habitants de Sauzar\u00e8des ?","authors":["Michel Lacombe"],"category_codes":["1000000","1010000"],"visuals":{"large":"https:\/\/images.epagine.fr\/498\/9782912506498_1_75.jpg","medium":"https:\/\/images.epagine.fr\/498\/9782912506498_1_m.jpg","thumbnail":"https:\/\/images.epagine.fr\/498\/9782912506498_1_v.jpg"},"orderable":true,"show_badge":true,"formatted_price":"19,00&nbsp;\u20ac","formatted_published_date":"1er avril 2003","publisher_availability_label":"Sur commande","short_details":"Michel Lacombe \u2014 EDITIONS DU MOT PASSANT","translator":null,"weight":430,"page_count":320,"readership":null,"editor":"EDITIONS DU MOT PASSANT","price":1900,"published_date":"2003-03-31T22:00:00.000000Z","support":"Grand format","publisher_availability":1,"stock":0,"editions":[],"url":"https:\/\/quaidesbrumes.com\/ouvrage\/9782912506498\/le-douvi"},{"id":"9782730702812","title":"Les Buveurs d'eau","description":"Il exista autrefois sous le nom singulier de Buveurs d'eau une petite soci\u00e9t\u00e9 de jeunes gens qui, associant leurs esp\u00e9rances et leurs travaux, avaient entrepris de r\u00e9tablir dans la vie d'artiste les traditions de travail ind\u00e9pendant et s\u00e9rieux, qui s'oublient si facilement face aux entra\u00eenements de la vogue passag\u00e8re et aux s\u00e9ductuions de l'industrie. Tous en fants de familles pauvres, ils avaient commenc\u00e9 de bonne heure l'apprentissage des privations. Ce sont les luttes douloureuses de l'intelligence avec la n\u00e9cessit\u00e9 au sein de cette singuli\u00e8re soci\u00e9t\u00e9, que nous peignent les r\u00e9cits qu'on va lire (Henry Murger).","authors":["Henry Murger"],"category_codes":["1000000","1010000"],"visuals":{"large":"https:\/\/images.epagine.fr\/812\/9782730702812_1_75.jpg","medium":"https:\/\/images.epagine.fr\/812\/9782730702812_1_m.jpg","thumbnail":"https:\/\/images.epagine.fr\/812\/9782730702812_1_v.jpg"},"orderable":true,"show_badge":true,"formatted_price":"23,50&nbsp;\u20ac","formatted_published_date":"1er d\u00e9cembre 2004","publisher_availability_label":"Sur commande","short_details":"Henry Murger \u2014 \u00c9ditions L'Harmattan","translator":null,"weight":260,"page_count":368,"readership":null,"editor":"\u00c9ditions L'Harmattan","price":2350,"published_date":"2004-11-30T23:00:00.000000Z","support":"Grand format","publisher_availability":1,"stock":0,"editions":[],"url":"https:\/\/quaidesbrumes.com\/ouvrage\/9782730702812\/les-buveurs-deau"},{"id":"9791041976515","title":"Les trappeurs de l'Arkansas","description":"Ce roman transporte les lecteurs dans les vastes territoires sauvages de l'Arkansas au XIXe si\u00e8cle. L'histoire suit les aventures de trappeurs, explorateurs et pionniers fran\u00e7ais et am\u00e9ricains, confront\u00e9s \u00e0 des d\u00e9fis li\u00e9s \u00e0 la nature, aux tribus am\u00e9rindiennes et aux rivalit\u00e9s entre colons.\r\n\r\nGustave Aimard d\u00e9peint les paysages majestueux de l'Arkansas, les interactions entre les trappeurs et les communaut\u00e9s autochtones, ainsi que les tensions croissantes entre les diff\u00e9rentes factions pour le contr\u00f4le des territoires et des ressources.\r\n\r\n\"Les Trappeurs de l'Arkansas\" est typique des romans d'aventure de l'\u00e9poque, captivant les lecteurs par ses descriptions saisissantes de la nature, ses sc\u00e8nes d'action, et ses personnages \u00e9voluant dans un environnement impitoyable, offrant ainsi une immersion captivante dans le monde de l'Ouest sauvage de l'Am\u00e9rique du Nord au XIXe si\u00e8cle.","authors":["Gustave Aimard"],"category_codes":["1000000","1010000"],"visuals":{"large":"https:\/\/images.epagine.fr\/515\/9791041976515_1_75.jpg","medium":"https:\/\/images.epagine.fr\/515\/9791041976515_1_m.jpg","thumbnail":"https:\/\/images.epagine.fr\/515\/9791041976515_1_v.jpg"},"orderable":true,"show_badge":true,"formatted_price":"22,90&nbsp;\u20ac","formatted_published_date":"22 novembre 2023","publisher_availability_label":"Sur commande","short_details":"Gustave Aimard \u2014 CULTUREA","translator":null,"weight":596,"page_count":384,"readership":null,"editor":"CULTUREA","price":2290,"published_date":"2023-11-21T23:00:00.000000Z","support":"Grand format","publisher_availability":1,"stock":0,"editions":["9782012954922"],"url":"https:\/\/quaidesbrumes.com\/ouvrage\/9791041976515\/les-trappeurs-de-larkansas"},{"id":"9782081267725","title":"Juste avant","description":"Le bouleversant portrait crois\u00e9 de Juliette, une vieille dame sur son lit de mort, et de son arr\u00e8re-petite-fille Fanny, bouscul\u00e9e par la vie moderne. Leurs deux r\u00e9cits s'alternent en courts chapitres, entre dr\u00f4lerie et po\u00e9sie douce.","authors":["Fanny Saintenoy"],"category_codes":["1000000","1010000"],"visuals":{"large":"https:\/\/images.epagine.fr\/725\/9782081267725_1_75.jpg","medium":"https:\/\/images.epagine.fr\/725\/9782081267725_1_m.jpg","thumbnail":"https:\/\/images.epagine.fr\/725\/9782081267725_1_v.jpg"},"orderable":true,"show_badge":true,"formatted_price":"12,20&nbsp;\u20ac","formatted_published_date":"20 ao\u00fbt 2011","publisher_availability_label":"Sur commande","short_details":"Fanny Saintenoy \u2014 Flammarion","translator":null,"weight":167,"page_count":118,"readership":null,"editor":"Flammarion","price":1220,"published_date":"2011-08-19T22:00:00.000000Z","support":"Grand format","publisher_availability":1,"stock":0,"editions":[],"url":"https:\/\/quaidesbrumes.com\/ouvrage\/9782081267725\/juste-avant"},{"id":"9782012151604","title":"La Promenade des Anglais","description":"La Promenade des Anglais, par Alphonse Karr\r\nDate de l'\u00e9dition originale : 1874\r\n\r\nLe pr\u00e9sent ouvrage s'inscrit dans une politique de conservation patrimoniale des ouvrages de la litt\u00e9rature Fran\u00e7aise mise en place avec la BNF.\r\nHACHETTE LIVRE et la BNF proposent ainsi un catalogue de titres indisponibles, la BNF ayant num\u00e9ris\u00e9 ces oeuvres et HACHETTE LIVRE les imprimant \u00e0 la demande.\r\nCertains de ces ouvrages refl\u00e8tent des courants de pens\u00e9e caract\u00e9ristiques de leur \u00e9poque, mais qui seraient aujourd'hui jug\u00e9s condamnables.\r\nIls n'en appartiennent pas moins \u00e0 l'histoire des id\u00e9es en France et sont susceptibles de pr\u00e9senter un int\u00e9r\u00eat scientifique ou historique.\r\nLe sens de notre d\u00e9marche \u00e9ditoriale consiste ainsi \u00e0 permettre l'acc\u00e8s \u00e0 ces oeuvres sans pour autant que nous en cautionnions en aucune fa\u00e7on le contenu.\r\n\r\nPour plus d'informations, rendez-vous sur www.hachettebnf.fr","authors":["Karr Alphonse"],"category_codes":["1000000","1010000"],"visuals":{"large":"https:\/\/images.epagine.fr\/604\/9782012151604_1_75.jpg","medium":"https:\/\/images.epagine.fr\/604\/9782012151604_1_m.jpg","thumbnail":"https:\/\/images.epagine.fr\/604\/9782012151604_1_v.jpg"},"orderable":true,"show_badge":true,"formatted_price":"24,00&nbsp;\u20ac","formatted_published_date":"1er avril 2013","publisher_availability_label":"Sur commande","short_details":"Karr Alphonse \u2014 Hachette BNF","translator":null,"weight":473,"page_count":334,"readership":null,"editor":"Hachette BNF","price":2400,"published_date":"2013-03-31T22:00:00.000000Z","support":"Grand format","publisher_availability":1,"stock":0,"editions":[],"url":"https:\/\/quaidesbrumes.com\/ouvrage\/9782012151604\/la-promenade-des-anglais"},{"id":"9782012191907","title":"Les Grimpeurs de rochers","description":"Les grimpeurs de rochers (Nouvelle \u00e9dition) \/ Le capitaine Mayne- Reid ; trad. de l'anglais... par Mme Henriette Loreau\r\nDate de l'\u00e9dition originale : 1896\r\n\r\nLe pr\u00e9sent ouvrage s'inscrit dans une politique de conservation patrimoniale des ouvrages de la litt\u00e9rature Fran\u00e7aise mise en place avec la BNF.\r\nHACHETTE LIVRE et la BNF proposent ainsi un catalogue de titres indisponibles, la BNF ayant num\u00e9ris\u00e9 ces oeuvres et HACHETTE LIVRE les imprimant \u00e0 la demande.\r\nCertains de ces ouvrages refl\u00e8tent des courants de pens\u00e9e caract\u00e9ristiques de leur \u00e9poque, mais qui seraient aujourd'hui jug\u00e9s condamnables.\r\nIls n'en appartiennent pas moins \u00e0 l'histoire des id\u00e9es en France et sont susceptibles de pr\u00e9senter un int\u00e9r\u00eat scientifique ou historique.\r\nLe sens de notre d\u00e9marche \u00e9ditoriale consiste ainsi \u00e0 permettre l'acc\u00e8s \u00e0 ces oeuvres sans pour autant que nous en cautionnions en aucune fa\u00e7on le contenu.\r\n\r\nPour plus d'informations, rendez-vous sur www.hachettebnf.fr","authors":["Mayne Reid Thomas"],"category_codes":["1000000","1010000"],"visuals":{"large":"https:\/\/images.epagine.fr\/907\/9782012191907_1_75.jpg","medium":"https:\/\/images.epagine.fr\/907\/9782012191907_1_m.jpg","thumbnail":"https:\/\/images.epagine.fr\/907\/9782012191907_1_v.jpg"},"orderable":true,"show_badge":true,"formatted_price":"25,50&nbsp;\u20ac","formatted_published_date":"1er avril 2013","publisher_availability_label":"Sur commande","short_details":"Mayne Reid Thomas \u2014 Hachette BNF","translator":null,"weight":540,"page_count":386,"readership":null,"editor":"Hachette BNF","price":2550,"published_date":"2013-03-31T22:00:00.000000Z","support":"Grand format","publisher_availability":1,"stock":0,"editions":[],"url":"https:\/\/quaidesbrumes.com\/ouvrage\/9782012191907\/les-grimpeurs-de-rochers"},{"id":"9782824606170","title":"La baie des secrets","description":"La grande villa familiale au bord de l'oc\u00e9an est d\u00e9sormais vide. Un accident de voiture vient d'emporter les parents de Ruby. Alors qu'elle trie des affaires, la jeune femme d\u00e9couvre une photo d'elle dans les bras d'une femme qu'elle ne connait pas. Ruby r\u00e9alise progressivement qu'elle ignore tout de l'histoire familiale et de ses origines. Est-elle r\u00e9ellement la fille du couple qui l'a \u00e9lev\u00e9e ? Qui est cette femme sur la photo ? Dans cette qu\u00eate de v\u00e9rit\u00e9, une personne va l'aider : Julia, une vieille femme entr\u00e9e au couvent dans les ann\u00e9es 40, et qui vit d\u00e9sormais sur une \u00eele au large de l'Espagne. La religieuse conserve de lourds secrets qui remontent \u00e0 la guerre. Au soir de sa vie, Julia est enfin d\u00e9cid\u00e9e \u00e0 lever le voile sur ces secrets...","authors":["Rosanna Ley"],"category_codes":["1000000","1010000"],"visuals":{"large":"https:\/\/images.epagine.fr\/170\/9782824606170_1_75.jpg","medium":"https:\/\/images.epagine.fr\/170\/9782824606170_1_m.jpg","thumbnail":"https:\/\/images.epagine.fr\/170\/9782824606170_1_v.jpg"},"orderable":true,"show_badge":true,"formatted_price":"27,29&nbsp;\u20ac","formatted_published_date":"24 juin 2015","publisher_availability_label":"Sur commande","short_details":"Rosanna Ley \u2014 City \u00c9ditions","translator":null,"weight":668,"page_count":448,"readership":null,"editor":"City \u00c9ditions","price":2729,"published_date":"2015-06-23T22:00:00.000000Z","support":"Grand format","publisher_availability":1,"stock":0,"editions":[],"url":"https:\/\/quaidesbrumes.com\/ouvrage\/9782824606170\/la-baie-des-secrets"},{"id":"9782012399426","title":"Ce qu'on peut voir dans une rue - Impressions d'un gardien de Paris","description":"Ce qu'on peut voir dans une rue, impressions d'un gardien de Paris, par Louis Reybaud Date de l'\u00e9dition originale : 1858 Ce livre est la reproduction fid\u00e8le d'une oeuvre publi\u00e9e avant 1920 et fait partie d'une collection de livres r\u00e9imprim\u00e9s \u00e0 la demande \u00e9dit\u00e9e par Hachette Livre, dans le cadre d'un partenariat avec la Biblioth\u00e8que nationale de France, offrant l'opportunit\u00e9 d'acc\u00e9der \u00e0 des ouvrages anciens et souvent rares issus des fonds patrimoniaux de la BnF.\r\nLes oeuvres faisant partie de cette collection ont \u00e9t\u00e9 num\u00e9ris\u00e9es par la BnF et sont pr\u00e9sentes sur Gallica, sa biblioth\u00e8que num\u00e9rique.\r\n\r\nEn entreprenant de redonner vie \u00e0 ces ouvrages au travers d'une collection de livres r\u00e9imprim\u00e9s \u00e0 la demande, nous leur donnons la possibilit\u00e9 de rencontrer un public \u00e9largi et participons \u00e0 la transmission de connaissances et de savoirs parfois difficilement accessibles.\r\nNous avons cherch\u00e9 \u00e0 concilier la reproduction fid\u00e8le d'un livre ancien \u00e0 partir de sa version num\u00e9ris\u00e9e avec le souci d'un confort de lecture optimal. Nous esp\u00e9rons que les ouvrages de cette nouvelle collection vous apporteront enti\u00e8re satisfaction.\r\n\r\nPour plus d'informations, rendez-vous sur www.hachettebnf.fr","authors":["Louis Reybaud"],"category_codes":["1000000","1030000"],"visuals":{"large":"https:\/\/images.epagine.fr\/426\/9782012399426_1_75.jpg","medium":"https:\/\/images.epagine.fr\/426\/9782012399426_1_m.jpg","thumbnail":"https:\/\/images.epagine.fr\/426\/9782012399426_1_v.jpg"},"orderable":true,"show_badge":true,"formatted_price":"24,00&nbsp;\u20ac","formatted_published_date":"1er juillet 2013","publisher_availability_label":"Sur commande","short_details":"Louis Reybaud \u2014 Hachette BNF","translator":null,"weight":462,"page_count":null,"readership":null,"editor":"Hachette BNF","price":2400,"published_date":"2013-06-30T22:00:00.000000Z","support":"Grand format","publisher_availability":1,"stock":0,"editions":["9782014471977"],"url":"https:\/\/quaidesbrumes.com\/ouvrage\/9782012399426\/ce-quon-peut-voir-dans-une-rue-impressions-dun-gardien-de-paris"},{"id":"9782013259781","title":"Les F\u00e9\u00e9ries amusantes - Contes pour les enfants","description":"Les f\u00e9\u00e9ries amusantes : contes pour les enfants \/ par le papa Bronner Date de l'\u00e9dition originale : 1878 Ce livre est la reproduction fid\u00e8le d'une oeuvre publi\u00e9e avant 1920 et fait partie d'une collection de livres r\u00e9imprim\u00e9s \u00e0 la demande \u00e9dit\u00e9e par Hachette Livre, dans le cadre d'un partenariat avec la Biblioth\u00e8que nationale de France, offrant l'opportunit\u00e9 d'acc\u00e9der \u00e0 des ouvrages anciens et souvent rares issus des fonds patrimoniaux de la BnF.\r\nLes oeuvres faisant partie de cette collection ont \u00e9t\u00e9 num\u00e9ris\u00e9es par la BnF et sont pr\u00e9sentes sur Gallica, sa biblioth\u00e8que num\u00e9rique.\r\n\r\nEn entreprenant de redonner vie \u00e0 ces ouvrages au travers d'une collection de livres r\u00e9imprim\u00e9s \u00e0 la demande, nous leur donnons la possibilit\u00e9 de rencontrer un public \u00e9largi et participons \u00e0 la transmission de connaissances et de savoirs parfois difficilement accessibles.\r\nNous avons cherch\u00e9 \u00e0 concilier la reproduction fid\u00e8le d'un livre ancien \u00e0 partir de sa version num\u00e9ris\u00e9e avec le souci d'un confort de lecture optimal. Nous esp\u00e9rons que les ouvrages de cette nouvelle collection vous apporteront enti\u00e8re satisfaction.\r\n\r\nPour plus d'informations, rendez-vous sur www.hachettebnf.fr","authors":["Bronner Franz Xaver"],"category_codes":["1000000","1030000"],"visuals":{"large":"https:\/\/images.epagine.fr\/781\/9782013259781_1_75.jpg","medium":"https:\/\/images.epagine.fr\/781\/9782013259781_1_m.jpg","thumbnail":"https:\/\/images.epagine.fr\/781\/9782013259781_1_v.jpg"},"orderable":true,"show_badge":true,"formatted_price":"13,90&nbsp;\u20ac","formatted_published_date":"1er ao\u00fbt 2013","publisher_availability_label":"Sur commande","short_details":"Bronner Franz Xaver \u2014 Hachette BNF","translator":null,"weight":127,"page_count":null,"readership":null,"editor":"Hachette BNF","price":1390,"published_date":"2013-07-31T22:00:00.000000Z","support":"Grand format","publisher_availability":1,"stock":0,"editions":["9782019174941"],"url":"https:\/\/quaidesbrumes.com\/ouvrage\/9782013259781\/les-feeries-amusantes-contes-pour-les-enfants"},{"id":"9782914373807","title":"La part du feu","description":"Ton d\u00e9part fulgurant n'a \u00e9t\u00e9 qu'un immense appel, un cri total vers la vie, d'une intensit\u00e9 qui l'a transpos\u00e9 hors de l'audible. \u00c9tourdissant, il se perp\u00e9tue en infrasons pour demeurer ici.\r\nPar bonheur, la musique \u00e9tait entr\u00e9e en moi assez t\u00f4t pour me faire vibrer d'une autre mani\u00e8re. Ces derniers temps, je n'ai \u00e9t\u00e9 que la fille adoptive du silence. L'heure est venue de r\u00e9int\u00e9grer le domaine impalpable des sons pour y trouver le soulagement. Finie l'inaction totale qui \u00e9teint. Heureusement, en musique, il s'agit d'abord de planer sur des \u00e9tendues calmes, en attendant de redevenir capable de se laisser filer pour descendre des rapides, anim\u00e9 d'une autre sorte d'\u00e9motion.\r\nLa musique \u00e9ternelle, indestructible, n'est pas soumise aux contingences de l'humanit\u00e9. Dans l'abri de son enceinte immat\u00e9rielle, un pouvoir invisible me maintient en dehors de la menace de tout arr\u00eat du sort. Je r\u00e9apprends \u00e0 entendre autre chose que mon chagrin.","authors":["Mich\u00e8le Bus-Caporali"],"category_codes":["1000000","1010000"],"visuals":{"large":"https:\/\/images.epagine.fr\/807\/9782914373807_1_75.jpg","medium":"https:\/\/images.epagine.fr\/807\/9782914373807_1_m.jpg","thumbnail":"https:\/\/images.epagine.fr\/807\/9782914373807_1_v.jpg"},"orderable":true,"show_badge":true,"formatted_price":"11,22&nbsp;\u20ac","formatted_published_date":"25 juillet 2011","publisher_availability_label":"Sur commande","short_details":"Mich\u00e8le Bus-Caporali \u2014 Symetrie","translator":null,"weight":130,"page_count":null,"readership":null,"editor":"Symetrie","price":1122,"published_date":"2011-07-24T22:00:00.000000Z","support":"Poche","publisher_availability":1,"stock":0,"editions":[],"url":"https:\/\/quaidesbrumes.com\/ouvrage\/9782914373807\/la-part-du-feu"},{"id":"9782011852786","title":"Keepsake des jeunes personnes","description":"Keepsake des jeunes personnes, par Mme la comtesse Dash...\r\nDate de l'\u00e9dition originale : 1847\r\n\r\nLe pr\u00e9sent ouvrage s'inscrit dans une politique de conservation patrimoniale des ouvrages de la litt\u00e9rature Fran\u00e7aise mise en place avec la BNF.\r\nHACHETTE LIVRE et la BNF proposent ainsi un catalogue de titres indisponibles, la BNF ayant num\u00e9ris\u00e9 ces oeuvres et HACHETTE LIVRE les imprimant \u00e0 la demande.\r\nCertains de ces ouvrages refl\u00e8tent des courants de pens\u00e9e caract\u00e9ristiques de leur \u00e9poque, mais qui seraient aujourd'hui jug\u00e9s condamnables.\r\nIls n'en appartiennent pas moins \u00e0 l'histoire des id\u00e9es en France et sont susceptibles de pr\u00e9senter un int\u00e9r\u00eat scientifique ou historique.\r\nLe sens de notre d\u00e9marche \u00e9ditoriale consiste ainsi \u00e0 permettre l'acc\u00e8s \u00e0 ces oeuvres sans pour autant que nous en cautionnions en aucune fa\u00e7on le contenu.\r\n\r\nPour plus d'informations, rendez-vous sur www.hachettebnf.fr","authors":["Dash Comtesse"],"category_codes":["1000000","1010000"],"visuals":{"large":"https:\/\/images.epagine.fr\/786\/9782011852786_1_75.jpg","medium":"https:\/\/images.epagine.fr\/786\/9782011852786_1_m.jpg","thumbnail":"https:\/\/images.epagine.fr\/786\/9782011852786_1_v.jpg"},"orderable":true,"show_badge":true,"formatted_price":"24,00&nbsp;\u20ac","formatted_published_date":"1er avril 2013","publisher_availability_label":"Sur commande","short_details":"Dash Comtesse \u2014 Hachette BNF","translator":null,"weight":465,"page_count":330,"readership":null,"editor":"Hachette BNF","price":2400,"published_date":"2013-03-31T22:00:00.000000Z","support":"Grand format","publisher_availability":1,"stock":0,"editions":[],"url":"https:\/\/quaidesbrumes.com\/ouvrage\/9782011852786\/keepsake-des-jeunes-personnes"},{"id":"9782013578943","title":"Le Sublime Orgueil","description":"Le sublime orgueil \/ Victor Mauroy Date de l'\u00e9dition originale : 1905 Ce livre est la reproduction fid\u00e8le d'une oeuvre publi\u00e9e avant 1920 et fait partie d'une collection de livres r\u00e9imprim\u00e9s \u00e0 la demande \u00e9dit\u00e9e par Hachette Livre, dans le cadre d'un partenariat avec la Biblioth\u00e8que nationale de France, offrant l'opportunit\u00e9 d'acc\u00e9der \u00e0 des ouvrages anciens et souvent rares issus des fonds patrimoniaux de la BnF.\r\nLes oeuvres faisant partie de cette collection ont \u00e9t\u00e9 num\u00e9ris\u00e9es par la BnF et sont pr\u00e9sentes sur Gallica, sa biblioth\u00e8que num\u00e9rique.\r\n\r\nEn entreprenant de redonner vie \u00e0 ces ouvrages au travers d'une collection de livres r\u00e9imprim\u00e9s \u00e0 la demande, nous leur donnons la possibilit\u00e9 de rencontrer un public \u00e9largi et participons \u00e0 la transmission de connaissances et de savoirs parfois difficilement accessibles.\r\nNous avons cherch\u00e9 \u00e0 concilier la reproduction fid\u00e8le d'un livre ancien \u00e0 partir de sa version num\u00e9ris\u00e9e avec le souci d'un confort de lecture optimal. Nous esp\u00e9rons que les ouvrages de cette nouvelle collection vous apporteront enti\u00e8re satisfaction.\r\n\r\nPour plus d'informations, rendez-vous sur www.hachettebnf.fr","authors":["Mauroy Victor"],"category_codes":["1000000","1010000"],"visuals":{"large":"https:\/\/images.epagine.fr\/943\/9782013578943_1_75.jpg","medium":"https:\/\/images.epagine.fr\/943\/9782013578943_1_m.jpg","thumbnail":"https:\/\/images.epagine.fr\/943\/9782013578943_1_v.jpg"},"orderable":true,"show_badge":true,"formatted_price":"29,00&nbsp;\u20ac","formatted_published_date":"1er mai 2016","publisher_availability_label":"Sur commande","short_details":"Mauroy Victor \u2014 Hachette BNF","translator":null,"weight":646,"page_count":null,"readership":null,"editor":"Hachette BNF","price":2900,"published_date":"2016-04-30T22:00:00.000000Z","support":"Grand format","publisher_availability":1,"stock":0,"editions":[],"url":"https:\/\/quaidesbrumes.com\/ouvrage\/9782013578943\/le-sublime-orgueil"},{"id":"9782013735124","title":"Lettres \u00e0 Jacques Souffrant, ouvrier","description":"Lettres \u00e0 Jacques Souffrant, ouvrier \/ par Louis Ulbach, r\u00e9dacteur en chef du \"Propagateur de l'Aube\" (24 janvier-28 juin)\r\nDate de l'\u00e9dition originale : 1851\r\nSujet de l'ouvrage : France (1848-1852, 2e R\u00e9publique)\r\n\r\nLe pr\u00e9sent ouvrage s'inscrit dans une politique de conservation patrimoniale des ouvrages de la litt\u00e9rature Fran\u00e7aise mise en place avec la BNF.\r\nHACHETTE LIVRE et la BNF proposent ainsi un catalogue de titres indisponibles, la BNF ayant num\u00e9ris\u00e9 ces oeuvres et HACHETTE LIVRE les imprimant \u00e0 la demande.\r\nCertains de ces ouvrages refl\u00e8tent des courants de pens\u00e9e caract\u00e9ristiques de leur \u00e9poque, mais qui seraient aujourd'hui jug\u00e9s condamnables.\r\nIls n'en appartiennent pas moins \u00e0 l'histoire des id\u00e9es en France et sont susceptibles de pr\u00e9senter un int\u00e9r\u00eat scientifique ou historique.\r\nLe sens de notre d\u00e9marche \u00e9ditoriale consiste ainsi \u00e0 permettre l'acc\u00e8s \u00e0 ces oeuvres sans pour autant que nous en cautionnions en aucune fa\u00e7on le contenu.\r\n\r\nPour plus d'informations, rendez-vous sur www.hachettebnf.fr","authors":["Ulbach Louis"],"category_codes":["1000000","1010000"],"visuals":{"large":"https:\/\/images.epagine.fr\/124\/9782013735124_1_75.jpg","medium":"https:\/\/images.epagine.fr\/124\/9782013735124_1_m.jpg","thumbnail":"https:\/\/images.epagine.fr\/124\/9782013735124_1_v.jpg"},"orderable":true,"show_badge":true,"formatted_price":"26,00&nbsp;\u20ac","formatted_published_date":"1er juin 2016","publisher_availability_label":"Sur commande","short_details":"Ulbach Louis \u2014 Hachette BNF","translator":null,"weight":549,"page_count":390,"readership":null,"editor":"Hachette BNF","price":2600,"published_date":"2016-05-31T22:00:00.000000Z","support":"Grand format","publisher_availability":1,"stock":0,"editions":[],"url":"https:\/\/quaidesbrumes.com\/ouvrage\/9782013735124\/lettres-a-jacques-souffrant-ouvrier"}]}