{"data":[{"id":"9782362430503","title":"On n'est jamais mieux que chez les autres","description":"C'est dr\u00f4le, jubilatoire et fou. Autant dire qu'on entre dans ce roman avec curiosit\u00e9, et qu'on en sort tourneboul\u00e9","authors":["Bakir Zied"],"category_codes":["1000000","1010000"],"visuals":{"large":"https:\/\/images.epagine.fr\/503\/9782362430503_1_75.jpg","medium":"https:\/\/images.epagine.fr\/503\/9782362430503_1_m.jpg","thumbnail":"https:\/\/images.epagine.fr\/503\/9782362430503_1_v.jpg"},"orderable":true,"show_badge":true,"formatted_price":"17,00&nbsp;\u20ac","formatted_published_date":"1er mars 2012","publisher_availability_label":"Sur commande","short_details":"Bakir Zied \u2014 ERICK BONNIER","translator":null,"weight":270,"page_count":184,"readership":null,"editor":"ERICK BONNIER","price":1700,"published_date":"2012-02-29T23:00:00.000000Z","support":"Grand format","publisher_availability":1,"stock":0,"editions":[],"url":"https:\/\/quaidesbrumes.com\/ouvrage\/9782362430503\/on-nest-jamais-mieux-que-chez-les-autres"},{"id":"9782912824738","title":"Retour \u00e0 Karp","description":"Deux tr\u00e8s jeunes filles, deux soeurs, partent en vacances dans les \u00eeles grecques. Elles se retrouvent \u00e0 Karp, une \u00eele inaccessible par \u00a0avion, \u00a0proche de la Turquie et relativement pr\u00e9serv\u00e9e du tourisme. Un lieu tr\u00e8s traditionnel surtout, vid\u00e9 de ses hommes par \u00a0l'immigration aux \u00a0Etats-Unis, et tenu par des femmes dures \u00e0 la t\u00e2che, \u00e0 la limite de la violence, de l'acharnement dans la survie.\r\n\u00a0\u00a0 Au fond, il ne se passe rien, l'\u00e9t\u00e9, dans cette \u00eele nue et aust\u00e8re, au milieu des ann\u00e9es 70. Des vacances agr\u00e9ables, un temps \u00a0r\u00eaveur et contemplatif pour l'une des jeunes filles, fait de courses et d'exercices physiques pour l'autre.\r\n\u00a0\u00a0 Mais \u00a0bient\u00f4t, insensiblement, tout se d\u00e9r\u00e8gle. Le texte relate ce d\u00e9r\u00e8glement. L'adolescente androgyne, travaillant sa musculature, s'effondre. Sa soeur, Judith, si proche, trop proche, qui passe des heures \u00e0 \u00a0\u00e9crire, \u00a0\u00e0 exercer son regard, \u00a0n'a rien vu venir. Elle n'a pas vu l'amaigrissement, jamais r\u00e9alis\u00e9 le danger.\r\n\u00a0\u00a0 Sans ce point aveugle \u00e0 chacun des protagonistes, sans ce non dit, cette folie sous-jacente et contenue, \u00a0le r\u00e9cit n'existerait pas.\r\n\u00a0\u00a0 S'il tient, c'est par \u00a0ce qu'il \u00a0sugg\u00e8re, l'absence d'explication finale, un reste d'obscurit\u00e9 qui obs\u00e8de encore Judith, des ann\u00e9es apr\u00e8s.\r\n\u00a0\u00a0 Judith reviendra mentalement \u00e0 Karp. Elle tentera de retrouver la v\u00e9rit\u00e9.\r\n\u00a0\u00a0 Mais quelle v\u00e9rit\u00e9\u00a0? Celle des femmes de l'\u00eele qui appartiennent \u00e0 une civilisation agraire o\u00f9 la nourriture \u00a0est vitale\u00a0et pour lesquelles gaver les enfants est la meilleure garantie contre le malheur ? \u00a0Des amis anglais, cultiv\u00e9s, dou\u00e9s de bon sens et si facilement indemnes ? Du m\u00e9decin, qui traite \u00a0et nomme la maladie, la pla\u00e7ant dans un tableau clinique, avec des \u00a0termes exacts mais aussi curieusement moralisateurs\u00a0? Du regard social \u00a0et politique sur ces jeunes filles issues de la bourgeoisie, pour lequel l'anorexie \u00a0mentale est une maladie de riches, une maladie de la civilisation occidentale\u00a0? De Judith \u00a0et \u00a0sa passion pour la litt\u00e9rature, entre fuite d\u00e9lirante et confrontation \u00a0au r\u00e9el\u00a0? De ces hommes \u00e0 la quarantaine bien avanc\u00e9e qui tournent autour d'elle sans \u00a0r\u00e9ussir \u00e0 la distraire de ses travaux ? De cette jeune fille enfin, d\u00e9pourvue de nom, qui curieusement parle, argumente et d\u00e9fend son point de vue, celui d'une r\u00e9volte \u00a0dont l'extr\u00e9mit\u00e9 mais aussi la dr\u00f4lerie, fascinent ses proches, jusqu'\u00e0 la paralysie ? De l'\u00eele silencieuse, vou\u00e9e \u00e0 l'engloutissement\u00a0? Ou de la po\u00e9sie comme \u00a0ce qui reste, durci et r\u00e9tif, quand sont pass\u00e9s les conseils, les diagnostics, les commentaires mais que\u00a0\u00a0 le d\u00e9sir du retour \u00e0 Karp, lui, ne passe pas\u00a0?\r\n\u00a0 \u00a0Isabelle Auricoste","authors":["Isabelle Auricoste"],"category_codes":["1000000","1010000"],"visuals":{"large":"https:\/\/images.epagine.fr\/738\/9782912824738_1_75.jpg","medium":"https:\/\/images.epagine.fr\/738\/9782912824738_1_m.jpg","thumbnail":"https:\/\/images.epagine.fr\/738\/9782912824738_1_v.jpg"},"orderable":true,"show_badge":true,"formatted_price":"15,00&nbsp;\u20ac","formatted_published_date":"1er avril 2006","publisher_availability_label":"Sur commande","short_details":"Isabelle Auricoste \u2014 ECARTS","translator":null,"weight":152,"page_count":111,"readership":null,"editor":"ECARTS","price":1500,"published_date":"2006-03-31T22:00:00.000000Z","support":"Grand format","publisher_availability":1,"stock":0,"editions":[],"url":"https:\/\/quaidesbrumes.com\/ouvrage\/9782912824738\/retour-a-karp"},{"id":"9782213627663","title":"Le plus heureux des hommes","description":"- On l'a tu\u00e9e, dit-il au flic, cherchez-la.\r\n- Oubliez-la, r\u00e9pond l'inspecteur, ou mieux trouvez-la : regardez-vous dans les yeux...\r\n\r\nAnja la musicienne a-t-elle quitt\u00e9 Julius, brillant prof \u00e0 la Sorbonne et fils \u00e0 maman ? A-t-elle disparu le 27\/03\/07? Pour lui, son mot d'adieu ne signifie rien. Pour Blaise, l'inspecteur auquel il confie ses craintes, dispara\u00eetre est une libert\u00e9 l\u00e9gale, un usage courant. Julius n'en pense pas moins.\r\n\r\nA trente et un ans, il dresse un bilan peu flatteur de son existence. Sa m\u00e8re ? Frustr\u00e9e, m\u00e9chante. Son p\u00e8re ? Il ne l'a pour ainsi dire jamais vu. Sa carri\u00e8re ? D\u00e9pourvue d'action. Les amis ? Il en a si peu. L'amour ? L'amour promet, l'amour ment, l'amour s'en va.\r\n\r\n- Chacun d'entre nous est double, monsieur Ca\u00efn, porteur d'un obscur jumeau dont il cherche \u00e0 se venger. Pour vivre. Essayer d'\u00eatre heureux simplement. Vous y songez, au bonheur ?","authors":["Yann Queff\u00e9lec"],"category_codes":["1000000","1010000"],"visuals":{"large":"https:\/\/images.epagine.fr\/663\/9782213627663_1_75.jpg","medium":"https:\/\/images.epagine.fr\/663\/9782213627663_1_m.jpg","thumbnail":"https:\/\/images.epagine.fr\/663\/9782213627663_1_v.jpg"},"orderable":true,"show_badge":true,"formatted_price":"20,30&nbsp;\u20ac","formatted_published_date":"6 juin 2007","publisher_availability_label":"Sur commande","short_details":"Yann Queff\u00e9lec \u2014 Fayard","translator":null,"weight":506,"page_count":341,"readership":null,"editor":"Fayard","price":2030,"published_date":"2007-06-05T22:00:00.000000Z","support":"Grand format","publisher_availability":1,"stock":0,"editions":[],"url":"https:\/\/quaidesbrumes.com\/ouvrage\/9782213627663\/le-plus-heureux-des-hommes"},{"id":"9782915018387","title":"Le dossier Robert","description":"Leipzig.\r\nRDA \u00e0 la fin des ann\u00e9es.Soixante-dix. Parce qu'il se bat pour la libert\u00e9 d'expression. Robert. jeune dipl\u00f4m\u00e9. docteur \u00e8s sciences. est astreint \u00e0 laver des carreaux \u00e0 longueur d'ann\u00e9e. Il aime Maria. une jeune femme engag\u00e9e. qu'il a rencontr\u00e9e dans un cercle (le litt\u00e9rature. Elle est lich\u00e9e par la Stasi. Tous deux projettent de quitter le pays. Mais un jour. Maria dispara\u00eet myst\u00e9rieusement... A travers une mosa\u00efque de destin\u00e9es boulevers\u00e9es.\r\nDe vies confisqu\u00e9es. ponctu\u00e9e de rapports de surveillance lapidaires. l'histoire d'amour et de r\u00e9sistance de ce jeune couple nous plonge au coeur dune soci\u00e9t\u00e9 o\u00f9 tout soucia ; tout conna\u00eetre. saloir qui est qui \u00e9radiquent le droit au bonheur. Avec tue pr\u00e9cision du d\u00e9tail qui fait froid dans le dos et un laconisme terrifiant. le Dossier Robert diss\u00e8que l'existence de deux \u00eatres dans sa v\u00e9rit\u00e9 la plus brutale.","authors":["Karsten D\u00fcmmel","Martine Remon"],"category_codes":["1000000","1010000"],"visuals":{"large":"https:\/\/images.epagine.fr\/387\/9782915018387_1_75.jpg","medium":"https:\/\/images.epagine.fr\/387\/9782915018387_1_m.jpg","thumbnail":"https:\/\/images.epagine.fr\/387\/9782915018387_1_v.jpg"},"orderable":true,"show_badge":true,"formatted_price":"18,50&nbsp;\u20ac","formatted_published_date":"1er octobre 2009","publisher_availability_label":"Sur commande","short_details":"Karsten D\u00fcmmel, Martine Remon \u2014 Quidam \u00c9diteur","translator":"MARTINE REMON","weight":244,"page_count":183,"readership":null,"editor":"Quidam \u00c9diteur","price":1850,"published_date":"2009-09-30T22:00:00.000000Z","support":"Grand format","publisher_availability":1,"stock":0,"editions":[],"url":"https:\/\/quaidesbrumes.com\/ouvrage\/9782915018387\/le-dossier-robert"},{"id":"9782710330998","title":"Mission au Paraguay R\u00e9cit de voyage en Am\u00e9rique du Sud","description":"R\u00e9solument en d\u00e9hors des routes touristiques, qu'est-ce que le Paraguay ? Ecrivain-voyageur, l'auteur fait vivre ce pays par un r\u00e9cit alerte, moqueur, un rien d\u00e9sabus\u00e9 o\u00f9 se m\u00ealent tendresse et d\u00e9rision.","authors":["Jean-Luc Coatalem"],"category_codes":["1000000","1010000"],"visuals":{"large":"https:\/\/images.epagine.fr\/998\/9782710330998_1_75.jpg","medium":"https:\/\/images.epagine.fr\/998\/9782710330998_1_m.jpg","thumbnail":"https:\/\/images.epagine.fr\/998\/9782710330998_1_v.jpg"},"orderable":true,"show_badge":true,"formatted_price":"7,10&nbsp;\u20ac","formatted_published_date":"25 mai 2009","publisher_availability_label":"Sur commande","short_details":"Jean-Luc Coatalem \u2014 \u00c9ditions de La Table Ronde","translator":null,"weight":127,"page_count":null,"readership":"Tout public","editor":"\u00c9ditions de La Table Ronde","price":710,"published_date":"2009-05-24T22:00:00.000000Z","support":"Poche","publisher_availability":1,"stock":0,"editions":["9782246526315"],"url":"https:\/\/quaidesbrumes.com\/ouvrage\/9782710330998\/mission-au-paraguay-recit-de-voyage-en-amerique-du-sud"},{"id":"9791092073027","title":"Ce qu'il y a l\u00e0-haut","description":"Nul n'est proph\u00e8te en son pays, et pourtant le second roman du DR INGRASSIA JOSEPH urgentiste, sorti le 17\/12 apporte vraiment quelque chose. En effet ( et ce n'est pas qu'un hasard ) il aborde un sujet douloureux et cruel : la maladie, la fin de vie, la mort, le respect de la personne, la souffrance, l'au-del\u00e0, la vie apr\u00e8s la mort. Qui mieux qu'un urgentiste avec un quart de si\u00e8cle d'exp\u00e9rience et dont la mort est en quelque sorte la ma\u00eetresse pouvait se risquer \u00e0 un tel sujet ? L'actualit\u00e9 r\u00e9cente vient de d\u00e9montrer qu'il avait raison, et qu'il y a un r\u00e9el probl\u00e8me. Les soignants ne sont pas form\u00e9s \u00e0 endurer ce qu'ils traversent, et le l\u00e9gislateur une fois de plus, pas press\u00e9 de faire son travail. Lisez-le et tous ensemble parlons-en, faisons bouger les choses. Nous sommes tous concern\u00e9s. Le livre est dur, parfois insoutenable, mais porteur d'un incroyable message d'optimisme.","authors":["Joseph Ingrassia"],"category_codes":["1000000","1010000"],"visuals":{"large":"https:\/\/images.epagine.fr\/027\/9791092073027_1_75.jpg","medium":"https:\/\/images.epagine.fr\/027\/9791092073027_1_m.jpg","thumbnail":"https:\/\/images.epagine.fr\/027\/9791092073027_1_v.jpg"},"orderable":true,"show_badge":true,"formatted_price":"18,00&nbsp;\u20ac","formatted_published_date":"15 d\u00e9cembre 2013","publisher_availability_label":"Sur commande","short_details":"Joseph Ingrassia \u2014 Dolomites","translator":null,"weight":465,"page_count":352,"readership":null,"editor":"Dolomites","price":1800,"published_date":"2013-12-14T23:00:00.000000Z","support":"Grand format","publisher_availability":1,"stock":0,"editions":[],"url":"https:\/\/quaidesbrumes.com\/ouvrage\/9791092073027\/ce-quil-y-a-la-haut"},{"id":"9791092073003","title":"Les fils d'Odin","description":null,"authors":["Joseph Ingrassia"],"category_codes":["1000000","1010000"],"visuals":{"large":"https:\/\/quaidesbrumes.com\/img\/book-placeholder.png","medium":"https:\/\/quaidesbrumes.com\/img\/book-placeholder.png","thumbnail":"https:\/\/quaidesbrumes.com\/img\/book-placeholder.png"},"orderable":true,"show_badge":true,"formatted_price":"20,00&nbsp;\u20ac","formatted_published_date":"15 d\u00e9cembre 2012","publisher_availability_label":"Sur commande","short_details":"Joseph Ingrassia \u2014 Dolomites","translator":null,"weight":600,"page_count":null,"readership":null,"editor":"Dolomites","price":2000,"published_date":"2012-12-14T23:00:00.000000Z","support":"Grand format","publisher_availability":1,"stock":0,"editions":[],"url":"https:\/\/quaidesbrumes.com\/ouvrage\/9791092073003\/les-fils-dodin"},{"id":"9782874021602","title":"Le jour de l'am\u00e9lanchier","description":"Une lourde op\u00e9ration cardiaque inattendue bouleverse la vie d'un homme en pleine force de l'\u00e2ge. Confront\u00e9 brutalement \u00e0 une mort possible, longtemps immobilis\u00e9 et invit\u00e9 malgr\u00e9 lui \u00e0 une remise en question, le narrateur plonge dans ses souvenirs, dans ses r\u00e9flexions et dans son amour de la musique pour reconstruire progressivement un nouvel art de vivre. Premier roman.","authors":["Philippe Marchandise"],"category_codes":["1000000","1010000"],"visuals":{"large":"https:\/\/images.epagine.fr\/602\/9782874021602_1_75.jpg","medium":"https:\/\/images.epagine.fr\/602\/9782874021602_1_m.jpg","thumbnail":"https:\/\/images.epagine.fr\/602\/9782874021602_1_v.jpg"},"orderable":true,"show_badge":true,"formatted_price":"19,90&nbsp;\u20ac","formatted_published_date":"2 janvier 2014","publisher_availability_label":"Sur commande","short_details":"Philippe Marchandise \u2014 Descl\u00e9e de Brouwer","translator":null,"weight":333,"page_count":272,"readership":null,"editor":"Descl\u00e9e de Brouwer","price":1990,"published_date":"2014-01-01T23:00:00.000000Z","support":"Grand format","publisher_availability":1,"stock":0,"editions":[],"url":"https:\/\/quaidesbrumes.com\/ouvrage\/9782874021602\/le-jour-de-lamelanchier"},{"id":"9782283024485","title":"Chef","description":"Le livre Apr\u00e8s une absence de quatorze ans et \u00e0 la demande du g\u00e9n\u00e9ral Kumar, son ancien employeur, sikh Kirpal Singh revient pour cuisiner le repas de noces de sa fille, Rubiya. A bord du train lent et bond\u00e9 qui fait route de Delhi vers les hauteurs enneig\u00e9es du Cachemire, le cuisinier Kip regarde d\u00e9filer les lumi\u00e8res minuscules, les champs luisants et les villages bruyants du nord de l'Inde. Ce faisant, il se rem\u00e9more son pass\u00e9 : un camp militaire nich\u00e9 \u00e0 l'ombre du glacier g\u00e9ant de Siachen, le plus froid et le plus haut champ de bataille du monde, o\u00f9 se font face, les arm\u00e9es indienne et pakistanaise. Il se rappelle comment, dans la violence chaotique et les temp\u00e9ratures extr\u00eames de ce lieu absurde, il s'\u00e9tait laiss\u00e9 guider et cajoler par l'univers capiteux des femmes souvent plus m\u00fbres que lui et par les mets d\u00e9licats et \u00e9pic\u00e9s de son mentor caustique et fougueux, le chef Kishen...Jusqu'\u00e0 cette apr\u00e8s-midi inoubliable, dont le souvenir lui est toujours aussi oppressant, o\u00f9 cette terroriste pakistanaise \u00e0 la longue chevelure d'\u00e9b\u00e8ne \u00e9choua sur la rive du fleuve pour changer sa vie \u00e0 jamais.\r\nObs\u00e9dant, m\u00e9lancolique et intens\u00e9ment lyrique, Chef est le roman de l'espoir, de l'amour et de la m\u00e9moire sur le Cachemire occup\u00e9 mais d\u00e9figur\u00e9 par les souffrances d'un conflit qui n'en finit pas. \r\n\r\nL'auteur Jaspreet Singh est n\u00e9 au Penjab, a grandi au Cachemire et dans plusieurs villes de l'Inde.\r\nIl est l'auteur d'un recueil de nouvelles non traduit \u00e0 ce jour, Seventeen tomatoes.\r\nChef, son premier roman, fut couronn\u00e9 par le prix canadien Georges Bugnet du meilleur roman et s\u00e9lectionn\u00e9 pour quatre autres prix litt\u00e9raires.  \r\nIl vit dans les Rocheuses canadiennes.","authors":["Jaspreet Singh","Laurence Videloup"],"category_codes":["1000000","1010000"],"visuals":{"large":"https:\/\/images.epagine.fr\/485\/9782283024485_1_75.jpg","medium":"https:\/\/images.epagine.fr\/485\/9782283024485_1_m.jpg","thumbnail":"https:\/\/images.epagine.fr\/485\/9782283024485_1_v.jpg"},"orderable":true,"show_badge":true,"formatted_price":"22,30&nbsp;\u20ac","formatted_published_date":"6 janvier 2011","publisher_availability_label":"Sur commande","short_details":"Jaspreet Singh, Laurence Videloup \u2014 \u00c9ditions Buchet\/Chastel","translator":"LAURENCE VIDELOUP","weight":350,"page_count":287,"readership":null,"editor":"\u00c9ditions Buchet\/Chastel","price":2230,"published_date":"2011-01-05T23:00:00.000000Z","support":"Grand format","publisher_availability":1,"stock":0,"editions":[],"url":"https:\/\/quaidesbrumes.com\/ouvrage\/9782283024485\/chef"},{"id":"9782843010316","title":"Le saint-amour","description":"Le ciel est en perp\u00e9tuelle observation.\r\nDe nouveaux ast\u00e9ro\u00efdes sont constamment d\u00e9couverts. L'un d'eux pourrait heurter la terre et, selon sa taille provoquer soit un cataclysme mena\u00e7ant toute vie sur notre plan\u00e8te, soit un choc entra\u00eenant des millions de morts et laissant derri\u00e8re lui un d\u00e9sert calcin\u00e9 sur une tr\u00e8s vaste \u00e9tendue. Qu'adviendrait-il alors de nous ? Serions-nous avertis, prot\u00e9g\u00e9s par nous gouvernants ? Ou bien d\u00e9sinform\u00e9s, voire abandonn\u00e9s ? Que feraient les hommes politiques ? Quels seraient nos recours devant un tel danger ? Annon\u00e7ant le risque de la chute d'un ast\u00e9ro\u00efde, un c\u00e9l\u00e8bre savant d\u00e9clare sur les ondes : \" Il devient indispensable d informer officiellement la population, car nous assistons depuis quelques temps \u00e0 des actes contraires \u00e0 la morale et \u00e0 la d\u00e9mocratie...\r\nCe n est pas le r\u00f4le des scientifiques d'administrer d'organiser la sauvegarde des populations, nous y sommes incomp\u00e9tents. \" Dans ce contexte, une famille se rassemble pour affronter l'\u00e9preuve.","authors":["Jean Allier"],"category_codes":["1000000","1010000"],"visuals":{"large":"https:\/\/quaidesbrumes.com\/img\/book-placeholder.png","medium":"https:\/\/quaidesbrumes.com\/img\/book-placeholder.png","thumbnail":"https:\/\/quaidesbrumes.com\/img\/book-placeholder.png"},"orderable":true,"show_badge":true,"formatted_price":"9,15&nbsp;\u20ac","formatted_published_date":"1er janvier 2002","publisher_availability_label":"Sur commande","short_details":"Jean Allier \u2014 Aleas","translator":null,"weight":201,"page_count":null,"readership":null,"editor":"Aleas","price":915,"published_date":"2001-12-31T23:00:00.000000Z","support":"Grand format","publisher_availability":1,"stock":0,"editions":[],"url":"https:\/\/quaidesbrumes.com\/ouvrage\/9782843010316\/le-saint-amour"},{"id":"9782918721024","title":"Quelque chose dans le ventre","description":null,"authors":[],"category_codes":["1000000","1010000"],"visuals":{"large":"https:\/\/quaidesbrumes.com\/img\/book-placeholder.png","medium":"https:\/\/quaidesbrumes.com\/img\/book-placeholder.png","thumbnail":"https:\/\/quaidesbrumes.com\/img\/book-placeholder.png"},"orderable":true,"show_badge":true,"formatted_price":"16,00&nbsp;\u20ac","formatted_published_date":"4 janvier 2010","publisher_availability_label":"Sur commande","short_details":"ARCANE 17","translator":null,"weight":350,"page_count":null,"readership":null,"editor":"ARCANE 17","price":1600,"published_date":"2010-01-03T23:00:00.000000Z","support":"Grand format","publisher_availability":1,"stock":0,"editions":[],"url":"https:\/\/quaidesbrumes.com\/ouvrage\/9782918721024\/quelque-chose-dans-le-ventre"},{"id":"9782810611607","title":"Venise l'hiver et l'\u00e9t\u00e9, de pr\u00e8s et de loin... journal, r\u00e9cits, 1981-1985","description":"\"Venise, l'Hiver et l'\u00e9t\u00e9, de pr\u00e8s et de loin\" est un extrait du journal v\u00e9nitien que tient l'auteur depuis toujours, agr\u00e9ment\u00e9 de textes in\u00e9dits et de billets parus depuis 2005 sur le site tramezzinimag.blogspot.com","authors":["Lorenzo Cittone"],"category_codes":["1000000","1010000"],"visuals":{"large":"https:\/\/images.epagine.fr\/607\/9782810611607_1_75.jpg","medium":"https:\/\/images.epagine.fr\/607\/9782810611607_1_m.jpg","thumbnail":"https:\/\/images.epagine.fr\/607\/9782810611607_1_v.jpg"},"orderable":true,"show_badge":true,"formatted_price":"25,00&nbsp;\u20ac","formatted_published_date":"11 juillet 2011","publisher_availability_label":"Sur commande","short_details":"Lorenzo Cittone \u2014 Books on Demand","translator":null,"weight":501,"page_count":268,"readership":null,"editor":"Books on Demand","price":2500,"published_date":"2011-07-10T22:00:00.000000Z","support":"Grand format","publisher_availability":1,"stock":0,"editions":[],"url":"https:\/\/quaidesbrumes.com\/ouvrage\/9782810611607\/venise-lhiver-et-lete-de-pres-et-de-loin-journal-recits-1981-1985"},{"id":"9782072482632","title":"L'inauguration des ruines","description":"L'inauguration des ruines retrace le parcours, sur quatre g\u00e9n\u00e9rations, d'une famille d'industriels, dont le destin est intimement li\u00e9 \u00e0 celui de la ville qu'ils habitent et qu'ils fa\u00e7onnent, jusqu'au point de faire litt\u00e9ralement corps avec elle. C'est aussi un roman qui a envie de roman : si la structure g\u00e9n\u00e9rale est celle d'un 'roman de dynastie', le texte multiplie sur cette base les r\u00e9cits, les personnages, les aventures, les \u00e9pisodes, les narrations, en m\u00ealant l'amour, l'\u00e9conomie, les fantasmes, l'architecture, l'Histoire, la politique, la po\u00e9sie, les chansons...","authors":["Jean-No\u00ebl Blanc"],"category_codes":["1000000","1010000"],"visuals":{"large":"https:\/\/images.epagine.fr\/632\/9782072482632_1_75.jpg","medium":"https:\/\/images.epagine.fr\/632\/9782072482632_1_m.jpg","thumbnail":"https:\/\/images.epagine.fr\/632\/9782072482632_1_v.jpg"},"orderable":true,"show_badge":true,"formatted_price":"22,90&nbsp;\u20ac","formatted_published_date":"14 mars 2013","publisher_availability_label":"Sur commande","short_details":"Jean-No\u00ebl Blanc \u2014 Joelle Losfeld","translator":null,"weight":474,"page_count":424,"readership":null,"editor":"Joelle Losfeld","price":2290,"published_date":"2013-03-13T23:00:00.000000Z","support":"Grand format","publisher_availability":1,"stock":0,"editions":[],"url":"https:\/\/quaidesbrumes.com\/ouvrage\/9782072482632\/linauguration-des-ruines"},{"id":"9782940478262","title":"OISEAUX DU MATIN -LES-","description":null,"authors":["Saint-Helier Monique"],"category_codes":["1000000","1010000"],"visuals":{"large":"https:\/\/quaidesbrumes.com\/img\/book-placeholder.png","medium":"https:\/\/quaidesbrumes.com\/img\/book-placeholder.png","thumbnail":"https:\/\/quaidesbrumes.com\/img\/book-placeholder.png"},"orderable":true,"show_badge":true,"formatted_price":"19,80&nbsp;\u20ac","formatted_published_date":"1er mai 2012","publisher_availability_label":"Sur commande","short_details":"Saint-Helier Monique \u2014 Editions De L'Aire","translator":null,"weight":159,"page_count":null,"readership":null,"editor":"Editions De L'Aire","price":1980,"published_date":"2012-04-30T22:00:00.000000Z","support":"Grand format","publisher_availability":1,"stock":0,"editions":[],"url":"https:\/\/quaidesbrumes.com\/ouvrage\/9782940478262\/oiseaux-du-matin-les"},{"id":"9782332585288","title":"Bois morts","description":"Quand il a besoin de solitude et de silence, le compositeur Athanasius Pearl rejoint une vall\u00e9e des Alpes inconnue des touristes. Il peut s'isoler alors dans un chalet perdu au milieu de la for\u00eat et faire alterner les promenades \u00e0 skis, havresac sur le dos, et les s\u00e9ances de composition, bien au chaud devant l'unique chemin\u00e9e de l'habitation. Durant l'hiver 1937 cependant, tandis qu'il se pr\u00e9pare \u00e0 un s\u00e9jour sans histoire, cette agr\u00e9able routine se trouve soudain boulevers\u00e9e. Quelle maladie s'est donc abattue sur les arbres du voisinage ? Qui a pu s'employer \u00e0 disposer de place en place une s\u00e9rie de rep\u00e8res identiques : une croix form\u00e9e de deux bois morts reli\u00e9s, par une attache de cuir, \u00e0 une sorte d'\u00e9cusson ? Vers quelle myst\u00e9rieuse destination m\u00e8ne donc le chemin ainsi balis\u00e9 ?","authors":["Eric Lys\u00f8e"],"category_codes":["1000000","1010000"],"visuals":{"large":"https:\/\/images.epagine.fr\/288\/9782332585288_1_75.jpg","medium":"https:\/\/images.epagine.fr\/288\/9782332585288_1_m.jpg","thumbnail":"https:\/\/images.epagine.fr\/288\/9782332585288_1_v.jpg"},"orderable":true,"show_badge":true,"formatted_price":"9,50&nbsp;\u20ac","formatted_published_date":"8 octobre 2013","publisher_availability_label":"Sur commande","short_details":"Eric Lys\u00f8e \u2014 Edilivre","translator":null,"weight":73,"page_count":48,"readership":null,"editor":"Edilivre","price":950,"published_date":"2013-10-07T22:00:00.000000Z","support":"Grand format","publisher_availability":1,"stock":0,"editions":[],"url":"https:\/\/quaidesbrumes.com\/ouvrage\/9782332585288\/bois-morts"},{"id":"9782841099337","title":"Essais \u00e0 la troisi\u00e8me personne","description":"\" En somme, Essais \u00e0 la troisi\u00e8me personne est un roman de transition entre la vie avant et apr\u00e8s le s\u00e9jour \u00e0 Aden. Ainsi nombre de th\u00e9matiques esquiss\u00e9es dans ce roman pr\u00e9figurent Aden Arabie, et parfois \u00e9galement certains des \u00e9crits de Nizan du d\u00e9but des ann\u00e9es 1930. Bien entendu, nous songeons imm\u00e9diatement au \"Tout menace de ruine un jeune homme\" au d\u00e9but d'Aden Arabie. La d\u00e9mystification de la jeunesse, au coeur du pamphlet, est en effet en germe dans ces lignes. \r\nEn germe, car l'\u00e9vocation de la jeunesse cultiv\u00e9e n'y rev\u00eat pas encore la verve vigoureusement et doctement id\u00e9ologique qui le caract\u00e9risera. S'y trouve aussi, avant Aden, la condamnation de l'Homo economicus, et, avant Antoine Bloy\u00e9, celle d'une vie perdue par la trahison du prol\u00e9tariat au profit de la bourgeoisie. Le refus du monde bourgeois commence \u00e0 s'organiser id\u00e9ologiquement, avec les lectures et les r\u00e9f\u00e9rences aux figures du marxisme-l\u00e9ninisme. \r\nNizan ne les quittera plus. Essais \u00e0 la troisi\u00e8me personne est ainsi construit de mani\u00e8re \u00e0 montrer le parcours qui m\u00e8ne \u00e0 la question id\u00e9ologique. C'est bien ce cheminement qui compte avant tout. Plus sp\u00e9cifiquement, il a la forme, ici abr\u00e9g\u00e9e, du roman d'apprentissage, h\u00e9ritage moral et esth\u00e9tique des Lumi\u00e8res. Le h\u00e9ros de Nizan traverse les premi\u00e8res \u00e9tapes d'une vie qu'il s'agit de mettre \u00e0 sa port\u00e9e: la r\u00e9v\u00e9lation amoureuse, la complicit\u00e9 de l'amiti\u00e9 intellectuelle, le voyage \u00e0 l'\u00e9tranger, qui favorise la d\u00e9couverte de soi, l'affirmation id\u00e9ologique comme premier geste de r\u00e9volte contre la France. \r\nVoil\u00e0 ce qui compose le socle de la formation identitaire du h\u00e9ros de Nizan. \" (extrait de la pr\u00e9face)","authors":["Paul Nizan"],"category_codes":["1000000","1010000"],"visuals":{"large":"https:\/\/images.epagine.fr\/337\/9782841099337_1_75.jpg","medium":"https:\/\/images.epagine.fr\/337\/9782841099337_1_m.jpg","thumbnail":"https:\/\/images.epagine.fr\/337\/9782841099337_1_v.jpg"},"orderable":true,"show_badge":true,"formatted_price":"14,00&nbsp;\u20ac","formatted_published_date":"11 septembre 2012","publisher_availability_label":"Sur commande","short_details":"Paul Nizan \u2014 LE TEMPS DES CERISES","translator":null,"weight":170,"page_count":136,"readership":null,"editor":"LE TEMPS DES CERISES","price":1400,"published_date":"2012-09-10T22:00:00.000000Z","support":"Grand format","publisher_availability":1,"stock":0,"editions":[],"url":"https:\/\/quaidesbrumes.com\/ouvrage\/9782841099337\/essais-a-la-troisieme-personne"},{"id":"9791091321242","title":"Richard ra-contes","description":null,"authors":["Laffitte Richard"],"category_codes":["1000000","1010000","1010100"],"visuals":{"large":"https:\/\/quaidesbrumes.com\/img\/book-placeholder.png","medium":"https:\/\/quaidesbrumes.com\/img\/book-placeholder.png","thumbnail":"https:\/\/quaidesbrumes.com\/img\/book-placeholder.png"},"orderable":true,"show_badge":true,"formatted_price":"15,00&nbsp;\u20ac","formatted_published_date":"1er septembre 2014","publisher_availability_label":"Sur commande","short_details":"Laffitte Richard \u2014 Prem Edit 77","translator":null,"weight":220,"page_count":null,"readership":null,"editor":"Prem Edit 77","price":1500,"published_date":"2014-08-31T22:00:00.000000Z","support":"Grand format","publisher_availability":1,"stock":0,"editions":[],"url":"https:\/\/quaidesbrumes.com\/ouvrage\/9791091321242\/richard-ra-contes"},{"id":"9782904972980","title":"La bo\u00eete \u00e0 musique","description":"La vie est dure, rue des Orchid\u00e9es. Mais une myst\u00e9rieuse bo\u00eete \u00e0 musique vient un jour changer la vie de David et de ses amis...\r\nUne vie que l'on retrouve dans tous les quartiers d\u00e9favoris\u00e9s. Les peines, les espoirs des enfants sont encore partout les m\u00eames.\r\nCaptivant d\u00e8s les premi\u00e8res lignes.","authors":["Jean-michel Defromont"],"category_codes":["1000000","1010000"],"visuals":{"large":"https:\/\/images.epagine.fr\/980\/9782904972980_1_75.jpg","medium":"https:\/\/images.epagine.fr\/980\/9782904972980_1_m.jpg","thumbnail":"https:\/\/images.epagine.fr\/980\/9782904972980_1_v.jpg"},"orderable":true,"show_badge":true,"formatted_price":"8,00&nbsp;\u20ac","formatted_published_date":"2 mars 1989","publisher_availability_label":"Sur commande","short_details":"Jean-michel Defromont \u2014 Quart Monde","translator":null,"weight":320,"page_count":286,"readership":null,"editor":"Quart Monde","price":800,"published_date":"1989-03-01T23:00:00.000000Z","support":"Grand format","publisher_availability":1,"stock":0,"editions":[],"url":"https:\/\/quaidesbrumes.com\/ouvrage\/9782904972980\/la-boite-a-musique"},{"id":"9782915342222","title":"Le monde de Jane Tome 3","description":null,"authors":["Paige Braddock"],"category_codes":["1000000","1010000"],"visuals":{"large":"https:\/\/images.epagine.fr\/222\/9782915342222_1_75.jpg","medium":"https:\/\/images.epagine.fr\/222\/9782915342222_1_m.jpg","thumbnail":"https:\/\/images.epagine.fr\/222\/9782915342222_1_v.jpg"},"orderable":true,"show_badge":true,"formatted_price":"17,00&nbsp;\u20ac","formatted_published_date":"22 janvier 2010","publisher_availability_label":"Sur commande","short_details":"Paige Braddock \u2014 Dans L'Engrenage","translator":null,"weight":350,"page_count":null,"readership":null,"editor":"Dans L'Engrenage","price":1700,"published_date":"2010-01-21T23:00:00.000000Z","support":"Grand format","publisher_availability":1,"stock":0,"editions":[],"url":"https:\/\/quaidesbrumes.com\/ouvrage\/9782915342222\/le-monde-de-jane-tome-3"},{"id":"9782812701078","title":"Luce","description":"Histoire d'une vie tour \u00e0 tour poignante ou heureuse. On a mal avec Luce, parfois. On sourit souvent, on fait le plein d'optimisme gr\u00e2ce aux personnages qui peuplent son univers. Gr\u00e2ce \u00e0 eux, elle rena\u00eetra \u00e0 la vie avec une ga\u00eet\u00e9 qu'elle sait si bien partager !","authors":["Alba Kertz"],"category_codes":["1000000","1010000"],"visuals":{"large":"https:\/\/quaidesbrumes.com\/img\/book-placeholder.png","medium":"https:\/\/quaidesbrumes.com\/img\/book-placeholder.png","thumbnail":"https:\/\/quaidesbrumes.com\/img\/book-placeholder.png"},"orderable":true,"show_badge":true,"formatted_price":"17,00&nbsp;\u20ac","formatted_published_date":"10 d\u00e9cembre 2009","publisher_availability_label":"Sur commande","short_details":"Alba Kertz \u2014 Presses Du Midi","translator":null,"weight":260,"page_count":195,"readership":null,"editor":"Presses Du Midi","price":1700,"published_date":"2009-12-09T23:00:00.000000Z","support":"Grand format","publisher_availability":1,"stock":0,"editions":[],"url":"https:\/\/quaidesbrumes.com\/ouvrage\/9782812701078\/luce"},{"id":"9782916359946","title":"Derni\u00e8res nouvelles du monde et autres histoires de saison","description":"Du Mali enclav\u00e9 aux terres insulaires, ces Derni\u00e8res nouvelles du monde nous entra\u00eenent dans un p\u00e9riple dans l'espace et dans le temps. Les lire, c'est entamer un \u00e9tonnant voyage litt\u00e9raire entre r\u00e9alit\u00e9 et fiction qui ose l'effacement des genres, notamment entre prose et po\u00e9sie, comme si la litt\u00e9rature \u00e9tait un moyen de faire sauter les clivages qui s\u00e9parent les \u00eatres humains.\r\n\u00c9cartel\u00e9e entre d\u00e9sillusions et esp\u00e9rances, Nathalie M'Dela Mounier d\u00e9peint un monde tout en contradiction, des hommes qui ne parviennent plus \u00e0 communiquer entre eux, un monde en errance, en qu\u00eate de valeurs et d'amour.\r\nL'auteur ouvre son coeur et nous fait partager ses exp\u00e9riences : si elle nous choque parfois, c'est pour mieux nous faire r\u00e9agir.\r\nSi elle d\u00e9nonce le syst\u00e8me, notre fa\u00e7on d'\u00eatre et d'agir, elle nous invite aussi \u00e0 r\u00e9fl\u00e9chir sur notre condition humaine et \u00e0 penser \u00e0 vivre autrement.","authors":["Nathalie M'dela-mounier"],"category_codes":["1000000","1010000","1010100"],"visuals":{"large":"https:\/\/images.epagine.fr\/946\/9782916359946_1_75.jpg","medium":"https:\/\/images.epagine.fr\/946\/9782916359946_1_m.jpg","thumbnail":"https:\/\/images.epagine.fr\/946\/9782916359946_1_v.jpg"},"orderable":true,"show_badge":true,"formatted_price":"17,00&nbsp;\u20ac","formatted_published_date":"1er mars 2013","publisher_availability_label":"Sur commande","short_details":"Nathalie M'dela-mounier \u2014 Taama","translator":null,"weight":296,"page_count":164,"readership":null,"editor":"Taama","price":1700,"published_date":"2013-02-28T23:00:00.000000Z","support":"Grand format","publisher_availability":1,"stock":0,"editions":[],"url":"https:\/\/quaidesbrumes.com\/ouvrage\/9782916359946\/dernieres-nouvelles-du-monde-et-autres-histoires-de-saison"},{"id":"9782246631019","title":"Pour mon plaisir et ma d\u00e9lectation charnelle","description":"Dans le tumulte de la guerre de Cent Ans, princes et ducs trahissent et s'assassinent pour la couronne de Charles VI, frapp\u00e9 de d\u00e9mence. Gilles de Rais, l'un des plus sombres criminels de l'Histoire, vient au monde. Compagnon d'armes de Jeanne d'Arc qu'il r\u00e9v\u00e8re, guerrier furieux, adepte de la magie noire mais fervent chr\u00e9tien, m\u00e9lomane, immens\u00e9ment riche, prodigue jusqu'\u00e0 la d\u00e9mesure, l'homme qui inspirera Barbe bleue est aussi parmi les plus puissants du royaume. Aux juges qui l'interrogeront sur les raisons de sa folie sanguinaire, il dira n'avoir agi que \u00ab pour son plaisir et sa d\u00e9lectation charnelle \u00bb...","authors":["Pierre Combescot"],"category_codes":["1000000","1010000"],"visuals":{"large":"https:\/\/images.epagine.fr\/019\/9782246631019_1_75.jpg","medium":"https:\/\/images.epagine.fr\/019\/9782246631019_1_m.jpg","thumbnail":"https:\/\/images.epagine.fr\/019\/9782246631019_1_v.jpg"},"orderable":true,"show_badge":true,"formatted_price":"18,90&nbsp;\u20ac","formatted_published_date":"4 f\u00e9vrier 2009","publisher_availability_label":"Sur commande","short_details":"Pierre Combescot \u2014 \u00c9ditions Grasset","translator":null,"weight":152,"page_count":188,"readership":null,"editor":"\u00c9ditions Grasset","price":1890,"published_date":"2009-02-03T23:00:00.000000Z","support":"Grand format","publisher_availability":1,"stock":0,"editions":[],"url":"https:\/\/quaidesbrumes.com\/ouvrage\/9782246631019\/pour-mon-plaisir-et-ma-delectation-charnelle"},{"id":"9782357290501","title":"La rh\u00e9torique des culs","description":"Dans une prose o\u00f9 pr\u00e9sent et pass\u00e9 proche s'entrem\u00ealent, un jeune homme livre ses errances \u00e9rotiques et ses rencontres avec quelques figures du quartier anarchiste o\u00f9 il vit, \u00e0 Ath\u00e8nes.\r\nEn contrepoint de dialogues cocasses et cruels, il fait aussi entendre le terrible r\u00e9cit d'un enfant vuln\u00e9rable dans une famille nombreuse o\u00f9 r\u00e8gne l'inceste ; assign\u00e9 \u00e0 l'identit\u00e9 de sa soeur morte, viol\u00e9 et abus\u00e9 par son fr\u00e8re a\u00een\u00e9 jusqu'\u00e0 l'adolescence, incertain de son identit\u00e9 de genre, il fugue une nuit, cherchant \u00e0 d\u00e9couvrir qui il est","authors":["Pierre Gu\u00e9ry"],"category_codes":["1000000","1010000"],"visuals":{"large":"https:\/\/images.epagine.fr\/501\/9782357290501_1_75.jpg","medium":"https:\/\/images.epagine.fr\/501\/9782357290501_1_m.jpg","thumbnail":"https:\/\/images.epagine.fr\/501\/9782357290501_1_v.jpg"},"orderable":true,"show_badge":true,"formatted_price":"14,00&nbsp;\u20ac","formatted_published_date":"1er ao\u00fbt 2011","publisher_availability_label":"Sur commande","short_details":"Pierre Gu\u00e9ry \u2014 L'Une Et L'Autre","translator":null,"weight":145,"page_count":144,"readership":null,"editor":"L'Une Et L'Autre","price":1400,"published_date":"2011-07-31T22:00:00.000000Z","support":"Grand format","publisher_availability":1,"stock":0,"editions":[],"url":"https:\/\/quaidesbrumes.com\/ouvrage\/9782357290501\/la-rhetorique-des-culs"},{"id":"9782824606453","title":"Le club de la petite librairie","description":"Cela aurait d\u00fb \u00eatre une grande histoire d'amour, une histoire pour la vie. Mais le jour o\u00f9 Esme annonce \u00e0 Mitchell qu'elle est enceinte, le jeune homme d\u00e9cide de la quitter aussit\u00f4t. Oblig\u00e9e de reprendre sa vie en main, Esme trouve un travail dans une petite librairie de New York. Cette boutique de quartier est tenue par George, propri\u00e9taire excentrique, et le taciturne Luke dont le r\u00eave est de devenir guitariste. Au milieu des livres, la jeune femme trouve un r\u00e9confort bienvenu, tout comme aupr\u00e8s des clients de la librairie qui deviennent souvent des amis. Et puis, un jour, Mitchell revient. Esme a-t-elle la force de lui accorder une seconde chance ? Le bonheur serait-il \u00e0 ce prix ?","authors":["Deborah Meyler"],"category_codes":["1000000","1010000"],"visuals":{"large":"https:\/\/images.epagine.fr\/453\/9782824606453_1_75.jpg","medium":"https:\/\/images.epagine.fr\/453\/9782824606453_1_m.jpg","thumbnail":"https:\/\/images.epagine.fr\/453\/9782824606453_1_v.jpg"},"orderable":true,"show_badge":true,"formatted_price":"7,90&nbsp;\u20ac","formatted_published_date":"19 ao\u00fbt 2015","publisher_availability_label":"Sur commande","short_details":"Deborah Meyler \u2014 City \u00c9ditions","translator":null,"weight":250,"page_count":456,"readership":null,"editor":"City \u00c9ditions","price":790,"published_date":"2015-08-18T22:00:00.000000Z","support":"Poche","publisher_availability":1,"stock":0,"editions":[],"url":"https:\/\/quaidesbrumes.com\/ouvrage\/9782824606453\/le-club-de-la-petite-librairie"}]}