{"data":[{"id":"9782702153956","title":"Dark nights","description":"La qu\u00eate d'absolu, la nostalgie du temps des possibles, la duplicit\u00e9, la d\u00e9liquescence de l'\u00e2me ou du corps sont au coeur de ces vingt-neuf \u00ab nouvelles nocturnes \u00bb. Une diva, un boxeur \u00e0 gueule d'ange, un fildef\u00e9riste, un homme qui choisit de devenir un tueur au sang froid, un collectionneur malchanceux, un commissaire assassin, une belle cubaine. Dark Nights convoque des personnages dont la vision du monde change, se d\u00e9forme, et qui portent tous un myst\u00e8re.\r\n\r\nDenis Jeambar pose son regard d'\u00e9crivain sur ces vies qui basculent et, par un \u00e9trange effet miroir, nous invite \u00e0 l'introspection. Le recueil d'un id\u00e9aliste d\u00e9senchant\u00e9, d'un jeune homme devenu m\u00fbr, travers\u00e9 par une f\u00ealure qui affleure \u00e0 chaque page. Une atmosph\u00e8re douce-am\u00e8re, parfois jusqu'au grincement, au craquement, \u00e0 la d\u00e9tonation.","authors":["Denis Jeambar"],"category_codes":["1000000","1010000"],"visuals":{"large":"https:\/\/images.epagine.fr\/956\/9782702153956_1_75.jpg","medium":"https:\/\/images.epagine.fr\/956\/9782702153956_1_m.jpg","thumbnail":"https:\/\/images.epagine.fr\/956\/9782702153956_1_v.jpg"},"orderable":true,"show_badge":true,"formatted_price":"17,00&nbsp;\u20ac","formatted_published_date":"15 janvier 2014","publisher_availability_label":"Sur commande","short_details":"Denis Jeambar \u2014 Calmann-L\u00e9vy","translator":null,"weight":298,"page_count":384,"readership":null,"editor":"Calmann-L\u00e9vy","price":1700,"published_date":"2014-01-14T23:00:00.000000Z","support":"Grand format","publisher_availability":1,"stock":0,"editions":[],"url":"https:\/\/quaidesbrumes.com\/ouvrage\/9782702153956\/dark-nights"},{"id":"9782752901217","title":"Les petites filles","description":"Trois anciennes camarades de classe se retrouvent apr\u00e8s s'\u00eatre perdues de vue quelque cinquante ann\u00e9es plus t\u00f4t. Elles s'\u00e9taient s\u00e9par\u00e9es d'un coeur l\u00e9ger l'\u00e9t\u00e9 de leurs dix ans, en se jurant, face \u00e0 la vie qui s'annon\u00e7ait, de d\u00e9crocher monts et merveilles.\r\nUn demi-si\u00e8cle plus tard, tout annonce qu'elles ont \" r\u00e9ussi \" leur vie mais, reportant leur regard en arri\u00e8re, ne peuvent s'emp\u00eacher de se dire qu'elles l'ont bel et bien rat\u00e9e - les adultes, sur ce chapitre-l\u00e0, sont tellement plus indulgents avec eux-m\u00eames que les enfants...\r\nSort-on jamais de l'enfance ? Et si l'on pense un jour en sortir, est-ce pour aller quelque part ? Pour aller o\u00f9 ? Ces questions, Elizabeth Bowen (1899-1973) - sans doute en son si\u00e8cle la plus s\u00fbre h\u00e9riti\u00e8re de Jane Austen et de Virginia Woolf - les pose (\u00e0 peine). Et se garde bien s\u00fbr d'y r\u00e9pondre. Nos certitudes sont les plus grandes ennemies de nos \u00e9motions\r\n\r","authors":["Elizabeth Bowen"],"category_codes":["1000000","1010000"],"visuals":{"large":"https:\/\/images.epagine.fr\/217\/9782752901217_1_75.jpg","medium":"https:\/\/images.epagine.fr\/217\/9782752901217_1_m.jpg","thumbnail":"https:\/\/images.epagine.fr\/217\/9782752901217_1_v.jpg"},"orderable":true,"show_badge":true,"formatted_price":"20,30&nbsp;\u20ac","formatted_published_date":"4 novembre 2005","publisher_availability_label":"Sur commande","short_details":"Elizabeth Bowen \u2014 \u00c9ditions Ph\u00e9bus","translator":null,"weight":385,"page_count":305,"readership":null,"editor":"\u00c9ditions Ph\u00e9bus","price":2030,"published_date":"2005-11-03T23:00:00.000000Z","support":"Grand format","publisher_availability":1,"stock":0,"editions":[],"url":"https:\/\/quaidesbrumes.com\/ouvrage\/9782752901217\/les-petites-filles"},{"id":"9782014054262","title":"La becqu\u00e9e","description":"Le pr\u00e9sent ouvrage s'inscrit dans une politique de conservation patrimoniale des ouvrages de la litt\u00e9rature Fran\u00e7aise mise en place avec la BNF. HACHETTE LIVRE et la BNF proposent ainsi un catalogue de titres indisponibles, la BNF ayant num\u00e9ris\u00e9 ces oeuvres et HACHETTE LIVRE les imprimant \u00e0 la demande. Certains de ces ouvrages refl\u00e8tent des courants de pens\u00e9e caract\u00e9ristiques de leur \u00e9poque, mais qui seraient aujourd'hui jug\u00e9s condamnables. Ils n'en appartiennent pas moins \u00e0 l'histoire des id\u00e9es en France et sont susceptibles de pr\u00e9senter un int\u00e9r\u00eat scientifique ou historique. Le sens de notre d\u00e9marche \u00e9ditoriale consiste ainsi \u00e0 permettre l'acc\u00e8s \u00e0 ces oeuvres sans pour autant que nous en cautionnions en aucune fa\u00e7on le contenu. Pour plus d'informations, rendez-vous sur www.hachettebnf.fr\r","authors":["Ren\u00e9 Boylesve"],"category_codes":["1000000","1010000"],"visuals":{"large":"https:\/\/images.epagine.fr\/262\/9782014054262_1_75.jpg","medium":"https:\/\/images.epagine.fr\/262\/9782014054262_1_m.jpg","thumbnail":"https:\/\/images.epagine.fr\/262\/9782014054262_1_v.jpg"},"orderable":true,"show_badge":true,"formatted_price":"22,50&nbsp;\u20ac","formatted_published_date":"1er juin 2017","publisher_availability_label":"Sur commande","short_details":"Ren\u00e9 Boylesve \u2014 Hachette BNF","translator":null,"weight":416,"page_count":null,"readership":null,"editor":"Hachette BNF","price":2250,"published_date":"2017-05-31T22:00:00.000000Z","support":"Grand format","publisher_availability":1,"stock":0,"editions":["9783849130039","9783849141035"],"url":"https:\/\/quaidesbrumes.com\/ouvrage\/9782014054262\/la-becquee"},{"id":"9782329044149","title":"Le Bl\u00e9 qui L\u00e8ve","description":"Le bl\u00e9 qui l\u00e8ve \/ Ren\u00e9 Bazin,...\r\nDate de l'\u00e9dition originale : 1925\r\n\r\nLe pr\u00e9sent ouvrage s'inscrit dans une politique de conservation patrimoniale des ouvrages de la litt\u00e9rature Fran\u00e7aise mise en place avec la BNF. \r\nHACHETTE LIVRE et la BNF proposent ainsi un catalogue de titres indisponibles, la BNF ayant num\u00e9ris\u00e9 ces oeuvres et HACHETTE LIVRE les imprimant \u00e0 la demande. \r\nCertains de ces ouvrages refl\u00e8tent des courants de pens\u00e9e caract\u00e9ristiques de leur \u00e9poque, mais qui seraient aujourd'hui jug\u00e9s condamnables. \r\nIls n'en appartiennent pas moins \u00e0 l'histoire des id\u00e9es en France et sont susceptibles de pr\u00e9senter un int\u00e9r\u00eat scientifique ou historique. \r\nLe sens de notre d\u00e9marche \u00e9ditoriale consiste ainsi \u00e0 permettre l'acc\u00e8s \u00e0 ces oeuvres sans pour autant que nous en cautionnions en aucune fa\u00e7on le contenu. \r\nPour plus d'informations, rendez-vous sur www.hachettebnf.fr","authors":["Ren\u00e9 Bazin"],"category_codes":["1000000","1010000"],"visuals":{"large":"https:\/\/images.epagine.fr\/149\/9782329044149_1_75.jpg","medium":"https:\/\/images.epagine.fr\/149\/9782329044149_1_m.jpg","thumbnail":"https:\/\/images.epagine.fr\/149\/9782329044149_1_v.jpg"},"orderable":true,"show_badge":true,"formatted_price":"26,00&nbsp;\u20ac","formatted_published_date":"1er juillet 2018","publisher_availability_label":"Sur commande","short_details":"Ren\u00e9 Bazin \u2014 Hachette BNF","translator":null,"weight":557,"page_count":400,"readership":null,"editor":"Hachette BNF","price":2600,"published_date":"2018-06-30T22:00:00.000000Z","support":"Grand format","publisher_availability":1,"stock":0,"editions":["9791094912683","9791041838608"],"url":"https:\/\/quaidesbrumes.com\/ouvrage\/9782329044149\/le-ble-qui-leve"},{"id":"9782493472588","title":"De l'or dans les veines","description":"Dans l'arri\u00e8re-pays ni\u00e7ois, les membres de la PJ enqu\u00eatent sur une s\u00e9rie de meurtres sordides. \r\nUne des affaires les plus perturbantes de leur carri\u00e8re.\r\nPlusieurs femmes sont assassin\u00e9es.\r\nLes corps exsangues sont mis aux ench\u00e8res.\r\nMeurtres en s\u00e9rie, sacrifices humains ? Aucune piste ne peut \u00eatre \u00e9cart\u00e9e.\r\nD\u00e9couvrez le nouveau thriller d'\u00c9ric Oliva.\r\nFort de ses 30 ans \u00e0 la PJ de Nice, \u00c9ric nous balade brillamment dans les bas-fonds de l'\u00e2me humaine avec un r\u00e9alisme impressionnant. \r\nDu grand \u00c9ric Oliva.","authors":["Eric Oliva"],"category_codes":["1000000","1010000"],"visuals":{"large":"https:\/\/images.epagine.fr\/588\/9782493472588_1_75.jpg","medium":"https:\/\/images.epagine.fr\/588\/9782493472588_1_m.jpg","thumbnail":"https:\/\/images.epagine.fr\/588\/9782493472588_1_v.jpg"},"orderable":true,"show_badge":true,"formatted_price":"17,00&nbsp;\u20ac","formatted_published_date":"1er octobre 2024","publisher_availability_label":"Sur commande","short_details":"Eric Oliva \u2014 Des Livres Et Du Reve","translator":null,"weight":313,"page_count":304,"readership":null,"editor":"Des Livres Et Du Reve","price":1700,"published_date":"2024-09-30T22:00:00.000000Z","support":"Grand format","publisher_availability":1,"stock":0,"editions":["9782493472830"],"url":"https:\/\/quaidesbrumes.com\/ouvrage\/9782493472588\/de-lor-dans-les-veines"},{"id":"9782012479807","title":"Les Trois Villes : Lourdes","description":"Les trois villes : Lourdes \/ par Emile Zola Date de l'\u00e9dition originale : 1894 Collection : Biblioth\u00e8que Charpentier Ce livre est la reproduction fid\u00e8le d'une oeuvre publi\u00e9e avant 1920 et fait partie d'une collection de livres r\u00e9imprim\u00e9s \u00e0 la demande \u00e9dit\u00e9e par Hachette Livre, dans le cadre d'un partenariat avec la Biblioth\u00e8que nationale de France, offrant l'opportunit\u00e9 d'acc\u00e9der \u00e0 des ouvrages anciens et souvent rares issus des fonds patrimoniaux de la BnF.\r\nLes oeuvres faisant partie de cette collection ont \u00e9t\u00e9 num\u00e9ris\u00e9es par la BnF et sont pr\u00e9sentes sur Gallica, sa biblioth\u00e8que num\u00e9rique.\r\n\r\nEn entreprenant de redonner vie \u00e0 ces ouvrages au travers d'une collection de livres r\u00e9imprim\u00e9s \u00e0 la demande, nous leur donnons la possibilit\u00e9 de rencontrer un public \u00e9largi et participons \u00e0 la transmission de connaissances et de savoirs parfois difficilement accessibles.\r\nNous avons cherch\u00e9 \u00e0 concilier la reproduction fid\u00e8le d'un livre ancien \u00e0 partir de sa version num\u00e9ris\u00e9e avec le souci d'un confort de lecture optimal. Nous esp\u00e9rons que les ouvrages de cette nouvelle collection vous apporteront enti\u00e8re satisfaction.\r\n\r\nPour plus d'informations, rendez-vous sur www.hachettebnf.fr\r","authors":["Emile Zola"],"category_codes":["1000000","1030000"],"visuals":{"large":"https:\/\/images.epagine.fr\/807\/9782012479807_1_75.jpg","medium":"https:\/\/images.epagine.fr\/807\/9782012479807_1_m.jpg","thumbnail":"https:\/\/images.epagine.fr\/807\/9782012479807_1_v.jpg"},"orderable":true,"show_badge":true,"formatted_price":"33,40&nbsp;\u20ac","formatted_published_date":"1er ao\u00fbt 2013","publisher_availability_label":"Sur commande","short_details":"Emile Zola \u2014 Hachette BNF","translator":null,"weight":857,"page_count":null,"readership":null,"editor":"Hachette BNF","price":3340,"published_date":"2013-07-31T22:00:00.000000Z","support":"Grand format","publisher_availability":1,"stock":0,"editions":["9782019534721","9783734009327","9783734009334"],"url":"https:\/\/quaidesbrumes.com\/ouvrage\/9782012479807\/les-trois-villes-lourdes"},{"id":"9782011869487","title":"Le Bourreau","description":"Le Bourreau, par Fenimore Cooper, traduction de La B\u00e9dolli\u00e8re Date de l'\u00e9dition originale : 1851 Ce livre est la reproduction fid\u00e8le d'une oeuvre publi\u00e9e avant 1920 et fait partie d'une collection de livres r\u00e9imprim\u00e9s \u00e0 la demande \u00e9dit\u00e9e par Hachette Livre, dans le cadre d'un partenariat avec la Biblioth\u00e8que nationale de France, offrant l'opportunit\u00e9 d'acc\u00e9der \u00e0 des ouvrages anciens et souvent rares issus des fonds patrimoniaux de la BnF.\r\nLes oeuvres faisant partie de cette collection ont \u00e9t\u00e9 num\u00e9ris\u00e9es par la BnF et sont pr\u00e9sentes sur Gallica, sa biblioth\u00e8que num\u00e9rique.\r\n\r\nEn entreprenant de redonner vie \u00e0 ces ouvrages au travers d'une collection de livres r\u00e9imprim\u00e9s \u00e0 la demande, nous leur donnons la possibilit\u00e9 de rencontrer un public \u00e9largi et participons \u00e0 la transmission de connaissances et de savoirs parfois difficilement accessibles.\r\nNous avons cherch\u00e9 \u00e0 concilier la reproduction fid\u00e8le d'un livre ancien \u00e0 partir de sa version num\u00e9ris\u00e9e avec le souci d'un confort de lecture optimal. Nous esp\u00e9rons que les ouvrages de cette nouvelle collection vous apporteront enti\u00e8re satisfaction.\r\n\r\nPour plus d'informations, rendez-vous sur www.hachettebnf.fr\r","authors":["James Fenimore Cooper"],"category_codes":["1000000","1010000"],"visuals":{"large":"https:\/\/images.epagine.fr\/487\/9782011869487_1_75.jpg","medium":"https:\/\/images.epagine.fr\/487\/9782011869487_1_m.jpg","thumbnail":"https:\/\/images.epagine.fr\/487\/9782011869487_1_v.jpg"},"orderable":true,"show_badge":true,"formatted_price":"11,90&nbsp;\u20ac","formatted_published_date":"1er avril 2013","publisher_availability_label":"Sur commande","short_details":"James Fenimore Cooper \u2014 Hachette BNF","translator":null,"weight":116,"page_count":72,"readership":null,"editor":"Hachette BNF","price":1190,"published_date":"2013-03-31T22:00:00.000000Z","support":"Grand format","publisher_availability":1,"stock":0,"editions":[],"url":"https:\/\/quaidesbrumes.com\/ouvrage\/9782011869487\/le-bourreau"},{"id":"9782011866240","title":"Feu Bressier","description":"Feu Bressier, par Alphonse Karr\r\nDate de l'\u00e9dition originale : 1853\r\n\r\nLe pr\u00e9sent ouvrage s'inscrit dans une politique de conservation patrimoniale des ouvrages de la litt\u00e9rature Fran\u00e7aise mise en place avec la BNF.\r\nHACHETTE LIVRE et la BNF proposent ainsi un catalogue de titres indisponibles, la BNF ayant num\u00e9ris\u00e9 ces oeuvres et HACHETTE LIVRE les imprimant \u00e0 la demande.\r\nCertains de ces ouvrages refl\u00e8tent des courants de pens\u00e9e caract\u00e9ristiques de leur \u00e9poque, mais qui seraient aujourd'hui jug\u00e9s condamnables.\r\nIls n'en appartiennent pas moins \u00e0 l'histoire des id\u00e9es en France et sont susceptibles de pr\u00e9senter un int\u00e9r\u00eat scientifique ou historique.\r\nLe sens de notre d\u00e9marche \u00e9ditoriale consiste ainsi \u00e0 permettre l'acc\u00e8s \u00e0 ces oeuvres sans pour autant que nous en cautionnions en aucune fa\u00e7on le contenu.\r\n\r\nPour plus d'informations, rendez-vous sur www.hachettebnf.fr","authors":["Karr Alphonse"],"category_codes":["1000000","1010000"],"visuals":{"large":"https:\/\/images.epagine.fr\/240\/9782011866240_1_75.jpg","medium":"https:\/\/images.epagine.fr\/240\/9782011866240_1_m.jpg","thumbnail":"https:\/\/images.epagine.fr\/240\/9782011866240_1_v.jpg"},"orderable":true,"show_badge":true,"formatted_price":"11,50&nbsp;\u20ac","formatted_published_date":"1er avril 2013","publisher_availability_label":"Sur commande","short_details":"Karr Alphonse \u2014 Hachette BNF","translator":null,"weight":102,"page_count":62,"readership":null,"editor":"Hachette BNF","price":1150,"published_date":"2013-03-31T22:00:00.000000Z","support":"Grand format","publisher_availability":1,"stock":0,"editions":["9782329223643"],"url":"https:\/\/quaidesbrumes.com\/ouvrage\/9782011866240\/feu-bressier"},{"id":"9782011870452","title":"Le Magn\u00e9tiseur","description":"Le Magn\u00e9tiseur, par Fr\u00e9d\u00e9ric Souli\u00e9...\r\nDate de l'\u00e9dition originale : 1857\r\n\r\nLe pr\u00e9sent ouvrage s'inscrit dans une politique de conservation patrimoniale des ouvrages de la litt\u00e9rature Fran\u00e7aise mise en place avec la BNF.\r\nHACHETTE LIVRE et la BNF proposent ainsi un catalogue de titres indisponibles, la BNF ayant num\u00e9ris\u00e9 ces oeuvres et HACHETTE LIVRE les imprimant \u00e0 la demande.\r\nCertains de ces ouvrages refl\u00e8tent des courants de pens\u00e9e caract\u00e9ristiques de leur \u00e9poque, mais qui seraient aujourd'hui jug\u00e9s condamnables.\r\nIls n'en appartiennent pas moins \u00e0 l'histoire des id\u00e9es en France et sont susceptibles de pr\u00e9senter un int\u00e9r\u00eat scientifique ou historique.\r\nLe sens de notre d\u00e9marche \u00e9ditoriale consiste ainsi \u00e0 permettre l'acc\u00e8s \u00e0 ces oeuvres sans pour autant que nous en cautionnions en aucune fa\u00e7on le contenu.\r\n\r\nPour plus d'informations, rendez-vous sur www.hachettebnf.fr","authors":["Fr\u00e9d\u00e9ric Souli\u00e9"],"category_codes":["1000000","1030000"],"visuals":{"large":"https:\/\/images.epagine.fr\/452\/9782011870452_1_75.jpg","medium":"https:\/\/images.epagine.fr\/452\/9782011870452_1_m.jpg","thumbnail":"https:\/\/images.epagine.fr\/452\/9782011870452_1_v.jpg"},"orderable":true,"show_badge":true,"formatted_price":"24,50&nbsp;\u20ac","formatted_published_date":"1er avril 2013","publisher_availability_label":"Sur commande","short_details":"Fr\u00e9d\u00e9ric Souli\u00e9 \u2014 Hachette BNF","translator":null,"weight":489,"page_count":348,"readership":null,"editor":"Hachette BNF","price":2450,"published_date":"2013-03-31T22:00:00.000000Z","support":"Grand format","publisher_availability":1,"stock":0,"editions":["9782335041255"],"url":"https:\/\/quaidesbrumes.com\/ouvrage\/9782011870452\/le-magnetiseur"},{"id":"9791042426897","title":"Le m\u00e9daillon Tome 3 : D\u00e9livrance","description":"Ga\u00efa avait tout pr\u00e9vu [...]. Elle lui avait lanc\u00e9 des signes. Il les avait interpr\u00e9t\u00e9s pour de simples tentatives d'intimidation. [...] Le temps \u00e9tait compt\u00e9. L'air \u00e9tait impr\u00e9gn\u00e9 d'une fragrance annonciatrice [...]. Il contempla une derni\u00e8re fois l'\u00e9ternit\u00e9 de son existence immortelle [...]. Soudain, une rafale d\u00e9vastatrice l'emporta [...] Un cataclysme \u00e9branla les confins de l'espace. Une d\u00e9flagration se propagea \u00e0 travers les \u00e9toiles gravant un instant d'histoire cosmique dans le grand livre de l'Univers.","authors":["R\u00e9gine Bouch\u00e9"],"category_codes":["1000000","1010000"],"visuals":{"large":"https:\/\/images.epagine.fr\/897\/9791042426897_1_75.jpg","medium":"https:\/\/images.epagine.fr\/897\/9791042426897_1_m.jpg","thumbnail":"https:\/\/images.epagine.fr\/897\/9791042426897_1_v.jpg"},"orderable":true,"show_badge":true,"formatted_price":"15,00&nbsp;\u20ac","formatted_published_date":"4 d\u00e9cembre 2024","publisher_availability_label":"Sur commande","short_details":"R\u00e9gine Bouch\u00e9 \u2014 BOOKELIS","translator":null,"weight":373,"page_count":310,"readership":null,"editor":"BOOKELIS","price":1500,"published_date":"2024-12-03T23:00:00.000000Z","support":"Grand format","publisher_availability":1,"stock":0,"editions":[],"url":"https:\/\/quaidesbrumes.com\/ouvrage\/9791042426897\/le-medaillon-tome-3-delivrance"},{"id":"9782013252867","title":"Madame de La Roche","description":"Madame de La Roche \/ Belz de Villas Date de l'\u00e9dition originale : 1885 Ce livre est la reproduction fid\u00e8le d'une oeuvre publi\u00e9e avant 1920 et fait partie d'une collection de livres r\u00e9imprim\u00e9s \u00e0 la demande \u00e9dit\u00e9e par Hachette Livre, dans le cadre d'un partenariat avec la Biblioth\u00e8que nationale de France, offrant l'opportunit\u00e9 d'acc\u00e9der \u00e0 des ouvrages anciens et souvent rares issus des fonds patrimoniaux de la BnF.\r\nLes oeuvres faisant partie de cette collection ont \u00e9t\u00e9 num\u00e9ris\u00e9es par la BnF et sont pr\u00e9sentes sur Gallica, sa biblioth\u00e8que num\u00e9rique.\r\n\r\nEn entreprenant de redonner vie \u00e0 ces ouvrages au travers d'une collection de livres r\u00e9imprim\u00e9s \u00e0 la demande, nous leur donnons la possibilit\u00e9 de rencontrer un public \u00e9largi et participons \u00e0 la transmission de connaissances et de savoirs parfois difficilement accessibles.\r\nNous avons cherch\u00e9 \u00e0 concilier la reproduction fid\u00e8le d'un livre ancien \u00e0 partir de sa version num\u00e9ris\u00e9e avec le souci d'un confort de lecture optimal. Nous esp\u00e9rons que les ouvrages de cette nouvelle collection vous apporteront enti\u00e8re satisfaction.\r\n\r\nPour plus d'informations, rendez-vous sur www.hachettebnf.fr\r","authors":["Belz De Villas"],"category_codes":["1000000","1030000"],"visuals":{"large":"https:\/\/images.epagine.fr\/867\/9782013252867_1_75.jpg","medium":"https:\/\/images.epagine.fr\/867\/9782013252867_1_m.jpg","thumbnail":"https:\/\/images.epagine.fr\/867\/9782013252867_1_v.jpg"},"orderable":true,"show_badge":true,"formatted_price":"19,00&nbsp;\u20ac","formatted_published_date":"1er ao\u00fbt 2013","publisher_availability_label":"Sur commande","short_details":"Belz De Villas \u2014 Hachette BNF","translator":null,"weight":275,"page_count":null,"readership":null,"editor":"Hachette BNF","price":1900,"published_date":"2013-07-31T22:00:00.000000Z","support":"Grand format","publisher_availability":1,"stock":0,"editions":["9782019673673"],"url":"https:\/\/quaidesbrumes.com\/ouvrage\/9782013252867\/madame-de-la-roche"},{"id":"9782283021583","title":"Mort de ma mere","description":"Le narrateur est au chevet de sa m\u00e8re. C'est la nuit, dans un h\u00f4pital. Pr\u00e8s du corps qui s'est endormi et ne se r\u00e9veillera plus, le narrateur \u00e9voque \u00e0 voix haute leur vie d'autrefois. Dans une langue po\u00e9tique et sensible, Xavier Houssin raconte son enfance - fils unique et ch\u00e9ri de sa m\u00e8re qui l'a mis au monde en l'absence du p\u00e8re -, la rue d'Avelghem, le Nord et la Normandie. \r\nLe lendemain, commence l'apr\u00e8s. L'organisation des fun\u00e9railles. Des journ\u00e9es hors du temps, pendant lesquelles le narrateur enveloppe de mots sa m\u00e8re disparue. \r\nXavier Houssin place en exergue de son livre une phrase du journal de Loti qui annonce la mort de sa m\u00e8re\u00a0: Je suis en bas, dans la petite salle \u00e0 manger, \u00e9crivant \u00e0 tous la m\u00eame d\u00e9p\u00eache\u00a0: \u00ab\u00a0Ma m\u00e8re vient de m'ouvrir\u00a0\u00bb. Lapsus qu'il fait sien tout au long de ces pages \u00e9mouvantes.\r","authors":["Xavier Houssin"],"category_codes":["1000000","1010000"],"visuals":{"large":"https:\/\/images.epagine.fr\/583\/9782283021583_1_75.jpg","medium":"https:\/\/images.epagine.fr\/583\/9782283021583_1_m.jpg","thumbnail":"https:\/\/images.epagine.fr\/583\/9782283021583_1_v.jpg"},"orderable":true,"show_badge":true,"formatted_price":"16,00&nbsp;\u20ac","formatted_published_date":"5 f\u00e9vrier 2009","publisher_availability_label":"Sur commande","short_details":"Xavier Houssin \u2014 \u00c9ditions Buchet\/Chastel","translator":null,"weight":128,"page_count":119,"readership":null,"editor":"\u00c9ditions Buchet\/Chastel","price":1600,"published_date":"2009-02-04T23:00:00.000000Z","support":"Grand format","publisher_availability":1,"stock":0,"editions":[],"url":"https:\/\/quaidesbrumes.com\/ouvrage\/9782283021583\/mort-de-ma-mere"},{"id":"9782350340487","title":"William Wilson","description":null,"authors":["Edgar Allan Poe"],"category_codes":["1000000","1010000"],"visuals":{"large":"https:\/\/quaidesbrumes.com\/img\/book-placeholder.png","medium":"https:\/\/quaidesbrumes.com\/img\/book-placeholder.png","thumbnail":"https:\/\/quaidesbrumes.com\/img\/book-placeholder.png"},"orderable":true,"show_badge":true,"formatted_price":"15,00&nbsp;\u20ac","formatted_published_date":"15 octobre 2007","publisher_availability_label":"Sur commande","short_details":"Edgar Allan Poe \u2014 Eponymes","translator":null,"weight":100,"page_count":null,"readership":null,"editor":"Eponymes","price":1500,"published_date":"2007-10-14T22:00:00.000000Z","support":"CD Audio","publisher_availability":1,"stock":0,"editions":[],"url":"https:\/\/quaidesbrumes.com\/ouvrage\/9782350340487\/william-wilson"},{"id":"9782385121839","title":"Histoire d'un casse-noisette","description":"Histoire d'un casse-noisette, roman incontournable d'Alexandre Dumas, a \u00e9t\u00e9 publi\u00e9 pour la premi\u00e8re fois en France en 1860.\r\n\r\nVous souhaitez lire autrement et profiter d'une exp\u00e9rience de lecture originale ?\r\n\r\nGr\u00e2ce \u00e0 notre charte \u00e9ditoriale, nous vous offrons l'opportunit\u00e9 de d\u00e9couvrir cette nouvelle dans une \u00e9dition a\u00e9r\u00e9e et dans un grand format, facilitant ainsi votre lecture pour vous permettre de profiter d'une exp\u00e9rience de lecture unique.","authors":["Alexandre Dumas"],"category_codes":["1000000","1010000"],"visuals":{"large":"https:\/\/images.epagine.fr\/839\/9782385121839_1_75.jpg","medium":"https:\/\/images.epagine.fr\/839\/9782385121839_1_m.jpg","thumbnail":"https:\/\/images.epagine.fr\/839\/9782385121839_1_v.jpg"},"orderable":true,"show_badge":true,"formatted_price":"19,90&nbsp;\u20ac","formatted_published_date":"3 f\u00e9vrier 2023","publisher_availability_label":"Sur commande","short_details":"Alexandre Dumas \u2014 HESIODE","translator":null,"weight":226,"page_count":122,"readership":null,"editor":"HESIODE","price":1990,"published_date":"2023-02-02T23:00:00.000000Z","support":"Grand format","publisher_availability":1,"stock":0,"editions":["9782845051850","9791041833122"],"url":"https:\/\/quaidesbrumes.com\/ouvrage\/9782385121839\/histoire-dun-casse-noisette"},{"id":"9782883400627","title":"Le Russe Et La Poupee","description":null,"authors":["Daniel Glinz"],"category_codes":["1000000","1010000"],"visuals":{"large":"https:\/\/quaidesbrumes.com\/img\/book-placeholder.png","medium":"https:\/\/quaidesbrumes.com\/img\/book-placeholder.png","thumbnail":"https:\/\/quaidesbrumes.com\/img\/book-placeholder.png"},"orderable":true,"show_badge":true,"formatted_price":"17,44&nbsp;\u20ac","formatted_published_date":"27 novembre 1998","publisher_availability_label":"Sur commande","short_details":"Daniel Glinz \u2014 Metropolis","translator":null,"weight":378,"page_count":250,"readership":null,"editor":"Metropolis","price":1744,"published_date":"1998-11-26T23:00:00.000000Z","support":"Grand format","publisher_availability":1,"stock":0,"editions":[],"url":"https:\/\/quaidesbrumes.com\/ouvrage\/9782883400627\/le-russe-et-la-poupee"},{"id":"9782373420982","title":"La soci\u00e9t\u00e9 des vampires","description":"Trois ans ont pass\u00e9 depuis les terribles \u00e9v\u00e9nements ayant eu lieu dans la petite ville de Rochereau. Adeline, qui s'appr\u00eate \u00e0 f\u00eater ses dix-huit ans, ne supporte plus l'attitude surprotectrice de son p\u00e8re, qui ne se remet pas de la d\u00e9couverte de l'existence des vampires. Elle r\u00eave d'une autre vie et repense avec nostalgie \u00e0 ses discussions passionnantes avec Morgan Crane.\r\nLe vampire a quitt\u00e9 Rochereau et erre depuis lors de ville en ville. Jusqu'au jour o\u00f9 une vieille connaissance reprend contact avec lui pour lui faire une proposition difficile \u00e0 refuser.\r\nAlors qu'Adeline fait la rencontre d'un jeune homme myst\u00e9rieux qui semble tout aussi int\u00e9ress\u00e9 qu'elle par le surnaturel, une menace invisible plane sur toute la famille Deville.","authors":["Annabelle Blangier"],"category_codes":["1000000","1010000"],"visuals":{"large":"https:\/\/images.epagine.fr\/982\/9782373420982_1_75.jpg","medium":"https:\/\/images.epagine.fr\/982\/9782373420982_1_m.jpg","thumbnail":"https:\/\/images.epagine.fr\/982\/9782373420982_1_v.jpg"},"orderable":true,"show_badge":true,"formatted_price":"18,90&nbsp;\u20ac","formatted_published_date":"19 juin 2021","publisher_availability_label":"Sur commande","short_details":"Annabelle Blangier \u2014 Les Editions du petit caveau","translator":null,"weight":521,"page_count":404,"readership":null,"editor":"Les Editions du petit caveau","price":1890,"published_date":"2021-06-18T22:00:00.000000Z","support":"Grand format","publisher_availability":1,"stock":0,"editions":[],"url":"https:\/\/quaidesbrumes.com\/ouvrage\/9782373420982\/la-societe-des-vampires"},{"id":"9782883400177","title":"Bible Et L'Histoire Au Feminin","description":null,"authors":["Lucie Bolens"],"category_codes":["1000000","1010000"],"visuals":{"large":"https:\/\/quaidesbrumes.com\/img\/book-placeholder.png","medium":"https:\/\/quaidesbrumes.com\/img\/book-placeholder.png","thumbnail":"https:\/\/quaidesbrumes.com\/img\/book-placeholder.png"},"orderable":true,"show_badge":true,"formatted_price":"25,36&nbsp;\u20ac","formatted_published_date":"27 f\u00e9vrier 1998","publisher_availability_label":"Sur commande","short_details":"Lucie Bolens \u2014 Metropolis","translator":null,"weight":528,"page_count":250,"readership":null,"editor":"Metropolis","price":2536,"published_date":"1998-02-26T23:00:00.000000Z","support":"Grand format","publisher_availability":1,"stock":0,"editions":[],"url":"https:\/\/quaidesbrumes.com\/ouvrage\/9782883400177\/bible-et-lhistoire-au-feminin"},{"id":"9782883400184","title":"Schlomo Part En Voyage","description":null,"authors":["Alex Shargorodsky"],"category_codes":["1000000","1010000"],"visuals":{"large":"https:\/\/quaidesbrumes.com\/img\/book-placeholder.png","medium":"https:\/\/quaidesbrumes.com\/img\/book-placeholder.png","thumbnail":"https:\/\/quaidesbrumes.com\/img\/book-placeholder.png"},"orderable":true,"show_badge":true,"formatted_price":"18,56&nbsp;\u20ac","formatted_published_date":"26 mai 1999","publisher_availability_label":"Sur commande","short_details":"Alex Shargorodsky \u2014 Metropolis","translator":null,"weight":196,"page_count":250,"readership":null,"editor":"Metropolis","price":1856,"published_date":"1999-05-25T22:00:00.000000Z","support":"Grand format","publisher_availability":1,"stock":0,"editions":[],"url":"https:\/\/quaidesbrumes.com\/ouvrage\/9782883400184\/schlomo-part-en-voyage"},{"id":"9782883400191","title":"Entre Deux Mondes","description":null,"authors":["Fernand Auberjonois"],"category_codes":["1000000","1010000"],"visuals":{"large":"https:\/\/quaidesbrumes.com\/img\/book-placeholder.png","medium":"https:\/\/quaidesbrumes.com\/img\/book-placeholder.png","thumbnail":"https:\/\/quaidesbrumes.com\/img\/book-placeholder.png"},"orderable":true,"show_badge":true,"formatted_price":"24,75&nbsp;\u20ac","formatted_published_date":"16 octobre 1997","publisher_availability_label":"Sur commande","short_details":"Fernand Auberjonois \u2014 Metropolis","translator":null,"weight":585,"page_count":250,"readership":null,"editor":"Metropolis","price":2475,"published_date":"1997-10-15T22:00:00.000000Z","support":"Grand format","publisher_availability":1,"stock":0,"editions":[],"url":"https:\/\/quaidesbrumes.com\/ouvrage\/9782883400191\/entre-deux-mondes"},{"id":"9782883400214","title":"Dechirements Yougoslaves","description":null,"authors":["Sonia Zoran"],"category_codes":["1000000","1010000"],"visuals":{"large":"https:\/\/quaidesbrumes.com\/img\/book-placeholder.png","medium":"https:\/\/quaidesbrumes.com\/img\/book-placeholder.png","thumbnail":"https:\/\/quaidesbrumes.com\/img\/book-placeholder.png"},"orderable":true,"show_badge":true,"formatted_price":"17,24&nbsp;\u20ac","formatted_published_date":"17 f\u00e9vrier 1999","publisher_availability_label":"Sur commande","short_details":"Sonia Zoran \u2014 Metropolis","translator":null,"weight":222,"page_count":250,"readership":null,"editor":"Metropolis","price":1724,"published_date":"1999-02-16T23:00:00.000000Z","support":"Grand format","publisher_availability":1,"stock":0,"editions":[],"url":"https:\/\/quaidesbrumes.com\/ouvrage\/9782883400214\/dechirements-yougoslaves"},{"id":"9782883400276","title":"Le Voyage A Geneve","description":null,"authors":["Bertrand L\u00e9vy"],"category_codes":["1000000","1010000"],"visuals":{"large":"https:\/\/quaidesbrumes.com\/img\/book-placeholder.png","medium":"https:\/\/quaidesbrumes.com\/img\/book-placeholder.png","thumbnail":"https:\/\/quaidesbrumes.com\/img\/book-placeholder.png"},"orderable":true,"show_badge":true,"formatted_price":"17,95&nbsp;\u20ac","formatted_published_date":"16 octobre 1997","publisher_availability_label":"Sur commande","short_details":"Bertrand L\u00e9vy \u2014 Metropolis","translator":null,"weight":372,"page_count":250,"readership":null,"editor":"Metropolis","price":1795,"published_date":"1997-10-15T22:00:00.000000Z","support":"Grand format","publisher_availability":1,"stock":0,"editions":[],"url":"https:\/\/quaidesbrumes.com\/ouvrage\/9782883400276\/le-voyage-a-geneve"},{"id":"9782883400283","title":"Chameau Volant A La Bosse D'Or","description":null,"authors":["Aharon Megged"],"category_codes":["1000000","1010000"],"visuals":{"large":"https:\/\/quaidesbrumes.com\/img\/book-placeholder.png","medium":"https:\/\/quaidesbrumes.com\/img\/book-placeholder.png","thumbnail":"https:\/\/quaidesbrumes.com\/img\/book-placeholder.png"},"orderable":true,"show_badge":true,"formatted_price":"23,33&nbsp;\u20ac","formatted_published_date":"16 octobre 1997","publisher_availability_label":"Sur commande","short_details":"Aharon Megged \u2014 Metropolis","translator":null,"weight":466,"page_count":250,"readership":null,"editor":"Metropolis","price":2333,"published_date":"1997-10-15T22:00:00.000000Z","support":"Grand format","publisher_availability":1,"stock":0,"editions":[],"url":"https:\/\/quaidesbrumes.com\/ouvrage\/9782883400283\/chameau-volant-a-la-bosse-dor"},{"id":"9782883400290","title":"L Air D'Ailleurs","description":null,"authors":["Fernand Auberjonois"],"category_codes":["1000000","1010000"],"visuals":{"large":"https:\/\/quaidesbrumes.com\/img\/book-placeholder.png","medium":"https:\/\/quaidesbrumes.com\/img\/book-placeholder.png","thumbnail":"https:\/\/quaidesbrumes.com\/img\/book-placeholder.png"},"orderable":true,"show_badge":true,"formatted_price":"21,97&nbsp;\u20ac","formatted_published_date":"16 octobre 1997","publisher_availability_label":"Sur commande","short_details":"Fernand Auberjonois \u2014 Metropolis","translator":null,"weight":316,"page_count":250,"readership":null,"editor":"Metropolis","price":2197,"published_date":"1997-10-15T22:00:00.000000Z","support":"Grand format","publisher_availability":1,"stock":0,"editions":[],"url":"https:\/\/quaidesbrumes.com\/ouvrage\/9782883400290\/l-air-dailleurs"},{"id":"9782883400320","title":"De La Fragilite De La Democratie","description":null,"authors":["Guido Olivieri"],"category_codes":["1000000","1010000"],"visuals":{"large":"https:\/\/quaidesbrumes.com\/img\/book-placeholder.png","medium":"https:\/\/quaidesbrumes.com\/img\/book-placeholder.png","thumbnail":"https:\/\/quaidesbrumes.com\/img\/book-placeholder.png"},"orderable":true,"show_badge":true,"formatted_price":"17,01&nbsp;\u20ac","formatted_published_date":"27 f\u00e9vrier 1998","publisher_availability_label":"Sur commande","short_details":"Guido Olivieri \u2014 Metropolis","translator":null,"weight":350,"page_count":250,"readership":null,"editor":"Metropolis","price":1701,"published_date":"1998-02-26T23:00:00.000000Z","support":"Grand format","publisher_availability":1,"stock":0,"editions":[],"url":"https:\/\/quaidesbrumes.com\/ouvrage\/9782883400320\/de-la-fragilite-de-la-democratie"}]}