{"data":[{"id":"9782917084359","title":"Le livre blanc de Rafael Horzon","description":"Le dandy du XXIe si\u00e8cle : Rafael Horzon Horzon suit les cours de Jacques Derrida. Horzon est poursuivi par la voyante Signora Sarasate. Horzon tourne un film mettant en sc\u00e8ne un chien en costume rose. Horzon  \u00e9crit Le Livre de tous les savoirs. Horzon rencontre Madame Glawny avec qui il a une aventure. Horzon ouvre une galerie japonaise avec un artiste fictif. Horzon cr\u00e9e des \u00e9tag\u00e8res \" Moebel Horzon \" et concurrence Ikea. Horzon invente une acad\u00e9mie pour enseigner ce qu'on n'apprend pas. Horzon fonde la ligne de v\u00eatements \" Gel\u00e9e Royale \". Horzon r\u00e9invente un esperanto et un syst\u00e8me d\u00e9cimal. Horzon lance une agence de divorces et une bo\u00eete de nuit. Horzon cherche toujours une nouvelle id\u00e9e. Horzon a \u00e9crit l'histoire de sa vie et pense que tout y est vrai. \r\n\r\nLe Livre blanc de Rafael Horzon est tout \u00e0 la fois l'autobiographie ubuesque d'un homme qui \u00e9choue dans tout ce qu'il fait, une fable ironique sur une soci\u00e9t\u00e9 o\u00f9 l'argent et la cr\u00e9ation sont devenus des valeurs cardinales et interchargeables, la r\u00e9ponse d'un Oscar Wilde moderne \u00e0 la b\u00eatise de notre monde, les d\u00e9ambulations dans la vie courante d'une esp\u00e8ce de Monsieur Hulot. Play time !\r\n\r\n\r\nL'Auteur  Rafael Horzon, n\u00e9 \u00e0 Hambourg en 1970, a fait des \u00e9tudes de latin, de philosophie et de physique nucl\u00e9aire \u00e0 Paris, Munich et Berlin, avant d'\u00eatre form\u00e9 \u00e0 la livraison des colis par la Deutsche Post. Il se lance \u00e0 partir de 1996 dans la cr\u00e9ation de plusieurs entreprises. Rafael Horzon vit et travaille \u00e0 Berlin.\r\n\r\n\r\nA noter Le texte, publi\u00e9 par les prestigieuses \u00e9ditions Suhrkamp a \u00e9t\u00e9 un des \u00e9v\u00e9nements litt\u00e9raires de l'automne 2010 en Allemagne. La critique se dispute toujours sur le statut de ce livre improbable... d\u00e9couvert pour la France par les traducteurs de Le Nazi et le Barbier ! Engag\u00e9 dans la traduction des oeuvres compl\u00e8tes d'Edgar Hilsenrath (encore 5 livres \u00e0 venir, \u00e0 commencer par le monumental Nuit en janvier 2012), Stickan & Zilberfarb se sont enthousiasm\u00e9s pour le texte d'Horzon. Ils ont r\u00e9ussi \u00e0 le faire lire aux \u00e9ditons Attila et a les convaincre qu'ils se devaient de le traduire...\r","authors":["Rafael Horzon","Jorg Stickan"],"category_codes":["1000000","1010000"],"visuals":{"large":"https:\/\/images.epagine.fr\/359\/9782917084359_1_75.jpg","medium":"https:\/\/images.epagine.fr\/359\/9782917084359_1_m.jpg","thumbnail":"https:\/\/images.epagine.fr\/359\/9782917084359_1_v.jpg"},"orderable":true,"show_badge":true,"formatted_price":"15,20&nbsp;\u20ac","formatted_published_date":"13 septembre 2011","publisher_availability_label":"Sur commande","short_details":"Rafael Horzon, Jorg Stickan \u2014 Le Tripode","translator":"JORG STICKAN","weight":360,"page_count":248,"readership":null,"editor":"Le Tripode","price":1520,"published_date":"2011-09-12T22:00:00.000000Z","support":"Grand format","publisher_availability":1,"stock":0,"editions":[],"url":"https:\/\/quaidesbrumes.com\/ouvrage\/9782917084359\/le-livre-blanc-de-rafael-horzon"},{"id":"9782070139750","title":"Ce jour-l\u00e0","description":"Un homme marche, qui pourrait se r\u00e9citer les vers de Rilke : \u00ab...quelque chose qui est hors de notre vouloir ; nous nous engouffrons en elle comme dans un r\u00eave, nous mourons en elle sans nous r\u00e9veiller\u00bb. Il commence par d\u00e9ambuler dans les couloirs labyrinthiques d'un h\u00f4pital psychiatrique, y faisant d'\u00e9tranges rencontres, r\u00e9elles ou imaginaires, puis il se retrouve expuls\u00e9 dans le monde glacial d'une grande ville en proie \u00e0 la violence politique, criminelle et sociale. Un monde o\u00f9 la chaleur humaine n'est qu'un vain mot et o\u00f9 l'alcool noie les \u00e9gar\u00e9s.","authors":["Emmanuel Moses"],"category_codes":["1000000","1010000"],"visuals":{"large":"https:\/\/images.epagine.fr\/750\/9782070139750_1_75.jpg","medium":"https:\/\/images.epagine.fr\/750\/9782070139750_1_m.jpg","thumbnail":"https:\/\/images.epagine.fr\/750\/9782070139750_1_v.jpg"},"orderable":true,"show_badge":true,"formatted_price":"15,90&nbsp;\u20ac","formatted_published_date":"28 mars 2013","publisher_availability_label":"Sur commande","short_details":"Emmanuel Moses \u2014 Gallimard","translator":null,"weight":209,"page_count":157,"readership":null,"editor":"Gallimard","price":1590,"published_date":"2013-03-27T23:00:00.000000Z","support":"Grand format","publisher_availability":1,"stock":0,"editions":[],"url":"https:\/\/quaidesbrumes.com\/ouvrage\/9782070139750\/ce-jour-la"},{"id":"9782070136070","title":"Le royaume de R\u00fccken","description":"Alors, d\u00e8s qu'il a couch\u00e9 les enfants, Leopold, le musicien qui un moment s'est pris pour Mozart, renonce \u00e0 ses oeuvres, \u00e0 sa carri\u00e8re pour travailler au triomphe de l'enfant et \u00e0 la consolation de l'Humanit\u00e9.\r\nIl fait les comptes, \u00e9tudie les commandes, r\u00e9vise les partitions du fils, pr\u00e9pare les voyages, organise tout jusqu'au moindre d\u00e9tail, parce qu'en plus il est souabe et qu'il n'ignore pas qu'on ne pourra venir \u00e0 bout de ce monde par la musique seule mais qu'il y faut aussi du calcul et de la politique.\r","authors":["Dominique Pagnier"],"category_codes":["1000000","1010000"],"visuals":{"large":"https:\/\/images.epagine.fr\/070\/9782070136070_1_75.jpg","medium":"https:\/\/images.epagine.fr\/070\/9782070136070_1_m.jpg","thumbnail":"https:\/\/images.epagine.fr\/070\/9782070136070_1_v.jpg"},"orderable":true,"show_badge":true,"formatted_price":"17,90&nbsp;\u20ac","formatted_published_date":"13 avril 2012","publisher_availability_label":"Sur commande","short_details":"Dominique Pagnier \u2014 Gallimard","translator":null,"weight":199,"page_count":143,"readership":null,"editor":"Gallimard","price":1790,"published_date":"2012-04-12T22:00:00.000000Z","support":"Grand format","publisher_availability":1,"stock":0,"editions":[],"url":"https:\/\/quaidesbrumes.com\/ouvrage\/9782070136070\/le-royaume-de-rucken"},{"id":"9782352850779","title":"Nom de code Jules Verne","description":"Larguez les amarres...\r\nUn bateau de croisi\u00e8re, La M\u00e9diterran\u00e9e, Le luxe, Des amis, Une femme qui r\u00e9invente le d\u00e9sir qui improvise.. . Mais \u00e0 bord certains d\u00e9tails intriguent d\u00e9j\u00e0 : Un \u00e9trange bracelet... L'impression d'\u00eatre surveill\u00e9... Un amateur d'ail au pliss\u00e9 trouble... Des non-dits... La travers\u00e9e risque d'\u00eatre riche en impr\u00e9vus. Apr\u00e8s Le Syndrome de Verne et Le Serment de Jules, Nom de code Jules Verne compl\u00e8te un triptyque qui m\u00eale voyages, intrigues et liens intimes: une ode \u00e0 l'amiti\u00e9 sur fond de M\u00e9diterran\u00e9e.\r","authors":["Marc Magro"],"category_codes":["1000000","1010000"],"visuals":{"large":"https:\/\/images.epagine.fr\/779\/9782352850779_1_75.jpg","medium":"https:\/\/images.epagine.fr\/779\/9782352850779_1_m.jpg","thumbnail":"https:\/\/images.epagine.fr\/779\/9782352850779_1_v.jpg"},"orderable":true,"show_badge":true,"formatted_price":"17,00&nbsp;\u20ac","formatted_published_date":"1er avril 2011","publisher_availability_label":"Sur commande","short_details":"Marc Magro \u2014 GLYPHE","translator":null,"weight":325,"page_count":null,"readership":null,"editor":"GLYPHE","price":1700,"published_date":"2011-03-31T22:00:00.000000Z","support":"Grand format","publisher_availability":1,"stock":0,"editions":[],"url":"https:\/\/quaidesbrumes.com\/ouvrage\/9782352850779\/nom-de-code-jules-verne"},{"id":"9782013721998","title":"Histoire du v\u00e9ritable Gribouille","description":"Histoire du v\u00e9ritable Gribouille \/ par George Sand ; vignettes par Maurice Sand ; gravures de Delaville\r\nDate de l'\u00e9dition originale : 1880\r\nCollection : Petite biblioth\u00e8que blanche\r\n\r\nLe pr\u00e9sent ouvrage s'inscrit dans une politique de conservation patrimoniale des ouvrages de la litt\u00e9rature Fran\u00e7aise mise en place avec la BNF.\r\nHACHETTE LIVRE et la BNF proposent ainsi un catalogue de titres indisponibles, la BNF ayant num\u00e9ris\u00e9 ces oeuvres et HACHETTE LIVRE les imprimant \u00e0 la demande.\r\nCertains de ces ouvrages refl\u00e8tent des courants de pens\u00e9e caract\u00e9ristiques de leur \u00e9poque, mais qui seraient aujourd'hui jug\u00e9s condamnables.\r\nIls n'en appartiennent pas moins \u00e0 l'histoire des id\u00e9es en France et sont susceptibles de pr\u00e9senter un int\u00e9r\u00eat scientifique ou historique.\r\nLe sens de notre d\u00e9marche \u00e9ditoriale consiste ainsi \u00e0 permettre l'acc\u00e8s \u00e0 ces oeuvres sans pour autant que nous en cautionnions en aucune fa\u00e7on le contenu.\r\n\r\nPour plus d'informations, rendez-vous sur www.hachettebnf.fr","authors":["George Sand"],"category_codes":["1000000","1010000"],"visuals":{"large":"https:\/\/images.epagine.fr\/998\/9782013721998_1_75.jpg","medium":"https:\/\/images.epagine.fr\/998\/9782013721998_1_m.jpg","thumbnail":"https:\/\/images.epagine.fr\/998\/9782013721998_1_v.jpg"},"orderable":true,"show_badge":true,"formatted_price":"17,00&nbsp;\u20ac","formatted_published_date":"1er juillet 2016","publisher_availability_label":"Sur commande","short_details":"George Sand \u2014 Hachette BNF","translator":null,"weight":213,"page_count":142,"readership":null,"editor":"Hachette BNF","price":1700,"published_date":"2016-06-30T22:00:00.000000Z","support":"Grand format","publisher_availability":1,"stock":0,"editions":["9782019691202","9782335019957","9782335022797","9791041833115"],"url":"https:\/\/quaidesbrumes.com\/ouvrage\/9782013721998\/histoire-du-veritable-gribouille"},{"id":"9782915120219","title":"Lucarnes","description":"Ces personnages, ce sont les n\u00f4tres et les autres. On se dit : je peux donc avoir pour grand-m\u00e8re la lumi\u00e8re et pour grand-p\u00e8re le temps ? On lit ces pages ajour\u00e9es, inond\u00e9es de clart\u00e9, on voit \u00e0 travers en lisant, on voit son propre pass\u00e9 - et son avenir. Car ce qui semble \u00e9ternel ici, dans la simplicit\u00e9 d'une vigne, d'une cuisine, d'un escalier, est loin d'\u00eatre immuable.\r\nLe langage de Lucarnes est un langage surpris, et qui nous surprend \u00e0 chaque nouvelle image. Jeanne Bastide sculpte la lumi\u00e8re, les miroitements des textes nous transportent de l'oubli\u00e9 \u00e0 l'\u00e9bloui. \r\n\u00c9va Almassy (extrait de la pr\u00e9face)","authors":["Jeanne Bastide"],"category_codes":["1000000","1010000"],"visuals":{"large":"https:\/\/images.epagine.fr\/219\/9782915120219_1_75.jpg","medium":"https:\/\/images.epagine.fr\/219\/9782915120219_1_m.jpg","thumbnail":"https:\/\/images.epagine.fr\/219\/9782915120219_1_v.jpg"},"orderable":true,"show_badge":true,"formatted_price":"11,40&nbsp;\u20ac","formatted_published_date":"28 mars 2006","publisher_availability_label":"Sur commande","short_details":"Jeanne Bastide \u2014 L'Amourier","translator":null,"weight":105,"page_count":74,"readership":null,"editor":"L'Amourier","price":1140,"published_date":"2006-03-27T22:00:00.000000Z","support":"Grand format","publisher_availability":1,"stock":0,"editions":[],"url":"https:\/\/quaidesbrumes.com\/ouvrage\/9782915120219\/lucarnes"},{"id":"9782366822656","title":"Le prince en habit rouge","description":"Dominique Meyer fait partie de ces auteurs dont l'art est de vous transporter au sens propre comme au figur\u00e9. Dans ce roman pr\u00e9cis\u00e9ment, Le Prince en Habit Rouge, elle vous invite \u00e0 ouvrir avec d\u00e9licatesse une porte d\u00e9rob\u00e9e sur l'adolescence, sur l'adolescente B\u00e9atrice, la jeune h\u00e9ro\u00efne. La porte franchie, la suivre, vous laisser emporter par la passion, l'amour fou et secret de cette jeune fille pour son professeur de fran\u00e7ais. Le talent de Dominique Meyer r\u00e9side en cela qu'il ne peut jamais plus vous l\u00e2cher. Ou mieux, en ce que vous ne l\u00e2chiez plus jamais le fil de ces mots, de ces phrases qui charrient, comme un torrent, le trouble des sentiments, ceux de B\u00e9atrice et de tous les personnages...\r\n\r\nDominique Meyer parle de mots qui crissent parfois comme des pas dans la neige. Cela r\u00e9sume fort bien l'aisance des siens \u00e0 retracer la complexit\u00e9 des sentiments. Le lecteur doit \u00eatre pr\u00e9venu qu'il ne quittera pas ce livre sans s'\u00eatre senti \u00e0 la fois, romantique, exalt\u00e9, id\u00e9aliste... puis tout \u00e0 coup rebelle, d\u00e9vast\u00e9, pas question d'aimer, il en voudra, lui aussi \u00e0 la pudeur maudite qui fait taire les mots. Mais vite, il se raccrochera \u00e0 la solidit\u00e9, \u00e0 l'aplomb m\u00eame parfois, \u00e0 l'\u00e9quilibre de ceux de l'auteure qu'elle a acquis, comme son h\u00e9ro\u00efne, gr\u00e2ce \u00e0 la d\u00e9couverte de son Amour pour les chevaux.\r\n\r\nAu risque de heurter ici la modestie de Dominique Meyer, nous affirmons que son ouvrage est incroyablement romanesque et romantique, car empreint de cette \u00e9l\u00e9gante cruaut\u00e9 propre aux plus grands, aux plus illustres du nom, avec en plus, une allure, une allure de pur-sang !\r","authors":["Dominique Meyer"],"category_codes":["1000000","1010000"],"visuals":{"large":"https:\/\/images.epagine.fr\/656\/9782366822656_1_75.jpg","medium":"https:\/\/images.epagine.fr\/656\/9782366822656_1_m.jpg","thumbnail":"https:\/\/images.epagine.fr\/656\/9782366822656_1_v.jpg"},"orderable":true,"show_badge":true,"formatted_price":"26,90&nbsp;\u20ac","formatted_published_date":"30 septembre 2021","publisher_availability_label":"Sur commande","short_details":"Dominique Meyer \u2014 Gunten","translator":null,"weight":650,"page_count":496,"readership":null,"editor":"Gunten","price":2690,"published_date":"2021-09-29T22:00:00.000000Z","support":"Grand format","publisher_availability":1,"stock":0,"editions":[],"url":"https:\/\/quaidesbrumes.com\/ouvrage\/9782366822656\/le-prince-en-habit-rouge"},{"id":"9782915120202","title":"Parfums d'apocalypse","description":"On raconte que pour voir la r\u00e9gion, il suffisait de monter sur une valise. Jet\u00e9e au d\u00e9but du livre, cette phrase, belle et \u00e9nigmatique, ouvre sur le d\u00e9sastre d'une ville, d'un port aux eaux froides et noires, celles de la mort et de la d\u00e9b\u00e2cle.\r\nDans une prose \u00e2pre, rude et meurtrie, mais non d\u00e9nu\u00e9e d'humour, le po\u00e8te Werner Lambersy, m\u00ealant ici le conte, la chronique et la nouvelle, traque les d\u00e9rives, pointe les failles et d\u00e9nonce les pesanteurs religieuses et sociales. Il prend le temps de nous dire aussi que les ginkgos, la pluie, la lumi\u00e8re du matin, les menhirs et les vieux chevaux sont encore l\u00e0 pour remuer les eaux secr\u00e8tes du sublime.\r\nAbdelkader Djema\u00ef (extrait de la pr\u00e9face)\r","authors":["Werner Lambersy"],"category_codes":["1000000","1010000"],"visuals":{"large":"https:\/\/images.epagine.fr\/202\/9782915120202_1_75.jpg","medium":"https:\/\/images.epagine.fr\/202\/9782915120202_1_m.jpg","thumbnail":"https:\/\/images.epagine.fr\/202\/9782915120202_1_v.jpg"},"orderable":true,"show_badge":true,"formatted_price":"12,50&nbsp;\u20ac","formatted_published_date":"28 mars 2006","publisher_availability_label":"Sur commande","short_details":"Werner Lambersy \u2014 L'Amourier","translator":null,"weight":132,"page_count":95,"readership":null,"editor":"L'Amourier","price":1250,"published_date":"2006-03-27T22:00:00.000000Z","support":"Grand format","publisher_availability":1,"stock":0,"editions":[],"url":"https:\/\/quaidesbrumes.com\/ouvrage\/9782915120202\/parfums-dapocalypse"},{"id":"9782715226432","title":"Racaille","description":"Ce qui me fait peur ici, c'est qu'on me prenne pour un sauvage, comme on le montre sur TF1 et dans Le Figaro o\u00f9 ils n'ont aucune sensibilit\u00e9.\r\nQu'un Fran\u00e7ais me regarde sans sourire et pense de moi un paquet de trucs, par exemple que je suis un bourricot et un assassin. Simplement du seul fait que je sois maghr\u00e9bin, comme ils disent ici. Alors que je connais la vie sur le bout des ongles. Comme chez nous, les encouragements \u00e0 la violence existent. Figure-toi que les beurs continuent \u00e0 se faire traiter de clowns et de racailles copieusement, par d'autres immigr\u00e9s qui ont r\u00e9ussi ici.\r\nIl n'y a pas un seul journal o\u00f9 on ne parle pas de la racaille. Originaire de Skikda, en Alg\u00e9rie, Mohamed est un adolescent de seize ans rebelle et d\u00e9soeuvr\u00e9. Il passe clandestinement en France, pensant que le pays des droits de l'homme lui offrira les moyens d'am\u00e9liorer sa condition et la situation de son pays. Mais l\u00e0 comme ailleurs, il est montr\u00e9 du doigt, stigmatis\u00e9, vilipend\u00e9. Dans un implacable r\u00e9quisitoire contre les religions et les in\u00e9galit\u00e9s sociales, Mohamed met \u00e0 mal toutes les croyances et s'affranchit de toutes les r\u00e8gles.\r\nViolent, dr\u00f4le et cru, Racaille est un roman travers\u00e9 par la rage de vivre. \r","authors":["Karim Sarroub"],"category_codes":["1000000","1010000"],"visuals":{"large":"https:\/\/images.epagine.fr\/432\/9782715226432_1_75.jpg","medium":"https:\/\/images.epagine.fr\/432\/9782715226432_1_m.jpg","thumbnail":"https:\/\/images.epagine.fr\/432\/9782715226432_1_v.jpg"},"orderable":true,"show_badge":true,"formatted_price":"14,20&nbsp;\u20ac","formatted_published_date":"4 janvier 2007","publisher_availability_label":"Sur commande","short_details":"Karim Sarroub \u2014 Mercure de France","translator":null,"weight":198,"page_count":154,"readership":null,"editor":"Mercure de France","price":1420,"published_date":"2007-01-03T23:00:00.000000Z","support":"Grand format","publisher_availability":1,"stock":0,"editions":[],"url":"https:\/\/quaidesbrumes.com\/ouvrage\/9782715226432\/racaille"},{"id":"9782368031308","title":"Les Ombres de Craonne","description":null,"authors":["David Ramolet"],"category_codes":["1000000","1010000"],"visuals":{"large":"https:\/\/images.epagine.fr\/308\/9782368031308_1_75.jpg","medium":"https:\/\/images.epagine.fr\/308\/9782368031308_1_m.jpg","thumbnail":"https:\/\/images.epagine.fr\/308\/9782368031308_1_v.jpg"},"orderable":true,"show_badge":true,"formatted_price":"19,00&nbsp;\u20ac","formatted_published_date":"7 avril 2016","publisher_availability_label":"Sur commande","short_details":"David Ramolet \u2014 Ella Editions","translator":null,"weight":480,"page_count":300,"readership":null,"editor":"Ella Editions","price":1900,"published_date":"2016-04-06T22:00:00.000000Z","support":"Grand format","publisher_availability":1,"stock":0,"editions":[],"url":"https:\/\/quaidesbrumes.com\/ouvrage\/9782368031308\/les-ombres-de-craonne"},{"id":"9791092247077","title":"Julien, la m\u00e8re et l'amante","description":null,"authors":["Catherine Durandin"],"category_codes":["1000000","1010000"],"visuals":{"large":"https:\/\/images.epagine.fr\/077\/9791092247077_1_75.jpg","medium":"https:\/\/images.epagine.fr\/077\/9791092247077_1_m.jpg","thumbnail":"https:\/\/images.epagine.fr\/077\/9791092247077_1_v.jpg"},"orderable":true,"show_badge":true,"formatted_price":"12,00&nbsp;\u20ac","formatted_published_date":"10 septembre 2013","publisher_availability_label":"Sur commande","short_details":"Catherine Durandin \u2014 Dacres","translator":null,"weight":300,"page_count":null,"readership":null,"editor":"Dacres","price":1200,"published_date":"2013-09-09T22:00:00.000000Z","support":"Grand format","publisher_availability":1,"stock":0,"editions":[],"url":"https:\/\/quaidesbrumes.com\/ouvrage\/9791092247077\/julien-la-mere-et-lamante"},{"id":"9782896946839","title":"Soudain le minotaure","description":"Au tournant du mill\u00e9naire, Ariane parcourt l'Allemagne, d\u00e9couvrant les traces de la barbarie des guerres. Elle cherche aussi \u00e0 surmonter les s\u00e9quelles d'une autre incarnation de la violence, une agression brutale \u00e0 laquelle elle a surv\u00e9cu de justesse. Au m\u00eame moment, dans un p\u00e9nitencier de l'Ontario, son assaillant mac\u00e8re dans la haine et la rage qui ont fait de lui un pr\u00e9dateur, naviguant entre pulsions et punition, entre ses fantasmes et ses mauvais souvenirs.. Au son de Portishead et de PJHarvey, dans les rues d'un Montr\u00e9al cru et vivant, ce roman-culte donne la parole aux deux acteurs d'une rencontre fracassante. Loin de toute ambition moralisatrice, Soudain le Minotaure se lit comme une exploration frontale de la violence faite aux femmes. Une lecture qui se r\u00e9v\u00e8le, vingt ans plus tard, plus pertinente que jamais, plus d\u00e9routante qu'une avanc\u00e9e dans le labyrinthe d'un monstre. \u00c9dition vingti\u00e8me anniversaire revue et suivie d'une postface de l'autrice.","authors":["Marie-H\u00e9l\u00e8ne Poitras"],"category_codes":["1000000","1010000"],"visuals":{"large":"https:\/\/images.epagine.fr\/839\/9782896946839_1_75.jpg","medium":"https:\/\/images.epagine.fr\/839\/9782896946839_1_m.jpg","thumbnail":"https:\/\/images.epagine.fr\/839\/9782896946839_1_v.jpg"},"orderable":true,"show_badge":true,"formatted_price":"18,00&nbsp;\u20ac","formatted_published_date":"15 janvier 2025","publisher_availability_label":"Sur commande","short_details":"Marie-H\u00e9l\u00e8ne Poitras \u2014 Alto Voce","translator":null,"weight":400,"page_count":192,"readership":null,"editor":"Alto Voce","price":1800,"published_date":"2025-01-14T23:00:00.000000Z","support":"Grand format","publisher_availability":1,"stock":0,"editions":[],"url":"https:\/\/quaidesbrumes.com\/ouvrage\/9782896946839\/soudain-le-minotaure"},{"id":"9782382920541","title":"Traverser la foule","description":"Un jour comme un autre de d\u00e9cembre, Doroth\u00e9e se confronte \u00e0 l'indicible : le suicide de son mari, qui la laisse seule avec deux petites filles face \u00e0 un gouffre d'incompr\u00e9hension.\r\nTout ce qui entoure la mort est p\u00e9nible, long, compliqu\u00e9. Il faut attendre, r\u00e9pondre \u00e0 des questions. Mais le deuil donne aussi le droit de s'affranchir des conventions. Doroth\u00e9e veut qu'il \u00e9clate \u00e0 la face du monde, elle veut rester qui elle est, une femme qui jouit. Pas seulement une veuve et une m\u00e8re, mais une femme libre avec son imaginaire et son grain de folie. Alors, pass\u00e9s le choc, la col\u00e8re et la doueur, elle prend ses \u00e9motions et ses enfants sous le bras, qui l'\u00e9puisent et la comblent. Les fant\u00f4mes, elle les br\u00fble.\r\n\r\nEcrit dans l'urgence de la peine avec la gr\u00e2ce des \u00e2mes sensibles, Traverser la foule balance entre le r\u00e9alisme, le rock et la po\u00e9sie. Aussi dr\u00f4le qu'\u00e9mouvant, il s'en d\u00e9gage une force inou\u00efe, qu'on peut aussi bien nommer la joie ou la vie.\r","authors":["Dorothee Caratini"],"category_codes":["1000000","1010000"],"visuals":{"large":"https:\/\/images.epagine.fr\/541\/9782382920541_1_75.jpg","medium":"https:\/\/images.epagine.fr\/541\/9782382920541_1_m.jpg","thumbnail":"https:\/\/images.epagine.fr\/541\/9782382920541_1_v.jpg"},"orderable":true,"show_badge":true,"formatted_price":"16,00&nbsp;\u20ac","formatted_published_date":"19 ao\u00fbt 2021","publisher_availability_label":"Sur commande","short_details":"Dorothee Caratini \u2014 Bouquins","translator":null,"weight":256,"page_count":206,"readership":null,"editor":"Bouquins","price":1600,"published_date":"2021-08-18T22:00:00.000000Z","support":"Grand format","publisher_availability":1,"stock":0,"editions":[],"url":"https:\/\/quaidesbrumes.com\/ouvrage\/9782382920541\/traverser-la-foule"},{"id":"9782952949972","title":"Homo Pierrot Tome 2 ; sous les toits de Paris","description":"Les voici qui maintenant s'en sont all\u00e9s \u00e0 Paris, pour continuer \u00e0 vivre leur aventure amoureuse, l'aventure d'une vie ensemble. Homo Pierrot II se passe donc \u00ab sous les toits de Paris \u00bb, comme l'indique le sous-titre. La vieille morale craque de partout, dans le vent qui souffle apr\u00e8s 68. Tous deux se laissent griser par leur vie nouvelle, mais Paris ne manque pas non plus de tentations, d'abord celle, facile, d'autres corps et l'argent, lui, y est difficile \u00e0 gagner. Entre les amants les plus fous ou les plus r\u00e9solus, des lames peuvent imperceptiblement se glisser.\r\n\r\nEt puis, il y a un mal, souvent oubli\u00e9 dans le monde moderne, qu'on appelle le mal du pays, et qui rend son d\u00e9racinement insupportable \u00e0 l'un des deux amis. Comment \u00eatre heureux dans ces conditions ? Que va-t-il arriver \u00e0 Erwan et Pierrot sous les toits de Paris ? Le meilleur et le pire, comme il arrive aux couples que la perfection m\u00eame de leurs d\u00e9buts a rendus plus vuln\u00e9rables, quand un jour la vaillance et la gr\u00e2ce de s'aimer viennent se heurter \u00e0 une fatalit\u00e9 du dedans, la nostalgie.\r","authors":["Pierre Lacroix"],"category_codes":["1000000","1010000"],"visuals":{"large":"https:\/\/images.epagine.fr\/972\/9782952949972_1_75.jpg","medium":"https:\/\/images.epagine.fr\/972\/9782952949972_1_m.jpg","thumbnail":"https:\/\/images.epagine.fr\/972\/9782952949972_1_v.jpg"},"orderable":true,"show_badge":true,"formatted_price":"19,00&nbsp;\u20ac","formatted_published_date":"1er mai 2009","publisher_availability_label":"Sur commande","short_details":"Pierre Lacroix \u2014 Erosonyx","translator":null,"weight":160,"page_count":null,"readership":null,"editor":"Erosonyx","price":1900,"published_date":"2009-04-30T22:00:00.000000Z","support":"Grand format","publisher_availability":1,"stock":0,"editions":[],"url":"https:\/\/quaidesbrumes.com\/ouvrage\/9782952949972\/homo-pierrot-tome-2-sous-les-toits-de-paris"},{"id":"9782246736714","title":"Les disparues de Vancouver","description":"\u00ab Pourquoi sortir l'affaire des disparues de Vancouver au moment des Jeux Olympiques ? parce qu'elle en est le n\u00e9gatif absolu ... D'un c\u00f4t\u00e9, les cimes, la blancheur, la glace, l'exploit, la vitesse, les corps vainqueurs, sublim\u00e9s, venus du monde entier, ce que Vancouver veut montrer au monde, une image r\u00eav\u00e9e...De l'autre, la noirceur, un gouffre au coeur de la ville - le downtown eastside - les corps vaincus, prostitu\u00e9s, d\u00e9truits, drogu\u00e9s, les Indiennes - ce sont en effet les trois-quarts des filles de Skid Row - l'\u00e9chec, la mort, tout ce que l'on voudrait cacher. Le monde entier va parler de Vancouver, en f\u00e9vrier 2010 : Les Disparues de Vancouver, c'est une autre fa\u00e7on de parler de cette ville, \u00e0 travers ce fait-divers terrifiant, qui est avant tout un fait de soci\u00e9t\u00e9, gla\u00e7ant, r\u00e9v\u00e9lateur du sort que l'Am\u00e9rique du Nord r\u00e9serve \u00e0 ses Indiens... On peut parler d'un g\u00e9nocide, Les Disparues de Vancouver sont une m\u00e9taphore de ce massacre, sur lequel l'Am\u00e9rique s'est b\u00e2tie, du nord au sud. Affaire qui continue d'ailleurs, puisque d'autres filles ont disparu du downtown eastside, neuf \u00e0 ce jour, depuis l'arrestation de Pickton le boucher \u00bb. E.F.","authors":["Elise Fontenaille"],"category_codes":["1000000","1010000"],"visuals":{"large":"https:\/\/images.epagine.fr\/714\/9782246736714_1_75.jpg","medium":"https:\/\/images.epagine.fr\/714\/9782246736714_1_m.jpg","thumbnail":"https:\/\/images.epagine.fr\/714\/9782246736714_1_v.jpg"},"orderable":true,"show_badge":true,"formatted_price":"18,00&nbsp;\u20ac","formatted_published_date":"3 f\u00e9vrier 2010","publisher_availability_label":"Sur commande","short_details":"Elise Fontenaille \u2014 \u00c9ditions Grasset","translator":null,"weight":166,"page_count":195,"readership":null,"editor":"\u00c9ditions Grasset","price":1800,"published_date":"2010-02-02T23:00:00.000000Z","support":"Grand format","publisher_availability":1,"stock":0,"editions":[],"url":"https:\/\/quaidesbrumes.com\/ouvrage\/9782246736714\/les-disparues-de-vancouver"},{"id":"9782367600734","title":"L'enfant voyageur","description":"\u00ab Le voyageur est un enfant \u00e0 la taille des chemins qu'il a, bon gr\u00e9 mal gr\u00e9, emprunt\u00e9s ! Il est cet \u00eatre qui se met au service de l'enfant et s'efforce vainement de lui \u00e9pargner les douleurs du d\u00e9paysement : un pied l\u00e0 o\u00f9 r\u00e9sident les pr\u00e9mices de son \u00e2me, le ciel bleu de sa pens\u00e9e, les nuages blancs et floconneux de son imagination, la ros\u00e9e de ses r\u00eaves, l'eau limpide de son regard... et un pied dans les contr\u00e9es o\u00f9 les orages d'un destin, ni voyant ni aveugle, l'ont entra\u00een\u00e9. Entre les deux pieds s'\u00e9tale et se creuse l'ab\u00eeme d'une impossible union de ses amours, dispers\u00e9es aux quatre vents de l'exil. \u00bb\r","authors":["Khaled Roumo"],"category_codes":["1000000","1010000"],"visuals":{"large":"https:\/\/images.epagine.fr\/734\/9782367600734_1_75.jpg","medium":"https:\/\/images.epagine.fr\/734\/9782367600734_1_m.jpg","thumbnail":"https:\/\/images.epagine.fr\/734\/9782367600734_1_v.jpg"},"orderable":true,"show_badge":true,"formatted_price":"19,00&nbsp;\u20ac","formatted_published_date":"15 juin 2017","publisher_availability_label":"Sur commande","short_details":"Khaled Roumo \u2014 ERICK BONNIER","translator":null,"weight":280,"page_count":230,"readership":null,"editor":"ERICK BONNIER","price":1900,"published_date":"2017-06-14T22:00:00.000000Z","support":"Grand format","publisher_availability":1,"stock":0,"editions":[],"url":"https:\/\/quaidesbrumes.com\/ouvrage\/9782367600734\/lenfant-voyageur"},{"id":"9782234062290","title":"Cubes","description":"\u00ab J'ai pass\u00e9 mon enfance \u00e0 entendre des histoires le concernant. Tout le monde ici en avait une \u00e0 raconter sur ce voisin pas comme les autres qui effectuait des tours du monde \u00e0 bord d'improbables machines dont il avait lui-m\u00eame con\u00e7u les plans, qui s\u00e9journait en orbite autour de la Terre, concourait au record du monde de plong\u00e9e en apn\u00e9e ou de vitesse en voiture... Le Duke a \u00e9t\u00e9 le h\u00e9ros de mon enfance. Avec Alexis, nous en faisions l'un des personnages favoris de nos aventures. Combien de vies lui avons-nous fait vivre ! \u00c0 combien d'\u00e9pop\u00e9es l'avons-nous fait participer ! Il devenait un roi, un pr\u00e9sident ou un g\u00e9n\u00e9ral, et nous, fid\u00e8les chevaliers \u00e0 son service, espions en mission top secr\u00e8te, nous tentions de d\u00e9jouer les complots qui le visaient. S'il savait combien de fois nous lui avons sauv\u00e9 la vie ! \u00bbEt une nouvelle histoire va se construire autour du Duke, quand le narrateur et Alexis aper\u00e7oivent un jour de myst\u00e9rieux cubes en verre dans le jardin de ce voisin milliardaire, une histoire non plus seulement fantasm\u00e9e mais r\u00e9elle, et inexplicable pour les deux enfants.\r\nAlors qu'Alexis doit d\u00e9m\u00e9nager peu apr\u00e8s, le narrateur porte seul ce souvenir qui l'obs\u00e8de. Adolescent solitaire puis adulte centr\u00e9 uniquement sur son travail, il retrouve Alexis et sa vie s'\u00e9panouit autour de son ami d'enfance, puis d'Erena, sa femme, et finalement du Duke dont il va devenir un des plus proches collaborateurs alors que ses interrogations sont toujours rest\u00e9es aussi pr\u00e9sentes, entretenues par les multiples figures de cubes qu'il croise au cours de sa vie.\r\nMais n'ont-ils pas \u00e9t\u00e9 l\u00e0 plus particuli\u00e8rement aux moments les plus importants de son existence?\r\nEt sa destin\u00e9e n'est-elle pas \u00e0 reconsid\u00e9rer du point de vue de ces orientations sous-jacentes, et qui l'auraient guid\u00e9 jusqu'ici ?","authors":["Suty-Y"],"category_codes":["1000000","1010000"],"visuals":{"large":"https:\/\/images.epagine.fr\/290\/9782234062290_1_75.jpg","medium":"https:\/\/images.epagine.fr\/290\/9782234062290_1_m.jpg","thumbnail":"https:\/\/images.epagine.fr\/290\/9782234062290_1_v.jpg"},"orderable":true,"show_badge":true,"formatted_price":"22,00&nbsp;\u20ac","formatted_published_date":"19 ao\u00fbt 2009","publisher_availability_label":"Sur commande","short_details":"Suty-Y \u2014 Stock","translator":null,"weight":334,"page_count":289,"readership":null,"editor":"Stock","price":2200,"published_date":"2009-08-18T22:00:00.000000Z","support":"Grand format","publisher_availability":1,"stock":0,"editions":[],"url":"https:\/\/quaidesbrumes.com\/ouvrage\/9782234062290\/cubes"},{"id":"9782070252169","title":"La p\u00eache miraculeuse","description":"Ce grand roman romanesque, qui a enchant\u00e9 plus d'une g\u00e9n\u00e9ration, se situe au bord du lac L\u00e9man, dans la soci\u00e9t\u00e9 genevoise au d\u00e9but du si\u00e8cle. On croit y entendre encore un \u00e9cho romantique de La Nouvelle H\u00e9lo\u00efse. Tout cela est effac\u00e9 par la Grande Guerre et la naissance d'un monde nouveau. Au centre de cette peinture, deux femmes se disputent l'amour d'un jeune musicien tourment\u00e9, en qui se heurtent plusieurs races et qui cherchera longtemps avant de trouver le port...","authors":["Guy de Pourtal\u00e8s"],"category_codes":["1000000","1010000"],"visuals":{"large":"https:\/\/images.epagine.fr\/169\/9782070252169_1_75.jpg","medium":"https:\/\/images.epagine.fr\/169\/9782070252169_1_m.jpg","thumbnail":"https:\/\/images.epagine.fr\/169\/9782070252169_1_v.jpg"},"orderable":true,"show_badge":true,"formatted_price":"10,95&nbsp;\u20ac","formatted_published_date":"28 avril 1937","publisher_availability_label":"Sur commande","short_details":"Guy de Pourtal\u00e8s \u2014 Gallimard","translator":null,"weight":570,"page_count":560,"readership":null,"editor":"Gallimard","price":1095,"published_date":"1937-04-27T23:00:00.000000Z","support":"Grand format","publisher_availability":1,"stock":0,"editions":["9782884748773"],"url":"https:\/\/quaidesbrumes.com\/ouvrage\/9782070252169\/la-peche-miraculeuse"},{"id":"9782352883418","title":"Les femmes qui ont fait la France","description":"On \u00e9voque quasi exclusivement, les \" grands hommes \" qui ont fait l'Histoire , oubliant trop souvent le r\u00f4le que les femmes ont jou\u00e9 dans la construction de la France moderne et \u00e9galitaire d'aujourd'hui.\r\nC'est souvent dans l'ombre qu'elles ont men\u00e9 des actions ayant profond\u00e9ment boulevers\u00e9 notre soci\u00e9t\u00e9. Des femmes aux vies hors du commun, refusant de rester \u00e0 la place o\u00f9 la tradition les cantonnait, r\u00e9ussissant \u00e0 s'imposer dans des \u00e9poques pourtant tr\u00e8s misogynes. Ces femmes de conviction ont eu des destins d'exception. Dans ce document tr\u00e8s vivant, l'auteur brosse le portrait de vingt-cinq personnages majeurs, de la reine Clotilde \u00e0 Simone de Beauvoir, en passant par Diane de Poitiers, Marie-Antoinette, Olympe de Gouges, George Sand, Marie Curie ou Jos\u00e9phine Baker...\r\nPour reconna\u00eetre \u00e0 ces femmes la place passionnante qui est la leur dans l'Histoire de France !\r","authors":["Henry-N"],"category_codes":["1000000","1010000"],"visuals":{"large":"https:\/\/images.epagine.fr\/418\/9782352883418_1_75.jpg","medium":"https:\/\/images.epagine.fr\/418\/9782352883418_1_m.jpg","thumbnail":"https:\/\/images.epagine.fr\/418\/9782352883418_1_v.jpg"},"orderable":true,"show_badge":true,"formatted_price":"23,70&nbsp;\u20ac","formatted_published_date":"28 octobre 2009","publisher_availability_label":"Sur commande","short_details":"Henry-N \u2014 City \u00c9ditions","translator":null,"weight":380,"page_count":265,"readership":"Tout public","editor":"City \u00c9ditions","price":2370,"published_date":"2009-10-27T23:00:00.000000Z","support":"Grand format","publisher_availability":1,"stock":0,"editions":[],"url":"https:\/\/quaidesbrumes.com\/ouvrage\/9782352883418\/les-femmes-qui-ont-fait-la-france"},{"id":"9782350871646","title":"Notre oncle","description":"En adoptant Lina, la fille de deux dissidents qu'il vient d'assassiner, le major Anthony imagine r\u00e9gler ses probl\u00e8mes - sa st\u00e9rilit\u00e9, le d\u00e9sir de maternit\u00e9 de sa femme Paloma. H\u00e9las, elle refuse d'\u00e9lever un enfant qui n'est pas le sien. Et, lorsque le major doit compara\u00eetre devant un tribunal pour rendre compte de ses d\u00e9boires militaires, sa vie devient un cauchemar.\r\nLivr\u00e9e \u00e0 elle-m\u00eame, la jeune Lina d\u00e9cide de partir \u00e0 la recherche de ses vrais parents, avant de tomber de nouveau dans les mains de myst\u00e9rieux ravisseurs.\r\nSaga absurde et d\u00e9sesp\u00e9rante, Notre oncle est avant tout une all\u00e9gorie de la guerre et de la violence, dans un monde o\u00f9 la morale a un prix.\r\n\u00ab Je me suis engag\u00e9 dans l'arm\u00e9e parce que je ne trouvais pas de travail. Je n'avais pas le choix. L'arm\u00e9e, je m'en fichais. J'avais faim, major. Je regardais les gens manger derri\u00e8re les vitres des caf\u00e9s et des restaurants. Voil\u00e0 comment je devais apaiser ma faim : en les regardant. Je me suis engag\u00e9 dans l'arm\u00e9e parce que j'avais faim.\r\nMaintenant, c'est vous qui avez faim. Ainsi vont les choses. \u00bb\r","authors":["Arnon Grunberg"],"category_codes":["1000000","1010000"],"visuals":{"large":"https:\/\/images.epagine.fr\/646\/9782350871646_1_75.jpg","medium":"https:\/\/images.epagine.fr\/646\/9782350871646_1_m.jpg","thumbnail":"https:\/\/images.epagine.fr\/646\/9782350871646_1_v.jpg"},"orderable":true,"show_badge":true,"formatted_price":"23,00&nbsp;\u20ac","formatted_published_date":"13 octobre 2011","publisher_availability_label":"Sur commande","short_details":"Arnon Grunberg \u2014 \u00c9ditions H\u00e9lo\u00efse d'Ormesson","translator":null,"weight":643,"page_count":null,"readership":null,"editor":"\u00c9ditions H\u00e9lo\u00efse d'Ormesson","price":2300,"published_date":"2011-10-12T22:00:00.000000Z","support":"Grand format","publisher_availability":1,"stock":0,"editions":[],"url":"https:\/\/quaidesbrumes.com\/ouvrage\/9782350871646\/notre-oncle"},{"id":"9782491131043","title":"EPIPHANIES","description":null,"authors":["Foucault Barret"],"category_codes":["1000000","1010000","1010100"],"visuals":{"large":"https:\/\/images.epagine.fr\/043\/9782491131043_1_75.jpg","medium":"https:\/\/images.epagine.fr\/043\/9782491131043_1_m.jpg","thumbnail":"https:\/\/images.epagine.fr\/043\/9782491131043_1_v.jpg"},"orderable":true,"show_badge":true,"formatted_price":"20,00&nbsp;\u20ac","formatted_published_date":"27 d\u00e9cembre 2022","publisher_availability_label":"Sur commande","short_details":"Foucault Barret \u2014 L'Andriague","translator":null,"weight":312,"page_count":215,"readership":null,"editor":"L'Andriague","price":2000,"published_date":"2022-12-26T23:00:00.000000Z","support":"Grand format","publisher_availability":1,"stock":0,"editions":[],"url":"https:\/\/quaidesbrumes.com\/ouvrage\/9782491131043\/epiphanies"},{"id":"9782013392280","title":"Le sermon sur la montagne : evangile selon saint matthieu, chapitres v, vi et vii (ed.1861)","description":"Le Sermon sur la montagne : \u00e9vangile selon Saint Matthieu, chapitres V, VI et VII \/ traduction en vers fran\u00e7ais par Adrien Brun Date de l'\u00e9dition originale : 1861 [Bible. N.T.. \u00c9vangiles. Matthieu. Extrait. 1861fran\u00e7ais)] Ce livre est la reproduction fid\u00e8le d'une oeuvre publi\u00e9e avant 1920 et fait partie d'une collection de livres r\u00e9imprim\u00e9s \u00e0 la demande \u00e9dit\u00e9e par Hachette Livre, dans le cadre d'un partenariat avec la Biblioth\u00e8que nationale de France, offrant l'opportunit\u00e9 d'acc\u00e9der \u00e0 des ouvrages anciens et souvent rares issus des fonds patrimoniaux de la BnF.\r\nLes oeuvres faisant partie de cette collection ont \u00e9t\u00e9 num\u00e9ris\u00e9es par la BnF et sont pr\u00e9sentes sur Gallica, sa biblioth\u00e8que num\u00e9rique.\r\n\r\nEn entreprenant de redonner vie \u00e0 ces ouvrages au travers d'une collection de livres r\u00e9imprim\u00e9s \u00e0 la demande, nous leur donnons la possibilit\u00e9 de rencontrer un public \u00e9largi et participons \u00e0 la transmission de connaissances et de savoirs parfois difficilement accessibles.\r\nNous avons cherch\u00e9 \u00e0 concilier la reproduction fid\u00e8le d'un livre ancien \u00e0 partir de sa version num\u00e9ris\u00e9e avec le souci d'un confort de lecture optimal. Nous esp\u00e9rons que les ouvrages de cette nouvelle collection vous apporteront enti\u00e8re satisfaction.\r\n\r\nPour plus d'informations, rendez-vous sur www.hachettebnf.fr\r","authors":[],"category_codes":["1000000","1010000"],"visuals":{"large":"https:\/\/images.epagine.fr\/280\/9782013392280_1_75.jpg","medium":"https:\/\/images.epagine.fr\/280\/9782013392280_1_m.jpg","thumbnail":"https:\/\/images.epagine.fr\/280\/9782013392280_1_v.jpg"},"orderable":true,"show_badge":true,"formatted_price":"9,50&nbsp;\u20ac","formatted_published_date":"1er ao\u00fbt 2014","publisher_availability_label":"Sur commande","short_details":"Hachette BNF","translator":null,"weight":62,"page_count":null,"readership":null,"editor":"Hachette BNF","price":950,"published_date":"2014-07-31T22:00:00.000000Z","support":"Grand format","publisher_availability":1,"stock":0,"editions":[],"url":"https:\/\/quaidesbrumes.com\/ouvrage\/9782013392280\/le-sermon-sur-la-montagne-evangile-selon-saint-matthieu-chapitres-v-vi-et-vii-ed1861"},{"id":"9782912883872","title":"\u00e0-pic","description":"Dans ce recueil de six nouvelles, Nine La\u00fcgt raconte le parcours de six personnages tous confront\u00e9s \u00e0 des choix importants : s'engager ou renoncer, donner ou recevoir, s'isoler ou partager... vivre ou survivre.\r\n\r\nDu rire au cri, juste l'ombre d'un fil tendu au bord du pr\u00e9cipice......\r\n\r\n\u00c0-pic... Vertige !\r","authors":["Nine La\u00fcgt"],"category_codes":["1000000","1010000"],"visuals":{"large":"https:\/\/images.epagine.fr\/872\/9782912883872_1_75.jpg","medium":"https:\/\/images.epagine.fr\/872\/9782912883872_1_m.jpg","thumbnail":"https:\/\/images.epagine.fr\/872\/9782912883872_1_v.jpg"},"orderable":true,"show_badge":true,"formatted_price":"12,50&nbsp;\u20ac","formatted_published_date":"8 juin 2009","publisher_availability_label":"Sur commande","short_details":"Nine La\u00fcgt \u2014 Les Trois Orangers","translator":null,"weight":245,"page_count":128,"readership":null,"editor":"Les Trois Orangers","price":1250,"published_date":"2009-06-07T22:00:00.000000Z","support":"Grand format","publisher_availability":1,"stock":0,"editions":[],"url":"https:\/\/quaidesbrumes.com\/ouvrage\/9782912883872\/a-pic"},{"id":"9782915120851","title":"La fen\u00eatre du vent","description":"R\u00e9cit dont le narrateur est un jeune conscrit, perdu en pleine guerre de conqu\u00eate de l'Alg\u00e9rie, dans les ann\u00e9es 1840. Jeanne Bastide, avec beaucoup de sensibilit\u00e9 et de justesse p\u00e9n\u00e8tre son univers mental et donne voix \u00e0 son d\u00e9sarroi, sa peur et la nostalgie de son terroir.\r\nJoseph s'adapte comme il peut \u00e0 la vie du casernement mais il lui faut bient\u00f4t tenir son r\u00f4le dans cette trag\u00e9die : d\u00e9truire les r\u00e9coltes, piller et br\u00fbler les villages, massacrer les populations. Alors il tue. Trop, pour lui. Il s'exprime peu ; les mots restent enfouis et tournent sans cesse dans sa t\u00eate. Car si Joseph est secret, c'est qu'il habite aussi un autre ciel o\u00f9 il fait corps avec l'intensit\u00e9 de la lumi\u00e8re, l'immensit\u00e9 du bleu, envo\u00fbt\u00e9 par le bruit d'une robe froiss\u00e9e qui s'\u00e9loigne. Entre le dit et le non-dit, Jeanne Bastide s'empare de notre douloureux h\u00e9ritage colonial pour interroger, \u00e0 travers les pens\u00e9es et les actes de son narrateur, l'ambigu\u00eft\u00e9 de la conscience humaine face \u00e0 l'amour et \u00e0 la guerre ; un chant d'exil sensible et fulgurant.\r","authors":["Jeanne Bastide"],"category_codes":["1000000","1010000"],"visuals":{"large":"https:\/\/images.epagine.fr\/851\/9782915120851_1_75.jpg","medium":"https:\/\/images.epagine.fr\/851\/9782915120851_1_m.jpg","thumbnail":"https:\/\/images.epagine.fr\/851\/9782915120851_1_v.jpg"},"orderable":true,"show_badge":true,"formatted_price":"11,50&nbsp;\u20ac","formatted_published_date":"20 f\u00e9vrier 2013","publisher_availability_label":"Sur commande","short_details":"Jeanne Bastide \u2014 L'Amourier","translator":null,"weight":90,"page_count":82,"readership":null,"editor":"L'Amourier","price":1150,"published_date":"2013-02-19T23:00:00.000000Z","support":"Grand format","publisher_availability":1,"stock":0,"editions":[],"url":"https:\/\/quaidesbrumes.com\/ouvrage\/9782915120851\/la-fenetre-du-vent"}]}