{"data":[{"id":"9782757829653","title":"Les \u00e9toiles dans le ciel radieux","description":"Les cinq adolescentes \u00e9cossaises des Sopranos ont grandi. \u00c9tudiantes ou employ\u00e9es depuis peu, elles se retrouvent pour passer un s\u00e9jour de r\u00eave ensemble. Mais quitter Gatwick se r\u00e9v\u00e8le bien plus complexe que pr\u00e9vu. Manda perd son passeport et les p\u00e9rip\u00e9ties se succ\u00e8dent alors sur fond de f\u00eates, de disputes et de consid\u00e9rations philosophiques, le tout exacerb\u00e9 par l'arriv\u00e9e de la belle et riche Ava dont les moeurs anglaises leur semblent bien exotiques.","authors":["Alan Warner","Catherine Richard"],"category_codes":["1000000","1010000"],"visuals":{"large":"https:\/\/images.epagine.fr\/653\/9782757829653_1_75.jpg","medium":"https:\/\/images.epagine.fr\/653\/9782757829653_1_m.jpg","thumbnail":"https:\/\/images.epagine.fr\/653\/9782757829653_1_v.jpg"},"orderable":true,"show_badge":true,"formatted_price":"8,10&nbsp;\u20ac","formatted_published_date":"7 f\u00e9vrier 2013","publisher_availability_label":"Sur commande","short_details":"Alan Warner, Catherine Richard \u2014 Points","translator":"CATHERINE RICHARD","weight":270,"page_count":515,"readership":null,"editor":"Points","price":810,"published_date":"2013-02-06T23:00:00.000000Z","support":"Poche","publisher_availability":1,"stock":0,"editions":[],"url":"https:\/\/quaidesbrumes.com\/ouvrage\/9782757829653\/les-etoiles-dans-le-ciel-radieux"},{"id":"9782070139330","title":"Le grain des mots","description":"Rencontrer un mot comme on rencontre quelqu'un...","authors":["Camille Laurens"],"category_codes":["1000000","1010000"],"visuals":{"large":"https:\/\/images.epagine.fr\/330\/9782070139330_1_75.jpg","medium":"https:\/\/images.epagine.fr\/330\/9782070139330_1_m.jpg","thumbnail":"https:\/\/images.epagine.fr\/330\/9782070139330_1_v.jpg"},"orderable":true,"show_badge":true,"formatted_price":"17,50&nbsp;\u20ac","formatted_published_date":"16 novembre 2012","publisher_availability_label":"Sur commande","short_details":"Camille Laurens \u2014 Gallimard","translator":null,"weight":252,"page_count":208,"readership":null,"editor":"Gallimard","price":1750,"published_date":"2012-11-15T23:00:00.000000Z","support":"Grand format","publisher_availability":1,"stock":0,"editions":[],"url":"https:\/\/quaidesbrumes.com\/ouvrage\/9782070139330\/le-grain-des-mots"},{"id":"9782351202289","title":"Le Greco et le grand inquisiteur","description":"Pr\u00e9curseur de l'art moderne, Domenikos Theotokopoulos (1541-1614), plus connu sous le nom d'El Greco, a \u00e9bloui le monde par son g\u00e9nie. Avec son art incomparable, il a transcend\u00e9 les dimensions de la peinture en cr\u00e9ant des oeuvres d'art imbib\u00e9es de spiritualit\u00e9 dans l'Espagne du XVIe si\u00e8cle, d\u00e9chir\u00e9e alors par les passions religieuses et notamment celles de la plus impitoyable : l'Inquisition.\r\n\r\n\r\nIl a v\u00e9cu avec intensit\u00e9 sa vie artistique, luttant contre les forces des t\u00e9n\u00e8bres, recherchant la lumi\u00e8re et l'extase. Au sommet de son art, le Greco croise le chemin du Grand Inquisiteur et sa haine implacable. S'ensuit un combat entre l'art et l'obscurantisme, l'art et l'int\u00e9grisme religieux. Un passionnant combat, o\u00f9 se m\u00ealent de sombres intrigues et de vils int\u00e9r\u00eats politiques, dont ni le Grand Inquisiteur, ni le Greco ne sortiront indemnes.\r\n\r\nLecture passionnante... Le livre est tr\u00e8s prenant, tr\u00e8s vivant aussi, et la plong\u00e9e dans l'\u00e9poque est assez saisissante, comme une machine \u00e0 remonter le temps.\r\n\r\nPatrice LECONTE\r","authors":["Babis Pla\u00eftakis"],"category_codes":["1000000","1010000"],"visuals":{"large":"https:\/\/images.epagine.fr\/289\/9782351202289_1_75.jpg","medium":"https:\/\/images.epagine.fr\/289\/9782351202289_1_m.jpg","thumbnail":"https:\/\/images.epagine.fr\/289\/9782351202289_1_v.jpg"},"orderable":true,"show_badge":true,"formatted_price":"15,00&nbsp;\u20ac","formatted_published_date":"16 octobre 2019","publisher_availability_label":"Sur commande","short_details":"Babis Pla\u00eftakis \u2014 COMPLICITES","translator":null,"weight":369,"page_count":246,"readership":null,"editor":"COMPLICITES","price":1500,"published_date":"2019-10-15T22:00:00.000000Z","support":"Grand format","publisher_availability":1,"stock":0,"editions":[],"url":"https:\/\/quaidesbrumes.com\/ouvrage\/9782351202289\/le-greco-et-le-grand-inquisiteur"},{"id":"9791092853018","title":"La graine au ventre","description":"Rose, n\u00e9e d'une tr\u00e8s jeune m\u00e8re en 1896, a grandi en orphelinat. Pour autant elle n'a jamais cess\u00e9 d'aimer sa m\u00e8re et d'attendre sa reconnaissance. De m\u00e8res en filles, cinq g\u00e9n\u00e9rations de femmes vont se succ\u00e9der dans ce r\u00e9cit qui s'\u00e9chelonne sur plus d'un si\u00e8cle. En fil rouge : le rapport des femmes \u00e0 la maternit\u00e9, et en arri\u00e8re-plan, l'\u00e9volution des moeurs et des codes qui g\u00e8rent nos soci\u00e9t\u00e9s modernes. Ni pol\u00e9mique ni politique, ce roman interroge le lecteur : quel est le sens du \u00ab droit des femmes \u00e0 disposer de leur corps \u00bb en 2014 ?\r","authors":["Laurence Barbarot"],"category_codes":["1000000","1010000"],"visuals":{"large":"https:\/\/images.epagine.fr\/018\/9791092853018_1_75.jpg","medium":"https:\/\/images.epagine.fr\/018\/9791092853018_1_m.jpg","thumbnail":"https:\/\/images.epagine.fr\/018\/9791092853018_1_v.jpg"},"orderable":true,"show_badge":true,"formatted_price":"18,00&nbsp;\u20ac","formatted_published_date":"5 avril 2014","publisher_availability_label":"Sur commande","short_details":"Laurence Barbarot \u2014 Border Line","translator":null,"weight":260,"page_count":200,"readership":null,"editor":"Border Line","price":1800,"published_date":"2014-04-04T22:00:00.000000Z","support":"Grand format","publisher_availability":1,"stock":0,"editions":[],"url":"https:\/\/quaidesbrumes.com\/ouvrage\/9791092853018\/la-graine-au-ventre"},{"id":"9782911438653","title":"Rue de la fontaine","description":"Rue de la Fontaine, de la fin des ann\u00e9es quarante \u00e0 nos jours, une famille et trois g\u00e9n\u00e9rations de femmes : mammgozh, la grand-m\u00e8re, sa fille Denise, et Rose sa petite-fille.\r\nRose raconte le bonheur de son enfance en Bretagne, sur les gr\u00e8ves du Tr\u00e9gor, entre mamm-gozh et tadkozh. Puis Denise, sa m\u00e8re, partie \u00e0 Paris, d\u00e9cide de la reprendre avec elle, et commencent alors des ann\u00e9es de calvaire. D\u00e9vast\u00e9e par une trahison amoureuse, Denise a perdu pied, et Rose se retrouve face \u00e0 une femme violente. Mais les souffrances endur\u00e9es ne viendront pas \u00e0 bout de son d\u00e9sir d'une autre vie...\r\nInspir\u00e9 d'une histoire vraie et de divers t\u00e9moignages, le r\u00e9cit bouleversant d'un chemin de renaissance sur fond de renouveau culturel.\r","authors":["Lo\u00efc Le Guillouzer"],"category_codes":["1000000","1010000"],"visuals":{"large":"https:\/\/images.epagine.fr\/653\/9782911438653_1_75.jpg","medium":"https:\/\/images.epagine.fr\/653\/9782911438653_1_m.jpg","thumbnail":"https:\/\/images.epagine.fr\/653\/9782911438653_1_v.jpg"},"orderable":true,"show_badge":true,"formatted_price":"18,00&nbsp;\u20ac","formatted_published_date":"5 novembre 2009","publisher_availability_label":"Sur commande","short_details":"Lo\u00efc Le Guillouzer \u2014 Diabase","translator":null,"weight":330,"page_count":null,"readership":null,"editor":"Diabase","price":1800,"published_date":"2009-11-04T23:00:00.000000Z","support":"Grand format","publisher_availability":1,"stock":0,"editions":[],"url":"https:\/\/quaidesbrumes.com\/ouvrage\/9782911438653\/rue-de-la-fontaine"},{"id":"9782367950938","title":"L'enfant plume","description":"Ce texte se lit comme un po\u00e8me, comme une chanson. C'est la m\u00e8re qui parle certes mais il s'agit bien d'un duo car Elle, toujours pr\u00e9sente, fait un bruit formidable !\r\nCe texte montre des parents aux abois, qui \u00ab craquent \u00bb et n'en finissent pas de chercher d\u00e9sesp\u00e9r\u00e9ment une solution ou du moins une piste pour \u00e9chapper au malheur : retourner en Afrique par exemple, o\u00f9 Elle a eu une enfance heureuse, du moins en apparence.\r\nLe plus remarquable r\u00e9side sans doute dans la sinc\u00e9rit\u00e9, l'authenticit\u00e9 et la mise \u00e0 nu de cette m\u00e8re souffrante. Elle peut dire sa violence et son d\u00e9sespoir avec une remarquable pudeur, sans la moindre exhibition. [...] Ce po\u00e8me est aussi une clinique de l'anorexie qui semble avoir gliss\u00e9 d'une g\u00e9n\u00e9ration \u00e0 l'autre. Tout y passe au fil des pages : l'obsession de la nourriture, les ingr\u00e9dients, les calories, les grammes, les rituels alimentaires, la ma\u00eetrise tandis que la m\u00e8re s'essaie et s'\u00e9puise \u00e0 tenter de trouver une porte de sortie : laisser exploser sa col\u00e8re, s'opposer, simuler l'indiff\u00e9rence, l\u00e2cher prise, renoncer, abandonner. [...]...\r\n\r\nCe r\u00e9cit est aussi un message d'espoir pour des parents qui pourront retrouver certains points communs avec leur propre exp\u00e9rience personnelle ou familiale. Puisse ce t\u00e9moignage leur venir en aide !\r\n\r\nDr Annick Poquet-Issad Psychiatre\r","authors":["Janine Teisson"],"category_codes":["1000000","1010000"],"visuals":{"large":"https:\/\/images.epagine.fr\/938\/9782367950938_1_75.jpg","medium":"https:\/\/images.epagine.fr\/938\/9782367950938_1_m.jpg","thumbnail":"https:\/\/images.epagine.fr\/938\/9782367950938_1_v.jpg"},"orderable":true,"show_badge":true,"formatted_price":"8,00&nbsp;\u20ac","formatted_published_date":"7 mai 2015","publisher_availability_label":"Sur commande","short_details":"Janine Teisson \u2014 Chevre Feuille Etoilee","translator":null,"weight":150,"page_count":200,"readership":null,"editor":"Chevre Feuille Etoilee","price":800,"published_date":"2015-05-06T22:00:00.000000Z","support":"Grand format","publisher_availability":1,"stock":0,"editions":[],"url":"https:\/\/quaidesbrumes.com\/ouvrage\/9782367950938\/lenfant-plume"},{"id":"9782914945776","title":"Les fragments du jour ; suivis de Armor","description":"Apr\u00e8s Le Livre que mon p\u00e8re \u00e9crivait, paru aux \u00e9ditions Gallimard, \u00c9lizabeth Bing nous propose ce nouveau texte d'une \u00e9criture infime, retenue et savante - quoiqu'elle ne veuille l'admettre. La beaut\u00e9 de l'\u00e9criture d'un femme qui n'est qu'un regard, qui est plus qu'un regard.\r","authors":["Bing Elisabeth"],"category_codes":["1000000","1010000"],"visuals":{"large":"https:\/\/images.epagine.fr\/776\/9782914945776_1_75.jpg","medium":"https:\/\/images.epagine.fr\/776\/9782914945776_1_m.jpg","thumbnail":"https:\/\/images.epagine.fr\/776\/9782914945776_1_v.jpg"},"orderable":true,"show_badge":true,"formatted_price":"16,00&nbsp;\u20ac","formatted_published_date":"10 mai 2008","publisher_availability_label":"Sur commande","short_details":"Bing Elisabeth \u2014 Le Preau Des Collines","translator":null,"weight":200,"page_count":160,"readership":null,"editor":"Le Preau Des Collines","price":1600,"published_date":"2008-05-09T22:00:00.000000Z","support":"Grand format","publisher_availability":1,"stock":0,"editions":[],"url":"https:\/\/quaidesbrumes.com\/ouvrage\/9782914945776\/les-fragments-du-jour-suivis-de-armor"},{"id":"9782916597201","title":"De l'ab\u00eeme ordinaire","description":null,"authors":["Ghislain Ripault"],"category_codes":["1000000","1010000"],"visuals":{"large":"https:\/\/images.epagine.fr\/201\/9782916597201_1_75.jpg","medium":"https:\/\/images.epagine.fr\/201\/9782916597201_1_m.jpg","thumbnail":"https:\/\/images.epagine.fr\/201\/9782916597201_1_v.jpg"},"orderable":true,"show_badge":true,"formatted_price":"11,00&nbsp;\u20ac","formatted_published_date":"30 mars 2009","publisher_availability_label":"Sur commande","short_details":"Ghislain Ripault \u2014 Rhubarbe","translator":null,"weight":150,"page_count":null,"readership":null,"editor":"Rhubarbe","price":1100,"published_date":"2009-03-29T22:00:00.000000Z","support":"Grand format","publisher_availability":1,"stock":0,"editions":[],"url":"https:\/\/quaidesbrumes.com\/ouvrage\/9782916597201\/de-labime-ordinaire"},{"id":"9782848050829","title":"L'art de pleurer en choeur","description":"Du haut de ses onze ans, le narrateur ne saisit pas tr\u00e8s bien les enjeux du monde des adultes dans la petite bourgade du sud du J\u00fctland o\u00f9 il grandit. Il a bien remarqu\u00e9 que le chiffre d'affaires de l'\u00e9picerie de son p\u00e8re augmentait apr\u00e8s chacune des prestations de ce dernier... lors des enterrements\u00a0: cet homme d\u00e9pressif et taciturne a en effet un talent, celui de faire pleurer les plus endurcis gr\u00e2ce \u00e0 ses oraisons fun\u00e8bres d\u00e9chirantes. Le gamin, qui accompagne les envol\u00e9es lyriques paternelles de ses mimiques afflig\u00e9es, se prend au jeu : la famille est enfin consid\u00e9r\u00e9e, et l'atmosph\u00e8re \u00e0 la maison est plus l\u00e9g\u00e8re apr\u00e8s chaque c\u00e9r\u00e9monie.\r\nDe l\u00e0 \u00e0 susciter l'augmentation du nombre des d\u00e9c\u00e8s, il n'y a qu'un pas, vite franchi par l'imagination d\u00e9brid\u00e9e de l'enfant. Et il trouve en sa soeur a\u00een\u00e9e, Sanne, une complice de choixs. Que l'adolescente ne puisse plus supporter de devoir dormir sur le canap\u00e9 avec son p\u00e8re, qu'elle veuille se venger de lui, il ne le voit pas. Il veut continuer son train paisible, \u00e9lever ses lapins, et pr\u00e9server \u00e0 tout prix l'\u00e9quilibre du foyer. Jouant du contraste entre l'innocence de l'enfant et la saisissante r\u00e9alit\u00e9 sociale qu'il d\u00e9peint, Erling Jepsen met \u00e0 jour dans ce roman grin\u00e7ant et parfaitement ma\u00eetris\u00e9 les sombres m\u00e9canismes d'une soci\u00e9t\u00e9 rurale encore repli\u00e9e sur elle-m\u00eame dans la fin des ann\u00e9es soixante.\r","authors":["Erling Jepsen","Caroline Berg"],"category_codes":["1000000","1010000"],"visuals":{"large":"https:\/\/images.epagine.fr\/829\/9782848050829_1_75.jpg","medium":"https:\/\/images.epagine.fr\/829\/9782848050829_1_m.jpg","thumbnail":"https:\/\/images.epagine.fr\/829\/9782848050829_1_v.jpg"},"orderable":true,"show_badge":true,"formatted_price":"23,35&nbsp;\u20ac","formatted_published_date":"1er avril 2010","publisher_availability_label":"Sur commande","short_details":"Erling Jepsen, Caroline Berg \u2014 Sabine Wespieser \u00c9diteur","translator":"CAROLINE BERG","weight":356,"page_count":320,"readership":null,"editor":"Sabine Wespieser \u00c9diteur","price":2335,"published_date":"2010-03-31T22:00:00.000000Z","support":"Grand format","publisher_availability":1,"stock":0,"editions":[],"url":"https:\/\/quaidesbrumes.com\/ouvrage\/9782848050829\/lart-de-pleurer-en-choeur"},{"id":"9782234060630","title":"Celui qui n'est pas venu","description":"\u00ab Voici que me reviennent soudain, violemment, intens\u00e9ment, les deux ou trois ann\u00e9es autour de mes vingt ans. C'est tellement loin, c'est tellement vieux ! Mes vingt ans, c'\u00e9tait en 1967. J'\u00e9tais coop\u00e9rant en Alg\u00e9rie, \u00e0 Djem\u00e2a-Saharidj, un petit village de Kabylie. J'avais vingt ans et le sentiment d'avoir d\u00e9j\u00e0 trop de souvenirs. J'essayais de comprendre qui j'\u00e9tais, ce qui \u00e9tait en train de se jouer dans ma vie. J'allais devoir choisir : la fid\u00e9lit\u00e9 \u00e0 ma ''vocation'', ce d\u00e9sir d'\u00eatre pr\u00eatre, depuis mon enfance. Ou le basculement dans une autre vie, un autre destin. Mais on ne sait pas comment les choses se passent. On ne voit pas les signes que nous fait le destin. Ou alors apr\u00e8s, longtemps apr\u00e8s. Et c'est pourquoi je vais parler de Jacques Vallot. Du r\u00f4le qu'il a jou\u00e9, myst\u00e9rieusement, obscur\u00e9ment, dans ce que fut ma vie d'apr\u00e8s.\u00bb\r","authors":["Alain R\u00e9mond"],"category_codes":["1000000","1010000"],"visuals":{"large":"https:\/\/images.epagine.fr\/630\/9782234060630_1_75.jpg","medium":"https:\/\/images.epagine.fr\/630\/9782234060630_1_m.jpg","thumbnail":"https:\/\/images.epagine.fr\/630\/9782234060630_1_v.jpg"},"orderable":true,"show_badge":true,"formatted_price":"16,50&nbsp;\u20ac","formatted_published_date":"8 avril 2009","publisher_availability_label":"Sur commande","short_details":"Alain R\u00e9mond \u2014 Stock","translator":null,"weight":140,"page_count":120,"readership":null,"editor":"Stock","price":1650,"published_date":"2009-04-07T22:00:00.000000Z","support":"Grand format","publisher_availability":1,"stock":0,"editions":[],"url":"https:\/\/quaidesbrumes.com\/ouvrage\/9782234060630\/celui-qui-nest-pas-venu"},{"id":"9782296542570","title":"Choix de po\u00e9sies","description":"Dans sa po\u00e9sie Alexandre Pouchkine aborde des th\u00e8mes qui lui tiennent \u00e0 coeur: la libert\u00e9, l'amour, la terre natale, la mort. Il insiste sur l'indispensable ind\u00e9pendance du po\u00e8te, sur la n\u00e9cessaire conqu\u00eate de sa dignit\u00e9.\r","authors":["Alexandre Pouchkine"],"category_codes":["1000000","1010000"],"visuals":{"large":"https:\/\/images.epagine.fr\/570\/9782296542570_1_75.jpg","medium":"https:\/\/images.epagine.fr\/570\/9782296542570_1_m.jpg","thumbnail":"https:\/\/images.epagine.fr\/570\/9782296542570_1_v.jpg"},"orderable":true,"show_badge":true,"formatted_price":"21,00&nbsp;\u20ac","formatted_published_date":"23 mai 2011","publisher_availability_label":"Sur commande","short_details":"Alexandre Pouchkine \u2014 \u00c9ditions L'Harmattan","translator":null,"weight":260,"page_count":null,"readership":null,"editor":"\u00c9ditions L'Harmattan","price":2100,"published_date":"2011-05-22T22:00:00.000000Z","support":"Grand format","publisher_availability":1,"stock":0,"editions":[],"url":"https:\/\/quaidesbrumes.com\/ouvrage\/9782296542570\/choix-de-poesies"},{"id":"9782221117019","title":"D\u00e9livre-moi","description":"Quand les bulldozers du Mans mettent au jour un charnier datant des guerres de Vend\u00e9e, la vie de Clotilde s'en trouve boulevers\u00e9e. Depuis sa naissance, elle est assaillie par des images de guerre, de meurtres, de violences, associ\u00e9es \u00e0 un visage de femme dont elle ne conna\u00eet que le nom : Setima. Longtemps suivie par des psychiatres, Clotilde a r\u00e9ussi \u00e0 surmonter ce cauchemar. Les m\u00e9dicaments l'ont aid\u00e9e. Son p\u00e8re aussi, qui l'adorait et, malgr\u00e9 l'opposition haineuse de sa m\u00e8re, qui a r\u00e9ussi \u00e0 prouver que cette femme \u00e9tait une des anc\u00eatres de la famille ayant v\u00e9cu pendant la R\u00e9volution. En grandissant, Clotilde s'est reconstruite. Devenue photographe, elle est partie travailler en Afrique dans l'humanitaire, a rencontr\u00e9 Marc qu'elle aime et avec qui elle a adopt\u00e9 un enfant centrafricain. Ils se sont install\u00e9s dans la Vend\u00e9e de son enfance et, si tout semble aller au mieux, Clotilde n'ignore pas que les fant\u00f4mes qui la tourmentent sont toujours aux aguets. Quand les ossements des Vend\u00e9ens massacr\u00e9s dans la ville en 1793 s'\u00e9talent \u00e0 la une des journaux, elle sait que le temps est venu de r\u00e9gler d\u00e9finitivement ses comptes avec le pass\u00e9.\r\nCar ce sont  bien des images de cette nuit atroce du 13 au 14 d\u00e9cembre 1793 qui la hantent depuis sa naissance. L'enqu\u00eate de Clotilde va la conduire \u00e0 d\u00e9couvrir le destin extraordinaire de son anc\u00eatre...\r","authors":["Yves Viollier"],"category_codes":["1000000","1020000","1021200"],"visuals":{"large":"https:\/\/images.epagine.fr\/019\/9782221117019_1_75.jpg","medium":"https:\/\/images.epagine.fr\/019\/9782221117019_1_m.jpg","thumbnail":"https:\/\/images.epagine.fr\/019\/9782221117019_1_v.jpg"},"orderable":true,"show_badge":true,"formatted_price":"19,50&nbsp;\u20ac","formatted_published_date":"2 septembre 2010","publisher_availability_label":"Sur commande","short_details":"Yves Viollier \u2014 Robert Laffont","translator":null,"weight":333,"page_count":262,"readership":null,"editor":"Robert Laffont","price":1950,"published_date":"2010-09-01T22:00:00.000000Z","support":"Grand format","publisher_availability":1,"stock":0,"editions":[],"url":"https:\/\/quaidesbrumes.com\/ouvrage\/9782221117019\/delivre-moi"},{"id":"9782869651616","title":"Les billets d'Olivier","description":null,"authors":["Xavier Grall"],"category_codes":[],"visuals":{"large":"https:\/\/quaidesbrumes.com\/img\/book-placeholder.png","medium":"https:\/\/quaidesbrumes.com\/img\/book-placeholder.png","thumbnail":"https:\/\/quaidesbrumes.com\/img\/book-placeholder.png"},"orderable":true,"show_badge":true,"formatted_price":"15,24&nbsp;\u20ac","formatted_published_date":"12 mars 2003","publisher_availability_label":"Sur commande","short_details":"Xavier Grall \u2014 Calligrammes","translator":null,"weight":0,"page_count":null,"readership":null,"editor":"Calligrammes","price":1524,"published_date":"2003-03-11T23:00:00.000000Z","support":"Grand format","publisher_availability":1,"stock":0,"editions":[],"url":"https:\/\/quaidesbrumes.com\/ouvrage\/9782869651616\/les-billets-dolivier"},{"id":"9782954224206","title":"Omnis ou la r\u00e9volution","description":null,"authors":["Frederick Deguizan"],"category_codes":["1000000","1010000"],"visuals":{"large":"https:\/\/images.epagine.fr\/206\/9782954224206_1_75.jpg","medium":"https:\/\/images.epagine.fr\/206\/9782954224206_1_m.jpg","thumbnail":"https:\/\/images.epagine.fr\/206\/9782954224206_1_v.jpg"},"orderable":true,"show_badge":true,"formatted_price":"19,00&nbsp;\u20ac","formatted_published_date":"28 janvier 2013","publisher_availability_label":"Sur commande","short_details":"Frederick Deguizan \u2014 Heliomir","translator":null,"weight":340,"page_count":null,"readership":null,"editor":"Heliomir","price":1900,"published_date":"2013-01-27T23:00:00.000000Z","support":"Grand format","publisher_availability":1,"stock":0,"editions":[],"url":"https:\/\/quaidesbrumes.com\/ouvrage\/9782954224206\/omnis-ou-la-revolution"},{"id":"9782911438639","title":"J'ai r\u00eav\u00e9 que j'\u00e9tais un gar\u00e7on","description":"Mich\u00e8le, l'incertaine, est une coll\u00e9gienne aussi observatrice que solitaire.\r\nEn cette ann\u00e9e de redoublement, il y a dans sa classe une fille lumineuse, Annie,\" tout l'inverse d'elle \". Comment \u00eatre visible aux yeux d'Annie, celle qui plait aux gar\u00e7ons et aux filles aussi ? Prise au jeu de la s\u00e9duction, Mich\u00e8le \u00e9labore alors un troublant stratag\u00e8me... Mich\u00e8le Astrud met en sc\u00e8ne le d\u00e9sir naissant qui, par des jeux d'artifice, questionne l'identit\u00e9 et en r\u00e9v\u00e8le l'ambigu\u00eft\u00e9.\r","authors":["Mich\u00e8le Astrud"],"category_codes":["1000000","1010000"],"visuals":{"large":"https:\/\/images.epagine.fr\/639\/9782911438639_1_75.jpg","medium":"https:\/\/images.epagine.fr\/639\/9782911438639_1_m.jpg","thumbnail":"https:\/\/images.epagine.fr\/639\/9782911438639_1_v.jpg"},"orderable":true,"show_badge":true,"formatted_price":"16,00&nbsp;\u20ac","formatted_published_date":"5 novembre 2009","publisher_availability_label":"Sur commande","short_details":"Mich\u00e8le Astrud \u2014 Diabase","translator":null,"weight":190,"page_count":null,"readership":null,"editor":"Diabase","price":1600,"published_date":"2009-11-04T23:00:00.000000Z","support":"Grand format","publisher_availability":1,"stock":0,"editions":[],"url":"https:\/\/quaidesbrumes.com\/ouvrage\/9782911438639\/jai-reve-que-jetais-un-garcon"},{"id":"9782881086700","title":"La biblioth\u00e8que : un manuel antique de mythologie","description":"La mythologie grecque est constitu\u00e9e d'un ensemble de r\u00e9cits disparates transmis par des sources multiples: Hom\u00e8re, les po\u00e8tes tragiques et lyriques et d'autres auteurs encore ont -chacun \u00e0 sa mani\u00e8re- racont\u00e9 les faits et gestes des h\u00e9ros d'un temps recul\u00e9 o\u00f9 l'homme avait un contact direct avec les dieux. Si aujourd'hui le profane a de la difficult\u00e9 \u00e0 s'orienter dans le d\u00e9dale des sources, il peut se consoler en apprenant que c'\u00e9tait d\u00e9j\u00e0 le cas dans l'Antiquit\u00e9. Pour pallier \u00e0 cette difficult\u00e9, un mythographe auquel on donne -par une convention abusive- le nom d'Apollodore a produit, sous le titre de Biblioth\u00e8que, un manuel dans lequel il a tent\u00e9 de remettre de l'ordre dans le r\u00e9seau quasi inextricable des histoires mythologiques. Le lecteur retrouvera dans cette nouvelle traduction fran\u00e7aise des figures bien connues, tels Prom\u00e9th\u00e9e, Ariane ou OEdipe; il en d\u00e9couvrira peut-\u00eatre de plus rares, comme T\u00e9l\u00e9gonos, le meurtrier involontaire d'Ulysse, ou Psamath\u00e9, qui se transforma en phoque avec le vain espoir d'\u00e9chapper \u00e0 Eaque; il fr\u00e9mira d'horreur en apprenant pourquoi Philom\u00e8le s'est fait couper la langue, et il accompagnera de ses voeux Jason parti en qu\u00eate de la Toison d'Or. Mais surtout, il se laissera emmener au fil du courant, depuis la cr\u00e9ation du monde jusqu'\u00e0 la fin de l'\u00e2ge des h\u00e9ros.\r\n\r\nCes traductions r\u00e9sultent du travail conjoint d'\u00e9tudiants et d'enseignants des Universit\u00e9s de Fribourg, Gen\u00e8ve, Lausanne et de Neuch\u00e2tel, sous la direction de Paul Schubert (professeur de grec \u00e0 Gen\u00e8ve).","authors":["Apollodore de pergame","Paul Schubert"],"category_codes":["1000000","1010000"],"visuals":{"large":"https:\/\/images.epagine.fr\/700\/9782881086700_1_75.jpg","medium":"https:\/\/images.epagine.fr\/700\/9782881086700_1_m.jpg","thumbnail":"https:\/\/images.epagine.fr\/700\/9782881086700_1_v.jpg"},"orderable":true,"show_badge":true,"formatted_price":"19,75&nbsp;\u20ac","formatted_published_date":"1er avril 2008","publisher_availability_label":"Sur commande","short_details":"Apollodore de pergame, Paul Schubert \u2014 Editions De L'Aire","translator":"PAUL SCHUBERT","weight":272,"page_count":null,"readership":null,"editor":"Editions De L'Aire","price":1975,"published_date":"2008-03-31T22:00:00.000000Z","support":"Grand format","publisher_availability":1,"stock":0,"editions":[],"url":"https:\/\/quaidesbrumes.com\/ouvrage\/9782881086700\/la-bibliotheque-un-manuel-antique-de-mythologie"},{"id":"9782858683864","title":"L'ivre d'orgue - roman","description":"Louis Marchand, probablement le musicien le plus brillant, le plus novateur et le plus exp\u00e9rimental du Grand Si\u00e8cle, en reste toujours le plus m\u00e9connu, peut-\u00eatre en partie du fait de la destination quasi exclusive de son oeuvre au grand orgue. Secret, irritable et fantasque, il savait certes moins bien que son rival Fran\u00e7ois Couperin s'attirer les faveurs de la cour, mais public et critiques le tenaient \u00e0 l'\u00e9poque en bien plus haute estime, malgr\u00e9 ses frasques l\u00e9gendaires. Divorcer, offenser publiquement Louis XIV et affronter Bach en concours singulier, il faut bien avouer que cela faisait beaucoup pour un seul homme autour de 1700, soit plus d'un demi si\u00e8cle avant celui que l'on a traditionnellement coutume de tenir pour le premier musicien libre et affranchi: Mozart. La forme du roman, de pr\u00e9f\u00e9rence \u00e0 l'essai ou \u00e0 la simple biographie, s'est donc tout naturellement impos\u00e9e d'embl\u00e9e comme seule capable de rendre justice \u00e0 l'imagination, la verve et le douce folie du personnage, incontestablement un musicien brillant, hors norme et fascinant, \u00e0 d\u00e9couvrir de toute urgence.\r","authors":["Lajoinie Vincent"],"category_codes":["1000000","1010000"],"visuals":{"large":"https:\/\/images.epagine.fr\/864\/9782858683864_1_75.jpg","medium":"https:\/\/images.epagine.fr\/864\/9782858683864_1_m.jpg","thumbnail":"https:\/\/images.epagine.fr\/864\/9782858683864_1_v.jpg"},"orderable":true,"show_badge":true,"formatted_price":"26,00&nbsp;\u20ac","formatted_published_date":"23 mars 2011","publisher_availability_label":"Sur commande","short_details":"Lajoinie Vincent \u2014 VAN DE VELDE","translator":null,"weight":500,"page_count":null,"readership":null,"editor":"VAN DE VELDE","price":2600,"published_date":"2011-03-22T23:00:00.000000Z","support":"Grand format","publisher_availability":1,"stock":0,"editions":[],"url":"https:\/\/quaidesbrumes.com\/ouvrage\/9782858683864\/livre-dorgue-roman"},{"id":"9782296125513","title":"Tour Puccini et autres nouvelles du ruban","description":"Un manoeuvre qui doit livrer un myst\u00e9rieux colis dans une des tours du Chinatown parisien, un banquier en proie \u00e0 une inqui\u00e9tante rencontre avec son pass\u00e9, un footballeur mis au ban de son \u00e9quipe... Des personnages sans grade, d\u00e9soeuvr\u00e9s, \u00e9tranges animent les sept r\u00e9cits de ce recueil. Chacun incarne \u00e0 sa mani\u00e8re la difficult\u00e9 d'exister dans le monde incompr\u00e9hensible qui l'entoure. Heureusement, la r\u00eaverie et le voyage int\u00e9rieur constituent parfois des \u00e9chappatoires salutaires.\r","authors":["Eneko d. Hiriart"],"category_codes":["1000000","1010000"],"visuals":{"large":"https:\/\/images.epagine.fr\/513\/9782296125513_1_75.jpg","medium":"https:\/\/images.epagine.fr\/513\/9782296125513_1_m.jpg","thumbnail":"https:\/\/images.epagine.fr\/513\/9782296125513_1_v.jpg"},"orderable":true,"show_badge":true,"formatted_price":"12,00&nbsp;\u20ac","formatted_published_date":"5 juillet 2010","publisher_availability_label":"Sur commande","short_details":"Eneko d. Hiriart \u2014 \u00c9ditions L'Harmattan","translator":null,"weight":120,"page_count":null,"readership":null,"editor":"\u00c9ditions L'Harmattan","price":1200,"published_date":"2010-07-04T22:00:00.000000Z","support":"Grand format","publisher_availability":1,"stock":0,"editions":[],"url":"https:\/\/quaidesbrumes.com\/ouvrage\/9782296125513\/tour-puccini-et-autres-nouvelles-du-ruban"},{"id":"9782911137266","title":"Lo rabassier bigame","description":"Coneissiam lei rabassiers chins, lei rabassiers p\u00f2rcs e meme, quauquei jorns sensa vent, leis iniciats a la recerca dau diamant negre seguiss\u00e8nt la mosca color tabac clar. Mai degun auri\u00e1 imaginat qu'un \u00f2me posquesse \u00e8stre \u00ab rabassier \u00bb. Es pasmens \u00e7\u00f2 que s'es produch a Monroc\u00e0s, vilatge dei monts de la Vauclusa.\r\n\r\nAquest rac\u00f2nte, plen d'umor, pausa un regard sus la vida, am\u00e9 l'inoc\u00e9ncia d'aqueu que saup, mai p\u00f2u ren dire.\r\n\r\nOn connaissait les chiens truffiers, les verrats truffiers et m\u00eame, certains jours sans vent, les initi\u00e9s \u00e0 la recherche du diamant noir suivant la mouche couleur tabac clair. Mais personne n'aurait imagin\u00e9 qu'un homme puisse \u00eatre \u00ab truffier \u00bb. C'est pourtant ce qui s'est produit \u00e0 Monroque, village des monts de Vaucluse.\r\n\r\nCe r\u00e9cit, empreint d'humour, pose un regard sur la vie, avec l'innocence de celui qui sait, mais ne peut rien dire.\r","authors":["Luc Delestre"],"category_codes":["1000000","1010000"],"visuals":{"large":"https:\/\/images.epagine.fr\/266\/9782911137266_1_75.jpg","medium":"https:\/\/images.epagine.fr\/266\/9782911137266_1_m.jpg","thumbnail":"https:\/\/images.epagine.fr\/266\/9782911137266_1_v.jpg"},"orderable":true,"show_badge":true,"formatted_price":"14,00&nbsp;\u20ac","formatted_published_date":"25 janvier 2012","publisher_availability_label":"Sur commande","short_details":"Luc Delestre \u2014 Elan Sud","translator":null,"weight":200,"page_count":128,"readership":null,"editor":"Elan Sud","price":1400,"published_date":"2012-01-24T23:00:00.000000Z","support":"Grand format","publisher_availability":1,"stock":0,"editions":[],"url":"https:\/\/quaidesbrumes.com\/ouvrage\/9782911137266\/lo-rabassier-bigame"},{"id":"9782953458527","title":"Le chemin de nos vies","description":"Ce roman est le th\u00e9\u00e2tre de rebondissements tant sur le plan sentimental que sur le plan social et culturel... \"?Andr\u00e9, le personnage principal de cette saga reprends go\u00fbt \u00e0 la vie...Une soir\u00e9e impr\u00e9vue va permettre les retrouvailles d'anciens camarades de classe trente-cinq ann\u00e9es apr\u00e8s la fin de leurs \u00e9tudes... Il va s'installer au fil du temps une nouvelle amiti\u00e9, perdue par les al\u00e9as de la vie... Une indiscr\u00e9tion sur ses finances laisse para\u00eetre un doute sur un amour soudain de la part d'une de ses amies...Une nouvelle aventure sociale s'organise entre vieux camarades de classe qui apportent chacun leur savoir-faire... De l'amiti\u00e9 \u00e0 l'amour, il n'y a qu'un pas \u00e0 franchir... La passion pour la musique est l'un des moteurs de cette intrigue...?\"\r","authors":["G\u00e9rard Ligaud"],"category_codes":["1000000","1010000"],"visuals":{"large":"https:\/\/images.epagine.fr\/527\/9782953458527_1_75.jpg","medium":"https:\/\/images.epagine.fr\/527\/9782953458527_1_m.jpg","thumbnail":"https:\/\/images.epagine.fr\/527\/9782953458527_1_v.jpg"},"orderable":true,"show_badge":true,"formatted_price":"19,00&nbsp;\u20ac","formatted_published_date":"7 d\u00e9cembre 2011","publisher_availability_label":"Sur commande","short_details":"G\u00e9rard Ligaud \u2014 Gerard Ligaud","translator":null,"weight":316,"page_count":240,"readership":null,"editor":"Gerard Ligaud","price":1900,"published_date":"2011-12-06T23:00:00.000000Z","support":"Grand format","publisher_availability":1,"stock":0,"editions":[],"url":"https:\/\/quaidesbrumes.com\/ouvrage\/9782953458527\/le-chemin-de-nos-vies"},{"id":"9782911438646","title":"Un envol de pigeons \u00e9carlates","description":"\" Mansu\u00e9tude, c'est son man\u00e8ge, son Monopoly, son jeu de piste.\r\nElle la traverse en long, parfois en large. Toujours de haut, juch\u00e9e sur son si\u00e8ge ergonomique, avec sa vue panoramique et imprenable sur le fleuve et ses ponts, sur les quartiers \u00e9tag\u00e9s de la Hauteville, sur le boyau des rues grouillantes. Elle conduit l'A21 et elle aime \u00e7a. \" Au volant de son bus, Maryline Moreau, l'ind\u00e9pendante, sillonne la ville tout en pensant \u00e0 son amoureux parti, Madame Massabielle d\u00e9couvre une proph\u00e9tie et commence une enqu\u00eate, le Docteur Simon Tr\u00e9buchet rentre d'Afrique pour se faire poser un pacemaker.\r\nII y a aussi la sensible Prunelle attentive aux autres, Estelle V\u00e9tilleux enceinte et obs\u00e9d\u00e9e de perfection, F\u00e9licien l'\u00e9tudiant passionn\u00e9 d'ornithologie : tous vont et viennent affair\u00e9s \u00e0 leurs projets, connus ou inconnus les uns des autres, tra\u00e7ant les lignes invisibles de la ville de Mansu\u00e9tude. \" La Vie a ses raisons et ses heures. Et on n'en conna\u00eet rien. \" Un roman qui d\u00e9busque sous l'\u00e9ph\u00e9m\u00e8re du quotidien les rendez-vous du destin.\r","authors":["Fran\u00e7oise Moreau"],"category_codes":["1000000","1010000"],"visuals":{"large":"https:\/\/images.epagine.fr\/646\/9782911438646_1_75.jpg","medium":"https:\/\/images.epagine.fr\/646\/9782911438646_1_m.jpg","thumbnail":"https:\/\/images.epagine.fr\/646\/9782911438646_1_v.jpg"},"orderable":true,"show_badge":true,"formatted_price":"12,00&nbsp;\u20ac","formatted_published_date":"22 octobre 2009","publisher_availability_label":"Sur commande","short_details":"Fran\u00e7oise Moreau \u2014 Diabase","translator":null,"weight":140,"page_count":null,"readership":null,"editor":"Diabase","price":1200,"published_date":"2009-10-21T22:00:00.000000Z","support":"Grand format","publisher_availability":1,"stock":0,"editions":[],"url":"https:\/\/quaidesbrumes.com\/ouvrage\/9782911438646\/un-envol-de-pigeons-ecarlates"},{"id":"9782841865932","title":"Autogen\u00e8se","description":"Il se r\u00e9veille, nu, dans une maison isol\u00e9e.\r\nIl ne se souvient plus de rien. Il se lance dans le monde, \u00e0 la recherche de son pass\u00e9 et de son identit\u00e9. C'est un destin qu'il trouvera, agr\u00e9ment\u00e9 d'une myst\u00e9rieuse ange gardien \u00e0 la g\u00e2chette facile, d'un journaliste schizophr\u00e8ne, d'un bienfaiteur sans scrupule. Dans son turbulent sillage, les trajectoires se d\u00e9jettent, pas toujours en douceur. D'exclu amn\u00e9sique, jouet du hasard, nom de code Icare, il devient ma\u00eetre du jeu.\r\nMais certains n'ont pas l'intention de le laisser faire... Roman picaresque et politique, Autogen\u00e8se interroge sur la folie et la grandeur des hommes, entrela\u00e7ant parcours singuliers et Histoire en marche. Peut-on (se) construire en misant sur le bon sens contre les passions, les \u00e9motions ? Peut-on (se) b\u00e2tir sans m\u00e9moire ? Et qui est ce diable d'Icare ?\r","authors":["Erwan Larher"],"category_codes":["1000000","1010000"],"visuals":{"large":"https:\/\/images.epagine.fr\/932\/9782841865932_1_75.jpg","medium":"https:\/\/images.epagine.fr\/932\/9782841865932_1_m.jpg","thumbnail":"https:\/\/images.epagine.fr\/932\/9782841865932_1_v.jpg"},"orderable":true,"show_badge":true,"formatted_price":"21,00&nbsp;\u20ac","formatted_published_date":"5 janvier 2012","publisher_availability_label":"Sur commande","short_details":"Erwan Larher \u2014 MICHALON","translator":null,"weight":513,"page_count":459,"readership":null,"editor":"MICHALON","price":2100,"published_date":"2012-01-04T23:00:00.000000Z","support":"Grand format","publisher_availability":1,"stock":0,"editions":[],"url":"https:\/\/quaidesbrumes.com\/ouvrage\/9782841865932\/autogenese"},{"id":"9782226220660","title":"Comptine pour l'enfant-soldat","description":"My Luck a quinze ans. Enr\u00f4l\u00e9 \u00e0 la t\u00eate d'une unit\u00e9 d'enfants-soldats, il tue pour survivre et parfois pour le plaisir, comme le lui ont appris les adultes. Il ne crie plus, car on lui a coup\u00e9 les cordes vocales, mais il entend toujours les hurlements de sa m\u00e8re assassin\u00e9e devant lui, les l\u00e9gendes que lui racontait son grand-p\u00e8re, et la voix d'Ijeoma, une gamine de son unit\u00e9 qui a saut\u00e9 sur une mine.\r\n\r\nDans cet enfer o\u00f9 les fleuves ne charrient que des cadavres, o\u00f9 le mal et le bien n'ont plus de sens, et o\u00f9 victimes et bourreaux m\u00e8nent un m\u00eame combat, la d\u00e9route infernale de My Luck sonne comme une terrible proph\u00e9tie...\r\n\r\nR\u00e9compens\u00e9 par de nombreux prix pour Graceland et Le Corps rebelle d'Abigail Tansi, le romancier nig\u00e9rian Chris Abani \u00e9voque un continent \u00e0 la d\u00e9rive dans ce roman fulgurant qui m\u00eale lyrisme et po\u00e9sie. Par-del\u00e0 l'horreur de la r\u00e9alit\u00e9 - celle d'une Afrique de l'Ouest resitu\u00e9e dans le contexte d'une guerre globale -, c'est l'ambig\u00fcit\u00e9 de la nature humaine qu'il explore, quand l'innocence bafou\u00e9e devient la plus cynique des armes.\r\n\r\n \u00ab Comme les personnages d'Un coeur simple de Flaubert ou d'En attendant les barbares de Coetzee, My Luck est \u00e0 la fois un arch\u00e9type et une cr\u00e9ation originale... Un roman d'une extraordinaire f\u00e9rocit\u00e9 et d'une beaut\u00e9 vuln\u00e9rable. \u00bb New York Times \u00ab On songe \u00e0 Babel, Hemingway, McCarthy. \u00bbEsquire","authors":["Chris Abani"],"category_codes":["1000000","1010000"],"visuals":{"large":"https:\/\/images.epagine.fr\/660\/9782226220660_1_75.jpg","medium":"https:\/\/images.epagine.fr\/660\/9782226220660_1_m.jpg","thumbnail":"https:\/\/images.epagine.fr\/660\/9782226220660_1_v.jpg"},"orderable":true,"show_badge":true,"formatted_price":"18,25&nbsp;\u20ac","formatted_published_date":"2 mars 2011","publisher_availability_label":"Sur commande","short_details":"Chris Abani \u2014 Albin Michel","translator":null,"weight":274,"page_count":208,"readership":null,"editor":"Albin Michel","price":1825,"published_date":"2011-03-01T23:00:00.000000Z","support":"Grand format","publisher_availability":1,"stock":0,"editions":[],"url":"https:\/\/quaidesbrumes.com\/ouvrage\/9782226220660\/comptine-pour-lenfant-soldat"},{"id":"9782829003011","title":"Pourquoi l'enfant cuisait dans la polenta ?","description":"Ent\u00eatant monologue o\u00f9 la narratrice, cadette d'une famille d'artistes de cirque qui a fui la dictature roumaine pour sillonner l'Europe, tente de conjurer ses peurs d'enfant puis d'adolescente.","authors":["Aglaja Veteranyi","Marion Graf"],"category_codes":["1000000","1010000"],"visuals":{"large":"https:\/\/images.epagine.fr\/011\/9782829003011_1_75.jpg","medium":"https:\/\/images.epagine.fr\/011\/9782829003011_1_m.jpg","thumbnail":"https:\/\/images.epagine.fr\/011\/9782829003011_1_v.jpg"},"orderable":true,"show_badge":true,"formatted_price":"19,00&nbsp;\u20ac","formatted_published_date":"1er f\u00e9vrier 2004","publisher_availability_label":"Sur commande","short_details":"Aglaja Veteranyi, Marion Graf \u2014 D'En Bas","translator":"MARION GRAF","weight":235,"page_count":192,"readership":null,"editor":"D'En Bas","price":1900,"published_date":"2004-01-31T23:00:00.000000Z","support":"Grand format","publisher_availability":1,"stock":0,"editions":[],"url":"https:\/\/quaidesbrumes.com\/ouvrage\/9782829003011\/pourquoi-lenfant-cuisait-dans-la-polenta"}]}