{"data":[{"id":"9782296553835","title":"Les sanglots de mon Eden de l'Ennedi ; une enfance des sables","description":"Le doux temps de l'enfance insouciante est court, trop court dans l'Ennedi, au nord du Tchad. Tr\u00e8s t\u00f4t, le jeune Touma\u00ef doit, comme tous les jeunes de son \u00e2ge, garder les troupeaux de dromadaires dans ce milieu aride et hostile. Pris dans une tourmente dont il ne comprend ni les tenants ni les aboutissants, Touma\u00ef devient enfant-soldat, rebelle, pour d\u00e9fendre l'honneur de sa famille et de son clan.","authors":["Djiddi Ali Sougoudi"],"category_codes":["1000000","1010000"],"visuals":{"large":"https:\/\/images.epagine.fr\/835\/9782296553835_1_75.jpg","medium":"https:\/\/images.epagine.fr\/835\/9782296553835_1_m.jpg","thumbnail":"https:\/\/images.epagine.fr\/835\/9782296553835_1_v.jpg"},"orderable":true,"show_badge":true,"formatted_price":"12,00&nbsp;\u20ac","formatted_published_date":"25 mai 2011","publisher_availability_label":"Sur commande","short_details":"Djiddi Ali Sougoudi \u2014 \u00c9ditions L'Harmattan","translator":null,"weight":125,"page_count":null,"readership":null,"editor":"\u00c9ditions L'Harmattan","price":1200,"published_date":"2011-05-24T22:00:00.000000Z","support":"Grand format","publisher_availability":1,"stock":0,"editions":[],"url":"https:\/\/quaidesbrumes.com\/ouvrage\/9782296553835\/les-sanglots-de-mon-eden-de-lennedi-une-enfance-des-sables"},{"id":"9782914564892","title":"Le bal des mercenaires","description":"LE BAL DES MERCENAIRES est le second roman d'Aboubacar Sa\u00efd Salim. L'auteur y aborde, \u00e0 travers une histoire d'amour, le poids des traditions villageoises et la confrontation de celles-ci aux moeurs citadines ; le tout sur un fond de violences. Dans son pr\u00e9c\u00e9dent roman (Et la graine...), Aboubacar Sa\u00efd Salim, est parti d'un fait r\u00e9el. Cette fois-ci encore, il proc\u00e8de d'une r\u00e9alit\u00e9 qui a, pendant plus de vingt ans, marqu\u00e9 son pays. Par cette fiction, il n'entend pas entretenir le mal, mais l'exorciser. Le courage, la sinc\u00e9rit\u00e9 et le talent d'Aboubacar Sa\u00efd Salim font de ce roman une oeuvre magistrale","authors":["Salim Aboubacar salim"],"category_codes":["1000000","1010000"],"visuals":{"large":"https:\/\/images.epagine.fr\/892\/9782914564892_1_75.jpg","medium":"https:\/\/images.epagine.fr\/892\/9782914564892_1_m.jpg","thumbnail":"https:\/\/images.epagine.fr\/892\/9782914564892_1_v.jpg"},"orderable":true,"show_badge":true,"formatted_price":"13,00&nbsp;\u20ac","formatted_published_date":"1er octobre 2013","publisher_availability_label":"Sur commande","short_details":"Salim Aboubacar salim \u2014 KOMEDIT","translator":null,"weight":165,"page_count":192,"readership":null,"editor":"KOMEDIT","price":1300,"published_date":"2013-09-30T22:00:00.000000Z","support":"Grand format","publisher_availability":1,"stock":0,"editions":["9782370970879"],"url":"https:\/\/quaidesbrumes.com\/ouvrage\/9782914564892\/le-bal-des-mercenaires"},{"id":"9782213617749","title":"Duo","description":"Un homme, une femme, un couple mod\u00e8le.Une folie d?un soir ; une \u00ab sottise \u00bb pour qui l?a commise ; une \u00ab ignominie \u00bb dont on ne gu\u00e9rit pas pour celui qui se croit trahi.Le duo devient duel, o\u00f9 combat seul contre lui-m\u00eame celui qui s?est trouv\u00e9 bless\u00e9 ; la blessure s?aggrave, s?envenime et m\u00e8ne \u00e0 la mort.\u00ab Dix pages de Colette peuvent contenir plus d?art et de richesse vivante que tel roman de deux mille pages en une demi-douzaine de volumes. Colette a fait sa gloire avec des oeuvres sans longueur mais o\u00f9 l?art, direct, inimitable, cr\u00e9e en quelques lignes les atmosph\u00e8res et les portraits. Ses images, sans recherche et sans artifice, saisissent notre regard et notre sensitivit\u00e9 parce qu?elles sont la vie, avec le mouvement, la chaleur, le son, le parfum ? la v\u00e9rit\u00e9 aussi \u00bb (Alb\u00e9ric Cahuet).","authors":["Colette"],"category_codes":["1000000","1010000"],"visuals":{"large":"https:\/\/images.epagine.fr\/749\/9782213617749_1_75.jpg","medium":"https:\/\/images.epagine.fr\/749\/9782213617749_1_m.jpg","thumbnail":"https:\/\/images.epagine.fr\/749\/9782213617749_1_v.jpg"},"orderable":true,"show_badge":true,"formatted_price":"17,00&nbsp;\u20ac","formatted_published_date":"21 janvier 2004","publisher_availability_label":"Sur commande","short_details":"Colette \u2014 Fayard","translator":null,"weight":188,"page_count":180,"readership":null,"editor":"Fayard","price":1700,"published_date":"2004-01-20T23:00:00.000000Z","support":"Grand format","publisher_availability":1,"stock":0,"editions":[],"url":"https:\/\/quaidesbrumes.com\/ouvrage\/9782213617749\/duo"},{"id":"9782911438677","title":"La petite fille au fond du jardin","description":"Une petite fille juive n\u00e9e en 1942 grandit dans les contraintes familiales et politiques de la Roumanie communiste.\r\nDe l'existence boulevers\u00e9e de sa famille et de ses a\u00efeux, Bluma Finkelstein tisse la petite histoire avec la grande. Le voyage vers Isra\u00ebl lui permettra de conqu\u00e9rir sa libert\u00e9 de penser et d'agir. Un r\u00e9cit autobiographique, intime et fort, d'une pacifiste la\u00efque qui s'interroge au pr\u00e9sent sur les rapports d'identit\u00e9 et de territoires, m\u00ealant narration et r\u00e9flexions.","authors":["Bluma Finkelstein"],"category_codes":["1000000","1010000"],"visuals":{"large":"https:\/\/images.epagine.fr\/677\/9782911438677_1_75.jpg","medium":"https:\/\/images.epagine.fr\/677\/9782911438677_1_m.jpg","thumbnail":"https:\/\/images.epagine.fr\/677\/9782911438677_1_v.jpg"},"orderable":true,"show_badge":true,"formatted_price":"16,00&nbsp;\u20ac","formatted_published_date":"4 novembre 2010","publisher_availability_label":"Sur commande","short_details":"Bluma Finkelstein \u2014 Diabase","translator":null,"weight":190,"page_count":null,"readership":null,"editor":"Diabase","price":1600,"published_date":"2010-11-03T23:00:00.000000Z","support":"Grand format","publisher_availability":1,"stock":0,"editions":[],"url":"https:\/\/quaidesbrumes.com\/ouvrage\/9782911438677\/la-petite-fille-au-fond-du-jardin"},{"id":"9782070132126","title":"Portrait de Manse en Sainte-Victoire Molle","description":"\" Le Puy de Manse, nous tournons autour depuis notre arriv\u00e9e ! O\u00f9 que l'on se trouve, de quel c\u00f4t\u00e9 que nous soyons de la vall\u00e9e, il ne manque pas de se rappeler \u00e0 nous. Sobre butte donnant l'illusion d'un minuscule volcan de terre brute ; d'un volcan nain. D'un volcan qui serait \u00e0 notre main. Petite Sainte-Victoire aux formes pacifi\u00e9es, en demi-teinte, il est cette but\u00e9e complice, ce pivot facilitateur autour duquel s'organise une partie du paysage gapen\u00e7ais et champsaurin \".","authors":["Olivier Domerg"],"category_codes":["1000000","1010000"],"visuals":{"large":"https:\/\/images.epagine.fr\/126\/9782070132126_1_75.jpg","medium":"https:\/\/images.epagine.fr\/126\/9782070132126_1_m.jpg","thumbnail":"https:\/\/images.epagine.fr\/126\/9782070132126_1_v.jpg"},"orderable":true,"show_badge":true,"formatted_price":"15,75&nbsp;\u20ac","formatted_published_date":"24 f\u00e9vrier 2011","publisher_availability_label":"Sur commande","short_details":"Olivier Domerg \u2014 Gallimard","translator":null,"weight":184,"page_count":136,"readership":null,"editor":"Gallimard","price":1575,"published_date":"2011-02-23T23:00:00.000000Z","support":"Grand format","publisher_availability":1,"stock":0,"editions":[],"url":"https:\/\/quaidesbrumes.com\/ouvrage\/9782070132126\/portrait-de-manse-en-sainte-victoire-molle"},{"id":"9782914564908","title":"Malmemoires","description":"C'est une qu\u00eate. La qu\u00eate d'un espace qui refuse de jeter l'ancre. C'est ce pays du po\u00e8te sans un chez-lui. Les mots emprunt\u00e9s ne pouvant lui servir d'habitat. Et le po\u00e8me est un d\u00e9sir, d\u00e9sir d'un lieu difficile \u00e0 atteindre, mais quand bien m\u00eame esp\u00e9r\u00e9 comme dans la surdit\u00e9 du vent dans les feuilles du badamier, unique symbole des retours qui poursuivent toute une vie. Na\u00eetre sur une \u00eele rend forc\u00e9ment idiot !","authors":["Saindoune Ben ali"],"category_codes":["1000000","1010000"],"visuals":{"large":"https:\/\/images.epagine.fr\/908\/9782914564908_1_75.jpg","medium":"https:\/\/images.epagine.fr\/908\/9782914564908_1_m.jpg","thumbnail":"https:\/\/images.epagine.fr\/908\/9782914564908_1_v.jpg"},"orderable":true,"show_badge":true,"formatted_price":"10,00&nbsp;\u20ac","formatted_published_date":"1er octobre 2013","publisher_availability_label":"Sur commande","short_details":"Saindoune Ben ali \u2014 KOMEDIT","translator":null,"weight":105,"page_count":116,"readership":null,"editor":"KOMEDIT","price":1000,"published_date":"2013-09-30T22:00:00.000000Z","support":"Grand format","publisher_availability":1,"stock":0,"editions":[],"url":"https:\/\/quaidesbrumes.com\/ouvrage\/9782914564908\/malmemoires"},{"id":"9782081240292","title":"Les filles ont grandi","description":"En 2002, Nathalie Azoulai publie M\u00e8re agit\u00e9e, succ\u00e8s de librairie qui raconte la vie des jeunes femmes confront\u00e9es aux joies et aux angoisses de la maternit\u00e9. Elle reprend aujourd'hui le fil et explore une nouvelle tranche de vie : l'adolescence. Bien des sc\u00e8nes accrochent son oeil, chez le gyn\u00e9cologue, au t\u00e9l\u00e9phone, un soir de No\u00ebl, au retour d'Angleterre, ou au caf\u00e9. \u00e0 la table du petit d\u00e9jeuner, dans la salle de bain, devant les grilles du lyc\u00e9e. Il est question de f\u00e9minit\u00e9, de langage, d'amour, d'ambition ou encore de go\u00fbts que l'on partage. Mais qui dit partage dit transmission, le nerf de la guerre au temps de l'adolescence. 102r\u00e9cits courts et incisifs, dr\u00f4les et graves. Des instantan\u00e9s qui racontent la vie des m\u00e8res et des filles \u00abagit\u00e9es\u00bb. Les filles ont grandi est le cinqui\u00e8me livre de Nathalie Azoulai.","authors":["Nathalie Azoulai"],"category_codes":["1000000","1010000"],"visuals":{"large":"https:\/\/images.epagine.fr\/292\/9782081240292_1_75.jpg","medium":"https:\/\/images.epagine.fr\/292\/9782081240292_1_m.jpg","thumbnail":"https:\/\/images.epagine.fr\/292\/9782081240292_1_v.jpg"},"orderable":true,"show_badge":true,"formatted_price":"17,30&nbsp;\u20ac","formatted_published_date":"8 mai 2010","publisher_availability_label":"Sur commande","short_details":"Nathalie Azoulai \u2014 Flammarion","translator":null,"weight":232,"page_count":181,"readership":null,"editor":"Flammarion","price":1730,"published_date":"2010-05-07T22:00:00.000000Z","support":"Grand format","publisher_availability":1,"stock":0,"editions":[],"url":"https:\/\/quaidesbrumes.com\/ouvrage\/9782081240292\/les-filles-ont-grandi"},{"id":"9782234059948","title":"Le veilleur du Britannia","description":"Confortablement install\u00e9 dans sa chambre fun\u00e9raire, Jean-Robert Carouge attend la visite de ses proches. Il sait que sa femme ne viendra pas. Depuis longtemps elle a mis fin \u00e0 leur aventure conjugale, en emmenant les enfants. Devenus adultes, Christa et Jean se sont \u00e9loign\u00e9s de leur p\u00e8re, ce type doux et nul, comme il se d\u00e9crit lui-m\u00eame, mais il esp\u00e8re qu'ils se d\u00e9placeront pour un dernier adieu. \r\nJean-Robert est mort brutalement, renvers\u00e9 par un autobus alors qu'il sortait de l'h\u00f4tel Britannia o\u00f9 il \u00e9tait veilleur de nuit. Pour se distraire, il \u00e9crivait des romans qu'il lisait \u00e0 Sophie, la r\u00e9ceptionniste. \r\nAujourd'hui, Jean-Robert est convaincu que la vie est une farce mont\u00e9e par un esprit malade. \r\nQue reste-t-il d'une existence ordinaire ? Quelques relations et peu d'amis, le souvenir ent\u00eatant d'une danse langoureuse et d'un amour qu'on n'a pas su vivre.","authors":["Routier-P"],"category_codes":["1000000","1010000"],"visuals":{"large":"https:\/\/images.epagine.fr\/948\/9782234059948_1_75.jpg","medium":"https:\/\/images.epagine.fr\/948\/9782234059948_1_m.jpg","thumbnail":"https:\/\/images.epagine.fr\/948\/9782234059948_1_v.jpg"},"orderable":true,"show_badge":true,"formatted_price":"19,00&nbsp;\u20ac","formatted_published_date":"2 avril 2008","publisher_availability_label":"Sur commande","short_details":"Routier-P \u2014 Stock","translator":null,"weight":254,"page_count":173,"readership":null,"editor":"Stock","price":1900,"published_date":"2008-04-01T22:00:00.000000Z","support":"Grand format","publisher_availability":1,"stock":0,"editions":[],"url":"https:\/\/quaidesbrumes.com\/ouvrage\/9782234059948\/le-veilleur-du-britannia"},{"id":"9782896985159","title":"Western spaghetti","description":"Qu'ils soient enfant sillonnant les routes de la Nouvelle-\u00c9cosse, ouvreuse de cin\u00e9ma \u00e0 Montr\u00e9al, jeune m\u00e8re de famille derri\u00e8re sa poussette dans les rues de Paris, adolescente qui nage dans le lac Huron, ou vieux cow-boy qui prend la route \u00e0 bord d'un camping-car, les personnages de ce livre n'ont qu'un but : \u00e9chapper \u00e0 leur vie. Ils s'\u00e9vadent et se r\u00e9inventent, pouss\u00e9s par une injonction \u00e0 survivre, \u00e0 r\u00e9gler des comptes, \u00e0 r\u00e9soudre les \u00e9nigmes qui les hantent. Tant\u00f4t braves, tant\u00f4t l\u00e2ches, tous se trouvent \u00e0 un moment charni\u00e8re de leur existence, \u00e0 l'instant o\u00f9 tout bascule.\r\nWestern spaghetti, ce sont huit voix vibrantes qui, avec tendresse et cruaut\u00e9, racontent la vie secr\u00e8te des familles, l'amour et le d\u00e9samour, la fuite en avant, les hontes muettes et la r\u00e9demption.","authors":["Sara-ananda Fleury"],"category_codes":["1000000","1010000","1010100"],"visuals":{"large":"https:\/\/images.epagine.fr\/159\/9782896985159_1_75.jpg","medium":"https:\/\/images.epagine.fr\/159\/9782896985159_1_m.jpg","thumbnail":"https:\/\/images.epagine.fr\/159\/9782896985159_1_v.jpg"},"orderable":true,"show_badge":true,"formatted_price":"20,00&nbsp;\u20ac","formatted_published_date":"2 septembre 2021","publisher_availability_label":"Sur commande","short_details":"Sara-ananda Fleury \u2014 LE QUARTANIER","translator":null,"weight":318,"page_count":272,"readership":null,"editor":"LE QUARTANIER","price":2000,"published_date":"2021-09-01T22:00:00.000000Z","support":"Grand format","publisher_availability":1,"stock":0,"editions":[],"url":"https:\/\/quaidesbrumes.com\/ouvrage\/9782896985159\/western-spaghetti"},{"id":"9782357290044","title":"Sur l'eau immobile et noire","description":null,"authors":["Sara Vidal"],"category_codes":["1000000","1010000"],"visuals":{"large":"https:\/\/images.epagine.fr\/044\/9782357290044_1_75.jpg","medium":"https:\/\/images.epagine.fr\/044\/9782357290044_1_m.jpg","thumbnail":"https:\/\/images.epagine.fr\/044\/9782357290044_1_v.jpg"},"orderable":true,"show_badge":true,"formatted_price":"12,50&nbsp;\u20ac","formatted_published_date":"19 juin 2008","publisher_availability_label":"Sur commande","short_details":"Sara Vidal \u2014 L'Une Et L'Autre","translator":null,"weight":218,"page_count":null,"readership":null,"editor":"L'Une Et L'Autre","price":1250,"published_date":"2008-06-18T22:00:00.000000Z","support":"Grand format","publisher_availability":1,"stock":0,"editions":[],"url":"https:\/\/quaidesbrumes.com\/ouvrage\/9782357290044\/sur-leau-immobile-et-noire"},{"id":"9782290037898","title":"Les nouveaux contes de la cit\u00e9 perdue","description":"Des personnages attachants et magnifiques se retrouvent au comptoir d\u00b4Au bout du monde, le bar de la 300e Rue o\u00f9 se croisent ceux qui voudraient que la vie les fasse encore r\u00eaver. Il y a l\u00e0 John, mari\u00e9 deux fois et deux fois abandonn\u00e9. Ce n\u00b4est pas son vrai pr\u00e9nom mais certains soirs il pr\u00e9f\u00e8re s\u00b4appeler John pour voir si \u00e7a fait revenir l\u00b4amour. Il y rencontre Solange qui vit sans sexe et sans petit ami. Sauf lorsqu\u00b4elle devient Betty, Betty qui aime l\u00b4amour et les hommes. Avec Paulo, ils ont en commun un immense savoir de l\u00b4ivresse, un d\u00e9go\u00fbt du monde vou\u00e9 au culte de l\u00b4argent, bouffi d\u00b4orgueil et de pr\u00e9jug\u00e9s. Ensemble, ils vont prendre la route pour conqu\u00e9rir de nouveaux territoires \u00e0 l\u00b4abri des vanit\u00e9s et des malveillances de l\u00b4ancien monde.","authors":["Richard Bohringer"],"category_codes":["1000000","1010000"],"visuals":{"large":"https:\/\/images.epagine.fr\/898\/9782290037898_1_75.jpg","medium":"https:\/\/images.epagine.fr\/898\/9782290037898_1_m.jpg","thumbnail":"https:\/\/images.epagine.fr\/898\/9782290037898_1_v.jpg"},"orderable":true,"show_badge":true,"formatted_price":"6,00&nbsp;\u20ac","formatted_published_date":"15 octobre 2014","publisher_availability_label":"Sur commande","short_details":"Richard Bohringer \u2014 J'ai Lu","translator":null,"weight":92,"page_count":160,"readership":null,"editor":"J'ai Lu","price":600,"published_date":"2014-10-14T22:00:00.000000Z","support":"Poche","publisher_availability":1,"stock":0,"editions":["9782081260917"],"url":"https:\/\/quaidesbrumes.com\/ouvrage\/9782290037898\/les-nouveaux-contes-de-la-cite-perdue"},{"id":"9782234061392","title":"Lire la notice et vivre ensuite","description":"C'\u00e9tait un \u00e9t\u00e9 d'une chaleur \u00e0 rendre fou. Sabine Lachenay allait rejoindre Rocky dans une \u00eele des Cyclades. Pourquoi ne pas se laisser s\u00e9duire par ce boursicoteur vaniteux, puisque Rocco, celui qu'elle aime, pr\u00e9f\u00e8re les hommes ?\r\nCe qui s'est pass\u00e9 ensuite, Loulou et ses colliers multicolores, le mur qui s'effondre sur la falaise, Olympie ravag\u00e9e par les flammes, Sabine l'a oubli\u00e9. Elle n'y est pour rien. Mais avant, elle s'en souvient, elle a \u00e9t\u00e9 une jeune fille libre, une m\u00e8re fant\u00f4me impr\u00e9visible, une femme heureuse avec un homme trop t\u00f4t disparu. Avant, elle \u00e9tait la fillette d'un couple d\u00e9chir\u00e9, petite h\u00e9ro\u00efne d'un drame mis en sc\u00e8ne par Fran\u00e7ois Truffaut. \r\nCe qu'elle sait aujourd'hui, c'est que sa rage est partie en fum\u00e9e un soir du mois d'ao\u00fbt et qu'elle a enfin trouv\u00e9 la paix.","authors":["Muller-D"],"category_codes":["1000000","1010000"],"visuals":{"large":"https:\/\/images.epagine.fr\/392\/9782234061392_1_75.jpg","medium":"https:\/\/images.epagine.fr\/392\/9782234061392_1_m.jpg","thumbnail":"https:\/\/images.epagine.fr\/392\/9782234061392_1_v.jpg"},"orderable":true,"show_badge":true,"formatted_price":"20,00&nbsp;\u20ac","formatted_published_date":"9 avril 2008","publisher_availability_label":"Sur commande","short_details":"Muller-D \u2014 Stock","translator":null,"weight":320,"page_count":227,"readership":null,"editor":"Stock","price":2000,"published_date":"2008-04-08T22:00:00.000000Z","support":"Grand format","publisher_availability":1,"stock":0,"editions":[],"url":"https:\/\/quaidesbrumes.com\/ouvrage\/9782234061392\/lire-la-notice-et-vivre-ensuite"},{"id":"9782366661811","title":"Chronique des 100 collines","description":"Ce recueil de quarante-et-une histoires courtes \u00e9crites par l'auteur du roman Lancer Franc nous fait d\u00e9couvrir ce territoire rebelle et attachant qui vit au rythme de la balle orange.\r\nEntre fables, caricatures et fantaisies se d\u00e9voile peu \u00e0 peu le portrait d'une r\u00e9gion attirante et surprenante... et pourtant si proche et famili\u00e8re. Laissez-vous porter sur les routes tortueuses, les pentes abruptes et les fleuves du Pays des 100 Collines pour en appr\u00e9cier l'histoire et les personnages singuliers.\r\nQuelques-uns de ces r\u00e9cits ont d\u00e9j\u00e0 fait l'objet d'une publication dans le magazine Landes Basket Magazine (L.B.M.), la plupart de ceux publi\u00e9s ici sont in\u00e9dits.","authors":["Gilles Gard\u00e8res"],"category_codes":["1000000","1010000","1010100"],"visuals":{"large":"https:\/\/quaidesbrumes.com\/img\/book-placeholder.png","medium":"https:\/\/quaidesbrumes.com\/img\/book-placeholder.png","thumbnail":"https:\/\/quaidesbrumes.com\/img\/book-placeholder.png"},"orderable":true,"show_badge":true,"formatted_price":"12,00&nbsp;\u20ac","formatted_published_date":"21 avril 2023","publisher_availability_label":"Sur commande","short_details":"Gilles Gard\u00e8res \u2014 Gascogne","translator":null,"weight":301,"page_count":146,"readership":null,"editor":"Gascogne","price":1200,"published_date":"2023-04-20T22:00:00.000000Z","support":"Grand format","publisher_availability":1,"stock":0,"editions":[],"url":"https:\/\/quaidesbrumes.com\/ouvrage\/9782366661811\/chronique-des-100-collines"},{"id":"9782352851059","title":"Demandons l'impossible ; le roman feuilleton de mai 68","description":"Mai 1968, Hamon, co-auteur avec son ami Rotman du c\u00e9l\u00e8bre ''G\u00e9n\u00e9ration'' (Le Seuil), \u00e7a le conna\u00eet. Mais l\u00e0, en choisissant le roman-feuilleton (et l'humour), il d\u00e9cide de nous raconter tout autrement les \"\u00e9v\u00e9nements\".\r\nLe joli mois de mai, on le vit par le biais d'une famille, une famille moyenne, trois enfants, comme tout le monde, la province pas tr\u00e8s loin, la guerre pas oubli\u00e9e, le tremplin de Trente Glorieuses. L'h\u00e9ro\u00efne, c'est la m\u00e8re, une jeune femme au foyer qui, au fil des jours, va se vouloir une autre femme s'\u00e9vadant de sa condition seconde.\r\nAu fond, 68, c'est \u00e7a : une crise, une mise \u00e0 jour qui atteint chacun dans l'intimit\u00e9, qui bouscule tout le monde - r\u00e9volutionnaire ou pas.","authors":["Herv\u00e9 Hamon"],"category_codes":["1000000","1010000"],"visuals":{"large":"https:\/\/images.epagine.fr\/059\/9782352851059_1_75.jpg","medium":"https:\/\/images.epagine.fr\/059\/9782352851059_1_m.jpg","thumbnail":"https:\/\/images.epagine.fr\/059\/9782352851059_1_v.jpg"},"orderable":true,"show_badge":true,"formatted_price":"15,00&nbsp;\u20ac","formatted_published_date":"26 mars 2018","publisher_availability_label":"Sur commande","short_details":"Herv\u00e9 Hamon \u2014 GLYPHE","translator":null,"weight":280,"page_count":220,"readership":null,"editor":"GLYPHE","price":1500,"published_date":"2018-03-25T22:00:00.000000Z","support":"Grand format","publisher_availability":1,"stock":0,"editions":[],"url":"https:\/\/quaidesbrumes.com\/ouvrage\/9782352851059\/demandons-limpossible-le-roman-feuilleton-de-mai-68"},{"id":"9782296961418","title":"L'esprit en cage","description":"En attendant l'heure de son rendez-vous avec un \u00e9diteur, Marion, sculptrice de talent se r\u00e9fugie dans un estaminet parisien. Pour tuer le temps, elle observe les clients attabl\u00e9s autour d'elle et \u00e9crit sur le vif des histoires qui s'imposent, m\u00eal\u00e9es \u00e0 des \u00e9pisodes de sa vie.","authors":["Mich\u00e8le Armanet"],"category_codes":["1000000","1010000"],"visuals":{"large":"https:\/\/images.epagine.fr\/418\/9782296961418_1_75.jpg","medium":"https:\/\/images.epagine.fr\/418\/9782296961418_1_m.jpg","thumbnail":"https:\/\/images.epagine.fr\/418\/9782296961418_1_v.jpg"},"orderable":true,"show_badge":true,"formatted_price":"14,50&nbsp;\u20ac","formatted_published_date":"13 f\u00e9vrier 2012","publisher_availability_label":"Sur commande","short_details":"Mich\u00e8le Armanet \u2014 \u00c9ditions L'Harmattan","translator":null,"weight":155,"page_count":120,"readership":null,"editor":"\u00c9ditions L'Harmattan","price":1450,"published_date":"2012-02-12T23:00:00.000000Z","support":"Grand format","publisher_availability":1,"stock":0,"editions":[],"url":"https:\/\/quaidesbrumes.com\/ouvrage\/9782296961418\/lesprit-en-cage"},{"id":"9782363923806","title":"Amours au temps du communisme","description":"Il y a quelque chose de shakespearien dans ce roman de Bessa Myftiu, Albanaise installe\u00b4e en Suisse, qui e\u00b4crit en langue franc\u00b8aise. Elle tient le fil du re\u00b4cit de deux mains, l'une folle et l'autre sage, accordant a` merveille les coups de the\u00b4a^tre rocambolesques, le re\u00b4alisme de la peinture des sen- timents et la puissance des e\u00b4motions. Il n'y a point de mo- rale a` ces histoires mais quelques ve\u00b4rite\u00b4s bien trempe\u00b4es s'en de\u00b4gagent. Par exemple, qu'on se met souvent soi-me^me dans des situations sans issue. Que l'amour-propre et l'amour ne font pas bon me\u00b4nage. Qu'on ne se se\u00b4pare jamais d'aucun e^tre aime\u00b4 : on apprend a` vivre sans et a` l'aimer autrement. Parce qu'elles savent manier, avec gravite\u00b4 et le\u00b4ge`rete\u00b4, l'arme de l'humour, ces personnages ont terrasse\u00b4 leur de\u00b4sespoir. De`s lors, elles ont fait l'expe\u00b4rience que la joie est fille de la douleur, que les amours tragiques peuvent e^tre tre`s belles et que le pire n'est jamais certain.\r\nLe Figaro","authors":["Bessa Myftiu"],"category_codes":["1000000","1010000"],"visuals":{"large":"https:\/\/images.epagine.fr\/806\/9782363923806_1_75.jpg","medium":"https:\/\/images.epagine.fr\/806\/9782363923806_1_m.jpg","thumbnail":"https:\/\/images.epagine.fr\/806\/9782363923806_1_v.jpg"},"orderable":true,"show_badge":true,"formatted_price":"20,00&nbsp;\u20ac","formatted_published_date":"30 septembre 2021","publisher_availability_label":"Sur commande","short_details":"Bessa Myftiu \u2014 Ovadia","translator":null,"weight":296,"page_count":236,"readership":null,"editor":"Ovadia","price":2000,"published_date":"2021-09-29T22:00:00.000000Z","support":"Grand format","publisher_availability":1,"stock":0,"editions":[],"url":"https:\/\/quaidesbrumes.com\/ouvrage\/9782363923806\/amours-au-temps-du-communisme"},{"id":"9782952552622","title":"Khadan tadjanovich","description":null,"authors":["Puech Denis"],"category_codes":["1000000","1010000"],"visuals":{"large":"https:\/\/quaidesbrumes.com\/img\/book-placeholder.png","medium":"https:\/\/quaidesbrumes.com\/img\/book-placeholder.png","thumbnail":"https:\/\/quaidesbrumes.com\/img\/book-placeholder.png"},"orderable":true,"show_badge":true,"formatted_price":"12,00&nbsp;\u20ac","formatted_published_date":"26 d\u00e9cembre 2010","publisher_availability_label":"Sur commande","short_details":"Puech Denis \u2014 Nantais Rouge","translator":null,"weight":230,"page_count":null,"readership":null,"editor":"Nantais Rouge","price":1200,"published_date":"2010-12-25T23:00:00.000000Z","support":"Grand format","publisher_availability":1,"stock":0,"editions":[],"url":"https:\/\/quaidesbrumes.com\/ouvrage\/9782952552622\/khadan-tadjanovich"},{"id":"9782070132508","title":"La philosophie du porc et autres essais","description":"Liu Xiaobo n'a pas \u00e9crit de livre pr\u00e9sentant l'essentiel de ses id\u00e9es.\r\nIl s'est exprim\u00e9 par des articles publi\u00e9s soit dans la presse de Hong Kong, soit sur le net. Le pr\u00e9sent recueil comporte une introduction retra\u00e7ant sa biographie, puis une quinzaine d'articles r\u00e9partis dans les cinq parties pr\u00e9sent\u00e9es ci-dessous. Une bibliographie et une chronologie le compl\u00e8tent pour en faire l'ouvrage de r\u00e9f\u00e9rence sur le plus important dissident chinois. R\u00e9flexions sur la litt\u00e9rature : dans \u00ab La crise \u00bb, l'article qui l'a fait conna\u00eetre en 1986, Liu Xiaobo d\u00e9nonce la litt\u00e9rature de cicatrices, alors glorifi\u00e9e par le r\u00e9gime.\r\nCet article contient ses id\u00e9es fondamentales sur la litt\u00e9rature. Le mouvement pour la d\u00e9mocratie de 1989 : il a profond\u00e9ment boulevers\u00e9 les conceptions politiques et philosophiques de Liu Xiaobo. Nous pr\u00e9sentons ses r\u00e9flexions sur ce mouvement, notamment sur le r\u00f4le des simples citoyens dans la politique. Cette exp\u00e9rience l'a conduit \u00e0 entreprendre une r\u00e9flexion critique sur les formes de la r\u00e9sistance au totalitarisme.\r\nVivre dans la v\u00e9rit\u00e9 et la \u00ab philosophie du porc \u00bb : c'est surtout pour ses r\u00e9flexions sur la nature du r\u00e9gime post totalitaire que Liu s'est fait conna\u00eetre depuis 2000. Nous pr\u00e9sentons ses articles sur l'id\u00e9ologie du r\u00e9gime, sa description de la schizophr\u00e9nie qui s'empare des cadres du r\u00e9gime autant que des intellectuels, et sa critique de ce qu'il qualifie de \u00ab philosophie du porc \u00bb, cette vision du monde qui a conduit les intellectuels \u00e0 se laisser \u00ab acheter \u00bb par le parti communiste.\r\nLa soci\u00e9t\u00e9 civile : si Liu Xiaobo est tr\u00e8s critique de l'attitude des intellectuels, il ne perd cependant pas espoir car il estime que la soci\u00e9t\u00e9 chinoise a montr\u00e9 sa capacit\u00e9 de r\u00e9sistance au post totalitarisme. M\u00eame si elle ne correspond pas aux crit\u00e8res d\u00e9finis par les politologues, une forme de soci\u00e9t\u00e9 civile est apparue en Chine qui, par sa pression informelle, a conduit le pouvoir \u00e0 accorder un certain nombre de droits aux citoyens.\r\nLa Charte 08 et les 6 articles qui ont conduit Liu \u00e0 la prison, ainsi que sa plaidoirie devant le tribunal.","authors":["Xiaobo Liu","Jean-Philippe Beja"],"category_codes":["1000000","1010000"],"visuals":{"large":"https:\/\/images.epagine.fr\/508\/9782070132508_1_75.jpg","medium":"https:\/\/images.epagine.fr\/508\/9782070132508_1_m.jpg","thumbnail":"https:\/\/images.epagine.fr\/508\/9782070132508_1_v.jpg"},"orderable":true,"show_badge":true,"formatted_price":"26,40&nbsp;\u20ac","formatted_published_date":"24 mars 2011","publisher_availability_label":"Sur commande","short_details":"Xiaobo Liu, Jean-Philippe Beja \u2014 Gallimard","translator":"JEAN-PHILIPPE BEJA","weight":510,"page_count":528,"readership":"Tout public","editor":"Gallimard","price":2640,"published_date":"2011-03-23T23:00:00.000000Z","support":"Grand format","publisher_availability":1,"stock":0,"editions":[],"url":"https:\/\/quaidesbrumes.com\/ouvrage\/9782070132508\/la-philosophie-du-porc-et-autres-essais"},{"id":"9782913904248","title":"Le charmeur de mouettes","description":"Il n'est pas venu de si loin, de la France d'exil, que pour enterrer sa m\u00e8re \u00e0 Mogador o\u00f9, Berb\u00e8re, elle \u00e9tait n\u00e9e.\r\nO\u00f9, peut-\u00eatre, elle l'avait engendr\u00e9, lui, l'enfant sans p\u00e8re, le fils du vent, le b\u00e2tard. Avocat, sp\u00e9cialiste de droit international, il devrait tr\u00e8s vite rentrer \u00e0 Paris, y retrouver les farces d\u00e9risoires de la justice, mais dans le labyrinthe des ruelles serr\u00e9es de Mogador, il s'enlise, s'englue jusqu'\u00e0 devenir le disciple de Si Mohand, charmeur de mouettes et de go\u00e9lands, qui arpente la casbah et nourrit les oiseaux.","authors":["Ami Bouganim"],"category_codes":["1000000","1010000"],"visuals":{"large":"https:\/\/images.epagine.fr\/248\/9782913904248_1_75.jpg","medium":"https:\/\/images.epagine.fr\/248\/9782913904248_1_m.jpg","thumbnail":"https:\/\/images.epagine.fr\/248\/9782913904248_1_v.jpg"},"orderable":true,"show_badge":true,"formatted_price":"16,00&nbsp;\u20ac","formatted_published_date":"1er novembre 2005","publisher_availability_label":"Sur commande","short_details":"Ami Bouganim \u2014 Chambre D'Echos","translator":null,"weight":150,"page_count":128,"readership":null,"editor":"Chambre D'Echos","price":1600,"published_date":"2005-10-31T23:00:00.000000Z","support":"Grand format","publisher_availability":1,"stock":0,"editions":[],"url":"https:\/\/quaidesbrumes.com\/ouvrage\/9782913904248\/le-charmeur-de-mouettes"},{"id":"9782858683574","title":"Une doulce parolle","description":"Proposant un ouvrage accessible aussi bien aux chanteurs et chefs de choeur qu'aux amoureux de la langue du XVIe si\u00e8cle, Jacques Barbier r\u00e9unit une somme d'informations originales qui fait appara\u00eetre cette diversit\u00e9, voire les contradictions, des \"fran\u00e7ais\" et des \"latins\" dans l'Europe de la renaissance. A mi-chemin entre l'ouvrage d'\u00e9rudition et le guide pratique, Une doulce parolle... t\u00e9moigne du souci que les chanteurs d'hier et d'aujourd'hui accordent \u00e0 la musique de la langue.","authors":["Jacques Barbier"],"category_codes":["1000000","1010000"],"visuals":{"large":"https:\/\/images.epagine.fr\/574\/9782858683574_1_75.jpg","medium":"https:\/\/images.epagine.fr\/574\/9782858683574_1_m.jpg","thumbnail":"https:\/\/images.epagine.fr\/574\/9782858683574_1_v.jpg"},"orderable":true,"show_badge":true,"formatted_price":"21,00&nbsp;\u20ac","formatted_published_date":"23 mars 2011","publisher_availability_label":"Sur commande","short_details":"Jacques Barbier \u2014 VAN DE VELDE","translator":null,"weight":250,"page_count":null,"readership":null,"editor":"VAN DE VELDE","price":2100,"published_date":"2011-03-22T23:00:00.000000Z","support":"Grand format","publisher_availability":1,"stock":0,"editions":[],"url":"https:\/\/quaidesbrumes.com\/ouvrage\/9782858683574\/une-doulce-parolle"},{"id":"9782917859209","title":"Une gare de briques roses","description":"Une gare de briques roses est le r\u00e9cit du voyage que fait St\u00e9phanie \u00e0 Perpignan, sur la C\u00f4te Vermeille et le long du Tech, de la T\u00eat et de l'Agly sur la trace d'\u00e9crivains natifs ou ayant v\u00e9cu en Pays catalan. On passe ainsi de Julien Gracq \u00e0 Claude Simon ou de Rudyard Kipling \u00e0 Ludovic Mass\u00e9 ou Armand Lanoux.","authors":["Michel Wallon"],"category_codes":["1000000","1010000"],"visuals":{"large":"https:\/\/images.epagine.fr\/209\/9782917859209_1_75.jpg","medium":"https:\/\/images.epagine.fr\/209\/9782917859209_1_m.jpg","thumbnail":"https:\/\/images.epagine.fr\/209\/9782917859209_1_v.jpg"},"orderable":true,"show_badge":true,"formatted_price":"13,00&nbsp;\u20ac","formatted_published_date":"23 mai 2011","publisher_availability_label":"Sur commande","short_details":"Michel Wallon \u2014 Talaia","translator":null,"weight":200,"page_count":null,"readership":null,"editor":"Talaia","price":1300,"published_date":"2011-05-22T22:00:00.000000Z","support":"Grand format","publisher_availability":1,"stock":0,"editions":[],"url":"https:\/\/quaidesbrumes.com\/ouvrage\/9782917859209\/une-gare-de-briques-roses"},{"id":"9782866455606","title":"Le dernier eunuque","description":"C'est une \u00e9tonnante histoire qui a inspir\u00e9 ce roman.\r\nMais c'est pourtant une histoire vraie. Elle raconte la fantastique aventure de Mort\u00e9za, un petit paysan bossu, rejet\u00e9 par les siens, et qui, au sortir d'une enfance meurtrie, se voit interpell\u00e9 par le destin lorsqu'il sauve de la noyade la cousine du prince h\u00e9ritier de Perse, lequel le prend \u00e0 son service comme jardinier \u00e0 la cour, puis devient son ami. Devenu adolescent, Mort\u00e9za est reconnu impuissant par le m\u00e9decin du palais et devient \" petit eunuque \" au s\u00e9rail royal, charg\u00e9 de la protection des femmes destin\u00e9es au plaisir du roi.\r\nDevenu \" grand eunuque \" et jalous\u00e9 pour sa rapide ascension, il lui faut pourtant garder un secret qui pourrait lui co\u00fbter la vie : il n'a jamais \u00e9t\u00e9 impuissant... Il sera tr\u00e8s appr\u00e9ci\u00e9 par le shah qu'il accompagnera dans des voyages o\u00f9 il rencontrera toutes les familles royales et imp\u00e9riales d'Europe parmi lesquelles la reine Victoria et Sissi d'Autriche. Mort\u00e9za est mort en 1933, entour\u00e9 de ses quatre \u00e9pouses et de sa tr\u00e8s nombreuse descendance, riche et respect\u00e9 de tous.","authors":["Freidoune Sahebjam"],"category_codes":["1000000","1010000"],"visuals":{"large":"https:\/\/images.epagine.fr\/606\/9782866455606_1_75.jpg","medium":"https:\/\/images.epagine.fr\/606\/9782866455606_1_m.jpg","thumbnail":"https:\/\/images.epagine.fr\/606\/9782866455606_1_v.jpg"},"orderable":true,"show_badge":true,"formatted_price":"19,00&nbsp;\u20ac","formatted_published_date":"10 juin 2004","publisher_availability_label":"Sur commande","short_details":"Freidoune Sahebjam \u2014 F\u00e9lin","translator":null,"weight":322,"page_count":265,"readership":null,"editor":"F\u00e9lin","price":1900,"published_date":"2004-06-09T22:00:00.000000Z","support":"Grand format","publisher_availability":1,"stock":0,"editions":[],"url":"https:\/\/quaidesbrumes.com\/ouvrage\/9782866455606\/le-dernier-eunuque"},{"id":"9791095999577","title":"Le gout acre de la rhubarbe","description":"Qui va sauver Throttie, la jeune nonne tourment\u00e9e qui fait son jogging la nuit dans le parc du monast\u00e8re ? La m\u00e8re sup\u00e9rieure ? Pedro Rappa, le cur\u00e9 tatou\u00e9 des bidonvilles ? Ou Zermelo, l\u00e9trange pensionnaire de lEau Vive, linstitut psychiatrique voisin ? lt;br \/gt; Dans lintervalle, parmi les naufrag\u00e9s de lasile o\u00f9 le loufoque le dispute au sordide, un myst\u00e9rieux assassin s\u00e9vit, et un petit groupe dali\u00e9n\u00e9s imagine linvraisemblable cyber braquage dune v\u00e9n\u00e9rable institution...lt;br \/gt; Au fil de lenqu\u00eate, tous sont rattrap\u00e9s par les fant\u00f4mes du pass\u00e9.lt;br \/gt; Kurt Jais-Nielsen nen est pas \u00e0 son coup dessai. Apr\u00e8s avoir emmen\u00e9 ses lecteurs au Rwanda avec Ils ont abattu les grands arbres, il d\u00e9roule le fil de cette nouvelle intrigue au go\u00fbt \u00e2cre de la rhubarbe en milieu clos, entre asile et monast\u00e8re.","authors":["Kurt Jais-Nielsen"],"category_codes":["1000000","1010000"],"visuals":{"large":"https:\/\/images.epagine.fr\/577\/9791095999577_1_75.jpg","medium":"https:\/\/images.epagine.fr\/577\/9791095999577_1_m.jpg","thumbnail":"https:\/\/images.epagine.fr\/577\/9791095999577_1_v.jpg"},"orderable":true,"show_badge":true,"formatted_price":"15,00&nbsp;\u20ac","formatted_published_date":"15 juillet 2022","publisher_availability_label":"Sur commande","short_details":"Kurt Jais-Nielsen \u2014 Lettres Mouchetees","translator":null,"weight":285,"page_count":235,"readership":null,"editor":"Lettres Mouchetees","price":1500,"published_date":"2022-07-14T22:00:00.000000Z","support":"Grand format","publisher_availability":1,"stock":0,"editions":[],"url":"https:\/\/quaidesbrumes.com\/ouvrage\/9791095999577\/le-gout-acre-de-la-rhubarbe"},{"id":"9782070782383","title":"La r\u00e9conciliation","description":"Comment allons-nous faire, comment allons-nous supporter une chose pareille, se demande la narratrice, une traductrice quadrag\u00e9naire, contrainte d'h\u00e9berger son p\u00e8re le temps qu'il subisse des examens m\u00e9dicaux dans l'h\u00f4pital d'en face. Sans la pr\u00e9sence rassurante de ses jumeaux adolescents, partis en vacances. C'est le d\u00e9but d'un huis clos o\u00f9 se ravive le souvenir des blessures laiss\u00e9es par ce tyran inflexible et p\u00e9remptoire qui n'aura jamais fait r\u00e9gner que la terreur et se trouve maintenant affaibli par la peur de la mort. Et pourtant, mon p\u00e8re qui a tout fait pour m'emp\u00eacher de vivre n'y est peut-\u00eatre pas tout \u00e0 fait parvenu, pourra se dire cette femme une fois revenue \u00e0 sa vie d'avant. Avec causticit\u00e9 et une certaine distance ironique non d\u00e9nu\u00e9e d'espoir, Anne-Constance Vigier continue d'explorer les malentendus et les obstinations qui endommagent, d\u00e9truisent ou reconstruisent une vie.","authors":["Anne-constance Vigier"],"category_codes":["1000000","1010000"],"visuals":{"large":"https:\/\/images.epagine.fr\/383\/9782070782383_1_75.jpg","medium":"https:\/\/images.epagine.fr\/383\/9782070782383_1_m.jpg","thumbnail":"https:\/\/images.epagine.fr\/383\/9782070782383_1_v.jpg"},"orderable":true,"show_badge":true,"formatted_price":"14,10&nbsp;\u20ac","formatted_published_date":"25 ao\u00fbt 2008","publisher_availability_label":"Sur commande","short_details":"Anne-constance Vigier \u2014 Joelle Losfeld","translator":null,"weight":210,"page_count":138,"readership":null,"editor":"Joelle Losfeld","price":1410,"published_date":"2008-08-24T22:00:00.000000Z","support":"Grand format","publisher_availability":1,"stock":0,"editions":[],"url":"https:\/\/quaidesbrumes.com\/ouvrage\/9782070782383\/la-reconciliation"}]}