{"data":[{"id":"9782710370925","title":"Je suis mort il y a vingt-cinq ans","description":"Coney Island - Le Havre - Paris  Chronique des derniers mois d'un jeune dandy de province condamn\u00e9 par une maladie myst\u00e9rieuse, et histoire singuli\u00e8re de ces quelques ann\u00e9es intenses o\u00f9 toute une g\u00e9n\u00e9ration de 'jeunes gens modernes' basculait soudain de l'insouciance des seventies dans l'inexorable folie des ann\u00e9es 80. \r\nVif et tendu, avec un rien de m\u00e9lancolie et beaucoup d'humour, cet instantan\u00e9 capture l'essence m\u00eame d'une \u00e9poque. Les filles portaient alors des t-shirts Alice Cooper, les gar\u00e7ons tombaient sous le charme de Mireille Perrier, Boy Meets Girl. Boy meets boys aussi. \r\nTous avaient du mal \u00e0 croire qu'on pouvait aimer et en mourir, le rock \u00e9tait la vie et chacun se r\u00eavait plus ou moins chanteur de pop. C'\u00e9tait il y a vingt-cinq ans.","authors":["J\u00e9r\u00f4me Soligny","Val\u00e9rie Tong cuong"],"category_codes":["1000000","1010000"],"visuals":{"large":"https:\/\/images.epagine.fr\/925\/9782710370925_1_75.jpg","medium":"https:\/\/images.epagine.fr\/925\/9782710370925_1_m.jpg","thumbnail":"https:\/\/images.epagine.fr\/925\/9782710370925_1_v.jpg"},"orderable":true,"show_badge":true,"formatted_price":"7,10&nbsp;\u20ac","formatted_published_date":"20 mars 2014","publisher_availability_label":"Sur commande","short_details":"J\u00e9r\u00f4me Soligny, Val\u00e9rie Tong cuong \u2014 \u00c9ditions de La Table Ronde","translator":null,"weight":84,"page_count":112,"readership":null,"editor":"\u00c9ditions de La Table Ronde","price":710,"published_date":"2014-03-19T23:00:00.000000Z","support":"Poche","publisher_availability":1,"stock":0,"editions":[],"url":"https:\/\/quaidesbrumes.com\/ouvrage\/9782710370925\/je-suis-mort-il-y-a-vingt-cinq-ans"},{"id":"9782849212486","title":"Retour sur amour","description":"Ce sont deux musiciens de talent. Viviane, une chanteuse de jazz qui monte, Romain, un musicien d'orchestre classique. Elle p\u00e9tille, lui ronronne.\r\n\r\nLeur mariage se d\u00e9roule normalement, comme celui de deux familles bourgeoises mariant leurs enfants. Ils partent en Corse pour leur lune de miel. Sur l'\u00eele de beaut\u00e9, ils se d\u00e9couvrent, au propre comme au figur\u00e9. Cette belle histoire d'amour, qui commence sur une plage, se r\u00e9v\u00e8le petit \u00e0 petit plus compliqu\u00e9e qu'il n'y para\u00eet. Sous les apparences, couve le drame.\r\n\r\n \r\n\r\nRetour sur amour est men\u00e9 \u00e0 la mani\u00e8re d'un concerto. La petite musique de l'amour, tant\u00f4t nous fait frissonner de plaisir, tant\u00f4t nous fait peur. Ici, la passion, la suspicion et la trahison transpirent sous le soleil dans une symphonie chaotique. Un face \u00e0 face psychologique au coeur de l'amour.","authors":["Lo\u00efc Quintin"],"category_codes":["1000000","1010000"],"visuals":{"large":"https:\/\/images.epagine.fr\/486\/9782849212486_1_75.jpg","medium":"https:\/\/images.epagine.fr\/486\/9782849212486_1_m.jpg","thumbnail":"https:\/\/images.epagine.fr\/486\/9782849212486_1_v.jpg"},"orderable":true,"show_badge":true,"formatted_price":"19,00&nbsp;\u20ac","formatted_published_date":"24 octobre 2012","publisher_availability_label":"Sur commande","short_details":"Lo\u00efc Quintin \u2014 Editions Thot","translator":null,"weight":402,"page_count":326,"readership":null,"editor":"Editions Thot","price":1900,"published_date":"2012-10-23T22:00:00.000000Z","support":"Grand format","publisher_availability":1,"stock":0,"editions":[],"url":"https:\/\/quaidesbrumes.com\/ouvrage\/9782849212486\/retour-sur-amour"},{"id":"9782970100454","title":"De poussiere d'alcool  de sueur","description":null,"authors":["Gsell Josa"],"category_codes":["1000000","1010000"],"visuals":{"large":"https:\/\/quaidesbrumes.com\/img\/book-placeholder.png","medium":"https:\/\/quaidesbrumes.com\/img\/book-placeholder.png","thumbnail":"https:\/\/quaidesbrumes.com\/img\/book-placeholder.png"},"orderable":true,"show_badge":true,"formatted_price":"14,00&nbsp;\u20ac","formatted_published_date":"30 d\u00e9cembre 1999","publisher_availability_label":"Sur commande","short_details":"Gsell Josa \u2014 Torticolis Et Freres","translator":null,"weight":140,"page_count":null,"readership":null,"editor":"Torticolis Et Freres","price":1400,"published_date":"1999-12-29T23:00:00.000000Z","support":"Grand format","publisher_availability":1,"stock":0,"editions":[],"url":"https:\/\/quaidesbrumes.com\/ouvrage\/9782970100454\/de-poussiere-dalcool-de-sueur"},{"id":"9782213638546","title":"La r\u00e9v\u00e9lation","description":"Naumburg, petite ville de l'ex-Allemagne de l'Est, au lendemain de la chute du Mur.\r\nUn soir de No\u00ebl, Jakob Kemper, organiste titulaire de l'\u00e9glise Saint-Wenceslas, trouve par hasard un manuscrit autographe qu'il attribue imm\u00e9diatement \u00e0 Jean-S\u00e9bastien Bach. Cette d\u00e9couverte va litt\u00e9ralement bouleverser la vie de cet original, convaincu d'\u00eatre promis \u00e0 une destin\u00e9e d'exception, en d\u00e9pit des cruels d\u00e9mentis que lui a apport\u00e9s l'existence. Le moment est venu pour lui de prendre sa revanche : \u00e0 d\u00e9faut d'\u00eatre reconnu comme un compositeur c\u00e9l\u00e8bre, un chef d'orchestre renomm\u00e9 ou un musicologue respect\u00e9, il sera l'heureux d\u00e9positaire de l'oeuvre ultime du cantor de Leipzig.\u00a0\u00a0\u00a0 M\u00e9prises, quiproquos et traits d'humour \u00e9maillent ce roman au rythme soutenu.\u00a0\u00a0\u00a0 N\u00e9 en 1961 en Autriche, Robert Schneider se passionne tr\u00e8s t\u00f4t pour la musique et suit, entre autres, des \u00e9tudes de composition.\r\nAuteur reconnu de pi\u00e8ces de th\u00e9\u00e2tre et d'oeuvres en prose, il s'impose avec son roman Fr\u00e8re Sommeil, salu\u00e9 par la critique, traduuit en de nombreuses langues et couronn\u00e9, en France, par le prix M\u00e9dicis \u00e9tranger (1994).Traduit de l'allemand par Brigitte D\u00e9chin.","authors":["Robert Schneider","Brigitte Dechin"],"category_codes":["1000000","1010000"],"visuals":{"large":"https:\/\/images.epagine.fr\/546\/9782213638546_1_75.jpg","medium":"https:\/\/images.epagine.fr\/546\/9782213638546_1_m.jpg","thumbnail":"https:\/\/images.epagine.fr\/546\/9782213638546_1_v.jpg"},"orderable":true,"show_badge":true,"formatted_price":"22,90&nbsp;\u20ac","formatted_published_date":"9 mars 2011","publisher_availability_label":"Sur commande","short_details":"Robert Schneider, Brigitte Dechin \u2014 Fayard","translator":"BRIGITTE DECHIN","weight":548,"page_count":317,"readership":null,"editor":"Fayard","price":2290,"published_date":"2011-03-08T23:00:00.000000Z","support":"Grand format","publisher_availability":1,"stock":0,"editions":[],"url":"https:\/\/quaidesbrumes.com\/ouvrage\/9782213638546\/la-revelation"},{"id":"9782874597336","title":"Le chemin des ormes","description":"\"L'un des premiers r\u00eaves qui me soient venus apr\u00e8s ta disparition contient tous les clich\u00e9s requis dans des circonstances de deuil : j'\u00e9tais seule dans un grenier par lequel on acc\u00e9dait par un escalier de bois donnant directement dans la pi\u00e8ce o\u00f9 je me trouvais. J'\u00e9tais assise par terre, sur le plancher de bois brut, entour\u00e9e de bo\u00eetes en carton contenant des photos. D'autres photos jonchaient le sol. Il y en avait partout. Des photos en noir et blanc, d\u00e9j\u00e0 jaunies par les ann\u00e9es. Tu es arriv\u00e9 par l'escalier et m'as rejointe. Tu t'es mis \u00e0 trier les photos avec moi, et de temps en temps, tu m'en montrais une. \r\nUn expert analysant ce r\u00eave dirait sans doute que les photos sont mes souvenirs mat\u00e9rialis\u00e9s. Que tu viens m'aider \u00e0 y \u00ab mettre de l'ordre \u00bb, pour que mon esprit retrouve sa s\u00e9r\u00e9nit\u00e9. Que les quelques photos que tu sors du lot sont des \u00e9pisodes dont tu te souviens sp\u00e9cialement ou qui te sont particuli\u00e8rement chers, et que tu me les montres car tu voudrais que je m'en souvienne, moi aussi. Sois tranquille : je n'oublie rien.\"  Isabelle a presque sept ans quand elle rencontre Pierrot, un \"grand\" de dix ans pass\u00e9s. Il va devenir son ami et enchanter ses \u00e9t\u00e9s \u00e0 venir, de la d\u00e9couverte \u00e9merveill\u00e9e de la nature aux fantaisies mutines de son humour sans complexes, jusqu'\u00e0 l'accident, quand elle a quinze ans. Elle doit renoncer \u00e0 ce qui n'\u00e9tait encore qu'un r\u00eave et vivre avec l'absence, des ann\u00e9es durant, avant de pouvoir enfin trouver la paix avec elle-m\u00eame.","authors":["Isabelle Knuts"],"category_codes":["1000000","1010000"],"visuals":{"large":"https:\/\/images.epagine.fr\/336\/9782874597336_1_75.jpg","medium":"https:\/\/images.epagine.fr\/336\/9782874597336_1_m.jpg","thumbnail":"https:\/\/images.epagine.fr\/336\/9782874597336_1_v.jpg"},"orderable":true,"show_badge":true,"formatted_price":"19,30&nbsp;\u20ac","formatted_published_date":"13 juin 2013","publisher_availability_label":"Sur commande","short_details":"Isabelle Knuts \u2014 Chloe Des Lys","translator":null,"weight":190,"page_count":130,"readership":null,"editor":"Chloe Des Lys","price":1930,"published_date":"2013-06-12T22:00:00.000000Z","support":"Grand format","publisher_availability":1,"stock":0,"editions":[],"url":"https:\/\/quaidesbrumes.com\/ouvrage\/9782874597336\/le-chemin-des-ormes"},{"id":"9782296554566","title":"Une amiti\u00e9 alg\u00e9rienne","description":"Oran. 1961-1962. La guerre d'Alg\u00e9rie tire \u00e0 sa fin. La ville est livr\u00e9e \u00e0 la tuerie absurde, \u00e0 la folie, \u00e0 l'autodestruction. Un peu \u00e0 l'\u00e9cart, un village alg\u00e9rien de paysans et de p\u00eacheurs appara\u00eet comme un havre de paix. Ce n'est qu'une apparence. Un jeune instituteur, Antoine Esquirol, y a \u00e9t\u00e9 nomm\u00e9. Il a cru en l'Alg\u00e9rie fran\u00e7aise mais, sur place, il d\u00e9couvre une soci\u00e9t\u00e9 qui lui avait \u00e9t\u00e9 tenue invisible jusque-l\u00e0, avec sa culture, son histoire, ses contradictions propres.","authors":["Bernard Zimmermann"],"category_codes":["1000000","1010000"],"visuals":{"large":"https:\/\/images.epagine.fr\/566\/9782296554566_1_75.jpg","medium":"https:\/\/images.epagine.fr\/566\/9782296554566_1_m.jpg","thumbnail":"https:\/\/images.epagine.fr\/566\/9782296554566_1_v.jpg"},"orderable":true,"show_badge":true,"formatted_price":"18,50&nbsp;\u20ac","formatted_published_date":"18 mai 2011","publisher_availability_label":"Sur commande","short_details":"Bernard Zimmermann \u2014 \u00c9ditions L'Harmattan","translator":null,"weight":225,"page_count":null,"readership":null,"editor":"\u00c9ditions L'Harmattan","price":1850,"published_date":"2011-05-17T22:00:00.000000Z","support":"Grand format","publisher_availability":1,"stock":0,"editions":[],"url":"https:\/\/quaidesbrumes.com\/ouvrage\/9782296554566\/une-amitie-algerienne"},{"id":"9782930333250","title":"Le baume du tigre","description":"Quatre nouvelles d'un des plus importants \u00e9crivains croates contemporains traduites du croate par Tomislav Dretar et G\u00e9rard Adam, o\u00f9 il est question de tyrannie des sens, d\u00b4incommunicabilit\u00e9, de fragilit\u00e9 des relations. Un membre d\u00b4une d\u00e9l\u00e9gation officielle en Chine se laisse pi\u00e9ger par une prostitu\u00e9e qui le confronte \u00e0 sa m\u00e9diocrit\u00e9\u00a0; l\u00b4achat d\u00b4un stock de baume du tigre, dans l\u00b4espoir fallacieux de le revendre avec un plantureux b\u00e9n\u00e9fice, fera de lui un r\u00eaveur fou. Un chercheur de p\u00e9trole dans le d\u00e9sert marocain - alors que l\u00b4auteur, qui a v\u00e9cu au Maroc, sait tr\u00e8s bien qu\u00b4il n\u00b4y en a pas - force dans une chambre d\u00b4h\u00f4tel une femme qui tente en vain de lui faire comprendre qu\u00b4elle est atteinte du sida. Le road-movie de deux amis qui parcourent l\u00b4Inde \u00e0 l\u00b4\u00e9poque des hippies et, apr\u00e8s avoir \u00e9chapp\u00e9 \u00e0 la mort, fraternisent par l\u00b4\u00e9change du sang, n\u00b4emp\u00eache pas que, bien plus tard, se croisant dans un escalier, ils ne se reconnaissent plus. Le r\u00e9cit d\u00b4une banale aventure amoureuse dans la bourgeoisie de Split, commenc\u00e9 \u00e0 l\u00b4\u00e9poque de l\u00b4Empire austro-hongrois dans un style romanesque et grandiloquent, est achev\u00e9 des d\u00e9cennies plus tard sur un mode parodique et pornographique.","authors":["Drazen Katunaric"],"category_codes":["1000000","1010000"],"visuals":{"large":"https:\/\/images.epagine.fr\/250\/9782930333250_1_75.jpg","medium":"https:\/\/images.epagine.fr\/250\/9782930333250_1_m.jpg","thumbnail":"https:\/\/images.epagine.fr\/250\/9782930333250_1_v.jpg"},"orderable":true,"show_badge":true,"formatted_price":"16,00&nbsp;\u20ac","formatted_published_date":"20 janvier 2009","publisher_availability_label":"Sur commande","short_details":"Drazen Katunaric \u2014 MEO","translator":null,"weight":220,"page_count":null,"readership":null,"editor":"MEO","price":1600,"published_date":"2009-01-19T23:00:00.000000Z","support":"Grand format","publisher_availability":1,"stock":0,"editions":[],"url":"https:\/\/quaidesbrumes.com\/ouvrage\/9782930333250\/le-baume-du-tigre"},{"id":"9782918108047","title":"La saison des fant\u00f4mes","description":"En quelques lignes virtuoses, m\u00e9ticuleuses et exactes, quelques mots choisis avec rigueur, justesse et talent, Ana Maria Shua transporte le lecteur sur le terrain mouvant de microfictions famili\u00e8rement \u00e9tranges, dans cet univers d'\u00e9motions plurielles o\u00f9 chaque r\u00e9cit, chaque phrase m\u00e9nage son effet, d\u00e9voile un nouveau coup de th\u00e9\u00e2tre, un \u00e9clair po\u00e9tique ou une trouvaille litt\u00e9raire. La Saison des Fant\u00f4mes, ouvrage qui comporte une centaine de r\u00e9cits, se lit et se relit avec d\u00e9lectation, soumettant au lecteur de nouveaux sens, de nouveaux d\u00e9tails, qui r\u00e9v\u00e8lent l'ing\u00e9niosit\u00e9 discr\u00e8te que l'auteur d\u00e9ploie, pla\u00e7ant Ana Maria Shua parmi les ma\u00eetres incontest\u00e9s du genre narratif tr\u00e8s bref.","authors":["Ana Mar\u00eda Shua"],"category_codes":["1000000","1010000"],"visuals":{"large":"https:\/\/images.epagine.fr\/047\/9782918108047_1_75.jpg","medium":"https:\/\/images.epagine.fr\/047\/9782918108047_1_m.jpg","thumbnail":"https:\/\/images.epagine.fr\/047\/9782918108047_1_v.jpg"},"orderable":true,"show_badge":true,"formatted_price":"15,50&nbsp;\u20ac","formatted_published_date":"23 novembre 2010","publisher_availability_label":"Sur commande","short_details":"Ana Mar\u00eda Shua \u2014 Cataplum-E","translator":null,"weight":150,"page_count":null,"readership":null,"editor":"Cataplum-E","price":1550,"published_date":"2010-11-22T23:00:00.000000Z","support":"Grand format","publisher_availability":1,"stock":0,"editions":[],"url":"https:\/\/quaidesbrumes.com\/ouvrage\/9782918108047\/la-saison-des-fantomes"},{"id":"9782930333243","title":"La grinche","description":"Dans les ann\u00e9es 1950, La Grinche, jeune handicap\u00e9e, vit dans un petit village recul\u00e9 avec sa grand-m\u00e8re, la Vieille. L\u00b4apparition d\u00b4un inconnu venu de nulle part va faire na\u00eetre la rumeur et provoquer dans ce coin paisible des \u00e9v\u00e9nements qui r\u00e9veillent les m\u00e9moires volontairement assoupies. Un viol, un meurtre ancien... Le pass\u00e9 ressurgit brutalement. La Grinche et l\u00b4inconnu nouent une relation complexe et forte dans cette v\u00e9ritable trag\u00e9die rurale. \u00ab\u00a0Fran\u00e7oise Pirart donne avec \"La Grinche\" un roman qui remue le pass\u00e9. Pass\u00e9 d\u00b4un village accroch\u00e9 \u00e0 ses traditions. Pass\u00e9 d\u00b4une famille r\u00e9duite \u00e0 plus grand-chose. La souffrance est pass\u00e9e par l\u00e0, et le meurtre peut-\u00eatre. Une menace sourde r\u00f4de. Un lourd secret p\u00e8se sur les pens\u00e9es de la Vieille. Sa petite-fille la Grinche, enfant d\u00e9bile, n\u00b4en saisit sans doute pas grand chose. Mais quand le d\u00e9serteur s\u00b4installe au hameau, les douleurs enfouies se r\u00e9veillent. (Pascale Haubruge, LE SOIR).  Apr\u00e8s sa premi\u00e8re publication en 1998 aux \u00e9ditions Bernard Gilson, ce roman a obtenu le prix Gauchez-Philippot","authors":["Fran\u00e7oise Pirart"],"category_codes":["1000000","1010000"],"visuals":{"large":"https:\/\/images.epagine.fr\/243\/9782930333243_1_75.jpg","medium":"https:\/\/images.epagine.fr\/243\/9782930333243_1_m.jpg","thumbnail":"https:\/\/images.epagine.fr\/243\/9782930333243_1_v.jpg"},"orderable":true,"show_badge":true,"formatted_price":"14,00&nbsp;\u20ac","formatted_published_date":"11 novembre 2008","publisher_availability_label":"Sur commande","short_details":"Fran\u00e7oise Pirart \u2014 MEO","translator":null,"weight":220,"page_count":null,"readership":null,"editor":"MEO","price":1400,"published_date":"2008-11-10T23:00:00.000000Z","support":"Grand format","publisher_availability":1,"stock":0,"editions":[],"url":"https:\/\/quaidesbrumes.com\/ouvrage\/9782930333243\/la-grinche"},{"id":"9782296117648","title":"Saison des figues et autres nouvelles","description":"\u00c0 travers des anecdotes aussi dr\u00f4les que tristes, le narrateur nous relate son enfance mis\u00e9rable dans le Maroc rural des ann\u00e9es 1950-1960. Il \u00e9voque la faim, les poux, la brutalit\u00e9 des hommes, les figues... Mais surtout il nous donne \u00e0 voir un petit gar\u00e7on quelque peu en marge de la soci\u00e9t\u00e9, passionn\u00e9 de lecture, et une m\u00e8re d\u00e9munie de tout secouant ciel et terre pour prot\u00e9ger et nourri ses enfants.","authors":["Mustapha Kharmoudi"],"category_codes":["1000000","1010000"],"visuals":{"large":"https:\/\/images.epagine.fr\/648\/9782296117648_1_75.jpg","medium":"https:\/\/images.epagine.fr\/648\/9782296117648_1_m.jpg","thumbnail":"https:\/\/images.epagine.fr\/648\/9782296117648_1_v.jpg"},"orderable":true,"show_badge":true,"formatted_price":"13,00&nbsp;\u20ac","formatted_published_date":"19 avril 2010","publisher_availability_label":"Sur commande","short_details":"Mustapha Kharmoudi \u2014 \u00c9ditions L'Harmattan","translator":null,"weight":146,"page_count":null,"readership":null,"editor":"\u00c9ditions L'Harmattan","price":1300,"published_date":"2010-04-18T22:00:00.000000Z","support":"Grand format","publisher_availability":1,"stock":0,"editions":[],"url":"https:\/\/quaidesbrumes.com\/ouvrage\/9782296117648\/saison-des-figues-et-autres-nouvelles"},{"id":"9782843211270","title":"Lettres de la marquise de m*** au comte de r***","description":"Les Lettres de la Marquise de M*** au Comte de R*** est la premi\u00e8re grande oeuvre d'un \u00e9crivain de vingt-cinq ans. Il s'agit d'un roman par lettres qui ne donne \u00e0 lire de cette correspondance amoureuse que les lettres de la femme.\r\nMari\u00e9e contre son go\u00fbt, la marquise cultive les figures successives d'une passion dont elle fait la substance de son existence. Toute la gamme des modalit\u00e9s de l'amour se propose \u00e0 une \u00e9pistoli\u00e8re fort habile \u00e0 mettre en spectacle la vie du coeur. Rien n'\u00e9chappe \u00e0 l'h\u00e9ro\u00efne des dangers vers lesquels elle court. Mais la raison n'est d'aucune efficacit\u00e9 contre la passion.\r\nLe roman de Cr\u00e9billon procure ces pages rares o\u00f9 l'\u00e9motion coexiste avec la perception de l'artifice qui devrait l'abolir.\r\nLa qualit\u00e9 de l'oeuvre, la ma\u00eetrise du romancier, le style, font des Lettres de la Marquise l'un des plus beaux romans des Lumi\u00e8res.","authors":["Cr\u00e9billon fils"],"category_codes":["1000000","1010000"],"visuals":{"large":"https:\/\/images.epagine.fr\/270\/9782843211270_1_75.jpg","medium":"https:\/\/images.epagine.fr\/270\/9782843211270_1_m.jpg","thumbnail":"https:\/\/images.epagine.fr\/270\/9782843211270_1_v.jpg"},"orderable":true,"show_badge":true,"formatted_price":"13,70&nbsp;\u20ac","formatted_published_date":"4 juin 2010","publisher_availability_label":"Sur commande","short_details":"Cr\u00e9billon fils \u2014 DESJONQUERES","translator":null,"weight":348,"page_count":258,"readership":null,"editor":"DESJONQUERES","price":1370,"published_date":"2010-06-03T22:00:00.000000Z","support":"Grand format","publisher_availability":1,"stock":0,"editions":[],"url":"https:\/\/quaidesbrumes.com\/ouvrage\/9782843211270\/lettres-de-la-marquise-de-m-au-comte-de-r"},{"id":"9782892954685","title":"Volte-face et malaises","description":null,"authors":["Rafa\u00eble Germain"],"category_codes":[],"visuals":{"large":"https:\/\/images.epagine.fr\/685\/9782892954685_1_75.jpg","medium":"https:\/\/images.epagine.fr\/685\/9782892954685_1_m.jpg","thumbnail":"https:\/\/images.epagine.fr\/685\/9782892954685_1_v.jpg"},"orderable":true,"show_badge":true,"formatted_price":"25,50&nbsp;\u20ac","formatted_published_date":"15 mars 2026","publisher_availability_label":"Sur commande","short_details":"Rafa\u00eble Germain \u2014 Typo","translator":null,"weight":501,"page_count":null,"readership":null,"editor":"Typo","price":2550,"published_date":"2026-03-14T23:00:00.000000Z","support":"Grand format","publisher_availability":1,"stock":0,"editions":[],"url":"https:\/\/quaidesbrumes.com\/ouvrage\/9782892954685\/volte-face-et-malaises"},{"id":"9782296548039","title":"La cl\u00e9 de mes songes","description":"Xiao Yu est n\u00e9e \u00e0 l'\u00e9poque de Mao, d'un couple d'officiers de l'arm\u00e9e chinoise. Elle a grandi \u00e0 P\u00e9kin, \u00e9lev\u00e9e par ses grands-parents. En 1989, les \u00e9v\u00e9nements dramatiques de Tian An Men, ont pouss\u00e9 la jeune fille \u00e0 abandonner son travail et sa famille pour se r\u00e9fugier en France. C'est le r\u00e9cit d'un combat : tracer les fronti\u00e8res entre pass\u00e9 et pr\u00e9sent, entre vie et mort.","authors":["Jian Guan"],"category_codes":["1000000","1010000"],"visuals":{"large":"https:\/\/images.epagine.fr\/039\/9782296548039_1_75.jpg","medium":"https:\/\/images.epagine.fr\/039\/9782296548039_1_m.jpg","thumbnail":"https:\/\/images.epagine.fr\/039\/9782296548039_1_v.jpg"},"orderable":true,"show_badge":true,"formatted_price":"25,50&nbsp;\u20ac","formatted_published_date":"16 mai 2011","publisher_availability_label":"Sur commande","short_details":"Jian Guan \u2014 \u00c9ditions L'Harmattan","translator":null,"weight":320,"page_count":null,"readership":null,"editor":"\u00c9ditions L'Harmattan","price":2550,"published_date":"2011-05-15T22:00:00.000000Z","support":"Grand format","publisher_availability":1,"stock":0,"editions":[],"url":"https:\/\/quaidesbrumes.com\/ouvrage\/9782296548039\/la-cle-de-mes-songes"},{"id":"9782884748889","title":"Le ciel est plein de pierres","description":"Graham Rouge, photographe animalier, habite seul dans le haut d'un gros village, entre montagne et plaine.\r\nCe qui survient dans son entourage proche, un hiver, en quelques heures, le bouleverse. Malheur, bonheur : implacable sym\u00e9trie ? M\u00fb par un sentiment d'urgence, Graham s'engage \u00e0 rebours sur les traces de chacun et tire les fils de la m\u00e9moire mais toute v\u00e9rit\u00e9 doit-elle se faire jour ? Dans la lign\u00e9e de son pr\u00e9c\u00e9dent roman, la conjonction d'une langue po\u00e9tique et d'un univers imaginaire.","authors":["Jacques-pierre Am\u00e9e"],"category_codes":["1000000","1010000"],"visuals":{"large":"https:\/\/images.epagine.fr\/889\/9782884748889_1_75.jpg","medium":"https:\/\/images.epagine.fr\/889\/9782884748889_1_m.jpg","thumbnail":"https:\/\/images.epagine.fr\/889\/9782884748889_1_v.jpg"},"orderable":true,"show_badge":true,"formatted_price":"20,30&nbsp;\u20ac","formatted_published_date":"22 septembre 2011","publisher_availability_label":"Sur commande","short_details":"Jacques-pierre Am\u00e9e \u2014 INFOLIO","translator":null,"weight":264,"page_count":205,"readership":null,"editor":"INFOLIO","price":2030,"published_date":"2011-09-21T22:00:00.000000Z","support":"Grand format","publisher_availability":1,"stock":0,"editions":[],"url":"https:\/\/quaidesbrumes.com\/ouvrage\/9782884748889\/le-ciel-est-plein-de-pierres"},{"id":"9782841863693","title":"Pomme q.","description":"\" En calculant tout ce que contr\u00f4lait cette machine, des postes t\u00e9l\u00e9phoniques \u00e0 la climatisation, je me suis rendu compte \u00e0 quel point certains ordinateurs avaient d\u00e9j\u00e0 le destin des hommes entre leurs puces \". Apr\u00e8s Pomme Q vous ne regarderez plus votre ordinateur de la m\u00eame fa\u00e7on...","authors":["Emilie Stone"],"category_codes":["1000000","1010000"],"visuals":{"large":"https:\/\/images.epagine.fr\/693\/9782841863693_1_75.jpg","medium":"https:\/\/images.epagine.fr\/693\/9782841863693_1_m.jpg","thumbnail":"https:\/\/images.epagine.fr\/693\/9782841863693_1_v.jpg"},"orderable":true,"show_badge":true,"formatted_price":"14,20&nbsp;\u20ac","formatted_published_date":"1er janvier 2007","publisher_availability_label":"Sur commande","short_details":"Emilie Stone \u2014 MICHALON","translator":null,"weight":190,"page_count":153,"readership":null,"editor":"MICHALON","price":1420,"published_date":"2006-12-31T23:00:00.000000Z","support":"Grand format","publisher_availability":1,"stock":0,"editions":[],"url":"https:\/\/quaidesbrumes.com\/ouvrage\/9782841863693\/pomme-q"},{"id":"9782842636975","title":"Je me voyais d\u00e9j\u00e0...","description":"Alors que j'\u00e9talais la partie sup\u00e9rieure d'une affiche annon\u00e7ant la tourn\u00e9e d'\u00e9t\u00e9 de Dany Brillant, j'avais r\u00e9alis\u00e9 un peu tard que je n'avais pas le bras assez long.\r\nCe qui n'\u00e9tait pas une d\u00e9couverte en soi. Et j'avais bascul\u00e9 par-dessus le garde-fou de nacelle, avant de me r\u00e9veiller immobilis\u00e9 sur un lit d'h\u00f4pital. - Tu n'as m\u00eame pas tenu deux minutes en haut de l'affiche, s'\u00e9tait moqu\u00e9e Aline en dessinant une t\u00eate de mort sur mon pl\u00e2tre.","authors":["Chefdeville"],"category_codes":["1000000","1010000"],"visuals":{"large":"https:\/\/images.epagine.fr\/975\/9782842636975_1_75.jpg","medium":"https:\/\/images.epagine.fr\/975\/9782842636975_1_m.jpg","thumbnail":"https:\/\/images.epagine.fr\/975\/9782842636975_1_v.jpg"},"orderable":true,"show_badge":true,"formatted_price":"20,00&nbsp;\u20ac","formatted_published_date":"3 mars 2012","publisher_availability_label":"Sur commande","short_details":"Chefdeville \u2014 Le Dilettante","translator":null,"weight":363,"page_count":284,"readership":null,"editor":"Le Dilettante","price":2000,"published_date":"2012-03-02T23:00:00.000000Z","support":"Grand format","publisher_availability":1,"stock":0,"editions":[],"url":"https:\/\/quaidesbrumes.com\/ouvrage\/9782842636975\/je-me-voyais-deja"},{"id":"9782844981387","title":"L'enfant nu","description":"Un enfant de onze ans, en pleine Occupation, s'\u00e9prend dans le Midi d'une fille de dix-sept ans, Mich\u00e8le, capricieuse, raisonnable et lucide parfois, mais souvent passionn\u00e9e jusqu'\u00e0 la folie. Avec pr\u00e9cision, comme \u00e0 l'aide d'un scalpel, Jean Verdun montre la naissance d'un \u00eatre \u00e0 la vie des sens, des sensations, des sentiments et de la pens\u00e9e. L'enfant nu est un grand roman de l'adolescence et une \u00e9tude cruelle des m\u00e9faits de l'\u00e9ducation provinciale. Le grand int\u00e9r\u00eat du livre se situe dans la d\u00e9mesure des sentiments : Mich\u00e8le passe pour folle ; en fait, son \u00e2me n'a pas de frein et ses amours comme ses haines excessives la d\u00e9truisent. Les dieux ne pardonnent pas la d\u00e9mesure aux hommes. Par ce c\u00f4t\u00e9, L'enfant nu, au-del\u00e0 de sa dimension litt\u00e9raire et scandaleuse, touche aux limites m\u00eames de la condition humaine.","authors":["Jean Verdun"],"category_codes":["1000000","1010000"],"visuals":{"large":"https:\/\/images.epagine.fr\/387\/9782844981387_1_75.jpg","medium":"https:\/\/images.epagine.fr\/387\/9782844981387_1_m.jpg","thumbnail":"https:\/\/images.epagine.fr\/387\/9782844981387_1_v.jpg"},"orderable":true,"show_badge":true,"formatted_price":"23,00&nbsp;\u20ac","formatted_published_date":"4 novembre 2011","publisher_availability_label":"Sur commande","short_details":"Jean Verdun \u2014 Aub\u00e9ron","translator":null,"weight":494,"page_count":292,"readership":null,"editor":"Aub\u00e9ron","price":2300,"published_date":"2011-11-03T23:00:00.000000Z","support":"Grand format","publisher_availability":1,"stock":0,"editions":[],"url":"https:\/\/quaidesbrumes.com\/ouvrage\/9782844981387\/lenfant-nu"},{"id":"9782350051147","title":"Gingolph l'abandonn\u00e9","description":"R\u00e9cit de la vie d'un jeune marin de Boulogne au XIXe si\u00e8cle.","authors":["Ren\u00e9 Bazin"],"category_codes":["1000000","1010000"],"visuals":{"large":"https:\/\/images.epagine.fr\/147\/9782350051147_1_75.jpg","medium":"https:\/\/images.epagine.fr\/147\/9782350051147_1_m.jpg","thumbnail":"https:\/\/images.epagine.fr\/147\/9782350051147_1_v.jpg"},"orderable":true,"show_badge":true,"formatted_price":"18,00&nbsp;\u20ac","formatted_published_date":"1er d\u00e9cembre 2014","publisher_availability_label":"Sur commande","short_details":"Ren\u00e9 Bazin \u2014 Clovis","translator":null,"weight":300,"page_count":400,"readership":null,"editor":"Clovis","price":1800,"published_date":"2014-11-30T23:00:00.000000Z","support":"Grand format","publisher_availability":1,"stock":0,"editions":[],"url":"https:\/\/quaidesbrumes.com\/ouvrage\/9782350051147\/gingolph-labandonne"},{"id":"9782842637637","title":"Le tournant de la rigueur","description":"Lyon, 1983. Un groupe de rock fran\u00e7ais, les Futuristes, conna\u00eet les balbutiements d'un succ\u00e8s qui ne demande qu'\u00e0 s'accro\u00eetre pour conqu\u00e9rir le monde... Encore faut-il \u00eatre \u00e0 la hauteur de ses ambitions. Le groupe, \u00e0 l'instar de la gauche au pouvoir, va-t-il prendre ce fameux tournant de la rigueur qui, en vous d\u00e9lestant de vos illusions, peut aussi vous permettre de survivre ? \u00a0Un regard sceptique sur le mythe rock n' rollesque (et gauchiste).\u00a0","authors":["Milan Dargent"],"category_codes":["1000000","1010000"],"visuals":{"large":"https:\/\/images.epagine.fr\/637\/9782842637637_1_75.jpg","medium":"https:\/\/images.epagine.fr\/637\/9782842637637_1_m.jpg","thumbnail":"https:\/\/images.epagine.fr\/637\/9782842637637_1_v.jpg"},"orderable":true,"show_badge":true,"formatted_price":"16,00&nbsp;\u20ac","formatted_published_date":"2 mars 2013","publisher_availability_label":"Sur commande","short_details":"Milan Dargent \u2014 Le Dilettante","translator":null,"weight":192,"page_count":190,"readership":null,"editor":"Le Dilettante","price":1600,"published_date":"2013-03-01T23:00:00.000000Z","support":"Grand format","publisher_availability":1,"stock":0,"editions":[],"url":"https:\/\/quaidesbrumes.com\/ouvrage\/9782842637637\/le-tournant-de-la-rigueur"},{"id":"9782911087783","title":"Les puits","description":"Et si l'on racontait le sexe comme le partage d'un certain lieu ? \" C'\u00e9tait au lever, et l'image avait la douceur, l'amertume, l'\u00e9vidence et la persistance idiotes des \u00e9rections matinales : un halo de lumi\u00e8re un peu bleue, travers\u00e9e par un bruit de respiration anonyme. \u00c0 bien l'examiner, il \u00e9tait difficile de savoir si cette lumi\u00e8re et ce souffle venaient de plus bas, ou s'ils \u00ads'\u00e9taient condens\u00e9s l\u00e0 comme l'oeil calme d'un cyclone. Toujours est-il que cela s'appelait un puits. Et tout autour, \u00e0 perte de vue, une ville o\u00f9 l'on ne compte plus les \u00e9tages, les coursives, les ponts, les escaliers. Les tours, les usines, les entrep\u00f4ts, les murailles de verre. Les puits de lumi\u00e8re et de vent. Les voix qui les racontent.\r\nMaxime LAURENT est n\u00e9 en Suisse n 1978. \r\nIl corrompt la jeunesse gr\u00e2ce \u00e0 la litt\u00e9rature et aux langues anciennes. Il enseigne le grec ancien dans un lyc\u00e9e de Lausanne. Les puits est son premier ouvrage de fiction.","authors":["Maxime Laurent"],"category_codes":["1000000","1010000"],"visuals":{"large":"https:\/\/images.epagine.fr\/783\/9782911087783_1_75.jpg","medium":"https:\/\/images.epagine.fr\/783\/9782911087783_1_m.jpg","thumbnail":"https:\/\/images.epagine.fr\/783\/9782911087783_1_v.jpg"},"orderable":true,"show_badge":true,"formatted_price":"12,00&nbsp;\u20ac","formatted_published_date":"23 janvier 2011","publisher_availability_label":"Sur commande","short_details":"Maxime Laurent \u2014 Van Dieren","translator":null,"weight":98,"page_count":72,"readership":null,"editor":"Van Dieren","price":1200,"published_date":"2011-01-22T23:00:00.000000Z","support":"Grand format","publisher_availability":1,"stock":0,"editions":[],"url":"https:\/\/quaidesbrumes.com\/ouvrage\/9782911087783\/les-puits"},{"id":"9791041925070","title":"La vie de Mahomet","description":"Avant de raconter l'histoire de cet empire qui rempla\u00e7a un moment l'empire romain dans cet Orient, berceau des peuples et th\u00e9\u00e2tre des plus merveilleuses transfigurations des races humaines, il est n\u00e9cessaire de raconter la naissance et le progr\u00e8s de l'islamisme ou de la religion de Mahomet. La religion, surtout dans l'Orient, terre th\u00e9ocratique par excellence, est le mobile des peuples. Leur nationalit\u00e9 est dans leur dogme, leur destin\u00e9e est dans leur foi ; l'esprit de migration et de conqu\u00eate qui les soul\u00e8ve dans leurs steppes natales et qui les diss\u00e9mine un livre dans une main, un sabre dans l'autre \u00e0 travers le monde, est surtout l'esprit de pros\u00e9lytisme. Un proph\u00e8te, un r\u00e9v\u00e9lateur, marche avec eux derri\u00e8re le conqu\u00e9rant. Ce caract\u00e8re des peuples de l'Orient n'est pas moins imprim\u00e9 sur la race turque que sur la race d'Abraham, de Mo\u00efse, de J\u00e9sus-Christ. Venus plus tard \u00e0 la vie au milieu de nations idol\u00e2tres dont les superstitions avaient d\u00e9go\u00fbt\u00e9 toutes les cr\u00e9dulit\u00e9s humaines, les Tartares-Turcs , d\u00e9j\u00e0 innombrables, semblaient attendre dans les tentes o\u00f9 ils campaient derri\u00e8re l'Oxus que la voix d'un proph\u00e8te les appel\u00e2t \u00e0 d\u00e9truire l'idol\u00e2trie et \u00e0 renouveler le culte de Dieu au sein de la barbarie.","authors":["Alphonse de Lamartine"],"category_codes":["7000000","7060000","7060300"],"visuals":{"large":"https:\/\/images.epagine.fr\/070\/9791041925070_1_75.jpg","medium":"https:\/\/images.epagine.fr\/070\/9791041925070_1_m.jpg","thumbnail":"https:\/\/images.epagine.fr\/070\/9791041925070_1_v.jpg"},"orderable":true,"show_badge":true,"formatted_price":"19,90&nbsp;\u20ac","formatted_published_date":"4 mai 2023","publisher_availability_label":"Sur commande","short_details":"Alphonse de Lamartine \u2014 Shs Editions","translator":null,"weight":326,"page_count":248,"readership":null,"editor":"Shs Editions","price":1990,"published_date":"2023-05-03T22:00:00.000000Z","support":"Grand format","publisher_availability":1,"stock":0,"editions":[],"url":"https:\/\/quaidesbrumes.com\/ouvrage\/9791041925070\/la-vie-de-mahomet"},{"id":"9782296077959","title":"Mari\u00e9e \u00e0 Paris, r\u00e9pudi\u00e9e \u00e0 Beyrouth","description":"La question majeure qu'expose ce roman, ce sont les droits bafou\u00e9s d'une femme qui a v\u00e9cu en France en jouissant de tous ses droits d'\u00e9pouse et de m\u00e8re (fran\u00e7aise), et qui, regagnant son pays d'origine, le Liban, int\u00e9grant son monde musulman, perd ses droits et se retrouve sous le joug d'une soci\u00e9t\u00e9 patriarcale et machiste. Elle sera asservie par les libres machinations du mari intouchable et confort\u00e9 par les lois qui laminent les droits de son \u00e9pouse...","authors":["Ezza Agha Malak"],"category_codes":["1000000","1010000"],"visuals":{"large":"https:\/\/images.epagine.fr\/959\/9782296077959_1_75.jpg","medium":"https:\/\/images.epagine.fr\/959\/9782296077959_1_m.jpg","thumbnail":"https:\/\/images.epagine.fr\/959\/9782296077959_1_v.jpg"},"orderable":true,"show_badge":true,"formatted_price":"38,00&nbsp;\u20ac","formatted_published_date":"11 mars 2009","publisher_availability_label":"Sur commande","short_details":"Ezza Agha Malak \u2014 \u00c9ditions L'Harmattan","translator":null,"weight":605,"page_count":456,"readership":null,"editor":"\u00c9ditions L'Harmattan","price":3800,"published_date":"2009-03-10T23:00:00.000000Z","support":"Grand format","publisher_availability":1,"stock":0,"editions":[],"url":"https:\/\/quaidesbrumes.com\/ouvrage\/9782296077959\/mariee-a-paris-repudiee-a-beyrouth"},{"id":"9791041975778","title":"L'immortel","description":"\"L'Immortel\" est une nouvelle \u00e9crite par Alphonse Daudet, un \u00e9crivain fran\u00e7ais du XIXe si\u00e8cle c\u00e9l\u00e8bre pour ses romans, ses nouvelles et ses r\u00e9cits naturalistes.\r\n\r\nCette nouvelle met en sc\u00e8ne le personnage d'\u00c9mile Zola, l'\u00e9crivain c\u00e9l\u00e8bre et ami de Daudet. Dans cette oeuvre, Daudet raconte de fa\u00e7on humoristique et ironique comment Zola devient \"immortel\" en \u00e9tant \u00e9lu \u00e0 l'Acad\u00e9mie fran\u00e7aise, une institution symbolique de reconnaissance pour les \u00e9crivains fran\u00e7ais.\r\n\r\nDaudet aborde avec satire et l\u00e9g\u00e8ret\u00e9 les coulisses de l'Acad\u00e9mie, les intrigues, les rivalit\u00e9s et les manoeuvres pour \u00eatre \u00e9lu \u00e0 cette institution prestigieuse, tout en offrant une vision amusante de la reconnaissance litt\u00e9raire \u00e0 travers le personnage de Zola.\r\n\r\n\"L'Immortel\" est souvent appr\u00e9ci\u00e9 pour son ton satirique et pour la fa\u00e7on dont Daudet d\u00e9crit avec humour les enjeux et les r\u00e9alit\u00e9s du monde litt\u00e9raire de son \u00e9poque.","authors":["Alphonse Daudet"],"category_codes":["1000000","1030000"],"visuals":{"large":"https:\/\/images.epagine.fr\/778\/9791041975778_1_75.jpg","medium":"https:\/\/images.epagine.fr\/778\/9791041975778_1_m.jpg","thumbnail":"https:\/\/images.epagine.fr\/778\/9791041975778_1_v.jpg"},"orderable":true,"show_badge":true,"formatted_price":"9,99&nbsp;\u20ac","formatted_published_date":"26 novembre 2023","publisher_availability_label":"Sur commande","short_details":"Alphonse Daudet \u2014 CULTUREA","translator":null,"weight":80,"page_count":40,"readership":null,"editor":"CULTUREA","price":999,"published_date":"2023-11-25T23:00:00.000000Z","support":"Grand format","publisher_availability":1,"stock":0,"editions":["9783849129965","9783849140960"],"url":"https:\/\/quaidesbrumes.com\/ouvrage\/9791041975778\/limmortel"},{"id":"9782234059450","title":"Le corps de liane","description":"Liane se demande parfois pourquoi elle ne se sent pas tout \u00e0 fait une fille. Parce qu'il n'y a pas d'homme \u00e0 la maison, lui r\u00e9pond son amie Roselyne. Liane grandit en effet dans un univers de femmes, qui ont appris depuis toujours \u00e0 vivre sans les hommes. Aucune trace de regret, aucune rancune de leur d\u00e9part. Un jour, Christine, la m\u00e8re de Liane, s'arr\u00eate brusquement de travailler, d\u00e9rive vers la d\u00e9pression, et c'est Liane qui la prend en charge, devient la m\u00e8re de sa m\u00e8re, en compagnie d'Eva, la femme de m\u00e9nage. Puis Huguette, la grand-m\u00e8re de Liane, rena\u00eet aupr\u00e8s de Christine, dont elle finit par s'occuper. Comme si la force de l'une \u00e9tait faite de la faiblesse de l'autre, dans une sorte de solidarit\u00e9 naturelle de la chair. Le lien entre elles, c'est aussi Dallas, dont toutes regardent les \u00e9pisodes, m\u00eame Liliane, l'arri\u00e8re-grand-m\u00e8re qui survit \u00e0 peine dans sa maison de retraite, m\u00eame Ghania, la femme soumise et silencieuse de l'\u00e9picier Hassan.\r\nLe corps de Liane est un livre o\u00f9 l'on se pose inlassablement une question grave et simple : c'est quoi une fille ? Avec une discr\u00e9tion bienveillante et lucide de grande soeur invisible, l'auteur suit la jeunesse de Liane, son chemin naturel vers la f\u00e9minit\u00e9.","authors":["Petitjean-Cerf-C"],"category_codes":["1000000","1010000"],"visuals":{"large":"https:\/\/images.epagine.fr\/450\/9782234059450_1_75.jpg","medium":"https:\/\/images.epagine.fr\/450\/9782234059450_1_m.jpg","thumbnail":"https:\/\/images.epagine.fr\/450\/9782234059450_1_v.jpg"},"orderable":true,"show_badge":true,"formatted_price":"23,00&nbsp;\u20ac","formatted_published_date":"3 janvier 2007","publisher_availability_label":"Sur commande","short_details":"Petitjean-Cerf-C \u2014 Stock","translator":null,"weight":376,"page_count":342,"readership":null,"editor":"Stock","price":2300,"published_date":"2007-01-02T23:00:00.000000Z","support":"Grand format","publisher_availability":1,"stock":0,"editions":[],"url":"https:\/\/quaidesbrumes.com\/ouvrage\/9782234059450\/le-corps-de-liane"}]}