{"data":[{"id":"9782332585288","title":"Bois morts","description":"Quand il a besoin de solitude et de silence, le compositeur Athanasius Pearl rejoint une vall\u00e9e des Alpes inconnue des touristes. Il peut s'isoler alors dans un chalet perdu au milieu de la for\u00eat et faire alterner les promenades \u00e0 skis, havresac sur le dos, et les s\u00e9ances de composition, bien au chaud devant l'unique chemin\u00e9e de l'habitation. Durant l'hiver 1937 cependant, tandis qu'il se pr\u00e9pare \u00e0 un s\u00e9jour sans histoire, cette agr\u00e9able routine se trouve soudain boulevers\u00e9e. Quelle maladie s'est donc abattue sur les arbres du voisinage ? Qui a pu s'employer \u00e0 disposer de place en place une s\u00e9rie de rep\u00e8res identiques : une croix form\u00e9e de deux bois morts reli\u00e9s, par une attache de cuir, \u00e0 une sorte d'\u00e9cusson ? Vers quelle myst\u00e9rieuse destination m\u00e8ne donc le chemin ainsi balis\u00e9 ?\r","authors":["Eric Lys\u00f8e"],"category_codes":["1000000","1010000"],"visuals":{"large":"https:\/\/images.epagine.fr\/288\/9782332585288_1_75.jpg","medium":"https:\/\/images.epagine.fr\/288\/9782332585288_1_m.jpg","thumbnail":"https:\/\/images.epagine.fr\/288\/9782332585288_1_v.jpg"},"orderable":true,"show_badge":true,"formatted_price":"9,50&nbsp;\u20ac","formatted_published_date":"8 octobre 2013","publisher_availability_label":"Sur commande","short_details":"Eric Lys\u00f8e \u2014 Edilivre","translator":null,"weight":73,"page_count":48,"readership":null,"editor":"Edilivre","price":950,"published_date":"2013-10-07T22:00:00.000000Z","support":"Grand format","publisher_availability":1,"stock":0,"editions":[],"url":"https:\/\/quaidesbrumes.com\/ouvrage\/9782332585288\/bois-morts"},{"id":"9782841099337","title":"Essais \u00e0 la troisi\u00e8me personne","description":"\" En somme, Essais \u00e0 la troisi\u00e8me personne est un roman de transition entre la vie avant et apr\u00e8s le s\u00e9jour \u00e0 Aden. Ainsi nombre de th\u00e9matiques esquiss\u00e9es dans ce roman pr\u00e9figurent Aden Arabie, et parfois \u00e9galement certains des \u00e9crits de Nizan du d\u00e9but des ann\u00e9es 1930. Bien entendu, nous songeons imm\u00e9diatement au \"Tout menace de ruine un jeune homme\" au d\u00e9but d'Aden Arabie. La d\u00e9mystification de la jeunesse, au coeur du pamphlet, est en effet en germe dans ces lignes. \r\nEn germe, car l'\u00e9vocation de la jeunesse cultiv\u00e9e n'y rev\u00eat pas encore la verve vigoureusement et doctement id\u00e9ologique qui le caract\u00e9risera. S'y trouve aussi, avant Aden, la condamnation de l'Homo economicus, et, avant Antoine Bloy\u00e9, celle d'une vie perdue par la trahison du prol\u00e9tariat au profit de la bourgeoisie. Le refus du monde bourgeois commence \u00e0 s'organiser id\u00e9ologiquement, avec les lectures et les r\u00e9f\u00e9rences aux figures du marxisme-l\u00e9ninisme. \r\nNizan ne les quittera plus. Essais \u00e0 la troisi\u00e8me personne est ainsi construit de mani\u00e8re \u00e0 montrer le parcours qui m\u00e8ne \u00e0 la question id\u00e9ologique. C'est bien ce cheminement qui compte avant tout. Plus sp\u00e9cifiquement, il a la forme, ici abr\u00e9g\u00e9e, du roman d'apprentissage, h\u00e9ritage moral et esth\u00e9tique des Lumi\u00e8res. Le h\u00e9ros de Nizan traverse les premi\u00e8res \u00e9tapes d'une vie qu'il s'agit de mettre \u00e0 sa port\u00e9e: la r\u00e9v\u00e9lation amoureuse, la complicit\u00e9 de l'amiti\u00e9 intellectuelle, le voyage \u00e0 l'\u00e9tranger, qui favorise la d\u00e9couverte de soi, l'affirmation id\u00e9ologique comme premier geste de r\u00e9volte contre la France. \r\nVoil\u00e0 ce qui compose le socle de la formation identitaire du h\u00e9ros de Nizan. \" (extrait de la pr\u00e9face)\r","authors":["Paul Nizan"],"category_codes":["1000000","1010000"],"visuals":{"large":"https:\/\/images.epagine.fr\/337\/9782841099337_1_75.jpg","medium":"https:\/\/images.epagine.fr\/337\/9782841099337_1_m.jpg","thumbnail":"https:\/\/images.epagine.fr\/337\/9782841099337_1_v.jpg"},"orderable":true,"show_badge":true,"formatted_price":"14,00&nbsp;\u20ac","formatted_published_date":"11 septembre 2012","publisher_availability_label":"Sur commande","short_details":"Paul Nizan \u2014 LE TEMPS DES CERISES","translator":null,"weight":170,"page_count":136,"readership":null,"editor":"LE TEMPS DES CERISES","price":1400,"published_date":"2012-09-10T22:00:00.000000Z","support":"Grand format","publisher_availability":1,"stock":0,"editions":[],"url":"https:\/\/quaidesbrumes.com\/ouvrage\/9782841099337\/essais-a-la-troisieme-personne"},{"id":"9791091321242","title":"Richard ra-contes","description":null,"authors":["Laffitte Richard"],"category_codes":["1000000","1010000","1010100"],"visuals":{"large":"https:\/\/quaidesbrumes.com\/img\/book-placeholder.png","medium":"https:\/\/quaidesbrumes.com\/img\/book-placeholder.png","thumbnail":"https:\/\/quaidesbrumes.com\/img\/book-placeholder.png"},"orderable":true,"show_badge":true,"formatted_price":"15,00&nbsp;\u20ac","formatted_published_date":"1er septembre 2014","publisher_availability_label":"Sur commande","short_details":"Laffitte Richard \u2014 Prem Edit 77","translator":null,"weight":220,"page_count":null,"readership":null,"editor":"Prem Edit 77","price":1500,"published_date":"2014-08-31T22:00:00.000000Z","support":"Grand format","publisher_availability":1,"stock":0,"editions":[],"url":"https:\/\/quaidesbrumes.com\/ouvrage\/9791091321242\/richard-ra-contes"},{"id":"9782904972980","title":"La bo\u00eete \u00e0 musique","description":"La vie est dure, rue des Orchid\u00e9es. Mais une myst\u00e9rieuse bo\u00eete \u00e0 musique vient un jour changer la vie de David et de ses amis...\r\nUne vie que l'on retrouve dans tous les quartiers d\u00e9favoris\u00e9s. Les peines, les espoirs des enfants sont encore partout les m\u00eames.\r\nCaptivant d\u00e8s les premi\u00e8res lignes.\r","authors":["Jean-michel Defromont"],"category_codes":["1000000","1010000"],"visuals":{"large":"https:\/\/images.epagine.fr\/980\/9782904972980_1_75.jpg","medium":"https:\/\/images.epagine.fr\/980\/9782904972980_1_m.jpg","thumbnail":"https:\/\/images.epagine.fr\/980\/9782904972980_1_v.jpg"},"orderable":true,"show_badge":true,"formatted_price":"8,00&nbsp;\u20ac","formatted_published_date":"2 mars 1989","publisher_availability_label":"Sur commande","short_details":"Jean-michel Defromont \u2014 Quart Monde","translator":null,"weight":320,"page_count":286,"readership":null,"editor":"Quart Monde","price":800,"published_date":"1989-03-01T23:00:00.000000Z","support":"Grand format","publisher_availability":1,"stock":0,"editions":[],"url":"https:\/\/quaidesbrumes.com\/ouvrage\/9782904972980\/la-boite-a-musique"},{"id":"9782915342222","title":"Le monde de Jane Tome 3","description":null,"authors":["Paige Braddock"],"category_codes":["1000000","1010000"],"visuals":{"large":"https:\/\/images.epagine.fr\/222\/9782915342222_1_75.jpg","medium":"https:\/\/images.epagine.fr\/222\/9782915342222_1_m.jpg","thumbnail":"https:\/\/images.epagine.fr\/222\/9782915342222_1_v.jpg"},"orderable":true,"show_badge":true,"formatted_price":"17,00&nbsp;\u20ac","formatted_published_date":"22 janvier 2010","publisher_availability_label":"Sur commande","short_details":"Paige Braddock \u2014 Dans L'Engrenage","translator":null,"weight":350,"page_count":null,"readership":null,"editor":"Dans L'Engrenage","price":1700,"published_date":"2010-01-21T23:00:00.000000Z","support":"Grand format","publisher_availability":1,"stock":0,"editions":[],"url":"https:\/\/quaidesbrumes.com\/ouvrage\/9782915342222\/le-monde-de-jane-tome-3"},{"id":"9782812701078","title":"Luce","description":"Histoire d'une vie tour \u00e0 tour poignante ou heureuse. On a mal avec Luce, parfois. On sourit souvent, on fait le plein d'optimisme gr\u00e2ce aux personnages qui peuplent son univers. Gr\u00e2ce \u00e0 eux, elle rena\u00eetra \u00e0 la vie avec une ga\u00eet\u00e9 qu'elle sait si bien partager !\r","authors":["Alba Kertz"],"category_codes":["1000000","1010000"],"visuals":{"large":"https:\/\/quaidesbrumes.com\/img\/book-placeholder.png","medium":"https:\/\/quaidesbrumes.com\/img\/book-placeholder.png","thumbnail":"https:\/\/quaidesbrumes.com\/img\/book-placeholder.png"},"orderable":true,"show_badge":true,"formatted_price":"17,00&nbsp;\u20ac","formatted_published_date":"10 d\u00e9cembre 2009","publisher_availability_label":"Sur commande","short_details":"Alba Kertz \u2014 Presses Du Midi","translator":null,"weight":260,"page_count":195,"readership":null,"editor":"Presses Du Midi","price":1700,"published_date":"2009-12-09T23:00:00.000000Z","support":"Grand format","publisher_availability":1,"stock":0,"editions":[],"url":"https:\/\/quaidesbrumes.com\/ouvrage\/9782812701078\/luce"},{"id":"9782916359946","title":"Derni\u00e8res nouvelles du monde et autres histoires de saison","description":"Du Mali enclav\u00e9 aux terres insulaires, ces Derni\u00e8res nouvelles du monde nous entra\u00eenent dans un p\u00e9riple dans l'espace et dans le temps. Les lire, c'est entamer un \u00e9tonnant voyage litt\u00e9raire entre r\u00e9alit\u00e9 et fiction qui ose l'effacement des genres, notamment entre prose et po\u00e9sie, comme si la litt\u00e9rature \u00e9tait un moyen de faire sauter les clivages qui s\u00e9parent les \u00eatres humains.\r\n\u00c9cartel\u00e9e entre d\u00e9sillusions et esp\u00e9rances, Nathalie M'Dela Mounier d\u00e9peint un monde tout en contradiction, des hommes qui ne parviennent plus \u00e0 communiquer entre eux, un monde en errance, en qu\u00eate de valeurs et d'amour.\r\nL'auteur ouvre son coeur et nous fait partager ses exp\u00e9riences : si elle nous choque parfois, c'est pour mieux nous faire r\u00e9agir.\r\nSi elle d\u00e9nonce le syst\u00e8me, notre fa\u00e7on d'\u00eatre et d'agir, elle nous invite aussi \u00e0 r\u00e9fl\u00e9chir sur notre condition humaine et \u00e0 penser \u00e0 vivre autrement.\r","authors":["Nathalie M'dela-mounier"],"category_codes":["1000000","1010000","1010100"],"visuals":{"large":"https:\/\/images.epagine.fr\/946\/9782916359946_1_75.jpg","medium":"https:\/\/images.epagine.fr\/946\/9782916359946_1_m.jpg","thumbnail":"https:\/\/images.epagine.fr\/946\/9782916359946_1_v.jpg"},"orderable":true,"show_badge":true,"formatted_price":"17,00&nbsp;\u20ac","formatted_published_date":"1er mars 2013","publisher_availability_label":"Sur commande","short_details":"Nathalie M'dela-mounier \u2014 Taama","translator":null,"weight":296,"page_count":164,"readership":null,"editor":"Taama","price":1700,"published_date":"2013-02-28T23:00:00.000000Z","support":"Grand format","publisher_availability":1,"stock":0,"editions":[],"url":"https:\/\/quaidesbrumes.com\/ouvrage\/9782916359946\/dernieres-nouvelles-du-monde-et-autres-histoires-de-saison"},{"id":"9782246631019","title":"Pour mon plaisir et ma d\u00e9lectation charnelle","description":"Dans le tumulte de la guerre de cent ans, princes et ducs trahissent et s'assassinent pour la couronne de Dharles VI, frapp\u00e9 de d\u00e9mence. Gilles de Rais, l'un des plus sombres criminels de l'histoire, vient au monde. Compagnon d'armes de Jeanne d'Arc qu'il r\u00e9v\u00e8re, guerrier furieux, adepte de la magie noire mais fervent chr\u00e9tien, m\u00e9lomane, immens\u00e9ment riche, prodigue jusqu'\u00e0 la d\u00e9mesure, l'homme qui inspirera Barbe Bleue est aussi parmi les plus puissants du royaume. Aux juges qui l'interrogeront sur les raisons de sa folie sanguinaire, il dira n'avoir agi que \u00ab pour son plaisir et sa d\u00e9lectation charnelle \u00bb...\r","authors":["Pierre Combescot"],"category_codes":["1000000","1010000"],"visuals":{"large":"https:\/\/images.epagine.fr\/019\/9782246631019_1_75.jpg","medium":"https:\/\/images.epagine.fr\/019\/9782246631019_1_m.jpg","thumbnail":"https:\/\/images.epagine.fr\/019\/9782246631019_1_v.jpg"},"orderable":true,"show_badge":true,"formatted_price":"18,90&nbsp;\u20ac","formatted_published_date":"4 f\u00e9vrier 2009","publisher_availability_label":"Sur commande","short_details":"Pierre Combescot \u2014 \u00c9ditions Grasset","translator":null,"weight":152,"page_count":188,"readership":null,"editor":"\u00c9ditions Grasset","price":1890,"published_date":"2009-02-03T23:00:00.000000Z","support":"Grand format","publisher_availability":1,"stock":0,"editions":[],"url":"https:\/\/quaidesbrumes.com\/ouvrage\/9782246631019\/pour-mon-plaisir-et-ma-delectation-charnelle"},{"id":"9782357290501","title":"La rh\u00e9torique des culs","description":"Dans une prose o\u00f9 pr\u00e9sent et pass\u00e9 proche s'entrem\u00ealent, un jeune homme livre ses errances \u00e9rotiques et ses rencontres avec quelques figures du quartier anarchiste o\u00f9 il vit, \u00e0 Ath\u00e8nes.\r\nEn contrepoint de dialogues cocasses et cruels, il fait aussi entendre le terrible r\u00e9cit d'un enfant vuln\u00e9rable dans une famille nombreuse o\u00f9 r\u00e8gne l'inceste ; assign\u00e9 \u00e0 l'identit\u00e9 de sa soeur morte, viol\u00e9 et abus\u00e9 par son fr\u00e8re a\u00een\u00e9 jusqu'\u00e0 l'adolescence, incertain de son identit\u00e9 de genre, il fugue une nuit, cherchant \u00e0 d\u00e9couvrir qui il est\r","authors":["Pierre Gu\u00e9ry"],"category_codes":["1000000","1010000"],"visuals":{"large":"https:\/\/images.epagine.fr\/501\/9782357290501_1_75.jpg","medium":"https:\/\/images.epagine.fr\/501\/9782357290501_1_m.jpg","thumbnail":"https:\/\/images.epagine.fr\/501\/9782357290501_1_v.jpg"},"orderable":true,"show_badge":true,"formatted_price":"14,00&nbsp;\u20ac","formatted_published_date":"1er ao\u00fbt 2011","publisher_availability_label":"Sur commande","short_details":"Pierre Gu\u00e9ry \u2014 L'Une Et L'Autre","translator":null,"weight":145,"page_count":144,"readership":null,"editor":"L'Une Et L'Autre","price":1400,"published_date":"2011-07-31T22:00:00.000000Z","support":"Grand format","publisher_availability":1,"stock":0,"editions":[],"url":"https:\/\/quaidesbrumes.com\/ouvrage\/9782357290501\/la-rhetorique-des-culs"},{"id":"9782329174594","title":"Le Dernier des Mohicans","description":"Le dernier des Mohicans \/ Fenimore Cooper ; adaptation et r\u00e9duction \u00e0 l'usage de la jeunesse, par A. J. Hubert Date de l'\u00e9dition originale : 1925 Le pr\u00e9sent ouvrage s'inscrit dans une politique de conservation patrimoniale des ouvrages de la litt\u00e9rature Fran\u00e7aise mise en place avec la BNF.\r\nHACHETTE LIVRE et la BNF proposent ainsi un catalogue de titres indisponibles, la BNF ayant num\u00e9ris\u00e9 ces oeuvres et HACHETTE LIVRE les imprimant \u00e0 la demande.\r\nCertains de ces ouvrages refl\u00e8tent des courants de pens\u00e9e caract\u00e9ristiques de leur \u00e9poque, mais qui seraient aujourd'hui jug\u00e9s condamnables.\r\nIls n'en appartiennent pas moins \u00e0 l'histoire des id\u00e9es en France et sont susceptibles de pr\u00e9senter un int\u00e9r\u00eat scientifique ou historique.\r\nLe sens de notre d\u00e9marche \u00e9ditoriale consiste ainsi \u00e0 permettre l'acc\u00e8s \u00e0 ces oeuvres sans pour autant que nous en cautionnions en aucune fa\u00e7on le contenu.\r\nPour plus d'informations, rendez-vous sur www.hachettebnf.fr\r","authors":["Cooper J F."],"category_codes":["1000000","1010000"],"visuals":{"large":"https:\/\/images.epagine.fr\/594\/9782329174594_1_75.jpg","medium":"https:\/\/images.epagine.fr\/594\/9782329174594_1_m.jpg","thumbnail":"https:\/\/images.epagine.fr\/594\/9782329174594_1_v.jpg"},"orderable":true,"show_badge":true,"formatted_price":"24,50&nbsp;\u20ac","formatted_published_date":"1er septembre 2018","publisher_availability_label":"Sur commande","short_details":"Cooper J F. \u2014 Hachette BNF","translator":null,"weight":479,"page_count":null,"readership":null,"editor":"Hachette BNF","price":2450,"published_date":"2018-08-31T22:00:00.000000Z","support":"Grand format","publisher_availability":1,"stock":0,"editions":[],"url":"https:\/\/quaidesbrumes.com\/ouvrage\/9782329174594\/le-dernier-des-mohicans"},{"id":"9782908016178","title":"L'hypoth\u00e8se de M. Baltimore","description":null,"authors":["Claude Lucas"],"category_codes":["1000000","1010000"],"visuals":{"large":"https:\/\/quaidesbrumes.com\/img\/book-placeholder.png","medium":"https:\/\/quaidesbrumes.com\/img\/book-placeholder.png","thumbnail":"https:\/\/quaidesbrumes.com\/img\/book-placeholder.png"},"orderable":true,"show_badge":true,"formatted_price":"12,96&nbsp;\u20ac","formatted_published_date":"1er janvier 2002","publisher_availability_label":"Sur commande","short_details":"Claude Lucas \u2014 Aleas","translator":null,"weight":301,"page_count":null,"readership":null,"editor":"Aleas","price":1296,"published_date":"2001-12-31T23:00:00.000000Z","support":"Grand format","publisher_availability":1,"stock":0,"editions":[],"url":"https:\/\/quaidesbrumes.com\/ouvrage\/9782908016178\/lhypothese-de-m-baltimore"},{"id":"9782342368437","title":"Na\u00eetre Celte","description":"Dans un monde en pleine transformation, o\u00f9 les valeurs et les traditions traditionnelles sont de plus en plus remises en question, \"Na\u00eetre Celte\" nous invite \u00e0 red\u00e9couvrir l'h\u00e9ritage celte, qui continue de fa\u00e7onner nos soci\u00e9t\u00e9s modernes.\r\nLa r\u00e9\u00e9dition de cet ouvrage est n\u00e9cessit\u00e9 par la stagnation, voire la d\u00e9gradation de la sociologie de nos institutions.\r\nNa\u00eetre Celte n'est pas un essai bas\u00e9 sur la seule histoire des Celtes mais exhibe l'influence qui subsiste et persiste encore, aujourd'hui.\r\nAinsi l'ouvrage se veut un r\u00e9v\u00e9lateur de notre faconde \u00e0 accomplir \u00e0 l'insu de notre conscient, des gestes, des r\u00e9flexes, des orientations culturelles et intellectuelles spontan\u00e9es, sans contr\u00f4le r\u00e9el.\r\nCet opus t\u00e9moigne, sans d\u00e9noncer, mais divulgue une organisation bas\u00e9e sur l'initiation. Le voile lev\u00e9 est partiel selon les crit\u00e8res d'origines li\u00e9s \u00e0 la seule oralit\u00e9. Ce comportement empathique propose de transmettre la connaissance au seul m\u00e9rite de l'initi\u00e9 choisi selon son discernement, ses qualit\u00e9s.\r\nNotre identit\u00e9 traduit cet art de vivre et pourrait inspirer encore...","authors":["Francis Hollier"],"category_codes":["1000000","1070000","1070200"],"visuals":{"large":"https:\/\/images.epagine.fr\/437\/9782342368437_1_75.jpg","medium":"https:\/\/images.epagine.fr\/437\/9782342368437_1_m.jpg","thumbnail":"https:\/\/images.epagine.fr\/437\/9782342368437_1_v.jpg"},"orderable":true,"show_badge":true,"formatted_price":"12,50&nbsp;\u20ac","formatted_published_date":"13 septembre 2023","publisher_availability_label":"Sur commande","short_details":"Francis Hollier \u2014 PUBLIBOOK","translator":null,"weight":301,"page_count":118,"readership":null,"editor":"PUBLIBOOK","price":1250,"published_date":"2023-09-12T22:00:00.000000Z","support":"Grand format","publisher_availability":1,"stock":0,"editions":[],"url":"https:\/\/quaidesbrumes.com\/ouvrage\/9782342368437\/naitre-celte"},{"id":"9782714311375","title":"Merci aux ambitieux de s'occuper du monde \u00e0 ma place","description":"Retir\u00e9 dans un village de la Beauce profonde, le narrateur \u00e9crit \u00e0 un ami qu'il n'a pas revu depuis quinze ans. Dans cette lettre peu conventionnelle, il lui confie ses col\u00e8res, ses rires et son scepticisme vis-\u00e0-vis des valeurs artificielles d'une soci\u00e9t\u00e9 o\u00f9 personne n'est jamais content, o\u00f9 chacun veut tout et son contraire, faute de comprendre qu'il n'y a pas de vie id\u00e9ale, seulement des arrangements.\r\nCe moraliste sans cat\u00e9chisme aime Baudelaire, Georges Perros, Jean-Claude Pirotte, \u00e9crivains qui ont, comme lui, un sentiment m\u00e9lancolique de l'existence. Son go\u00fbt pour les id\u00e9es paradoxales, les apories psychologiques et les traits d'ironie donne \u00e0 sa lettre le piquant d'un pamphlet et la nonchalance d'un art discret de vivre.\r","authors":["Georges Picard"],"category_codes":["1000000","1010000"],"visuals":{"large":"https:\/\/images.epagine.fr\/375\/9782714311375_1_75.jpg","medium":"https:\/\/images.epagine.fr\/375\/9782714311375_1_m.jpg","thumbnail":"https:\/\/images.epagine.fr\/375\/9782714311375_1_v.jpg"},"orderable":true,"show_badge":true,"formatted_price":"17,00&nbsp;\u20ac","formatted_published_date":"5 f\u00e9vrier 2015","publisher_availability_label":"Sur commande","short_details":"Georges Picard \u2014 \u00c9ditions Corti","translator":null,"weight":164,"page_count":152,"readership":null,"editor":"\u00c9ditions Corti","price":1700,"published_date":"2015-02-04T23:00:00.000000Z","support":"Grand format","publisher_availability":1,"stock":0,"editions":[],"url":"https:\/\/quaidesbrumes.com\/ouvrage\/9782714311375\/merci-aux-ambitieux-de-soccuper-du-monde-a-ma-place"},{"id":"9782290385074","title":"Les enfants de la balle","description":"\u00abDevant l'\u00e9picerie, il y a d\u00e9j\u00e0 une foule compacte une bonne demi-heure avant le d\u00e9but du match t\u00e9l\u00e9vis\u00e9. En attendant le coup de sifflet et les transports de joie, on communie dans la paix vesp\u00e9rale.\u00bbLorsque l'Afrique apprend que la Coupe du monde de football aura lieu sur ses terres en 2010, c'est l'explosion d'all\u00e9gresse. Pour cette occasion, Abdourahman A. Waberi, \u00e9crivain djiboutien de renom, r\u00e9unit des textes qui c\u00e9l\u00e8brent ce sport, v\u00e9ritable institution sur le continent.Les six nouvelles de ce recueil dessinent le portrait de la soci\u00e9t\u00e9 et de la jeunesse africaines, sur fond de stade ou de terrain improvis\u00e9. R\u00e9dig\u00e9es par de talentueux auteurs originaires des quatre coins de l'Afrique, elles se font l'\u00e9cho de leurs univers r\u00e9alistes et attachants.Six nouvelles de Mark Behr, Anouar Benmalek, Ananda Devi, Alain Mabanckou, Wilfried N'Sond\u00e9 et Abdourahman A. Waberi.","authors":["Collectif"],"category_codes":["1000000","1010000","1010100"],"visuals":{"large":"https:\/\/images.epagine.fr\/074\/9782290385074_1_75.jpg","medium":"https:\/\/images.epagine.fr\/074\/9782290385074_1_m.jpg","thumbnail":"https:\/\/images.epagine.fr\/074\/9782290385074_1_v.jpg"},"orderable":true,"show_badge":true,"formatted_price":"3,00&nbsp;\u20ac","formatted_published_date":"11 janvier 2023","publisher_availability_label":"Sur commande","short_details":"Collectif \u2014 J'ai Lu","translator":null,"weight":88,"page_count":96,"readership":null,"editor":"J'ai Lu","price":300,"published_date":"2023-01-10T23:00:00.000000Z","support":"Poche","publisher_availability":1,"stock":0,"editions":[],"url":"https:\/\/quaidesbrumes.com\/ouvrage\/9782290385074\/les-enfants-de-la-balle"},{"id":"9782702142431","title":"Le palais de m\u00e9moire","description":"Depuis que je suis revenu dans la fumerie, j'ai cess\u00e9 de souffrir, je vis reclus dans mon palais de m\u00e9moire. Les yeux clos, l'embout br\u00fblant entre les l\u00e8vres, je vois Jade tel qu'il m'apparut en ce jour lointain, \u00e0 la grande chasse d'automne, son faucon sur un bras...Dans les limbes d'une fumerie d'opium, le j\u00e9suite Artus de Leys, d\u00e9sert\u00e9 par la foi, d\u00e9chir\u00e9 par l'amour, h\u00e9site entre le r\u00e9confort de l'oubli et la douleur du souvenir. L'homme qu'il aime n'existe plus que dans son esprit, et pour l'y faire revivre sans cesse, Artus b\u00e2tit un \u00e9difice imaginaire h\u00e9rit\u00e9 d'un art antique : un palais de m\u00e9moire. \r\nAu fil des \u00ab pi\u00e8ces \u00bb qu'il y ajoute, il se revoit arrivant en Chine pour former les jeunes lettr\u00e9s de la Cit\u00e9 interdite \u00e0 l'invitation de l'empereur Kangxi. Il revisite sa vie parisienne, convoque ses amis d'antan. Il chevauche \u00e0 travers la Mandchourie au c\u00f4t\u00e9 de Jade, son \u00e9l\u00e8ve bien-aim\u00e9, prince qu'il initie \u00e0 l'ars memoriae et \u00e0 la foi chr\u00e9tienne. Mais Artus ne peut repousser le souvenir du tour funeste que prendra leur passion, sous peine de voir s'effondrer son palais de m\u00e9moire...\u00c0 travers ce conte tourment\u00e9, exquis, \u00c9lise Fontenaille entra\u00eene le lecteur sur des chemins intellectuels, spirituels et sensuels, dans un voyage hypnotique.","authors":["Elise Fontenaille"],"category_codes":["1000000","1010000"],"visuals":{"large":"https:\/\/images.epagine.fr\/431\/9782702142431_1_75.jpg","medium":"https:\/\/images.epagine.fr\/431\/9782702142431_1_m.jpg","thumbnail":"https:\/\/images.epagine.fr\/431\/9782702142431_1_v.jpg"},"orderable":true,"show_badge":true,"formatted_price":"18,40&nbsp;\u20ac","formatted_published_date":"17 ao\u00fbt 2011","publisher_availability_label":"Sur commande","short_details":"Elise Fontenaille \u2014 Calmann-L\u00e9vy","translator":null,"weight":230,"page_count":161,"readership":null,"editor":"Calmann-L\u00e9vy","price":1840,"published_date":"2011-08-16T22:00:00.000000Z","support":"Grand format","publisher_availability":1,"stock":0,"editions":[],"url":"https:\/\/quaidesbrumes.com\/ouvrage\/9782702142431\/le-palais-de-memoire"},{"id":"9782343015798","title":"Dissimuler pour vivre ; gen\u00e8se d'une femme homosexuelle dans les ann\u00e9es 60","description":"Tr\u00e8s jeune, Jos\u00e9phine d\u00e9couvre que de la dissimulation d\u00e9pendra la pr\u00e9servation de son espace vital. Dissimulation de son v\u00e9cu d'enfant au sein d'une famille\u0160d\u00e9vorante, dissimulation de sa sexualit\u00e9 adolescente face au conformisme pesant de la bourgeoisie pendant les ann\u00e9es soixante \u00e0 soixante-dix. Jos\u00e9phine narre aussi ses triomphes : conqu\u00eate de la libert\u00e9 de pens\u00e9e, lutte pour \u00e9viter d'endosser les r\u00f4les auxquels sa condition f\u00e9minine l'assigne... L'amour, la haine et la d\u00e9mesure parcourent ce r\u00e9cit \u00e0 la premi\u00e8re personne, de l'enfance \u00e0 l'aube de l'\u00e2ge adulte.\r","authors":["Muriel Confignal"],"category_codes":["1000000","1010000"],"visuals":{"large":"https:\/\/images.epagine.fr\/798\/9782343015798_1_75.jpg","medium":"https:\/\/images.epagine.fr\/798\/9782343015798_1_m.jpg","thumbnail":"https:\/\/images.epagine.fr\/798\/9782343015798_1_v.jpg"},"orderable":true,"show_badge":true,"formatted_price":"19,50&nbsp;\u20ac","formatted_published_date":"4 septembre 2013","publisher_availability_label":"Sur commande","short_details":"Muriel Confignal \u2014 \u00c9ditions L'Harmattan","translator":null,"weight":225,"page_count":182,"readership":null,"editor":"\u00c9ditions L'Harmattan","price":1950,"published_date":"2013-09-03T22:00:00.000000Z","support":"Grand format","publisher_availability":1,"stock":0,"editions":[],"url":"https:\/\/quaidesbrumes.com\/ouvrage\/9782343015798\/dissimuler-pour-vivre-genese-dune-femme-homosexuelle-dans-les-annees-60"},{"id":"9782226208446","title":"La cithare nue","description":"V\u00e8me si\u00e8cle. La Chine est en proie aux luttes intestines qui ont succ\u00e9d\u00e9 aux invasions barbares. Une jeune fille de la haute aristocratie, qui s'adonne \u00e0 l'art raffin\u00e9 de la cithare, est enlev\u00e9e par un chef de guerre. Enceinte, elle accouche dans le chaos des batailles, croyant avoir tout perdu et mourir bient\u00f4t. Mais son mari, strat\u00e8ge avis\u00e9, prend la t\u00eate des arm\u00e9es. A son corps d\u00e9fendant, Jeune M\u00e8re devient imp\u00e9ratrice. A la mort de son \u00e9poux, destitu\u00e9e, son fils assassin\u00e9, elle se retire dans un monast\u00e8re bouddhiste o\u00f9 elle sera enterr\u00e9e. Deux si\u00e8cles plus tard, un jeune luthier profane sa tombe et s'empare du bois du sarcophage pour fabriquer une cithare. L'instrument r\u00e9veille le fant\u00f4me de Jeune M\u00e8re. Une histoire d'amour entre les deux personnages les emporte alors dans une aventure empreinte de magie et d'onirisme, marqu\u00e9e par leur passion commune pour la cithare.\r\nCompos\u00e9 avec la po\u00e9sie et l'exotisme qui ont fait le succ\u00e8s de Shan Sa, ce roman plonge le lecteur dans une \u00e9pop\u00e9e o\u00f9 l'extraordinaire rivalise avec le suspense, dans la lign\u00e9e des grandes sagas qui inspirent le cin\u00e9ma chinois.\r","authors":["Shan sa"],"category_codes":["1000000","1010000"],"visuals":{"large":"https:\/\/images.epagine.fr\/446\/9782226208446_1_75.jpg","medium":"https:\/\/images.epagine.fr\/446\/9782226208446_1_m.jpg","thumbnail":"https:\/\/images.epagine.fr\/446\/9782226208446_1_v.jpg"},"orderable":true,"show_badge":true,"formatted_price":"20,30&nbsp;\u20ac","formatted_published_date":"2 juin 2010","publisher_availability_label":"Sur commande","short_details":"Shan sa \u2014 Albin Michel","translator":null,"weight":470,"page_count":336,"readership":null,"editor":"Albin Michel","price":2030,"published_date":"2010-06-01T22:00:00.000000Z","support":"Grand format","publisher_availability":1,"stock":0,"editions":[],"url":"https:\/\/quaidesbrumes.com\/ouvrage\/9782226208446\/la-cithare-nue"},{"id":"9782204082815","title":"La prudence","description":null,"authors":["Torrell J P"],"category_codes":["1000000","1010000"],"visuals":{"large":"https:\/\/images.epagine.fr\/815\/9782204082815_1_75.jpg","medium":"https:\/\/images.epagine.fr\/815\/9782204082815_1_m.jpg","thumbnail":"https:\/\/images.epagine.fr\/815\/9782204082815_1_v.jpg"},"orderable":true,"show_badge":true,"formatted_price":"53,00&nbsp;\u20ac","formatted_published_date":"9 novembre 2006","publisher_availability_label":"Sur commande","short_details":"Torrell J P \u2014 Les \u00e9ditions du Cerf","translator":null,"weight":569,"page_count":null,"readership":null,"editor":"Les \u00e9ditions du Cerf","price":5300,"published_date":"2006-11-08T23:00:00.000000Z","support":"Grand format","publisher_availability":1,"stock":0,"editions":[],"url":"https:\/\/quaidesbrumes.com\/ouvrage\/9782204082815\/la-prudence"},{"id":"9782742797431","title":"Les gants et autres nouvelles","description":"Ce recueil de nouvelles pourrait se r\u00e9sumer en quelques mots\u00a0: liens amoureux, filiaux, amicaux ou tout simplement humains. Un couple de c\u00e9libataires d'un \u00e2ge respectable se construit \u00e0 partir d'une rencontre arrang\u00e9e par des amis. Ils apprennent \u00e0 se conna\u00eetre avec gravit\u00e9 et patience et, contre toute attente, peu \u00e0 peu se tisse entre eux un amour profond, une confiance et une compr\u00e9hension inattendues. Quand r\u00e9appara\u00eet dans la vie de l'homme une m\u00e8re absente depuis sa plus tendre enfance, son \u00e9pouse per\u00e7oit le choc silencieux de cette pr\u00e9sence devenue si lointaine et le trouble que provoque en lui l'absence de tout sentiment \u00e0 son \u00e9gard. Une visite, une seule visite de cette m\u00e8re oubli\u00e9e, puis de nouveau le silence. Bien plus tard, l'annonce de la mort de cette femme et la d\u00e9couverte de son appartement \u00e0 deux pas de leur maison inscrit en eux le partage d'une indicible souffrance. Un enfant ob\u00e8se d\u00e9cide de maigrir. Devenu beau, il observe d'un oeil lucide l'attention amoureuse que lui porte son entourage. Un jeune lecteur rencontre l'\u00e9crivain qu'il v\u00e9n\u00e8re, entre eux se noue une relation douteuse aux yeux des autres, troublante pour l'\u00e9crivain mais sans la moindre ambigu\u00eft\u00e9 pour le jeune homme que seule l'\u00e9criture de cet homme attire. Un p\u00e8re divorc\u00e9 rencontre par deux fois son fils devenu grand. Deux fois il le conduit sur les hauteurs d'Istanbul puis d'Izmir pour contempler, pour lui offrir en partage, la beaut\u00e9 de ces villes ottomanes. Murathan Mungan continue \u00e0 creuser la veine de la critique sociale \u00e0 travers le portrait de relations affectives. Si, dans ses pr\u00e9c\u00e9dents ouvrages, il avait montr\u00e9 une pr\u00e9dilection pour des figures un peu marginales de la soci\u00e9t\u00e9 turque, ce sont des amours plus ordinaires qui alimentent ces dix nouvelles o\u00f9 s'affirme la multiplicit\u00e9 de la Grande cit\u00e9 d'Istanbul. Ainsi se dessine une carte du Tendre tout \u00e0 fait contemporaine, sans ambages, sensuelle et d'une grande po\u00e9sie. Par ailleurs ces nouvelles composent un livre tout \u00e0 fait convaincant sur la proximit\u00e9 d'\u00e2me entre Turcs et Europ\u00e9ens, avec juste ce qu'il faut de touche \u00aborientale\u00bb.\r","authors":["Murathan Mungan","Jean Descat"],"category_codes":["1000000","1010000"],"visuals":{"large":"https:\/\/images.epagine.fr\/431\/9782742797431_1_75.jpg","medium":"https:\/\/images.epagine.fr\/431\/9782742797431_1_m.jpg","thumbnail":"https:\/\/images.epagine.fr\/431\/9782742797431_1_v.jpg"},"orderable":true,"show_badge":true,"formatted_price":"19,30&nbsp;\u20ac","formatted_published_date":"28 mai 2011","publisher_availability_label":"Sur commande","short_details":"Murathan Mungan, Jean Descat \u2014 Actes Sud","translator":"JEAN DESCAT","weight":170,"page_count":171,"readership":null,"editor":"Actes Sud","price":1930,"published_date":"2011-05-27T22:00:00.000000Z","support":"Grand format","publisher_availability":1,"stock":0,"editions":[],"url":"https:\/\/quaidesbrumes.com\/ouvrage\/9782742797431\/les-gants-et-autres-nouvelles"},{"id":"9782312076218","title":"Plan\u00e8te d'exil ; l'histoire de Lisette","description":"Lisette, seule rescap\u00e9e de la Terre, \u00e9choue miraculeusement sur la plan\u00e8te Chchch'van. Elle y survit. Mais lui est-il possible d'y vivre en trouvant sa place parmi ses habitants ?\r","authors":["Sylvie Rosset"],"category_codes":["1000000","1010000"],"visuals":{"large":"https:\/\/images.epagine.fr\/218\/9782312076218_1_75.jpg","medium":"https:\/\/images.epagine.fr\/218\/9782312076218_1_m.jpg","thumbnail":"https:\/\/images.epagine.fr\/218\/9782312076218_1_v.jpg"},"orderable":true,"show_badge":true,"formatted_price":"13,00&nbsp;\u20ac","formatted_published_date":"9 septembre 2020","publisher_availability_label":"Sur commande","short_details":"Sylvie Rosset \u2014 Editions du Net","translator":null,"weight":125,"page_count":116,"readership":null,"editor":"Editions du Net","price":1300,"published_date":"2020-09-08T22:00:00.000000Z","support":"Grand format","publisher_availability":1,"stock":0,"editions":[],"url":"https:\/\/quaidesbrumes.com\/ouvrage\/9782312076218\/planete-dexil-lhistoire-de-lisette"},{"id":"9782746730335","title":"Chemins d'exil","description":"Empruntant le manteau de la fiction, \"Chemins d'exil\" recr\u00e9e avec une incroyable pr\u00e9cision les lieux, les ambiances, les premiers et seconds r\u00f4les de toute une g\u00e9n\u00e9ration - Heinrich et Nelly Mann, Brecht, Walter Benjamin, D\u00f6blin, Joyce ou Virginia Woolf - plong\u00e9e dans le bouillonnement de l'entre-deux-guerres.\r\nUn tour de force litt\u00e9raire.\r","authors":["Evelyn Juers","Laurent Bury"],"category_codes":["1000000","1010000"],"visuals":{"large":"https:\/\/images.epagine.fr\/335\/9782746730335_1_75.jpg","medium":"https:\/\/images.epagine.fr\/335\/9782746730335_1_m.jpg","thumbnail":"https:\/\/images.epagine.fr\/335\/9782746730335_1_v.jpg"},"orderable":true,"show_badge":true,"formatted_price":"22,00&nbsp;\u20ac","formatted_published_date":"20 ao\u00fbt 2011","publisher_availability_label":"Sur commande","short_details":"Evelyn Juers, Laurent Bury \u2014 Autrement","translator":"LAURENT BURY","weight":485,"page_count":355,"readership":null,"editor":"Autrement","price":2200,"published_date":"2011-08-19T22:00:00.000000Z","support":"Grand format","publisher_availability":1,"stock":0,"editions":[],"url":"https:\/\/quaidesbrumes.com\/ouvrage\/9782746730335\/chemins-dexil"},{"id":"9791041801527","title":"Gitanjali","description":"Widely regarded as one of the most important figures in Indian (and more specifically Bengali) literary history, Rabindranath Tagore was the first Indian-indeed, the first person outside Europe-to win the Nobel Prize in Literature, largely in recognition of his \"spiritual offering of songs,\" Gitanjali.\r\nTagore himself translated the poems from the original Bengali, taking many liberties in the process. His English translation is rightly recognized as a work distinct from the Bengali original, consisting of major revisions, many elisions, and many poems originally published in other collections.\r\nTagore's lyrical simplicity, vivid imagery, and themes of nature, spirituality, death, and transcendence combine to produce a truly unique, powerfully moving work of thoughtful beauty. For many who read it, Tagore's words in Song XCVI ring true: \"What I have seen is unsurpassable. I have tasted of the hidden honey of this lotus that expands on the ocean of light, and thus I am blessed.\"","authors":["Rabindran\u00e2th Tagore"],"category_codes":["1000000","1010000"],"visuals":{"large":"https:\/\/images.epagine.fr\/527\/9791041801527_1_75.jpg","medium":"https:\/\/images.epagine.fr\/527\/9791041801527_1_m.jpg","thumbnail":"https:\/\/images.epagine.fr\/527\/9791041801527_1_v.jpg"},"orderable":true,"show_badge":true,"formatted_price":"14,95&nbsp;\u20ac","formatted_published_date":"8 juin 2023","publisher_availability_label":"Sur commande","short_details":"Rabindran\u00e2th Tagore \u2014 Culturea","translator":null,"weight":164,"page_count":118,"readership":null,"editor":"Culturea","price":1495,"published_date":"2023-06-07T22:00:00.000000Z","support":"Grand format","publisher_availability":1,"stock":0,"editions":[],"url":"https:\/\/quaidesbrumes.com\/ouvrage\/9791041801527\/gitanjali"},{"id":"9782849213100","title":"Les ombres de Paul","description":"Voici d\u00e9j\u00e0 quinze ans que Paul a disparu, laissant Laetitia seule avec leur fils Julien, un jeune adolescent tr\u00e8s sensible. Pour remplir le vide creus\u00e9 par cette absence, la jeune femme s'investit compl\u00e8tement dans sa vie professionnelle. Quant \u00e0 Julien, \u00e0 la recherche de ses origines, il questionne sans rel\u00e2che sa m\u00e8re qui reste mur\u00e9e dans son silence. Elle sait que t\u00f4t ou tard elle devra affronter la r\u00e9alit\u00e9, accepter la trahison, et r\u00e9pondre \u00e0 son fils. \r\nLes choses \u00e9voluent lorsque l'on propose \u00e0 Laetitia une mission comptable dans sa r\u00e9gion natale. Elle acceptera, soucieuse de donner \u00e0 son fils un cadre familial. Ils rejoignent la grand-m\u00e8re de Julien, une femme un peu excentrique, qui se retrouve involontairement m\u00eal\u00e9e \u00e0 une sc\u00e8ne de crime.\r\nLaetitia profitera de son s\u00e9jour dans la r\u00e9gion Rh\u00f4ne-Alpes pour renouer avec d'anciennes relations, elle s'\u00e9tonnera du comportement des dirigeants et des cadres de la firme qu'elle doit auditer. Une affaire en cacherait-elle une autre ? Des liens semblent se tisser entre plusieurs \u00e9v\u00e8nements mais Laetitia doit rester sto\u00efque : apr\u00e8s tout, les co\u00efncidences existent...\r\n\r\n \r\n\r\nIl est peut-\u00eatre temps pour elle d'affronter le pass\u00e9. Depuis plus de quinze ans, elle attend patiemment qu'un d\u00e9tail oubli\u00e9 la ram\u00e8ne sur les traces de Paul. Le moment serait-il enfin venu ?\r","authors":["Cyrielle Mineur"],"category_codes":["1000000","1010000"],"visuals":{"large":"https:\/\/images.epagine.fr\/100\/9782849213100_1_75.jpg","medium":"https:\/\/images.epagine.fr\/100\/9782849213100_1_m.jpg","thumbnail":"https:\/\/images.epagine.fr\/100\/9782849213100_1_v.jpg"},"orderable":true,"show_badge":true,"formatted_price":"17,50&nbsp;\u20ac","formatted_published_date":"24 septembre 2014","publisher_availability_label":"Sur commande","short_details":"Cyrielle Mineur \u2014 Editions Thot","translator":null,"weight":282,"page_count":212,"readership":null,"editor":"Editions Thot","price":1750,"published_date":"2014-09-23T22:00:00.000000Z","support":"Grand format","publisher_availability":1,"stock":0,"editions":[],"url":"https:\/\/quaidesbrumes.com\/ouvrage\/9782849213100\/les-ombres-de-paul"},{"id":"9782824000404","title":"Le crucifi\u00e9 de Kerali\u00e8s","description":"D'un fait divers particuli\u00e8rement horrible qui l'a marqu\u00e9 dans sa jeunesse - Le crucifi\u00e9 d'Hengoat -, Charles Le Goffic tire un roman r\u00e9gionaliste \u00e2pre, dur et r\u00e9aliste (1891) qui marque la nouvelle modernit\u00e9 des \u00e9crivains bretons de la toute fin du XIXe si\u00e8cle.\r\nCette affaire du crucifi\u00e9 d'Hengoat bouleversera et passionnera toute la Bretagne (avant d'\u00eatre d\u00e9tr\u00f4n\u00e9e, bien plus tard, par l'affaire Seznec) car il y a l\u00e0 tous les ingr\u00e9dients susceptibles de d\u00e9clencher la curiosit\u00e9, la stup\u00e9faction, l'horreur et le frisson du public.\r\nUn jeune paysan est retrouv\u00e9 \u00ab crucifi\u00e9 \u00bb aux brancards d'une charrette apr\u00e8s avoir \u00e9t\u00e9 \u00e9trangl\u00e9 dans son sommeil. La soeur et le beau-fr\u00e8re sont rapidement accus\u00e9s, mais sans preuves mat\u00e9rielles, ce qui motivera leur acquittement lors du proc\u00e8s, en 1883. \r\nPourtant, au cours du proc\u00e8s, l'on d\u00e9couvre aussi les singuliers agissements des protagonistes autour de la sulfureuse statue de saint Yves-de-V\u00e9rit\u00e9 ! Le saint a \u00e9t\u00e9 de tout temps r\u00e9v\u00e9r\u00e9 pour sa clairvoyance dans les litiges les plus embrouill\u00e9s et pour rendre des arr\u00eats de justice divine... Et dans ce pays du Tr\u00e9gor, l'on continue, en cette fin de XIXe si\u00e8cle, \u00e0 \u00ab vouer \u00bb \u00e0 saint Yves ses ennemis intimes. Et si le saint en reconna\u00eet le bon droit, les personnes \u00ab vou\u00e9es \u00bb mourront dans un strict d\u00e9lai de neuf mois !\r\nLe d\u00e9cor est plant\u00e9 : il reste \u00e0 rentrer dans l'histoire du Crucifi\u00e9 de Kerali\u00e8s, passionnant t\u00e9moignage de la haine et du mysticisme religieux venant du fond des \u00e2ges.\r\nLe post-scriptum donne les cl\u00e9s du roman et permet de comprendre les tenants et aboutissants de la v\u00e9ritable affaire criminelle. Passionnant de bout en bout !\r\nConnu et reconnu pour ces recueils de contes traditionnels et de romans r\u00e9gionalistes, Charles Le Goffic (1863-1932) a su prouver un incomparable talent de \u00ab metteur en sc\u00e8ne \u00bb de la Bretagne \u00e9ternelle.","authors":["Charles Le Goffic"],"category_codes":["1000000","1010000"],"visuals":{"large":"https:\/\/images.epagine.fr\/404\/9782824000404_1_75.jpg","medium":"https:\/\/images.epagine.fr\/404\/9782824000404_1_m.jpg","thumbnail":"https:\/\/images.epagine.fr\/404\/9782824000404_1_v.jpg"},"orderable":true,"show_badge":true,"formatted_price":"15,95&nbsp;\u20ac","formatted_published_date":"20 ao\u00fbt 2013","publisher_availability_label":"Sur commande","short_details":"Charles Le Goffic \u2014 Editions des R\u00e9gionalismes","translator":null,"weight":215,"page_count":156,"readership":null,"editor":"Editions des R\u00e9gionalismes","price":1595,"published_date":"2013-08-19T22:00:00.000000Z","support":"Grand format","publisher_availability":1,"stock":0,"editions":[],"url":"https:\/\/quaidesbrumes.com\/ouvrage\/9782824000404\/le-crucifie-de-keralies"}]}