{"data":[{"id":"9782266209892","title":"Les secrets de la for\u00eat","description":"Villeroy, paisible bourgade de Loz\u00e8re, vit d\u00e9sormais au rythme de \u00ab la b\u00eate \u00bb, un myst\u00e9rieux pr\u00e9dateur qui r\u00f4de dans la for\u00eat et attaque les enfants. Pour la population, la cause est entendue : le coupable est un loup, un de ces parasites introduits par des \u00e9cologistes. Mais le comportement \u00e9trange de l'animal fait na\u00eetre une nouvelle hypoth\u00e8se. Le centre de recherches biologiques local, situ\u00e9 au coeur de la for\u00eat, aurait donn\u00e9 naissance \u00e0 un monstre...\r","authors":["Gilbert Bordes"],"category_codes":["1000000","1010000"],"visuals":{"large":"https:\/\/images.epagine.fr\/892\/9782266209892_1_75.jpg","medium":"https:\/\/images.epagine.fr\/892\/9782266209892_1_m.jpg","thumbnail":"https:\/\/images.epagine.fr\/892\/9782266209892_1_v.jpg"},"orderable":true,"show_badge":true,"formatted_price":"8,70&nbsp;\u20ac","formatted_published_date":"18 avril 2013","publisher_availability_label":"Sur commande","short_details":"Gilbert Bordes \u2014 Pocket","translator":null,"weight":169,"page_count":316,"readership":null,"editor":"Pocket","price":870,"published_date":"2013-04-17T22:00:00.000000Z","support":"Poche","publisher_availability":1,"stock":0,"editions":[],"url":"https:\/\/quaidesbrumes.com\/ouvrage\/9782266209892\/les-secrets-de-la-foret"},{"id":"9782213681061","title":"Un matin, nous partons","description":"Qu'est-ce que Paris vu de l'autre c\u00f4t\u00e9 de la M\u00e9diterran\u00e9e quand on a \u00e0 peine dix-huit ans ?\r\nUne fratrie part \u00e0 la conqu\u00eate de la capitale, ivre de secr\u00e8tes ambitions et de fantasmes appris dans les livres. L'un apr\u00e8s l'autre, les trois soeurs et le fr\u00e8re font le voyage, se cognant aux d\u00e9sillusions in\u00e9vitables, tout en se croyant livres et vierges. Mais leur m\u00e8re acceptera-t-elle de voir pousser ses enfants sur une autre terre ? Et l'oubli des racines est-il vraiment \u00e0 la port\u00e9e de tous les coeurs ?\r","authors":["Florence Chapiro"],"category_codes":["1000000","1010000"],"visuals":{"large":"https:\/\/images.epagine.fr\/061\/9782213681061_1_75.jpg","medium":"https:\/\/images.epagine.fr\/061\/9782213681061_1_m.jpg","thumbnail":"https:\/\/images.epagine.fr\/061\/9782213681061_1_v.jpg"},"orderable":true,"show_badge":true,"formatted_price":"20,00&nbsp;\u20ac","formatted_published_date":"8 janvier 2014","publisher_availability_label":"Sur commande","short_details":"Florence Chapiro \u2014 Fayard","translator":null,"weight":410,"page_count":288,"readership":null,"editor":"Fayard","price":2000,"published_date":"2014-01-07T23:00:00.000000Z","support":"Grand format","publisher_availability":1,"stock":0,"editions":[],"url":"https:\/\/quaidesbrumes.com\/ouvrage\/9782213681061\/un-matin-nous-partons"},{"id":"9782213661469","title":"Chevalier de l'ordre du m\u00e9rite","description":"D\u00e8s que je passe la porte de notre appartement, je me transforme. Sans plus aucune coquetterie, je retire mes escarpins, je jette mes v\u00eatements dans la pani\u00e8re \u00e0 linge sale. Je m'attache les cheveux sur le sommet du cr\u00e2ne, remonte mes manches, et c'est parti pour le rod\u00e9o de l'ordre et de la propret\u00e9. Une chor\u00e9graphie d'un genre peu sexy, \u00e0 laquelle je ne renonce que tombante de sommeil.\r\nPauvre Adrien : il vit avec une m\u00e9g\u00e8re. L'image n'est pas folichonne.\r\nC'est au bureau qu'ils vivent avec moi. Bien habill\u00e9e, maquill\u00e9e, coiff\u00e9e.\r\nPourquoi je me transforme?\r\nPourquoi je n'arrive pas \u00e0 suivre le mode de vie d'Adrien ?\r\nPourquoi \u00e7a ne tourne pas plus... plus... plus carr\u00e9 ?\r\n\r\nSylvie Testud est com\u00e9dienne. En 2001, elle a obtenu le C\u00e9sar du meilleur espoir f\u00e9minin pour Les Blessures assassines, et, en 2004, le C\u00e9sar de la meilleure actrice pour Stupeur et tremblements. Son dernier roman, Gamines, est paru chez Fayard en 2006.","authors":["Sylvie Testud"],"category_codes":["1000000","1010000"],"visuals":{"large":"https:\/\/images.epagine.fr\/469\/9782213661469_1_75.jpg","medium":"https:\/\/images.epagine.fr\/469\/9782213661469_1_m.jpg","thumbnail":"https:\/\/images.epagine.fr\/469\/9782213661469_1_v.jpg"},"orderable":true,"show_badge":true,"formatted_price":"17,30&nbsp;\u20ac","formatted_published_date":"2 mars 2011","publisher_availability_label":"Sur commande","short_details":"Sylvie Testud \u2014 Fayard","translator":null,"weight":383,"page_count":269,"readership":null,"editor":"Fayard","price":1730,"published_date":"2011-03-01T23:00:00.000000Z","support":"Grand format","publisher_availability":1,"stock":0,"editions":[],"url":"https:\/\/quaidesbrumes.com\/ouvrage\/9782213661469\/chevalier-de-lordre-du-merite"},{"id":"9782809701814","title":"Le jour de la gratitude au travail","description":"Le Jour de la Gratitude au Travail r\u00e9unit deux r\u00e9cits mordants et dr\u00f4les sur le monde du travail, vu du c\u00f4t\u00e9 f\u00e9minin, au Japon.\r\n\" Quel est votre but dans la vie ? \" a-t-on demand\u00e9 \u00e0 Ky\u00f4ko lors de son premier entretien d'embauche. \" Vivre vieille \", a-t-elle r\u00e9pondu. Apr\u00e8s avoir \u00e9t\u00e9 vir\u00e9e pour avoir molest\u00e9 son patron qui s'\u00e9tait montr\u00e9 obsc\u00e8ne et insultant, la voil\u00e0 qui accepte une \" rencontre arrang\u00e9e \" avec un homme infatu\u00e9 de lui-m\u00eame et de la taille. de son entreprise.\r\nDans le second r\u00e9cit, l'amiti\u00e9 qui unit la jeune Oikawa \u00e0 son coll\u00e8gue de travail Futo est de nature assez sp\u00e9ciale. On a beau savoir que les liens qui se nouent au travail sont parfois tr\u00e8s puissants, il est rare que le fant\u00f4me de votre coll\u00e8gue vous apparaisse, pris de hoquet, devant la porte de son appartement.\r\nL'art d'Itoyama Akiko, c'est de savoir, dans le tableau d'ensemble, rep\u00e9rer le d\u00e9tail qui, soudain, bouleverse la perspective. Ses deux r\u00e9cits colorent la banale r\u00e9alit\u00e9 du travail de la touche de l'impr\u00e9visible ; alors l'\u00eatre humain r\u00e9v\u00e8le son excentricit\u00e9 cach\u00e9e, et la lutte pour le pain quotidien, son ironique vacuit\u00e9.\r","authors":["Akiko Itoyama","Marie-Noelle Ouvray"],"category_codes":["1000000","1010000"],"visuals":{"large":"https:\/\/images.epagine.fr\/814\/9782809701814_1_75.jpg","medium":"https:\/\/images.epagine.fr\/814\/9782809701814_1_m.jpg","thumbnail":"https:\/\/images.epagine.fr\/814\/9782809701814_1_v.jpg"},"orderable":true,"show_badge":true,"formatted_price":"5,60&nbsp;\u20ac","formatted_published_date":"6 mai 2010","publisher_availability_label":"Sur commande","short_details":"Akiko Itoyama, Marie-Noelle Ouvray \u2014 \u00c9ditions Picquier","translator":"MARIE-NOELLE OUVRAY","weight":105,"page_count":119,"readership":null,"editor":"\u00c9ditions Picquier","price":560,"published_date":"2010-05-05T22:00:00.000000Z","support":"Poche","publisher_availability":1,"stock":0,"editions":[],"url":"https:\/\/quaidesbrumes.com\/ouvrage\/9782809701814\/le-jour-de-la-gratitude-au-travail"},{"id":"9782070147274","title":"La vie de jardin","description":"Elle s'appelle Estelle, Marie-Laure, Florence ou Solenne. Un jour, elle quitte Paris pour une maison avec jardin. Pour une banlieue pr\u00e8s des flux d'argent, loin du bruit des pompes : l'endroit id\u00e9al pour \u00e9lever des enfants. Il s'appelle Aymeric, Beno\u00eet, Flavien ou Pierre. Son quotidien : branlettes, brimades, quatre cents coups, amiti\u00e9s \u00e9ternelles. Au pensionnat , qu'a-t-il \u00e0 faire des r\u00eaves de sa m\u00e8re ? Il est financier, avocat, agent immobilier ou chercheur. Tard le soir, il construit le monde de demain. Et si ce devait \u00eatre notre monde ? Alexis Brocas nous offre le r\u00e9cit d'une riche banlieue pavillonnaire : un roman d'une ambition folle, la peinture d'une \u00e9poque. \u00c0 suivre sur trente ans, la vie de dizaines de personnages. La subtilit\u00e9 de l'analyse sociologique rejoint le plaisir de raconter une histoire.","authors":["Alexis Brocas"],"category_codes":["1000000","1010000"],"visuals":{"large":"https:\/\/images.epagine.fr\/274\/9782070147274_1_75.jpg","medium":"https:\/\/images.epagine.fr\/274\/9782070147274_1_m.jpg","thumbnail":"https:\/\/images.epagine.fr\/274\/9782070147274_1_v.jpg"},"orderable":true,"show_badge":true,"formatted_price":"20,00&nbsp;\u20ac","formatted_published_date":"8 janvier 2015","publisher_availability_label":"Sur commande","short_details":"Alexis Brocas \u2014 Gallimard","translator":null,"weight":390,"page_count":384,"readership":null,"editor":"Gallimard","price":2000,"published_date":"2015-01-07T23:00:00.000000Z","support":"Grand format","publisher_availability":1,"stock":0,"editions":[],"url":"https:\/\/quaidesbrumes.com\/ouvrage\/9782070147274\/la-vie-de-jardin"},{"id":"9782918527060","title":"Portrait du pompiste en vieux chien errant","description":"Quand l'\u00e9poque d\u00e9parle, quand les mots se perdent, quand face \u00e0 la lourdeur de nos immobilismes nous ne savons plus comment crier, il reste la po\u00e9sie. \r\nCelle de Bouvier loge dans un \u00e9crin d'espoir qui subitement se transforme en poche de r\u00e9sistance, c'est aussi l'endroit des mots susurr\u00e9s, et soudainement l'antichambre de l'utopie. \r\nAlain est pompiste, au kilom\u00e8tre 137 de l'autoroute A11 en direction de Paris. Alain est po\u00e8te, avant tout, partout.\r","authors":["Alain Bouvier"],"category_codes":["1000000","1010000"],"visuals":{"large":"https:\/\/images.epagine.fr\/060\/9782918527060_1_75.jpg","medium":"https:\/\/images.epagine.fr\/060\/9782918527060_1_m.jpg","thumbnail":"https:\/\/images.epagine.fr\/060\/9782918527060_1_v.jpg"},"orderable":true,"show_badge":true,"formatted_price":"10,00&nbsp;\u20ac","formatted_published_date":"22 juin 2011","publisher_availability_label":"Sur commande","short_details":"Alain Bouvier \u2014 D'Ores Et Deja","translator":null,"weight":99,"page_count":null,"readership":null,"editor":"D'Ores Et Deja","price":1000,"published_date":"2011-06-21T22:00:00.000000Z","support":"Poche","publisher_availability":1,"stock":0,"editions":[],"url":"https:\/\/quaidesbrumes.com\/ouvrage\/9782918527060\/portrait-du-pompiste-en-vieux-chien-errant"},{"id":"9782226069146","title":"La belle Otero","description":"N\u00e9e dans un mis\u00e9rable village espagnol, Caroline Otero, que la l\u00e9gende n'appela jamais autrement que \u00abla Belle Otero\u00bb, fut la plus somptueuse, la plus envo\u00fbtante, la plus impitoyable des courtisanes de la Belle Epoque.Pour elle, de Porto \u00e0 Marseille, de Paris \u00e0 Saint-P\u00e9tersbourg, de New York \u00e0 Monte-Carlo, les hommes s'enflamment, se ruinent, se tuent parfois. Elle voue son existence \u00e0 la danse, au plaisir, \u00e0 la libert\u00e9. Un jour pourtant, le coeur \u00e0 jamais bris\u00e9, elle quittera tout, perdra sans un regret sur les tables de jeu une fortune qui sans doute lui br\u00fblait les doigts.Avec une passion sensuelle et flamboyante, Raoul Mille, romancier et journaliste litt\u00e9raire, auteur des Chiens ivres et Prix Interalli\u00e9 pour Les Amants du paradis, raconte \u00absa\u00bb Belle Otero. Un personnage inoubliable pour un roman plein de fougue, de couleurs et d'ivresses, o\u00f9 la vie se consume dans l'amour et le jeu pour tenter d'oublier les blessures que, souvent, elle inflige.\r","authors":["Raoul Mille"],"category_codes":["1000000","1010000"],"visuals":{"large":"https:\/\/images.epagine.fr\/146\/9782226069146_1_75.jpg","medium":"https:\/\/images.epagine.fr\/146\/9782226069146_1_m.jpg","thumbnail":"https:\/\/images.epagine.fr\/146\/9782226069146_1_v.jpg"},"orderable":true,"show_badge":true,"formatted_price":"15,00&nbsp;\u20ac","formatted_published_date":"5 avril 1994","publisher_availability_label":"Sur commande","short_details":"Raoul Mille \u2014 Albin Michel","translator":null,"weight":390,"page_count":320,"readership":null,"editor":"Albin Michel","price":1500,"published_date":"1994-04-04T22:00:00.000000Z","support":"Grand format","publisher_availability":1,"stock":0,"editions":[],"url":"https:\/\/quaidesbrumes.com\/ouvrage\/9782226069146\/la-belle-otero"},{"id":"9782846262859","title":"Un coup \u00e0 prendre","description":"Comment la paternit\u00e9 vient \u00e0 un homme ?Le premier roman de Xavier de Moulins confirme toutes les qualit\u00e9s d intelligence et de s\u00e9duction qui ont fait son succ\u00e8s dans les m\u00e9dias.\u00ab C est pour rester proche de mes filles que je me suis install\u00e9 \u00e0 trois rues de leur m\u00e8re, trois semaines tout juste apr\u00e8s l avoir quitt\u00e9e pour une autre.Pourtant, j ai toujours \u00e9t\u00e9 contre la rupture de proximit\u00e9. Plut\u00f4t du genre \u00e0 penser que lorsqu un couple se viande et enterre son histoire, il convient de s\u00e9parer les tombes, ne pas faire cimeti\u00e8re commun. Je m \u00e9tais m\u00eame toujours dit que, si un jour \u00e7a nous arrivait \u00e0 Alice et moi, eh bien que j irais me refaire \u00e0 l oppos\u00e9, question de principes et de territoire. Bien s\u00fbr, j ai fait l inverse. Et j ai cherch\u00e9 la bonne distance, pour installer un nouveau chez-moi.La bonne distance, c \u00e9tait la crois\u00e9e des chemins entre vie d avant et vie \u00e0 venir, entre deux saisons, l \u00e9t\u00e9 et l hiver. C \u00e9tait simple en th\u00e9orie, jet\u00e9 comme \u00e7a sur le papier. La bonne distance, c \u00e9tait une sorte de Yalta, un partage sinon du monde, du moins d un arrondissement, d un quartier, d une rue, sans casque bleu pour maintenir la paix, mais un processus, un accord tacite comme entre deux pays bellig\u00e9rants, entre deux bandes rivales au lyc\u00e9e. Avec Alice, on s \u00e9tait mis d accord dans l int\u00e9r\u00eat des enfants. \u00bb Antoine Duhamel, bobo trentenaire parisien tr\u00e8s repr\u00e9sentatif d un sociotype dominant, est mari\u00e9, et a jusque-l\u00e0 v\u00e9cu la pr\u00e9carit\u00e9 de son m\u00e9tier d auteur dans le confort mat\u00e9riel gr\u00e2ce au salaire de sa femme. Seulement, apr\u00e8s dix ans de mariage, il fait l amer constat que \u00ab notre couple sonnait comme tous les couples. Loin des promesses de nos d\u00e9buts, nous \u00e9tions devenus des d\u00e9chets radioactifs : narcissiquement morts, spirituellement \u00e9teints, physiquement \u00e0 l abandon, psychologiquement ratatin\u00e9s, affectivement ruin\u00e9s, vautr\u00e9s dans un confort de routine. \u00bb P\u00e8re de deux filles lass\u00e9 de vivre dans le mensonge conjugal, il prend la d\u00e9cision de quitter sa femme. D emm\u00e9nagement en garde altern\u00e9e, la solitude va le confronter \u00e0 ses deux filles et \u00e0 une paternit\u00e9 jusqu alors jamais totalement assum\u00e9e. \u00ab J ai attendu pour \u00eatre P\u00e8re de ne plus vivre avec ma femme et \u00e7a m a pris du temps parce que comme beaucoup d homme, j ai du mal \u00e0 faire deux choses en m\u00eame temps. \u00bbBien qu \u00e0 la premi\u00e8re personne, Xavier de Moulins, journaliste \u00e0 la formule qui fait mouche et au regard aussi pr\u00e9cis qu un scalpel, se livre ici \u00e0 l observation distanci\u00e9e d un homme d aujourd hui, avec une lucidit\u00e9 naturaliste penchant parfois vers l ironie, souvent vers la tendresse. Apr\u00e8s Nicolas Rey et Romain Monnery, il vient enrichir les rangs des romanciers que la critique nomme d\u00e9j\u00e0 \u00ab les nouveaux r\u00e9alistes \u00bb.","authors":["Xavier de Moulins"],"category_codes":["1000000","1010000"],"visuals":{"large":"https:\/\/images.epagine.fr\/859\/9782846262859_1_75.jpg","medium":"https:\/\/images.epagine.fr\/859\/9782846262859_1_m.jpg","thumbnail":"https:\/\/images.epagine.fr\/859\/9782846262859_1_v.jpg"},"orderable":true,"show_badge":true,"formatted_price":"17,00&nbsp;\u20ac","formatted_published_date":"5 janvier 2011","publisher_availability_label":"Sur commande","short_details":"Xavier de Moulins \u2014 Au Diable Vauvert","translator":null,"weight":170,"page_count":180,"readership":null,"editor":"Au Diable Vauvert","price":1700,"published_date":"2011-01-04T23:00:00.000000Z","support":"Grand format","publisher_availability":1,"stock":0,"editions":[],"url":"https:\/\/quaidesbrumes.com\/ouvrage\/9782846262859\/un-coup-a-prendre"},{"id":"9782812702860","title":"Au carnaval des esp\u00e9rances","description":"Guyane : durant la p\u00e9riode du carnaval, trois personnages, que tout s\u00e9pare, vont \u00eatre entra\u00een\u00e9s dans un tourbillon de m\u00e9saventures. Matt\u00e9o, d'origine corse, tente de retrouver son p\u00e8re qu'il n'a jamais connu. Le docteur Gnahor\u00e9, m\u00e9decin ivoirien a fui son pays pour travailler \u00e0 l'h\u00f4pital de Saint-Laurent du Maroni. Tita\u00efna, adolescente polyn\u00e9sienne, nostalgique  de son \u00eele natale, fugue du domicile familial. Apr\u00e8s avoir c\u00f4toy\u00e9 de nombreux marginaux et rencontr\u00e9 l'Am\u00e9rindien Moloko\u00ef, guide pr\u00e9cieux dans cette exub\u00e9rance v\u00e9g\u00e9tale et culturelle, les trois h\u00e9ros se rencontreront pour une qu\u00eat\u00e9 improbable qui cache d'autres esp\u00e9rances.\r","authors":["Jean-claude Baise"],"category_codes":["1000000","1010000"],"visuals":{"large":"https:\/\/images.epagine.fr\/860\/9782812702860_1_75.jpg","medium":"https:\/\/images.epagine.fr\/860\/9782812702860_1_m.jpg","thumbnail":"https:\/\/images.epagine.fr\/860\/9782812702860_1_v.jpg"},"orderable":true,"show_badge":true,"formatted_price":"18,00&nbsp;\u20ac","formatted_published_date":"14 octobre 2011","publisher_availability_label":"Sur commande","short_details":"Jean-claude Baise \u2014 Presses Du Midi","translator":null,"weight":280,"page_count":null,"readership":null,"editor":"Presses Du Midi","price":1800,"published_date":"2011-10-13T22:00:00.000000Z","support":"Grand format","publisher_availability":1,"stock":0,"editions":[],"url":"https:\/\/quaidesbrumes.com\/ouvrage\/9782812702860\/au-carnaval-des-esperances"},{"id":"9782898220494","title":"Le sermon aux poissons","description":"Les vacances se terminent et Antoine a d\u00e9cid\u00e9 de ne pas rentrer dans son pays. Il aimerait que Clara, sa femme, reste avec lui. Il souhaite recommencer sa vie avec elle ici, \u00e0 Lisbonne, o\u00f9 tout lui para\u00eet \u00e0 nouveau possible. Mais Clara pr\u00e9f\u00e8re rentrer \u00e0 Montr\u00e9al. Pour Antoine, Lisbonne prendra alors la forme d'un labyrinthe o\u00f9 les visages des femmes se confondent, se m\u00ealent et le ram\u00e8nent sans cesse \u00e0 celui de Clara, dont le souvenir l'obs\u00e8de.\r","authors":["Patrice Lessard"],"category_codes":["1000000","1010000"],"visuals":{"large":"https:\/\/images.epagine.fr\/494\/9782898220494_1_75.jpg","medium":"https:\/\/images.epagine.fr\/494\/9782898220494_1_m.jpg","thumbnail":"https:\/\/images.epagine.fr\/494\/9782898220494_1_v.jpg"},"orderable":true,"show_badge":true,"formatted_price":"12,00&nbsp;\u20ac","formatted_published_date":"15 ao\u00fbt 2021","publisher_availability_label":"Sur commande","short_details":"Patrice Lessard \u2014 HELIOTROPE","translator":null,"weight":401,"page_count":null,"readership":null,"editor":"HELIOTROPE","price":1200,"published_date":"2021-08-14T22:00:00.000000Z","support":"Poche","publisher_availability":1,"stock":0,"editions":[],"url":"https:\/\/quaidesbrumes.com\/ouvrage\/9782898220494\/le-sermon-aux-poissons"},{"id":"9782752909671","title":"Arvida","description":"Le livre \u00c0 l\u00b4autre bout du monde il y a Arvida, ville mod\u00e8le \u00e9rig\u00e9e au d\u00e9but du vingti\u00e8me si\u00e8cle par l\u00b4industriel am\u00e9ricain Arthur Vining Davis.\r\n\r\nLe narrateur de ce livre est n\u00e9 l\u00e0, dans la capitale de l\u00b4aluminium, construite en cent trente-cinq jours. Petite utopie nordique peupl\u00e9e de braves gens, de menteurs compulsifs et de pures crapules. Dans les quatre paroisses d\u00b4Arvida, le long du Saguenay et par-del\u00e0 l\u00b4horizon bleut\u00e9 des monts Valin, on se raconte des histoires de nuits en for\u00eat et de matins difficiles. Des histoires de jeunes filles innocentes et de b\u00eates sauvages, de meurtre rat\u00e9 et de mutilation rituelle, de roadtrip vers nulle part et de maison hant\u00e9e. Des histoires tant\u00f4t tristes, tant\u00f4t dr\u00f4les, tant\u00f4t horribles, et souvent un peu tout \u00e7a \u00e0 la fois, m\u00e9morables pour leur profonde authenticit\u00e9, m\u00eame si, il faut bien le dire, elles sont toutes \u00e0 moiti\u00e9 fausses et \u00e0 moiti\u00e9 invent\u00e9es.\r\n\r\nDigne fils de son conteur de p\u00e8re, Samuel Archibald se r\u00e9v\u00e8le dans ces pages un \u00e9mule de Cormac McCarthy obs\u00e9d\u00e9 par Proust, un h\u00e9ritier d\u00b4Anne H\u00e9bert qui a trop lu Jim Thompson et Stephen King. \r\n\r\nPrix des Libraires du Qu\u00e9bec 2012 \u00a0 L'auteur Samuel Archibald est n\u00e9 en 1978 \u00e0 Arvida et a \u00e9tudi\u00e9 \u00e0 Montr\u00e9al avant de partir vivre en Europe de 2007 \u00e0 2009. Depuis son retour au Qu\u00e9bec, il donne des cours \u00e0 l\u00b4Universit\u00e9 du Qu\u00e9bec \u00e0 Montr\u00e9al sur le roman policier et de science-fiction, le cin\u00e9ma d\u00b4horreur, les jeux vid\u00e9o et la culture populaire contemporaine. D\u00e9couvert par Le Quartanier \u00e9diteur, \u00e0 qui l'on doit \u00e9galement d'avoir publi\u00e9 Eric Plamondon, il signe avec Arvida sa premi\u00e8re oeuvre de fiction (prix des libraires du Qu\u00e9bec, 2012).\r\n\r\n\u00a0\r","authors":["Samuel Archibald"],"category_codes":["1000000","1010000"],"visuals":{"large":"https:\/\/images.epagine.fr\/671\/9782752909671_1_75.jpg","medium":"https:\/\/images.epagine.fr\/671\/9782752909671_1_m.jpg","thumbnail":"https:\/\/images.epagine.fr\/671\/9782752909671_1_v.jpg"},"orderable":true,"show_badge":true,"formatted_price":"18,00&nbsp;\u20ac","formatted_published_date":"22 ao\u00fbt 2013","publisher_availability_label":"Sur commande","short_details":"Samuel Archibald \u2014 \u00c9ditions Ph\u00e9bus","translator":null,"weight":280,"page_count":224,"readership":null,"editor":"\u00c9ditions Ph\u00e9bus","price":1800,"published_date":"2013-08-21T22:00:00.000000Z","support":"Grand format","publisher_availability":1,"stock":0,"editions":[],"url":"https:\/\/quaidesbrumes.com\/ouvrage\/9782752909671\/arvida"},{"id":"9782881941030","title":"Folle avoine","description":"Issu d'une famille paysanne, Jeanjean est n\u00e9 handicap\u00e9 mental. Il a pouss\u00e9 jusqu'\u00e0 l'\u00e2ge adulte sans servir \u00e0 rien, Issu d'une famille paysanne, Jeanjean est n\u00e9 handicap\u00e9 mental. Il a pouss\u00e9 jusqu'\u00e0 l'\u00e2ge adulte sans servir \u00e0 rien, un peu comme une folle avoine, cette gramin\u00e9e sauvage inutile qui cro\u00eet au milieu des bl\u00e9s. \r\nEn dehors de sa m\u00e8re \u00e0 laquelle il voue un attachement sans bornes, il ne fr\u00e9quente aucun autre \u00eatre humain. Il vit dans son monde \u00e0 lui, immerg\u00e9 dans la nature sauvage d'une r\u00e9gion de for\u00eats, de rivi\u00e8res, d'\u00e9tangs, peupl\u00e9e d'animaux dont il conna\u00eet les langages secrets. Son existence se d\u00e9roule sans heurts jusqu'au jour o\u00f9 la vue d'une belle jeune fille qui se baigne nue dans les eaux d'un torrent provoque un trouble profond dans son esprit. Il d\u00e9couvre brusquement qu'il est devenu un homme.\r\nC'est lui d\u00e9but d'un tourbillon d'\u00e9v\u00e8nements auxquels il ne comprend rien. Accus\u00e9 d'un d\u00e9lit qu'il n'a pas commis, Jeanjean s'enfuit, est traqu\u00e9, repris, intern\u00e9 dans un h\u00f4pital psychiatrique d'o\u00f9 il finit par s'\u00e9vader pour retrouver celle qu'il aime. \r\nDans ce roman d'une grande qualit\u00e9 litt\u00e9raire, superbe sc\u00e9nario d'un film \u00e0 suspense, Andr\u00e9 Besson raconte avec beaucoup de tact et d'\u00e9motion l'histoire mal connue d'un de ceux que la soci\u00e9t\u00e9 rejette h\u00e9las trop souvent.\r","authors":["Andr\u00e9 Besson"],"category_codes":["1000000","1010000"],"visuals":{"large":"https:\/\/images.epagine.fr\/030\/9782881941030_1_75.jpg","medium":"https:\/\/images.epagine.fr\/030\/9782881941030_1_m.jpg","thumbnail":"https:\/\/images.epagine.fr\/030\/9782881941030_1_v.jpg"},"orderable":true,"show_badge":true,"formatted_price":"20,00&nbsp;\u20ac","formatted_published_date":"26 f\u00e9vrier 2007","publisher_availability_label":"Sur commande","short_details":"Andr\u00e9 Besson \u2014 Mon Village","translator":null,"weight":400,"page_count":184,"readership":null,"editor":"Mon Village","price":2000,"published_date":"2007-02-25T23:00:00.000000Z","support":"Grand format","publisher_availability":1,"stock":0,"editions":[],"url":"https:\/\/quaidesbrumes.com\/ouvrage\/9782881941030\/folle-avoine"},{"id":"9782848051000","title":"Nestor rend les armes","description":"NESTOR REND LES ARMES. Avec ce court roman en forme d'all\u00e9gorie, Clara Dupont-Monod confirme l'inscription de son travail litt\u00e9raire dans la veine des portraits d'exclus et de marginaux.\r\nNestor est comme exil\u00e9 dans son propre corps. Il est ob\u00e8se. Le monde ext\u00e9rieur lui est hostile, les moindres gestes du quotidien sont pour lui une souffrance : depuis longtemps d\u00e9j\u00e0, Nestor ne parvient plus \u00e0 nouer ses lacets, descendre un escalier est une \u00e9preuve et parcourir les cent m\u00e8tres qui le s\u00e9parent du supermarch\u00e9 une exp\u00e9dition. Enferm\u00e9 dans sa solitude, son existence appara\u00eet comme une succession d'instants et de mouvements d\u00e9tach\u00e9s les uns des autres : \" Il se laissait glisser, conscient qu'\u00e0 n'avoir aucune raison de vivre, on n'en a pas non plus pour mourir. Il flottait. Parfois il se disait que les \u00e9motions ne pouvaient plus atteindre son coeur \u00e0 cause des barrages de graisse \u00e0 franchir. Alors, pensait-il, il valait mieux ne pas maigrir. Il serait terrass\u00e9 par une rafale d'\u00e9motions enfouies dans ses plis. Il \u00e9tait une bo\u00eete ferm\u00e9e. \" De cet \u00eatre d\u00e9sign\u00e9 au regard des autres comme un monstre, Clara Dupont-Monod tente de saisir le myst\u00e8re. Celui dont le seul horizon est la photo d'un phare du bout du monde accroch\u00e9e dans sa cuisine devient sous nos yeux un personnage, riche de l'histoire de son exil : argentin, arriv\u00e9 en France pendant la dictature, il y retrouve une jeune femme qu'il \u00e9pouse et avec qui la vie est douce. Jusqu'au drame qui inexorablement les \u00e9loigne l'un de l'autre au point qu'il finira enferm\u00e9 dans la rassurante forteresse de sa propre chair. \r\nAu fil des pages, et comme \u00e0 l'insu du lecteur, l'ob\u00e8se r\u00e9duit \u00e0 sa particularit\u00e9 physique prend la dimension d'un \u00eatre humain ordinaire. Contraint de trier les papiers de sa femme, il se retrouve confront\u00e9, \u00e0 travers lettres et journaux intimes, \u00e0 la v\u00e9rit\u00e9 qu'il fuyait. Une br\u00e8che s'entrouvre alors dans le syst\u00e8me de d\u00e9fense de celui \u00e0 qui seule la nourriture apporte du r\u00e9confort - ses repas sont orchestr\u00e9s comme des campagnes militaires et ingurgit\u00e9s dans sa cuisine, devenue son refuge.\r\n\u00c0 force de patience et de tendresse, une jeune femme, m\u00e9decin, parviendra peut-\u00eatre \u00e0 conjuguer sa propre solitude \u00e0 celle de ce patient peu ordinaire. La langue po\u00e9tique et pr\u00e9cise de Clara Dupont-Monod agit comme un charme puissant pour sugg\u00e9rer l'ind\u00e9finissable attachement, tiss\u00e9 de leur besoin de chaleur et de leur d\u00e9tresse, qui na\u00eet entre ces deux-l\u00e0...\r\nL'\u00e9crivain se garde bien de conclure : trois issues s'offrent au lecteur, comme s'il \u00e9tait impossible qu'une si belle histoire finisse mal.\r\n\r\nClara Dupont-Monod est n\u00e9e en 1973. Dipl\u00f4m\u00e9e en ancien fran\u00e7ais, elle a commenc\u00e9 tr\u00e8s t\u00f4t une carri\u00e8re de journaliste. Apr\u00e8s avoir dirig\u00e9 les pages culture de Marianne, elle est aujourd'hui responsable de la culture pour La Matinale de Canal + et intervient r\u00e9guli\u00e8rement dans l'\u00e9mission Jeux d'\u00e9preuves (France Culture). D\u00e8s son premier livre, Eova Luciole, paru en 1998 chez Grasset, elle a mis en sc\u00e8ne des figures de la marge. Son dernier roman paru, La Passion selon Juette (Grasset, 2007), portrait d'une femme qui au XIIe si\u00e8cle entra en r\u00e9bellion contre l'ordre \u00e9tabli, a remport\u00e9 le prix Laurent Bonelli et a \u00e9t\u00e9 finaliste du prix Goncourt. Elle est m\u00e8re de deux enfants et vit \u00e0 Paris.","authors":["Clara Dupont-Monod"],"category_codes":["1000000","1010000"],"visuals":{"large":"https:\/\/images.epagine.fr\/000\/9782848051000_1_75.jpg","medium":"https:\/\/images.epagine.fr\/000\/9782848051000_1_m.jpg","thumbnail":"https:\/\/images.epagine.fr\/000\/9782848051000_1_v.jpg"},"orderable":true,"show_badge":true,"formatted_price":"15,20&nbsp;\u20ac","formatted_published_date":"25 ao\u00fbt 2011","publisher_availability_label":"Sur commande","short_details":"Clara Dupont-Monod \u2014 Sabine Wespieser \u00c9diteur","translator":null,"weight":170,"page_count":117,"readership":null,"editor":"Sabine Wespieser \u00c9diteur","price":1520,"published_date":"2011-08-24T22:00:00.000000Z","support":"Grand format","publisher_availability":1,"stock":0,"editions":[],"url":"https:\/\/quaidesbrumes.com\/ouvrage\/9782848051000\/nestor-rend-les-armes"},{"id":"9782234070141","title":"La confusion des peines","description":"\u00ab J'ai toujours su qu'un jour, ce livre, je l'\u00e9crirais. Il m'a fallu du temps. Il m'a fallu \u00e9crire d'abord d'autres livres, plus doux, plus feutr\u00e9s, inventer des histoires, sans doute tentatives d'approche de celui-ci. Un jour d'ao\u00fbt 2009, parce qu'il ne pouvait plus en \u00eatre autrement, j'ai su que j'allais enfin affronter ce autour de quoi j'avais toujours tourn\u00e9. \r\nOn \u00e9crit de tr\u00e8s loin. De ce qui ne peut se dire. Vient un moment o\u00f9 \u00e9crire, c'est aller chercher tout \u00e7a, qui se tenait enfoui, secret, pour le lib\u00e9rer enfin, afin de pouvoir continuer \u00e0 vivre. \r\nLa confusion des peines, c'est le livre d'une fille pour son p\u00e8re. La fille, la narratrice, prend appui sur le silence qui depuis dix ans a entour\u00e9 la condamnation de son p\u00e8re et, dans le m\u00eame temps, la mort de sa m\u00e8re, pour tenter de retracer un cheminement : qui est cet homme, qu'enfant elle a aim\u00e9 d'un amour fou, qui lui apparaissait tellement au dessus des autres, qui un jour s'est brutalement retrouv\u00e9 condamn\u00e9 pour corruption, et qu'aujourd'hui elle ne sait plus rejoindre ? Comment comprendre, accepter, qu'un homme n'est pas un mais multiple, secret, contradictoire, faillible - humain ? Et, ce cheminement \u00e9tant fait, comment sortir du silence qui la lie depuis toujours \u00e0 ce p\u00e8re, si proche et si lointain, pour s'arracher \u00e0 lui et exister enfin ? \r\nN'\u00eatre plus la fille, devenir une femme ? La confusion des peines, c'est cette exp\u00e9rience : celle, miraculeuse, que permet l'\u00e9criture : passer d'une rive \u00e0 une autre - na\u00eetre, enfin. \u00bb Laurence Tardieu","authors":["Laurence Tardieu"],"category_codes":["1000000","1010000"],"visuals":{"large":"https:\/\/images.epagine.fr\/141\/9782234070141_1_75.jpg","medium":"https:\/\/images.epagine.fr\/141\/9782234070141_1_m.jpg","thumbnail":"https:\/\/images.epagine.fr\/141\/9782234070141_1_v.jpg"},"orderable":true,"show_badge":true,"formatted_price":"18,00&nbsp;\u20ac","formatted_published_date":"17 ao\u00fbt 2011","publisher_availability_label":"Sur commande","short_details":"Laurence Tardieu \u2014 Stock","translator":null,"weight":237,"page_count":153,"readership":null,"editor":"Stock","price":1800,"published_date":"2011-08-16T22:00:00.000000Z","support":"Grand format","publisher_availability":1,"stock":0,"editions":[],"url":"https:\/\/quaidesbrumes.com\/ouvrage\/9782234070141\/la-confusion-des-peines"},{"id":"9782914373814","title":"La d\u00e9capoute","description":"J'arrive de Tokyo. Retour dans le caveau familial. Je ne suis qu'amour et j'ai un petit mot gentil pour tout le monde. Le radiateur du couloir, le placard encastr\u00e9, le clou auquel j'accroche mon trousseau de clefs. Je suis quelqu'un de tr\u00e8s organis\u00e9. Un compliment, une caresse, pour moi ce n'est pas grand-chose, pour eux c'est tellement important. Je suis accueilli en h\u00e9ros. Je suis le seul dans cette maison \u00e0 entrer et sortir avec une sorte d'autonomie parfaite, cela force le respect.\r\nDans la cuisine, c'est une autre paire de manches. D\u00e8s que j'arrive, le frigo se met \u00e0 r\u00e2ler. Si j'en crois la cafeti\u00e8re \u00e9lectrique, il est tr\u00e8s sympa quand je ne suis pas l\u00e0, mais d\u00e8s que je reviens, crac, il me fait payer le prix de mon absence. Il sent ma culpabilit\u00e9 et il en rajoute. Heureusement que le four micro-ondes est moins irascible parce que je ne sais pas si je pourrais supporter cette ambiance d\u00e9l\u00e9t\u00e8re chaque fois que je rentre de voyage. Quand on est musicien, on bouge, c'est normal. On ne joue pas une symphonie de Beethoven seul sur son canap\u00e9.\r","authors":["Herv\u00e9 Mestron"],"category_codes":["1000000","1010000"],"visuals":{"large":"https:\/\/images.epagine.fr\/814\/9782914373814_1_75.jpg","medium":"https:\/\/images.epagine.fr\/814\/9782914373814_1_m.jpg","thumbnail":"https:\/\/images.epagine.fr\/814\/9782914373814_1_v.jpg"},"orderable":true,"show_badge":true,"formatted_price":"10,00&nbsp;\u20ac","formatted_published_date":"25 juillet 2011","publisher_availability_label":"Sur commande","short_details":"Herv\u00e9 Mestron \u2014 Symetrie","translator":null,"weight":66,"page_count":null,"readership":null,"editor":"Symetrie","price":1000,"published_date":"2011-07-24T22:00:00.000000Z","support":"Poche","publisher_availability":1,"stock":0,"editions":[],"url":"https:\/\/quaidesbrumes.com\/ouvrage\/9782914373814\/la-decapoute"},{"id":"9782857922049","title":"La force de gravit\u00e9","description":null,"authors":["Francesc Ser\u00e8s"],"category_codes":["1000000","1010000"],"visuals":{"large":"https:\/\/quaidesbrumes.com\/img\/book-placeholder.png","medium":"https:\/\/quaidesbrumes.com\/img\/book-placeholder.png","thumbnail":"https:\/\/quaidesbrumes.com\/img\/book-placeholder.png"},"orderable":true,"show_badge":true,"formatted_price":"17,50&nbsp;\u20ac","formatted_published_date":"20 janvier 2012","publisher_availability_label":"Sur commande","short_details":"Francesc Ser\u00e8s \u2014 Federop","translator":null,"weight":300,"page_count":null,"readership":null,"editor":"Federop","price":1750,"published_date":"2012-01-19T23:00:00.000000Z","support":"Grand format","publisher_availability":1,"stock":0,"editions":[],"url":"https:\/\/quaidesbrumes.com\/ouvrage\/9782857922049\/la-force-de-gravite"},{"id":"9782352887867","title":"Tout l'univers de Hunger Games","description":"L'univers de Hunger Games est aussi fascinant que complexe.\r\n\r\nCe guide d\u00e9crypte le monde post-apocalyptique cr\u00e9\u00e9 par  Suzanne Collins. Un futur dans lequel des gar\u00e7ons et des filles  participent \u00e0 un jeu o\u00f9 il faut lutter \u00e0 mort pour \u00e9liminer ses  concurrents... Comment survivre \u00e0 la fin du monde ? Peut-on  se rebeller dans des r\u00e9gimes totalitaires ? Les Hunger Games  pourraient-ils exister un jour ? Quelles sont les bases  scientifiques et philosophiques des romans ? Quelles sont les  sources d'inspiration de la s\u00e9rie, de la Rome antique aux  romans comme 1984 ? Voici quelques-unes des questions  auxquelles ce livre r\u00e9pond.\r\nC'est le guide indispensable pour  comprendre la trilogie Hunger Games, ses th\u00e8mes, ses  personnages et pour aller plus loin.\r","authors":["Lo\u00efs h. Gresh","Alexander Fox"],"category_codes":["1000000","1010000"],"visuals":{"large":"https:\/\/images.epagine.fr\/867\/9782352887867_1_75.jpg","medium":"https:\/\/images.epagine.fr\/867\/9782352887867_1_m.jpg","thumbnail":"https:\/\/images.epagine.fr\/867\/9782352887867_1_v.jpg"},"orderable":true,"show_badge":true,"formatted_price":"19,70&nbsp;\u20ac","formatted_published_date":"23 novembre 2011","publisher_availability_label":"Sur commande","short_details":"Lo\u00efs h. Gresh, Alexander Fox \u2014 City \u00c9ditions","translator":"ALEXANDER FOX","weight":376,"page_count":317,"readership":null,"editor":"City \u00c9ditions","price":1970,"published_date":"2011-11-22T23:00:00.000000Z","support":"Grand format","publisher_availability":1,"stock":0,"editions":[],"url":"https:\/\/quaidesbrumes.com\/ouvrage\/9782352887867\/tout-lunivers-de-hunger-games"},{"id":"9782914373838","title":"Villa Marguerite","description":"Je l'entends chanter sous la douche et mon sourire s'\u00e9teint brusquement tandis que mes oreilles se bouchent. Cristina chante faux. Au d\u00e9but, j'ai cru \u00e0 une erreur de transmission du larynx, mais non, c'est comme \u00e7a jusqu'\u00e0 la fin, c'est horrible, et elle continue de brailler en se gargarisant avec le shampooing. Je me suis toujours jur\u00e9 de ne jamais \u00e9pouser une fille qui chante faux. C'est la cata. Je ne comprends pas, une po\u00e9tesse qui chante faux, c'est comme un cur\u00e9 qui b\u00e9gaie pendant la messe. La d\u00e9ception est si grande que j'ai envie d'un hamburger aux oignons. L\u00e0, tout de suite. Comment lui dire?? Comment vais-je m'y prendre pour mettre un terme \u00e0 notre union?? Quels mots pour lui expliquer que non, ce n'est pas possible, que c'est d\u00e9finitif. En m\u00eame temps, on ne largue pas la m\u00e8re de ses futurs enfants pour une d\u00e9faillance vocale.\r","authors":["Herv\u00e9 Mestron"],"category_codes":["1000000","1010000"],"visuals":{"large":"https:\/\/images.epagine.fr\/838\/9782914373838_1_75.jpg","medium":"https:\/\/images.epagine.fr\/838\/9782914373838_1_m.jpg","thumbnail":"https:\/\/images.epagine.fr\/838\/9782914373838_1_v.jpg"},"orderable":true,"show_badge":true,"formatted_price":"10,00&nbsp;\u20ac","formatted_published_date":"25 juillet 2011","publisher_availability_label":"Sur commande","short_details":"Herv\u00e9 Mestron \u2014 Symetrie","translator":null,"weight":67,"page_count":null,"readership":null,"editor":"Symetrie","price":1000,"published_date":"2011-07-24T22:00:00.000000Z","support":"Poche","publisher_availability":1,"stock":0,"editions":[],"url":"https:\/\/quaidesbrumes.com\/ouvrage\/9782914373838\/villa-marguerite"},{"id":"9782914688932","title":"Hors-cage","description":null,"authors":["Michelle Noteboom"],"category_codes":["1000000","1010000"],"visuals":{"large":"https:\/\/images.epagine.fr\/932\/9782914688932_1_75.jpg","medium":"https:\/\/images.epagine.fr\/932\/9782914688932_1_m.jpg","thumbnail":"https:\/\/images.epagine.fr\/932\/9782914688932_1_v.jpg"},"orderable":true,"show_badge":true,"formatted_price":"10,50&nbsp;\u20ac","formatted_published_date":"1er f\u00e9vrier 2010","publisher_availability_label":"Sur commande","short_details":"Michelle Noteboom \u2014 De L'Attente","translator":null,"weight":92,"page_count":null,"readership":null,"editor":"De L'Attente","price":1050,"published_date":"2010-01-31T23:00:00.000000Z","support":"Grand format","publisher_availability":1,"stock":0,"editions":[],"url":"https:\/\/quaidesbrumes.com\/ouvrage\/9782914688932\/hors-cage"},{"id":"9782914373944","title":"L'amateur","description":"Violoncelliste, Ars\u00e8ne vit de ses concerts mais ne peut s'emp\u00eacher de consacrer une partie de son temps \u00e0 l'enseignement : tous les mois, \u00e0 Ch\u00e2tellerault, dans une \u00e9tonnante propri\u00e9t\u00e9 en bord de Vienne, il r\u00e9unit une dizaine d'\u00e9l\u00e8ves d'\u00e2ges et de niveaux extr\u00eamement vari\u00e9s, certains m\u00eame pratiquant un autre instrument que le violoncelle.\r\nDavantage qu'\u00e0 l'\u00e9tude particuli\u00e8re propre \u00e0 chaque instrument, c'est au sens m\u00eame de la musique qu'Ars\u00e8ne t\u00e2che d'int\u00e9resser ceux qu'il appelle ses apprentis, usant d'exp\u00e9riences tr\u00e8s diverses, parfois d\u00e9routantes, pour y parvenir. Prenant souvent appui sur les techniques th\u00e9\u00e2trales, puisant chez Stanislavski mais aussi chez Diderot, il d\u00e9voile l'importance du monde int\u00e9rieur chez le musicien et refuse de dissocier technique et musique, consid\u00e9rant l'art d'interpr\u00e9ter comme un tout.\r\nDans ce cadre idyllique et propice \u00e0 l'\u00e9panouissement personnel, l'apprentissage n'est pas circonscrit aux le\u00e7ons proprement dites, mais se prolonge et se d\u00e9veloppe bien au-del\u00e0, \u00e0 la faveur des nombreuses discussions qui animent les repas, les promenades ou les rencontres impromptues dans le grand jardin. Si l'inlassable exigence d'Ars\u00e8ne trouve toujours un \u00e9cho, y compris chez les plus jeunes, c'est qu'elle est servie par un perp\u00e9tuel enthousiasme, parfois d\u00e9brid\u00e9, toujours communicatif. En se disant professeur amateur, il r\u00e9habilite le sens premier de ce mot \u00e0 ce point d\u00e9voy\u00e9 qu'on en a oubli\u00e9 la racine, amare : aimer.\r\nTr\u00e8s largement inspir\u00e9 d'exp\u00e9riences v\u00e9cues par J\u00e9r\u00f4me Pernoo, cet ouvrage peut \u00eatre aussi bien lu comme un roman que consult\u00e9 comme un guide.\r","authors":["J\u00e9r\u00f4me Pernoo"],"category_codes":["1000000","1010000"],"visuals":{"large":"https:\/\/images.epagine.fr\/944\/9782914373944_1_75.jpg","medium":"https:\/\/images.epagine.fr\/944\/9782914373944_1_m.jpg","thumbnail":"https:\/\/images.epagine.fr\/944\/9782914373944_1_v.jpg"},"orderable":true,"show_badge":true,"formatted_price":"32,00&nbsp;\u20ac","formatted_published_date":"19 juin 2013","publisher_availability_label":"Sur commande","short_details":"J\u00e9r\u00f4me Pernoo \u2014 Symetrie","translator":null,"weight":400,"page_count":null,"readership":null,"editor":"Symetrie","price":3200,"published_date":"2013-06-18T22:00:00.000000Z","support":"Grand format","publisher_availability":1,"stock":0,"editions":[],"url":"https:\/\/quaidesbrumes.com\/ouvrage\/9782914373944\/lamateur"},{"id":"9782848682785","title":"La diablesse","description":"Pays de la Loire, 1815. Maxime n'a que 13 ans lorsque le machiav\u00e9lique fils du vicomte sur les terres duquel il vit modestement avec sa famille, abat sous ses yeux son p\u00e8re et sa petite soeur ador\u00e9e avant de faire enfermer sa m\u00e8re. Seul au monde, fou de chagrin, le jeune gar\u00e7on r\u00eave alors de vengeance... et du d\u00e9mon, avec qui il va passer un pacte des plus insolites...  \r\n  L'auteur de Soeur Charit\u00e9 nous livre un roman \u00e9tonnant sur l'enfance et les injustices, sur les liens puissants qui peuvent unir un fr\u00e8re et sa soeur.  \r\n  \r\n  Sur l'auteur   N\u00e9 \u00e0 Saumur en 1971, Johan Bourret entame sa carri\u00e8re d'\u00e9crivain \u00e0 vingt-huit ans avec Quand les loups r\u00f4dent. Pour un coup d'essai, c'est un coup de ma\u00eetre ! Lucie Aubrac pr\u00e9face l'ouvrage, qui se trouve bient\u00f4t en t\u00eate des ventes. Viennent ensuite Dans la gueule du loup et Le camp des loups, qui compl\u00e8tent une trilogie de la R\u00e9sistance salu\u00e9e par des personnalit\u00e9s comme Pierre Miquel ou Serge Klarsfeld.","authors":["Johan Bourret"],"category_codes":["1000000","1010000"],"visuals":{"large":"https:\/\/images.epagine.fr\/785\/9782848682785_1_75.jpg","medium":"https:\/\/images.epagine.fr\/785\/9782848682785_1_m.jpg","thumbnail":"https:\/\/images.epagine.fr\/785\/9782848682785_1_v.jpg"},"orderable":true,"show_badge":true,"formatted_price":"20,30&nbsp;\u20ac","formatted_published_date":"31 ao\u00fbt 2009","publisher_availability_label":"Sur commande","short_details":"Johan Bourret \u2014 EDITIONS DE LA LOUPE","translator":null,"weight":250,"page_count":342,"readership":null,"editor":"EDITIONS DE LA LOUPE","price":2030,"published_date":"2009-08-30T22:00:00.000000Z","support":"Grand format","publisher_availability":1,"stock":0,"editions":[],"url":"https:\/\/quaidesbrumes.com\/ouvrage\/9782848682785\/la-diablesse"},{"id":"9782914373821","title":"Images d'\u00e9pinal","description":"Le pire pour un c\u00e9libataire, c'est la bouffe. \u00c0 une \u00e9poque, je pla\u00e7ais un miroir devant moi. Je me regardais manger, je me parlais, je me souriais, mais tr\u00e8s vite, une sorte de ronron s'est install\u00e9. Je me curais les dents avec ma fourchette et la personne en face de moi faisait pareil. J'attrapais les spaghetti avec les doigts, hop, elle m'imitait. Je faisais la gueule, bing, kif-kif, elle me renvoyait une bouille de six pieds de long.\r\n\u00c7a n'a pas \u00e9t\u00e9 facile, mais j'ai fini par me demander le divorce. Puis pour ajouter une charge symbolique, j'ai bris\u00e9 le miroir, pos\u00e9 ma contrebasse \u00e0 l'autre bout de la table et, \u00e0 partir de ce jour, mes probl\u00e8mes de couple se sont tass\u00e9s. Tout baigne. Jamais un mot plus haut que l'autre. Respect mutuel. On travaille ensemble mais c'est boulot boulot. Quand on a quelque chose \u00e0 se dire sur le mode intime, on attend d'\u00eatre seuls \u00e0 la maison ou, dans la plupart des cas, dans une chambre d'h\u00f4tel.\r","authors":["Herv\u00e9 Mestron"],"category_codes":["1000000","1010000"],"visuals":{"large":"https:\/\/images.epagine.fr\/821\/9782914373821_1_75.jpg","medium":"https:\/\/images.epagine.fr\/821\/9782914373821_1_m.jpg","thumbnail":"https:\/\/images.epagine.fr\/821\/9782914373821_1_v.jpg"},"orderable":true,"show_badge":true,"formatted_price":"10,00&nbsp;\u20ac","formatted_published_date":"25 juillet 2011","publisher_availability_label":"Sur commande","short_details":"Herv\u00e9 Mestron \u2014 Symetrie","translator":null,"weight":76,"page_count":null,"readership":null,"editor":"Symetrie","price":1000,"published_date":"2011-07-24T22:00:00.000000Z","support":"Poche","publisher_availability":1,"stock":0,"editions":[],"url":"https:\/\/quaidesbrumes.com\/ouvrage\/9782914373821\/images-depinal"},{"id":"9782710367543","title":"Quand j'\u00e9tais Jane Eyre","description":"D ans le calme et la p\u00e9nombre, au chevet de son p\u00e8re qui vient de se faire op\u00e9rer des yeux, Charlotte Bront\u00eb \u00e9crit, se rem\u00e9more sa vie, la transfigure.\r\nElle devient Jane Eyre dans la rage et la fi\u00e8vre, et prend toutes les revanches : sur ce p\u00e8re, pasteur rigide, d\u00e9sormais \u00e0 sa merci, sur les souffrances de son enfance marqu\u00e9e par la mort de sa m\u00e8re et de deux soeurs a\u00een\u00e9es, sur sa passion malheureuse pour un professeur de fran\u00e7ais \u00e0 Bruxelles, sur son d\u00e9sespoir face \u00e0 son fr\u00e8re rong\u00e9 par l'alcool et la drogue, sur le refus des \u00e9diteurs qui retournent syst\u00e9matiquement aux trois soeurs Bront\u00eb leurs premiers romans, envoy\u00e9s sous un pseudonyme masculin.\r\nSheila Kohler se glisse dans la t\u00eate de Charlotte Bront\u00eb et de tous ceux qui l'entourent afin de d\u00e9crire avec finesse les m\u00e9andres de la cr\u00e9ation. Sans se d\u00e9partir du style cristallin de ses pr\u00e9c\u00e9dents ouvrages, elle restitue le climat qui a donn\u00e9 naissance aux oeuvres des soeurs Bront\u00eb. En refermant son livre, on n'a qu'une envie, celle de se replonger dans Jane Eyre mais aussi dans Les Hauts de Hurlevent et Agn\u00e8s Grey, trois joyaux de la litt\u00e9rature anglaise.\r","authors":["Sheila Kohler","Michele Hechter"],"category_codes":["1000000","1010000"],"visuals":{"large":"https:\/\/images.epagine.fr\/543\/9782710367543_1_75.jpg","medium":"https:\/\/images.epagine.fr\/543\/9782710367543_1_m.jpg","thumbnail":"https:\/\/images.epagine.fr\/543\/9782710367543_1_v.jpg"},"orderable":true,"show_badge":true,"formatted_price":"20,00&nbsp;\u20ac","formatted_published_date":"5 janvier 2012","publisher_availability_label":"Sur commande","short_details":"Sheila Kohler, Michele Hechter \u2014 \u00c9ditions de La Table Ronde","translator":"MICHELE HECHTER","weight":296,"page_count":272,"readership":null,"editor":"\u00c9ditions de La Table Ronde","price":2000,"published_date":"2012-01-04T23:00:00.000000Z","support":"Grand format","publisher_availability":1,"stock":0,"editions":[],"url":"https:\/\/quaidesbrumes.com\/ouvrage\/9782710367543\/quand-jetais-jane-eyre"},{"id":"9782213634906","title":"Une \u00e9trange peine","description":"Sous le titre emprunt\u00e9 aux stances de Rodrigue dans Le Cid de Corneille (\u00ab \u00d4 Dieu, l'\u00e9trange peine... \u00bb), voici rassembl\u00e9es une quinzaine de nouvelles contant autant de drames intimes survenus dans toutes les couches de la soci\u00e9t\u00e9 : s\u00e9parations, ruptures, tromperies, d\u00e9sunions, m\u00e9salliances, dysharmonies, couples malades de trop ou de pas assez de passion, d\u00e9chir\u00e9s ou mal ressoud\u00e9s, vies fourvoy\u00e9es, r\u00eaves an\u00e9antis, illusions perdues, innocences bafou\u00e9es, hommes cyniques ou humili\u00e9s, femmes l\u00e2ch\u00e9es, battues, bousill\u00e9es - et revient, bien s\u00fbr, dans le dernier texte bouleversant qui donne son titre \u00e0 l'ensemble, l'\u00e9vocation du fr\u00eale fant\u00f4me de Marie, quatre ann\u00e9es apr\u00e8s sa disparition tragique \u00e0 Vilnius, ce \u00ab morceau d'elle m\u00eame \u00bb, mort \u00e0 pr\u00e9sent, que sa m\u00e8re Nadine garde vivant en elle.","authors":["Nadine Trintignant"],"category_codes":["1000000","1010000"],"visuals":{"large":"https:\/\/images.epagine.fr\/906\/9782213634906_1_75.jpg","medium":"https:\/\/images.epagine.fr\/906\/9782213634906_1_m.jpg","thumbnail":"https:\/\/images.epagine.fr\/906\/9782213634906_1_v.jpg"},"orderable":true,"show_badge":true,"formatted_price":"14,20&nbsp;\u20ac","formatted_published_date":"31 octobre 2007","publisher_availability_label":"Sur commande","short_details":"Nadine Trintignant \u2014 Fayard","translator":null,"weight":204,"page_count":140,"readership":null,"editor":"Fayard","price":1420,"published_date":"2007-10-30T23:00:00.000000Z","support":"Grand format","publisher_availability":1,"stock":0,"editions":[],"url":"https:\/\/quaidesbrumes.com\/ouvrage\/9782213634906\/une-etrange-peine"}]}