{"data":[{"id":"9782070136513","title":"Le bel \u00e2ge ; fragments d'histoire de ma vie","description":"\u00abLe bel \u00e2ge\u00bb : quand le vieux Casanova songe \u00e0 sa jeunesse, c'est en ces termes. L'expression est m\u00e9lancolique, mais non le r\u00e9cit. L'Histoire de ma vie n'embaume pas les jeunes ann\u00e9es : elle en restitue la fra\u00eecheur. Casanova \u00e9voque ses fredaines sans regret ni jugement. \u00abCe sont des folies de jeunesse. Vous verrez que j'en ris, et si vous \u00eates bon, vous en rirez avec moi.\u00bb L'Histoire de ma vie a connu bien des m\u00e9saventures \u00e9ditoriales. Le manuscrit autographe est d\u00e9sormais conserv\u00e9 \u00e0 la Biblioth\u00e8que nationale de France, et la Pl\u00e9iade en pr\u00e9pare une \u00e9dition int\u00e9grale. De cette \u00e9dition Le bel \u00e2ge offre l'avant-go\u00fbt. On y suit le chemin qui m\u00e8ne de Bettine \u00e0 Henriette en passant par Lucie et Christine, sans compter celles dont le nom s'est perdu - et de Venise \u00e0 Padoue, \u00e0 la Calabre, \u00e0 Constantinople, o\u00f9 \u00able v\u00eatement oriental ne d\u00e9robe rien \u00e0 la cupidit\u00e9\u00bb, et \u00e0 Paris, qui est une f\u00eate. Au Palais-Royal, \u00e0 l'Op\u00e9ra, au bordel ou \u00e0 la Cour, Giacomo est v\u00e9nitien comme l'Usbek de Montesquieu \u00e9tait persan ; il s'\u00e9tonne de tout, et sa candeur madr\u00e9e (ou est-ce une hardiesse candide ?) fait merveille : Mme de Pompadour se retire \u00abpour rire \u00e0 son aise\u00bb. Mais bient\u00f4t l'horizon s'obscurcit. Trop de libertinage impatiente Venise. Messer Grande, le chef de la police, met la main sur l'\u00abinfracteur\u00bb et l'emprisonne \u00absous les Plombs\u00bb, o\u00f9 il passera quinze mois avant de r\u00e9ussir une \u00e9vasion d'anthologie : \u00e9tonnante aventure, r\u00e9cit haletant. Casanova a trente et un ans. Il s'exile. Le bel \u00e2ge prend fin.","authors":["Casanova"],"category_codes":["1000000","1010000"],"visuals":{"large":"https:\/\/images.epagine.fr\/513\/9782070136513_1_75.jpg","medium":"https:\/\/images.epagine.fr\/513\/9782070136513_1_m.jpg","thumbnail":"https:\/\/images.epagine.fr\/513\/9782070136513_1_v.jpg"},"orderable":true,"show_badge":true,"formatted_price":"18,20&nbsp;\u20ac","formatted_published_date":"4 novembre 2011","publisher_availability_label":"Sur commande","short_details":"Casanova \u2014 Gallimard","translator":null,"weight":342,"page_count":333,"readership":null,"editor":"Gallimard","price":1820,"published_date":"2011-11-03T23:00:00.000000Z","support":"Grand format","publisher_availability":1,"stock":0,"editions":[],"url":"https:\/\/quaidesbrumes.com\/ouvrage\/9782070136513\/le-bel-age-fragments-dhistoire-de-ma-vie"},{"id":"9782908050875","title":"Le naufrag\u00e9 ; l'ersatz d'amour","description":"\"Carl que j'avais pris en passant comme on fume une pipe d'opium un soir de d\u00e9tresse, \u00e0 Hambourg [...] Un petit officier boche ! c'\u00e9tait comique hein ? Je l'appelais en riant : \" l'ersatz \". Pauvre imb\u00e9cile que j'\u00e9tais tout de m\u00eame, d'avoir go\u00fbt\u00e9 \u00e0 cet ersatz-l\u00e0 ! Et puis apr\u00e8s, on en cr\u00e8ve... On en cr\u00e8ve ma parole.\" L'Ersatz d'amour et Le Naufrag\u00e9 se situent dans le contexte \u00e9largi de la premi\u00e8re guerre mondiale : l'action commence pendant l'\u00e9t\u00e9 1913 et se termine \u00e0 la No\u00ebl 1919. La r\u00e9volution allemande de 1918-1919 et la relance du mouvement homosexuel constituent l'arri\u00e8re plan du second volume. \r\n\r\nWilly et M\u00e9nalkas croisent \"les races\", comme on disait \u00e0 l'\u00e9poque. Sur fond de guerre, un jeune allemand s'\u00e9prend d'un peintre fran\u00e7ais, \u00e0 moins que ce soit le contraire...\r\n\r\nL'ensemble romanesque est construit sur le mod\u00e8le du \" roman d'\u00e9ducation \", mais il a la particularit\u00e9 de croiser \" roman d'apprentissage \" ou Bildungsromane, et \" roman de d\u00e9veloppement personnel \" ou  Entwicklungsroman. Tandis que le jeune noble passe  de la toute puissance de la jeunesse \u00e0 la maturit\u00e9, le peintre fran\u00e7ais accepte petit \u00e0 petit la dimension homosexuelle de son amour. En d\u00e9pit de tous les pr\u00e9jug\u00e9s de son milieu, il aime \u00e0 en mourir celui qu'il avait accept\u00e9 au d\u00e9part, faute de femme...\r\nSous le pseudonyme de M\u00e9nalkas, une femme, qui se fait passer pour un homme, parle de l'amour qui unit les hommes. \u00c0 la m\u00eame \u00e9poque, sous son v\u00e9ritable nom : Suzanne de Callias, elle \u00e9crit aussi Mon amie Reinette et Lucienne et Reinette qui analysent la tentation d'amour entre femmes.\r\nPermettre de comparer la perception, \u00e0 une \u00e9poque pr\u00e9cise : l'entre-deux-guerres, de ces deux formes d'amour, c'est l'objectif que nous nous sommes fix\u00e9, en pr\u00e9voyant une autre publication.\r\n\r\n(\u00e0 suivre), donc...","authors":["M\u00e9nalkas","Willy"],"category_codes":["1000000","1010000"],"visuals":{"large":"https:\/\/images.epagine.fr\/875\/9782908050875_1_75.jpg","medium":"https:\/\/images.epagine.fr\/875\/9782908050875_1_m.jpg","thumbnail":"https:\/\/images.epagine.fr\/875\/9782908050875_1_v.jpg"},"orderable":true,"show_badge":true,"formatted_price":"20,00&nbsp;\u20ac","formatted_published_date":"2 avril 2014","publisher_availability_label":"Sur commande","short_details":"M\u00e9nalkas, Willy \u2014 Gaykitschcamp","translator":null,"weight":520,"page_count":268,"readership":null,"editor":"Gaykitschcamp","price":2000,"published_date":"2014-04-01T22:00:00.000000Z","support":"Grand format","publisher_availability":1,"stock":0,"editions":[],"url":"https:\/\/quaidesbrumes.com\/ouvrage\/9782908050875\/le-naufrage-lersatz-damour"},{"id":"9782916121659","title":"Danseur de l'ombre","description":null,"authors":["Eveline Mankou"],"category_codes":["1000000","1010000"],"visuals":{"large":"https:\/\/images.epagine.fr\/659\/9782916121659_1_75.jpg","medium":"https:\/\/images.epagine.fr\/659\/9782916121659_1_m.jpg","thumbnail":"https:\/\/images.epagine.fr\/659\/9782916121659_1_v.jpg"},"orderable":true,"show_badge":true,"formatted_price":"8,00&nbsp;\u20ac","formatted_published_date":"11 avril 2013","publisher_availability_label":"Sur commande","short_details":"Eveline Mankou \u2014 Anibwe","translator":null,"weight":250,"page_count":null,"readership":null,"editor":"Anibwe","price":800,"published_date":"2013-04-10T22:00:00.000000Z","support":"Poche","publisher_availability":1,"stock":0,"editions":[],"url":"https:\/\/quaidesbrumes.com\/ouvrage\/9782916121659\/danseur-de-lombre"},{"id":"9782918619161","title":"La faute des morts","description":"Sortant d'un long silence, un m\u00e9decin tourment\u00e9 par un secret trop lourd se souvient de ses ann\u00e9es d'\u00e9tudes en Argentine, quand ses amis et lui, assoiff\u00e9s de connaissances, cherchaient \u00e0 comprendre les conflits \u00e9conomiques qui gangr\u00e8nent la soci\u00e9t\u00e9. L'\u00e9nergie du bel \u00e2ge et la candeur de l'innocence animaient leur petit groupe qui attira bien vite l'attention d'un r\u00e9gime \u00e0 la violence indicible.\r\nLa Faute des morts est une confession bouleversante qui fait de la chair, cette m\u00e9moire incarn\u00e9e, un lieu o\u00f9 le sentiment de culpabilit\u00e9 reste grav\u00e9. Dans cette m\u00e9ditation romanesque sur la fa\u00e7on dont le pass\u00e9 ne dispara\u00eet pas, le corps devient miroir de l'\u00e2me et le d\u00e9sordre organique, un cri de r\u00e9volte.","authors":["Alejandro Maciel","Frederic Gross-Quelen"],"category_codes":["1000000","1010000"],"visuals":{"large":"https:\/\/images.epagine.fr\/161\/9782918619161_1_75.jpg","medium":"https:\/\/images.epagine.fr\/161\/9782918619161_1_m.jpg","thumbnail":"https:\/\/images.epagine.fr\/161\/9782918619161_1_v.jpg"},"orderable":true,"show_badge":true,"formatted_price":"17,00&nbsp;\u20ac","formatted_published_date":"16 janvier 2014","publisher_availability_label":"Sur commande","short_details":"Alejandro Maciel, Frederic Gross-Quelen \u2014 La Derniere Goutte","translator":"FREDERIC GROSS-QUELEN","weight":222,"page_count":192,"readership":null,"editor":"La Derniere Goutte","price":1700,"published_date":"2014-01-15T23:00:00.000000Z","support":"Grand format","publisher_availability":1,"stock":0,"editions":[],"url":"https:\/\/quaidesbrumes.com\/ouvrage\/9782918619161\/la-faute-des-morts"},{"id":"9782824602516","title":"Le club des tricoteuses du vendredi soir","description":"Elles sont sept. Sept femmes de 18 \u00e0 78 ans vivant \u00e0 New York. Le vendredi soir, elles se retrouvent pour tricoter... et parler de leurs vies. Il y a Catherine qui cherche l'amour apr\u00e8s un divorce. Lucy, elle, doit \u00e9lever seule sa fille tout en s'occupant de sa m\u00e8re \u00e2g\u00e9e. Darwin garde l'espoir de fonder une famille. Et puis il y a Anita qui, \u00e0 78 ans, re\u00e7oit une demande en mariage que ses enfants adultes n'acceptent pas... Au fil de ces soir\u00e9es du vendredi, des liens se tissent, des amiti\u00e9s se nouent. Les membres de ce club pas comme les autres forment une sorte de famille dans laquelle on se bat ensemble quand la vie vous met au d\u00e9fi. Au fur et \u00e0 mesure que ces femmes tricotent, elles d\u00e9voilent leurs joies, leurs bonheurs et leurs difficult\u00e9s d'\u00eatre tout \u00e0 la fois femmes, m\u00e8res, amantes, filles et amies. Les destins crois\u00e9s de femmes ordinaires : un roman \u00e9mouvant comme la vie.","authors":["Kate Jacobs","Jocelyne Barsse"],"category_codes":["1000000","1010000"],"visuals":{"large":"https:\/\/images.epagine.fr\/516\/9782824602516_1_75.jpg","medium":"https:\/\/images.epagine.fr\/516\/9782824602516_1_m.jpg","thumbnail":"https:\/\/images.epagine.fr\/516\/9782824602516_1_v.jpg"},"orderable":true,"show_badge":true,"formatted_price":"8,20&nbsp;\u20ac","formatted_published_date":"3 janvier 2013","publisher_availability_label":"Sur commande","short_details":"Kate Jacobs, Jocelyne Barsse \u2014 City \u00c9ditions","translator":"JOCELYNE BARSSE","weight":350,"page_count":472,"readership":null,"editor":"City \u00c9ditions","price":820,"published_date":"2013-01-02T23:00:00.000000Z","support":"Poche","publisher_availability":1,"stock":0,"editions":[],"url":"https:\/\/quaidesbrumes.com\/ouvrage\/9782824602516\/le-club-des-tricoteuses-du-vendredi-soir"},{"id":"9782843013294","title":"Murs d'eau","description":null,"authors":["Rachel"],"category_codes":["1000000","1010000"],"visuals":{"large":"https:\/\/quaidesbrumes.com\/img\/book-placeholder.png","medium":"https:\/\/quaidesbrumes.com\/img\/book-placeholder.png","thumbnail":"https:\/\/quaidesbrumes.com\/img\/book-placeholder.png"},"orderable":true,"show_badge":true,"formatted_price":"15,00&nbsp;\u20ac","formatted_published_date":"12 ao\u00fbt 2011","publisher_availability_label":"Sur commande","short_details":"Rachel \u2014 Aleas","translator":null,"weight":300,"page_count":null,"readership":null,"editor":"Aleas","price":1500,"published_date":"2011-08-11T22:00:00.000000Z","support":"Grand format","publisher_availability":1,"stock":0,"editions":[],"url":"https:\/\/quaidesbrumes.com\/ouvrage\/9782843013294\/murs-deau"},{"id":"9782343061832","title":"Presqu'amour","description":"\"Entre l'incertain et le r\u00e9volu, il n'y a qu'une lueur \u00e0 peine plus menac\u00e9e qu'un songe. Qui \u00e9coute ? Est-ce nous, la surprise anxieuse et \u00e9tonn\u00e9e d'\u00eatre l\u00e0, ce qui s'efface quand on l'atteint, suffit-il de veiller en cessant d'\u00eatre, de deviner ce visage que nous savons en all\u00e9, sans plus croire au temps lorsque l'attente le r\u00e9invente malgr\u00e9 tout. - Le souvenir est une m\u00e9lancolie qui pleure, un aveu muet avant tout aveu. Esp\u00e9rer c'est rendre l'impossible in\u00e9vitable .\"","authors":["Raymond Magnant"],"category_codes":["1000000","1010000"],"visuals":{"large":"https:\/\/images.epagine.fr\/832\/9782343061832_1_75.jpg","medium":"https:\/\/images.epagine.fr\/832\/9782343061832_1_m.jpg","thumbnail":"https:\/\/images.epagine.fr\/832\/9782343061832_1_v.jpg"},"orderable":true,"show_badge":true,"formatted_price":"13,00&nbsp;\u20ac","formatted_published_date":"1er d\u00e9cembre 2015","publisher_availability_label":"Sur commande","short_details":"Raymond Magnant \u2014 \u00c9ditions L'Harmattan","translator":null,"weight":125,"page_count":94,"readership":null,"editor":"\u00c9ditions L'Harmattan","price":1300,"published_date":"2015-11-30T23:00:00.000000Z","support":"Grand format","publisher_availability":1,"stock":0,"editions":[],"url":"https:\/\/quaidesbrumes.com\/ouvrage\/9782343061832\/presquamour"},{"id":"9782812606663","title":"Le vieux C\u00e9venol et l'enfant","description":"D\u00e9cid\u00e9ment, Albert Th\u00e9rond n'aime pas ses nouveaux voisins. Ils lui ont piqu\u00e9 la ferme qu'il convoitait depuis des ann\u00e9es, faisant s'\u00e9vanouir ses espoirs de devenir le ma\u00eetre de Beauregard, ce hameau perdu sur les pentes du mont Loz\u00e8re. Alors, il n'a de cesse d'empoisonner la vie de ces \u00e9trangers, qui sont, comble du comble, presque noirs...\r\nJusqu'\u00e0 son accident, une nuit de brouillard. Sans l'intervention de ses voisins, il aurait pass\u00e9 l'arme \u00e0 gauche. Peu \u00e0 peu, durant sa convalescence, il va apprendre \u00e0 mieux les conna\u00eetre, oubliant presque leur couleur de peau. Et puis, surtout, il se sent de plus en plus concern\u00e9 par les violences et les agressions dont ils sont victimes. Si bien que, lui aussi, il finira par \u00eatre l'objet de la m\u00eame haine...","authors":["Andr\u00e9 Gardies"],"category_codes":["1000000","1010000"],"visuals":{"large":"https:\/\/images.epagine.fr\/663\/9782812606663_1_75.jpg","medium":"https:\/\/images.epagine.fr\/663\/9782812606663_1_m.jpg","thumbnail":"https:\/\/images.epagine.fr\/663\/9782812606663_1_v.jpg"},"orderable":true,"show_badge":true,"formatted_price":"7,50&nbsp;\u20ac","formatted_published_date":"14 mai 2014","publisher_availability_label":"Sur commande","short_details":"Andr\u00e9 Gardies \u2014 Rouergue","translator":null,"weight":136,"page_count":224,"readership":null,"editor":"Rouergue","price":750,"published_date":"2014-05-13T22:00:00.000000Z","support":"Poche","publisher_availability":1,"stock":0,"editions":["9782812604683"],"url":"https:\/\/quaidesbrumes.com\/ouvrage\/9782812606663\/le-vieux-cevenol-et-lenfant"},{"id":"9782357800014","title":"Mademoiselle Blanche","description":null,"authors":["Jean Joubert"],"category_codes":[],"visuals":{"large":"https:\/\/images.epagine.fr\/014\/9782357800014_1_75.jpg","medium":"https:\/\/images.epagine.fr\/014\/9782357800014_1_m.jpg","thumbnail":"https:\/\/images.epagine.fr\/014\/9782357800014_1_v.jpg"},"orderable":true,"show_badge":true,"formatted_price":"7,50&nbsp;\u20ac","formatted_published_date":"30 octobre 2008","publisher_availability_label":"Sur commande","short_details":"Jean Joubert \u2014 Domens","translator":null,"weight":185,"page_count":null,"readership":null,"editor":"Domens","price":750,"published_date":"2008-10-29T23:00:00.000000Z","support":"Grand format","publisher_availability":1,"stock":0,"editions":["9782246428015"],"url":"https:\/\/quaidesbrumes.com\/ouvrage\/9782357800014\/mademoiselle-blanche"},{"id":"9782246850816","title":"La violette du prater","description":"Londres, ann\u00e9es 1930. On tourne un film. Le r\u00e9alisateur, Friedrich Bergmann, est un juif autrichien qui a fui Vienne menac\u00e9e par le nazisme. Isherwood, \u00e9crivain au succ\u00e8s mod\u00e9r\u00e9, est charg\u00e9 d'\u00e9crire le sc\u00e9nario. L'\u00e9norme pittoresque du cin\u00e9aste, la r\u00e9alisation toujours au bord de la catastrophe, la conscience des horreurs qui se pr\u00e9parent : un grand roman du cin\u00e9ma par l'auteur d'un des chefs-d'oeuvre du xxe si\u00e8cle, Adieu \u00e0 Berlin.Traduit de l'anglais par L\u00e9o Dil\u00e9.","authors":["Christopher Isherwood","Leo Dile"],"category_codes":["1000000","1010000"],"visuals":{"large":"https:\/\/images.epagine.fr\/816\/9782246850816_1_75.jpg","medium":"https:\/\/images.epagine.fr\/816\/9782246850816_1_m.jpg","thumbnail":"https:\/\/images.epagine.fr\/816\/9782246850816_1_v.jpg"},"orderable":true,"show_badge":true,"formatted_price":"9,50&nbsp;\u20ac","formatted_published_date":"30 avril 2014","publisher_availability_label":"Sur commande","short_details":"Christopher Isherwood, Leo Dile \u2014 \u00c9ditions Grasset","translator":"LEO DILE","weight":140,"page_count":160,"readership":null,"editor":"\u00c9ditions Grasset","price":950,"published_date":"2014-04-29T22:00:00.000000Z","support":"Poche","publisher_availability":1,"stock":0,"editions":["9782213666716"],"url":"https:\/\/quaidesbrumes.com\/ouvrage\/9782246850816\/la-violette-du-prater"},{"id":"9782070119400","title":"2017","description":"Le tailleur de pierre Krylov et l'\u00e9nigmatique Tania, depuis leur rencontre sur un quai de gare, cherchent \u00e0 pr\u00e9server leur amour des contraintes de la soci\u00e9t\u00e9 et du temps.\r\nMais Krylov doit composer avec d'autres r\u00e9alit\u00e9s : dune part, il d\u00e9pend toujours de son ex-\u00e9pouse Tamara, une oligarque richissime ; d'autre part, il participe \u00e0 une exp\u00e9dition ill\u00e9gale dans le but d'exploiter un gisement de diamants dans les montagnes de l'Oural. Ainsi, son destin est li\u00e9 inexorablement \u00e0 celui de la Russie. Dans un climat lourd de menaces et d'angoisse, la grande ville ouralienne o\u00f9 vit Krylov se pr\u00e9pare \u00e0 f\u00eater le centi\u00e8me anniversaire de la r\u00e9volution d'Octobre, nous sommes en 2017.\r\nL'\u00e9v\u00e9nement r\u00e9v\u00e8le une soci\u00e9t\u00e9 \u00e0 jamais divis\u00e9e, incapable de tirer les le\u00e7ons du pass\u00e9 et pr\u00eate \u00e0 s'embraser \u00e0 nouveau. Les d\u00e9fil\u00e9s militaires en costunes d'\u00e9poque donneront le signal d'une confrontation sanglante entre Rouges et Blancs... 2017 est un grand r\u00e9cit polyphonique, roman d'amour et fresque historique, qui fonctionne aussi comme une anti-utopie fantastique de la soci\u00e9t\u00e9 russe. Finesse psychologique, force tragi-comique et dimension mythologique font de ce livre une oeuvre d'une extraordinaire maturit\u00e9.","authors":["Olga Slavnikova","Christine Zeytounian"],"category_codes":["1000000","1010000"],"visuals":{"large":"https:\/\/images.epagine.fr\/400\/9782070119400_1_75.jpg","medium":"https:\/\/images.epagine.fr\/400\/9782070119400_1_m.jpg","thumbnail":"https:\/\/images.epagine.fr\/400\/9782070119400_1_v.jpg"},"orderable":true,"show_badge":true,"formatted_price":"25,40&nbsp;\u20ac","formatted_published_date":"20 janvier 2011","publisher_availability_label":"Sur commande","short_details":"Olga Slavnikova, Christine Zeytounian \u2014 Gallimard","translator":"CHRISTINE ZEYTOUNIAN","weight":503,"page_count":504,"readership":null,"editor":"Gallimard","price":2540,"published_date":"2011-01-19T23:00:00.000000Z","support":"Grand format","publisher_availability":1,"stock":0,"editions":[],"url":"https:\/\/quaidesbrumes.com\/ouvrage\/9782070119400\/2017"},{"id":"9782829004346","title":"Cinquieme etage, a gauche! entretiens avec fran'ois marin + dvd","description":null,"authors":[],"category_codes":["1000000","1010000"],"visuals":{"large":"https:\/\/images.epagine.fr\/346\/9782829004346_1_75.jpg","medium":"https:\/\/images.epagine.fr\/346\/9782829004346_1_m.jpg","thumbnail":"https:\/\/images.epagine.fr\/346\/9782829004346_1_v.jpg"},"orderable":true,"show_badge":true,"formatted_price":"19,00&nbsp;\u20ac","formatted_published_date":"5 juillet 2012","publisher_availability_label":"Sur commande","short_details":"D'En Bas","translator":null,"weight":274,"page_count":null,"readership":null,"editor":"D'En Bas","price":1900,"published_date":"2012-07-04T22:00:00.000000Z","support":"Grand format","publisher_availability":1,"stock":0,"editions":[],"url":"https:\/\/quaidesbrumes.com\/ouvrage\/9782829004346\/cinquieme-etage-a-gauche-entretiens-avec-franois-marin-dvd"},{"id":"9782919141494","title":"Damas : le scintillement des larmes","description":"Le po\u00e8te de la N\u00e9gritude, L\u00e9on Gontran Damas, revit sous la plume de Catherine Le Pelletier.\r\nPersonnage central, Mamoune est \u00e0 l'or\u00e9e de sa vie. Elle nous entra\u00eene dans une promenade o\u00f9 le lecteur assiste aux rencontres les plus fabuleuses.\r\nAux c\u00f4t\u00e9s de Damas, on retrouve d'autres figures guyanaises fortes comme Jos\u00e9phine et Auguste Horth ou Ren\u00e9 Jadfard. D'autres grands noms ont compt\u00e9 pour Damas, sont \u00e9galement pr\u00e9sents, tel le po\u00e8te Robert Desnos.\r\nD\u00e8s lors, un triangle g\u00e9ographique se dessine avec l'Hexagone, le nord de l'Am\u00e9rique du sud et les Cara\u00efbes.\r\nMais c'est bien en Guadeloupe que se situe l'action. Une Guadeloupe magnifi\u00e9e, aux paysages toujours plus envo\u00fbtants. Pour autant, la Guyane se situe au coeur de roman.","authors":["Catherine Le pelletier"],"category_codes":["1000000","1010000"],"visuals":{"large":"https:\/\/images.epagine.fr\/494\/9782919141494_1_75.jpg","medium":"https:\/\/images.epagine.fr\/494\/9782919141494_1_m.jpg","thumbnail":"https:\/\/images.epagine.fr\/494\/9782919141494_1_v.jpg"},"orderable":true,"show_badge":true,"formatted_price":"15,00&nbsp;\u20ac","formatted_published_date":"9 septembre 2020","publisher_availability_label":"Sur commande","short_details":"Catherine Le pelletier \u2014 Neg Mawon","translator":null,"weight":160,"page_count":136,"readership":null,"editor":"Neg Mawon","price":1500,"published_date":"2020-09-08T22:00:00.000000Z","support":"Revue","publisher_availability":1,"stock":0,"editions":[],"url":"https:\/\/quaidesbrumes.com\/ouvrage\/9782919141494\/damas-le-scintillement-des-larmes"},{"id":"9782847123821","title":"Le gamin de la rue Dutertre","description":"Ern\u00e9e est une petite ville provinciale situ\u00e9e \u00e0 une vingtaine de kilom\u00e8tres de Foug\u00e8res. Davantage nourrie des coutumes bretonnes que de celles du Maine, elle s'est d\u00e9velopp\u00e9e gr\u00e2ce la puissante industrie de la chaussure \u00e0 la fin du XIXe si\u00e8cle. Cette activit\u00e9 a d'ailleurs fini par prosp\u00e9rer d\u00e9mesur\u00e9ment, d\u00e9border, au point d'envahir en quelques ann\u00e9es la petite cit\u00e9 mayennaise, pour s'y \u00e9tablir en ma\u00eetresse des lieux durant une centaine d'ann\u00e9es, puis de d\u00e9cliner, avant de dispara\u00eetre compl\u00e8tement, vers 1980, terrass\u00e9e par la crise \u00e9conomique.\r\nN\u00e9 aux fronti\u00e8res de la ville et de la campagne, je me suis toujours senti \u00e0 la fois citadin et proche de la nature. D'un c\u00f4t\u00e9, il y avait l'agitation de la cit\u00e9 au moment des sorties d'usine, de l'autre un monde rural, silencieux et secret, ancr\u00e9 dans ses coutumes ancestrales. Deux mondes contradictoires, d\u00e9s\u00e9quilibr\u00e9s, \u00e0 la fois si proches et si lointains. Une double appartenance que je revendique cependant haut et fort, tant elle m'a apport\u00e9 de r\u00e9confort dans mon enfance et de libert\u00e9 dans ma vie d'adulte.\r\n\r\nIl y a deux ou trois ans, m'est venue cette id\u00e9e \u00e9trange d'\u00e9crire mes souvenirs, bien que rien ne me paraisse sortir v\u00e9ritablement de l'ordinaire : pas de drame familial \u00e0 sensation, pas de personnage c\u00e9l\u00e8bre \u00e0 d\u00e9crire, rien qu'une simple vie de fils d'ouvriers. Un anonyme parmi les anonymes. J'ai donc persist\u00e9, avec le regard retrouv\u00e9 du galopin farceur quej'\u00e9tais \u00e0 l'\u00e9poque, un gamin insouciant, immerg\u00e9 cependant dans un monde ouvrier confront\u00e9 \u00e0 de grandes difficult\u00e9s \u00e9conomiques, elles-m\u00eames li\u00e9es aux restrictions de l'imm\u00e9diat apr\u00e8s-guerre. Ce monde aujourd'hui disparu, a \u00e9t\u00e9 emport\u00e9 comme un f\u00e9tu de paille par un modernisme \u00e9chevel\u00e9.\r\nJ'ai choisi de pr\u00e9senter ces souvenirs comme autant de morceaux de vie picor\u00e9s au hasard et non pas \u00e0 la mani\u00e8re d'un roman, comme une suite naturelle et continue.","authors":["Jacques Cousin"],"category_codes":["1000000","1010000"],"visuals":{"large":"https:\/\/images.epagine.fr\/821\/9782847123821_1_75.jpg","medium":"https:\/\/images.epagine.fr\/821\/9782847123821_1_m.jpg","thumbnail":"https:\/\/images.epagine.fr\/821\/9782847123821_1_v.jpg"},"orderable":true,"show_badge":true,"formatted_price":"20,00&nbsp;\u20ac","formatted_published_date":"4 octobre 2013","publisher_availability_label":"Sur commande","short_details":"Jacques Cousin \u2014 Petit Pave","translator":null,"weight":320,"page_count":254,"readership":null,"editor":"Petit Pave","price":2000,"published_date":"2013-10-03T22:00:00.000000Z","support":"Grand format","publisher_availability":1,"stock":0,"editions":[],"url":"https:\/\/quaidesbrumes.com\/ouvrage\/9782847123821\/le-gamin-de-la-rue-dutertre"},{"id":"9782296992139","title":"Pas l'amour","description":"Julius est nerveux. \"Pas l'amour, non... seulement ma main qui se tend,   ces visages qui se confondent \u00e0 l'autre bout du monde, Ha\u00efl et CaIman, et Djemila et Cupule, le ridicule Astolphe et toutes mes chaisi\u00e8res branques, entre les \u00e9curies de l'aube et les hautes lisses du cr\u00e9puscule...\"","authors":["Dominique Ottavi"],"category_codes":["1000000","1010000"],"visuals":{"large":"https:\/\/images.epagine.fr\/139\/9782296992139_1_75.jpg","medium":"https:\/\/images.epagine.fr\/139\/9782296992139_1_m.jpg","thumbnail":"https:\/\/images.epagine.fr\/139\/9782296992139_1_v.jpg"},"orderable":true,"show_badge":true,"formatted_price":"11,50&nbsp;\u20ac","formatted_published_date":"11 juillet 2012","publisher_availability_label":"Sur commande","short_details":"Dominique Ottavi \u2014 \u00c9ditions L'Harmattan","translator":null,"weight":95,"page_count":68,"readership":null,"editor":"\u00c9ditions L'Harmattan","price":1150,"published_date":"2012-07-10T22:00:00.000000Z","support":"Grand format","publisher_availability":1,"stock":0,"editions":[],"url":"https:\/\/quaidesbrumes.com\/ouvrage\/9782296992139\/pas-lamour"},{"id":"9782234073227","title":"Dans ma t\u00eate, je m'appelle Alice","description":"L'h\u00e9ro\u00efne de ce premier roman inventif et tr\u00e8s original est, \u00e0 l'aube de sa trenti\u00e8me ann\u00e9e, future docteur en math\u00e9matique et elle se souvient de son existence fantasque et tourment\u00e9e dans une famille bris\u00e9e. Bris\u00e9e certes par l'alcoolisme de la m\u00e8re, mais atypique et troublante, vivante et attachante, dont le p\u00e8re dissimule un secret et le fr\u00e8re finit par fuir.\r\nLa jeune narratrice est la seule qui r\u00e9siste gr\u00e2ce aux personnages des romans qu'elle lit avec fr\u00e9n\u00e9sie, Alice en t\u00eate, et qui l'emportent dans un monde parall\u00e8le o\u00f9 la beaut\u00e9, l'\u00e9nergie, la complexit\u00e9 des sentiments lui sont r\u00e9v\u00e9l\u00e9es et l'arrachent \u00e0 un quotidien o\u00f9 la m\u00e8re, digne infirmi\u00e8re bien sous tous rapports le jour, devient \u00ab la Reine \u00bb chaque soir \u00e0 minuit. Reine de sa descente aux enfers, enferm\u00e9e dans ses subterfuges, ses humeurs mauvaises, ses attendrissements, ses regrets.\r\nLa beaut\u00e9 du roman de Julien Dufresne-Lamy r\u00e9side dans l'\u00e9criture et le regard - d\u00e9cal\u00e9 et souvent dr\u00f4le - que la narratrice pose sur le monde. Tout semble l\u00e9ger, rien n'est ordinaire sous la plume de l'auteur, dont la lucidit\u00e9 et l'humour, dont la singularit\u00e9 du style, dont le go\u00fbt du jeu font de ce livre une gourmandise, et transforment chaque membre de la famille en h\u00e9ros de conte.\r\nOn croise dans ce roman Britney Spears, Calamity Jane, la Princesse de Cl\u00e8ves, Emma Bovary, Bardamu ou le Petit Nicolas, pour ne citer que quelques-unes des figures \u00e9voqu\u00e9es. Et on assiste \u00e0 la construction d'une enfant, puis d'une adolescente, qui sera enfin capable, une fois devenue adulte, de se lib\u00e9rer de son histoire.","authors":["Julien Dufresne-Lamy"],"category_codes":["1000000","1010000"],"visuals":{"large":"https:\/\/images.epagine.fr\/227\/9782234073227_1_75.jpg","medium":"https:\/\/images.epagine.fr\/227\/9782234073227_1_m.jpg","thumbnail":"https:\/\/images.epagine.fr\/227\/9782234073227_1_v.jpg"},"orderable":true,"show_badge":true,"formatted_price":"20,90&nbsp;\u20ac","formatted_published_date":"29 ao\u00fbt 2012","publisher_availability_label":"Sur commande","short_details":"Julien Dufresne-Lamy \u2014 Stock","translator":null,"weight":292,"page_count":224,"readership":null,"editor":"Stock","price":2090,"published_date":"2012-08-28T22:00:00.000000Z","support":"Grand format","publisher_availability":1,"stock":0,"editions":[],"url":"https:\/\/quaidesbrumes.com\/ouvrage\/9782234073227\/dans-ma-tete-je-mappelle-alice"},{"id":"9782844981356","title":"Rien ne sert de courir","description":"En cet \u00e9t\u00e9 de 1935, la situation financi\u00e8re de la France est au  plus bas.\r\nLaval, parvenu au pouvoir, gouverne par d\u00e9crets-lois. \r\nPour revenir \u00e0 l'\u00e9quilibre budg\u00e9taire, il d\u00e9cide de la baisse des  salaires et des prix. Mais le ch\u00f4mage continue de cro\u00eetre... \r\nOuvrier fondeur et coureur de fond plein de promesses, Marc  Bongrain a \u00e9t\u00e9 gri\u00e8vement bless\u00e9 dans un accident de char au  cours de son service militaire. Son ami, le champion cycliste  Gilbert Montier, lui, y a perdu la vie.\r\nConvalescent, Marc rend  visite \u00e0 la famille d'adoption de Gilbert, qui habite Vincennes. \r\nAlice Blareau lui propose d'occuper le logement de son ami. \r\nMarc reprend courageusement l'entra\u00eenement, et bient\u00f4t ses  efforts sont r\u00e9compens\u00e9s. La forme revient. En m\u00eame temps, il  s'\u00e9prend de Denise, une jeune fille assez futile, vite jalouse de  sa passion pour le sport. Des victoires, son record de France  sur 5000 m\u00e8tres, sa s\u00e9lection pour les Jeux olympiques de  Berlin, \u00e9blouissent un moment Denise, devenue sa femme.\r\nEt  pourtant, l'atmosph\u00e8re se d\u00e9t\u00e9riore au sein du couple... \r\nPeinture de l'\u00e9poque, de la banlieue, des luttes et des  esp\u00e9rances suscit\u00e9es par le Front populaire, \u00e9pop\u00e9e d'un  coureur de fond, critique virulente des dirigeants des  f\u00e9d\u00e9rations sportives et des amateurs marrons, Rien ne sert de  courir ressuscite sous nos yeux un climat agit\u00e9 et d\u00e9l\u00e9t\u00e8re qui  rappelle par certains aspects celui de l'\u00e9poque actuelle.","authors":["Pierre Naudin"],"category_codes":["1000000","1010000"],"visuals":{"large":"https:\/\/images.epagine.fr\/356\/9782844981356_1_75.jpg","medium":"https:\/\/images.epagine.fr\/356\/9782844981356_1_m.jpg","thumbnail":"https:\/\/images.epagine.fr\/356\/9782844981356_1_v.jpg"},"orderable":true,"show_badge":true,"formatted_price":"23,00&nbsp;\u20ac","formatted_published_date":"8 mars 2012","publisher_availability_label":"Sur commande","short_details":"Pierre Naudin \u2014 Aub\u00e9ron","translator":null,"weight":578,"page_count":371,"readership":null,"editor":"Aub\u00e9ron","price":2300,"published_date":"2012-03-07T23:00:00.000000Z","support":"Grand format","publisher_availability":1,"stock":0,"editions":[],"url":"https:\/\/quaidesbrumes.com\/ouvrage\/9782844981356\/rien-ne-sert-de-courir"},{"id":"9782370970213","title":"La vie, cet exil","description":"2002. Nous sommes \u00e0 Saint Denis en r\u00e9gion parisienne. A la suite d'un \u00e9v\u00e8nement douloureux, Malik se clo\u00eetre dans sa chambre. Il se lance dans une \u00e9criture m\u00e9ditative. Ces mots qu'il produit formeront-ils son linceul ou sont-ils des promesses de lendemain ? \u00ab Se laisser poss\u00e9der par la tentation hypermn\u00e9sique. Titiller les recoins intimes qui se sont vu confier quelque chose par le hasard et le temps. Dupliquer les souvenirs, leur inventer des variantes. Produire de l'image, faire tourner le cerveau \u00e0 plein temps... \u00bb.","authors":["Oluren Fekre"],"category_codes":["1000000","1010000"],"visuals":{"large":"https:\/\/images.epagine.fr\/213\/9782370970213_1_75.jpg","medium":"https:\/\/images.epagine.fr\/213\/9782370970213_1_m.jpg","thumbnail":"https:\/\/images.epagine.fr\/213\/9782370970213_1_v.jpg"},"orderable":true,"show_badge":true,"formatted_price":"10,00&nbsp;\u20ac","formatted_published_date":"27 novembre 2015","publisher_availability_label":"Sur commande","short_details":"Oluren Fekre \u2014 KOMEDIT","translator":null,"weight":125,"page_count":94,"readership":null,"editor":"KOMEDIT","price":1000,"published_date":"2015-11-26T23:00:00.000000Z","support":"Grand format","publisher_availability":1,"stock":0,"editions":[],"url":"https:\/\/quaidesbrumes.com\/ouvrage\/9782370970213\/la-vie-cet-exil"},{"id":"9782894063705","title":"Voyage l\u00e9ger","description":null,"authors":["Verreault Melissa"],"category_codes":["1000000","1010000"],"visuals":{"large":"https:\/\/quaidesbrumes.com\/img\/book-placeholder.png","medium":"https:\/\/quaidesbrumes.com\/img\/book-placeholder.png","thumbnail":"https:\/\/quaidesbrumes.com\/img\/book-placeholder.png"},"orderable":true,"show_badge":true,"formatted_price":"10,50&nbsp;\u20ac","formatted_published_date":"5 mars 2015","publisher_availability_label":"Sur commande","short_details":"Verreault Melissa \u2014 Bibliotheque Quebecoise","translator":null,"weight":200,"page_count":null,"readership":null,"editor":"Bibliotheque Quebecoise","price":1050,"published_date":"2015-03-04T23:00:00.000000Z","support":"Grand format","publisher_availability":1,"stock":0,"editions":[],"url":"https:\/\/quaidesbrumes.com\/ouvrage\/9782894063705\/voyage-leger"},{"id":"9782351220894","title":"Quelque part dans la nuit des chiens","description":"Claire est psychologue, elle vient de rencontrer un nouveau patient. Antony a dix-neuf ans, l'\u00e2ge de l'enfant qu'elle n'a pas eu. Celui-l\u00e0, Claire a d\u00e9cid\u00e9 de le sauver, comme on ramasse les morceaux. Mais sur la route, les d\u00e9bris. Les siens. Les leurs. Les n\u00f4tres.\r\nAutour d'Antony, Monsieur Zed, le Cyclope, Fatima et Papillon repeuplent ce d\u00e9sert asilaire de leur for\u00eat mentale, labyrinthe de toutes ces vies qu'on fracasse contre les murs de la nuit s\u00e9curitaire.\r\nClaire y abandonne peu \u00e0 peu ses amours, son enfance et ses ratages, dans un r\u00e9cit tout en pudeur et en retenue, travers\u00e9 de fulgurances qui viennent bousculer nos indiff\u00e9rences.\r\nCe premier roman sait allier dans un \u00e9quilibre rare la r\u00e9volte politique et citoyenne avec la sensibilit\u00e9 des intimit\u00e9s bless\u00e9es.","authors":["Sandrine Bourguignon"],"category_codes":["1000000","1010000"],"visuals":{"large":"https:\/\/images.epagine.fr\/894\/9782351220894_1_75.jpg","medium":"https:\/\/images.epagine.fr\/894\/9782351220894_1_m.jpg","thumbnail":"https:\/\/images.epagine.fr\/894\/9782351220894_1_v.jpg"},"orderable":true,"show_badge":true,"formatted_price":"14,00&nbsp;\u20ac","formatted_published_date":"13 octobre 2012","publisher_availability_label":"Sur commande","short_details":"Sandrine Bourguignon \u2014 Sulliver","translator":null,"weight":224,"page_count":160,"readership":null,"editor":"Sulliver","price":1400,"published_date":"2012-10-12T22:00:00.000000Z","support":"Grand format","publisher_availability":1,"stock":0,"editions":[],"url":"https:\/\/quaidesbrumes.com\/ouvrage\/9782351220894\/quelque-part-dans-la-nuit-des-chiens"},{"id":"9782213627670","title":"La puissance des corps","description":"27 ao\u00fbt 2013.\r\nSur la plage du Trez-Hir un enfant dispara\u00eet. On l'appelle Popeye, il a neuf ans. Pour le colonel R\u00e9mus, quarante-cinq ans, son responsable l\u00e9gal, il ne peut s'agir que d'un rapt. Le colonel a des ennemis. Il dirige au nom du Pr\u00e9sident une police parall\u00e8le, Les Chats maigres, sp\u00e9cialis\u00e9e dans la fraude alimentaire. Il a femme, ma\u00eetresse, petites amies d'un soir, pas toujours anim\u00e9es des meilleurs sentiments...\r\nAvec l'enl\u00e8vement de Popeye, il d\u00e9couvre qu'il est un homme bien seul, bien fragile en d\u00e9pit des apparences. Retrouver l'enfant, il n'a plus d'autre but. Trop en vue, il engage Onyx, vingt-sept ans, une rus\u00e9e renarde autrefois chez Greenpeace. Elle a chang\u00e9, en deux ans, mais R\u00e9mus n'a jamais oubli\u00e9 son parfum...","authors":["Yann Queff\u00e9lec"],"category_codes":["1000000","1010000"],"visuals":{"large":"https:\/\/images.epagine.fr\/670\/9782213627670_1_75.jpg","medium":"https:\/\/images.epagine.fr\/670\/9782213627670_1_m.jpg","thumbnail":"https:\/\/images.epagine.fr\/670\/9782213627670_1_v.jpg"},"orderable":true,"show_badge":true,"formatted_price":"19,30&nbsp;\u20ac","formatted_published_date":"25 f\u00e9vrier 2009","publisher_availability_label":"Sur commande","short_details":"Yann Queff\u00e9lec \u2014 Fayard","translator":null,"weight":408,"page_count":271,"readership":null,"editor":"Fayard","price":1930,"published_date":"2009-02-24T23:00:00.000000Z","support":"Grand format","publisher_availability":1,"stock":0,"editions":[],"url":"https:\/\/quaidesbrumes.com\/ouvrage\/9782213627670\/la-puissance-des-corps"},{"id":"9782296049956","title":"Chroniques de S\u00e9gou Tome 1 ; le destin fabuleux de N'Golo Diarra","description":"L'auteur a retranscrit dans cet ouvrage un texte de l'orateur Daye Baba Diallo, d\u00e9c\u00e9d\u00e9 en 1987, qui repr\u00e9sente la tradition litt\u00e9raire de S\u00e9gou au Mali.","authors":["Daye baba Diallo","Ismaila-Samba Traore"],"category_codes":["1000000","1010000"],"visuals":{"large":"https:\/\/images.epagine.fr\/956\/9782296049956_1_75.jpg","medium":"https:\/\/images.epagine.fr\/956\/9782296049956_1_m.jpg","thumbnail":"https:\/\/images.epagine.fr\/956\/9782296049956_1_v.jpg"},"orderable":true,"show_badge":true,"formatted_price":"11,00&nbsp;\u20ac","formatted_published_date":"15 janvier 2008","publisher_availability_label":"Sur commande","short_details":"Daye baba Diallo, Ismaila-Samba Traore \u2014 \u00c9ditions L'Harmattan","translator":null,"weight":100,"page_count":84,"readership":null,"editor":"\u00c9ditions L'Harmattan","price":1100,"published_date":"2008-01-14T23:00:00.000000Z","support":"Grand format","publisher_availability":1,"stock":0,"editions":[],"url":"https:\/\/quaidesbrumes.com\/ouvrage\/9782296049956\/chroniques-de-segou-tome-1-le-destin-fabuleux-de-ngolo-diarra"},{"id":"9782812703287","title":"Le secret des vanades","description":null,"authors":["Dominique Marcoux"],"category_codes":["1000000","1010000"],"visuals":{"large":"https:\/\/images.epagine.fr\/287\/9782812703287_1_75.jpg","medium":"https:\/\/images.epagine.fr\/287\/9782812703287_1_m.jpg","thumbnail":"https:\/\/images.epagine.fr\/287\/9782812703287_1_v.jpg"},"orderable":true,"show_badge":true,"formatted_price":"17,00&nbsp;\u20ac","formatted_published_date":"6 mars 2012","publisher_availability_label":"Sur commande","short_details":"Dominique Marcoux \u2014 Presses Du Midi","translator":null,"weight":310,"page_count":null,"readership":null,"editor":"Presses Du Midi","price":1700,"published_date":"2012-03-05T23:00:00.000000Z","support":"Grand format","publisher_availability":1,"stock":0,"editions":[],"url":"https:\/\/quaidesbrumes.com\/ouvrage\/9782812703287\/le-secret-des-vanades"},{"id":"9782952312462","title":"Bayonne, l'usage de ma ville","description":null,"authors":["Txomin Laxalt"],"category_codes":["1000000","1010000"],"visuals":{"large":"https:\/\/images.epagine.fr\/462\/9782952312462_1_75.jpg","medium":"https:\/\/images.epagine.fr\/462\/9782952312462_1_m.jpg","thumbnail":"https:\/\/images.epagine.fr\/462\/9782952312462_1_v.jpg"},"orderable":true,"show_badge":true,"formatted_price":"13,18&nbsp;\u20ac","formatted_published_date":"4 novembre 2010","publisher_availability_label":"Sur commande","short_details":"Txomin Laxalt \u2014 Iru Errege","translator":null,"weight":150,"page_count":144,"readership":null,"editor":"Iru Errege","price":1318,"published_date":"2010-11-03T23:00:00.000000Z","support":"Grand format","publisher_availability":1,"stock":0,"editions":[],"url":"https:\/\/quaidesbrumes.com\/ouvrage\/9782952312462\/bayonne-lusage-de-ma-ville"}]}