{"data":[{"id":"9791095112303","title":"Le manteau bleu de louis","description":"Quittant quelque peu ses h\u00e9ros d'albums jeunesse, Lulu le petit fou du Roi et Jaunette la marmotte, Sylvie Breton-Trudelle tire de sa propre histoire ce nouveau livre \u00ab Le manteau bleu de Louis \u00bb.Les histoires et t\u00e9moignages entendus de ses petits anc\u00eatres, les \u00e9crits retrouv\u00e9s sont devenus la glaise \u00e0 partir de laquelle l'auteure a fa\u00e7onn\u00e9 son roman. \t... Et puis, s'il n'y avait pas eu cette \u00e9pid\u00e9mie de coqueluche, il y a trois ans, il y aurait aussi un petit gar\u00e7on, Louis... Alors, Gilbert oublie tout : le magasin, les poup\u00e9es, la vendeuse \u00e0 la voix de petite fille. Il pose sa main sur le comptoir et s'y agrippe fermement comme un marin rescap\u00e9 dans la temp\u00eate de ses souvenirs. Le regard perdu dans le lointain, Gilbert essaie de se rem\u00e9morer le visage de l'enfant. Il a un peu oubli\u00e9 et il s'en veut. Un voile couleur d'un ciel d'\u00e9t\u00e9 passe brusquement devant ses yeux, le manteau bleu de Louis ! ...\tDe cet imaginaire forg\u00e9 autour de souvenirs, Sylvie Breton-Trudelle fait vivre cette forme romanesque par la force des images et des sensations.\r","authors":["Breton-Trudelle S."],"category_codes":["1000000","1010000"],"visuals":{"large":"https:\/\/quaidesbrumes.com\/img\/book-placeholder.png","medium":"https:\/\/quaidesbrumes.com\/img\/book-placeholder.png","thumbnail":"https:\/\/quaidesbrumes.com\/img\/book-placeholder.png"},"orderable":true,"show_badge":true,"formatted_price":"16,00&nbsp;\u20ac","formatted_published_date":"15 juin 2020","publisher_availability_label":"Sur commande","short_details":"Breton-Trudelle S. \u2014 En Chemin","translator":null,"weight":210,"page_count":null,"readership":null,"editor":"En Chemin","price":1600,"published_date":"2020-06-14T22:00:00.000000Z","support":"Grand format","publisher_availability":1,"stock":0,"editions":[],"url":"https:\/\/quaidesbrumes.com\/ouvrage\/9791095112303\/le-manteau-bleu-de-louis"},{"id":"9782957310203","title":"Le pays de mal au coeur ; Nou","description":"Une relation singuli\u00e8re entre la veuve d'un grand chef coutumier et deux jeunes m\u00e9tropolitains venus enseigner dans un coll\u00e8ge de brousse. Rachel devenue ling\u00e8re du coll\u00e8ge d\u00e9voile progressivement les secrets d'une vie surprenante et les relations amoureuses s'entrecroisent. Le second texte s'appelle \u00ab\u00a0Nou\u00a0\u00bb comme l'\u00eele au large de Noum\u00e9a, une plage o\u00f9 les homosexuels se retrouvent. C'est l\u00e0 qu'on a d\u00e9couvert le corps de Michel qui fut, vingt ans plus t\u00f4t, enseignant dans un lyc\u00e9e de Noum\u00e9a.\r","authors":["Philippe Vinard"],"category_codes":["1000000","1010000"],"visuals":{"large":"https:\/\/images.epagine.fr\/203\/9782957310203_1_75.jpg","medium":"https:\/\/images.epagine.fr\/203\/9782957310203_1_m.jpg","thumbnail":"https:\/\/images.epagine.fr\/203\/9782957310203_1_v.jpg"},"orderable":true,"show_badge":true,"formatted_price":"10,00&nbsp;\u20ac","formatted_published_date":"13 juillet 2020","publisher_availability_label":"Sur commande","short_details":"Philippe Vinard \u2014 Editions Des Quatre Seigneurs","translator":null,"weight":288,"page_count":215,"readership":null,"editor":"Editions Des Quatre Seigneurs","price":1000,"published_date":"2020-07-12T22:00:00.000000Z","support":"Grand format","publisher_availability":1,"stock":0,"editions":[],"url":"https:\/\/quaidesbrumes.com\/ouvrage\/9782957310203\/le-pays-de-mal-au-coeur-nou"},{"id":"9782343023281","title":"Elsa meurt","description":"Bien que largement m\u00e9dicament\u00e9e, et plusieurs fois hospitalis\u00e9e, pour une suppos\u00e9e m\u00e9lancolie, Elsa glisse insidieusement vers une perte progressive de toute identit\u00e9, vers une mort pr\u00e9matur\u00e9e. Sa petite-fille Sophie, amen\u00e9e \u00e0 veiller sur sa grand-m\u00e8re, va d\u00e9couvrir que les diagnostics m\u00e9dicaux s'av\u00e8rent discutables. Ensemble, elles vont tenter de d\u00e9passer leur d\u00e9sarroi, de comprendre, pour \u00e9chapper \u00e0 cette confusion o\u00f9 il semblerait que la malade ne soit pas la priorit\u00e9 de tout le corps m\u00e9dical rencontr\u00e9.\r","authors":["Laurence Pain"],"category_codes":["1000000","1010000"],"visuals":{"large":"https:\/\/images.epagine.fr\/281\/9782343023281_1_75.jpg","medium":"https:\/\/images.epagine.fr\/281\/9782343023281_1_m.jpg","thumbnail":"https:\/\/images.epagine.fr\/281\/9782343023281_1_v.jpg"},"orderable":true,"show_badge":true,"formatted_price":"21,00&nbsp;\u20ac","formatted_published_date":"30 janvier 2014","publisher_availability_label":"Sur commande","short_details":"Laurence Pain \u2014 \u00c9ditions L'Harmattan","translator":null,"weight":260,"page_count":210,"readership":null,"editor":"\u00c9ditions L'Harmattan","price":2100,"published_date":"2014-01-29T23:00:00.000000Z","support":"Grand format","publisher_availability":1,"stock":0,"editions":[],"url":"https:\/\/quaidesbrumes.com\/ouvrage\/9782343023281\/elsa-meurt"},{"id":"9782914373135","title":"Concert champ\u00eatre","description":"\" Seul Watteau, ou l'un de ses \u00e9minents contemporains, aurait su saisir du bout de ses pinceaux et de ses brosses l'atmosph\u00e8re et les couleurs de ce concert champ\u00eatre : une grande lueur blanche sur la gauche contrastant avec trois taches noires bien distinctes, plusieurs tons de vert enveloppant l'ensemble, un bleu nuit recouvrant le tout. L'artiste n'aurait pas manqu\u00e9 d'enrichir la sc\u00e8ne de d\u00e9tails : l'\u00e9motion sur les visages de personnages choisis, trois archets saisis dans leur lutte contre le vent, des promeneurs fig\u00e9s dans leur marche, interloqu\u00e9s par ce spectacle insolite, un petit chien blanc pr\u00eat \u00e0 mordiller les mollets des musiciens, un enfant jouant au ballon, un arbre agit\u00e9 par la brise du soir. On aurait pu, en tendant l'oreille, deviner des notes de musique. Oui, c'est s\u00fbr, cela aurait \u00e9t\u00e9 un chef-d'oeuvre. \" Collectionneur d'anecdotes, Jacques Borsarello nous propose \u00e0 travers ce nouveau recueil de nouvelles sa vision de l'univers de la sc\u00e8ne. Il \u00e9voque avec une tendresse particuli\u00e8re les anonymes, ceux dont on ne parle jamais, et les petits m\u00e9tiers du monde du spectacle.\r","authors":["Jacques Borsarello"],"category_codes":["1000000","1010000"],"visuals":{"large":"https:\/\/images.epagine.fr\/135\/9782914373135_1_75.jpg","medium":"https:\/\/images.epagine.fr\/135\/9782914373135_1_m.jpg","thumbnail":"https:\/\/images.epagine.fr\/135\/9782914373135_1_v.jpg"},"orderable":true,"show_badge":true,"formatted_price":"12,50&nbsp;\u20ac","formatted_published_date":"19 juin 2013","publisher_availability_label":"Sur commande","short_details":"Jacques Borsarello \u2014 Symetrie","translator":null,"weight":179,"page_count":null,"readership":null,"editor":"Symetrie","price":1250,"published_date":"2013-06-18T22:00:00.000000Z","support":"Poche","publisher_availability":1,"stock":0,"editions":[],"url":"https:\/\/quaidesbrumes.com\/ouvrage\/9782914373135\/concert-champetre"},{"id":"9782296558731","title":"Berlin Alexanderplatz d'Alfred D\u00f6blin ; un roman dans une oeuvre une oeuvre dans son temps","description":"Les \u00e9tudes rassembl\u00e9es ici explorent, toutes \u00e0 leur mani\u00e8re, la complexit\u00e9 et l'originalit\u00e9 du cheminement esth\u00e9tique propos\u00e9 par Alfred D\u00f6blin dans son oeuvre ma\u00eetresse Berlin Alexanderplatz. Cet ouvrage s'adresse aux \u00e9tudiants pr\u00e9parant l'agr\u00e9gation d'allemand, concours au programme duquel figure ce texte, mais aussi \u00e0 l'ensemble de la communaut\u00e9 scientifique, dans la mesure o\u00f9 chacun des auteurs de ces diff\u00e9rentes contributions s'attache \u00e0 analyser un aspect particulier de ce roman, embl\u00e9matique de l'art de son auteur mais aussi de son temps.\r","authors":["Fr\u00e9d\u00e9ric Teinturier"],"category_codes":["1000000","1010000"],"visuals":{"large":"https:\/\/images.epagine.fr\/731\/9782296558731_1_75.jpg","medium":"https:\/\/images.epagine.fr\/731\/9782296558731_1_m.jpg","thumbnail":"https:\/\/images.epagine.fr\/731\/9782296558731_1_v.jpg"},"orderable":true,"show_badge":true,"formatted_price":"22,00&nbsp;\u20ac","formatted_published_date":"8 d\u00e9cembre 2011","publisher_availability_label":"Sur commande","short_details":"Fr\u00e9d\u00e9ric Teinturier \u2014 \u00c9ditions L'Harmattan","translator":null,"weight":260,"page_count":208,"readership":null,"editor":"\u00c9ditions L'Harmattan","price":2200,"published_date":"2011-12-07T23:00:00.000000Z","support":"Grand format","publisher_availability":1,"stock":0,"editions":[],"url":"https:\/\/quaidesbrumes.com\/ouvrage\/9782296558731\/berlin-alexanderplatz-dalfred-doblin-un-roman-dans-une-oeuvre-une-oeuvre-dans-son-temps"},{"id":"9791092364149","title":"Caf\u00e9 hy\u00e8ne","description":"Caf\u00e9 Hyena est une mosa\u00efque atypique d'observations, de perceptions, de r\u00e9flexions et de souvenirs. Elza, son amie Rebeka et leurs deux compagnons, Ian et Elfman, se rencontrent r\u00e9guli\u00e8rement dans un caf\u00e9 branch\u00e9 du centre-ville de Bratislava pour passer discuter, lire et boire. Dans ce caf\u00e9, fr\u00e9quent\u00e9 par les touristes et les gens ais\u00e9s, on les prend pour des \u00e9tudiants. Ils viennent du quartier de Petr\u017ealka, une des plus grandes cit\u00e9s hlm d'Europe \u00ab O\u00f9 les murs jouent de la musique et parlent. Et o\u00f9 le temps est immat\u00e9riel. L\u00e0, vous pouvez rencontrer des cr\u00e9atures que le monde pense disparues, \u00e9teintes. Les bonnes et mauvaises \u00bb. Pour Elza, Petr\u017ealka est l'endroit \u00ab d'o\u00f9 elle ne pourra jamais s'\u00e9chapper \u00bb, elle doit prot\u00e9ger la personne aim\u00e9e qui s'y trouve coinc\u00e9e, elle doit continuer sur cette route appel\u00e9e Petr\u017ealka : un voyage qui peut mener \u00e0 la folie ou \u00e0 la mort.\r","authors":["Benov\u00e1 Jana","Diana Jamborova Lemay"],"category_codes":["1000000","1010000"],"visuals":{"large":"https:\/\/images.epagine.fr\/149\/9791092364149_1_75.jpg","medium":"https:\/\/images.epagine.fr\/149\/9791092364149_1_m.jpg","thumbnail":"https:\/\/images.epagine.fr\/149\/9791092364149_1_v.jpg"},"orderable":true,"show_badge":true,"formatted_price":"15,00&nbsp;\u20ac","formatted_published_date":"20 mars 2015","publisher_availability_label":"Sur commande","short_details":"Benov\u00e1 Jana, Diana Jamborova Lemay \u2014 Le Ver A Soie","translator":"DIANA JAMBOROVA LEMAY","weight":152,"page_count":130,"readership":null,"editor":"Le Ver A Soie","price":1500,"published_date":"2015-03-19T23:00:00.000000Z","support":"Grand format","publisher_availability":1,"stock":0,"editions":[],"url":"https:\/\/quaidesbrumes.com\/ouvrage\/9791092364149\/cafe-hyene"},{"id":"9782081302556","title":"Les nuits du Caire","description":"? Vous avez v\u00e9cu dans le souvenir du bonheur, Karim. \r\nOr, rien n'emp\u00eache le bonheur comme le souvenir du bonheur.\r\n\r\n\r\nCr\u00e9ation Studio Flammarion\r","authors":["Gilbert Sinou\u00e9"],"category_codes":["1000000","1010000"],"visuals":{"large":"https:\/\/images.epagine.fr\/556\/9782081302556_1_75.jpg","medium":"https:\/\/images.epagine.fr\/556\/9782081302556_1_m.jpg","thumbnail":"https:\/\/images.epagine.fr\/556\/9782081302556_1_v.jpg"},"orderable":true,"show_badge":true,"formatted_price":"12,00&nbsp;\u20ac","formatted_published_date":"27 avril 2013","publisher_availability_label":"Sur commande","short_details":"Gilbert Sinou\u00e9 \u2014 \u00c9ditions Arthaud","translator":null,"weight":162,"page_count":184,"readership":null,"editor":"\u00c9ditions Arthaud","price":1200,"published_date":"2013-04-26T22:00:00.000000Z","support":"Grand format","publisher_availability":1,"stock":0,"editions":[],"url":"https:\/\/quaidesbrumes.com\/ouvrage\/9782081302556\/les-nuits-du-caire"},{"id":"9782953047325","title":"Le contre-pied","description":"\u00ab Un sanglier prend le contre-pied quand il rebrousse chemin sur la m\u00eame piste et refuse d'aller l\u00e0 o\u00f9 les chiens le poussent \u00bb Ainsi avait parl\u00e9 le Grenouilleux.\r\n\r\nYves avait ri.\r\n\r\nIl ne savait pas qu'il avait pris le contre-pied en revenant vivre dans sa maison natale, au moulin des disparus.\r\nIl ne savait pas que sa propri\u00e9t\u00e9 \u00e9tait d\u00e9j\u00e0 occup\u00e9e.\r\nIl ne savait pas, lui le notable, qu'il deviendrait l'ami et le disciple d'un marginal en harmonie avec la nature.\r\nIl ne savait pas qu'il \u00e9luciderait la l\u00e9gende des t\u00eates noires qui gardaient jalousement un tr\u00e9sor cach\u00e9 depuis la r\u00e9volution.\r\nIl ne savait pas, en lisant les lettres d'un poilu, qu'il retrouverait ses anc\u00eatres disparus dans des conditions \u00e9tranges.\r\nIl ne savait pas. Il voulait simplement retrouver la s\u00e9r\u00e9nit\u00e9 de sa jeunesse et se d\u00e9rober \u00e0 un destin impos\u00e9.\r\nIl \u00e9tait revenu sur ses pas, il avait pris le contre-pied.\r","authors":["Jean-paul Bouchet"],"category_codes":["1000000","1010000"],"visuals":{"large":"https:\/\/quaidesbrumes.com\/img\/book-placeholder.png","medium":"https:\/\/quaidesbrumes.com\/img\/book-placeholder.png","thumbnail":"https:\/\/quaidesbrumes.com\/img\/book-placeholder.png"},"orderable":true,"show_badge":true,"formatted_price":"20,00&nbsp;\u20ac","formatted_published_date":"1er mars 2009","publisher_availability_label":"Sur commande","short_details":"Jean-paul Bouchet \u2014 Haras De Maison Du Bois","translator":null,"weight":602,"page_count":391,"readership":null,"editor":"Haras De Maison Du Bois","price":2000,"published_date":"2009-02-28T23:00:00.000000Z","support":"Grand format","publisher_availability":1,"stock":0,"editions":[],"url":"https:\/\/quaidesbrumes.com\/ouvrage\/9782953047325\/le-contre-pied"},{"id":"9782910834227","title":"Hilaire Marty ; paysan du Causse","description":"Marinette la petite soeur, Noellie la m\u00e8re, Monique la ni\u00e8ce et d'autres, ces voix de femmes ou leur souvenir accompagnent les derniers jours du vieil Hilaire dans une r\u00e9gion o\u00f9 se sont inscrits tous les bonheurs et tous les chagrins de sa vie solitaire. R\u00e9\u00e9dition augment\u00e9e d'une nouvelle. Premier roman.\r","authors":["Th\u00e9r\u00e8se Albert-r\u00e9b\u00e9"],"category_codes":["1000000","1010000"],"visuals":{"large":"https:\/\/images.epagine.fr\/227\/9782910834227_1_75.jpg","medium":"https:\/\/images.epagine.fr\/227\/9782910834227_1_m.jpg","thumbnail":"https:\/\/images.epagine.fr\/227\/9782910834227_1_v.jpg"},"orderable":true,"show_badge":true,"formatted_price":"20,00&nbsp;\u20ac","formatted_published_date":"25 novembre 2005","publisher_availability_label":"Sur commande","short_details":"Th\u00e9r\u00e8se Albert-r\u00e9b\u00e9 \u2014 Le Bon Albert","translator":null,"weight":0,"page_count":163,"readership":null,"editor":"Le Bon Albert","price":2000,"published_date":"2005-11-24T23:00:00.000000Z","support":"Grand format","publisher_availability":1,"stock":0,"editions":[],"url":"https:\/\/quaidesbrumes.com\/ouvrage\/9782910834227\/hilaire-marty-paysan-du-causse"},{"id":"9782911584480","title":"Augustine et Jean : Tome 1 ; la rencontre ; Tome 2 ; la force du destin","description":"Augustine et Jean TOME I.\r\nEn ce d\u00e9but de XXe si\u00e8cle, Augustine du haut de ses quinze ans rayonne de fra\u00eecheur et d'\u00e9nergie. Elle appartient \u00e0 une famille d'industriels catholiques aux affaires prosp\u00e8res, install\u00e9e dans une localit\u00e9 en plein essor gr\u00e2ce aux Chemins de Fer D\u00e9partementaux. Elle m\u00e8ne une vie confortable mais n'a pas pour ambition de suivre la destin\u00e9e des filles de son milieu.      \r\nAg\u00e9 de 20 ans, Jean Vaucanson pour sa part est protestant. Fils de mineur, jeune dipl\u00f4m\u00e9 de l'Ecole des Mines, il travaille pour la compagnie des Chemins de Fer D\u00e9partementaux.      \r\nC'est dans des circonstances peu romanesques qu'ils se rencontrent pour la premi\u00e8re fois. Bient\u00f4t, ils se reverront en cachette et na\u00eetra alors une idylle. Mais, en ce temps-l\u00e0, elle, catholique ; lui, protestant ...les difficult\u00e9s ne manqueront pas de survenir.      \r\nEn effet, l'antagonisme religieux domine une part importante de la vie sociale et \u00e9conomique de ce terroir qui s'\u00e9tend entre Ard\u00e8che et Haute-Loire, comme le fait revivre avec justesse ce roman qui m\u00eale fiction et r\u00e9alit\u00e9. Ainsi, au gr\u00e9 des \u00e9tapes mouvement\u00e9es d'une passion que tout vient contrarier, le lecteur saisira l'\u00e2me d'une \u00e9poque, et tout le poids des rivalit\u00e9s qui opposent alors les deux confessions.      \r\n\r\nAugustine et Jean TOME II.\r\nAugustine, jeune fille \u00e9nergique et d\u00e9termin\u00e9e, avait dans le premier volume de ce r\u00e9cit fait la rencontre de Jean, ing\u00e9nieur \u00e0 la Compagnie des Chemins de Fer. Alors qu'une attirance r\u00e9elle et des sentiments profonds les rapprochaient, la famille d'Augustine \u00e9tait parvenue \u00e0 ce qu'ils s'\u00e9loignent l'un de l'autre. Jean a conserv\u00e9 ses fonctions. Augustine, de son c\u00f4t\u00e9, a accept\u00e9 d'\u00e9pouser un homme de son milieu, un moulinier de Tence.      \r\nDans ce deuxi\u00e8me volume, le lecteur va d\u00e9couvrir comment la vie conduira Jean \u00e0 croiser \u00e0 nouveau les pas d'Augustine, devenue maman. Si le temps a pass\u00e9, leurs sentiments l'un pour l'autre ont \u00e9volu\u00e9, mais ils sont loin d'\u00eatre \u00e9teints. Si rien dans les mani\u00e8res de penser de leur famille n'a \u00e9volu\u00e9, en revanche, \u00e0 Annonay, au Cheylard, dans la vie politique locale et dans les turbulences sociales et syndicales, tout indique que des changements s'amorcent. Ainsi Jean prendra, \u00e0 la suite de troubles sociaux, des responsabilit\u00e9s assez inhabituelles pour un ing\u00e9nieur. A l'occasion de voyages, il fera une rencontre. De son c\u00f4t\u00e9, Maria, la soeur de lait d'Augustine se marie.      \r\nAugustine, quant \u00e0 elle, conna\u00eet des moments difficiles. Dans le troisi\u00e8me volume, prochainement disponible, nous verrons comment le destin des personnages est encore plus profond\u00e9ment bouscul\u00e9, lorsqu'ayant quitt\u00e9 l'Ard\u00e8che ils auront \u00e0 affronter les bouleversements de la Grande Guerre.      \r\nLe lecteur aura le plaisir de suivre au fil de ce volume une nouvelle \u00e9tape de ce r\u00e9cit chaleureux accompagnant des personnages dont l'itin\u00e9raire, soigneusement document\u00e9, illustre une page de l'histoire de notre r\u00e9gion, dans toute sa richesse et sa saveur.\r","authors":["Michel Riou"],"category_codes":["1000000","1010000"],"visuals":{"large":"https:\/\/images.epagine.fr\/480\/9782911584480_1_75.jpg","medium":"https:\/\/images.epagine.fr\/480\/9782911584480_1_m.jpg","thumbnail":"https:\/\/images.epagine.fr\/480\/9782911584480_1_v.jpg"},"orderable":true,"show_badge":true,"formatted_price":"33,90&nbsp;\u20ac","formatted_published_date":"24 mars 2014","publisher_availability_label":"Sur commande","short_details":"Michel Riou \u2014 Dolmazon","translator":null,"weight":610,"page_count":null,"readership":null,"editor":"Dolmazon","price":3390,"published_date":"2014-03-23T23:00:00.000000Z","support":"Grand format","publisher_availability":1,"stock":0,"editions":[],"url":"https:\/\/quaidesbrumes.com\/ouvrage\/9782911584480\/augustine-et-jean-tome-1-la-rencontre-tome-2-la-force-du-destin"},{"id":"9782213631660","title":"Blues","description":"Dans les bastringues de la Nouvelle-Orl\u00e9ans retentit une musique jamais entendue. Ni celle du blanc ni celle de l'Afrique, mais celle du noir d\u00e9port\u00e9 en terre am\u00e9ricaine. Y r\u00e9sonnent les \u00e9chos des lames de charrues creusant la terre, des haches dans les for\u00eats, des maillets contre les rochers, des balais dans la poussi\u00e8re, des ustensiles de cuisine. Au point que ses accords semblent dater d'avant la musique m\u00eame. On l'appelle le blues. Nehemiah en est un des premiers virtuoses. Esclave, il avait le droit de jouer sur le piano de ses ma\u00eetres quand ces derniers exhibaient \u00ableur n\u00e8gre musicien\u00bb. \u00c0 la d\u00e9faite de l'arm\u00e9e conf\u00e9d\u00e9r\u00e9e, affranchi et l\u00e2ch\u00e9 comme tous ses semblables sur les routes du Sud d\u00e9vast\u00e9, il n'a eu de cesse de trouver un instrument bien \u00e0 lui. Mais si sa soudaine libert\u00e9 n'a pas encore fait du noir d'Am\u00e9rique l'\u00e9gal des blancs, le g\u00e9nie de la musique y suffira-t-il ? Si le blues vrille le coeur, n'est-ce pas parce qu'il dit exactement le contraire ?\r","authors":["Alain Gerber"],"category_codes":["1000000","1010000"],"visuals":{"large":"https:\/\/images.epagine.fr\/660\/9782213631660_1_75.jpg","medium":"https:\/\/images.epagine.fr\/660\/9782213631660_1_m.jpg","thumbnail":"https:\/\/images.epagine.fr\/660\/9782213631660_1_v.jpg"},"orderable":true,"show_badge":true,"formatted_price":"25,40&nbsp;\u20ac","formatted_published_date":"7 octobre 2009","publisher_availability_label":"Sur commande","short_details":"Alain Gerber \u2014 Fayard","translator":null,"weight":1095,"page_count":648,"readership":null,"editor":"Fayard","price":2540,"published_date":"2009-10-06T22:00:00.000000Z","support":"Grand format","publisher_availability":1,"stock":0,"editions":[],"url":"https:\/\/quaidesbrumes.com\/ouvrage\/9782213631660\/blues"},{"id":"9782379164163","title":"Une chose \u00e0 la fois !","description":"\u00ab\u00a0Une chose \u00e0 la fois\u00a0!\u00a0\u00bb est la phrase qu'\u00c9lias prononce quand le monde va trop vite autour de lui, qu'on multiplie les canaux d'attention ou qu'on ne s\u00e9quence pas correctement les actions. C'est son alerte. C'est aussi ce modus operandi qui m'a permis de sortir de ma zone de confort et de limiter ma mise en danger personnelle et \u00e9motionnelle.\r\nJe m'adresse \u00e0 ceux qui cheminent dans l'autisme et cherchent des cl\u00e9s de compr\u00e9hension, aux professionnels qui manquent de retour parental et \u00e0 ceux qui n'osent pas et nous opposent \u00e0 tort que c'est impossible.\r\nC'est le r\u00e9cit d'une m\u00e9tamorphose, un possible accessible si on sait dire \u00ab\u00a0non\u00a0\u00bb, qu'on trouve courage et \u00e9nergie et qu'on accepte l'incertain comme seule certitude. J'ai voulu vous raconter, enfin, ce qui, avec le temps, en est rest\u00e9. Une chose \u00e0 la fois...\r","authors":["C\u00e9cile Kouifi guignon"],"category_codes":["1000000","1010000"],"visuals":{"large":"https:\/\/images.epagine.fr\/163\/9782379164163_1_75.jpg","medium":"https:\/\/images.epagine.fr\/163\/9782379164163_1_m.jpg","thumbnail":"https:\/\/images.epagine.fr\/163\/9782379164163_1_v.jpg"},"orderable":true,"show_badge":true,"formatted_price":"17,00&nbsp;\u20ac","formatted_published_date":"10 septembre 2020","publisher_availability_label":"Sur commande","short_details":"C\u00e9cile Kouifi guignon \u2014 Editions Ma\u00efa","translator":null,"weight":350,"page_count":86,"readership":null,"editor":"Editions Ma\u00efa","price":1700,"published_date":"2020-09-09T22:00:00.000000Z","support":"Grand format","publisher_availability":1,"stock":0,"editions":[],"url":"https:\/\/quaidesbrumes.com\/ouvrage\/9782379164163\/une-chose-a-la-fois"},{"id":"9782918721192","title":"Fran\u00e7ois, Jean-Marc, Martine, qu'allons-nous faire de notre victoire ?","description":null,"authors":["Christian Picquet"],"category_codes":["1000000","1010000"],"visuals":{"large":"https:\/\/images.epagine.fr\/192\/9782918721192_1_75.jpg","medium":"https:\/\/images.epagine.fr\/192\/9782918721192_1_m.jpg","thumbnail":"https:\/\/images.epagine.fr\/192\/9782918721192_1_v.jpg"},"orderable":true,"show_badge":true,"formatted_price":"6,00&nbsp;\u20ac","formatted_published_date":"14 septembre 2012","publisher_availability_label":"Sur commande","short_details":"Christian Picquet \u2014 ARCANE 17","translator":null,"weight":350,"page_count":45,"readership":null,"editor":"ARCANE 17","price":600,"published_date":"2012-09-13T22:00:00.000000Z","support":"Grand format","publisher_availability":1,"stock":0,"editions":[],"url":"https:\/\/quaidesbrumes.com\/ouvrage\/9782918721192\/francois-jean-marc-martine-quallons-nous-faire-de-notre-victoire"},{"id":"9782953645118","title":"L'\u00e9vasion de Delphine (la grand-m\u00e8re qui voulait marcher sur l'eau)","description":null,"authors":["Michel Flandin"],"category_codes":["1000000","1010000"],"visuals":{"large":"https:\/\/images.epagine.fr\/118\/9782953645118_1_75.jpg","medium":"https:\/\/images.epagine.fr\/118\/9782953645118_1_m.jpg","thumbnail":"https:\/\/images.epagine.fr\/118\/9782953645118_1_v.jpg"},"orderable":true,"show_badge":true,"formatted_price":"15,00&nbsp;\u20ac","formatted_published_date":"1er juillet 2010","publisher_availability_label":"Sur commande","short_details":"Michel Flandin \u2014 Les Sentiers De L'Ecume","translator":null,"weight":220,"page_count":null,"readership":null,"editor":"Les Sentiers De L'Ecume","price":1500,"published_date":"2010-06-30T22:00:00.000000Z","support":"Grand format","publisher_availability":1,"stock":0,"editions":[],"url":"https:\/\/quaidesbrumes.com\/ouvrage\/9782953645118\/levasion-de-delphine-la-grand-mere-qui-voulait-marcher-sur-leau"},{"id":"9782848194622","title":"Le bal des amis","description":"Ils \u00e9taient n\u00e9s dans la campagne profonde et, par la vertu d'un Instituteur d'exception, ils avaient explos\u00e9 \u00e0 la lumi\u00e8re. Durant cette p\u00e9riode troubl\u00e9e qu'avait \u00e9t\u00e9 la guerre, ils avaient connu de la vie les \u00e9checs, les difficult\u00e9s, les dangers, mais aussi la r\u00e9ussite et les honneurs, tout ce qui donne \u00e0 la vie son \u00e9clat. Seulement, en plus, ils avaient conserv\u00e9 intacte leur amiti\u00e9 d'enfants. Puis, la retraite arriv\u00e9e, ils avaient d\u00e9cid\u00e9 de se retrouver, une fois dans l'ann\u00e9e, dans le cadre de leurs vingt ans afin que chacun raconte un incident cach\u00e9 de son existence. La diversit\u00e9 est totale et seule, ancr\u00e9e en eux, la survivance d'une \u00e9poque exceptionnelle peut expliquer qu'au-del\u00e0 des diff\u00e9rences, ils se rencontrent avec le m\u00eame bonheur dans la lumi\u00e8re du souvenir.\r\nPhilippe Roucarie renoue avec l'amiti\u00e9 qu'il a toujours manifest\u00e9e \u00e0 l'\u00e9gard de ce monde qui a \u00e9t\u00e9 celui de sa jeunesse. Aujourd'hui, c'est \u00e0 la rencontre de ses camarades d'enfance qu'il nous m\u00e8ne avec sa disponibilit\u00e9, son humour et cette chaleur humaine qui est le sel de la vie.\r","authors":["Philippe Roucarie"],"category_codes":["1000000","1010000"],"visuals":{"large":"https:\/\/images.epagine.fr\/622\/9782848194622_1_75.jpg","medium":"https:\/\/images.epagine.fr\/622\/9782848194622_1_m.jpg","thumbnail":"https:\/\/images.epagine.fr\/622\/9782848194622_1_v.jpg"},"orderable":true,"show_badge":true,"formatted_price":"20,00&nbsp;\u20ac","formatted_published_date":"21 juin 2012","publisher_availability_label":"Sur commande","short_details":"Philippe Roucarie \u2014 CREER","translator":null,"weight":500,"page_count":210,"readership":null,"editor":"CREER","price":2000,"published_date":"2012-06-20T22:00:00.000000Z","support":"Grand format","publisher_availability":1,"stock":0,"editions":[],"url":"https:\/\/quaidesbrumes.com\/ouvrage\/9782848194622\/le-bal-des-amis"},{"id":"9782376740650","title":"Soeurs de sang ?","description":null,"authors":["Fruger Vera"],"category_codes":["1000000","1010000"],"visuals":{"large":"https:\/\/quaidesbrumes.com\/img\/book-placeholder.png","medium":"https:\/\/quaidesbrumes.com\/img\/book-placeholder.png","thumbnail":"https:\/\/quaidesbrumes.com\/img\/book-placeholder.png"},"orderable":true,"show_badge":true,"formatted_price":"15,00&nbsp;\u20ac","formatted_published_date":"18 mars 2021","publisher_availability_label":"Sur commande","short_details":"Fruger Vera \u2014 Ecrituriales","translator":null,"weight":170,"page_count":null,"readership":null,"editor":"Ecrituriales","price":1500,"published_date":"2021-03-17T23:00:00.000000Z","support":"Grand format","publisher_availability":1,"stock":0,"editions":[],"url":"https:\/\/quaidesbrumes.com\/ouvrage\/9782376740650\/soeurs-de-sang"},{"id":"9782406200499","title":"Lettres sur l'histoire de France","description":"Manifeste inaugural du renouveau de l'historiographie au XIXe si\u00e8cle, les Lettres sur l'histoire de France invitent \u00e0 ressaisir l'ensemble des si\u00e8cles pass\u00e9s \u00e0 la lumi\u00e8re de 1789. La pr\u00e9sente \u00e9dition critique redonne sa place \u00e0 ce texte novateur qui n'avait plus \u00e9t\u00e9 publi\u00e9 en int\u00e9gralit\u00e9 depuis 1884.","authors":["Augustin Thierry","Marcel Gauchet","Aude D\u00e9ruelle"],"category_codes":["1000000","1010000"],"visuals":{"large":"https:\/\/images.epagine.fr\/499\/9782406200499_1_75.jpg","medium":"https:\/\/images.epagine.fr\/499\/9782406200499_1_m.jpg","thumbnail":"https:\/\/images.epagine.fr\/499\/9782406200499_1_v.jpg"},"orderable":true,"show_badge":true,"formatted_price":"14,00&nbsp;\u20ac","formatted_published_date":"25 mars 2026","publisher_availability_label":"Sur commande","short_details":"Augustin Thierry, Marcel Gauchet, Aude D\u00e9ruelle \u2014 Classiques Garnier","translator":null,"weight":350,"page_count":388,"readership":null,"editor":"Classiques Garnier","price":1400,"published_date":"2026-03-24T23:00:00.000000Z","support":"Grand format","publisher_availability":1,"stock":0,"editions":["9782812406232","9782406164142"],"url":"https:\/\/quaidesbrumes.com\/ouvrage\/9782406200499\/lettres-sur-lhistoire-de-france"},{"id":"9782874830075","title":"Le carnet Moleskine","description":"Il arrive qu'on tourne et qu'on retourne une phrase dans sa bouche toute la journ\u00e9e, comme un noyau d'olive dirait le romancier Erri De Luca. Alors, go\u00fbtez comme sont bonnes les olives de Carl Vanwelde, et vous garderez en bouche le go\u00fbt subtil de ses petites notations tout impr\u00e9gn\u00e9es de saveurs musicales. Go\u00fbtez et voyez, car l'\u00e9criture du Carnet Moleskine se veut aussi picturale \u00e0 travers les jeux d'ombre et de lumi\u00e8re d'une photographie impressionniste qui accompagne si bien la musique des mots. J'ai toujours aim\u00e9 l'art du \u00ab si peu \u00bb, cette fa\u00e7on de saisir le \u00ab presque rien \u00bb qui traverse et parfois transfigure le quotidien le plus frugal. Et quand un m\u00e9decin offre \u00e0 ses patients une gorg\u00e9e de po\u00e9sie, il en fait, comme par magie, des \u00ab personnages \u00bb qui rejoignent nos propres histoires. Du coup, on se surprend \u00e0 inviter chez soi \u00ab l'amante endormie \u00bb, \u00ab la vieille chiromancienne\u00bb, \u00ab la dame qui faisait des r\u00e9ussites \u00bb ou \u00ab l'homme qui a perdu son job et qui a pris un chien \u00bb.\r\nUn carnet de senteurs et d'effleurements, habit\u00e9 parfois, d'un mal au dos ou d'une fi\u00e8vre au coeur, mais qui sait aussi s'habiller d'un nouveau foulard et se parfumer d'une goutte d'Yves St Laurent.\r\nGabriel Ringlet\r","authors":["Carl Vanwelde"],"category_codes":["1000000","1010000"],"visuals":{"large":"https:\/\/images.epagine.fr\/075\/9782874830075_1_75.jpg","medium":"https:\/\/images.epagine.fr\/075\/9782874830075_1_m.jpg","thumbnail":"https:\/\/images.epagine.fr\/075\/9782874830075_1_v.jpg"},"orderable":true,"show_badge":true,"formatted_price":"16,00&nbsp;\u20ac","formatted_published_date":"16 janvier 2012","publisher_availability_label":"Sur commande","short_details":"Carl Vanwelde \u2014 Eranthis","translator":null,"weight":0,"page_count":null,"readership":null,"editor":"Eranthis","price":1600,"published_date":"2012-01-15T23:00:00.000000Z","support":"Grand format","publisher_availability":1,"stock":0,"editions":[],"url":"https:\/\/quaidesbrumes.com\/ouvrage\/9782874830075\/le-carnet-moleskine"},{"id":"9782390490944","title":"Dieu, les po\u00e8tes et tous les autres","description":"Il ne faut pas consid\u00e9rer les auteurs de microfictions comme des auteurs press\u00e9s, au contraire.Faire bref prend du temps, il faut soupeser chaque phrase, \u00e9valuer chaque mot, se poser la question de la pertinence de tel adjectif, de tel adverbe.Avancer, revenir en arri\u00e8re, effacer, recommencer... quelle patience.En sp\u00e9cialiste de la gestion des d\u00e9chets, puisque c'est bien l\u00e0 son m\u00e9tier, Mathieu Jaegert sait ce que trier veut dire, il ma\u00eetrise l'art du recyclage et avant de les jeter \u00e0 la poubelle, il trouvera toujours la formule qui atteint sa cible, l'histoire qui interpelle, la chute qui fait mouche.Du grand art, je vous dis.","authors":["Mathieu Jaegert"],"category_codes":["1000000","1010000","1010100"],"visuals":{"large":"https:\/\/images.epagine.fr\/944\/9782390490944_1_75.jpg","medium":"https:\/\/images.epagine.fr\/944\/9782390490944_1_m.jpg","thumbnail":"https:\/\/images.epagine.fr\/944\/9782390490944_1_v.jpg"},"orderable":true,"show_badge":true,"formatted_price":"10,00&nbsp;\u20ac","formatted_published_date":"22 d\u00e9cembre 2023","publisher_availability_label":"Sur commande","short_details":"Mathieu Jaegert \u2014 Cactus In\u00e9branlable","translator":null,"weight":90,"page_count":72,"readership":null,"editor":"Cactus In\u00e9branlable","price":1000,"published_date":"2023-12-21T23:00:00.000000Z","support":"Grand format","publisher_availability":1,"stock":0,"editions":[],"url":"https:\/\/quaidesbrumes.com\/ouvrage\/9782390490944\/dieu-les-poetes-et-tous-les-autres"},{"id":"9782070144082","title":"Monsieur Loriot","description":"Raymond Loriot trie, classe, liste et r\u00e9pertorie sa vie qu'il range dans de petites enveloppes blanches, par cat\u00e9gorie. Il aime le bricolage, Jacques Chirac, les trains \u00e0 l'\u00e9chelle H0, l'astronomie, Dallas, le Concorde, les betteraves-oeufs mimosa, Ch\u00e2teauroux, la Toyota Celica mod\u00e8le 76, l'Am\u00e9rique. Il n'aime pas les navets, Ch\u00e2teauvallon, les mauvaises mani\u00e8res, la contradiction, les Noirs, sa femme. Un jour pourtant, malgr\u00e9 une vie impeccablement r\u00e9gl\u00e9e, monsieur Loriot dispara\u00eet. Inspir\u00e9 des souvenirs d'enfance de l'auteur, Monsieur Loriot incarne une certaine France, celle des ann\u00e9es 80, conventionnelle, raciste, nourrie de s\u00e9ries t\u00e9l\u00e9vis\u00e9es, avide de technologies nouvelles et fascin\u00e9e par l'Am\u00e9rique.","authors":["Cl\u00e9lia Anfray"],"category_codes":["1000000","1010000"],"visuals":{"large":"https:\/\/images.epagine.fr\/082\/9782070144082_1_75.jpg","medium":"https:\/\/images.epagine.fr\/082\/9782070144082_1_m.jpg","thumbnail":"https:\/\/images.epagine.fr\/082\/9782070144082_1_v.jpg"},"orderable":true,"show_badge":true,"formatted_price":"17,50&nbsp;\u20ac","formatted_published_date":"27 f\u00e9vrier 2014","publisher_availability_label":"Sur commande","short_details":"Cl\u00e9lia Anfray \u2014 Gallimard","translator":null,"weight":298,"page_count":240,"readership":null,"editor":"Gallimard","price":1750,"published_date":"2014-02-26T23:00:00.000000Z","support":"Grand format","publisher_availability":1,"stock":0,"editions":[],"url":"https:\/\/quaidesbrumes.com\/ouvrage\/9782070144082\/monsieur-loriot"},{"id":"9782355270918","title":"Crise","description":"\"Un jour j'ai d\u00e9cid\u00e9 de louer un appartement en ville.\r\nJ'\u00e9tais  mari\u00e9, vivais \u00e0 la campagne mais je savais que t\u00f4t ou tard  j'allais quitter ma femme.\" A la fois journal et r\u00e9cit  autobiographique concentr\u00e9 sur trois ann\u00e9es, Crise est comme  la face cach\u00e9e de L'ange gardien, premier roman de Bernard  Duch\u00e9. II r\u00e9v\u00e8le les \u00e9tapes par lesquelles va passer le narrateur  : coup de foudre; d\u00e9sillusion ; d\u00e9pression ; s\u00e9paration, qui vont  le conduire aux limites de la raison.\r\nEn parall\u00e8le \u00e0 ce  traumatisme amoureux, le narrateur vit aussi la mort du p\u00e8re,  la maladie d'Alzheimer de la m\u00e8re, l'effondrement du couple,  et l'exp\u00e9rience de la litt\u00e9rature comme ultime refuge. Sans  jamais tomber dans le pathos, Bernard Duch\u00e9 d\u00e9roule son r\u00e9cit  avec un humour corrosif qui ne se d\u00e9ment pas.\r","authors":["Bernard Duch\u00e9"],"category_codes":["1000000","1010000"],"visuals":{"large":"https:\/\/images.epagine.fr\/918\/9782355270918_1_75.jpg","medium":"https:\/\/images.epagine.fr\/918\/9782355270918_1_m.jpg","thumbnail":"https:\/\/images.epagine.fr\/918\/9782355270918_1_v.jpg"},"orderable":true,"show_badge":true,"formatted_price":"12,00&nbsp;\u20ac","formatted_published_date":"3 avril 2012","publisher_availability_label":"Sur commande","short_details":"Bernard Duch\u00e9 \u2014 Confluences","translator":null,"weight":155,"page_count":80,"readership":null,"editor":"Confluences","price":1200,"published_date":"2012-04-02T22:00:00.000000Z","support":"Grand format","publisher_availability":1,"stock":0,"editions":["9782355272486"],"url":"https:\/\/quaidesbrumes.com\/ouvrage\/9782355270918\/crise"},{"id":"9782953883602","title":"Envoyer\/recevoir","description":"\u00c0 cinquante-huit ans, pouss\u00e9e par ses enfants, Marianne int\u00e8gre la \u00ab\u00a0famille\u00a0\u00bb Facebook. Surgit une invitation inattendue, celle de Sven, l'amour de ses quinze ans. Se pensant prot\u00e9g\u00e9e par les sept mille kilom\u00e8tres qui les s\u00e9parent, elle entame avec lui une correspondance intime. Leur \u00e9change met Marianne face \u00e0 elle-m\u00eame, toutes ces ann\u00e9es o\u00f9 elle s'est oubli\u00e9e au passage, trop occup\u00e9e \u00e0 tisser un habit d'amour pour les siens.\r\nLes emails croisent les sc\u00e8nes de vie quotidienne, se glissent entre tchats, conf\u00e9rences t\u00e9l\u00e9phoniques, repas anim\u00e9s. A travers une galerie de personnages et leurs tranches de vie bien ancr\u00e9es dans la soci\u00e9t\u00e9 actuelle, \u00ab\u00a0envoyer \/ recevoir\u00a0\u00bb est avant tout un hommage aux liens familiaux, au courage aussi.\r","authors":["Emmanuelle Petit"],"category_codes":["1000000","1010000"],"visuals":{"large":"https:\/\/images.epagine.fr\/602\/9782953883602_1_75.jpg","medium":"https:\/\/images.epagine.fr\/602\/9782953883602_1_m.jpg","thumbnail":"https:\/\/images.epagine.fr\/602\/9782953883602_1_v.jpg"},"orderable":true,"show_badge":true,"formatted_price":"12,00&nbsp;\u20ac","formatted_published_date":"16 mars 2011","publisher_availability_label":"Sur commande","short_details":"Emmanuelle Petit \u2014 Jeanne Courtois","translator":null,"weight":287,"page_count":252,"readership":null,"editor":"Jeanne Courtois","price":1200,"published_date":"2011-03-15T23:00:00.000000Z","support":"Grand format","publisher_availability":1,"stock":0,"editions":["9782953883633"],"url":"https:\/\/quaidesbrumes.com\/ouvrage\/9782953883602\/envoyerrecevoir"},{"id":"9782363390134","title":"Un chercheur d'or","description":"\"Je poss\u00e8de une mine \u00e0 Oropos. Du mat\u00e9riau de premi\u00e8re  qualit\u00e9! Qui vaut son pesant d'or! Un terrain immense, d'une  profondeur incalculable, baign\u00e9 d'un c\u00f4t\u00e9 par la mer, je ne t'en  dis pas plus!.. Des conditions r\u00eav\u00e9es! Une mine comme il n'y  en a pas deux! C'est simple: il n'y a qu'\u00e0 se baisser, ramasser et  c'est la richesse assur\u00e9e !\" C'est par ces mots enthousiastes que  Megglidis tente d'enr\u00f4ler ses amis dans sa qu\u00eate de fortune,  dans l'exploitation de cette mine bien improbable qui l'obs\u00e8de. \r\n\r\nMais pour avoir trop voulu y croire, le pauvre Megglidis est  pass\u00e9 du r\u00eave \u00e0 la folie.\r","authors":["Mikha\u00efl Mitsakis","Gilles Ortlieb"],"category_codes":["1000000","1010000"],"visuals":{"large":"https:\/\/images.epagine.fr\/134\/9782363390134_1_75.jpg","medium":"https:\/\/images.epagine.fr\/134\/9782363390134_1_m.jpg","thumbnail":"https:\/\/images.epagine.fr\/134\/9782363390134_1_v.jpg"},"orderable":true,"show_badge":true,"formatted_price":"15,00&nbsp;\u20ac","formatted_published_date":"16 mai 2012","publisher_availability_label":"Sur commande","short_details":"Mikha\u00efl Mitsakis, Gilles Ortlieb \u2014 \u00c9ditions Finitude","translator":"GILLES ORTLIEB","weight":203,"page_count":144,"readership":null,"editor":"\u00c9ditions Finitude","price":1500,"published_date":"2012-05-15T22:00:00.000000Z","support":"Grand format","publisher_availability":1,"stock":0,"editions":[],"url":"https:\/\/quaidesbrumes.com\/ouvrage\/9782363390134\/un-chercheur-dor"},{"id":"9782915410587","title":"Anthologie de la litt\u00e9rature corse","description":null,"authors":["Ceccaldi Mathieu"],"category_codes":["1000000","1010000"],"visuals":{"large":"https:\/\/quaidesbrumes.com\/img\/book-placeholder.png","medium":"https:\/\/quaidesbrumes.com\/img\/book-placeholder.png","thumbnail":"https:\/\/quaidesbrumes.com\/img\/book-placeholder.png"},"orderable":true,"show_badge":true,"formatted_price":"28,00&nbsp;\u20ac","formatted_published_date":"1er mars 2008","publisher_availability_label":"Sur commande","short_details":"Ceccaldi Mathieu \u2014 Alain Piazzola","translator":null,"weight":1250,"page_count":null,"readership":null,"editor":"Alain Piazzola","price":2800,"published_date":"2008-02-29T23:00:00.000000Z","support":"Grand format","publisher_availability":1,"stock":0,"editions":[],"url":"https:\/\/quaidesbrumes.com\/ouvrage\/9782915410587\/anthologie-de-la-litterature-corse"}]}