{"data":[{"id":"9782070137848","title":"L'odeur de la ville mouill\u00e9e","description":"D\u00e9couvrez L'odeur de la ville mouill\u00e9e, le livre de Marie Causse. Les protagonistes de ces dix-sept nouvelles sont \u00e0 des  moments particuliers de leur vie : une demande en mariage qui  n?a pas lieu, une femme qui danse le tango avec un homme  alors qu?elle pense \u00e0 un autre, une vieille dame qui repense \u00e0  son amour de jeunesse, un pr\u00e9sentateur m\u00e9t\u00e9o souffrant de  d\u00e9pression saisonni\u00e8re, une jeune fille qui essaie de s?habituer  \u00e0 la pr\u00e9sence d?une araign\u00e9e dans son appartement? Tous ces  personnages se sont peut-\u00eatre d\u00e9j\u00e0 crois\u00e9s, ou ont tout  simplement respir\u00e9 les m\u00eames effluves, frissonn\u00e9 sous la  m\u00eame pluie ; et cette odeur de la ville mouill\u00e9e les renvoie \u00e0  des souvenirs, les enivre, et leur donne l?espoir de lendemains  meilleurs, une fois la ville lav\u00e9e. Marie Causse raconte ces  trag\u00e9dies minuscules et secr\u00e8tes, d\u00e9voilant ainsi une humanit\u00e9  silencieuse aux prises avec ses tracasseries ordinaires, ses  joies, et ses petits plaisirs.\r","authors":["Marie Causse"],"category_codes":["1000000","1010000"],"visuals":{"large":"https:\/\/images.epagine.fr\/848\/9782070137848_1_75.jpg","medium":"https:\/\/images.epagine.fr\/848\/9782070137848_1_m.jpg","thumbnail":"https:\/\/images.epagine.fr\/848\/9782070137848_1_v.jpg"},"orderable":true,"show_badge":true,"formatted_price":"13,90&nbsp;\u20ac","formatted_published_date":"7 mai 2012","publisher_availability_label":"Sur commande","short_details":"Marie Causse \u2014 Gallimard","translator":null,"weight":163,"page_count":176,"readership":null,"editor":"Gallimard","price":1390,"published_date":"2012-05-06T22:00:00.000000Z","support":"Grand format","publisher_availability":1,"stock":0,"editions":[],"url":"https:\/\/quaidesbrumes.com\/ouvrage\/9782070137848\/lodeur-de-la-ville-mouillee"},{"id":"9782709626330","title":"L'Honneur des Hautefort","description":"Paris, 1636. Louis XIII, roi misanthrope et complex\u00e9, trompe son ennui par une amiti\u00e9 amoureuse avec la belle Marie de Hautefort, surnomm\u00e9e Aurore. Situation platonique qui convient \u00e0 cette derni\u00e8re, qui privil\u00e9gie la galanterie de l'esprit. Pour distraire son roi, elle lui raconte la t\u00e9n\u00e9breuse histoire de sa tante \u00e9ponyme, survenue trente ans auparavant\r\nP\u00e9rigord, 1605. Henri Bouysse, juge au tribunal de Sarlat, enqu\u00eate sur l'assassinat de Marguerite de Calvimont, \u00e9trangl\u00e9e dans son ch\u00e2teau de L'Herm. La culpabilit\u00e9 de son mari, Fran\u00e7ois de Calvimont, ne fait plus de doutes lorsqu'il \u00e9pouse sa sulfureuse ma\u00eetresse Marie de Hautefort. Mais en r\u00e9alit\u00e9, Anne d'Abzac, m\u00e8re de Marguerite, est complice du meurtre. Homme scrupuleux et \u00e9pris de justice, Henri affronte les trois grandes familles (Abzac, Calvimont et Hautefort) qui s'entretuent pour la possession du fief de l'Hern\r\nLes deux histoires se rejoignent lorsque Aurore va devoir intervenir dans le pass\u00e9 criminel de sa tante. Ce qui \u00e9tait devenu l\u00e9gende pour distraire le souverain, va lui sauter au visage et ruiner son cr\u00e9dit \u00e0 la cour","authors":["Jean-Luc Aubarbier"],"category_codes":["1000000","1010000"],"visuals":{"large":"https:\/\/images.epagine.fr\/330\/9782709626330_1_75.jpg","medium":"https:\/\/images.epagine.fr\/330\/9782709626330_1_m.jpg","thumbnail":"https:\/\/images.epagine.fr\/330\/9782709626330_1_v.jpg"},"orderable":true,"show_badge":true,"formatted_price":"20,00&nbsp;\u20ac","formatted_published_date":"15 septembre 2004","publisher_availability_label":"Sur commande","short_details":"Jean-Luc Aubarbier \u2014 JC Latt\u00e8s","translator":null,"weight":267,"page_count":200,"readership":null,"editor":"JC Latt\u00e8s","price":2000,"published_date":"2004-09-14T22:00:00.000000Z","support":"Grand format","publisher_availability":1,"stock":0,"editions":[],"url":"https:\/\/quaidesbrumes.com\/ouvrage\/9782709626330\/lhonneur-des-hautefort"},{"id":"9782343034133","title":"La petite cuisine","description":"Roger, le protagoniste du r\u00e9cit, vit dans son village natal qui a fa\u00e7onn\u00e9 tout son paysage mental. Au coeur de la solitude, il y a un kal\u00e9idoscope de personnages qui convoquent des \u00e9poques et des \u00e9motions multiples. Pourtant, ce sont toujours les m\u00eames moteurs, les m\u00eames d\u00e9sirs, qui agitent l'esp\u00e8ce humaine.\r","authors":["Elisabeth Martinez-Bruncher"],"category_codes":["1000000","1010000"],"visuals":{"large":"https:\/\/images.epagine.fr\/133\/9782343034133_1_75.jpg","medium":"https:\/\/images.epagine.fr\/133\/9782343034133_1_m.jpg","thumbnail":"https:\/\/images.epagine.fr\/133\/9782343034133_1_v.jpg"},"orderable":true,"show_badge":true,"formatted_price":"13,50&nbsp;\u20ac","formatted_published_date":"14 avril 2014","publisher_availability_label":"Sur commande","short_details":"Elisabeth Martinez-Bruncher \u2014 \u00c9ditions L'Harmattan","translator":null,"weight":145,"page_count":112,"readership":null,"editor":"\u00c9ditions L'Harmattan","price":1350,"published_date":"2014-04-13T22:00:00.000000Z","support":"Grand format","publisher_availability":1,"stock":0,"editions":[],"url":"https:\/\/quaidesbrumes.com\/ouvrage\/9782343034133\/la-petite-cuisine"},{"id":"9782750901936","title":"Journal d'un enfant de troupe","description":"1950. Yvon Collin int\u00e8gre la sixi\u00e8me de l'\u00e9cole d'Enfants de Troupe de Billom, dans le Puy de D\u00f4me, un des quatorze \u00e9tablissements scolaires en France (dont trois en Indochine et Alg\u00e9rie) o\u00f9 l'encadrement est assur\u00e9 par des militaires. \r\nAu fil des pages, l'auteur d\u00e9crit la discipline, la rigueur de l'\u00e9ducation, tant sur le plan moral et intellectuel que physique. Il passe en revue ses \u00ab gal\u00e8res \u00bb, mais aussi ses joies et l'esprit de camaraderie et de solidarit\u00e9 forg\u00e9 au cours de ces ann\u00e9es inoubliables. Des valeurs loin de se limiter aux murs de la \u00ab caserne \u00bb et qui, selon lui, guideront chaque \u00e9l\u00e8ve tout au long de sa vie. \r\nDes histoires belles ou cruelles, dr\u00f4les ou path\u00e9tiques, qui \u00e9tonnent, scandalisent ou \u00e9merveillent. Des histoires historiques aussi parce que, depuis 1963, les Enfants de Troupe n'existent plus - et ont \u00e9t\u00e9 remplac\u00e9s par cinq coll\u00e8ges et lyc\u00e9es militaires (Autun, Aix-en-Provence, Saint-Cyr l'\u00c9cole, La Fl\u00e8che et Grenoble). \r\nUn t\u00e9moignage sinc\u00e8re et saisissant qui donne une image plus positive de ces tout jeunes militaires que celle parfois v\u00e9hicul\u00e9e.","authors":["Yvon Collin"],"category_codes":["9000000","9050000","9050200","9050205"],"visuals":{"large":"https:\/\/images.epagine.fr\/936\/9782750901936_1_75.jpg","medium":"https:\/\/images.epagine.fr\/936\/9782750901936_1_m.jpg","thumbnail":"https:\/\/images.epagine.fr\/936\/9782750901936_1_v.jpg"},"orderable":true,"show_badge":true,"formatted_price":"26,00&nbsp;\u20ac","formatted_published_date":"5 avril 2007","publisher_availability_label":"Sur commande","short_details":"Yvon Collin \u2014 Presses De La Renaissance","translator":null,"weight":388,"page_count":292,"readership":null,"editor":"Presses De La Renaissance","price":2600,"published_date":"2007-04-04T22:00:00.000000Z","support":"Grand format","publisher_availability":1,"stock":0,"editions":[],"url":"https:\/\/quaidesbrumes.com\/ouvrage\/9782750901936\/journal-dun-enfant-de-troupe"},{"id":"9782359626629","title":"La vie en bleu","description":"L'harmonie est-elle de ce monde ? Certains la cherchent dans le timbre d'un violon solitaire, d'autres l'imaginent dans des concertos italiens, de sensuelles valses \u00e0 trois temps ou le staccato tr\u00e9pidant d'une grosse cylindr\u00e9e am\u00e9ricaine. Des esprits tourment\u00e9s privil\u00e9gieront le silence, sous la forme d'une alarme qui cesse de vriller les oreilles, des acouph\u00e8nes qui ne mart\u00e8lent plus l'esprit. Ou une couleur, pourquoi pas le bleu ?\r\nEt vous ? Au travers de douze nouvelles, nous vous invitons \u00e0 d\u00e9couvrir les r\u00e9ponses de ces h\u00e9ros contemporains.\r","authors":["Jean-fran\u00e7ois Thiery"],"category_codes":["1000000","1010000"],"visuals":{"large":"https:\/\/images.epagine.fr\/629\/9782359626629_1_75.jpg","medium":"https:\/\/images.epagine.fr\/629\/9782359626629_1_m.jpg","thumbnail":"https:\/\/images.epagine.fr\/629\/9782359626629_1_v.jpg"},"orderable":true,"show_badge":true,"formatted_price":"10,00&nbsp;\u20ac","formatted_published_date":"4 novembre 2014","publisher_availability_label":"Sur commande","short_details":"Jean-fran\u00e7ois Thiery \u2014 Ex Aequo","translator":null,"weight":148,"page_count":null,"readership":null,"editor":"Ex Aequo","price":1000,"published_date":"2014-11-03T23:00:00.000000Z","support":"Grand format","publisher_availability":1,"stock":0,"editions":[],"url":"https:\/\/quaidesbrumes.com\/ouvrage\/9782359626629\/la-vie-en-bleu"},{"id":"9782915018264","title":"Constellation","description":"Roman mosa\u00efque, constellation raconte l'europe d'aujourd'hui \u00e0 travers les destin\u00e9es d'un petit groupe de personnages \u00e9voluant dans les sph\u00e8res du pouvoir.\r\n Entre france, allemagne et benelux, ils forment comme un archipel de voix singuli\u00e8res, s'interpellant et se prenant \u00e0 partie d'une capitale \u00e0 l'autre. tel un duo franco-allemand d\u00e9r\u00e9gl\u00e9, emmanuel t et stein sont l'oeil de ce cyclone transfrontalier, en discorde avec carla et isabel m, femmes de t\u00eate rivales, comme avec subor, l'homme de r\u00e9seau pragmatique, frau, l'ambigu, ou neuman, le vieux ma\u00eetre tut\u00e9laire.\r\n Vivant dans une tension constante \u00e0 l'extraterritorialit\u00e9, chacun est travaill\u00e9 par la question du supranational : ainsi en va-t-il d'un jeu d'alliances strat\u00e9giques aussi bien qu'\u00e9rotiques. qui est donc cette jeune interpr\u00e8te, figure quasi mythique et irr\u00e9elle, qui hante emmanuel t et stein au point de personnifier leur fantasme \u00e0 la fois intime et politique. ouvrage r\u00e9solument singulier, constellation esquisse une vue en coupe des milieux politiques europ\u00e9ens \u00e0 la manoeuvre en osant une fiction incarn\u00e9e - le concert des nations, c'est vivant, sexuel, pulsionnel.\r\n Et montre la mutation \u00e0 l'oeuvre depuis cinquante ans.\r","authors":["Alain Lacroix"],"category_codes":["1000000","1010000"],"visuals":{"large":"https:\/\/images.epagine.fr\/264\/9782915018264_1_75.jpg","medium":"https:\/\/images.epagine.fr\/264\/9782915018264_1_m.jpg","thumbnail":"https:\/\/images.epagine.fr\/264\/9782915018264_1_v.jpg"},"orderable":true,"show_badge":true,"formatted_price":"20,00&nbsp;\u20ac","formatted_published_date":"6 f\u00e9vrier 2008","publisher_availability_label":"Sur commande","short_details":"Alain Lacroix \u2014 Quidam \u00c9diteur","translator":null,"weight":384,"page_count":299,"readership":null,"editor":"Quidam \u00c9diteur","price":2000,"published_date":"2008-02-05T23:00:00.000000Z","support":"Grand format","publisher_availability":1,"stock":0,"editions":[],"url":"https:\/\/quaidesbrumes.com\/ouvrage\/9782915018264\/constellation"},{"id":"9782343028040","title":"R\u00e9cits d'enfance et contes","description":"\"Simon lui-m\u00eame \u00e9coutait avec int\u00e9r\u00eat ses propres histoires, et m\u00eame si, pour de vrai, il n'avait pas de maison en fer et qu'il n'\u00e9tait pas tsar pour les loups la nuit, en r\u00e9alit\u00e9, il \u00e9tait content de ses affabulations. La bouche ouverte, oubliant de cligner des yeux, les fr\u00e8res regardaient Simon comme un homme sup\u00e9rieur et terrible.\" Tels les petits fr\u00e8res de Simon, les lecteurs se laissent entra\u00eener par ces contes de la vie d'Andre\u00ef Platonov et sillonnent avec lui sa \"Patrie de l'enfance\", \u00e9trangement famili\u00e8re.\r","authors":["Andre\u00ef Platonov","Carole Hardouin"],"category_codes":["1000000","1010000"],"visuals":{"large":"https:\/\/images.epagine.fr\/040\/9782343028040_1_75.jpg","medium":"https:\/\/images.epagine.fr\/040\/9782343028040_1_m.jpg","thumbnail":"https:\/\/images.epagine.fr\/040\/9782343028040_1_v.jpg"},"orderable":true,"show_badge":true,"formatted_price":"20,00&nbsp;\u20ac","formatted_published_date":"17 avril 2014","publisher_availability_label":"Sur commande","short_details":"Andre\u00ef Platonov, Carole Hardouin \u2014 \u00c9ditions L'Harmattan","translator":"CAROLE HARDOUIN","weight":225,"page_count":184,"readership":null,"editor":"\u00c9ditions L'Harmattan","price":2000,"published_date":"2014-04-16T22:00:00.000000Z","support":"Grand format","publisher_availability":1,"stock":0,"editions":[],"url":"https:\/\/quaidesbrumes.com\/ouvrage\/9782343028040\/recits-denfance-et-contes"},{"id":"9782917738740","title":"Rouge majeur","description":"Le 5 mars 1955, Nicolas de Sta\u00ebl assiste \u00e0 un concert au th\u00e9\u00e2tre Marigny, \u00e0 Paris. Fascin\u00e9 par la musique d'Anton Webern, il d\u00e9cide d'en peindre le contrepoint. Dix jours plus tard, il se jette par la fen\u00eatre de son atelier. Pourquoi un artiste jeune, s\u00e9duisant, au fa\u00eete de sa gloire met-il fin \u00e0 ses jours ? Le narrateur, Jack Tiberton, journaliste au Washington Tribune, est le seul \u00e0 conna\u00eetre la v\u00e9rit\u00e9 car, pendant ces dix jours, il \u00e9tait l\u00e0.\r\nIl a tout vu, tout entendu et surtout tout not\u00e9. Le roman de Denis Labayle m\u00e8ne le lecteur au coeur de la cr\u00e9ation, l\u00e0 o\u00f9 l'\u00e9motion jaillit, comme ce rouge incandescent choisi par Nicolas de Sta\u00ebl pour fond de ce dernier tableau intitul\u00e9 Le Concert. Un voyage dans l'avant-garde artistique des ann\u00e9es cinquante, une r\u00e9flexion passionnante sur la cr\u00e9ation, le cr\u00e9ateur et ses doutes, la solitude de l'artiste qui cherche au-del\u00e0 de l'horizon.\r\nDix jours fictifs, possibles, qui font revivre cet \u00e9nigmatique personnage, l'un des plus talentueux peintres de la France d'apr\u00e8s-guerre, Nicolas de Sta\u00ebl.\r","authors":["Denis Labayle"],"category_codes":["1000000","1010000"],"visuals":{"large":"https:\/\/images.epagine.fr\/740\/9782917738740_1_75.jpg","medium":"https:\/\/images.epagine.fr\/740\/9782917738740_1_m.jpg","thumbnail":"https:\/\/images.epagine.fr\/740\/9782917738740_1_v.jpg"},"orderable":true,"show_badge":true,"formatted_price":"8,90&nbsp;\u20ac","formatted_published_date":"17 mars 2020","publisher_availability_label":"Sur commande","short_details":"Denis Labayle \u2014 Synchronique \u00c9ditions","translator":null,"weight":159,"page_count":187,"readership":null,"editor":"Synchronique \u00c9ditions","price":890,"published_date":"2020-03-16T23:00:00.000000Z","support":"Poche","publisher_availability":1,"stock":0,"editions":[],"url":"https:\/\/quaidesbrumes.com\/ouvrage\/9782917738740\/rouge-majeur"},{"id":"9782343022529","title":"Parfums de l'\u00e2me et autres feux follets ; concours litt\u00e9raire de la nouvelle George Sand (9e \u00e9dition)","description":"Au long de ces pages, les auteures ouvrent au lecteur un imaginaire dont il n'est jamais certain de ressortir intact... Cinq nouvelles, distingu\u00e9es par le jury comme autant de perles parmi cent cinquante-cinq textes souvent de grande qualit\u00e9, composent ce recueil de l'\u00e9dition 2013 du concours de la Nouvelle George Sand, dont le th\u00e8me \u00e9tait \"Je me souviens\".\r","authors":["Fabrice Bonardi"],"category_codes":["1000000","1010000"],"visuals":{"large":"https:\/\/images.epagine.fr\/529\/9782343022529_1_75.jpg","medium":"https:\/\/images.epagine.fr\/529\/9782343022529_1_m.jpg","thumbnail":"https:\/\/images.epagine.fr\/529\/9782343022529_1_v.jpg"},"orderable":true,"show_badge":true,"formatted_price":"12,50&nbsp;\u20ac","formatted_published_date":"22 mai 2014","publisher_availability_label":"Sur commande","short_details":"Fabrice Bonardi \u2014 \u00c9ditions L'Harmattan","translator":null,"weight":105,"page_count":76,"readership":null,"editor":"\u00c9ditions L'Harmattan","price":1250,"published_date":"2014-05-21T22:00:00.000000Z","support":"Grand format","publisher_availability":1,"stock":0,"editions":[],"url":"https:\/\/quaidesbrumes.com\/ouvrage\/9782343022529\/parfums-de-lame-et-autres-feux-follets-concours-litteraire-de-la-nouvelle-george-sand-9e-edition"},{"id":"9782841119530","title":"Un homme ordinaire","description":"\" Tu souffrais dans ta chair, dans tes muscles, d'un travail de damn\u00e9, qu'en \u00e9tait-il des souffrances de ton \u00e2me ? Tes regards d'\u00e9pagneul me disaient que tu ne souff rais de rien. Jamais je n'ai pu, ou voulu entrevoir, ce que dissimulaient tant de silences. \"","authors":["Yves Simon"],"category_codes":["1000000","1010000"],"visuals":{"large":"https:\/\/images.epagine.fr\/530\/9782841119530_1_75.jpg","medium":"https:\/\/images.epagine.fr\/530\/9782841119530_1_m.jpg","thumbnail":"https:\/\/images.epagine.fr\/530\/9782841119530_1_v.jpg"},"orderable":true,"show_badge":true,"formatted_price":"8,00&nbsp;\u20ac","formatted_published_date":"15 juin 2017","publisher_availability_label":"Sur commande","short_details":"Yves Simon \u2014 NIL","translator":null,"weight":76,"page_count":96,"readership":null,"editor":"NIL","price":800,"published_date":"2017-06-14T22:00:00.000000Z","support":"Grand format","publisher_availability":1,"stock":0,"editions":[],"url":"https:\/\/quaidesbrumes.com\/ouvrage\/9782841119530\/un-homme-ordinaire"},{"id":"9782851946041","title":"Apprentissage de Paris","description":"Ce texte command\u00e9 \u00e0 l'auteur vient \u00e0 notre catalogue, aux c\u00f4t\u00e9s des errances de Fargue, de celles de R\u00e9da, et du Petit guide du XVe arrondissement \u00e0 l'usage des fant\u00f4mes de Caillois lui-m\u00eame, compl\u00e9ter le portrait aigu d'une capitale \u00e0 la lisi\u00e8re des grosses mutations. Ce voyage de la banlieue vers le centre est bel et bien celui d'une d\u00e9couverte, volontaire, insatiable et de longue haleine : Le souvenir lancinant d'une ville, un rapide voyage ne suffit pas pour l'ensemencer : il faut qu'il devienne ins\u00e9parable de soi-m\u00eame par une lente d\u00e9couverte qui enrichisse une existence presque enti\u00e8re.","authors":["Roger Caillois","Andr\u00e9 Rouveyre"],"category_codes":["1000000","1010000"],"visuals":{"large":"https:\/\/images.epagine.fr\/041\/9782851946041_1_75.jpg","medium":"https:\/\/images.epagine.fr\/041\/9782851946041_1_m.jpg","thumbnail":"https:\/\/images.epagine.fr\/041\/9782851946041_1_v.jpg"},"orderable":true,"show_badge":true,"formatted_price":"13,00&nbsp;\u20ac","formatted_published_date":"12 avril 2004","publisher_availability_label":"Sur commande","short_details":"Roger Caillois, Andr\u00e9 Rouveyre \u2014 \u00c9ditions Fata Morgana","translator":null,"weight":80,"page_count":null,"readership":null,"editor":"\u00c9ditions Fata Morgana","price":1300,"published_date":"2004-04-11T22:00:00.000000Z","support":"Grand format","publisher_availability":1,"stock":0,"editions":[],"url":"https:\/\/quaidesbrumes.com\/ouvrage\/9782851946041\/apprentissage-de-paris"},{"id":"9782814595941","title":"Refuge sacr\u00e9","description":"Cathie Barreau m\u00e8ne depuis longtemps son oeuvre d'\u00e9crivain en parall\u00e8le d'une forte implication dans le domaine des ateliers d'\u00e9criture.\r\nUne r\u00e9sidence d'\u00e9crivain, c'est avant tout un partage. Un fragment complexe de r\u00e9el, avec toutes ses contradictions humaines et ses \u00e9motions, et l'intervention de l'auteur, le jeu permanent de miroir qu'induisent ses textes, d\u00e9stabilise la donne. Pour l'\u00e9crivain, en retour, litt\u00e9ralement une mise au monde\u00a0: son exp\u00e9rience dans la langue est au travail dans ce r\u00e9el m\u00eame, invisible sinon.\r\nVille-\u00c9vrard est un des plus grands \u00e9tablissements psychiatriques de l'\u00eele de France. Il a accueilli quelques patients c\u00e9l\u00e8bres, dont Camille Claudel et Antonin Artaud bien s\u00fbr. L'\u00e9quipe de soignants y a d\u00e9j\u00e0 accueilli, ces derni\u00e8res ann\u00e9es, d'autres \u00e9crivains.\r\nD\u00e8s le d\u00e9part de cette r\u00e9sidence, Cathie Barreau annonce sa forme\u00a0: un journal de voyages. Le voyage qu'elle fait de Nantes \u00e0 l'h\u00f4pital. Le voyage qui s'\u00e9tablit, de visite en viste, entre elle et les patients qui \u00e9crivent. Journal qui m\u00eale le retour sur soi \u00e0 l'observation directe, des paysages, des lieux, des choses. Et bien s\u00fbr les paroles, le trouble des paroles, l'intensit\u00e9 des relations mises en travail, c\u00f4t\u00e9 patients, c\u00f4t\u00e9 accompagnants, c\u00f4t\u00e9 soignants.\r\nAu terme du livre,  ce choeur \u00e9trange et sauvage, si humainement juste, o\u00f9 les voix des patients, des soignants et celle de l'\u00e9crivain m\u00eame resurgissent dans le lieu m\u00eame qui les a fait sourdre. Il s'agit bien, il s'agit seulement, de litt\u00e9rature. Celle qui nous ouvre au monde, l\u00e0 o\u00f9 les mots n'\u00e9taient pas encore. Elle est chemin, exp\u00e9rience, assaut.\r","authors":["Cathie Barreau"],"category_codes":["1000000","1010000"],"visuals":{"large":"https:\/\/images.epagine.fr\/941\/9782814595941_1_75.jpg","medium":"https:\/\/images.epagine.fr\/941\/9782814595941_1_m.jpg","thumbnail":"https:\/\/images.epagine.fr\/941\/9782814595941_1_v.jpg"},"orderable":true,"show_badge":true,"formatted_price":"15,98&nbsp;\u20ac","formatted_published_date":"6 septembre 2012","publisher_availability_label":"Sur commande","short_details":"Cathie Barreau \u2014 Publie.Net","translator":null,"weight":269,"page_count":228,"readership":null,"editor":"Publie.Net","price":1598,"published_date":"2012-09-05T22:00:00.000000Z","support":"Grand format","publisher_availability":1,"stock":0,"editions":[],"url":"https:\/\/quaidesbrumes.com\/ouvrage\/9782814595941\/refuge-sacre"},{"id":"9782876736306","title":"Monologue","description":"A partir d'une trag\u00e9die intime (une jeune fille meurt dans un accident de voiture sur les routes de l'Angleterre), quatre voix prennent la parole pour entreprendre de raconter, et pour dire \u00e0 leur mani\u00e8re la douleur : la morte elle-m\u00eame (monologue de Godeleine), son p\u00e8re (monologue du p\u00e8re), sa m\u00e8re (monologue de la m\u00e8re) et son petit fr\u00e8re (monologue de ludo) qui plus jamais ne sortira de ses sept ans. Monologue et non monologues :\r\nChaque voix se dit \u00e0 travers une voix ; si elles se nouent, c'est par leur silence\r","authors":["Ludovic Degroote"],"category_codes":["1000000","1010000"],"visuals":{"large":"https:\/\/images.epagine.fr\/306\/9782876736306_1_75.jpg","medium":"https:\/\/images.epagine.fr\/306\/9782876736306_1_m.jpg","thumbnail":"https:\/\/images.epagine.fr\/306\/9782876736306_1_v.jpg"},"orderable":true,"show_badge":true,"formatted_price":"11,50&nbsp;\u20ac","formatted_published_date":"20 novembre 2012","publisher_availability_label":"Sur commande","short_details":"Ludovic Degroote \u2014 CHAMP VALLON","translator":null,"weight":130,"page_count":96,"readership":null,"editor":"CHAMP VALLON","price":1150,"published_date":"2012-11-19T23:00:00.000000Z","support":"Grand format","publisher_availability":1,"stock":0,"editions":[],"url":"https:\/\/quaidesbrumes.com\/ouvrage\/9782876736306\/monologue"},{"id":"9782491580032","title":"Elle \u00e9tait si jolie...","description":"L\u00e9na \u00e9l\u00e8ve seule seule sa petite Ana, \u00e2g\u00e9e de 6 mois. Au milieu de la nuit, alors qu'elles dorment paisiblement, une ombre escalade la fa\u00e7ade de leur immeuble et force la baie vitr\u00e9e de leur appartement parisien. Au r\u00e9veil, la maman se dirige vers la chambre de son b\u00e9b\u00e9 mais voil\u00e0, le lit est vide... Ana a \u00e9t\u00e9 enlev\u00e9e.\r","authors":["Nicolas Carteron"],"category_codes":["1000000","1010000"],"visuals":{"large":"https:\/\/images.epagine.fr\/032\/9782491580032_1_75.jpg","medium":"https:\/\/images.epagine.fr\/032\/9782491580032_1_m.jpg","thumbnail":"https:\/\/images.epagine.fr\/032\/9782491580032_1_v.jpg"},"orderable":true,"show_badge":true,"formatted_price":"7,90&nbsp;\u20ac","formatted_published_date":"20 novembre 2019","publisher_availability_label":"Sur commande","short_details":"Nicolas Carteron \u2014 Thaneot","translator":null,"weight":250,"page_count":null,"readership":null,"editor":"Thaneot","price":790,"published_date":"2019-11-19T23:00:00.000000Z","support":"Poche","publisher_availability":1,"stock":0,"editions":[],"url":"https:\/\/quaidesbrumes.com\/ouvrage\/9782491580032\/elle-etait-si-jolie"},{"id":"9782343031941","title":"Ma\u00efotte ; roman martiniquais in\u00e9dit","description":"Ma\u00efotte d\u00e9crit avec truculence l'intimit\u00e9 de l'aristocratie blanche de Saint-Pierre. Alternant burlesque et tragique, cette histoire d\u00e9voile sa mentalit\u00e9 \u00e0 travers ses interactions avec les domestiques noirs et les \u00e9trangers \u00e0 l'\u00eele. Jenny Manet \u00e9voque le mieux le g\u00e9nie et l'esprit du pays et de la culture de l'\u00e9poque. Dans Ma\u00efotte, les descriptions \" ethnographiques \" du spiritisme ou du quimbois, du carnaval ou encore des marchandes, soulignent la richesse et la complexit\u00e9 de cette fin de si\u00e8cle.\r","authors":["Jenny Mannet"],"category_codes":["1000000","1010000"],"visuals":{"large":"https:\/\/images.epagine.fr\/941\/9782343031941_1_75.jpg","medium":"https:\/\/images.epagine.fr\/941\/9782343031941_1_m.jpg","thumbnail":"https:\/\/images.epagine.fr\/941\/9782343031941_1_v.jpg"},"orderable":true,"show_badge":true,"formatted_price":"27,00&nbsp;\u20ac","formatted_published_date":"18 avril 2014","publisher_availability_label":"Sur commande","short_details":"Jenny Mannet \u2014 \u00c9ditions L'Harmattan","translator":null,"weight":310,"page_count":212,"readership":null,"editor":"\u00c9ditions L'Harmattan","price":2700,"published_date":"2014-04-17T22:00:00.000000Z","support":"Grand format","publisher_availability":1,"stock":0,"editions":[],"url":"https:\/\/quaidesbrumes.com\/ouvrage\/9782343031941\/maiotte-roman-martiniquais-inedit"},{"id":"9782760937109","title":"Patchouli","description":"L'univers est trop petit et trop grand pour Patchouli, qui voudrait tant pouvoir donner un sens \u00e0 toutes ces choses qui n'en ont pas. N\u00e9e de parents hippies qui lui faisaient l'\u00e9cole dans un Winnebago bariol\u00e9, elle a eu une enfance heureuse, insouciante. Mais aujourd'hui, son p\u00e8re est parti, sa m\u00e8re se meurt dans une chambre d'h\u00f4pital, et Patchouli est seule au monde, seule avec ses souvenirs de voyages et ses peurs.","authors":["Lazzaroni Sara"],"category_codes":["1000000","1010000"],"visuals":{"large":"https:\/\/images.epagine.fr\/109\/9782760937109_1_75.jpg","medium":"https:\/\/images.epagine.fr\/109\/9782760937109_1_m.jpg","thumbnail":"https:\/\/images.epagine.fr\/109\/9782760937109_1_v.jpg"},"orderable":true,"show_badge":true,"formatted_price":"10,00&nbsp;\u20ac","formatted_published_date":"1er mai 2023","publisher_availability_label":"Sur commande","short_details":"Lazzaroni Sara \u2014 Lemeac","translator":null,"weight":201,"page_count":128,"readership":null,"editor":"Lemeac","price":1000,"published_date":"2023-04-30T22:00:00.000000Z","support":"Poche","publisher_availability":1,"stock":0,"editions":[],"url":"https:\/\/quaidesbrumes.com\/ouvrage\/9782760937109\/patchouli"},{"id":"9782368922699","title":"Mon confident de pierre","description":null,"authors":["Patricia Qu\u00e9ran"],"category_codes":["1000000","1010000"],"visuals":{"large":"https:\/\/quaidesbrumes.com\/img\/book-placeholder.png","medium":"https:\/\/quaidesbrumes.com\/img\/book-placeholder.png","thumbnail":"https:\/\/quaidesbrumes.com\/img\/book-placeholder.png"},"orderable":true,"show_badge":true,"formatted_price":"10,00&nbsp;\u20ac","formatted_published_date":"4 juin 2016","publisher_availability_label":"Sur commande","short_details":"Patricia Qu\u00e9ran \u2014 L'Ivre Book","translator":null,"weight":187,"page_count":null,"readership":null,"editor":"L'Ivre Book","price":1000,"published_date":"2016-06-03T22:00:00.000000Z","support":"Grand format","publisher_availability":1,"stock":0,"editions":[],"url":"https:\/\/quaidesbrumes.com\/ouvrage\/9782368922699\/mon-confident-de-pierre"},{"id":"9782848864686","title":"Un d\u00e9part sans adieux","description":"Nicolas d\u00e9barque en gare d'Austerlitz dans la soir\u00e9e. Il a eu tout le temps de ruminer les \u00e9v\u00e9nements du jour. Encore une fois, la volont\u00e9 de sa m\u00e8re a triomph\u00e9. Il regrettait am\u00e8rement de ne pas avoir pu parler seul avec son p\u00e8re, d'homme \u00e0 homme. Il s'en voulait de sa couardise. Il n'avait m\u00eame pas cherch\u00e9 \u00e0 rencontrer Madeleine. Pour tous, \u00e0 la Fourcade, il passera pour un salaud qui aura fui pour ne pas assumer sa paternit\u00e9. Certes, il ne voulait pas devenir paysan et avait toujours r\u00eav\u00e9 de monter \u00e0 Paris. Mais jamais dans ces conditions ! \r\nSi le sort semble avoir scell\u00e9 son destin, certaines rencontres d\u00e9terminantes rebattront toutes les cartes. Nicolas saura-t-il tout mettre en oeuvre pour recouvrer son honneur, atteindre la s\u00e9r\u00e9nit\u00e9 et d\u00e9couvrir le bonheur, voire l'amour ?  \r\n\r\nL'univers de Jean-Pierre Bonnet s'enracine dans les histoires de famille, les secrets et les passions qui les traversent. On y c\u00f4toie une galerie de personnages, authentiques et attachants, \u00e9cartel\u00e9s entre orgueil, raison et surtout sentiments. Un cocktail d'\u00e9motions !\r","authors":["Jean-Pierre Bonnet"],"category_codes":["1000000","1010000"],"visuals":{"large":"https:\/\/images.epagine.fr\/686\/9782848864686_1_75.jpg","medium":"https:\/\/images.epagine.fr\/686\/9782848864686_1_m.jpg","thumbnail":"https:\/\/images.epagine.fr\/686\/9782848864686_1_v.jpg"},"orderable":true,"show_badge":true,"formatted_price":"18,50&nbsp;\u20ac","formatted_published_date":"11 septembre 2014","publisher_availability_label":"Sur commande","short_details":"Jean-Pierre Bonnet \u2014 LUCIEN SOUNY","translator":null,"weight":377,"page_count":2400,"readership":null,"editor":"LUCIEN SOUNY","price":1850,"published_date":"2014-09-10T22:00:00.000000Z","support":"Grand format","publisher_availability":1,"stock":0,"editions":[],"url":"https:\/\/quaidesbrumes.com\/ouvrage\/9782848864686\/un-depart-sans-adieux"},{"id":"9782874493188","title":"Hanska","description":"\u00ab Qui suis-je ? \u00bb La question est banale, mais les r\u00e9ponses d'un vrai romancier ne le sont jamais. Pour le narrateur de Hanska, elles passent par une r\u00e9flexion souvent fantaisiste, par moments presque loufoque, sur le pass\u00e9 du p\u00e8re, immigr\u00e9 italien venu en Belgique apr\u00e8s la guerre en des circonstances jamais \u00e9lucid\u00e9es. Le silence du p\u00e8re, l'interm\u00e8de du service militaire, la mort soudaine de ses parents et de son grand amour Hanska poussent le fils \u00e0 revenir sur l'histoire d'un p\u00e8re qui n'a jamais voulu parler des raisons de son exil. Pour raconter ses histoires, le narrateur adopte un style mi-distant, mi-ironique, d'une constante cocasserie qui se marie habilement avec la gravit\u00e9 du sujet. Hanska est un livre o\u00f9 tous les lecteurs, enfants d'immigr\u00e9s ou non, pourront se reconna\u00eetre.\r","authors":["Rossano Rosi"],"category_codes":["1000000","1010000"],"visuals":{"large":"https:\/\/images.epagine.fr\/188\/9782874493188_1_75.jpg","medium":"https:\/\/images.epagine.fr\/188\/9782874493188_1_m.jpg","thumbnail":"https:\/\/images.epagine.fr\/188\/9782874493188_1_v.jpg"},"orderable":true,"show_badge":true,"formatted_price":"18,00&nbsp;\u20ac","formatted_published_date":"3 mars 2016","publisher_availability_label":"Sur commande","short_details":"Rossano Rosi \u2014 IMPRESSIONS NOUVELLES","translator":null,"weight":346,"page_count":238,"readership":null,"editor":"IMPRESSIONS NOUVELLES","price":1800,"published_date":"2016-03-02T23:00:00.000000Z","support":"Grand format","publisher_availability":1,"stock":0,"editions":[],"url":"https:\/\/quaidesbrumes.com\/ouvrage\/9782874493188\/hanska"},{"id":"9782822402248","title":"Dorian Gray, le portrait interdit","description":"\"D\u00e8s sa parution, Le Portrait de Dorian Gray, accus\u00e9 de pr\u00f4ner l'h\u00e9donisme et de saper les fondements de la morale, connut un \u00e9norme succ\u00e8s. En 1890, le Daily Chronicle \u00e9crivait que le roman d'Oscar Wilde risquait de \u00ab contaminer les jeunes esprits qui le liraient \u00bb. Eh bien, critiques victoriens, accrochez vos ceintures et pr\u00e9parez-vous \u00e0 affronter Dorian Gray - Le Portrait interdit de Nicole Audrey Spector : encore plus torride, obsc\u00e8ne, excitant, br\u00fblant et moralement corrompu que l'histoire originale d'Oscar Wilde ! Red\u00e9couvrez ce c\u00e9l\u00e8bre roman qui retrace la d\u00e9ch\u00e9ance morale d'un jeune et beau Londonien s\u00e9duit par l'art et la beaut\u00e9, ainsi que sa poursuite effr\u00e9n\u00e9e et cruelle du plaisir. Rencontrez l'artiste Rosemary Hall, suivez-la dans sa chute inexorable due \u00e0 son d\u00e9sir charnel pour l'inoubliable Dorian Gray - un conte \u00e0 la fois familier et nouveau gr\u00e2ce \u00e0 l'introduction d'un \u00e9rotisme savamment dos\u00e9 dans l'un des romans les plus appr\u00e9ci\u00e9s au monde. M\u00e9lange de d\u00e9bauche victorienne \u00e0 l'ancienne et d'\u00e9rotisme d\u00e9complex\u00e9 du XXIe si\u00e8cle, ce classique habilement impr\u00e9gn\u00e9 de sexe vous donnera envie d'en lire d'autres !\".","authors":["Nicole audrey Spector","Muria Muirfinn"],"category_codes":["1000000","1010000"],"visuals":{"large":"https:\/\/images.epagine.fr\/248\/9782822402248_1_75.jpg","medium":"https:\/\/images.epagine.fr\/248\/9782822402248_1_m.jpg","thumbnail":"https:\/\/images.epagine.fr\/248\/9782822402248_1_v.jpg"},"orderable":true,"show_badge":true,"formatted_price":"17,90&nbsp;\u20ac","formatted_published_date":"3 juillet 2013","publisher_availability_label":"Sur commande","short_details":"Nicole audrey Spector, Muria Muirfinn \u2014 TOUCAN","translator":"MURIA MUIRFINN","weight":296,"page_count":400,"readership":null,"editor":"TOUCAN","price":1790,"published_date":"2013-07-02T22:00:00.000000Z","support":"Grand format","publisher_availability":1,"stock":0,"editions":[],"url":"https:\/\/quaidesbrumes.com\/ouvrage\/9782822402248\/dorian-gray-le-portrait-interdit"},{"id":"9782917790526","title":"Drame vertical en Gordolasque","description":"Christophe et Jean, amis, guides de haute montagne sont anim\u00e9s par le m\u00eame engouement : la recherche de cristaux. Leur complicit\u00e9 les am\u00e8ne \u00e0 cheminer sur la m\u00eame longueur d'onde.\r\nPour vivre cette passion commune, totalement prohib\u00e9e, ils n'h\u00e9sitent pas \u00e0 parcourir la montagne en grimpant dans des lieux inaccessibles pour le commun des mortels. \r\nCependant, un grain de sable vient d\u00e9ranger le d\u00e9roulement de ces explorations min\u00e9rales. Anna, jeune enseignante d'italien, compagne de Gautier le gardien du refuge, hante de plus en plus les pens\u00e9es de Christophe . ce refuge \u00e9tant une \u00e9tape incontournable dans leurs prospections, comment g\u00e9rer cette obsession sans briser une relation amicale ? La jeune femme, elle-m\u00eame troubl\u00e9e par la pr\u00e9sence de Tof parviendra-t-elle \u00e0 d\u00e9m\u00ealer ses sentiments ?\r\nL'exaltation de la d\u00e9couverte d'une veine de magnifiques cristaux de quartz va-t-elle faire oublier les tourments de nos deux protagonistes ? \r\nLes fouilles se d\u00e9roulent sur un terrain dangereux. Le mauvais temps se m\u00eale \u00e0 la partie et interrompt l'exploration prometteuse. Lors d'un repli p\u00e9rilleux, des chutes de pierres changent le cours des op\u00e9rations. Christophe est gri\u00e8vement bless\u00e9. Chute de pierres accidentelles ou provoqu\u00e9es ? Baudrier d\u00e9fectueux ou sabot\u00e9 ?\r\nUne aventure qui se d\u00e9roule en ce d\u00e9but du XXI\u00e8me si\u00e8cle dans la Haute-V\u00e9subie o\u00f9 amiti\u00e9 et amour ne cesseront de se croiser \u00e0 la recherche de la v\u00e9rit\u00e9.\r","authors":["Malou Ravella"],"category_codes":["1000000","1010000"],"visuals":{"large":"https:\/\/images.epagine.fr\/526\/9782917790526_1_75.jpg","medium":"https:\/\/images.epagine.fr\/526\/9782917790526_1_m.jpg","thumbnail":"https:\/\/images.epagine.fr\/526\/9782917790526_1_v.jpg"},"orderable":true,"show_badge":true,"formatted_price":"9,90&nbsp;\u20ac","formatted_published_date":"19 mars 2013","publisher_availability_label":"Sur commande","short_details":"Malou Ravella \u2014 Baie Des Anges","translator":null,"weight":110,"page_count":116,"readership":null,"editor":"Baie Des Anges","price":990,"published_date":"2013-03-18T23:00:00.000000Z","support":"Grand format","publisher_availability":1,"stock":0,"editions":[],"url":"https:\/\/quaidesbrumes.com\/ouvrage\/9782917790526\/drame-vertical-en-gordolasque"},{"id":"9782918619246","title":"Le sens de la vie","description":"Y a-t-il une r\u00e9alit\u00e9 ? Les faits sont incertains. Y a-t-il des personnages ? Les identit\u00e9s sont mouvantes. Et y a-t-il m\u00eame une \u00e9criture ? Roman, po\u00e9sie, aphorismes. on s'installe dans un genre, et ce genre change aussi. Mais quelle certitude devrait offrir une fiction d\u00e9termin\u00e9e par le principe selon lequel rien n'est, tout se transforme ? Dans cette variation litt\u00e9raire, les blondes deviennent rousses, les anges pourraient se r\u00e9v\u00e9ler cruels. Lieux communs et sc\u00e8nes de crime se confondent. L'ordinaire est vacillant. Et si cela n'\u00e9tait finalement qu'une biographie ? Beaut\u00e9 fugace, noirceur, \u00e9rotisme, tout n'est que point de vue \u00e9ph\u00e9m\u00e8re, \u00e9motion fugitive. De m\u00eame, le sens de la vie n'est peut-\u00eatre qu'un jeu. L'\u00e9criture sensuelle et mobile de Marcelo Damiani n'est pas sans rappeler Mulholland Drive de David Lynch. Mais Le sens de la vie est avant tout un roman th\u00e9orique qui, \u00e0 l'instar de L'homme sans qualit\u00e9s de Musil, invite \u00e0 porter sur le r\u00e9el en fuite un regard aussi d\u00e9sabus\u00e9 qu'amus\u00e9.\r\n\r\nN\u00e9 en 1969, Marcelo Damiani enseigne la litt\u00e9rature et la philosophie \u00e0 l'universit\u00e9 de Buenos Aires. Prim\u00e9 en Argentine par le Fonds national des arts, Le sens de la vie a \u00e9t\u00e9 finaliste du prix Clar\u00edn.\r","authors":["Marcelo Damiani","Vincent Raynaud"],"category_codes":["1000000","1010000"],"visuals":{"large":"https:\/\/images.epagine.fr\/246\/9782918619246_1_75.jpg","medium":"https:\/\/images.epagine.fr\/246\/9782918619246_1_m.jpg","thumbnail":"https:\/\/images.epagine.fr\/246\/9782918619246_1_v.jpg"},"orderable":true,"show_badge":true,"formatted_price":"15,00&nbsp;\u20ac","formatted_published_date":"19 f\u00e9vrier 2015","publisher_availability_label":"Sur commande","short_details":"Marcelo Damiani, Vincent Raynaud \u2014 La Derniere Goutte","translator":"VINCENT RAYNAUD","weight":190,"page_count":160,"readership":null,"editor":"La Derniere Goutte","price":1500,"published_date":"2015-02-18T23:00:00.000000Z","support":"Grand format","publisher_availability":1,"stock":0,"editions":[],"url":"https:\/\/quaidesbrumes.com\/ouvrage\/9782918619246\/le-sens-de-la-vie"},{"id":"9782366540116","title":"Tiens-toi fier ! la ferme de Sailles","description":"\u00ab Tire droit et tiens-toi fier! \u00bb lance le p\u00e8re \u00e0 son fils maniant les mancherons de la charrue derri\u00e8re ses percherons. \u00abJ'aurais vergogne d'avoir engendr\u00e9 un sagouin et j'entends pouvoir soutenir le regard de quiconque. \u00bb Un bel homme, le p\u00e8re. Droit dans ses bottes et fier de son domaine: la ferme de Sailles, situ\u00e9e dans le Livradois... Fier de son troupeau et de sa famille.\r\nMais cette \u00e9poque culbute les m\u00e9thodes de travail, le sentiment et le respect. Les fours \u00e0 pain tombent en ruines alors que les jeunes s'enfuient vers la ville pendant que les anciens transforment leurs p\u00e2tures en plantations.\r\n\r\nUn monde s'\u00e9croule. Un monde qu'Antoine Coherier, le ma\u00eetre de Sailles, entend maintenir \u00e0 force de peine et de sueur...\r\nMais la sueur a parfois le m\u00eame go\u00fbt de sel que les larmes...\r","authors":["Patrick Chaussidi\u00e8re"],"category_codes":["1000000","1010000"],"visuals":{"large":"https:\/\/images.epagine.fr\/116\/9782366540116_1_75.jpg","medium":"https:\/\/images.epagine.fr\/116\/9782366540116_1_m.jpg","thumbnail":"https:\/\/images.epagine.fr\/116\/9782366540116_1_v.jpg"},"orderable":true,"show_badge":true,"formatted_price":"18,00&nbsp;\u20ac","formatted_published_date":"23 avril 2013","publisher_availability_label":"Sur commande","short_details":"Patrick Chaussidi\u00e8re \u2014 Monts D'Auvergne","translator":null,"weight":338,"page_count":200,"readership":null,"editor":"Monts D'Auvergne","price":1800,"published_date":"2013-04-22T22:00:00.000000Z","support":"Grand format","publisher_availability":1,"stock":0,"editions":[],"url":"https:\/\/quaidesbrumes.com\/ouvrage\/9782366540116\/tiens-toi-fier-la-ferme-de-sailles"},{"id":"9782812705694","title":"Les fils de la lumiere","description":null,"authors":["Myriam Collet"],"category_codes":["1000000","1010000"],"visuals":{"large":"https:\/\/images.epagine.fr\/694\/9782812705694_1_75.jpg","medium":"https:\/\/images.epagine.fr\/694\/9782812705694_1_m.jpg","thumbnail":"https:\/\/images.epagine.fr\/694\/9782812705694_1_v.jpg"},"orderable":true,"show_badge":true,"formatted_price":"21,00&nbsp;\u20ac","formatted_published_date":"22 mai 2014","publisher_availability_label":"Sur commande","short_details":"Myriam Collet \u2014 Presses Du Midi","translator":null,"weight":514,"page_count":null,"readership":null,"editor":"Presses Du Midi","price":2100,"published_date":"2014-05-21T22:00:00.000000Z","support":"Grand format","publisher_availability":1,"stock":0,"editions":[],"url":"https:\/\/quaidesbrumes.com\/ouvrage\/9782812705694\/les-fils-de-la-lumiere"}]}