{"data":[{"id":"9782379935312","title":"Slave","description":"SLAVE. Nom attribu\u00e9 \u00e0 Glenorth le jour o\u00f9 il est vendu comme esclave \u00e0 l'\u00e2ge de neuf ans et marqu\u00e9 au fer rouge, signe d'appartenance \u00e0 la cat\u00e9gorie des Jeux.   \r\nDurant douze ann\u00e9es, son existence n'est que combats, soumission et captivit\u00e9.\r\nSi \u00e0 l'int\u00e9rieur de l'ar\u00e8ne, sa vie est acclam\u00e9e par le peuple de Pax, au cr\u00e9puscule, les femmes les plus fortun\u00e9es s'approprient son corps, font de lui un esclave sexuel, entrav\u00e9 par les fers.\r\nMais son \u00e2me, elle, est ch\u00e9rie par une personne.\r\nLa seule qui lui donne envie de survivre.\r\nLa seule qui transgresse les r\u00e8gles pour le soigner dans sa ge\u00f4le.\r\nMais surtout la seule qui lui est interdite.\r\nAth\u00e9na\u00efs Julius Dulcis, fille de l'empereur, n'est autre que la promise de Claudius, jeune s\u00e9nateur et ami de celui qui a fait de la vie de Glenorth un enfer.\r\nPourtant, leur d\u00e9sir est si fort qu'ils d\u00e9cident de franchir les limites impos\u00e9es par leur condition.\r\nCes limites qui ne peuvent que les conduire \u00e0 leur perte.","authors":["C\u00e9line Delhaye"],"category_codes":["1000000","1010000"],"visuals":{"large":"https:\/\/images.epagine.fr\/312\/9782379935312_1_75.jpg","medium":"https:\/\/images.epagine.fr\/312\/9782379935312_1_m.jpg","thumbnail":"https:\/\/images.epagine.fr\/312\/9782379935312_1_v.jpg"},"orderable":true,"show_badge":true,"formatted_price":"19,00&nbsp;\u20ac","formatted_published_date":"24 novembre 2023","publisher_availability_label":"Sur commande","short_details":"C\u00e9line Delhaye \u2014 BLACK INK","translator":null,"weight":500,"page_count":400,"readership":null,"editor":"BLACK INK","price":1900,"published_date":"2023-11-23T23:00:00.000000Z","support":"Grand format","publisher_availability":1,"stock":0,"editions":[],"url":"https:\/\/quaidesbrumes.com\/ouvrage\/9782379935312\/slave"},{"id":"9788490272619","title":"Jacques blot - archeologue dans la montagne basque","description":null,"authors":["Philippe Velche"],"category_codes":["1000000","1010000"],"visuals":{"large":"https:\/\/images.epagine.fr\/619\/9788490272619_1_75.jpg","medium":"https:\/\/images.epagine.fr\/619\/9788490272619_1_m.jpg","thumbnail":"https:\/\/images.epagine.fr\/619\/9788490272619_1_v.jpg"},"orderable":true,"show_badge":true,"formatted_price":"15,00&nbsp;\u20ac","formatted_published_date":"9 avril 2014","publisher_availability_label":"Sur commande","short_details":"Philippe Velche \u2014 Elkar","translator":null,"weight":401,"page_count":null,"readership":null,"editor":"Elkar","price":1500,"published_date":"2014-04-08T22:00:00.000000Z","support":"Grand format","publisher_availability":1,"stock":0,"editions":[],"url":"https:\/\/quaidesbrumes.com\/ouvrage\/9788490272619\/jacques-blot-archeologue-dans-la-montagne-basque"},{"id":"9782702153475","title":"L'orpheline de la for\u00eat barade","description":"Une enfant dans le tumulte des guerres de Religion En cette fin de XVIe si\u00e8cle, les guerres de Religion font rage. Damien est intendant au ch\u00e2teau de L'Herm dans le P\u00e9rigord noir, au coeur de la for\u00eat Barade, sillonn\u00e9e par les chefs de guerre huguenots et catholiques qui pillent, saccagent, massacrent pour s'assurer le contr\u00f4le de la province. Le ma\u00eetre du ch\u00e2teau lui-m\u00eame est mortellement bless\u00e9 lors des combats pour reprendre Sarlat aux protestants.\r\n   Son unique h\u00e9riti\u00e8re testamentaire est sa fille, Marguerite, \u00e2g\u00e9e d'\u00e0 peine cinq ans. Lorsque sa m\u00e8re se remarie \u00e0 un puissant seigneur des environs, l'enfant est accord\u00e9e au fils du nouvel \u00e9poux, de quinze ans son a\u00een\u00e9. Tr\u00e8s vite, la petite Marguerite est laiss\u00e9e \u00e0 la merci de son mari, un homme brutal, qui accumule les dettes de jeux et noue les fils d'une conspiration machiav\u00e9lique pour s'emparer de ses biens. Une seule personne pourrait encore la sauver : Damien, le vieil intendant, qui l'aime comme sa propre fille...   Michel Peyramaure s'est inspir\u00e9 d'\u00e9v\u00e9nements historiques authentiques pour nous conter le tragique destin d'une enfant pleine de vie et de confiance.","authors":["Michel Peyramaure"],"category_codes":["1000000","1010000"],"visuals":{"large":"https:\/\/images.epagine.fr\/475\/9782702153475_1_75.jpg","medium":"https:\/\/images.epagine.fr\/475\/9782702153475_1_m.jpg","thumbnail":"https:\/\/images.epagine.fr\/475\/9782702153475_1_v.jpg"},"orderable":true,"show_badge":true,"formatted_price":"21,50&nbsp;\u20ac","formatted_published_date":"8 janvier 2014","publisher_availability_label":"Sur commande","short_details":"Michel Peyramaure \u2014 Calmann-L\u00e9vy","translator":null,"weight":376,"page_count":240,"readership":null,"editor":"Calmann-L\u00e9vy","price":2150,"published_date":"2014-01-07T23:00:00.000000Z","support":"Grand format","publisher_availability":1,"stock":0,"editions":[],"url":"https:\/\/quaidesbrumes.com\/ouvrage\/9782702153475\/lorpheline-de-la-foret-barade"},{"id":"9782815906791","title":"Nuage rose","description":"L'auteur nous plonge dans l' Iran contemporain. Il y parle de la guerre, de la mort, de la souffrance, mais aussi du d\u00e9sir, de l'amour. Il y a ce soldat, ce jeune gar\u00e7on, tu\u00e9 sur le champ de bataille, qui regarde sa d\u00e9pouille et attend que quelqu'un l'identifie et le rende \u00e0 sa m\u00e8re, il y a cet homme qui tombe amoureux de sa voisine simplement en entendant les bruits \u00e0 travers la cloison, ce juge qui d\u00e9teste le maire parce qu'il est le seul de la ville \u00e0 poss\u00e9der un bananier, ou encore cette conversation presque absurde entre deux jeunes recrues de l'arm\u00e9e qui montent la garde ensemble et cachent leur peur tant bien que mal.\r\nCes nouvelles sont magnifiquement \u00e9crites, empreintes de po\u00e9sie, et disent beaucoup de ce pays \u00e0 la fois proche et lointain qu'est l'Iran.","authors":["Ali-reza Mahmoudi iranmehr","Azita Hempartian"],"category_codes":["1000000","1010000"],"visuals":{"large":"https:\/\/images.epagine.fr\/791\/9782815906791_1_75.jpg","medium":"https:\/\/images.epagine.fr\/791\/9782815906791_1_m.jpg","thumbnail":"https:\/\/images.epagine.fr\/791\/9782815906791_1_v.jpg"},"orderable":true,"show_badge":true,"formatted_price":"16,00&nbsp;\u20ac","formatted_published_date":"28 mars 2013","publisher_availability_label":"Sur commande","short_details":"Ali-reza Mahmoudi iranmehr, Azita Hempartian \u2014 Editions de l'Aube","translator":"AZITA HEMPARTIAN","weight":218,"page_count":160,"readership":null,"editor":"Editions de l'Aube","price":1600,"published_date":"2013-03-27T23:00:00.000000Z","support":"Grand format","publisher_availability":1,"stock":0,"editions":[],"url":"https:\/\/quaidesbrumes.com\/ouvrage\/9782815906791\/nuage-rose"},{"id":"9782352080237","title":"Le deuxi\u00e8me regard","description":"\u00c9lise a quitt\u00e9 le tourbillon parisien pour s'installer dans le Lot. Elle \u00e9l\u00e8ve seule sa fille Sam, atteinte d'une maladie g\u00e9n\u00e9tique. \u00c9lise esp\u00e8re que l'authenticit\u00e9 des gens de la campagne facilitera leur int\u00e9gration. Les choses ne sont pas si simples et leur pr\u00e9sence va perturber la vie de ce petit village qui semble fig\u00e9 dans un pass\u00e9 douloureux et compliqu\u00e9. \u00c9mile, un vieil homme bizarre, semble les \u00e9pier. Leur veut-il du mal ?","authors":["Fabienne Baynat"],"category_codes":["1000000","1010000"],"visuals":{"large":"https:\/\/images.epagine.fr\/237\/9782352080237_1_75.jpg","medium":"https:\/\/images.epagine.fr\/237\/9782352080237_1_m.jpg","thumbnail":"https:\/\/images.epagine.fr\/237\/9782352080237_1_v.jpg"},"orderable":true,"show_badge":true,"formatted_price":"13,00&nbsp;\u20ac","formatted_published_date":"15 f\u00e9vrier 2010","publisher_availability_label":"Sur commande","short_details":"Fabienne Baynat \u2014 Bord Du Lot","translator":null,"weight":190,"page_count":183,"readership":null,"editor":"Bord Du Lot","price":1300,"published_date":"2010-02-14T23:00:00.000000Z","support":"Grand format","publisher_availability":1,"stock":0,"editions":[],"url":"https:\/\/quaidesbrumes.com\/ouvrage\/9782352080237\/le-deuxieme-regard"},{"id":"9782875930026","title":"Une Paire De Moli\u00e8re(S)","description":"Les archives du chanoine et math\u00e9maticien Georges Lema\u00eetre, conserv\u00e9es sur le site de l'Universit\u00e9 catholique de Louvain, rec\u00e8lent de nombreux tr\u00e9sors en mati\u00e8re de recherche scientifique. Mais se trouvent dans ce corpus deux ou trois pi\u00e8ces rares, dont le contenu \u00e9tonne. Ainsi peut-on classer au rang des curiosit\u00e9s les notes manuscrites au sujet de la paternit\u00e9 des oeuvres de Moli\u00e8re, derri\u00e8re lequel le cosmologiste voulait voir rien moins que Louis XIV.","authors":["Lemaitre Georges"],"category_codes":["1000000","1010000"],"visuals":{"large":"https:\/\/images.epagine.fr\/026\/9782875930026_1_75.jpg","medium":"https:\/\/images.epagine.fr\/026\/9782875930026_1_m.jpg","thumbnail":"https:\/\/images.epagine.fr\/026\/9782875930026_1_v.jpg"},"orderable":true,"show_badge":true,"formatted_price":"12,00&nbsp;\u20ac","formatted_published_date":"1er octobre 2013","publisher_availability_label":"Sur commande","short_details":"Lemaitre Georges \u2014 SAMSA","translator":null,"weight":240,"page_count":122,"readership":null,"editor":"SAMSA","price":1200,"published_date":"2013-09-30T22:00:00.000000Z","support":"Grand format","publisher_availability":1,"stock":0,"editions":[],"url":"https:\/\/quaidesbrumes.com\/ouvrage\/9782875930026\/une-paire-de-molieres"},{"id":"9782875050939","title":"100 % ergonomique : roman trash","description":"100 % ergonomique est un roman brut, un polar trash hyper fast \u00e9crit entre Bruxelles et Montr\u00e9al, directement sur Facebook, par deux d\u00e9jant\u00e9s de l'\u00e9criture pornophilosophique. Fantasmes contemporains pouss\u00e9s \u00e0 bout, installations technologiques de pointe \u00e0 la solde de recherches en po\u00e9sie exp\u00e9rimentale, f\u00e9minisme terroriste, machisme paum\u00e9, le tout se t\u00e9lescope jusqu'\u00e0 l'explosion finale, 100 % ergonomique \u00e0 l'\u00e9norme \u00e9clat de rire habilement provoqu\u00e9 par ces deux experts en humour noir, rose et intelligent.","authors":["Bart Ariane"],"category_codes":["1000000","1010000"],"visuals":{"large":"https:\/\/images.epagine.fr\/939\/9782875050939_1_75.jpg","medium":"https:\/\/images.epagine.fr\/939\/9782875050939_1_m.jpg","thumbnail":"https:\/\/images.epagine.fr\/939\/9782875050939_1_v.jpg"},"orderable":true,"show_badge":true,"formatted_price":"9,50&nbsp;\u20ac","formatted_published_date":"8 f\u00e9vrier 2013","publisher_availability_label":"Sur commande","short_details":"Bart Ariane \u2014 Maelstr\u00d6m re\u00c9volution","translator":null,"weight":200,"page_count":null,"readership":null,"editor":"Maelstr\u00d6m re\u00c9volution","price":950,"published_date":"2013-02-07T23:00:00.000000Z","support":"Grand format","publisher_availability":1,"stock":0,"editions":[],"url":"https:\/\/quaidesbrumes.com\/ouvrage\/9782875050939\/100-ergonomique-roman-trash"},{"id":"9782702154434","title":"Xenia","description":"Xenia a vingt-trois ans, m\u00e8re c\u00e9libataire, elle gal\u00e8re comme toutes celles qui sont comme elle.\r\nBlandine, sa voisine, la trentaine \u00e9panouie, m\u00e8re d'un grand ado m\u00e9tis, est sa meilleure amie, son unique alli\u00e9e face aux jours diffi ciles, aux nuits d'orage.\r\n\r\nQuand Xenia se retrouve sans travail, Blandine r\u00e9ussit \u00e0 la faire embaucher au supermarch\u00e9, \u00e0 ses c\u00f4t\u00e9s. D\u00e8s lors, l'horizon de Xenia s'\u00e9claircit. Elle trouve l'amour aupr\u00e8s de Gauvain et s'\u00e9loigne alors petit \u00e0 petit de Blandine.\r\n\r\nMais un jour tout bascule pour Blandine, menac\u00e9e de licenciement. C'est alors au tour de Xenia de lui venir en aide.\r\nLes deux jeunes femmes vont faire front ensemble malgr\u00e9 les incompr\u00e9hensions et les malentendus qui s'\u00e9taient install\u00e9s entre elles...\r\n\r\nXenia, c'est une histoire d'amiti\u00e9, de r\u00e9bellion, de solidarit\u00e9.\r\nXenia, c'est l'histoire de deux femmes, Thelma et Louise en lutte contre la violence de la soci\u00e9t\u00e9, deux h\u00e9ro\u00efnes port\u00e9es par les \u00e9lans du coeur.","authors":["G\u00e9rard Mordillat"],"category_codes":["1000000","1010000"],"visuals":{"large":"https:\/\/images.epagine.fr\/434\/9782702154434_1_75.jpg","medium":"https:\/\/images.epagine.fr\/434\/9782702154434_1_m.jpg","thumbnail":"https:\/\/images.epagine.fr\/434\/9782702154434_1_v.jpg"},"orderable":true,"show_badge":true,"formatted_price":"18,50&nbsp;\u20ac","formatted_published_date":"8 janvier 2014","publisher_availability_label":"Sur commande","short_details":"G\u00e9rard Mordillat \u2014 Calmann-L\u00e9vy","translator":null,"weight":395,"page_count":384,"readership":null,"editor":"Calmann-L\u00e9vy","price":1850,"published_date":"2014-01-07T23:00:00.000000Z","support":"Grand format","publisher_availability":1,"stock":0,"editions":[],"url":"https:\/\/quaidesbrumes.com\/ouvrage\/9782702154434\/xenia"},{"id":"9782246775416","title":"H\u00f4tel Saint-Georges","description":"Jean est \u00e9beniste. Appel\u00e9 en Alg\u00e9rie, il est charg\u00e9 de fabriquer les cercueils pour les soldats tomb\u00e9s pour la France. Jean se r\u00e9fugiera dans les beaut\u00e9s de son artisanat pour \u00e9chapper \u00e0 l'horreur quotidienne.\r\nApr\u00e8s sa mort, quelques ann\u00e9es plus tard, sa fille, Jeanne, curieuse d'en savoir plus sur ce p\u00e8re secret et bless\u00e9, part sur ses traces, \u00e0 Alger et Constantine. Elle recontrera un jeune Alg\u00e9rien, Rac, qui lui servira de guide.\r\nRoman polyphonique, H\u00f4tel Saint-Georges est un texte de bruit et de fureur, de tendresse et de compassion. Rachid Boudjedra continue d'explorer les myst\u00e8res, les souffrances, parfois aussi les \u00e9clats de splendeur, d'un pass\u00e9 qui ne passe pas.","authors":["Rachid Boudjedra"],"category_codes":["1000000","1010000"],"visuals":{"large":"https:\/\/images.epagine.fr\/416\/9782246775416_1_75.jpg","medium":"https:\/\/images.epagine.fr\/416\/9782246775416_1_m.jpg","thumbnail":"https:\/\/images.epagine.fr\/416\/9782246775416_1_v.jpg"},"orderable":true,"show_badge":true,"formatted_price":"18,90&nbsp;\u20ac","formatted_published_date":"2 f\u00e9vrier 2011","publisher_availability_label":"Sur commande","short_details":"Rachid Boudjedra \u2014 \u00c9ditions Grasset","translator":null,"weight":260,"page_count":249,"readership":null,"editor":"\u00c9ditions Grasset","price":1890,"published_date":"2011-02-01T23:00:00.000000Z","support":"Grand format","publisher_availability":1,"stock":0,"editions":[],"url":"https:\/\/quaidesbrumes.com\/ouvrage\/9782246775416\/hotel-saint-georges"},{"id":"9782354853983","title":"Lucas dans le bleu","description":"\u00c0 cinq ans, le petit Lucas souffre d'une leuc\u00e9mie aigu\u00eb. Un d\u00e9chirement terrifiant pour ses parents qui, d\u00e8s lors, mettent tout en oeuvre pour glaner quelques mois de sursis et passer leurs jours dans la chaleur de l'amour. Ensemble, ils n'ont plus qu'un seul but : pr\u00e9server les joies insouciantes de l'enfant \u00e0 travers les affres de la maladie. Mais comment surmonter une telle trag\u00e9die ? Avec lucidit\u00e9 et pudeur, Ludovic Sprengnether livre le quotidien bouleversant d'un combat familial, o\u00f9 la vie devient victoire de chaque instant.","authors":["Sprengnether Ludovic"],"category_codes":["1000000","1010000"],"visuals":{"large":"https:\/\/images.epagine.fr\/983\/9782354853983_1_75.jpg","medium":"https:\/\/images.epagine.fr\/983\/9782354853983_1_m.jpg","thumbnail":"https:\/\/images.epagine.fr\/983\/9782354853983_1_v.jpg"},"orderable":true,"show_badge":true,"formatted_price":"15,00&nbsp;\u20ac","formatted_published_date":"1er juillet 2013","publisher_availability_label":"Sur commande","short_details":"Sprengnether Ludovic \u2014 JETS D'ENCRE","translator":null,"weight":134,"page_count":null,"readership":null,"editor":"JETS D'ENCRE","price":1500,"published_date":"2013-06-30T22:00:00.000000Z","support":"Grand format","publisher_availability":1,"stock":0,"editions":[],"url":"https:\/\/quaidesbrumes.com\/ouvrage\/9782354853983\/lucas-dans-le-bleu"},{"id":"9782875050335","title":"Le labyrinthe de jerzy : conte","description":"Il \u00e9tait une fois un \u00eatre. Sans se souvenir comment, sans en voir le pourquoi, il s'est \u00e9veill\u00e9 dans un monde qui ne le comprenait pas. L\u00e0 o\u00f9 il voyait l'unique, ce monde lui inculquait le multiple. De cette scission est n\u00e9 le chaos, de ce chaos est n\u00e9e la peur, et sur les fondations de cette peur s'est \u00e9lev\u00e9 le Labyrinthe.\r\nC'est au centre du labyrinthe que se trouve sa fin. C'est l\u00e0 qu'on peut d\u00e9couvrir une issue, tourner les verrous dans les cl\u00e9s pour trouver le sens du labyrinthe. Pour cela il nous faut gagner notre libert\u00e9, nous devons nous rencontrer.\r\nMon feu br\u00fble comme jamais et \u00e9claire un morceau de l'axe de s\u00e9paration.\r\nUn bruit sourd, un tremblement.\r\nLa pierre vibre et le monde s'ouvre enfin \u00e0 moi.\r\nVais-je m'ouvrir au monde ?","authors":["Pottel Benjamin"],"category_codes":["1000000","1010000"],"visuals":{"large":"https:\/\/images.epagine.fr\/335\/9782875050335_1_75.jpg","medium":"https:\/\/images.epagine.fr\/335\/9782875050335_1_m.jpg","thumbnail":"https:\/\/images.epagine.fr\/335\/9782875050335_1_v.jpg"},"orderable":true,"show_badge":true,"formatted_price":"5,00&nbsp;\u20ac","formatted_published_date":"8 f\u00e9vrier 2013","publisher_availability_label":"Sur commande","short_details":"Pottel Benjamin \u2014 Maelstr\u00d6m re\u00c9volution","translator":null,"weight":200,"page_count":null,"readership":null,"editor":"Maelstr\u00d6m re\u00c9volution","price":500,"published_date":"2013-02-07T23:00:00.000000Z","support":"Grand format","publisher_availability":1,"stock":0,"editions":[],"url":"https:\/\/quaidesbrumes.com\/ouvrage\/9782875050335\/le-labyrinthe-de-jerzy-conte"},{"id":"9782343097770","title":"Le patriarche","description":"Tabba est un chef de communaut\u00e9 nomade. Polygame, il est mari\u00e9 \u00e0 quatre femmes, mais reste hant\u00e9, obs\u00e9d\u00e9, par une cinqui\u00e8me qu'il r\u00eave d'\u00e9pouser. Cette cinqui\u00e8me femme lui reste interdite dans la r\u00e9alit\u00e9 parce qu'elle est une \u00ab femme-vision \u00bb qu'il ne rencontre que dans son sommeil, et par sa religion, car il n'est autoris\u00e9 \u00e0 \u00e9pouser que quatre femmes. C'est au sein d'une montagne tr\u00e8s haute que la cinqui\u00e8me femme lui rend visite pendant son sommeil. Il la poursuit alors \u00e0 travers cette montagne difficile et encombr\u00e9e d'une for\u00eat insondable. La poursuite finit toujours au d\u00e9triment de Tabba, et la femme reste toujours \u00e0 conqu\u00e9rir.","authors":["Ahmad Taboye"],"category_codes":["1000000","1010000"],"visuals":{"large":"https:\/\/images.epagine.fr\/770\/9782343097770_1_75.jpg","medium":"https:\/\/images.epagine.fr\/770\/9782343097770_1_m.jpg","thumbnail":"https:\/\/images.epagine.fr\/770\/9782343097770_1_v.jpg"},"orderable":true,"show_badge":true,"formatted_price":"16,50&nbsp;\u20ac","formatted_published_date":"15 septembre 2016","publisher_availability_label":"Sur commande","short_details":"Ahmad Taboye \u2014 \u00c9ditions L'Harmattan","translator":null,"weight":185,"page_count":146,"readership":null,"editor":"\u00c9ditions L'Harmattan","price":1650,"published_date":"2016-09-14T22:00:00.000000Z","support":"Grand format","publisher_availability":1,"stock":0,"editions":[],"url":"https:\/\/quaidesbrumes.com\/ouvrage\/9782343097770\/le-patriarche"},{"id":"9782911137280","title":"La poup\u00e9e mexicaine","description":"Il, Simon, recherche ses origines.\r\nElle, Valentine, vit sa vie, ailleurs.\r\nEntre lui et elle, l'\u00e9motion d\u00e9rive dans l'incompr\u00e9hension et le pardon, navigue vers les excuses et la destin\u00e9e Selon Sarah Blaffer Hrdy, \"l'amour maternel ne vient pas que de la m\u00e8re : il suppose une intervention active de l'enfant pour se faire aimer.\" Ce roman tendre, sign\u00e9 par Mich\u00e8le Pouget, nous prom\u00e8ne entre deux personnages que la vie ballotte d'un continent \u00e0 l'autre.","authors":["Mich\u00e8le Pouget"],"category_codes":["1000000","1010000"],"visuals":{"large":"https:\/\/images.epagine.fr\/280\/9782911137280_1_75.jpg","medium":"https:\/\/images.epagine.fr\/280\/9782911137280_1_m.jpg","thumbnail":"https:\/\/images.epagine.fr\/280\/9782911137280_1_v.jpg"},"orderable":true,"show_badge":true,"formatted_price":"20,00&nbsp;\u20ac","formatted_published_date":"15 juin 2012","publisher_availability_label":"Sur commande","short_details":"Mich\u00e8le Pouget \u2014 Elan Sud","translator":null,"weight":350,"page_count":288,"readership":null,"editor":"Elan Sud","price":2000,"published_date":"2012-06-14T22:00:00.000000Z","support":"Grand format","publisher_availability":1,"stock":0,"editions":[],"url":"https:\/\/quaidesbrumes.com\/ouvrage\/9782911137280\/la-poupee-mexicaine"},{"id":"9782343031828","title":"D'un europ\u00e9en de Bab el Oued ; le temps des ruptures","description":"Ce r\u00e9cit s'inscrit dans le contexte de la fin de la colonisation en Alg\u00e9rie commenc\u00e9e dans les faits en 1945 dans l'est du pays, et le 1er novembre 1954. Ecrit par un militant communiste d'origine europ\u00e9enne, il fournit un t\u00e9moignage v\u00e9ridique sur les s\u00e9vices, les tortures et les privations que l'arm\u00e9e fran\u00e7aise faisait subir dans ses sinistres ge\u00f4les et ses camps de d\u00e9tention aux combattants captur\u00e9s pour l'ind\u00e9pendance de l'Alg\u00e9rie.","authors":["Pierre Cots"],"category_codes":["1000000","1010000"],"visuals":{"large":"https:\/\/images.epagine.fr\/828\/9782343031828_1_75.jpg","medium":"https:\/\/images.epagine.fr\/828\/9782343031828_1_m.jpg","thumbnail":"https:\/\/images.epagine.fr\/828\/9782343031828_1_v.jpg"},"orderable":true,"show_badge":true,"formatted_price":"29,00&nbsp;\u20ac","formatted_published_date":"12 ao\u00fbt 2014","publisher_availability_label":"Sur commande","short_details":"Pierre Cots \u2014 \u00c9ditions L'Harmattan","translator":null,"weight":500,"page_count":316,"readership":null,"editor":"\u00c9ditions L'Harmattan","price":2900,"published_date":"2014-08-11T22:00:00.000000Z","support":"Grand format","publisher_availability":1,"stock":0,"editions":[],"url":"https:\/\/quaidesbrumes.com\/ouvrage\/9782343031828\/dun-europeen-de-bab-el-oued-le-temps-des-ruptures"},{"id":"9782875050465","title":"Le seigneur des anes","description":"Qui est ce seigneur des \u00e2nes ? Ronny Serpin, l'\u00e9l\u00e8ve le plus \u00e9pouvantable que l'enseignement ait connu et qui se targue d'avoir mis une dizaine de professeurs en d\u00e9pression ? Charles Dumortier, enseignant retrait\u00e9 qui n'arrive pas vraiment \u00e0 se d\u00e9p\u00eatrer de ses trente-sept ann\u00e9es de tableau noir ? Henri Gelker, qui tra\u00eene son feu sacr\u00e9 d'\u00e9cole en \u00e9cole sans vraiment arriver \u00e0 l'y mettre, le feu ? \u00c0 moins qu'il ne s'agisse d'une ma\u00eetresse des \u00e2nes, comme Am\u00e9lie Dumortier qui doit en faire des vertes et des pas m\u00fbres devant ses \u00e9l\u00e8ves...\r\nApr\u00e8s La cit\u00e9 des fleurs fan\u00e9es et ses gentils h\u00e9ros, \u00c9ric Dejaeger revisite ce qu'il reste de l'\u00e9cole, un endroit o\u00f9 tout peut arriver, o\u00f9 le lendemain n'est jamais la prolongation de l'aujourd'hui. L'\u00e9cole, cette entit\u00e9 qui fait fuir la moiti\u00e9 des jeunes enseignants durant leurs cinq premi\u00e8res ann\u00e9es de carri\u00e8re. Il ne faut pas s'enfoncer la t\u00eate dans la bo\u00eete de craies : durant ces quinze derni\u00e8res ann\u00e9es, le m\u00e9tier de professeur est devenu de plus en plus difficile. L'auteur ne nous raconte pas ici ce qu'il en est aujourd'hui mais bien ce qu'il en sera si les d\u00e9rives (appel\u00e9es sournoisement \u00abr\u00e9formes\u00bb) telles que les enseignants les connaissent \u00e0 r\u00e9p\u00e9tition depuis les derni\u00e8res grandes gr\u00e8ves de 1995 continuent. Il lui semble d'ailleurs que le futur qu'il d\u00e9crit dans ce livre se rapproche beaucoup plus vite qu'il l'ait pr\u00e9vu.\r\nProfesseur, le plus beau m\u00e9tier du monde ?","authors":["Eric Dejaeger"],"category_codes":["1000000","1010000"],"visuals":{"large":"https:\/\/images.epagine.fr\/465\/9782875050465_1_75.jpg","medium":"https:\/\/images.epagine.fr\/465\/9782875050465_1_m.jpg","thumbnail":"https:\/\/images.epagine.fr\/465\/9782875050465_1_v.jpg"},"orderable":true,"show_badge":true,"formatted_price":"12,00&nbsp;\u20ac","formatted_published_date":"8 f\u00e9vrier 2013","publisher_availability_label":"Sur commande","short_details":"Eric Dejaeger \u2014 Maelstr\u00d6m re\u00c9volution","translator":null,"weight":300,"page_count":null,"readership":null,"editor":"Maelstr\u00d6m re\u00c9volution","price":1200,"published_date":"2013-02-07T23:00:00.000000Z","support":"Grand format","publisher_availability":1,"stock":0,"editions":[],"url":"https:\/\/quaidesbrumes.com\/ouvrage\/9782875050465\/le-seigneur-des-anes"},{"id":"9782875050519","title":"Compte a rebours contre l'occident","description":"Derni\u00e8re journ\u00e9e d'une vie humaine. Le compte \u00e0 rebours est lanc\u00e9. Quatorze heures pour ne plus rien regretter. Quatorze heures au cours desquelles Corentin Jacobs, avec ce premier roman, nous d\u00e9crit dans un style aussi caustique que lucide la vie, les attentes et les frustrations d'un looser quotidien.\r\nD\u00e8s le d\u00e9but, le ton est donn\u00e9. Le personnage annonce la fin et la fin est la mort. Sans \u00e9quivoque. Mais peut-\u00eatre pas sans surprises. Il fonce vers elle malgr\u00e9 l'humour (noir), la fantaisie et la l\u00e9g\u00e8ret\u00e9 du d\u00e9but. La mort est sa drogue : il veut sentir sa seringue lui piquer les veines. Mais ce n'est pas seulement sa propre mort qui le motive. C'est aussi la mort d'un id\u00e9al et d'un syst\u00e8me. Dans moins d'une journ\u00e9e, l'Occident risque de trembler.","authors":["Jacobs Corentin"],"category_codes":["1000000","1010000"],"visuals":{"large":"https:\/\/images.epagine.fr\/519\/9782875050519_1_75.jpg","medium":"https:\/\/images.epagine.fr\/519\/9782875050519_1_m.jpg","thumbnail":"https:\/\/images.epagine.fr\/519\/9782875050519_1_v.jpg"},"orderable":true,"show_badge":true,"formatted_price":"12,00&nbsp;\u20ac","formatted_published_date":"8 f\u00e9vrier 2013","publisher_availability_label":"Sur commande","short_details":"Jacobs Corentin \u2014 Maelstr\u00d6m re\u00c9volution","translator":null,"weight":300,"page_count":null,"readership":null,"editor":"Maelstr\u00d6m re\u00c9volution","price":1200,"published_date":"2013-02-07T23:00:00.000000Z","support":"Grand format","publisher_availability":1,"stock":0,"editions":[],"url":"https:\/\/quaidesbrumes.com\/ouvrage\/9782875050519\/compte-a-rebours-contre-loccident"},{"id":"9782875050212","title":"Confidences de l'olivier","description":"Une poign\u00e9e de chercheurs aventureux et excentriques fonde l'espoir de d\u00e9couvrir les raisons de la croissance inexpliqu\u00e9e des st\u00e9rilit\u00e9s humaines.\r\nIls se mettent au diapason des cellules et s'initient \u00e0 un voyage \u00e0 travers les f\u00e9\u00e9ries et l'inventivit\u00e9 de la reproduction sous toutes ses formes : animale, v\u00e9g\u00e9tale et humaine. \u00c9loge des sens et des bizarreries sexuelles de la nature...\r\nLeurs recherches les m\u00e8nent au coeur de l'Amazonie o\u00f9 ils seront guid\u00e9s par l'intelligence intuitive des peuples de la for\u00eat qui dialoguent avec la nature. Rencontre entre les savoirs, union de l'Aigle et du Condor, des scientifiques et des chamanes.\r\nSi les trois premiers romans de Sophie Buyse peuvent \u00eatre d\u00e9crits comme autant de variations sur le th\u00e8me de l'art (l'\u00e9criture, la peinture, la musique), ce quatri\u00e8me, \u00e0 la fois roman d'anticipation et fiction naturaliste, nous invite \u00e0 une n\u00e9cessaire r\u00e9conciliation entre l'homme et l'environnement. Un engagement de l'auteur qui appelle \u00e0 la mobilisation du lecteur !","authors":["Sophie Buyse"],"category_codes":["1000000","1010000"],"visuals":{"large":"https:\/\/images.epagine.fr\/212\/9782875050212_1_75.jpg","medium":"https:\/\/images.epagine.fr\/212\/9782875050212_1_m.jpg","thumbnail":"https:\/\/images.epagine.fr\/212\/9782875050212_1_v.jpg"},"orderable":true,"show_badge":true,"formatted_price":"16,00&nbsp;\u20ac","formatted_published_date":"8 f\u00e9vrier 2013","publisher_availability_label":"Sur commande","short_details":"Sophie Buyse \u2014 Maelstr\u00d6m re\u00c9volution","translator":null,"weight":400,"page_count":null,"readership":null,"editor":"Maelstr\u00d6m re\u00c9volution","price":1600,"published_date":"2013-02-07T23:00:00.000000Z","support":"Grand format","publisher_availability":1,"stock":0,"editions":[],"url":"https:\/\/quaidesbrumes.com\/ouvrage\/9782875050212\/confidences-de-lolivier"},{"id":"9782930452234","title":"Mes chaussures dans le foss\u00e9 ; parcours d'une fille de colon belge au Congo","description":"A travers une succession de petites sc\u00e8nes imag\u00e9es de la vie quotidienne, Annette Kreuwels nous conte son parcours de fille de colon belge au Congo, ce pays o\u00f9 elle est n\u00e9e, o\u00f9 elle a grandi. Ce pays dont tous ses sens sont impr\u00e9gn\u00e9s. A travers ce parcours de vie, l'auteur nous livre, avec vivacit\u00e9 et humour, l'impact d'une histoire singuli\u00e8re mais aussi collective, celle qui a marqu\u00e9 toute une g\u00e9n\u00e9ration d'enfants blancs n\u00e9s au Congo, qui se sentent m\u00e9tis dans l'\u00e2me...","authors":["Annette Kreuwels"],"category_codes":["1000000","1010000"],"visuals":{"large":"https:\/\/images.epagine.fr\/234\/9782930452234_1_75.jpg","medium":"https:\/\/images.epagine.fr\/234\/9782930452234_1_m.jpg","thumbnail":"https:\/\/images.epagine.fr\/234\/9782930452234_1_v.jpg"},"orderable":true,"show_badge":true,"formatted_price":"15,00&nbsp;\u20ac","formatted_published_date":"11 juillet 2014","publisher_availability_label":"Sur commande","short_details":"Annette Kreuwels \u2014 Traces De Vie","translator":null,"weight":180,"page_count":124,"readership":null,"editor":"Traces De Vie","price":1500,"published_date":"2014-07-10T22:00:00.000000Z","support":"Grand format","publisher_availability":1,"stock":0,"editions":[],"url":"https:\/\/quaidesbrumes.com\/ouvrage\/9782930452234\/mes-chaussures-dans-le-fosse-parcours-dune-fille-de-colon-belge-au-congo"},{"id":"9782875050182","title":"Les girafes du mal : roman jaune","description":"Quelqu'un est entr\u00e9 dans ma chambre avec un visage ultrap\u00e2le Ce n'\u00e9tait pas dieu, c'\u00e9tait Michael Jackson Il m'a dit \u00abEh tu viens Boris ? On va danser !\u00bb Dehors quelqu'un donnait des coups de klaxon \u00abJ'ai fait lire tes bouquins \u00e0 tous mes gamins surtout ton histoire d'amour avec la Girafe, m'a dit Michael, depuis quand aimes-tu les Girafes ?\u00bb \u00abEt toi, j'ai dit, depuis quand aimes-tu les gamins ?\u00bb","authors":["Crack Boris"],"category_codes":["1000000","1010000"],"visuals":{"large":"https:\/\/images.epagine.fr\/182\/9782875050182_1_75.jpg","medium":"https:\/\/images.epagine.fr\/182\/9782875050182_1_m.jpg","thumbnail":"https:\/\/images.epagine.fr\/182\/9782875050182_1_v.jpg"},"orderable":true,"show_badge":true,"formatted_price":"7,00&nbsp;\u20ac","formatted_published_date":"8 f\u00e9vrier 2013","publisher_availability_label":"Sur commande","short_details":"Crack Boris \u2014 Maelstr\u00d6m re\u00c9volution","translator":null,"weight":200,"page_count":null,"readership":null,"editor":"Maelstr\u00d6m re\u00c9volution","price":700,"published_date":"2013-02-07T23:00:00.000000Z","support":"Grand format","publisher_availability":1,"stock":0,"editions":[],"url":"https:\/\/quaidesbrumes.com\/ouvrage\/9782875050182\/les-girafes-du-mal-roman-jaune"},{"id":"9782807100565","title":"Bruits d'eaux-la plage de daura","description":null,"authors":["Marco Martinelli"],"category_codes":["1000000","1010000"],"visuals":{"large":"https:\/\/images.epagine.fr\/565\/9782807100565_1_75.jpg","medium":"https:\/\/images.epagine.fr\/565\/9782807100565_1_m.jpg","thumbnail":"https:\/\/images.epagine.fr\/565\/9782807100565_1_v.jpg"},"orderable":true,"show_badge":true,"formatted_price":"12,00&nbsp;\u20ac","formatted_published_date":"15 juin 2015","publisher_availability_label":"Sur commande","short_details":"Marco Martinelli \u2014 Lansman","translator":null,"weight":95,"page_count":null,"readership":null,"editor":"Lansman","price":1200,"published_date":"2015-06-14T22:00:00.000000Z","support":"Grand format","publisher_availability":1,"stock":0,"editions":[],"url":"https:\/\/quaidesbrumes.com\/ouvrage\/9782807100565\/bruits-deaux-la-plage-de-daura"},{"id":"9782829004223","title":"La petite monnaie des jours","description":"La nouvelle \u00e9dition de ce r\u00e9cit comprend la publication d'un m\u00e9moire d'Eug\u00e8ne Kaupert, Ex\u00e9cution de Jacob Lausselet \u00e0 Rolle le 9 Septembre 1846, court r\u00e9cit, suivi de Quelques r\u00e9flexions sur la peine de mort.","authors":["Janine Massard"],"category_codes":["1000000","1010000"],"visuals":{"large":"https:\/\/images.epagine.fr\/223\/9782829004223_1_75.jpg","medium":"https:\/\/images.epagine.fr\/223\/9782829004223_1_m.jpg","thumbnail":"https:\/\/images.epagine.fr\/223\/9782829004223_1_v.jpg"},"orderable":true,"show_badge":true,"formatted_price":"12,00&nbsp;\u20ac","formatted_published_date":"20 avril 2013","publisher_availability_label":"Sur commande","short_details":"Janine Massard \u2014 D'En Bas","translator":null,"weight":157,"page_count":188,"readership":null,"editor":"D'En Bas","price":1200,"published_date":"2013-04-19T22:00:00.000000Z","support":"Grand format","publisher_availability":1,"stock":0,"editions":["9782829000737"],"url":"https:\/\/quaidesbrumes.com\/ouvrage\/9782829004223\/la-petite-monnaie-des-jours"},{"id":"9782845472242","title":"Aux g\u00e9monies","description":"Pour mettre \u00e0 l'\u00e9preuve leur amiti\u00e9 malmen\u00e9e par une rivalit\u00e9 amoureuse, deux jeunes photographes, Matthias et Vivien, amis depuis le lyc\u00e9e, d\u00e9cident de partir en reportage \u00e0 l'autre bout du monde. Ils devront suivre les troupes d'une force internationale dans les for\u00eats et montagnes de Birmanie afin de \u00ab couvrir \u00bb la destruction de champs de pavots dans le c\u00e9l\u00e8bre Triangle d'or. C'est l\u00e0, dans ce no man's land entre trois fronti\u00e8res, qu'ils tomberont aux mains de rebelles et de trafiquants et conna\u00eetront l'enfer d'un camp de prisonniers dans la jungle. Et ce n'est plus simplement leur camaraderie qui est en jeu, mais leur vie m\u00eame.","authors":["Eric Jourdan"],"category_codes":["1000000","1020000","1021000"],"visuals":{"large":"https:\/\/images.epagine.fr\/242\/9782845472242_1_75.jpg","medium":"https:\/\/images.epagine.fr\/242\/9782845472242_1_m.jpg","thumbnail":"https:\/\/images.epagine.fr\/242\/9782845472242_1_v.jpg"},"orderable":true,"show_badge":true,"formatted_price":"19,00&nbsp;\u20ac","formatted_published_date":"6 octobre 2010","publisher_availability_label":"Sur commande","short_details":"Eric Jourdan \u2014 H&O","translator":null,"weight":382,"page_count":null,"readership":"\u00e0 partir de 16 ans","editor":"H&O","price":1900,"published_date":"2010-10-05T22:00:00.000000Z","support":"Grand format","publisher_availability":1,"stock":0,"editions":[],"url":"https:\/\/quaidesbrumes.com\/ouvrage\/9782845472242\/aux-gemonies"},{"id":"9782954224220","title":"Dans la foret d'une vie... : des arbres, des hommes et des betes","description":null,"authors":["G\u00e9ralde Nakam"],"category_codes":["1000000","1010000"],"visuals":{"large":"https:\/\/images.epagine.fr\/220\/9782954224220_1_75.jpg","medium":"https:\/\/images.epagine.fr\/220\/9782954224220_1_m.jpg","thumbnail":"https:\/\/images.epagine.fr\/220\/9782954224220_1_v.jpg"},"orderable":true,"show_badge":true,"formatted_price":"19,99&nbsp;\u20ac","formatted_published_date":"20 novembre 2014","publisher_availability_label":"Sur commande","short_details":"G\u00e9ralde Nakam \u2014 Heliomir","translator":null,"weight":500,"page_count":null,"readership":null,"editor":"Heliomir","price":1999,"published_date":"2014-11-19T23:00:00.000000Z","support":"Grand format","publisher_availability":1,"stock":0,"editions":[],"url":"https:\/\/quaidesbrumes.com\/ouvrage\/9782954224220\/dans-la-foret-dune-vie-des-arbres-des-hommes-et-des-betes"},{"id":"9782246775614","title":"L'homme mouill\u00e9","description":"1938, Budapest. Un homme se r\u00e9veille couvert de sueur. L'annexion de l'Autriche par l'Allemagne est proclam\u00e9e. Le parti nationaliste hongrois f\u00eate la premi\u00e8re victoire du Reich. La quantit\u00e9 de sueur augmente, son analyse d\u00e9c\u00e8le une composition proche de celle de l'eau de mer, riche en sel et contenant des algues. Faut-il soigner Pal Vadas, fonctionnaire mod\u00e8le enr\u00f4l\u00e9 malgr\u00e9 lui dans le camp nazi ? Faut-il l'\u00e9liminer ? Doit-il fuir ou se soumettre ?Roman troublant et fort, qui r\u00e9v\u00e8le la folie d'une \u00e9poque, L'homme mouill\u00e9 est l'histoire d'une sentinelle de l'angoisse.","authors":["Antoine S\u00e9nanque"],"category_codes":["1000000","1010000"],"visuals":{"large":"https:\/\/images.epagine.fr\/614\/9782246775614_1_75.jpg","medium":"https:\/\/images.epagine.fr\/614\/9782246775614_1_m.jpg","thumbnail":"https:\/\/images.epagine.fr\/614\/9782246775614_1_v.jpg"},"orderable":true,"show_badge":true,"formatted_price":"17,30&nbsp;\u20ac","formatted_published_date":"1er septembre 2010","publisher_availability_label":"Sur commande","short_details":"Antoine S\u00e9nanque \u2014 \u00c9ditions Grasset","translator":null,"weight":196,"page_count":208,"readership":null,"editor":"\u00c9ditions Grasset","price":1730,"published_date":"2010-08-31T22:00:00.000000Z","support":"Grand format","publisher_availability":1,"stock":0,"editions":[],"url":"https:\/\/quaidesbrumes.com\/ouvrage\/9782246775614\/lhomme-mouille"}]}