{"data":[{"id":"9782815907095","title":"Sauver une vie","description":"Sun Chang est professeur d'universit\u00e9 et m\u00e8ne une vie paisible \u00e0 P\u00e9kin, entre femme et enfant. Mais voil\u00e0 qu'un gar\u00e7on nomm\u00e9 Zheng Shiyou fait irruption chez lui et le supplie de l'aide : sa petite amie veut se suicider ! Elle s'appelle Mai Keke et est persuad\u00e9e qu'il ne l'\u00e9pousera jamais. Sun Chang les raisonne, engage la parole du jeune homme. qui aussit\u00f4t se volatilise ! Mai Keke n'aura alors plus qu'une seule id\u00e9e en t\u00eate, celle de mourir : Sun Chang et son \u00e9pouse auront beaucoup \u00e0 faire pour l'en emp\u00eacher. \r\nDong Xi, avec sa verve habituelle, nous offre une description particuli\u00e8rement d\u00e9cal\u00e9e du quotidien d'un couple de citadins chinois. Un plaisir de lecture !\r","authors":["Dong Xi","Philippe Aronson"],"category_codes":["1000000","1010000"],"visuals":{"large":"https:\/\/images.epagine.fr\/095\/9782815907095_1_75.jpg","medium":"https:\/\/images.epagine.fr\/095\/9782815907095_1_m.jpg","thumbnail":"https:\/\/images.epagine.fr\/095\/9782815907095_1_v.jpg"},"orderable":true,"show_badge":true,"formatted_price":"13,90&nbsp;\u20ac","formatted_published_date":"15 f\u00e9vrier 2013","publisher_availability_label":"Sur commande","short_details":"Dong Xi, Philippe Aronson \u2014 Editions de l'Aube","translator":"PHILIPPE ARONSON","weight":148,"page_count":139,"readership":null,"editor":"Editions de l'Aube","price":1390,"published_date":"2013-02-14T23:00:00.000000Z","support":"Grand format","publisher_availability":1,"stock":0,"editions":[],"url":"https:\/\/quaidesbrumes.com\/ouvrage\/9782815907095\/sauver-une-vie"},{"id":"9782960066159","title":"Images de namur fortifiee. dessins, ecrits et documents rares ou inedits","description":"Les vingt-deux documents pr\u00e9sent\u00e9s ici sont, \u00e0 l'exception d'un, dans le domaine priv\u00e9 depuis des d\u00e9cennies. Leur fil conducteur est l'histoire militaire namuroise des quatre derniers si\u00e8cles.\r","authors":["Collectif"],"category_codes":["1000000","1010000"],"visuals":{"large":"https:\/\/images.epagine.fr\/159\/9782960066159_1_75.jpg","medium":"https:\/\/images.epagine.fr\/159\/9782960066159_1_m.jpg","thumbnail":"https:\/\/images.epagine.fr\/159\/9782960066159_1_v.jpg"},"orderable":true,"show_badge":true,"formatted_price":"15,00&nbsp;\u20ac","formatted_published_date":"1er janvier 2009","publisher_availability_label":"Sur commande","short_details":"Collectif \u2014 Editions Namuroises","translator":null,"weight":400,"page_count":null,"readership":null,"editor":"Editions Namuroises","price":1500,"published_date":"2008-12-31T23:00:00.000000Z","support":"Grand format","publisher_availability":1,"stock":0,"editions":[],"url":"https:\/\/quaidesbrumes.com\/ouvrage\/9782960066159\/images-de-namur-fortifiee-dessins-ecrits-et-documents-rares-ou-inedits"},{"id":"9782848765068","title":"Les brasseurs de la ville","description":"Port-au-Prince. Une famille n\u00e9gocie sa survie au jour le jour : il est ma\u00eetre pelle sur un chantier ; elle est repasseuse chez les messieurs c\u00e9libataires du quartier, n'h\u00e9sitant pas \u00e0 se donner \u00e0 eux car sinon \u00ab la chaudi\u00e8re ne monterait pas le feu \u00bb. Cinq enfants. Leur fille a\u00een\u00e9e, Babette, adolescente, est leur seul espoir : elle a son brevet, et sa beaut\u00e9 leur offrira un gendre riche. Sa m\u00e8re la r\u00eave en Shakira.\r\n\r\nUn certain M. Erickson se pr\u00e9sente un jour, bien plus \u00e2g\u00e9 qu'elle, g\u00e9n\u00e9reux pour la famille qu'il installe dans une confortable maison. Mais qui est-il r\u00e9ellement, cet homme myst\u00e9rieux aux trois ma\u00eetresses, vivant dans le luxe, entour\u00e9 de gardes du corps ? Pourquoi m\u00e9tamorphose-t-il Babette en blonde au point que le quartier la nomme dor\u00e9navant la Barbie d'Erickson ?\r\n\r\nSa m\u00e8re constate, d\u00e9sol\u00e9e : \u00ab Ma fille n'est plus ma fille \u00bb. En \u00ab putanisant \u00bb Babette, ses parents semblent s'\u00eatre engag\u00e9s sur une voie aux multiples p\u00e9rils, dont ils pressentent avec effroi qu'elle est sans retour.\r\n\r\nDans Les brasseurs de la ville, \u00e9pop\u00e9e \u00e0 travers les quartiers pauvres de Port-au-Prince, chaque personnage invente ses propres pas pour danser avec sa croix. Evains W\u00eache signe un talentueux premier roman qui met en lumi\u00e8re la lutte du peuple ha\u00eftien contre la d\u00e9ch\u00e9ance et la mort, un peuple qui brasse la ville entre les bruits et les fureurs o\u00f9 s'entrem\u00ealent des histoires de courage, d'amour et de folie.\r","authors":["Evains W\u00eache"],"category_codes":["1000000","1010000"],"visuals":{"large":"https:\/\/images.epagine.fr\/068\/9782848765068_1_75.jpg","medium":"https:\/\/images.epagine.fr\/068\/9782848765068_1_m.jpg","thumbnail":"https:\/\/images.epagine.fr\/068\/9782848765068_1_v.jpg"},"orderable":true,"show_badge":true,"formatted_price":"17,00&nbsp;\u20ac","formatted_published_date":"7 janvier 2016","publisher_availability_label":"Sur commande","short_details":"Evains W\u00eache \u2014 \u00c9ditions Philippe Rey","translator":null,"weight":290,"page_count":192,"readership":null,"editor":"\u00c9ditions Philippe Rey","price":1700,"published_date":"2016-01-06T23:00:00.000000Z","support":"Grand format","publisher_availability":1,"stock":0,"editions":[],"url":"https:\/\/quaidesbrumes.com\/ouvrage\/9782848765068\/les-brasseurs-de-la-ville"},{"id":"9782960066142","title":"Namur et ses enceintes. une fortification urbaine du moyen age a nos jours","description":"Depuis les Promenades dans Namur de l'archiviste Jules Borgnet, soit depuis cent cinquante ans, l'histoire des enceintes de Namur n'a plus fait l'objet d'une synth\u00e8se utilisant des sources nouvelles, belges et \u00e9trang\u00e8res. Au-del\u00e0 des noms de rues, au-del\u00e0 des rares \u00e9l\u00e9ments disparates qui ont surv\u00e9cu, ces pages racontent et expliquent ce qui a fait de la cit\u00e9 mosane, outre ses ch\u00e2teaux, une place de guerre majeure.\r","authors":["Collectif"],"category_codes":["1000000","1010000"],"visuals":{"large":"https:\/\/images.epagine.fr\/142\/9782960066142_1_75.jpg","medium":"https:\/\/images.epagine.fr\/142\/9782960066142_1_m.jpg","thumbnail":"https:\/\/images.epagine.fr\/142\/9782960066142_1_v.jpg"},"orderable":true,"show_badge":true,"formatted_price":"28,00&nbsp;\u20ac","formatted_published_date":"1er janvier 2009","publisher_availability_label":"Sur commande","short_details":"Collectif \u2014 Editions Namuroises","translator":null,"weight":600,"page_count":null,"readership":null,"editor":"Editions Namuroises","price":2800,"published_date":"2008-12-31T23:00:00.000000Z","support":"Grand format","publisher_availability":1,"stock":0,"editions":[],"url":"https:\/\/quaidesbrumes.com\/ouvrage\/9782960066142\/namur-et-ses-enceintes-une-fortification-urbaine-du-moyen-age-a-nos-jours"},{"id":"9782757002612","title":"Stelios le boiteux","description":"Une nuit, on se r\u00e9veille et on pense \u00e0 des amis, \u00e0 des proches, \u00e0 des gens que l'on a crois\u00e9s. On retrouve des sensations peu communes, des impressions fugaces qui marquent au fer rouge. Fatigu\u00e9 par l'insomnie, on t\u00e2tonne en essayant de comprendre, on veut porter la lumi\u00e8re sur ces fragments d'\u00e9ternit\u00e9 qui laissent entrevoir une beaut\u00e9 sauvage.Le lecteur pourrait croire que les portraits irr\u00e9guliers et chaotiques qui hantent ce recueil n'ont gu\u00e8re de points communs, que Stelios le boiteux est \u00e9loign\u00e9 des gens de maison, de Marius le Bulgare, ou des plongeurs latinos... Mais, ces libert\u00e9s explorent l'existence jusque dans la mort, le rire ou l'asservissement.","authors":["Rodolphe Perrin"],"category_codes":["1000000","1010000"],"visuals":{"large":"https:\/\/images.epagine.fr\/612\/9782757002612_1_75.jpg","medium":"https:\/\/images.epagine.fr\/612\/9782757002612_1_m.jpg","thumbnail":"https:\/\/images.epagine.fr\/612\/9782757002612_1_v.jpg"},"orderable":true,"show_badge":true,"formatted_price":"17,00&nbsp;\u20ac","formatted_published_date":"5 avril 2013","publisher_availability_label":"Sur commande","short_details":"Rodolphe Perrin \u2014 Jacques Andre","translator":null,"weight":180,"page_count":192,"readership":null,"editor":"Jacques Andre","price":1700,"published_date":"2013-04-04T22:00:00.000000Z","support":"Grand format","publisher_availability":1,"stock":0,"editions":[],"url":"https:\/\/quaidesbrumes.com\/ouvrage\/9782757002612\/stelios-le-boiteux"},{"id":"9782213663180","title":"\u00e0 la gr\u00e2ce ; une enfance dans les corons","description":"\u00ab Au Nord \u00bb, au temps du G\u00e9n\u00e9ral, une cit\u00e9 n\u00e9e du charbon sur une colline d'Artois, avec terril et clocher, sa mairie communiste et ses belles demeures d'ing\u00e9nieurs. Les \u00e9l\u00e8ves admis au certif y recevaient les accolades khrouchtch\u00e9viennes des camarades \u00e9lus. Les hommes r\u00eavaient du stade Bollaert. Les m\u00e8res filaient \u00e0 la messe pour que leur petit ait le droit de faire sa communion avec monsieur le cur\u00e9. La m\u00e8re de l'auteur en particulier, qui l'\u00e9levait seule avec trois fois rien, mais gardait chevill\u00e9e \u00e0 l'\u00e2me sa foi dans la gr\u00e2ce de Dieu.\r\nCe peuple des \u00ab z'houill\u00e8res \u00bb partageait les m\u00eames joies et les m\u00eames peines. La solidarit\u00e9 luttait pied \u00e0 pied avec la rudesse de l'existence. Comment ne pas se souvenir de l'attachement visc\u00e9ral de ces gens peu ordinaires \u00e0 leurs maisons de briques, leurs potagers, qui ne les emp\u00eachait pas de souhaiter tout aussi ardemment que leurs enfants en sortent, s'en \u00e9loignent le plus possible, et jamais plus ne travaillent de leurs mains ? Daniel Carton en est sorti, sans doute. Ou pas tout \u00e0 fait, puisque ce livre y revient.\r\nJournaliste politique pendant dix ans au Monde puis grand reporter au Nouvel Observateur, Daniel Carton se consacre d\u00e9sormais \u00e0 l'\u00e9criture.","authors":["Daniel Carton"],"category_codes":["1000000","1010000"],"visuals":{"large":"https:\/\/images.epagine.fr\/180\/9782213663180_1_75.jpg","medium":"https:\/\/images.epagine.fr\/180\/9782213663180_1_m.jpg","thumbnail":"https:\/\/images.epagine.fr\/180\/9782213663180_1_v.jpg"},"orderable":true,"show_badge":true,"formatted_price":"22,00&nbsp;\u20ac","formatted_published_date":"6 mars 2013","publisher_availability_label":"Sur commande","short_details":"Daniel Carton \u2014 Fayard","translator":null,"weight":316,"page_count":224,"readership":null,"editor":"Fayard","price":2200,"published_date":"2013-03-05T23:00:00.000000Z","support":"Grand format","publisher_availability":1,"stock":0,"editions":[],"url":"https:\/\/quaidesbrumes.com\/ouvrage\/9782213663180\/a-la-grace-une-enfance-dans-les-corons"},{"id":"9782848195148","title":"Des vies si diff\u00e9rentes...","description":"Qu'y a t'il de commun entre l'insecte et le pachyderme, le fauve et l'animal domestique ? Presque rien, sinon cette \u00e9tranget\u00e9 qui s'appelle la vie et le fait que ces cr\u00e9atures avec lesquelles nous partageons un espace-temps tissent, avec nous, des liens singuliers. Ces pages, qui rel\u00e8vent de la fiction ou parfois de la po\u00e9sie, sont \u00e9loign\u00e9es de la pure connaissance scientifique. Elles parlent cependant de ce que la plupart d'entre nous ont d\u00e9j\u00e0 exp\u00e9riment\u00e9 ; l'\u00e9tonnement devant un monde animal myst\u00e9rieux et d\u00e9routant.\r\nMon \u00e9ditrice s'est sp\u00e9cialis\u00e9e dans la publication d'ouvrages d'art concernant le patrimoine, des romans du terroir et de la litt\u00e9rature. Elle peut se flatter d'avoir dans son \u00e9curie quelques belles plumes. Mais, si elle avait d\u00e9couvert Alexandre Dumas, \" Le comte de Monte-Cristo \" aurait \u00e9t\u00e9 d\u00e9fini comme relevant du roman r\u00e9gionaliste. Je lui conseille parfois de se faire parisienne, uniquement pour mieux valider son activit\u00e9 culturelle. J'ai toujours eu l'amour du livre et le contenu de mes lectures m'a g\u00e9n\u00e9ralement sembl\u00e9 plus vraisemblable que la froide r\u00e9alit\u00e9. Mon imaginaire \u00e9claire les \u00e9v\u00e9nements que je traverse, en me rendant l'existence plus soutenable. Mais dans l'\u00e9criture, je prends ma revanche. Je suis l\u00e0 dans la toute puissance. Je peux enfin battre les cartes et faire vivre \u00e0 ma guise mes protagonistes. Dans mes deux derniers romans, je n'en ai tu\u00e9 aucun. Dans \" le Prince et l'Ultime Dimension \" la plupart de mes personnages \u00e9taient d\u00e9j\u00e0 morts. Cela m'a facilit\u00e9 la t\u00e2che. Dans \" Valentin l'\u00e9ternel \" le h\u00e9ros se porte encore tr\u00e8s bien. Je souhaite que \" Des vies si diff\u00e9rentes... \" soit un hommage \u00e0 des existences distinctes, mais si souvent semblables.\r","authors":["Daniel Tiple"],"category_codes":["1000000","1010000"],"visuals":{"large":"https:\/\/images.epagine.fr\/148\/9782848195148_1_75.jpg","medium":"https:\/\/images.epagine.fr\/148\/9782848195148_1_m.jpg","thumbnail":"https:\/\/images.epagine.fr\/148\/9782848195148_1_v.jpg"},"orderable":true,"show_badge":true,"formatted_price":"15,00&nbsp;\u20ac","formatted_published_date":"2 avril 2014","publisher_availability_label":"Sur commande","short_details":"Daniel Tiple \u2014 CREER","translator":null,"weight":206,"page_count":182,"readership":null,"editor":"CREER","price":1500,"published_date":"2014-04-01T22:00:00.000000Z","support":"Grand format","publisher_availability":1,"stock":0,"editions":[],"url":"https:\/\/quaidesbrumes.com\/ouvrage\/9782848195148\/des-vies-si-differentes"},{"id":"9782702144220","title":"As-tu jamais r\u00eav\u00e9 que tu volais ?","description":"Autriche, 1928. Un jeune homme de vingt-deux ans est injustement accus\u00e9 du meurtre de son p\u00e8re. Il est la proie d'un syst\u00e8me judiciaire gangren\u00e9 par la corruption et la mont\u00e9e inexorable du nazisme. Albert Einstein et Thomas Mann se portent garants de sa personne. Sigmund Freud est appel\u00e9 \u00e0 la barre. La parodie de proc\u00e8s qui s'ensuit va \u00e9branler l'Europe.\r\n\r\n \u00ab As-tu jamais r\u00eav\u00e9 que tu volais ? \u00bb Bouff\u00e9e d'espoir et d'onirisme dans un monde hostile et destructeur, ces mots sont ceux qu'adresse depuis sa ge\u00f4le le jeune Philippe \u00e0 sa fianc\u00e9e alors que l'envie de mettre fin \u00e0 ses jours le taraude. Plong\u00e9 dans les t\u00e9n\u00e8bres de l'iniquit\u00e9, de la culpabilit\u00e9 et de la haine de soi, il \u00e9chappe \u00e0 la mort gr\u00e2ce \u00e0 une mobilisation internationale.La vie rejaillit alors plus puissante que jamais, et Philippe s'y accroche, d\u00e9termin\u00e9 \u00e0 s'\u00e9lancer vers la lumi\u00e8re, cette lumi\u00e8re qu'il emploiera comme d'autres utilisent un pinceau. Il trouvera asile en France, croisera la route de Gide, des surr\u00e9alistes, avant de s'enfuir pour les \u00c9tats-Unis o\u00f9 l'attend un destin fabuleux - ses collaborations avec Marilyn Monroe, Alfred Hitchcock ou Salvador Dali sont entr\u00e9es dans la m\u00e9moire collective. De cette force de rebond na\u00eetra l'artiste : Philippe Halsman, photographe de g\u00e9nie, qui mettra son exp\u00e9rience personnelle au service de son art, en faisant sauter les plus grands de son temps.Avec une pr\u00e9cision psychologique et une finesse infi nies, Austin Ratner nous immerge dans l'enfer personnel de Philippe Halsman. M\u00ealant la fiction et la litt\u00e9rature aux d\u00e9tails historiques et biographiques, As-tu jamais r\u00eav\u00e9 que tu volais ? rend un hommage vibrant \u00e0 l'un des photographes les plus dou\u00e9s au monde.","authors":["Austin Ratner","Edith Ochs"],"category_codes":["1000000","1010000"],"visuals":{"large":"https:\/\/images.epagine.fr\/220\/9782702144220_1_75.jpg","medium":"https:\/\/images.epagine.fr\/220\/9782702144220_1_m.jpg","thumbnail":"https:\/\/images.epagine.fr\/220\/9782702144220_1_v.jpg"},"orderable":true,"show_badge":true,"formatted_price":"23,80&nbsp;\u20ac","formatted_published_date":"21 ao\u00fbt 2013","publisher_availability_label":"Sur commande","short_details":"Austin Ratner, Edith Ochs \u2014 Calmann-L\u00e9vy","translator":"EDITH OCHS","weight":424,"page_count":336,"readership":null,"editor":"Calmann-L\u00e9vy","price":2380,"published_date":"2013-08-20T22:00:00.000000Z","support":"Grand format","publisher_availability":1,"stock":0,"editions":[],"url":"https:\/\/quaidesbrumes.com\/ouvrage\/9782702144220\/as-tu-jamais-reve-que-tu-volais"},{"id":"9782954723419","title":"H\u00f4tel des morts","description":"O\u00f9 l'on apprend comment faire avec les revenants qui, porteurs d'un pass\u00e9, entendent jouer avec notre pr\u00e9sent. Une histoire d'amour d\u00e9licate, un propos sur la mort, une \u00e9criture de nuance et d'\u00e9motion.\r","authors":["Elodie Marillier"],"category_codes":["1000000","1010000"],"visuals":{"large":"https:\/\/images.epagine.fr\/419\/9782954723419_1_75.jpg","medium":"https:\/\/images.epagine.fr\/419\/9782954723419_1_m.jpg","thumbnail":"https:\/\/images.epagine.fr\/419\/9782954723419_1_v.jpg"},"orderable":true,"show_badge":true,"formatted_price":"14,00&nbsp;\u20ac","formatted_published_date":"23 janvier 2014","publisher_availability_label":"Sur commande","short_details":"Elodie Marillier \u2014 Editions Du Crabe","translator":null,"weight":174,"page_count":160,"readership":null,"editor":"Editions Du Crabe","price":1400,"published_date":"2014-01-22T23:00:00.000000Z","support":"Grand format","publisher_availability":1,"stock":0,"editions":[],"url":"https:\/\/quaidesbrumes.com\/ouvrage\/9782954723419\/hotel-des-morts"},{"id":"9782917576663","title":"Le plus beau des noms","description":"Comment mettre en mots une douleur ineffable, tapie dans vos entrailles, qui vous tient prisonni\u00e8re d'un r\u00eave inassouvi ? C'est teint\u00e9es d'\u00e9motions, de sinc\u00e9rit\u00e9 et de finesse que les quatre plumes r\u00e9unies dans ce recueil ont tent\u00e9 d'appr\u00e9hender cette douleur qu'est la st\u00e9rilit\u00e9. Quand le d\u00e9sir, que dire la n\u00e9cessit\u00e9 d'enfanter, d\u00e9passent les bornes du r\u00e9alisable, il va sans dire que le monde s'en retrouve chamboul\u00e9. C'est \u00e0 juste titre donc, que Lamartine disait : \u00ab un \u00eatre vous manque et tout est d\u00e9peupl\u00e9\u00bb. Il y a des paroles qui \u00e0 jamais marquent l'esprit en tatouant en lettres ind\u00e9l\u00e9biles des mots durs sur le ventre d'une femme. Ces mots, Charline Effah, Miryl Eteno, Muetse-Destin\u00e9e Mboga et Edna Merey-Apinda les ont apprivois\u00e9s pour en faire un chapelet, comme pour dire et rappeler que la vie se greffe l\u00e0 o\u00f9 r\u00e9siste l'espoir.","authors":["Charline Effah","Miryl nadia Eteno","Muetse-destin\u00e9e Mboga","Edna Merey-apinda"],"category_codes":["1000000","1010000","1010100"],"visuals":{"large":"https:\/\/images.epagine.fr\/663\/9782917576663_1_75.jpg","medium":"https:\/\/images.epagine.fr\/663\/9782917576663_1_m.jpg","thumbnail":"https:\/\/images.epagine.fr\/663\/9782917576663_1_v.jpg"},"orderable":true,"show_badge":true,"formatted_price":"15,00&nbsp;\u20ac","formatted_published_date":"1er septembre 2015","publisher_availability_label":"Sur commande","short_details":"Charline Effah, Miryl nadia Eteno, Muetse-destin\u00e9e Mboga, Edna Merey-apinda \u2014 La Doxa","translator":null,"weight":400,"page_count":164,"readership":null,"editor":"La Doxa","price":1500,"published_date":"2015-08-31T22:00:00.000000Z","support":"Grand format","publisher_availability":1,"stock":0,"editions":[],"url":"https:\/\/quaidesbrumes.com\/ouvrage\/9782917576663\/le-plus-beau-des-noms"},{"id":"9782367900407","title":"Les enqu\u00eates d'Erwin Flon ; Elucidez-les vous-m\u00eame !","description":"Dans ce troisi\u00e8me tome du Secret des Honnelles intitul\u00e9 Les Enqu\u00eates d'Erwin Flon, le d\u00e9tective, c'est vous nous dit Fabrice Lisiecki ! D\u00e9veloppez votre esprit d'observation et de d\u00e9duction. Jalonn\u00e9es sur fond de romantisme et d'humour, ces 13 enqu\u00eates sont \u00e0 r\u00e9soudre pour le plus grand plaisir des petits et pour que les grands se fassent un petit plaisir. D\u00e9nouez-les en famille, c'est plus rigolo. Elles sont gradu\u00e9es comme les ceintures de judo.\r\n   A vous de trouver la solution et gare aux fausses pistes !\r","authors":["Fabrice Lisiecki"],"category_codes":["1000000","1010000","1010100"],"visuals":{"large":"https:\/\/quaidesbrumes.com\/img\/book-placeholder.png","medium":"https:\/\/quaidesbrumes.com\/img\/book-placeholder.png","thumbnail":"https:\/\/quaidesbrumes.com\/img\/book-placeholder.png"},"orderable":true,"show_badge":true,"formatted_price":"12,00&nbsp;\u20ac","formatted_published_date":"3 septembre 2014","publisher_availability_label":"Sur commande","short_details":"Fabrice Lisiecki \u2014 Nord Avril","translator":null,"weight":250,"page_count":null,"readership":null,"editor":"Nord Avril","price":1200,"published_date":"2014-09-02T22:00:00.000000Z","support":"Grand format","publisher_availability":1,"stock":0,"editions":[],"url":"https:\/\/quaidesbrumes.com\/ouvrage\/9782367900407\/les-enquetes-derwin-flon-elucidez-les-vous-meme"},{"id":"9782290221334","title":"Les illusionnistes","description":"Luke et Roxanne. Le roi des \u00e9vasions et la princesse des magiciennes. Ils se sont rencontr\u00e9s enfants, ignor\u00e9s adolescents, puis ont partag\u00e9 les joies de la sc\u00e8ne, du cambriolage et de l'amour \u00e0 l'\u00e2ge adulte. Mais Luke, victime d'un odieux chantage, a d\u00fb fuir La Nouvelle-Orl\u00e9ans et abandonner sa bien-aim\u00e9e, qui portait le fruit de leur passion. Cinq ans plus tard, il est de retour, et c'est dans sa loge qu'il attend Roxanne. Devant l'accueil glacial que lui r\u00e9serve la jeune femme, il d\u00e9ploie toutes ses armes pour la faire sourire. R\u00e9ussira-t-il \u00e0 la reconqu\u00e9rir ?\r","authors":["Nora Roberts","Sophie Dalle"],"category_codes":["1000000","1010000"],"visuals":{"large":"https:\/\/images.epagine.fr\/334\/9782290221334_1_75.jpg","medium":"https:\/\/images.epagine.fr\/334\/9782290221334_1_m.jpg","thumbnail":"https:\/\/images.epagine.fr\/334\/9782290221334_1_v.jpg"},"orderable":true,"show_badge":true,"formatted_price":"8,40&nbsp;\u20ac","formatted_published_date":"9 juin 2021","publisher_availability_label":"Sur commande","short_details":"Nora Roberts, Sophie Dalle \u2014 J'ai Lu","translator":"SOPHIE DALLE","weight":318,"page_count":608,"readership":null,"editor":"J'ai Lu","price":840,"published_date":"2021-06-08T22:00:00.000000Z","support":"Poche","publisher_availability":1,"stock":0,"editions":[],"url":"https:\/\/quaidesbrumes.com\/ouvrage\/9782290221334\/les-illusionnistes"},{"id":"9782829004155","title":"Derniers murmures derriere les murs - recits","description":null,"authors":["Feuz Laurent"],"category_codes":["1000000","1010000"],"visuals":{"large":"https:\/\/images.epagine.fr\/155\/9782829004155_1_75.jpg","medium":"https:\/\/images.epagine.fr\/155\/9782829004155_1_m.jpg","thumbnail":"https:\/\/images.epagine.fr\/155\/9782829004155_1_v.jpg"},"orderable":true,"show_badge":true,"formatted_price":"13,00&nbsp;\u20ac","formatted_published_date":"1er janvier 2011","publisher_availability_label":"Sur commande","short_details":"Feuz Laurent \u2014 D'En Bas","translator":null,"weight":194,"page_count":null,"readership":null,"editor":"D'En Bas","price":1300,"published_date":"2010-12-31T23:00:00.000000Z","support":"Grand format","publisher_availability":1,"stock":0,"editions":[],"url":"https:\/\/quaidesbrumes.com\/ouvrage\/9782829004155\/derniers-murmures-derriere-les-murs-recits"},{"id":"9782246787389","title":"Du temps qu'on existait","description":"Cela commence par un enterrement. Cela finit par un enterrement. Entre les deux deux, le mort raconte sa vie. Et quel enchantement ! Des ann\u00e9es 1970 \u00e0 nos jours, toute son entreprise va pr\u00e9cis\u00e9ment consister \u00e0 esquiver la vie et ses contraintes. Et ce jeune, puis moins jeune, puis vieux fils de famille va de maison en maison, de campagne en ville, et d'une ville dans une autre ville, v\u00e9ritable gitan de luxe qui prom\u00e8nera \u00e0 travers la France sa grande intelligence offusqu\u00e9e par la vulgarit\u00e9 des temps.\r\n\r\nM\u00e9lancolique et satirique, virtuose et touchant, voici l'\u00e9blouissant premier roman d'un jeune homme qui semble avoir mille ans.","authors":["Marien Defalvard"],"category_codes":["1000000","1010000"],"visuals":{"large":"https:\/\/images.epagine.fr\/389\/9782246787389_1_75.jpg","medium":"https:\/\/images.epagine.fr\/389\/9782246787389_1_m.jpg","thumbnail":"https:\/\/images.epagine.fr\/389\/9782246787389_1_v.jpg"},"orderable":true,"show_badge":true,"formatted_price":"20,80&nbsp;\u20ac","formatted_published_date":"31 ao\u00fbt 2011","publisher_availability_label":"Sur commande","short_details":"Marien Defalvard \u2014 \u00c9ditions Grasset","translator":null,"weight":365,"page_count":367,"readership":null,"editor":"\u00c9ditions Grasset","price":2080,"published_date":"2011-08-30T22:00:00.000000Z","support":"Grand format","publisher_availability":1,"stock":0,"editions":[],"url":"https:\/\/quaidesbrumes.com\/ouvrage\/9782246787389\/du-temps-quon-existait"},{"id":"9782874891731","title":"Le sexe oppos\u00e9","description":"Voici un personnage qui pour \u00eatre un homme tr\u00e8s ordinaire n'est pas n'importe qui : en quelques heures, il d\u00e9couvre que sa femme le trompe, re\u00e7oit un revolver dans un myst\u00e9rieux colis et fait la connaissance de l'amant. Faut-il y voir le signe du destin ou une machination particuli\u00e8rement machiav\u00e9lique ? Pour y voir clair, monsieur Sorg s'embarque dans un road movie \u00e0 travers la France, truff\u00e9 de surprises et de rencontres plus surprenantes les unes que les autres.\r\n\r\nDans un style \u00e0 la fois incisif et malicieux, Le Sexe oppos\u00e9 est un hommage au roman et au cin\u00e9ma noirs. On y apprendra entre autres choses que l'amour n'est pas le moindre des crimes et que la condition humaine n'\u00e9chappe au tragique que par l'humour et la d\u00e9rision.\r","authors":["Andr\u00e9-joseph Dubois"],"category_codes":["1000000","1010000"],"visuals":{"large":"https:\/\/images.epagine.fr\/731\/9782874891731_1_75.jpg","medium":"https:\/\/images.epagine.fr\/731\/9782874891731_1_m.jpg","thumbnail":"https:\/\/images.epagine.fr\/731\/9782874891731_1_v.jpg"},"orderable":true,"show_badge":true,"formatted_price":"16,00&nbsp;\u20ac","formatted_published_date":"1er f\u00e9vrier 2013","publisher_availability_label":"Sur commande","short_details":"Andr\u00e9-joseph Dubois \u2014 Weyrich","translator":null,"weight":384,"page_count":308,"readership":null,"editor":"Weyrich","price":1600,"published_date":"2013-01-31T23:00:00.000000Z","support":"Grand format","publisher_availability":1,"stock":0,"editions":[],"url":"https:\/\/quaidesbrumes.com\/ouvrage\/9782874891731\/le-sexe-oppose"},{"id":"9782296558830","title":"Mayotte-Marseille express","description":"Abdourahemane disparut dans l'escalier et Sud posa son sac. Enfin. Lui qui venait de d\u00e9barquer \u00e0 Mayotte sans aucune adresse en poche, il se dit qu'il n'\u00e9tait pas mal tomb\u00e9, finalement, ici, sur la terrasse du gars-Abdou, pour d\u00e9couvrir tout doucement cette petite \u00eele qui affole tant les radars g\u00e9ostrat\u00e9giques. Cela faisait longtemps qu'il voulait y venir, depuis le Mozambique en fait, quand ses copains mozambicains lui avaient dit, en sachant qu'il voulait s'y rendre : \u00ab Tu verras, Mayotte, c'est le Mozambique en France ! \u00bb\r","authors":["Fred Bonnet"],"category_codes":["1000000","1010000"],"visuals":{"large":"https:\/\/images.epagine.fr\/830\/9782296558830_1_75.jpg","medium":"https:\/\/images.epagine.fr\/830\/9782296558830_1_m.jpg","thumbnail":"https:\/\/images.epagine.fr\/830\/9782296558830_1_v.jpg"},"orderable":true,"show_badge":true,"formatted_price":"9,00&nbsp;\u20ac","formatted_published_date":"15 d\u00e9cembre 2011","publisher_availability_label":"Sur commande","short_details":"Fred Bonnet \u2014 \u00c9ditions L'Harmattan","translator":null,"weight":80,"page_count":null,"readership":null,"editor":"\u00c9ditions L'Harmattan","price":900,"published_date":"2011-12-14T23:00:00.000000Z","support":"Grand format","publisher_availability":1,"stock":0,"editions":[],"url":"https:\/\/quaidesbrumes.com\/ouvrage\/9782296558830\/mayotte-marseille-express"},{"id":"9782806102331","title":"Je m'appelle Ariel, mon pere \u00e9tait un fou de Shakespeare","description":"Deux artistes dans la trentaine, Ariel et Daniel, cherchent \u00e0 optimiser leurs talents. Le hasard les met sur la piste du Manoir de la Solitude o\u00f9 exerce un coach australien r\u00e9put\u00e9 d\u00e9tenir les meilleures techniques au monde. Dans ce cadre, un lien se tisse entre les deux hommes qu'un pass\u00e9 commun rattrape tandis que l'emprise du coach commence \u00e0 avoir des effets sur eux et sur la petite communaut\u00e9 des adeptes. Un fameux questionnement des techniques de d\u00e9veloppement personnel envahissant notre soci\u00e9t\u00e9 ! Un d\u00e9nouement inattendu.","authors":["Franca Doura"],"category_codes":["1000000","1010000"],"visuals":{"large":"https:\/\/images.epagine.fr\/331\/9782806102331_1_75.jpg","medium":"https:\/\/images.epagine.fr\/331\/9782806102331_1_m.jpg","thumbnail":"https:\/\/images.epagine.fr\/331\/9782806102331_1_v.jpg"},"orderable":true,"show_badge":true,"formatted_price":"19,50&nbsp;\u20ac","formatted_published_date":"9 juillet 2015","publisher_availability_label":"Sur commande","short_details":"Franca Doura \u2014 ACADEMIA","translator":null,"weight":230,"page_count":188,"readership":null,"editor":"ACADEMIA","price":1950,"published_date":"2015-07-08T22:00:00.000000Z","support":"Grand format","publisher_availability":1,"stock":0,"editions":[],"url":"https:\/\/quaidesbrumes.com\/ouvrage\/9782806102331\/je-mappelle-ariel-mon-pere-etait-un-fou-de-shakespeare"},{"id":"9782847124729","title":"Histoire de soigner ou le lavadonf","description":null,"authors":["De La Mede Collectid"],"category_codes":["1000000","1010000","1010100"],"visuals":{"large":"https:\/\/images.epagine.fr\/729\/9782847124729_1_75.jpg","medium":"https:\/\/images.epagine.fr\/729\/9782847124729_1_m.jpg","thumbnail":"https:\/\/images.epagine.fr\/729\/9782847124729_1_v.jpg"},"orderable":true,"show_badge":true,"formatted_price":"22,00&nbsp;\u20ac","formatted_published_date":"12 novembre 2015","publisher_availability_label":"Sur commande","short_details":"De La Mede Collectid \u2014 Petit Pave","translator":null,"weight":380,"page_count":null,"readership":null,"editor":"Petit Pave","price":2200,"published_date":"2015-11-11T23:00:00.000000Z","support":"Grand format","publisher_availability":1,"stock":0,"editions":[],"url":"https:\/\/quaidesbrumes.com\/ouvrage\/9782847124729\/histoire-de-soigner-ou-le-lavadonf"},{"id":"9782911041648","title":"Mes ann\u00e9es barbares","description":"\"Les quarante premi\u00e8res ann\u00e9es de ma vie ont \u00e9t\u00e9 des ann\u00e9es barbares. Effroyables. Suffocantes. Pendant des ann\u00e9es, je n'ai pas os\u00e9 aller chez le m\u00e9decin pour ne pas montrer mon corps, mutil\u00e9 de toutes parts. Pendant des ann\u00e9es, je n'ai pas os\u00e9 aller chez le dentiste, parce qu'ouvrir la bouche et sentir des mains pr\u00e8s de mon cou provoquait des crises de panique. Comme lorsque mon fr\u00e8re voulait m'immobiliser.\r\nComme lorsque les violeurs de rue me faisaient taire. Je veux r\u00e9ussir les quarante ann\u00e9es \u00e0 venir. Pour mes enfants, et pour moi.\" Un t\u00e9moignage poignant, qui montre \u00e0 quel point la vie et l'espoir peuvent rester chevill\u00e9s au corps, m\u00eame au pire de l'horreur. Un hommage \u00e0 la r\u00e9silience, nourri de r\u00e9v\u00e9lations in\u00e9dites sur les violences faites aux femmes SDF et la \"mafia\" des rues.\r","authors":["Minou Azoulai","Anne Lorient"],"category_codes":["1000000","1010000"],"visuals":{"large":"https:\/\/images.epagine.fr\/648\/9782911041648_1_75.jpg","medium":"https:\/\/images.epagine.fr\/648\/9782911041648_1_m.jpg","thumbnail":"https:\/\/images.epagine.fr\/648\/9782911041648_1_v.jpg"},"orderable":true,"show_badge":true,"formatted_price":"19,00&nbsp;\u20ac","formatted_published_date":"1er d\u00e9cembre 2017","publisher_availability_label":"Sur commande","short_details":"Minou Azoulai, Anne Lorient \u2014 Creaxion","translator":null,"weight":0,"page_count":null,"readership":null,"editor":"Creaxion","price":1900,"published_date":"2017-11-30T23:00:00.000000Z","support":"CD Audio","publisher_availability":1,"stock":0,"editions":["9782732458007"],"url":"https:\/\/quaidesbrumes.com\/ouvrage\/9782911041648\/mes-annees-barbares"},{"id":"9782913388741","title":"Circ\u00e9 ou une agonie d'insecte","description":"On est happ\u00e9 (comme une mouche par une plante carnivore !) par cette nouvelle de Christian Garcin, qui excelle \u00e0 mettre en sc\u00e8ne ces moments o\u00f9 la vie bascule dans l'inconnu, o\u00f9 le monde, soudain, est \u00e0 l'envers. L'\u00e9crivain r\u00e9alise ici un tour de passe-passe, au rythme d'une \u00e9criture vive et ing\u00e9nieuse. Magique !\r\n\r\nUn homme est interpell\u00e9 dans la rue par une inconnue comme si tous deux \u00e9taient de vieux amis. L'\u00e9trang\u00e8re, pleine de sa certitude, l'invite chez elle et commence \u00e0 d\u00e9florer, \u00e0 coups de questions et d'informations, un plausible pass\u00e9 partag\u00e9, avant de lui glisser entre les mains des photographies. L'homme trouvera sur ces clich\u00e9s de quoi douter... Est-il celui qu'elle a reconnu ? Cette femme qui vit dans un capharna\u00fcm de plantes et de souvenirs est-elle une Circ\u00e9 des temps modernes ? O\u00f9 se situe la fronti\u00e8re entre le r\u00e9el et le mensonge ?\r","authors":["Christian Garcin"],"category_codes":["1000000","1010000"],"visuals":{"large":"https:\/\/images.epagine.fr\/741\/9782913388741_1_75.jpg","medium":"https:\/\/images.epagine.fr\/741\/9782913388741_1_m.jpg","thumbnail":"https:\/\/images.epagine.fr\/741\/9782913388741_1_v.jpg"},"orderable":true,"show_badge":true,"formatted_price":"10,00&nbsp;\u20ac","formatted_published_date":"3 mai 2010","publisher_availability_label":"Sur commande","short_details":"Christian Garcin \u2014 Cadex","translator":null,"weight":76,"page_count":null,"readership":null,"editor":"Cadex","price":1000,"published_date":"2010-05-02T22:00:00.000000Z","support":"Grand format","publisher_availability":1,"stock":0,"editions":[],"url":"https:\/\/quaidesbrumes.com\/ouvrage\/9782913388741\/circe-ou-une-agonie-dinsecte"},{"id":"9782918799856","title":"Cr\u00e9puscules ; Fogo morto","description":"L'un des plus grands romans de la litt\u00e9rature br\u00e9silienne du XXe si\u00e8cle. La folie, l'orgueil macho d\u00e9mesur\u00e9, la tristesse, mais aussi la violence et le racisme composent cette grande fresque authentique de la soci\u00e9t\u00e9 br\u00e9silienne \u00e0 l'\u00e9poque de l'esclavage, de l'Abolition, puis des premi\u00e8res ann\u00e9es de la R\u00e9publique (1850- 1910). Cr\u00e9puscules, roman de la d\u00e9cadence, tourne autour de trois personnages et montre des relations complexes entre ma\u00eetre et esclaves, hommes et femmes, Blancs et Noirs, bandits et gouvernement, tout en gardant une \u00e9criture simple et populaire. C'est l\u00e0 la force de Jos\u00e9 Lins : son contact avec ses racines rurales. Cr\u00e9puscules, publi\u00e9 en 1943, est le chef d'oeuvre qui a consacr\u00e9 Jos\u00e9 Lins do Rego au Panth\u00e9on des lettres br\u00e9siliennes. Un classique !\r","authors":["Jos\u00e9 lins do Rego"],"category_codes":["1000000","1010000"],"visuals":{"large":"https:\/\/images.epagine.fr\/856\/9782918799856_1_75.jpg","medium":"https:\/\/images.epagine.fr\/856\/9782918799856_1_m.jpg","thumbnail":"https:\/\/images.epagine.fr\/856\/9782918799856_1_v.jpg"},"orderable":true,"show_badge":true,"formatted_price":"23,00&nbsp;\u20ac","formatted_published_date":"23 mars 2017","publisher_availability_label":"Sur commande","short_details":"Jos\u00e9 lins do Rego \u2014 ANACAONA","translator":null,"weight":490,"page_count":450,"readership":null,"editor":"ANACAONA","price":2300,"published_date":"2017-03-22T23:00:00.000000Z","support":"Grand format","publisher_availability":1,"stock":0,"editions":[],"url":"https:\/\/quaidesbrumes.com\/ouvrage\/9782918799856\/crepuscules-fogo-morto"},{"id":"9791090126145","title":"Une invasion de truites","description":"A treize ans on ne triche pas, on se livre enti\u00e8rement, on br\u00fble sans fin, car nul souvenir ne peut corrompre le pr\u00e9sent. On ne d\u00e9sire que le bonheur, sans gu\u00e8re pr\u00eater attention \u00e0 cette part d'ombre qui se forme au-dessus de nous, comme le soleil continue de cro\u00eetre en notre ciel int\u00e9rieur, cette ombre qui attend son heure pour manifester l'\u00e9tendue de ses sortil\u00e8ges...\r","authors":["Yohann Vinay-villanua"],"category_codes":["1000000","1010000"],"visuals":{"large":"https:\/\/images.epagine.fr\/145\/9791090126145_1_75.jpg","medium":"https:\/\/images.epagine.fr\/145\/9791090126145_1_m.jpg","thumbnail":"https:\/\/images.epagine.fr\/145\/9791090126145_1_v.jpg"},"orderable":true,"show_badge":true,"formatted_price":"14,00&nbsp;\u20ac","formatted_published_date":"28 juillet 2014","publisher_availability_label":"Sur commande","short_details":"Yohann Vinay-villanua \u2014 ASTOBELARRA","translator":null,"weight":210,"page_count":211,"readership":null,"editor":"ASTOBELARRA","price":1400,"published_date":"2014-07-27T22:00:00.000000Z","support":"Grand format","publisher_availability":1,"stock":0,"editions":[],"url":"https:\/\/quaidesbrumes.com\/ouvrage\/9791090126145\/une-invasion-de-truites"},{"id":"9782809710540","title":"Marche rouge, montagnes blanches","description":"En 1935, un fils de paysan fuit son village pour rejoindre les rangs de l'Arm\u00e9e rouge. Son p\u00e8re, injustement accus\u00e9 d'un crime, a \u00e9t\u00e9 ex\u00e9cut\u00e9, sa famille d\u00e9cim\u00e9e. Entra\u00een\u00e9 par le vent de l'histoire, Baoyi va participer \u00e0 la Longue Marche, simple soldat qui deviendra h\u00e9ros r\u00e9volutionnaire. Avec lui on relit pas \u00e0 pas l'histoire de la Chine, on se fraie p\u00e9niblement un chemin dans la neige, l'effroi des combats et aussi les mensonges de la propagande. Avec lui on partage le r\u00eave d'une soci\u00e9t\u00e9 plus juste et, par-dessus tout, celui de prouver l'innocence d'un p\u00e8re. Un roman d'aventures o\u00f9 l'on tue et sauve des vies, travers\u00e9 d'escarmouches et de trahisons, de belles espionnes et d'illusions perdues.\r\n\r\n\"\u00c7a, c'\u00e9tait l'histoire, celle avec un grand H, comme on dit. Celle qu'aucun sans doute n'avait r\u00e9ellement v\u00e9cue. Il imaginait les \u00eatres comme des cafards sur une carte, incapables d'avoir une vision d'ensemble, si peu juste soit-elle, de cette monstrueuse illusion qu'on appelle l'histoire. Il allait voir un de ces cafards. Un vieux, oui, un tr\u00e8s vieux cafard qui l'intriguait...\"\r","authors":["Michel Imbert"],"category_codes":["1000000","1010000"],"visuals":{"large":"https:\/\/images.epagine.fr\/540\/9782809710540_1_75.jpg","medium":"https:\/\/images.epagine.fr\/540\/9782809710540_1_m.jpg","thumbnail":"https:\/\/images.epagine.fr\/540\/9782809710540_1_v.jpg"},"orderable":true,"show_badge":true,"formatted_price":"19,00&nbsp;\u20ac","formatted_published_date":"6 janvier 2015","publisher_availability_label":"Sur commande","short_details":"Michel Imbert \u2014 \u00c9ditions Picquier","translator":null,"weight":384,"page_count":336,"readership":null,"editor":"\u00c9ditions Picquier","price":1900,"published_date":"2015-01-05T23:00:00.000000Z","support":"Grand format","publisher_availability":1,"stock":0,"editions":[],"url":"https:\/\/quaidesbrumes.com\/ouvrage\/9782809710540\/marche-rouge-montagnes-blanches"},{"id":"9782957807284","title":"Un drole de gout !","description":"Vendre le groupe agroalimentaire laitier qui porte son nom?? Ce n'\u00e9tait pas dans les intentions de Werner Jonquart, qui le dirigeait \u00e0 Gen\u00e8ve depuis sept ans. Mais il re\u00e7ut des offres si mirobolantes qu'il finit par s'y r\u00e9soudre. Quelques semaines apr\u00e8s la signature du protocole d'accord, un dr\u00f4le de go\u00fbt appara\u00eet dans les fromages et les yaourts du groupe. C'est le d\u00e9but d'un engrenage. De cyberattaques en menaces personnelles, Werner se retrouve confront\u00e9 \u00e0 des conglom\u00e9rats chinois et am\u00e9ricains li\u00e9s aux pires r\u00e9seaux de narcotrafiquants. Julia, qui avait renou\u00e9 avec Werner \u00e0 la fin de La tentation de la vague, ne s'attendait certainement pas \u00e0 servir d'otage ou de monnaie d'\u00e9change.","authors":["Schmoll Alain"],"category_codes":["1000000","1010000"],"visuals":{"large":"https:\/\/images.epagine.fr\/284\/9782957807284_1_75.jpg","medium":"https:\/\/images.epagine.fr\/284\/9782957807284_1_m.jpg","thumbnail":"https:\/\/images.epagine.fr\/284\/9782957807284_1_v.jpg"},"orderable":true,"show_badge":true,"formatted_price":"13,90&nbsp;\u20ac","formatted_published_date":"2 mai 2024","publisher_availability_label":"Sur commande","short_details":"Schmoll Alain \u2014 Cigas","translator":null,"weight":490,"page_count":336,"readership":null,"editor":"Cigas","price":1390,"published_date":"2024-05-01T22:00:00.000000Z","support":"Grand format","publisher_availability":1,"stock":0,"editions":[],"url":"https:\/\/quaidesbrumes.com\/ouvrage\/9782957807284\/un-drole-de-gout"}]}