{"data":[{"id":"9782070131327","title":"Bilbao-New York-Bilbao","description":"D\u00e9couvrez Bilbao-New York-Bilbao, le livre de Kirmen Uribe. Il se d\u00e9gage de ce roman, structur\u00e9 autour d'un vol entre Bilbao et New York, une po\u00e9sie qui puise \u00e0 la fois dans l'Atlantique Nord, avec ses marins et ses l\u00e9gendes, et dans l'histoire mill\u00e9naire d'une des cultures les plus riches et singuli\u00e8res d'Europe : celle du Pays basque. Kirmen Uribe dessine un pont entre ses deux mondes \u00e0 travers les lettres, les journaux intimes, les courriers \u00e9lectroniques, les entretiens et m\u00eame les fragments de dictionnaire avec lesquels il reconstitue ici la destin\u00e9e de trois g\u00e9n\u00e9rations de sa famille. Au cours de ce voyage vers le pass\u00e9, certains tableaux r\u00e9v\u00e8lent ce qu'ils avaient dissimul\u00e9, des r\u00e9cits montrent la bravoure de ceux qu'une \u00e9poque b\u00e2illonnait, et un secret soigneusement pr\u00e9serv\u00e9 vient nous rappeler que, m\u00eame au XXe si\u00e8cle, la g\u00e9n\u00e9rosit\u00e9 du coeur a su parfois ignorer les conflits d'id\u00e9es. Petit kal\u00e9idoscope magique, dans ce journal de bord en forme de puzzle, les temps, les hommes et les traditions se r\u00e9pondent : sans jamais c\u00e9der \u00e0 la nostalgie, Kirmen Uribe rend un hommage soutenu \u00e0 l'\u00e9pop\u00e9e des p\u00eacheurs basques et \u00e0 un m\u00e9tier qui dispara\u00eet peu \u00e0 peu ; mais il salue \u00e9galement le monde vers lequel nous allons et nous montre que, au d\u00e9but de ce nouveau si\u00e8cle, la culture la plus locale peut devenir globale, car le particulier r\u00e9side d\u00e9sormais au coeur de l'universel. Ce roman dont la petite musique nous invite incessamment \u00e0 poursuivre la lecture en est une preuve formidable. Au-del\u00e0 des fronti\u00e8res, il s'\u00e9l\u00e8ve comme un hymne \u00e0 la continuit\u00e9 de la vie qui nous impressionne par sa nouveaut\u00e9, sa profondeur et sa beaut\u00e9.","authors":["Kirmen Uribe","Gersende Camenen"],"category_codes":["1000000","1010000"],"visuals":{"large":"https:\/\/images.epagine.fr\/327\/9782070131327_1_75.jpg","medium":"https:\/\/images.epagine.fr\/327\/9782070131327_1_m.jpg","thumbnail":"https:\/\/images.epagine.fr\/327\/9782070131327_1_v.jpg"},"orderable":true,"show_badge":true,"formatted_price":"21,00&nbsp;\u20ac","formatted_published_date":"20 avril 2012","publisher_availability_label":"Sur commande","short_details":"Kirmen Uribe, Gersende Camenen \u2014 Gallimard","translator":"GERSENDE CAMENEN","weight":352,"page_count":248,"readership":null,"editor":"Gallimard","price":2100,"published_date":"2012-04-19T22:00:00.000000Z","support":"Grand format","publisher_availability":1,"stock":0,"editions":[],"url":"https:\/\/quaidesbrumes.com\/ouvrage\/9782070131327\/bilbao-new-york-bilbao"},{"id":"9782070273041","title":"Les enfants, c'est tout","description":"Dans \u00c0 la maison, \u00e0 la tomb\u00e9e de la nuit, un petit gar\u00e7on s'entretient avec son grand-p\u00e8re au sujet d'une dent de lait qu'il vient de perdre. Dans Papa S.0.S. , un homme prend le nom de la premi\u00e8re personne sur laquelle son doigt est tomb\u00e9 dans l'annuaire du t\u00e9l\u00e9phone ; il a une longue conversation avec elle, car il est malheureux : sa femme, Mabel, l'a quitt\u00e9, emmenant avec elle leur enfant ; de surcro\u00eet, il ne s'habitue pas \u00e0 \u00abl'id\u00e9e de cette Maman rat passant par les trous du linol\u00e9um\u00bb de sa mis\u00e9rable chambre d'h\u00f4tel. Qu'il s'agisse d 'un comm\u00e9rage entre deux voisines qui se rem\u00e9morent l'une l'autre les scandales de la \u00abpetite ville peu reluisante et ignoble\u00bb qu'elles habitent, ou d'une m\u00e8re attendant le retour de son fils, d\u00e9tenu depuis 15 ans dans un p\u00e9nitencier, on retrouve ici, par le biais d'une concision pudique et violente, un esprit de narration continu.  Jarne Purdy, dans les dix nouvelles et les deux courtes pi\u00e8ces qui composent ce volume, introduit le lecteur dans un enfer modeste, pitoyable et douloureux.","authors":["James Purdy","Yvonne Davet"],"category_codes":["1000000","1010000"],"visuals":{"large":"https:\/\/images.epagine.fr\/041\/9782070273041_1_75.jpg","medium":"https:\/\/images.epagine.fr\/041\/9782070273041_1_m.jpg","thumbnail":"https:\/\/images.epagine.fr\/041\/9782070273041_1_v.jpg"},"orderable":true,"show_badge":true,"formatted_price":"7,15&nbsp;\u20ac","formatted_published_date":"17 janvier 1968","publisher_availability_label":"Sur commande","short_details":"James Purdy, Yvonne Davet \u2014 Gallimard","translator":"YVONNE DAVET","weight":250,"page_count":256,"readership":null,"editor":"Gallimard","price":715,"published_date":"1968-01-16T23:00:00.000000Z","support":"Grand format","publisher_availability":1,"stock":0,"editions":[],"url":"https:\/\/quaidesbrumes.com\/ouvrage\/9782070273041\/les-enfants-cest-tout"},{"id":"9782070725250","title":"La rencontre aux enfers","description":"Le narrateur a douze ans. Il vit avec son p\u00e8re et avec le spectre de sa m\u00e8re morte qui lui t\u00e9l\u00e9phone tous les soirs. Le p\u00e8re tente de mettre en sc\u00e8ne Hamlet\u00a0; il manque d'acteurs, de sens pratique, d'\u00e9nergie, mais certes pas d'imagination. Un de ses amis, Heinrich, montreur de marionnettes, l'aide \u00e0 surmonter les avanies du sort. Quant \u00e0 la m\u00e8re, elle exhorte son fils \u00e0 la venger de l'inconduite de son \u00abveuf\u00bb, qui aime trop le vin et les actrices. Peu \u00e0 peu, l'humour inclassable et ravageur de Thierry Mar\u00e9 va transfigurer la cocasserie minable des destins pour donner au r\u00e9cit le souffle d'une trag\u00e9die.","authors":["Thierry Mar\u00e9"],"category_codes":["1000000","1010000"],"visuals":{"large":"https:\/\/images.epagine.fr\/250\/9782070725250_1_75.jpg","medium":"https:\/\/images.epagine.fr\/250\/9782070725250_1_m.jpg","thumbnail":"https:\/\/images.epagine.fr\/250\/9782070725250_1_v.jpg"},"orderable":true,"show_badge":true,"formatted_price":"17,05&nbsp;\u20ac","formatted_published_date":"9 septembre 1992","publisher_availability_label":"Sur commande","short_details":"Thierry Mar\u00e9 \u2014 Gallimard","translator":null,"weight":306,"page_count":252,"readership":null,"editor":"Gallimard","price":1705,"published_date":"1992-09-08T22:00:00.000000Z","support":"Grand format","publisher_availability":1,"stock":0,"editions":[],"url":"https:\/\/quaidesbrumes.com\/ouvrage\/9782070725250\/la-rencontre-aux-enfers"},{"id":"9782070729432","title":"Le Discours des absents","description":"Le discours des absents\u00a0:\u00a0c'est ainsi que les anciens nommaient la correspondance. \u00c9trange conversation que cette causerie sans cesse diff\u00e9r\u00e9e dont les voix aujourd'hui r\u00e9sonnent encore pour nous. \u00c9trange litt\u00e9rature aussi, toujours au bord de s'effacer, et qui ne sauve du temps que le plus p\u00e9rissable, le plus anodin. Sans doute peut-on lire les lettres de mille mani\u00e8res - t\u00e9moignage sur l'Histoire, document litt\u00e9raire ou mine biographique. C'est leur insignifiance pourtant qui nous retient\u00a0:\u00a0la mention d'un mal aux dents, d'un envoi de chaussons tress\u00e9s, des dangers d'un chocolat, de ces riens arr\u00eat\u00e9s dans le temps dont le d\u00e9risoire nous bouleverse soudain. Car les lettres nous parlent de la s\u00e9paration et de la solitude. Lettres priv\u00e9es, cartes postales, correspondances c\u00e9l\u00e8bres, c'est \u00e0 travers elles le m\u00eame silence que nous \u00e9coutons\u00a0:\u00a0celui de l'absence et de nos vies qui passent.","authors":["Jean-Philippe Arrou-Vignod"],"category_codes":["1000000","1010000"],"visuals":{"large":"https:\/\/images.epagine.fr\/432\/9782070729432_1_75.jpg","medium":"https:\/\/images.epagine.fr\/432\/9782070729432_1_m.jpg","thumbnail":"https:\/\/images.epagine.fr\/432\/9782070729432_1_v.jpg"},"orderable":true,"show_badge":true,"formatted_price":"13,15&nbsp;\u20ac","formatted_published_date":"4 mars 1993","publisher_availability_label":"Sur commande","short_details":"Jean-Philippe Arrou-Vignod \u2014 Gallimard","translator":null,"weight":143,"page_count":128,"readership":null,"editor":"Gallimard","price":1315,"published_date":"1993-03-03T23:00:00.000000Z","support":"Grand format","publisher_availability":1,"stock":0,"editions":[],"url":"https:\/\/quaidesbrumes.com\/ouvrage\/9782070729432\/le-discours-des-absents"},{"id":"9782070738625","title":"Rouge ou La proie du peintre","description":"\u00abLe peintre m'attire vers son nouveau d\u00e9cor. Je vois qu'il porte un anneau d'or \u00e0 l'oreille gauche, car ses cheveux sont tir\u00e9s sur la nuque en un ruban noir. Il a, ce matin, des yeux jaunes de renard qu'il plisse fortement. Il veut me voir contre le taffetas, il veut jauger le rouge de la soie contre le blanc de ma peau. Il me fait asseoir sur la chaise et bien vite m'en rel\u00e8ve. Ma robustesse en cache le chanvre cramoisi. Il me plaque contre le mur, il \u00e9carte mes bras, m'incline la taille, me redresse le menton et le cou. Je sens son odeur de chaleur, son haleine de chasseur, ses mains au pouls sourd. Il est pour moi le fauve cach\u00e9, de ceux qu'on per\u00e7oit, le coeur battant, dans une futaie basse. Il voit mon trouble et il ne sait qu'en faire. Ce qu'il veut, il ne l'a pas encore trouv\u00e9. Je r\u00e9siste \u00e0 sa recherche et c'est l\u00e0, peut-\u00eatre, mon attrait.\u00bb Idelette de Bure.","authors":["Idelette de Bure"],"category_codes":["1000000","1010000"],"visuals":{"large":"https:\/\/images.epagine.fr\/625\/9782070738625_1_75.jpg","medium":"https:\/\/images.epagine.fr\/625\/9782070738625_1_m.jpg","thumbnail":"https:\/\/images.epagine.fr\/625\/9782070738625_1_v.jpg"},"orderable":true,"show_badge":true,"formatted_price":"14,70&nbsp;\u20ac","formatted_published_date":"13 avril 1994","publisher_availability_label":"Sur commande","short_details":"Idelette de Bure \u2014 Gallimard","translator":null,"weight":212,"page_count":168,"readership":null,"editor":"Gallimard","price":1470,"published_date":"1994-04-12T22:00:00.000000Z","support":"Grand format","publisher_availability":1,"stock":0,"editions":[],"url":"https:\/\/quaidesbrumes.com\/ouvrage\/9782070738625\/rouge-ou-la-proie-du-peintre"},{"id":"9782070752430","title":"59 pr\u00e9ludes \u00e0 l'\u00e9vidence","description":"\u00abSon grain de beaut\u00e9 noir, elle sait bien. Et ma main droite pour sceller son sommeil, bien cal\u00e9e sous son sein gauche. Et le matin, cette tr\u00e8s grande paix sans conqu\u00eate ni victoire, ineffa\u00e7able comme tout ce bleu carillonnant contre le ciel de Vaugirard, comme dans ses cheveux ruisselants le parfum de l'\u00e9vidence.\u00bb","authors":["Arnaud Oseredczuk"],"category_codes":["1000000","1010000"],"visuals":{"large":"https:\/\/images.epagine.fr\/430\/9782070752430_1_75.jpg","medium":"https:\/\/images.epagine.fr\/430\/9782070752430_1_m.jpg","thumbnail":"https:\/\/images.epagine.fr\/430\/9782070752430_1_v.jpg"},"orderable":true,"show_badge":true,"formatted_price":"13,15&nbsp;\u20ac","formatted_published_date":"9 octobre 1998","publisher_availability_label":"Sur commande","short_details":"Arnaud Oseredczuk \u2014 Gallimard","translator":null,"weight":226,"page_count":176,"readership":null,"editor":"Gallimard","price":1315,"published_date":"1998-10-08T22:00:00.000000Z","support":"Grand format","publisher_availability":1,"stock":0,"editions":[],"url":"https:\/\/quaidesbrumes.com\/ouvrage\/9782070752430\/59-preludes-a-levidence"},{"id":"9782070760534","title":"G\u00e9nitifs","description":"\u00abLe vieux renne va mourir au cimeti\u00e8re des noms propres o\u00f9 la douleur ne conna\u00eet ni jour ni nuit un cerveau pliss\u00e9 la volont\u00e9 de l'eau \u00e0 rester p\u00e2m\u00e9 devant tes hanches Donneuse de sang as- sise au fond du car, Po\u00e9sie avec po\u00e8mes Po\u00e8mes sans po\u00e9sie\u00bb","authors":["Jude St\u00e9fan"],"category_codes":["1000000","1010000"],"visuals":{"large":"https:\/\/images.epagine.fr\/534\/9782070760534_1_75.jpg","medium":"https:\/\/images.epagine.fr\/534\/9782070760534_1_m.jpg","thumbnail":"https:\/\/images.epagine.fr\/534\/9782070760534_1_v.jpg"},"orderable":true,"show_badge":true,"formatted_price":"15,35&nbsp;\u20ac","formatted_published_date":"24 janvier 2001","publisher_availability_label":"Sur commande","short_details":"Jude St\u00e9fan \u2014 Gallimard","translator":null,"weight":159,"page_count":112,"readership":null,"editor":"Gallimard","price":1535,"published_date":"2001-01-23T23:00:00.000000Z","support":"Grand format","publisher_availability":1,"stock":0,"editions":[],"url":"https:\/\/quaidesbrumes.com\/ouvrage\/9782070760534\/genitifs"},{"id":"9782072880216","title":"Kentukis","description":"Le ph\u00e9nom\u00e8ne se propage rapidement aux quatre coins du globe. Tout le monde en parle, tout le monde veut en avoir un. Lapins, corbeaux, dragons... les kentukis sont de petits robots en forme de peluche, dot\u00e9s d'une cam\u00e9ra et de trois roues mobiles qui leur assurent une certaine autonomie. Ils sont connect\u00e9s au hasard \u00e0 un utilisateur anonyme qui a achet\u00e9 le droit de les habiter et qui peut se trouver n'importe o\u00f9 sur la plan\u00e8te. Voil\u00e0 pourquoi ces cr\u00e9atures, qui errent d\u00e9sormais librement dans les maisons et les bureaux, ne sont pas compl\u00e8tement ino ensives:elles scrutent les conduites, enregistrent les conversations et interviennent constamment dans la vie des autres.Ainsi, une retrait\u00e9e de Lima peut suivre les m\u00e9saventures d'une jeune femme allemande et se r\u00e9jouir ou s'inqui\u00e9ter de son sort; un gar\u00e7on du Guatemala peut se lancer dans une aventure en Norv\u00e8ge et voir la neige pour la premi\u00e8re fois; un jeune Italien, p\u00e8re fra\u00eechement divorc\u00e9, peut combler le vide laiss\u00e9 par son ex-femme. Les possibilit\u00e9s sont infinies mais pas toujours tr\u00e8s claires:outre la curiosit\u00e9 et la tendresse, le dispositif suscite de nouvelles formes de voyeurisme, d'obsession, de sexualit\u00e9 et de danger.D\u00e9ployant une langue et un imaginaire que l'on compare \u00e0 ceux de Shirley Jackson et de David Lynch, Samanta Schweblin emporte le lecteur dans une atmosph\u00e8re hypnotique, aux fronti\u00e8res du thriller et de la science-fiction, et offre une histoire surprenante, sans point mort et radicalement contemporaine.","authors":["Samanta Schweblin","Isabelle Gugnon"],"category_codes":["1000000","1010000"],"visuals":{"large":"https:\/\/images.epagine.fr\/216\/9782072880216_1_75.jpg","medium":"https:\/\/images.epagine.fr\/216\/9782072880216_1_m.jpg","thumbnail":"https:\/\/images.epagine.fr\/216\/9782072880216_1_v.jpg"},"orderable":true,"show_badge":true,"formatted_price":"20,00&nbsp;\u20ac","formatted_published_date":"14 janvier 2021","publisher_availability_label":"Sur commande","short_details":"Samanta Schweblin, Isabelle Gugnon \u2014 Gallimard","translator":"ISABELLE GUGNON","weight":284,"page_count":272,"readership":null,"editor":"Gallimard","price":2000,"published_date":"2021-01-13T23:00:00.000000Z","support":"Grand format","publisher_availability":1,"stock":0,"editions":[],"url":"https:\/\/quaidesbrumes.com\/ouvrage\/9782072880216\/kentukis"},{"id":"9782070755080","title":"Le sourire","description":"\u00abOn \u00e9voque un sourire, on ne peut l'expliciter. Il \u00e9chappe aux commentaires autant qu'\u00e0 la saisie dans les traits : o\u00f9 est-il ? Dans l'incurvation des l\u00e8vres ? Dans l'irradiation de la pupille ? Dans le pincement des paupi\u00e8res ? Dans l'\u00e9tirement de la peau vers les tempes ? Dans les fossettes qui se creusent aux commissures ? On le per\u00e7oit mais il est difficile de le localiser. Ce qu'on voit n'en est jamais que l'effet. En soi, le sourire se d\u00e9robe toujours. Il n'a de mode d'\u00eatre que celui d'un souffle.\u00bb","authors":["Patrick Drevet"],"category_codes":["1000000","1010000"],"visuals":{"large":"https:\/\/images.epagine.fr\/080\/9782070755080_1_75.jpg","medium":"https:\/\/images.epagine.fr\/080\/9782070755080_1_m.jpg","thumbnail":"https:\/\/images.epagine.fr\/080\/9782070755080_1_v.jpg"},"orderable":true,"show_badge":true,"formatted_price":"14,70&nbsp;\u20ac","formatted_published_date":"3 septembre 1999","publisher_availability_label":"Sur commande","short_details":"Patrick Drevet \u2014 Gallimard","translator":null,"weight":250,"page_count":208,"readership":null,"editor":"Gallimard","price":1470,"published_date":"1999-09-02T22:00:00.000000Z","support":"Grand format","publisher_availability":1,"stock":0,"editions":[],"url":"https:\/\/quaidesbrumes.com\/ouvrage\/9782070755080\/le-sourire"},{"id":"9782246747215","title":"Terreur grande","description":"Au cours du bel \u00e9t\u00e9 37, la terreur grande \u00e9tait partout, mille six cents ex\u00e9cutions par jour en moyenne dans l'Union des R\u00e9publiques Sovi\u00e9tiques Socialistes, cinquante mille fusill\u00e9s par mois, mais les jeunes filles d'Odessa mettaient leurs plus l\u00e9g\u00e8res robes de coton pour acceuillir les arrivants et, le soir, du pont des bateaux, pendant que les haut-parleurs diffusaient des valses joyeuses, les glode-trotters en complets blancs admiraient les man\u00e8ges illumin\u00e9s qui tournaient dans les collines.A travers le r\u00e9cit d'une \u00e9vasion \u00e0 premi\u00e8re vue impossible, Jean-Piere Milovanoff revient sur ses attaches russes, m\u00ealant le destin de ceux qui ont pris le risque de l'exil et la trag\u00e9die de millions d'hommes, broy\u00e9s par l'histoire.","authors":["Jean-Pierre Milovanoff"],"category_codes":["1000000","1010000"],"visuals":{"large":"https:\/\/images.epagine.fr\/215\/9782246747215_1_75.jpg","medium":"https:\/\/images.epagine.fr\/215\/9782246747215_1_m.jpg","thumbnail":"https:\/\/images.epagine.fr\/215\/9782246747215_1_v.jpg"},"orderable":true,"show_badge":true,"formatted_price":"14,20&nbsp;\u20ac","formatted_published_date":"2 mars 2011","publisher_availability_label":"Sur commande","short_details":"Jean-Pierre Milovanoff \u2014 \u00c9ditions Grasset","translator":null,"weight":196,"page_count":182,"readership":"Tout public","editor":"\u00c9ditions Grasset","price":1420,"published_date":"2011-03-01T23:00:00.000000Z","support":"Grand format","publisher_availability":1,"stock":0,"editions":[],"url":"https:\/\/quaidesbrumes.com\/ouvrage\/9782246747215\/terreur-grande"},{"id":"9782343037585","title":"Ce regard qui n'a jamais cess\u00e9 d'\u00eatre : R\u00e9cit","description":"Depuis le jour de notre premi\u00e8re rencontre, 63 ann\u00e9es se sont \u00e9coul\u00e9es durant lesquelles le seul fait d'\u00eatre ensemble nous a rendus heureux. Et pendant tout ce temps nous avons connu un bonheur, persuad\u00e9s qu'il durerait toujours, car cette fin inexorable \u00e0 laquelle personne n'\u00e9chappe, nous ne l'avions pas imagin\u00e9e, n'y avions jamais pens\u00e9...","authors":["Renee Birman"],"category_codes":["1000000","1010000"],"visuals":{"large":"https:\/\/images.epagine.fr\/585\/9782343037585_1_75.jpg","medium":"https:\/\/images.epagine.fr\/585\/9782343037585_1_m.jpg","thumbnail":"https:\/\/images.epagine.fr\/585\/9782343037585_1_v.jpg"},"orderable":true,"show_badge":true,"formatted_price":"21,00&nbsp;\u20ac","formatted_published_date":"5 juin 2014","publisher_availability_label":"Sur commande","short_details":"Renee Birman \u2014 LES IMPLIQUES","translator":null,"weight":270,"page_count":212,"readership":null,"editor":"LES IMPLIQUES","price":2100,"published_date":"2014-06-04T22:00:00.000000Z","support":"Grand format","publisher_availability":1,"stock":0,"editions":[],"url":"https:\/\/quaidesbrumes.com\/ouvrage\/9782343037585\/ce-regard-qui-na-jamais-cesse-detre-recit"},{"id":"9782954066042","title":"On a trouve des macchabees dans l'etang du calvaire","description":null,"authors":["Debarnot Dan"],"category_codes":["1000000","1010000"],"visuals":{"large":"https:\/\/images.epagine.fr\/042\/9782954066042_1_75.jpg","medium":"https:\/\/images.epagine.fr\/042\/9782954066042_1_m.jpg","thumbnail":"https:\/\/images.epagine.fr\/042\/9782954066042_1_v.jpg"},"orderable":true,"show_badge":true,"formatted_price":"15,00&nbsp;\u20ac","formatted_published_date":"1er ao\u00fbt 2015","publisher_availability_label":"Sur commande","short_details":"Debarnot Dan \u2014 L'Etancon","translator":null,"weight":350,"page_count":null,"readership":null,"editor":"L'Etancon","price":1500,"published_date":"2015-07-31T22:00:00.000000Z","support":"Grand format","publisher_availability":1,"stock":0,"editions":[],"url":"https:\/\/quaidesbrumes.com\/ouvrage\/9782954066042\/on-a-trouve-des-macchabees-dans-letang-du-calvaire"},{"id":"9782847124668","title":"Le balcon","description":"\u00ab Le pinceau monte et redescend le long de ses m\u00e8ches brunes, cachant difficilement son impatience. Il saisit au vol la p\u00e2te color\u00e9e, y en a-t-il trop, pas assez ? Et repart de plus belle autour d'elle, creusant, modelant fr\u00e9n\u00e9tiquement ce visage farouche qu'il apprivoise. Il se retourne, revient \u00e0 sa palette, les blancs semblent trop fonc\u00e9s pour son innocence, les noirs trop clairs pour son intelligence. Pour la premi\u00e8re fois depuis des mois, il doute, \u00e9merveill\u00e9 par cette femme qui ouvre les volets de son balcon vers un autre monde.  \u00bb\r\nVoyage chez les impressionnistes : Histoire d'un tableau et d'une rencontre entre un peintre et son mod\u00e8le. Sous le regard protecteur de Manet, Berthe Morisot ne tardera pas \u00e0 faire \u00e9clater son talent pour devenir la premi\u00e8re femme impressionniste de son temps. A Partir de la c\u00e9l\u00e8bre toile du Balcon de Manet, C\u00e9cile Del\u00eele nous d\u00e9voile la passion et la complicit\u00e9 de ces deux grands artistes.","authors":["C\u00e9cile Del\u00eele"],"category_codes":["1000000","1010000"],"visuals":{"large":"https:\/\/images.epagine.fr\/668\/9782847124668_1_75.jpg","medium":"https:\/\/images.epagine.fr\/668\/9782847124668_1_m.jpg","thumbnail":"https:\/\/images.epagine.fr\/668\/9782847124668_1_v.jpg"},"orderable":true,"show_badge":true,"formatted_price":"20,00&nbsp;\u20ac","formatted_published_date":"10 octobre 2015","publisher_availability_label":"Sur commande","short_details":"C\u00e9cile Del\u00eele \u2014 Petit Pave","translator":null,"weight":280,"page_count":210,"readership":null,"editor":"Petit Pave","price":2000,"published_date":"2015-10-09T22:00:00.000000Z","support":"Grand format","publisher_availability":1,"stock":0,"editions":[],"url":"https:\/\/quaidesbrumes.com\/ouvrage\/9782847124668\/le-balcon"},{"id":"9782070178964","title":"Lady","description":"Les \u00c9ditions Gallimard ont propos\u00e9 \u00e0 cinq auteurs fran\u00e7ais et trois auteurs am\u00e9ricains d'\u00e9crire librement une nouvelle autour du sac comme objet litt\u00e9raire. Centr\u00e9 sur le sac Lady Dior, objet de mode devenu ic\u00f4ne, chaque texte offre au lecteur une vision singuli\u00e8re o\u00f9 les mots jouent habilement avec cet objet de d\u00e9sir. C\u00e9cile Guilbert offre une drolatique et brillante petite ph\u00e9nom\u00e9nologie du Lady Dior. Adam Gopnik d\u00e9crit l'obsession de sa femme am\u00e9ricaine pour un objet qui symbolise le luxe fran\u00e7ais. Camille Laurens invente une tendre histoire d'amour dont le sac se r\u00e9v\u00e8le \u00eatre le magicien. Alexander Maksik dresse un somptueux portrait de Paris. Anthony Marra propose une fable sociale autour de la possession d'un objet de r\u00eave. \u00c9ric Reinhardt retrace la fabrication d'une commande sp\u00e9ciale dans les usines de Florence. Colombe Schneck a trouv\u00e9 au Lady Dior une \u00e9trange fonction, un abri pour un homme qui ne sait pas encore aimer. Nelly Kapri\u00e8lian ose d\u00e9crire les femmes de mode en vampires aristocrates.","authors":["Collectif"],"category_codes":["1000000","1010000","1010100"],"visuals":{"large":"https:\/\/images.epagine.fr\/964\/9782070178964_1_75.jpg","medium":"https:\/\/images.epagine.fr\/964\/9782070178964_1_m.jpg","thumbnail":"https:\/\/images.epagine.fr\/964\/9782070178964_1_v.jpg"},"orderable":true,"show_badge":true,"formatted_price":"16,00&nbsp;\u20ac","formatted_published_date":"2 f\u00e9vrier 2017","publisher_availability_label":"Sur commande","short_details":"Collectif \u2014 Gallimard","translator":null,"weight":192,"page_count":128,"readership":null,"editor":"Gallimard","price":1600,"published_date":"2017-02-01T23:00:00.000000Z","support":"Grand format","publisher_availability":1,"stock":0,"editions":[],"url":"https:\/\/quaidesbrumes.com\/ouvrage\/9782070178964\/lady"},{"id":"9782708710467","title":"L'ecart","description":null,"authors":["Mudimbe Valentin"],"category_codes":["1000000","1010000"],"visuals":{"large":"https:\/\/quaidesbrumes.com\/img\/book-placeholder.png","medium":"https:\/\/quaidesbrumes.com\/img\/book-placeholder.png","thumbnail":"https:\/\/quaidesbrumes.com\/img\/book-placeholder.png"},"orderable":true,"show_badge":true,"formatted_price":"8,00&nbsp;\u20ac","formatted_published_date":"16 f\u00e9vrier 2026","publisher_availability_label":"Sur commande","short_details":"Mudimbe Valentin \u2014 Presence Africaine","translator":null,"weight":150,"page_count":null,"readership":null,"editor":"Presence Africaine","price":800,"published_date":"2026-02-15T23:00:00.000000Z","support":"Poche","publisher_availability":1,"stock":0,"editions":[],"url":"https:\/\/quaidesbrumes.com\/ouvrage\/9782708710467\/lecart"},{"id":"9782708711297","title":"Shaba deux - les carnets de mere marie gertrude","description":null,"authors":["Mudimbe Valentin. Y"],"category_codes":["1000000","1010000"],"visuals":{"large":"https:\/\/quaidesbrumes.com\/img\/book-placeholder.png","medium":"https:\/\/quaidesbrumes.com\/img\/book-placeholder.png","thumbnail":"https:\/\/quaidesbrumes.com\/img\/book-placeholder.png"},"orderable":true,"show_badge":true,"formatted_price":"8,00&nbsp;\u20ac","formatted_published_date":"16 f\u00e9vrier 2026","publisher_availability_label":"Sur commande","short_details":"Mudimbe Valentin. Y \u2014 Presence Africaine","translator":null,"weight":130,"page_count":null,"readership":null,"editor":"Presence Africaine","price":800,"published_date":"2026-02-15T23:00:00.000000Z","support":"Poche","publisher_availability":1,"stock":0,"editions":[],"url":"https:\/\/quaidesbrumes.com\/ouvrage\/9782708711297\/shaba-deux-les-carnets-de-mere-marie-gertrude"},{"id":"9782296546820","title":"Portes","description":"Quelque part en Haute-Saintonge, une enfant parle aux arbres et regarde avec curiosit\u00e9 le monde des adultes...Pour ses parents, elle est une petite chose d\u00e9nu\u00e9e d'int\u00e9r\u00eat; \u00e0 l'internat, elle n'est qu'une petite folle. La raison de la jeune femme s'alt\u00e8re; un fait troublant survient l'obligeant \u00e0 s'enfermer. Max, son livreur,  reste son seul lien avec l'ext\u00e9rieur. L'auteur pose ici la question : quelles incidences les petites mises \u00e0 l'\u00e9cart, les jugements des autres ont-ils sur notre vie?","authors":["Jaunay Clan"],"category_codes":["1000000","1010000"],"visuals":{"large":"https:\/\/images.epagine.fr\/820\/9782296546820_1_75.jpg","medium":"https:\/\/images.epagine.fr\/820\/9782296546820_1_m.jpg","thumbnail":"https:\/\/images.epagine.fr\/820\/9782296546820_1_v.jpg"},"orderable":true,"show_badge":true,"formatted_price":"15,00&nbsp;\u20ac","formatted_published_date":"19 janvier 2012","publisher_availability_label":"Sur commande","short_details":"Jaunay Clan \u2014 \u00c9ditions L'Harmattan","translator":null,"weight":175,"page_count":136,"readership":null,"editor":"\u00c9ditions L'Harmattan","price":1500,"published_date":"2012-01-18T23:00:00.000000Z","support":"Grand format","publisher_availability":1,"stock":0,"editions":[],"url":"https:\/\/quaidesbrumes.com\/ouvrage\/9782296546820\/portes"},{"id":"9782842637200","title":"Haut et court","description":"Retrouv\u00e9s pendus dans le salon du pavillon familial. Les raisons, comme l?encha\u00eenement des faits, n?ont jamais \u00e9t\u00e9 \u00e9lucid\u00e9s. Il \u00e9tait temps d?y rem\u00e9dier, Philippe Cohen--Grillet l?a fait, quitte \u00e0 tout inventer. Quoi de mieux qu?un bon roman pour r\u00e9v\u00e9ler nos existences comme un miroir dans lequel nous devrions nous reconna\u00eetre.\r\nCe premier roman raconte avec humour et r\u00e9alisme la descente aux enfers de gens victimes de la crise.\r","authors":["Philippe Cohen-grillet"],"category_codes":["1000000","1010000"],"visuals":{"large":"https:\/\/images.epagine.fr\/200\/9782842637200_1_75.jpg","medium":"https:\/\/images.epagine.fr\/200\/9782842637200_1_m.jpg","thumbnail":"https:\/\/images.epagine.fr\/200\/9782842637200_1_v.jpg"},"orderable":true,"show_badge":true,"formatted_price":"17,00&nbsp;\u20ac","formatted_published_date":"18 ao\u00fbt 2012","publisher_availability_label":"Sur commande","short_details":"Philippe Cohen-grillet \u2014 Le Dilettante","translator":null,"weight":248,"page_count":264,"readership":null,"editor":"Le Dilettante","price":1700,"published_date":"2012-08-17T22:00:00.000000Z","support":"Poche","publisher_availability":1,"stock":0,"editions":[],"url":"https:\/\/quaidesbrumes.com\/ouvrage\/9782842637200\/haut-et-court"},{"id":"9782343064307","title":"Clair obscur","description":"L'histoire raconte le d\u00e9chirement de Sofia n\u00e9e d'un p\u00e8re tunisien et d'une m\u00e8re fran\u00e7aise. Contrainte de quitter son pays natal \u00e0 la mort de son p\u00e8re pour suivre sa m\u00e8re \u00e0 Marseille, elle restera tiraill\u00e9e entre son attachement visc\u00e9ral \u00e0 la Tunisie coloniale et l'attrait qu'exerce sur elle la d\u00e9couverte d'un univers nouveau, sans interdits. Ce clair-obscur dans lequel s'essouffle l'h\u00e9ro\u00efne se dissipera dans une trag\u00e9die d\u00e9vastatrice, sign\u00e9e par l'impr\u00e9visible fl\u00e9au, le destin.\r","authors":["Latifa Zouhir"],"category_codes":["1000000","1010000"],"visuals":{"large":"https:\/\/images.epagine.fr\/307\/9782343064307_1_75.jpg","medium":"https:\/\/images.epagine.fr\/307\/9782343064307_1_m.jpg","thumbnail":"https:\/\/images.epagine.fr\/307\/9782343064307_1_v.jpg"},"orderable":true,"show_badge":true,"formatted_price":"23,00&nbsp;\u20ac","formatted_published_date":"31 juillet 2015","publisher_availability_label":"Sur commande","short_details":"Latifa Zouhir \u2014 \u00c9ditions L'Harmattan","translator":null,"weight":300,"page_count":250,"readership":null,"editor":"\u00c9ditions L'Harmattan","price":2300,"published_date":"2015-07-30T22:00:00.000000Z","support":"Grand format","publisher_availability":1,"stock":0,"editions":[],"url":"https:\/\/quaidesbrumes.com\/ouvrage\/9782343064307\/clair-obscur"},{"id":"9782940431144","title":"Portraits","description":null,"authors":["Dezs\u00f6 Kosztol\u00e1nyi"],"category_codes":["1000000","1010000"],"visuals":{"large":"https:\/\/images.epagine.fr\/144\/9782940431144_1_75.jpg","medium":"https:\/\/images.epagine.fr\/144\/9782940431144_1_m.jpg","thumbnail":"https:\/\/images.epagine.fr\/144\/9782940431144_1_v.jpg"},"orderable":true,"show_badge":true,"formatted_price":"16,00&nbsp;\u20ac","formatted_published_date":"22 mai 2013","publisher_availability_label":"Sur commande","short_details":"Dezs\u00f6 Kosztol\u00e1nyi \u2014 La Baconni\u00e8re","translator":null,"weight":265,"page_count":120,"readership":null,"editor":"La Baconni\u00e8re","price":1600,"published_date":"2013-05-21T22:00:00.000000Z","support":"Grand format","publisher_availability":1,"stock":0,"editions":[],"url":"https:\/\/quaidesbrumes.com\/ouvrage\/9782940431144\/portraits"},{"id":"9782379935251","title":"MAD : Fight, love & campus","description":"Oz encha\u00eene les combats clandestins pour oublier les d\u00e9mons de son pass\u00e9. Sur le ring, sa folie est telle qu'on le surnomme MAD.\r\n \r\nMais lorsque Billie, la petite soeur de son meilleur ami Caleb, d\u00e9barque sur le campus, son \u00e9quilibre fragile se brise.\r\n \r\nBillie n'a plus rien de la fillette rondouillarde qu'il a connue, elle est m\u00eame devenue une vraie bombasse. Plus de trace non plus de cette gamine effac\u00e9e qui souffrait de l'indiff\u00e9rence de ses parents.\r\n \r\nOz avait autrefois jur\u00e9 \u00e0 Caleb de ne jamais l'approcher, mais difficile aujourd'hui de respecter sa parole. C'est m\u00eame un enfer.\r\nD'autant plus quand son pote lui demande de s'occuper d'elle durant ses absences, qu'elle emm\u00e9nage dans leur coloc, et qu'elle le cherche.\r\n \r\nUne v\u00e9ritable guerre, entrem\u00eal\u00e9e de d\u00e9fis, s'engage entre Billie et Oz, dans le secret le plus total.\r\n \r\nEntre l'alchimie in\u00e9vitable et la col\u00e8re qui les lient, ils vont devoir faire des choix, quitte \u00e0 se mettre du monde \u00e0 dos et \u00e0 voir leur vie voler en \u00e9clats...","authors":["Ewa Rau"],"category_codes":["1000000","1010000"],"visuals":{"large":"https:\/\/images.epagine.fr\/251\/9782379935251_1_75.jpg","medium":"https:\/\/images.epagine.fr\/251\/9782379935251_1_m.jpg","thumbnail":"https:\/\/images.epagine.fr\/251\/9782379935251_1_v.jpg"},"orderable":true,"show_badge":true,"formatted_price":"19,00&nbsp;\u20ac","formatted_published_date":"23 novembre 2023","publisher_availability_label":"Sur commande","short_details":"Ewa Rau \u2014 BLACK INK","translator":null,"weight":460,"page_count":400,"readership":null,"editor":"BLACK INK","price":1900,"published_date":"2023-11-22T23:00:00.000000Z","support":"Grand format","publisher_availability":1,"stock":0,"editions":[],"url":"https:\/\/quaidesbrumes.com\/ouvrage\/9782379935251\/mad-fight-love-campus"},{"id":"9782360390809","title":"Petite lettre a votre mere","description":null,"authors":["Huttin Genevieve"],"category_codes":["1000000","1010000"],"visuals":{"large":"https:\/\/quaidesbrumes.com\/img\/book-placeholder.png","medium":"https:\/\/quaidesbrumes.com\/img\/book-placeholder.png","thumbnail":"https:\/\/quaidesbrumes.com\/img\/book-placeholder.png"},"orderable":true,"show_badge":true,"formatted_price":"13,00&nbsp;\u20ac","formatted_published_date":"1er mai 2014","publisher_availability_label":"Sur commande","short_details":"Huttin Genevieve \u2014 Le Preau Des Collines","translator":null,"weight":110,"page_count":null,"readership":null,"editor":"Le Preau Des Collines","price":1300,"published_date":"2014-04-30T22:00:00.000000Z","support":"Grand format","publisher_availability":1,"stock":0,"editions":[],"url":"https:\/\/quaidesbrumes.com\/ouvrage\/9782360390809\/petite-lettre-a-votre-mere"},{"id":"9782343078892","title":"Le masque de Venise ou le triptyque fantastique","description":"\"Trois aventures attachantes dans le royaume de l inconscient et des rencontres extraordinaires : \"\"Le masque de Venise\"\", \"\"La m\u00e9tamorphose num\u00e9rique\"\" et \"\"Le myst\u00e8re de la biblioth\u00e8que\"\". Ce roman est un tryptique fantastique o\u00f9 le voyage dans le virtuel rejoint le r\u00e9el et o\u00f9 la fiction emprunte et d\u00e9voile les \u00e9ternelles questions de l existence.\"\r","authors":["Maria Zaki"],"category_codes":["1000000","1010000"],"visuals":{"large":"https:\/\/images.epagine.fr\/892\/9782343078892_1_75.jpg","medium":"https:\/\/images.epagine.fr\/892\/9782343078892_1_m.jpg","thumbnail":"https:\/\/images.epagine.fr\/892\/9782343078892_1_v.jpg"},"orderable":true,"show_badge":true,"formatted_price":"16,00&nbsp;\u20ac","formatted_published_date":"19 novembre 2015","publisher_availability_label":"Sur commande","short_details":"Maria Zaki \u2014 \u00c9ditions L'Harmattan","translator":null,"weight":205,"page_count":166,"readership":null,"editor":"\u00c9ditions L'Harmattan","price":1600,"published_date":"2015-11-18T23:00:00.000000Z","support":"Grand format","publisher_availability":1,"stock":0,"editions":[],"url":"https:\/\/quaidesbrumes.com\/ouvrage\/9782343078892\/le-masque-de-venise-ou-le-triptyque-fantastique"},{"id":"9782290068762","title":"La patiente","description":"C'est l'histoire d'une femme qui ne dit rien. Et d'un homme qui tente de la comprendre. D'elle il sait tr\u00e8s peu, elle sait tout de lui. Quand enfin elle va se livrer, il le regrettera, mais il sera trop tard. C'est elle qui m\u00e8ne le jeu.\r\nApr\u00e8s l'histoire d'un transfert amoureux en montagne pour son premier roman, voici celle d'un trio amoureux entre Paris et la Bretagne.","authors":["Jean-philippe M\u00e9gnin"],"category_codes":["1000000","1010000"],"visuals":{"large":"https:\/\/images.epagine.fr\/762\/9782290068762_1_75.jpg","medium":"https:\/\/images.epagine.fr\/762\/9782290068762_1_m.jpg","thumbnail":"https:\/\/images.epagine.fr\/762\/9782290068762_1_v.jpg"},"orderable":true,"show_badge":true,"formatted_price":"5,10&nbsp;\u20ac","formatted_published_date":"5 mars 2014","publisher_availability_label":"Sur commande","short_details":"Jean-philippe M\u00e9gnin \u2014 J'ai Lu","translator":null,"weight":74,"page_count":128,"readership":null,"editor":"J'ai Lu","price":510,"published_date":"2014-03-04T23:00:00.000000Z","support":"Poche","publisher_availability":1,"stock":0,"editions":["9782842637262"],"url":"https:\/\/quaidesbrumes.com\/ouvrage\/9782290068762\/la-patiente"}]}