{"data":[{"id":"9782070731886","title":"Barzakh","description":"La mort subite d'une amie plonge le narrateur dans un d\u00e9sarroi tel qu'il \u00abmeurt\u00bb lui aussi subitement. Il passe alors dans le barzakh, ce monde interm\u00e9diaire dans lequel, selon la tradition musulmane, les morts doivent s\u00e9journer pendant quarante jours avant de conna\u00eetre le sort que leur r\u00e9servent Nak\u00eer et Munkar, les anges charg\u00e9s de les interroger et d'\u00e9mettre un jugement sur leur vie. Il y retrouve son amie perdue et verra d\u00e9filer toutes sortes de visions : r\u00e9miniscences de lectures de Dante et d'Ibn 'Arab\u00ee, tableaux de J\u00e9r\u00f4me Bosch et de Gustave Dor\u00e9, images d'horreur d'une guerre qui se d\u00e9roule durant cette m\u00eame quarantaine, sc\u00e8nes cruciales de sa vie et exp\u00e9riences de b\u00e9atitude. Tandis que chaque jour le texte relatant l'histoire de la quarantaine s'\u00e9crit...\u00c9trange et fascinant, d'un \u00e9tonnant pouvoir hallucinatoire, ce court r\u00e9cit en quarante \u00e9pisodes donne la mesure du talent de Juan Goytisolo : imagination visionnaire, style rythm\u00e9, d'une extr\u00eame densit\u00e9, vocabulaire souvent inattendu, tout un travail sur le langage et l'\u00e9criture (dont la traduction s'est attach\u00e9e \u00e0 rendre les reflets) destin\u00e9 \u00e0 faire entrer le lecteur dans une autre dimension, \u00e0 le d\u00e9centrer, l'ensorceler peut-\u00eatre par les charmes et les sortil\u00e8ges de l'Au-Del\u00e0...","authors":["Juan Goytisolo","C\u00e9line Zins"],"category_codes":["1000000","1010000"],"visuals":{"large":"https:\/\/images.epagine.fr\/886\/9782070731886_1_75.jpg","medium":"https:\/\/images.epagine.fr\/886\/9782070731886_1_m.jpg","thumbnail":"https:\/\/images.epagine.fr\/886\/9782070731886_1_v.jpg"},"orderable":true,"show_badge":true,"formatted_price":"14,70&nbsp;\u20ac","formatted_published_date":"15 f\u00e9vrier 1994","publisher_availability_label":"Sur commande","short_details":"Juan Goytisolo, C\u00e9line Zins \u2014 Gallimard","translator":"CELINE ZINS","weight":247,"page_count":176,"readership":null,"editor":"Gallimard","price":1470,"published_date":"1994-02-14T23:00:00.000000Z","support":"Grand format","publisher_availability":1,"stock":0,"editions":[],"url":"https:\/\/quaidesbrumes.com\/ouvrage\/9782070731886\/barzakh"},{"id":"9782070739196","title":"Le coeur aventureux 1929","description":"\u00abOn ne connaissait jusqu'ici en France, dans une traduction d'Henri Thomas, que la seconde version du Coeur aventureux. L'oeuvre que nous pr\u00e9sentons est toute diff\u00e9rente, et une vingtaine de pages seulement se retrouvent dans la seconde version : encore sont-elles souvent l'objet de modifications. La premi\u00e8re version n'est donc pas une esquisse sur laquelle J\u00fcnger se serait livr\u00e9 ensuite \u00e0 une activit\u00e9 de r\u00e9\u00e9criture, c'est un texte autonome et d'une grande nouveaut\u00e9 pour le lecteur fran\u00e7ais. On y trouve des r\u00e9cits de r\u00eave et de courtes nouvelles fantastiques comme dans la seconde, mais aussi des souvenirs d'enfance, des aper\u00e7us de critique litt\u00e9raire - et des mouvements de mauvaise humeur nationaliste qui rappellent que J\u00fcnger fut quelques ann\u00e9es un pol\u00e9miste virulent.Ce livre, qui permet de mieux comprendre l'\u00e9volution de l'auteur, des Orages d'acier aux Falaises de marbre, est consid\u00e9r\u00e9 par J\u00fcnger lui-m\u00eame comme l'illustration d'une vision expressionniste du monde, avant l'\u00e9volution vers le surr\u00e9alisme de la seconde version.\u00bbJulien Hervier.","authors":["Ernst J\u00fcnger"],"category_codes":["1000000","1010000"],"visuals":{"large":"https:\/\/images.epagine.fr\/196\/9782070739196_1_75.jpg","medium":"https:\/\/images.epagine.fr\/196\/9782070739196_1_m.jpg","thumbnail":"https:\/\/images.epagine.fr\/196\/9782070739196_1_v.jpg"},"orderable":true,"show_badge":true,"formatted_price":"15,50&nbsp;\u20ac","formatted_published_date":"3 mars 1995","publisher_availability_label":"Sur commande","short_details":"Ernst J\u00fcnger \u2014 Gallimard","translator":null,"weight":264,"page_count":208,"readership":null,"editor":"Gallimard","price":1550,"published_date":"1995-03-02T23:00:00.000000Z","support":"Grand format","publisher_availability":1,"stock":0,"editions":[],"url":"https:\/\/quaidesbrumes.com\/ouvrage\/9782070739196\/le-coeur-aventureux-1929"},{"id":"9782070753031","title":"Cantil\u00e8nes","description":"Lecteur \u00abLes arbres se taisent dans le brouillard avec leurs bras ballants qui s'\u00e9gouttent comme de grands oiseaux d\u00e9\u00e7us. Les feuilles mortes par terre ne disent plus rien non plus. Elles ont assez jas\u00e9 tout l'\u00e9t\u00e9 en haut des branches quand les z\u00e9phyrs les visitaient. Et l\u00e0-bas, le long des rues d\u00e9sertes, les fa\u00e7ades des maisons sont vou\u00e9es aux halos des lampadaires, mais dans les int\u00e9rieurs les gens dorment d\u00e9j\u00e0 ou d\u00eenent encore. Quelqu'un lit dans une chambre sans avoir ferm\u00e9 les rideaux et le brouillard le voit \u00e0 travers la vitre, mais ce brouillard ne sait pas qu'il voit le lecteur et le lecteur ne sait pas qu'il est vu \u00e0 travers la fen\u00eatre. Le lecteur est pench\u00e9 sur un texte qui le regarde et il se laisse regarder par les phrases silencieuses. Elles ne s'impriment pas en lui, elles le p\u00e9trissent, elles se font l'\u00e2me de ses instants.[...]\u00bb","authors":["Jean Grosjean"],"category_codes":["1000000","1010000"],"visuals":{"large":"https:\/\/images.epagine.fr\/031\/9782070753031_1_75.jpg","medium":"https:\/\/images.epagine.fr\/031\/9782070753031_1_m.jpg","thumbnail":"https:\/\/images.epagine.fr\/031\/9782070753031_1_v.jpg"},"orderable":true,"show_badge":true,"formatted_price":"12,40&nbsp;\u20ac","formatted_published_date":"4 d\u00e9cembre 1998","publisher_availability_label":"Sur commande","short_details":"Jean Grosjean \u2014 Gallimard","translator":null,"weight":178,"page_count":128,"readership":null,"editor":"Gallimard","price":1240,"published_date":"1998-12-03T23:00:00.000000Z","support":"Grand format","publisher_availability":1,"stock":0,"editions":[],"url":"https:\/\/quaidesbrumes.com\/ouvrage\/9782070753031\/cantilenes"},{"id":"9782070758364","title":"Le Cachet de la poste : Feuilles volantes","description":"\u00abJe regarde comme un privil\u00e8ge d'avoir \u00e9t\u00e9 parmi les premiers destinataires des tr\u00e8s discrets envois postaux o\u00f9, dans des sortes de po\u00e8mes parfois aussi pr\u00e9cis qu'un \u00e9nonc\u00e9 de probl\u00e8me d'arithm\u00e9tique, Jean-Pierre Le Goff fait part de ses intentions et convie aux c\u00e9r\u00e9monies \u00e0 la fois bizarres et sans myst\u00e8res qu'il organise. Leur appareil m\u00e9ticuleux n'est pas tr\u00e8s diff\u00e9rent de ce qu'emploierait un magicien ou un occultiste\u00a0:\u00a0les mots, les chiffres, les astres y tiennent un r\u00f4le de premier plan. Partout des signes se manifestent... Non content de les enregistrer, Le Goff les relie entre eux et, avec un m\u00e9lange de pragmatisme et d'intuition, fixe le point o\u00f9 ils convergent et se recoupent. On s'y livre alors \u00e0 une esp\u00e8ce de c\u00e9l\u00e9bration. Mais bien que des constantes apparaissent dans ses inventions rituelles, il s'efforce, en en renouvelant le th\u00e8me, le site, les \u00e9l\u00e9ments, de les soustraire \u00e0 la fixit\u00e9 d'une liturgie. On pense \u00e0 un pr\u00eatre sans religion, \u00e0 un \u00e9sot\u00e9riste sans doctrine. Et bien moins \u00e0 un magicien qu'\u00e0 l'impresario b\u00e9n\u00e9vole qui se d\u00e9m\u00e8ne pour rassembler le mat\u00e9riel et mettre au point la repr\u00e9sentation o\u00f9 s'effectueront les \"tours\" d'un magicien insaisissable et invisible. Comme on le verra, ce mat\u00e9riel vari\u00e9 mais portatif n'exige qu'une grande quantit\u00e9 de perles, et c'est fr\u00e9quemment un carambolage de hasards qui permet de localiser l'emplacement de la sc\u00e8ne.\u00bb Jacques R\u00e9da.","authors":["Jean-Pierre Le Goff (1942 - ...)","Jacques R\u00e9da"],"category_codes":["1000000","1010000"],"visuals":{"large":"https:\/\/images.epagine.fr\/364\/9782070758364_1_75.jpg","medium":"https:\/\/images.epagine.fr\/364\/9782070758364_1_m.jpg","thumbnail":"https:\/\/images.epagine.fr\/364\/9782070758364_1_v.jpg"},"orderable":true,"show_badge":true,"formatted_price":"19,35&nbsp;\u20ac","formatted_published_date":"4 mai 2000","publisher_availability_label":"Sur commande","short_details":"Jean-Pierre Le Goff (1942 - ...), Jacques R\u00e9da \u2014 Gallimard","translator":null,"weight":335,"page_count":304,"readership":null,"editor":"Gallimard","price":1935,"published_date":"2000-05-03T22:00:00.000000Z","support":"Grand format","publisher_availability":1,"stock":0,"editions":[],"url":"https:\/\/quaidesbrumes.com\/ouvrage\/9782070758364\/le-cachet-de-la-poste-feuilles-volantes"},{"id":"9782070773534","title":"L'Indocilit\u00e9 : Suppl\u00e9ment au \u00abD\u00e9sir d'Afrique\u00bb","description":"\u00abOutre mon itin\u00e9raire personnel me conduisant de Brazzaville \u00e0 Leningrad et de la nouvelle Saint-P\u00e9tersbourg \u00e0 Paris, ces digressions critiques ont une autre source\u00a0:\u00a0les propos de l'\u00e9crivain martiniquais \u00c9douard Glissant accompagnant mon D\u00e9sir d'Afrique\u00a0:\u00a0\"On voit beaucoup l'Afrique dans les m\u00e9dias. Le sida, les massacres, les guerres tribales, les mis\u00e8res...Mais, en fait, on ne voit pas l'Afrique. Elle est invisible.\" Ce qui pourrait aussi r\u00e9sumer L'indocilit\u00e9. Dans les deux cas, il s'agit de substituer \u00e0 cette Afrique brinquebalante, qui laisse \u00e0 d\u00e9sirer, une Afrique d\u00e9sirable. L'indocilit\u00e9 prolonge donc D\u00e9sir d'Afrique, sauf qu'ici notre centre d'int\u00e9r\u00eat est l'insolence. L'Afrique dans le miroir de l'insolence. L'insolence des \u00e9crivains des continents noirs. L'Afrique, \u00e9crit le Congolais Sony Labou Tansi, un des ma\u00eetres du pied de nez litt\u00e9raire, \"pense peu, vend mal et ach\u00e8te au pire\". Heureusement, il y a la litt\u00e9rature. Pas tout ce qu'on publie, h\u00e9las\u00a0! Disons qu'en un demi-si\u00e8cle, cette litt\u00e9rature-l\u00e0 a produit quelques textes admirables et fort irr\u00e9v\u00e9rencieux.\u00bb Boniface Mongo-Mboussa.","authors":["Boniface Mongo-Mboussa"],"category_codes":["1000000","1010000"],"visuals":{"large":"https:\/\/images.epagine.fr\/534\/9782070773534_1_75.jpg","medium":"https:\/\/images.epagine.fr\/534\/9782070773534_1_m.jpg","thumbnail":"https:\/\/images.epagine.fr\/534\/9782070773534_1_v.jpg"},"orderable":true,"show_badge":true,"formatted_price":"13,70&nbsp;\u20ac","formatted_published_date":"3 f\u00e9vrier 2005","publisher_availability_label":"Sur commande","short_details":"Boniface Mongo-Mboussa \u2014 Gallimard","translator":null,"weight":184,"page_count":144,"readership":null,"editor":"Gallimard","price":1370,"published_date":"2005-02-02T23:00:00.000000Z","support":"Grand format","publisher_availability":1,"stock":0,"editions":[],"url":"https:\/\/quaidesbrumes.com\/ouvrage\/9782070773534\/lindocilite-supplement-au-desir-dafrique"},{"id":"9782070780983","title":"Le retour","description":"Les grands-parents du jeune Peter Debauer travaillent comme relecteurs pour une collection de litt\u00e9rature populaire. Souvent, Peter dessine ou fait ses devoirs au dos de jeux d'\u00e9preuves corrig\u00e9es. Un jour, il se met \u00e0 lire un de ces feuilletons malgr\u00e9 l'interdiction  grand-parentale. Intrigu\u00e9, il d\u00e9couvre dans le r\u00e9cit pourtant incomplet d'un prisonnier de guerre d\u00e9tenu en Sib\u00e9rie des d\u00e9tails qui se rattachent \u00e9trangement \u00e0 sa propre vie... Une longue qu\u00eate commence alors pour lui, et sa volont\u00e9 de d\u00e9couvrir la fin de l'histoire l'entra\u00eenera dans une odyss\u00e9e \u00e0 travers l'Histoire allemande et le pass\u00e9 de sa propre famille.","authors":["Schlink Bernhar","Bernard Lortholary"],"category_codes":["1000000","1010000"],"visuals":{"large":"https:\/\/images.epagine.fr\/983\/9782070780983_1_75.jpg","medium":"https:\/\/images.epagine.fr\/983\/9782070780983_1_m.jpg","thumbnail":"https:\/\/images.epagine.fr\/983\/9782070780983_1_v.jpg"},"orderable":true,"show_badge":true,"formatted_price":"19,80&nbsp;\u20ac","formatted_published_date":"11 janvier 2007","publisher_availability_label":"Sur commande","short_details":"Schlink Bernhar, Bernard Lortholary \u2014 Gallimard","translator":"BERNARD LORTHOLARY","weight":385,"page_count":384,"readership":null,"editor":"Gallimard","price":1980,"published_date":"2007-01-10T23:00:00.000000Z","support":"Grand format","publisher_availability":1,"stock":0,"editions":[],"url":"https:\/\/quaidesbrumes.com\/ouvrage\/9782070780983\/le-retour"},{"id":"9782760412798","title":"Wapke","description":null,"authors":["Jean Michel"],"category_codes":["1000000","1010000"],"visuals":{"large":"https:\/\/images.epagine.fr\/798\/9782760412798_1_75.jpg","medium":"https:\/\/images.epagine.fr\/798\/9782760412798_1_m.jpg","thumbnail":"https:\/\/images.epagine.fr\/798\/9782760412798_1_v.jpg"},"orderable":true,"show_badge":true,"formatted_price":"31,00&nbsp;\u20ac","formatted_published_date":"1er juillet 2021","publisher_availability_label":"Sur commande","short_details":"Jean Michel \u2014 Stanke Alain","translator":null,"weight":701,"page_count":null,"readership":null,"editor":"Stanke Alain","price":3100,"published_date":"2021-06-30T22:00:00.000000Z","support":"Grand format","publisher_availability":1,"stock":0,"editions":[],"url":"https:\/\/quaidesbrumes.com\/ouvrage\/9782760412798\/wapke"},{"id":"9782070131600","title":"La toison d'or","description":"Pourquoi Jason, petit-fils d'\u00c9ole, le Dieu du vent, a-t-il quitt\u00e9, avec trente compagnons, sa Gr\u00e8ce natale pour aller au fond de la mer Noire voler la Toison d'or? Que repr\u00e9sentait la Toison d'or? Et pourquoi M\u00e9d\u00e9e, princesse de Tauride, a-t-elle accept\u00e9 de trahir ses voeux de pr\u00eatresse et tous les siens pour lui livrer la Toison? Celui qui raconte cette histoire, de mille ans plus ancienne que l'histoire d'H\u00e9l\u00e8ne et de la guerre de Troie, est un po\u00e8te anglais aussi subtil que le vieil Ulysse. Il vit depuis si longtemps au coeur des mythes grecs qu'il communique au lecteur sa flamme et sa foi. C'est pour l'amour de la Blanche D\u00e9esse, m\u00e8re de toutes choses, que Jason accomplit, avec ses Argonautes, ce long p\u00e9riple, qui est sans doute le premier voyage vers l'Orient dont les hommes d'Occident aient gard\u00e9 le souvenir confus. R\u00e9cifs, temp\u00eates, escales dans les calmes golfes ou dans les eaux ennemies, fuites et batailles, ruses et triomphes, l'immense aventure se d\u00e9taille en cent \u00e9pisodes dont chacun r\u00e9v\u00e8le un fragment d'univers.\r\nCe mythe du pass\u00e9 a pour caution la r\u00e9alit\u00e9 du pr\u00e9sent, car on peut suivre le p\u00e9riple de Jason sur une carte, et calculer la juste position des \u00e9toiles qui ont guid\u00e9 les navigateurs de la l\u00e9gende.\r\nDans le ciel d'aujourd'hui, entre le Centaure, qui fut le ma\u00eetre de Jason, et le Grand Chien, jadis consacr\u00e9 \u00e0 la Blanche D\u00e9esse, la Constellation des Argonautes a vu appara\u00eetre une \u00e9toile nouvelle, signe de victoire et de mis\u00e9ricorde : les ombres du berger et des chiens ne viendront plus, des profondeurs de l'Enfer, boire le sang des victimes que Jason sacrifie...\r\nEmbarquez-vous donc avec les Argonautes. la qu\u00eate de la Toison d'or, ici neuve et br\u00fblante, est la plus ancienne, la plus myst\u00e9rieuse aventure de l'Humanit\u00e9.","authors":["Robert Graves"],"category_codes":["1000000","1010000"],"visuals":{"large":"https:\/\/images.epagine.fr\/600\/9782070131600_1_75.jpg","medium":"https:\/\/images.epagine.fr\/600\/9782070131600_1_m.jpg","thumbnail":"https:\/\/images.epagine.fr\/600\/9782070131600_1_v.jpg"},"orderable":true,"show_badge":true,"formatted_price":"30,00&nbsp;\u20ac","formatted_published_date":"25 septembre 2010","publisher_availability_label":"Sur commande","short_details":"Robert Graves \u2014 Gallimard","translator":null,"weight":545,"page_count":554,"readership":null,"editor":"Gallimard","price":3000,"published_date":"2010-09-24T22:00:00.000000Z","support":"Grand format","publisher_availability":1,"stock":0,"editions":[],"url":"https:\/\/quaidesbrumes.com\/ouvrage\/9782070131600\/la-toison-dor"},{"id":"9782070208692","title":"Les balesta","description":"Pierrelousse : un gros bourg de Provence, de cette Provence secr\u00e8te, qui est le domaine de Bosco. Mais un bourg d'il y a cent ans. Les trois classes de la population y vivent en bonne intelligence, chacune cantonn\u00e9e sur un palier, au flanc de la colline o\u00f9 s'\u00e9tage Pierrelousse. La famille des Balesta, \u00e9tablie \u00e0 Pierrelousse depuis plusieurs g\u00e9n\u00e9rations, n'en a pas moins gard\u00e9 certaines traditions et croyances \u00e9tranges de ses anc\u00eatres venus de plus rudes pays, de l'autre c\u00f4t\u00e9 des Alpes. Ce sont l\u00e0 ses \u00absecrets\u00bb. L'un de ces secrets, dont ils craignent encore, sans oser le dire, la puissance assoupie, c'est le don qui leur a \u00e9t\u00e9 imparti d'attirer sur ceux qui leur nuisent les coups du sort les plus impr\u00e9vus et les plus cruels. Les Balesta seront donc, \u00e0 divers moments de leur histoire, en proie \u00e0 ce path\u00e9tique conflit : le d\u00e9sir naturel de venger une offense, et l'effroi m\u00eame de ce d\u00e9sir qu'ils redoutent de voir exauc\u00e9, car ils sont bons et justes. Mais ils ne peuvent rien contre les ravages du \u00abdon\u00bb. II en r\u00e9sulte des drames auxquels la population du pays, nonchalante, imaginative et sensible \u00e0 l'extr\u00eame, assiste sans les comprendre, et dont elle s'\u00e9meut tout enti\u00e8re. Dans cette Pierrelousse ainsi recr\u00e9\u00e9e pour notre plaisir et notre \u00e9moi, voici que s'inscrivent - apr\u00e8s Malicroix, Antonin, L'\u00c2ne Culotte et bien d'autres - tant de nouvelles figures de la mythologie dont Bosco nous enchante : l'a\u00efeule Marceline qui incarne la force et le courage, la sage et noble Philom\u00e8ne, M\u00e9jemirande, subtil et secret, le docte et prudent chanoine Besance, la vieille servante Chichanque et le cordonnier Trigot, ces humbles comparses qui sont parfois les vrais instruments du destin...","authors":["Henri Bosco"],"category_codes":["1000000","1010000"],"visuals":{"large":"https:\/\/images.epagine.fr\/692\/9782070208692_1_75.jpg","medium":"https:\/\/images.epagine.fr\/692\/9782070208692_1_m.jpg","thumbnail":"https:\/\/images.epagine.fr\/692\/9782070208692_1_v.jpg"},"orderable":true,"show_badge":true,"formatted_price":"17,05&nbsp;\u20ac","formatted_published_date":"13 janvier 1956","publisher_availability_label":"Sur commande","short_details":"Henri Bosco \u2014 Gallimard","translator":null,"weight":365,"page_count":352,"readership":null,"editor":"Gallimard","price":1705,"published_date":"1956-01-12T23:00:00.000000Z","support":"Grand format","publisher_availability":1,"stock":0,"editions":[],"url":"https:\/\/quaidesbrumes.com\/ouvrage\/9782070208692\/les-balesta"},{"id":"9782070208753","title":"Un oubli moins profond ; souvenirs","description":"\u00abVoici des souvenirs. Tels qu'ils sont revenus \u00e0 moi du fond de ma m\u00e9moire, je les ai not\u00e9s et je les pr\u00e9sente. Je ne raconte pas une suite d'\u00e9v\u00e9nements qui se succ\u00e8dent pas \u00e0 pas, et ainsi qui s'encha\u00eenent. Je prends, au hasard des retours, les personnages et les faits qui vivaient encore, ou qui sommeillaient, dans le pass\u00e9 de mon enfance. Je ne les ai pas recherch\u00e9s, j'ai attendu. Il m'en est revenu bien plus, et quelquefois de plus \u00e9tranges, que ceux dont j'ai relat\u00e9 ici la renaissance. Mais j'ai fait un choix parmi eux pour ne m'en tenir qu'aux plus s\u00fbrs.\u00bb","authors":["Henri Bosco"],"category_codes":["1000000","1010000"],"visuals":{"large":"https:\/\/images.epagine.fr\/753\/9782070208753_1_75.jpg","medium":"https:\/\/images.epagine.fr\/753\/9782070208753_1_m.jpg","thumbnail":"https:\/\/images.epagine.fr\/753\/9782070208753_1_v.jpg"},"orderable":true,"show_badge":true,"formatted_price":"18,60&nbsp;\u20ac","formatted_published_date":"16 mai 1961","publisher_availability_label":"Sur commande","short_details":"Henri Bosco \u2014 Gallimard","translator":null,"weight":360,"page_count":336,"readership":null,"editor":"Gallimard","price":1860,"published_date":"1961-05-15T23:00:00.000000Z","support":"Grand format","publisher_availability":1,"stock":0,"editions":[],"url":"https:\/\/quaidesbrumes.com\/ouvrage\/9782070208753\/un-oubli-moins-profond-souvenirs"},{"id":"9782070209927","title":"Rapport sur Bruno","description":"Face \u00e0 face Bruno et son grand-p\u00e8re, le narrateur. Leader du parti lib\u00e9ral de son pays, celui-ci est trop absorb\u00e9 par ses fonctions pour pouvoir s'occuper de celui dont il a la charge. De son c\u00f4t\u00e9 Bruno, adolescent pr\u00e9cocement intelligent, cruel, menteur, \u00e9go\u00efste, s'ing\u00e9nie \u00e0 le heurter et se plaint que son grand-p\u00e8re se pr\u00eate au jeu de la politique et ne puisse tout lui confier. Tous deux rivalisent d'une curieuse volont\u00e9 de s\u00e9duction qui va jusqu'au chantage sentimental\u00a0:\u00a0pour l'amour de Bruno, il faut que l'on abandonne la politique. Ce chantage d'un adolescent \u00e9gocentrique n'est pas le seul, car le monde entier fait chanter le monde. La presse \u00e0 scandale prend le parti de l'\u00c9glise et tient en respect les hommes politiques. Le chef de l'\u00c9tat fait chanter le Premier Ministre, et le narrateur ne peut plus que faire chanter tous ces ma\u00eetres chanteurs. Quant \u00e0 Bruno, il fait plus tard chanter le peuple tout entier en livrant, par voie de presse, le r\u00e9cit de sa vie. \u00c0 trente ans, selon son serment, il sera le dictateur du pays.","authors":["Joseph Breitbach"],"category_codes":["1000000","1010000"],"visuals":{"large":"https:\/\/images.epagine.fr\/927\/9782070209927_1_75.jpg","medium":"https:\/\/images.epagine.fr\/927\/9782070209927_1_m.jpg","thumbnail":"https:\/\/images.epagine.fr\/927\/9782070209927_1_v.jpg"},"orderable":true,"show_badge":true,"formatted_price":"12,30&nbsp;\u20ac","formatted_published_date":"20 janvier 1965","publisher_availability_label":"Sur commande","short_details":"Joseph Breitbach \u2014 Gallimard","translator":null,"weight":339,"page_count":344,"readership":null,"editor":"Gallimard","price":1230,"published_date":"1965-01-19T23:00:00.000000Z","support":"Beaux-livres","publisher_availability":1,"stock":0,"editions":[],"url":"https:\/\/quaidesbrumes.com\/ouvrage\/9782070209927\/rapport-sur-bruno"},{"id":"9782070228584","title":"Ad\u00e9la\u00efde \/ Mademoiselle Irnois","description":null,"authors":["Arthur de Gobineau","A. B. Duff","F.-R. Bastide"],"category_codes":["1000000","1010000"],"visuals":{"large":"https:\/\/images.epagine.fr\/584\/9782070228584_1_75.jpg","medium":"https:\/\/images.epagine.fr\/584\/9782070228584_1_m.jpg","thumbnail":"https:\/\/images.epagine.fr\/584\/9782070228584_1_v.jpg"},"orderable":true,"show_badge":true,"formatted_price":"3,50&nbsp;\u20ac","formatted_published_date":"1er janvier 1914","publisher_availability_label":"Sur commande","short_details":"Arthur de Gobineau, A. B. Duff, F.-R. Bastide \u2014 Gallimard","translator":null,"weight":172,"page_count":192,"readership":null,"editor":"Gallimard","price":350,"published_date":"1914-01-01T00:00:00.000000Z","support":"Grand format","publisher_availability":1,"stock":0,"editions":[],"url":"https:\/\/quaidesbrumes.com\/ouvrage\/9782070228584\/adelaide-mademoiselle-irnois"},{"id":"9782070250301","title":"R\u00f4le de plaisance","description":"Un graveur bourguignon, Andr\u00e9 Collot, et son ami Jacques Perret ont arm\u00e9 leur petit bateau \u00e0 voile, un sloup \u00e0 tape-cul, dans l'intention plus ou moins ferme d'aller \u00e0 Santander. L'important, pour eux, est de vivre en mer et d'y jouer le r\u00f4le de plaisance qui leur est confi\u00e9, en ces termes, par l'administration maritime. Dans l'exploit qu'il nous raconte, Jacques Perret se donne pour capitaine. Il n'en reste pas moins caporal, \u00e9pingl\u00e9 dans sa coque d'agr\u00e9ment. Deux hommes livr\u00e9s aux \u00e9preuves de la solitude en mer et de la promiscuit\u00e9 du bord font ais\u00e9ment un drame pour peu que le s\u00e9jour se prolonge. Il n'y aura pas de drame \u00e0 bord du sloup. Le capitaine et son matelot paraissent immunis\u00e9s sur ce point. L'aventure psychologique ne sera pas orageuse. Les deux amis se supporteront jusqu'au bout. C'est le c\u00f4t\u00e9 un peu surprenant du r\u00e9cit. Il n'y a pas lieu de consid\u00e9rer cet ouvrage comme le manuel du parfait yaquemane et l'auteur d\u00e9cline toute responsabilit\u00e9 dans le cas o\u00f9 surviendrait un accident \u00e0 qui prendrait pour mod\u00e8le l'\u00e9quipage du Matam. Mieux vaut pr\u00e9senter R\u00f4le de plaisance comme un petit trait\u00e9 de navigation pu\u00e9rile et honn\u00eate, un m\u00e9moire sur l'art et la mani\u00e8re de conduire la plaisance \u00e0 ses fins par les moyens du bord.","authors":["Jacques Perret"],"category_codes":["1000000","1010000"],"visuals":{"large":"https:\/\/images.epagine.fr\/301\/9782070250301_1_75.jpg","medium":"https:\/\/images.epagine.fr\/301\/9782070250301_1_m.jpg","thumbnail":"https:\/\/images.epagine.fr\/301\/9782070250301_1_v.jpg"},"orderable":true,"show_badge":true,"formatted_price":"22,90&nbsp;\u20ac","formatted_published_date":"14 juin 1957","publisher_availability_label":"Sur commande","short_details":"Jacques Perret \u2014 Gallimard","translator":null,"weight":285,"page_count":304,"readership":null,"editor":"Gallimard","price":2290,"published_date":"1957-06-13T23:00:00.000000Z","support":"Grand format","publisher_availability":1,"stock":0,"editions":[],"url":"https:\/\/quaidesbrumes.com\/ouvrage\/9782070250301\/role-de-plaisance"},{"id":"9782070255818","title":"Trou\u00e9es : Po\u00e8mes 1973-1980","description":"Ce nouveau recueil o\u00f9 Guillevic, avec une voix de plus en plus pure, de plus en plus simple, rend \u00e9mouvants le monde, la vie, la langue et justifie le r\u00f4le de la po\u00e9sie, se compose de huits groupes de textes. D\u00e9j\u00e0\u00a0:\u00a0d\u00e9licats po\u00e8mes o\u00f9 l'amour est esp\u00e9r\u00e9 avec une ferveur pudique. Cris est une suite de po\u00e8mes tr\u00e8s brefs, o\u00f9 le cri prend plus de sens qu'on ne pourrait l'imaginer. Comparutions est une m\u00e9ditation sur l'organisation myst\u00e9rieuse de l'univers\u00a0:\u00a0les feuilles d'arbres entre elles, ou l'homme devant les v\u00e9g\u00e9taux. Rires\u00a0:\u00a0variations sur ce th\u00e8me. Familiers peint dans leur intimit\u00e9 la fleur, le ch\u00eane, l'eau douce. Les Mont\u00e9es sont celles de l'\u00e9pervier, d'un appel, du chant d'un crapaud, de l'amour. Magnificat est un chant d'amour entrecoup\u00e9 de silences. Vitrail est une longue suite de br\u00e8ves pens\u00e9es sur l'art religieux et sur ce qu'il peut figurer de la vie humaine.","authors":["Guillevic"],"category_codes":["1000000","1010000"],"visuals":{"large":"https:\/\/images.epagine.fr\/818\/9782070255818_1_75.jpg","medium":"https:\/\/images.epagine.fr\/818\/9782070255818_1_m.jpg","thumbnail":"https:\/\/images.epagine.fr\/818\/9782070255818_1_v.jpg"},"orderable":true,"show_badge":true,"formatted_price":"15,25&nbsp;\u20ac","formatted_published_date":"3 novembre 1981","publisher_availability_label":"Sur commande","short_details":"Guillevic \u2014 Gallimard","translator":null,"weight":255,"page_count":184,"readership":null,"editor":"Gallimard","price":1525,"published_date":"1981-11-02T23:00:00.000000Z","support":"Grand format","publisher_availability":1,"stock":0,"editions":[],"url":"https:\/\/quaidesbrumes.com\/ouvrage\/9782070255818\/trouees-poemes-1973-1980"},{"id":"9782070279395","title":"Th\u00e9\u00e2tre Tome 1","description":"Rendre \u00e0 C\u00e9sar est une adaptation du c\u00e9l\u00e8bre roman Denier du r\u00eave. Il se situe en 1933 et raconte l'histoire d'un attentat, dans la Rome de Mussolini. La Petite Sir\u00e8ne est une libre transcription du conte d'Andersen.Le dialogue dans le mar\u00e9cage s'inspire d'un fait divers du Moyen \u00c2ge italien. C'est l'histoire d'une patricienne siennoise, Pia Tolomei, rel\u00e9gu\u00e9e dans un malsain ch\u00e2teau de la Maremme par un mari jaloux qui l'y laisse mourir.","authors":["Marguerite Yourcenar"],"category_codes":["1000000","1010000"],"visuals":{"large":"https:\/\/images.epagine.fr\/395\/9782070279395_1_75.jpg","medium":"https:\/\/images.epagine.fr\/395\/9782070279395_1_m.jpg","thumbnail":"https:\/\/images.epagine.fr\/395\/9782070279395_1_v.jpg"},"orderable":true,"show_badge":true,"formatted_price":"25,40&nbsp;\u20ac","formatted_published_date":"26 mai 1971","publisher_availability_label":"Sur commande","short_details":"Marguerite Yourcenar \u2014 Gallimard","translator":null,"weight":260,"page_count":208,"readership":"Tout public","editor":"Gallimard","price":2540,"published_date":"1971-05-25T23:00:00.000000Z","support":"Grand format","publisher_availability":1,"stock":0,"editions":[],"url":"https:\/\/quaidesbrumes.com\/ouvrage\/9782070279395\/theatre-tome-1"},{"id":"9782070705993","title":"Fleuve sans fin ; journal du Saint-Laurent","description":"Les eaux sans fin : c'est ainsi que les Sauvages d\u00e9sign\u00e8rent \u00e0 Jacques Cartier la coul\u00e9e bleue o\u00f9 il engageait ses vaisseaux, coul\u00e9e qu'il allait nommer le Saint-Laurent. Pendant une ann\u00e9e, assid\u00fbment, c'est-\u00e0-dire presque chaque jour, l'auteur va vivre sur l'une ou l'autre rive du fleuve, recueillant et transcrivant la parole suscit\u00e9e. C'est tout le contraire d'un journal intime : plut\u00f4t ce serait l'\u00e9cho d'une patiente \u00e9coute afin que les mots s'accordent selon le cours jamais le m\u00eame, apparemment toujours pareil, et sans cesse renouvel\u00e9. Heures et saisons dans le mobile miroir apparaissent en variations infinies et figures auxquelles concourent la faune, la flore, la navigation et les constellations. La veille n'est interrompue que par les limites du veilleur. Face au grand ordre qu'il contemple, non point passivement, mais en se jetant dans le jeu, sans pr\u00e9tendre mesurer le monde \u00e0 son aune, il mesure par le corps et l'esprit la d\u00e9mesure dans laquelle nous sommes de nous-m\u00eames tenus hors de port\u00e9e. \u00abConnais-toi toi-m\u00eame.\u00bb Non. Envisage avec une s\u00e9r\u00e9nit\u00e9 accrue l'inconnaissance que chaque bribe ou saut de la science encore accro\u00eet.","authors":["Robert Marteau"],"category_codes":["1000000","1010000"],"visuals":{"large":"https:\/\/images.epagine.fr\/993\/9782070705993_1_75.jpg","medium":"https:\/\/images.epagine.fr\/993\/9782070705993_1_m.jpg","thumbnail":"https:\/\/images.epagine.fr\/993\/9782070705993_1_v.jpg"},"orderable":true,"show_badge":true,"formatted_price":"12,10&nbsp;\u20ac","formatted_published_date":"3 mars 1986","publisher_availability_label":"Sur commande","short_details":"Robert Marteau \u2014 Gallimard","translator":null,"weight":245,"page_count":176,"readership":null,"editor":"Gallimard","price":1210,"published_date":"1986-03-02T23:00:00.000000Z","support":"Grand format","publisher_availability":1,"stock":0,"editions":[],"url":"https:\/\/quaidesbrumes.com\/ouvrage\/9782070705993\/fleuve-sans-fin-journal-du-saint-laurent"},{"id":"9782070716562","title":"Journal intime : (1928-1936)","description":"Eug\u00e8ne Dabit a tenu huit ann\u00e9es durant son journal, du 12 septembre 1928 au 12 ao\u00fbt 1936. Le 21 ao\u00fbt, il meurt \u00e0 S\u00e9bastopol, \u00e2g\u00e9 de trente-huit ans. Ce Journal intime fut d'abord pour le romancier un instrument de travail et l'atelier de ses romans. Il fut\r\naussi un exercice spirituel \u00e0 la mani\u00e8re d'Andr\u00e9 Gide et l'expression quotidienne du d\u00e9sir de ne rien perdre de la vie. Il renferme en dernier lieu un itin\u00e9raire d'artiste cheminant parmi les figures des ann\u00e9es trente\u00a0:\u00a0Aragon, C\u00e9line, Giono, Malraux, Roger Martin du Gard... Les cinq calepins du Journal intime furent publi\u00e9s initialement en juillet 1939 dans une \u00e9dition due \u00e0 Roger Martin du Gard. La pr\u00e9sente \u00e9dition comporte, pour la premi\u00e8re fois, l'int\u00e9gralit\u00e9 des carnets personnels d'Eug\u00e8ne Dabit.","authors":["Eug\u00e8ne Dabit","Pierre-edmond Robert"],"category_codes":["1000000","1010000"],"visuals":{"large":"https:\/\/images.epagine.fr\/562\/9782070716562_1_75.jpg","medium":"https:\/\/images.epagine.fr\/562\/9782070716562_1_m.jpg","thumbnail":"https:\/\/images.epagine.fr\/562\/9782070716562_1_v.jpg"},"orderable":true,"show_badge":true,"formatted_price":"26,30&nbsp;\u20ac","formatted_published_date":"5 juin 1989","publisher_availability_label":"Sur commande","short_details":"Eug\u00e8ne Dabit, Pierre-edmond Robert \u2014 Gallimard","translator":null,"weight":430,"page_count":444,"readership":null,"editor":"Gallimard","price":2630,"published_date":"1989-06-04T22:00:00.000000Z","support":"Grand format","publisher_availability":1,"stock":0,"editions":[],"url":"https:\/\/quaidesbrumes.com\/ouvrage\/9782070716562\/journal-intime-1928-1936"},{"id":"9782070731961","title":"Insomnie","description":"Qu'elles \u00e9voquent les interrogations existentielles surgissant au cours d'une nuit d'insomnie, le d\u00e9lire d'une agonie dans une chambre d'h\u00f4pital, l'angoisse du cambrioleur aux prises avec ses fantasmes ou encore l'absurdit\u00e9 d'une d\u00e9marche faite \u00e0 contrecoeur aupr\u00e8s d'un politicien infatu\u00e9, ces nouvelles du grand romancier br\u00e9silien nous m\u00e8nent aux zones troubles de la conscience en crise. Le personnage de l'\u00e9crivain est lui-m\u00eame observ\u00e9 sous un \u00e9clairage sinistre, relev\u00e9 parfois d'une touche d'humour acide. Un seul domaine semble \u00e9pargn\u00e9, celui de l'enfance : deux nouvelles sont consacr\u00e9es au monde fantasque d'une fillette jouant \u00e0 la grande dame dans un monde qui s'obstine \u00e0 ne pas la comprendre. Pourtant, \u00e0 y regarder de plus pr\u00e8s, le lecteur d\u00e9couvre certains replis qui pourraient bien pr\u00e9figurer de plus graves complexit\u00e9s...","authors":["Graciliano Ramos","Michel Laban"],"category_codes":["1000000","1010000"],"visuals":{"large":"https:\/\/images.epagine.fr\/961\/9782070731961_1_75.jpg","medium":"https:\/\/images.epagine.fr\/961\/9782070731961_1_m.jpg","thumbnail":"https:\/\/images.epagine.fr\/961\/9782070731961_1_v.jpg"},"orderable":true,"show_badge":true,"formatted_price":"14,70&nbsp;\u20ac","formatted_published_date":"3 f\u00e9vrier 1998","publisher_availability_label":"Sur commande","short_details":"Graciliano Ramos, Michel Laban \u2014 Gallimard","translator":"MICHEL LABAN","weight":190,"page_count":156,"readership":null,"editor":"Gallimard","price":1470,"published_date":"1998-02-02T23:00:00.000000Z","support":"Grand format","publisher_availability":1,"stock":0,"editions":[],"url":"https:\/\/quaidesbrumes.com\/ouvrage\/9782070731961\/insomnie"},{"id":"9782070741854","title":"Diagonales","description":"\u00abDe 1989 \u00e0 1994, j'ai \u00e9crit chaque semaine une chronique dans le quotidien Le Monde. Le titre, Diagonales, disait l'intention\u00a0:\u00a0zigzaguer au gr\u00e9 de l'actualit\u00e9, m\u00ealer mes curiosit\u00e9s pour l'\u00e9v\u00e9nement \"tout court\" et pour la vie culturelle, confronter faits et repr\u00e9sentations, les faire profiter les uns des autres, comme dans la vie. En cinq ans ans, j'ai sign\u00e9 plus de deux cents articles. Ce recueil en a retenu une soixantaine. Les th\u00e8mes abord\u00e9s s'ordonnent d'eux-m\u00eames et refl\u00e8tent les soucis de la p\u00e9riode\u00a0:\u00a0le drame de l'ex-Yougoslavie, les d\u00e9rives d'une soci\u00e9t\u00e9 o\u00f9 la prime \u00e0 l'\u00e9motionnel brouille toute raison, les ann\u00e9es quarante avec leurs souvenirs toujours br\u00fblants et contradictoires, la politique et ses faux-semblants. Les sujets de consolation suivent naturellement les motifs d'angoisse\u00a0:\u00a0les livres, l'amour des mots et de la mer, ces deux \u00e9coles de r\u00eave et de libert\u00e9.\u00bb","authors":["Bertrand Poirot-Delpech"],"category_codes":["1000000","1010000"],"visuals":{"large":"https:\/\/images.epagine.fr\/854\/9782070741854_1_75.jpg","medium":"https:\/\/images.epagine.fr\/854\/9782070741854_1_m.jpg","thumbnail":"https:\/\/images.epagine.fr\/854\/9782070741854_1_v.jpg"},"orderable":true,"show_badge":true,"formatted_price":"20,20&nbsp;\u20ac","formatted_published_date":"3 novembre 1995","publisher_availability_label":"Sur commande","short_details":"Bertrand Poirot-Delpech \u2014 Gallimard","translator":null,"weight":356,"page_count":336,"readership":null,"editor":"Gallimard","price":2020,"published_date":"1995-11-02T23:00:00.000000Z","support":"Grand format","publisher_availability":1,"stock":0,"editions":[],"url":"https:\/\/quaidesbrumes.com\/ouvrage\/9782070741854\/diagonales"},{"id":"9782070782536","title":"Blessures de guerre","description":"Jeune, jolie et pleine de vie, Lisa est ouvri\u00e8re dans une usine textile. Face aux abus des patrons, les Ferrari, elle fait intervenir les syndicats et menace d'organiser une gr\u00e8ve. Mais Gualtiero Ferrari et son fils Sandro font pression sur elle et la mettent \u00e0 l'\u00e9cart. Apr\u00e8s des mois de bras de fer, arrive l'irr\u00e9parable : un soir, Sandro la viole dans le vestiaire des ouvri\u00e8res. Quelques jours plus tard, Lisa d\u00e9missionne sans donner d'explications. Pour la jeune femme, c'est le d\u00e9but d'une longue p\u00e9riode durant laquelle elle passe de la rage \u00e0 une profonde d\u00e9pression, fuit sa famille et ses amis qui ignorent tout. Lisa ne sait comment reprendre une vie normale, ni m\u00eame si elle doit d\u00e9noncer le violeur. Pire : elle se demande si elle a vraiment \u00e9t\u00e9 la victime d'un maniaque sexuel ou s'il n'y a pas autre chose, une violence froidement r\u00e9fl\u00e9chie poursuivant un objectif bien pr\u00e9cis.  Servi par une \u00e9criture remarquablement ma\u00eetris\u00e9e dont la duret\u00e9 n'exclut jamais l'\u00e9motion, Blessures de guerre dresse avec les armes de la fiction le portrait sans concession d'une vie prise dans les m\u00e9canismes impitoyables de la machine \u00e9conomique.","authors":["Giulia Fazzi","Lise Caillat"],"category_codes":["1000000","1010000"],"visuals":{"large":"https:\/\/images.epagine.fr\/536\/9782070782536_1_75.jpg","medium":"https:\/\/images.epagine.fr\/536\/9782070782536_1_m.jpg","thumbnail":"https:\/\/images.epagine.fr\/536\/9782070782536_1_v.jpg"},"orderable":true,"show_badge":true,"formatted_price":"20,30&nbsp;\u20ac","formatted_published_date":"29 mars 2007","publisher_availability_label":"Sur commande","short_details":"Giulia Fazzi, Lise Caillat \u2014 Gallimard","translator":"LISE CAILLAT","weight":278,"page_count":224,"readership":null,"editor":"Gallimard","price":2030,"published_date":"2007-03-28T22:00:00.000000Z","support":"Grand format","publisher_availability":1,"stock":0,"editions":[],"url":"https:\/\/quaidesbrumes.com\/ouvrage\/9782070782536\/blessures-de-guerre"},{"id":"9782070205912","title":"La jeunesse d'un clerc \/ un regulier dans le siecle \/exercice d'un enterre vif","description":"\u00abDossier scientifique sur les moeurs et les id\u00e9es de cette esp\u00e8ce en voie de disparition\u00a0:\u00a0le clerc. La Jeunesse d'un clerc, Un R\u00e9gulier dans le si\u00e8cle et Exercice d'un enterr\u00e9 vif sont \u00e9crits d'un ton parfois enjou\u00e9, souvent vif, et m'ont offert, trente ans apr\u00e8s ma premi\u00e8re lecture, quantit\u00e9 de moments d\u00e9licieux. Je les ai lus, ces trois livres, une bonne demi-douzaine de fois\u00a0; ils r\u00e9sistent bien \u00e0 cette promiscuit\u00e9. Benda fut bien plus divers qu'on ne pense. Intellectuel, oui\u00a0; intellectualiste, peut-\u00eatre\u00a0; rationaliste, assur\u00e9ment, de ceux qu'on m\u00e9prise aujourd'hui et que l'on calomnie au nom du visc\u00e9ral, de l'irraison , de la folie\u00a0; mais religieux aussi. Religion de la science, religion de la justice, religion de la v\u00e9rit\u00e9 et m\u00eame, plus inattendue chez lui, cette religion de Lamartine dont le grand \u00e2ge lui-m\u00eame ne sut jamais le d\u00e9livrer. Benda, c'\u00e9tait l'homme qui disait \u00e0 chacun son fait\u00a0:\u00a0aux gens de droite dans les journaux de gauche\u00a0; et r\u00e9ciproquement. Impitoyablement fid\u00e8le \u00e0 sa vocation, la grandeur de la France, la survie de l'esp\u00e8ce et sa mort elle-m\u00eame lui importaient infiniment moins que son id\u00e9e de la justice et de la v\u00e9rit\u00e9.\u00bb \u00c9tiemble.","authors":["Julien Benda","Etiemble"],"category_codes":["1000000","1010000"],"visuals":{"large":"https:\/\/images.epagine.fr\/912\/9782070205912_1_75.jpg","medium":"https:\/\/images.epagine.fr\/912\/9782070205912_1_m.jpg","thumbnail":"https:\/\/images.epagine.fr\/912\/9782070205912_1_v.jpg"},"orderable":true,"show_badge":true,"formatted_price":"23,20&nbsp;\u20ac","formatted_published_date":"9 f\u00e9vrier 1968","publisher_availability_label":"Sur commande","short_details":"Julien Benda, Etiemble \u2014 Gallimard","translator":null,"weight":439,"page_count":416,"readership":null,"editor":"Gallimard","price":2320,"published_date":"1968-02-08T23:00:00.000000Z","support":"Grand format","publisher_availability":1,"stock":0,"editions":[],"url":"https:\/\/quaidesbrumes.com\/ouvrage\/9782070205912\/la-jeunesse-dun-clerc-un-regulier-dans-le-siecle-exercice-dun-enterre-vif"},{"id":"9782070368495","title":"Loin de Rueil","description":"Loin de Rueil est le roman de la \u00abr\u00eaverie \u00e9veill\u00e9e\u00bb. Jacques l'Aum\u00f4ne, qui en est le h\u00e9ros, r\u00eavasse, tout en vivant sa vie, cent vies possibles. Quelques lignes lues au hasard, une rencontre, un propos saisi au vol, suffisent \u00e0 provoquer le d\u00e9marrage gr\u00e2ce auquel il se quitte lui-m\u00eame, et devient boxeur, g\u00e9n\u00e9ral, \u00e9v\u00eaque ou grand seigneur. Il vit \u00e0 c\u00f4t\u00e9 de sa vie avec application et constance ; et le passage du r\u00e9el au r\u00eave est si naturel chez lui que, sans doute, il ne sait plus exactement qui il est. Il deviendra, enfin, acteur \u00e0 Hollywood, et point de d\u00e9part lui-m\u00eame d'infinies r\u00eaveries. Ce Jacques l'Aum\u00f4ne a - comme les personnages qui l'entourent - cette sorte de consistance \u00e0 la fois obs\u00e9dante et fluide qu'ont les personnages de nos r\u00eaves. La r\u00eaverie, ici, se mat\u00e9rialise par le d\u00e9tour de l'humour, un humour tant\u00f4t l\u00e9ger tant\u00f4t cruel, et aussi par une technique d'\u00e9criture qui se rapproche de celle du cin\u00e9ma.","authors":["Raymond Queneau"],"category_codes":["1000000","1010000"],"visuals":{"large":"https:\/\/images.epagine.fr\/495\/9782070368495_1_75.jpg","medium":"https:\/\/images.epagine.fr\/495\/9782070368495_1_m.jpg","thumbnail":"https:\/\/images.epagine.fr\/495\/9782070368495_1_v.jpg"},"orderable":true,"show_badge":true,"formatted_price":"8,10&nbsp;\u20ac","formatted_published_date":"11 janvier 1977","publisher_availability_label":"Sur commande","short_details":"Raymond Queneau \u2014 Folio","translator":null,"weight":132,"page_count":224,"readership":null,"editor":"Folio","price":810,"published_date":"1977-01-10T23:00:00.000000Z","support":"Poche","publisher_availability":1,"stock":0,"editions":[],"url":"https:\/\/quaidesbrumes.com\/ouvrage\/9782070368495\/loin-de-rueil"},{"id":"9782070735730","title":"La Parfaite \u00c9pouse","description":"Ce sont ses \u00abimpressions et souvenirs\u00bb des ann\u00e9es Ford (1974-1977) que nous livre ici Alfred Clayton, modeste professeur d'histoire dans un coll\u00e8ge du New Hampshire. L'Am\u00e9rique connaissait alors l'apog\u00e9e de la lib\u00e9ration sexuelle. Clayton, tout \u00e0 la r\u00e9daction de sa biographie de James Buchanan, pr\u00e9sident des \u00c9tats-Unis de 1856 \u00e0 1861, dont les compromis d\u00e9bouch\u00e8rent sur la guerre de S\u00e9cession, r\u00eavait d'\u00e9chapper \u00e0 la pesante r\u00e9alit\u00e9 de son mariage \u00e0 la \u00abReine du D\u00e9sordre\u00bb en d\u00e9couvrant la \u00abParfaite \u00c9pouse\u00bb. Lorsqu'il rencontra Genevieve, brune \u00e9rudite mari\u00e9e \u00e0 un ami du couple et m\u00e8re de famille, il crut au coup de foudre... S'effor\u00e7ant dans ses travaux de magnifier le r\u00e9alisme rassis du pr\u00e9sident, Clayton s'abandonne sans frein dans sa vie \u00e0 ses propres chim\u00e8res. Une double chronique, sarcastique et joyeuse, de ces p\u00e9riodes d'innocence heureuse d'avant la crise.","authors":["John Updike"],"category_codes":["1000000","1010000"],"visuals":{"large":"https:\/\/images.epagine.fr\/730\/9782070735730_1_75.jpg","medium":"https:\/\/images.epagine.fr\/730\/9782070735730_1_m.jpg","thumbnail":"https:\/\/images.epagine.fr\/730\/9782070735730_1_v.jpg"},"orderable":true,"show_badge":true,"formatted_price":"23,20&nbsp;\u20ac","formatted_published_date":"15 novembre 1994","publisher_availability_label":"Sur commande","short_details":"John Updike \u2014 Gallimard","translator":null,"weight":404,"page_count":408,"readership":null,"editor":"Gallimard","price":2320,"published_date":"1994-11-14T23:00:00.000000Z","support":"Grand format","publisher_availability":1,"stock":0,"editions":[],"url":"https:\/\/quaidesbrumes.com\/ouvrage\/9782070735730\/la-parfaite-epouse"},{"id":"9782812932083","title":"L'empreinte du loup","description":"Traumatis\u00e9e par la vision de cadavres de brebis abandonn\u00e9es par les loups alors qu'elle randonnait avec ses parents, Juliette devient ing\u00e9nieur agronome et participe \u00e0 un programme sur la protection des loups. Avec son \u00e9quipe, elle teste un syst\u00e8me de rep\u00e9rage des meutes au moyen de drones : \u00e9quip\u00e9s de fusils hypodermiques, ils peuvent endormir les loups \u00e0 distance et venir les \u00e9quiper de balises GPS et de colliers r\u00e9pulsifs. Mais c'est sans compter sur les \u00e9leveurs locaux qui se moquent bien de cette jeune citadine pr\u00e9tendant connaitre le monde pastoral. Juliette parviendra-t-elle \u00e0 aller au bout du projet malgr\u00e9 les pi\u00e8ges qu'on lui tend ? Courageuse, d\u00e9termin\u00e9e et passionn\u00e9e, elle n'a pas dit son dernier mot !","authors":["Alain Pyre"],"category_codes":["1000000","1010000"],"visuals":{"large":"https:\/\/images.epagine.fr\/083\/9782812932083_1_75.jpg","medium":"https:\/\/images.epagine.fr\/083\/9782812932083_1_m.jpg","thumbnail":"https:\/\/images.epagine.fr\/083\/9782812932083_1_v.jpg"},"orderable":true,"show_badge":true,"formatted_price":"19,90&nbsp;\u20ac","formatted_published_date":"14 janvier 2021","publisher_availability_label":"Sur commande","short_details":"Alain Pyre \u2014 De Bor\u00e9e","translator":null,"weight":524,"page_count":314,"readership":null,"editor":"De Bor\u00e9e","price":1990,"published_date":"2021-01-13T23:00:00.000000Z","support":"Grand format","publisher_availability":1,"stock":0,"editions":["9782812941481"],"url":"https:\/\/quaidesbrumes.com\/ouvrage\/9782812932083\/lempreinte-du-loup"}]}