{"data":[{"id":"9782260055051","title":"Je suis les t\u00e9n\u00e8bres","description":"Croisant l'univers de Joseph Conrad avec celui des romans de H.P. Lovecraft, Je suis les t\u00e9n\u00e8bres d\u00e9crit la longue descente aux enfers de Jan Kurtz au fin fond de l'Afrique. Une r\u00e9\u00e9criture brillante et divertissante d'Au coeur des t\u00e9n\u00e8bres, doubl\u00e9e d'un hommage litt\u00e9raire au p\u00e8re de \u00ab l'horreur cosmique \u00bb.\r\nEn 1888, Kurtz embarque pour le Congo avec la mission officielle de r\u00e9diger un m\u00e9moire sur la dimension \"philanthropique\" de la colonisation, dont le but inavou\u00e9 consiste \u00e0 piller les ressources en ivoire du nouvel Eldorado africain. \u00c0 L\u00e9opoldville, il fait connaissance avec Moreau, un \u00e9trange explorateur britannique. \u00c9prouv\u00e9s par la cruaut\u00e9 de certaines coutumes locales et la sauvagerie des colons envers les indig\u00e8nes, ses id\u00e9aux s'\u00e9croulent peu \u00e0 peu. Mais le coeur de la for\u00eat lui r\u00e9serve d'autres r\u00e9v\u00e9lations, plus effroyables encore.\r\nJe suis les t\u00e9n\u00e8bres d\u00e9crit la descente aux enfers de Kurtz au fin fond de l'Afrique. Une r\u00e9\u00e9criture brillane d'Au coeur des t\u00e9n\u00e8bres, de Joseph Conrad, doubl\u00e9e d'un homme litt\u00e9raire au p\u00e8re de l'\"horreur cosmique\", H.P. Lovecraft, qui ravira les amateurs de romans d'aventures, d'\u00e9pouvante et de fantastique.","authors":["Joseph Denize"],"category_codes":["91000000","91020000"],"visuals":{"large":"https:\/\/images.epagine.fr\/051\/9782260055051_1_75.jpg","medium":"https:\/\/images.epagine.fr\/051\/9782260055051_1_m.jpg","thumbnail":"https:\/\/images.epagine.fr\/051\/9782260055051_1_v.jpg"},"orderable":true,"show_badge":true,"formatted_price":"19,00&nbsp;\u20ac","formatted_published_date":"3 f\u00e9vrier 2022","publisher_availability_label":"Sur commande","short_details":"Joseph Denize \u2014 \u00c9ditions Julliard","translator":null,"weight":240,"page_count":208,"readership":null,"editor":"\u00c9ditions Julliard","price":1900,"published_date":"2022-02-02T23:00:00.000000Z","support":"Grand format","publisher_availability":1,"stock":0,"editions":[],"url":"https:\/\/quaidesbrumes.com\/ouvrage\/9782260055051\/je-suis-les-tenebres"},{"id":"9791033904458","title":"Le temps d'un \u00e9t\u00e9","description":"Quand Emma apprend que sa grand-m\u00e8re, la tr\u00e8s chic - et tr\u00e8s riche - Genevi\u00e8ve London, veut faire de sa fille adolescente son unique h\u00e9riti\u00e8re, elle manque lui raccrocher au nez. La derni\u00e8re fois que les deux femmes se sont adress\u00e9 la parole, Emma avait 18 ans, elle \u00e9tait enceinte, et Genevi\u00e8ve la mettait \u00e0 la porte.\r\nAujourd'hui psychologue dipl\u00f4m\u00e9e (quoique bien endett\u00e9e) et m\u00e8re formidable (\u00e0 tendance un peu parano), Emma n'a plus rien \u00e0 lui prouver. Mais Genevi\u00e8ve a ses raisons et les invite, le temps d'un \u00e9t\u00e9, \u00e0 reformer une famille. Si c'est la derni\u00e8re occasion pour Riley de rencontrer son a\u00efeule, Emma peut bien retourner \u00e0 la maison de son enfance. Pardonner \u00e0 la vieille sorci\u00e8re, en revanche, c'est hors de question  !\r\n  \r\nTraduit de l'anglais (\u00c9tats-Unis) par Marie Lauzeral \u00c0 propos de l'auteure :\r\nAvec plus de 200 000 lectrices conquises, Kristan Higgins se pose en reine incontest\u00e9e de la com\u00e9die. Antidote contre la morosit\u00e9 ambiante, ses romans sont des bouff\u00e9es de bonne humeur !","authors":["Kristan Higgins","Marie Lauzeral"],"category_codes":["92000000","92060000"],"visuals":{"large":"https:\/\/images.epagine.fr\/458\/9791033904458_1_75.jpg","medium":"https:\/\/images.epagine.fr\/458\/9791033904458_1_m.jpg","thumbnail":"https:\/\/images.epagine.fr\/458\/9791033904458_1_v.jpg"},"orderable":true,"show_badge":true,"formatted_price":"13,00&nbsp;\u20ac","formatted_published_date":"1er juillet 2020","publisher_availability_label":"Sur commande","short_details":"Kristan Higgins, Marie Lauzeral \u2014 HarperCollins France","translator":"MARIE LAUZERAL","weight":344,"page_count":480,"readership":null,"editor":"HarperCollins France","price":1300,"published_date":"2020-06-30T22:00:00.000000Z","support":"Poche","publisher_availability":1,"stock":0,"editions":["9791033908913"],"url":"https:\/\/quaidesbrumes.com\/ouvrage\/9791033904458\/le-temps-dun-ete"},{"id":"9782917012000","title":"La malediction de siffait","description":"Au 18\u00e8me si\u00e8cle, Maximilien Siffait acquiert un site \u00e9trange sur les bords de Loire. Mais les \u00e9nigmatiques \"Folies Siffait\" cachent le secret d'une trag\u00e9die ! Deux si\u00e8cles plus tard, la mal\u00e9diction s'abat de nouveau sur Siffait. Pour quelle raison Paola Lombardi offre-t-elle des vacances m\u00e9di\u00e9vales \u00e0 ceux qui ont marqu\u00e9 sa vie ? Hant\u00e9 par des querelles religieuses et psychologiques, ce thriller nous entra\u00eene de Venise \u00e0 Siffait. Quelle \u00e9nigme dissimule le vieux parchemin que cache le P\u00e8re Baptiste ? Dans un ch\u00e2teau au d\u00e9cor moyen\u00e2geux, la profiler Sam Light d\u00e9couvre une surprenante assembl\u00e9e qui tient \u00e0 la fois de la com\u00e9die th\u00e9\u00e2trale et de la r\u00e9union mondaine. Etrange cocktail de personnalit\u00e9s h\u00e9t\u00e9roclites ! Emport\u00e9s dans une spirale de conflits, de d\u00e9fiance, de jalousie et de vengeance, les invit\u00e9s vont devoir affronter de terribles \u00e9preuves. Avec d\u00e9lectation, un assassin d\u00e9guise ses meurtres en \"mort naturelle\". Au fil des pages, le lecteur p\u00e9n\u00e8tre dans un labyrinthe d'intrigues, de myst\u00e8re et de suspense o\u00f9 chaque personnage est impr\u00e9visible.  1er Prix r\u00e9gional du Polar","authors":["Anne Sara"],"category_codes":["1000000","1010000"],"visuals":{"large":"https:\/\/images.epagine.fr\/000\/9782917012000_1_75.jpg","medium":"https:\/\/images.epagine.fr\/000\/9782917012000_1_m.jpg","thumbnail":"https:\/\/images.epagine.fr\/000\/9782917012000_1_v.jpg"},"orderable":true,"show_badge":true,"formatted_price":"21,00&nbsp;\u20ac","formatted_published_date":"1er mai 2009","publisher_availability_label":"Sur commande","short_details":"Anne Sara \u2014 Ajna de Scorto","translator":null,"weight":670,"page_count":null,"readership":null,"editor":"Ajna de Scorto","price":2100,"published_date":"2009-04-30T22:00:00.000000Z","support":"Grand format","publisher_availability":1,"stock":0,"editions":[],"url":"https:\/\/quaidesbrumes.com\/ouvrage\/9782917012000\/la-malediction-de-siffait"},{"id":"9782501157667","title":"Dieu est un gar\u00e7on noir \u00e0 lunettes","description":"1989, Tanzanie. Adi habite \u00e0 Dar es Salam avec sa famille dans un appartement de fonction pr\u00eat\u00e9 par l'ambassade du Za\u00efre. Du haut de ses 6 ans, la fillette observe le monde qui l'entoure. Son p\u00e8re, un math\u00e9maticien obs\u00e9d\u00e9 par les mots, autoritaire et omnipotent. Sa m\u00e8re, au corps recouvert de myst\u00e9rieuses lignes. Sa grande soeur Dina, la virevoltante. Et Ma\u00ef, le b\u00e9b\u00e9 perp\u00e9tuellement malade, au regard noir.\r\nMais il y a aussi les fr\u00e8res et soeurs rest\u00e9s au pays, dans une r\u00e9gion d\u00e9vast\u00e9e par des si\u00e8cles d'exploitations et de violences. Monsieur \u00c9l\u00e9phant, le voisin aux mains collantes. Les hommes-moisissures, qui vivent sur le toit-terrasse. Shekila et sa femme, qui habitent dans la bouilloire \u00e9lectrique.\r\nEt puis, il y a Dieu, qui surveille Adi et voit tout ce qu'elle aimerait pourtant garder cach\u00e9, comme ce secret poisseux qu'elle porte en elle.\r\n\r\nKayo Mpoyi nous livre ici une histoire de mythes, de croyances, de mal\u00e9dictions et de guerres. Mais aussi une histoire de force et de renaissance. Un roman intense et lumineux.","authors":["Kayo Mpoyi","Anna Gibson"],"category_codes":["1000000","1010000"],"visuals":{"large":"https:\/\/images.epagine.fr\/667\/9782501157667_1_75.jpg","medium":"https:\/\/images.epagine.fr\/667\/9782501157667_1_m.jpg","thumbnail":"https:\/\/images.epagine.fr\/667\/9782501157667_1_v.jpg"},"orderable":true,"show_badge":true,"formatted_price":"21,90&nbsp;\u20ac","formatted_published_date":"31 ao\u00fbt 2022","publisher_availability_label":"Sur commande","short_details":"Kayo Mpoyi, Anna Gibson \u2014 Hachette Fictions","translator":"ANNA GIBSON","weight":406,"page_count":384,"readership":null,"editor":"Hachette Fictions","price":2190,"published_date":"2022-08-30T22:00:00.000000Z","support":"Grand format","publisher_availability":1,"stock":0,"editions":[],"url":"https:\/\/quaidesbrumes.com\/ouvrage\/9782501157667\/dieu-est-un-garcon-noir-a-lunettes"},{"id":"9782743636647","title":"S\u00e9cession","description":"Une \u00e9poustouflante fresque familiale, aux allures de roman noir, dans le Grand Ouest am\u00e9ricain, avec en toile de fond la bataille la plus c\u00e9l\u00e8bre de la guerre de S\u00e9cession, la bataille de Gettysburg. Une histoire de vengeance entre deux fr\u00e8res, de r\u00e9demption, mais c'est aussi l'histoire de la construction d'une nation, un r\u00e9cit de guerre, de cruaut\u00e9 dans l'atmosph\u00e8re du grand Ouest sauvage, de villes champignons et d'un New York balbutiant, ville de d\u00e9bauche et de violence. Roman total, drame familial, roman picaresque, fresque historique, r\u00e9cit des grands espaces, roman noir se m\u00ealent avec puissance et brio.","authors":["Olivier Sebban"],"category_codes":["1000000","1010000"],"visuals":{"large":"https:\/\/images.epagine.fr\/647\/9782743636647_1_75.jpg","medium":"https:\/\/images.epagine.fr\/647\/9782743636647_1_m.jpg","thumbnail":"https:\/\/images.epagine.fr\/647\/9782743636647_1_v.jpg"},"orderable":true,"show_badge":true,"formatted_price":"20,00&nbsp;\u20ac","formatted_published_date":"4 mai 2016","publisher_availability_label":"Sur commande","short_details":"Olivier Sebban \u2014 Rivages","translator":null,"weight":354,"page_count":352,"readership":null,"editor":"Rivages","price":2000,"published_date":"2016-05-03T22:00:00.000000Z","support":"Grand format","publisher_availability":1,"stock":0,"editions":[],"url":"https:\/\/quaidesbrumes.com\/ouvrage\/9782743636647\/secession"},{"id":"9782385770273","title":"Les mains au feu","description":"Quand une mauvaise rencontre peut suffire \u00e0 faire basculer la vie d'un adolescent.\r\nFran\u00e7ois a seize ans. Ni courageux ni endurant, sans ambition ni vocation, il flotte dans la vie, observe ce qui lui arrive et les gens qui l'entourent avec distance, l\u00e9g\u00e8ret\u00e9 et dr\u00f4lerie.\r\nSur d\u00e9cision de son p\u00e8re, lass\u00e9 de son peu d'entrain pour les \u00e9tudes, Fran\u00e7ois devient apprenti coiffeur dans un salon pour dames. Il y compte les heures, dans un \u00e9tat semi-v\u00e9g\u00e9tatif. Jusqu'\u00e0 l'arriv\u00e9e de Gabriel. Charismatique, ambitieux et instinctif, le jeune homme attire et hypnotise. Fran\u00e7ois a enfin trouv\u00e9 son mod\u00e8le, son fr\u00e8re, son h\u00e9ros. Mais peut-on \u00e0 ce point idol\u00e2trer sans risquer de se perdre ?\r\n\r\nLes Mains au feu, un roman initiatique sur la domination, dissimul\u00e9e sous la douceur de l'amiti\u00e9, et sur les choix qui nous fa\u00e7onnent. \r\n\r\nVirginie Armano est n\u00e9e et a grandi en Touraine. Elle est aujourd'hui consultante dans des maisons de luxe. Fascin\u00e9e par l'adolescence, ce moment de la vie o\u00f9 tout se d\u00e9fait et se construit, \r\nLes Mains au feu est son premier roman.","authors":["Virginie Armano"],"category_codes":["1000000","1010000"],"visuals":{"large":"https:\/\/images.epagine.fr\/273\/9782385770273_1_75.jpg","medium":"https:\/\/images.epagine.fr\/273\/9782385770273_1_m.jpg","thumbnail":"https:\/\/images.epagine.fr\/273\/9782385770273_1_v.jpg"},"orderable":true,"show_badge":true,"formatted_price":"21,00&nbsp;\u20ac","formatted_published_date":"7 mars 2024","publisher_availability_label":"Sur commande","short_details":"Virginie Armano \u2014 \u00c9ditions R\u00e9camier","translator":null,"weight":310,"page_count":256,"readership":null,"editor":"\u00c9ditions R\u00e9camier","price":2100,"published_date":"2024-03-06T23:00:00.000000Z","support":"Grand format","publisher_availability":1,"stock":0,"editions":[],"url":"https:\/\/quaidesbrumes.com\/ouvrage\/9782385770273\/les-mains-au-feu"},{"id":"9780751553284","title":"Rules : Things are Changing at the Little School by the Sea","description":"\"Funny, page-turning and addictive... just like Malory Towers for grown-ups\" - Sophie Kinsella \r\n____________\r\nMaggie loves teaching English at beautiful Downey House but she is less keen on planning her wedding to dependable Stan. Instead, she's working on ignoring her crush on David McDonald, who teaches English at the local boys' school. \r\nJust as Simone and Fliss have become friends, Zelda arrives to upset everything. Zelda is loudly, glamorously American, and she's full of ways to improve life at boring school.  Soon, quiet, mousy Simone is undergoing a makeover.  And Fliss is about to jeopardise everything to impress a boy. \r\nIn a new year at school, the girls of Downey House will be breaking all the rules - and not all of them will escape unscathed. \r\n___________\r\n\"A brilliant boarding school book, stuffed full of unforgettable characters, thrilling adventures and angst...\" - Lisa Jewell\r","authors":["Jenny Colgan","Jane Beaton"],"category_codes":["1000000","1010000"],"visuals":{"large":"https:\/\/images.epagine.fr\/284\/9780751553284_1_75.jpg","medium":"https:\/\/images.epagine.fr\/284\/9780751553284_1_m.jpg","thumbnail":"https:\/\/images.epagine.fr\/284\/9780751553284_1_v.jpg"},"orderable":true,"show_badge":true,"formatted_price":"16,40&nbsp;\u20ac","formatted_published_date":"11 ao\u00fbt 2016","publisher_availability_label":"Sur commande","short_details":"Jenny Colgan, Jane Beaton \u2014 Sphere","translator":null,"weight":202,"page_count":288,"readership":null,"editor":"Sphere","price":1640,"published_date":"2016-08-10T22:00:00.000000Z","support":"Grand format","publisher_availability":1,"stock":0,"editions":[],"url":"https:\/\/quaidesbrumes.com\/ouvrage\/9780751553284\/rules-things-are-changing-at-the-little-school-by-the-sea"},{"id":"9782746733220","title":"Amour et autres tracas","description":"\u00ab Elle fait indiscutablement partie de ma vie. Quand je ne travaille pas et que je ne suis pas avec elle, mes pens\u00e9es vont vers elle aussi naturellement qu'une main se pose sur la t\u00eate d'un enfant... \u00bb Frank, consultant dans le secteur financier, forme avec sa femme V\u00e9ra un couple brillant et envi\u00e9. Ils croisent Billy, une jeune historienne de l'\u00e9conomie, et son mari Grey. Ce petit monde a tout pour \u00eatre heureux. La belle harmonie s'\u00e9vanouit lorsque Billy devient la ma\u00eetresse de Frank. Peu importe : ils s'aiment. Comme Vincent et Misty (Une vie merveilleuse), Lincoln et Polly (Une \u00e9pouse presque parfaite !), Sven et Jane Louise (Famille, tracas & Cie), Frank et Billy se laissent pousser l'un vers l'autre par \u00ab cet \u00e9trange virus nomm\u00e9 passion \u00bb.","authors":["Laurie Colwin","Anne Berton"],"category_codes":["1000000","1010000"],"visuals":{"large":"https:\/\/images.epagine.fr\/220\/9782746733220_1_75.jpg","medium":"https:\/\/images.epagine.fr\/220\/9782746733220_1_m.jpg","thumbnail":"https:\/\/images.epagine.fr\/220\/9782746733220_1_v.jpg"},"orderable":true,"show_badge":true,"formatted_price":"29,00&nbsp;\u20ac","formatted_published_date":"28 septembre 2012","publisher_availability_label":"Sur commande","short_details":"Laurie Colwin, Anne Berton \u2014 Autrement","translator":"ANNE BERTON","weight":792,"page_count":1105,"readership":null,"editor":"Autrement","price":2900,"published_date":"2012-09-27T22:00:00.000000Z","support":"Grand format","publisher_availability":1,"stock":0,"editions":[],"url":"https:\/\/quaidesbrumes.com\/ouvrage\/9782746733220\/amour-et-autres-tracas"},{"id":"9782897071974","title":"Comme un long accident de char","description":"\u00c0 l'aube du grand d\u00e9part de son p\u00e8re, Jo\u00ebl se rem\u00e9more ses morts. Comme tout un chacun, il a connu le deuil de membres de sa famille et de quelques amis, et peut aussi t\u00e9moigner tendrement de sa triste exp\u00e9rience avec le deuil p\u00e9rinatal. Dans une langue parl\u00e9e truff\u00e9e de perles d'esprit et de cabotinage, Martel nous raconte sa vie dans le d\u00e9sordre pour tenter de donner du sens aux grandes disparitions qui hantent nos vies. Ce faisant, il livre un hommage \u00e9mouvant \u00e0 son p\u00e8re, Jici, personnage haut en couleur et rebelle \u00e0 tout conformisme.","authors":["Jo\u00ebl Martel"],"category_codes":["1000000","1010000"],"visuals":{"large":"https:\/\/images.epagine.fr\/974\/9782897071974_1_75.jpg","medium":"https:\/\/images.epagine.fr\/974\/9782897071974_1_m.jpg","thumbnail":"https:\/\/images.epagine.fr\/974\/9782897071974_1_v.jpg"},"orderable":true,"show_badge":true,"formatted_price":"23,00&nbsp;\u20ac","formatted_published_date":"15 mai 2024","publisher_availability_label":"Sur commande","short_details":"Jo\u00ebl Martel \u2014 La Meche","translator":null,"weight":400,"page_count":144,"readership":null,"editor":"La Meche","price":2300,"published_date":"2024-05-14T22:00:00.000000Z","support":"Grand format","publisher_availability":1,"stock":0,"editions":[],"url":"https:\/\/quaidesbrumes.com\/ouvrage\/9782897071974\/comme-un-long-accident-de-char"},{"id":"9782925110576","title":"Vous \u00eates animal","description":"Fascin\u00e9 par la temp\u00eate m\u00e9diatique provoqu\u00e9e par Charles Darwin, l'auteur et intr\u00e9pide documentariste Jean-Philippe Baril Gu\u00e9rard se lance dans une \u00e9tourdissante qu\u00eate de v\u00e9rit\u00e9 sous forme de pi\u00e8ce de th\u00e9\u00e2tre documentaire; mais en tentant d'exposer des mensonges dans une \u00e9poque o\u00f9 \u00ab le vrai et le faux chantent en harmonie \u00bb, il r\u00e9alisera rapidement que la v\u00e9rit\u00e9 appartient \u00e0 ceux qui racontent le mieux  et qui donnent le meilleur show.","authors":["Jean-Philippe Baril Gu\u00e9rard"],"category_codes":["1000000","1010000"],"visuals":{"large":"https:\/\/images.epagine.fr\/576\/9782925110576_1_75.jpg","medium":"https:\/\/images.epagine.fr\/576\/9782925110576_1_m.jpg","thumbnail":"https:\/\/images.epagine.fr\/576\/9782925110576_1_v.jpg"},"orderable":true,"show_badge":true,"formatted_price":"23,50&nbsp;\u20ac","formatted_published_date":"1er ao\u00fbt 2023","publisher_availability_label":"Sur commande","short_details":"Jean-Philippe Baril Gu\u00e9rard \u2014 Les Editions De Ta Mere","translator":null,"weight":501,"page_count":176,"readership":null,"editor":"Les Editions De Ta Mere","price":2350,"published_date":"2023-07-31T22:00:00.000000Z","support":"Grand format","publisher_availability":1,"stock":0,"editions":[],"url":"https:\/\/quaidesbrumes.com\/ouvrage\/9782925110576\/vous-etes-animal"},{"id":"9782849907276","title":"Ce crime est \u00e0 moi","description":"\u00ab Ce meurtre est mon compagnon secret. Il me leste, m'encombre parfois comme ces vieilles lettres qu'on se refuse de jeter m\u00eame si leurs exp\u00e9diteurs ont disparu de votre m\u00e9moire. Il m'arrime \u00e0 la ville alors que je n'y habite plus depuis longtemps. Il s'insinue dans ma vie. Une vraie fuite d'eau. Parfois deux ou trois mois se passent sans que j'y pense, puis il revient me hanter. Je n'y peux rien. \u00bb Histoire d'un meurtre et d'une piscine, ce roman entrem\u00eale amours, victoires et d\u00e9faites du narrateur. Un couloir de natation suffit \u00e0 s\u00e9parer la mort des passions br\u00e8ves et ensoleill\u00e9es. La piscine, miroir de nos vies, de nos com\u00e9dies estivales et de nos premi\u00e8res blessures sociales. L'\u00e9t\u00e9 1974, elle fut le th\u00e9\u00e2tre d'une trag\u00e9die. Une \u00e9tudiante fit feu sur un ma\u00eetre nageur trop s\u00e9ducteur. Ce meurtre devint l'Affaire du narrateur. Sa trace a transform\u00e9 et aiguill\u00e9 son destin. Ce crime est \u00e0 moi est une confession sid\u00e9rante sur les cons\u00e9quences d'un fait divers dans une petite ville de province et un tableau de la d\u00e9cennie d'or des ann\u00e9es 1970.","authors":["Philippe Ridet"],"category_codes":["1000000","1010000"],"visuals":{"large":"https:\/\/images.epagine.fr\/276\/9782849907276_1_75.jpg","medium":"https:\/\/images.epagine.fr\/276\/9782849907276_1_m.jpg","thumbnail":"https:\/\/images.epagine.fr\/276\/9782849907276_1_v.jpg"},"orderable":true,"show_badge":true,"formatted_price":"20,00&nbsp;\u20ac","formatted_published_date":"29 janvier 2020","publisher_availability_label":"Sur commande","short_details":"Philippe Ridet \u2014 \u00c9ditions des \u00c9quateurs","translator":null,"weight":256,"page_count":216,"readership":null,"editor":"\u00c9ditions des \u00c9quateurs","price":2000,"published_date":"2020-01-28T23:00:00.000000Z","support":"Grand format","publisher_availability":1,"stock":0,"editions":[],"url":"https:\/\/quaidesbrumes.com\/ouvrage\/9782849907276\/ce-crime-est-a-moi"},{"id":"9782322600328","title":"C'est moi qui l'ai fait","description":"Laura re\u00e7oit sa famille pour le week-end de P\u00e2ques. Elle est fi\u00e8re de leur pr\u00e9senter son bavarois aux fraises ! Mais comment savourer sa part de dessert m\u00e9rit\u00e9e face aux remarques assassines de sa m\u00e8re et aux conseils non sollicit\u00e9s de sa belle-soeur? \r\n   Au boulot, sa jeune coll\u00e8gue la prend pour une \"senior\", alors qu'elle n'a que 42 ans! Est-ce qu'apr\u00e8s 40 ans, on a pass\u00e9 la date de p\u00e9remption? Laura est \u00e9puis\u00e9e. La routine l'engloutit. C'est le moment que choisit son N+1 pour lui demander de reprendre le travail \u00e0 temps plein. Mais comment? Le mercredi, elle joue les taxis pour ses trois enfants! Son organisation millim\u00e9tr\u00e9e menace-t-elle de s'\u00e9crouler... encore? \r\n   Quand sa m\u00e8re l'appelle pour parler du week-end de l'Ascension, Laura se surprend \u00e0 r\u00e9pondre: non! Cette fois, elle ne pourra pas recevoir tout le monde... elle n'est pas libre. \r\n   Un petit mensonge... Et peut-\u00eatre, un grand pas sur un nouveau chemin qui la conduira enfin vers elle-m\u00eame.\r\nCe roman aborde avec autant d'humour que de r\u00e9alisme ces femmes, m\u00e8res, filles, qui ont appris \u00e0 courir en tous sens pour satisfaire les autres, jusqu'\u00e0 s'\u00e9puiser et se perdre. Un bout de chemin rempli de r\u00e9v\u00e9lations, qui ne peut que faire du bien!\r","authors":["Karine Vinhas"],"category_codes":["1000000","1010000"],"visuals":{"large":"https:\/\/images.epagine.fr\/328\/9782322600328_1_75.jpg","medium":"https:\/\/images.epagine.fr\/328\/9782322600328_1_m.jpg","thumbnail":"https:\/\/images.epagine.fr\/328\/9782322600328_1_v.jpg"},"orderable":true,"show_badge":true,"formatted_price":"17,00&nbsp;\u20ac","formatted_published_date":"26 f\u00e9vrier 2026","publisher_availability_label":"Sur commande","short_details":"Karine Vinhas \u2014 Books on Demand","translator":null,"weight":307,"page_count":222,"readership":null,"editor":"Books on Demand","price":1700,"published_date":"2026-02-25T23:00:00.000000Z","support":"Grand format","publisher_availability":1,"stock":0,"editions":[],"url":"https:\/\/quaidesbrumes.com\/ouvrage\/9782322600328\/cest-moi-qui-lai-fait"},{"id":"9791022615495","title":"Vers l'aube","description":"Murdo Munro travaille dans les for\u00eats de son \u00eele natale sur la c\u00f4te ouest de l'\u00c9cosse. Il s'est depuis longtemps r\u00e9sign\u00e9 \u00e0 sa solitude et \u00e0 l'hostilit\u00e9 froide de sa femme lorsque, le jour du mariage de sa fille, devant la perspective du face-\u00e0-face conjugal qui l'attend, il d\u00e9cide de br\u00fbler sa maison et de partir.\r\nMunro marche dans cette for\u00eat qu'il aime, monte dans un bateau et va rejoindre sa soeur. Apr\u00e8s des semaines v\u00e9cues dans la crainte d'\u00eatre rattrap\u00e9 il d\u00e9cide de faire face \u00e0 ses responsabilit\u00e9s et de retourner chez lui, mais il re\u00e7oit une lettre de sa femme qui l'informe de son d\u00e9sir de le voir puni. L'\u00e9criture est magnifique, aussi bien dans l'\u00e9vocation puissante de la nature que dans le reflet du tourment int\u00e9rieur qui ronge le personnage.\r\nCooper \u00e9crit un livre magnifique sur l'errance, sur la difficult\u00e9 d'\u00eatre soi quand les autres ne vous connaissent pas tel que vous \u00eates et vous font exister \u00e0 l'inverse de ce que vous voudriez vivre. L'auteur du Coeur de l'hiver confirme sa profonde originalit\u00e9 et son talent d'\u00e9crivain en prise avec la nature.\r","authors":["Cooper Dominic"],"category_codes":["1000000","1010000"],"visuals":{"large":"https:\/\/images.epagine.fr\/495\/9791022615495_1_75.jpg","medium":"https:\/\/images.epagine.fr\/495\/9791022615495_1_m.jpg","thumbnail":"https:\/\/images.epagine.fr\/495\/9791022615495_1_v.jpg"},"orderable":false,"show_badge":true,"formatted_price":"9,50&nbsp;\u20ac","formatted_published_date":"22 mai 2026","publisher_availability_label":"\u00c0 para\u00eetre","short_details":"Cooper Dominic \u2014 Editions M\u00e9taili\u00e9","translator":null,"weight":162,"page_count":null,"readership":null,"editor":"Editions M\u00e9taili\u00e9","price":950,"published_date":"2026-05-21T22:00:00.000000Z","support":"Poche","publisher_availability":2,"stock":0,"editions":[],"url":"https:\/\/quaidesbrumes.com\/ouvrage\/9791022615495\/vers-laube"},{"id":"9782386279508","title":"La Plan\u00e8te des M\u00f4mes","description":"Sur la plan\u00e8te des m\u00f4mes, la tendresse et la joie de vivre renaissent. Paul, huit ans, et sa petite soeur atterrissent dans ce foyer unique, refuge pour enfants perdus dans la jungle, au milieu des animaux sauvages. Pourquoi sont-ils l\u00e0 ? Qu'ont-ils v\u00e9cu ? Chaque enfant, par ses mots simples et profonds, raconte son arriv\u00e9e et son chemin au sein de ce foyer. Ces paroles, pures et belles, sont parfois brutes, grossi\u00e8res, sans protection ni m\u00e9fiance. Ce r\u00e9cit bouleversant permet aux enfants de se r\u00e9approprier leur vie.\r","authors":["Francine Bohy"],"category_codes":["1000000","1010000"],"visuals":{"large":"https:\/\/images.epagine.fr\/508\/9782386279508_1_75.jpg","medium":"https:\/\/images.epagine.fr\/508\/9782386279508_1_m.jpg","thumbnail":"https:\/\/images.epagine.fr\/508\/9782386279508_1_v.jpg"},"orderable":true,"show_badge":true,"formatted_price":"18,90&nbsp;\u20ac","formatted_published_date":"24 avril 2026","publisher_availability_label":"Sur commande","short_details":"Francine Bohy \u2014 Hello Editions","translator":null,"weight":170,"page_count":132,"readership":null,"editor":"Hello Editions","price":1890,"published_date":"2026-04-23T22:00:00.000000Z","support":"Grand format","publisher_availability":1,"stock":0,"editions":[],"url":"https:\/\/quaidesbrumes.com\/ouvrage\/9782386279508\/la-planete-des-momes"},{"id":"9782221112915","title":"Comtesse de S\u00e9gur - Oeuvres - tome 2 - NE","description":"Par certains c\u00f4t\u00e9s, la comtesse de S\u00e9gur rappelle les moralistes du Grand Si\u00e8cle, et le monde enfantin qu'elle d\u00e9crit tend \u00e0 donner de sommaires r\u00e9pliques \u00e0 partir d'un \" Sophie \u00e9tait gourmande \", \" F\u00e9licie \u00e9tait vaniteuse \" \u00e0 \" Onuphre ou l'Hypocrite \", \" Gnaton ou l'\u00c9go\u00efste \", \" Th\u00e9odacte ou le Fat \". Les aventures des petits h\u00e9ros en proie aux bons ou aux mauvais sentiments, et aux cons\u00e9quences disproportionn\u00e9es qui en d\u00e9coulent, \u00e9voquent aussi, \u00e0 l'\u00e9chelle pu\u00e9rile, celles de Cl\u00e9lie \u00e0 travers la carte du Tendre - une carte du Tendre o\u00f9 le ch\u00e2teau de la Vanit\u00e9, les fraisiers de Gourmandise, le sentier de D\u00e9sob\u00e9issance tiennent lieu de l'acte d'Indiff\u00e9rence, des hameaux de Ti\u00e9deur, de L\u00e9g\u00e8ret\u00e9 et d'Oubli.\r\n Elle aime les \u00e9v\u00e9nements extraordinaires, les naufrages, les incendies. Ces petites apocalypses se marient avec les sc\u00e8nes idylliques, des go\u00fbters enfantins sur l'herbe, la promenade au moulin, la cueillette des cerises.\r\n Pour les inqui\u00e9ter, Edgar Poe suffit aux adultes. Edgar Poe ne suffirait pas aux enfants. Bref, je voudrais \u00eatre un enfant, savourer mes premi\u00e8res fraises avec la comtesse et fuir mon premier fant\u00f4me. Ou encore devenir assez vieux pour \u00eatre s\u00fbr que c'est bien la derni\u00e8re fois que je la relis et que je re\u00e7ois son coup de soleil dans l'oeil et sa caresse lunaire.\r\n Jacques Laurent, de l'Acad\u00e9mie fran\u00e7aise\r","authors":["Comtesse de S\u00e9gur","Claudine Beaussant"],"category_codes":["1000000","1010000"],"visuals":{"large":"https:\/\/images.epagine.fr\/915\/9782221112915_1_75.jpg","medium":"https:\/\/images.epagine.fr\/915\/9782221112915_1_m.jpg","thumbnail":"https:\/\/images.epagine.fr\/915\/9782221112915_1_v.jpg"},"orderable":true,"show_badge":true,"formatted_price":"35,00&nbsp;\u20ac","formatted_published_date":"2 avril 2009","publisher_availability_label":"Sur commande","short_details":"Comtesse de S\u00e9gur, Claudine Beaussant \u2014 Bouquins","translator":null,"weight":795,"page_count":1312,"readership":null,"editor":"Bouquins","price":3500,"published_date":"2009-04-01T22:00:00.000000Z","support":"Grand format","publisher_availability":1,"stock":0,"editions":[],"url":"https:\/\/quaidesbrumes.com\/ouvrage\/9782221112915\/comtesse-de-segur-oeuvres-tome-2-ne"},{"id":"9782864249269","title":"Bel paese","description":"Des rues de Milan aux montagnes de Calabre, des hauteurs du Pi\u00e9mont aux faubourgs de Naples et de Palerme, des \u00e9crans berlusconiens aux chambres d'immigr\u00e9s, ce livre nous emm\u00e8ne visiter le Bel Paese, ce \u00ab\u00a0Beau Pays\u00a0\u00bb comme l'Italie officielle aime s'appeler elle-m\u00eame. Mais, sous cette Italie-l\u00e0, s'en d\u00e9voile une autre, hilarante et tragique, violente et po\u00e9tique. Un pays comme le n\u00f4tre et pourtant semblable \u00e0 nul autre.\r\nLe trafic d'ordures ou d'influences, les crimes mafieux ou policiers, les zones d'ombre de l'Histoire et celles de l'actualit\u00e9 : les th\u00e8mes et les codes du polar, qu'ils passent par le r\u00e9cit ou bien par l'analyse, apparaissent comme les mieux \u00e0 m\u00eame de rendre compte de l'Italie d'aujourd'hui. Les treize auteurs de roman noir qui nous servent ici de guides appartiennent \u00e0 la part la plus dynamique et cr\u00e9ative de la litt\u00e9rature transalpine contemporaine. \u00c0 travers mille registres, du plus grave au comique le plus d\u00e9cha\u00een\u00e9, en explorant tous les genres, du conte fantastique \u00e0 la satire en passant par la nouvelle polici\u00e8re la plus classique, on d\u00e9couvre un pays rong\u00e9 par la corruption, le d\u00e9cervelage consum\u00e9riste, la mis\u00e8re et la criminalit\u00e9. Un pays o\u00f9 s'affirme pourtant la puissance des forces de la cr\u00e9ation et de la r\u00e9volte : ce livre en est, parmi d'autres, un exemple.\r","authors":["Collectif","Serge Quadruppani"],"category_codes":["1000000","1010000"],"visuals":{"large":"https:\/\/images.epagine.fr\/269\/9782864249269_1_75.jpg","medium":"https:\/\/images.epagine.fr\/269\/9782864249269_1_m.jpg","thumbnail":"https:\/\/images.epagine.fr\/269\/9782864249269_1_v.jpg"},"orderable":true,"show_badge":true,"formatted_price":"21,00&nbsp;\u20ac","formatted_published_date":"2 mai 2013","publisher_availability_label":"Sur commande","short_details":"Collectif, Serge Quadruppani \u2014 Editions M\u00e9taili\u00e9","translator":"SERGE QUADRUPPANI","weight":374,"page_count":324,"readership":null,"editor":"Editions M\u00e9taili\u00e9","price":2100,"published_date":"2013-05-01T22:00:00.000000Z","support":"Grand format","publisher_availability":1,"stock":0,"editions":[],"url":"https:\/\/quaidesbrumes.com\/ouvrage\/9782864249269\/bel-paese"},{"id":"9782940822003","title":"Le regard de ma m\u00e8re","description":"Dans la p\u00e9nombre d'une chambre d'h\u00f4pital, une fille tient la main de sa m\u00e8re mourante de la maladie d'Alzheimer. Cette main qui a \u00e9pluch\u00e9 les l\u00e9gumes, p\u00e9tri la p\u00e2te, repass\u00e9 le linge ; cette main qui, parfois, l'a aussi corrig\u00e9. En la serrant une derni\u00e8re fois, G\u00e9raldine entreprend un voyage singulier : remonter le fil du temps pour habiter le regard de celle qui l'a mise au monde. De la campagne lorraine des ann\u00e9es 1940 aux couloirs silencieux de l'Ehpad, ce r\u00e9cit tisse trois vies en une seule trame. Celle de Gis\u00e8le enfant, cueillant les mirabelles dans le verger familial de Chaudeney avant que la poliomy\u00e9lite ne marque \u00e0 jamais sa d\u00e9marche. Celle de la m\u00e8re exigeante et aimante, h\u00e9riti\u00e8re des gestes ancestraux et des silences de femmes. Et celle de la fille, moderne et press\u00e9e, qui d\u00e9couvre enfin, par l'\u00e9criture, le chemin vers une r\u00e9conciliation impossible de leur vivant. Le Regard de ma m\u00e8re est une ode lumineuse \u00e0 la transmission f\u00e9minine, un adieu qui devient renaissance. G\u00e9raldine Andr\u00e9e y d\u00e9ploie une prose sensuelle et d\u00e9licate, o\u00f9 le parfum des confitures de mirabelles se m\u00eale \u00e0 la douleur du deuil, o\u00f9 chaque souvenir restitu\u00e9 devient un acte d'amour. Un livre sur ce que nous devons \u00e0 celles qui nous pr\u00e9c\u00e8dent et sur la gr\u00e2ce d'accepter enfin de voir le monde \u00e0 travers leurs yeux. \u00ab \u00c0 pr\u00e9sent que ses l\u00e8vres ne laissent plus \u00e9chapper un mot, je suis son histoire. \u00c0 pr\u00e9sent que ses yeux sont clos, je suis son regard. \u00bb\r","authors":["G\u00e9raldine Andr\u00e9e"],"category_codes":["1000000","1010000"],"visuals":{"large":"https:\/\/images.epagine.fr\/003\/9782940822003_1_75.jpg","medium":"https:\/\/images.epagine.fr\/003\/9782940822003_1_m.jpg","thumbnail":"https:\/\/images.epagine.fr\/003\/9782940822003_1_v.jpg"},"orderable":true,"show_badge":true,"formatted_price":"18,00&nbsp;\u20ac","formatted_published_date":"5 d\u00e9cembre 2025","publisher_availability_label":"Sur commande","short_details":"G\u00e9raldine Andr\u00e9e \u2014 Advixo","translator":null,"weight":401,"page_count":326,"readership":null,"editor":"Advixo","price":1800,"published_date":"2025-12-04T23:00:00.000000Z","support":"Grand format","publisher_availability":1,"stock":0,"editions":[],"url":"https:\/\/quaidesbrumes.com\/ouvrage\/9782940822003\/le-regard-de-ma-mere"},{"id":"9782234071988","title":"Une vie entre deux oc\u00e9ans","description":"Lib\u00e9r\u00e9 de l'horreur des tranch\u00e9es o\u00f9 il a combattu, Tom Sherbourne, de retour en Australie, devient gardien de phare sur l'\u00eele de Janus, une \u00eele sur les Lights, sauvage et recul\u00e9e. \u00c0 l'abri du tumulte du monde, il coule des jours heureux avec sa femme Isabel ; un bonheur peu \u00e0 peu contrari\u00e9 par l'impossibilit\u00e9 d'avoir un enfant.\r\nJusqu'\u00e0 ce jour d'avril o\u00f9 un dinghy vient s'ab\u00eemer sur le rivage, abritant \u00e0 son bord le cadavre d'un homme et un b\u00e9b\u00e9 sain et sauf. Isabel demande \u00e0 Tom d'ignorer le r\u00e8glement, de ne pas signaler \u00ab l'incident \u00bb et de garder avec eux l'enfant. Une d\u00e9cision aux cons\u00e9quences d\u00e9vastatrices...\r\nUn premier roman pl\u00e9biscit\u00e9 dans le monde entier qui interroge les liens du coeur et du sang.\r\n\r\n\u00ab Lire Une vie entre deux oc\u00e9ans est une exp\u00e9rience d'immersion totale, incroyablement \u00e9mouvante. \u00bb Monica Ali, auteur de Sept mers et treize rivi\u00e8res","authors":["Margot Stedman","Anne Wicke"],"category_codes":["1000000","1010000"],"visuals":{"large":"https:\/\/images.epagine.fr\/988\/9782234071988_1_75.jpg","medium":"https:\/\/images.epagine.fr\/988\/9782234071988_1_m.jpg","thumbnail":"https:\/\/images.epagine.fr\/988\/9782234071988_1_v.jpg"},"orderable":true,"show_badge":true,"formatted_price":"22,90&nbsp;\u20ac","formatted_published_date":"9 octobre 2013","publisher_availability_label":"Sur commande","short_details":"Margot Stedman, Anne Wicke \u2014 Stock","translator":"ANNE WICKE","weight":450,"page_count":456,"readership":null,"editor":"Stock","price":2290,"published_date":"2013-10-08T22:00:00.000000Z","support":"Grand format","publisher_availability":1,"stock":0,"editions":[],"url":"https:\/\/quaidesbrumes.com\/ouvrage\/9782234071988\/une-vie-entre-deux-oceans"},{"id":"9781786585110","title":"The Swell : The captivating, beautifully atmospheric Iceland-set dual-timeline mystery","description":"'A page-turning mystery. Spellbinding' Anya Bergman\r\n'Captivating. A deeply satisfying, deftly woven novel of female power and resistance' Anna Hope\r\n'Addictive and twisty' Liza Klaussman\r\nTwo sisters. A shipwreck. A story demanding to be told . . .\r\nIceland, 1910. In the middle of a severe storm two sisters - Freyja and Gudr\u00fan - rescue a mysterious, charismatic man from a shipwreck near their remote farm.\r\nSixty-five years later, a young woman - Sigga - is spending time with her grandmother when they learn a body has been discovered on a mountainside near Reykjavik, perfectly preserved in ice.\r\nMoving between the turn of the 20th century and the 1970s as a dark mystery is unravelled, The Swell is a spellbinding, beautifully atmospheric read, rich in Icelandic myth.\r","authors":["Kat Gordon"],"category_codes":["1000000","1010000"],"visuals":{"large":"https:\/\/images.epagine.fr\/110\/9781786585110_1_75.jpg","medium":"https:\/\/images.epagine.fr\/110\/9781786585110_1_m.jpg","thumbnail":"https:\/\/images.epagine.fr\/110\/9781786585110_1_v.jpg"},"orderable":false,"show_badge":true,"formatted_price":"14,80&nbsp;\u20ac","formatted_published_date":null,"publisher_availability_label":"\u00c0 para\u00eetre","short_details":"Kat Gordon \u2014 Zaffre Bonnier","translator":null,"weight":0,"page_count":336,"readership":null,"editor":"Zaffre Bonnier","price":1480,"published_date":null,"support":"Poche","publisher_availability":2,"stock":0,"editions":[],"url":"https:\/\/quaidesbrumes.com\/ouvrage\/9781786585110\/the-swell-the-captivating-beautifully-atmospheric-iceland-set-dual-timeline-mystery"},{"id":"9781398725904","title":"Lady Tremaine : The Reese's Book Club Pick! The hotly anticipated, spellbinding and unmissable retelling of one of the world's most iconic fairytales, Cinderella!","description":"THE REESE WITHERSPOON BOOK CLUB PICK!\r\n'Feminist, fierce, and wildly fresh. Lady Tremaine is destined to be one of the biggest books of the year' GLENNON DOYLE\r\n'A reimagining of Cinderella's stepmother that explores motherhood, family, and the pressure to be perfect' REESE WITHERSPOON\r\nEveryone said she was wicked.\r\nNow Cinderella's stepmother tells her own story...\r\nAfter the death of her second husband, Lady Etheldreda Verity Isolde Tremaine Bramley is solely responsible for her two daughters, Rosamund and Mathilde, her simpering stepdaughter Elin, a razor-taloned peregrine falcon, and a crumbling manor buried in the woods.\r\nWhen a royal ball offers the chance to change their fortunes, Ethel risks her pride in pursuit of an invitation for all three of girls - only for her hopes to be fulfilled by the wrong one: Elin.\r\nYet as her stepdaughter's engagement to the future king unfolds, Ethel discovers a sordid secret hidden in the depths of the royal family, forcing her to choose between the security she craves and the feckless stepdaughter who has rebuffed her at every turn...\r\nBridgerton meets Circe in this breathtaking reimagining of one of the world's most iconic fairytales, Cinderella.\r\n**Lady Tremaine has stolen the hearts of readers everywhere!**\r\n\"Stunning - lyrical yet razor-sharp, rich with atmosphere and brimming with lines that linger in your mind\" Reader Review \r\n\"Definitely one of my favorite books of the year! One of those rare books that stays with you, and moves you in ways you never anticipated\" Reader Review \r\n\"Wow! I was not expecting this to be as great as it is - I totally devoured it. This may be the best fairy tale reworking that I've ever read!\" Reader Review \r\n\"This book is a masterpiece. Finally the fairy tale has been reclaimed with honesty and wisdom and nuance and depth\" Reader Review \r\n\"Fast-paced, unputdownable, and the story that women need right now\" Reader Review \r\n\"Phenomenal. Absolutely phenomenal\" Reader Review \r\n**Praise for LADY TREMAINE**\r\n'Breathing new life into a timeless fairytale, a must-read for anyone who believes in the power of second chances. My favourite read of the year' SARAH PENNER, author of The Lost Apothecary\r\n'In breathtakingly beautiful prose, Hochhauser unpicks this old fairytale and weaves it into a feminist war cry. Visceral, powerful and stunningly told' EMILIA HART, author of Weyward\r\n'Lady Tremaine shatters our preconceptions of a famous fairytale villain, presenting instead a mesmering portrait of a woman who discovers that real enchantment comes from daring to rewrite your own destiny' KIMBERLY KING PARSONS, author of We Were the Universe\r\n'One of the best novels I've read in a long time. I am envious of any reader picking up this book for the first time' OLIVIA CLARE FRIEDMAN, author of Here Lies\r\n'Wit, wisdom, poetry on every page. A voice that's both hauntingly familiar and crisp in contemporary understanding. Amazing' MARK RICHARD, author of The Ice at the Bottom of the World\r\n'Cinderella gets the Maleficent treatment in the darkly sumptuous and deeply addictive Lady Tremaine, Rachel Hochhauser is a major new talent to watch' KATE QUINN, author of The Briar Club\r\n'A totally fresh take on the story of Cinderella, Lady Tremaine feels like a miracle. With its gorgeous prose and nuanced characters, it's already in the running to be my book of the year. I just adored it!' PHOENICIA ROGERSON, author of HERC\r","authors":["Rachel Hochhauser"],"category_codes":["1000000","1010000"],"visuals":{"large":"https:\/\/images.epagine.fr\/904\/9781398725904_1_75.jpg","medium":"https:\/\/images.epagine.fr\/904\/9781398725904_1_m.jpg","thumbnail":"https:\/\/images.epagine.fr\/904\/9781398725904_1_v.jpg"},"orderable":true,"show_badge":true,"formatted_price":"22,90&nbsp;\u20ac","formatted_published_date":"3 mars 2026","publisher_availability_label":"Sur commande","short_details":"Rachel Hochhauser \u2014 Orion","translator":null,"weight":420,"page_count":352,"readership":null,"editor":"Orion","price":2290,"published_date":"2026-03-02T23:00:00.000000Z","support":"Grand format","publisher_availability":1,"stock":0,"editions":["9781398725911"],"url":"https:\/\/quaidesbrumes.com\/ouvrage\/9781398725904\/lady-tremaine-the-reeses-book-club-pick-the-hotly-anticipated-spellbinding-and-unmissable-retelling-of-one-of-the-worlds-most-iconic-fairytales-cinderella"},{"id":"9781805338109","title":"The Age of Calamities","description":"'An astounding debut, so full of wonder, outrage, invention, fireworks, sheer brilliance'  Edward Carey, author of Little\r\n'Subversive, hilarious and shockingly original' Rosanna Pike, author of A Little Trickerie\r\n'A true, unique talent' Kat Dunn, author of Hungerstone\r\nStep into the past. Rush headlong at the future. The Age of Calamities is here.\r\nHenry VIII wants Anne Boleyn dead, but there's just one small problem: she's alive again by morning, sipping tea at the breakfast table. In the gilded hush of the Winter Palace, the Romanov sisters slip through time and waltz aboard a spaceship bound for the stars. A woman on the run strikes a sinister bargain with the ghost of Joan of Arc, but can she reclaim her body before sunrise?\r\nWith flickers of horror and dark humour, The Age of Calamities catapults us through sentient houses, looping timelines and haunted histories. Fiercely inventive and wickedly playful, these stories mark the arrival of a bold new voice in fiction-inviting the reader to confront the past, the present and themselves, all at once.\r\nPRAISE FOR THE AGE OF CALAMITIES:\r\n'Surreal, funny and endlessly thought-provoking' Dazed\r\n'An addictive blend of imagination and wit' Katherine J. Chen, author of Joan\r\n'Full of imaginative daring and electrifying humour' Naomi Booth, author of Animals at Night\r\n'The past comes to unexpected, vivid life in these speculative short stories' Publishers Weekly\r\n'Wonderful writing that had me in its grasp to the very last sentence' Nydia Hetherington, author of Sycorax\r\n'Stunning in its power, purpose and ambition' Maggie Su, author of Blob: A Love Story\r\n'Dazzlingly inventive' Kelly Link, author of White Cat, Black Dog\r\n'Wild, incantatory, upending' Claire Oshetsky, author of Evil Genius\r\n'I loved Ahmad's perilously playful journeys to other timescapes' Leon Craig, author of Parallel Hells\r","authors":["Senaa Ahmad"],"category_codes":["1000000","1010000"],"visuals":{"large":"https:\/\/images.epagine.fr\/109\/9781805338109_1_75.jpg","medium":"https:\/\/images.epagine.fr\/109\/9781805338109_1_m.jpg","thumbnail":"https:\/\/images.epagine.fr\/109\/9781805338109_1_v.jpg"},"orderable":true,"show_badge":true,"formatted_price":"18,80&nbsp;\u20ac","formatted_published_date":"12 f\u00e9vrier 2026","publisher_availability_label":"Sur commande","short_details":"Senaa Ahmad \u2014 Pushkin Press","translator":null,"weight":150,"page_count":240,"readership":null,"editor":"Pushkin Press","price":1880,"published_date":"2026-02-11T23:00:00.000000Z","support":"Grand format","publisher_availability":1,"stock":0,"editions":[],"url":"https:\/\/quaidesbrumes.com\/ouvrage\/9781805338109\/the-age-of-calamities"},{"id":"9782752909916","title":"Au bord des gr\u00e8ves","description":"Lena, Bretonne de cinquante ans, enseignante \u00e0 Paris et m\u00e8re d'un jeune adulte, est depuis deux ans dans une sorte de coma \u00e9motionnel survenu apr\u00e8s le d\u00e9c\u00e8s de sa propre m\u00e8re et une rupture sentimentale. Trois rencontres totalement diff\u00e9rentes les unes des autres mais finalement li\u00e9es, vont tour \u00e0 tour la remettre au monde. La premi\u00e8re est un r\u00e9veil des sens et des \u00e9motions par l'interm\u00e9diaire d'un homme plus jeune dont il conviendra de se d\u00e9faire afin que le d\u00e9go\u00fbt ne l'emporte pas progressivement sur le reste. La deuxi\u00e8me rencontre proc\u00e9dera de l'apaisement et, qui sait, d'un \u00e9ventuel avenir possible par le biais d'une conversation t\u00e9l\u00e9phonique nocturne avec le p\u00e8re du fils de Lena, homme aim\u00e9 alors qu'elle n'avait que vingt ans. La troisi\u00e8me enfin, permise par les deux premi\u00e8res, de loin la plus belle et qui r\u00e9concilie Lena avec l'existence, est la rencontre avec Maria, une femme condamn\u00e9e par une tumeur au cerveau et que Lena, sans le savoir \u00e0 r\u00e9concili\u00e9e avec son p\u00e8re trois ans plus t\u00f4t en publiant un roman autobiographique. Une rencontre intense, sobre et essentielle.","authors":["Marie Le gall"],"category_codes":["1000000","1010000"],"visuals":{"large":"https:\/\/images.epagine.fr\/916\/9782752909916_1_75.jpg","medium":"https:\/\/images.epagine.fr\/916\/9782752909916_1_m.jpg","thumbnail":"https:\/\/images.epagine.fr\/916\/9782752909916_1_v.jpg"},"orderable":true,"show_badge":true,"formatted_price":"17,00&nbsp;\u20ac","formatted_published_date":"3 avril 2014","publisher_availability_label":"Sur commande","short_details":"Marie Le gall \u2014 \u00c9ditions Ph\u00e9bus","translator":null,"weight":182,"page_count":144,"readership":null,"editor":"\u00c9ditions Ph\u00e9bus","price":1700,"published_date":"2014-04-02T22:00:00.000000Z","support":"Grand format","publisher_availability":1,"stock":0,"editions":[],"url":"https:\/\/quaidesbrumes.com\/ouvrage\/9782752909916\/au-bord-des-greves"},{"id":"9782882503374","title":"L'arbre d'or ; une histoire mythique","description":"Un soir de l'hiver 1997, un b\u00fbcheron de Colombie-Britannique nomm\u00e9 Grand Hadwin commet un acte d'une violence inou\u00efe dans les merveilleuses \u00eeles de la Reine-Charlotte. Sa victime \u00e9tait l\u00e9gendaire : un \u00e9pic\u00e9a de Sitka vieux de 300 ans, haut de 50 m\u00e8tres et enti\u00e8rement couvert de lumineuses aiguilles dor\u00e9es. Dans un geste paradoxal, qu'il con\u00e7oit comme une protestation contre les dommages caus\u00e9s \u00e0 la nature par l'homme, Hadwin s'attaque \u00e0 l'arbre avec une tron\u00e7onneuse. L'\u00e9pic\u00e9a tombe deux jours plus tard, ce qui horrifie toute la communaut\u00e9 locale. L'arbre d'or \u00e9tait non seulement une curiosit\u00e9 scientifique, un miracle et une attraction touristique, mais il \u00e9tait sacr\u00e9 pour le peuple des Ha\u00efdas et tr\u00e8s aim\u00e9 des b\u00fbcherons de l'endroit. Peu de temps apr\u00e8s avoir confess\u00e9 son crime, Hadwin a disparu dans de myst\u00e9rieuses circonstances ; \u00e0 ce jour, il n'a pas \u00e9t\u00e9 retrouv\u00e9. En d\u00e9nouant les fils de ce myst\u00e8re, John Vaillant donne \u00e0 voir toute la beaut\u00e9 sauvage des c\u00f4tes de l'Alaska ; il d\u00e9crit \u00e9galement les tensions historiques entre les Europ\u00e9ens et les Indiens Ha\u00efdas, le monde brutal du b\u00fbcheronnage, ainsi que les cons\u00e9quences de l'abattage des arbres en Am\u00e9rique du Nord et pour toute l'histoire de la civilisation occidentale.\r\n\u00ab Dans une prose riche et imag\u00e9e, Vaillant \u00e9voque le luxuriant milieu naturel o\u00f9 l'\u00e9pic\u00e9a d'or est apparu... Absolument captivant. \u00bb The New York Times L'Arbre d'or raconte l'histoire d'un fabuleux myst\u00e8re naturel, et d'une obsession si violente qu'un homme en vient \u00e0 d\u00e9truire ce qu'il a de plus cher : l'unique \u00e9pic\u00e9a d'or au monde. D\u00e9ployant tout son talent d'\u00e9vocation des beaut\u00e9s de la nature, John Vaillant dresse le portrait de cet homme et d\u00e9crit le contexte fascinant dans lequel son acte a lieu. Il interroge \u00e9galement les relations entre l'homme et son environnement, et les dommages que notre civilisation fait subir \u00e0 la nature.","authors":["John Vaillant","Val\u00e9rie Legendre"],"category_codes":["1000000","1010000"],"visuals":{"large":"https:\/\/images.epagine.fr\/374\/9782882503374_1_75.jpg","medium":"https:\/\/images.epagine.fr\/374\/9782882503374_1_m.jpg","thumbnail":"https:\/\/images.epagine.fr\/374\/9782882503374_1_v.jpg"},"orderable":true,"show_badge":true,"formatted_price":"23,50&nbsp;\u20ac","formatted_published_date":"3 avril 2014","publisher_availability_label":"Sur commande","short_details":"John Vaillant, Val\u00e9rie Legendre \u2014 Les \u00c9ditions Noir sur Blanc","translator":"VALERIE LEGENDRE","weight":429,"page_count":336,"readership":null,"editor":"Les \u00c9ditions Noir sur Blanc","price":2350,"published_date":"2014-04-02T22:00:00.000000Z","support":"Grand format","publisher_availability":1,"stock":0,"editions":[],"url":"https:\/\/quaidesbrumes.com\/ouvrage\/9782882503374\/larbre-dor-une-histoire-mythique"},{"id":"9791035332853","title":"Meurtre a bidart (coll. geste noir)","description":null,"authors":["Schnepf Philippe"],"category_codes":["1000000","1010000"],"visuals":{"large":"https:\/\/images.epagine.fr\/853\/9791035332853_1_75.jpg","medium":"https:\/\/images.epagine.fr\/853\/9791035332853_1_m.jpg","thumbnail":"https:\/\/images.epagine.fr\/853\/9791035332853_1_v.jpg"},"orderable":false,"show_badge":true,"formatted_price":"13,90&nbsp;\u20ac","formatted_published_date":"15 mai 2026","publisher_availability_label":"\u00c0 para\u00eetre","short_details":"Schnepf Philippe \u2014 La Geste","translator":null,"weight":250,"page_count":null,"readership":null,"editor":"La Geste","price":1390,"published_date":"2026-05-14T22:00:00.000000Z","support":"Grand format","publisher_availability":2,"stock":0,"editions":[],"url":"https:\/\/quaidesbrumes.com\/ouvrage\/9791035332853\/meurtre-a-bidart-coll-geste-noir"}]}