{"data":[{"id":"9782213635743","title":"\u00e0 qui tu penses quand tu me fais l'amour ?","description":"Georges et Fanny, la quarantaine, divorc\u00e9s, sont remari\u00e9s depuis trois ans... Ils s'aiment et leur vie de couple semble parfaitement ma\u00eetris\u00e9e : ils ne parlent gu\u00e8re du pass\u00e9, n'ont que de rares querelles, pensent la m\u00eame chose sur la plupart des sujets, y compris la politique. \r\nC'est du moins ce qu'on voit et ce qui s'entend, car ils sont loin de tout se dire. Dans leur for int\u00e9rieur, un autre discours se poursuit en permanence, souvent contraire \u00e0 celui qu'ils tiennent tout haut ! \r\nFanny se r\u00e9v\u00e8le soup\u00e7onneuse, d'une jalousie persistante, et Georges se laisse facilement \u00e9mouvoir par une pr\u00e9sence f\u00e9minine... Comme rien n'en est dit - seulement \u00ab pens\u00e9 \u00bb -, leur vie amoureuse peut continuer. Jusqu'au jour o\u00f9 ce qui \u00e9tait tu, la v\u00e9rit\u00e9 intime de chacun, est prononc\u00e9 malgr\u00e9 eux.\r\nQue va-t-il en r\u00e9sulter ? Une meilleure entente ou la fin du couple ? \r\nLe probl\u00e8me de Fanny et Georges est aussi celui du lecteur et de notre soci\u00e9t\u00e9 enti\u00e8re : faut-il tout exprimer ? La transparence absolue est-elle souhaitable ? Peut-on vivre ensemble sans se mentir ? Faut-il toujours dire la v\u00e9rit\u00e9, ne serait-ce qu'\u00e0 soi-m\u00eame ?","authors":["Madeleine Chapsal"],"category_codes":["1000000","1010000"],"visuals":{"large":"https:\/\/images.epagine.fr\/743\/9782213635743_1_75.jpg","medium":"https:\/\/images.epagine.fr\/743\/9782213635743_1_m.jpg","thumbnail":"https:\/\/images.epagine.fr\/743\/9782213635743_1_v.jpg"},"orderable":true,"show_badge":true,"formatted_price":"24,00&nbsp;\u20ac","formatted_published_date":"2 juin 2010","publisher_availability_label":"Sur commande","short_details":"Madeleine Chapsal \u2014 Fayard","translator":null,"weight":320,"page_count":244,"readership":null,"editor":"Fayard","price":2400,"published_date":"2010-06-01T22:00:00.000000Z","support":"Grand format","publisher_availability":1,"stock":0,"editions":[],"url":"https:\/\/quaidesbrumes.com\/ouvrage\/9782213635743\/a-qui-tu-penses-quand-tu-me-fais-lamour"},{"id":"9782919141470","title":"An fonnkye a peyi-la - rakontaj toukout","description":"Recueil de nouvelles en Guadeloup\u00e9en, Cr\u00e9ole guadeloup\u00e9en.\r\n\r\nI woukonmans\u00e9 vans\u00e9, pli d\u00e9sid\u00e9 kou-lasa. Monch\u00e8, i ja la! A pa kony\u00e9la pou f\u00e8 d\u00e8y\u00e8, an ! Sy\u00e8l-la t\u00e9 d\u00e9masy\u00e9, kif\u00e8 lalin-la t\u00e9 ka riv\u00e9 kl\u00e9r\u00e9 tibwen alantou a-y, magr\u00e9 bwa Sensov\u00e8 t\u00e9 \u00e9p\u00e9. Tanzantan, i t\u00e9 ni lid\u00e9 i t\u00e9 ka vw\u00e8 lonbraj pas\u00e9 vitman, konsa, ka trav\u00e8s\u00e9 anmitan s\u00e9 py\u00e9bwa-la. Tans\u00e8lman l\u00e8 ou ja riv\u00e9 ji la, as\u00e9z\u00e8isit, ou p\u00e9 pa l\u00e9s\u00e9 lap\u00e9r\u00e9zit\u00e9 f\u00e8-w bat d\u00e8y\u00e8 ; i t\u00e9 ja angaj\u00e9. \u00bb \u00abOn liv-rakontaj kon sila, \u00e9pi n\u00e8f istwa-kout, ka d\u00e9fouy\u00e9 sa ki ka f\u00e8 dispar\u00e8t p\u00e9 pa pran nou adan on batzy\u00e9. An p\u00e9 mand\u00e9 tanprisoupl\u00e9, pou pr\u00e8s toumoun konsid\u00e9r\u00e9 Man Ena Eluther byen doubout d\u00e8y\u00e8 paw\u00f2l a-y. Ou k\u00e9 santi a pa p'on kalit\u00e9 sij\u00e9syon, ni p'on komann o komandman. S\u00e9 pa jako-r\u00e9p\u00e8t nonplis. S\u00e9 kr\u00e9yasyon a on pwof\u00e9s\u00e8 kr\u00e9y\u00f2l ki chouk\u00e9 an siyaj a gwoka, kidonk an lang \u00e9 kilti kr\u00e9y\u00f2l Gwadloup. Jenn\u00e8s a Man Ena Eluther ka ban nou dwa di i ja pran bon l\u00e8v m\u00e9 s\u00e9 d\u00e8y\u00e8 bwa ki ni bwa.\r\nMan Ena Eluther ka envit\u00e9 nou pawtaj\u00e9 kon\u00e9sans \u00e9pi lanmou i p\u00f2t\u00e9 pou voy\u00e9 douvan adan on travay dontok\u00e8l mwen gloup\u00e9 \u00e9pi onlo pl\u00e9zi bout-an-bout.\u00bb\r","authors":["Eluther Ena"],"category_codes":["1000000","1010000","1010100"],"visuals":{"large":"https:\/\/images.epagine.fr\/470\/9782919141470_1_75.jpg","medium":"https:\/\/images.epagine.fr\/470\/9782919141470_1_m.jpg","thumbnail":"https:\/\/images.epagine.fr\/470\/9782919141470_1_v.jpg"},"orderable":true,"show_badge":true,"formatted_price":"10,00&nbsp;\u20ac","formatted_published_date":"9 septembre 2020","publisher_availability_label":"Sur commande","short_details":"Eluther Ena \u2014 Neg Mawon","translator":null,"weight":120,"page_count":82,"readership":null,"editor":"Neg Mawon","price":1000,"published_date":"2020-09-08T22:00:00.000000Z","support":"Revue","publisher_availability":1,"stock":0,"editions":[],"url":"https:\/\/quaidesbrumes.com\/ouvrage\/9782919141470\/an-fonnkye-a-peyi-la-rakontaj-toukout"},{"id":"9791090885189","title":"La chevre de coti-chiavari","description":null,"authors":["Jean-pierre Orsi"],"category_codes":["1000000","1010000"],"visuals":{"large":"https:\/\/quaidesbrumes.com\/img\/book-placeholder.png","medium":"https:\/\/quaidesbrumes.com\/img\/book-placeholder.png","thumbnail":"https:\/\/quaidesbrumes.com\/img\/book-placeholder.png"},"orderable":true,"show_badge":true,"formatted_price":"10,00&nbsp;\u20ac","formatted_published_date":"12 f\u00e9vrier 2020","publisher_availability_label":"Sur commande","short_details":"Jean-pierre Orsi \u2014 Ancre Latine","translator":null,"weight":178,"page_count":null,"readership":null,"editor":"Ancre Latine","price":1000,"published_date":"2020-02-11T23:00:00.000000Z","support":"Grand format","publisher_availability":1,"stock":0,"editions":["9782352100423","9782352100652","9791090885080"],"url":"https:\/\/quaidesbrumes.com\/ouvrage\/9791090885189\/la-chevre-de-coti-chiavari"},{"id":"9782363390318","title":"Ils \u00e9taient chouettes, tes poissons rouges","description":"Dans ce recueil de nouvelles in\u00e9dites, Andr\u00e9 Vers ressuscite malicieusement un Paris r\u00e9volu, le petit Paris des ann\u00e9es 50, celui des Halles, des meubl\u00e9s et du rosbif du dimanche. Un monde disparu qu'il \u00e9voquait d\u00e9j\u00e0 dans Martel en t\u00eate et Mis\u00e8re du matin.\r\nL'\u00e9poque o\u00f9, apr\u00e8s l'atelier, on se retrouvait au bistrot pour une belote avec les copains, pendant que les dames courraient \u00e0 Uniprix avant de pr\u00e9parer une gibelotte. Le soir, dans la chambre qu'on appelait pas encore un studio, on gambergeait : un jour, on l'aurait, la deux-chevaux, et peut-\u00eatre m\u00eame le pavillon, avec les nains sur la pelouse. Mais avant de s'endormir, on r\u00eavait surtout des jambes de la voisine du 2\u00b0, des seins de la boulang\u00e8re, de la d\u00e9marche de la serveuse. L'amour, c'\u00e9tait l\u00e0 la grande affaire.\r","authors":["Andr\u00e9 Vers"],"category_codes":["1000000","1010000"],"visuals":{"large":"https:\/\/images.epagine.fr\/318\/9782363390318_1_75.jpg","medium":"https:\/\/images.epagine.fr\/318\/9782363390318_1_m.jpg","thumbnail":"https:\/\/images.epagine.fr\/318\/9782363390318_1_v.jpg"},"orderable":true,"show_badge":true,"formatted_price":"12,50&nbsp;\u20ac","formatted_published_date":"20 f\u00e9vrier 2014","publisher_availability_label":"Sur commande","short_details":"Andr\u00e9 Vers \u2014 \u00c9ditions Finitude","translator":null,"weight":144,"page_count":112,"readership":null,"editor":"\u00c9ditions Finitude","price":1250,"published_date":"2014-02-19T23:00:00.000000Z","support":"Grand format","publisher_availability":1,"stock":0,"editions":[],"url":"https:\/\/quaidesbrumes.com\/ouvrage\/9782363390318\/ils-etaient-chouettes-tes-poissons-rouges"},{"id":"9782226245236","title":"Mourir est un art, comme tout le reste","description":"Le 11 f\u00e9vrier prochain, on comm\u00e9morera les cinquante ans de la mort de la po\u00e9tesse Sylvia Plath, suicid\u00e9e \u00e0 31 ans. Oriane Jeancourt Galignani, en s'inspirant du roman autobiographique de l'\u00e9crivain, La Cloche de d\u00e9tresse, et de ses po\u00e9sies les plus personnelles, imagine le r\u00e9cit, \u00e0 la premi\u00e8re personne, de sa derni\u00e8re ann\u00e9e.\r\nEn entrela\u00e7ant son r\u00e9cit d'extraits de Plath, l'auteur nous donne \u00e0 d\u00e9couvrir ses vers, mais encore son style, le r\u00e9cit imaginaire apportant \u00e0 l'oeuvre une perspective extr\u00eamement juste et \u00e9clairante.\r\nDe grands th\u00e8mes se retrouvent ici : la difficult\u00e9 d'\u00eatre reconnue \u00e0 la juste mesure de son g\u00e9nie lorsqu'on est une femme ; les tiraillements d'une \u00e9pouse et d'une m\u00e8re qui veut \u00eatre aussi un \u00e9crivain de renom ; la comp\u00e9tition avec le p\u00e8re, et avec le mari ; la douleur d'aimer un p\u00e8re que l'Histoire et ses choix condamnent comme sympathisant nazi ; les ravages de la maladie mentale, le rapport avec sa propre sexualit\u00e9, avec son corps et les maternit\u00e9s, avec ses enfants et la vie...\r","authors":["Oriane Jeancourt Galignani"],"category_codes":["1000000","1010000"],"visuals":{"large":"https:\/\/images.epagine.fr\/236\/9782226245236_1_75.jpg","medium":"https:\/\/images.epagine.fr\/236\/9782226245236_1_m.jpg","thumbnail":"https:\/\/images.epagine.fr\/236\/9782226245236_1_v.jpg"},"orderable":true,"show_badge":true,"formatted_price":"15,00&nbsp;\u20ac","formatted_published_date":"30 janvier 2013","publisher_availability_label":"Sur commande","short_details":"Oriane Jeancourt Galignani \u2014 Albin Michel","translator":null,"weight":264,"page_count":180,"readership":null,"editor":"Albin Michel","price":1500,"published_date":"2013-01-29T23:00:00.000000Z","support":"Grand format","publisher_availability":1,"stock":0,"editions":[],"url":"https:\/\/quaidesbrumes.com\/ouvrage\/9782226245236\/mourir-est-un-art-comme-tout-le-reste"},{"id":"9782080159373","title":"Le chemin des gens perdus","description":"\u00abJe me demande si quelqu'un s'inqui\u00e8te de notre disparition, si on a donn\u00e9 l'alerte. Parce que, \u00e0 un moment, il faut arr\u00eater de se voiler la face, appeler un chat, un chat\u00a0:\u00a0on est des disparus.\u00bb Certains chemins ne m\u00e8nent nulle part. D'autres vous ram\u00e8nent \u00e0 vous-m\u00eame. Pour son treizi\u00e8me roman, Xavier de Moulins signe une fable myst\u00e9rieuse et addictive. Vous ne verrez plus jamais la for\u00eat du m\u00eame oeil.","authors":["Xavier Moulins"],"category_codes":["1000000","1010000"],"visuals":{"large":"https:\/\/images.epagine.fr\/373\/9782080159373_1_75.jpg","medium":"https:\/\/images.epagine.fr\/373\/9782080159373_1_m.jpg","thumbnail":"https:\/\/images.epagine.fr\/373\/9782080159373_1_v.jpg"},"orderable":false,"show_badge":true,"formatted_price":"20,00&nbsp;\u20ac","formatted_published_date":"6 mai 2026","publisher_availability_label":"\u00c0 para\u00eetre","short_details":"Xavier Moulins \u2014 Flammarion","translator":null,"weight":244,"page_count":240,"readership":null,"editor":"Flammarion","price":2000,"published_date":"2026-05-05T22:00:00.000000Z","support":"Grand format","publisher_availability":2,"stock":0,"editions":[],"url":"https:\/\/quaidesbrumes.com\/ouvrage\/9782080159373\/le-chemin-des-gens-perdus"},{"id":"9782377010882","title":"Depardieu \u00e0 Cinecitt\u00e0, roman","description":"Lorsque Bernardo Bertolucci tourne quelques sc\u00e8nes de son Novecento \u00e0 Cinecitt\u00e0, peut-\u00eatre rencontre-t-il Federico Fellini qui, de son c\u00f4t\u00e9, y termine son Casanova, et lui pr\u00e9sente-t-il G\u00e9rard Depardieu et Robert de Niro. Il vient \u00e0 l\u00b4esprit de Fellini de tourner une vie du c\u00e9l\u00e8bre peintre lombard, Le Caravage, et il propose \u00e0 Depardieu de faire des essais pour le r\u00f4le-titre. Enthousiasm\u00e9, ce dernier s\u00b4installe quelque temps \u00e0 Rome pour mieux entrer dans la peau du personnage. Le voici d\u00e9ambulant sur les traces du peintre, contemplant ses oeuvres dans des \u00e9glises baroques magnifiques, s\u00b4entra\u00eenant \u00e0 peindre fleurs et fruits comme le ma\u00eetre, qui s\u00b4en \u00e9tait fait \u00e0 ses d\u00e9buts une sp\u00e9cialit\u00e9. Bien s\u00fbr, tout cela est presque imaginaire : une r\u00eaverie. Mais une r\u00eaverie passionnante mettant en sc\u00e8ne la rencontre de ces trois g\u00e9nies et revisitant \u00e0 la fois la fa\u00e7on dont travaillait Fellini \u00e0 Cinecitt\u00e0, l\u00b4affirmation du talent du jeune Depardieu et la vie et l\u00b4oeuvre du Caravage.","authors":["Jean-Max M\u00e9jean"],"category_codes":["1000000","1010000"],"visuals":{"large":"https:\/\/images.epagine.fr\/882\/9782377010882_1_75.jpg","medium":"https:\/\/images.epagine.fr\/882\/9782377010882_1_m.jpg","thumbnail":"https:\/\/images.epagine.fr\/882\/9782377010882_1_v.jpg"},"orderable":true,"show_badge":true,"formatted_price":"15,00&nbsp;\u20ac","formatted_published_date":"20 mai 2021","publisher_availability_label":"Sur commande","short_details":"Jean-Max M\u00e9jean \u2014 Hemispheres","translator":null,"weight":234,"page_count":128,"readership":null,"editor":"Hemispheres","price":1500,"published_date":"2021-05-19T22:00:00.000000Z","support":"Grand format","publisher_availability":1,"stock":0,"editions":[],"url":"https:\/\/quaidesbrumes.com\/ouvrage\/9782377010882\/depardieu-a-cinecitta-roman"},{"id":"9782377011858","title":"Le barbier : et autres nouvelles","description":"Ignor\u00e9e en Europe, l'oeuvre du feuilletoniste, nouvelliste, dramaturge et homme de presse Jelil Memmedguluzadeh (1866-1932) a inspir\u00e9, depuis le d\u00e9but du XXe si\u00e8cle, des g\u00e9n\u00e9rations d'\u00e9crivains et d'intellectuels du Caucase et alentour. Son journal satirique illustr\u00e9 Molla Nasreddin, imprim\u00e9 \u00e0 Tiflis (actuelle Tbilissi) \u00e0 partir de 1907, fut lu dans tous les suds de l'Empire russe, ainsi que dans l'Empire ottoman et la Perse des Qadjar. Nourries aux sources du conte persan et t\u00fcrk, inspir\u00e9es par Tchekhov et Andre\u00efev, les nouvelles que Memmedguluzadeh y fit para\u00eetre sous divers pseudonymes dressent le portrait ironique et tendre d'une soci\u00e9t\u00e9 coloniale expos\u00e9es \u00e0 toutes formes de violence. Illustr\u00e9es par les vignettes du graphiste orientaliste g\u00e9orgien Oscar Schmerling (1863-1938), elles moquent le conservatisme d'une soci\u00e9t\u00e9 agraire et commer\u00e7ante, pointent les ressorts des sanglantes confrontations entre Azerba\u00efdjanais et Arm\u00e9niens, tout en esquissant les voies d'une r\u00e9forme et d'une modernisation sociales et politiques - avec un int\u00e9r\u00eat particulier pour le sort fait aux femmes.","authors":["Jalil Memmedguluzadeh"],"category_codes":["1000000","1010000","1010100"],"visuals":{"large":"https:\/\/images.epagine.fr\/858\/9782377011858_1_75.jpg","medium":"https:\/\/images.epagine.fr\/858\/9782377011858_1_m.jpg","thumbnail":"https:\/\/images.epagine.fr\/858\/9782377011858_1_v.jpg"},"orderable":true,"show_badge":true,"formatted_price":"15,00&nbsp;\u20ac","formatted_published_date":"7 mars 2024","publisher_availability_label":"Sur commande","short_details":"Jalil Memmedguluzadeh \u2014 Hemispheres","translator":null,"weight":225,"page_count":176,"readership":null,"editor":"Hemispheres","price":1500,"published_date":"2024-03-06T23:00:00.000000Z","support":"Grand format","publisher_availability":1,"stock":0,"editions":[],"url":"https:\/\/quaidesbrumes.com\/ouvrage\/9782377011858\/le-barbier-et-autres-nouvelles"},{"id":"9782917645253","title":"Du ciel au sertao : une escale au bresil","description":null,"authors":["Lassalle Francoise"],"category_codes":["1000000","1010000"],"visuals":{"large":"https:\/\/quaidesbrumes.com\/img\/book-placeholder.png","medium":"https:\/\/quaidesbrumes.com\/img\/book-placeholder.png","thumbnail":"https:\/\/quaidesbrumes.com\/img\/book-placeholder.png"},"orderable":true,"show_badge":true,"formatted_price":"16,00&nbsp;\u20ac","formatted_published_date":"25 avril 2013","publisher_availability_label":"Sur commande","short_details":"Lassalle Francoise \u2014 Raison Et Passions","translator":null,"weight":400,"page_count":null,"readership":null,"editor":"Raison Et Passions","price":1600,"published_date":"2013-04-24T22:00:00.000000Z","support":"Grand format","publisher_availability":1,"stock":0,"editions":[],"url":"https:\/\/quaidesbrumes.com\/ouvrage\/9782917645253\/du-ciel-au-sertao-une-escale-au-bresil"},{"id":"9782923550206","title":"Les carnets de Douglas","description":null,"authors":["Christine Eddie"],"category_codes":["1000000","1010000"],"visuals":{"large":"https:\/\/images.epagine.fr\/206\/9782923550206_1_75.jpg","medium":"https:\/\/images.epagine.fr\/206\/9782923550206_1_m.jpg","thumbnail":"https:\/\/images.epagine.fr\/206\/9782923550206_1_v.jpg"},"orderable":true,"show_badge":true,"formatted_price":"17,00&nbsp;\u20ac","formatted_published_date":"13 janvier 2009","publisher_availability_label":"Sur commande","short_details":"Christine Eddie \u2014 Alto Voce","translator":null,"weight":401,"page_count":null,"readership":null,"editor":"Alto Voce","price":1700,"published_date":"2009-01-12T23:00:00.000000Z","support":"Poche","publisher_availability":1,"stock":0,"editions":[],"url":"https:\/\/quaidesbrumes.com\/ouvrage\/9782923550206\/les-carnets-de-douglas"},{"id":"9782253176411","title":"Les autos tamponneuses","description":"\u00ab Pour nous, le mariage a toujours ressembl\u00e9 \u00e0 un tour d&rsquo;autos tamponneuses : c&rsquo;est inconfortable, on prend des coups, on en donne, on tourne en rond, on ne va nulle part mais, au moins, on n&rsquo;est pas seul. \u00bb Lorsque Pierre veut prendre sa retraite pour passer le reste de sa vie aupr\u00e8s de sa femme dans leur belle maison du golfe du Morbihan, H\u00e9l\u00e8ne ne l&rsquo;accepte pas. Elle ne tient pas \u00e0 d\u00e9couvrir un vieux mari en l&rsquo;homme qu&rsquo;elle aime depuis toujours. Une nouvelle vie commence. Tout est \u00e0 r\u00e9inventer.\r\n\r\nApr\u00e8s Ch\u00e2teau Bougon, St\u00e9phane Hoffmann poursuit avec brio la plus pessimiste et la plus gaie des oeuvres romanesques, en observateur toujours inattendu, f\u00e9roce et bienveillant, de nos moeurs contemporaines.\r","authors":["St\u00e9phane Hoffmann"],"category_codes":["1000000","1010000"],"visuals":{"large":"https:\/\/images.epagine.fr\/411\/9782253176411_1_75.jpg","medium":"https:\/\/images.epagine.fr\/411\/9782253176411_1_m.jpg","thumbnail":"https:\/\/images.epagine.fr\/411\/9782253176411_1_v.jpg"},"orderable":true,"show_badge":true,"formatted_price":"6,60&nbsp;\u20ac","formatted_published_date":"29 mai 2013","publisher_availability_label":"Sur commande","short_details":"St\u00e9phane Hoffmann \u2014 Le Livre de Poche","translator":null,"weight":134,"page_count":216,"readership":null,"editor":"Le Livre de Poche","price":660,"published_date":"2013-05-28T22:00:00.000000Z","support":"Poche","publisher_availability":1,"stock":0,"editions":["9782226229724"],"url":"https:\/\/quaidesbrumes.com\/ouvrage\/9782253176411\/les-autos-tamponneuses"},{"id":"9782070133666","title":"L'\u00e9pouse am\u00e9ricaine","description":"Assistant dans une universit\u00e9 du Connecticut, Edoardo tombe amoureux d'Edith, jeune et belle serveuse d'origine tch\u00e9coslovaque, qui le s\u00e9duit par sa simplicit\u00e9 et son cynisme. Leur liaison est tumultueuse, et quand il lui demande sa main un an apr\u00e8s son retour \u00e0 Milan, il est surpris de la voir accepter. Le jour de leur mariage, en Italie, il fait la connaissance d'Anna, la meilleure amie d'Edith, qui vient d'\u00e9pouser Vaclav, fr\u00e8re de la premi\u00e8re et marin. C'est le coup de foudre. Les deux couples partent ensemble en voyage de noces \u00e0 Venise avant de regagner s\u00e9par\u00e9ment les Etats-Unis, les uns \u00e0 New York, les autres \u00e0 Berkeley, o\u00f9 Edoardo va enseigner. Quelques mois plus tard, Anna, dont le mariage a \u00e9chou\u00e9 (elle a d\u00e9couvert que Vaclav est l'amant d'un officier), devient la ma\u00eetresse d'Edoardo, qui se retrouve ainsi au centre d'un triangle amoureux. Incapable de choisir entre son amour pour sa femme et la passion charnelle que lui inspire Anna, il se laisse peu \u00e0 peu d\u00e9passer par la situation. C'est alors qu'il apprend qu'Edith est atteinte d'une maladie incurable.\r\nDans ce court roman \u00e0 l'\u00e9criture limpide et \u00e0 la structure impeccable (l'action d\u00e9bute le jour du mariage d'Edoardo et proc\u00e8de, dans la premi\u00e8re moiti\u00e9, par flash-back), Soldati explore une fois encore les liens de l'amour et de l'adult\u00e8re en oscillant entre sensualit\u00e9 et moralisme.\r","authors":["Mario Soldati","Nathalie Bauer"],"category_codes":["1000000","1010000"],"visuals":{"large":"https:\/\/images.epagine.fr\/666\/9782070133666_1_75.jpg","medium":"https:\/\/images.epagine.fr\/666\/9782070133666_1_m.jpg","thumbnail":"https:\/\/images.epagine.fr\/666\/9782070133666_1_v.jpg"},"orderable":true,"show_badge":true,"formatted_price":"21,30&nbsp;\u20ac","formatted_published_date":"20 mai 2011","publisher_availability_label":"Sur commande","short_details":"Mario Soldati, Nathalie Bauer \u2014 Gallimard","translator":"NATHALIE BAUER","weight":237,"page_count":168,"readership":null,"editor":"Gallimard","price":2130,"published_date":"2011-05-19T22:00:00.000000Z","support":"Grand format","publisher_availability":1,"stock":0,"editions":[],"url":"https:\/\/quaidesbrumes.com\/ouvrage\/9782070133666\/lepouse-americaine"},{"id":"9782207182949","title":"Le Corps","description":"Voyage dans un Bucarest tant\u00f4t r\u00e9el tant\u00f4t imaginaire, Le Corps d\u00e9roule une spirale de souvenirs, de visions et de r\u00eaves \u00e9veill\u00e9s. Dans un livre-kal\u00e9idoscope o\u00f9 la ville, la m\u00e9moire et le corps du narrateur ne font plus qu'un, Mircea Cartarescu d\u00e9ploie une fresque historique qui s'assemble par fragments. C'est d'abord l'histoire de Vassili, l'enfant sans ombre qui devient capitaine des pompiers dans le Bucarest pittoresque de la fin du XIXe si\u00e8cle. Puis, dans le carcan de cauchemar de la Roumanie des ann\u00e9es 1950 et 1960, l'enfance du narrateur lui-m\u00eame, o\u00f9 le r\u00eave fa\u00e7onne enti\u00e8rement une r\u00e9alit\u00e9 devenue monstrueuse. Livre-carrefour de l'oeuvre de Cartarescu, que beaucoup comparent aujourd'hui \u00e0 Borges, Le Corps transforme le regard de l'enfance en prisme po\u00e9tique et fantastique qui capte l'histoire de la Roumanie en une s\u00e9rie de fulgurantes apparitions. Cette nouvelle traduction du Corps est le deuxi\u00e8me volume de la trilogie \u00abOrbitor\u00bb, initialement publi\u00e9e entre 1999 et 2009.","authors":["Mirc\u00e9a Cartarescu","Laure Hinckel"],"category_codes":["1000000","1010000"],"visuals":{"large":"https:\/\/images.epagine.fr\/949\/9782207182949_1_75.jpg","medium":"https:\/\/images.epagine.fr\/949\/9782207182949_1_m.jpg","thumbnail":"https:\/\/images.epagine.fr\/949\/9782207182949_1_v.jpg"},"orderable":false,"show_badge":true,"formatted_price":"27,00&nbsp;\u20ac","formatted_published_date":"6 mai 2026","publisher_availability_label":"\u00c0 para\u00eetre","short_details":"Mirc\u00e9a Cartarescu, Laure Hinckel \u2014 \u00c9ditions Deno\u00ebl","translator":"LAURE HINCKEL","weight":666,"page_count":688,"readership":null,"editor":"\u00c9ditions Deno\u00ebl","price":2700,"published_date":"2026-05-05T22:00:00.000000Z","support":"Grand format","publisher_availability":2,"stock":0,"editions":[],"url":"https:\/\/quaidesbrumes.com\/ouvrage\/9782207182949\/le-corps"},{"id":"9782207183557","title":"L'aile droite","description":"Premier grand roman sur la r\u00e9volution roumaine de 1989, L'Aile droite est une oeuvre monstre, incandescente, merveilleusement servie par la richesse de la langue et la ma\u00eetrise du style de Mircea Cartarescu. Parachevant la trilogie entam\u00e9e quinze ans plus t\u00f4t avec L'Aile gauche, le r\u00e9cit entrem\u00eale diff\u00e9rents fils narratifs et espaces-temps, cr\u00e9ant ainsi un livre-monde \u00e0 la crois\u00e9e de tous les grands mouvements litt\u00e9raires contemporains. Si la chronique toute joycienne des derniers jours du r\u00e9gime communiste scande le texte, ce sont aussi et surtout les d\u00e9dales intimes de la psych\u00e9 du narrateur qui donnent toute sa chair \u00e0 ce roman total. Qu\u00eate hallucin\u00e9e du double - Victor, le jumeau perdu -, et du pass\u00e9 de sa famille et de son quartier, dissection sauvage et mystique de la petite enfance, voyage onirique dans le labyrinthe de la g\u00e9n\u00e9alogie familiale, tout converge et tout s'ach\u00e8ve ici, en une compl\u00e9tude aussi fugace que le battement d'aile d'un papillon, animal embl\u00e9matique de l'oeuvre de Cartarescu. L'Aile droite est le dernier volume de la trilogie \u00abOrbitor\u00bb.","authors":["Mirc\u00e9a Cartarescu","Laure Hinckel"],"category_codes":["1000000","1010000"],"visuals":{"large":"https:\/\/images.epagine.fr\/557\/9782207183557_1_75.jpg","medium":"https:\/\/images.epagine.fr\/557\/9782207183557_1_m.jpg","thumbnail":"https:\/\/images.epagine.fr\/557\/9782207183557_1_v.jpg"},"orderable":false,"show_badge":true,"formatted_price":"27,00&nbsp;\u20ac","formatted_published_date":"6 mai 2026","publisher_availability_label":"\u00c0 para\u00eetre","short_details":"Mirc\u00e9a Cartarescu, Laure Hinckel \u2014 \u00c9ditions Deno\u00ebl","translator":"LAURE HINCKEL","weight":708,"page_count":736,"readership":null,"editor":"\u00c9ditions Deno\u00ebl","price":2700,"published_date":"2026-05-05T22:00:00.000000Z","support":"Grand format","publisher_availability":2,"stock":0,"editions":[],"url":"https:\/\/quaidesbrumes.com\/ouvrage\/9782207183557\/laile-droite"},{"id":"9782952760416","title":"Les carcasses","description":"Est-ce que tout finit quand on meurt ? Non ! Trop vide, trop triste pour le grand fabulateur Federman qui, sans donner dans la \" m\u00e9ta-pata-physique \", invente un syst\u00e8me tr\u00e8s organis\u00e9 - quoique exub\u00e9rant - de transmutation : les \u00eatres vivants sont des carcasses circulant sans cesse de la vie \u00e0 la mort - et vice versa -, se transmutant ind\u00e9finiment en humains, animaux, plantes ou objets divers.\r\nS'ensuivent des aventures cocasses et rocambolesques nous permettant d'observer les r\u00e9voltes qui agitent la zone des carcasses - con\u00e7ue comme une sorte de purgatoire-entrep\u00f4t - mais aussi de suivre la destin\u00e9e de carcasses historiques ou particuli\u00e8rement malchanceuses en mati\u00e8re de transmutation... Livre impertinent entre fable et science-fiction, Les Carcasses est \u00e0 la fois une ode \u00e0 la vie teint\u00e9e de burlesque et un livre profond, intens\u00e9ment federmanien.\r","authors":["Raymond Federman"],"category_codes":["1000000","1010000"],"visuals":{"large":"https:\/\/images.epagine.fr\/416\/9782952760416_1_75.jpg","medium":"https:\/\/images.epagine.fr\/416\/9782952760416_1_m.jpg","thumbnail":"https:\/\/images.epagine.fr\/416\/9782952760416_1_v.jpg"},"orderable":true,"show_badge":true,"formatted_price":"6,00&nbsp;\u20ac","formatted_published_date":"2 janvier 2007","publisher_availability_label":"Sur commande","short_details":"Raymond Federman \u2014 Librairie Olympique","translator":null,"weight":45,"page_count":null,"readership":null,"editor":"Librairie Olympique","price":600,"published_date":"2007-01-01T23:00:00.000000Z","support":"Grand format","publisher_availability":1,"stock":0,"editions":[],"url":"https:\/\/quaidesbrumes.com\/ouvrage\/9782952760416\/les-carcasses"},{"id":"9782213661452","title":"C'\u00e9tait Catherine B.","description":"\u00ab Catherine Binet est l'h\u00e9ro\u00efne de ce portrait. Elle \u00e9tait la compagne de Georges Perec. \u00ab Elle fut une de mes plus ch\u00e8res amies. \u00ab Sa destin\u00e9e chaotique, faite de cr\u00e9ativit\u00e9s avort\u00e9es, d'humiliations au quotidien, mais aussi de r\u00e9ussites artistiques majeures, est exemplaire \u00ab Aujourd'hui, je veux raconter nos combats, notre complicit\u00e9, nos chagrins et nos joies. \u00ab Marina Vlady \u00bb Ce bouleversant r\u00e9cit \u00e9voque ces deux destins de femmes entrelac\u00e9s dans les malheurs mais aussi dans les joies, jusqu'\u00e0 la mort de l'une d'elles, Catherine, dont Marina Vlady compose ici le \u00ab tombeau \u00bb, comme on disait \u00e0 l'\u00e9poque classique, st\u00e8le litt\u00e9raire non seulement \u00e0 une amie disparue, mais \u00e0 une part de soi en all\u00e9e avec elle.","authors":["Marina Vlady"],"category_codes":["1000000","1010000"],"visuals":{"large":"https:\/\/images.epagine.fr\/452\/9782213661452_1_75.jpg","medium":"https:\/\/images.epagine.fr\/452\/9782213661452_1_m.jpg","thumbnail":"https:\/\/images.epagine.fr\/452\/9782213661452_1_v.jpg"},"orderable":true,"show_badge":true,"formatted_price":"17,00&nbsp;\u20ac","formatted_published_date":"8 mai 2013","publisher_availability_label":"Sur commande","short_details":"Marina Vlady \u2014 Fayard","translator":null,"weight":184,"page_count":128,"readership":null,"editor":"Fayard","price":1700,"published_date":"2013-05-07T22:00:00.000000Z","support":"Grand format","publisher_availability":1,"stock":0,"editions":[],"url":"https:\/\/quaidesbrumes.com\/ouvrage\/9782213661452\/cetait-catherine-b"},{"id":"9782357070233","title":"Anamoureux pr\u00e9parturient","description":"Dans ce nouvel opus, A. Turgeon livre deux myst\u00e9rieux n\u00e9ologismes, les anamoureux pr\u00e9parturients.\r","authors":["Alain Turgeon"],"category_codes":["1000000","1010000"],"visuals":{"large":"https:\/\/images.epagine.fr\/233\/9782357070233_1_75.jpg","medium":"https:\/\/images.epagine.fr\/233\/9782357070233_1_m.jpg","thumbnail":"https:\/\/images.epagine.fr\/233\/9782357070233_1_v.jpg"},"orderable":true,"show_badge":true,"formatted_price":"17,20&nbsp;\u20ac","formatted_published_date":"18 ao\u00fbt 2011","publisher_availability_label":"Sur commande","short_details":"Alain Turgeon \u2014 La Fosse aux Ours","translator":null,"weight":223,"page_count":185,"readership":null,"editor":"La Fosse aux Ours","price":1720,"published_date":"2011-08-17T22:00:00.000000Z","support":"Grand format","publisher_availability":1,"stock":0,"editions":[],"url":"https:\/\/quaidesbrumes.com\/ouvrage\/9782357070233\/anamoureux-preparturient"},{"id":"9782811234355","title":"Le joueur de billes","description":"Et si vous n'aviez qu'une journ\u00e9e pour d\u00e9couvrir qui vous \u00eates vraiment ? Lorsque Sabrina Boggs tombe par hasard sur une myst\u00e9rieuse collection de billes ayant appartenu \u00e0 son p\u00e8re, elle d\u00e9couvre soudain qu'elle ne sait rien de l'homme avec qui elle a grandi. Et cet homme dont la m\u00e9moire part \u00e0 la d\u00e9rive ne peut pas l'aider : il a lui-m\u00eame oubli\u00e9 qui il \u00e9tait. Sabrina ne dispose que de vingt-quatre heures pour d\u00e9terrer les secrets de ce p\u00e8re qu'elle croyait conna\u00eetre. Une journ\u00e9e \u00e0 exhumer des souvenirs, des histoires et des gens dont elle ignorait l'existence. Cette journ\u00e9e va la changer, elle et les siens, \u00e0 jamais.\r","authors":["Cecelia Ahern","Fabienne Vidallet"],"category_codes":["1000000","1010000"],"visuals":{"large":"https:\/\/images.epagine.fr\/355\/9782811234355_1_75.jpg","medium":"https:\/\/images.epagine.fr\/355\/9782811234355_1_m.jpg","thumbnail":"https:\/\/images.epagine.fr\/355\/9782811234355_1_v.jpg"},"orderable":true,"show_badge":true,"formatted_price":"7,90&nbsp;\u20ac","formatted_published_date":"14 novembre 2018","publisher_availability_label":"Sur commande","short_details":"Cecelia Ahern, Fabienne Vidallet \u2014 Milady","translator":"FABIENNE VIDALLET","weight":206,"page_count":379,"readership":null,"editor":"Milady","price":790,"published_date":"2018-11-13T23:00:00.000000Z","support":"Poche","publisher_availability":1,"stock":0,"editions":[],"url":"https:\/\/quaidesbrumes.com\/ouvrage\/9782811234355\/le-joueur-de-billes"},{"id":"9782375025475","title":"Faim de loup - Chants de l'Arctique - Tome 3","description":"Une m\u00e8re pr\u00eate \u00e0 tout pour sauver les siens dans un hiver sans merci.\r\n1860. La famine fait rage en Finlande. Brita Caisa s'enfonce avec les siens dans la for\u00eat enneig\u00e9e et trouve refuge dans une hutte loin de tout o\u00f9 elle met au monde une petite fille.\r\nCette ann\u00e9e-l\u00e0, il neige en \u00e9t\u00e9, les r\u00e9coltes pourrissent dans les champs, les loups r\u00f4dent. Sans ressources, Brita Caisa lutte de toutes ses forces pour la survie du clan familial, arrachant \u00e0 mains nues l'\u00e9corce des arbres pour nourrir ses enfants qui n'ont plus que la peau sur les os. Jour apr\u00e8s jour, Mikko part chasser, mais ses pi\u00e8ges restent d\u00e9sesp\u00e9r\u00e9ment vides. Doivent-ils quitter la for\u00eat pour avoir une chance de survivre ou rester pour y mourir ensemble ?\r\nDans un style d\u00e9pouill\u00e9, ce roman poignant c\u00e9l\u00e8bre le courage d'une femme qui ne renonce devant rien.\r\n\" Avec la puissance \u00e9vocatrice qu'on lui conna\u00eet, Ingeborg Arvola nous entra\u00eene aux extr\u00eames limites de l'existence. Cette trilogie magistrale s'ach\u00e8ve comme toutes les grandes histoires d'amour : tragiquement. \" - Dagsavisen\r\n\" Ce dernier opus est un formidable roman de survie. \" - Dag og tid\r\nPremier tome de la trilogie r\u00e9compens\u00e9 par le Prix Brage","authors":["Ingeborg Arvola","H\u00e9l\u00e8ne Hervieu"],"category_codes":["1000000","1010000"],"visuals":{"large":"https:\/\/images.epagine.fr\/475\/9782375025475_1_75.jpg","medium":"https:\/\/images.epagine.fr\/475\/9782375025475_1_m.jpg","thumbnail":"https:\/\/images.epagine.fr\/475\/9782375025475_1_v.jpg"},"orderable":false,"show_badge":true,"formatted_price":"22,00&nbsp;\u20ac","formatted_published_date":"7 mai 2026","publisher_availability_label":"\u00c0 para\u00eetre","short_details":"Ingeborg Arvola, H\u00e9l\u00e8ne Hervieu \u2014 \u00c9ditions Paulsen","translator":"HELENE HERVIEU","weight":384,"page_count":350,"readership":null,"editor":"\u00c9ditions Paulsen","price":2200,"published_date":"2026-05-06T22:00:00.000000Z","support":"Grand format","publisher_availability":2,"stock":0,"editions":[],"url":"https:\/\/quaidesbrumes.com\/ouvrage\/9782375025475\/faim-de-loup-chants-de-larctique-tome-3"},{"id":"9782375025666","title":"Sans rivage - Chant de l'Arctique - Tome 2","description":"Un nouveau d\u00e9part aux confins de l'Arctique parmi les chasseurs de baleine.\r\nNorv\u00e8ge, 1862.\r\nBrita Caisa est condamn\u00e9e \u00e0 quarante jours de prison, au pain sec et \u00e0 l'eau, pour relation adult\u00e8re. L'homme qu'elle aime est derri\u00e8re les barreaux, lui aussi, et il ignore qu'elle porte leur enfant. Lorsqu'elle est lib\u00e9r\u00e9e, Brita Caisa se rend \u00e0 Pykeij\u00e4, dans l'archipel des Lofoten, en pleine temp\u00eate de neige.\r\nEntre fjords et p\u00e2turages se nichent des villages de p\u00eacheurs. Dans ce haut lieu de la chasse \u00e0 la baleine, Brita Caisa esp\u00e8re un nouveau d\u00e9part. Quand Mikko sortira de prison, elle n'en doute pas, il leur construira une cabane en rondins. Elle semble oublier qu'il est toujours mari\u00e9 \u00e0 une autre.\r\nEntre saison de p\u00eache et sauna, jalousie mortelle et grand amour, ce deuxi\u00e8me tome de la saga nous entra\u00eene sur des flots tourment\u00e9s.","authors":["Ingeborg Arvola","H\u00e9l\u00e8ne Hervieu"],"category_codes":["1000000","1010000"],"visuals":{"large":"https:\/\/images.epagine.fr\/666\/9782375025666_1_75.jpg","medium":"https:\/\/images.epagine.fr\/666\/9782375025666_1_m.jpg","thumbnail":"https:\/\/images.epagine.fr\/666\/9782375025666_1_v.jpg"},"orderable":false,"show_badge":true,"formatted_price":"12,40&nbsp;\u20ac","formatted_published_date":"7 mai 2026","publisher_availability_label":"\u00c0 para\u00eetre","short_details":"Ingeborg Arvola, H\u00e9l\u00e8ne Hervieu \u2014 \u00c9ditions Paulsen","translator":"HELENE HERVIEU","weight":274,"page_count":560,"readership":null,"editor":"\u00c9ditions Paulsen","price":1240,"published_date":"2026-05-06T22:00:00.000000Z","support":"Poche","publisher_availability":2,"stock":0,"editions":[],"url":"https:\/\/quaidesbrumes.com\/ouvrage\/9782375025666\/sans-rivage-chant-de-larctique-tome-2"},{"id":"9782343048796","title":"Bouquet de bruy\u00e8re","description":"Un soir d'\u00e9t\u00e9 dans les C\u00e9vennes ard\u00e9choises, sauvages et tranquilles, deux randonneurs ne finiront pas leur nuit sur la plage d'une rivi\u00e8re sous le vieux Pont de la Brousse. Le meurtre et le viol l'abr\u00e8geront trop vite. Mais il y a un t\u00e9moin. Qui ne parlera pas, mais avouera \u00e0 un confident les raisons intimes de son silence. Ce sera son tour de porter le secret, d'en subir les tourments, pris dans les nasses de son ind\u00e9cision. Un roman sur le silence, la justice o\u00f9 se croisent les v\u00e9rit\u00e9s humaines de personnages simples \u00e0 la part d'humanit\u00e9 complexe.\r","authors":["Alain Parodi"],"category_codes":["1000000","1010000"],"visuals":{"large":"https:\/\/images.epagine.fr\/796\/9782343048796_1_75.jpg","medium":"https:\/\/images.epagine.fr\/796\/9782343048796_1_m.jpg","thumbnail":"https:\/\/images.epagine.fr\/796\/9782343048796_1_v.jpg"},"orderable":true,"show_badge":true,"formatted_price":"22,00&nbsp;\u20ac","formatted_published_date":"20 avril 2015","publisher_availability_label":"Sur commande","short_details":"Alain Parodi \u2014 \u00c9ditions L'Harmattan","translator":null,"weight":330,"page_count":210,"readership":null,"editor":"\u00c9ditions L'Harmattan","price":2200,"published_date":"2015-04-19T22:00:00.000000Z","support":"Grand format","publisher_availability":1,"stock":0,"editions":[],"url":"https:\/\/quaidesbrumes.com\/ouvrage\/9782343048796\/bouquet-de-bruyere"},{"id":"9782844854001","title":"Passer la nuit","description":"Partition musicale d'une d\u00e9rive, la narratrice se heurte au vide d'une journ\u00e9e qui commence. Elle diss\u00e8que l'\u00e9tat d\u00e9pressif, son m\u00e9canisme, les sentiments qu'il provoque. La narratrice installe des cadres : pr\u00e9parer le caf\u00e9, tenter d'avaler quelque chose, regarder par la fen\u00eatre, se doucher.\r\nUn cercle d'\u00e9v\u00e9nements in\u00e9luctablement r\u00e9p\u00e9t\u00e9s se met en place. Parfois, il faut sortir. Or, la volont\u00e9 de s'extraire de la solitude l'y confronte plus encore.\r\nUne sensation accrue du corps se d\u00e9veloppe, dans toute sa mat\u00e9rialit\u00e9. Une violente sinc\u00e9rit\u00e9 resurgit face \u00e0 la difficult\u00e9 d'\u00eatre normale. L'auteur parvient \u00e0 installer sa narratrice dans la sph\u00e8re de la haute lucidit\u00e9, celle qui permet de voir dans le vide de l'existence une vie, en soi.\r","authors":["Marina de Van"],"category_codes":["1000000","1010000"],"visuals":{"large":"https:\/\/images.epagine.fr\/001\/9782844854001_1_75.jpg","medium":"https:\/\/images.epagine.fr\/001\/9782844854001_1_m.jpg","thumbnail":"https:\/\/images.epagine.fr\/001\/9782844854001_1_v.jpg"},"orderable":true,"show_badge":true,"formatted_price":"9,20&nbsp;\u20ac","formatted_published_date":"18 ao\u00fbt 2011","publisher_availability_label":"Sur commande","short_details":"Marina de Van \u2014 \u00c9ditions Allia","translator":null,"weight":158,"page_count":144,"readership":null,"editor":"\u00c9ditions Allia","price":920,"published_date":"2011-08-17T22:00:00.000000Z","support":"Grand format","publisher_availability":1,"stock":0,"editions":[],"url":"https:\/\/quaidesbrumes.com\/ouvrage\/9782844854001\/passer-la-nuit"},{"id":"9782213622651","title":"Horowitz et mon p\u00e8re","description":"Mon p\u00e8re se battait en duel au piano avec Horowitz. C?\u00e9tait il y a longtemps. Avant la r\u00e9volution d?Octobre et la d\u00e9faite de l?arm\u00e9e blanche, avant l?exil \u00e0 Montrouge, avant qu?il entre au service galvanoplastie des usines Path\u00e9 Marconi pour nous faire vivre ma m\u00e8re et moi. A pr\u00e9sent, mon p\u00e8re a baiss\u00e9 sa garde. Alors, avant qu?il ne soit trop tard, j?ai d\u00e9cid\u00e9 de l?emmener \u00e0 New York. A Carnegie Hall. Ecouter Horowitz une derni\u00e8re fois. Mais je ne sais pas ce qui nous attend?","authors":["Alexis Salatko"],"category_codes":["1000000","1010000"],"visuals":{"large":"https:\/\/images.epagine.fr\/651\/9782213622651_1_75.jpg","medium":"https:\/\/images.epagine.fr\/651\/9782213622651_1_m.jpg","thumbnail":"https:\/\/images.epagine.fr\/651\/9782213622651_1_v.jpg"},"orderable":true,"show_badge":true,"formatted_price":"15,30&nbsp;\u20ac","formatted_published_date":"4 janvier 2006","publisher_availability_label":"Sur commande","short_details":"Alexis Salatko \u2014 Fayard","translator":null,"weight":205,"page_count":187,"readership":null,"editor":"Fayard","price":1530,"published_date":"2006-01-03T23:00:00.000000Z","support":"Grand format","publisher_availability":1,"stock":0,"editions":[],"url":"https:\/\/quaidesbrumes.com\/ouvrage\/9782213622651\/horowitz-et-mon-pere"},{"id":"9782896981793","title":"Numero six","description":"C'est l'histoire d'un personnage portant le num\u00e9ro six dans le hockey mineur. L'histoire tr\u00e8s simple de son apprentissage, alors qu'il \u00e9volue dans les cat\u00e9gories atome, moustique, pee-wee, bantam, midget, de six \u00e0 seize ans \u00e0 peu pr\u00e8s. Je connais tr\u00e8s bien cette histoire. Tout le monde conna\u00eet tr\u00e8s bien cette histoire. C'est l\u00e0 que l'\u00e9criture commence: dans le rendre \u00e9tranger des choses famili\u00e8res.\r\n\r\nOn voit le num\u00e9ro six apprendre \u00e0 patiner dans le parc paroissial. On le voit dans les ligues organis\u00e9es, on le voit dans une \u00e9cole de hockey, il travaille fort pour gagner une place parmi les meilleurs. On le voit au sein de l'\u00e9quipe l\u00e9gendaire de la ville, il passe pr\u00e8s d'un triomphe. On voit la rivalit\u00e9 entre membres de la m\u00eame \u00e9quipe pour une fille puis on voit le num\u00e9ro six fr\u00e9quenter celle qu'il appellera son Anglaise.\r\n\r\nOn pourrait penser qu'il s'agit d'un r\u00e9cit de formation. Oui. Mais il s'agit surtout d'un r\u00e9cit de d\u00e9formation. Sur le mode comique, le num\u00e9ro six fait l'apprentissage de la vie; au bout, il en ressort d\u00e9fait. Telle est la le\u00e7on du num\u00e9ro six.\r","authors":["Herv\u00e9 Bouchard"],"category_codes":["1000000","1010000"],"visuals":{"large":"https:\/\/images.epagine.fr\/793\/9782896981793_1_75.jpg","medium":"https:\/\/images.epagine.fr\/793\/9782896981793_1_m.jpg","thumbnail":"https:\/\/images.epagine.fr\/793\/9782896981793_1_v.jpg"},"orderable":true,"show_badge":true,"formatted_price":"18,00&nbsp;\u20ac","formatted_published_date":"16 septembre 2014","publisher_availability_label":"Sur commande","short_details":"Herv\u00e9 Bouchard \u2014 LE QUARTANIER","translator":null,"weight":200,"page_count":null,"readership":null,"editor":"LE QUARTANIER","price":1800,"published_date":"2014-09-15T22:00:00.000000Z","support":"Grand format","publisher_availability":1,"stock":0,"editions":[],"url":"https:\/\/quaidesbrumes.com\/ouvrage\/9782896981793\/numero-six"}]}