{"data":[{"id":"9791091504430","title":"Enterr\u00e9 Vivant","description":"Buried alive date de 1908 et fut traduit rapidement en franc\u00b8ais. Adapte\u00b4 au cine\u00b4ma en 1944 par John M.Stahl sous le titre Holy Matrimony, il reste un des meilleurs livres de l'e\u00b4crivain anglais dans sa veine le\u00b4ge`re, loin donc des romans sociaux qui firent sa gloire. Derrie`re ce titre qui pourrait faire frissonner se cache une histoire qui me^le satire, notamment sur le milieu de l'art, et fine romance. Le he\u00b4ros du livre Priam Farll est un peintre de ge\u00b4nie solitaire qui a choisi de fuir la gloire, laissant bien malgre\u00b4 lui s'installer sa le\u00b4gende. La mort inopine\u00b4e de son majordome l'incite a` faire passer le cadavre de l'homme pour le sien et a` reve^tir la de\u00b4froque d'un homme dont il ne savait presque rien. Entre les fune\u00b4railles grandioses avec l'emballement de sa renomme\u00b4e posthume et sa de\u00b4couverte d'un milieu qui n'e\u00b4tait pas le sien, le jeune cinquantenaire (\u00abl'a^ge le plus romanesque et le plus tendre de tous les a^ges pour un homme\u00bb), pluto^t ignare dans le domaine des sentiments, va devoir se rendre au rendez-vous galant de son domestique et en assumer les conse\u00b4quences... \r\nOn associe souvent le nom d'Arnold Bennett a` la province qui le vit nai^tre en 1867, le Staffordshire, et a` ce lieu ou` se distingua la ce\u00b4ramique anglaise, les Potteries, de\u00b4cors de ses textes les plus connus. Il y passa une triste jeunesse avant de gagner Londres ou` il devint journaliste, essayiste et critique puis romancier et auteur dramatiques a` succe`s. C'est a` Paris qu'il re\u00b4digea les oeuvres qui firent sa gloire avant de retourner en Angleterre. Il mourut en 1931.\r","authors":["Arnold Bennett","Jean Magdalen"],"category_codes":["1000000","1010000"],"visuals":{"large":"https:\/\/images.epagine.fr\/430\/9791091504430_1_75.jpg","medium":"https:\/\/images.epagine.fr\/430\/9791091504430_1_m.jpg","thumbnail":"https:\/\/images.epagine.fr\/430\/9791091504430_1_v.jpg"},"orderable":true,"show_badge":true,"formatted_price":"7,50&nbsp;\u20ac","formatted_published_date":"19 avril 2016","publisher_availability_label":"Sur commande","short_details":"Arnold Bennett, Jean Magdalen \u2014 \u00c9ditions de l'Arbre vengeur","translator":"JEAN MAGDALEN","weight":250,"page_count":300,"readership":null,"editor":"\u00c9ditions de l'Arbre vengeur","price":750,"published_date":"2016-04-18T22:00:00.000000Z","support":"Grand format","publisher_availability":1,"stock":0,"editions":[],"url":"https:\/\/quaidesbrumes.com\/ouvrage\/9791091504430\/enterre-vivant"},{"id":"9782957391509","title":"Le ciel de lima","description":"Lima, 1904. Deux jeunes bourgeois \u00e9pris de litt\u00e9rature partagent la m\u00eame passion pour l'\u00e9crivain Juan Ram\u00f3n Jim\u00e9nez. Frustr\u00e9s de ne pouvoir se procurer le dernier recueil du c\u00e9l\u00e8bre po\u00e8te espagnol, ils se d\u00e9cident \u00e0 lui \u00e9crire en se faisant passer pour une admiratrice du nom de Georgina H\u00fcbner. D'un simple canular na\u00eetra une correspondance entre le futur prix Nobel de litt\u00e9rature et cette muse singuli\u00e8re. Histoire d'une vaste supercherie, entre fresque historique et fantaisie litt\u00e9raire. Inspir\u00e9 d'une anecdote r\u00e9elle, le roman de Juan G\u00f3mez B\u00e1rcena nous plonge dans le quotidien tumultueux de la capitale p\u00e9ruvienne alors marqu\u00e9e par la crise, les gr\u00e8ves prol\u00e9tariennes et la r\u00e9pression polici\u00e8re. Au milieu de ce chaos, deux apprentis po\u00e8tes en qu\u00eate de reconnaissance cherchent pourtant leurs mots... Un r\u00e9cit plein d'ironie dans lequel se dresse un subtil tableau de la soci\u00e9t\u00e9 lim\u00e9nienne du d\u00e9but du XXe si\u00e8cle.\r","authors":["Juan G\u00f3mez Barcena","Thomas Evellin"],"category_codes":["1000000","1010000"],"visuals":{"large":"https:\/\/images.epagine.fr\/509\/9782957391509_1_75.jpg","medium":"https:\/\/images.epagine.fr\/509\/9782957391509_1_m.jpg","thumbnail":"https:\/\/images.epagine.fr\/509\/9782957391509_1_v.jpg"},"orderable":true,"show_badge":true,"formatted_price":"17,00&nbsp;\u20ac","formatted_published_date":"16 ao\u00fbt 2020","publisher_availability_label":"Sur commande","short_details":"Juan G\u00f3mez Barcena, Thomas Evellin \u2014 Barometre Editions","translator":"THOMAS EVELLIN","weight":354,"page_count":334,"readership":null,"editor":"Barometre Editions","price":1700,"published_date":"2020-08-15T22:00:00.000000Z","support":"Grand format","publisher_availability":1,"stock":0,"editions":[],"url":"https:\/\/quaidesbrumes.com\/ouvrage\/9782957391509\/le-ciel-de-lima"},{"id":"9782878581270","title":"Benigna Machiavelli","description":"\u00ab De ses anc\u00eatres \u00e9cossais elle tient son pragmatisme, de sa grand-m\u00e8re paternelle, une Italienne p\u00e9tulante, elle a h\u00e9rit\u00e9 le nom et quel nom ! Pr\u00e9coce, Benigna constate que les h\u00e9ros des livres se reposent sur la Providence plut\u00f4t que d'user de leur cervelle. Les m\u00e9chants sont d\u00e9cid\u00e9ment bien plus passionnants... Aussi choisit-elle de devenir \u00ab un m\u00e9chant gentil \u00bb. Elle confie \u00e0 son journal ses plans pour briser la tyrannie de son p\u00e8re alcoolique et amener chaque membre de sa famille \u00e0 acqu\u00e9rir son ind\u00e9pendance. De la famille des \u00ab impertinentes \u00bb, elle poss\u00e8de la malice gourmande de Sophie, l'espi\u00e8glerie de Zazie.","authors":["Charlotte Perkins gilman","Pascale Voilley"],"category_codes":["1000000","1010000"],"visuals":{"large":"https:\/\/images.epagine.fr\/270\/9782878581270_1_75.jpg","medium":"https:\/\/images.epagine.fr\/270\/9782878581270_1_m.jpg","thumbnail":"https:\/\/images.epagine.fr\/270\/9782878581270_1_v.jpg"},"orderable":true,"show_badge":true,"formatted_price":"20,50&nbsp;\u20ac","formatted_published_date":"2 octobre 2000","publisher_availability_label":"Sur commande","short_details":"Charlotte Perkins gilman, Pascale Voilley \u2014 Viviane Hamy","translator":"PASCALE VOILLEY","weight":247,"page_count":208,"readership":null,"editor":"Viviane Hamy","price":2050,"published_date":"2000-10-01T22:00:00.000000Z","support":"Grand format","publisher_availability":1,"stock":0,"editions":[],"url":"https:\/\/quaidesbrumes.com\/ouvrage\/9782878581270\/benigna-machiavelli"},{"id":"9782824614786","title":"L'\u00e9trang\u00e8re de Grol\u00e9jac","description":"Lucile m\u00e8ne une vie tranquille \u00e0 Bordeaux. Jusqu'au jour o\u00f9 le d\u00e9c\u00e8s de sa m\u00e8re bouleverse tout. En triant des papiers, la jeune femme d\u00e9couvre une vieille photographie qu'elle n'a jamais vue, avec une mention manuscrite : \u00ab La famille de Grol\u00e9jac \u00bb.   S'agirait-il de parents \u00e9loign\u00e9s ? Pourquoi n'en a-t-elle jamais entendu parler ? Lucile d\u00e9cide de lever le voile sur la v\u00e9ritable histoire de sa famille. Une qu\u00eate qui la conduit dans le P\u00e9rigord, sur les traces d'un homme du village de Grol\u00e9jac parti comme militaire en Alg\u00e9rie, \u00e0 la fin du XIXe si\u00e8cle.  Avec passion, la jeune femme d\u00e9voile tout un pan de son histoire familiale, sans se douter qu'un terrible secret enfoui depuis des g\u00e9n\u00e9rations est pr\u00eat \u00e0 refaire surface...","authors":["Mireille Arpaillange"],"category_codes":["1000000","1010000"],"visuals":{"large":"https:\/\/images.epagine.fr\/786\/9782824614786_1_75.jpg","medium":"https:\/\/images.epagine.fr\/786\/9782824614786_1_m.jpg","thumbnail":"https:\/\/images.epagine.fr\/786\/9782824614786_1_v.jpg"},"orderable":true,"show_badge":true,"formatted_price":"17,90&nbsp;\u20ac","formatted_published_date":"2 mai 2019","publisher_availability_label":"Sur commande","short_details":"Mireille Arpaillange \u2014 City \u00c9ditions","translator":null,"weight":482,"page_count":288,"readership":null,"editor":"City \u00c9ditions","price":1790,"published_date":"2019-05-01T22:00:00.000000Z","support":"Grand format","publisher_availability":1,"stock":0,"editions":[],"url":"https:\/\/quaidesbrumes.com\/ouvrage\/9782824614786\/letrangere-de-grolejac"},{"id":"9782894065471","title":"Le cigare au bord des l\u00e8vres","description":"Une bouteille de rouge, un cigare, un ordinateur, un \u00e9crivain au travail. Il souhaite raconter sa vie et, plus que tout, publier un livre. Il a v\u00e9cu une peine d'amour, il est inspir\u00e9. Un pur clich\u00e9 ! C'est sans compter l'extraordinaire talent d'Akim Gagnon pour l'autod\u00e9rision et la mise en sc\u00e8ne effront\u00e9e et hilarante de lui-m\u00eame. Ce qui appara\u00eet d'abord comme un bouquet d'anecdotes d'ivrogne r\u00e9v\u00e8le un homme aussi \u00e9mouvant que tonitruant, engag\u00e9 jusqu'aux tripes dans la vie.\r\n","authors":["Akim Gagnon"],"category_codes":["1000000","1010000"],"visuals":{"large":"https:\/\/images.epagine.fr\/471\/9782894065471_1_75.jpg","medium":"https:\/\/images.epagine.fr\/471\/9782894065471_1_m.jpg","thumbnail":"https:\/\/images.epagine.fr\/471\/9782894065471_1_v.jpg"},"orderable":true,"show_badge":true,"formatted_price":"14,50&nbsp;\u20ac","formatted_published_date":"15 mai 2025","publisher_availability_label":"Sur commande","short_details":"Akim Gagnon \u2014 Bibliotheque Quebecoise","translator":null,"weight":210,"page_count":288,"readership":"Tout public","editor":"Bibliotheque Quebecoise","price":1450,"published_date":"2025-05-14T22:00:00.000000Z","support":"Poche","publisher_availability":1,"stock":0,"editions":[],"url":"https:\/\/quaidesbrumes.com\/ouvrage\/9782894065471\/le-cigare-au-bord-des-levres"},{"id":"9782702185117","title":"June","description":"Au fin fond de l'Arizona, une femme affaiblie s'est r\u00e9fugi\u00e9e dans le ranch de son fr\u00e8re. \u00c0 ses pieds, des malles contiennent les derniers souvenirs de son grand amour : le sulfureux \u00e9crivain Henry Miller. Apr\u00e8s leur coup de foudre dans un dancing de Broadway, elle l'a encourag\u00e9 \u00e0 \u00e9crire, a \u00e9t\u00e9 son \u00e9pouse et l'a entretenu pour qu'il puisse donner naissance \u00e0 son oeuvre. Elle s'appelle June Mansfield.\r\nTour \u00e0 tour entra\u00eeneuse, serveuse ou com\u00e9dienne, June n'a eu de cesse de brouiller les pistes. Sous la plume de l'auteur de Tropique du Cancer et d'Ana\u00efs Nin, avec qui elle a form\u00e9 un c\u00e9l\u00e8bre triangle amoureux, elle est devenue un personnage de fiction, mais n'a jamais livr\u00e9 sa v\u00e9rit\u00e9.\r\nEmmanuelle de Boysson nous entra\u00eene dans le New York de la Prohibition et le Paris des ann\u00e9es 1930. Elle fait revivre cette personnalit\u00e9 fantasque, \u00f4 combien attachante, et recompose le puzzle d'une existence aux nombreuses zones  d'ombre.\r\nCe roman envo\u00fbtant d\u00e9voile les failles et les amours tumultueuses de la muse d'Henry Miller.","authors":["Emmanuelle de Boysson"],"category_codes":["1000000","1010000"],"visuals":{"large":"https:\/\/images.epagine.fr\/117\/9782702185117_1_75.jpg","medium":"https:\/\/images.epagine.fr\/117\/9782702185117_1_m.jpg","thumbnail":"https:\/\/images.epagine.fr\/117\/9782702185117_1_v.jpg"},"orderable":true,"show_badge":true,"formatted_price":"17,50&nbsp;\u20ac","formatted_published_date":"14 septembre 2022","publisher_availability_label":"Sur commande","short_details":"Emmanuelle de Boysson \u2014 Calmann-L\u00e9vy","translator":null,"weight":260,"page_count":196,"readership":null,"editor":"Calmann-L\u00e9vy","price":1750,"published_date":"2022-09-13T22:00:00.000000Z","support":"Grand format","publisher_availability":1,"stock":0,"editions":[],"url":"https:\/\/quaidesbrumes.com\/ouvrage\/9782702185117\/june"},{"id":"9782375741047","title":"Sweet & Sour","description":"Jeremy est jeune, beau, volontaire et un brin sarcastique.\r\nNathaniel est sombre, grognon et un brin directif.\r\nLa rencontre ne pouvait \u00eatre qu'explosive ! Mais parfois, il faut que les carapaces explosent pour r\u00e9v\u00e9ler les fragilit\u00e9s qui se cachent dessous.","authors":["Reru"],"category_codes":["92000000","92000000"],"visuals":{"large":"https:\/\/images.epagine.fr\/047\/9782375741047_1_75.jpg","medium":"https:\/\/images.epagine.fr\/047\/9782375741047_1_m.jpg","thumbnail":"https:\/\/images.epagine.fr\/047\/9782375741047_1_v.jpg"},"orderable":true,"show_badge":true,"formatted_price":"10,00&nbsp;\u20ac","formatted_published_date":"12 f\u00e9vrier 2016","publisher_availability_label":"Sur commande","short_details":"Reru \u2014 \u00c9ditions Bookmark","translator":null,"weight":151,"page_count":152,"readership":null,"editor":"\u00c9ditions Bookmark","price":1000,"published_date":"2016-02-11T23:00:00.000000Z","support":"Grand format","publisher_availability":1,"stock":0,"editions":[],"url":"https:\/\/quaidesbrumes.com\/ouvrage\/9782375741047\/sweet-sour"},{"id":"9782258146181","title":"Les portes du bonheur","description":"La Premi\u00e8re Guerre mondiale racont\u00e9e sous un angle in\u00e9dit : le r\u00f4le primordial des chevaux sur le front, aux c\u00f4t\u00e9s des soldats. Une prise de conscience que vit Pauline, infirmi\u00e8re issue du monde rural, qui a quitt\u00e9 son village de Normandie et les siens parce qu'il lui semblait avoir tout perdu... \r\nIntense et volontaire. Telle est Pauline, dix-sept printemps, qui a h\u00e9rit\u00e9 de son p\u00e8re l'amour de la terre et des b\u00eates. Dans ce village du Calvados, la Grande Guerre, comme partout, a mobilis\u00e9 les hommes mais aussi les chevaux. Ainsi, Pompon, fier percheron avec lequel Pauline a grandi, est sur le front pour tirer les trains d'artillerie. Une d\u00e9chirure pour la jeune fille.\r\n\r\n C'est aussi le coeur chavir\u00e9 qu'elle revoit par hasard Henri, amour secret et impossible, la veille de son d\u00e9part pour la Somme.\r\n\r\n Une lettre du jeune homme qui va d\u00e9cider de son destin...\r\n\r\n \r\n\r\n En c\u00f4toyant au plus pr\u00e8s la guerre et tout ce qu'elle pulv\u00e9rise - l'espoir, les vies, les familles -, Pauline, enr\u00f4l\u00e9e comme infirmi\u00e8re, peut-elle encore croire aux miracles ?","authors":["Catherine Boisselle"],"category_codes":["1000000","1010000"],"visuals":{"large":"https:\/\/images.epagine.fr\/181\/9782258146181_1_75.jpg","medium":"https:\/\/images.epagine.fr\/181\/9782258146181_1_m.jpg","thumbnail":"https:\/\/images.epagine.fr\/181\/9782258146181_1_v.jpg"},"orderable":true,"show_badge":true,"formatted_price":"22,00&nbsp;\u20ac","formatted_published_date":"14 septembre 2017","publisher_availability_label":"Sur commande","short_details":"Catherine Boisselle \u2014 Les Presses de la Cit\u00e9","translator":null,"weight":480,"page_count":352,"readership":null,"editor":"Les Presses de la Cit\u00e9","price":2200,"published_date":"2017-09-13T22:00:00.000000Z","support":"Grand format","publisher_availability":1,"stock":0,"editions":[],"url":"https:\/\/quaidesbrumes.com\/ouvrage\/9782258146181\/les-portes-du-bonheur"},{"id":"9782356417626","title":"Une derni\u00e8re danse","description":"Derri\u00e8re les tours majestueuses de l'Alhambra, les ruelles de Grenade r\u00e9sonnent de musique et de secrets. Venue de Londres pour prendre des cours de danse, Sonia ignore tout du pass\u00e9 de la ville quand elle arrive. Mais une simple conversation au caf\u00e9 El Barril va la plonger dans la tragique histoire de la cit\u00e9 de Garc\u00eda Lorca et de la famille qui tenait les lieux. Soixante-dix ans plus t\u00f4t, le caf\u00e9 abrite les Ram\u00edrez : trois fr\u00e8res qui n'ont rien d'autre en commun que leur amour pour leur soeur, Mercedes. Passionn\u00e9e de danse, la jeune fille tombe bient\u00f4t sous le charme d'un gitan guitariste hors pair. Mais tandis que l'Espagne sombre dans la guerre civile, chacun doit choisir un camp. Et la fratrie va se d\u00e9chirer entre r\u00e9sistance, soumission au pouvoir montant, ou fuite. Happ\u00e9e par ce bouleversant r\u00e9cit de feu et de sang, Sonia est loin d'imaginer \u00e0 quel point cette histoire va bouleverser sa propre existence. La voix de La\u00ebtitia Lefebvre met magnifiquement en sc\u00e8ne la douloureuse m\u00e9lodie des souvenirs, entre \u00e9motions et d\u00e9chirures, dans le tumulte retrouv\u00e9 d'un pass\u00e9 lourd de sang et de larmes.","authors":["Victoria Hislop","Laetitia Lefebvre"],"category_codes":["1000000","1010000"],"visuals":{"large":"https:\/\/images.epagine.fr\/626\/9782356417626_1_75.jpg","medium":"https:\/\/images.epagine.fr\/626\/9782356417626_1_m.jpg","thumbnail":"https:\/\/images.epagine.fr\/626\/9782356417626_1_v.jpg"},"orderable":true,"show_badge":true,"formatted_price":"24,50&nbsp;\u20ac","formatted_published_date":"11 juin 2014","publisher_availability_label":"Sur commande","short_details":"Victoria Hislop, Laetitia Lefebvre \u2014 Audiolib","translator":null,"weight":102,"page_count":890,"readership":null,"editor":"Audiolib","price":2450,"published_date":"2014-06-10T22:00:00.000000Z","support":"CD Audio","publisher_availability":1,"stock":0,"editions":[],"url":"https:\/\/quaidesbrumes.com\/ouvrage\/9782356417626\/une-derniere-danse"},{"id":"9782246822127","title":"Laissez-nous la nuit","description":"Le destin donne parfois d'\u00e9tranges rendez-vous. Pour Max Nedelec, la cinquantaine, patron d'une imprimerie en difficult\u00e9, tout bascule un matin d'avril , quand des policiers viennent sonner \u00e0 sa porte. C'est le printemps, une douce lumi\u00e8re embrasse son jardin.\r\nUn bordereau perdu, des dettes non honor\u00e9es, beaucoup de malchance et un peu de triche. La justice frappe, impitoyable.  Max Nedelec quitte le tribunal et ne rentrera pas chez lui. Vingt-quatre mois de prison ferme : il s'enfonce dans la nuit.\r\nL\u00e0-bas, le bruit des grilles qui s'ouvrent et se ferment marquent les heures  ; l\u00e0-bas, on vit \u00e0 deux dans 9m2  ; l\u00e0-bas, les hommes changent de nom et se d\u00e9forment : il y a Marcos, une montagne au coeur tendre avec qui Max partage sa cellule  ; Sarko, inqui\u00e9tant ma\u00eetre qui r\u00e8gne sur la promenade...; le Serbe qui trafique et corrompt tout  ; Bambi, le jeune syrien sous la coupe des puissants  ; le trio indomptable qui s'est fait baptiser \u00ab  la b\u00eate  \u00bb  ; et tous celles et ceux qui traversent cet univers parall\u00e8le, Fran\u00e7oise, la m\u00e9decin, les gardiens, l'aum\u00f4nier puni et le directeur.\r\nDans la nuit se r\u00e9v\u00e8lent les \u00e2mes  : ce premier roman d'une incroyable maitrise nous plonge dans les arcanes d'un monde invers\u00e9, avec ses lois propres. Mais il y a aussi une lumi\u00e8re, une tendresse, des passions  : un livre saisi entre deux portes, une messe aux lourds trafics, un jeune cousin devenu avocat , M\u00e9lodie la petite fille grandie d'un coup, le souvenir doux de l'ancienne passion... Bienvenue aux \u00e2mes perdues et retrouv\u00e9es.","authors":["Pauline Clavi\u00e8re"],"category_codes":["1000000","1010000"],"visuals":{"large":"https:\/\/images.epagine.fr\/127\/9782246822127_1_75.jpg","medium":"https:\/\/images.epagine.fr\/127\/9782246822127_1_m.jpg","thumbnail":"https:\/\/images.epagine.fr\/127\/9782246822127_1_v.jpg"},"orderable":true,"show_badge":true,"formatted_price":"21,50&nbsp;\u20ac","formatted_published_date":"15 janvier 2020","publisher_availability_label":"Sur commande","short_details":"Pauline Clavi\u00e8re \u2014 \u00c9ditions Grasset","translator":null,"weight":622,"page_count":624,"readership":null,"editor":"\u00c9ditions Grasset","price":2150,"published_date":"2020-01-14T23:00:00.000000Z","support":"Grand format","publisher_availability":1,"stock":0,"editions":[],"url":"https:\/\/quaidesbrumes.com\/ouvrage\/9782246822127\/laissez-nous-la-nuit"},{"id":"9782246825708","title":"Les paradis gagn\u00e9s","description":"C'est l'\u00e9t\u00e9 \u00e0 Paris. Certains marchent d'un pas l\u00e9ger dans ce paradis de pierre et d'histoire. D'autres esp\u00e8rent l'oubli ou la r\u00e9demption, sous le soleil \u00e9clatant. Et tous croient au destin. D'une chambre d'h\u00f4pital au Parc Monceau, des all\u00e9es feutr\u00e9es d'un minist\u00e8re \u00e0 la Colline du crack, d'un commissariat au Conservatoire, les distances sont comme effac\u00e9es par le fleuve...\r\n \r\nMax est sorti de prison. Il retrouve peu \u00e0 peu ses sensations d'homme libre, et Laure qu'il aime, et sa fille M\u00e9lodie, mais une ombre le suit  : est-ce l'angoisse qui d\u00e9sormais recouvre tout ou ce qu'il a fait et vu derri\u00e8re les murs de la maison d'arr\u00eat  ? De temps en temps, une main glisse des photos dans sa bo\u00eete aux lettres. Ilan erre dans Paris, tel un faon bless\u00e9, il cherche son fr\u00e8re Amin et son p\u00e8re, venus de Syrie eux aussi. Laure n'a pas connu la prison, mais la violence dor\u00e9e du pouvoir, sale comme une main, comme une passion mauvaise. Dans sa grande maison vient un autre Paris. Et une id\u00e9e nouvelle, se r\u00e9volter, mettre le feu au pass\u00e9. Lui aussi a quitt\u00e9 sa cellule  : Marcos est malade, il se bat et refuse les sentences d\u00e9finitives. Max lui rend visite. Maria, sa femme, aussi. Quant \u00e0 Paula, sa fille, elle d\u00e9tient, sans le savoir, une cl\u00e9 myst\u00e9rieuse. Un don gr\u00e2ce auquel, toujours, elle saura o\u00f9 le trouver. \r\n \r\nC'est un Paris en habits d'\u00e9t\u00e9, o\u00f9 les femmes et les hommes poursuivent une qu\u00eate. Cherchent-ils un refuge  ? Une \u00e9chapp\u00e9e  ? Un dernier amour  ? ou simplement continuer \u00e0 vivre  sans les coups, les casiers judiciaires, les mauvais gestes  ? Tous se cherchent, se fr\u00f4lent, se m\u00e9connaissent, parfois se d\u00e9sirent, souvent se menacent. La violence habite notre monde comme une prison, mais la douceur aussi.\r\n \r\nLes paradis ne sont pas perdus  : telle est la le\u00e7on de Pauline Claviere, dans ce roman noir et tendre impossible \u00e0 quitter.","authors":["Pauline Clavi\u00e8re"],"category_codes":["1000000","1010000"],"visuals":{"large":"https:\/\/images.epagine.fr\/708\/9782246825708_1_75.jpg","medium":"https:\/\/images.epagine.fr\/708\/9782246825708_1_m.jpg","thumbnail":"https:\/\/images.epagine.fr\/708\/9782246825708_1_v.jpg"},"orderable":true,"show_badge":true,"formatted_price":"22,00&nbsp;\u20ac","formatted_published_date":"6 avril 2022","publisher_availability_label":"Sur commande","short_details":"Pauline Clavi\u00e8re \u2014 \u00c9ditions Grasset","translator":null,"weight":386,"page_count":400,"readership":null,"editor":"\u00c9ditions Grasset","price":2200,"published_date":"2022-04-05T22:00:00.000000Z","support":"Grand format","publisher_availability":1,"stock":0,"editions":[],"url":"https:\/\/quaidesbrumes.com\/ouvrage\/9782246825708\/les-paradis-gagnes"},{"id":"9782070285242","title":"Mystique","description":"Le 27 mai 1918, Jo\u00eb Bousquet eut \u00abla colonne vert\u00e9brale proprement pinc\u00e9e\u00bb par une balle allemande. Il entrait ainsi dans une existence immobile qui devait durer trente-deux ans, et entreprit alors de \u00abnaturaliser sa blessure\u00bb, c'est-\u00e0-dire de l'int\u00e9grer \u00e0 sa vie de sorte qu'elle y prit le caract\u00e8re de la n\u00e9cessit\u00e9. Jo\u00eb Bousquet eut alors recours au langage, \u00e0 la parole, \u00e0 l'\u00e9criture. Ainsi commen\u00e7a Mystique, oeuvre posthume et peut-\u00eatre la plus importante que nous ait laiss\u00e9e l'\u00e9trange bless\u00e9 de Carcassonne. Ce journal quotidien intemporel \u00e9claire d'un jour puissant l'activit\u00e9 d'un \u00e9crivain dont l'unique pr\u00e9occupation litt\u00e9raire fut de retirer ce qu'il y a d'\u00e9ph\u00e9m\u00e8re dans l'\u00e9nonc\u00e9 de v\u00e9rit\u00e9s accidentelles, bref \u00abde rendre la v\u00e9rit\u00e9 inoubliable\u00bb.","authors":["Jo\u00eb Bousquet"],"category_codes":["1000000","1010000"],"visuals":{"large":"https:\/\/images.epagine.fr\/242\/9782070285242_1_75.jpg","medium":"https:\/\/images.epagine.fr\/242\/9782070285242_1_m.jpg","thumbnail":"https:\/\/images.epagine.fr\/242\/9782070285242_1_v.jpg"},"orderable":true,"show_badge":true,"formatted_price":"21,00&nbsp;\u20ac","formatted_published_date":"16 novembre 1973","publisher_availability_label":"Sur commande","short_details":"Jo\u00eb Bousquet \u2014 Gallimard","translator":null,"weight":319,"page_count":300,"readership":null,"editor":"Gallimard","price":2100,"published_date":"1973-11-15T23:00:00.000000Z","support":"Grand format","publisher_availability":1,"stock":0,"editions":[],"url":"https:\/\/quaidesbrumes.com\/ouvrage\/9782070285242\/mystique"},{"id":"9782894064276","title":"Cet imperceptible mouvement","description":null,"authors":["Aude"],"category_codes":["1000000","1010000"],"visuals":{"large":"https:\/\/images.epagine.fr\/276\/9782894064276_1_75.jpg","medium":"https:\/\/images.epagine.fr\/276\/9782894064276_1_m.jpg","thumbnail":"https:\/\/images.epagine.fr\/276\/9782894064276_1_v.jpg"},"orderable":true,"show_badge":true,"formatted_price":"10,50&nbsp;\u20ac","formatted_published_date":"10 avril 2019","publisher_availability_label":"Sur commande","short_details":"Aude \u2014 Bibliotheque Quebecoise","translator":null,"weight":200,"page_count":null,"readership":null,"editor":"Bibliotheque Quebecoise","price":1050,"published_date":"2019-04-09T22:00:00.000000Z","support":"Grand format","publisher_availability":1,"stock":0,"editions":[],"url":"https:\/\/quaidesbrumes.com\/ouvrage\/9782894064276\/cet-imperceptible-mouvement"},{"id":"9791040531135","title":"Malgr\u00e9 les vagues","description":"15 ao\u00fbt. Apr\u00e8s une \u00e9preuve traumatisante, Jeanne revient en Bretagne le temps d'un week-end pour y f\u00eater l'anniversaire de son p\u00e8re. Elle y retrouve famille et amis d'enfance dans un grand verger, face \u00e0 la mer. Pour la jeune maman, ces retrouvailles sont l'occasion de remonter le fil du temps et de se rem\u00e9morer les moments d\u00e9cisifs de la vie de chacun, des plus l\u00e9gers aux plus dramatiques. Mais les f\u00eates de famille sont bien souvent le lieu o\u00f9 ressurgissent non-dits et rancoeurs inavou\u00e9es. Et Jeanne n'aura pas le choix que de s'y confronter. Les liens familiaux peuvent-ils r\u00e9sister \u00e0 toutes les \u00e9preuves ? Peut-on puiser dans ses racines les ressources n\u00e9cessaires pour se relever ? Dans ce premier roman tout en force et d\u00e9licatesse s'entrem\u00ealent secrets, deuils et nostalgie de l'enfance. Entre pass\u00e9 et pr\u00e9sent, Mathilde Gall y esquisse le portrait intime d'une femme qui s'efforce d'avancer, malgr\u00e9 les vagues.","authors":["Mathilde Gall"],"category_codes":["1000000","1010000"],"visuals":{"large":"https:\/\/images.epagine.fr\/135\/9791040531135_1_75.jpg","medium":"https:\/\/images.epagine.fr\/135\/9791040531135_1_m.jpg","thumbnail":"https:\/\/images.epagine.fr\/135\/9791040531135_1_v.jpg"},"orderable":true,"show_badge":true,"formatted_price":"20,90&nbsp;\u20ac","formatted_published_date":"27 juin 2023","publisher_availability_label":"Sur commande","short_details":"Mathilde Gall \u2014 Librinova","translator":null,"weight":365,"page_count":282,"readership":null,"editor":"Librinova","price":2090,"published_date":"2023-06-26T22:00:00.000000Z","support":"Grand format","publisher_availability":1,"stock":0,"editions":[],"url":"https:\/\/quaidesbrumes.com\/ouvrage\/9791040531135\/malgre-les-vagues"},{"id":"9782746761056","title":"RAchel Ray","description":"Dans une Angleterre victorienne corset\u00e9e pas les convenances, Rachel vit avec sa m\u00e8re, Mrs Ray, et sa soeur a\u00een\u00e9e, Mrs Prime, dans un cottage pr\u00e8s de Baslehurst. Lors d'une promenade, Rachel fait la connaissance de Luke Rowan, h\u00e9ritier de la brasserie Bungall & Tappitt dont elle tombe amoureuse. Mrs Ray et la tr\u00e8s prude Mrs Prime imaginent aussit\u00f4t Rachel en perdition! Dans ce petit monde provincial o\u00f9 s\u00e9vissent cupidit\u00e9 et bigoterie, comment les deux tourtereaux vont-ils se faire une place?Anthony Trollope nous embarque dans une histoire d'amour pleine d'ironie o\u00f9 de jeunes gens \u00e9pris de modernit\u00e9 viennent s'opposer aux conventions, aux traditions, et mettre \u00e0 mal le vieux monde. Et la t\u00e2che est loin d'\u00eatre facile. Personnages romantiques, grotesques ou attachants, humour pince-sans-rire, peinture d\u00e9capante de la soci\u00e9t\u00e9 victorienne, Rachel Ray est un v\u00e9ritable r\u00e9gal pour le lecteur.","authors":["Anthony Trollope"],"category_codes":["1000000","1010000"],"visuals":{"large":"https:\/\/images.epagine.fr\/056\/9782746761056_1_75.jpg","medium":"https:\/\/images.epagine.fr\/056\/9782746761056_1_m.jpg","thumbnail":"https:\/\/images.epagine.fr\/056\/9782746761056_1_v.jpg"},"orderable":true,"show_badge":true,"formatted_price":"22,90&nbsp;\u20ac","formatted_published_date":"27 octobre 2021","publisher_availability_label":"Sur commande","short_details":"Anthony Trollope \u2014 Autrement","translator":null,"weight":518,"page_count":544,"readership":null,"editor":"Autrement","price":2290,"published_date":"2021-10-26T22:00:00.000000Z","support":"Grand format","publisher_availability":1,"stock":0,"editions":[],"url":"https:\/\/quaidesbrumes.com\/ouvrage\/9782746761056\/rachel-ray"},{"id":"9782917012260","title":"Au commencement, je suis mort !","description":"1968, J\u00e9rusalem : un attentat aux portes de la vieille ville va bouleverser la vie d'un homme. Sarah Meyer meurt dans les bras de son fils \u00e2g\u00e9 de 6 ans . Le jeune gar\u00e7on fait alors un serment \u00e0 sa m\u00e8re : \u00ab  je deviendrai ton soldat vengeur et je les tuerai tous ! \u00bb\r\nPourra t-il un jour pardonner ?\r\n\r\nNantes : accus\u00e9 du meurtre d'une jeune fille, le commissaire principal Alain Dubois est plac\u00e9 en garde \u00e0 vue. \r\nIl fait appel \u00e0 son amie Sam Light, profiler.  Mais tout est contre lui !  Pourra-t-elle le disculper ?  \r\n\u00ab Flic ripou \u00bb  ou machination machiav\u00e9lique ?\r\nQuel est le lien entre ces deux \u00e9poques et ces deux villes ?\r\n\r\nMensonges, vengeance, trahison et meurtres... tels sont les ingr\u00e9dients de ce thriller psychologique haletant et \u00e9mouvant . Page apr\u00e8s page, l'auteur d\u00e9noue les fils d'un processus mental qui m\u00e8ne un individu en qu\u00eate de justice vers le passage \u00e0 l'acte.","authors":["Anne-Sara"],"category_codes":["1000000","1010000"],"visuals":{"large":"https:\/\/images.epagine.fr\/260\/9782917012260_1_75.jpg","medium":"https:\/\/images.epagine.fr\/260\/9782917012260_1_m.jpg","thumbnail":"https:\/\/images.epagine.fr\/260\/9782917012260_1_v.jpg"},"orderable":true,"show_badge":true,"formatted_price":"13,00&nbsp;\u20ac","formatted_published_date":"10 mars 2024","publisher_availability_label":"Sur commande","short_details":"Anne-Sara \u2014 AJNA DE SCORTO","translator":null,"weight":405,"page_count":476,"readership":null,"editor":"AJNA DE SCORTO","price":1300,"published_date":"2024-03-09T23:00:00.000000Z","support":"Poche","publisher_availability":1,"stock":0,"editions":[],"url":"https:\/\/quaidesbrumes.com\/ouvrage\/9782917012260\/au-commencement-je-suis-mort"},{"id":"9782080287137","title":"Les couleurs invisibles","description":"Antoine Cluzel poss\u00e8de un don qui aurait pu faire de lui un grand coloriste:il per\u00e7oit les notes de musique en couleur. Pourtant, sa vie est en demi-teinte. Une carri\u00e8re p\u00e2lichonne, un mariage terne malgr\u00e9 son amour pour sa femme Alice, et m\u00eame son beau projet de tour du monde en bateau est rest\u00e9 \u00e0 l'\u00e9tat d'esquisse.Quand on lui d\u00e9couvre un cancer en phase terminale, ce quadrag\u00e9naire se lance un grand d\u00e9fi:prendre la mer sur son petit voilier, cap vers l'atoll aux mille bleus de Bora-Bora.Mais au cours de son p\u00e9riple surviennent des \u00e9v\u00e9nements de plus en plus \u00e9tranges.R\u00eave-t-il? Est-il en pleine hallucination?Ou d\u00e9j\u00e0 dans l'au-del\u00e0?Dans cette odyss\u00e9e des couleurs dr\u00f4le et po\u00e9tique o\u00f9 s'invitent \u00e0 bord sir\u00e8ne, chat de Schrodinger et amour absolu, embarquez pour le plus merveilleux des voyages initiatiques.","authors":["Jean-Gabriel Causse"],"category_codes":["1000000","1010000"],"visuals":{"large":"https:\/\/images.epagine.fr\/137\/9782080287137_1_75.jpg","medium":"https:\/\/images.epagine.fr\/137\/9782080287137_1_m.jpg","thumbnail":"https:\/\/images.epagine.fr\/137\/9782080287137_1_v.jpg"},"orderable":true,"show_badge":true,"formatted_price":"18,00&nbsp;\u20ac","formatted_published_date":"11 mai 2022","publisher_availability_label":"Sur commande","short_details":"Jean-Gabriel Causse \u2014 Flammarion","translator":null,"weight":238,"page_count":192,"readership":null,"editor":"Flammarion","price":1800,"published_date":"2022-05-10T22:00:00.000000Z","support":"Grand format","publisher_availability":1,"stock":0,"editions":[],"url":"https:\/\/quaidesbrumes.com\/ouvrage\/9782080287137\/les-couleurs-invisibles"},{"id":"9782081294141","title":"Le plus petit baiser jamais recens\u00e9","description":"Un inventeur-d\u00e9pressif rencontre une fi lle qui dispara\u00eet quand on l'embrasse. Alors qu'ils \u00e9changent le plus petit baiser jamais recens\u00e9, elle se volatilise d'un coup. Aid\u00e9 par un d\u00e9tective \u00e0 la retraite et un perroquet hors du commun, l'inventeur se lance alors \u00e0 la recherche de celle qui \u00ab fait pousser des roses dans le trou d'obus qui lui sert de coeur \u00bb. Ces deux grands br\u00fbl\u00e9s de l'amour sauront-ils aff ronter leurs peurs pour vivre leur histoire ? Le plus petit baiser jamais recens\u00e9 est un vrai faux polar romantique. Suite m\u00e9taphorique de La M\u00e9canique du coeur, ce roman teint\u00e9 de m\u00e9lancolie regorge de gourmandise explosive. Comme si Am\u00e9lie Poulain dansait le rock'n'roll et croisait le Petit Prince avec un verre de whisky.","authors":["Mathias Malzieu"],"category_codes":["1000000","1010000"],"visuals":{"large":"https:\/\/images.epagine.fr\/141\/9782081294141_1_75.jpg","medium":"https:\/\/images.epagine.fr\/141\/9782081294141_1_m.jpg","thumbnail":"https:\/\/images.epagine.fr\/141\/9782081294141_1_v.jpg"},"orderable":true,"show_badge":true,"formatted_price":"17,50&nbsp;\u20ac","formatted_published_date":"15 mars 2013","publisher_availability_label":"Sur commande","short_details":"Mathias Malzieu \u2014 Flammarion","translator":null,"weight":240,"page_count":158,"readership":null,"editor":"Flammarion","price":1750,"published_date":"2013-03-14T23:00:00.000000Z","support":"Grand format","publisher_availability":1,"stock":0,"editions":[],"url":"https:\/\/quaidesbrumes.com\/ouvrage\/9782081294141\/le-plus-petit-baiser-jamais-recense"},{"id":"9782843377204","title":"La ballade d'Hester Day","description":"C'est l'histoire d'une fille qui ne veut pas aller au bal de promo, d'un apprenti po\u00e8te qui l'a \u00e9pous\u00e9e pour trouver l'inspiration, et d'un petit gar\u00e7on rondouillard qui, \u00e0 d\u00e9faut d'\u00eatre cow-boy de l'espace, est ravi de tracer la route en camping-car avec eux.\r\nL'\u00e9quip\u00e9e sauvage d'Hester Louise Day s'annonce comme un fiasco \u00e9pique. Parce que la famille, m\u00eame bricol\u00e9e, ce n'est jamais un long fleuve tranquille, surtout quand on est recherch\u00e9 par la police et le FBI. Il faut dire que, quand Jethro, son cousin de dix ans, s'est invit\u00e9 dans son road trip, Hester n'a pas r\u00e9fl\u00e9chi aux cons\u00e9quences. Mais ce n'est pas trop son fort, les cons\u00e9quences. Hester a pris la route parce qu'elle ne sait pas ce qu'elle veut. \u00c7a ne la d\u00e9range pas d'\u00eatre rattrap\u00e9e, mais pas tout de suite, pas trop vite. Avant cela, il y a des paysages sublimes \u00e0 traverser, des rencontres inoubliables \u00e0 faire, des \u00e9clats de rire et de col\u00e8re, un peu d'amour ce serait bien, m\u00eame si son jeune \u00e9poux, Fenton Flaherty, n'est pas un grand sentimental. Un peu de sexe alors, \u00e0 d\u00e9faut d'amour. Un peu de r\u00eave, un peu d'oxyg\u00e8ne... Bref, une ballade belle et m\u00e9lancolique comme celles dont on fait les grands blues.","authors":["Mercedes Helnwein"],"category_codes":["1000000","1010000"],"visuals":{"large":"https:\/\/images.epagine.fr\/204\/9782843377204_1_75.jpg","medium":"https:\/\/images.epagine.fr\/204\/9782843377204_1_m.jpg","thumbnail":"https:\/\/images.epagine.fr\/204\/9782843377204_1_v.jpg"},"orderable":true,"show_badge":true,"formatted_price":"20,00&nbsp;\u20ac","formatted_published_date":"15 mai 2014","publisher_availability_label":"Sur commande","short_details":"Mercedes Helnwein \u2014 La Belle Colere","translator":null,"weight":458,"page_count":370,"readership":null,"editor":"La Belle Colere","price":2000,"published_date":"2014-05-14T22:00:00.000000Z","support":"Grand format","publisher_availability":1,"stock":0,"editions":[],"url":"https:\/\/quaidesbrumes.com\/ouvrage\/9782843377204\/la-ballade-dhester-day"},{"id":"9791022781718","title":"Brille, tant que tu vis !","description":"Une com\u00e9die romantique douce-am\u00e8re. Le roman de la seconde chance.\u00ab Je m'appelle Anita Moreau, je vis dans un deux pi\u00e8ces \u00e0 Jersey, au-dessus d'un restaurant Tha\u00ef et aujourd'hui c'est mon anniversaire. Je ne vous dirai pas mon \u00e2ge car il est convenu que les dames le taisent. Tout est pr\u00eat. Le champagne, la robe. Je me suis offert un parfum. Fortement vanill\u00e9. Un voyage dans les \u00eeles tropicales. Je vais en asperger mon lit. C'est un rendez-vous exceptionnel. Je ne veux pas le manquer. Je veux r\u00e9ussir mon grand saut. Je suis perfectionniste. M\u00eame quand il s'agit de me donner la mort. \u00bbAnita est en col\u00e8re. Elle se sent flou\u00e9e. Elle en veut au monde entier. Quand elle apprend sa maladie, elle refuse d'\u00eatre le jouet du destin et d\u00e9cide de devancer la mort pour en garder le contr\u00f4le. Pourtant, la voil\u00e0 oblig\u00e9e de diff\u00e9rer son suicide, car son fils a besoin d'elle \u00e0 Noirmoutier.Mais la vie, pleine de surprises, joue des tours aux plus m\u00e9thodiques et se ligue contre elle pour la faire changer d'avis. Et quand un beau t\u00e9n\u00e9breux croise sa route, elle d\u00e9couvre qu'elle n'y est pas insensible. Pourtant elle refuse ce bouleversement de toutes ses forces. Anita va devoir se battre pour atteindre son objectif : mourir tranquille. Et si l'existence n'\u00e9tait pas toujours aussi bien calibr\u00e9e qu'un ha\u00efku, pour le pire, mais parfois aussi pour le meilleur ?\u00ab Alice Quinn nous \u00e9meut et nous s\u00e9duit avec l'histoire d'un amour, l'histoire d'un espoir, l'histoire dune renaissance. Avec une infinie tendresse, elle donne vie \u00e0 des personnages d'une justesse d\u00e9sarmante. Un livre qui donne envie d'aimer. \u00bb Claire Saim, du blog onirik.comAlice Quinn est l'auteure de \u00ab Rosie Maldonne \u00bb, une s\u00e9rie de com\u00e9dies polici\u00e8res, et de \u00ab La lettre froiss\u00e9e \u00bb, d\u00e9but d'une trilogie polici\u00e8re historique. Avec \u00ab Brille, tant que tu vis \u00bb, elle vous transporte dans un remarquable portrait de femme, une belle histoire d'amour, un roman de la seconde chance, tiss\u00e9 d'\u00e9motions.","authors":["Alice Quinn"],"category_codes":["1000000","1010000"],"visuals":{"large":"https:\/\/images.epagine.fr\/718\/9791022781718_1_75.jpg","medium":"https:\/\/images.epagine.fr\/718\/9791022781718_1_m.jpg","thumbnail":"https:\/\/images.epagine.fr\/718\/9791022781718_1_v.jpg"},"orderable":true,"show_badge":true,"formatted_price":"12,99&nbsp;\u20ac","formatted_published_date":"29 novembre 2018","publisher_availability_label":"Sur commande","short_details":"Alice Quinn \u2014 Bookelis","translator":null,"weight":219,"page_count":236,"readership":null,"editor":"Bookelis","price":1299,"published_date":"2018-11-28T23:00:00.000000Z","support":"Poche","publisher_availability":1,"stock":0,"editions":[],"url":"https:\/\/quaidesbrumes.com\/ouvrage\/9791022781718\/brille-tant-que-tu-vis"},{"id":"9791041834396","title":"Jean-des-Figues","description":"\"Jean-des-Figues\" de Paul Ar\u00e8ne est un roman proven\u00e7al qui explore la vie et les aventures d'un personnage du m\u00eame nom, Jean-des-Figues. L'histoire se d\u00e9roule dans le sud de la France, mettant en sc\u00e8ne les aspects culturels et sociaux de la r\u00e9gion proven\u00e7ale.\r\nLe roman plonge les lecteurs dans le quotidien de Jean-des-Figues, un personnage attachant et parfois excentrique. L'auteur explore la vie rurale, les coutumes locales et les interactions entre les personnages de la r\u00e9gion.\r\n\"Jean-des-Figues\" peut aborder des th\u00e8mes tels que la communaut\u00e9, la tradition et le caract\u00e8re unique des r\u00e9gions fran\u00e7aises. Paul Ar\u00e8ne offre aux lecteurs une immersion dans le charme et l'atmosph\u00e8re de la Provence, tout en pr\u00e9sentant une galerie de personnages color\u00e9s et une narration empreinte d'humour.","authors":["Paul Ar\u00e8ne"],"category_codes":["1000000","1010000"],"visuals":{"large":"https:\/\/images.epagine.fr\/396\/9791041834396_1_75.jpg","medium":"https:\/\/images.epagine.fr\/396\/9791041834396_1_m.jpg","thumbnail":"https:\/\/images.epagine.fr\/396\/9791041834396_1_v.jpg"},"orderable":true,"show_badge":true,"formatted_price":"17,90&nbsp;\u20ac","formatted_published_date":"23 ao\u00fbt 2023","publisher_availability_label":"Sur commande","short_details":"Paul Ar\u00e8ne \u2014 Culturea","translator":null,"weight":197,"page_count":118,"readership":null,"editor":"Culturea","price":1790,"published_date":"2023-08-22T22:00:00.000000Z","support":"Grand format","publisher_availability":1,"stock":0,"editions":[],"url":"https:\/\/quaidesbrumes.com\/ouvrage\/9791041834396\/jean-des-figues"},{"id":"9791097594152","title":"Je suis n\u00e9 laid","description":"Avec beaucoup d'autod\u00e9rision Arthur raconte son v\u00e9cu d'enfant laid, puis d'adolescent et de jeune homme.  D\u00e8s sa naissance, ses parents, qui s'attendaient \u00e0 un beau b\u00e9b\u00e9, sont effondr\u00e9s. Il est d'une rare laideur ! Ils essaient de s'attacher \u00e0 lui. Peine perdue. Ils esp\u00e8rent qu'un chirurgien saura r\u00e9parer cette erreur de la nature. Mais aucune intervention n'est possible avant l'\u00e2ge adulte. En attendant, ils cachent leur enfant du mieux qu'ils peuvent : \u00ab burka pour b\u00e9b\u00e9 \u00bb, \u00e9charpes, chapeaux... Comment grandir avec cette laideur? On accompagne Arthur, ses aventures, intrigues, instants de suspense. Son d\u00e9sir intense d'\u00eatre \u00ab comme tout le monde \u00bb. On s'attache aussi \u00e0 sa famille, notamment \u00e0 Kouki, une artiste, troisi\u00e8me parent d'Arthur. Elle apprend la sculpture \u00e0 son p\u00e8re qui dessine sa laideur, la transforme, avec succ\u00e8s, en oeuvre d'art.  On finit par aimer cet \u00eatre laid, on se glisse dans sa peau, sous sa barbe, ses cheveux longs, on lui veut du bien parce qu'il pourrait \u00eatre nous...","authors":["Isabelle Mini\u00e8re"],"category_codes":["1000000","1010000"],"visuals":{"large":"https:\/\/images.epagine.fr\/152\/9791097594152_1_75.jpg","medium":"https:\/\/images.epagine.fr\/152\/9791097594152_1_m.jpg","thumbnail":"https:\/\/images.epagine.fr\/152\/9791097594152_1_v.jpg"},"orderable":true,"show_badge":true,"formatted_price":"17,90&nbsp;\u20ac","formatted_published_date":"10 mai 2019","publisher_availability_label":"Sur commande","short_details":"Isabelle Mini\u00e8re \u2014 Serge Safran","translator":null,"weight":320,"page_count":256,"readership":null,"editor":"Serge Safran","price":1790,"published_date":"2019-05-09T22:00:00.000000Z","support":"Grand format","publisher_availability":1,"stock":0,"editions":[],"url":"https:\/\/quaidesbrumes.com\/ouvrage\/9791097594152\/je-suis-ne-laid"},{"id":"9781250452689","title":"Superfan","description":null,"authors":["Jenny Tinghui Zhang"],"category_codes":[],"visuals":{"large":"https:\/\/images.epagine.fr\/689\/9781250452689_1_75.jpg","medium":"https:\/\/images.epagine.fr\/689\/9781250452689_1_m.jpg","thumbnail":"https:\/\/images.epagine.fr\/689\/9781250452689_1_v.jpg"},"orderable":true,"show_badge":true,"formatted_price":"21,30&nbsp;\u20ac","formatted_published_date":"3 f\u00e9vrier 2026","publisher_availability_label":"Sur commande","short_details":"Jenny Tinghui Zhang \u2014 FLATIRON BOOKS","translator":null,"weight":0,"page_count":null,"readership":null,"editor":"FLATIRON BOOKS","price":2130,"published_date":"2026-02-02T23:00:00.000000Z","support":"Grand format","publisher_availability":1,"stock":0,"editions":["9780241726785","9781250369666"],"url":"https:\/\/quaidesbrumes.com\/ouvrage\/9781250452689\/superfan"},{"id":"9782221093894","title":"Par un si long d\u00e9tour","description":"En ce temps-l\u00e0, la Vend\u00e9e fournissait des bataillons d'enfants au s\u00e9minaire. Les pr\u00eatres recruteurs faisaient l'\u00e9loge des \"familles nombreuses o\u00f9 les parents n'ont pas craint, pour ob\u00e9ir \u00e0 la loi divine, d'accepter les plus lourdes charges.\" Fran\u00e7ois Devineau, l'a\u00een\u00e9 des gar\u00e7ons d'une famille de paysans de La Rabateli\u00e8re, fut ordonn\u00e9 pr\u00eatre le dimanche 28 juin 1953. Son comportement avait suscit\u00e9 quelque inqui\u00e9tude chez ses ma\u00eetres. Non sans raison. Quand devenu vicaire, il s'enfon\u00e7a dans le p\u00e9ch\u00e9, sone cur\u00e9 sortit son confessionnal sur la place de l'\u00e9glise et y mit le feu.\r\nFran\u00e7ois fut d\u00e9plac\u00e9 dans la paroisse de la Charente. Tout contact lui fut interdit avec celle par qui le scandale \u00e9tait venu. Il consid\u00e9ra qu'il n'avait pas assez pay\u00e9, et s'administra d'autres mortifications...\r\nAujourd'hui, les blessures semblent s'\u00eatre cicatris\u00e9es. \u00ab La maison du Bon Dieu \u00bb - ainsi appelle-t-on la ferme o\u00f9 Fran\u00e7ois Devineau s'est retir\u00e9 avec les siens - s'est ouverte aux hommes partag\u00e9s entre le ciel et la terre. Et il est revenu prendre sa place \u00e0 la table de la famille, sous la poutre noircie o\u00f9 est fix\u00e9e la faux retourn\u00e9e de l'anc\u00eatre, combattant de 1793.","authors":["Yves Viollier"],"category_codes":["1000000","1010000"],"visuals":{"large":"https:\/\/images.epagine.fr\/894\/9782221093894_1_75.jpg","medium":"https:\/\/images.epagine.fr\/894\/9782221093894_1_m.jpg","thumbnail":"https:\/\/images.epagine.fr\/894\/9782221093894_1_v.jpg"},"orderable":true,"show_badge":true,"formatted_price":"21,50&nbsp;\u20ac","formatted_published_date":"9 octobre 2000","publisher_availability_label":"Sur commande","short_details":"Yves Viollier \u2014 Robert Laffont","translator":null,"weight":395,"page_count":256,"readership":null,"editor":"Robert Laffont","price":2150,"published_date":"2000-10-08T22:00:00.000000Z","support":"Grand format","publisher_availability":1,"stock":0,"editions":[],"url":"https:\/\/quaidesbrumes.com\/ouvrage\/9782221093894\/par-un-si-long-detour"}]}