{"data":[{"id":"9791041973118","title":"L'\u00e9clat d'obus","description":"\"L'\u00c9clat d'Obus\" est un roman \u00e9crit par Maurice Leblanc, l'auteur fran\u00e7ais surtout connu pour avoir cr\u00e9\u00e9 le personnage d'Ars\u00e8ne Lupin. Ce roman a \u00e9t\u00e9 publi\u00e9 en 1915.\r\n\r\nL'histoire se d\u00e9roule pendant la Premi\u00e8re Guerre mondiale, et elle met en sc\u00e8ne le personnage de Jean Roussel, un combattant fran\u00e7ais dans les tranch\u00e9es. Jean Roussel d\u00e9couvre un \u00e9clat d'obus qui s'av\u00e8re \u00eatre une pierre pr\u00e9cieuse. Cette d\u00e9couverte inattendue le pousse \u00e0 entreprendre un p\u00e9riple p\u00e9rilleux pour prot\u00e9ger la pierre pr\u00e9cieuse des forces ennemies.\r\n\r\nLe roman explore les th\u00e8mes de l'h\u00e9ro\u00efsme, de la loyaut\u00e9, et de la pers\u00e9v\u00e9rance en temps de guerre. Il offre \u00e9galement une r\u00e9flexion sur les cons\u00e9quences de la guerre sur les individus et sur la soci\u00e9t\u00e9.\r\n\r\nMaurice Leblanc est reconnu pour son talent en tant qu'\u00e9crivain de romans d'aventures et de myst\u00e8re, et \"L'\u00c9clat d'Obus\" illustre sa capacit\u00e9 \u00e0 cr\u00e9er des r\u00e9cits palpitants dans un contexte historique complexe.\r\n\r\nSi vous \u00eates int\u00e9ress\u00e9 par la litt\u00e9rature de guerre, les r\u00e9cits d'aventures, ou les romans qui explorent les cons\u00e9quences de la guerre sur les individus, \"L'\u00c9clat d'Obus\" de Maurice Leblanc pourrait vous offrir une lecture captivante.","authors":["Maurice Leblanc"],"category_codes":["1000000","1010000"],"visuals":{"large":"https:\/\/images.epagine.fr\/118\/9791041973118_1_75.jpg","medium":"https:\/\/images.epagine.fr\/118\/9791041973118_1_m.jpg","thumbnail":"https:\/\/images.epagine.fr\/118\/9791041973118_1_v.jpg"},"orderable":true,"show_badge":true,"formatted_price":"19,90&nbsp;\u20ac","formatted_published_date":"26 octobre 2023","publisher_availability_label":"Sur commande","short_details":"Maurice Leblanc \u2014 CULTUREA","translator":null,"weight":452,"page_count":288,"readership":null,"editor":"CULTUREA","price":1990,"published_date":"2023-10-25T22:00:00.000000Z","support":"Grand format","publisher_availability":1,"stock":0,"editions":["9782335019056","9782335021899"],"url":"https:\/\/quaidesbrumes.com\/ouvrage\/9791041973118\/leclat-dobus"},{"id":"9782756409436","title":"Reines de l\u00e9gende","description":"Elles ont r\u00e9gn\u00e9, il y a des si\u00e8cles sinon des mill\u00e9naires, avec une telle audace et une telle libert\u00e9 que l'Histoire a gard\u00e9 leurs noms \u00e0 jamais. Si N\u00e9fertiti et Messaline port\u00e8rent le diad\u00e8me gr\u00e2ce \u00e0 leur mariage avec le pharaon d'\u00c9gypte et l'empereur de Rome, la Reine de Saba et Cl\u00e9op\u00e2tre gouvern\u00e8rent en leur propre nom. Aussi diff\u00e9rentes qu'elles aient pu \u00eatre, reines d'\u00c9gypte et d'\u00c9thiopie, ou imp\u00e9ratrice de Rome, elles eurent en commun la gloire et la beaut\u00e9, la couronne et l'immortalit\u00e9. \u00c0 travers leurs fabuleuses destin\u00e9es, Jacqueline Dauxois entra\u00eene son lecteur dans les grands moments sombres et resplendissants de l'Antiquit\u00e9 et nous immerge dans des mondes disparus dont les splendeurs n'ont pas fini de nous fasciner.","authors":["Jacqueline Dauxois"],"category_codes":["1000000","1010000"],"visuals":{"large":"https:\/\/images.epagine.fr\/436\/9782756409436_1_75.jpg","medium":"https:\/\/images.epagine.fr\/436\/9782756409436_1_m.jpg","thumbnail":"https:\/\/images.epagine.fr\/436\/9782756409436_1_v.jpg"},"orderable":true,"show_badge":true,"formatted_price":"19,90&nbsp;\u20ac","formatted_published_date":"7 juin 2013","publisher_availability_label":"Sur commande","short_details":"Jacqueline Dauxois \u2014 PYGMALION","translator":null,"weight":1048,"page_count":1086,"readership":null,"editor":"PYGMALION","price":1990,"published_date":"2013-06-06T22:00:00.000000Z","support":"Grand format","publisher_availability":1,"stock":0,"editions":[],"url":"https:\/\/quaidesbrumes.com\/ouvrage\/9782756409436\/reines-de-legende"},{"id":"9782756419138","title":"La mal\u00e9diction de la zone de confort","description":"Rose a (presque) tout pour \u00eatre heureuse. Apr\u00e8s 763 auditions infructueuses elle a enfin d\u00e9croch\u00e9 son premier grand r\u00f4le dans la s\u00e9rie t\u00e9l\u00e9 de l'ann\u00e9e. Elle peut compter sur le soutien d'une joyeuse bande et d'un fianc\u00e9 imaginaire avec qui elle assure vivre, enfin, une relation \u00e9quilibr\u00e9e. Son unique manque ? Un pr\u00e9cieux recueil de po\u00e9sie m\u00e9di\u00e9vale dont elle a besoin pour calmer son \u00e9motivit\u00e9 pathologique. Ben n'a (presque) rien pour \u00eatre heureux. En panne d'\u00e9motions, le sc\u00e9nariste et auteur de polars n'arrive plus \u00e0 \u00e9crire une ligne. Il se noie dans un quotidien sinistre qu'il dissimule mal \u00e0 ses deux seuls amis. Son unique r\u00e9confort ? Les mails hyst\u00e9riques d'une dingue qui lui r\u00e9clame un bouquin comme une naufrag\u00e9e, une bou\u00e9e au milieu du Pacifique. Ils \u00e9taient faits pour ne PAS se rencontrer. Probabilit\u00e9 qu'ils vivent un jour heureux ensemble : nulle. Probabilit\u00e9 qu'une probabilit\u00e9 soit fausse : non n\u00e9gligeable. Et si la vie d\u00e9jouait les algorithmes ?","authors":["Marianne L\u00e9vy"],"category_codes":["1000000","1010000"],"visuals":{"large":"https:\/\/images.epagine.fr\/138\/9782756419138_1_75.jpg","medium":"https:\/\/images.epagine.fr\/138\/9782756419138_1_m.jpg","thumbnail":"https:\/\/images.epagine.fr\/138\/9782756419138_1_v.jpg"},"orderable":true,"show_badge":true,"formatted_price":"19,90&nbsp;\u20ac","formatted_published_date":"11 octobre 2017","publisher_availability_label":"Sur commande","short_details":"Marianne L\u00e9vy \u2014 PYGMALION","translator":null,"weight":390,"page_count":394,"readership":null,"editor":"PYGMALION","price":1990,"published_date":"2017-10-10T22:00:00.000000Z","support":"Grand format","publisher_availability":1,"stock":0,"editions":["9782290161883"],"url":"https:\/\/quaidesbrumes.com\/ouvrage\/9782756419138\/la-malediction-de-la-zone-de-confort"},{"id":"9791090175396","title":"La bouche ouverte","description":"Th\u00e9o aime Caroline, Gabriel aime tante Ingrid, Ingrid aime l'amour et Fanny la vie.\r\n\r\nUn si\u00e8cle, deux g\u00e9n\u00e9rations, trois familles aux destins m\u00eal\u00e9s ; l'une juive, les deux autres pas. La ville de Gen\u00e8ve, son lac, sa nostalgie, et la gourmandise, beaucoup de gourmandise entre les pages.\r\n\u00c0 chaque chapitre, un aliment typique \u00e9vocateur de souvenirs ou d'aspirations : tapioca, longeole, gratin de cardons.\r\nR\u00e9cit \u00e9mouvant et dr\u00f4le de plusieurs femmes et quelques hommes attachants, parfois d\u00e9sarm\u00e9s devant la providence et la puissance d'une histoire qui leur \u00e9chappe.\r\nAmours, suicide assist\u00e9, gastronomie, coffre-fort et secrets de famille. Une sacr\u00e9e et savoureuse cuisine !","authors":["Shmuel t. Meyer"],"category_codes":["1000000","1010000"],"visuals":{"large":"https:\/\/images.epagine.fr\/396\/9791090175396_1_75.jpg","medium":"https:\/\/images.epagine.fr\/396\/9791090175396_1_m.jpg","thumbnail":"https:\/\/images.epagine.fr\/396\/9791090175396_1_v.jpg"},"orderable":true,"show_badge":true,"formatted_price":"16,90&nbsp;\u20ac","formatted_published_date":"1er octobre 2015","publisher_availability_label":"Sur commande","short_details":"Shmuel t. Meyer \u2014 Serge Safran","translator":null,"weight":192,"page_count":184,"readership":null,"editor":"Serge Safran","price":1690,"published_date":"2015-09-30T22:00:00.000000Z","support":"Grand format","publisher_availability":1,"stock":0,"editions":[],"url":"https:\/\/quaidesbrumes.com\/ouvrage\/9791090175396\/la-bouche-ouverte"},{"id":"9791090175495","title":"On n'est jamais \u00e0 l'abri d'une bonne surprise","description":"Martin est un comptable id\u00e9aliste, na\u00eff et solitaire dont les seuls visages familiers sont ceux de sa boulang\u00e8re et du clochard du quartier. Il aime regarder la pluie tomber, marcher dans les rues de sa ville, esp\u00e9rant faire une rencontre amicale ou amoureuse qui changera sa vie.\r\nEn attendant il passe son temps \u00e0 nouer des amiti\u00e9s imaginaires, partageant ses \u00e9tats d'\u00e2me avec la grand-m\u00e8re d'Odette ou Martine, l'h\u00e9ro\u00efne d'un film qui le fascine. On se prend alors \u00e0 r\u00eaver avec lui, \u00e0 esp\u00e9rer qu'il croisera bient\u00f4t en chemin de v\u00e9ritables amis. Peut-\u00eatre la jeune femme qui lui demande de s'occuper de sa comptabilit\u00e9 ? Peut-\u00eatre ces inconnus rencontr\u00e9s par hasard dans la rue ?\r\nAvec ce roman, Isabelle Mini\u00e8re explore le th\u00e8me de la solitude \u00e0 travers les yeux d'un personnage lunaire et attachant, un peu comme Baptiste des Enfants du paradis. Au fil des pages son espoir se fait contagieux : il n'est pas du tout \u00e0 l'abri de bonnes surprises.","authors":["Isabelle Mini\u00e8re"],"category_codes":["1000000","1010000"],"visuals":{"large":"https:\/\/images.epagine.fr\/495\/9791090175495_1_75.jpg","medium":"https:\/\/images.epagine.fr\/495\/9791090175495_1_m.jpg","thumbnail":"https:\/\/images.epagine.fr\/495\/9791090175495_1_v.jpg"},"orderable":true,"show_badge":true,"formatted_price":"16,90&nbsp;\u20ac","formatted_published_date":"19 mai 2016","publisher_availability_label":"Sur commande","short_details":"Isabelle Mini\u00e8re \u2014 Serge Safran","translator":null,"weight":204,"page_count":20,"readership":null,"editor":"Serge Safran","price":1690,"published_date":"2016-05-18T22:00:00.000000Z","support":"Grand format","publisher_availability":1,"stock":0,"editions":[],"url":"https:\/\/quaidesbrumes.com\/ouvrage\/9791090175495\/on-nest-jamais-a-labri-dune-bonne-surprise"},{"id":"9782756421780","title":"C'est toi le chat","description":"Un chat abandonn\u00e9 dans un a\u00e9roport.Un chef cuisinier veuf et p\u00e8re.Une enfant qui a perdu sa maman et subit un harc\u00e8lement scolaire.Une femme sous l'emprise d'un homme depuis des ann\u00e9es.Lorsque quatre vies tourment\u00e9es entrent en collision, n'est-ce pas un signe du destin ? \u00c0 six mains et huit pattes, seront-ils plus forts ?Chahut\u00e9s mais jamais vaincus, nos h\u00e9ros prouvent que rien n'est immuable tant que l'on est vivant.La particularit\u00e9 de ce roman ? Un chapitre sur deux, c'est le chat qui vous raconte l'histoire.","authors":["Laura Trompette"],"category_codes":["1000000","1010000"],"visuals":{"large":"https:\/\/images.epagine.fr\/780\/9782756421780_1_75.jpg","medium":"https:\/\/images.epagine.fr\/780\/9782756421780_1_m.jpg","thumbnail":"https:\/\/images.epagine.fr\/780\/9782756421780_1_v.jpg"},"orderable":true,"show_badge":true,"formatted_price":"14,90&nbsp;\u20ac","formatted_published_date":"27 septembre 2017","publisher_availability_label":"Sur commande","short_details":"Laura Trompette \u2014 PYGMALION","translator":null,"weight":376,"page_count":370,"readership":null,"editor":"PYGMALION","price":1490,"published_date":"2017-09-26T22:00:00.000000Z","support":"Grand format","publisher_availability":1,"stock":0,"editions":[],"url":"https:\/\/quaidesbrumes.com\/ouvrage\/9782756421780\/cest-toi-le-chat"},{"id":"9782258197725","title":"La vengeance du petit bagnard","description":"Marius a jur\u00e9 de se venger des s\u00e9vices endur\u00e9s au cours des ann\u00e9es pass\u00e9es dans le bagne pour enfants de l'\u00eele du Levant. Un drame familial doubl\u00e9 d'une \u00e9nigme polici\u00e8re \u00e0 suspense.\r\nMarius l'a reconnue aussit\u00f4t qu'il a pos\u00e9 le regard sur elle et hum\u00e9 son parfum : la tortionnaire de son enfance. Quatre ann\u00e9es durant, alors qu'il \u00e9tait un tr\u00e8s jeune d\u00e9tenu au bagne pour enfants que le Second Empire a cr\u00e9\u00e9 sur l'\u00eele du Levant, il a subi des s\u00e9vices sous le regard d'un myst\u00e9rieux voyeur, et il en a gard\u00e9 des cicatrices ind\u00e9l\u00e9biles, tant physiques que morales. Il a jur\u00e9 de d\u00e9couvrir l'identit\u00e9 du monstre. L'orphelin a grandi ; il est \u00e0 pr\u00e9sent l'homme de confi ance des puissantes filatures Redon, en Normandie, o\u00f9 l'ont men\u00e9 ses premi\u00e8res investigations.\r\n\r\n Un jour, le monstre est l\u00e0, devant lui. L'heure de la vengeance a sonn\u00e9. Mais ils sont nombreux autour de lui \u00e0 avoir des raisons de vouloir la mort de cet abominable personnage.\r\n\r\n \r\n\r\n Dans un suspense haletant,  La Vengeance du petit bagnard m\u00eale trag\u00e9die familiale, histoire d'amour et enqu\u00eate polici\u00e8re \u00e0 \u00e9nigme.","authors":["Florence Roche"],"category_codes":["1000000","1010000"],"visuals":{"large":"https:\/\/images.epagine.fr\/725\/9782258197725_1_75.jpg","medium":"https:\/\/images.epagine.fr\/725\/9782258197725_1_m.jpg","thumbnail":"https:\/\/images.epagine.fr\/725\/9782258197725_1_v.jpg"},"orderable":true,"show_badge":true,"formatted_price":"21,00&nbsp;\u20ac","formatted_published_date":"29 septembre 2022","publisher_availability_label":"Sur commande","short_details":"Florence Roche \u2014 Les Presses de la Cit\u00e9","translator":null,"weight":386,"page_count":288,"readership":null,"editor":"Les Presses de la Cit\u00e9","price":2100,"published_date":"2022-09-28T22:00:00.000000Z","support":"Grand format","publisher_availability":1,"stock":0,"editions":["9782379322389"],"url":"https:\/\/quaidesbrumes.com\/ouvrage\/9782258197725\/la-vengeance-du-petit-bagnard"},{"id":"9782253020387","title":"Appelez la sage-femme","description":"Londres, ann\u00e9es 1950. Jeune infirmi\u00e8re, Jennifer Worth d\u00e9cide de parfaire sa formation de sage-femme et rejoint les soeurs d'un couvent anglican, Nonnatus House, situ\u00e9 dans les docks de l'East End. \u00c0 22 ans, elle s'appr\u00eate \u00e0 vivre l'exp\u00e9rience de sa vie dans cette maternit\u00e9 qui vient en aide aux plus pauvres. R\u00e9cit de cet apprentissage, de sa rencontre avec les soeurs, alors qu'elle-m\u00eame ne croit pas en Dieu, mais aussi tableau des quartiers d\u00e9sh\u00e9rit\u00e9s du Londres d'apr\u00e8s-guerre, son t\u00e9moignage est \u00e0 la fois bouleversant et empreint d'optimisme.Aussi captivant qu'un roman, Appelez la sage-femme a connu un immense succ\u00e8s en Angleterre et a inspir\u00e9 la s\u00e9rie, Call the Midwife, diffus\u00e9e en France sur D8.","authors":["Jennifer Worth","Fran\u00e7oise Du Sorbier","Agn\u00e8s Ledig"],"category_codes":["1000000","1010000"],"visuals":{"large":"https:\/\/images.epagine.fr\/387\/9782253020387_1_75.jpg","medium":"https:\/\/images.epagine.fr\/387\/9782253020387_1_m.jpg","thumbnail":"https:\/\/images.epagine.fr\/387\/9782253020387_1_v.jpg"},"orderable":true,"show_badge":true,"formatted_price":"9,90&nbsp;\u20ac","formatted_published_date":"4 f\u00e9vrier 2015","publisher_availability_label":"Sur commande","short_details":"Jennifer Worth, Fran\u00e7oise Du Sorbier, Agn\u00e8s Ledig \u2014 Le Livre de Poche","translator":"FRANCOISE DU SORBIER","weight":264,"page_count":504,"readership":null,"editor":"Le Livre de Poche","price":990,"published_date":"2015-02-03T23:00:00.000000Z","support":"Poche","publisher_availability":1,"stock":0,"editions":["9782226248534"],"url":"https:\/\/quaidesbrumes.com\/ouvrage\/9782253020387\/appelez-la-sage-femme"},{"id":"9782014462982","title":"Le Bibliomane","description":"Le bibliomane \/ Charles Nodier ; vingt-quatre compositions de Maurice Leloir ; grav\u00e9es sur bois par F. No\u00ebl ; pr\u00e9face de R. Vallery-Radot\r\nDate de l'\u00e9dition originale : 1894\r\nLe pr\u00e9sent ouvrage s'inscrit dans une politique de conservation patrimoniale des ouvrages de la litt\u00e9rature Fran\u00e7aise mise en place avec la BNF.\r\nHACHETTE LIVRE et la BNF proposent ainsi un catalogue de titres indisponibles, la BNF ayant num\u00e9ris\u00e9 ces oeuvres et HACHETTE LIVRE les imprimant \u00e0 la demande.\r\nCertains de ces ouvrages refl\u00e8tent des courants de pens\u00e9e caract\u00e9ristiques de leur \u00e9poque, mais qui seraient aujourd'hui jug\u00e9s condamnables.\r\nIls n'en appartiennent pas moins \u00e0 l'histoire des id\u00e9es en France et sont susceptibles de pr\u00e9senter un int\u00e9r\u00eat scientifique ou historique.\r\nLe sens de notre d\u00e9marche \u00e9ditoriale consiste ainsi \u00e0 permettre l'acc\u00e8s \u00e0 ces oeuvres sans pour autant que nous en cautionnions en aucune fa\u00e7on le contenu.\r\nPour plus d'informations, rendez-vous sur www.hachettebnf.fr","authors":["Charles Nodier"],"category_codes":["1000000","1010000"],"visuals":{"large":"https:\/\/images.epagine.fr\/982\/9782014462982_1_75.jpg","medium":"https:\/\/images.epagine.fr\/982\/9782014462982_1_m.jpg","thumbnail":"https:\/\/images.epagine.fr\/982\/9782014462982_1_v.jpg"},"orderable":true,"show_badge":true,"formatted_price":"14,90&nbsp;\u20ac","formatted_published_date":"1er novembre 2016","publisher_availability_label":"Sur commande","short_details":"Charles Nodier \u2014 Hachette BNF","translator":null,"weight":127,"page_count":92,"readership":null,"editor":"Hachette BNF","price":1490,"published_date":"2016-10-31T23:00:00.000000Z","support":"Grand format","publisher_availability":1,"stock":0,"editions":[],"url":"https:\/\/quaidesbrumes.com\/ouvrage\/9782014462982\/le-bibliomane"},{"id":"9782824612324","title":"Un \u00e9t\u00e9 pour deux","description":"Elles se ressemblent comme deux gouttes d'eau et pourtant leurs caract\u00e8res sont aussi diff\u00e9rents que le jour et la nuit. Harper et Tabitha sont deux soeurs jumelles que la vie a s\u00e9par\u00e9es. L'insouciance et la d\u00e9contraction de l'une sont \u00e0 l'oppos\u00e9 de la rigueur et de l'\u00e9l\u00e9gance de l'autre.\r\n\r\nMais le destin les r\u00e9unit le jour o\u00f9 leur p\u00e8re d\u00e9c\u00e8de brutalement. Et elles constatent am\u00e8rement que ni l'une ni l'autre n'est heureuse. La derni\u00e8re rupture d'Harper a fait jaser toute l'\u00eele de Nantucket, tandis que Tabitha a bien du mal \u00e0 \u00e9lever seule sa fille adolescente sur l'\u00eele voisine de Martha's Vineyard.\r\n\r\nLes deux soeurs d\u00e9cident alors d'\u00e9changer leurs maisons et leurs vies, le temps de quelques mois. Une parenth\u00e8se pour faire le point et essayer de r\u00e9inventer leur quotidien. Avec des secrets de famille qui ressurgissent et de nouveaux amours, cet \u00e9t\u00e9 va changer leur vie \u00e0 tout jamais...\r\n\r\n\r\nUn \u00e9t\u00e9 inoubliable.Le bonheur, peut-\u00eatre.\r","authors":["Elin Hilderbrand"],"category_codes":["1000000","1010000"],"visuals":{"large":"https:\/\/images.epagine.fr\/324\/9782824612324_1_75.jpg","medium":"https:\/\/images.epagine.fr\/324\/9782824612324_1_m.jpg","thumbnail":"https:\/\/images.epagine.fr\/324\/9782824612324_1_v.jpg"},"orderable":true,"show_badge":true,"formatted_price":"19,50&nbsp;\u20ac","formatted_published_date":"20 juin 2018","publisher_availability_label":"Sur commande","short_details":"Elin Hilderbrand \u2014 City \u00c9ditions","translator":null,"weight":550,"page_count":416,"readership":null,"editor":"City \u00c9ditions","price":1950,"published_date":"2018-06-19T22:00:00.000000Z","support":"Grand format","publisher_availability":1,"stock":0,"editions":[],"url":"https:\/\/quaidesbrumes.com\/ouvrage\/9782824612324\/un-ete-pour-deux"},{"id":"9782894062470","title":"L'Antiphonaire","description":null,"authors":["Hubert Aquin","Gilles Th\u00e9rien"],"category_codes":["1000000","1010000"],"visuals":{"large":"https:\/\/images.epagine.fr\/470\/9782894062470_1_75.jpg","medium":"https:\/\/images.epagine.fr\/470\/9782894062470_1_m.jpg","thumbnail":"https:\/\/images.epagine.fr\/470\/9782894062470_1_v.jpg"},"orderable":true,"show_badge":true,"formatted_price":"17,50&nbsp;\u20ac","formatted_published_date":"6 avril 2007","publisher_availability_label":"Sur commande","short_details":"Hubert Aquin, Gilles Th\u00e9rien \u2014 Bibliotheque Quebecoise","translator":null,"weight":400,"page_count":488,"readership":null,"editor":"Bibliotheque Quebecoise","price":1750,"published_date":"2007-04-05T22:00:00.000000Z","support":"Grand format","publisher_availability":1,"stock":0,"editions":[],"url":"https:\/\/quaidesbrumes.com\/ouvrage\/9782894062470\/lantiphonaire"},{"id":"9782876735514","title":"Solution terminale","description":"Un monde cynique : le Monde V\u00e9n\u00e9rable. Un syst\u00e8me impitoyable et anonyme : la Pyramide. Au sommet, des \u00e9lites nanties, d'une vieillesse extr\u00eame, de plus en plus obs\u00e9d\u00e9es par leur protection et leur plaisir, r\u00eavent d'\u00e9ternelles vacances et exploitent sans vergogne le reste de la soci\u00e9t\u00e9. Dans cette galerie de monstres ordinaires, les \u00c9lus poussent la perversit\u00e9 jusqu'\u00e0 s'enfoncer dans leur propre enfance, alors qu'ils ont vol\u00e9 celle des jeunes gens, les Utilitaires, qui les servent. Autour d'eux, une masse sans volont\u00e9 (les Recycl\u00e9s), an\u00e9antie par sa d\u00e9gradation, vaque et vivote. Pourtant, dans ce jeu tragique o\u00f9 les r\u00f4les ont \u00e9t\u00e9 distribu\u00e9s une fois pour toutes et o\u00f9 le d\u00e9sastre semble programm\u00e9, la volont\u00e9 fragile et d\u00e9risoire de r\u00e9sister n'est pas \u00e9teinte.\r","authors":["Anne Maro"],"category_codes":["1000000","1010000"],"visuals":{"large":"https:\/\/images.epagine.fr\/514\/9782876735514_1_75.jpg","medium":"https:\/\/images.epagine.fr\/514\/9782876735514_1_m.jpg","thumbnail":"https:\/\/images.epagine.fr\/514\/9782876735514_1_v.jpg"},"orderable":true,"show_badge":true,"formatted_price":"17,30&nbsp;\u20ac","formatted_published_date":"18 ao\u00fbt 2011","publisher_availability_label":"Sur commande","short_details":"Anne Maro \u2014 CHAMP VALLON","translator":null,"weight":340,"page_count":248,"readership":null,"editor":"CHAMP VALLON","price":1730,"published_date":"2011-08-17T22:00:00.000000Z","support":"Grand format","publisher_availability":1,"stock":0,"editions":[],"url":"https:\/\/quaidesbrumes.com\/ouvrage\/9782876735514\/solution-terminale"},{"id":"9782493424006","title":"La m\u00e9lodie des sentiments","description":"Fr\u00e9d\u00e9ric, pianiste renomm\u00e9 et adul\u00e9 avance dans la vie sans se poser de question. Puis tout bascule le jour o\u00f9 il d\u00e9couvre que son agent n'est pas celui qu'il pr\u00e9tend \u00eatre.\r\nFlorian, capitaine de police, m\u00e8ne sa vie sereinement aux c\u00f4t\u00e9s de sa femme Charline. Seulement, le destin est volatil et il apprendra \u00e0 ses d\u00e9pens que rien n'est immuable.\r\nAu d\u00e9tour d'une enqu\u00eate, Florian et Fr\u00e9d\u00e9ric se croiseront et remettront en cause tout ce qu'ils pensaient d\u00e9j\u00e0 acquis.\r\nMais sont-ils seulement pr\u00eats \u00e0 recommencer \u00e0 vivre ?","authors":["Jane Yam"],"category_codes":["1000000","1010000"],"visuals":{"large":"https:\/\/images.epagine.fr\/006\/9782493424006_1_75.jpg","medium":"https:\/\/images.epagine.fr\/006\/9782493424006_1_m.jpg","thumbnail":"https:\/\/images.epagine.fr\/006\/9782493424006_1_v.jpg"},"orderable":true,"show_badge":true,"formatted_price":"16,00&nbsp;\u20ac","formatted_published_date":"14 janvier 2022","publisher_availability_label":"Sur commande","short_details":"Jane Yam \u2014 LES EDITIONS CAMELEON","translator":null,"weight":384,"page_count":264,"readership":null,"editor":"LES EDITIONS CAMELEON","price":1600,"published_date":"2022-01-13T23:00:00.000000Z","support":"Grand format","publisher_availability":1,"stock":0,"editions":[],"url":"https:\/\/quaidesbrumes.com\/ouvrage\/9782493424006\/la-melodie-des-sentiments"},{"id":"9782368124505","title":"Ceux qui voulaient voir la mer","description":"Quand Lilou d\u00e9cide de quitter Paris pour Nice avec son fils Marius, elle ne se doute pas que son arriv\u00e9e dans le Sud sera plus mouvement\u00e9e que pr\u00e9vue ! Entre ses cours de yoga un peu particuliers, sa vie de m\u00e8re c\u00e9libataire, son original de p\u00e8re et son m\u00e9tier d'agent de biblioth\u00e8que, la jeune femme n'a pas le temps de ch\u00f4mer. Pourtant, c'est avec beaucoup de douceur qu'elle discute avec Aurore, une vieille dame de 90 ans rencontr\u00e9e dans le parc voisin. Aurore qui attend toutes les semaines son grand amour, Albert, parti \u00e0 New York tenter sa chance apr\u00e8s la guerre. Lilou d\u00e9cide alors de tout faire pour retrouver le grand amour de son amie. Mais \u00e0 trop vouloir remuer le pass\u00e9, c'est le pr\u00e9sent qui va la rattraper...\r","authors":["Clarisse Sabard"],"category_codes":["1000000","1010000"],"visuals":{"large":"https:\/\/images.epagine.fr\/505\/9782368124505_1_75.jpg","medium":"https:\/\/images.epagine.fr\/505\/9782368124505_1_m.jpg","thumbnail":"https:\/\/images.epagine.fr\/505\/9782368124505_1_v.jpg"},"orderable":true,"show_badge":true,"formatted_price":"19,00&nbsp;\u20ac","formatted_published_date":"19 mars 2019","publisher_availability_label":"Sur commande","short_details":"Clarisse Sabard \u2014 Charleston","translator":null,"weight":389,"page_count":317,"readership":null,"editor":"Charleston","price":1900,"published_date":"2019-03-18T23:00:00.000000Z","support":"Grand format","publisher_availability":1,"stock":0,"editions":["9782266300421"],"url":"https:\/\/quaidesbrumes.com\/ouvrage\/9782368124505\/ceux-qui-voulaient-voir-la-mer"},{"id":"9782764445723","title":"J'irai d\u00e9terrer mon p\u00e8re","description":"\u00c0 29 ans, Charlie n'a plus de temps \u00e0 perdre. Sa liste de choses \u00e0 r\u00e9gler est interminable. Elle entreprend un p\u00e9riple vers le pardon et le deuil, accompagn\u00e9e de son fr\u00e8re d\u00e9test\u00e9, de sa cheeky best friend, du fant\u00f4me de son p\u00e8re, de sa m\u00e8re trop intense et de son amoureux qu'elle soup\u00e7onne de garder dans ses poumons le parfum d'une autre femme.\r\n\r\nUn r\u00e9cit port\u00e9 par une prose \u00e0 la fois crue et candide, qui fait jaillir la lumi\u00e8re m\u00eame dans ses coins les plus sombres.\r","authors":["Catherine Larochelle"],"category_codes":["1000000","1010000"],"visuals":{"large":"https:\/\/images.epagine.fr\/723\/9782764445723_1_75.jpg","medium":"https:\/\/images.epagine.fr\/723\/9782764445723_1_m.jpg","thumbnail":"https:\/\/images.epagine.fr\/723\/9782764445723_1_v.jpg"},"orderable":true,"show_badge":true,"formatted_price":"18,00&nbsp;\u20ac","formatted_published_date":"15 mars 2022","publisher_availability_label":"Sur commande","short_details":"Catherine Larochelle \u2014 Qu\u00e9bec Am\u00e9rique","translator":null,"weight":263,"page_count":232,"readership":"Tout public","editor":"Qu\u00e9bec Am\u00e9rique","price":1800,"published_date":"2022-03-14T23:00:00.000000Z","support":"Grand format","publisher_availability":1,"stock":0,"editions":[],"url":"https:\/\/quaidesbrumes.com\/ouvrage\/9782764445723\/jirai-deterrer-mon-pere"},{"id":"9782875050083","title":"Une descente dans le Maelstrom","description":"Ce bookleg a \u00e9t\u00e9 r\u00e9alis\u00e9 \u00e0 l'occasion du bicentenaire de la naissance d'Edgar Allan Poe.\r\n\r\nVous prendrez peut-\u00eatre cela pour une fanfaronnade,\u00a0mais ce que je vous dis est la v\u00e9rit\u00e9 : je commen\u00e7ai \u00e0 songer\u00a0quelle magnifique chose c'\u00e9tait de mourir d'une pareille mani\u00e8re,\u00a0et combien il \u00e9tait sot \u00e0 moi de m'occuper d'un aussi vulgaire\u00a0int\u00e9r\u00eat que ma conservation individuelle, en face d'une\u00a0si prodigieuse manifestation de la puissance de Dieu.\u00a0Je crois que je rougis de honte quand cette id\u00e9e\u00a0traversa mon esprit.\r\nPeu d'instants apr\u00e8s, je fus poss\u00e9d\u00e9 de la plus\u00a0ardente curiosit\u00e9 relativement au tourbillon lui-m\u00eame.\u00a0Je sentis positivement le d\u00e9sir d'explorer ses profondeurs,\u00a0m\u00eame au prix du sacrifice que j'allais faire ;\u00a0mon principal chagrin \u00e9tait de penser que je ne pourrais\u00a0jamais raconter \u00e0 mes vieux camarades les myst\u00e8res que j'allais conna\u00eetre. C'\u00e9taient l\u00e0, sans doute, de singuli\u00e8res\u00a0pens\u00e9es pour occuper l'esprit d'un homme dans une pareille extr\u00e9mit\u00e9, et j'ai souvent eu l'id\u00e9e\u00a0depuis lors que les \u00e9volutions du bateau autour du gouffre m'avaient un peu \u00e9tourdi la t\u00eate...\r\n","authors":["Edgar Allan Poe"],"category_codes":["1000000","1010000","1010100"],"visuals":{"large":"https:\/\/images.epagine.fr\/083\/9782875050083_1_75.jpg","medium":"https:\/\/images.epagine.fr\/083\/9782875050083_1_m.jpg","thumbnail":"https:\/\/images.epagine.fr\/083\/9782875050083_1_v.jpg"},"orderable":true,"show_badge":true,"formatted_price":"3,00&nbsp;\u20ac","formatted_published_date":"8 f\u00e9vrier 2013","publisher_availability_label":"Sur commande","short_details":"Edgar Allan Poe \u2014 Maelstr\u00d6m re\u00c9volution","translator":null,"weight":40,"page_count":40,"readership":null,"editor":"Maelstr\u00d6m re\u00c9volution","price":300,"published_date":"2013-02-07T23:00:00.000000Z","support":"Poche","publisher_availability":1,"stock":0,"editions":[],"url":"https:\/\/quaidesbrumes.com\/ouvrage\/9782875050083\/une-descente-dans-le-maelstrom"},{"id":"9782702180327","title":"Les petits papiers de Marie-Lou","description":"F\u00ealures secr\u00e8tes dans une dynastie bordelaise.\r\n\r\nDans les ann\u00e9es 70, Marie-Lou Beltran, serveuse \u00e0 L'Auberge du bonheur, vit avec sa fille, Dora, et sa m\u00e8re, Luce, dans la maison familiale du quartier des Chartrons \u00e0 Bordeaux. La main verte de Luce et les talents culinaires de Marie-Lou font merveille pour cr\u00e9er un cocon harmonieux.\r\n\r\nUn trouble na\u00eet lorsque pour son anniversaire, Marie-Lou offre \u00e0 Dora une magnifique poup\u00e9e, d\u00e9nich\u00e9e chez un antiquaire. Les femmes Beltran constatent bient\u00f4t que la poup\u00e9e suscite des ph\u00e9nom\u00e8nes \u00e9tranges.\r\n\r\nUn m\u00e9dium pr\u00e9tend qu'elle est habit\u00e9e par l'esprit d'un proche assassin\u00e9. Comment ne pas penser au p\u00e8re de Marie-Lou, Josu\u00e9, et \u00e0 son oncle, F\u00e9r\u00e9ol, morts en h\u00e9ros sur leurs arpents de vigne \u00e0 Saint-\u00c9milion, alors sous la botte allemande ?\r\n\r\nPrise dans un engrenage de manifestations surnaturelles, butant sur le silence de Luce, Marie-Lou va devoir affronter les d\u00e9mons d'une histoire familiale tourment\u00e9e...","authors":["Corinne Javelaud"],"category_codes":["1000000","1010000"],"visuals":{"large":"https:\/\/images.epagine.fr\/327\/9782702180327_1_75.jpg","medium":"https:\/\/images.epagine.fr\/327\/9782702180327_1_m.jpg","thumbnail":"https:\/\/images.epagine.fr\/327\/9782702180327_1_v.jpg"},"orderable":true,"show_badge":true,"formatted_price":"18,50&nbsp;\u20ac","formatted_published_date":"24 f\u00e9vrier 2021","publisher_availability_label":"Sur commande","short_details":"Corinne Javelaud \u2014 Calmann-L\u00e9vy","translator":null,"weight":380,"page_count":368,"readership":null,"editor":"Calmann-L\u00e9vy","price":1850,"published_date":"2021-02-23T23:00:00.000000Z","support":"Grand format","publisher_availability":1,"stock":0,"editions":[],"url":"https:\/\/quaidesbrumes.com\/ouvrage\/9782702180327\/les-petits-papiers-de-marie-lou"},{"id":"9791041809875","title":"Katia","description":"Est\u00e1bamos de luto por la muerte de nuestra madre, ocurrida el anterior, y pasamos todo el invierno en \u00e9l campo, las tres solas: Macha, y yo. Macha era una antigua amiga de la casa; hab\u00eda sido nuestra aya, hab\u00eda educado a todas. Mis recuerdos, as\u00ed como mi afecto por remont\u00e1banse tan lejos como los recuerdos de m\u00ed misma.\r\nSonia era mi hermana menor.\r\noto\u00f1o Sonia\r\ny nos ella,\r\nEl invierno transcurri\u00f3 para nosotras sombr\u00edo y triste, en nuestra vieja morada de Poltrovski. El tiempo fue tan fr\u00edo y ventoso, que la nieve lleg\u00f3 a amontonarse a mayor altura que las ventanas, las cuales estaban casi continuamente cubiertas de hielo y empa\u00f1adas; por otra parte, apenas pudimos salir a pasear durante casi toda la temporada. Era muy raro que viniera alguien a vernos, y quienes nos visitaban no tra\u00edan alegr\u00eda ni jovialidad a nuestra casa. Todo ofrec\u00edan: un rostro apenado, hablaban en voz baja, como si tuviesen miedo de despertar a alguien; procuraban no re\u00edr; suspiraban y, a menudo, lloraban al mirarme, sobre todo a la vista de mi pobre Sonia, vestida con su trajecito negro. En la casa todo revelaba, de una u otra manera, la muerte cercana; la aflicci\u00f3n y el horror de la p\u00e9rdida flotaban en el aire. El cuarto de mam\u00e1 segu\u00eda cerrado, y yo sent\u00eda un malestar cruel, a la par que un deseo irresistible de dirigir una furtiva mirada al interior de aquel fr\u00edo y desierto aposento, cuando pasaba cerca del mismo al irme a acostar.","authors":["L\u00e9on Tolsto\u00ef"],"category_codes":["1000000","1010000"],"visuals":{"large":"https:\/\/images.epagine.fr\/875\/9791041809875_1_75.jpg","medium":"https:\/\/images.epagine.fr\/875\/9791041809875_1_m.jpg","thumbnail":"https:\/\/images.epagine.fr\/875\/9791041809875_1_v.jpg"},"orderable":true,"show_badge":true,"formatted_price":"11,99&nbsp;\u20ac","formatted_published_date":"29 mai 2023","publisher_availability_label":"Sur commande","short_details":"L\u00e9on Tolsto\u00ef \u2014 Culturea","translator":null,"weight":138,"page_count":78,"readership":null,"editor":"Culturea","price":1199,"published_date":"2023-05-28T22:00:00.000000Z","support":"Grand format","publisher_availability":1,"stock":0,"editions":[],"url":"https:\/\/quaidesbrumes.com\/ouvrage\/9791041809875\/katia"},{"id":"9782923335858","title":"Reste encore un peu","description":"Tu m'as d\u00e9truite.  En tout cas, j'y ai cru un moment.  Un bon, long moment.  J'ai cru qu'il n'y avait m\u00eame plus d'espace pour me reconstruire.  Plus rien.  Peut-\u00eatre que c'est \u00e7a que \u00e7a prenait.  Me briser au grand complet.  M'an\u00e9antir.  Pour pouvoir mieux reb\u00e2tir.  Partir de rien.  Recommencer \u00e0 z\u00e9ro.  Pour faire \u00e7a plus solide, plus beau.\r\n\r\nPerrine Madern signe un roman d'amour et d'amiti\u00e9 poignant et vrai, qui tient sa puissance dans le ton \u00e0 la fois m\u00e9lancolique et incisif de la narratrice.  Reste encore un peu r\u00e9v\u00e8le qu'il faut apprendre \u00e0 se reconstruire, malgr\u00e9 la douleur et les pertes.","authors":["Perrine Madern"],"category_codes":["1000000","1010000"],"visuals":{"large":"https:\/\/images.epagine.fr\/858\/9782923335858_1_75.jpg","medium":"https:\/\/images.epagine.fr\/858\/9782923335858_1_m.jpg","thumbnail":"https:\/\/images.epagine.fr\/858\/9782923335858_1_v.jpg"},"orderable":true,"show_badge":true,"formatted_price":"24,00&nbsp;\u20ac","formatted_published_date":"16 janvier 2018","publisher_availability_label":"Sur commande","short_details":"Perrine Madern \u2014 Au Carre","translator":null,"weight":501,"page_count":null,"readership":"Tout public","editor":"Au Carre","price":2400,"published_date":"2018-01-15T23:00:00.000000Z","support":"Grand format","publisher_availability":1,"stock":0,"editions":[],"url":"https:\/\/quaidesbrumes.com\/ouvrage\/9782923335858\/reste-encore-un-peu"},{"id":"9782011315946","title":"Un p\u00e2tre du Cantal","description":"Un p\u00e2tre du Cantal... \/ P. Besson...\r\nDate de l'\u00e9dition originale : 1917 Appartient \u00e0 l'ensemble documentaire : Auvergn1 Ce livre est la reproduction fid\u00e8le d'une oeuvre publi\u00e9e avant 1920 et fait partie d'une collection de livres r\u00e9imprim\u00e9s \u00e0 la demande \u00e9dit\u00e9e par Hachette Livre, dans le cadre d'un partenariat avec la Biblioth\u00e8que nationale de France, offrant l'opportunit\u00e9 d'acc\u00e9der \u00e0 des ouvrages anciens et souvent rares issus des fonds patrimoniaux de la BnF.\r\nLes oeuvres faisant partie de cette collection ont \u00e9t\u00e9 num\u00e9ris\u00e9es par la BnF et sont pr\u00e9sentes sur Gallica, sa biblioth\u00e8que num\u00e9rique.\r\n\r\nEn entreprenant de redonner vie \u00e0 ces ouvrages au travers d'une collection de livres r\u00e9imprim\u00e9s \u00e0 la demande, nous leur donnons la possibilit\u00e9 de rencontrer un public \u00e9largi et participons \u00e0 la transmission de connaissances et de savoirs parfois difficilement accessibles.\r\nNous avons cherch\u00e9 \u00e0 concilier la reproduction fid\u00e8le d'un livre ancien \u00e0 partir de sa version num\u00e9ris\u00e9e avec le souci d'un confort de lecture optimal. Nous esp\u00e9rons que les ouvrages de cette nouvelle collection vous apporteront enti\u00e8re satisfaction.\r\n\r\nPour plus d'informations, rendez-vous sur www.hachettebnf.fr\r","authors":["Pierre Besson"],"category_codes":["1000000","1010000"],"visuals":{"large":"https:\/\/images.epagine.fr\/946\/9782011315946_1_75.jpg","medium":"https:\/\/images.epagine.fr\/946\/9782011315946_1_m.jpg","thumbnail":"https:\/\/images.epagine.fr\/946\/9782011315946_1_v.jpg"},"orderable":true,"show_badge":true,"formatted_price":"16,50&nbsp;\u20ac","formatted_published_date":"1er ao\u00fbt 2016","publisher_availability_label":"Sur commande","short_details":"Pierre Besson \u2014 Hachette BNF","translator":null,"weight":205,"page_count":138,"readership":null,"editor":"Hachette BNF","price":1650,"published_date":"2016-07-31T22:00:00.000000Z","support":"Grand format","publisher_availability":1,"stock":0,"editions":[],"url":"https:\/\/quaidesbrumes.com\/ouvrage\/9782011315946\/un-patre-du-cantal"},{"id":"9782259205986","title":"L'oubli","description":"Une histoire romanesque d'un homme \u00e0 la recherche de son p\u00e8re sur fond de civilisation vietnamienne.\r\nFils d'un l\u00e9gionnaire fran\u00e7ais et de sa compagne annamite, Claude Mader profite d'une mission scientifique au Vietnam pour tenter de retrouver les traces de son p\u00e8re disparu en Indochine en 1951. Parti \u00e9tablir une carte de l'ancien empire champa du temps de sa splendeur, il est pris avec passion par ce double myst\u00e8re : celui de la disparition hier d'un empire ; celui, aujourd'hui, de la disparition d'un homme. Et la piste est la m\u00eame ! De r\u00e9seau en r\u00e9seau, de personnages surprenants en personnages \u00e9tonnants, des bas-fonds de Saigon aux jungles des hauts plateaux vietnamiens, cette qu\u00eate entra\u00eene le lecteur dans un voyage extraordinaire sur fond inconnu de trafic d'animaux sauvages. \r\n Qui gagnera, le souvenir ou l'oubli ? \r\n \r\n Tout l'art de conteur de Jean Fran\u00e7ois Deniau pour une histoire superbe.","authors":["Jean-fran\u00e7ois Deniau"],"category_codes":["1000000","1010000"],"visuals":{"large":"https:\/\/images.epagine.fr\/986\/9782259205986_1_75.jpg","medium":"https:\/\/images.epagine.fr\/986\/9782259205986_1_m.jpg","thumbnail":"https:\/\/images.epagine.fr\/986\/9782259205986_1_v.jpg"},"orderable":true,"show_badge":true,"formatted_price":"21,00&nbsp;\u20ac","formatted_published_date":"11 janvier 2007","publisher_availability_label":"Sur commande","short_details":"Jean-fran\u00e7ois Deniau \u2014 Plon","translator":null,"weight":232,"page_count":158,"readership":null,"editor":"Plon","price":2100,"published_date":"2007-01-10T23:00:00.000000Z","support":"Grand format","publisher_availability":1,"stock":0,"editions":[],"url":"https:\/\/quaidesbrumes.com\/ouvrage\/9782259205986\/loubli"},{"id":"9791033902737","title":"Toi et moi","description":"Depuis son divorce, Harper James ne croit plus en l'amour ni aux hommes. Elle redoute le mariage de sa soeur avec le demi-fr\u00e8re de son ex-mari. Le revoir et affronter les blessures du pass\u00e9 ne l'enchantent gu\u00e8re.\r","authors":["Kristan Higgins","Sophie Dalle"],"category_codes":["1000000","1010000"],"visuals":{"large":"https:\/\/images.epagine.fr\/737\/9791033902737_1_75.jpg","medium":"https:\/\/images.epagine.fr\/737\/9791033902737_1_m.jpg","thumbnail":"https:\/\/images.epagine.fr\/737\/9791033902737_1_v.jpg"},"orderable":true,"show_badge":true,"formatted_price":"7,90&nbsp;\u20ac","formatted_published_date":"14 octobre 2020","publisher_availability_label":"Sur commande","short_details":"Kristan Higgins, Sophie Dalle \u2014 HarperCollins France","translator":"SOPHIE DALLE","weight":188,"page_count":352,"readership":null,"editor":"HarperCollins France","price":790,"published_date":"2020-10-13T22:00:00.000000Z","support":"Poche","publisher_availability":1,"stock":0,"editions":[],"url":"https:\/\/quaidesbrumes.com\/ouvrage\/9791033902737\/toi-et-moi"},{"id":"9782366581829","title":"L'ours","description":"\u00ab Une \u00e9pop\u00e9e tendre, troublante et terrifiante. \u00bb O Magazine \u00ab L'Ours m'a tenu en haleine toute la nuit... Terriblement touchant. \u00bb Herman Koch, auteur de Le D\u00eener Anna, 5 ans, et son petit fr\u00e8re Stick campent avec leurs parents dans un parc naturel sauvage lorsqu'ils sont surpris en pleine nuit par ce que la petite fille confond avec un gros chien. Le lendemain, Anna d\u00e9couvre qu'elle et Stick sont d\u00e9sormais seuls, et que c'est \u00e0 elle, la \u00ab grande \u00bb, qu'il incombe de prot\u00e9ger son fr\u00e8re. D\u00e9bute alors pour les deux enfants isol\u00e9s une dangereuse errance...\r\n\r\nLes mots d'une petite fille essayant de donner un sens \u00e0 un monde soudainement devenu hostile conf\u00e8rent \u00e0 ce roman une puissance toute particuli\u00e8re. Entre Into the Wild et Room, un vrai tour de force.","authors":["Claire Cameron","Bernard Cohen"],"category_codes":["1000000","1010000"],"visuals":{"large":"https:\/\/images.epagine.fr\/829\/9782366581829_1_75.jpg","medium":"https:\/\/images.epagine.fr\/829\/9782366581829_1_m.jpg","thumbnail":"https:\/\/images.epagine.fr\/829\/9782366581829_1_v.jpg"},"orderable":true,"show_badge":true,"formatted_price":"22,70&nbsp;\u20ac","formatted_published_date":"21 janvier 2016","publisher_availability_label":"Sur commande","short_details":"Claire Cameron, Bernard Cohen \u2014 KERO","translator":"BERNARD COHEN","weight":387,"page_count":284,"readership":null,"editor":"KERO","price":2270,"published_date":"2016-01-20T23:00:00.000000Z","support":"Grand format","publisher_availability":1,"stock":0,"editions":[],"url":"https:\/\/quaidesbrumes.com\/ouvrage\/9782366581829\/lours"},{"id":"9781408707524","title":"I Hid My Voice","description":null,"authors":["Parinoush Saniee"],"category_codes":["1000000","1000000"],"visuals":{"large":"https:\/\/images.epagine.fr\/524\/9781408707524_1_75.jpg","medium":"https:\/\/images.epagine.fr\/524\/9781408707524_1_m.jpg","thumbnail":"https:\/\/images.epagine.fr\/524\/9781408707524_1_v.jpg"},"orderable":true,"show_badge":true,"formatted_price":"21,40&nbsp;\u20ac","formatted_published_date":"21 juillet 2016","publisher_availability_label":"Sur commande","short_details":"Parinoush Saniee \u2014 Little Brown UK","translator":null,"weight":380,"page_count":213,"readership":null,"editor":"Little Brown UK","price":2140,"published_date":"2016-07-20T22:00:00.000000Z","support":"Grand format","publisher_availability":1,"stock":0,"editions":[],"url":"https:\/\/quaidesbrumes.com\/ouvrage\/9781408707524\/i-hid-my-voice"}]}