{"data":[{"id":"9782844900388","title":"Susanna","description":"Susanna est le dernier texte de Gertrud Kolmar. Compos\u00e9 au cours de l'hiver 1939, il met en sc\u00e8ne les souvenirs d'une rencontre, celle d'une gouvernante et de son \u00e9l\u00e8ve , une jeune fille tr\u00e8s belle, mais perturb\u00e9e mentalement. La tension dramatique na\u00eet de leur diff\u00e9rence, la gouvernante \u00e9tant raisonnable, apparemment insensible et \u00e9trang\u00e8re aux choses de l'amour ; la jeune fille en revanche, est un \u00eatre fantasque, tr\u00e8s vivant, une sorte d'animal f\u00e9\u00e9rique, hors du temps... Elle conna\u00eetra un amour innocent, mais vrai. Cette confrontation, tout autant que la fin brutale du r\u00e9cit, ressuscitent un monde en perdition et l'impuissance de l'auteur face \u00e0 un avenir sans lendemain, celui des Juifs allemands.","authors":["Gertrud Kolmar"],"category_codes":["1000000","1010000"],"visuals":{"large":"https:\/\/images.epagine.fr\/388\/9782844900388_1_75.jpg","medium":"https:\/\/images.epagine.fr\/388\/9782844900388_1_m.jpg","thumbnail":"https:\/\/images.epagine.fr\/388\/9782844900388_1_v.jpg"},"orderable":true,"show_badge":true,"formatted_price":"12,17&nbsp;\u20ac","formatted_published_date":"5 octobre 2000","publisher_availability_label":"Sur commande","short_details":"Gertrud Kolmar \u2014 \u00c9ditions Verdier","translator":null,"weight":200,"page_count":null,"readership":null,"editor":"\u00c9ditions Verdier","price":1217,"published_date":"2000-10-04T22:00:00.000000Z","support":"Grand format","publisher_availability":1,"stock":0,"editions":[],"url":"https:\/\/quaidesbrumes.com\/ouvrage\/9782844900388\/susanna"},{"id":"9782918111092","title":"Univoco furioso","description":null,"authors":["Benito-Tib-Gordon"],"category_codes":["1000000","1010000"],"visuals":{"large":"https:\/\/images.epagine.fr\/092\/9782918111092_1_75.jpg","medium":"https:\/\/images.epagine.fr\/092\/9782918111092_1_m.jpg","thumbnail":"https:\/\/images.epagine.fr\/092\/9782918111092_1_v.jpg"},"orderable":true,"show_badge":true,"formatted_price":"18,00&nbsp;\u20ac","formatted_published_date":"27 janvier 2011","publisher_availability_label":"Sur commande","short_details":"Benito-Tib-Gordon \u2014 Scutella","translator":null,"weight":170,"page_count":44,"readership":null,"editor":"Scutella","price":1800,"published_date":"2011-01-26T23:00:00.000000Z","support":"Grand format","publisher_availability":1,"stock":0,"editions":[],"url":"https:\/\/quaidesbrumes.com\/ouvrage\/9782918111092\/univoco-furioso"},{"id":"9782082105569","title":"Givree","description":"Mais qui est givr\u00e9e ? Est-ce Marie l'effront\u00e9e que le sexe ennuie ? l'histoire de cette accumulation de r\u00e9frig\u00e9rateurs ? Quel rapport y a-t-il entre les centres d'appels et la paternit\u00e9 ? entre l'amour et l'\u00e9lectrom\u00e9nager ? Un roman aussi givr\u00e9 que son titre, o\u00f9 vous n'apprendrez pas tout sur le frigo.\r","authors":["Alain Monnier"],"category_codes":["1000000","1010000"],"visuals":{"large":"https:\/\/images.epagine.fr\/569\/9782082105569_1_75.jpg","medium":"https:\/\/images.epagine.fr\/569\/9782082105569_1_m.jpg","thumbnail":"https:\/\/images.epagine.fr\/569\/9782082105569_1_v.jpg"},"orderable":true,"show_badge":true,"formatted_price":"15,30&nbsp;\u20ac","formatted_published_date":"1er mars 2006","publisher_availability_label":"Sur commande","short_details":"Alain Monnier \u2014 Flammarion","translator":null,"weight":245,"page_count":185,"readership":null,"editor":"Flammarion","price":1530,"published_date":"2006-02-28T23:00:00.000000Z","support":"Grand format","publisher_availability":1,"stock":0,"editions":[],"url":"https:\/\/quaidesbrumes.com\/ouvrage\/9782082105569\/givree"},{"id":"9782213599137","title":"Mes dernieres annees","description":"\" En 1933, j'avais vingt-cinq ans et je devais terminer mes \u00e9tudes universitaires. Mais je ne me pr\u00e9sentai m\u00eame pas aux examens. Je v\u00e9cus ces deux ann\u00e9es dans l'enfer, un enfer \u00e0 me rendre fou. J'obtins \u00e0 force de supplications aupr\u00e8s de ma famille un sursis d'un an. Je trahis ma promesse une ann\u00e9e de plus, et encore l'ann\u00e9e suivante. Plong\u00e9 dans une culpabilit\u00e9 mortifiante, le m\u00e9pris de moi-m\u00eame et la terreur, j'\u00e9crivais; je ciselais une s\u00e9rie de nouvelles que j'appelai  \" testament \". Je pariais ma vie sur ces \u00e9crits. Trois, quatre... je pla\u00e7ai soigneusement mes textes dans une grande enveloppe, sur laquelle je tra\u00e7ai \u00e0 l'encre noire avec un pinceau Mes derni\u00e8res ann\u00e9es. \"Du Journal d'un carquois en galuchat, qui conte de mani\u00e8re envo\u00fbtante la m\u00e9tamorphose d'une jeune fille en poisson, \u00e0 Feux follets dans un cimeti\u00e8re, o\u00f9 se nouent les instants brefs de plusieurs destin\u00e9es, en passant par Souvenirs, fable autobiographique d'une enfance dans la campagne japonaise du d\u00e9but du si\u00e8cle, les quinze r\u00e9cits de ce recueil publi\u00e9 en 1936 devaient constituer non pas le testament d'Osamu Dazai, mais le point de d\u00e9part de son oeuvre romanesque.Osamu Dazai (1909-1948) \u00e9tait issu d'une influente famille de riches propri\u00e9taires terriens du nord du Japon. Sa vocation d'\u00e9crivain naquit d\u00e8s ses ann\u00e9es de lyc\u00e9e. Tr\u00e8s marqu\u00e9, dans son adolescence, par le suicide de l'\u00e9crivain Akutagawa, il vint \u00e0 T\u00f4ky\u00f4 pour ses \u00e9tudes, mais en r\u00e9alit\u00e9 fr\u00e9quenta peu l'universit\u00e9, fraya un temps avec le mouvement communiste clandestin et se consacra \u00e0 l'\u00e9criture. Sa vie de plaisirs fut \u00e9galement marqu\u00e9e par la morphine \u00e0 laquelle il s'accoutuma \u00e0 la suite d'une op\u00e9ration et par de nombreuses tentatives de suicide, dont la derni\u00e8re lui fut fatale. Sont d\u00e9j\u00e0 parus en fran\u00e7ais, entre autres: Soleil couchant, la D\u00e9ch\u00e9ance d'un homme, Cent vues du mont Fuji.","authors":["Dazai-O"],"category_codes":["1000000","1010000"],"visuals":{"large":"https:\/\/images.epagine.fr\/137\/9782213599137_1_75.jpg","medium":"https:\/\/images.epagine.fr\/137\/9782213599137_1_m.jpg","thumbnail":"https:\/\/images.epagine.fr\/137\/9782213599137_1_v.jpg"},"orderable":true,"show_badge":true,"formatted_price":"26,00&nbsp;\u20ac","formatted_published_date":"7 mai 1997","publisher_availability_label":"Sur commande","short_details":"Dazai-O \u2014 Fayard","translator":null,"weight":498,"page_count":336,"readership":null,"editor":"Fayard","price":2600,"published_date":"1997-05-06T22:00:00.000000Z","support":"Grand format","publisher_availability":1,"stock":0,"editions":[],"url":"https:\/\/quaidesbrumes.com\/ouvrage\/9782213599137\/mes-dernieres-annees"},{"id":"9782868698421","title":"Les chroniques du sous-chantre","description":null,"authors":["Alvaro Cunqueiro"],"category_codes":["1000000","1010000"],"visuals":{"large":"https:\/\/quaidesbrumes.com\/img\/book-placeholder.png","medium":"https:\/\/quaidesbrumes.com\/img\/book-placeholder.png","thumbnail":"https:\/\/quaidesbrumes.com\/img\/book-placeholder.png"},"orderable":true,"show_badge":true,"formatted_price":"15,20&nbsp;\u20ac","formatted_published_date":"10 ao\u00fbt 1993","publisher_availability_label":"Sur commande","short_details":"Alvaro Cunqueiro \u2014 Actes Sud","translator":null,"weight":170,"page_count":null,"readership":null,"editor":"Actes Sud","price":1520,"published_date":"1993-08-09T22:00:00.000000Z","support":"Grand format","publisher_availability":1,"stock":0,"editions":["9782738409904"],"url":"https:\/\/quaidesbrumes.com\/ouvrage\/9782868698421\/les-chroniques-du-sous-chantre"},{"id":"9782848052120","title":"J'y suis presque","description":"\u00ab Je ne savais pas que je m'embarquais pour un voyage quand j'ai \u00e9crit les premiers mots de On s'est d\u00e9j\u00e0 vu quelque part ?, et je ne pensais pas que des eaux calmes m'attendaient peut-\u00eatre, moi aussi. Mais je comprends qu'un mouvement a commenc\u00e9 \u00e0 ce moment-l\u00e0 qui ne sera pas termin\u00e9 avant que je connaisse la s\u00e9r\u00e9nit\u00e9. Sans doute parce que je peux entrevoir le lac de la pi\u00e8ce o\u00f9 j'\u00e9cris cela, je me dis parfois que j'y arrive, que j'y suis presque \u00bb.\r\n\r\nAvec le succ\u00e8s de On s'est d\u00e9j\u00e0 vu quelque part ?, son premier r\u00e9cit autobiographique (SW poche, 2015), tr\u00e8s rapidement suivi d'un roman, Chim\u00e8res (Sabine Wespieser \u00e9diteur, 2004), la vie de Nuala O'Faolain a radicalement chang\u00e9 : d'\u00e9ditorialiste solitaire, les pieds solidement ancr\u00e9s dans la terre irlandaise, elle est devenue un \u00e9crivain reconnu, install\u00e9 une partie de l'ann\u00e9e aux \u00c9tats-Unis.\r\nIntelligent, lucide et g\u00e9n\u00e9reux, J'y suis presque (premi\u00e8re \u00e9dition : 2005), son deuxi\u00e8me livre de m\u00e9moires, est avant tout le roman d'une vie, la sienne : celle d'une femme dans la cinquantaine \u00e0 qui tout sourit enfin, mais dont la qu\u00eate de s\u00e9r\u00e9nit\u00e9 se heurte sans tr\u00eave aux fant\u00f4mes du pass\u00e9. Si elle y est presque, rien n'est jamais gagn\u00e9, et c'est \u00e0 la lumi\u00e8re de cette contradiction intime que s'est \u00e9crite l'oeuvre intense de cet auteur trop t\u00f4t disparu (n\u00e9e en 1940, Nuala O'Faolain est morte en 2008).","authors":["Nuala O'faolain","Stephane Camille"],"category_codes":["1000000","1010000"],"visuals":{"large":"https:\/\/images.epagine.fr\/120\/9782848052120_1_75.jpg","medium":"https:\/\/images.epagine.fr\/120\/9782848052120_1_m.jpg","thumbnail":"https:\/\/images.epagine.fr\/120\/9782848052120_1_v.jpg"},"orderable":true,"show_badge":true,"formatted_price":"11,00&nbsp;\u20ac","formatted_published_date":"3 novembre 2016","publisher_availability_label":"Sur commande","short_details":"Nuala O'faolain, Stephane Camille \u2014 Sabine Wespieser \u00c9diteur","translator":"STEPHANE CAMILLE","weight":206,"page_count":296,"readership":null,"editor":"Sabine Wespieser \u00c9diteur","price":1100,"published_date":"2016-11-02T23:00:00.000000Z","support":"Poche","publisher_availability":1,"stock":0,"editions":[],"url":"https:\/\/quaidesbrumes.com\/ouvrage\/9782848052120\/jy-suis-presque"},{"id":"9791026905981","title":"Amandine","description":"Jean a disparu depuis trop longtemps. Il est s\u00fbrement tomb\u00e9 au champ d'honneur \u00e0 Verdun. C'est du moins ce que pense son \u00e9pouse, Amandine. En attendant des jours meilleurs, elle se r\u00e9fugie avec son fils chez sa belle-m\u00e8re Marie qui la d\u00e9teste. Amandine n'a qu'un r\u00eave : partir dans le Sud de la France d\u00e8s que l'\u00c9tat lui accordera une pension. Jusqu'\u00e0 ce qu'elle re\u00e7oive une lettre anonyme pr\u00e9tendant que Jean est bien vivant...\r\n\u00c9dition adapt\u00e9e facile \u00e0 lire : malvoyance ; fatigue visuelle ; troubles de l'apprentissage ; troubles cognitifs ; troubles DYS ; dyslexie ; dysgraphie ; TDA\/H ; alphab\u00e9tisation, FLE.","authors":["Marie de Palet"],"category_codes":["1000000","1010000"],"visuals":{"large":"https:\/\/images.epagine.fr\/981\/9791026905981_1_75.jpg","medium":"https:\/\/images.epagine.fr\/981\/9791026905981_1_m.jpg","thumbnail":"https:\/\/images.epagine.fr\/981\/9791026905981_1_v.jpg"},"orderable":true,"show_badge":true,"formatted_price":"27,00&nbsp;\u20ac","formatted_published_date":"8 juillet 2022","publisher_availability_label":"Sur commande","short_details":"Marie de Palet \u2014 A Vue D'Oeil","translator":null,"weight":603,"page_count":480,"readership":null,"editor":"A Vue D'Oeil","price":2700,"published_date":"2022-07-07T22:00:00.000000Z","support":"Grand format","publisher_availability":1,"stock":0,"editions":[],"url":"https:\/\/quaidesbrumes.com\/ouvrage\/9791026905981\/amandine"},{"id":"9782862312330","title":"Marayat","description":"L'\u00e9ternel amour peut durer une seule nuit, parce que l'\u00e9ternit\u00e9 n'est pas ce qui fait durer, mais ce qui abolit la dur\u00e9e. L'\u00e9rotisme, ce triomphe du r\u00eave sur la nature, est le haut refuge de l'esprit de po\u00e9sie, parce qu'il nie l'impossible.\r","authors":["Th\u00e9o Lesoualc'h"],"category_codes":["1000000","1010000"],"visuals":{"large":"https:\/\/images.epagine.fr\/330\/9782862312330_1_75.jpg","medium":"https:\/\/images.epagine.fr\/330\/9782862312330_1_m.jpg","thumbnail":"https:\/\/images.epagine.fr\/330\/9782862312330_1_v.jpg"},"orderable":true,"show_badge":true,"formatted_price":"16,00&nbsp;\u20ac","formatted_published_date":"11 juin 2014","publisher_availability_label":"Sur commande","short_details":"Th\u00e9o Lesoualc'h \u2014 MAURICE NADEAU","translator":null,"weight":300,"page_count":135,"readership":null,"editor":"MAURICE NADEAU","price":1600,"published_date":"2014-06-10T22:00:00.000000Z","support":"Grand format","publisher_availability":1,"stock":0,"editions":[],"url":"https:\/\/quaidesbrumes.com\/ouvrage\/9782862312330\/marayat"},{"id":"9782352700838","title":"Litt\u00e9rature roumaine Tome 2 ; de l'\u00e9poque des grands classiques \u00e0 la premi\u00e8re guerre mondiale ; literatura rom\u00e2na Tome 2","description":"Cette anthologie, enti\u00e8rement bilingue, est \u00e0 la fois un recueil de textes, une synth\u00e8se des grands moments litt\u00e9raires et une pr\u00e9sentation critique d'auteurs.\r\nR\u00e9unissant ces trois \u00e9l\u00e9ments en un seul ouvrage, nous pensons offrir au public fran\u00e7ais et francophone la possibilit\u00e9 d'appr\u00e9cier la litt\u00e9rature roumaine autant dans ses donn\u00e9es culturelles et historiques que sur le plan esth\u00e9tique.\r","authors":["Andreia Roman"],"category_codes":["1000000","1010000"],"visuals":{"large":"https:\/\/images.epagine.fr\/838\/9782352700838_1_75.jpg","medium":"https:\/\/images.epagine.fr\/838\/9782352700838_1_m.jpg","thumbnail":"https:\/\/images.epagine.fr\/838\/9782352700838_1_v.jpg"},"orderable":true,"show_badge":true,"formatted_price":"20,00&nbsp;\u20ac","formatted_published_date":"5 mai 2010","publisher_availability_label":"Sur commande","short_details":"Andreia Roman \u2014 Non Lieu","translator":null,"weight":602,"page_count":null,"readership":null,"editor":"Non Lieu","price":2000,"published_date":"2010-05-04T22:00:00.000000Z","support":"Grand format","publisher_availability":1,"stock":0,"editions":[],"url":"https:\/\/quaidesbrumes.com\/ouvrage\/9782352700838\/litterature-roumaine-tome-2-de-lepoque-des-grands-classiques-a-la-premiere-guerre-mondiale-literatura-romana-tome-2"},{"id":"9782234064171","title":"L'ivresse des rimes","description":"Dans cet essai tr\u00e8s agr\u00e9able \u00e0 lire, l'auteur \u00e9tudie les rapports entre certains po\u00e8tes fran\u00e7ais du xixe si\u00e8cle et du d\u00e9but du xxe et le vin ou l'alcool, soit qu'ils en consomment (ce qui est pratiquement toujours le cas) avec plus ou moins de retenue, soit qu'ils s'en inspirent dans certains de leurs textes - que le breuvage soit r\u00e9el ou m\u00e9taphorique -, soit m\u00eame qu'ils en produisent, comme les po\u00e8tes vignerons Lamartine et Vigny. \r\nAu fil de pages fourmillant d'anecdotes, on d\u00e9couvre des portraits d'auteurs majeurs ou moins connus, le verre \u00e0 la main : les romantiques (Musset, Gautier, Hugo, Lamartine, Vigny...), les po\u00e8tes maudits (Nerval, Baudelaire, Villiers de l'Isle-Adam, Mallarm\u00e9, Corbi\u00e8re, Lautr\u00e9amont, Rimbaud...), des personnalit\u00e9s atypiques comme Gaston Cout\u00e9, Jules Laforgue ou Francis Jammes, et pour finir ceux des \u00ab nouveaux temps \u00bb issus de la Premi\u00e8re Guerre mondiale : Apollinaire ou Cendrars. \r\nLe livre est aussi l'occasion de brosser un tableau de Paris, capitale culturelle, litt\u00e9raire et po\u00e9tique, \u00e0 travers ses estaminets et ses cabarets, comme le c\u00e9l\u00e8bre Chat noir.","authors":["Laurent Bourdelas"],"category_codes":["1000000","1010000"],"visuals":{"large":"https:\/\/images.epagine.fr\/171\/9782234064171_1_75.jpg","medium":"https:\/\/images.epagine.fr\/171\/9782234064171_1_m.jpg","thumbnail":"https:\/\/images.epagine.fr\/171\/9782234064171_1_v.jpg"},"orderable":true,"show_badge":true,"formatted_price":"18,50&nbsp;\u20ac","formatted_published_date":"16 novembre 2011","publisher_availability_label":"Sur commande","short_details":"Laurent Bourdelas \u2014 Stock","translator":null,"weight":142,"page_count":155,"readership":null,"editor":"Stock","price":1850,"published_date":"2011-11-15T23:00:00.000000Z","support":"Grand format","publisher_availability":1,"stock":0,"editions":[],"url":"https:\/\/quaidesbrumes.com\/ouvrage\/9782234064171\/livresse-des-rimes"},{"id":"9782862312309","title":"Paula toute seule","description":"\"Je crois \u00eatre sensuelle, mais d'une sensualit\u00e9 diffuse et multiforme qui peut trouver son apaisement, sa pl\u00e9nitude dans un objet caress\u00e9, dans la saveur ti\u00e8de et fade d'un fruit sucr\u00e9, au soleil, en \u00e9t\u00e9. J'ai aim\u00e9 plusieurs hommes dans ma vie et, \u00e0 ceux qui me l'ont demand\u00e9, je ne me suis jamais refus\u00e9e. A certains, m\u00eame, je me suis offerte. Mais ceci est une autre histoire.\" Adolescente, jeune femme, Paula n'a jamais v\u00e9ritablement gu\u00e9ri d'une enfance ailleurs, \"dans les \u00eeles\", dont elle garde au coeur et au corps la nostalgie. \r\nEtudiante dans un Paris qui l'\u00e9merveille et la d\u00e9concerte, elle s'y vit comme en exil et se replie, par acc\u00e8s, dans une quasi claustration qui fait na\u00eetre d'\u00e9tranges hallucinations. Solitaire, indiff\u00e9rente au monde et aux \u00eatres, elle n'accueille \u00e0 ses c\u00f4t\u00e9s qu'une seule amie, sa complice et son reflet, taciturne comme elle, dont la pr\u00e9sence tendre et distraite ne suffit pas \u00e0 l'ancrer durablement dans le r\u00e9el. \r\nEt pas davantage celle des hommes qui, pour quelques jours, quelques mois ou des ann\u00e9es, traversent sa vie. Car Paula la m\u00e9lancolique exerce sur les hommes de tout \u00e2ge un charme d'autant plus irr\u00e9sistible qu'elle ne se sait pas s\u00e9duisante. Au hasard des rendez-vous, des liaisons, des vacances en d'autres \u00eeles, moins lointaines, elle va suivre, d'essais en erreurs, entre tristesse formatrice et joie inesp\u00e9r\u00e9e, un itin\u00e9raire amoureux qui la met en danger. \r\nJusqu'\u00e0 la rencontre finale. Et salvatrice. Pour le temps du moins, \u00e9ph\u00e9m\u00e8re, que dure l'\u00e9blouissement partag\u00e9. Toutes les femmes sont ou ont un jour \u00e9t\u00e9 Paula. Tous les hommes chanceux ont aim\u00e9 une Paula. Pourtant Paula est unique. Elle dessine, sans le savoir, la forme m\u00eame du d\u00e9sir.\r","authors":["Pascaline Mourier-casile"],"category_codes":["1000000","1010000"],"visuals":{"large":"https:\/\/images.epagine.fr\/309\/9782862312309_1_75.jpg","medium":"https:\/\/images.epagine.fr\/309\/9782862312309_1_m.jpg","thumbnail":"https:\/\/images.epagine.fr\/309\/9782862312309_1_v.jpg"},"orderable":true,"show_badge":true,"formatted_price":"18,00&nbsp;\u20ac","formatted_published_date":"11 juin 2014","publisher_availability_label":"Sur commande","short_details":"Pascaline Mourier-casile \u2014 MAURICE NADEAU","translator":null,"weight":300,"page_count":250,"readership":null,"editor":"MAURICE NADEAU","price":1800,"published_date":"2014-06-10T22:00:00.000000Z","support":"Grand format","publisher_availability":1,"stock":0,"editions":[],"url":"https:\/\/quaidesbrumes.com\/ouvrage\/9782862312309\/paula-toute-seule"},{"id":"9782841359820","title":"Aix-en-provence - balades au fil des rues","description":null,"authors":["Andr\u00e9e Terlizzi"],"category_codes":["1000000","1010000"],"visuals":{"large":"https:\/\/quaidesbrumes.com\/img\/book-placeholder.png","medium":"https:\/\/quaidesbrumes.com\/img\/book-placeholder.png","thumbnail":"https:\/\/quaidesbrumes.com\/img\/book-placeholder.png"},"orderable":true,"show_badge":true,"formatted_price":"25,00&nbsp;\u20ac","formatted_published_date":"1er janvier 2019","publisher_availability_label":"Sur commande","short_details":"Andr\u00e9e Terlizzi \u2014 EQUINOXE","translator":null,"weight":592,"page_count":null,"readership":null,"editor":"EQUINOXE","price":2500,"published_date":"2018-12-31T23:00:00.000000Z","support":"Grand format","publisher_availability":1,"stock":0,"editions":[],"url":"https:\/\/quaidesbrumes.com\/ouvrage\/9782841359820\/aix-en-provence-balades-au-fil-des-rues"},{"id":"9782864327806","title":"Monologues de la boue","description":"Une femme, entre deux \u00e2ges, traverse la France d'ouest en est, puis le nord de l'Espagne sur le chemin de Saint-Jacques de Compostelle, guid\u00e9e par d'invisibles fronti\u00e8res, happ\u00e9e par des fins de terre.\r\nDiverses voix, divers d\u00e9lires traversent sa solitude.\r\nLe silence y devient sonore dans cette errance qui fait suite, croit-on, \u00e0 une rupture amoureuse et donne lieu \u00e0 la qu\u00eate forcen\u00e9e d'une humanit\u00e9 retrouv\u00e9e, puisant ses forces dans un rapport intense et \u00e9perdu \u00e0 la nature.\r","authors":["Colette Mazabrard"],"category_codes":["1000000","1010000"],"visuals":{"large":"https:\/\/images.epagine.fr\/806\/9782864327806_1_75.jpg","medium":"https:\/\/images.epagine.fr\/806\/9782864327806_1_m.jpg","thumbnail":"https:\/\/images.epagine.fr\/806\/9782864327806_1_v.jpg"},"orderable":true,"show_badge":true,"formatted_price":"13,00&nbsp;\u20ac","formatted_published_date":"8 janvier 2015","publisher_availability_label":"Sur commande","short_details":"Colette Mazabrard \u2014 \u00c9ditions Verdier","translator":null,"weight":138,"page_count":96,"readership":null,"editor":"\u00c9ditions Verdier","price":1300,"published_date":"2015-01-07T23:00:00.000000Z","support":"Grand format","publisher_availability":1,"stock":0,"editions":[],"url":"https:\/\/quaidesbrumes.com\/ouvrage\/9782864327806\/monologues-de-la-boue"},{"id":"9782918619109","title":"L'immeuble","description":"Dans cet immeuble, les couloirs sont lunatiques, les escaliers joueurs et les toilettes, psychorigides. Si la salle de r\u00e9union est manipulatrice et la tr\u00e9sorerie, n\u00e9vros\u00e9e, toutes les portes sont conformistes et les bureaux, taciturnes. Se nourrir, se mouvoir, d\u00e9f\u00e9quer, d\u00e9sirer, jouir et parfois travailler, voil\u00e0 le d\u00e9fi de l'homo bureaucraticus : pour plaire et devenir performant, il se pr\u00eate \u00e0 toutes les contorsions, mais quand il s'agit d'assouvir les plus animales de ses pulsions, quel farouche combattant !\r\nMario Capasso transforme un lieu de travail en feu d'artifice de fantasmes et de vagabondages. Dans ce d\u00e9dale transgressif et joyeux, les conventions explosent, les normes perdent pied, le corps et ses besoins exultent : un corps lib\u00e9r\u00e9 du polissage de l'\u00e9ducation, du d\u00e9sir de bien faire et du souci de passer le temps. Microscope sous lequel s'agite l'humanit\u00e9, L'immeuble est une all\u00e9gorie politique, la caisse de r\u00e9sonance d'un rire contagieux, lib\u00e9rateur, inattendu.\r","authors":["Mario Capasso","Isabelle Gugnon"],"category_codes":["1000000","1010000"],"visuals":{"large":"https:\/\/images.epagine.fr\/109\/9782918619109_1_75.jpg","medium":"https:\/\/images.epagine.fr\/109\/9782918619109_1_m.jpg","thumbnail":"https:\/\/images.epagine.fr\/109\/9782918619109_1_v.jpg"},"orderable":true,"show_badge":true,"formatted_price":"20,00&nbsp;\u20ac","formatted_published_date":"26 f\u00e9vrier 2013","publisher_availability_label":"Sur commande","short_details":"Mario Capasso, Isabelle Gugnon \u2014 La Derniere Goutte","translator":"ISABELLE GUGNON","weight":330,"page_count":320,"readership":null,"editor":"La Derniere Goutte","price":2000,"published_date":"2013-02-25T23:00:00.000000Z","support":"Grand format","publisher_availability":1,"stock":0,"editions":[],"url":"https:\/\/quaidesbrumes.com\/ouvrage\/9782918619109\/limmeuble"},{"id":"9782894065082","title":"Et au pire, on se mariera","description":"A\u00efcha vit chez sa m\u00e8re dans le quartier Centre-Sud, \u00e0 Montr\u00e9al. Elle n'a pas 18 ans, ni m\u00eame les 15 ans qu'elle pr\u00e9tend avoir. N'ayant jamais connu son p\u00e8re, elle en veut \u00e0 sa m\u00e8re d'avoir quitt\u00e9 Hakim, son beau-p\u00e8re. Pour amis, elle n'a que Mel et Jo, deux prostitu\u00e9es du quartier, et Baz, un musicien dans la vingtaine qui lui vient en aide et dont elle tombe amoureuse. Son amour impossible pour Baz, sa pr\u00e9cocit\u00e9 et son impulsivit\u00e9 rebelle formeront un cocktail explosif. Un roman cru et bouleversant.","authors":["Sophie Bienvenu"],"category_codes":["1000000","1010000"],"visuals":{"large":"https:\/\/images.epagine.fr\/082\/9782894065082_1_75.jpg","medium":"https:\/\/images.epagine.fr\/082\/9782894065082_1_m.jpg","thumbnail":"https:\/\/images.epagine.fr\/082\/9782894065082_1_v.jpg"},"orderable":true,"show_badge":true,"formatted_price":"10,50&nbsp;\u20ac","formatted_published_date":"15 mars 2023","publisher_availability_label":"Sur commande","short_details":"Sophie Bienvenu \u2014 Bibliotheque Quebecoise","translator":null,"weight":201,"page_count":136,"readership":null,"editor":"Bibliotheque Quebecoise","price":1050,"published_date":"2023-03-14T23:00:00.000000Z","support":"Grand format","publisher_availability":1,"stock":0,"editions":[],"url":"https:\/\/quaidesbrumes.com\/ouvrage\/9782894065082\/et-au-pire-on-se-mariera"},{"id":"9782253194415","title":"La galerie des maris disparus","description":"Londres, fin des ann\u00e9es 1950. Le jour de son anniversaire, le mari de Juliet Montague s'est volatilis\u00e9. Ni veuve ni divorc\u00e9e, elle n'a pas le droit de refaire sa vie selon les r\u00e8gles de la communaut\u00e9 juive \u00e0 laquelle elle appartient. Elle s'efforce d'assumer le quotidien et d'\u00e9lever au mieux ses deux enfants, Frieda et Leonard. Un an plus tard, alors qu'elle f\u00eate ses 30 ans, Juliet prend une d\u00e9cision insens\u00e9e\u00a0: elle s'offre un portrait \u00e0 son effigie. C'est le d\u00e9but d'une nouvelle vie. Passionn\u00e9e de peinture, elle va peu \u00e0 peu rep\u00e9rer les talents \u00e9mergents, frayer avec le gotha artistique de la capitale et ouvrir sa propre galerie. Seulement, la jeune femme reste encha\u00een\u00e9e. Pour se sentir tout \u00e0 fait libre, il lui reste un myst\u00e8re \u00e0 \u00e9lucider...  \r\n \r\n\r\n\r\nUn roman d'\u00e9mancipation passionnant par l'auteur du Manoir de Tyneford.\r\n\r\n \r\n\r\n\u00ab Une belle le\u00e7on de f\u00e9minisme\u00a0!\u00a0\u00bb Figaro Madame.\u00a0\r","authors":["Natasha Solomons"],"category_codes":["1000000","1010000"],"visuals":{"large":"https:\/\/images.epagine.fr\/415\/9782253194415_1_75.jpg","medium":"https:\/\/images.epagine.fr\/415\/9782253194415_1_m.jpg","thumbnail":"https:\/\/images.epagine.fr\/415\/9782253194415_1_v.jpg"},"orderable":true,"show_badge":true,"formatted_price":"8,70&nbsp;\u20ac","formatted_published_date":"10 f\u00e9vrier 2016","publisher_availability_label":"Sur commande","short_details":"Natasha Solomons \u2014 Le Livre de Poche","translator":null,"weight":238,"page_count":448,"readership":null,"editor":"Le Livre de Poche","price":870,"published_date":"2016-02-09T23:00:00.000000Z","support":"Poche","publisher_availability":1,"stock":0,"editions":[],"url":"https:\/\/quaidesbrumes.com\/ouvrage\/9782253194415\/la-galerie-des-maris-disparus"},{"id":"9782226258281","title":"La d\u00e9voration","description":"\u00ab Je suis chez moi dans le carnage. Mes livres sont des meurtres. Le mal est ma respiration. \u00bb L'\u00e9crivain Nicolas Sevin aime l'op\u00e9ra, la litt\u00e9rature et le sang. Judith, son \u00e9ditrice, voudrait qu'il se renouvelle, qu'il se d\u00e9masque, en un mot qu'il se mette \u00e0 nu.\r\n\r\nEn choisissant de se replonger dans l'affaire du Japonais cannibale Morimoto, Nicolas Sevin prend le risque de se confronter \u00e0 ses peurs et \u00e0 ses d\u00e9mons : son enfance, sa relation ambigu\u00eb avec sa m\u00e8re, un noir secret gard\u00e9 par son p\u00e8re, ses parties de chasse sexuelle avec son amie de toujours. Et si les bourreaux qui le hantent \u00e9taient plus proches de lui qu'il n'ose le croire ? Au terme de sa descente en enfer, il dresse un constat sans concession : certains savent dompter l'\u00e9criture, d'autres se font d\u00e9vorer par elle.\r\n\r\nAuteur du tr\u00e8s remarqu\u00e9 \"Les fid\u00e9lit\u00e9s successives\", Nicolas d'Estienne d'Orves, nous donne, avec \"La d\u00e9voration\", son livre le plus personnel et le plus d\u00e9rangeant.\r","authors":["Nicolas d' Estienne d'Orves"],"category_codes":["1000000","1010000"],"visuals":{"large":"https:\/\/images.epagine.fr\/281\/9782226258281_1_75.jpg","medium":"https:\/\/images.epagine.fr\/281\/9782226258281_1_m.jpg","thumbnail":"https:\/\/images.epagine.fr\/281\/9782226258281_1_v.jpg"},"orderable":true,"show_badge":true,"formatted_price":"20,00&nbsp;\u20ac","formatted_published_date":"20 ao\u00fbt 2014","publisher_availability_label":"Sur commande","short_details":"Nicolas d' Estienne d'Orves \u2014 Albin Michel","translator":null,"weight":390,"page_count":320,"readership":null,"editor":"Albin Michel","price":2000,"published_date":"2014-08-19T22:00:00.000000Z","support":"Grand format","publisher_availability":1,"stock":0,"editions":[],"url":"https:\/\/quaidesbrumes.com\/ouvrage\/9782226258281\/la-devoration"},{"id":"9782234073272","title":"Et tu danses, Lou","description":"\u00ab Et toi, Lou, mon amour, avec quelle violence ressens-tu ces morceaux de vie ? \u00bb Une famille.\r\nIl y a dix-sept ans, tout \u00e9tait l\u00e0, le d\u00e9sir, la chambre, les biberons et les couches.\r\nUn hasard g\u00e9n\u00e9tique a mis au premier jour sur le chemin de leur vie commune un invit\u00e9-surprise. Une singularit\u00e9 qui fait que l'enfant Lou pr\u00e9sente \u00ab des troubles s\u00e9v\u00e8res du langage et quelques diffi cult\u00e9s associ\u00e9es \u00bb.\r\nLa vie est fac\u00e9tieuse : maman fait des livres et papa travaille \u00e0 la t\u00e9l\u00e9.\r\nL'histoire peut commencer.\r\nOn y trouvera ce qu'il faut d'effi cacit\u00e9 et d'errances hospitali\u00e8res, d'usines \u00e0 gaz et de belles solidarit\u00e9s, d'anges gardiens et de cr\u00e9tins patent\u00e9s, une soeur aux petits soins et beaucoup d'amiti\u00e9s, quelques mots venus de loin, la langue des signes et le sens du geste, la question de la transmission et celle d'une place \u00e0 trouver pour chacun. Le chaos et l'amour.\r\nEt il y a Lou et ses yeux bleus, une h\u00e9ro\u00efne rayonnante qui a r\u00e9volutionn\u00e9 leur quotidien. C'est \u00e0 elle qu'une m\u00e8re et un p\u00e8re adressent ce dialogue.","authors":["Pom Bessot","Philippe Lefait"],"category_codes":["1000000","1010000"],"visuals":{"large":"https:\/\/images.epagine.fr\/272\/9782234073272_1_75.jpg","medium":"https:\/\/images.epagine.fr\/272\/9782234073272_1_m.jpg","thumbnail":"https:\/\/images.epagine.fr\/272\/9782234073272_1_v.jpg"},"orderable":true,"show_badge":true,"formatted_price":"20,00&nbsp;\u20ac","formatted_published_date":"30 octobre 2013","publisher_availability_label":"Sur commande","short_details":"Pom Bessot, Philippe Lefait \u2014 Stock","translator":null,"weight":220,"page_count":204,"readership":null,"editor":"Stock","price":2000,"published_date":"2013-10-29T23:00:00.000000Z","support":"Grand format","publisher_availability":1,"stock":0,"editions":[],"url":"https:\/\/quaidesbrumes.com\/ouvrage\/9782234073272\/et-tu-danses-lou"},{"id":"9782710376415","title":"Les gens de la nuit","description":"\u00abUne absence p\u00e8se un poids beaucoup plus intol\u00e9rable qu'une pr\u00e9sence. Contre une absence, on ne peut pas se battre. Elle est un mal qui ronge jusqu'au jour o\u00f9, dans l'\u00e9clair d'une rencontre, le voile se d\u00e9chire\u00bf\u00a0:\u00a0\u00abCe n'\u00e9tait que cela...\u00bb, se dit Jean Dumont, mais pour se lib\u00e9rer il a d\u00fb se plonger dans la nuit de Paris des ann\u00e9es 50. En vivant la nuit - en vivant aussi la nuit -, il a lutt\u00e9 contre ce monstre cach\u00e9 au fond du labyrinthe\u00bf\u00a0:\u00a0le temps d\u00e9vorant. Sur son chemin, il a rencontr\u00e9 des \u00eatres qui lui ont tenu la main un instant. Il n'\u00e9tait pas aussi seul dans la vie qu'il l'aurait cru, et Paris est une ville grosse de myst\u00e8res, de tendresses inattendues et de violences soudaines. Paris est une ville in\u00bfniment po\u00e9tique o\u00f9 les femmes ont re\u00e7u le don de gu\u00e9rir les hommes de leurs obsessions.\u00bb Michel D\u00e9on.\r","authors":["Michel D\u00e9on"],"category_codes":["1000000","1010000"],"visuals":{"large":"https:\/\/images.epagine.fr\/415\/9782710376415_1_75.jpg","medium":"https:\/\/images.epagine.fr\/415\/9782710376415_1_m.jpg","thumbnail":"https:\/\/images.epagine.fr\/415\/9782710376415_1_v.jpg"},"orderable":true,"show_badge":true,"formatted_price":"17,00&nbsp;\u20ac","formatted_published_date":"13 mai 2015","publisher_availability_label":"Sur commande","short_details":"Michel D\u00e9on \u2014 \u00c9ditions de La Table Ronde","translator":null,"weight":262,"page_count":192,"readership":null,"editor":"\u00c9ditions de La Table Ronde","price":1700,"published_date":"2015-05-12T22:00:00.000000Z","support":"Grand format","publisher_availability":1,"stock":0,"editions":[],"url":"https:\/\/quaidesbrumes.com\/ouvrage\/9782710376415\/les-gens-de-la-nuit"},{"id":"9782226182012","title":"L'Incroyable Histoire de Mademoiselle Paradis","description":"\u00c0 dix-sept ans, Maria-Theresia von Paradis est un \u00eatre d'exception : fille unique du conseiller de l'imp\u00e9ratrice d'Autriche, pianiste virtuose, belle et aveugle. Lorsque son p\u00e8re fait appel au c\u00e9l\u00e8bre Mesmer, qui soigne par magn\u00e9tisme, elle d\u00e9couvre la passion et toutes les \u00e9motions dont sa c\u00e9cit\u00e9 la prot\u00e9geait.\r\nAu si\u00e8cle de Mozart et de Salieri, un roman lumineux o\u00f9 tout est dit des sentiments, du destin et de la libert\u00e9.","authors":["Mich\u00e8le Halberstadt"],"category_codes":["1000000","1010000"],"visuals":{"large":"https:\/\/images.epagine.fr\/012\/9782226182012_1_75.jpg","medium":"https:\/\/images.epagine.fr\/012\/9782226182012_1_m.jpg","thumbnail":"https:\/\/images.epagine.fr\/012\/9782226182012_1_v.jpg"},"orderable":true,"show_badge":true,"formatted_price":"15,20&nbsp;\u20ac","formatted_published_date":"3 janvier 2008","publisher_availability_label":"Sur commande","short_details":"Mich\u00e8le Halberstadt \u2014 Albin Michel","translator":null,"weight":240,"page_count":176,"readership":null,"editor":"Albin Michel","price":1520,"published_date":"2008-01-02T23:00:00.000000Z","support":"Grand format","publisher_availability":1,"stock":0,"editions":[],"url":"https:\/\/quaidesbrumes.com\/ouvrage\/9782226182012\/lincroyable-histoire-de-mademoiselle-paradis"},{"id":"9782842064471","title":"Vallorcine autrefois Tome 2","description":"Nathalie Devillaz, originaire du sud-ouest de la France, s'est install\u00e9e \u00e0 Vallorcine en 1979. Correspondante au Dauphin\u00e9 Lib\u00e9r\u00e9 depuis dix-sept ans, elle continue de relater r\u00e9guli\u00e8rement, par le biais de documente priv\u00e9', archives et m\u00e9moire orale, la vie quotidienne d'autrefois des habitants de la vall\u00e9e de l'Eau Noire avec \u00e9galement des articles consacr\u00e9s \u00e0 Argenti\u00e8re, \u00e0 Chamonix et \u00e0 la Suive vers laquelle J'\u00e9coulent les eaux des torrent vallorcins. Les montagnes voisines finissent toujours par se rencontrer ! Comme pour le premier ouvrage paru en 2003, ce livre t\u00e9moigne avant tout d'un int\u00e9r\u00eat et d'un attachement sinc\u00e8re \u00e0 l'histoire locale. Peut-\u00eatre permettra-t-il de garder en m\u00e9moire combien cette histoire comporte de tonalit\u00e9s particuli\u00e8res, li\u00e9es entre autres aux exigence, climatiques et g\u00e9ographiques. Le propos ne de veut en aucun cas pass\u00e9iste ou nostalgique male plut\u00f4t \u00e0 l'image d'un pont pos\u00e9 entre deux versants, tel un lien entre les g\u00e9n\u00e9rations d'hier et celles aujourd'hui et de demain.","authors":["Nathalie Devillaz"],"category_codes":["1000000","1010000"],"visuals":{"large":"https:\/\/images.epagine.fr\/471\/9782842064471_1_75.jpg","medium":"https:\/\/images.epagine.fr\/471\/9782842064471_1_m.jpg","thumbnail":"https:\/\/images.epagine.fr\/471\/9782842064471_1_v.jpg"},"orderable":true,"show_badge":true,"formatted_price":"24,90&nbsp;\u20ac","formatted_published_date":"11 f\u00e9vrier 2006","publisher_availability_label":"Sur commande","short_details":"Nathalie Devillaz \u2014 La Fontaine de Silo\u00e9","translator":null,"weight":1300,"page_count":192,"readership":null,"editor":"La Fontaine de Silo\u00e9","price":2490,"published_date":"2006-02-10T23:00:00.000000Z","support":"Grand format","publisher_availability":1,"stock":0,"editions":[],"url":"https:\/\/quaidesbrumes.com\/ouvrage\/9782842064471\/vallorcine-autrefois-tome-2"},{"id":"9782918767497","title":"Basse saison","description":"Villa Gesell est une station baln\u00e9aire argentine \u00e0 400\u00a0kilom\u00e8tres de Buenos\u00a0Aires. D\u00e9bordant d'activit\u00e9 en \u00e9t\u00e9, elle se vide de ses touristes \u00e0 la basse saison, laissant en vase clos ses habitants et leurs secrets. \r\n\r\nLe moindre fait divers est minutieusement retranscrit par Dante, l'unique r\u00e9dacteur de la gazette municipale El\u00a0Vocero. Et l'hiver lui donne bien du travail\u00a0: une rumeur d'abus sexuels dans un \u00e9tablissement scolaire chic de la ville provoque une v\u00e9ritable chasse \u00e0 l'homme, tandis qu'un b\u00e9b\u00e9 bolivien est assassin\u00e9 par des adolescents d\u00e9souvr\u00e9s. Des militants \u00e9colos luttent contre un projet de construction d\u00e9mesur\u00e9 en pleine for\u00eat, et des accusations de corruption planent sur la gestion de la ville. Pour sauvegarder la prochaine saison touristique, responsables politiques et notables tentent d'\u00e9touffer les affaires les plus graves, mais Dante parvient toujours \u00e0 faire passer ce message\u00a0: il y a quelque chose de pourri \u00e0 Villa Gesell.\r\n\r\nAvec Basse saison, portrait choral d'une ville transie par le froid et l'ennui, en proie aux \u00e9l\u00e9ments et aux passions humaines, le lecteur d\u00e9couvre l'envers du paradis estival. Ce roman d'une grande ambition stylistique, aux fils narratifs nombreux mais parfaitement ma\u00eetris\u00e9s, est l'oeuvre la plus aboutie, mais aussi la plus d\u00e9rangeante de Saccomanno.\r","authors":["Guillermo Saccomanno"],"category_codes":["1000000","1010000"],"visuals":{"large":"https:\/\/images.epagine.fr\/497\/9782918767497_1_75.jpg","medium":"https:\/\/images.epagine.fr\/497\/9782918767497_1_m.jpg","thumbnail":"https:\/\/images.epagine.fr\/497\/9782918767497_1_v.jpg"},"orderable":true,"show_badge":true,"formatted_price":"25,00&nbsp;\u20ac","formatted_published_date":"3 septembre 2015","publisher_availability_label":"Sur commande","short_details":"Guillermo Saccomanno \u2014 Asphalte \u00c9ditions","translator":null,"weight":824,"page_count":592,"readership":null,"editor":"Asphalte \u00c9ditions","price":2500,"published_date":"2015-09-02T22:00:00.000000Z","support":"Grand format","publisher_availability":1,"stock":0,"editions":[],"url":"https:\/\/quaidesbrumes.com\/ouvrage\/9782918767497\/basse-saison"},{"id":"9782812938627","title":"La dame de la villa Saphir","description":"Secrets de famille, mensonges et trahisons au coeur des Ann\u00e9es Folles. 1920, c\u00f4te Atlantique fran\u00e7aise. En ce d\u00e9but des Ann\u00e9es Folles, Ana\u00efs Gersaud, la jeune veuve qui vient d'h\u00e9riter de la Villa Saphir, chasse sa m\u00e9lancolie gr\u00e2ce \u00e0 James, un s\u00e9duisant peintre am\u00e9ricain. Lorsqu'il visite l'ancien vignoble familial \u00e0 Cognac, James d\u00e9couvre que la jeune femme est profond\u00e9ment perturb\u00e9e par les interrogations qui planent autour de son d\u00e9funt mari. Quels sont ces douloureux secrets qui semblent entacher l'histoire du vignoble et de la famille ? C'est de l'autre c\u00f4t\u00e9 de l'Atlantique, dans une Am\u00e9rique en pleine Prohibition que l'h\u00e9riti\u00e8re va devoir chercher la cl\u00e9 du myst\u00e8re. Et ce qu'elle va d\u00e9couvrir bouleversera forc\u00e9ment sa vie...","authors":["Corinne Javelaud"],"category_codes":["1000000","1010000"],"visuals":{"large":"https:\/\/images.epagine.fr\/627\/9782812938627_1_75.jpg","medium":"https:\/\/images.epagine.fr\/627\/9782812938627_1_m.jpg","thumbnail":"https:\/\/images.epagine.fr\/627\/9782812938627_1_v.jpg"},"orderable":true,"show_badge":true,"formatted_price":"8,10&nbsp;\u20ac","formatted_published_date":"9 f\u00e9vrier 2023","publisher_availability_label":"Sur commande","short_details":"Corinne Javelaud \u2014 De Bor\u00e9e","translator":null,"weight":154,"page_count":288,"readership":null,"editor":"De Bor\u00e9e","price":810,"published_date":"2023-02-08T23:00:00.000000Z","support":"Poche","publisher_availability":1,"stock":0,"editions":[],"url":"https:\/\/quaidesbrumes.com\/ouvrage\/9782812938627\/la-dame-de-la-villa-saphir"},{"id":"9782846790956","title":"L\u00e9odine l'africaine","description":"Ce livre raconte l'enfance et l'adolescence de L\u00e9odine, fille de colons.\r\nN\u00e9e au Congo Belge au lendemain de la Seconde Guerre mondiale, elle apprend adolescente que dans ses veines coule du sang noir, celui de son arri\u00e8re grand-m\u00e8re, esclave en Louisiane. Cela va changer sa perception du monde. Mais peut-on changer \" qui l'on est \" Albert Russo est l'\u00e9crivain par excellence du m\u00e9tissage. Nous allons du Noir au Blanc, de l'homme \u00e0 la femme, de l'Afrique \u00e0 l'Am\u00e9rique du Nord.\r\nIl nous fait r\u00e9fl\u00e9chir sur nos origines. La description qu'il fait du Rwanda et de la r\u00e9gion des Grands Lacs incite \u00e0 la r\u00e9flexion. Nous la connaissons surtout aujourd'hui pour tes massacres qui ont eu lieu entre Hutus et Tutsis. Russo nous parle d'un paradis perdu, l\u00e0 o\u00f9 nous nous souvenons de l'enfer. Toute la beaut\u00e9 du Congo dans un tourbillon d'odeurs, de jeux de lumi\u00e8re, de sensualit\u00e9s qui vous entra\u00eenent avec une force incompr\u00e9hensible pour celui qui n'a jamais foul\u00e9 le continent africain.\r\nAvec L\u00e9odine l'Africaine, Albert Russo revient sur le terrain de son enfance et nous livre une tr\u00e8s belle r\u00e9flexion sur l'Afrique des ann\u00e9es 50 et sur le sens des origines.\r","authors":["Albert Russo"],"category_codes":["1000000","1010000"],"visuals":{"large":"https:\/\/images.epagine.fr\/956\/9782846790956_1_75.jpg","medium":"https:\/\/images.epagine.fr\/956\/9782846790956_1_m.jpg","thumbnail":"https:\/\/images.epagine.fr\/956\/9782846790956_1_v.jpg"},"orderable":true,"show_badge":true,"formatted_price":"15,00&nbsp;\u20ac","formatted_published_date":"15 septembre 2011","publisher_availability_label":"Sur commande","short_details":"Albert Russo \u2014 GINKGO","translator":null,"weight":246,"page_count":205,"readership":null,"editor":"GINKGO","price":1500,"published_date":"2011-09-14T22:00:00.000000Z","support":"Grand format","publisher_availability":1,"stock":0,"editions":[],"url":"https:\/\/quaidesbrumes.com\/ouvrage\/9782846790956\/leodine-lafricaine"}]}