{"data":[{"id":"9782265144354","title":"Et je danse, aussi Tome 2 : oh happy day","description":"Apr\u00e8s quatre ans de silence et ce qu'il appelle son \u00ab?grand malheur?\u00bb, Pierre-Marie Sotto d\u00e9cide d'\u00e9crire \u00e0 Adeline Parmelan au sujet d'un certain carnet qu'il aurait laiss\u00e9 chez elle. Est-ce un pr\u00e9texte pour reprendre contact avec celle qu'il n'a jamais oubli\u00e9e depuis leur rupture?? En ce cas, le moment para\u00eet tr\u00e8s mal choisi. Occup\u00e9e par son prochain d\u00e9m\u00e9nagement vers le Canada avec l'homme qui partage d\u00e9sormais sa vie, Adeline a bien d'autres projets en t\u00eate que de renouer avec lui.\r\nSeulement, c'est sans compter sur le lien ind\u00e9fectible qui les attache l'un \u00e0 l'autre. De surprises en confidences, leur correspondance va les entra\u00eener dans un tourbillon inattendu d'\u00e9motions.","authors":["Anne-Laure Bondoux","Jean-Claude Mourlevat"],"category_codes":["1000000","1010000"],"visuals":{"large":"https:\/\/images.epagine.fr\/354\/9782265144354_1_75.jpg","medium":"https:\/\/images.epagine.fr\/354\/9782265144354_1_m.jpg","thumbnail":"https:\/\/images.epagine.fr\/354\/9782265144354_1_v.jpg"},"orderable":true,"show_badge":true,"formatted_price":"20,00&nbsp;\u20ac","formatted_published_date":"12 mars 2020","publisher_availability_label":"Sur commande","short_details":"Anne-Laure Bondoux, Jean-Claude Mourlevat \u2014 Fleuve \u00c9ditions","translator":null,"weight":414,"page_count":336,"readership":null,"editor":"Fleuve \u00c9ditions","price":2000,"published_date":"2020-03-11T23:00:00.000000Z","support":"Grand format","publisher_availability":1,"stock":0,"editions":[],"url":"https:\/\/quaidesbrumes.com\/ouvrage\/9782265144354\/et-je-danse-aussi-tome-2-oh-happy-day"},{"id":"9782070764266","title":"Georgia","description":"Nouvelle \u00e9dition","authors":["Philippe Soupault"],"category_codes":["1000000","1010000"],"visuals":{"large":"https:\/\/images.epagine.fr\/266\/9782070764266_1_75.jpg","medium":"https:\/\/images.epagine.fr\/266\/9782070764266_1_m.jpg","thumbnail":"https:\/\/images.epagine.fr\/266\/9782070764266_1_v.jpg"},"orderable":true,"show_badge":true,"formatted_price":"10,55&nbsp;\u20ac","formatted_published_date":"1er octobre 2002","publisher_availability_label":"Sur commande","short_details":"Philippe Soupault \u2014 Gallimard","translator":null,"weight":160,"page_count":56,"readership":null,"editor":"Gallimard","price":1055,"published_date":"2002-09-30T22:00:00.000000Z","support":"Grand format","publisher_availability":1,"stock":0,"editions":[],"url":"https:\/\/quaidesbrumes.com\/ouvrage\/9782070764266\/georgia"},{"id":"9782234075320","title":"Palladium","description":"Palladium \/pa.la.djom\/ masculin singulier :\r\n1. Mot emprunt\u00e9 du latin et d\u00e9riv\u00e9 du grec, et qui, par allusion \u00e0 une statue protectrice de Pallas, d\u00e9signe ce qu'un peuple consid\u00e8re comme assurant sa dur\u00e9e.\r\n2. (Figur\u00e9) Tout ce qui est le garant de la conservation d'une chose.\r\n\r\n\u00ab Palladium est un roman vrai, c'est mon histoire. L'histoire d'un homme qui, en quelques jours et sans raison apparente, se retrouve paralys\u00e9 des pieds \u00e0 la t\u00eate, incapable de bouger le moindre muscle, priv\u00e9 de tous ses sens, sans communication possible avec l'ext\u00e9rieur.\r\nCommence alors un voyage dans les contr\u00e9es les plus recul\u00e9es de la vie humaine, celles o\u00f9 r\u00e8gnent en ma\u00eetres la peur, la violence, la mort, la douleur et le sexe. Car la maladie est une travers\u00e9e du miroir, la porte vers d'autres mondes, un univers de putes et de d\u00e9mons, d'hommes l\u00e9gumes et d'hommes oiseaux, d'infirmiers et d'artificiers plong\u00e9s dans un tourbillon de haine et de d\u00e9bauche. Un monde fou et terrifiant : le mien.\r\nPalladium est le r\u00e9cit de cette travers\u00e9e, une exp\u00e9dition au pays des morts et de l'inconscient. Palladium plonge aux racines m\u00eames de la douleur et de la litt\u00e9rature, l\u00e0 o\u00f9 se blottit la pulsion de vie et ses mille histoires. \u00bb B. R.\r","authors":["Boris Razon"],"category_codes":["1000000","1010000"],"visuals":{"large":"https:\/\/images.epagine.fr\/320\/9782234075320_1_75.jpg","medium":"https:\/\/images.epagine.fr\/320\/9782234075320_1_m.jpg","thumbnail":"https:\/\/images.epagine.fr\/320\/9782234075320_1_v.jpg"},"orderable":true,"show_badge":true,"formatted_price":"26,00&nbsp;\u20ac","formatted_published_date":"21 ao\u00fbt 2013","publisher_availability_label":"Sur commande","short_details":"Boris Razon \u2014 Stock","translator":null,"weight":480,"page_count":480,"readership":null,"editor":"Stock","price":2600,"published_date":"2013-08-20T22:00:00.000000Z","support":"Grand format","publisher_availability":1,"stock":0,"editions":[],"url":"https:\/\/quaidesbrumes.com\/ouvrage\/9782234075320\/palladium"},{"id":"9782070286454","title":"Correspondance Tome 1","description":"Cette correspondance, la plus longue des correspondances de Larbaud, n'est pas un \u00e9change entre deux hommes de lettres. Marcel Ray est un inconnu en litt\u00e9rature, et si son nom est accol\u00e9 \u00e0 celui de Larbaud sur la couverture d'un livre, c'est gr\u00e2ce \u00e0 sa qualit\u00e9 d'ami le plus ancien et le plus intime de l'\u00e9crivain. Mais justement, les liens du souvenir, de l'affection, du temps aussi (cette correspondance d\u00e9bute alors que Larbaud a dix-huit ans et se poursuit jusqu'\u00e0 la fin de sa vie active), donnent \u00e0 ce commerce \u00e9pistolaire un caract\u00e8re assez exceptionnel. On poss\u00e8de sur Larbaud peu de t\u00e9moignages aussi suivis et aussi spontan\u00e9s. Dans ces lettres, deux hommes fous de litt\u00e9rature, sensibles \u00e0 tous les nouveaux courants de pens\u00e9e, attentifs \u00e0 tout ce qui s'\u00e9crit en France, mais aussi en Allemagne, en Angleterre, en Italie, en Am\u00e9rique du Sud parlent avec tellement de chaleur de ce qu'ils aiment et de ce qu'ils se font d\u00e9couvrir l'un \u00e0 l'autre que le lecteur ne peut qu'\u00eatre gagn\u00e9 par leur passion. Il y a aussi, \u00e0 travers toutes ces ann\u00e9es, leur vie qui court comme un roman.\r","authors":["Val\u00e9ry Larbaud","Marcel Ray"],"category_codes":["1000000","1010000"],"visuals":{"large":"https:\/\/images.epagine.fr\/454\/9782070286454_1_75.jpg","medium":"https:\/\/images.epagine.fr\/454\/9782070286454_1_m.jpg","thumbnail":"https:\/\/images.epagine.fr\/454\/9782070286454_1_v.jpg"},"orderable":true,"show_badge":true,"formatted_price":"16,70&nbsp;\u20ac","formatted_published_date":"10 avril 1979","publisher_availability_label":"Sur commande","short_details":"Val\u00e9ry Larbaud, Marcel Ray \u2014 Gallimard","translator":null,"weight":425,"page_count":400,"readership":null,"editor":"Gallimard","price":1670,"published_date":"1979-04-09T22:00:00.000000Z","support":"Grand format","publisher_availability":1,"stock":0,"editions":[],"url":"https:\/\/quaidesbrumes.com\/ouvrage\/9782070286454\/correspondance-tome-1"},{"id":"9780751548204","title":"The Autumn Throne","description":"'An author who makes history come gloriously alive' The Times\r\n'Meticulous research and strong storytelling' Woman & Home \r\n'A sumptuous ride' Toby Clements, Daily Telegraph\r\n**********************\r\nEleanor of Aquitaine\r\nA loving mother. A betrayed wife. A queen beyond compare.\r\n Imprisoned by her husband, King Henry II, Eleanor of Aquitaine, Queen of England, refuses to let her powerful husband bully her into submission, even as he forces her away from her children and her birthright.\r\n Freed only by Henry's death, Eleanor becomes dowager Queen of England. But the competition for land and power that Henry stirred up among his sons has intensified to a dangerous rivalry.\r\n Eleanor will need every ounce of courage and fortitude as she crosses the Alps in winter to bring Richard his bride, and travels medieval Europe to ransom her beloved son. But even her indomitable spirit will be tested to its limits as she attempts to keep the peace between her warring sons, and find a place in the centres of power for her daughters.\r\nEleanor of Aquitaine's powerful story is brought to a triumphant and beautiful close by much-loved author Elizabeth Chadwick. \r\nThe first two books - The Summer Queen and The Winter Crown - are available to buy NOW in paperback and ebook.\r\nPraise for Elizabeth Chadwick\r\n 'Enjoyable and sensuous' Daily Mail\r\n 'Stunning grasp of historical details... Her characters are beguiling and the story is intriguing and very enjoyable' Barbara Erskine \r\n'Renowned historical novelist Chadwick tells this battle-of-the-sexes story from a woman's point of view' New York Post","authors":["Elizabeth Chadwick"],"category_codes":["1000000","1010000"],"visuals":{"large":"https:\/\/images.epagine.fr\/204\/9780751548204_1_75.jpg","medium":"https:\/\/images.epagine.fr\/204\/9780751548204_1_m.jpg","thumbnail":"https:\/\/images.epagine.fr\/204\/9780751548204_1_v.jpg"},"orderable":true,"show_badge":true,"formatted_price":"16,40&nbsp;\u20ac","formatted_published_date":"7 septembre 2017","publisher_availability_label":"Sur commande","short_details":"Elizabeth Chadwick \u2014 Sphere","translator":null,"weight":332,"page_count":496,"readership":null,"editor":"Sphere","price":1640,"published_date":"2017-09-06T22:00:00.000000Z","support":"Poche","publisher_availability":1,"stock":0,"editions":[],"url":"https:\/\/quaidesbrumes.com\/ouvrage\/9780751548204\/the-autumn-throne"},{"id":"9782743626020","title":"L'ami des femmes","description":"Ernesto, quadrag\u00e9naire banal, recherche l'amiti\u00e9 des femmes pour se prot\u00e9ger de leur amour, qu'il redoute de crainte de se mettre en danger, de perdre le contr\u00f4le de son existence et de ses sentiments. Mais son mariage terne avec une amie d'enfance ne suffit \u00e9videmment pas \u00e0 le pr\u00e9server des impr\u00e9visibles tentations de la passion et du d\u00e9sir.\r\nD'autant que cet homme qui \" d\u00e9sire souffrir \" attire inexorablement certaines femmes, volontiers cyniques, qui n'h\u00e9sitent pas \u00e0 se jouer de lui...\r","authors":["Diego Marani","Anna Colao"],"category_codes":["1000000","1010000"],"visuals":{"large":"https:\/\/images.epagine.fr\/020\/9782743626020_1_75.jpg","medium":"https:\/\/images.epagine.fr\/020\/9782743626020_1_m.jpg","thumbnail":"https:\/\/images.epagine.fr\/020\/9782743626020_1_v.jpg"},"orderable":true,"show_badge":true,"formatted_price":"9,65&nbsp;\u20ac","formatted_published_date":"4 septembre 2013","publisher_availability_label":"Sur commande","short_details":"Diego Marani, Anna Colao \u2014 Rivages","translator":"ANNA COLAO","weight":188,"page_count":304,"readership":null,"editor":"Rivages","price":965,"published_date":"2013-09-03T22:00:00.000000Z","support":"Poche","publisher_availability":1,"stock":0,"editions":[],"url":"https:\/\/quaidesbrumes.com\/ouvrage\/9782743626020\/lami-des-femmes"},{"id":"9782847201321","title":"Pendant le reste du voyage, j'ai tir\u00e9 sur les indiens","description":"Turin, d\u00e9cembre 2003. Emil, roumain en situation irr\u00e9guli\u00e8re, n'a que treize ans et son sac Jansport o\u00f9 il garde pr\u00e9cieusement ses BD de Tex, \"le cow-boy qui gagne toujours\". Il porte aussi sur lui les lettres de son fantasque de grand-p\u00e8re qui fait un th\u00e9\u00e2tre de rue qualifi\u00e9 de \"violemment pacifique\" par les autorit\u00e9s. Seul, Emil n'a d'autre choix que de partir \u00e0 la recherche du grand-p\u00e8re qui se trouve... quelque part en Europe. Tour \u00e0 tour gamin d\u00e9brouillard, enfant des rues, mascotte d'une bande de jeunes zonards, et amoureux des mots, Emil affronte les \u00e9preuves de la vie, tout au long de ses p\u00e9r\u00e9grinations. Pouss\u00e9 trop vite dans la cour des grands, l'adolescent fait face \u00e0 une r\u00e9alit\u00e9 violente et pr\u00e9caire avec un optimisme presque infaillible et une imagination d\u00e9bordante. Un roman captivant et touchant qui donne \u00e0 voir de nombreuses facettes de l'Europe d'aujourd'hui.\r","authors":["Fabio Geda"],"category_codes":["1000000","1010000"],"visuals":{"large":"https:\/\/images.epagine.fr\/321\/9782847201321_1_75.jpg","medium":"https:\/\/images.epagine.fr\/321\/9782847201321_1_m.jpg","thumbnail":"https:\/\/images.epagine.fr\/321\/9782847201321_1_v.jpg"},"orderable":true,"show_badge":true,"formatted_price":"21,30&nbsp;\u20ac","formatted_published_date":"12 janvier 2009","publisher_availability_label":"Sur commande","short_details":"Fabio Geda \u2014 Ga\u00efa","translator":null,"weight":325,"page_count":257,"readership":null,"editor":"Ga\u00efa","price":2130,"published_date":"2009-01-11T23:00:00.000000Z","support":"Grand format","publisher_availability":1,"stock":0,"editions":[],"url":"https:\/\/quaidesbrumes.com\/ouvrage\/9782847201321\/pendant-le-reste-du-voyage-jai-tire-sur-les-indiens"},{"id":"9780751577631","title":"The King's Jewel : from the bestselling author comes a new historical fiction novel of strength and survival","description":"*Now with an exclusive extract of Elizabeth Chadwick's next novel, The Royal Rebel - only in the paperback!*\r\nWales, 1093.\r\nThe warm, comfortable family life of young Nesta, daughter of Prince Rhys of Deheubarth, is destroyed when her father is killed and she is taken hostage. Her honour is further tarnished when she is taken as an unwilling concubine by King William's ruthless younger brother Henry, who later ascends the throne under suspicious circumstances.\r\nBut it is Nesta's marriage that will really change the course of her life. Gerald FitzWalter, an ambitious young knight, is rewarded for his unwavering loyalty to his new King with Nesta's hand. He is delighted, having always admired her from afar, but Nesta's only comfort is her return to her beloved Wales. There, she cannot help but be tempted by the handsome, charismatic and dangerous son of the Welsh prince, Owain. When he offers her the chance to join him in his plan to overthrow Norman rule she must choose between duty and desire . . .\r\nFrom the award-winning and bestselling author comes the heartbreaking tale of a woman trying to survive in a man's world - a world where the men who would protect her are dead and banished.\r\nReal readers love The King's Jewel:\r\n'Elizabeth Chadwick has done it again! What an amazing story. Her writing makes you feel like you are standing right next to Nesta and Gerald as they live their lives...Very strongly recommended!' GoodReads reviewer \r\n'A refreshing, fascinating read...The story grabbed me from the first few pages and it only got better!' GoodReads reviewer \r\n'A veritable gem of a book; rich in history, drama, romance, action and the good kind of heartbreak, Elizabeth Chadwick outdoes herself in this Welsh period piece...Stunning.' GoodReads reviewer \r\n'Elizabeth Chadwick is an amazing writer [who draws] you right into the history and the story from the beginning...A great read.' GoodReads reviewer \r\n'Well researched, beautifully written and a fascinating story of two people in challenging times...I am a huge Elizabeth Chadwick fan and this book doesn't disappoint...A must read!' GoodReads reviewer \r\n'Elizabeth Chadwick is a master of historical fiction. I loved how she brought the story of Nesta, a Welsh princess, to life...I highly recommend this book to anyone who loves historical fiction, especially if they want to find out about fascinating women in history.' GoodReads reviewer \r\n'What a jewel of a read...Wonderful. Couldn't put it down!' GoodReads reviewer \r\n'Elizabeth Chadwick has a way of making you feel like you've magically time travelled back to medieval days. The King's Jewel is no exception. Fully fleshed out characters, a storyline that is based on historical events, and a writing style that keeps you [gripped] until the very last page' GoodReads reviewer","authors":["Elizabeth Chadwick"],"category_codes":["1000000","1010000"],"visuals":{"large":"https:\/\/images.epagine.fr\/631\/9780751577631_1_75.jpg","medium":"https:\/\/images.epagine.fr\/631\/9780751577631_1_m.jpg","thumbnail":"https:\/\/images.epagine.fr\/631\/9780751577631_1_v.jpg"},"orderable":true,"show_badge":true,"formatted_price":"16,40&nbsp;\u20ac","formatted_published_date":"18 avril 2024","publisher_availability_label":"Sur commande","short_details":"Elizabeth Chadwick \u2014 Sphere","translator":null,"weight":328,"page_count":480,"readership":null,"editor":"Sphere","price":1640,"published_date":"2024-04-17T22:00:00.000000Z","support":"Poche","publisher_availability":1,"stock":0,"editions":[],"url":"https:\/\/quaidesbrumes.com\/ouvrage\/9780751577631\/the-kings-jewel-from-the-bestselling-author-comes-a-new-historical-fiction-novel-of-strength-and-survival"},{"id":"9782812928468","title":"L'homme qui r\u00eavait d'un village","description":"Constantin M\u00e9li\u00e8s a b\u00e2ti sa fortune dans la publicit\u00e9 mais regrette de n'avoir pas su donner un sens \u00e0 son existence. Tomb\u00e9 sous le charme du village de Peyrem\u00e9jean, il l'acquiert dans le but de le restaurer. \u00c0 sa surprise, un habitant, irr\u00e9ductible ermite du nom d'Eus\u00e8be Flahaut, y vit encore. Cet original aux multiples facettes est le dernier t\u00e9moin de l'histoire compliqu\u00e9e des familles d'artisans, de vignerons et de bergers qui ont fait prosp\u00e9rer le village jusqu'\u00e0 son d\u00e9clin. Que s'est-il donc pass\u00e9 pour que Peyrem\u00e9jean, jadis prosp\u00e8re, voie peu \u00e0 peu partir tous ses habitants ? Au fil de ses recherches, Constantin comprendra alors qu'il n'est gu\u00e8re ais\u00e9 de porter sur ses \u00e9paules la m\u00e9moire de Peyrem\u00e9jean, et de se confronter \u00e0 ses fant\u00f4mes et \u00e0 ses secrets...","authors":["Jean-Paul Malaval"],"category_codes":["1000000","1010000"],"visuals":{"large":"https:\/\/images.epagine.fr\/468\/9782812928468_1_75.jpg","medium":"https:\/\/images.epagine.fr\/468\/9782812928468_1_m.jpg","thumbnail":"https:\/\/images.epagine.fr\/468\/9782812928468_1_v.jpg"},"orderable":true,"show_badge":true,"formatted_price":"8,90&nbsp;\u20ac","formatted_published_date":"14 avril 2022","publisher_availability_label":"Sur commande","short_details":"Jean-Paul Malaval \u2014 De Bor\u00e9e","translator":null,"weight":162,"page_count":300,"readership":null,"editor":"De Bor\u00e9e","price":890,"published_date":"2022-04-13T22:00:00.000000Z","support":"Poche","publisher_availability":1,"stock":0,"editions":[],"url":"https:\/\/quaidesbrumes.com\/ouvrage\/9782812928468\/lhomme-qui-revait-dun-village"},{"id":"9782869305755","title":"Pivoines et poneys","description":"1937: le monde glisse vers la guerre.\r\n P\u00e9kin, capitale d\u00e9chue d'une chine d\u00e9chir\u00e9e, vit dans les souvenirs de sa splendeur pass\u00e9e en attendant l'invasion japonaise.  diplomates, missionnaires, aventuriers en qu\u00eate d'exotisme et premiers touristes en mal de sensations fortes dansent sur un volcan.  humour et nostalgie marquent ce portrait souvent f\u00e9roce d'une soci\u00e9t\u00e9 coloniale en voie de disparition qui h\u00e9site entre les pivoines, fleurs embl\u00e9matiques de l'ancienne chine, et les poneys, accessoires indispensables au polo, sport f\u00e9tiche des officiers britanniques.\r\n On d\u00e9couvre ici les destins contrast\u00e9s de l'ambitieuse mrs mascot, tour \u00e0 tour m\u00e9g\u00e8re et \u00e9g\u00e9rie du tout-p\u00e9kin, et du charmant philip flower, d\u00e9cid\u00e9 \u00e0 trouver au coeur des orages du temps, l'harmonie d'une chine id\u00e9ale. \r\n\r\n\"on ne saurait trop dire combien la fantaisie lucide d'acton, sa perception profonde de l'orient, nous s\u00e9duit.  un livre qui ferait un film somptueux car d\u00e9j\u00e0 ses images ne cessent de nous hanter\".\r\n\r\nDiane de margerie, le figaro litt\u00e9raire.\r","authors":["Harold Acton","Christian Thimonier"],"category_codes":["1000000","1010000"],"visuals":{"large":"https:\/\/images.epagine.fr\/755\/9782869305755_1_75.jpg","medium":"https:\/\/images.epagine.fr\/755\/9782869305755_1_m.jpg","thumbnail":"https:\/\/images.epagine.fr\/755\/9782869305755_1_v.jpg"},"orderable":true,"show_badge":true,"formatted_price":"9,65&nbsp;\u20ac","formatted_published_date":"8 mars 1999","publisher_availability_label":"Sur commande","short_details":"Harold Acton, Christian Thimonier \u2014 Rivages","translator":"CHRISTIAN THIMONIER","weight":270,"page_count":null,"readership":null,"editor":"Rivages","price":965,"published_date":"1999-03-07T23:00:00.000000Z","support":"Grand format","publisher_availability":1,"stock":0,"editions":[],"url":"https:\/\/quaidesbrumes.com\/ouvrage\/9782869305755\/pivoines-et-poneys"},{"id":"9782859408060","title":"Un venitien chez les moghols","description":"Premi\u00e8re \u00e9dition int\u00e9grale d'un ouvrage que cendrars (dans bourlinguer) n'est pas loin de consid\u00e9rer comme le plus grand livre d'aventures v\u00e9cues de toutes les litt\u00e9ratures : les tribulations d'un gamin de venise dans l'inde des princes moghols \u00e0 la fin du xviie si\u00e8cle.\r","authors":["Niccolo Manucci","Fran\u00e7oise de Valence"],"category_codes":["1000000","1010000"],"visuals":{"large":"https:\/\/images.epagine.fr\/060\/9782859408060_1_75.jpg","medium":"https:\/\/images.epagine.fr\/060\/9782859408060_1_m.jpg","thumbnail":"https:\/\/images.epagine.fr\/060\/9782859408060_1_v.jpg"},"orderable":true,"show_badge":true,"formatted_price":"9,70&nbsp;\u20ac","formatted_published_date":"14 mars 2002","publisher_availability_label":"Sur commande","short_details":"Niccolo Manucci, Fran\u00e7oise de Valence \u2014 Libretto","translator":"FRANCOISE DE VALENCE","weight":255,"page_count":320,"readership":null,"editor":"Libretto","price":970,"published_date":"2002-03-13T23:00:00.000000Z","support":"Poche","publisher_availability":1,"stock":0,"editions":[],"url":"https:\/\/quaidesbrumes.com\/ouvrage\/9782859408060\/un-venitien-chez-les-moghols"},{"id":"9782710330677","title":"H\u00f4tel de Lausanne","description":"\u00c0 Paris, Daniel, le narrateur, rencontre Christine, qui vit hors du temps, entre un p\u00e8re f\u00e9ru de mappemondes et un fianc\u00e9 apprenti cin\u00e9aste. Tr\u00e8s vite, il entre dans la sph\u00e8re de la jeune femme, dans \" un monde o\u00f9 l'hiver \u00e9tait la haute saison pour les oiseaux, nos amis ; un monde o\u00f9 la partie du XVIe arrondissement s'\u00e9tendant en de\u00e7\u00e0 de la rue du Ranelagh \u00e9tait situ\u00e9e \"dans le sud\" ; o\u00f9 les immeubles de l'avenue Paul-Doumer, un jour de pluie, pouvaient se d\u00e9tacher pour rejoindre la pleine mer...\" .\r\nAu fil de ce roman nimb\u00e9 de myst\u00e8re, une g\u00e9ographie singuli\u00e8re se dessine. De rues en pente en chambres d'h\u00f4tel, des perspectives nouvelles ne cessent de s'ouvrir. Dans des d\u00e9cors tr\u00e8s finement trac\u00e9s, apparaissent tour \u00e0 tour une \u00e9nigmatique patronne de caf\u00e9, un ancien professeur de danse en proie \u00e0 la solitude, puis, \u00e0 Casablanca o\u00f9 Daniel part en qu\u00eate de meubles pour le compte d'un collectionneur, un volubile g\u00e9rant d'h\u00f4tel ou encore l'\u00e9trange propri\u00e9taire de deux fauteuils du d\u00e9corateur Jean Roy\u00e8re. Mais une figure domine, entre ombres et lumi\u00e8re : celle de Christine Stretter, aim\u00e9e et perdue.\r","authors":["Thierry Dancourt"],"category_codes":["1000000","1010000"],"visuals":{"large":"https:\/\/images.epagine.fr\/677\/9782710330677_1_75.jpg","medium":"https:\/\/images.epagine.fr\/677\/9782710330677_1_m.jpg","thumbnail":"https:\/\/images.epagine.fr\/677\/9782710330677_1_v.jpg"},"orderable":true,"show_badge":true,"formatted_price":"18,30&nbsp;\u20ac","formatted_published_date":"25 ao\u00fbt 2008","publisher_availability_label":"Sur commande","short_details":"Thierry Dancourt \u2014 \u00c9ditions de La Table Ronde","translator":null,"weight":210,"page_count":176,"readership":null,"editor":"\u00c9ditions de La Table Ronde","price":1830,"published_date":"2008-08-24T22:00:00.000000Z","support":"Grand format","publisher_availability":1,"stock":0,"editions":["9792710300051"],"url":"https:\/\/quaidesbrumes.com\/ouvrage\/9782710330677\/hotel-de-lausanne"},{"id":"9782714494450","title":"Jours de Finlande","description":"\u00ab Ce que provoque l'\u00e9criture : des d\u00e9tails qui refont surface, des d\u00e9tails oubli\u00e9s depuis longtemps, la m\u00e9moire est un lac gel\u00e9 dans lequel on perce un trou pour en tirer, l'un apr\u00e8s l'autre, quantit\u00e9 de poissons. \u00bb En 1973, alors qu'il n'a que dix-neuf ans, Herman Koch persuade son p\u00e8re de le laisser partir dans une ferme en Finlande. Le travail est dur, le climat glacial, mais c'est exactement ce qu'il faut \u00e0 ce jeune homme bless\u00e9 qui vient de perdre sa m\u00e8re. Malgr\u00e9 son d\u00e9sir fou de solitude, il va se lier d'amiti\u00e9 avec un professeur de lettres et po\u00e8te \u00e0 ses heures qui lui fait d\u00e9couvrir Tolsto\u00ef. Et puis surtout, il va faire la connaissance d'Anna, une belle Finlandaise dont il tombe amoureux...\r\n \r\nAu souvenir de ce voyage et de ce premier amour, se m\u00ealent aussi celui de sa m\u00e8re, de sa mort pr\u00e9matur\u00e9, ses relations difficiles avec son p\u00e8re, ses voyages, sa rencontre \u00e0 Barcelone avec celle qui va devenir sa femme. Au gr\u00e9 de ces allers-retours m\u00e9moriels, dont on ne sait jamais s'ils sont tout \u00e0 fait r\u00e9els ou fantasm\u00e9s, Hermann Koch revient sur le deuil qui a marqu\u00e9 son adolescence, sur sa famille, sur sa carri\u00e8re d'\u00e9crivain.\r\n\r\nTout \u00e0 la fois roman d'apprentissage et r\u00e9cit autobiographique, Jours de Finlande est surtout une tr\u00e8s belle et tendre \u00e9vocation de l'\u00e9criture et la place qu'elle peut occuper dans nos vies, que l'on soit \u00e9crivain ou lecteur.","authors":["Herman Koch"],"category_codes":["1000000","1010000"],"visuals":{"large":"https:\/\/images.epagine.fr\/450\/9782714494450_1_75.jpg","medium":"https:\/\/images.epagine.fr\/450\/9782714494450_1_m.jpg","thumbnail":"https:\/\/images.epagine.fr\/450\/9782714494450_1_v.jpg"},"orderable":true,"show_badge":true,"formatted_price":"21,00&nbsp;\u20ac","formatted_published_date":"19 mai 2022","publisher_availability_label":"Sur commande","short_details":"Herman Koch \u2014 Belfond","translator":null,"weight":384,"page_count":272,"readership":null,"editor":"Belfond","price":2100,"published_date":"2022-05-18T22:00:00.000000Z","support":"Grand format","publisher_availability":1,"stock":0,"editions":[],"url":"https:\/\/quaidesbrumes.com\/ouvrage\/9782714494450\/jours-de-finlande"},{"id":"9782350874562","title":"Aucune pierre ne brise la nuit","description":"En 1998, Gabriel et Ariane se rencontrent dans un mus\u00e9e du Havre, face \u00e0 un figuratif argentin. Ils l'ignorent encore, mais le cours de leur existence vient de basculer.\r\nL'Argentine et l'amour viennent de se poser l\u00e0, entre eux, et Gabriel voit ressurgir les douloureux fant\u00f4mes qu'il croyait avoir abandonn\u00e9s \u00e0 Buenos Aires, vingt ans plus t\u00f4t.\r\nPour Ariane, femme de diplomate, Buenos Aires r\u00e9sonnait jusqu'alors comme le plus doux des souvenirs : celui de la maternit\u00e9 tant esp\u00e9r\u00e9e. Mais \u00e0 l'annonce de la r\u00e9ouverture des enqu\u00eates li\u00e9es aux trente mille disparus sous la dictature de Videla, l'attitude trouble de son mari lui fait soudain craindre le pire. Ariane, n'aura d'autres choix que de plonger dans son histoire familiale, entra\u00eenant avec elle Gabriel, enfin pr\u00eat \u00e0 faire \u00e9clater la v\u00e9rit\u00e9.\r\nAucune pierre ne brise la nuit explore les cicatrices et les silences laiss\u00e9s par la junte militaire et rend un sublime hommage aux disparus, \u00e0 leurs proches et \u00e0 ceux qui oeuvrent \u00e0 la reconstruction du pays. Une fois encore Fr\u00e9d\u00e9ric Couderc se pose \u00e0 la crois\u00e9e des genres, entre qu\u00eate identitaire et polar sentimental en puisant aux racines d'un pays meurtris par leur Histoire.\r","authors":["Fr\u00e9d\u00e9ric Couderc"],"category_codes":["1000000","1010000"],"visuals":{"large":"https:\/\/images.epagine.fr\/562\/9782350874562_1_75.jpg","medium":"https:\/\/images.epagine.fr\/562\/9782350874562_1_m.jpg","thumbnail":"https:\/\/images.epagine.fr\/562\/9782350874562_1_v.jpg"},"orderable":true,"show_badge":true,"formatted_price":"19,00&nbsp;\u20ac","formatted_published_date":"3 mai 2018","publisher_availability_label":"Sur commande","short_details":"Fr\u00e9d\u00e9ric Couderc \u2014 \u00c9ditions H\u00e9lo\u00efse d'Ormesson","translator":null,"weight":344,"page_count":318,"readership":null,"editor":"\u00c9ditions H\u00e9lo\u00efse d'Ormesson","price":1900,"published_date":"2018-05-02T22:00:00.000000Z","support":"Grand format","publisher_availability":1,"stock":0,"editions":[],"url":"https:\/\/quaidesbrumes.com\/ouvrage\/9782350874562\/aucune-pierre-ne-brise-la-nuit"},{"id":"9782259312240","title":"Les bienheureux","description":"\" Il y a dans chaque maladie rare le chuchotement d'un roman, le fr\u00e9missement d'une histoire. Dans celle-ci, ils ont tous les yeux bleus. \" Des mots bleus. Ceux qui rendent les gens heureux. \u00c0 deux ans, Thomas parle \u00e0 peine mais reproduit vingt-cinq sons d'animaux. Enzo a du mal \u00e0 s'exprimer mais a appris seul \u00e0 parler anglais. Axelle adore le monde qui l'entoure mais sort rarement sans ses protections anti-bruit. Quant \u00e0 Marius, il ne sait pas cuisiner mais conna\u00eet par coeur des centaines de recettes.\r\nIl y a aussi Marie, Arthur, Mal\u00e9na, Romain et Svetlana. Des \u00eatres uniques. Des \u00eatres elfiques dont la vie est un roman. Un roman inventif et magique qui raconte leur enfance autant que leur diff\u00e9rence, le syndrome de Williams-Beuren.\r\nAvec tendresse, Julien Dufresne-Lamy leur d\u00e9die un r\u00e9cit litt\u00e9raire, poignant et lumineux, qui nous \u00e9veille aux joies oubli\u00e9es, celles de l'innocence qui ne conna\u00eet pas le mal, de l'amour absolu, de la vie qu'on vit avec les yeux. Et fait de nous tous des Bienheureux.\r\n\r\n?RENTREE LITTERAIRE 2022","authors":["Julien Dufresne-Lamy"],"category_codes":["1000000","1010000"],"visuals":{"large":"https:\/\/images.epagine.fr\/240\/9782259312240_1_75.jpg","medium":"https:\/\/images.epagine.fr\/240\/9782259312240_1_m.jpg","thumbnail":"https:\/\/images.epagine.fr\/240\/9782259312240_1_v.jpg"},"orderable":true,"show_badge":true,"formatted_price":"19,00&nbsp;\u20ac","formatted_published_date":"25 ao\u00fbt 2022","publisher_availability_label":"Sur commande","short_details":"Julien Dufresne-Lamy \u2014 Plon","translator":null,"weight":304,"page_count":240,"readership":null,"editor":"Plon","price":1900,"published_date":"2022-08-24T22:00:00.000000Z","support":"Grand format","publisher_availability":1,"stock":0,"editions":[],"url":"https:\/\/quaidesbrumes.com\/ouvrage\/9782259312240\/les-bienheureux"},{"id":"9782226392152","title":"Un seul parmi les vivants","description":"Caroline du Sud, 1932. Par un soir d'\u00e9t\u00e9 caniculaire, le vieux sh\u00e9rif Furman Chambers est tir\u00e9 de son sommeil par un coup de t\u00e9l\u00e9phone : deux hommes ont \u00e9t\u00e9 froidement abattus \u00e0 la sortie d'une ancienne auberge qui sert d\u00e9sormais de couverture au trafic d'alcool de Larthan Tull, le \u00ab magnat du bourbon \u00bb.\r\n \r\nQuand Chambers arrive sur les lieux, le nom du coupable circule d\u00e9j\u00e0 : Mary Jane Hopewell, un v\u00e9t\u00e9ran de la Grande Guerre, qui vit en marge de la soci\u00e9t\u00e9. Mais le sh\u00e9rif, sceptique de nature, d\u00e9cide de mener l'enqu\u00eate et se retrouve plong\u00e9 dans une spirale de violence qui va bouleverser le destin de personnages inoubliables.\r\n \r\nAlliant exigence litt\u00e9raire et talent de conteur, Jon Sealy ressuscite avec brio l'\u00e9poque de la Grande D\u00e9pression. Il y m\u00eale noirceur et moments de gr\u00e2ce inattendus, cr\u00e9ant une intensit\u00e9 dramatique saisissante autour des relations familiales, de la folie du pouvoir et des limites de la justice.\r\n \r\n \r\n\u00ab Ce roman, c'est un peu comme si Cormac McCarthy et William Faulkner r\u00e9\u00e9crivaient le sc\u00e9nario de la s\u00e9rie Boardwalk Empire, aid\u00e9s dans leur inspiration existentialiste par un bon alcool fort. \u00bb Richmond Times Dispatch","authors":["Jon Sealy","Michel Lederer"],"category_codes":["1000000","1010000"],"visuals":{"large":"https:\/\/images.epagine.fr\/152\/9782226392152_1_75.jpg","medium":"https:\/\/images.epagine.fr\/152\/9782226392152_1_m.jpg","thumbnail":"https:\/\/images.epagine.fr\/152\/9782226392152_1_v.jpg"},"orderable":true,"show_badge":true,"formatted_price":"22,90&nbsp;\u20ac","formatted_published_date":"1er mars 2017","publisher_availability_label":"Sur commande","short_details":"Jon Sealy, Michel Lederer \u2014 Albin Michel","translator":"MICHEL LEDERER","weight":448,"page_count":354,"readership":null,"editor":"Albin Michel","price":2290,"published_date":"2017-02-28T23:00:00.000000Z","support":"Grand format","publisher_availability":1,"stock":0,"editions":[],"url":"https:\/\/quaidesbrumes.com\/ouvrage\/9782226392152\/un-seul-parmi-les-vivants"},{"id":"9782246802426","title":"\u00c0 l'or\u00e9e de la nuit","description":"Dans l'Am\u00e9rique des Sixties, au fin fond des Appalaches o\u00f9 elle vit retranch\u00e9e, loin des soubresauts du monde, Luce, jeune femme farouche et ind\u00e9pendante, se voit confier la charge des jumeaux de sa soeur d\u00e9funte. Ayant vu leur p\u00e8re, Bud, une brute \u00e9paisse, assassiner leur m\u00e8re, les orphelins traumatis\u00e9s se sont r\u00e9fugi\u00e9s dans un mutisme inqui\u00e9tant, o\u00f9 sourd une violence pr\u00eate \u00e0 exploser \u00e0 tout moment. Patiemment, Luce va tenter de r\u00e9apprendre la vie \u00e0 ces deux \u00e9corch\u00e9s vifs, et elle-m\u00eame de reprendre go\u00fbt \u00e0 l'amour et \u00e0 la compagnie des hommes. \u00c0 celle, en particulier, de Stubblefield, nouveau propri\u00e9taire des terres o\u00f9 elle s'est \u00e9tablie. Mais leur idylle est menac\u00e9e par le retour de Bud, blanchi du meurtre de sa femme et bien d\u00e9cid\u00e9 \u00e0 retrouver le magot que les deux enfants, croit-il, lui ont vol\u00e9. C'est le d\u00e9but d'une longue \u00ab nuit du chasseur \u00bb : un western d'une beaut\u00e9 crue et cr\u00e9pusculaire, o\u00f9 Charles Frazier se r\u00e9v\u00e8le une fois de plus, apr\u00e8s l'immense succ\u00e8s de Retour \u00e0 Cold Mountain, comme l'un des grands romanciers des espaces am\u00e9ricains.\r","authors":["Charles Frazier","Brice Matthieussent"],"category_codes":["1000000","1010000"],"visuals":{"large":"https:\/\/images.epagine.fr\/426\/9782246802426_1_75.jpg","medium":"https:\/\/images.epagine.fr\/426\/9782246802426_1_m.jpg","thumbnail":"https:\/\/images.epagine.fr\/426\/9782246802426_1_v.jpg"},"orderable":true,"show_badge":true,"formatted_price":"20,90&nbsp;\u20ac","formatted_published_date":"3 septembre 2014","publisher_availability_label":"Sur commande","short_details":"Charles Frazier, Brice Matthieussent \u2014 \u00c9ditions Grasset","translator":"BRICE MATTHIEUSSENT","weight":405,"page_count":384,"readership":null,"editor":"\u00c9ditions Grasset","price":2090,"published_date":"2014-09-02T22:00:00.000000Z","support":"Grand format","publisher_availability":1,"stock":0,"editions":[],"url":"https:\/\/quaidesbrumes.com\/ouvrage\/9782246802426\/a-loree-de-la-nuit"},{"id":"9782848765754","title":"Les insouciants","description":"Billy Lange na\u00eet en 1909 sur l'\u00eele de Wight, o\u00f9 son p\u00e8re est skipper pour le compte d'un riche baron juif allemand. Enfant, il est fascin\u00e9 par la fille du baron, l'insaisissable et volontaire Karin von Weinbrenner. Apr\u00e8s la Premi\u00e8re Guerre mondiale qui contraint la famille Lange \u00e0 \u00e9migrer, le hasard r\u00e9unit de nouveau Billy et Karin sur la propri\u00e9t\u00e9 du baron, pr\u00e8s de Francfort. D\u00e8s lors, au fil des ans, tandis que la soci\u00e9t\u00e9 perd ses rep\u00e8res moraux et que l'Allemagne marche vers le second conflit mondial, ils se d\u00e9couvrent des points communs : le jazz, la vitesse, un tenace r\u00eave d'\u00e9vasion... Et, face \u00e0 la mont\u00e9e du nazisme, aux traitements inflig\u00e9s au baron et \u00e0 son entourage, les deux jeunes gens restent taraud\u00e9s par une m\u00eame question : faut-il rester ou se r\u00e9soudre \u00e0 fuir ?\r\n\r\nEntrela\u00e7ant les souvenirs de Billy - son enfance anglaise, l'emprisonnement de son p\u00e8re soup\u00e7onn\u00e9 d'espionnage, le refuge dans une Irlande secou\u00e9e par l'IRA, la fuite en Allemagne, l'entre-deux-guerres o\u00f9 se m\u00ealent insouciance et signes annonciateurs d'un nouvel ordre des choses -, Peter Behrens offre un \u00e9clairage subtil et une fine compr\u00e9hension de la \u00ab Grande Histoire \u00bb. Brillamment construit, profond\u00e9ment \u00e9mouvant, Les insouciants sont une histoire d'amour, une \u00e9pop\u00e9e historique et une r\u00e9flexion lucide sur la violence de l'Europe du xxe si\u00e8cle. Un roman magistral.\r","authors":["Peter Behrens","Isabelle Chapman"],"category_codes":["1000000","1010000"],"visuals":{"large":"https:\/\/images.epagine.fr\/754\/9782848765754_1_75.jpg","medium":"https:\/\/images.epagine.fr\/754\/9782848765754_1_m.jpg","thumbnail":"https:\/\/images.epagine.fr\/754\/9782848765754_1_v.jpg"},"orderable":true,"show_badge":true,"formatted_price":"23,00&nbsp;\u20ac","formatted_published_date":"2 f\u00e9vrier 2017","publisher_availability_label":"Sur commande","short_details":"Peter Behrens, Isabelle Chapman \u2014 \u00c9ditions Philippe Rey","translator":"ISABELLE CHAPMAN","weight":574,"page_count":528,"readership":null,"editor":"\u00c9ditions Philippe Rey","price":2300,"published_date":"2017-02-01T23:00:00.000000Z","support":"Grand format","publisher_availability":1,"stock":0,"editions":[],"url":"https:\/\/quaidesbrumes.com\/ouvrage\/9782848765754\/les-insouciants"},{"id":"9782253100423","title":"La fantastique famille Telemachus","description":"Teddy Telemachus, escroc charismatique, participe \u00e0 une \u00e9tude sur les perceptions extrasensorielles secr\u00e8tement dirig\u00e9e par la CIA. C'est l\u00e0 qu'il rencontre Maureen McKinnon, une authentique m\u00e9dium. Apr\u00e8s une idylle mouvement\u00e9e, Teddy et Maureen se marient et ont trois enfants surdou\u00e9s, avec lesquels ils forment la Fantastique Famille Telemachus, qui sillonne le pays pour pr\u00e9senter au public les pouvoirs de chacun. \r\nIrene est un v\u00e9ritable d\u00e9tecteur de mensonges, Frankie peut d\u00e9placer des objets par la force de sa pens\u00e9e et Buddy, le benjamin, sait pr\u00e9dire l'avenir. H\u00e9las, un soir, une trag\u00e9die va les diviser. Des d\u00e9cennies plus tard, les Telemachus n'ont plus grand-chose de fantastique... Conteur reconnu, Daryl Gregory nous offre un roman surprenant, dont les droits ont \u00e9t\u00e9 vendus pour une adaptation audiovisuelle.\r","authors":["Daryl Gregory","Laurent Philibert-Caillat"],"category_codes":["1000000","1010000"],"visuals":{"large":"https:\/\/images.epagine.fr\/423\/9782253100423_1_75.jpg","medium":"https:\/\/images.epagine.fr\/423\/9782253100423_1_m.jpg","thumbnail":"https:\/\/images.epagine.fr\/423\/9782253100423_1_v.jpg"},"orderable":true,"show_badge":true,"formatted_price":"8,90&nbsp;\u20ac","formatted_published_date":"9 d\u00e9cembre 2020","publisher_availability_label":"Sur commande","short_details":"Daryl Gregory, Laurent Philibert-Caillat \u2014 Le Livre de Poche","translator":"LAURENT PHILIBERT-CAILLAT","weight":325,"page_count":624,"readership":null,"editor":"Le Livre de Poche","price":890,"published_date":"2020-12-08T23:00:00.000000Z","support":"Poche","publisher_availability":1,"stock":0,"editions":[],"url":"https:\/\/quaidesbrumes.com\/ouvrage\/9782253100423\/la-fantastique-famille-telemachus"},{"id":"9782714497970","title":"Les gardiens de la maison","description":"Prix Pulitzer 1965, publi\u00e9 en France la m\u00eame ann\u00e9e et inexplicablement jamais r\u00e9\u00e9dit\u00e9 depuis, un roman social, engag\u00e9, aux accents f\u00e9ministes. Un classique am\u00e9ricain largement m\u00e9connu, \u00e0 red\u00e9couvrir aujourd'hui.\r\n\u00c0 travers le portrait subtil et complexe d'une riche famille de La Nouvelle-Orl\u00e9ans, c'est toute l'histoire troubl\u00e9e des \u00c9tats-Unis qui nous est cont\u00e9e, de la fin de la guerre civile au milieu du xxe si\u00e8cle, dans une r\u00e9gion o\u00f9 la s\u00e9gr\u00e9gation reste de mise. Dans la grande tradition de la litt\u00e9rature sudiste, de John Steinbeck \u00e0 Flannery O'Connor, une fresque \u00e9pique, sur une femme forte et \u00e9mancip\u00e9e, ultime gardienne des secrets de sa dynastie, pr\u00eate \u00e0 tout pour assouvir sa vengeance contre ceux qui ont bafou\u00e9 le nom des siens.","authors":["Shirley Ann Grau","Colette-Marie Huet"],"category_codes":["1000000","1010000"],"visuals":{"large":"https:\/\/images.epagine.fr\/970\/9782714497970_1_75.jpg","medium":"https:\/\/images.epagine.fr\/970\/9782714497970_1_m.jpg","thumbnail":"https:\/\/images.epagine.fr\/970\/9782714497970_1_v.jpg"},"orderable":true,"show_badge":true,"formatted_price":"14,00&nbsp;\u20ac","formatted_published_date":"2 mars 2023","publisher_availability_label":"Sur commande","short_details":"Shirley Ann Grau, Colette-Marie Huet \u2014 Belfond","translator":"COLETTE-MARIE HUET","weight":428,"page_count":432,"readership":null,"editor":"Belfond","price":1400,"published_date":"2023-03-01T23:00:00.000000Z","support":"Grand format","publisher_availability":1,"stock":0,"editions":[],"url":"https:\/\/quaidesbrumes.com\/ouvrage\/9782714497970\/les-gardiens-de-la-maison"},{"id":"9782251459264","title":"La Mezzanine","description":null,"authors":["Nicholson Baker","Arlette Stroumza"],"category_codes":["1000000","1010000"],"visuals":{"large":"https:\/\/quaidesbrumes.com\/img\/book-placeholder.png","medium":"https:\/\/quaidesbrumes.com\/img\/book-placeholder.png","thumbnail":"https:\/\/quaidesbrumes.com\/img\/book-placeholder.png"},"orderable":false,"show_badge":true,"formatted_price":"15,00&nbsp;\u20ac","formatted_published_date":"5 juin 2026","publisher_availability_label":"\u00c0 para\u00eetre","short_details":"Nicholson Baker, Arlette Stroumza \u2014 Les Belles Lettres","translator":"ARLETTE STROUMZA","weight":0,"page_count":196,"readership":null,"editor":"Les Belles Lettres","price":1500,"published_date":"2026-06-04T22:00:00.000000Z","support":"Grand format","publisher_availability":2,"stock":0,"editions":[],"url":"https:\/\/quaidesbrumes.com\/ouvrage\/9782251459264\/la-mezzanine"},{"id":"9782355270994","title":"Sur la bonne r\u00e9putation endormie","description":null,"authors":["Val\u00e9rie Mr\u00e9jen"],"category_codes":["1000000","1010000"],"visuals":{"large":"https:\/\/images.epagine.fr\/994\/9782355270994_1_75.jpg","medium":"https:\/\/images.epagine.fr\/994\/9782355270994_1_m.jpg","thumbnail":"https:\/\/images.epagine.fr\/994\/9782355270994_1_v.jpg"},"orderable":true,"show_badge":true,"formatted_price":"10,00&nbsp;\u20ac","formatted_published_date":"24 septembre 2012","publisher_availability_label":"Sur commande","short_details":"Val\u00e9rie Mr\u00e9jen \u2014 Confluences","translator":null,"weight":70,"page_count":56,"readership":null,"editor":"Confluences","price":1000,"published_date":"2012-09-23T22:00:00.000000Z","support":"Grand format","publisher_availability":1,"stock":0,"editions":[],"url":"https:\/\/quaidesbrumes.com\/ouvrage\/9782355270994\/sur-la-bonne-reputation-endormie"},{"id":"9792742400316","title":"Morne c\u00e2presse","description":"Les plantations \u00e9taient amoureusement soign\u00e9es, ordonn\u00e9es, trac\u00e9es au cordeau. Une, deux, trois cocoteraies. Des vergers plant\u00e9s d'arbres aux branches solides charg\u00e9es d'oranges, pamplemousses, citrons verts. Et quatre, cinq, six potagers sages. Et aussi, bien align\u00e9es, des rang\u00e9es de past\u00e8ques, melons, ananas. Et des fleurs en quantit\u00e9. Des all\u00e9es d'hibiscus rouges, des parterres d'alpinias, des \u00e9tendues de rose-porcelaine, tranquilles, au bordage d'une rivi\u00e8re peupl\u00e9e par une tribu de grosses roches \u00e9baudies sous le soleil. \r\n\r\nAu sommet du Morne C\u00e2presse, dans un v\u00e9ritable jardin d'\u00c9den, vit la myst\u00e9rieuse Congr\u00e9gation des Filles de Cham. Dirig\u00e9e par la soeur Pac\u00f4me, la communaut\u00e9 recueille des femmes bless\u00e9es par la vie : meurtri\u00e8res, drogu\u00e9es, prostitu\u00e9es... Soumises \u00e0 une hi\u00e9rarchie inflexible, des dizaines d'adeptes oeuvrent pour panser les plaies de ces filles perdues et faire respecter des rites stricts. C'est en d\u00e9sespoir de cause que Line, \u00e0 la recherche de Myl\u00e8ne, sa soeur disparue, grimpe sur le Morne et s'adresse aux Filles de Cham : mais ses questions g\u00eanantes perturbent le bel ordonnancement. Derri\u00e8re les apparences idylliques, ces femmes cacheraient-elles quelques lourds secrets?","authors":["Gis\u00e8le Pineau"],"category_codes":["1000000","1010000"],"visuals":{"large":"https:\/\/images.epagine.fr\/316\/9792742400316_1_75.jpg","medium":"https:\/\/images.epagine.fr\/316\/9792742400316_1_m.jpg","thumbnail":"https:\/\/images.epagine.fr\/316\/9792742400316_1_v.jpg"},"orderable":false,"show_badge":true,"formatted_price":"0,00&nbsp;\u20ac","formatted_published_date":null,"publisher_availability_label":"\u00c0 para\u00eetre","short_details":"Gis\u00e8le Pineau \u2014 Mercure de France","translator":null,"weight":0,"page_count":null,"readership":null,"editor":"Mercure de France","price":0,"published_date":null,"support":"Grand format","publisher_availability":2,"stock":0,"editions":[],"url":"https:\/\/quaidesbrumes.com\/ouvrage\/9792742400316\/morne-capresse"},{"id":"9782875510396","title":"La coupure","description":"Contrainte d'abandonner son b\u00e9b\u00e9 \u00e0 la naissance, une jeune femme, prise de remords, n'aura de cesse de le retrouver. Quand elle y parvient, avec difficult\u00e9 et apr\u00e8s plusieurs ann\u00e9es, les choses n'en sont pas simplifi\u00e9es. Le petit gar\u00e7on, qui apprendra la v\u00e9rit\u00e9 de mani\u00e8re brutale, a \u00e9t\u00e9 adopt\u00e9 par une famille aimante et d\u00e9vou\u00e9e. Que faire ?\r\nLe poids du pass\u00e9, la rupture avec le p\u00e8re biologique, le contact avec l'association caritative responsable du placement de l'enfant, la rencontre avec diverses personnes impliqu\u00e9es, tout cela tisse un r\u00e9seau de relations surprenantes et complexes entre les protagonistes et am\u00e8nent la jeune femme, pouss\u00e9e par le d\u00e9sarroi, le chagrin et la culpabilit\u00e9, \u00e0 des choix douloureux...\r","authors":["Jean-hubert Mabille"],"category_codes":["1000000","1010000"],"visuals":{"large":"https:\/\/images.epagine.fr\/396\/9782875510396_1_75.jpg","medium":"https:\/\/images.epagine.fr\/396\/9782875510396_1_m.jpg","thumbnail":"https:\/\/images.epagine.fr\/396\/9782875510396_1_v.jpg"},"orderable":true,"show_badge":true,"formatted_price":"16,00&nbsp;\u20ac","formatted_published_date":"1er janvier 2013","publisher_availability_label":"Sur commande","short_details":"Jean-hubert Mabille \u2014 Editions Namuroises","translator":null,"weight":400,"page_count":null,"readership":null,"editor":"Editions Namuroises","price":1600,"published_date":"2012-12-31T23:00:00.000000Z","support":"Grand format","publisher_availability":1,"stock":0,"editions":[],"url":"https:\/\/quaidesbrumes.com\/ouvrage\/9782875510396\/la-coupure"}]}