{"data":[{"id":"9782081247062","title":"N'ayez pas peur, nous sommes l\u00e0","description":"Ninon Montoire est pompier et m\u00e8re c\u00e9libataire de la petite Sophie, 5 ans. Abandonn\u00e9e par le p\u00e8re de Sophie lorsqu'il apprit qu'elle \u00e9tait enceinte, Ninon refuse de c\u00e9der aux avances de Thomas, son co\u00e9quipier, qu'elle aime comme un fr\u00e8re. L'arriv\u00e9e de l'\u00e9crivain William Launay bouleverse son univers.","authors":["Janine Boissard"],"category_codes":["1000000","1010000"],"visuals":{"large":"https:\/\/images.epagine.fr\/062\/9782081247062_1_75.jpg","medium":"https:\/\/images.epagine.fr\/062\/9782081247062_1_m.jpg","thumbnail":"https:\/\/images.epagine.fr\/062\/9782081247062_1_v.jpg"},"orderable":true,"show_badge":true,"formatted_price":"20,20&nbsp;\u20ac","formatted_published_date":"5 mars 2011","publisher_availability_label":"Sur commande","short_details":"Janine Boissard \u2014 Flammarion","translator":null,"weight":444,"page_count":336,"readership":null,"editor":"Flammarion","price":2020,"published_date":"2011-03-04T23:00:00.000000Z","support":"Grand format","publisher_availability":1,"stock":0,"editions":[],"url":"https:\/\/quaidesbrumes.com\/ouvrage\/9782081247062\/nayez-pas-peur-nous-sommes-la"},{"id":"9782369145196","title":"Vos jours sont compt\u00e9s","description":"Le roman s'ouvre sur une f\u00eate dans un ch\u00e2teau en Transylvanie. Il y a l\u00e0 un comte aux id\u00e9es larges mais qui n'imagine pas vivre un jour priv\u00e9 de ses privil\u00e8ges, une beaut\u00e9 mal mari\u00e9e en peine de justes compensations, un pianiste de talent ravag\u00e9 par la passion du jeu, une jeune fille p\u00e9trie d'esp\u00e9rances et d'illusions... Tout ce beau monde passe son temps \u00e0 se d\u00e9chirer : intrigues, scandales, complots, crimes, imbroglios politiques, passions avouables ou non. Et, en toile de fond, la d\u00e9gringolade de l'Empire austro-hongrois. Car autour d'eux l'Histoire semble acc\u00e9l\u00e9rer dangereusement le pas.\r\n\r\nVos jours sont compt\u00e9s est le premier volume de la c\u00e9l\u00e8bre \u00ab Trilogie transylvaine \u00bb qui nous fait vivre les mille efforts d\u00e9risoires d'une soci\u00e9t\u00e9 pour \u00e9chapper \u00e0 la chute.\r\n\r\nPremi\u00e8re traduction en fran\u00e7ais du chef-d'oeuvre de Mikl\u00f3s B\u00e1nffy (1873-1950), \u00ab oubli\u00e9 \u00bb depuis soixante ans et red\u00e9couvert gr\u00e2ce au succ\u00e8s, parfaitement inattendu, d'une traduction anglaise enfin int\u00e9grale (1999).\r\n\r\nUn formidable concentr\u00e9 de nostalgie.\r","authors":["Mikl\u00f3s Banffy","Jean-luc Moreau"],"category_codes":["1000000","1010000"],"visuals":{"large":"https:\/\/images.epagine.fr\/196\/9782369145196_1_75.jpg","medium":"https:\/\/images.epagine.fr\/196\/9782369145196_1_m.jpg","thumbnail":"https:\/\/images.epagine.fr\/196\/9782369145196_1_v.jpg"},"orderable":true,"show_badge":true,"formatted_price":"16,70&nbsp;\u20ac","formatted_published_date":"26 septembre 2018","publisher_availability_label":"Sur commande","short_details":"Mikl\u00f3s Banffy, Jean-luc Moreau \u2014 Libretto","translator":"JEAN-LUC MOREAU","weight":678,"page_count":880,"readership":null,"editor":"Libretto","price":1670,"published_date":"2018-09-25T22:00:00.000000Z","support":"Poche","publisher_availability":1,"stock":0,"editions":[],"url":"https:\/\/quaidesbrumes.com\/ouvrage\/9782369145196\/vos-jours-sont-comptes"},{"id":"9782874891984","title":"La foret d'Apollinaire","description":"Juillet 1899, Guillaume Apollinaire a 19 ans. Sans le sou, il s\u00b4installe \u00e0 Stavelot avec son fr\u00e8re Albert pour quelques semaines d\u00b4enchantement. De la rencontre de Maria Dubois, son premier amour, \u00e0 la d\u00e9couverte \u00e9merveill\u00e9e des Hautes Fagnes, cette \u00ab?saison en Ardenne?\u00bb marquera \u00e0 jamais la sensibilit\u00e9 de l\u00b4auteur du Pont Mirabeau. Pierre, l\u00b4ami stavelotain de Guillaume, est le t\u00e9moin de cet \u00e9t\u00e9 magique... M\u00ealant r\u00e9alit\u00e9 et fiction, acteurs vrais et personnages imaginaires, La For\u00eat d\u00b4Apollinaire recr\u00e9e \u00ab?sur le motif?\u00bb un moment d\u00e9terminant de la vie du po\u00e8te.","authors":["Christmas Libens"],"category_codes":["1000000","1010000"],"visuals":{"large":"https:\/\/images.epagine.fr\/984\/9782874891984_1_75.jpg","medium":"https:\/\/images.epagine.fr\/984\/9782874891984_1_m.jpg","thumbnail":"https:\/\/images.epagine.fr\/984\/9782874891984_1_v.jpg"},"orderable":true,"show_badge":true,"formatted_price":"14,00&nbsp;\u20ac","formatted_published_date":"30 ao\u00fbt 2013","publisher_availability_label":"Sur commande","short_details":"Christmas Libens \u2014 Weyrich","translator":null,"weight":400,"page_count":184,"readership":null,"editor":"Weyrich","price":1400,"published_date":"2013-08-29T22:00:00.000000Z","support":"Grand format","publisher_availability":1,"stock":0,"editions":[],"url":"https:\/\/quaidesbrumes.com\/ouvrage\/9782874891984\/la-foret-dapollinaire"},{"id":"9782930538075","title":"Haut les filles !","description":"Elles sont jeunes, seules, tristes ou pas. Elles sont belles ou pas. Elles r\u00e9fl\u00e9chissent  leur vie, elles pleurent, elles rient... Elles repr\u00e9sentent un patchwork des femmes d'aujourd'hui. Des filles d'aujourd'hui. Elles vous emm\u00e8nent dans leur univers, dans leur int\u00e9rieur, vers leur \u00e2me. Elles vous font toucher du doigt, des yeux, leur petit monde. Elles s'appellent Anouk, Jade, Cassiope, Marguerite ou Claire. Elles vous attendent pour vous entra\u00eener dans leur vie. Un instant. Un bref instant.","authors":["Calouan"],"category_codes":["1000000","1010000"],"visuals":{"large":"https:\/\/images.epagine.fr\/075\/9782930538075_1_75.jpg","medium":"https:\/\/images.epagine.fr\/075\/9782930538075_1_m.jpg","thumbnail":"https:\/\/images.epagine.fr\/075\/9782930538075_1_v.jpg"},"orderable":true,"show_badge":true,"formatted_price":"15,00&nbsp;\u20ac","formatted_published_date":"8 d\u00e9cembre 2009","publisher_availability_label":"Sur commande","short_details":"Calouan \u2014 Quadrature","translator":null,"weight":159,"page_count":108,"readership":null,"editor":"Quadrature","price":1500,"published_date":"2009-12-07T23:00:00.000000Z","support":"Grand format","publisher_availability":1,"stock":0,"editions":[],"url":"https:\/\/quaidesbrumes.com\/ouvrage\/9782930538075\/haut-les-filles"},{"id":"9782253934424","title":"Le th\u00e9or\u00e8me de Cupidon","description":"Nouvelle \u00e9dition illustr\u00e9e par l'auteur.\r\n\r\nAd\u00e9la\u00efde est exub\u00e9rante, directe, rigolote, mais elle fuit les histoires d'amour. Phil\u00e9as est timide, maladroit, s\u00e9rieux, et ne pense qu'\u00e0 conclure. Ils ont le m\u00eame \u00e2ge, travaillent tous les deux dans le cin\u00e9ma, pourtant ils ne se connaissent pas. Enfin, c'est ce qu'ils croient...\r\nEntre situations p\u00e9tillantes et rebondissements irr\u00e9sistibles, une savoureuse com\u00e9die romantique \u00e0 deux voix, l'une f\u00e9minine, l'autre qui a mu\u00e9.","authors":["Agn\u00e8s Ab\u00e9cassis"],"category_codes":["1000000","1010000"],"visuals":{"large":"https:\/\/images.epagine.fr\/424\/9782253934424_1_75.jpg","medium":"https:\/\/images.epagine.fr\/424\/9782253934424_1_m.jpg","thumbnail":"https:\/\/images.epagine.fr\/424\/9782253934424_1_v.jpg"},"orderable":true,"show_badge":true,"formatted_price":"6,90&nbsp;\u20ac","formatted_published_date":"27 ao\u00fbt 2019","publisher_availability_label":"Sur commande","short_details":"Agn\u00e8s Ab\u00e9cassis \u2014 Le Livre de Poche","translator":null,"weight":185,"page_count":282,"readership":null,"editor":"Le Livre de Poche","price":690,"published_date":"2019-08-26T22:00:00.000000Z","support":"Poche","publisher_availability":1,"stock":0,"editions":["9782702141830"],"url":"https:\/\/quaidesbrumes.com\/ouvrage\/9782253934424\/le-theoreme-de-cupidon"},{"id":"9782070402571","title":"Sans elle","description":"L\u00e9a a dix ans quand sa soeur meurt.\r\nBrutalement confront\u00e9e au monde des adultes, au chagrin de sa m\u00e8re, elle n'a, pour se d\u00e9fendre, que ses mots \u00e0 elle. Pour tenter, innocente, de retrouver le chemin de la lumi\u00e8re... A vingt-trois ans, Alma Brami prend la voix d'une enfant pour aborder les questions les plus graves avec les mots les plus simples. Et on ne sait, au fil de la lecture, si elle est une adulte qui sait emprunter les pas d'une enfant, ou une enfant qui poss\u00e8de la lucidit\u00e9 d'une adulte...","authors":["Alma Brami"],"category_codes":["1000000","1010000"],"visuals":{"large":"https:\/\/images.epagine.fr\/571\/9782070402571_1_75.jpg","medium":"https:\/\/images.epagine.fr\/571\/9782070402571_1_m.jpg","thumbnail":"https:\/\/images.epagine.fr\/571\/9782070402571_1_v.jpg"},"orderable":true,"show_badge":true,"formatted_price":"8,10&nbsp;\u20ac","formatted_published_date":"4 f\u00e9vrier 2010","publisher_availability_label":"Sur commande","short_details":"Alma Brami \u2014 Folio","translator":null,"weight":114,"page_count":176,"readership":null,"editor":"Folio","price":810,"published_date":"2010-02-03T23:00:00.000000Z","support":"Poche","publisher_availability":1,"stock":0,"editions":[],"url":"https:\/\/quaidesbrumes.com\/ouvrage\/9782070402571\/sans-elle"},{"id":"9782070715466","title":"La femme en pierre","description":"\u00abElle n'est jamais la m\u00eame. Je l'ai vue transparente, son toit vert suspendu dans le givre ; je l'ai vue luisante et noire et nue comme le dos d'un dauphin bondissant ; je l'ai vue poreuse, ravag\u00e9e, grise de bruine, comme une s\u00e9rie de cavernes grignot\u00e9es par la mer ; je l'ai vue telle une pieuvre lumineuse, les bras pr\u00e9dateurs, avide et blanche de soleil ; je l'ai vue droite et pure comme une falaise \u00e0 pic. Peut-\u00eatre est-ce \u00e0 cause de ces incessantes m\u00e9tamorphoses que je me suis laiss\u00e9 prendre.\u00bbDiane de Margerie.","authors":["Diane de Margerie"],"category_codes":["1000000","1010000"],"visuals":{"large":"https:\/\/images.epagine.fr\/466\/9782070715466_1_75.jpg","medium":"https:\/\/images.epagine.fr\/466\/9782070715466_1_m.jpg","thumbnail":"https:\/\/images.epagine.fr\/466\/9782070715466_1_v.jpg"},"orderable":true,"show_badge":true,"formatted_price":"11,45&nbsp;\u20ac","formatted_published_date":"24 janvier 1989","publisher_availability_label":"Sur commande","short_details":"Diane de Margerie \u2014 Gallimard","translator":null,"weight":179,"page_count":140,"readership":null,"editor":"Gallimard","price":1145,"published_date":"1989-01-23T23:00:00.000000Z","support":"Grand format","publisher_availability":1,"stock":0,"editions":[],"url":"https:\/\/quaidesbrumes.com\/ouvrage\/9782070715466\/la-femme-en-pierre"},{"id":"9782812921841","title":"Les amants de la lagune","description":"Une figure f\u00e9minine courageuse et instruite ouvrant la voie \u00e0 un nouveau mod\u00e8le de femme moderne.\r\n\r\nUn roman tr\u00e8s vivant au coeur d'un village peupl\u00e9 de personnages bien camp\u00e9s.\r\n\r\nLe r\u00e9cit des difficiles heures sous l'Occupation.\r\n\r\nDans l'ombre de son p\u00e8re, riche propri\u00e9taire et maire du village, Andr\u00e9 est \u00e9lev\u00e9 avec l'id\u00e9e obs\u00e9dante de lui donner un h\u00e9ritier.\r\nPeine perdue, il n'aura que deux filles. Cette pression se reporte alors sur la benjamine, Lucie, dont les vell\u00e9it\u00e9s contestataires n' ont d' \u00e9gal que les id\u00e9es autoritaires de son grand-p\u00e8re. Alors qu'une nouvelle guerre \u00e9clate, la difficile p\u00e9riode de l' Occupation va r\u00e9v\u00e9ler le carac- t\u00e8re de chacun, audacieux pour les uns et l\u00e2che pour les autres...","authors":["Bernard Duporge"],"category_codes":["1000000","1010000"],"visuals":{"large":"https:\/\/images.epagine.fr\/841\/9782812921841_1_75.jpg","medium":"https:\/\/images.epagine.fr\/841\/9782812921841_1_m.jpg","thumbnail":"https:\/\/images.epagine.fr\/841\/9782812921841_1_v.jpg"},"orderable":true,"show_badge":true,"formatted_price":"7,90&nbsp;\u20ac","formatted_published_date":"24 ao\u00fbt 2017","publisher_availability_label":"Sur commande","short_details":"Bernard Duporge \u2014 De Bor\u00e9e","translator":null,"weight":210,"page_count":400,"readership":null,"editor":"De Bor\u00e9e","price":790,"published_date":"2017-08-23T22:00:00.000000Z","support":"Poche","publisher_availability":1,"stock":0,"editions":[],"url":"https:\/\/quaidesbrumes.com\/ouvrage\/9782812921841\/les-amants-de-la-lagune"},{"id":"9782915120721","title":"Je ne serai pas m.","description":"Un r\u00e9cit dont le narrateur est un adolescent se superpose aux extraits d'un roman le concernant que sa m\u00e8re est en train d'\u00e9crire. Cet enfant pr\u00e9coce souffre d'un handicap non nomm\u00e9 mais qui ressemble \u00e0 une forme d'autisme... Une voix bouleversante.\r\n\r\nAlban n'est pas un enfant comme les autres... Un \u00e9v\u00e9nement de son enfance fixera pour son entourage le d\u00e9but d'un comportement singulier. \u00c0 partir de ce jour, Alban ne pleurera plus, ne parlera plus. Plus tard, il \u00e9crira.\r\nPar l'\u00e9criture d\u00e9pos\u00e9e dans son ordinateur, il parvient en \u00e9quilibriste \u00e0 dompter ses d\u00e9mons int\u00e9rieurs. Les mots sont pour lui vivants et dou\u00e9s de pouvoirs ; ils peuplent son silence.\r\nCharpente de ce r\u00e9cit, le \" journal \" d'Alban ench\u00e2sse les \u00e9crits de sa m\u00e8re d\u00e9couverts par hasard dans un tiroir et recopi\u00e9s en cachette.\r\nMarie-H\u00e9l\u00e8ne Bahain donne une si juste voix \u00e0 cet enfant que le lecteur s'en trouve sollicit\u00e9 dans sa propre relation au monde et au langage.","authors":["Marie-h\u00e9l\u00e8ne Bahain"],"category_codes":["1000000","1010000"],"visuals":{"large":"https:\/\/images.epagine.fr\/721\/9782915120721_1_75.jpg","medium":"https:\/\/images.epagine.fr\/721\/9782915120721_1_m.jpg","thumbnail":"https:\/\/images.epagine.fr\/721\/9782915120721_1_v.jpg"},"orderable":true,"show_badge":true,"formatted_price":"12,00&nbsp;\u20ac","formatted_published_date":"1er avril 2012","publisher_availability_label":"Sur commande","short_details":"Marie-h\u00e9l\u00e8ne Bahain \u2014 L'Amourier","translator":null,"weight":105,"page_count":102,"readership":null,"editor":"L'Amourier","price":1200,"published_date":"2012-03-31T22:00:00.000000Z","support":"Grand format","publisher_availability":1,"stock":0,"editions":[],"url":"https:\/\/quaidesbrumes.com\/ouvrage\/9782915120721\/je-ne-serai-pas-m"},{"id":"9782369140986","title":"Psaumes balbuti\u00e9s ; livre d'heures de ma m\u00e8re","description":"Erwin Mortier raconte ici, sous forme de somptueux fragments, la d\u00e9ch\u00e9ance de sa m\u00e8re frapp\u00e9e par la maladie d'Alzheimer. Suivant au plus pr\u00e8s la progression du mal qui a \u00ab commenc\u00e9 \u00e0 tisser sa dentelle ajour\u00e9e dans [son] esprit \u00bb, l'auteur compose des psaumes \u00ab balbuti\u00e9s \u00bb qui disent la douleur de lentement perdre l'\u00eatre aim\u00e9 en une prose po\u00e9tique qui transcende ce naufrage.\r\nErwin Mortier met en mots ce moment si intime, cette fin aux allures de parcours du combattant pour chacun des membres de la famille, en particulier pour son p\u00e8re, et fait de cette histoire un chant d'adieu universel.\r\n\u00c0 la lecture de ces Psaumes balbuti\u00e9s, le lecteur ne peut s'emp\u00eacher d'avoir une pens\u00e9e pour le film Amour de Michael Haneke, Palme d'Or 2012 et C\u00e9sar du meilleur film 2012.\r\n\r\nL'auteur raconte la lente d\u00e9ch\u00e9ance de sa m\u00e8re frapp\u00e9e par la maladie d'Alzheimer, ses cons\u00e9quences sur chacun des membres de la famille. Une histoire intime bouleversante transcend\u00e9e par un style po\u00e9tique conf\u00e9rant au sujet une port\u00e9e universelle.","authors":["Erwin Mortier","Marie Hooghe"],"category_codes":["1000000","1010000"],"visuals":{"large":"https:\/\/images.epagine.fr\/986\/9782369140986_1_75.jpg","medium":"https:\/\/images.epagine.fr\/986\/9782369140986_1_m.jpg","thumbnail":"https:\/\/images.epagine.fr\/986\/9782369140986_1_v.jpg"},"orderable":true,"show_badge":true,"formatted_price":"8,70&nbsp;\u20ac","formatted_published_date":"10 septembre 2015","publisher_availability_label":"Sur commande","short_details":"Erwin Mortier, Marie Hooghe \u2014 Libretto","translator":"MARIE HOOGHE","weight":164,"page_count":368,"readership":null,"editor":"Libretto","price":870,"published_date":"2015-09-09T22:00:00.000000Z","support":"Grand format","publisher_availability":1,"stock":0,"editions":["9782213671253"],"url":"https:\/\/quaidesbrumes.com\/ouvrage\/9782369140986\/psaumes-balbuties-livre-dheures-de-ma-mere"},{"id":"9782226401922","title":"La noiseti\u00e8re","description":"Il aura suffi d'une voix au t\u00e9l\u00e9phone, confuse et inconnue, pour que resurgisse dans l'esprit de Fran\u00e7ois Vaillargues toute une partie enfouie de sa vie.\r\n    Son enfance en Auvergne, \u00e0 la Noiseti\u00e8re. Puis la mort de sa m\u00e8re, la ferme en feu, le d\u00e9part de nuit avec Amandine, la fille du propri\u00e9taire du domaine...\r\n    Aujourd'hui, Fran\u00e7ois vit \u00e0 Paris et tient un caf\u00e9-bar florissant. Amandine lui a donn\u00e9 un fils, Guillaume. Jamais ils ne sont retourn\u00e9s sur les lieux de leur enfance. Jamais ils n'\u00e9voquent ce qui a r\u00e9ellement eu lieu.\r\n    Vingt ans apr\u00e8s, va-t-il \u00e9couter cette voix qui lui parle de \"choses le concernant \u00e0 la Noiseti\u00e8re\"? Les liens indestructibles avec sa terre, la nostalgie d'un p\u00e8re qu'il n'a pas connu le pousseront-ils \u00e0 reprendre ce domaine ? Le temps pass\u00e9 lui permettra-t-il seulement de pardonner ?\r\n    Avec justesse, force et sensibilit\u00e9, Antonin Malroux explore dans ce roman les th\u00e8mes qui lui sont chers - l'attachement \u00e0 la terre natale, le sens des racines - et \u00e9voque un pays qu'il conna\u00eet merveilleusement bien : l'Auvergne.","authors":["Antonin Malroux"],"category_codes":["1000000","1010000"],"visuals":{"large":"https:\/\/quaidesbrumes.com\/img\/book-placeholder.png","medium":"https:\/\/quaidesbrumes.com\/img\/book-placeholder.png","thumbnail":"https:\/\/quaidesbrumes.com\/img\/book-placeholder.png"},"orderable":true,"show_badge":true,"formatted_price":"19,00&nbsp;\u20ac","formatted_published_date":"27 juillet 2017","publisher_availability_label":"Sur commande","short_details":"Antonin Malroux \u2014 Albin Michel","translator":null,"weight":273,"page_count":224,"readership":null,"editor":"Albin Michel","price":1900,"published_date":"2017-07-26T22:00:00.000000Z","support":"Grand format","publisher_availability":1,"stock":0,"editions":[],"url":"https:\/\/quaidesbrumes.com\/ouvrage\/9782226401922\/la-noisetiere"},{"id":"9782365331098","title":"Tes yeux dans une ville grise","description":"Ous les jours, Jerem\u00edas traverse en bus la capitale p\u00e9ruvienne pour se rendre \u00e0 l'universit\u00e9. Sous son regard sensible et lucide d\u00e9file la Lima d'aujourd'hui, o\u00f9 coexistent quartiers pauvres et zones richissimes.\r\nD\u00e9senchant\u00e9, Jerem\u00edas est le repr\u00e9sentant parfait d'une g\u00e9n\u00e9ration qui n'a jamais pu int\u00e9grer la pr\u00e9tendue \u00ab soci\u00e9t\u00e9 parfaite \u00bb des ann\u00e9es 1990 en Am\u00e9rique du Sud.\r\nR\u00e9cit po\u00e9tique, portrait urbain, roman social, Tes yeux dans une ville grise est servi par une \u00e9criture pr\u00e9cise et fragmentaire. L'ouvrage a \u00e9t\u00e9 finaliste du prix du roman Fernando Qui\u00f1ones en 2010, d\u00e9cern\u00e9 par la fondation Unicaja. En France, le roman a fait partie de la premi\u00e8re s\u00e9lection du festival du premier roman de Chamb\u00e9ry en 2012.","authors":["Martin Mucha","Antonia Garcia castro"],"category_codes":["1000000","1010000"],"visuals":{"large":"https:\/\/images.epagine.fr\/098\/9782365331098_1_75.jpg","medium":"https:\/\/images.epagine.fr\/098\/9782365331098_1_m.jpg","thumbnail":"https:\/\/images.epagine.fr\/098\/9782365331098_1_v.jpg"},"orderable":true,"show_badge":true,"formatted_price":"18,00&nbsp;\u20ac","formatted_published_date":"28 octobre 2021","publisher_availability_label":"Sur commande","short_details":"Martin Mucha, Antonia Garcia castro \u2014 Asphalte \u00c9ditions","translator":"ANTONIA GARCIA CASTRO","weight":188,"page_count":176,"readership":null,"editor":"Asphalte \u00c9ditions","price":1800,"published_date":"2021-10-27T22:00:00.000000Z","support":"Grand format","publisher_availability":1,"stock":0,"editions":[],"url":"https:\/\/quaidesbrumes.com\/ouvrage\/9782365331098\/tes-yeux-dans-une-ville-grise"},{"id":"9782070746699","title":"Bi : De la bisexualit\u00e9 masculine","description":"\u00abLa bisexualit\u00e9 masculine se situe moins aux confins de l'homosexualit\u00e9 que dans les trous de la vie. Dans ces rares moments o\u00f9 on \u00e9chappe \u00e0 soi-m\u00eame, o\u00f9 on \u00e9chappe \u00e0 tout. Virtuose de la fugue, le bisexuel en conna\u00eet un bout sur la fa\u00e7on de tromper la compagnie. Il passe le sexe des gar\u00e7ons en contrebande. Comme Verlaine, il est toujours entre les gar\u00e7ons et les filles, le serment et le parjure, le pair et l'impair, le ciel et la flaque. C'est son ombre sur terre qu'on voit. C'est le Passe-Muraille de Marcel Aym\u00e9. C'est Outis (Personne), nom que se donne Ulysse pour abuser Polyph\u00e8me. Le bisexuel vit \u00e0 la pliure des choses. Il ne s'absente pas, il se d\u00e9place. Son jeu, d'ailleurs, n'est pas tant de se masquer que de masquer le jeu lui-m\u00eame. En quoi la bisexualit\u00e9 est une \u00e9rotique et une esth\u00e9tique.\u00bb Jean-Luc Hennig.","authors":["Jean-luc Hennig"],"category_codes":["1000000","1010000"],"visuals":{"large":"https:\/\/images.epagine.fr\/699\/9782070746699_1_75.jpg","medium":"https:\/\/images.epagine.fr\/699\/9782070746699_1_m.jpg","thumbnail":"https:\/\/images.epagine.fr\/699\/9782070746699_1_v.jpg"},"orderable":true,"show_badge":true,"formatted_price":"12,40&nbsp;\u20ac","formatted_published_date":"15 octobre 1996","publisher_availability_label":"Sur commande","short_details":"Jean-luc Hennig \u2014 Gallimard","translator":null,"weight":208,"page_count":160,"readership":null,"editor":"Gallimard","price":1240,"published_date":"1996-10-14T22:00:00.000000Z","support":"Grand format","publisher_availability":1,"stock":0,"editions":[],"url":"https:\/\/quaidesbrumes.com\/ouvrage\/9782070746699\/bi-de-la-bisexualite-masculine"},{"id":"9782246775911","title":"L'homme qui ha\u00efssait les femmes","description":"Montr\u00e9al, d\u00e9cembre 1989. Un matin comme les autres \u00e0 Polytechnique. Soudain, en plein cours, un jeune homme fait irruption dans une salle, et tout bascule. Il sort de son sac un fusil, abat toutes les filles de la classe, et va poursuivre son carnage dans les couloirs de l'\u00e9cole. Il ne vise que les femmes. Au total, il en tuera quatorze, avant de retourner l'arme contre lui.\r\nPourquoi cette folie meurtri\u00e8re, chez un gar\u00e7on apparemment sans histoires ? Par haine des f\u00e9ministes. Elles lui ont - \u00e9crivait-il avant de se tuer - g\u00e2ch\u00e9 la vie...\r\nA partir d'un fait divers qui traumatisa le Qu\u00e9bec, Elise Fontenaille dresse le portrait d'un enfant br\u00fbl\u00e9. Et ausculte une soci\u00e9t\u00e9 qui en moins d'une g\u00e9n\u00e9ration est pass\u00e9e cu catholicisme tout-puissant \u00e0 un f\u00e9minisme triomphant, non sans heurts.","authors":["Elise Fontenaille"],"category_codes":["1000000","1010000"],"visuals":{"large":"https:\/\/images.epagine.fr\/911\/9782246775911_1_75.jpg","medium":"https:\/\/images.epagine.fr\/911\/9782246775911_1_m.jpg","thumbnail":"https:\/\/images.epagine.fr\/911\/9782246775911_1_v.jpg"},"orderable":true,"show_badge":true,"formatted_price":"15,90&nbsp;\u20ac","formatted_published_date":"4 mai 2011","publisher_availability_label":"Sur commande","short_details":"Elise Fontenaille \u2014 \u00c9ditions Grasset","translator":null,"weight":202,"page_count":175,"readership":null,"editor":"\u00c9ditions Grasset","price":1590,"published_date":"2011-05-03T22:00:00.000000Z","support":"Grand format","publisher_availability":1,"stock":0,"editions":[],"url":"https:\/\/quaidesbrumes.com\/ouvrage\/9782246775911\/lhomme-qui-haissait-les-femmes"},{"id":"9782918823063","title":"Se coucher pour mourir","description":"Au d\u00e9but des ann\u00e9es 1970, \u00e0 Ankara, la capitale de la Turquie, une femme, Aysel, entre dans une chambre  d'h\u00f4tel, s'y d\u00e9shabille et se couche, bien d\u00e9cid\u00e9e \u00e0 boire le calice de la vie. Acte radical, c'est aussi le pr\u00e9texte  pour elle, dans ce cr\u00e9puscule d'une mort \u00adorchestr\u00e9e, de mesurer le chemin parcouru, de faire le bilan de son  \u00adexistence. Que de chemin en effet ! Fille de petit commer\u00e7ant d'Anatolie, Aysel devient professeure d'universit\u00e9 ! \r\nMais \u00e0 l'afflux des r\u00e9miniscences que reste-t-il ? Une libert\u00e9 durement acquise, une vie construite surtout  en r\u00e9ponse aux exhortations modernisatrices de la R\u00e9publique ; en butte aux valeurs et r\u00e9f\u00e9rences de sa famille. \r\nAlors cette existence, l'a-t-elle vraiment voulue ?    \r\n\r\nDans le sillage d'Aysel, l'auteure nous plonge aussi dans les vies des jeunes de son \u00e2ge, tout juste immerg\u00e9s  dans la Turquie moderne. C'est le journal intime du fils du sous-pr\u00e9fet appartenant \u00e0 l'\u00e9lite et a priori promis  \u00e0 un bel avenir qui nous est alors montr\u00e9, ou, a contrario, les souvenirs du jeune paysan que son instituteur  envoie \u00e0 Ankara afin qu'il essaie, justement, d'en avoir un d'avenir, ou la correspondance \u00e9pistolaire  de jeunes filles promises au mariage.  \r\n\r\nCe roman choral brosse un portrait vivant, complexe et subtil des trois \u00adpremi\u00e8res d\u00e9cennies de la r\u00e9publique  en Turquie apr\u00e8s la mort de Mustafa Kemal Atat\u00fcrk, de 1938 \u00e0 1968, et nous confronte \u00e9galement aux conflagrations  de la seconde guerre mondiale. Sont alors d\u00e9voil\u00e9s avec brio les espoirs, les illusions et les contradictions  de cette \u00e9poque et de cette modernit\u00e9 impos\u00e9e d'en haut.","authors":["Adalet Agaoglu","Fran\u00e7ois Skvor"],"category_codes":["1000000","1010000"],"visuals":{"large":"https:\/\/images.epagine.fr\/063\/9782918823063_1_75.jpg","medium":"https:\/\/images.epagine.fr\/063\/9782918823063_1_m.jpg","thumbnail":"https:\/\/images.epagine.fr\/063\/9782918823063_1_v.jpg"},"orderable":true,"show_badge":true,"formatted_price":"22,00&nbsp;\u20ac","formatted_published_date":"25 f\u00e9vrier 2014","publisher_availability_label":"Sur commande","short_details":"Adalet Agaoglu, Fran\u00e7ois Skvor \u2014 Turquoise","translator":"FRANCOIS SKVOR","weight":500,"page_count":432,"readership":null,"editor":"Turquoise","price":2200,"published_date":"2014-02-24T23:00:00.000000Z","support":"Grand format","publisher_availability":1,"stock":0,"editions":[],"url":"https:\/\/quaidesbrumes.com\/ouvrage\/9782918823063\/se-coucher-pour-mourir"},{"id":"9782746754119","title":"Histoire vraie de l'homme qui cherchait le Y\u00e9ti","description":"Et si le y\u00e9ti existait ? S'il n'\u00e9tait pas seulement un personnage de l\u00e9gende ? Anim\u00e9 de cette certitude, seul contre tous, le r\u00e9put\u00e9 zoologue franco-espagnol Jordi Magraner s'est un beau jour lanc\u00e9 dans plusieurs exp\u00e9ditions tr\u00e9pidantes \u00e0 travers les montagnes d'Afghanistan afin de retrouver les traces de cette b\u00eate mythique. Jusqu'\u00e0 y perdre la vie.\r\n\r\nM\u00ealant histoire personnelle, enqu\u00eate, documents et t\u00e9moignages, Gabi Mart\u00ednez nous raconte comme dans un roman palpitant l'histoire vraie de ce destin hors norme.\r\n\r\nCe livre est le r\u00e9cit exceptionnel d'une folle aventure dans les contr\u00e9es lointaines, de politique, d'amour, et d'une obsession terriblement humaine.","authors":["Gabi Mart\u00ednez","Stephanie Maze"],"category_codes":["1000000","1050000"],"visuals":{"large":"https:\/\/images.epagine.fr\/119\/9782746754119_1_75.jpg","medium":"https:\/\/images.epagine.fr\/119\/9782746754119_1_m.jpg","thumbnail":"https:\/\/images.epagine.fr\/119\/9782746754119_1_v.jpg"},"orderable":true,"show_badge":true,"formatted_price":"21,00&nbsp;\u20ac","formatted_published_date":"16 octobre 2019","publisher_availability_label":"Sur commande","short_details":"Gabi Mart\u00ednez, Stephanie Maze \u2014 Autrement","translator":"STEPHANIE MAZE","weight":464,"page_count":456,"readership":null,"editor":"Autrement","price":2100,"published_date":"2019-10-15T22:00:00.000000Z","support":"Grand format","publisher_availability":1,"stock":0,"editions":[],"url":"https:\/\/quaidesbrumes.com\/ouvrage\/9782746754119\/histoire-vraie-de-lhomme-qui-cherchait-le-yeti"},{"id":"9782864326021","title":"Rue des degr\u00e9s","description":"La litt\u00e9rature est une arme.\r\nQui la sert prend parfois le risque majeur: celui de perdre la vie. Dans la nouvelle qui ouvre le recueil, \" La couleur du noir \", la fiction - sous la forme d'un manuscrit - met en jeu une page d'histoire peu connue, l'insurrection malgache de 1947, et d\u00e9voile du m\u00eame coup l'ampleur d'une machinerie meurtri\u00e8re. Le pass\u00e9 n'est jamais qu'un pr\u00e9sent r\u00e9actualis\u00e9. Une image - mat\u00e9rielle, ou conserv\u00e9e dans une m\u00e9moire individuelle --, un souvenir qu'on croyait oubli\u00e9 suffisent pour changer la fa\u00e7on dont on prend part au monde, dont on d\u00e9cide d'un acte, d'une posture face \u00e0 un \u00e9v\u00e9nement, ou de la tisani\u00e8re dont on engage son destin.\r\nVoil\u00e0, \u00e0 travers ces r\u00e9cits brefs, les situations que parcourt le regard de Daeninckx, rebondissant, de fa\u00e7on \u00e0 la fois r\u00e9solue et inqui\u00e8te, entre la pose du r\u00e9volutionnaire et celle du po\u00e8te - pour reprendre les mots de Francis Ponge dont il se r\u00e9clame.","authors":["Didier Daeninckx"],"category_codes":["1000000","1010000"],"visuals":{"large":"https:\/\/images.epagine.fr\/021\/9782864326021_1_75.jpg","medium":"https:\/\/images.epagine.fr\/021\/9782864326021_1_m.jpg","thumbnail":"https:\/\/images.epagine.fr\/021\/9782864326021_1_v.jpg"},"orderable":true,"show_badge":true,"formatted_price":"13,70&nbsp;\u20ac","formatted_published_date":"9 avril 2010","publisher_availability_label":"Sur commande","short_details":"Didier Daeninckx \u2014 \u00c9ditions Verdier","translator":null,"weight":163,"page_count":121,"readership":null,"editor":"\u00c9ditions Verdier","price":1370,"published_date":"2010-04-08T22:00:00.000000Z","support":"Grand format","publisher_availability":1,"stock":0,"editions":["9782070445530"],"url":"https:\/\/quaidesbrumes.com\/ouvrage\/9782864326021\/rue-des-degres"},{"id":"9782848191218","title":"Le requiem de Campra et autres nouvelles","description":"Ecrire et se faire publier c'est descendre dans l'ar\u00e8ne et risquer la mise \u00e0 mal.\r\nEcrire des nouvelles fantastiques c'est jouer au d\u00e9miurge, cr\u00e9er ce qui n'existe pas ou plut\u00f4t ce qui n'existe pas encore...","authors":["Janine Nouschi"],"category_codes":["1000000","1010000"],"visuals":{"large":"https:\/\/images.epagine.fr\/218\/9782848191218_1_75.jpg","medium":"https:\/\/images.epagine.fr\/218\/9782848191218_1_m.jpg","thumbnail":"https:\/\/images.epagine.fr\/218\/9782848191218_1_v.jpg"},"orderable":true,"show_badge":true,"formatted_price":"15,00&nbsp;\u20ac","formatted_published_date":"14 avril 2010","publisher_availability_label":"Sur commande","short_details":"Janine Nouschi \u2014 CREER","translator":null,"weight":195,"page_count":null,"readership":null,"editor":"CREER","price":1500,"published_date":"2010-04-13T22:00:00.000000Z","support":"Grand format","publisher_availability":1,"stock":0,"editions":[],"url":"https:\/\/quaidesbrumes.com\/ouvrage\/9782848191218\/le-requiem-de-campra-et-autres-nouvelles"},{"id":"9782847618303","title":"Arch\u00e9ologie du chaos (amoureux)","description":"Arch\u00e9ologie du chaos (amoureux) est le r\u00e9cit abracadabrant de Yacine Nabolci, farfelu Don Juan amoureux des livres - pr\u00e9tentieux et arrogant qui ne pr\u00e9tend rien moins que r\u00e9volutionner le monde par la litt\u00e9rature -, narr\u00e9 par Marwan Kanafani, antih\u00e9ros, aussi laid que Yacine est beau, marginal sans le sou, toxicomane etmisanthrope \u00e0 la limite de la schizophr\u00e9nie, qui ne voit \u00e0 travers Yacine Nabolci que la personne qu'il aurait voulu \u00eatre.\r\nAlors que Marwan Kanafani d\u00e9c\u00e8de (laissant son roman inachev\u00e9), un flic d\u00e9sabus\u00e9 et alcoolique refuse de croire \u00e0 une mort naturelle et s'\u00e9puise dans une enqu\u00eate qui prend forme d'une qu\u00eate, et dans laquelle il se perd... A travers ce roman, c'est un portrait de l'Alg\u00e9rie contemporaine que nous offre l'auteur. Tous les probl\u00e8mes \u00e0 laquelle elle est confront\u00e9e sont trait\u00e9s avec un humour provocateur et transgressif : la politique, la famille, la corruption, la crise sociale et \u00e9conomique, la religion, la sexualit\u00e9, la place de la femme...\r\nEt une jeunesse perdue, \u00e9touff\u00e9e, qui ne sait comment r\u00e9inventer un langage de la r\u00e9volte. Mustapha Benfodil s'accorde quelques \u00e9chapp\u00e9es po\u00e9tiques et th\u00e9\u00e2trales dans cette folie litt\u00e9raire, longue historiettem\u00e9langeant l'hilarant, l'absurde et le grotesque, le tout sur fond dem\u00e9lancolie et de profond fiel. L'\u00e9crivain-journaliste truffe son roman de r\u00e9f\u00e9rences litt\u00e9raires, principalement de E. M. Cioran.","authors":["Mustapha Bendofil"],"category_codes":["1000000","1010000"],"visuals":{"large":"https:\/\/images.epagine.fr\/303\/9782847618303_1_75.jpg","medium":"https:\/\/images.epagine.fr\/303\/9782847618303_1_m.jpg","thumbnail":"https:\/\/images.epagine.fr\/303\/9782847618303_1_v.jpg"},"orderable":true,"show_badge":true,"formatted_price":"21,00&nbsp;\u20ac","formatted_published_date":"17 janvier 2012","publisher_availability_label":"Sur commande","short_details":"Mustapha Bendofil \u2014 Al Dante","translator":null,"weight":368,"page_count":null,"readership":null,"editor":"Al Dante","price":2100,"published_date":"2012-01-16T23:00:00.000000Z","support":"Grand format","publisher_availability":1,"stock":0,"editions":[],"url":"https:\/\/quaidesbrumes.com\/ouvrage\/9782847618303\/archeologie-du-chaos-amoureux"},{"id":"9782312020945","title":"Le voyage de monsieur Raminet","description":"Apr\u00e8s une existence bien r\u00e9gl\u00e9e et plut\u00f4t solitaire, F\u00e9lix Raminet, professeur de Droit, tout juste retrait\u00e9, vient d'obtenir brillamment son permis de conduire. Follement \u00e9pris de libert\u00e9, il saute dans sa voiture neuve et quitte Paris pour Saint-Malo. Le Destin l'attend sur une aire d'autoroute : Jane, une jeune Am\u00e9ricaine, g\u00e9n\u00e9reuse, libre de corps et d'esprit, va changer irr\u00e9m\u00e9diablement le cours de sa vie.","authors":["Daniel Rocher"],"category_codes":["1000000","1010000"],"visuals":{"large":"https:\/\/images.epagine.fr\/945\/9782312020945_1_75.jpg","medium":"https:\/\/images.epagine.fr\/945\/9782312020945_1_m.jpg","thumbnail":"https:\/\/images.epagine.fr\/945\/9782312020945_1_v.jpg"},"orderable":true,"show_badge":true,"formatted_price":"12,00&nbsp;\u20ac","formatted_published_date":"13 f\u00e9vrier 2014","publisher_availability_label":"Sur commande","short_details":"Daniel Rocher \u2014 Editions du Net","translator":null,"weight":239,"page_count":222,"readership":null,"editor":"Editions du Net","price":1200,"published_date":"2014-02-12T23:00:00.000000Z","support":"Grand format","publisher_availability":1,"stock":0,"editions":[],"url":"https:\/\/quaidesbrumes.com\/ouvrage\/9782312020945\/le-voyage-de-monsieur-raminet"},{"id":"9782330002305","title":"Un bon musulman","description":"Un bon musulman s'ouvre sur une \u00e9vocation de la fin de la guerre de 1971 et la lib\u00e9ration du Bangladesh. Une fois la fi\u00e8vre de la r\u00e9volution retomb\u00e9e, tous les habitants de ce pays qui vient de na\u00eetre sont confront\u00e9s aux d\u00e9fis de la paix.\r\nComme celui de bien d'autres, le destin de la famille de Rehana Haque va se trouver radicalement modifi\u00e9. On le d\u00e9couvre \u00e0 travers le parcours de Maya et Sohail Haque, les deux enfants de Rehana. \r\nTandis que Maya, jeune m\u00e9decin, tr\u00e8s engag\u00e9e aupr\u00e8s des femmes, s'emploie \u00e0 les aider \u00e0 conqu\u00e9rir leur libert\u00e9, son fr\u00e8re Sohail, profond\u00e9ment affect\u00e9 par le souvenir de la guerre et par des \u00e9v\u00e9nements traumatisants sur lesquels le voile n'est lev\u00e9 qu'\u00e0 la fin du roman, se r\u00e9fugie progressivement dans la religion musulmane dont il adopte les positions les plus intol\u00e9rantes et les plus sectaires, au point de se d\u00e9tourner progressivement de sa soeur comme de sa m\u00e8re - et, plus tard, de son propre fils.\r\nTr\u00e8s perturb\u00e9e par la transformation de son fr\u00e8re auquel elle \u00e9tait tr\u00e8s li\u00e9e avant la guerre, Maya d\u00e9cide de s'exiler et quitte la maison de son enfance. Elle parcourt le pays et s'installe \u00e0 Rajshahi, o\u00f9 elle ouvre un dispensaire apr\u00e8s avoir travaill\u00e9 dans divers h\u00f4pitaux universitaires.\r\nLoin de s'ouvrir davantage au monde apr\u00e8s son mariage avec Silvi - avec laquelle il aura un fils -, Sohail se retranche toujours plus dans la religion jusqu'\u00e0 adh\u00e9rer bient\u00f4t, avec sa femme, \u00e0 la secte islamique Tabligui Jamaat - la congr\u00e9gation de l'islam -, d\u00e9cision qui signe la rupture avec sa m\u00e8re. De son c\u00f4t\u00e9, Silvi, l'\u00e9pouse de Sohail, organise r\u00e9guli\u00e8rement des r\u00e9unions de femmes afin de leur enseigner les diff\u00e9rentes conditions \u00e0 remplir pour \u00eatre une bonne Musulmane et entretenir le rapport qui convient \u00e0 Dieu, \u00e0 la moralit\u00e9, au monde masculin et au sexe, au voile, ainsi que la vie du proph\u00e8te et de ses femmes, et la mani\u00e8re d'\u00e9lever les enfants. Quant \u00e0 Sohail, c'est \u00e0 la mosqu\u00e9e qu'il dispense ses enseignements aupr\u00e8s de son propre groupe d'adeptes, qui, devenus pros\u00e9lytes, y entra\u00eenent leurs fils et leurs connaissances afin qu'ils puissent b\u00e9n\u00e9ficier des le\u00e7ons de celui qui est d\u00e9sormais consid\u00e9r\u00e9 comme un saint homme. \r\nC'est en apprenant le d\u00e9c\u00e8s de Silvi, qui succombe \u00e0 la maladie qui l'a frapp\u00e9e, que Maya, apr\u00e8s sept ans d'absence, prend la d\u00e9cision de rentrer chez elle. Tr\u00e8s vite, elle s'attache au petit Zaid, le fils de Sohail, d\u00e9couvre qu'il n'est pas scolaris\u00e9 et s'efforce de lui apprendre l'alphabet. H\u00e9las, toutes ses tentatives pour faire inscrire Zaid \u00e0 l'\u00e9cole resteront sans effet. Sohail fait le choix d'envoyer Zaid dans une madrasa, sur une \u00eele lointaine. Boulevers\u00e9e, Maya se sent oblig\u00e9e d'agir : apr\u00e8s avoir r\u00e9ussi \u00e0 identifier la madrasa o\u00f9 son neveu a \u00e9t\u00e9 envoy\u00e9, elle entreprend le voyage pour tenter de le r\u00e9cup\u00e9rer.\r\nMaya et Sohail incarnent ici deux conceptions du monde : \u00e0 la modernit\u00e9 \u00e9mancipatrice de la jeune femme s'oppose l'obscurantisme militant de Sohail et de ses adeptes. Mais tout l'art de Tahmima Anam r\u00e9side dans la mani\u00e8re dont, par petites touches impressionnistes, elle parvient \u00e0 rendre sensible cette confrontation en la nourrissant de ce qui fait la vie de toute famille dans ses contradictions, ses affects passionn\u00e9s ou ses non-dits fondateurs.","authors":["Tahmima Anam","Sophie Bastide-Foltz"],"category_codes":["1000000","1010000"],"visuals":{"large":"https:\/\/images.epagine.fr\/305\/9782330002305_1_75.jpg","medium":"https:\/\/images.epagine.fr\/305\/9782330002305_1_m.jpg","thumbnail":"https:\/\/images.epagine.fr\/305\/9782330002305_1_v.jpg"},"orderable":true,"show_badge":true,"formatted_price":"22,90&nbsp;\u20ac","formatted_published_date":"31 d\u00e9cembre 2011","publisher_availability_label":"Sur commande","short_details":"Tahmima Anam, Sophie Bastide-Foltz \u2014 Actes Sud","translator":"SOPHIE BASTIDE-FOLTZ","weight":373,"page_count":271,"readership":null,"editor":"Actes Sud","price":2290,"published_date":"2011-12-30T23:00:00.000000Z","support":"Grand format","publisher_availability":1,"stock":0,"editions":[],"url":"https:\/\/quaidesbrumes.com\/ouvrage\/9782330002305\/un-bon-musulman"},{"id":"9780123143402","title":"Chaos","description":"Blanche, en mal d'enfant, se soumet \u00e0 toutes sortes de solutions. C'est oublier la mal\u00e9diction qui plane sur l'Europe : question b\u00e9b\u00e9s, ce serait la fi n : \u00ab Baisse de la fertilit\u00e9 masculine, les bourses plongent de trente points \u00e0 la cl\u00f4ture \u00bb titrent les journaux. S'ensuit un grand tremblement qui va chambouler le monde. Ce qui est ne sera plus. Il y aura des dommages collat\u00e9raux. Tous ne s'en sortiront pas indemnes. C'est sans compter sur le conseiller sp\u00e9cial du Pr\u00e9sident, qu'on verra \u00e0 la manoeuvre, et pas que lui ! L'Europe pourra-t-elle \u00eatre sauv\u00e9e ? \u00c0 voir. Mais on apprendra \u00e0 distinguer le vrai du faux, et \u00e7a, c'est plut\u00f4t une bonne nouvelle...","authors":["Vincent Wackenheim"],"category_codes":["1000000","1010000"],"visuals":{"large":"https:\/\/images.epagine.fr\/402\/9780123143402_1_75.jpg","medium":"https:\/\/images.epagine.fr\/402\/9780123143402_1_m.jpg","thumbnail":"https:\/\/images.epagine.fr\/402\/9780123143402_1_v.jpg"},"orderable":true,"show_badge":true,"formatted_price":"10,00&nbsp;\u20ac","formatted_published_date":"5 novembre 2014","publisher_availability_label":"Sur commande","short_details":"Vincent Wackenheim \u2014 Galaade","translator":null,"weight":0,"page_count":100,"readership":null,"editor":"Galaade","price":1000,"published_date":"2014-11-04T23:00:00.000000Z","support":"Grand format","publisher_availability":1,"stock":0,"editions":[],"url":"https:\/\/quaidesbrumes.com\/ouvrage\/9780123143402\/chaos"},{"id":"9782918471134","title":"Chasses furtives","description":"Un homme - Jean. Et son chien. Une maison des marais. Ou plut\u00f4t des barthes, ces prairies humides qui bordent l'Adour. L'ombre tut\u00e9laire du grand-p\u00e8re disparu. Le grand initiateur et son aigle royal. Un souvenir - celui de Marie, la femme-renarde qui faisait corps avec Jean dans ses chasses furtives. Un braconnier taiseux et complice de l'amiti\u00e9 des oiseaux. Une ville trop grande, trop loin des pr\u00e9s. Un grenier vide et une histoire qui tente de trouver ses racines dans les marais. La montagne basque. La qu\u00eate d'un grand chevreuil dans la for\u00eat landaise. Des images fortes.","authors":["L\u00e9on Mazzella"],"category_codes":["1000000","1010000"],"visuals":{"large":"https:\/\/images.epagine.fr\/134\/9782918471134_1_75.jpg","medium":"https:\/\/images.epagine.fr\/134\/9782918471134_1_m.jpg","thumbnail":"https:\/\/images.epagine.fr\/134\/9782918471134_1_v.jpg"},"orderable":true,"show_badge":true,"formatted_price":"13,00&nbsp;\u20ac","formatted_published_date":"1er octobre 2012","publisher_availability_label":"Sur commande","short_details":"L\u00e9on Mazzella \u2014 \u00c9ditions Passiflore","translator":null,"weight":185,"page_count":128,"readership":null,"editor":"\u00c9ditions Passiflore","price":1300,"published_date":"2012-09-30T22:00:00.000000Z","support":"Grand format","publisher_availability":1,"stock":0,"editions":["9782918471790"],"url":"https:\/\/quaidesbrumes.com\/ouvrage\/9782918471134\/chasses-furtives"},{"id":"9782352081623","title":"Coup de grisou","description":"Les descendants des mineurs gardent tous, grav\u00e9e dans leurs g\u00e8nes, la grande histoire du bassin houiller autour de Decazeville, son essor industriel, l'image embl\u00e9matique d'un Jaur\u00e8s, et la difficile reconversion apr\u00e8s la fermeture des usines. Mais la petite histoire, celle qu'on ne raconte pas dans les livres, s'\u00e9crit dans le secret des familles et des hameaux.\r\nC\u00e9cile, pharmacienne \u00e0 Rodez, est contrainte de se s\u00e9parer de la maison de ses grands-parents aux Escabrins o\u00f9 elle revient pour \u00ab faire le vide \u00bb.\r\nUn dernier coup de grisou va faire exploser la vie qu'elle s'\u00e9tait recompos\u00e9e apr\u00e8s le d\u00e9c\u00e8s de son mari et de son p\u00e8re. P\u00e8re qui lui \u00ab l\u00e8gue \u00bb un lourd secret qu'elle ne d\u00e9couvrira que peu \u00e0 peu, au bout d'une longue (en)qu\u00eate jalonn\u00e9e par une sorte de jeu de piste inqui\u00e9tant, sous la forme de cl\u00e9s USB cach\u00e9es dans des lieux aux douloureux souvenirs, et posant une nouvelle question \u00e0 chaque r\u00e9ponse.\r\nAngoisse de se sentir \u00e9pi\u00e9e, espoir naissant d'un renouveau avec Philippe, surgi de son enfance... ange ou d\u00e9mon?...\r\nPeut-on se relever quand tout ce qui vous entoure ressemble d\u00e9sormais \u00e0 un champ de ruines? Ou bien est-ce une chance de se reconstruire d\u00e9finitivement sur un pass\u00e9 nettoy\u00e9?\r\nCoup de grisou se lit d'un jet, comme un thriller, un polar sans policier, un roman d'aventure et d'amour, car il est tout cela...","authors":["Fran\u00e7oise Besse"],"category_codes":["1000000","1010000"],"visuals":{"large":"https:\/\/images.epagine.fr\/623\/9782352081623_1_75.jpg","medium":"https:\/\/images.epagine.fr\/623\/9782352081623_1_m.jpg","thumbnail":"https:\/\/images.epagine.fr\/623\/9782352081623_1_v.jpg"},"orderable":true,"show_badge":true,"formatted_price":"18,00&nbsp;\u20ac","formatted_published_date":"3 mars 2014","publisher_availability_label":"Sur commande","short_details":"Fran\u00e7oise Besse \u2014 Bord Du Lot","translator":null,"weight":260,"page_count":null,"readership":null,"editor":"Bord Du Lot","price":1800,"published_date":"2014-03-02T23:00:00.000000Z","support":"Grand format","publisher_availability":1,"stock":0,"editions":[],"url":"https:\/\/quaidesbrumes.com\/ouvrage\/9782352081623\/coup-de-grisou"}]}