{"data":[{"id":"9782875051714","title":"Les phrases de la macheuse : et autres histoires","description":"Je voyais que les phrases se multipliaient, qu'elles constellaient la table et le sol, qu'il y en avait des myriades, accroch\u00e9es \u00e0 leur bout de papier comme \u00e0 des coques de noix lanc\u00e9es dans les tourbillons des rigoles des trottoirs, des phrases de tout et de rien, des questions pos\u00e9es au matin, lanc\u00e9es aux chiens, des paroles qui tintaient sur le verre vide du pochard, des phrases pour saluer les menott\u00e9s des machines \u00e0 sous et les inviter \u00e0 une p\u00e9r\u00e9grination lointaine, des phrases \u00e0 glisser dans la poche des vieux fig\u00e9s sur la premi\u00e8re raie des passages pour pi\u00e9tons, des phrases pour tendre les bas de laines qui tirebouchonnent sur les chevilles, des phrases que j'aurais aim\u00e9 apprendre par coeur pour vous les dire.\r\n\r\nLorsque une histoire va commencer, quelque chose se met en suspens. C'est le moment de reprendre son souffle et d'\u00e9couter, sous les remous, la vie qui bat, le pouls lent et puissant des vivants. Ensuite, les mots viennent. Comme une invitation au voyage, au plaisir de la travers\u00e9e. Se laisser emporter, perdre pied, aborder des rivages insoup\u00e7onn\u00e9s.\r\n\r\nDans ce livre, les textes et les images nouent un dialogue libre et joyeux, dont les \u00e9chos vibrent longtemps, multipliant les itin\u00e9raires.","authors":["Soline de Laveleye"],"category_codes":["1000000","1010000"],"visuals":{"large":"https:\/\/images.epagine.fr\/714\/9782875051714_1_75.jpg","medium":"https:\/\/images.epagine.fr\/714\/9782875051714_1_m.jpg","thumbnail":"https:\/\/images.epagine.fr\/714\/9782875051714_1_v.jpg"},"orderable":true,"show_badge":true,"formatted_price":"16,00&nbsp;\u20ac","formatted_published_date":"1er juin 2014","publisher_availability_label":"Sur commande","short_details":"Soline de Laveleye \u2014 Maelstr\u00d6m re\u00c9volution","translator":null,"weight":308,"page_count":212,"readership":null,"editor":"Maelstr\u00d6m re\u00c9volution","price":1600,"published_date":"2014-05-31T22:00:00.000000Z","support":"Grand format","publisher_availability":1,"stock":0,"editions":[],"url":"https:\/\/quaidesbrumes.com\/ouvrage\/9782875051714\/les-phrases-de-la-macheuse-et-autres-histoires"},{"id":"9782757831038","title":"J\u00f3n l'Islandais","description":"Au XVe si\u00e8cle, \u00e0 l'\u00e9poque des grands explorateurs, des caravelles repoussent les limites du monde maritime et les Anglais s'aventurent pr\u00e8s de l'Islande. Enlev\u00e9 \u00e0 l'\u00e2ge de sept ans, Jon Thorsteinsson grandit \u00e0 Bristol avec une id\u00e9e en t\u00eate : retourner sur sa terre natale. Dernier h\u00e9ritier des Vikings du Groenland, il parcourt les mers dans le sillage de ses anc\u00eatres, aux c\u00f4t\u00e9s des plus grands de son temps, tels que Christophe Colomb et Vasco de Gama.\r","authors":["Bruno d' Halluin"],"category_codes":["1000000","1010000"],"visuals":{"large":"https:\/\/images.epagine.fr\/038\/9782757831038_1_75.jpg","medium":"https:\/\/images.epagine.fr\/038\/9782757831038_1_m.jpg","thumbnail":"https:\/\/images.epagine.fr\/038\/9782757831038_1_v.jpg"},"orderable":true,"show_badge":false,"formatted_price":"8,30&nbsp;\u20ac","formatted_published_date":"11 octobre 2012","publisher_availability_label":"Sur commande","short_details":"Bruno d' Halluin \u2014 Points","translator":null,"weight":240,"page_count":456,"readership":null,"editor":"Points","price":830,"published_date":"2012-10-10T22:00:00.000000Z","support":"Poche","publisher_availability":1,"stock":1,"editions":[],"url":"https:\/\/quaidesbrumes.com\/ouvrage\/9782757831038\/jon-lislandais"},{"id":"9782721003690","title":"Manne ; aux Mandelstams aux Mandelas","description":"Mandelstam, Mandela, deux noms que l'auteure noue par leurs syllabes communes, deux hommes, \u00ab deux amandes dans la poitrine du monde \u00bb, le po\u00e8te russe et l'homme d'action : un mort, un vivant, deux survivants. \u00ab Ils ne se connaissent pas, mais la m\u00eame douleur les conna\u00eet. \u00bb Les relevant, les ramenant au jour, deux femmes, Nadejda Mandelstam, Winnie-Zami Mandela.\r\nDeux dates, 1er mai 1938, ultime bannissement dans un exil de glace d'Ossip Mandelstam, 12 juin 1964, condamnation de Nelson Mandela, \u00e0 la privation de vie.\r\nUn quart de si\u00e8cle s\u00e9pare et cependant ne s\u00e9pare pas ces destins, qui, pour nous \u00eatre contemporains, nous restent si difficilement imaginables, si \u00e9trangers.\r\nDeux trag\u00e9dies \u00e0 la fois individuelles et historiques, deux noirs po\u00e8mes : \u00ab les yeux qui voient cela sont veufs de toute l'humanit\u00e9 \u00bb.\r\n\r\nDe quelle manne peut-on pourvoir ces habitants de l'autre monde, de la terre sans terre, du pays derri\u00e8re les murailles ? Comment est-il possible pour l'un de survivre \u00e0 l'Arrestation de vie ? Pour l'autre d'\u00eatre posthume \u00e0 toute Po\u00e9sie ?\r","authors":["H\u00e9l\u00e8ne Cixous"],"category_codes":["1000000","1010000"],"visuals":{"large":"https:\/\/images.epagine.fr\/690\/9782721003690_1_75.jpg","medium":"https:\/\/images.epagine.fr\/690\/9782721003690_1_m.jpg","thumbnail":"https:\/\/images.epagine.fr\/690\/9782721003690_1_v.jpg"},"orderable":true,"show_badge":true,"formatted_price":"15,75&nbsp;\u20ac","formatted_published_date":"3 mai 1988","publisher_availability_label":"Sur commande","short_details":"H\u00e9l\u00e8ne Cixous \u2014 \u00c9ditions des Femmes-Antoinette Fouque","translator":null,"weight":320,"page_count":340,"readership":null,"editor":"\u00c9ditions des Femmes-Antoinette Fouque","price":1575,"published_date":"1988-05-02T22:00:00.000000Z","support":"Grand format","publisher_availability":1,"stock":0,"editions":[],"url":"https:\/\/quaidesbrumes.com\/ouvrage\/9782721003690\/manne-aux-mandelstams-aux-mandelas"},{"id":"9782070340873","title":"Un million de lumi\u00e8res","description":"Une grande soci\u00e9t\u00e9 dans une tour de verre, parmi tant d'autres, o\u00f9 se r\u00e9v\u00e8le le monde du travail. Du jeune patron ambitieux au chauffeur myst\u00e9rieux, du directeur g\u00e9n\u00e9ral \u00e9nigmatique \u00e0 la surprenante secr\u00e9taire, la narratrice d\u00e9voile l'intimit\u00e9 des uns et des autres, les affinit\u00e9s, les jalousies et les intrigues, alors que se notre et se d\u00e9noue le destin de l'entreprise. Un roman foisonnant dans lequel Clara S\u00e0nchez d\u00e9crit, avec tendresse et ironie, mais aussi avec une grande lucidit\u00e9, les luttes du temps pr\u00e9sent.","authors":["Clara Sanchez","Caroline Lepage"],"category_codes":["1000000","1010000"],"visuals":{"large":"https:\/\/images.epagine.fr\/873\/9782070340873_1_75.jpg","medium":"https:\/\/images.epagine.fr\/873\/9782070340873_1_m.jpg","thumbnail":"https:\/\/images.epagine.fr\/873\/9782070340873_1_v.jpg"},"orderable":true,"show_badge":true,"formatted_price":"9,50&nbsp;\u20ac","formatted_published_date":"4 d\u00e9cembre 2008","publisher_availability_label":"Sur commande","short_details":"Clara Sanchez, Caroline Lepage \u2014 Folio","translator":"CAROLINE LEPAGE","weight":190,"page_count":352,"readership":null,"editor":"Folio","price":950,"published_date":"2008-12-03T23:00:00.000000Z","support":"Poche","publisher_availability":1,"stock":0,"editions":["9782710327516"],"url":"https:\/\/quaidesbrumes.com\/ouvrage\/9782070340873\/un-million-de-lumieres"},{"id":"9782080709424","title":"Cos\u00ec fan tutte","description":"Le texte de l'op\u00e9ra de Mozart \u00e9crit par Lorenzo Da Ponte en 1790 \u00e0 la demande du compositeur.","authors":["Lorenzo Da Ponte","Michel Orcel"],"category_codes":["1000000","1010000"],"visuals":{"large":"https:\/\/images.epagine.fr\/424\/9782080709424_1_75.jpg","medium":"https:\/\/images.epagine.fr\/424\/9782080709424_1_m.jpg","thumbnail":"https:\/\/images.epagine.fr\/424\/9782080709424_1_v.jpg"},"orderable":true,"show_badge":true,"formatted_price":"8,50&nbsp;\u20ac","formatted_published_date":"4 janvier 1999","publisher_availability_label":"Sur commande","short_details":"Lorenzo Da Ponte, Michel Orcel \u2014 Flammarion","translator":"MICHEL ORCEL","weight":177,"page_count":256,"readership":null,"editor":"Flammarion","price":850,"published_date":"1999-01-03T23:00:00.000000Z","support":"Poche","publisher_availability":1,"stock":0,"editions":[],"url":"https:\/\/quaidesbrumes.com\/ouvrage\/9782080709424\/cosi-fan-tutte"},{"id":"9782916141367","title":"D\u00e9pendances","description":"\u00c9rotomane.\r\nGraphomane. Morphinomane. Chacun de ces qualificatifs d\u00e9finit \u00e0 un moment ou un autre la figure de G\u00e9za Cs\u00e0th, homme aux multiples d\u00e9pendances. Pr\u00e8s d'un si\u00e8cle apr\u00e8s sa mort, il continue, en Hongrie d'o\u00f9 il est originaire, et dans le monde o\u00f9 son oeuvre est largement traduite, \u00e0 susciter interrogations et impressions contradictoires. Avec son journal enfin traduit en fran\u00e7ais, on d\u00e9couvre la face cach\u00e9e de cet \u00e9crivain g\u00e9nial qui mit \u00e0 se torturer une passion toute particuli\u00e8re.\r\nOeuvre litt\u00e9raire exceptionnelle n\u00e9e en marge de la psychanalyse balbutiante, ce Journal intime d\u00e9voile les fac\u00e9ties libertines et f\u00e9roces d'un h\u00e9ritier de Casanova se muant peu \u00e0 peu en victime d'une terrible trag\u00e9die. L'\u00e9criture ne pardonne pas, croit-on savoir : en voici une preuve stup\u00e9fiante.\r","authors":["G\u00e9za Csath","Thierry Loisel"],"category_codes":["1000000","1010000"],"visuals":{"large":"https:\/\/images.epagine.fr\/367\/9782916141367_1_75.jpg","medium":"https:\/\/images.epagine.fr\/367\/9782916141367_1_m.jpg","thumbnail":"https:\/\/images.epagine.fr\/367\/9782916141367_1_v.jpg"},"orderable":true,"show_badge":true,"formatted_price":"9,00&nbsp;\u20ac","formatted_published_date":"15 octobre 2009","publisher_availability_label":"Sur commande","short_details":"G\u00e9za Csath, Thierry Loisel \u2014 \u00c9ditions de l'Arbre vengeur","translator":"THIERRY LOISEL","weight":276,"page_count":267,"readership":null,"editor":"\u00c9ditions de l'Arbre vengeur","price":900,"published_date":"2009-10-14T22:00:00.000000Z","support":"Grand format","publisher_availability":1,"stock":0,"editions":[],"url":"https:\/\/quaidesbrumes.com\/ouvrage\/9782916141367\/dependances"},{"id":"9782875053633","title":"Quarante jours dans la vie de Rocco Mc Call","description":"Rocco Mc Call est un personnage fictif. Invent\u00e9 par une classe de futurs menuisiers et employ\u00e9s en travaux publics. En avril et mai 2020, nous avons co-\u00e9crit, eux et moi, ces textes relatant ce qu'il vit, pense, dit et fait quarante jours durant, relatant ainsi sa travers\u00e9e du monde et du temps, si semblable \u00e0 la n\u00f4tre.","authors":["4 tq","Vincent Tholom\u00e9"],"category_codes":["1000000","1010000"],"visuals":{"large":"https:\/\/images.epagine.fr\/633\/9782875053633_1_75.jpg","medium":"https:\/\/images.epagine.fr\/633\/9782875053633_1_m.jpg","thumbnail":"https:\/\/images.epagine.fr\/633\/9782875053633_1_v.jpg"},"orderable":true,"show_badge":true,"formatted_price":"5,00&nbsp;\u20ac","formatted_published_date":"18 octobre 2020","publisher_availability_label":"Sur commande","short_details":"4 tq, Vincent Tholom\u00e9 \u2014 Maelstr\u00d6m re\u00c9volution","translator":null,"weight":201,"page_count":null,"readership":null,"editor":"Maelstr\u00d6m re\u00c9volution","price":500,"published_date":"2020-10-17T22:00:00.000000Z","support":"Poche","publisher_availability":1,"stock":0,"editions":[],"url":"https:\/\/quaidesbrumes.com\/ouvrage\/9782875053633\/quarante-jours-dans-la-vie-de-rocco-mc-call"},{"id":"9791038703759","title":"L'A26","description":"C'est le Nord. Les nuages gris et bas d\u00e9filent au-dessus de champs de boue marron, de ses bourgs aux bicoques en briques rouges, et de Yolande et Bernard. Elle, tondue \u00e0 la Lib\u00e9ration, ne sort plus, regarde par la serrure et fait p\u00e9ter les ampoules d'un simple regard. Son fr\u00e8re, ancien de la SNCF, a sacrifi\u00e9 toute sa vie pour elle et voil\u00e0 qu'il faut se d\u00e9battre avec les pinces du cancer.\r\nC'est \u00e0 c\u00f4t\u00e9 de l'A26 en construction. \u00c0 l'ombre des poutres en b\u00e9ton, on pourrait bien tomber sur un discret cimeti\u00e8re pour jeunes filles \u00e9gar\u00e9es...\r\nL'A26 est un appel d'air : il aspire son lecteur dans un sc\u00e9nario \u00e0 tombeau ouvert, diabolique et fascinant. Parmi le noir, voil\u00e0 ce qui se fait de plus brillant.\r","authors":["Pascal Garnier"],"category_codes":["1000000","1010000"],"visuals":{"large":"https:\/\/images.epagine.fr\/759\/9791038703759_1_75.jpg","medium":"https:\/\/images.epagine.fr\/759\/9791038703759_1_m.jpg","thumbnail":"https:\/\/images.epagine.fr\/759\/9791038703759_1_v.jpg"},"orderable":false,"show_badge":true,"formatted_price":"8,95&nbsp;\u20ac","formatted_published_date":"7 mai 2026","publisher_availability_label":"\u00c0 para\u00eetre","short_details":"Pascal Garnier \u2014 \u00c9ditions Zulma","translator":null,"weight":90,"page_count":112,"readership":"Tout public","editor":"\u00c9ditions Zulma","price":895,"published_date":"2026-05-06T22:00:00.000000Z","support":"Poche","publisher_availability":2,"stock":0,"editions":[],"url":"https:\/\/quaidesbrumes.com\/ouvrage\/9791038703759\/la26"},{"id":"9782016163771","title":"Le Carillonneur","description":"Le carillonneur \/ Georges Rodenbach Date de l'\u00e9dition originale : 1897 Ce livre est la reproduction fid\u00e8le d'une oeuvre publi\u00e9e avant 1920 et fait partie d'une collection de livres r\u00e9imprim\u00e9s \u00e0 la demande \u00e9dit\u00e9e par Hachette Livre, dans le cadre d'un partenariat avec la Biblioth\u00e8que nationale de France, offrant l'opportunit\u00e9 d'acc\u00e9der \u00e0 des ouvrages anciens et souvent rares issus des fonds patrimoniaux de la BnF.\r\nLes oeuvres faisant partie de cette collection ont \u00e9t\u00e9 num\u00e9ris\u00e9es par la BnF et sont pr\u00e9sentes sur Gallica, sa biblioth\u00e8que num\u00e9rique.\r\n\r\nEn entreprenant de redonner vie \u00e0 ces ouvrages au travers d'une collection de livres r\u00e9imprim\u00e9s \u00e0 la demande, nous leur donnons la possibilit\u00e9 de rencontrer un public \u00e9largi et participons \u00e0 la transmission de connaissances et de savoirs parfois difficilement accessibles.\r\nNous avons cherch\u00e9 \u00e0 concilier la reproduction fid\u00e8le d'un livre ancien \u00e0 partir de sa version num\u00e9ris\u00e9e avec le souci d'un confort de lecture optimal. Nous esp\u00e9rons que les ouvrages de cette nouvelle collection vous apporteront enti\u00e8re satisfaction.\r\n\r\nPour plus d'informations, rendez-vous sur www.hachettebnf.fr","authors":["Georges Rodenbach"],"category_codes":["1000000","1010000"],"visuals":{"large":"https:\/\/images.epagine.fr\/771\/9782016163771_1_75.jpg","medium":"https:\/\/images.epagine.fr\/771\/9782016163771_1_m.jpg","thumbnail":"https:\/\/images.epagine.fr\/771\/9782016163771_1_v.jpg"},"orderable":true,"show_badge":true,"formatted_price":"24,00&nbsp;\u20ac","formatted_published_date":"1er mars 2016","publisher_availability_label":"Sur commande","short_details":"Georges Rodenbach \u2014 Hachette BNF","translator":null,"weight":473,"page_count":null,"readership":null,"editor":"Hachette BNF","price":2400,"published_date":"2016-02-29T23:00:00.000000Z","support":"Grand format","publisher_availability":1,"stock":0,"editions":["9782382745960","9791041838974"],"url":"https:\/\/quaidesbrumes.com\/ouvrage\/9782016163771\/le-carillonneur"},{"id":"9781471187322","title":"Waterland","description":"The Booker Shortlisted Modern Classic from the author of Last Orders, Mothering Sunday and Here We Are\r\n One summer morning in 1943, lock-keeper Henry Crick finds the drowned body of a sixteen-year-old boy. Nearly forty years later, his son Tom, a history teacher, is driven by a bizarre marital crisis and the provocation of one of his students to forsake the formal teaching of history-and tell stories . . .\r\nWaterland is a classic of modern fiction: a vision of England seen through its mysterious, amphibious Fen country; a sinuous meditation on the workings of time; a tale of two families, startling in its twists and turns and universal in its reach. Compulsively readable, it is a novel of resonant depth and encyclopaedic richness, mixing human and natural history and exploring the tragic forces that take us both forwards and back. It is also a book about beer, eels, the French Revolution, the end of the world, windmills, will-o'-the-wisps, murder, love, education, curiosity and-supremely-the malign and merciful element of water.\r\n'A quite brilliant novel' Daily Telegraph\r\n'Inspired' New York Times\r","authors":["Graham Swift"],"category_codes":["1000000","1010000"],"visuals":{"large":"https:\/\/images.epagine.fr\/322\/9781471187322_1_75.jpg","medium":"https:\/\/images.epagine.fr\/322\/9781471187322_1_m.jpg","thumbnail":"https:\/\/images.epagine.fr\/322\/9781471187322_1_v.jpg"},"orderable":true,"show_badge":true,"formatted_price":"14,80&nbsp;\u20ac","formatted_published_date":"11 juillet 2019","publisher_availability_label":"Sur commande","short_details":"Graham Swift \u2014 Simon & Schuster UK","translator":null,"weight":450,"page_count":512,"readership":null,"editor":"Simon & Schuster UK","price":1480,"published_date":"2019-07-10T22:00:00.000000Z","support":"Grand format","publisher_availability":1,"stock":0,"editions":[],"url":"https:\/\/quaidesbrumes.com\/ouvrage\/9781471187322\/waterland"},{"id":"9780571298853","title":"PRODIGAL SUMMER","description":"It is summer in the Appalachian mountains and love, desire and attraction are in the air. Nature, too, it seems, is not immune. From her outpost in an isolated mountain cabin, Deanna Wolfe, a reclusive wildlife biologist, watches a den of coyotes that have recently migrated into the region. She is caught off guard by a young hunter who invades her most private spaces and interrupts her self-assured, solitary life. On a farm several miles down the mountain, Lusa Maluf Landowski, a bookish city girl turned farmer's wife, finds herself marooned in a strange place where she must declare or lose her attachment to the land that has become her own. And a few more miles down the road, a pair of elderly feuding neighbours tend their respective farms and wrangle about God, pesticides, and the possibilities of a future neither of them expected. Over the course of one humid summer, these characters find their connections of love to one another and to the surrounding nature with which they share a place.   With its strong balance of narrative and drama,  Prodigal Summer  is stands alongside  The Poisonwood Bible  and  The Lacuna  as one of Barbara Kingsolver's finest works.\r","authors":["Barbara Kingsolver"],"category_codes":["1000000","1010000"],"visuals":{"large":"https:\/\/images.epagine.fr\/853\/9780571298853_1_75.jpg","medium":"https:\/\/images.epagine.fr\/853\/9780571298853_1_m.jpg","thumbnail":"https:\/\/images.epagine.fr\/853\/9780571298853_1_v.jpg"},"orderable":true,"show_badge":true,"formatted_price":"14,80&nbsp;\u20ac","formatted_published_date":"11 avril 2013","publisher_availability_label":"Sur commande","short_details":"Barbara Kingsolver \u2014 Faber & Faber","translator":null,"weight":349,"page_count":464,"readership":"Tout public","editor":"Faber & Faber","price":1480,"published_date":"2013-04-10T22:00:00.000000Z","support":"Poche","publisher_availability":1,"stock":0,"editions":["9780571207831"],"url":"https:\/\/quaidesbrumes.com\/ouvrage\/9780571298853\/prodigal-summer"},{"id":"9782070364718","title":"Six de coeur","description":"Wheeling est une petite ville de Virginie d'apparence tranquille. D'apparence seulement. Treize ann\u00e9es plus t\u00f4t, une jeune fille y a \u00e9t\u00e9 retrouv\u00e9e pendue dans une grange en feu. Jeux de gosses qui tournent au cauchemar ? Rituel satanique ? L'enqu\u00eate avait conclu \u00e0 un accident. Facile. Qui ne veut pas savoir n'a qu'\u00e0 fermer les yeux et tant pis pour les larmes des autres. Des ann\u00e9es plus tard, une femme meurt dans sa salle de bains. Quelqu'un a tremp\u00e9 le doigt dans son sang pour tracer sur un miroir des signes qui ne trompent pas. Il s'agit bien d'un meurtre et de la pire esp\u00e8ce. Pr\u00e9m\u00e9dit\u00e9. Cruel. Une mise en sc\u00e8ne m\u00e9ticuleusement soign\u00e9e par un tueur qui connaissait les lieux : un meurtre en forme de message. Le premier d'une longue s\u00e9rie...","authors":["Carl\u00e8ne Thompson","Jean-Luc Piningre"],"category_codes":["90000000","90010000"],"visuals":{"large":"https:\/\/images.epagine.fr\/718\/9782070364718_1_75.jpg","medium":"https:\/\/images.epagine.fr\/718\/9782070364718_1_m.jpg","thumbnail":"https:\/\/images.epagine.fr\/718\/9782070364718_1_v.jpg"},"orderable":true,"show_badge":true,"formatted_price":"10,00&nbsp;\u20ac","formatted_published_date":"22 janvier 2009","publisher_availability_label":"Sur commande","short_details":"Carl\u00e8ne Thompson, Jean-Luc Piningre \u2014 Folio","translator":"JEAN-LUC PININGRE","weight":244,"page_count":480,"readership":null,"editor":"Folio","price":1000,"published_date":"2009-01-21T23:00:00.000000Z","support":"Poche","publisher_availability":1,"stock":0,"editions":["9782073140210"],"url":"https:\/\/quaidesbrumes.com\/ouvrage\/9782070364718\/six-de-coeur"},{"id":"9782875680808","title":"La passion savinsen","description":"Le froid tombe tr\u00e8s t\u00f4t en cet automne 1941. Dans la grande maison de Norhogne r\u00e9quisitionn\u00e9e par les Allemands, Jeanne est peu \u00e0 peu gagn\u00e9e par un sentiment troublant.\r\nLa r\u00e9surgence de souvenirs enfouis, la rencontre avec l'officier qui commande la compagnie, vont la pr\u00e9cipiter, comme malgr\u00e9 elle, dans une passion \u00e9trange qui se doublera du d\u00e9sir d'\u00e9prouver jusqu'au bout ce que fut le secret amour de sa m\u00e8re. De cette liaison interdite, Fran\u00e7ois Emmanuel \u00e9tablit la chronologie fascin\u00e9e, au long des cinq mois de l'hiver 41-42. R\u00e9cit hant\u00e9 de m\u00e9moire, le texte saisit les trois destins de la lign\u00e9e des Savinsen jusqu'au lieu de leur embrasement.","authors":["Fran\u00e7ois Emmanuel"],"category_codes":["1000000","1010000"],"visuals":{"large":"https:\/\/images.epagine.fr\/808\/9782875680808_1_75.jpg","medium":"https:\/\/images.epagine.fr\/808\/9782875680808_1_m.jpg","thumbnail":"https:\/\/images.epagine.fr\/808\/9782875680808_1_v.jpg"},"orderable":true,"show_badge":true,"formatted_price":"8,50&nbsp;\u20ac","formatted_published_date":"3 mars 2016","publisher_availability_label":"Sur commande","short_details":"Fran\u00e7ois Emmanuel \u2014 Espace Nord","translator":null,"weight":182,"page_count":188,"readership":null,"editor":"Espace Nord","price":850,"published_date":"2016-03-02T23:00:00.000000Z","support":"Poche","publisher_availability":1,"stock":0,"editions":["9782234050075"],"url":"https:\/\/quaidesbrumes.com\/ouvrage\/9782875680808\/la-passion-savinsen"},{"id":"9789954167540","title":"La liste","description":" Ce livre est l'histoire crois\u00e9e de Fatima et Bouchta, aux personnalit\u00e9s complexes et attachantes. Fatima, femme forte, illettr\u00e9e, intelligente, sinc\u00e8re et rus\u00e9e se bat pour installer sa famille dans un logement d\u00e9cent, hors du bidonville. Bouchta, l'architecte du projet de relogement, est partag\u00e9 entre ses d\u00e9sirs, ses amours et ses ambitions mais il sera vite rattrap\u00e9 par ses origines sociales. \u00a9\u00e9ditions Le Fennec\r\n","authors":["Na\u00efma Lahbil Tagemouati"],"category_codes":["1000000","1010000"],"visuals":{"large":"https:\/\/images.epagine.fr\/540\/9789954167540_1_75.jpg","medium":"https:\/\/images.epagine.fr\/540\/9789954167540_1_m.jpg","thumbnail":"https:\/\/images.epagine.fr\/540\/9789954167540_1_v.jpg"},"orderable":true,"show_badge":true,"formatted_price":"16,00&nbsp;\u20ac","formatted_published_date":"1er janvier 2017","publisher_availability_label":"Sur commande","short_details":"Na\u00efma Lahbil Tagemouati \u2014 Le Fennec","translator":null,"weight":300,"page_count":264,"readership":null,"editor":"Le Fennec","price":1600,"published_date":"2016-12-31T23:00:00.000000Z","support":"Grand format","publisher_availability":1,"stock":0,"editions":[],"url":"https:\/\/quaidesbrumes.com\/ouvrage\/9789954167540\/la-liste"},{"id":"9782874491597","title":"Mon corps mis \u00e0 nu","description":"Le livre de St\u00e9phane Lambert traite un th\u00e8me litt\u00e9raire fondamental : le corps qui est le n\u00f4tre, le corps que nous sommes, le corps que nous devenons \u00e0 travers les exp\u00e9riences que nous en faisons ou qu'il nous am\u00e8ne \u00e0 vivre. Sans complaisance aucune, mais loin de toute hypocrisie et de toute provocation, St\u00e9phane Lambert \u00e9voque ici une telle histoire o\u00f9 l'\u00eatre sexuel du corps  homosexuel en l'occurrence  s'impose comme d\u00e9fi \u00e0 la soci\u00e9t\u00e9. Histoire du moi et histoire du corps se croisent, de l'enfance \u00e0 l'\u00e2ge adulte, compos\u00e9e en creux d'un abus qui \u00e9tait aussi une vraie initiation au plaisir. Un livre cru et impitoyable, \u00e9crit dans un style classique d'une grande puret\u00e9 et d'une pr\u00e9cision sans faille qui renouvelle le genre de l'autobiographie.","authors":["St\u00e9phane Lambert"],"category_codes":["1000000","1010000"],"visuals":{"large":"https:\/\/images.epagine.fr\/597\/9782874491597_1_75.jpg","medium":"https:\/\/images.epagine.fr\/597\/9782874491597_1_m.jpg","thumbnail":"https:\/\/images.epagine.fr\/597\/9782874491597_1_v.jpg"},"orderable":true,"show_badge":true,"formatted_price":"12,50&nbsp;\u20ac","formatted_published_date":"31 janvier 2013","publisher_availability_label":"Sur commande","short_details":"St\u00e9phane Lambert \u2014 IMPRESSIONS NOUVELLES","translator":null,"weight":178,"page_count":124,"readership":null,"editor":"IMPRESSIONS NOUVELLES","price":1250,"published_date":"2013-01-30T23:00:00.000000Z","support":"Grand format","publisher_availability":1,"stock":0,"editions":[],"url":"https:\/\/quaidesbrumes.com\/ouvrage\/9782874491597\/mon-corps-mis-a-nu"},{"id":"9782917094099","title":"Fissions","description":"\"\u00ab Tu m'avais dit marions-nous le 21 juin, au solstice d'\u00e9t\u00e9. C'est le jour le plus long. \u00c0 Rochecreuse, \u00e0 la montagne, o\u00f9 le soleil consume longtemps les cimes. \u00bb Dans un face \u00e0 face avec l'\u00e9criture, un homme se rem\u00e9more sa nuit de noces, en suit le cours jusqu'\u00e0 son apoth\u00e9ose tragique.\r\nAvec ce quatri\u00e8me roman qui m\u00eale de nombreux motifs filmiques et litt\u00e9raires et qui emprunte tour \u00e0 tour aux registres du fantastique, du grotesque et du thriller, Romain Verger signe le r\u00e9cit exalt\u00e9 et obs\u00e9dant d'une inexorable d\u00e9sint\u00e9gration.\"","authors":["Romain Verger"],"category_codes":["1000000","1010000"],"visuals":{"large":"https:\/\/images.epagine.fr\/099\/9782917094099_1_75.jpg","medium":"https:\/\/images.epagine.fr\/099\/9782917094099_1_m.jpg","thumbnail":"https:\/\/images.epagine.fr\/099\/9782917094099_1_v.jpg"},"orderable":true,"show_badge":true,"formatted_price":"12,50&nbsp;\u20ac","formatted_published_date":"13 mai 2013","publisher_availability_label":"Sur commande","short_details":"Romain Verger \u2014 Vampire Actif","translator":null,"weight":120,"page_count":144,"readership":null,"editor":"Vampire Actif","price":1250,"published_date":"2013-05-12T22:00:00.000000Z","support":"Grand format","publisher_availability":1,"stock":0,"editions":[],"url":"https:\/\/quaidesbrumes.com\/ouvrage\/9782917094099\/fissions"},{"id":"9782253174981","title":"Ce que savait Jennie","description":"Jennie, 13 ans, n'aime pas les dimanches. Et c'est un dimanche que Mike, l'ami de sa m\u00e8re, se tue \u00e0 moto, le jour de son anniversaire. Olga se retrouve seule avec ses deux filles. Trois ans plus tard, Slimane et deux b\u00e9b\u00e9s \u00e9largissent la famille. Mais un deuxi\u00e8me accident survient, et les quatre enfants sont dispers\u00e9s. Ce sera \u00e0 Jennie de les r\u00e9unir \u00e0 nouveau, pour les emmener voir la mer...","authors":["G\u00e9rard Mordillat"],"category_codes":["1000000","1010000"],"visuals":{"large":"https:\/\/images.epagine.fr\/981\/9782253174981_1_75.jpg","medium":"https:\/\/images.epagine.fr\/981\/9782253174981_1_m.jpg","thumbnail":"https:\/\/images.epagine.fr\/981\/9782253174981_1_v.jpg"},"orderable":true,"show_badge":true,"formatted_price":"6,60&nbsp;\u20ac","formatted_published_date":"3 janvier 2014","publisher_availability_label":"Sur commande","short_details":"G\u00e9rard Mordillat \u2014 Le Livre de Poche","translator":null,"weight":128,"page_count":240,"readership":null,"editor":"Le Livre de Poche","price":660,"published_date":"2014-01-02T23:00:00.000000Z","support":"Poche","publisher_availability":1,"stock":0,"editions":["9782702143322"],"url":"https:\/\/quaidesbrumes.com\/ouvrage\/9782253174981\/ce-que-savait-jennie"},{"id":"9782352701514","title":"La chambre des consolations","description":"Maria et Pierre qui se sont rencontr\u00e9s tr\u00e8s bri\u00e8vement \u00e0 vingt ans se retrouvent par hasard quinze ans apr\u00e8s et commencent une histoire d'amour. Ils ont l'un et l'autre v\u00e9cu, des moments lumineux et tragiques. L'ombre de la Shoa obscurcit la vie de Maria.\r\nIls se racontent des \u00e9pisodes importants de leurs existences, dressent des portraits de personnages fondateurs de ce qu'ils sont. Ils avancent ensemble dans une qu\u00eate de libert\u00e9 int\u00e9rieure, o\u00f9 le pardon, l'empathie, le go\u00fbt et la pratique de l'art les m\u00e8nent vers une forme de paix qui conduit au bonheur.\r\nLe r\u00e9cit se fonde sur la foi dans la capacit\u00e9 de l'homme \u00e0 se transformer et \u00e0 transformer le monde.\r\nL'amour des autres, le respect de la nature et des animaux, la non-violence s'expriment tout au long d'un r\u00e9cit vivant o\u00f9 la France, l'Allemagne, la Russie, le Maroc sont autant de terres de r\u00e9f\u00e9rences fortes pour les h\u00e9ros.","authors":["Nicole de Pontcharra"],"category_codes":["1000000","1010000"],"visuals":{"large":"https:\/\/images.epagine.fr\/514\/9782352701514_1_75.jpg","medium":"https:\/\/images.epagine.fr\/514\/9782352701514_1_m.jpg","thumbnail":"https:\/\/images.epagine.fr\/514\/9782352701514_1_v.jpg"},"orderable":true,"show_badge":true,"formatted_price":"13,00&nbsp;\u20ac","formatted_published_date":"20 mars 2013","publisher_availability_label":"Sur commande","short_details":"Nicole de Pontcharra \u2014 Non Lieu","translator":null,"weight":174,"page_count":120,"readership":null,"editor":"Non Lieu","price":1300,"published_date":"2013-03-19T23:00:00.000000Z","support":"Grand format","publisher_availability":1,"stock":0,"editions":[],"url":"https:\/\/quaidesbrumes.com\/ouvrage\/9782352701514\/la-chambre-des-consolations"},{"id":"9782702144701","title":"L'entre-temps","description":"Le petit Alex n\u00e9 dans un camp d'internement perdu au fond du Maroc est devenu un homme. Un homme plus vieux que ne l'a jamais \u00e9t\u00e9 son p\u00e8re, marin, qui l'a fa\u00e7onn\u00e9 et fascin\u00e9. Il lui a appris les bateaux, les avions, la contemplation du rayon vert des couchers de soleil, l'ouverture aux autres, et la loyaut\u00e9. C'est d'ailleurs par loyaut\u00e9 envers sa m\u00e8re et son p\u00e8re qu'Alex revient en terre natale : depuis trop longtemps s\u00e9par\u00e9s, ses parents doivent \u00eatre enfin r\u00e9unis, en France. Et l'enfant devenu adulte se nourrit du souvenir de Rose, sa m\u00e8re, jeune modiste italienne, sauvage et envo\u00fbtante, de ses grands-parents \u00e9pris de libert\u00e9, de Yemna la juive, de Mina la musulmane, de sa tante d'Am\u00e9rique, de ses cousins d'Afrique...\r\nDans ce roman sensible et fort, \u00e9crit avec pudeur et \u00e9l\u00e9gance, s'enchev\u00eatrent les alliances perverses de la Seconde Guerre mondiale qui pr\u00e9cipitent Rose en captivit\u00e9. Malgr\u00e9 la trag\u00e9die du monde qui s'\u00e9croule, le bonheur d'\u00eatre ensemble l'emporte sur la cruaut\u00e9. Au fil d'un \u00ab tu \u00bb timide et d\u00e9licat \u00e0 la voix sobre et retenue, le fils s'adresse au p\u00e8re, dans une qu\u00eate des origines visant \u00e0 saisir enfin quelques parcelles du myst\u00e8re de la filiation.","authors":["Ren\u00e9 Guitton"],"category_codes":["1000000","1020000","1021200"],"visuals":{"large":"https:\/\/images.epagine.fr\/701\/9782702144701_1_75.jpg","medium":"https:\/\/images.epagine.fr\/701\/9782702144701_1_m.jpg","thumbnail":"https:\/\/images.epagine.fr\/701\/9782702144701_1_v.jpg"},"orderable":true,"show_badge":true,"formatted_price":"17,00&nbsp;\u20ac","formatted_published_date":"21 ao\u00fbt 2013","publisher_availability_label":"Sur commande","short_details":"Ren\u00e9 Guitton \u2014 Calmann-L\u00e9vy","translator":null,"weight":260,"page_count":207,"readership":null,"editor":"Calmann-L\u00e9vy","price":1700,"published_date":"2013-08-20T22:00:00.000000Z","support":"Grand format","publisher_availability":1,"stock":0,"editions":[],"url":"https:\/\/quaidesbrumes.com\/ouvrage\/9782702144701\/lentre-temps"},{"id":"9782490364190","title":"Des gourmandises sur l'\u00e9tag\u00e8re","description":"Odilon et Marie-Gabrielle s\u00b4en vont pique-niquer sur l\u00b4\u00eele en ce joli mois de mai. \u00c0 l\u00b4heure de la sieste, les corps ronds et potel\u00e9s, \u00ab chairs exub\u00e9rantes \u00bb, se d\u00e9lassent. Au loin, Berthe, leur fille, les observe. Sur fond de petits plats et p\u00e2tisseries \u00e0 d\u00e9guster, Des Gourmandises sur l\u00b4\u00e9tag\u00e8re sont le r\u00e9cit d\u00b4une rupture et de la difficile reconqu\u00eate.","authors":["Fran\u00e7oise Moreau"],"category_codes":["1000000","1010000"],"visuals":{"large":"https:\/\/images.epagine.fr\/190\/9782490364190_1_75.jpg","medium":"https:\/\/images.epagine.fr\/190\/9782490364190_1_m.jpg","thumbnail":"https:\/\/images.epagine.fr\/190\/9782490364190_1_v.jpg"},"orderable":true,"show_badge":true,"formatted_price":"13,00&nbsp;\u20ac","formatted_published_date":"8 avril 2021","publisher_availability_label":"Sur commande","short_details":"Fran\u00e7oise Moreau \u2014 L'Oeil Ebloui","translator":null,"weight":110,"page_count":60,"readership":null,"editor":"L'Oeil Ebloui","price":1300,"published_date":"2021-04-07T22:00:00.000000Z","support":"Grand format","publisher_availability":1,"stock":0,"editions":[],"url":"https:\/\/quaidesbrumes.com\/ouvrage\/9782490364190\/des-gourmandises-sur-letagere"},{"id":"9782880864156","title":"Terre de mousson ; roman tha\u00eflandais","description":"Largement autobiographique, ce singulier roman d'apprentissage entra\u00eene le lecteur \u00e0 la suite du jeune Prem, depuis sa petite enfance dans une r\u00e9gion rurale tr\u00e8s pauvre de la Tha\u00eflande dans les ann\u00e9es cinquante, jusqu'\u00e0 son retour de l'\u00e9tranger en 1980, au moment d'une prise de d\u00e9cision qui d\u00e9terminera sa vie d'adulte.\r\nL'id\u00e9alisme humaniste face \u00e0 l'ignorance des paysans ainsi qu'une pertinente vision de l'exotisme europ\u00e9en observ\u00e9 \u00e0 travers les yeux de Prem s'y m\u00ealent en une r\u00e9flexion sensible.","authors":["Pira Sudham","Dominique Maeder"],"category_codes":["1000000","1010000"],"visuals":{"large":"https:\/\/images.epagine.fr\/156\/9782880864156_1_75.jpg","medium":"https:\/\/images.epagine.fr\/156\/9782880864156_1_m.jpg","thumbnail":"https:\/\/images.epagine.fr\/156\/9782880864156_1_v.jpg"},"orderable":true,"show_badge":true,"formatted_price":"23,00&nbsp;\u20ac","formatted_published_date":"28 mars 2013","publisher_availability_label":"Sur commande","short_details":"Pira Sudham, Dominique Maeder \u2014 OLIZANE","translator":"DOMINIQUE MAEDER","weight":356,"page_count":280,"readership":null,"editor":"OLIZANE","price":2300,"published_date":"2013-03-27T23:00:00.000000Z","support":"Grand format","publisher_availability":1,"stock":0,"editions":[],"url":"https:\/\/quaidesbrumes.com\/ouvrage\/9782880864156\/terre-de-mousson-roman-thailandais"},{"id":"9782930538471","title":"Les vrais h\u00e9ros ne portent pas de slip rouge","description":"Les sacs commencent alors \u00e0 circuler dans les rang\u00e9es. On entendait les coeurs battre. Tout le monde ne pensait qu'\u00e0 une chose : sauver sa peau et sortir de ce traquenard au plus vite. Surtout, ne pas mourir pour quelques euros.\r\nIl n'y avait que Jean-Claude qui tr\u00e9pignait sur son si\u00e8ge. Dans son supermarch\u00e9 du quinzi\u00e8me arrondissement, il n'arr\u00eatait que des garnements qui volaient des bonbons ou des clochards qui piquaient leur litron de rouge pour la journ\u00e9e. Jamais encore il n'avait pu montrer ce qu'il avait r\u00e9ellement dans le ventre, et l\u00e0, l'occasion s'offrait enfin \u00e0 lui. A sa place, Steven, Chuck ou Arnold n'auraient pas h\u00e9sit\u00e9 une seconde. C'\u00e9taient des h\u00e9ros, des vrais, il ne pouvait pas les d\u00e9cevoir apr\u00e8s tout ce qu'ils lui avaient apport\u00e9...","authors":["Axel S\u00e9n\u00e9quier"],"category_codes":["1000000","1010000"],"visuals":{"large":"https:\/\/images.epagine.fr\/471\/9782930538471_1_75.jpg","medium":"https:\/\/images.epagine.fr\/471\/9782930538471_1_m.jpg","thumbnail":"https:\/\/images.epagine.fr\/471\/9782930538471_1_v.jpg"},"orderable":true,"show_badge":true,"formatted_price":"16,00&nbsp;\u20ac","formatted_published_date":"17 septembre 2014","publisher_availability_label":"Sur commande","short_details":"Axel S\u00e9n\u00e9quier \u2014 Quadrature","translator":null,"weight":190,"page_count":128,"readership":null,"editor":"Quadrature","price":1600,"published_date":"2014-09-16T22:00:00.000000Z","support":"Grand format","publisher_availability":1,"stock":0,"editions":[],"url":"https:\/\/quaidesbrumes.com\/ouvrage\/9782930538471\/les-vrais-heros-ne-portent-pas-de-slip-rouge"},{"id":"9782875052216","title":"Invisibles et remuants","description":"\"\u00ab Nous sommes entr\u00e9s en r\u00e9sistance. Nous avons pris les armes. Vos armes. Et nous allons les retourner contre vous. \u00bb Le photographe Bruno Wagner accepte, pour un magazine prestigieux, de r\u00e9aliser un reportage sur l'Espagne ravag\u00e9e par la crise \u00e9conomique. Il retrouve dans les ruines du capitalisme sp\u00e9culatif les repr\u00e9sentants d'une humanit\u00e9 \u00e0 vif, lessiv\u00e9e par des ann\u00e9es de pr\u00e9carit\u00e9 et de col\u00e8re, anim\u00e9s d'une rage d\u00e9cupl\u00e9e par les humiliations.\r\nLe colonel Stadtler, lui, \u00e0 la t\u00eate d'une unit\u00e9 des services secrets fran\u00e7ais, suit les traces d'un bioterroriste susceptible de d\u00e9clencher une \u00e9pid\u00e9mie mortelle de masse. Entre parano\u00efa et crainte d'un massacre aveugle, il devra mettre \u00e0 l'\u00e9preuve ses ressources et son int\u00e9grit\u00e9 afin d'\u00e9viter la catastrophe.\r\nNicolas Ancion nous livre ici un roman haletant, au carrefour des genres, pointant sous le thriller les rouages implacables de notre modernit\u00e9.\"","authors":["Nicolas Ancion"],"category_codes":["1000000","1010000"],"visuals":{"large":"https:\/\/images.epagine.fr\/216\/9782875052216_1_75.jpg","medium":"https:\/\/images.epagine.fr\/216\/9782875052216_1_m.jpg","thumbnail":"https:\/\/images.epagine.fr\/216\/9782875052216_1_v.jpg"},"orderable":true,"show_badge":true,"formatted_price":"17,00&nbsp;\u20ac","formatted_published_date":"27 septembre 2015","publisher_availability_label":"Sur commande","short_details":"Nicolas Ancion \u2014 Maelstr\u00d6m re\u00c9volution","translator":null,"weight":400,"page_count":null,"readership":null,"editor":"Maelstr\u00d6m re\u00c9volution","price":1700,"published_date":"2015-09-26T22:00:00.000000Z","support":"Grand format","publisher_availability":1,"stock":0,"editions":[],"url":"https:\/\/quaidesbrumes.com\/ouvrage\/9782875052216\/invisibles-et-remuants"},{"id":"9782914839402","title":"Le 31 juin","description":"\u00ab Elle et moi n'avions eu qu'un m\u00eame souffle depuis bien des ann\u00e9es lorsqu'elle mit la mort entre nous. Ce geste demeur\u00e9 pour moi largement ind\u00e9chiffrable a scell\u00e9 son myst\u00e8re propre et je n'ai pas trouv\u00e9 de mot pour le d\u00e9signer [.]. \r\nAinsi commence Le 31 juin, l'un des tr\u00e8s rares r\u00e9cits po\u00e9tiques de Vincent Bounoure achev\u00e9 deux ans apr\u00e8s la disparition brutale, en 1981, de sa compagne, Micheline.\r\nN\u00e9 \u00e0 Strasbourg en 1928, ing\u00e9nieur des mines, membre du groupe surr\u00e9aliste, il est \u00e9crivain, po\u00e8te et aussi expert en arts oc\u00e9aniens. Il est mort en 1996 \u00e0 Paris.\r\n\u00c0 partir de 1955, il fut un des membres les plus actifs du groupe qui, autour d'Andr\u00e9 Breton, entendait se ranger aux exigences du surr\u00e9alisme. Il publia de nombreux articles dans chacune des revues du mouvement : Le Surr\u00e9alisme m\u00eame, Bief, La Br\u00e8che puis L'Archibras entre 1958 et 1969.","authors":["Vincent Bounoure"],"category_codes":["1000000","1010000"],"visuals":{"large":"https:\/\/images.epagine.fr\/402\/9782914839402_1_75.jpg","medium":"https:\/\/images.epagine.fr\/402\/9782914839402_1_m.jpg","thumbnail":"https:\/\/images.epagine.fr\/402\/9782914839402_1_v.jpg"},"orderable":true,"show_badge":true,"formatted_price":"13,00&nbsp;\u20ac","formatted_published_date":"11 mars 2011","publisher_availability_label":"Sur commande","short_details":"Vincent Bounoure \u2014 Urdla","translator":null,"weight":95,"page_count":null,"readership":null,"editor":"Urdla","price":1300,"published_date":"2011-03-10T23:00:00.000000Z","support":"Grand format","publisher_availability":1,"stock":0,"editions":[],"url":"https:\/\/quaidesbrumes.com\/ouvrage\/9782914839402\/le-31-juin"}]}