{"data":[{"id":"9791093606354","title":"Lumikko","description":"Au sein d'un petit village finlandais prosp\u00e8re une \u00e9trange soci\u00e9t\u00e9 litt\u00e9raire secr\u00e8te compos\u00e9e de neuf \u00e9crivains r\u00e9unis autour de la figure tut\u00e9laire de Laura Lumikko, auteur \u00e0 succ\u00e8s d'une s\u00e9rie de livres fantastiques pour la jeunesse. En p\u00e9n\u00e9trant peu \u00e0 peu dans l'intimit\u00e9 de cette soci\u00e9t\u00e9 - gr\u00e2ce \u00e0 un Jeu aux r\u00e8gles complexes permettant d'arracher la v\u00e9rit\u00e9 aux membres de la soci\u00e9t\u00e9 - Ella, une jeune professeur de finlandais aux ovaires d\u00e9ficients, d\u00e9couvre que l'essentiel de l'inspiration des membres semble provenir d'un myst\u00e9rieux carnet. Pendant ce temps, Laura Lumikko dispara\u00eet, tandis qu'une \u00e9trange peste semble s'\u00eatre abattue sur les livres de la biblioth\u00e8que : certains livres voient leur fin subtilement alt\u00e9rer...\r","authors":["Pasi ilmari J\u00e4\u00e4skel\u00e4inen","Martin Carayol"],"category_codes":["1000000","1010000"],"visuals":{"large":"https:\/\/images.epagine.fr\/354\/9791093606354_1_75.jpg","medium":"https:\/\/images.epagine.fr\/354\/9791093606354_1_m.jpg","thumbnail":"https:\/\/images.epagine.fr\/354\/9791093606354_1_v.jpg"},"orderable":true,"show_badge":true,"formatted_price":"25,00&nbsp;\u20ac","formatted_published_date":"4 mai 2016","publisher_availability_label":"Sur commande","short_details":"Pasi ilmari J\u00e4\u00e4skel\u00e4inen, Martin Carayol \u2014 L'Ogre","translator":"MARTIN CARAYOL","weight":464,"page_count":416,"readership":null,"editor":"L'Ogre","price":2500,"published_date":"2016-05-03T22:00:00.000000Z","support":"Grand format","publisher_availability":1,"stock":0,"editions":[],"url":"https:\/\/quaidesbrumes.com\/ouvrage\/9791093606354\/lumikko"},{"id":"9782757860601","title":"Embrouille en Corse","description":"Un verre de ros\u00e9 \u00e0 la main, Francis Reboul savoure le soleil en attendant ses amis, Sam Levitt et Elena Morales, lorsqu'un h\u00e9licopt\u00e8re vient survoler sa terrasse. Son propri\u00e9taire, le milliardaire Oleg Vronsky, est imm\u00e9diatement convaincu d'avoir trouv\u00e9 la maison proven\u00e7ale de ses r\u00eaves. Pr\u00eat \u00e0 tout pour se d\u00e9barrasser de l'encombrant Reboul, le Russe n'h\u00e9site pas \u00e0 s'associer avec la mafia corse...","authors":["Peter Mayle","Jean Rosenthal"],"category_codes":["1000000","1010000"],"visuals":{"large":"https:\/\/images.epagine.fr\/601\/9782757860601_1_75.jpg","medium":"https:\/\/images.epagine.fr\/601\/9782757860601_1_m.jpg","thumbnail":"https:\/\/images.epagine.fr\/601\/9782757860601_1_v.jpg"},"orderable":true,"show_badge":true,"formatted_price":"6,90&nbsp;\u20ac","formatted_published_date":"8 juin 2017","publisher_availability_label":"Sur commande","short_details":"Peter Mayle, Jean Rosenthal \u2014 Points","translator":"JEAN ROSENTHAL","weight":116,"page_count":208,"readership":null,"editor":"Points","price":690,"published_date":"2017-06-07T22:00:00.000000Z","support":"Poche","publisher_availability":1,"stock":0,"editions":[],"url":"https:\/\/quaidesbrumes.com\/ouvrage\/9782757860601\/embrouille-en-corse"},{"id":"9782278059461","title":"Barracuda for ever","description":"\u00c0 l'\u00e2ge de quatre-vingt-cinq ans, mon grand-p\u00e8re Napol\u00e9on d\u00e9cida qu'il lui fallait se renouveler. Il tra\u00eena ma grand-m\u00e8re Jos\u00e9phine devant les tribunaux. Comme elle n'avait jamais rien su lui refuser, elle se laissa faire.\r\nIls divorc\u00e8rent le premier jour de l'automne.\r\n- Je veux refaire ma vie, avait-il dit au juge charg\u00e9 de l'affaire.\r\n- C'est votre droit, avait r\u00e9pondu ce dernier. \u00bb Voici l'histoire d'un duo irr\u00e9sistible : un petit-fils et son grand-p\u00e8re, pr\u00eats \u00e0 toutes les fantaisies pour conjurer les tourments de l'existence.","authors":["Pascal Ruter"],"category_codes":["2000000","2050000","2050200"],"visuals":{"large":"https:\/\/images.epagine.fr\/461\/9782278059461_1_75.jpg","medium":"https:\/\/images.epagine.fr\/461\/9782278059461_1_m.jpg","thumbnail":"https:\/\/images.epagine.fr\/461\/9782278059461_1_v.jpg"},"orderable":true,"show_badge":true,"formatted_price":"17,00&nbsp;\u20ac","formatted_published_date":"18 janvier 2017","publisher_availability_label":"Sur commande","short_details":"Pascal Ruter \u2014 Didier jeunesse","translator":null,"weight":414,"page_count":256,"readership":"\u00e0 partir de 12 ANS","editor":"Didier jeunesse","price":1700,"published_date":"2017-01-17T23:00:00.000000Z","support":"Grand format","publisher_availability":1,"stock":0,"editions":["9782709659574"],"url":"https:\/\/quaidesbrumes.com\/ouvrage\/9782278059461\/barracuda-for-ever"},{"id":"9782290055243","title":"La l\u00e9gende des fils","description":"Dans l'Am\u00e9rique des ann\u00e9es 1960, le r\u00e9cit d'un jeune gar\u00e7on cherchant \u00e0 conqu\u00e9rir l'affection d'un p\u00e8re bris\u00e9 par la guerre.","authors":["Laurent Seksik"],"category_codes":["1000000","1010000"],"visuals":{"large":"https:\/\/images.epagine.fr\/243\/9782290055243_1_75.jpg","medium":"https:\/\/images.epagine.fr\/243\/9782290055243_1_m.jpg","thumbnail":"https:\/\/images.epagine.fr\/243\/9782290055243_1_v.jpg"},"orderable":true,"show_badge":true,"formatted_price":"6,70&nbsp;\u20ac","formatted_published_date":"17 ao\u00fbt 2013","publisher_availability_label":"Sur commande","short_details":"Laurent Seksik \u2014 J'ai Lu","translator":null,"weight":140,"page_count":256,"readership":null,"editor":"J'ai Lu","price":670,"published_date":"2013-08-16T22:00:00.000000Z","support":"Poche","publisher_availability":1,"stock":0,"editions":["9782081248564"],"url":"https:\/\/quaidesbrumes.com\/ouvrage\/9782290055243\/la-legende-des-fils"},{"id":"9782253162254","title":"Maria","description":"Les Vosges, sous l'Occupation.\r\nMaria est institutrice. Un matin, les maquisards viennent la chercher devant sa classe. Jean, son mari, est collabo. Elle n'en savait rien. Pour avoir \u00e9t\u00e9 la femme d'un tra\u00eetre, pour l'avoir aim\u00e9, Maria paiera. Marqu\u00e9e \u00e0 vie par la cruaut\u00e9 de ceux que la France \u00e9l\u00e8ve bient\u00f4t au rang de h\u00e9ros, elle ne r\u00e9v\u00e9lera jamais le ch\u00e2timent qui lui a \u00e9t\u00e9 injustement inflig\u00e9. Bien des ann\u00e9es plus tard, un jeune homme arrive dans la vall\u00e9e, pour rencontrer Maria, qui vit dans une maison de retraite.\r\nQui est-il exactement ? Avec Maria, Pierre Pelot revient \u00e0 sa g\u00e9ographie intime, rendant hommage, dans une langue sensible, \u00e0 une r\u00e9gion rude et secr\u00e8te.Le livre se d\u00e9vore comme un thriller po\u00e9tique, il captive et ensorcelle par son pouvoir d'\u00e9vocation, la beaut\u00e9 rugueuse de ses paysages , la pr\u00e9sence des vivants et des morts. Michel Abescat, T\u00e9l\u00e9rama.\r","authors":["Pierre Pelot"],"category_codes":["1000000","1010000"],"visuals":{"large":"https:\/\/images.epagine.fr\/254\/9782253162254_1_75.jpg","medium":"https:\/\/images.epagine.fr\/254\/9782253162254_1_m.jpg","thumbnail":"https:\/\/images.epagine.fr\/254\/9782253162254_1_v.jpg"},"orderable":true,"show_badge":true,"formatted_price":"5,90&nbsp;\u20ac","formatted_published_date":"7 mars 2012","publisher_availability_label":"Sur commande","short_details":"Pierre Pelot \u2014 Le Livre de Poche","translator":null,"weight":92,"page_count":134,"readership":null,"editor":"Le Livre de Poche","price":590,"published_date":"2012-03-06T23:00:00.000000Z","support":"Poche","publisher_availability":1,"stock":0,"editions":[],"url":"https:\/\/quaidesbrumes.com\/ouvrage\/9782253162254\/maria"},{"id":"9789954167953","title":"Best-seller","description":"Dans un pays, le Maroc, o\u00f9 on ne lit que deux minutes par jour, l'\u00e9crivain Bachir Bachir parvient miraculeusement \u00e0 vivre de sa plume. Ayant connu succ\u00e8s et notori\u00e9t\u00e9 gr\u00e2ce \u00e0 un premier roman, il estime pouvoir r\u00e9it\u00e9rer exploit. Or, un m\u00e9chant divorce, l'\u00e9chec de son deuxi\u00e8me livre, un train de vie dispendieux, finissent par le ruiner. Victime d'une s\u00e9rie de coups du sort, l'\u00e9crivain d\u00e9croche, d\u00e9prime et s'endette. Pour sortir du gouffre, il n'a d'autre choix que de produire un Best-seller co\u00fbte que co\u00fbte. L\u00e9ger probl\u00e8me : Bachir Bachir ne peut plus \u00e9crire...\r\n\r\n","authors":["R\u00e9da Dalil"],"category_codes":["1000000","1010000"],"visuals":{"large":"https:\/\/images.epagine.fr\/953\/9789954167953_1_75.jpg","medium":"https:\/\/images.epagine.fr\/953\/9789954167953_1_m.jpg","thumbnail":"https:\/\/images.epagine.fr\/953\/9789954167953_1_v.jpg"},"orderable":true,"show_badge":true,"formatted_price":"15,90&nbsp;\u20ac","formatted_published_date":"1er janvier 2016","publisher_availability_label":"Sur commande","short_details":"R\u00e9da Dalil \u2014 Le Fennec","translator":null,"weight":500,"page_count":204,"readership":null,"editor":"Le Fennec","price":1590,"published_date":"2015-12-31T23:00:00.000000Z","support":"Grand format","publisher_availability":1,"stock":0,"editions":[],"url":"https:\/\/quaidesbrumes.com\/ouvrage\/9789954167953\/best-seller"},{"id":"9782072750618","title":"Carnet d'une allumeuse","description":"Qu'une adolescente paraisse et tous les regards des hommes sont sur elle. Mais elle est \u00e9trange et ses yeux couleur cassis couvent des pens\u00e9es qui la d\u00e9livrent de toute coquetterie. Vivant sa beaut\u00e9 comme une exp\u00e9rience int\u00e9rieure, sa qu\u00eate obstin\u00e9e de po\u00e9sie l'\u00e9loigne du destin des filles de son \u00e2ge. Chaque initiation se change en r\u00e9v\u00e9lation m\u00e9taphysique. Peu \u00e0 peu \u00e9merge en elle une vision r\u00e9volutionnaire de la femme dont le pr\u00e9sent texte est l'expression. \u00abJe ha\u00efssais qu'on me clame belle. Pourtant, aucune exp\u00e9rience aussi profonde que ce moment idiot o\u00f9 je sentis que j'\u00e9tais la perle qui faisait mourir les hommes. Elle m'apportait ce savoir:le corps des filles n'est pas seulement leur corps, il est aussi leur pens\u00e9e.\u00bb","authors":["Lydie Dattas"],"category_codes":["1000000","1010000"],"visuals":{"large":"https:\/\/images.epagine.fr\/618\/9782072750618_1_75.jpg","medium":"https:\/\/images.epagine.fr\/618\/9782072750618_1_m.jpg","thumbnail":"https:\/\/images.epagine.fr\/618\/9782072750618_1_v.jpg"},"orderable":true,"show_badge":true,"formatted_price":"12,50&nbsp;\u20ac","formatted_published_date":"16 novembre 2017","publisher_availability_label":"Sur commande","short_details":"Lydie Dattas \u2014 Gallimard","translator":null,"weight":123,"page_count":96,"readership":null,"editor":"Gallimard","price":1250,"published_date":"2017-11-15T23:00:00.000000Z","support":"Grand format","publisher_availability":1,"stock":0,"editions":[],"url":"https:\/\/quaidesbrumes.com\/ouvrage\/9782072750618\/carnet-dune-allumeuse"},{"id":"9782070132799","title":"Dans la fureur glaciale","description":"Dans ce recueil de quatorze nouvelles, l'\u00e9motion de l'\u00e9criture et le rythme envo\u00fbtant de Vivianne Forrester nous happent aussit\u00f4t dans la chair du r\u00e9cit.","authors":["Viviane Forrester"],"category_codes":["1000000","1010000"],"visuals":{"large":"https:\/\/images.epagine.fr\/799\/9782070132799_1_75.jpg","medium":"https:\/\/images.epagine.fr\/799\/9782070132799_1_m.jpg","thumbnail":"https:\/\/images.epagine.fr\/799\/9782070132799_1_v.jpg"},"orderable":true,"show_badge":true,"formatted_price":"16,25&nbsp;\u20ac","formatted_published_date":"3 mars 2011","publisher_availability_label":"Sur commande","short_details":"Viviane Forrester \u2014 Gallimard","translator":null,"weight":207,"page_count":160,"readership":"Tout public","editor":"Gallimard","price":1625,"published_date":"2011-03-02T23:00:00.000000Z","support":"Grand format","publisher_availability":1,"stock":0,"editions":[],"url":"https:\/\/quaidesbrumes.com\/ouvrage\/9782070132799\/dans-la-fureur-glaciale"},{"id":"9782752905512","title":"Les ombres du yali","description":"Cass\u00e9es ouvertes aux quatre vents, une fillette passe les heures entour\u00e9e de silence. Sa grand-m\u00e8re, gardienne des valeurs, consciente de la force des femmes, veille sur elle et lui transmet sa dignit\u00e9. Le temps s'\u00e9coule, la fillette grandit. \r\nDevenue belle au-del\u00e0 des mots, un homme dit l'aimer. Un autre la d\u00e9sire... Tous deux se nourrissent de phrases, chantent et pleurent un amour viril qui ne leur ouvre pour autant pas les yeux. O\u00f9 \u00e9taient-ils, ces hommes, mari ou courtisan, quand le froid accompagnait chaque journ\u00e9e ? Que seront-ils demain ?\r","authors":["Suat Derwish"],"category_codes":["1000000","1010000"],"visuals":{"large":"https:\/\/images.epagine.fr\/512\/9782752905512_1_75.jpg","medium":"https:\/\/images.epagine.fr\/512\/9782752905512_1_m.jpg","thumbnail":"https:\/\/images.epagine.fr\/512\/9782752905512_1_v.jpg"},"orderable":true,"show_badge":true,"formatted_price":"6,70&nbsp;\u20ac","formatted_published_date":"22 ao\u00fbt 2012","publisher_availability_label":"Sur commande","short_details":"Suat Derwish \u2014 Libretto","translator":null,"weight":98,"page_count":120,"readership":null,"editor":"Libretto","price":670,"published_date":"2012-08-21T22:00:00.000000Z","support":"Grand format","publisher_availability":1,"stock":0,"editions":[],"url":"https:\/\/quaidesbrumes.com\/ouvrage\/9782752905512\/les-ombres-du-yali"},{"id":"9782370831545","title":"L'\u00e9chapp\u00e9e belle du bibliobus","description":"Caboss\u00e9 par la vie, le jeune Bobby se croit seul au monde jusqu'au jour o\u00f9 il rencontre Val et sa fille handicap\u00e9e. Tous trois passent un \u00e9t\u00e9 magique parmi les livres du bibliobus o\u00f9 Val est femme de m\u00e9nage. Mais, bient\u00f4t, une terrible rumeur se propage dans la ville. Contraints de s'enfuir \u00e0 bord de la biblioth\u00e8que ambulante, ils vont s'embarquer dans une aventure pleine de rebondissements, digne des \u00ab classiques \u00bb qu'ils ont pris l'habitude de d\u00e9vorer... \r\n\r\nD'une tendresse irr\u00e9sistible !\r","authors":["David Whitehouse"],"category_codes":["1000000","1010000"],"visuals":{"large":"https:\/\/images.epagine.fr\/545\/9782370831545_1_75.jpg","medium":"https:\/\/images.epagine.fr\/545\/9782370831545_1_m.jpg","thumbnail":"https:\/\/images.epagine.fr\/545\/9782370831545_1_v.jpg"},"orderable":true,"show_badge":true,"formatted_price":"23,75&nbsp;\u20ac","formatted_published_date":"12 janvier 2018","publisher_availability_label":"Sur commande","short_details":"David Whitehouse \u2014 Gabelire","translator":null,"weight":500,"page_count":360,"readership":null,"editor":"Gabelire","price":2375,"published_date":"2018-01-11T23:00:00.000000Z","support":"Grand format","publisher_availability":1,"stock":0,"editions":[],"url":"https:\/\/quaidesbrumes.com\/ouvrage\/9782370831545\/lechappee-belle-du-bibliobus"},{"id":"9782253174950","title":"Le dernier de la paroisse","description":"Auvergne, ann\u00e9es 1970. Atteint d'un cancer sans doute en raison du phosphate utilis\u00e9 pour engraisser les terres de la ferme de son p\u00e8re, Germain Ferrier gu\u00e9rit mais est condamn\u00e9 \u00e0 la chastet\u00e9. Lui qui voulait fonder une famille d\u00e9cide, \u00e0 quarante ans sonn\u00e9s, d'embrasser la carri\u00e8re sacerdotale. Apr\u00e8s le grand s\u00e9minaire, il h\u00e9rite d'une cure, dans un petit village au pied des monts du Forez, avec ses \u00e0-c\u00f4t\u00e9s : un chat, Filou, une vache, Roussette, un jardin potager et une servante tr\u00e8s pieuse qui fait aussi office de sacristine...\r","authors":["Jean Anglade"],"category_codes":["1000000","1010000"],"visuals":{"large":"https:\/\/images.epagine.fr\/950\/9782253174950_1_75.jpg","medium":"https:\/\/images.epagine.fr\/950\/9782253174950_1_m.jpg","thumbnail":"https:\/\/images.epagine.fr\/950\/9782253174950_1_v.jpg"},"orderable":true,"show_badge":true,"formatted_price":"7,10&nbsp;\u20ac","formatted_published_date":"21 ao\u00fbt 2013","publisher_availability_label":"Sur commande","short_details":"Jean Anglade \u2014 Le Livre de Poche","translator":null,"weight":178,"page_count":334,"readership":null,"editor":"Le Livre de Poche","price":710,"published_date":"2013-08-20T22:00:00.000000Z","support":"Poche","publisher_availability":1,"stock":0,"editions":["9782702142110"],"url":"https:\/\/quaidesbrumes.com\/ouvrage\/9782253174950\/le-dernier-de-la-paroisse"},{"id":"9782369141730","title":"Dans les ruines ; les massacres d'Adana, avril 1909","description":"Avril 1909. La ville d'Adana et sa plaine si fertile ne sont plus que champs de ruines. Accompagnant la Croix-Rouge, la romanci\u00e8re et journaliste Zabel Essayan conte par le menu ce que ses yeux distinguent, ce que ses oreilles entendent, ce que son coeur ressent. Et que voit-elle ? La destruction des quartiers chr\u00e9tiens d'Adana par une population turque fanatis\u00e9e. Religieux, notables et hommes du peuple massacreront en quelques jours plus de trente mille Arm\u00e9niens en Cilicie.\r\nEmpreint de la violence qui l'entoure, le r\u00e9cit de la journaliste d\u00e9crit avec une puissance rare l'atrocit\u00e9 des massacres et l'impuissance d'une civilisation aux abois face au nationalisme du mouvement Jeunes-Turcs. \r\nAlors que les Arm\u00e9niens pensaient voir la fin de leurs malheurs, plus de trente mille d'entre eux furent massacr\u00e9s \u00e0 Adana, en 1909, \u00e0 l'instigation du parti nationaliste des Jeunes-Turcs sur le point de prendre le pouvoir dans l'Empire ottoman. L'auteure, journaliste, t\u00e9moigne de ce qu'elle a vu et d\u00e9couvert en se rendant sur place au secours des orphelins.\r","authors":["Zabel Essayan","L\u00e9on Ketcheyan"],"category_codes":["1000000","1010000"],"visuals":{"large":"https:\/\/images.epagine.fr\/730\/9782369141730_1_75.jpg","medium":"https:\/\/images.epagine.fr\/730\/9782369141730_1_m.jpg","thumbnail":"https:\/\/images.epagine.fr\/730\/9782369141730_1_v.jpg"},"orderable":true,"show_badge":true,"formatted_price":"10,00&nbsp;\u20ac","formatted_published_date":"5 mars 2015","publisher_availability_label":"Sur commande","short_details":"Zabel Essayan, L\u00e9on Ketcheyan \u2014 Libretto","translator":"LEON KETCHEYAN","weight":270,"page_count":352,"readership":null,"editor":"Libretto","price":1000,"published_date":"2015-03-04T23:00:00.000000Z","support":"Grand format","publisher_availability":1,"stock":0,"editions":[],"url":"https:\/\/quaidesbrumes.com\/ouvrage\/9782369141730\/dans-les-ruines-les-massacres-dadana-avril-1909"},{"id":"9782953908091","title":"La voie cendree","description":"Un dimanche de novembre. Le ciel est d'un bleu limpide. Soudain des centaines d'oiseaux migrateurs traversent le ciel dans un fracas \u00e9tourdissant...Cette vision fugitive mais puissante va bouleverser l'existence de J\u00e9r\u00f4me. La cinquantaine pass\u00e9e, il m\u00e8ne jusque-l\u00e0 une vie confortable : cadre dans une multinationale en r\u00e9gion parisienne, en couple avec Fabienne depuis leurs \u00e9tudes dans une \u00e9cole de commerce, sans enfants. \u00c0 partir de ce moment-l\u00e0, l'existence de J\u00e9r\u00f4me bascule... Au repos forc\u00e9 pour quelques jours, il se plonge dans ses racines, reprenant le fil de son pass\u00e9, de cette province qu'il a quitt\u00e9e il y a plus de trente ans... Les souvenirs, heureux ou dramatiques, qui ressurgissent le poussent inexorablement \u00e0 une compl\u00e8te remise en question. \u00c0 sa mani\u00e8re, il va effectuer sa propre migration, vers un mode de vie radicalement diff\u00e9rent, une \u00e9chapp\u00e9e sur des routes de traverse, une relation retrouv\u00e9e avec la nature.Un roman riche qui invite \u00e0 la r\u00e9flexion.\r","authors":["Olivier Delbard"],"category_codes":["1000000","1010000"],"visuals":{"large":"https:\/\/images.epagine.fr\/091\/9782953908091_1_75.jpg","medium":"https:\/\/images.epagine.fr\/091\/9782953908091_1_m.jpg","thumbnail":"https:\/\/images.epagine.fr\/091\/9782953908091_1_v.jpg"},"orderable":true,"show_badge":true,"formatted_price":"18,00&nbsp;\u20ac","formatted_published_date":"12 novembre 2021","publisher_availability_label":"Sur commande","short_details":"Olivier Delbard \u2014 Coxigrue","translator":null,"weight":350,"page_count":null,"readership":null,"editor":"Coxigrue","price":1800,"published_date":"2021-11-11T23:00:00.000000Z","support":"Grand format","publisher_availability":1,"stock":0,"editions":[],"url":"https:\/\/quaidesbrumes.com\/ouvrage\/9782953908091\/la-voie-cendree"},{"id":"9782864248651","title":"Tropique des silences","description":"A la Havane, une petite fille aux cheveux cr\u00e9pus n\u00e9gocie le difficile tournant de l'enfance \u00e0 l'adolescence, dans une famille condamn\u00e9e \u00e0 la cohabitation par les conditions sociales du pays: un p\u00e8re officier de toutes les guerres de la R\u00e9volution, une m\u00e8re argentine drogu\u00e9e au tango, une tante amateur d'op\u00e9ra, un oncle masseur et une grand-m\u00e8re gardienne de la morale. L'enfant va peu \u00e0 peu d\u00e9couvrir que tout le fragile \u00e9difice familial ne tient que sur le mensonge, \u00e0 commencer par ses origines \u00e0 elle.\r\n\r\nCelle qu'on a surnomm\u00e9e P'tit Mec fuit la famille pour les amis de son \u00e2ge, fr\u00e9quente les f\u00eates des ann\u00e9es 80, les d\u00e9bats o\u00f9 l'on refait le monde, et go\u00fbte \u00e0 la drogue, loin de l'apocalypse annonc\u00e9e du syst\u00e8me politique. \u00c9galement \u00e9trang\u00e8re \u00e0 cet univers, tout aussi faux que celui de sa famille, l'adolescente cherche sa voie dans la solitude et le silence.","authors":["Karla S\u00faarez","Fran\u00e7ois Gaudry"],"category_codes":["1000000","1010000"],"visuals":{"large":"https:\/\/images.epagine.fr\/651\/9782864248651_1_75.jpg","medium":"https:\/\/images.epagine.fr\/651\/9782864248651_1_m.jpg","thumbnail":"https:\/\/images.epagine.fr\/651\/9782864248651_1_v.jpg"},"orderable":true,"show_badge":true,"formatted_price":"10,00&nbsp;\u20ac","formatted_published_date":"5 avril 2012","publisher_availability_label":"Sur commande","short_details":"Karla S\u00faarez, Fran\u00e7ois Gaudry \u2014 Editions M\u00e9taili\u00e9","translator":"FRANCOIS GAUDRY","weight":225,"page_count":233,"readership":null,"editor":"Editions M\u00e9taili\u00e9","price":1000,"published_date":"2012-04-04T22:00:00.000000Z","support":"Poche","publisher_availability":1,"stock":0,"editions":[],"url":"https:\/\/quaidesbrumes.com\/ouvrage\/9782864248651\/tropique-des-silences"},{"id":"9782757828045","title":"Tout le cimeti\u00e8re en parle","description":"All\u00f4, ici, l'op\u00e9rateur fun\u00e9raire : acheter un cercueil en ch\u00eane massif avec finitions chrom\u00e9es \u00e0 2 767 euros ! Le but : abriter \u00e9ternellement votre d\u00e9pouille, maquill\u00e9e et habill\u00e9e pour l'occasion. Ou celle de grand-p\u00e8re, \u00e9chapp\u00e9 en douce de sa maison de retraite pour aller savourer un \u00e9clair au chocolat. La mort est partout. autant gagner de l'argent sur son dos ou se faire plaisir tant qu'on peut !","authors":["Marie-ange Guillaume"],"category_codes":["1000000","1010000"],"visuals":{"large":"https:\/\/images.epagine.fr\/045\/9782757828045_1_75.jpg","medium":"https:\/\/images.epagine.fr\/045\/9782757828045_1_m.jpg","thumbnail":"https:\/\/images.epagine.fr\/045\/9782757828045_1_v.jpg"},"orderable":true,"show_badge":true,"formatted_price":"6,50&nbsp;\u20ac","formatted_published_date":"24 mai 2012","publisher_availability_label":"Sur commande","short_details":"Marie-ange Guillaume \u2014 Points","translator":null,"weight":72,"page_count":112,"readership":null,"editor":"Points","price":650,"published_date":"2012-05-23T22:00:00.000000Z","support":"Poche","publisher_availability":1,"stock":0,"editions":["9782847421644"],"url":"https:\/\/quaidesbrumes.com\/ouvrage\/9782757828045\/tout-le-cimetiere-en-parle"},{"id":"9782917751053","title":"Un l\u00e9ger d\u00e9faut d'articulation","description":null,"authors":["St\u00e9phanie Chaillou"],"category_codes":["1000000","1010000"],"visuals":{"large":"https:\/\/images.epagine.fr\/053\/9782917751053_1_75.jpg","medium":"https:\/\/images.epagine.fr\/053\/9782917751053_1_m.jpg","thumbnail":"https:\/\/images.epagine.fr\/053\/9782917751053_1_v.jpg"},"orderable":true,"show_badge":false,"formatted_price":"15,00&nbsp;\u20ac","formatted_published_date":"14 septembre 2009","publisher_availability_label":"Sur commande","short_details":"St\u00e9phanie Chaillou \u2014 Isabelle Sauvage","translator":null,"weight":150,"page_count":null,"readership":null,"editor":"Isabelle Sauvage","price":1500,"published_date":"2009-09-13T22:00:00.000000Z","support":"Grand format","publisher_availability":1,"stock":2,"editions":[],"url":"https:\/\/quaidesbrumes.com\/ouvrage\/9782917751053\/un-leger-defaut-darticulation"},{"id":"9782918619154","title":"Enfer ! s'\u00e9cria la duchesse","description":"Quelque chose ne tourne pas rond au royaume de Sa Gracieuse Majest\u00e9. Dans les ann\u00e9es 1930, alors que Londres est en proie \u00e0 des combats de rue opposant fascistes et communistes, une rumeur enfle : Mary, duchesse de Dove, veuve au coeur pur, vivant recluse dans sa luxueuse demeure, passerait ses nuits en douteuse compagnie dans des bouges peu fr\u00e9quentables. Pire : certains la suspectent m\u00eame d'\u00eatre l'effrayante Jane l'\u00c9ventreuse, la criminelle perverse qui a mutil\u00e9 et assassin\u00e9 plusieurs jeunes hommes. Persuad\u00e9s qu'une aristocrate ne peut \u00eatre qu'innocente, Basil Icelin, policier sarcastique, et le colonel Wingless, cousin de la duchesse, m\u00e8nent l'enqu\u00eate et remontent peu \u00e0 peu la piste qui les conduit \u00e0 un criminel hors norme. Dans ce roman \u00e0 rebondissements, Michael Arlen met son ironie f\u00e9roce et son humour d\u00e9cal\u00e9 au service d'une satire sociale drolatique.\r","authors":["Michael Arlen","Anne-Sylvie Homassel"],"category_codes":["1000000","1010000"],"visuals":{"large":"https:\/\/images.epagine.fr\/154\/9782918619154_1_75.jpg","medium":"https:\/\/images.epagine.fr\/154\/9782918619154_1_m.jpg","thumbnail":"https:\/\/images.epagine.fr\/154\/9782918619154_1_v.jpg"},"orderable":true,"show_badge":false,"formatted_price":"15,00&nbsp;\u20ac","formatted_published_date":"7 novembre 2013","publisher_availability_label":"Sur commande","short_details":"Michael Arlen, Anne-Sylvie Homassel \u2014 La Derniere Goutte","translator":"ANNE-SYLVIE HOMASSEL","weight":192,"page_count":160,"readership":null,"editor":"La Derniere Goutte","price":1500,"published_date":"2013-11-06T23:00:00.000000Z","support":"Grand format","publisher_availability":1,"stock":1,"editions":[],"url":"https:\/\/quaidesbrumes.com\/ouvrage\/9782918619154\/enfer-secria-la-duchesse"},{"id":"9782357070462","title":"Le mal que l'on se fait","description":"Un homme tra\u00eene sa solitude et son ennui dans une ville d'Am\u00e9rique du sud. On le retrouve plus tard dans une ville musulmane englu\u00e9 dans un pass\u00e9 que le lecteur d\u00e9couvre dans la troisi\u00e8me partie du livre. Cet homme est min\u00e9 par la mort accidentelle de ses enfants et le fait de les avoir rejet\u00e9s \u00e0 force d'intol\u00e9rance et de principes moraux stupides.\r","authors":["Christophe Fourvel"],"category_codes":["1000000","1010000"],"visuals":{"large":"https:\/\/images.epagine.fr\/462\/9782357070462_1_75.jpg","medium":"https:\/\/images.epagine.fr\/462\/9782357070462_1_m.jpg","thumbnail":"https:\/\/images.epagine.fr\/462\/9782357070462_1_v.jpg"},"orderable":true,"show_badge":true,"formatted_price":"16,00&nbsp;\u20ac","formatted_published_date":"7 janvier 2014","publisher_availability_label":"Sur commande","short_details":"Christophe Fourvel \u2014 La Fosse aux Ours","translator":null,"weight":204,"page_count":176,"readership":null,"editor":"La Fosse aux Ours","price":1600,"published_date":"2014-01-06T23:00:00.000000Z","support":"Grand format","publisher_availability":1,"stock":0,"editions":[],"url":"https:\/\/quaidesbrumes.com\/ouvrage\/9782357070462\/le-mal-que-lon-se-fait"},{"id":"9782752908728","title":"Chez les Weil : Andr\u00e9 et Simone","description":"\u00ab Le g\u00e9nie \u00e9tait bic\u00e9phale. Mon p\u00e8re avait un double, un double f\u00e9minin, un double mort, un double fant\u00f4me. Car, oui, en plus d'\u00eatre une sainte, ma tante \u00e9tait un double de mon p\u00e8re \u00e0 qui elle ressemblait comme une jumelle. Un double terrifiant pour moi, puisque je lui ressemblais tant. Je ressemblais au double de mon p\u00e8re. \u00bb Comment vivre aux c\u00f4t\u00e9s de telles personnalit\u00e9s qui, l'une comme l'autre, ont marqu\u00e9 l'histoire du XX\u00e8me si\u00e8cle ? Sylvie Weil, dans ce qui est \u00e0 la fois un exercice d'admiration et d'exorcisme n\u00e9cessaire, s'en explique avec de l'\u00e9motion et de l'humour. Fresque intime et familiale, Chez les Weil t\u00e9moigne aussi d'une \u00e9poque marqu\u00e9e par la Seconde Guerre mondiale et les combats qui s'ensuivirent.","authors":["Sylvie Weil","Mich\u00e8le Audin"],"category_codes":["1000000","1010000"],"visuals":{"large":"https:\/\/images.epagine.fr\/728\/9782752908728_1_75.jpg","medium":"https:\/\/images.epagine.fr\/728\/9782752908728_1_m.jpg","thumbnail":"https:\/\/images.epagine.fr\/728\/9782752908728_1_v.jpg"},"orderable":true,"show_badge":true,"formatted_price":"8,70&nbsp;\u20ac","formatted_published_date":"3 janvier 2013","publisher_availability_label":"Sur commande","short_details":"Sylvie Weil, Mich\u00e8le Audin \u2014 Libretto","translator":null,"weight":187,"page_count":224,"readership":null,"editor":"Libretto","price":870,"published_date":"2013-01-02T23:00:00.000000Z","support":"Poche","publisher_availability":1,"stock":0,"editions":["9782283023693"],"url":"https:\/\/quaidesbrumes.com\/ouvrage\/9782752908728\/chez-les-weil-andre-et-simone"},{"id":"9782362420474","title":"Une jeune fille dans tout le royaume","description":null,"authors":["Veronique Pittolo"],"category_codes":["1000000","1010000"],"visuals":{"large":"https:\/\/images.epagine.fr\/474\/9782362420474_1_75.jpg","medium":"https:\/\/images.epagine.fr\/474\/9782362420474_1_m.jpg","thumbnail":"https:\/\/images.epagine.fr\/474\/9782362420474_1_v.jpg"},"orderable":true,"show_badge":true,"formatted_price":"11,50&nbsp;\u20ac","formatted_published_date":"31 mars 2014","publisher_availability_label":"Sur commande","short_details":"Veronique Pittolo \u2014 De L'Attente","translator":null,"weight":156,"page_count":null,"readership":null,"editor":"De L'Attente","price":1150,"published_date":"2014-03-30T22:00:00.000000Z","support":"Poche","publisher_availability":1,"stock":0,"editions":[],"url":"https:\/\/quaidesbrumes.com\/ouvrage\/9782362420474\/une-jeune-fille-dans-tout-le-royaume"},{"id":"9782909899381","title":"La tentation insurrectionniste","description":null,"authors":[],"category_codes":["1000000","1010000"],"visuals":{"large":"https:\/\/quaidesbrumes.com\/img\/book-placeholder.png","medium":"https:\/\/quaidesbrumes.com\/img\/book-placeholder.png","thumbnail":"https:\/\/quaidesbrumes.com\/img\/book-placeholder.png"},"orderable":true,"show_badge":true,"formatted_price":"10,00&nbsp;\u20ac","formatted_published_date":"4 mai 2012","publisher_availability_label":"Sur commande","short_details":"Acratie","translator":null,"weight":350,"page_count":null,"readership":null,"editor":"Acratie","price":1000,"published_date":"2012-05-03T22:00:00.000000Z","support":"Grand format","publisher_availability":1,"stock":0,"editions":[],"url":"https:\/\/quaidesbrumes.com\/ouvrage\/9782909899381\/la-tentation-insurrectionniste"},{"id":"9782490251063","title":"Max Jacob dans tous ses \u00e9tats","description":"On ne pr\u00e9sente plus Max Jacob mais on ne pr\u00e9sente pas davantage Lina Lachgar, po\u00e8te, auteur de pr\u00e9cieux recueils de po\u00e8mes publi\u00e9s r\u00e9guli\u00e8rement depuis un demi-si\u00e8cle, fervente admiratrice de Max Jacob \u00e0 qui elle a consacr\u00e9 depuis 1981, ann\u00e9e de l'album tr\u00e8s document\u00e9 et imag\u00e9 paru chez Henry Veyrier, diff\u00e9rents hommages historiques ou fac\u00e9tieux (Les Pantoufles de Max Jacob, La Diff\u00e9rence, 2001), Arrestation et mort de Max Jacob, La Diff\u00e9rence, 2004, r\u00e9\u00e9d. 2012), Max Jacob et Mademoiselle Infrarouge, La Diff\u00e9rence, 2012).\r\nCet essai s'inscrit dans la lign\u00e9e de Max Jacob et Mademoiselle Infrarouge. Elle y interpelle le po\u00e8te sur sa conversion, ses folies, ses contradictions ses amiti\u00e9s particuli\u00e8res, ses bouffonneries, ses excentricit\u00e9s dans un dialogue imaginaire. Mademoiselle Infrarouge, c'est elle, Lina Lachgar, qui rend ce 5 mars 2019 cet ultime hommage \u00e0 l'occasion du 75e anniversaire de la mort de Max Jacob \u00e0 Drancy.","authors":["Lina Lachgar"],"category_codes":["1000000","1010000"],"visuals":{"large":"https:\/\/images.epagine.fr\/063\/9782490251063_1_75.jpg","medium":"https:\/\/images.epagine.fr\/063\/9782490251063_1_m.jpg","thumbnail":"https:\/\/images.epagine.fr\/063\/9782490251063_1_v.jpg"},"orderable":true,"show_badge":true,"formatted_price":"14,00&nbsp;\u20ac","formatted_published_date":"21 f\u00e9vrier 2019","publisher_availability_label":"Sur commande","short_details":"Lina Lachgar \u2014 Editions du Cano\u00e9","translator":null,"weight":130,"page_count":72,"readership":null,"editor":"Editions du Cano\u00e9","price":1400,"published_date":"2019-02-20T23:00:00.000000Z","support":"Grand format","publisher_availability":1,"stock":0,"editions":[],"url":"https:\/\/quaidesbrumes.com\/ouvrage\/9782490251063\/max-jacob-dans-tous-ses-etats"},{"id":"9782363390332","title":"Le sanglier","description":"Le Sanglier , c'est le roman d'un homme qui passe de la d\u00e9sillusion \u00e0 la r\u00e9bellion. Apr\u00e8s quatre ans d'absence, rien n'a chang\u00e9 ; autour de Daniel ce ne sont que bassesses et m\u00e9diocrit\u00e9, cupidit\u00e9 et conformisme. C'est donc \u00e7a, l'humanit\u00e9 ? C'est pour \u00e7a qu'il s'est battu ? Mieux vaut encore tout quitter et s'enfoncer dans les bois. Les b\u00eates sauvages, elles, ne trichent pas ; alors autant devenir l'une d'entre elles. Mais plus Daniel devient solitaire, farouche comme un sanglier, plus le ressentiment monte chez les habitants du village voisin. Les hommes n'aiment pas \u00eatre m\u00e9pris\u00e9s, encore moins jug\u00e9s, et les animaux, ils les chassent. Une fable saisissante, entre retour \u00e0 la nature et r\u00e9volte visc\u00e9rale.\r","authors":["Pierre Luccin"],"category_codes":["1000000","1010000"],"visuals":{"large":"https:\/\/images.epagine.fr\/332\/9782363390332_1_75.jpg","medium":"https:\/\/images.epagine.fr\/332\/9782363390332_1_m.jpg","thumbnail":"https:\/\/images.epagine.fr\/332\/9782363390332_1_v.jpg"},"orderable":true,"show_badge":true,"formatted_price":"13,00&nbsp;\u20ac","formatted_published_date":"5 avril 2014","publisher_availability_label":"Sur commande","short_details":"Pierre Luccin \u2014 \u00c9ditions Finitude","translator":null,"weight":152,"page_count":120,"readership":null,"editor":"\u00c9ditions Finitude","price":1300,"published_date":"2014-04-04T22:00:00.000000Z","support":"Grand format","publisher_availability":1,"stock":0,"editions":[],"url":"https:\/\/quaidesbrumes.com\/ouvrage\/9782363390332\/le-sanglier"},{"id":"9782957301706","title":"D'asphalte et de nu\u00e9e","description":"D'Asphalte et de nu\u00e9e d\u00e9bute comme une embard\u00e9e, dans un r\u00e9cit \u00e2pre et tendu qui ne baissera plus de r\u00e9gime. Des adolescents, sans famille ni base arri\u00e8re, sont captur\u00e9s au hasard des routes, et le lecteur d\u00e9couvre avec Nols, le personnage principal, une bizarre et terrible d\u00e9tention. Prisonniers d'un bourreau invisible, un groupe d'adolescents se forme au cours des nuits de terreur. Les jeunes hommes se soutiennent et parviennent \u00e0 s'\u00e9chapper de ce bagne clandestin. S'engage une cavale \u00e0 la recherche d'un asile o\u00f9 s'\u00e9tablir et vivre en libert\u00e9. Nicolas Rozier compose le septuor h\u00e9ro\u00efque de ces rescap\u00e9s l\u00e2ch\u00e9s au monde, traqu\u00e9s, en butte aux visions et rencontres propres aux friches et landes suburbaines. Tout ce qui advient \u00e0 ces jeunes personnages les \u00e9lance, les hausse d'une sorte de prestige galvanique. L'auteur pratique l'art subtil de martyriser ses personnages pour mieux en traduire la grandeur. Ils sont sept bless\u00e9s magnifiques. Ceux que Nicolas Rozier nomme \u00ab les grands visages purs sans appel, les massacr\u00e9s incorruptibles \u00bb montrent \u00e0 vif leur patine in\u00e9dite, leur \u00e9clat glorieux \u00e0 mesure qu'ils se redressent. L'intrigue est aussi dense que distingu\u00e9e par son hybridation de genres et d'atmosph\u00e8res o\u00f9 le fantastique, l'horreur et le thriller se relaient d'un suspense \u00e0 l'autre. L'influence majeure du cin\u00e9ma bis transpara\u00eet dans la galerie de portraits atypiques. Certains visages aux attributs venimeux et capiteux ont le charme argentique d'une pellicule insol\u00e9e. L'auteur prend un soin maniaque \u00e0 ch\u00e9rir ses personnages, construits comme des embl\u00e8mes de fulgurance et de somptuosit\u00e9.\r","authors":["Nicolas Rozier"],"category_codes":["1000000","1010000"],"visuals":{"large":"https:\/\/images.epagine.fr\/706\/9782957301706_1_75.jpg","medium":"https:\/\/images.epagine.fr\/706\/9782957301706_1_m.jpg","thumbnail":"https:\/\/images.epagine.fr\/706\/9782957301706_1_v.jpg"},"orderable":true,"show_badge":true,"formatted_price":"20,00&nbsp;\u20ac","formatted_published_date":"11 septembre 2020","publisher_availability_label":"Sur commande","short_details":"Nicolas Rozier \u2014 Incursion","translator":null,"weight":0,"page_count":316,"readership":null,"editor":"Incursion","price":2000,"published_date":"2020-09-10T22:00:00.000000Z","support":"Grand format","publisher_availability":1,"stock":0,"editions":[],"url":"https:\/\/quaidesbrumes.com\/ouvrage\/9782957301706\/dasphalte-et-de-nuee"}]}