{"data":[{"id":"9782845872349","title":"Partage des vivants","description":null,"authors":["Louis Calaferte"],"category_codes":["1000000","1010000"],"visuals":{"large":"https:\/\/images.epagine.fr\/349\/9782845872349_1_75.jpg","medium":"https:\/\/images.epagine.fr\/349\/9782845872349_1_m.jpg","thumbnail":"https:\/\/images.epagine.fr\/349\/9782845872349_1_v.jpg"},"orderable":true,"show_badge":true,"formatted_price":"15,00&nbsp;\u20ac","formatted_published_date":"9 d\u00e9cembre 2011","publisher_availability_label":"Sur commande","short_details":"Louis Calaferte \u2014 Tarabuste","translator":null,"weight":600,"page_count":null,"readership":null,"editor":"Tarabuste","price":1500,"published_date":"2011-12-08T23:00:00.000000Z","support":"Grand format","publisher_availability":1,"stock":0,"editions":[],"url":"https:\/\/quaidesbrumes.com\/ouvrage\/9782845872349\/partage-des-vivants"},{"id":"9782330019563","title":"La trace de l'ange","description":"Dans ce conte de No\u00ebl \u00e0 l'envers, Stefano Benni d\u00e9nonce la grande escroquerie des m\u00e9dicaments qui rendent g\u00e2teux, euphorique et surtout insomniaque. Un texte rageur et m\u00e9lancolique, entre le pamphlet et l'all\u00e9gorie.\r","authors":["Stefano Benni","Marguerite Pozzoli"],"category_codes":["1000000","1010000"],"visuals":{"large":"https:\/\/images.epagine.fr\/563\/9782330019563_1_75.jpg","medium":"https:\/\/images.epagine.fr\/563\/9782330019563_1_m.jpg","thumbnail":"https:\/\/images.epagine.fr\/563\/9782330019563_1_v.jpg"},"orderable":true,"show_badge":true,"formatted_price":"13,00&nbsp;\u20ac","formatted_published_date":"27 avril 2013","publisher_availability_label":"Sur commande","short_details":"Stefano Benni, Marguerite Pozzoli \u2014 Actes Sud","translator":"MARGUERITE POZZOLI","weight":86,"page_count":112,"readership":null,"editor":"Actes Sud","price":1300,"published_date":"2013-04-26T22:00:00.000000Z","support":"Grand format","publisher_availability":1,"stock":0,"editions":[],"url":"https:\/\/quaidesbrumes.com\/ouvrage\/9782330019563\/la-trace-de-lange"},{"id":"9782812606328","title":"Pain blanc (le)","description":"Antonia a douze ans lorsque sa famille quitte l'Espagne, pour s'installer dans le sud de la France. Devenue adulte, elle \u00e9pouse un paysan de l'Aveyron, Fran\u00e7ois. Ensemble ils m\u00e8nent une vie difficile : d'abord mineur \u00e0 Carmaux, Fran\u00e7ois retrouve la ferme familiale \u00e0 la mort de son p\u00e8re. \u00c0 force de travail et d'obstination, il fait fortune dans le n\u00e9goce des grains, au moment o\u00f9 l'Europe sombre dans la Grande Guerre. La trag\u00e9die n'\u00e9pargnera pas le bonheur d'Antonia et Fran\u00e7ois...\r","authors":["Daniel Crozes"],"category_codes":["1000000","1010000"],"visuals":{"large":"https:\/\/images.epagine.fr\/328\/9782812606328_1_75.jpg","medium":"https:\/\/images.epagine.fr\/328\/9782812606328_1_m.jpg","thumbnail":"https:\/\/images.epagine.fr\/328\/9782812606328_1_v.jpg"},"orderable":true,"show_badge":true,"formatted_price":"8,00&nbsp;\u20ac","formatted_published_date":"12 mars 2014","publisher_availability_label":"Sur commande","short_details":"Daniel Crozes \u2014 Rouergue","translator":null,"weight":192,"page_count":320,"readership":null,"editor":"Rouergue","price":800,"published_date":"2014-03-11T23:00:00.000000Z","support":"Poche","publisher_availability":1,"stock":0,"editions":[],"url":"https:\/\/quaidesbrumes.com\/ouvrage\/9782812606328\/pain-blanc-le"},{"id":"9782919186136","title":"Boy","description":"Ce livre r\u00e9unit trois nouvelles sur l'enfance et l'adolescence, \u00e9crites par Takeshi Kitano dans le courant des ann\u00e9es 1980, avant qu'il entame sa carri\u00e8re de cin\u00e9aste.\r\nDans \" Le champion en kimono ouat\u00e9 \", un enfant studieux et peu sportif doit participer \u00e0 la course de vitesse de son \u00e9cole.\r\nDans \" Nid d'\u00e9toiles \", deux fr\u00e8res sont contraints de d\u00e9m\u00e9nager \u00e0 \u00d4saka avec leur m\u00e8re apr\u00e8s le d\u00e9c\u00e8s de leur p\u00e8re. \r\nDans \" Okam\u00e9-san \", un coll\u00e9gien tokyo\u00efte passionn\u00e9 d'histoire, apr\u00e8s une altercation familiale, part visiter seul les temples de Ky\u00f4to.\r\nTr\u00e8s \u00e9mouvantes, ces trois micro-fictions sur la difficult\u00e9 d'\u00eatre enfant et adolescent sont \u00e9crites avec la lucidit\u00e9, la sensibilit\u00e9 et le lyrisme qui impr\u00e8gnent les films de Kitano. Le futur cin\u00e9aste y annonce sa veine tendre, dr\u00f4le et po\u00e9tique, celle de A Scene At the Sea (1991), Kids Return (1996) ou L'\u00c9t\u00e9 de Kikujiro (1999). Avec une \u00e9conomie de mots proche de sa grammaire de r\u00e9alisateur, il se met en qu\u00eate de cette part d'enfance et d'innocence perdues qui hante son cin\u00e9ma, et parvient comme nul autre \u00e0 nous toucher droit au coeur.\r\n\r\nLe texte sera illustr\u00e9 par des portraits d'enfants et d'adolescents r\u00e9alis\u00e9s par Emmanuel Guibert.\r\n Mots-cl\u00e9s : Takeshi Kitano, Kid's return, enfance et adolescence\r","authors":["Emmanuel Guibert","Takeshi Kitano","Silvain Chupin"],"category_codes":["1000000","1010000"],"visuals":{"large":"https:\/\/images.epagine.fr\/136\/9782919186136_1_75.jpg","medium":"https:\/\/images.epagine.fr\/136\/9782919186136_1_m.jpg","thumbnail":"https:\/\/images.epagine.fr\/136\/9782919186136_1_v.jpg"},"orderable":true,"show_badge":true,"formatted_price":"15,20&nbsp;\u20ac","formatted_published_date":"10 f\u00e9vrier 2012","publisher_availability_label":"Sur commande","short_details":"Emmanuel Guibert, Takeshi Kitano, Silvain Chupin \u2014 WOMBAT","translator":"SILVAIN CHUPIN","weight":150,"page_count":128,"readership":null,"editor":"WOMBAT","price":1520,"published_date":"2012-02-09T23:00:00.000000Z","support":"Grand format","publisher_availability":1,"stock":0,"editions":[],"url":"https:\/\/quaidesbrumes.com\/ouvrage\/9782919186136\/boy"},{"id":"9782829004803","title":"Du meilleur des mondes","description":"Du meilleur des mondes (Die beste aller Welten) est le premier roman d'Irena Bre\u017en\u00e1, publi\u00e9 en 2008 chez Ebersbach Verlag, apr\u00e8s plusieurs reportages sur l'Europe de l'Est.","authors":["Irena Brezn\u00e1","Laurent Vallance"],"category_codes":["1000000","1010000"],"visuals":{"large":"https:\/\/images.epagine.fr\/803\/9782829004803_1_75.jpg","medium":"https:\/\/images.epagine.fr\/803\/9782829004803_1_m.jpg","thumbnail":"https:\/\/images.epagine.fr\/803\/9782829004803_1_v.jpg"},"orderable":true,"show_badge":true,"formatted_price":"14,00&nbsp;\u20ac","formatted_published_date":"9 octobre 2014","publisher_availability_label":"Sur commande","short_details":"Irena Brezn\u00e1, Laurent Vallance \u2014 D'En Bas","translator":"LAURENT VALLANCE","weight":183,"page_count":144,"readership":null,"editor":"D'En Bas","price":1400,"published_date":"2014-10-08T22:00:00.000000Z","support":"Grand format","publisher_availability":1,"stock":0,"editions":[],"url":"https:\/\/quaidesbrumes.com\/ouvrage\/9782829004803\/du-meilleur-des-mondes"},{"id":"9782940478934","title":"L'alphabet des anges","description":"\u00ab Les cheveux boucl\u00e9s d'Aneth en plein dans mon paysage, la vue \u00e9cras\u00e9e par son odeur, j'\u00e9tais \u00e9mue \u00e0 en mourir, \u00e9merveill\u00e9e par sa force vive qui, je le sentis \u00e0 cet instant comme jamais, r\u00e9sisterait \u00e0 tout \u00e9preuve. Elle avait beau \u00eatre b\u00e2tarde, borgne, trop intelligence ou en salopette, elle pouvait devenir aveugle ou poisson-lune, Aneth r\u00e9sisterait, et avec elle, sa libert\u00e9 ; il y avait sous sa chevelure feuillue et insoumise tant de po\u00e9sie d\u00e9sarmante, pr\u00eate \u00e0 s'engager et \u00e0 supporter, pr\u00eate surtout \u00e0 aimer. \u00bb Un court r\u00e9cit o\u00f9 la tendresse et la po\u00e9sie revendiquent leur droit de changer nos destin\u00e9es.\r\n\r\nN\u00e9e en 1987, Xochitl Borel, musicienne et voyageuse anarchiste, publie son premier roman, dans la collection Alcantara.\r","authors":["Xochitl Borel"],"category_codes":["1000000","1010000"],"visuals":{"large":"https:\/\/images.epagine.fr\/934\/9782940478934_1_75.jpg","medium":"https:\/\/images.epagine.fr\/934\/9782940478934_1_m.jpg","thumbnail":"https:\/\/images.epagine.fr\/934\/9782940478934_1_v.jpg"},"orderable":true,"show_badge":true,"formatted_price":"20,00&nbsp;\u20ac","formatted_published_date":"4 octobre 2014","publisher_availability_label":"Sur commande","short_details":"Xochitl Borel \u2014 Editions De L'Aire","translator":null,"weight":390,"page_count":130,"readership":null,"editor":"Editions De L'Aire","price":2000,"published_date":"2014-10-03T22:00:00.000000Z","support":"Grand format","publisher_availability":1,"stock":0,"editions":[],"url":"https:\/\/quaidesbrumes.com\/ouvrage\/9782940478934\/lalphabet-des-anges"},{"id":"9782918066071","title":"Petites histoires pour aujourd'hui Tome 1","description":"Les multiples personnages de ces cinquante petites histoires - hommes, femmes, enfants, animaux de toutes tailles, v\u017dg\u017dtaux et objets de toutes sortes - nous am\u008fnent \u02c6 aborder des sujets fort divers tels l'amiti\u017d, la jalousie, la moquerie, la mort, l'amour, la solitude, le regret, la diff\u017drence, la rencontre, la vieillesse, le pardon, la compl\u017dmentarit\u017d, l'\u017dmerveillement... De petite histoire en petite histoire, dans l'ordre propos\u017d ou selon notre convenance, un chemin pour un mieux \u0090tre nous est propos\u017d, sans jamais nous y contraindre et toujours dans une certaine douceur. \r\n\r\nDes illustrations tout en l\u017dg\u008fret\u017d, une mise en pages soign\u017de et un papier agr\u017dable au toucher nous rendent encore plus plaisante la lecture des ces petites histoires simples, profondes et non d\u017dnu\u017des de po\u017dsie.\r","authors":["Geoffroy Blosse","Christine Charron"],"category_codes":["1000000","1010000"],"visuals":{"large":"https:\/\/images.epagine.fr\/071\/9782918066071_1_75.jpg","medium":"https:\/\/images.epagine.fr\/071\/9782918066071_1_m.jpg","thumbnail":"https:\/\/images.epagine.fr\/071\/9782918066071_1_v.jpg"},"orderable":true,"show_badge":true,"formatted_price":"12,00&nbsp;\u20ac","formatted_published_date":"1er juin 2011","publisher_availability_label":"Sur commande","short_details":"Geoffroy Blosse, Christine Charron \u2014 Florileges","translator":null,"weight":164,"page_count":164,"readership":null,"editor":"Florileges","price":1200,"published_date":"2011-05-31T22:00:00.000000Z","support":"Poche","publisher_availability":1,"stock":0,"editions":[],"url":"https:\/\/quaidesbrumes.com\/ouvrage\/9782918066071\/petites-histoires-pour-aujourdhui-tome-1"},{"id":"9782710369905","title":"Le grand coucher","description":null,"authors":["Guy Dupr\u00e9"],"category_codes":["1000000","1010000"],"visuals":{"large":"https:\/\/images.epagine.fr\/905\/9782710369905_1_75.jpg","medium":"https:\/\/images.epagine.fr\/905\/9782710369905_1_m.jpg","thumbnail":"https:\/\/images.epagine.fr\/905\/9782710369905_1_v.jpg"},"orderable":true,"show_badge":true,"formatted_price":"8,70&nbsp;\u20ac","formatted_published_date":"14 mars 2013","publisher_availability_label":"Sur commande","short_details":"Guy Dupr\u00e9 \u2014 \u00c9ditions de La Table Ronde","translator":null,"weight":173,"page_count":350,"readership":null,"editor":"\u00c9ditions de La Table Ronde","price":870,"published_date":"2013-03-13T23:00:00.000000Z","support":"Poche","publisher_availability":1,"stock":0,"editions":[],"url":"https:\/\/quaidesbrumes.com\/ouvrage\/9782710369905\/le-grand-coucher"},{"id":"9782702143421","title":"La dame de Kyoto","description":"Kyoto, 1904. Depuis l'assassinat de ses parents, riches industriels de la soie, Myako Matsuka subit la tutelle de son fr\u00e8re Naoki. Lorsque celui-ci part pour le front de la guerre russo-japonaise, elle doit g\u00e9rer seule l'entreprise familiale. Myako d\u00e9couvre alors avec horreur les conditions de travail des ouvri\u00e8res et n'h\u00e9site pas \u00e0 transgresser les consignes de son fr\u00e8re, r\u00e9v\u00e9lant un temp\u00e9rament fier et ind\u00e9pendant.\r\n    Mais l'amour trouble qu'elle porte \u00e0 un diplomate anglais, Allan Pearson, de m\u00eame que l'intrusion dans sa vie d'un jeune Fran\u00e7ais passionn\u00e9 d'estampes, Martin Falli\u00e8res, vont brouiller les cartes. \r\n   Tortur\u00e9e par le myst\u00e8re de la mort de ses parents, d\u00e9chir\u00e9e entre ses instincts amoureux, ses responsabilit\u00e9s professionnelles et la fi d\u00e9lit\u00e9 qu'elle doit \u00e0 sa famille, Myako va devoir choisir. Des choix douloureux qui feront \u00e9clater une v\u00e9rit\u00e9 non moins tragique sur son pass\u00e9 et orienteront son avenir dans un sens bien diff\u00e9rent de celui qu'elle envisageait. \u00c9ric Le Nabour a publi\u00e9 son premier livre \u00e0 l'\u00e2ge de dix-neuf ans. Auteur de nombreux ouvrages historiques, il s'est aussi r\u00e9v\u00e9l\u00e9 un talentueux romancier. Grand amoureux de l'Orient et l'Extr\u00eame-Orient, il nous livre une \u00e9vocation envo\u00fbtante du Japon de l'\u00e8re Meiji \u00e0 travers une jeune femme passionn\u00e9e et d\u00e9sireuse de gagner sa libert\u00e9.","authors":["Eric Le nabour"],"category_codes":["1000000","1010000"],"visuals":{"large":"https:\/\/images.epagine.fr\/421\/9782702143421_1_75.jpg","medium":"https:\/\/images.epagine.fr\/421\/9782702143421_1_m.jpg","thumbnail":"https:\/\/images.epagine.fr\/421\/9782702143421_1_v.jpg"},"orderable":true,"show_badge":true,"formatted_price":"26,00&nbsp;\u20ac","formatted_published_date":"7 novembre 2012","publisher_availability_label":"Sur commande","short_details":"Eric Le nabour \u2014 Calmann-L\u00e9vy","translator":null,"weight":448,"page_count":352,"readership":null,"editor":"Calmann-L\u00e9vy","price":2600,"published_date":"2012-11-06T23:00:00.000000Z","support":"Grand format","publisher_availability":1,"stock":0,"editions":[],"url":"https:\/\/quaidesbrumes.com\/ouvrage\/9782702143421\/la-dame-de-kyoto"},{"id":"9782363390219","title":"L'homme sans bagages","description":null,"authors":["Emmanuelle Pol"],"category_codes":["1000000","1010000"],"visuals":{"large":"https:\/\/images.epagine.fr\/219\/9782363390219_1_75.jpg","medium":"https:\/\/images.epagine.fr\/219\/9782363390219_1_m.jpg","thumbnail":"https:\/\/images.epagine.fr\/219\/9782363390219_1_v.jpg"},"orderable":true,"show_badge":true,"formatted_price":"15,50&nbsp;\u20ac","formatted_published_date":"23 f\u00e9vrier 2013","publisher_availability_label":"Sur commande","short_details":"Emmanuelle Pol \u2014 \u00c9ditions Finitude","translator":null,"weight":220,"page_count":160,"readership":null,"editor":"\u00c9ditions Finitude","price":1550,"published_date":"2013-02-22T23:00:00.000000Z","support":"Grand format","publisher_availability":1,"stock":0,"editions":[],"url":"https:\/\/quaidesbrumes.com\/ouvrage\/9782363390219\/lhomme-sans-bagages"},{"id":"9782849215586","title":"Impertinence et courtoisie","description":"Impertinence et Courtoisie est un m\u00e9lange de courtes fictions dont d\u00e9coule une kyrielle d'\u00e9motions. Un panachage de notes graves ou l\u00e9g\u00e8res, de tonalit\u00e9s douces ou incisives. Chacune des nouvelles qui composent ce recueil d\u00e9voile une ambiance particuli\u00e8re, tant\u00f4t grin\u00e7ante, tant\u00f4t croustillante. Le lecteur sera tour \u00e0 tour intrigu\u00e9 par une rencontre fortuite - qui respecte bien s\u00fbr les bonnes distances ! -, une curieuse \u00ab der de der \u00bb, un pr\u00e9nom trop lourd \u00e0 porter ou encore par l'ex\u00e9cution d'un projet machiav\u00e9lique.\r\nDes \u00e9carts de style, des accroches plurielles, une \u00e9criture rythm\u00e9e et cisel\u00e9e, voici ce que l'on d\u00e9couvre au fil des textes d'Anne-Marie Huckel. Une lecture avec un petit go\u00fbt sucr\u00e9-sal\u00e9...\r","authors":["Anne-marie Huckel"],"category_codes":["1000000","1010000","1010100"],"visuals":{"large":"https:\/\/images.epagine.fr\/586\/9782849215586_1_75.jpg","medium":"https:\/\/images.epagine.fr\/586\/9782849215586_1_m.jpg","thumbnail":"https:\/\/images.epagine.fr\/586\/9782849215586_1_v.jpg"},"orderable":true,"show_badge":true,"formatted_price":"13,00&nbsp;\u20ac","formatted_published_date":"17 mai 2021","publisher_availability_label":"Sur commande","short_details":"Anne-marie Huckel \u2014 Editions Thot","translator":null,"weight":136,"page_count":96,"readership":null,"editor":"Editions Thot","price":1300,"published_date":"2021-05-16T22:00:00.000000Z","support":"Grand format","publisher_availability":1,"stock":0,"editions":[],"url":"https:\/\/quaidesbrumes.com\/ouvrage\/9782849215586\/impertinence-et-courtoisie"},{"id":"9782940563029","title":"La tra\u00een\u00e9e","description":"Gulgune, la jolie fille adoptive d'Osman bey a vingt ans. Elle vit \u00e0 Moda sur la rive asiatique d'Istanbul. Elle a envie de vivre, d'aller au cin\u00e9ma, d'\u00eatre regard\u00e9e, d'\u00eatre aim\u00e9e, de devenir quelqu'un et d'\u00eatre heureuse. D'atteindre enfin \u00e0 l'existence r\u00eav\u00e9e, celle qu'\u00e9talent les magazines de mode, le cin\u00e9ma, la publicit\u00e9. L'Am\u00e9rique ne semble pas si lointaine.\r\n\r\nTout autour d'elle, dans son quartier d'Istanbul o\u00f9 voisinent Turcs, Arm\u00e9niens et juifs, sa beaut\u00e9 provoquante ne passe plus inaper\u00e7ue. Excitant d\u00e9sirs, m\u00e9pris ou jalousie, Gulgune est remise \u00e0 l'ordre par sa \u00ab?famille?\u00bb. Qu'a-t-elle le droit d'esp\u00e9rer?? Qu'a-t-elle le droit de vivre?? N'est-elle vraiment qu'une petite bonniche?? Une tra\u00een\u00e9e??\r","authors":["Zaven Biberian","Herve Georgelin"],"category_codes":["1000000","1010000"],"visuals":{"large":"https:\/\/images.epagine.fr\/029\/9782940563029_1_75.jpg","medium":"https:\/\/images.epagine.fr\/029\/9782940563029_1_m.jpg","thumbnail":"https:\/\/images.epagine.fr\/029\/9782940563029_1_v.jpg"},"orderable":true,"show_badge":true,"formatted_price":"18,00&nbsp;\u20ac","formatted_published_date":"26 novembre 2015","publisher_availability_label":"Sur commande","short_details":"Zaven Biberian, Herve Georgelin \u2014 Metispresses","translator":"HERVE GEORGELIN","weight":395,"page_count":264,"readership":null,"editor":"Metispresses","price":1800,"published_date":"2015-11-25T23:00:00.000000Z","support":"Grand format","publisher_availability":1,"stock":0,"editions":[],"url":"https:\/\/quaidesbrumes.com\/ouvrage\/9782940563029\/la-trainee"},{"id":"9782213671932","title":"La mort est ma servante ; lettre \u00e0 un ami assassin\u00e9 ; Syrie, 2005-2013","description":"Le 2 juin 2005, les services secrets syriens assassin\u00e8rent Samir Kassir, l'intellectuel arabe le plus prometteur de sa g\u00e9n\u00e9ration. J'avais rendez-vous avec lui dans un caf\u00e9 de Beyrouth, mais un contretemps m'avait fait annuler la rencontre. \u00c0 l'ami disparu, qui avait proph\u00e9tis\u00e9 que la d\u00e9mocratie dans le monde arabe ne se ferait pas sans \u00abprintemps \u00e0 Damas\u00bb, j'ai d\u00e9cid\u00e9 de raconter cette r\u00e9volution syrienne qu'il n'a pas pu voir: Homs, le coeur battant de la r\u00e9bellion, assi\u00e9g\u00e9 et bombard\u00e9. Ou la belle Alep, dont les 4500 ans d'histoire sont menac\u00e9s par une folle bataille. Je lui rappelle aussi les ann\u00e9es Bachar, \u00abl'archipel des tortures\u00bb sans \u00e9quivalent dans le monde, l'irr\u00e9sistible mont\u00e9e en puissance des islamistes - et l'embarrassante ambigu\u00eft\u00e9 des relations franco-syriennes. Par respect pour l'\u00e9rudit et pour aller au-del\u00e0 du simple t\u00e9moignage de guerre, j'ai convoqu\u00e9 l'histoire, la litt\u00e9rature et la g\u00e9opolitique, tout en cherchant la consolation de la po\u00e9sie. Et j'ai essay\u00e9 de comprendre comment un pays pouvait sombrer \u00e0 ce point dans l'autodestruction. Avec cette certitude: les horreurs en Syrie refl \u00e8tent le pourrissement du monde. J.-P. P.Journaliste \u00e0 Lib\u00e9ration et romancier, Jean-Pierre Perrin a notamment publi\u00e9 Les Rolling Stones sont \u00e0 Bagdad (Flammarion, 2003), qui relate les derniers mois de Saddam Hussein, et Jours de poussi\u00e8re (La Table ronde, 2002), consacr\u00e9 \u00e0 l'Afghanistan en guerre et couronn\u00e9 par le Grand prix des lectrices de Elle.","authors":["Jean-Pierre Perrin"],"category_codes":["1000000","1010000"],"visuals":{"large":"https:\/\/images.epagine.fr\/932\/9782213671932_1_75.jpg","medium":"https:\/\/images.epagine.fr\/932\/9782213671932_1_m.jpg","thumbnail":"https:\/\/images.epagine.fr\/932\/9782213671932_1_v.jpg"},"orderable":true,"show_badge":true,"formatted_price":"26,00&nbsp;\u20ac","formatted_published_date":"23 octobre 2013","publisher_availability_label":"Sur commande","short_details":"Jean-Pierre Perrin \u2014 Fayard","translator":null,"weight":450,"page_count":336,"readership":null,"editor":"Fayard","price":2600,"published_date":"2013-10-22T22:00:00.000000Z","support":"Grand format","publisher_availability":1,"stock":0,"editions":[],"url":"https:\/\/quaidesbrumes.com\/ouvrage\/9782213671932\/la-mort-est-ma-servante-lettre-a-un-ami-assassine-syrie-2005-2013"},{"id":"9782917645154","title":"Le poignet d'Alain Larrouquis","description":null,"authors":["Laurent Cachard"],"category_codes":["1000000","1010000"],"visuals":{"large":"https:\/\/images.epagine.fr\/154\/9782917645154_1_75.jpg","medium":"https:\/\/images.epagine.fr\/154\/9782917645154_1_m.jpg","thumbnail":"https:\/\/images.epagine.fr\/154\/9782917645154_1_v.jpg"},"orderable":true,"show_badge":true,"formatted_price":"14,00&nbsp;\u20ac","formatted_published_date":"1er octobre 2011","publisher_availability_label":"Sur commande","short_details":"Laurent Cachard \u2014 Raison Et Passions","translator":null,"weight":400,"page_count":175,"readership":null,"editor":"Raison Et Passions","price":1400,"published_date":"2011-09-30T22:00:00.000000Z","support":"Grand format","publisher_availability":1,"stock":0,"editions":[],"url":"https:\/\/quaidesbrumes.com\/ouvrage\/9782917645154\/le-poignet-dalain-larrouquis"},{"id":"9782875051066","title":"Le producteur de bonheur","description":"S'inscrivant dans la grande tradition romanesque du couple ma\u00eetre et valet, ce chef-d'oeuvre de la litt\u00e9rature slovaque met en sc\u00e8ne les descendants par filiation directe de Don Quichotte et Sancho Pan\u00e7a et de Jacques le fataliste et son ma\u00eetre. Voici donc, au pays de la bureaucratie et de l'\u00e9conomie strictement planifi\u00e9e, les fantastiques et burlesques aventures de Frantisek Ojbaba, d\u00e9nomm\u00e9 le producteur de bonheur, entrepreneur d'entreprises aussi extravagantes que peu honn\u00eates, et de son \u00e9l\u00e8ve Lapidus, serveur dans les \u00e9tablissements de troisi\u00e8me cat\u00e9gorie et futur roi de l'\u00eele de Tobago...\r\n\u00ab La libert\u00e9, mon camarade. Un original doit \u00eatre ind\u00e9pendant de tous et libre de tout. Il ne peut pas faire partie du troupeau. Il doit avoir le courage d'\u00eatre diff\u00e9rent. Capisto ? \u00bb \u00ab Si je comprends ? Non. \u00bb \u00ab L'homme n'est pas ce par quoi il ressemble \u00e0 son prochain \u00bb, dit le producteur de bonheur en dressant un index sentencieux. \u00ab L'homme est ce par quoi il se diff\u00e9rencie de son prochain. Telle est la grande le\u00e7on de l'individualisme. \u00bb\r","authors":["Minac Vladimir"],"category_codes":["1000000","1010000"],"visuals":{"large":"https:\/\/images.epagine.fr\/066\/9782875051066_1_75.jpg","medium":"https:\/\/images.epagine.fr\/066\/9782875051066_1_m.jpg","thumbnail":"https:\/\/images.epagine.fr\/066\/9782875051066_1_v.jpg"},"orderable":true,"show_badge":true,"formatted_price":"17,00&nbsp;\u20ac","formatted_published_date":"5 octobre 2012","publisher_availability_label":"Sur commande","short_details":"Minac Vladimir \u2014 Maelstr\u00d6m re\u00c9volution","translator":null,"weight":400,"page_count":null,"readership":null,"editor":"Maelstr\u00d6m re\u00c9volution","price":1700,"published_date":"2012-10-04T22:00:00.000000Z","support":"Grand format","publisher_availability":1,"stock":0,"editions":[],"url":"https:\/\/quaidesbrumes.com\/ouvrage\/9782875051066\/le-producteur-de-bonheur"},{"id":"9782490892051","title":"Les Pleurs du Mal","description":"C'est bien connu : tous nos enfants naissent beaux et ang\u00e9liques. De beaux petits anges qui, bien s\u00fbr, en grandissant, le restent...\r\nMais, parfois, tout cela n'est qu'apparence.\r\nCertains d'entre eux finissent par r\u00e9v\u00e9ler un visage hideux, une \u00e2me profond\u00e9ment monstrueuse et... un esprit criminel.\r\nDans cette nouvelle enqu\u00eate, les gendarmes Garn\u00e9ro et Cavalli vont devoir se confronter \u00e0 une terrible \u00e9vidence : l'innocence peut devenir diabolique !\r\nLes Pleurs du Mal est le troisi\u00e8me opus de la s\u00e9rie des enqu\u00eates du gendarme Anselin Garn\u00e9ro.","authors":["Bruno L'her"],"category_codes":["1000000","1010000"],"visuals":{"large":"https:\/\/images.epagine.fr\/051\/9782490892051_1_75.jpg","medium":"https:\/\/images.epagine.fr\/051\/9782490892051_1_m.jpg","thumbnail":"https:\/\/images.epagine.fr\/051\/9782490892051_1_v.jpg"},"orderable":true,"show_badge":true,"formatted_price":"19,90&nbsp;\u20ac","formatted_published_date":"27 mai 2020","publisher_availability_label":"Sur commande","short_details":"Bruno L'her \u2014 Blh","translator":null,"weight":366,"page_count":347,"readership":null,"editor":"Blh","price":1990,"published_date":"2020-05-26T22:00:00.000000Z","support":"Grand format","publisher_availability":1,"stock":0,"editions":[],"url":"https:\/\/quaidesbrumes.com\/ouvrage\/9782490892051\/les-pleurs-du-mal"},{"id":"9782845051508","title":"Hyperion ou l'ermite de grece","description":"Nouvelle \u00e9dition de la traduction par Joseph Delage (1930), avec le texte original en  regard. Ce roman po\u00e8me \u00e9nigmatique parut en deux tomes, en 1797 et 1799, peu avant que H\u00f6lderlin ne s'enferme dans son malheur, clos par la mort de \u00abDiotima\u00bb, Suzette Gontard. Hyp\u00e9rion narre - \u00e0 travers des lettres \u00e0 un ami ou entre les amants - une errance, une tentative d'\u00e9mancipation dilu\u00e9e dans la barbarie, la d\u00e9liquescence des aspirations et la mort au monde dans la lumi\u00e8re de la Nature.\r","authors":["Holderlin-F"],"category_codes":["1000000","1010000"],"visuals":{"large":"https:\/\/images.epagine.fr\/508\/9782845051508_1_75.jpg","medium":"https:\/\/images.epagine.fr\/508\/9782845051508_1_m.jpg","thumbnail":"https:\/\/images.epagine.fr\/508\/9782845051508_1_v.jpg"},"orderable":true,"show_badge":true,"formatted_price":"23,99&nbsp;\u20ac","formatted_published_date":"13 d\u00e9cembre 2013","publisher_availability_label":"Sur commande","short_details":"Holderlin-F \u2014 Ressouvenances","translator":null,"weight":424,"page_count":null,"readership":null,"editor":"Ressouvenances","price":2399,"published_date":"2013-12-12T23:00:00.000000Z","support":"Grand format","publisher_availability":1,"stock":0,"editions":[],"url":"https:\/\/quaidesbrumes.com\/ouvrage\/9782845051508\/hyperion-ou-lermite-de-grece"},{"id":"9782814595934","title":"Photo de classe\/s","description":"Comme chaque soir, avant de partir, de quitter la classe vide, avais fait un rapide tour de la salle pour m'assurer que tout \u00e9tait en ordre ou du moins que le d\u00e9sordre \u00e9tait raisonnable...\u00a0\u00bb Nous voil\u00e0 immerg\u00e9s dans le quotidien, voix, geste, parole, d'un instituteur d'\u00e9cole primaire, dans un village de l'ouest, sous ciels d'estuaire. Pas la premi\u00e8re fois qu'un r\u00e9cit s'y ancre pour laboratoire de l'imaginaire, des r\u00eaves, magnifique poste d'observation.\r\nEt point crucial de la transmission, des frictions sociales. Et puis il suffit d'une phrase, trouv\u00e9e sur la table d'une des petites \u00e9l\u00e8ves, un coeur d\u00e9coup\u00e9 dans le cahier de textes, \"je t'aime maman passe que tu et la plus belle\" - c'est ici, dans la classe m\u00eame, dans cette heure qui suit le d\u00e9part des \u00e9l\u00e8ves, que l'instituteur re\u00e7oit les parents d'\u00e9l\u00e8ves.\r\nEt c'est le biais ici pour ces portraits au plus sensible de notre pr\u00e9sent, ses contradictions et ses illusions, sa g\u00e9n\u00e9rosit\u00e9 et ses d\u00e9sespoirs. Et chaque micro-chapitre est l'arrachement bref d'une silhouette ainsi sculpt\u00e9e dans son humanit\u00e9 m\u00eame, \"p\u00e8re de...\", \"m\u00e8re de...\", grands-parents parfois, \u00e0 m\u00eame leurs peurs ou leurs d\u00e9rives (avec zeste parfois de physique quantique, croyez-le ou pas).\r\nL'instituteur, dans l'autre versant de sa vie, s'en fait l'\u00e9crivain, le recompose par la fiction qui fait surgir visages et paroles, r\u00e9cit en miroir de nous-m\u00eames - compte l'ouverture au temps. Claude Simon donne ici, en exergue, le d\u00e9fi\u00a0: \"pour l'\u00e9crivain ou le peintre [...] l'\u00e9motion est ins\u00e9parable du mat\u00e9riau qu'ils travaillent (et qui les travaille)\".\r","authors":["Jean-pierre Suaudeau"],"category_codes":["1000000","1010000"],"visuals":{"large":"https:\/\/images.epagine.fr\/934\/9782814595934_1_75.jpg","medium":"https:\/\/images.epagine.fr\/934\/9782814595934_1_m.jpg","thumbnail":"https:\/\/images.epagine.fr\/934\/9782814595934_1_v.jpg"},"orderable":true,"show_badge":true,"formatted_price":"9,50&nbsp;\u20ac","formatted_published_date":"31 juillet 2012","publisher_availability_label":"Sur commande","short_details":"Jean-pierre Suaudeau \u2014 Publie.Net","translator":null,"weight":140,"page_count":108,"readership":null,"editor":"Publie.Net","price":950,"published_date":"2012-07-30T22:00:00.000000Z","support":"Grand format","publisher_availability":1,"stock":0,"editions":[],"url":"https:\/\/quaidesbrumes.com\/ouvrage\/9782814595934\/photo-de-classes"},{"id":"9782953285031","title":"Albert ; le batteur","description":null,"authors":["Serge Flamenbaum"],"category_codes":["1000000","1010000"],"visuals":{"large":"https:\/\/quaidesbrumes.com\/img\/book-placeholder.png","medium":"https:\/\/quaidesbrumes.com\/img\/book-placeholder.png","thumbnail":"https:\/\/quaidesbrumes.com\/img\/book-placeholder.png"},"orderable":true,"show_badge":true,"formatted_price":"10,00&nbsp;\u20ac","formatted_published_date":"25 avril 2012","publisher_availability_label":"Sur commande","short_details":"Serge Flamenbaum \u2014 Sans Sucre Ajoute","translator":null,"weight":250,"page_count":null,"readership":null,"editor":"Sans Sucre Ajoute","price":1000,"published_date":"2012-04-24T22:00:00.000000Z","support":"Grand format","publisher_availability":1,"stock":0,"editions":[],"url":"https:\/\/quaidesbrumes.com\/ouvrage\/9782953285031\/albert-le-batteur"},{"id":"9782330014117","title":"L'homme desoeuvre","description":"Rentier fl\u00e2neur, amoureux maladroit et d\u00e9sabus\u00e9 qui profite \u00e0 sa mani\u00e8re du mouvement et de l'anonymat de la grande ville, le personnage de ce livre est tr\u00e8s \u00e9loign\u00e9 des id\u00e9aux sociaux de la r\u00e9publique k\u00e9maliste : c'est un outsider jouisseur et angoiss\u00e9, p\u00e9tri de r\u00eaves mais aussi de violence, un asocial qui pr\u00e9sente tous les caract\u00e8res de la modernit\u00e9. Un individualiste forcen\u00e9 qui clame son ind\u00e9pendance, son affranchissement des cadres contraignants de la vie turque. Amoureux insaisissable des femmes de passage \u00e0 travers lesquelles il recherche le visage protecteur de celle qui l'a \u00e9lev\u00e9 - sa tante aux jambes sublimes -, il prom\u00e8ne sa qu\u00eate de beaut\u00e9, d\u00e9rive ainsi au fil du temps de l'une \u00e0 l'autre sans jamais croire \u00e0 l'amour mais bien \u00e0 l'attirance furtive d'une silhouette, d'une d\u00e9marche, le temps d'un \u00e9clair d'\u00e9motion partag\u00e9e.\r","authors":["Atilgan Yusuf","Ferda Fidan"],"category_codes":["1000000","1010000"],"visuals":{"large":"https:\/\/images.epagine.fr\/117\/9782330014117_1_75.jpg","medium":"https:\/\/images.epagine.fr\/117\/9782330014117_1_m.jpg","thumbnail":"https:\/\/images.epagine.fr\/117\/9782330014117_1_v.jpg"},"orderable":true,"show_badge":true,"formatted_price":"22,00&nbsp;\u20ac","formatted_published_date":"7 mai 2014","publisher_availability_label":"Sur commande","short_details":"Atilgan Yusuf, Ferda Fidan \u2014 Actes Sud","translator":"FERDA FIDAN","weight":226,"page_count":240,"readership":null,"editor":"Actes Sud","price":2200,"published_date":"2014-05-06T22:00:00.000000Z","support":"Grand format","publisher_availability":1,"stock":0,"editions":[],"url":"https:\/\/quaidesbrumes.com\/ouvrage\/9782330014117\/lhomme-desoeuvre"},{"id":"9782226239969","title":"Lame de fond","description":"Romane Br\u00e9jeance traverse une crise. Entre un mari qu'elle n'aime plus et une fille qu'elle ne parvient plus \u00e0 comprendre, elle s'enlise. Lors d'un voyage professionnel en Tha\u00eflande, elle r\u00e9chappe miraculeusement au tsunami. La possibilit\u00e9 d'\u00eatre une autre se pr\u00e9sente brutalement \u00e0 elle : une vie \u00e0 r\u00e9inventer. De l'Asie \u00e0 l'Australie, au fil d'un p\u00e9riple riche de rencontres, elle tentera de se reconstruire. Mais quel est le sens d'une existence b\u00e2tie sur un leurre ?\r\n\r\nRoman d'une fuite, roman sur le couple et l'effritement du d\u00e9sir, roman sur le renoncement et la difficult\u00e9 \u00e0 conna\u00eetre ceux aupr\u00e8s desquels on vit, C\u00e9cilia Dutter nous invite \u00e0 une travers\u00e9e du miroir, une bouleversante qu\u00eate de soi.Lame de fond a re\u00e7u le Prix Oulmont de Litt\u00e9rature 2012.","authors":["C\u00e9cilia Dutter"],"category_codes":["1000000","1010000"],"visuals":{"large":"https:\/\/images.epagine.fr\/969\/9782226239969_1_75.jpg","medium":"https:\/\/images.epagine.fr\/969\/9782226239969_1_m.jpg","thumbnail":"https:\/\/images.epagine.fr\/969\/9782226239969_1_v.jpg"},"orderable":true,"show_badge":true,"formatted_price":"16,20&nbsp;\u20ac","formatted_published_date":"29 f\u00e9vrier 2012","publisher_availability_label":"Sur commande","short_details":"C\u00e9cilia Dutter \u2014 Albin Michel","translator":null,"weight":272,"page_count":224,"readership":null,"editor":"Albin Michel","price":1620,"published_date":"2012-02-28T23:00:00.000000Z","support":"Grand format","publisher_availability":1,"stock":0,"editions":[],"url":"https:\/\/quaidesbrumes.com\/ouvrage\/9782226239969\/lame-de-fond"},{"id":"9782807100350","title":"Peines d'amour gagn\u00e9es, le manuscrit de Tripoli","description":"Quelque part au sud de la M\u00e9diterran\u00e9e. Alors qu'il se croit \u00e0 l'a\u00e9roport du Caire, un \u00e9tudiant britannique, Peter Wallace, se r\u00e9veille dans un espace confin\u00e9 en compagnie de Muhammar, un p\u00eacheur d'espadon, et de Serguej, ancien des forces sp\u00e9ciales de son pays, tous deux reconvertis en gardiens de cellule par les al\u00e9as de la vie.\r\n\r\nC'est dans cet espace reclus, baignant dans un univers musical oriental, qu'arrive Omar, fonctionnaire consciencieux aux ordres du r\u00e9gime.\r\n\r\nEt une commande.\r\n\r\nOmar informe Peter que celui-ci dispose de quatre jours et quatre nuits pour \u00e9crire une pi\u00e8ce perdue de Shakespeare. Sinon...\r\n\r\nMais comment faire, avec trois bouts de ficelle, un p\u00eacheur d'espadon retors et un v\u00e9t\u00e9ran de la s\u00e9curit\u00e9 plus \u00e0 l'aise dans la langue d'Eltsine que dans celle de Pouchkine ?\r\n\r\nEt puis, \u00e0 convoquer impun\u00e9ment les figures shakespeariennes, on finit pa\u00efen voir d\u00e9barquer...","authors":["Thierry Simon"],"category_codes":["1000000","1010000"],"visuals":{"large":"https:\/\/images.epagine.fr\/350\/9782807100350_1_75.jpg","medium":"https:\/\/images.epagine.fr\/350\/9782807100350_1_m.jpg","thumbnail":"https:\/\/images.epagine.fr\/350\/9782807100350_1_v.jpg"},"orderable":true,"show_badge":true,"formatted_price":"10,00&nbsp;\u20ac","formatted_published_date":"15 mars 2015","publisher_availability_label":"Sur commande","short_details":"Thierry Simon \u2014 Lansman","translator":null,"weight":800,"page_count":58,"readership":null,"editor":"Lansman","price":1000,"published_date":"2015-03-14T23:00:00.000000Z","support":"Grand format","publisher_availability":1,"stock":0,"editions":[],"url":"https:\/\/quaidesbrumes.com\/ouvrage\/9782807100350\/peines-damour-gagnees-le-manuscrit-de-tripoli"},{"id":"9782912528216","title":"Nocturama","description":"Des villes s'\u00e9croulent dans des exp\u00e9riences de mort imminente - Des mercenaires virtuels traversent plusieurs guerres, exhumant au passage l'histoire familiale du r\u00eaveur de la fange des si\u00e8cles - Une descente dans les limbes d'un continent sud-am\u00e9ricain le m\u00e8ne jusqu'\u00e0 la r\u00e9v\u00e9lation d'un soleil fondu dans la bouche - Une fille conduit sous acide dans un paysage de campagne parsem\u00e9 d'industries appel\u00e9es \u00e0 s'\u00e9crouler \u00e0 la suite du mur de Berlin - Un amour de jeunesse refait surface sous les traits du personnage de Caddie dans Le bruit et la fureur de Faulkner - Des flics am\u00e9ricains en carton d\u00e9ferlent toutes sir\u00e8nes hurlantes jusqu'au seuil d'une inqui\u00e9tante maison freudienne - Des images des attentats du 11 septembre d\u00e9filent en boucle sur les eaux s\u00e9n\u00e9galaises du Saloum... \r\n\r\nPassablement \u00e9trangers \u00e0 la psychologie des profondeurs, aux grandes effluves de l'introspection comme aux simples fantasmagories de l'absurde, les \"r\u00e9cits\" qui composent Nocturama esquissent la cosmologie mentale d'un monde en premi\u00e8re personne du singulier dont la physique particuli\u00e8re, et les lois qui en r\u00e9gissent l'ordre sensible, est sourde aux r\u00e8gles de la narration bien comprise (espace homog\u00e8ne et temps des horloges). Si les r\u00eaves appartiennent ainsi \u00e0 des temps pr\u00e9-historiques (pr\u00e9-narratifs), reste qu'ils s'ancrent dans l'in\u00e9luctable biographie du r\u00eaveur - son propre pass\u00e9 - mais aussi l'histoire impersonnelle \u00e0 laquelle il appartient : l'histoire familiale en premier lieu (re\u00e7ue en h\u00e9ritage), et l'Histoire tout court, ce cauchemar dont on essaie de s'\u00e9veiller comme le souligne Stephen Dedalus dans Ulysse. Mixte de mati\u00e8re personnelle et impersonnelle, ce recueil fait signe vers ce qu'on pourrait appeler de nouvelles m\u00e9caniques lyriques.\r","authors":["G. Mar"],"category_codes":["1000000","1010000","1010100"],"visuals":{"large":"https:\/\/images.epagine.fr\/216\/9782912528216_1_75.jpg","medium":"https:\/\/images.epagine.fr\/216\/9782912528216_1_m.jpg","thumbnail":"https:\/\/images.epagine.fr\/216\/9782912528216_1_v.jpg"},"orderable":true,"show_badge":true,"formatted_price":"12,00&nbsp;\u20ac","formatted_published_date":"19 novembre 2014","publisher_availability_label":"Sur commande","short_details":"G. Mar \u2014 Le Grand Os","translator":null,"weight":126,"page_count":96,"readership":null,"editor":"Le Grand Os","price":1200,"published_date":"2014-11-18T23:00:00.000000Z","support":"Grand format","publisher_availability":1,"stock":0,"editions":[],"url":"https:\/\/quaidesbrumes.com\/ouvrage\/9782912528216\/nocturama"},{"id":"9782847617627","title":"La peau sur la table ; autoportrait","description":"\u00c9crivain de l'extr\u00eame, J\u00e9r\u00f4me Bertin nous emm\u00e8ne dans l'\u00e0-vif du pr\u00e9sent. Chacun de ses livres est le reflet d'un conflit : de l'impossibilit\u00e9 de mener \u00e0 bien son m\u00e9tier de vivre parce que trop en but avec la brutalit\u00e9 de ce monde. Il est en cela proche de ce qu'\u00e9crit Jean Genet, lorsque que ce dernier oppose la violence \u00e0 la brutalit\u00e9 : la violence \u00e9tant inh\u00e9rent \u00e0 toute pulsion de vie, tandis que la brutalit\u00e9 est dispens\u00e9e sans compter par ceux qui ont pour but de brider ses pulsions de vie. La peau sur la table, entre r\u00e9cit et pamphlet, est une diatribe crue, puissante et disjonctive contre notre civilisation, avec ses forces ali\u00e9nantes, avillissantes et r\u00e9pressives. Autoportrait est une tentative d'auto mise \u00e0 nue - ne jamais mentir pourrait en \u00eatre la r\u00e8gle du jeu ; l'auteur s'y r\u00e9v\u00e8le sous une lumi\u00e8re froide, il y expose tous ses stigmates - physiques, mentaux. provoqu\u00e9s par un univers soci\u00e9tal sans piti\u00e9 - avec un m\u00e9lange de crudit\u00e9 et de d\u00e9licatesse, qui fait de cette \u00e9criture une d\u00e9livrance du politique par la voie du sensible.\r","authors":["J\u00e9r\u00f4me Bertin"],"category_codes":["1000000","1010000"],"visuals":{"large":"https:\/\/images.epagine.fr\/627\/9782847617627_1_75.jpg","medium":"https:\/\/images.epagine.fr\/627\/9782847617627_1_m.jpg","thumbnail":"https:\/\/images.epagine.fr\/627\/9782847617627_1_v.jpg"},"orderable":true,"show_badge":true,"formatted_price":"11,00&nbsp;\u20ac","formatted_published_date":"12 septembre 2014","publisher_availability_label":"Sur commande","short_details":"J\u00e9r\u00f4me Bertin \u2014 Al Dante","translator":null,"weight":76,"page_count":80,"readership":null,"editor":"Al Dante","price":1100,"published_date":"2014-09-11T22:00:00.000000Z","support":"Grand format","publisher_availability":1,"stock":0,"editions":[],"url":"https:\/\/quaidesbrumes.com\/ouvrage\/9782847617627\/la-peau-sur-la-table-autoportrait"}]}