{"data":[{"id":"9782930538266","title":"La roue du silence","description":"Une promesse \u00e0 tenir, une robe rouge, une attente venue de l'enfance, et  tout \u00e0 coup tout se fait ou se d\u00e9fait pour Emma, Patrick, Laure,  \u00c9tienne et les autres. Pour ces personnages, seuls face \u00e0 un moment cl\u00e9  de leur histoire, il suffirait peut-\u00eatre d\u00b4un mot, attendu ou prononc\u00e9,  pour sortir du silence et que tout arrive, que le r\u00eave se r\u00e9alise, que  la vie bascule... ou ne bascule pas. Tout ou rien... tout puis rien...  rien et peut-\u00eatre tout, enfin... La roue tourne sans bruit,  inlassablement, traversant la vie, passant ici et repassant l\u00e0,  entrainant avec elle r\u00eaves, souvenirs et espoirs, vibrants sous le  silence.","authors":["Dominique Vautier"],"category_codes":["1000000","1010000"],"visuals":{"large":"https:\/\/images.epagine.fr\/266\/9782930538266_1_75.jpg","medium":"https:\/\/images.epagine.fr\/266\/9782930538266_1_m.jpg","thumbnail":"https:\/\/images.epagine.fr\/266\/9782930538266_1_v.jpg"},"orderable":true,"show_badge":true,"formatted_price":"15,00&nbsp;\u20ac","formatted_published_date":"18 septembre 2012","publisher_availability_label":"Sur commande","short_details":"Dominique Vautier \u2014 Quadrature","translator":null,"weight":170,"page_count":null,"readership":null,"editor":"Quadrature","price":1500,"published_date":"2012-09-17T22:00:00.000000Z","support":"Grand format","publisher_availability":1,"stock":0,"editions":[],"url":"https:\/\/quaidesbrumes.com\/ouvrage\/9782930538266\/la-roue-du-silence"},{"id":"9782352080374","title":"Coco la bite","description":"Oui, c'est vrai, ce titre, Coco la bite, a un aspect provocateur. Cette provocation est, vous pourrez le constater, pr\u00e9sente tout le long de ce livre atypique.\r\nEt si ce cot\u00e9 provocateur n'\u00e9tait, en r\u00e9alit\u00e9, qu'un \u00e9cran de fum\u00e9e qui permettrait de lire au second degr\u00e9 la douleur d'une enfance maltrait\u00e9e.\r\nIl faut tout le talent, la tendresse et, disons le, l'amour de l'auteur pour vous faire rire \u00e0 longueur de pages des tourments de Coco la bite, n\u00e9 un trente f\u00e9vrier, avorton, bigleux, avec un pied-bot et une grosse bite.\r\nCet ind\u00e9sirable marmot, issu ??? de la famille Tuyau ! n'est qu'un souffre-douleur mais, au lieu de vous les agiter sous le nez ses douleurs, il en parle comme anecdotiquement, les entortille dans ses loques et ne vous fait partager que ses r\u00eaves et ses (rares) petits bonheurs. L'image surprenante d'un titi parisien et de son univers-cloaque.\r\nUne lecture qui vous laisse en \u00e9quilibre instable entre le rire et l'inconfort d'en rire mais comment ne pas adh\u00e9rer \u00e0 l'\u00e9criture si particuli\u00e8re de G\u00e9rard Delbet et \u00e0 ses trouvailles langagi\u00e8res.\r\nJe ne sais pas ce qu'il en sera pour toi, lecteur, mais pour moi chez qui l'\u00e9motion a d\u00e9pass\u00e9 l'amusement, Coco la bite a trouv\u00e9 une place d\u00e9finitive dans un petit neurone de ma m\u00e9moire et je me demanderai toujours ce qu'il est devenu et s'il est enfin arriv\u00e9 au bout de sa qu\u00eate:\r\n\u00ab J'avais l'impression que j'allais passer ma vie \u00e0 r\u00e9clamer de l'amour.\u00bb","authors":["G\u00e9rard Delbet"],"category_codes":["1000000","1010000"],"visuals":{"large":"https:\/\/images.epagine.fr\/374\/9782352080374_1_75.jpg","medium":"https:\/\/images.epagine.fr\/374\/9782352080374_1_m.jpg","thumbnail":"https:\/\/images.epagine.fr\/374\/9782352080374_1_v.jpg"},"orderable":true,"show_badge":true,"formatted_price":"15,00&nbsp;\u20ac","formatted_published_date":"16 ao\u00fbt 2010","publisher_availability_label":"Sur commande","short_details":"G\u00e9rard Delbet \u2014 Bord Du Lot","translator":null,"weight":250,"page_count":194,"readership":null,"editor":"Bord Du Lot","price":1500,"published_date":"2010-08-15T22:00:00.000000Z","support":"Grand format","publisher_availability":1,"stock":0,"editions":[],"url":"https:\/\/quaidesbrumes.com\/ouvrage\/9782352080374\/coco-la-bite"},{"id":"9782246763611","title":"Le faux ami","description":"Avril 1910. La com\u00e8te de Halley menace le monde d'une destruction imminente. Alors que Boris Barsch, auteur de livres \u00e0 succ\u00e8s, met la derni\u00e8re main \u00e0 son roman, Hermann Freytag, correcteur \u00e0 la retraite, est contact\u00e9 par son ancienne maison d'\u00e9dition. Car c'est lui, Freytag, qui a su donner, pendant toutes ces ann\u00e9es, souffle et mati\u00e8re \u00e0 la prose du c\u00e9l\u00e8bre \u00e9crivain.C'est alors qu'appara\u00eet le myst\u00e9rieux Signori. Familier des cercles les plus secrets du Vatican, il en sait long sur le manuscrit, susceptible de produire l'effet d'une bombe, et confie \u00e0 Freytag une mission pour le moins d\u00e9licate qui l'entra\u00eene dans un imbroglio litt\u00e9raire, politique et religieux d'une ampleur insoup\u00e7onnable.Le faux ami se d\u00e9roule en grande partie \u00e0 Vienne, du temps o\u00f9 elle \u00e9tait la capitale culturelle et intellectuelle de l'Europe. Un roman foisonnant et jubilatoire qui \u00e9claire une p\u00e9riode sombre de l'histoire du Vatican.","authors":["Henrik b. Nilsson","Philippe Bouquet"],"category_codes":["1000000","1010000"],"visuals":{"large":"https:\/\/images.epagine.fr\/611\/9782246763611_1_75.jpg","medium":"https:\/\/images.epagine.fr\/611\/9782246763611_1_m.jpg","thumbnail":"https:\/\/images.epagine.fr\/611\/9782246763611_1_v.jpg"},"orderable":true,"show_badge":true,"formatted_price":"31,90&nbsp;\u20ac","formatted_published_date":"8 septembre 2010","publisher_availability_label":"Sur commande","short_details":"Henrik b. Nilsson, Philippe Bouquet \u2014 \u00c9ditions Grasset","translator":"PHILIPPE BOUQUET","weight":660,"page_count":567,"readership":null,"editor":"\u00c9ditions Grasset","price":3190,"published_date":"2010-09-07T22:00:00.000000Z","support":"Grand format","publisher_availability":1,"stock":0,"editions":[],"url":"https:\/\/quaidesbrumes.com\/ouvrage\/9782246763611\/le-faux-ami"},{"id":"9782916423081","title":"Le but ultime","description":"Jusqu'o\u00f9 notre r\u00eave peut-il nous emmener ?\r\nCelui de Kamel va le porter de ses jeux d'enfant aux terrains de football professionnels, des albums de vignettes Panini aux r\u00e9alit\u00e9s commerciales des adultes.\r\nIl croisera sur sa route Mathilde, une belle \u00e2me, une belle \u00e9toile qui lui montrera le sentier le moins fr\u00e9quent\u00e9, celui des stars que l'on n'oublie jamais.\r\nMais ses r\u00eaves de gloire lui \u00e9chappent et l'entra\u00eenent sur la pente glissante du luxe et des paillettes. Il conna\u00eet alors la solitude et le d\u00e9sespoir.\r\nCette qu\u00eate lui fera prendre conscience de sa propre existence, comme le plus beau chemin initiatique.\r\nLa vie n'est qu'une succession de buts mais quel est le but ultime de toute vie ?\r\nCelui-ci, alors, se d\u00e9voilera : le but ultime avait toujours \u00e9t\u00e9 l\u00e0.\r\nCet ouvrage, c'est s\u00fbr, est \u00e0 mettre entre toutes les mains de qui r\u00eave encore.","authors":["Gilles Bojan"],"category_codes":["1000000","1010000"],"visuals":{"large":"https:\/\/images.epagine.fr\/081\/9782916423081_1_75.jpg","medium":"https:\/\/images.epagine.fr\/081\/9782916423081_1_m.jpg","thumbnail":"https:\/\/images.epagine.fr\/081\/9782916423081_1_v.jpg"},"orderable":true,"show_badge":true,"formatted_price":"20,00&nbsp;\u20ac","formatted_published_date":"10 mars 2010","publisher_availability_label":"Sur commande","short_details":"Gilles Bojan \u2014 L'Homme Vrai","translator":null,"weight":220,"page_count":null,"readership":null,"editor":"L'Homme Vrai","price":2000,"published_date":"2010-03-09T23:00:00.000000Z","support":"Grand format","publisher_availability":1,"stock":0,"editions":[],"url":"https:\/\/quaidesbrumes.com\/ouvrage\/9782916423081\/le-but-ultime"},{"id":"9782874891823","title":"Kivu, du paradis \u00e0 l'enfer","description":"Sous les yeux de Zwig se dessine un serpentin de couleur \u00e0 moiti\u00e9 enfoui sous la terre. Il se penche et ramasse un de ces minuscules bracelets en fils de coton tress\u00e9s qu\u00b4adorent porter les petites filles de sa classe. Du sang coagul\u00e9 le raidit. Son visage se crispe. Les enfants non plus n\u00b4ont pas \u00e9t\u00e9 \u00e9pargn\u00e9s ? Il se redresse, humant le danger ; un tremblement lui parcourt le dos ; il le r\u00e9prime au moment o\u00f9 de sombres pens\u00e9es affleurent... Comment un combat entre pasteurs et agriculteurs peut-il entra\u00eener la mort d\u00b4enfants ? Serr\u00e9, haletant, ce livre se lit d\u00b4une traite, bien plus vite qu\u00b4un rapport d\u00b4Human Rights Watch, et il se r\u00e9v\u00e8le bien plus efficace. Car il contient toute la trag\u00e9die des Grands Lacs, exprim\u00e9e \u00e0 travers la trajectoire de deux \u00eatres que le lecteur a bien du mal \u00e0 quitter.","authors":["Alain Huart"],"category_codes":["1000000","1010000"],"visuals":{"large":"https:\/\/images.epagine.fr\/823\/9782874891823_1_75.jpg","medium":"https:\/\/images.epagine.fr\/823\/9782874891823_1_m.jpg","thumbnail":"https:\/\/images.epagine.fr\/823\/9782874891823_1_v.jpg"},"orderable":true,"show_badge":true,"formatted_price":"21,50&nbsp;\u20ac","formatted_published_date":"30 octobre 2013","publisher_availability_label":"Sur commande","short_details":"Alain Huart \u2014 Weyrich","translator":null,"weight":500,"page_count":550,"readership":null,"editor":"Weyrich","price":2150,"published_date":"2013-10-29T23:00:00.000000Z","support":"Grand format","publisher_availability":1,"stock":0,"editions":[],"url":"https:\/\/quaidesbrumes.com\/ouvrage\/9782874891823\/kivu-du-paradis-a-lenfer"},{"id":"9782954723402","title":"Le chat du typographe et autres histoires v\u00e9nitiennes","description":"Personnages et d\u00e9cors de Venise racontent comment on y trouve \u00e9motion et sagesse, et les choses en plus de la vie des hommes.","authors":["Bernard Cun\u00e9o"],"category_codes":["1000000","1010000"],"visuals":{"large":"https:\/\/images.epagine.fr\/402\/9782954723402_1_75.jpg","medium":"https:\/\/images.epagine.fr\/402\/9782954723402_1_m.jpg","thumbnail":"https:\/\/images.epagine.fr\/402\/9782954723402_1_v.jpg"},"orderable":true,"show_badge":true,"formatted_price":"12,00&nbsp;\u20ac","formatted_published_date":"23 janvier 2014","publisher_availability_label":"Sur commande","short_details":"Bernard Cun\u00e9o \u2014 Editions Du Crabe","translator":null,"weight":126,"page_count":112,"readership":null,"editor":"Editions Du Crabe","price":1200,"published_date":"2014-01-22T23:00:00.000000Z","support":"Grand format","publisher_availability":1,"stock":0,"editions":[],"url":"https:\/\/quaidesbrumes.com\/ouvrage\/9782954723402\/le-chat-du-typographe-et-autres-histoires-venitiennes"},{"id":"9782919056507","title":"Tsunami sur la C\u00f4te d'Azur","description":"Cela arrivera fatalement. Mais quand ? Aucun paradis n'est \u00e0 l'abri des tsunamis. La C\u00f4te d'Azur est l'une des r\u00e9gions du monde les plus connues pour son climat, sa beaut\u00e9 et son attractivit\u00e9. Les fortunes s'y pressent, les \u00e9v\u00e9nements s'y bousculent. Le Grand prix de Formule 1 de Monaco et le Festival du film de Cannes sont des incontournables internationaux o\u00f9 il faut voir et \u00eatre vus. Et pourtant ce paradis climatique people et m\u00e9diatique est sur une ligne de fracture sismique. \r\nUn tremblement de terre majeur y aura lieu un jour suivi, si l'\u00e9picentre est en mer, par un tsunami ravageur et meurtrier en raison de la b\u00e9tonisation de la C\u00f4te et de sa concentration de population. Peut \u00eatre dans mille ans, dans cent ans. Et si c'\u00e9tait demain ? Et si c'\u00e9tait en mai pendant justement le Festival du cin\u00e9ma et le Grand prix, que se passerait-il ? C'est la question \u00e0 laquelle r\u00e9pond ce roman d'anticipation - et non de science fiction - \u00e0 partir de donn\u00e9es v\u00e9rifi\u00e9es et de pr\u00e9c\u00e9dents.","authors":["Pierre-yves Reichenecker","Patrice Zehr"],"category_codes":["1000000","1010000"],"visuals":{"large":"https:\/\/images.epagine.fr\/507\/9782919056507_1_75.jpg","medium":"https:\/\/images.epagine.fr\/507\/9782919056507_1_m.jpg","thumbnail":"https:\/\/images.epagine.fr\/507\/9782919056507_1_v.jpg"},"orderable":true,"show_badge":true,"formatted_price":"14,00&nbsp;\u20ac","formatted_published_date":"13 avril 2016","publisher_availability_label":"Sur commande","short_details":"Pierre-yves Reichenecker, Patrice Zehr \u2014 Memoires Millenaires","translator":null,"weight":225,"page_count":null,"readership":null,"editor":"Memoires Millenaires","price":1400,"published_date":"2016-04-12T22:00:00.000000Z","support":"Grand format","publisher_availability":1,"stock":0,"editions":[],"url":"https:\/\/quaidesbrumes.com\/ouvrage\/9782919056507\/tsunami-sur-la-cote-dazur"},{"id":"9782916136592","title":"Ils marchent le regard fier","description":"Et si la col\u00e8re venait non pas des jeunes, mais des vieux ? Et si les vieux d\u00e9cidaient un beau jour d'en finir avec un monde qui les marginalise et attend qu'ils s'\u00e9teignent en ruminant le pass\u00e9 devant leur poste de t\u00e9l\u00e9vision ? Et si les vieux se levaient et entreprenaient tout \u00e0 coup de chambarder l'ordre du monde ? Marie et Donatien, lui qu'on appelle le D\u00e9bris, sont de ces vieux qui vont mener la charge. Deux amants sages, las, pacifiques, n'\u00e9prouvant rien de l'antique peur de mourir mais bien d\u00e9sireux de partir la t\u00eate haute et de laisser derri\u00e8re eux un monde pas trop ingrat. Julien, leur fils, a choisi son camp, celui d'une jeunesse en rupture d'histoire, pour entonner la rengaine de l'avenir. Entre eux, le foss\u00e9 de la r\u00e9volte. Le narrateur, ami d'enfance de Donatien, raconte, avec ses mots arrach\u00e9s \u00e0 la terre, les minutes de cette improbable insurrection, de cette force tranquille que Donatien aura tent\u00e9 de ragaillardir jusqu'\u00e0 l'impensable et jusqu'au drame.","authors":["Marc Villemain"],"category_codes":["1000000","1010000"],"visuals":{"large":"https:\/\/images.epagine.fr\/592\/9782916136592_1_75.jpg","medium":"https:\/\/images.epagine.fr\/592\/9782916136592_1_m.jpg","thumbnail":"https:\/\/images.epagine.fr\/592\/9782916136592_1_v.jpg"},"orderable":true,"show_badge":true,"formatted_price":"13,00&nbsp;\u20ac","formatted_published_date":"20 mars 2013","publisher_availability_label":"Sur commande","short_details":"Marc Villemain \u2014 \u00c9ditions du Sonneur","translator":null,"weight":108,"page_count":96,"readership":null,"editor":"\u00c9ditions du Sonneur","price":1300,"published_date":"2013-03-19T23:00:00.000000Z","support":"Grand format","publisher_availability":1,"stock":0,"editions":[],"url":"https:\/\/quaidesbrumes.com\/ouvrage\/9782916136592\/ils-marchent-le-regard-fier"},{"id":"9782874891748","title":"Un jardin dans les rocheuses","description":"Amanda nous emm\u00e8ne sur un chemin forestier.\r\n\u00ab Nous sommes \u00e0 la hauteur du cottage de vos grands-parents. Il n'en reste rien. Les sapins ont pouss\u00e9, bouchant la vue sur la vall\u00e9e. Le jardin de Marthe n'est plus qu'une jungle. Mais, tous les printemps, des fleurs plus d\u00e9licates et de couleurs vives r\u00e9apparaissent parmi les broussailles. Regardez... \u00bb.Ma soeur Anne enjambe les herbes folles. Elle cueille - mieux : elle recueille - quelques fleurs bleues. \u00ab Ce sont des delphiniums \u00bb, nous dit-elle, avec un sourire ravi. Elle ajoute : \u00ab Le delphinium est une plante vivace, aux racines dormantes... Crois-tu que ?... \u00bb Anne a-t-elle entre les mains des fleurs plant\u00e9es par sa grand-m\u00e8re il y a pr\u00e8s de cent ans ?","authors":["Bernard Gheur"],"category_codes":["1000000","1010000"],"visuals":{"large":"https:\/\/images.epagine.fr\/748\/9782874891748_1_75.jpg","medium":"https:\/\/images.epagine.fr\/748\/9782874891748_1_m.jpg","thumbnail":"https:\/\/images.epagine.fr\/748\/9782874891748_1_v.jpg"},"orderable":true,"show_badge":true,"formatted_price":"15,00&nbsp;\u20ac","formatted_published_date":"1er f\u00e9vrier 2013","publisher_availability_label":"Sur commande","short_details":"Bernard Gheur \u2014 Weyrich","translator":null,"weight":303,"page_count":240,"readership":null,"editor":"Weyrich","price":1500,"published_date":"2013-01-31T23:00:00.000000Z","support":"Grand format","publisher_availability":1,"stock":0,"editions":[],"url":"https:\/\/quaidesbrumes.com\/ouvrage\/9782874891748\/un-jardin-dans-les-rocheuses"},{"id":"9782352701552","title":"Monsieur K. liber\u00e9","description":"Accus\u00e9 sous d'obscurs pr\u00e9textes pour une obscure affaire, Kosef J. est enferm\u00e9 depuis des ann\u00e9es et des ann\u00e9es dans un p\u00e9nitencier souterrain aux myst\u00e9rieuses ramifications. Il se r\u00e9v\u00e8le \u00eatre un prisonnier patient, disciplin\u00e9 et consciencieux, Or, un matin, on annonce sa lib\u00e9ration \u00e0 Kosef J. Lib\u00e9ration qu'il ne d\u00e9sire pas. Lib\u00e9r\u00e9 sans explication, en attendant une r\u00e9union (report\u00e9e sine die) avec le directeur, Monsieur K. d\u00e9couvre avec stupeur le monde ext\u00e9rieur.\r\nMonsieur K. lib\u00e9r\u00e9 est, en premier lieu, un hommage \u00e0 Kafka. Ce livre est cependant aussi li\u00e9 \u00e0 un moment pr\u00e9cis de la vie de l'auteur : sa sortie de Roumanie en 1987 et son arriv\u00e9e \u00e0 Paris; l'angoisse saisissante de la libert\u00e9. \u00ab En arrivant \u00e0 Paris, d\u00e9clare Mat\u00e9i Visniec, j'ai ressenti un choc, le choc de la libert\u00e9. J'\u00e9tais comme quelqu'un qui sortirait de prison et ne saurait pas quoi faire de sa libert\u00e9. Je me sentais tout \u00e0 coup comme le personnage de Kafka, Monsieur K, mais vivant un traumatisme dans le sens inverse, c'est-\u00e0-dire, non pas le choc de l'arrestation, mais celui de la lib\u00e9ration. \u00bb Plong\u00e9e dans l'univers kafka\u00efen, mais \u00e0 rebours, ce roman philosophique \u00e0 l'humour grin\u00e7ant, nous questionne sur la nature humaine et son ind\u00e9fectible attrait pour la servitude volontaire malgr\u00e9 les souffrances qu'elle engendre.\r\nPubli\u00e9 en 2010 en Roumanie (\u00e9ditions Cartea Romaneasca), Monsieur K. lib\u00e9r\u00e9 fut nomin\u00e9 pour le Prix national de prose du Journal de Ia\u00dei. Apr\u00e8s Syndrome de panique dans la Ville lumi\u00e8re (2012), les \u00e9ditions Non Lieu poursuivent \u00ab l'aventure Visniec \u00bb et publient son roman le plus abouti : Monsieur K. lib\u00e9r\u00e9.","authors":["Mat\u00e9i Visniec","Faustine Vega"],"category_codes":["1000000","1010000"],"visuals":{"large":"https:\/\/images.epagine.fr\/552\/9782352701552_1_75.jpg","medium":"https:\/\/images.epagine.fr\/552\/9782352701552_1_m.jpg","thumbnail":"https:\/\/images.epagine.fr\/552\/9782352701552_1_v.jpg"},"orderable":true,"show_badge":true,"formatted_price":"16,00&nbsp;\u20ac","formatted_published_date":"13 mars 2013","publisher_availability_label":"Sur commande","short_details":"Mat\u00e9i Visniec, Faustine Vega \u2014 Non Lieu","translator":"FAUSTINE VEGA","weight":338,"page_count":288,"readership":null,"editor":"Non Lieu","price":1600,"published_date":"2013-03-12T23:00:00.000000Z","support":"Grand format","publisher_availability":1,"stock":0,"editions":[],"url":"https:\/\/quaidesbrumes.com\/ouvrage\/9782352701552\/monsieur-k-libere"},{"id":"9782911137303","title":"La balan\u00e7oire","description":"\u00c9lise et Cl\u00e9mence tiennent chacune un journal intime sans se conna\u00eetre. Le d\u00e9c\u00e8s du p\u00e8re d'\u00c9lise va faire basculer leur vie. Le regard des deux jeunes femmes sur des \u00e9v\u00e9nements partag\u00e9s nous dresse un portrait cisel\u00e9 de personnages f\u00e9minins. Au-del\u00e0 des th\u00e8mes de La Balan\u00e7oire et des secrets de famille et \u00e0 travers les six mois que dure l'histoire de ces deux demi-soeurs, l'auteur s'interroge sur l'\u00e9criture et la lecture : les livres, les citations sont comme des modes d'emploi de ce qu'\u00c9lise doit \u00e9prouver ; pour Cl\u00e9mence, en revanche, nourrie de la ville et des gens, les mots qu'elle d\u00e9couvre par sa soeur la m\u00e8nent progressivement \u00e0 un destin qu'elle assume, une famille qu'elle se choisit. Un questionnement aussi sur les origines, la fraternit\u00e9 et la r\u00e9v\u00e9lation de soi lorsque les parents disparaissent.","authors":["Laurence Creton"],"category_codes":["1000000","1010000"],"visuals":{"large":"https:\/\/images.epagine.fr\/303\/9782911137303_1_75.jpg","medium":"https:\/\/images.epagine.fr\/303\/9782911137303_1_m.jpg","thumbnail":"https:\/\/images.epagine.fr\/303\/9782911137303_1_v.jpg"},"orderable":true,"show_badge":true,"formatted_price":"21,00&nbsp;\u20ac","formatted_published_date":"2 janvier 2013","publisher_availability_label":"Sur commande","short_details":"Laurence Creton \u2014 Elan Sud","translator":null,"weight":345,"page_count":320,"readership":null,"editor":"Elan Sud","price":2100,"published_date":"2013-01-01T23:00:00.000000Z","support":"Grand format","publisher_availability":1,"stock":0,"editions":[],"url":"https:\/\/quaidesbrumes.com\/ouvrage\/9782911137303\/la-balancoire"},{"id":"9782246760412","title":"L'hypoth\u00e8se des sentiments","description":"Pendant quelques mois, ils v\u00e9curent chacun des moments que la vie r\u00e9serve aux amants intelligents.Ils go\u00fbt\u00e8rent avec \u00e9tonnement au privil\u00e8ge d'apesanteur qui accompagne les embrasements r\u00e9ussis.Et leur liaison fut d'envergure si variable qu'ils purent croire, les jours fastes, qu'elle avait la densit\u00e9 d'une passion...J.-P. E.","authors":["Jean-Paul Enthoven"],"category_codes":["1000000","1010000"],"visuals":{"large":"https:\/\/images.epagine.fr\/412\/9782246760412_1_75.jpg","medium":"https:\/\/images.epagine.fr\/412\/9782246760412_1_m.jpg","thumbnail":"https:\/\/images.epagine.fr\/412\/9782246760412_1_v.jpg"},"orderable":true,"show_badge":true,"formatted_price":"22,00&nbsp;\u20ac","formatted_published_date":"11 janvier 2012","publisher_availability_label":"Sur commande","short_details":"Jean-Paul Enthoven \u2014 \u00c9ditions Grasset","translator":null,"weight":468,"page_count":400,"readership":null,"editor":"\u00c9ditions Grasset","price":2200,"published_date":"2012-01-10T23:00:00.000000Z","support":"Grand format","publisher_availability":1,"stock":0,"editions":[],"url":"https:\/\/quaidesbrumes.com\/ouvrage\/9782246760412\/lhypothese-des-sentiments"},{"id":"9782919625352","title":"Ainsi vont les etangs, ainsi va le canal - jacques et joseph","description":null,"authors":["Figon\/Louveau"],"category_codes":["1000000","1010000"],"visuals":{"large":"https:\/\/images.epagine.fr\/352\/9782919625352_1_75.jpg","medium":"https:\/\/images.epagine.fr\/352\/9782919625352_1_m.jpg","thumbnail":"https:\/\/images.epagine.fr\/352\/9782919625352_1_v.jpg"},"orderable":true,"show_badge":true,"formatted_price":"15,50&nbsp;\u20ac","formatted_published_date":"26 juin 2014","publisher_availability_label":"Sur commande","short_details":"Figon\/Louveau \u2014 Editions Du Cabardes","translator":null,"weight":250,"page_count":null,"readership":null,"editor":"Editions Du Cabardes","price":1550,"published_date":"2014-06-25T22:00:00.000000Z","support":"Grand format","publisher_availability":1,"stock":0,"editions":[],"url":"https:\/\/quaidesbrumes.com\/ouvrage\/9782919625352\/ainsi-vont-les-etangs-ainsi-va-le-canal-jacques-et-joseph"},{"id":"9791097210014","title":"De l'autre c\u00f4t\u00e9 de l'autre c\u00f4t\u00e9","description":"L'autre c\u00f4t\u00e9 de l'autre c\u00f4t\u00e9, est-ce bien par ici ? O\u00f9 faut-il le chercher, tout pr\u00e8s ou ailleurs ? Voici la question profonde, l'interrogation m\u00e9taphysique que se posent et que nous posent les quatre protagonistes, ces presque fr\u00e8res qui un jour, au beau milieu des dictatures particuli\u00e8rement sanglantes et absurdes des ann\u00e9es soixante-dix, quittent Buenos Aires pour Paris via Montevideo avec de faux papiers. Le nom inscrit sur leurs passeports, Longo, semble en dire long sur la signification de leur recherche o\u00f9 le loufoque se m\u00eale au d\u00e9sespoir. Ce roman \u00e0 clef n'est pas sans nous \u00e9voquer Ad\u00e1n Buenosayres de Leopoldo Marechal, o\u00f9 un groupe d'artistes parcourent les quartiers de leur ville \u00e0 la poursuite de leur essence ultime, tout en philosophant avec de grands discours d\u00e9lirants, somptueux et ironiques, tout comme nos quatre Argentins \u00e9gar\u00e9s dans leur exil parisien.","authors":["Pablo Nemirovsky"],"category_codes":["1000000","1010000"],"visuals":{"large":"https:\/\/images.epagine.fr\/014\/9791097210014_1_75.jpg","medium":"https:\/\/images.epagine.fr\/014\/9791097210014_1_m.jpg","thumbnail":"https:\/\/images.epagine.fr\/014\/9791097210014_1_v.jpg"},"orderable":true,"show_badge":true,"formatted_price":"15,00&nbsp;\u20ac","formatted_published_date":"25 mars 2021","publisher_availability_label":"Sur commande","short_details":"Pablo Nemirovsky \u2014 Heliotropismes","translator":null,"weight":401,"page_count":170,"readership":null,"editor":"Heliotropismes","price":1500,"published_date":"2021-03-24T23:00:00.000000Z","support":"Grand format","publisher_availability":1,"stock":0,"editions":[],"url":"https:\/\/quaidesbrumes.com\/ouvrage\/9791097210014\/de-lautre-cote-de-lautre-cote"},{"id":"9782930538242","title":"La f\u00e9e Amph\u00e8te","description":"Ces onze nouvelles ont \u00e9t\u00e9 \u00e9crites entre 2006 et 2011, ce qui en dit long sur la propension de l'auteur \u00e0 se laisser distraire par le moindre pigeon. On y rencontre des pi\u00e8ces d'\u00e9chec qui s'engueulent, un type qui cherche la sortie sur la piste des auto-tamponneuses, un autre, au contraire, qui ne veut plus quitter l'autoroute, un psychopathe performant, de la guitare au coin du feu, une f\u00e9e accroupie au milieu d'une for\u00eat de jambes... Nombreux sont les textes qui pr\u00eatent \u00e0 sourire, mais le recueil ne sera pas rembours\u00e9 en cas de suicide au gaz. Certaines nouvelles peuvent contenir des r\u00e9sidus de cynisme et des traces de noisette, en quantit\u00e9s infimes.","authors":["Arnaud Modat"],"category_codes":["1000000","1010000"],"visuals":{"large":"https:\/\/images.epagine.fr\/242\/9782930538242_1_75.jpg","medium":"https:\/\/images.epagine.fr\/242\/9782930538242_1_m.jpg","thumbnail":"https:\/\/images.epagine.fr\/242\/9782930538242_1_v.jpg"},"orderable":true,"show_badge":true,"formatted_price":"15,00&nbsp;\u20ac","formatted_published_date":"30 avril 2011","publisher_availability_label":"Sur commande","short_details":"Arnaud Modat \u2014 Quadrature","translator":null,"weight":400,"page_count":120,"readership":null,"editor":"Quadrature","price":1500,"published_date":"2011-04-29T22:00:00.000000Z","support":"Grand format","publisher_availability":1,"stock":0,"editions":[],"url":"https:\/\/quaidesbrumes.com\/ouvrage\/9782930538242\/la-fee-amphete"},{"id":"9782813806161","title":"Requiem pour une ombre","description":"\u00ab Rosario frissonna. Tout cela ne lui disait rien qui vaille. L'inqui\u00e9tude, la crainte se lisaient sur ses traits crisp\u00e9s. Un canot \u00e0 moteur aborda la crique. Deux carabiniers, le fusil accroch\u00e9 \u00e0 l'\u00e9paule, saut\u00e8rent \u00e0 terre. Une jeune fille, qu'ils traitaient avec beaucoup d'\u00e9gards, les accompagnait. Malgr\u00e9 ses pr\u00e9cautions lorsqu'elle prit pied sur la plage, les volants de sa longue jupe blanche se charg\u00e8rent d'eau de mer. Le groupe remonta la gr\u00e8ve d\u00e9serte \u00e0 vive allure pour s'engouffrer dans la cour de la villa San Ramon. Tout se passa tr\u00e8s vite. Deux gros sacs de toile furent pos\u00e9s pr\u00e8s de la vieille chaise qui, tel un cerb\u00e8re, gardait la porte. L'\u00e9change fut bref, chacun sachant d\u00e9j\u00e0 ce qu'il devait savoir. Les paroles, en de telles circonstances, se mesurent, par crainte de para\u00eetre indiscret. Les carabiniers salu\u00e8rent en claquant des talons et repartirent au pas de course. La porte clout\u00e9e de la villa se referma. \u00bb Quel myst\u00e8re entoure cette toute jeune femme d\u00e9barqu\u00e9e sur la C\u00f4te vermeille dans le plus grand secret?? Jusqu'o\u00f9 le vent de l'Histoire conduira-t-il la destin\u00e9e d'une enfant?? La haine et la folie des hommes poursuivront-elles leur dessein d'un continent \u00e0 l'autre, d'une g\u00e9n\u00e9ration \u00e0 l'autre?? Laurence Catinot-Crost, historienne, ethnologue et romanci\u00e8re, a publi\u00e9 de nombreux ouvrages. Avec Requiem pour une ombre, c'est une nouvelle histoire, tout en sensibilit\u00e9, myst\u00e8re et d\u00e9licatesse, qu'elle ajoute \u00e0 son oeuvre.","authors":["Laurence Catinot-Cro"],"category_codes":["1000000","1010000"],"visuals":{"large":"https:\/\/images.epagine.fr\/161\/9782813806161_1_75.jpg","medium":"https:\/\/images.epagine.fr\/161\/9782813806161_1_m.jpg","thumbnail":"https:\/\/images.epagine.fr\/161\/9782813806161_1_v.jpg"},"orderable":true,"show_badge":true,"formatted_price":"11,00&nbsp;\u20ac","formatted_published_date":"18 f\u00e9vrier 2013","publisher_availability_label":"Sur commande","short_details":"Laurence Catinot-Cro \u2014 EDITIONS SUTTON","translator":null,"weight":300,"page_count":96,"readership":null,"editor":"EDITIONS SUTTON","price":1100,"published_date":"2013-02-17T23:00:00.000000Z","support":"Grand format","publisher_availability":1,"stock":0,"editions":[],"url":"https:\/\/quaidesbrumes.com\/ouvrage\/9782813806161\/requiem-pour-une-ombre"},{"id":"9782867467561","title":"Femme interdite","description":"Cadette d'une modeste famille y\u00e9m\u00e9nite, la narratrice de ce roman a grandi sous la f\u00e9rule d'un p\u00e8re rigoureux et d'une m\u00e8re soumise. Au fil des souvenirs, elle retrace son existence. Son enfance partag\u00e9e entre interdits et transgressions - entre apprentissage \u00e0 l'\u00e9cole religieuse et visionnage avec sa grande soeur de cassettes pornographiques.\r\nPuis ses \u00e9tudes de th\u00e9ologie et ses voyages : au Soudan, en Arabie saoudite, en \u00c9gypte, et finalement en Afghanistan o\u00f9 elle s'engage dans le djihad. Sur la vie dissolue de sa grande soeur Loula, sur sa rencontre \u00e0 Paris avec un peintre d\u00e9sireux de la faire poser nue, son p\u00e8re a toujours ferm\u00e9 les yeux car c'est elle qui les a fait vivre. Quant au fr\u00e8re a\u00een\u00e9, Raqib, jadis marxiste, il s'est transform\u00e9 en fanatique religieux apr\u00e8s son mariage.\r\nSes certitudes voleront en \u00e9clats quand il d\u00e9couvrira une vid\u00e9o de sa femme en plein \u00e9bats \u00e9rotiques.\r\nCe roman d\u00e9voile une soci\u00e9t\u00e9 aux prises avec ce paradoxe : si l'islam reconna\u00eet en principe \u00e0 la femme des droits sexuels \u00e9quivalents \u00e0 ceux de l'homme, la pratique la r\u00e9duit au rang d'objet. La femme - \u00ab interdite \u00bb dans tous les sens du terme - doit mettre en oeuvre de multiples strat\u00e9gies pour lutter contre le d\u00e9ni dont elle est victime.\r\nCe texte a valu \u00e0 l'auteur d'intenses pol\u00e9miques.","authors":["Ali Al-muqri","Ola Mehanna"],"category_codes":["1000000","1010000"],"visuals":{"large":"https:\/\/images.epagine.fr\/561\/9782867467561_1_75.jpg","medium":"https:\/\/images.epagine.fr\/561\/9782867467561_1_m.jpg","thumbnail":"https:\/\/images.epagine.fr\/561\/9782867467561_1_v.jpg"},"orderable":true,"show_badge":true,"formatted_price":"18,00&nbsp;\u20ac","formatted_published_date":"5 mars 2015","publisher_availability_label":"Sur commande","short_details":"Ali Al-muqri, Ola Mehanna \u2014 \u00c9ditions Liana Levi","translator":"OLA MEHANNA","weight":245,"page_count":208,"readership":null,"editor":"\u00c9ditions Liana Levi","price":1800,"published_date":"2015-03-04T23:00:00.000000Z","support":"Grand format","publisher_availability":1,"stock":0,"editions":[],"url":"https:\/\/quaidesbrumes.com\/ouvrage\/9782867467561\/femme-interdite"},{"id":"9782213619958","title":"Deux soeurs","description":"Sara voue \u00e0 sa soeur a\u00een\u00e9e une jalousie terrifiante qui la pousse \u00e0 la calomnie et \u00e0 la violence. \u00ab Pourtant nous nous aimions tant quand nous \u00e9tions enfant... \u00bb, s'afflige Emma qui ne comprend pas pourquoi sa petite soeur, devenue sa pire ennemie, s'acharne \u00e0 la d\u00e9truire. Longtemps elle va esp\u00e9rer la d\u00e9sarmer par un exc\u00e8s de patience et de g\u00e9n\u00e9rosit\u00e9, mais rien n'y fait : plus elle lui c\u00e8de plus sa soeur s'enflamme...\r\n    C'est au d\u00e9c\u00e8s de leur m\u00e8re puis de leur p\u00e8re que Sara ach\u00e8ve d'exploser : au m\u00e9pris de la loi et m\u00eame du bon sens, elle commet l'impensable pour arriver \u00e0 d\u00e9pouiller sa soeur, quitte \u00e0 en p\u00e2tir elle-m\u00eame...    Bien des familles se d\u00e9chirent ainsi au moment des h\u00e9ritages, par jalousie fraternelle plus encore que par app\u00e2t du gain : elles ne peuvent que se reconna\u00eetre dans ce nouveau roman de Madeleine Chapsal, si juste qu'il en para\u00eet vrai.","authors":["Madeleine Chapsal"],"category_codes":["1000000","1010000"],"visuals":{"large":"https:\/\/images.epagine.fr\/958\/9782213619958_1_75.jpg","medium":"https:\/\/images.epagine.fr\/958\/9782213619958_1_m.jpg","thumbnail":"https:\/\/images.epagine.fr\/958\/9782213619958_1_v.jpg"},"orderable":true,"show_badge":true,"formatted_price":"22,00&nbsp;\u20ac","formatted_published_date":"4 mai 2011","publisher_availability_label":"Sur commande","short_details":"Madeleine Chapsal \u2014 Fayard","translator":null,"weight":249,"page_count":207,"readership":null,"editor":"Fayard","price":2200,"published_date":"2011-05-03T22:00:00.000000Z","support":"Grand format","publisher_availability":1,"stock":0,"editions":[],"url":"https:\/\/quaidesbrumes.com\/ouvrage\/9782213619958\/deux-soeurs"},{"id":"9782246785859","title":"Les merveilles","description":"\" Le plaisir, \u00e7a m'avait bien secou\u00e9e, mais le plaisir \u00e0 faire du mal, \u00e7a devient mille fois meilleur et ce serait ma fa\u00e7on d'aimer.\"Ainsi parle Evelyne, petite fille d\u00e9rang\u00e9e, puis jeune femme d\u00e9traqu\u00e9e. A son compagnon Luiggi, le pizza\u00efolo, elle dit qu'elle fait des m\u00e9nages dans une usine. Mais du lundi au vendredi, elle est escort-girl en secret.\r\nC'est une histoire qui finit mal.Une langue unique, juste et puissante.","authors":["Claire Castillon"],"category_codes":["1000000","1010000"],"visuals":{"large":"https:\/\/images.epagine.fr\/859\/9782246785859_1_75.jpg","medium":"https:\/\/images.epagine.fr\/859\/9782246785859_1_m.jpg","thumbnail":"https:\/\/images.epagine.fr\/859\/9782246785859_1_v.jpg"},"orderable":true,"show_badge":true,"formatted_price":"17,90&nbsp;\u20ac","formatted_published_date":"4 janvier 2012","publisher_availability_label":"Sur commande","short_details":"Claire Castillon \u2014 \u00c9ditions Grasset","translator":null,"weight":239,"page_count":240,"readership":null,"editor":"\u00c9ditions Grasset","price":1790,"published_date":"2012-01-03T23:00:00.000000Z","support":"Grand format","publisher_availability":1,"stock":0,"editions":[],"url":"https:\/\/quaidesbrumes.com\/ouvrage\/9782246785859\/les-merveilles"},{"id":"9782905357076","title":"L'ordre animal des choses","description":"L'ordre animal des choses est cach\u00e9 dans les plis du pouvoir humain sur le monde. Ouvert \u00e0 la m\u00e9moire et \u00e0 l'imaginaire, il est son contrepoint secret, et comme innocent :sans le moi, habit\u00e9 par le silence des origines, dont les hommes sont exil\u00e9s. Maintenant intacte la force initiale de la pr\u00e9sence, il fait se croiser des animaux r\u00e9els, mythiques, fantastiques, et quelques humains.\r\n\r\nDans les r\u00e9cits qui composent L'Ordre animal des choses Antonio Prete nous invite \u00e0 parcourir un univers parall\u00e8le \u00e0 celui qui pour la plupart d'entre nous est seul \u00e0 exister. Univers o\u00f9 les rep\u00e8res soudain sont perdus - les certitudes abolies, les points de vue modifi\u00e9s. Il revient l\u00e0 au coeur des th\u00e8mes qui parcourent son oeuvre, fondent sa r\u00e9flexion : le sentiment d'\u00e9tranget\u00e9, d'\u00e9loignement, la nostalgie (celle d'abord d'une puret\u00e9 perdue), la fronti\u00e8re entre nature et culture, la relation entre l'animal et l'humain, ses porosit\u00e9s - la cl\u00e9 de vo\u00fbte de l'ensemble \u00e9tant le langage, v\u00e9ritable instrument de m\u00e9tamorphose.\r\n\r\nPassant de la gravit\u00e9 \u00e0 la l\u00e9g\u00e8ret\u00e9, de la m\u00e9lancolie \u00e0 l'humour, sa phrase incarne cette mise en crise d'un monde s\u00fbr de son pouvoir dont elle redessine les contours gr\u00e2ce au regard port\u00e9 sur lui par des \u00eatres qui parlent une autre langue. Labile, inventive, elle offre une fresque subtile, toute de correspondances, dont la contemplation nourrit les parts les plus r\u00eaveuses de notre esprit.","authors":["Antonio Prete","Dani\u00e8le Robert"],"category_codes":["1000000","1010000"],"visuals":{"large":"https:\/\/images.epagine.fr\/076\/9782905357076_1_75.jpg","medium":"https:\/\/images.epagine.fr\/076\/9782905357076_1_m.jpg","thumbnail":"https:\/\/images.epagine.fr\/076\/9782905357076_1_v.jpg"},"orderable":true,"show_badge":true,"formatted_price":"11,00&nbsp;\u20ac","formatted_published_date":"26 ao\u00fbt 2013","publisher_availability_label":"Sur commande","short_details":"Antonio Prete, Dani\u00e8le Robert \u2014 Chemin De Ronde","translator":"DANIELE ROBERT","weight":160,"page_count":96,"readership":null,"editor":"Chemin De Ronde","price":1100,"published_date":"2013-08-25T22:00:00.000000Z","support":"Poche","publisher_availability":1,"stock":0,"editions":[],"url":"https:\/\/quaidesbrumes.com\/ouvrage\/9782905357076\/lordre-animal-des-choses"},{"id":"9791090424579","title":"Une nuit pour mon oncle","description":"Une nuit, une nuit \u00e0 \u00e9crire. Une nuit \u00e0 hoqueter de chagrin, une nuit \u00e0 b\u00e9gayer de trop d'\u00e9motion. Les souvenirs se bousculent, s'emm\u00ealent, les mots affluent, se r\u00e9p\u00e8tent, s'entrechoquent : \u00ab je veux crier c'est un cri que je lance un cri sourd un cri quand m\u00eame un cri \u00e9touff\u00e9 \u00e7a reste un cri oui un cri de douleur pourquoi \u00e9crire je me demande ce besoin irascible irr\u00e9pressible d'\u00e9crire ce besoin m\u00e9galomaniaque d'\u00e9crire pourquoi pour qui ? \u00bb Question universelle \u00e0 tous ceux qui \u00e9crivent. Pas de r\u00e9ponse donn\u00e9e ici, mais un flot temp\u00e9tueux, imp\u00e9tueux, qui emporte le lecteur jusqu'au bout de la nuit.\r\nBien habill\u00e9 toujours impeccable ton b\u00e9ret tes cols en V je me souviens bien tes pantalons droits et tes chemises boutonn\u00e9es jusqu'au col oui \u00e7a me revient ta passion des chevaux aussi t'aimais les courses un jour je me souviens un jour en \u00e9crivant \u00e7a me revient un jour tu m'as demand\u00e9 des num\u00e9ros au hasard tu les as jou\u00e9s des semaines des mois des ann\u00e9es tu m'as demand\u00e9 des num\u00e9ros au hasard aucune chance qu'ils tombent tu le savais impossible un mauvais cheval ne sort pas le hasard tr\u00e8s peu dans les courses c'est pas le loto mais tu voulais oui tu voulais jouer les num\u00e9ros de ton neveu","authors":["Benjamin Ta\u00efeb"],"category_codes":["1000000","1010000","1010100"],"visuals":{"large":"https:\/\/images.epagine.fr\/579\/9791090424579_1_75.jpg","medium":"https:\/\/images.epagine.fr\/579\/9791090424579_1_m.jpg","thumbnail":"https:\/\/images.epagine.fr\/579\/9791090424579_1_v.jpg"},"orderable":true,"show_badge":true,"formatted_price":"5,00&nbsp;\u20ac","formatted_published_date":"30 novembre 2005","publisher_availability_label":"Sur commande","short_details":"Benjamin Ta\u00efeb \u2014 Lunatique","translator":null,"weight":45,"page_count":38,"readership":null,"editor":"Lunatique","price":500,"published_date":"2005-11-29T23:00:00.000000Z","support":"Grand format","publisher_availability":1,"stock":0,"editions":[],"url":"https:\/\/quaidesbrumes.com\/ouvrage\/9791090424579\/une-nuit-pour-mon-oncle"},{"id":"9782930538327","title":"Cruise control","description":"Ils avancent sur une route. Ils suivent une trajectoire. Ils n'en sont pas toujours conscients. Ils roulent. A vitesse de croisi\u00e8re. Vitesse contr\u00f4l\u00e9e. Ils ne savent pas tr\u00e8s bien quelle est cette route. O\u00f9 elle les m\u00e8ne. Ils sont seuls. Parfois, une rencontre, un rapprochement, une complicit\u00e9 inattendue. La sensation que tout est \u00e0 nouveau possible. Le plus souvent, un d\u00e9rapage, une d\u00e9rive, un tournant. La perte des certitudes. La perte de ce r\u00e9gulateur de vitesse qui semblait animer leur vie. C'est tout autre chose qui s'ouvre alors devant eux.","authors":["Ali\u00e9nor Debrocq"],"category_codes":["1000000","1010000"],"visuals":{"large":"https:\/\/images.epagine.fr\/327\/9782930538327_1_75.jpg","medium":"https:\/\/images.epagine.fr\/327\/9782930538327_1_m.jpg","thumbnail":"https:\/\/images.epagine.fr\/327\/9782930538327_1_v.jpg"},"orderable":true,"show_badge":true,"formatted_price":"15,00&nbsp;\u20ac","formatted_published_date":"15 avril 2013","publisher_availability_label":"Sur commande","short_details":"Ali\u00e9nor Debrocq \u2014 Quadrature","translator":null,"weight":400,"page_count":114,"readership":null,"editor":"Quadrature","price":1500,"published_date":"2013-04-14T22:00:00.000000Z","support":"Grand format","publisher_availability":1,"stock":0,"editions":[],"url":"https:\/\/quaidesbrumes.com\/ouvrage\/9782930538327\/cruise-control"},{"id":"9782940377923","title":"Oh l\u00e0 mon Dieu","description":"Dans ce livre on croise des breaks Volvo, des chefs indiens, des kangourous, l'inventeur du velcro, une saucisse au chou, mais \u00e9galement Burt Lancaster en slip de bain. Tout \u00e7a avec de l'art qui entre par une porte et ressort par une autre.","authors":["Fabienne Radi"],"category_codes":["1000000","1010000"],"visuals":{"large":"https:\/\/images.epagine.fr\/923\/9782940377923_1_75.jpg","medium":"https:\/\/images.epagine.fr\/923\/9782940377923_1_m.jpg","thumbnail":"https:\/\/images.epagine.fr\/923\/9782940377923_1_v.jpg"},"orderable":true,"show_badge":true,"formatted_price":"12,00&nbsp;\u20ac","formatted_published_date":"10 novembre 2015","publisher_availability_label":"Sur commande","short_details":"Fabienne Radi \u2014 Art Et Fiction","translator":null,"weight":68,"page_count":76,"readership":null,"editor":"Art Et Fiction","price":1200,"published_date":"2015-11-09T23:00:00.000000Z","support":"Grand format","publisher_availability":1,"stock":0,"editions":[],"url":"https:\/\/quaidesbrumes.com\/ouvrage\/9782940377923\/oh-la-mon-dieu"},{"id":"9782355271090","title":"Plomb polonais","description":null,"authors":["Nathalie Quintane"],"category_codes":["1000000","1010000"],"visuals":{"large":"https:\/\/images.epagine.fr\/090\/9782355271090_1_75.jpg","medium":"https:\/\/images.epagine.fr\/090\/9782355271090_1_m.jpg","thumbnail":"https:\/\/images.epagine.fr\/090\/9782355271090_1_v.jpg"},"orderable":true,"show_badge":true,"formatted_price":"10,00&nbsp;\u20ac","formatted_published_date":"20 f\u00e9vrier 2013","publisher_availability_label":"Sur commande","short_details":"Nathalie Quintane \u2014 Confluences","translator":null,"weight":9,"page_count":null,"readership":null,"editor":"Confluences","price":1000,"published_date":"2013-02-19T23:00:00.000000Z","support":"Grand format","publisher_availability":1,"stock":0,"editions":[],"url":"https:\/\/quaidesbrumes.com\/ouvrage\/9782355271090\/plomb-polonais"}]}