{"data":[{"id":"9782844181992","title":"M\u00e9ditations d'un solitaire en 1916","description":"Ces M\u00e9ditations nous offrent toujours le Bloy impr\u00e9cateur, vocif\u00e9rant sa critique sociale, son d\u00e9dain col\u00e9rique \u00e0 l'\u00e9gard du peuple (il ne se range cependant pas du c\u00f4t\u00e9 de quelque \u00e9lite que ce soit, puisqu'il d\u00e9teste les puissants) et livrant une satire du cr\u00e9tinisme bourgeois, dont il voit dans la guerre un effroyable d\u00e9cha\u00eenement. Mais l'invective s'accompagne \u00e9galement de temps de recueillement et de pri\u00e8re devant la mort de certains de ses amis, que Bloy \u00e9voque avec tendresse. Proche lui-m\u00eame du terme de sa vie, le vieil ours grogne encore mais d'une voix plus sourde, et sa misanthropie s'adoucit d'un sentiment de fraternit\u00e9 pour les \u00ab pauvres soldats \u00bb. La violence extr\u00eame de la guerre l'accable et, durant ces heures cr\u00e9pusculaires, le fait longuement songer aux \u00e2mes mortes de ceux qu'il a perdus, \u00e2mes vers lesquelles il se tourne et que \u00ab rien n'\u00e9tonne, ayant d\u00fb passer elles-m\u00eames par le creuset o\u00f9 s'an\u00e9antissent les illusions. \u00bb Delphine Descaves\r","authors":["L\u00e9on Bloy"],"category_codes":["1000000","1010000"],"visuals":{"large":"https:\/\/images.epagine.fr\/992\/9782844181992_1_75.jpg","medium":"https:\/\/images.epagine.fr\/992\/9782844181992_1_m.jpg","thumbnail":"https:\/\/images.epagine.fr\/992\/9782844181992_1_v.jpg"},"orderable":true,"show_badge":true,"formatted_price":"15,00&nbsp;\u20ac","formatted_published_date":"6 mai 2010","publisher_availability_label":"Sur commande","short_details":"L\u00e9on Bloy \u2014 La Part Commune","translator":null,"weight":162,"page_count":null,"readership":null,"editor":"La Part Commune","price":1500,"published_date":"2010-05-05T22:00:00.000000Z","support":"Grand format","publisher_availability":1,"stock":0,"editions":["9782013678285"],"url":"https:\/\/quaidesbrumes.com\/ouvrage\/9782844181992\/meditations-dun-solitaire-en-1916"},{"id":"9782355800085","title":"L'accordeur de pianos","description":"Le c\u00e9l\u00e8bre t\u00e9nor Antonio di Malfitano est abattu d'un coup de pistolet sur la sc\u00e8ne de la Scala de Milan, au beau milieu d'une repr\u00e9sentation de Tosca de Puccini. L'assassin est dans la salle. Ses enfants, des jumeaux, Patrice et Patricia, regagnent le foyer familial berlinois afin de comprendre ce qui a pu pousser leur p\u00e8re, accordeur de pianos r\u00e9put\u00e9 et pi\u00e8tre compositeur d'op\u00e9ras, \u00e0 commettre cet acte path\u00e9tique. Fut-il assist\u00e9 de sa femme, qui n'a pu r\u00e9aliser son r\u00eave d'\u00eatre danseuse \u00e0 cause d'un accident ? En sondant les profondeurs du pass\u00e9, ils vont d\u00e9couvrir la cause de son d\u00e9sespoir et de celui de toute la famille. Et si le crime avait finalement \u00e9t\u00e9 orchestr\u00e9 par la musique ?\r\nL'histoire est racont\u00e9e par les jumeaux, qui, pour vaincre leur d\u00e9sir de s'unir, ont fui \u00e0 des endroits oppos\u00e9s de la plan\u00e8te. Ils s'\u00e9crivent l'un \u00e0 l'autre les sept cahiers qui constituent ce livre. Faisant le constat de l'\u00e9ternel retour d'une m\u00eame mal\u00e9diction, ils trouveront peut-\u00eatre les clefs pour se lib\u00e9rer de leur d\u00e9pendance maladive.\r\nAvec sa profonde connaissance de l'\u00e2me humaine associ\u00e9e \u00e0 la pr\u00e9cision d'une analyse au scalpel, Pascal Mercier raconte le destin tragique d'une famille, vou\u00e9e \u00e0 des passions dangereuses et d\u00e9truite par une succession d'\u00e9checs.\r","authors":["Pascal Mercier","Nicole Casanova"],"category_codes":["1000000","1010000"],"visuals":{"large":"https:\/\/images.epagine.fr\/085\/9782355800085_1_75.jpg","medium":"https:\/\/images.epagine.fr\/085\/9782355800085_1_m.jpg","thumbnail":"https:\/\/images.epagine.fr\/085\/9782355800085_1_v.jpg"},"orderable":true,"show_badge":true,"formatted_price":"23,35&nbsp;\u20ac","formatted_published_date":"17 juillet 2008","publisher_availability_label":"Sur commande","short_details":"Pascal Mercier, Nicole Casanova \u2014 \u00c9ditions Buchet\/Chastel","translator":"NICOLE CASANOVA","weight":500,"page_count":506,"readership":null,"editor":"\u00c9ditions Buchet\/Chastel","price":2335,"published_date":"2008-07-16T22:00:00.000000Z","support":"Grand format","publisher_availability":1,"stock":0,"editions":[],"url":"https:\/\/quaidesbrumes.com\/ouvrage\/9782355800085\/laccordeur-de-pianos"},{"id":"9782070389858","title":"Le gar\u00e7on dans la lune","description":"Mari\u00e9s depuis dix ans, Julia et Brian traversent une crise conjugale en demi-teinte.\r\nS'ils restent ensemble, c'est peut-\u00eatre \u00e0 cause de Sam, leur fils de sept ans, un enfant enclin \u00e0 la r\u00eaverie qui voit dans la lune un petit gar\u00e7on qui pleure. Mais lors d'une visite au p\u00e8re de Brian en Irlande, un drame affreux survient, qui se soldera par l'\u00e9chec de leur union. Julia d\u00e9cide d'aller vivre chez son beau-p\u00e8re, un homme taciturne et tyrannique qui se sert d'elle comme femme \u00e0 tout faire.\r\nEn lisant des carnets d\u00e9rob\u00e9s, r\u00e9dig\u00e9s par la m\u00e8re de Brian depuis d\u00e9c\u00e9d\u00e9e, elle ressuscite le secret qui \u00e9touffe les membres de la famille. Dans ce roman troublant et inoubliable de sensibilit\u00e9 et d'amour, construit comme un suspense, Kate O'Riordan s'impose de nouveau dans une magistrale fresque sur l'ambigu\u00eft\u00e9 des sentiments et la fragilit\u00e9 de la nature humaine.\r","authors":["Kate O'riordan"],"category_codes":["1000000","1010000"],"visuals":{"large":"https:\/\/images.epagine.fr\/858\/9782070389858_1_75.jpg","medium":"https:\/\/images.epagine.fr\/858\/9782070389858_1_m.jpg","thumbnail":"https:\/\/images.epagine.fr\/858\/9782070389858_1_v.jpg"},"orderable":true,"show_badge":false,"formatted_price":"9,50&nbsp;\u20ac","formatted_published_date":"4 juin 2009","publisher_availability_label":"Sur commande","short_details":"Kate O'riordan \u2014 Folio","translator":null,"weight":180,"page_count":368,"readership":null,"editor":"Folio","price":950,"published_date":"2009-06-03T22:00:00.000000Z","support":"Poche","publisher_availability":1,"stock":1,"editions":["9782070787159"],"url":"https:\/\/quaidesbrumes.com\/ouvrage\/9782070389858\/le-garcon-dans-la-lune"},{"id":"9782882502780","title":"L'atelier du diable","description":"Le protagoniste, ing\u00e9nu et romantique, est l'un des fondateurs d'une communaut\u00e9 hippy qui se propose de g\u00e9rer, en l'exploitant \u00e0 des fins commerciales, la m\u00e9moire du camp de concentration de Terezin. Bien vite, les touristes occidentaux affluent. Suite au d\u00e9mant\u00e8lement du site autog\u00e9r\u00e9, ils le d\u00e9placeront en Bi\u00e9lorussie, o\u00f9 un groupe d'opposants au r\u00e9gime pr\u00e9pare en secret un projet similaire.\r","authors":["J\u00e1chym Topol","Marianne Canavaggio"],"category_codes":["1000000","1010000"],"visuals":{"large":"https:\/\/images.epagine.fr\/780\/9782882502780_1_75.jpg","medium":"https:\/\/images.epagine.fr\/780\/9782882502780_1_m.jpg","thumbnail":"https:\/\/images.epagine.fr\/780\/9782882502780_1_v.jpg"},"orderable":true,"show_badge":true,"formatted_price":"16,00&nbsp;\u20ac","formatted_published_date":"11 octobre 2012","publisher_availability_label":"Sur commande","short_details":"J\u00e1chym Topol, Marianne Canavaggio \u2014 Les \u00c9ditions Noir sur Blanc","translator":"MARIANNE CANAVAGGIO","weight":268,"page_count":144,"readership":null,"editor":"Les \u00c9ditions Noir sur Blanc","price":1600,"published_date":"2012-10-10T22:00:00.000000Z","support":"Grand format","publisher_availability":1,"stock":0,"editions":[],"url":"https:\/\/quaidesbrumes.com\/ouvrage\/9782882502780\/latelier-du-diable"},{"id":"9782246682912","title":"Itin\u00e9raire spiritueux","description":"\u00ab Spirituel et sipritueux d\u00e9rivent de la m\u00eame racine. Enfant, c'est \u00e0 l'\u00e9glise et au bistrot que le narrateur d'Itin\u00e9raire spiritueux a appris la musique, par des cantiques et des chansons \u00e0 boire. Il a pouss\u00e9 comme un lys des champs entre eau b\u00e9nite et eau-de-vie, \u00e0 une \u00e9poque et dans un milieu o\u00f9 la mode \u00e9tait aux bons maris, bons p\u00e8res, bons ouvriers et bons chr\u00e9tiens. La pratique quotidienne de ces vertus demandait des compensations. C'est dans la bouteille qu'on allait les chercher le plus souvent.\r\nTrajets toujours arros\u00e9s, itin\u00e9raire romanesque d\u00e9bordant, avec bacchanales et gueules de bois domestiques ou exotiques, roulis et tangages, voies solennelles et culs-de-sac, beaux accords et lourdes factures, blandices et brouillards, soixante ann\u00e9es de croisi\u00e8res o\u00f9 les vents ont souffl\u00e9 comme des d\u00e9sirs en f\u00eate, avec des r\u00e9cifs o\u00f9 chantent les sir\u00e8nes, des ports sans angoisse, des cabarets de la derni\u00e8res chance et, toujours, de nouveaux appareillages.\r\nL'ancien mot ivrongne est l'anagramme de vigneron.  J'ai voulu c\u00e9l\u00e9brer les deux dans un r\u00e9cit familier et burlesque o\u00f9 croisent aussi des po\u00e8tes et des paysans, des bonnes filles et des vilains gar\u00e7ons, des chanoines et des chiens, des barmen, toutes sortes de paroissiens... et mon p\u00e8re. Le cul des bouteilles m'a servi de lorgnette et les verres \u00e0 cocktails de kal\u00e9idoscopes. Disons que ma vision du monde est un peu trouble. Une chance ! Quand je verrai les choses comme  elles sont r\u00e9ellement, il sera temps de fermer boutique. \u00bb G.O.","authors":["Oberle-G"],"category_codes":["1000000","1010000"],"visuals":{"large":"https:\/\/images.epagine.fr\/912\/9782246682912_1_75.jpg","medium":"https:\/\/images.epagine.fr\/912\/9782246682912_1_m.jpg","thumbnail":"https:\/\/images.epagine.fr\/912\/9782246682912_1_v.jpg"},"orderable":true,"show_badge":true,"formatted_price":"19,00&nbsp;\u20ac","formatted_published_date":"6 septembre 2006","publisher_availability_label":"Sur commande","short_details":"Oberle-G \u2014 \u00c9ditions Grasset","translator":null,"weight":215,"page_count":270,"readership":null,"editor":"\u00c9ditions Grasset","price":1900,"published_date":"2006-09-05T22:00:00.000000Z","support":"Grand format","publisher_availability":1,"stock":0,"editions":[],"url":"https:\/\/quaidesbrumes.com\/ouvrage\/9782246682912\/itineraire-spiritueux"},{"id":"9782070137084","title":"Musique absolue ; une r\u00e9p\u00e9tition avec Carlos Kleiber","description":"\u00abTandis que lui avait du g\u00e9nie. Faites un effort ! Mettez-vous cela dans le cr\u00e2ne ! Ou sinon, mieux vaut arr\u00eater notre entretien tout de suite. Je n'ai plus l'\u00e2ge de r\u00e9p\u00e9ter quinze fois les m\u00eames choses. Vous me rebattez les oreilles avec les autres chefs. Depuis une heure, vous me les citez tous comme si je ne les connaissais pas : sachez que je les connais, je les connais cent fois mieux que vous, ils ont dirig\u00e9 \u00e0 deux m\u00e8tres de mon pupitre, je les observais de biais. Je leur devais ob\u00e9issance. Oui, je veux bien, ils ont un petit talent, ils savent faire. Mais lui seul avait du g\u00e9nie.\u00bb","authors":["Bruno Le maire"],"category_codes":["1000000","1010000"],"visuals":{"large":"https:\/\/images.epagine.fr\/084\/9782070137084_1_75.jpg","medium":"https:\/\/images.epagine.fr\/084\/9782070137084_1_m.jpg","thumbnail":"https:\/\/images.epagine.fr\/084\/9782070137084_1_v.jpg"},"orderable":true,"show_badge":true,"formatted_price":"12,50&nbsp;\u20ac","formatted_published_date":"30 ao\u00fbt 2012","publisher_availability_label":"Sur commande","short_details":"Bruno Le maire \u2014 Gallimard","translator":null,"weight":167,"page_count":112,"readership":null,"editor":"Gallimard","price":1250,"published_date":"2012-08-29T22:00:00.000000Z","support":"Grand format","publisher_availability":1,"stock":0,"editions":[],"url":"https:\/\/quaidesbrumes.com\/ouvrage\/9782070137084\/musique-absolue-une-repetition-avec-carlos-kleiber"},{"id":"9782714309877","title":"Le discours sur la tombe de l'idiot","description":"Scandalis\u00e9s par l'idiot du village, le maire de chester et son adjoint conspirent sa mort.\r\n Un matin de printemps, les deux hommes l'enl\u00e8vent et vont le jeter dans un puits.  or, au bout de trois jours, l'idiot se remet \u00e0 crier du fond de sa fosse.  \" un village comme ici c'est pas une place pour les intrigues \", mettent en garde les habitants de chester.  d\u00e8s les premi\u00e8res pages du discours sur la tombe de l'idiot, le lecteur conna\u00eet tous les \u00e9l\u00e9ments du crime qui vient troubler ce village sans histoire.\r\n L'intrigue polici\u00e8re ainsi jugul\u00e9e, le roman repose principalement sur le g\u00e9nie de l'accusation et du leurre, c'est-\u00e0-dire sur les efforts d\u00e9ploy\u00e9s par le maire afin de d\u00e9signer un coupable et ce, tout en s'assurant le silence de son complice qui menace de s'effondrer sous le poids du remords.  parmi les divers li\u00e8vres lanc\u00e9s afin de faire diversion se trouve le coupable id\u00e9al - paul barab\u00e9, un nouvel ouvrier venu se refaire \u00e0 la campagne dont l'arriv\u00e9e \u00e0 la ferme des fouquet co\u00efncide avec la disparition de l'idiot et une autre sinistre d\u00e9couverte.\r\n Si le roman poss\u00e8de une \" essence polici\u00e8re \" incontestable, il s'agit d'abord et avant tout d'un roman de la culpabilit\u00e9.  tout en s'attachant au sort de paul barab\u00e9, le r\u00e9cit pr\u00e9sente l'histoire de chester \" saisie du dedans \" : une histoire commune non pas appr\u00e9hend\u00e9e dans la perspective rassurante des intentions et des actes, mais une histoire se rapportant plut\u00f4t aux faits principaux qui accablent ce village sans idiot.\r\n Ses tableaux cons\u00e9cutifs adoptent le mode vertigineux de la rumeur : leur coh\u00e9rence surgit du d\u00e9sordre et de la fulgurance des images ; leur logique interne place les villageois de chester sous une lumi\u00e8re inqui\u00e9tante.  comme si le narrateur lui-m\u00eame ne pouvait se r\u00e9soudre \u00e0 faire du maire et de son adjoint les seuls coupables de leur crime.\r","authors":["Julie Mazzieri"],"category_codes":["1000000","1010000"],"visuals":{"large":"https:\/\/images.epagine.fr\/877\/9782714309877_1_75.jpg","medium":"https:\/\/images.epagine.fr\/877\/9782714309877_1_m.jpg","thumbnail":"https:\/\/images.epagine.fr\/877\/9782714309877_1_v.jpg"},"orderable":true,"show_badge":true,"formatted_price":"17,25&nbsp;\u20ac","formatted_published_date":"8 janvier 2009","publisher_availability_label":"Sur commande","short_details":"Julie Mazzieri \u2014 \u00c9ditions Corti","translator":null,"weight":254,"page_count":244,"readership":null,"editor":"\u00c9ditions Corti","price":1725,"published_date":"2009-01-07T23:00:00.000000Z","support":"Grand format","publisher_availability":1,"stock":0,"editions":[],"url":"https:\/\/quaidesbrumes.com\/ouvrage\/9782714309877\/le-discours-sur-la-tombe-de-lidiot"},{"id":"9782812606649","title":"La rivi\u00e8re en col\u00e8re","description":"\u00c0 Albepeyre, quelque part dans le Massif central, au d\u00e9but des ann\u00e9es trente, des hommes et des femmes vivent des jours heureux. Jusqu'\u00e0 ce qu'un projet de barrage vienne bousculer ces existences paisibles. Men\u00e9 par Charles Neuville, ce chantier pr\u00e9voit la disparition du village et de ses prairies fertiles. Si certains se laissent s\u00e9duire par les sommes offertes, quelques irr\u00e9ductibles se refusent \u00e0 vendre. Parmi eux Hilarian, vieux solitaire qui semble poss\u00e9der d'\u00e9tranges pouvoirs. Bient\u00f4t les ouvriers arrivent, le chantier d\u00e9marre, aussit\u00f4t retard\u00e9 par le mauvais temps. Comme si la rivi\u00e8re en col\u00e8re se rebellait contre les hommes, comme si un pi\u00e8ge mal\u00e9fique se refermait sur eux. Charles devra abandonner ses certitudes pour mener \u00e0 bien son projet et ma\u00eetriser cette nature qui semble vouloir lui \u00e9chapper.\r","authors":["Roger B\u00e9teille"],"category_codes":["1000000","1010000"],"visuals":{"large":"https:\/\/images.epagine.fr\/649\/9782812606649_1_75.jpg","medium":"https:\/\/images.epagine.fr\/649\/9782812606649_1_m.jpg","thumbnail":"https:\/\/images.epagine.fr\/649\/9782812606649_1_v.jpg"},"orderable":true,"show_badge":true,"formatted_price":"8,50&nbsp;\u20ac","formatted_published_date":"14 mai 2014","publisher_availability_label":"Sur commande","short_details":"Roger B\u00e9teille \u2014 Rouergue","translator":null,"weight":272,"page_count":464,"readership":null,"editor":"Rouergue","price":850,"published_date":"2014-05-13T22:00:00.000000Z","support":"Poche","publisher_availability":1,"stock":0,"editions":[],"url":"https:\/\/quaidesbrumes.com\/ouvrage\/9782812606649\/la-riviere-en-colere"},{"id":"9782843045745","title":"L'arm\u00e9e illumin\u00e9e","description":"Matus, professeur au bord de la retraite, a deux passions dans la vie - la gloire du Mexique et le marathon -, et une bonne nature pugnace.\r\nIl ne peut se rendre aux Jeux olympiques ? Qu'\u00e0 cela ne tienne, il courra son marathon en solitaire, chez lui, \u00e0 Monterrey, en m\u00eame temps que les athl\u00e8tes \u00e0 l'autre bout du monde. On le d\u00e9met de son poste d'enseignant pour avoir r\u00e9invent\u00e9 l'histoire des rapports du Mexique et des Etats-Unis aupr\u00e8s de ses \u00e9l\u00e8ves ? Tr\u00e8s bien, il aura tout le loisir de conduire la lutte pour la reconqu\u00eate du Texas ! Et c'est ainsi que Matus, g\u00e9n\u00e9ral autoproclam\u00e9, part \u00e0 la reconqu\u00eate de Fort-Alamo avec une arm\u00e9e folklorique faite d'une poign\u00e9e d'enfants un peu simplets : le gros Comodoro qui se r\u00eave en chef, le petit Cerillo dans son petit costume blanc, El Milagro, miraculeusement rescap\u00e9 d'un accident de la route dans lequel il a perdu toute sa famille, Ubaldo l'artiste du groupe et Azucena, qui \u00e0 elle seule joue tous les r\u00f4les f\u00e9minins - dulcin\u00e9e de Comodoro, m\u00e8re de Cerillo, infirmi\u00e8re de l'arm\u00e9e.\r\nEt voil\u00e0 que commence l'\u00e9pop\u00e9e pleine d'ardeur des \" Illumin\u00e9s \" - une qu\u00eate magistrale et d\u00e9risoire, m\u00ealant indissociablement le r\u00e9el et l'imaginaire, dans la veine prodigieuse d'El \u00faltimo lector.\r","authors":["David Toscana","Francois-Michel Durazzo"],"category_codes":["1000000","1010000"],"visuals":{"large":"https:\/\/images.epagine.fr\/745\/9782843045745_1_75.jpg","medium":"https:\/\/images.epagine.fr\/745\/9782843045745_1_m.jpg","thumbnail":"https:\/\/images.epagine.fr\/745\/9782843045745_1_v.jpg"},"orderable":true,"show_badge":true,"formatted_price":"22,00&nbsp;\u20ac","formatted_published_date":"5 janvier 2012","publisher_availability_label":"Sur commande","short_details":"David Toscana, Francois-Michel Durazzo \u2014 \u00c9ditions Zulma","translator":"FRANCOIS-MICHEL DURAZZO","weight":290,"page_count":275,"readership":null,"editor":"\u00c9ditions Zulma","price":2200,"published_date":"2012-01-04T23:00:00.000000Z","support":"Grand format","publisher_availability":1,"stock":0,"editions":[],"url":"https:\/\/quaidesbrumes.com\/ouvrage\/9782843045745\/larmee-illuminee"},{"id":"9782354480110","title":"Gloire de la vie","description":"C'est le culte de la gloire de la vie, de l'inexprimable sentiment de gloire d'avoir la chance d'exister, du hasard d'avoir \u00e9t\u00e9 tir\u00e9 de la poussi\u00e8re morte pour que se refl\u00e8tent un moment dans le miroir de la r\u00e9tine les myst\u00e8res de la mati\u00e8re. Adorer la vie est notre religion. C'est un culte de l'instant, intact, d\u00e9sint\u00e9ress\u00e9, passionn\u00e9. A l'heure o\u00f9 les renards sortent de leur terrier, si l'on se tient au bord d'une haute falaise calcaire surplombant la mer, tout s'\u00e9claire. La forme ronde de la terre se d\u00e9coupe sur l'infini et les herbes plumeuses ondulent librement sous les banni\u00e8res en haillons des nuages sans ma\u00eetres. [...] les vagues vieilles comme le monde se brisent sur les lits de galets, se brisent et se retirent comme elles l'ont fait sans jamais cesser depuis la nuit des temps. Tous les si\u00e8cles de la g\u00e9ologie sont dans ce murmure, le bruit r\u00e9current de la mer, tout ce qui a \u00e9t\u00e9 et tout ce qui sera. D'un bout \u00e0 l'autre des contours des continents, jour apr\u00e8s jour, mois apr\u00e8s mois, si\u00e8cle apr\u00e8s si\u00e8cle, mill\u00e9naire apr\u00e8s mill\u00e9naire, cet \u00e9cho a r\u00e9sonn\u00e9 famili\u00e8rement aux oreilles humaines. Il parle du temps qui n'est pas le temps, du temps qui est en soi une sorte d'absolu \u00e0 part, comme le souffle suspendu et solitaire d'une touffe de salicornes silencieuses, illumin\u00e9es par la lune sur une corniche inaper\u00e7ue. Llewelyn Powys\r","authors":["Lllewelyn Powys","Patrick Reumaux"],"category_codes":["1000000","1010000"],"visuals":{"large":"https:\/\/images.epagine.fr\/110\/9782354480110_1_75.jpg","medium":"https:\/\/images.epagine.fr\/110\/9782354480110_1_m.jpg","thumbnail":"https:\/\/images.epagine.fr\/110\/9782354480110_1_v.jpg"},"orderable":true,"show_badge":true,"formatted_price":"14,00&nbsp;\u20ac","formatted_published_date":"10 octobre 2008","publisher_availability_label":"Sur commande","short_details":"Lllewelyn Powys, Patrick Reumaux \u2014 Isolato","translator":"PATRICK REUMAUX","weight":110,"page_count":64,"readership":null,"editor":"Isolato","price":1400,"published_date":"2008-10-09T22:00:00.000000Z","support":"Grand format","publisher_availability":1,"stock":0,"editions":[],"url":"https:\/\/quaidesbrumes.com\/ouvrage\/9782354480110\/gloire-de-la-vie"},{"id":"9782234060203","title":"Le soldat et le gramophone","description":"\u00ab J'adore ce livre. C'est dr\u00f4le, sensible, audacieux et tout sonne juste. Qu'elle est bienvenue cette voix qui s'\u00e9l\u00e8ve parmi les grands ! Sasa Stanisic. Ou Sasha Stanishitch. Nous ferions mieux d'apprendre \u00e0 prononcer son nom car il est l\u00e0 pour longtemps. \u00bbColum McCannAleksandar grandit pr\u00e8s de Visegrad, dans ce qui est encore la Yougoslavie, quand se produit un drame : la mort de son grand-p\u00e8re Slavko. Celui dont les r\u00e9cits l\u00e9gendaires du communisme l'ont enchant\u00e9, et auquel il a fait le serment de transformer la r\u00e9alit\u00e9 en histoires, l'enfant esp\u00e8re jusqu'au bout le r\u00e9veiller. Son grand-p\u00e8re ador\u00e9 n'a- t-il pas fait de lui un magicien ?\r\nMais il faudra que les pouvoirs d'Aleksandar soient grands car la guerre est proche. Viendront le temps de l'exil et d'une int\u00e9gration difficile dans l'Allemagne des ann\u00e9es 1990, obs\u00e9d\u00e9e par le productivisme et le co\u00fbt de la r\u00e9unification.\r\nL'\u00e9vocation inoubliable d'une guerre qui s'est jou\u00e9e tout pr\u00e8s de nos fronti\u00e8res, dans l'indiff\u00e9rence et l'incompr\u00e9hension g\u00e9n\u00e9rales. Le destin d'une famille aux personnages picaresques. Le regard d'un enfant, plus pr\u00e9occup\u00e9 des malheurs de ses proches, de l'issue d'un match de football, de ses premi\u00e8res amours, que de l'avenir de son pays mais dont le r\u00e9cit spontan\u00e9 souligne la violence avec laquelle la guerre fait irruption dans le quotidien.\r\nPuis Aleksandar grandit et d\u00e8s que l'occasion lui est donn\u00e9e d'\u00e9crire, il ne cessera d'\u00e9voquer son enfance et le souvenir de son pays perdu. Le lecteur assiste alors \u00e0 la naissance d'un prodigieux \u00e9crivain pour son plus grand plaisir.\u00a9 Getty ImagesD\u00e9couvrez toutes les traductions du livre sur www.talking-to-women.com","authors":["Sasa Stanisic","Francoise Toraille"],"category_codes":["1000000","1010000"],"visuals":{"large":"https:\/\/images.epagine.fr\/203\/9782234060203_1_75.jpg","medium":"https:\/\/images.epagine.fr\/203\/9782234060203_1_m.jpg","thumbnail":"https:\/\/images.epagine.fr\/203\/9782234060203_1_v.jpg"},"orderable":true,"show_badge":true,"formatted_price":"21,85&nbsp;\u20ac","formatted_published_date":"20 ao\u00fbt 2008","publisher_availability_label":"Sur commande","short_details":"Sasa Stanisic, Francoise Toraille \u2014 Stock","translator":"FRANCOISE TORAILLE","weight":458,"page_count":375,"readership":null,"editor":"Stock","price":2185,"published_date":"2008-08-19T22:00:00.000000Z","support":"Grand format","publisher_availability":1,"stock":0,"editions":["9782234063273"],"url":"https:\/\/quaidesbrumes.com\/ouvrage\/9782234060203\/le-soldat-et-le-gramophone"},{"id":"9782070124114","title":"L'incendie","description":"En 1961, \u00e0 la Biennale de Venise, Vitaliano Zorzi s'\u00e9prend d'un tableau intitul\u00e9 L'Incendie et d\u00e9cide de l'offrir en cadeau de mariage et d'adieu \u00e0 sa jeune ma\u00eetresse. Avec la complicit\u00e9 d'un critique d'art influent, Marinoni, il fait la connaissance de son auteur, Mucci, et de son \u00e9trange compagne, Fernanda. Quand, quelques mois plus tard, l'artiste fait appel \u00e0 lui parce qu'il a besoin d'argent afin de partir pour l'Afrique, il accepte d'acheter tous ses tableaux et de lui reverser cinquante pour cent de leur prix de vente une fois la somme initiale recouverte : il est certain que Mucci deviendra c\u00e9l\u00e8bre avec l'aide de Marinoni, qui a promis de lui consacrer une monographie. Or le peintre, qui a donn\u00e9 r\u00e9guli\u00e8rement de ses nouvelles, meurt deux ans et demi plus tard dans un accident de voiture au Congo. Aussit\u00f4t, la cote des tableaux explose. Mais on ne saurait \u00e9videmment se fier aux apparences.\r\nAvec pour d\u00e9cor Venise, Turin, la Riviera et l'Afrique, ce roman s\u00e9duisant joue en virtuose sur les th\u00e8mes usuels de Soldati - l'ambig\u00fcit\u00e9 du d\u00e9sir, les jeux de pouvoir, l'amiti\u00e9, le mensonge et la mystification - et explore le milieu de l'art que l'auteur, ancien \u00e9l\u00e8ve de Roberto Longhi, connaissait bien.\r","authors":["Mario Soldati"],"category_codes":["1000000","1010000"],"visuals":{"large":"https:\/\/images.epagine.fr\/114\/9782070124114_1_75.jpg","medium":"https:\/\/images.epagine.fr\/114\/9782070124114_1_m.jpg","thumbnail":"https:\/\/images.epagine.fr\/114\/9782070124114_1_v.jpg"},"orderable":true,"show_badge":true,"formatted_price":"24,90&nbsp;\u20ac","formatted_published_date":"15 mai 2009","publisher_availability_label":"Sur commande","short_details":"Mario Soldati \u2014 Gallimard","translator":null,"weight":315,"page_count":null,"readership":null,"editor":"Gallimard","price":2490,"published_date":"2009-05-14T22:00:00.000000Z","support":"Grand format","publisher_availability":1,"stock":0,"editions":[],"url":"https:\/\/quaidesbrumes.com\/ouvrage\/9782070124114\/lincendie"},{"id":"9782874893070","title":"Le monde de Nestor","description":"Le lendemain matin, quelque chose a chang\u00e9 dans le village. Les voitures passent plus lentement. Des petits groupes de personnes se sont form\u00e9s. Oh ! Nestor voit bien les sourires moqueurs. Les gens de la maison blanche n'ont pas l'air de trouver \u00e7a dr\u00f4le. Heureusement, Nestor remarque surtout le sourire amus\u00e9 de Marthe. Son beau sourire r\u00eaveur, ce sourire qui n'appartient qu'\u00e0 elle.\r","authors":["Christine Van Acker"],"category_codes":["1000000","1010000"],"visuals":{"large":"https:\/\/images.epagine.fr\/070\/9782874893070_1_75.jpg","medium":"https:\/\/images.epagine.fr\/070\/9782874893070_1_m.jpg","thumbnail":"https:\/\/images.epagine.fr\/070\/9782874893070_1_v.jpg"},"orderable":true,"show_badge":true,"formatted_price":"9,50&nbsp;\u20ac","formatted_published_date":"20 octobre 2014","publisher_availability_label":"Sur commande","short_details":"Christine Van Acker \u2014 Weyrich","translator":null,"weight":140,"page_count":92,"readership":null,"editor":"Weyrich","price":950,"published_date":"2014-10-19T22:00:00.000000Z","support":"Grand format","publisher_availability":1,"stock":0,"editions":[],"url":"https:\/\/quaidesbrumes.com\/ouvrage\/9782874893070\/le-monde-de-nestor"},{"id":"9782848190983","title":"Une bonne \u00e9toile\u00a0?","description":"Philipe ROUCARIE renoue avec ce monde de la campagne profonde qu'il a connu et explor\u00e9. Dans son petit village avec ses joies, ses peines, ses inimiti\u00e9s, ses brouilles, sa vie, ses hommes parfois simples, parfois grands. tout se croise dans ce roman au style amus\u00e9, \u00e0 l'humour discret et \u00e0 l'attachement visc\u00e9ral...\r","authors":["Philippe Roucarie"],"category_codes":["1000000","1010000"],"visuals":{"large":"https:\/\/images.epagine.fr\/983\/9782848190983_1_75.jpg","medium":"https:\/\/images.epagine.fr\/983\/9782848190983_1_m.jpg","thumbnail":"https:\/\/images.epagine.fr\/983\/9782848190983_1_v.jpg"},"orderable":true,"show_badge":true,"formatted_price":"20,00&nbsp;\u20ac","formatted_published_date":"22 juillet 2008","publisher_availability_label":"Sur commande","short_details":"Philippe Roucarie \u2014 CREER","translator":null,"weight":420,"page_count":245,"readership":null,"editor":"CREER","price":2000,"published_date":"2008-07-21T22:00:00.000000Z","support":"Grand format","publisher_availability":1,"stock":0,"editions":[],"url":"https:\/\/quaidesbrumes.com\/ouvrage\/9782848190983\/une-bonne-etoile"},{"id":"9782070138036","title":"Le couvre-feu d'octobre","description":"Octavio, jeune Fran\u00e7ais d'Oran, en Alg\u00e9rie, vit une passion avec Judith. Mais l'\u00e9t\u00e9 1955, il doit tout quitter pour rejoindre Paris afin d'y suivre ses \u00e9tudes universitaires. Lasse de l'attendre, se sentant abandonn\u00e9e, Judith se jette dans les bras du fr\u00e8re a\u00een\u00e9 d'Octavio et l'\u00e9pouse. En 1957, le couple d\u00e9barque \u00e0 son tour en m\u00e9tropole. Alors qu'Octavio s'engage dans la lutte clandestine aux c\u00f4t\u00e9s du FLN, son grand fr\u00e8re, qui est policier, choisit le camp de l'OAS. D\u00e8s lors, la trag\u00e9die est scell\u00e9e entre ces trois-l\u00e0, qui, malgr\u00e9 leurs trahisons, les querelles et tout ce qui les s\u00e9pare, continuent de s'aimer en secret... \r\n\r\nAvec ce roman d'amour somptueux, qui s'inscrit dans la lign\u00e9e de L'adieu aux armes d'Ernest Hemingway, Lancelot Hamelin nous fait revivre les violences de la guerre d'Alg\u00e9rie qui ont \u00e9t\u00e9 commises sur le territoire fran\u00e7ais, notamment \u00e0 Paris, en veillant \u00e0 montrer les crimes et les tourments de deux camps.\r","authors":["Lancelot Hamelin"],"category_codes":["1000000","1010000"],"visuals":{"large":"https:\/\/images.epagine.fr\/036\/9782070138036_1_75.jpg","medium":"https:\/\/images.epagine.fr\/036\/9782070138036_1_m.jpg","thumbnail":"https:\/\/images.epagine.fr\/036\/9782070138036_1_v.jpg"},"orderable":true,"show_badge":true,"formatted_price":"21,50&nbsp;\u20ac","formatted_published_date":"30 ao\u00fbt 2012","publisher_availability_label":"Sur commande","short_details":"Lancelot Hamelin \u2014 Gallimard","translator":null,"weight":387,"page_count":400,"readership":null,"editor":"Gallimard","price":2150,"published_date":"2012-08-29T22:00:00.000000Z","support":"Grand format","publisher_availability":1,"stock":0,"editions":[],"url":"https:\/\/quaidesbrumes.com\/ouvrage\/9782070138036\/le-couvre-feu-doctobre"},{"id":"9782367951621","title":"Le premier convoi 1848","description":"Le 22 f\u00e9vrier 1848, Paris se soul\u00e8ve contre le roi Louis Philippe. La Deuxi\u00e8me R\u00e9publique est proclam\u00e9e ; Alphonse de Lamartine impose le drapeau tricolore. Des Ateliers Nationaux destin\u00e9s \u00e0 procurer du travail aux ch\u00f4meurs parisiens sont cr\u00e9\u00e9s puis ferm\u00e9s rapidement par l'assembl\u00e9e conservatrice. Fin juin une nouvelle insurrection est r\u00e9prim\u00e9e dans le sang. Pour se d\u00e9barrasser des fauteurs de troubles on leur propose de cr\u00e9er des colonies agricoles en Alg\u00e9rie. Un d\u00e9cret du 20 septembre 1848 stipule que les colons doivent partir le plus vite possible. L'auteure nous invite \u00e0 embarquer avec eux dans ce passionnant roman qui raconte l'histoire de ce premier des dix-sept convois, en octobre 1848.? C'\u00e9taient des hommes et femmes simples et rudes, prol\u00e9taires aux mains calleuses, artisans, boutiquiers... Ils s'\u00e9taient faits beaux pour le jour ensoleill\u00e9 o\u00f9 l'on se d\u00e9barrassait d'eux, ils fuyaient vers les fortunes les plus diverses, charogne pour les Arabes, comme on le leur crierait parfois sur la route, quand on voudrait les humilier. Transport\u00e9s. D\u00e9port\u00e9s. Avec tous les honneurs de la R\u00e9publique.","authors":["Mich\u00e8le Perret"],"category_codes":["1000000","1010000"],"visuals":{"large":"https:\/\/images.epagine.fr\/621\/9782367951621_1_75.jpg","medium":"https:\/\/images.epagine.fr\/621\/9782367951621_1_m.jpg","thumbnail":"https:\/\/images.epagine.fr\/621\/9782367951621_1_v.jpg"},"orderable":true,"show_badge":true,"formatted_price":"9,50&nbsp;\u20ac","formatted_published_date":"15 mars 2024","publisher_availability_label":"Sur commande","short_details":"Mich\u00e8le Perret \u2014 Chevre Feuille Etoilee","translator":null,"weight":180,"page_count":248,"readership":null,"editor":"Chevre Feuille Etoilee","price":950,"published_date":"2024-03-14T23:00:00.000000Z","support":"Grand format","publisher_availability":1,"stock":0,"editions":["9782367951409"],"url":"https:\/\/quaidesbrumes.com\/ouvrage\/9782367951621\/le-premier-convoi-1848"},{"id":"9782752907646","title":"Samourai william","description":"Parti pour l'oc\u00e9an Pacifique en 1598 avec une flotte hollandaise, le navigateur anglais William Adams se retrouve, \u00e0 la suite d'une temp\u00eate, rejet\u00e9 sur les c\u00f4tes du Japon jusquel\u00e0 tr\u00e8s peu connu du monde occidental.\r\nDevenu conseiller pour les affaires \u00e9trang\u00e8res d'un shogoun admiratif de ses connaissances en navigation, Adams adoptera si bien les moeurs du pays qu'il y mourra sans jamais revenir dans son Angleterre natale.\r","authors":["Giles Milton","Anne-Marie Hussein"],"category_codes":["1000000","1010000"],"visuals":{"large":"https:\/\/images.epagine.fr\/646\/9782752907646_1_75.jpg","medium":"https:\/\/images.epagine.fr\/646\/9782752907646_1_m.jpg","thumbnail":"https:\/\/images.epagine.fr\/646\/9782752907646_1_v.jpg"},"orderable":true,"show_badge":true,"formatted_price":"11,70&nbsp;\u20ac","formatted_published_date":"4 octobre 2012","publisher_availability_label":"Sur commande","short_details":"Giles Milton, Anne-Marie Hussein \u2014 Libretto","translator":"ANNE-MARIE HUSSEIN","weight":354,"page_count":416,"readership":null,"editor":"Libretto","price":1170,"published_date":"2012-10-03T22:00:00.000000Z","support":"Poche","publisher_availability":1,"stock":0,"editions":["9782882501370"],"url":"https:\/\/quaidesbrumes.com\/ouvrage\/9782752907646\/samourai-william"},{"id":"9782234061170","title":"O\u00f9 on va, papa ?","description":"Cher Mathieu, cher Thomas, Quand vous \u00e9tiez petits, j'ai eu quelquefois la tentation, \u00e0 No\u00ebl, de vous off rir un livre, un Tintin par exemple. On aurait pu en parler ensemble apr\u00e8s. Je connais bien Tintin, je les ai lus tous plusieurs fois. Je ne l'ai jamais fait. Ce n'\u00e9tait pas la peine, vous ne saviez pas lire. Vous ne saurez jamais lire. Jusqu'\u00e0 la fi n, vos cadeaux de No\u00ebl seront des cubes ou des petites voitures...\r\n\r\nJusqu'\u00e0 ce jour, je n'ai jamais parl\u00e9 de mes deux gar\u00e7ons. Pourquoi ? J'avais honte ? Peur qu'on me plaigne ? Tout cela un peu m\u00e9lang\u00e9. Je crois, surtout, que c'\u00e9tait pour \u00e9chapper \u00e0 la question terrible : \u00ab Qu'est-ce qu'ils font ? \u00bb Aujourd'hui que le temps presse, que la fi n du monde est proche et que je suis de plus en plus biod\u00e9gradable, j'ai d\u00e9cid\u00e9 de leur \u00e9crire un livre. Pour qu'on ne les oublie pas, qu'il ne reste pas d'eux seulement une photo sur une carte d'invalidit\u00e9. Peut-\u00eatre pour dire mes remords. Je n'ai pas \u00e9t\u00e9 un tr\u00e8s bon p\u00e8re. Souvent, je ne les supportais pas. Avec eux, il fallait une patience d'ange, et je ne suis pas un ange. Quand on parle des enfants handicap\u00e9s, on prend un air de circonstance, comme quand on parle d'une catastrophe. Pour une fois, je voudrais essayer de parler d'eux avec le sourire. Ils m'ont fait rire avec leurs b\u00eatises, et pas toujours involontairement. Gr\u00e2ce \u00e0 eux, j'ai eu des avantages sur les parents d'enfants normaux. Je n'ai pas eu de soucis avec leurs \u00e9tudes ni leur orientation professionnelle. Nous n'avons pas eu \u00e0 h\u00e9siter entre fi li\u00e8re scientifi que et fi li\u00e8re litt\u00e9raire. Pas eu \u00e0 nous inqui\u00e9ter de savoir ce qu'ils feraient plus tard, on a su rapidement que ce serait : rien. Et surtout, pendant de nombreuses ann\u00e9es, j'ai b\u00e9n\u00e9fi ci\u00e9 d'une vignette automobile gratuite. Gr\u00e2ce \u00e0 eux, j'ai pu rouler dans des grosses voitures am\u00e9ricaines. \r\nJean-Louis Fournier\r","authors":["Jean-Louis Fournier"],"category_codes":["1000000","1010000"],"visuals":{"large":"https:\/\/images.epagine.fr\/170\/9782234061170_1_75.jpg","medium":"https:\/\/images.epagine.fr\/170\/9782234061170_1_m.jpg","thumbnail":"https:\/\/images.epagine.fr\/170\/9782234061170_1_v.jpg"},"orderable":true,"show_badge":true,"formatted_price":"15,30&nbsp;\u20ac","formatted_published_date":"20 ao\u00fbt 2008","publisher_availability_label":"Sur commande","short_details":"Jean-Louis Fournier \u2014 Stock","translator":null,"weight":230,"page_count":154,"readership":null,"editor":"Stock","price":1530,"published_date":"2008-08-19T22:00:00.000000Z","support":"Grand format","publisher_availability":1,"stock":0,"editions":[],"url":"https:\/\/quaidesbrumes.com\/ouvrage\/9782234061170\/ou-on-va-papa"},{"id":"9782070125562","title":"Dimensions ; carnets XV, 1993","description":"Je ne l\u00e2cherai pas. Je m'incrusterai dans la Vie. Je d\u00e9ploierai toute ma volont\u00e9. Je n'ai pas fini d'etre.'  'Se souvenir que : ce qui vit a v\u00e9cu et vivra. Nous sommes nos morts comme nos morts sont nous. Nous sommes Dieu comme Dieu est nous. Nous sommes Vie comme la Vie est nous.'  'Parlons de Dieu! Parlons de Dieu! Que toute cette pourriture du monde de l'argent et de l'inculture qui nous \u00e9touffe parte en poussicre autour de nous. Parlons de Dieu!'  'J'ai mis ma vie \u00b4r chercher \u00b4r etre moi-meme. Pour ce faire, car il est probable qu'on peut le faire diff\u00e9remment, je me suis retir\u00e9 des hommes \u00b4r l'\u00e2ge ou il est ais\u00e9 parmi eux de briller. Mon temps a \u00e9t\u00e9 occup\u00e9 \u00b4r m'\u00e9difier, sans souci de plaire ou de d\u00e9plaire. Mon travail, qui fut intensif, est le r\u00e9sultat de cette rigueur.\r","authors":["Louis Calaferte"],"category_codes":["1000000","1010000"],"visuals":{"large":"https:\/\/images.epagine.fr\/562\/9782070125562_1_75.jpg","medium":"https:\/\/images.epagine.fr\/562\/9782070125562_1_m.jpg","thumbnail":"https:\/\/images.epagine.fr\/562\/9782070125562_1_v.jpg"},"orderable":true,"show_badge":true,"formatted_price":"26,90&nbsp;\u20ac","formatted_published_date":"4 juin 2009","publisher_availability_label":"Sur commande","short_details":"Louis Calaferte \u2014 Gallimard","translator":null,"weight":270,"page_count":224,"readership":null,"editor":"Gallimard","price":2690,"published_date":"2009-06-03T22:00:00.000000Z","support":"Grand format","publisher_availability":1,"stock":0,"editions":[],"url":"https:\/\/quaidesbrumes.com\/ouvrage\/9782070125562\/dimensions-carnets-xv-1993"},{"id":"9789954611524","title":"Coups de soleil","description":"Coups de soleil de Val\u00e9rie Morales Attias est d'abord un roman d'amour, une qu\u00eate illusoire d'une ville et d'un amant, une mystification d'Eros qui conduit la narratrice \u00e0 revenir sur les traces de ses premiers \u00e9bats amoureux. Paradis, parce que perdu, moi qui suis sans lumi\u00e8re \u00e0 jamais (Cortazar). Le d\u00e9racinement a conduit la narratrice et sa m\u00e8re de l'autre c\u00f4t\u00e9 de la m\u00e9diterran\u00e9e : \u00ab Les premiers jours \u00e0 Paris, ma m\u00e8re marchait le nez en l'air et regardait le ciel plomb\u00e9 avec stupeur. Elle n'en revenait pas, tromp\u00e9e une fois de plus dans ses croyances, cette vieille enfant tentait d'agir comme si de rien n'\u00e9tait \u00bb. Ensuite la narratrice trouve un travail, \u00e9pouse le patron de l'usine. Sa m\u00e8re s'appelle Blanche... \u00ab Chez nous un nom pareil, \u00e7a ne pouvait pas exister \u00bb. ...Val\u00e9rie Morales-Attias brosse un portrait au vitriol de cette bourgeoisie provinciale comme ce mari, Pierre Henri qui s'est mari\u00e9 \u00ab contre ses parents, leurs amis, contre ce cur\u00e9 qui roulait des yeux de passion car jamais vu personne comme mon ardente maman. Contre les amis des grandes \u00e9coles... \u00bb. Ou encore : \u00ab Il est persuad\u00e9, le malheureux, que Sade est l'auteur des Liaisons dangereuses. Tromp\u00e9 dans ses litt\u00e9ratures, Pierre-Henri se rattrape au cin\u00e9ma. Ses m\u00e8ches claires savamment \u00e9bouriff\u00e9es, il s'entra\u00eene, le bougre, \u00e0 rouler des yeux vicieux comme John Malcovitch... \u00bb Apr\u00e8s \u00e7a le divorce en attendant le retour refoul\u00e9. \u00bb\r","authors":["Val\u00e9rie Morales attias"],"category_codes":["1000000","1010000"],"visuals":{"large":"https:\/\/images.epagine.fr\/524\/9789954611524_1_75.jpg","medium":"https:\/\/images.epagine.fr\/524\/9789954611524_1_m.jpg","thumbnail":"https:\/\/images.epagine.fr\/524\/9789954611524_1_v.jpg"},"orderable":true,"show_badge":true,"formatted_price":"13,00&nbsp;\u20ac","formatted_published_date":"1er d\u00e9cembre 2016","publisher_availability_label":"Sur commande","short_details":"Val\u00e9rie Morales attias \u2014 Casa-Express","translator":null,"weight":234,"page_count":164,"readership":null,"editor":"Casa-Express","price":1300,"published_date":"2016-11-30T23:00:00.000000Z","support":"Grand format","publisher_availability":1,"stock":0,"editions":[],"url":"https:\/\/quaidesbrumes.com\/ouvrage\/9789954611524\/coups-de-soleil"},{"id":"9782742790913","title":"Mandela et moi","description":"Espi\u00e8gle et frondeur, le jeune Zoulou Dumisani Gumede grandit dans le cadre bucolique des montagnes sud-africaines.\r\nCet irr\u00e9sistible s\u00e9ducteur - seule l'inaccessible Nobuhle, la Tr\u00e8s Belle, se refuse \u00e0 lui - voit son adolescence marqu\u00e9e par deux exaltations : son go\u00fbt prononc\u00e9, voire obsessionnel, pour le badinage et le sexe, et une adoration inconditionnelle pour Mandela, l'\u00e9nergique leader de l'ANC alors recherch\u00e9 par tous les policiers du pays, id\u00e9ale incarnation du courage et de la virilit\u00e9. Son existence enti\u00e8re sera gouvern\u00e9e par ces deux p\u00f4les devenus indissociables et...\r\nInteractifs clans son esprit. Roman de formation atypique et audacieux, Mandela et moi \u00e9voque tout un pan de l'histoire de l'Afrique du Sud, les savoureuses anecdotes relatives \u00e0 la vie quotidienne de la communaut\u00e9 zouloue n'\u00e9ludant pas la violence ordinaire - familiale, rituelle, politique, touristique. Sagesse et humour se c\u00f4toient sans cesse dans cette fable truculente et d\u00e9cal\u00e9e, hommage joyeux au grand Mandela et aux forces vitales les plus essentielles.\r","authors":["Lewis Nkosi","Charlotte Woillez"],"category_codes":["1000000","1010000"],"visuals":{"large":"https:\/\/images.epagine.fr\/913\/9782742790913_1_75.jpg","medium":"https:\/\/images.epagine.fr\/913\/9782742790913_1_m.jpg","thumbnail":"https:\/\/images.epagine.fr\/913\/9782742790913_1_v.jpg"},"orderable":true,"show_badge":true,"formatted_price":"21,30&nbsp;\u20ac","formatted_published_date":"12 juin 2010","publisher_availability_label":"Sur commande","short_details":"Lewis Nkosi, Charlotte Woillez \u2014 Actes Sud","translator":"CHARLOTTE WOILLEZ","weight":238,"page_count":253,"readership":null,"editor":"Actes Sud","price":2130,"published_date":"2010-06-11T22:00:00.000000Z","support":"Grand format","publisher_availability":1,"stock":0,"editions":[],"url":"https:\/\/quaidesbrumes.com\/ouvrage\/9782742790913\/mandela-et-moi"},{"id":"9782918767978","title":"L'employ\u00e9","description":"Une ville grise et jamais nomm\u00e9e, baign\u00e9e par les pluies acides, survol\u00e9e par des h\u00e9licopt\u00e8res mena\u00e7ants. Des hordes d'affam\u00e9s dorment sur les trottoirs et des chiens clon\u00e9s r\u00f4dent dans les rues. Tous les matins, une arm\u00e9e de travailleurs en col blanc sort des bouches du m\u00e9tro pour regagner servilement leur bureau. Parmi eux, un employ\u00e9, l'employ\u00e9, est pr\u00eat comme les autres \u00e0 toutes les humiliations pour conserver son travail...\r\nJusqu'au jour o\u00f9 il tombe amoureux et commence \u00e0 r\u00eaver de devenir un autre. De quoi peut se rendre capable un homme qui s'accroche \u00e0 son r\u00eave ?? L'Employ\u00e9 est une dystopie gla\u00e7ante, empreinte d'une sombre po\u00e9sie. Son narrateur assoiff\u00e9 d'amour \u00e9volue dans un univers qui \u00e9voque autant J. G. Ballard que le Terry Gilliam de Brazil. Pr\u00e9face de Rodrigo Fres\u00e1n. Traduit de l'espagnol (Argentine) par Mich\u00e8le Guillemont.\r\n\"Etonnant et oppressant\". Livres Hebdo \"? Avec sa prose d\u00e9charn\u00e9e et m\u00e9dullaire, sa trame impitoyable et sombre, admirable \u00e0 tous \u00e9gards, L'Employ\u00e9 est la meilleure porte d'entr\u00e9e \u00e0 la nuit obscure de l'\u00e2me de l'univers saccomannien\". Rodrigo Fres\u00e1n\r","authors":["Guillermo Saccomanno","Mich\u00e8le Guillemont","Rodrigo Fresan"],"category_codes":["1000000","1010000"],"visuals":{"large":"https:\/\/images.epagine.fr\/978\/9782918767978_1_75.jpg","medium":"https:\/\/images.epagine.fr\/978\/9782918767978_1_m.jpg","thumbnail":"https:\/\/images.epagine.fr\/978\/9782918767978_1_v.jpg"},"orderable":true,"show_badge":false,"formatted_price":"18,00&nbsp;\u20ac","formatted_published_date":"5 mars 2020","publisher_availability_label":"Sur commande","short_details":"Guillermo Saccomanno, Mich\u00e8le Guillemont, Rodrigo Fresan \u2014 Asphalte \u00c9ditions","translator":"MICHELE GUILLEMONT","weight":212,"page_count":192,"readership":null,"editor":"Asphalte \u00c9ditions","price":1800,"published_date":"2020-03-04T23:00:00.000000Z","support":"Grand format","publisher_availability":1,"stock":1,"editions":[],"url":"https:\/\/quaidesbrumes.com\/ouvrage\/9782918767978\/lemploye"},{"id":"9782842681869","title":"Autour du bouddha de saphir","description":"Dans le Laos des ann\u00e9es trente, dans les montagnes du pays Mnong, la petite ville de Korpulak vit bien de bien cocasses aventures.\r\nMonsieur le Haut-Commissaire Escarbougnas, v\u00e9ritable Tartuffe de l'administration coloniale fran\u00e7aise dont la soif de grandeur n'a d'\u00e9gal que son \u00e9go\u00efsme et sa m\u00e9diocrit\u00e9, affronte de vrais broussards honn\u00eates et misogynes comme il se doit, entour\u00e9s d'une population bon enfant et paresseuse, qui essaient tant bien que mal de maintenir une... certaine id\u00e9e de la France dans des p\u00e9rip\u00e9ties \u00e0 rebondissements.\r\nSatire f\u00e9roce d'une communaut\u00e9 qui outrepasse ses droits dans ce roman d'aventures qui n'h\u00e9site pas, pour le moins, \u00e0 ridiculiser sans piti\u00e9 les protagonistes de cette histoire dont les ingr\u00e9dients savoureux m\u00e9langent tour \u00e0 tour : duplicit\u00e9 et abus de pouvoirs, adult\u00e8res et f\u00eates pantagru\u00e9liques, actes de bravoure et de l\u00e2chet\u00e9, le tout dans un langage o\u00f9 l'humour au vitriol n'\u00e9pargnent rien ni personne.\r","authors":["Louise Fontana"],"category_codes":["1000000","1010000"],"visuals":{"large":"https:\/\/images.epagine.fr\/869\/9782842681869_1_75.jpg","medium":"https:\/\/images.epagine.fr\/869\/9782842681869_1_m.jpg","thumbnail":"https:\/\/images.epagine.fr\/869\/9782842681869_1_v.jpg"},"orderable":true,"show_badge":true,"formatted_price":"15,00&nbsp;\u20ac","formatted_published_date":"22 janvier 2010","publisher_availability_label":"Sur commande","short_details":"Louise Fontana \u2014 Kailash","translator":null,"weight":343,"page_count":237,"readership":null,"editor":"Kailash","price":1500,"published_date":"2010-01-21T23:00:00.000000Z","support":"Grand format","publisher_availability":1,"stock":0,"editions":[],"url":"https:\/\/quaidesbrumes.com\/ouvrage\/9782842681869\/autour-du-bouddha-de-saphir"},{"id":"9782070446476","title":"Peau de caniche","description":"\u00ab On m'a attribu\u00e9 un r\u00f4le que je prends tr\u00e8s au s\u00e9rieux, n'en connaissant pas d'autre...\r\nChien savant... Je dirais m\u00eame caniche savant... Les rares fois o\u00f9 je suis en compagnie de mes parents, ce n'est jamais dans une situation d'enfant, mais toujours entour\u00e9e d'adultes, et jouant moi-m\u00eame le r\u00f4le d'une adulte miniature. C'est l\u00e0 que je d\u00e9sapprends \u00e0 \u00eatre ce que je suis : une enfant.\u00bb Dans ce r\u00e9cit poignant de son enfance, Dominique Zehrfuss d\u00e9montre avec pudeur et sobri\u00e9t\u00e9 que sous le vernis social se cache parfois la d\u00e9tresse la plus noire.","authors":["Dominique Zehrfuss"],"category_codes":["1000000","1010000"],"visuals":{"large":"https:\/\/images.epagine.fr\/476\/9782070446476_1_75.jpg","medium":"https:\/\/images.epagine.fr\/476\/9782070446476_1_m.jpg","thumbnail":"https:\/\/images.epagine.fr\/476\/9782070446476_1_v.jpg"},"orderable":true,"show_badge":true,"formatted_price":"6,60&nbsp;\u20ac","formatted_published_date":"13 avril 2012","publisher_availability_label":"Sur commande","short_details":"Dominique Zehrfuss \u2014 Folio","translator":null,"weight":74,"page_count":112,"readership":null,"editor":"Folio","price":660,"published_date":"2012-04-12T22:00:00.000000Z","support":"Poche","publisher_availability":1,"stock":0,"editions":[],"url":"https:\/\/quaidesbrumes.com\/ouvrage\/9782070446476\/peau-de-caniche"}]}