{"data":[{"id":"9782234064409","title":"Poser nue \u00e0 la Havane","description":"\u00ab Je hais ce qui est nocturne, je d\u00e9teste me trouver en situation de ne pas voir o\u00f9 je pose le pied. La Havane palpite, promet, se dilate \u00e0 mes pieds en glissant sur l'humidit\u00e9 \u00e9th\u00e9r\u00e9e. Cuba tout enti\u00e8re doit \u00eatre encore plus loin que ce que je ne peux pas t\u00e2ter, elle se prolonge et je sens la profonde immensit\u00e9 m'avaler comme la gueule du loup. \u00bbWendy Guerra a toujours \u00e9t\u00e9 fascin\u00e9e par Ana\u00efs Nin. Entre elles, un monde. Et pourtant des similitudes troublantes : la place du p\u00e8re, un certain id\u00e9alisme, l'\u00e9criture, Cuba et surtout le journal. Comme Ana\u00efs Nin, Wendy Guerra tient un journal depuis l'enfance dans lequel elle enferme sa vie quotidienne. C'est la forme litt\u00e9raire qu'elle a par ailleurs utilis\u00e9e dans son premier roman, Tout le monde s'en va.\r\nNous sommes en 1922. Ana\u00efs Nin part \u00e0 Cuba sur les traces d'un p\u00e8re absent et fantasm\u00e9, \u00e0 la d\u00e9couverte de la famille paternelle. Dans son journal, peu d'allusions \u00e0 cette p\u00e9riode. De sa plume riche en images saisissantes, Wendy Guerra imagine ce qu'Ana\u00efs a pu ressentir en arrivant sur l'\u00eele et superpose ainsi ses pens\u00e9es apocryphes aux confessions r\u00e9elles de la jeune Ana\u00efs Nin, restituant ainsi la voix d'une \u00e2me \u00e0 la recherche de son identit\u00e9 : \u00ab Je veux commencer \u00e0 me constituer une Cuba personnelle. Irr\u00e9vocablement mienne. \u00bb","authors":["Wendy Guerra"],"category_codes":["1000000","1010000"],"visuals":{"large":"https:\/\/images.epagine.fr\/409\/9782234064409_1_75.jpg","medium":"https:\/\/images.epagine.fr\/409\/9782234064409_1_m.jpg","thumbnail":"https:\/\/images.epagine.fr\/409\/9782234064409_1_v.jpg"},"orderable":true,"show_badge":true,"formatted_price":"27,00&nbsp;\u20ac","formatted_published_date":"22 septembre 2010","publisher_availability_label":"Sur commande","short_details":"Wendy Guerra \u2014 Stock","translator":"MARIANNE MILLON","weight":400,"page_count":312,"readership":null,"editor":"Stock","price":2700,"published_date":"2010-09-21T22:00:00.000000Z","support":"Grand format","publisher_availability":1,"stock":0,"editions":[],"url":"https:\/\/quaidesbrumes.com\/ouvrage\/9782234064409\/poser-nue-a-la-havane"},{"id":"9782918397069","title":"Rindi-rindo","description":null,"authors":["Jean-marie Fran\u00e7ois"],"category_codes":["1000000","1010000"],"visuals":{"large":"https:\/\/quaidesbrumes.com\/img\/book-placeholder.png","medium":"https:\/\/quaidesbrumes.com\/img\/book-placeholder.png","thumbnail":"https:\/\/quaidesbrumes.com\/img\/book-placeholder.png"},"orderable":true,"show_badge":true,"formatted_price":"15,00&nbsp;\u20ac","formatted_published_date":"1er juillet 2011","publisher_availability_label":"Sur commande","short_details":"Jean-marie Fran\u00e7ois \u2014 Editions Du Labyrinthe","translator":null,"weight":550,"page_count":null,"readership":null,"editor":"Editions Du Labyrinthe","price":1500,"published_date":"2011-06-30T22:00:00.000000Z","support":"Grand format","publisher_availability":1,"stock":0,"editions":[],"url":"https:\/\/quaidesbrumes.com\/ouvrage\/9782918397069\/rindi-rindo"},{"id":"9782915232691","title":"\u00e0 coups de pied-de-mouche","description":"\u00c0 l'origine, \u00e0 coups de pied-de-mouche fut un journal intermittent entrecoup\u00e9 de notations non dat\u00e9es :\r\nNouvelles en trois lignes, r\u00eave dont on s'\u00e9veille au milieu de la nuit, choses vues et entendues, r\u00e9serve de citations, aventures de l'imm\u00e9diat.\r\nLes rep\u00e8res temporels s'estompant, s'y substitua peu \u00e0 peu, la cartographie d'une vie dans ses navettes entre ses lieux (New York, Paris, l'enfance) et dans ses constantes :\r\nL'attention au \u00ab murmure \u00bb et \u00e0 la prose du monde.\r","authors":["Eug\u00e8ne Nicole"],"category_codes":["1000000","1010000"],"visuals":{"large":"https:\/\/images.epagine.fr\/691\/9782915232691_1_75.jpg","medium":"https:\/\/images.epagine.fr\/691\/9782915232691_1_m.jpg","thumbnail":"https:\/\/images.epagine.fr\/691\/9782915232691_1_v.jpg"},"orderable":true,"show_badge":true,"formatted_price":"15,00&nbsp;\u20ac","formatted_published_date":"1er janvier 2011","publisher_availability_label":"Sur commande","short_details":"Eug\u00e8ne Nicole \u2014 Le Bleu Du Ciel","translator":null,"weight":154,"page_count":128,"readership":null,"editor":"Le Bleu Du Ciel","price":1500,"published_date":"2010-12-31T23:00:00.000000Z","support":"Grand format","publisher_availability":1,"stock":0,"editions":[],"url":"https:\/\/quaidesbrumes.com\/ouvrage\/9782915232691\/a-coups-de-pied-de-mouche"},{"id":"9782842423322","title":"Hanemann","description":"Alors que la d\u00e9faite nazie est imminente, les Allemands fuient Danzig en masse. Hanemann, un m\u00e9decin allemand, \u00e9chappe \u00e0 la mort quand il refuse de monter \u00e0 bord du transbordeur qui devait l'emmener en lieu s\u00fbr et qui sera coul\u00e9. Il regagne son domicile o\u00f9 il est t\u00e9moin de l'arriv\u00e9e des Polonais d\u00e9plac\u00e9s des confi ns de l'Est qui, chass\u00e9s de leurs foyers, sont contraints d'investir les demeures abandonn\u00e9es par les Allemands. Compl\u00e8tement d\u00e9prim\u00e9 par la mort de sa compagne, Hanemann est rong\u00e9 par un profond doute existentiel. Il revient peu \u00e0 peu \u00e0 la vie lorsqu'il rencontre une jeune femme pr\u00e9nomm\u00e9e Hanka. Ce roman a connu un franc succ\u00e8s en Pologne d\u00e8s sa parution.\r\nIl est consid\u00e9r\u00e9 comme l'oeuvre polonaise la plus marquante de la derni\u00e8re d\u00e9cade du XXe si\u00e8cle.\r","authors":["Stefan Chwin","Lydia Waleryszak"],"category_codes":["1000000","1010000"],"visuals":{"large":"https:\/\/images.epagine.fr\/322\/9782842423322_1_75.jpg","medium":"https:\/\/images.epagine.fr\/322\/9782842423322_1_m.jpg","thumbnail":"https:\/\/images.epagine.fr\/322\/9782842423322_1_v.jpg"},"orderable":true,"show_badge":true,"formatted_price":"22,00&nbsp;\u20ac","formatted_published_date":"5 octobre 2012","publisher_availability_label":"Sur commande","short_details":"Stefan Chwin, Lydia Waleryszak \u2014 CIRCE","translator":"LYDIA WALERYSZAK","weight":290,"page_count":320,"readership":null,"editor":"CIRCE","price":2200,"published_date":"2012-10-04T22:00:00.000000Z","support":"Grand format","publisher_availability":1,"stock":0,"editions":[],"url":"https:\/\/quaidesbrumes.com\/ouvrage\/9782842423322\/hanemann"},{"id":"9782915120813","title":"Un peu de toi","description":"Au lendemain de la mort de la femme qu'il aime, le narrateur entreprend de dire encore un peu de toi. Il convoque ses souvenirs, se rappelle les discussions, les r\u00eaves communs, les d\u00e9chirures communes, l'esp\u00e9rance et la foi communes, le partage des \u00e9motions que procurent l'art, la musique, la litt\u00e9rature et le combat contre la maladie. En contrepoint du r\u00e9cit, une interpr\u00e9tation du Cantique des cantiques : chant d'amour au sanctuaire des corps m\u00eal\u00e9s quand la fusion des sueurs, des peaux et des chairs est de fait celle des \u00e2mes.\r","authors":["Michel S\u00e9onnet"],"category_codes":["1000000","1010000"],"visuals":{"large":"https:\/\/images.epagine.fr\/813\/9782915120813_1_75.jpg","medium":"https:\/\/images.epagine.fr\/813\/9782915120813_1_m.jpg","thumbnail":"https:\/\/images.epagine.fr\/813\/9782915120813_1_v.jpg"},"orderable":true,"show_badge":true,"formatted_price":"15,00&nbsp;\u20ac","formatted_published_date":"10 octobre 2012","publisher_availability_label":"Sur commande","short_details":"Michel S\u00e9onnet \u2014 L'Amourier","translator":null,"weight":192,"page_count":144,"readership":null,"editor":"L'Amourier","price":1500,"published_date":"2012-10-09T22:00:00.000000Z","support":"Grand format","publisher_availability":1,"stock":0,"editions":[],"url":"https:\/\/quaidesbrumes.com\/ouvrage\/9782915120813\/un-peu-de-toi"},{"id":"9782914773522","title":"Tunis blues","description":"Quel est l'incendiaire des voitures de luxe qui br\u00fblent de plus en plus souvent dans les quartiers chics de Tunis ?\r\n\r\nCes incendies vont r\u00e9unir trois personnes qui n'\u00e9taient pas faites pour se rencontrer : Isma\u00efl, juge solitaire et rigoriste ; Choucha, journaliste et femme lib\u00e9r\u00e9e ; Jamel - dit Jimmy -, dandy et loubard.\r\n\r\nLeur chemin croisera Elyssa, jeune et riche bourgeoise, mari\u00e9e \u00e0 l'un des hommes les plus importants de Tunis, mais qui m\u00e8ne une vie d'ennui.\r\n\r\nAinsi que celui de Lola, la voyante au grand coeur. C'est elle qui fera \u00e9clater les carcans qui enfermaient tous ces personnages. Mais aucun n'en sortira indemne. Leurs vies ne seront plus jamais comme avant.\r\n\r\nA la fois polar, \u00e9tude de moeurs, focus sur une soci\u00e9t\u00e9 quasi schizophr\u00e8ne, \u00e9cartel\u00e9e entre le poids de l'islam et la soif de libert\u00e9, ce roman est une partition \u00e0 cinq voix sur un tempo de blues pour piano d\u00e9saccord\u00e9.\r","authors":["Ali B\u00e9cheur"],"category_codes":["1000000","1010000"],"visuals":{"large":"https:\/\/images.epagine.fr\/522\/9782914773522_1_75.jpg","medium":"https:\/\/images.epagine.fr\/522\/9782914773522_1_m.jpg","thumbnail":"https:\/\/images.epagine.fr\/522\/9782914773522_1_v.jpg"},"orderable":true,"show_badge":true,"formatted_price":"18,50&nbsp;\u20ac","formatted_published_date":"1er janvier 2002","publisher_availability_label":"Sur commande","short_details":"Ali B\u00e9cheur \u2014 Zellige","translator":null,"weight":279,"page_count":216,"readership":null,"editor":"Zellige","price":1850,"published_date":"2001-12-31T23:00:00.000000Z","support":"Grand format","publisher_availability":1,"stock":0,"editions":[],"url":"https:\/\/quaidesbrumes.com\/ouvrage\/9782914773522\/tunis-blues"},{"id":"9782283026052","title":"06 h 41","description":"Le train de 06h41, d\u00e9part Troyes, arriv\u00e9e Paris. Bond\u00e9, comme tous les lundis matins. C\u00e9cile Duffaut, 47 ans, revient d\u00b4un week-end \u00e9puisant chez ses parents. Elle a h\u00e2te de retrouver son mari, sa fille et sa situation de chef-d\u00b4entreprise. La place \u00e0 c\u00f4t\u00e9 d\u00b4elle est libre. S\u00b4y installe, apr\u00e8s une l\u00e9g\u00e8re h\u00e9sitation, Philippe Leduc. C\u00e9cile et lui ont \u00e9t\u00e9 amants vingt-sept ans auparavant, pendant quelques mois. Cela s\u00b4est tr\u00e8s mal pass\u00e9. \u00c0 leur insu, cette histoire avort\u00e9e et d\u00e9sagr\u00e9able a profond\u00e9ment modifi\u00e9 leurs chemins respectifs. Tandis que le train roule vers Paris et que le silence s\u00b4installe, les images remontent. Ils ont une heure et demie pour d\u00e9cider de ce qui les attend.\r","authors":["Jean-Philippe Blondel"],"category_codes":["1000000","1010000"],"visuals":{"large":"https:\/\/images.epagine.fr\/052\/9782283026052_1_75.jpg","medium":"https:\/\/images.epagine.fr\/052\/9782283026052_1_m.jpg","thumbnail":"https:\/\/images.epagine.fr\/052\/9782283026052_1_v.jpg"},"orderable":true,"show_badge":true,"formatted_price":"15,00&nbsp;\u20ac","formatted_published_date":"3 janvier 2013","publisher_availability_label":"Sur commande","short_details":"Jean-Philippe Blondel \u2014 \u00c9ditions Buchet\/Chastel","translator":null,"weight":236,"page_count":232,"readership":null,"editor":"\u00c9ditions Buchet\/Chastel","price":1500,"published_date":"2013-01-02T23:00:00.000000Z","support":"Grand format","publisher_availability":1,"stock":0,"editions":[],"url":"https:\/\/quaidesbrumes.com\/ouvrage\/9782283026052\/06-h-41"},{"id":"9782253168669","title":"Le garcon d'\u00e0 c\u00f4t\u00e9","description":"Dans la banlieue tranquille du Middle West o\u00f9 Sarah vit avec ses enfants, Nate et Danny, la nouvelle fait l'effet d'une bombe : leurs voisins, et amis, les Kendricks sont accus\u00e9s de p\u00e9dophilie. L'horreur \u00e9tait sous ses yeux, et pourtant Sarah n'a rien vu, rien senti... Malgr\u00e9 l'\u00e9quilibre fragile qu'elle tente de maintenir au sein de sa famille depuis la mort de son mari, elle d\u00e9cide d'accueillir Jordan, le fils des Kendricks, victime d'abus. Sarah, Nate et Danny - l'adulte, l'adolescent et l'enfant - vont devoir changer de regard, r\u00e9inventer leurs r\u00f4les respectifs et leurs certitudes pour redonner \u00e0 Jordan go\u00fbt \u00e0 la vie et l'aider \u00e0 grandir.\r","authors":["Katrina Kittle","Nathalie Barri\u00e9"],"category_codes":["1000000","1010000"],"visuals":{"large":"https:\/\/images.epagine.fr\/669\/9782253168669_1_75.jpg","medium":"https:\/\/images.epagine.fr\/669\/9782253168669_1_m.jpg","thumbnail":"https:\/\/images.epagine.fr\/669\/9782253168669_1_v.jpg"},"orderable":true,"show_badge":true,"formatted_price":"7,90&nbsp;\u20ac","formatted_published_date":"27 mars 2013","publisher_availability_label":"Sur commande","short_details":"Katrina Kittle, Nathalie Barri\u00e9 \u2014 Le Livre de Poche","translator":"NATHALIE BARRIE","weight":298,"page_count":576,"readership":null,"editor":"Le Livre de Poche","price":790,"published_date":"2013-03-26T23:00:00.000000Z","support":"Poche","publisher_availability":1,"stock":0,"editions":[],"url":"https:\/\/quaidesbrumes.com\/ouvrage\/9782253168669\/le-garcon-da-cote"},{"id":"9782865773169","title":"Ab intestat : un caillou dans ma chaussure","description":"Que se passe-t-il apr\u00e8s l'horreur\u00a0? Comment les survivants composent-ils pour continuer leur route\u00a0? Qu'advient-il quand le meurtrier n'a pas laiss\u00e9 de testament\u00a0?\r\n\r\nGuilhem Jordi, r\u00e9cemment mut\u00e9 \u00e0 la brigade criminelle de P\u00e9rigueux depuis sa Cerdagne natale, rouvre le dossier du meurtre d'une femme sous les coups de son compagnon. En qu\u00eate de v\u00e9rit\u00e9, il affronte malgr\u00e9 lui ses propres d\u00e9mons.\r\n\r\nAb intestat\u00a0: Succession ab intestat, en l'absence de testament de la personne d\u00e9c\u00e9d\u00e9e, les biens sont attribu\u00e9s aux h\u00e9ritiers selon les termes pr\u00e9vus par la loi.","authors":["Jallia Russiali"],"category_codes":["1000000","1010000"],"visuals":{"large":"https:\/\/images.epagine.fr\/169\/9782865773169_1_75.jpg","medium":"https:\/\/images.epagine.fr\/169\/9782865773169_1_m.jpg","thumbnail":"https:\/\/images.epagine.fr\/169\/9782865773169_1_v.jpg"},"orderable":true,"show_badge":true,"formatted_price":"19,00&nbsp;\u20ac","formatted_published_date":"12 octobre 2020","publisher_availability_label":"Sur commande","short_details":"Jallia Russiali \u2014 Pierre Fanlac","translator":null,"weight":400,"page_count":304,"readership":null,"editor":"Pierre Fanlac","price":1900,"published_date":"2020-10-11T22:00:00.000000Z","support":"Grand format","publisher_availability":1,"stock":0,"editions":[],"url":"https:\/\/quaidesbrumes.com\/ouvrage\/9782865773169\/ab-intestat-un-caillou-dans-ma-chaussure"},{"id":"9782930646503","title":"L'oeil de la mouche","description":"Et si la conqu\u00eate de la \u00ab belle langue \u00bb, quand on est d'origine modeste, \u00e9tait une forme de trahison ? C'est cette question, celle de l'identit\u00e9 sociale, que pose le narrateur de L'oeil de la mouche.\r\n\r\nUn homme en crise compartimente son regard, multiplie les points de vue sur son propre parcours : celui d'un enfant de mineur devenu prof, mais aussi celui de ses proches et d'anonymes crois\u00e9s au hasard.\r\n\r\nPar le jeu d'une ironie lucide et impitoyable, un arpenteur du monde social fait le proc\u00e8s d'une soci\u00e9t\u00e9 de consommation \u00e0 son paroxysme.\r","authors":["Andr\u00e9-joseph Dubois"],"category_codes":["1000000","1010000"],"visuals":{"large":"https:\/\/images.epagine.fr\/503\/9782930646503_1_75.jpg","medium":"https:\/\/images.epagine.fr\/503\/9782930646503_1_m.jpg","thumbnail":"https:\/\/images.epagine.fr\/503\/9782930646503_1_v.jpg"},"orderable":true,"show_badge":true,"formatted_price":"8,50&nbsp;\u20ac","formatted_published_date":"14 mars 2013","publisher_availability_label":"Sur commande","short_details":"Andr\u00e9-joseph Dubois \u2014 Espace Nord","translator":null,"weight":208,"page_count":224,"readership":null,"editor":"Espace Nord","price":850,"published_date":"2013-03-13T23:00:00.000000Z","support":"Grand format","publisher_availability":1,"stock":0,"editions":[],"url":"https:\/\/quaidesbrumes.com\/ouvrage\/9782930646503\/loeil-de-la-mouche"},{"id":"9782807001343","title":"Bird et le mage Ch\u00f4","description":"Que faire lorsqu'on subit un licenciement aussi brutal qu'arbitraire et que le mot \u00ab ch\u00f4mage \u00bb devient impronon\u00e7able ? La question, douloureuse, enfonce dans la sid\u00e9ration Sandrine, ex-cadre commercial d'une firme pharmaceutique. Avec, en filigrane dans la solitude et l'opacit\u00e9 des jours vides, la soif d'un p\u00e8re absent depuis l'enfance, qui vient de mourir et dont elle occupe la baraque d\u00e9glingu\u00e9e.\r\nJean-Marc, lui, se demande si le stress post-traumatique lui permettra de reprendre son travail de professeur apr\u00e8s avoir \u00e9t\u00e9 agress\u00e9 par un \u00e9l\u00e8ve. Sa br\u00e8ve rencontre avec Sandrine, ivre morte le soir de son licenciement, ravive son vieux d\u00e9sir d'\u00e9crire. La jeune femme lui serait-elle tomb\u00e9e de nulle part, comme la Bird du Baiser cannibale, son roman f\u00e9tiche, pour devenir LE personnage qu'il attendait ?\r\nEncore faudrait-il la retrouver...\r","authors":["Annie Pr\u00e9aux"],"category_codes":["1000000","1010000"],"visuals":{"large":"https:\/\/images.epagine.fr\/343\/9782807001343_1_75.jpg","medium":"https:\/\/images.epagine.fr\/343\/9782807001343_1_m.jpg","thumbnail":"https:\/\/images.epagine.fr\/343\/9782807001343_1_v.jpg"},"orderable":true,"show_badge":true,"formatted_price":"17,00&nbsp;\u20ac","formatted_published_date":"29 ao\u00fbt 2017","publisher_availability_label":"Sur commande","short_details":"Annie Pr\u00e9aux \u2014 MEO","translator":null,"weight":320,"page_count":220,"readership":null,"editor":"MEO","price":1700,"published_date":"2017-08-28T22:00:00.000000Z","support":"Grand format","publisher_availability":1,"stock":0,"editions":[],"url":"https:\/\/quaidesbrumes.com\/ouvrage\/9782807001343\/bird-et-le-mage-cho"},{"id":"9782914773607","title":"Le sommeil des volcans","description":"Rabat, 2002. Le discours salafiste, pr\u00eachant un islam radical, touche essentiellement la population jeune, profond\u00e9ment frustr\u00e9e et d\u00e9stabilis\u00e9e. A l'universit\u00e9, des batailles rang\u00e9es opposent des id\u00e9ologies virulentes, de plus en plus d'\u00e9tudiantes choisissent le port du foulard. A l'oppos\u00e9, celles qui s'y refusent se sentent menac\u00e9es, certaines \u00e9tant agress\u00e9es par des jeunes hommes endoctrin\u00e9s et violents.\r\nGreta Martin, artiste peintre d'origine allemande, divorc\u00e9e de son mari marocain, s'installe seule dans une petite villa coquette, o\u00f9 elle per\u00e7oit les subtiles traces d'un pass\u00e9 myst\u00e9rieux. Elle fait la connaissance de Driss Mehrez, ancien commissaire de police, et peu apr\u00e8s, celle de l'architecte de la villa, Siegfried de Witt.\r\nCes deux hommes seront amen\u00e9s \u00e0 tenir un r\u00f4le important dans sa vie.\r\nSurvient alors un double meurtre : une femme \u00ab moderne \u00bb et sa bonne sont assassin\u00e9es \u00e0 l'arme blanche.\r\nVengeance due \u00e0 la jalousie ? Avertissement des islamistes ? Greta se trouve alors entra\u00een\u00e9e dans un labyrinthe d'\u00e9v\u00e8nements qui concernent aussi bien son histoire personnelle que celle du pays.\r","authors":["Sabine Wollbrecht"],"category_codes":["1000000","1010000"],"visuals":{"large":"https:\/\/images.epagine.fr\/607\/9782914773607_1_75.jpg","medium":"https:\/\/images.epagine.fr\/607\/9782914773607_1_m.jpg","thumbnail":"https:\/\/images.epagine.fr\/607\/9782914773607_1_v.jpg"},"orderable":true,"show_badge":true,"formatted_price":"19,90&nbsp;\u20ac","formatted_published_date":"10 avril 2014","publisher_availability_label":"Sur commande","short_details":"Sabine Wollbrecht \u2014 Zellige","translator":null,"weight":320,"page_count":160,"readership":null,"editor":"Zellige","price":1990,"published_date":"2014-04-09T22:00:00.000000Z","support":"Grand format","publisher_availability":1,"stock":0,"editions":[],"url":"https:\/\/quaidesbrumes.com\/ouvrage\/9782914773607\/le-sommeil-des-volcans"},{"id":"9782729119775","title":"L'effrayable","description":"\u00ab Effrayable \u00bb. Avons-nous bien lu ? S'agit-il d'une faute typographique ou d'un mot forg\u00e9 par une contraction de la langue, \u00ab Effroi - effrayer \u00bb ? Nous sommes au coeur du sujet de ce livre \u00e9trange et bouleversant. Qui parle et maltraite la langue de cette fa\u00e7on ? Une petite fille ou un monstre enfant\u00e9 par un drame ancien ? Dans la chambre d'asile o\u00f9 le narrateur bic\u00e9phale est enferm\u00e9 (Karminol\/Ang\u00e9lique), se d\u00e9vide l'histoire qui a engendr\u00e9 la folie de son d\u00e9doublement. \u00ab J'\u00e9crisse de l'int\u00e9rieur de la grassouillette larme que je suis devenuss\u00e9e, moi petite fille que j'ai eu-t-\u00e9t\u00e9. \u00bb Il faut remonter aux grands-parents, dans les ann\u00e9es trente, en Allemagne, pour comprendre l'origine du choc \u00ab effrayable \u00bb qui a fig\u00e9 la vie du narrateur. Meurtres, viols, exactions continuent de semer la mort longtemps apr\u00e8s avoir \u00e9t\u00e9 commis et longtemps apr\u00e8s la disparition de ceux qui en ont \u00e9t\u00e9 les auteurs. Le docteur peut-il comprendre les violences innommables que le r\u00e9cit r\u00e9v\u00e8le sinon, comme le lecteur hypnotis\u00e9, en tentant de d\u00e9chiffrer la langue tortur\u00e9e dont use son patient, o\u00f9 s'inscrivent les blessures, les d\u00e9formations comme les marques ind\u00e9l\u00e9biles d'un traumatisme ind\u00e9passable.\r\nAndr\u00e9as Becker r\u00e9ussit dans ce premier roman le v\u00e9ritable tour de force de nous faire vivre la folie de l'int\u00e9rieur d'un \u00eatre et de la traduire dans la facture m\u00eame du r\u00e9cit. D\u00e9doublement du narrateur, d\u00e9formations de la langue participent de la progressive compr\u00e9hension de l'histoire dont la trag\u00e9die se d\u00e9couvre \u00e0 travers les s\u00e9quelles qu'elle a laiss\u00e9es dans l'esprit de celui qui nous la raconte. Que nous soyons dans la v\u00e9rit\u00e9 des faits ou dans une construction fantasm\u00e9e importe peu, le r\u00e9el est dans la t\u00eate du malade qui nous narre des \u00e9v\u00e9nements survenus bien avant sa naissance, lesquels ont produit \u00ab l'effrayable \u00bb tranquillit\u00e9 du choc.\r","authors":["Andr\u00e9as Becker"],"category_codes":["1000000","1010000"],"visuals":{"large":"https:\/\/images.epagine.fr\/775\/9782729119775_1_75.jpg","medium":"https:\/\/images.epagine.fr\/775\/9782729119775_1_m.jpg","thumbnail":"https:\/\/images.epagine.fr\/775\/9782729119775_1_v.jpg"},"orderable":true,"show_badge":true,"formatted_price":"18,00&nbsp;\u20ac","formatted_published_date":"30 ao\u00fbt 2012","publisher_availability_label":"Sur commande","short_details":"Andr\u00e9as Becker \u2014 La Difference","translator":null,"weight":286,"page_count":256,"readership":null,"editor":"La Difference","price":1800,"published_date":"2012-08-29T22:00:00.000000Z","support":"Grand format","publisher_availability":1,"stock":0,"editions":["9782829005862"],"url":"https:\/\/quaidesbrumes.com\/ouvrage\/9782729119775\/leffrayable"},{"id":"9782930646572","title":"Mes villes","description":"Toute ville d\u00e9couverte par intime n\u00e9cessit\u00e9 est un jeu de tarots, un roman d'aventures, un miroir, un labyrinthe qui devrait \u00eatre bris\u00e9, une \u00e9criture en marche. Tel ce \u00ab Londres ou le labyrinthe bris\u00e9 \u00bb, o\u00f9 Guy Vaes se d\u00e9couvre lui-m\u00eame. Ce qui s'inscrit dans les canyons de brique de Rotherhithe ou dans les spires de coquillage du mus\u00e9e de Soane, c'est la qu\u00eate d'un promeneur en route vers son \u00ab agonie cr\u00e9atrice \u00bb qui entra\u00eene ses lecteurs dans le d\u00e9dale d'un homme s\u00e9par\u00e9 de son vrai lieu natal. \u00ab Singapour \u00bb, second volet de ce diptyque, approfondit l'initiation londonienne gr\u00e2ce au kal\u00e9idoscope torride du Sud-Est asiatique. Ici s'expriment, avec v\u00e9h\u00e9mence, sur les quais du vieux port de cabotage, sous les lampions de Bugis Street, le quartier des travestis, les fantasmes du d\u00e9sir et de l'angoisse.\r","authors":["Guy Vaes"],"category_codes":["1000000","1010000"],"visuals":{"large":"https:\/\/images.epagine.fr\/572\/9782930646572_1_75.jpg","medium":"https:\/\/images.epagine.fr\/572\/9782930646572_1_m.jpg","thumbnail":"https:\/\/images.epagine.fr\/572\/9782930646572_1_v.jpg"},"orderable":true,"show_badge":true,"formatted_price":"8,00&nbsp;\u20ac","formatted_published_date":"30 mai 2013","publisher_availability_label":"Sur commande","short_details":"Guy Vaes \u2014 Espace Nord","translator":null,"weight":166,"page_count":176,"readership":null,"editor":"Espace Nord","price":800,"published_date":"2013-05-29T22:00:00.000000Z","support":"Grand format","publisher_availability":1,"stock":0,"editions":[],"url":"https:\/\/quaidesbrumes.com\/ouvrage\/9782930646572\/mes-villes"},{"id":"9782952998413","title":"1993","description":"1993. Elle \u00e9l\u00e8ve seule son enfant. Elle n'est pas plus malheureuse qu'une autre, m\u00eame si elle n'attend pas grand-chose de la vie. Elle n'a tout simplement pas de destin. Pourtant, elle tient un carnet dans lequel elle note son quotidien. Elle va croiser par hasard un homme qui, lui, a un destin, pense-t-elle. C'est un homme politique. En cette ann\u00e9e 1993 il est Premier ministre. Quel lien entre eux ? Aucun, si ce n'est que leurs vies se r\u00e9pondent et qu'entre les lignes c'est la d\u00e9faite d'une ambition, la perte d'un r\u00eave qui se joue, celui d'un monde o\u00f9 il n'y aurait plus de mis\u00e8re.\r","authors":["Yun sun Limet"],"category_codes":["1000000","1010000"],"visuals":{"large":"https:\/\/images.epagine.fr\/413\/9782952998413_1_75.jpg","medium":"https:\/\/images.epagine.fr\/413\/9782952998413_1_m.jpg","thumbnail":"https:\/\/images.epagine.fr\/413\/9782952998413_1_v.jpg"},"orderable":true,"show_badge":true,"formatted_price":"14,00&nbsp;\u20ac","formatted_published_date":"15 octobre 2009","publisher_availability_label":"Sur commande","short_details":"Yun sun Limet \u2014 La Rue De Russie","translator":null,"weight":0,"page_count":176,"readership":null,"editor":"La Rue De Russie","price":1400,"published_date":"2009-10-14T22:00:00.000000Z","support":"Grand format","publisher_availability":1,"stock":0,"editions":[],"url":"https:\/\/quaidesbrumes.com\/ouvrage\/9782952998413\/1993"},{"id":"9782070130726","title":"Tr\u00e8s bonnes nouvelles du B\u00e9nin","description":"\u00ab Toute menue, toute l\u00e9g\u00e8re, elle se tenait bien droite, une sucette \u00e0 la main et, la t\u00eate couverte de ces tresses \u00e0 pompon qu'on appelle doko, elle avait l'air d'un diablotin fac\u00e9tieux.\r\n- Que veux-tu ? gronda S\u00e8bolola.\r\nElle fit le geste d'approcher la sucette de sa bouche puis, se ravisant, d\u00e9clara :\r\n- Pardon monsieur, je voudrais r\u00e9cup\u00e9rer mon cerf-volant tomb\u00e9 dans votre carr\u00e9. Le douanier n'eut qu'une id\u00e9e, lui fermer la porte au nez. Mais le joli sourire de la fillette r\u00e9ussit \u00e0 l'amadouer.\r\n- Attends, lui dit-il, et il lui rendit le jouet, non sans pester : C'est bien la derni\u00e8re fois. Je d\u00e9teste qu'on jette des objets chez moi \u00bb.\r\nComment faire face \u00e0 la corruption, au mauvais sort, \u00e0 la st\u00e9rilit\u00e9, \u00e0 l'adversit\u00e9. ? Les intrigues cocasses des nouvelles de ce recueil permettent d'aborder ces questions avec candeur et malice. Elles mettent en sc\u00e8ne des personnages simples, d\u00e9crits avec humour et sensibilit\u00e9. De la ville au village, ces personnages nous prom\u00e8nent en des lieux qui nous deviennent vite familiers. A travers leurs tribulations et leurs m\u00e9saventures, nous d\u00e9couvrons bien des r\u00e9alit\u00e9s du B\u00e9nin, de l'Afrique, et de notre plus proche voisinage. Ce recueil de satires bienveillantes est compos\u00e9 comme autant de chapitres d'un unique roman au style alerte et plein d'agr\u00e9ment. Les histoires sont belles, leurs fins saisissent, \u00e9tonnent et surprennent, pour le grand bonheur du lecteur.\r","authors":["Jacques Dalod\u00e9"],"category_codes":["1000000","1010000"],"visuals":{"large":"https:\/\/images.epagine.fr\/726\/9782070130726_1_75.jpg","medium":"https:\/\/images.epagine.fr\/726\/9782070130726_1_m.jpg","thumbnail":"https:\/\/images.epagine.fr\/726\/9782070130726_1_v.jpg"},"orderable":true,"show_badge":true,"formatted_price":"19,50&nbsp;\u20ac","formatted_published_date":"5 janvier 2011","publisher_availability_label":"Sur commande","short_details":"Jacques Dalod\u00e9 \u2014 Gallimard","translator":null,"weight":294,"page_count":240,"readership":null,"editor":"Gallimard","price":1950,"published_date":"2011-01-04T23:00:00.000000Z","support":"Grand format","publisher_availability":1,"stock":0,"editions":[],"url":"https:\/\/quaidesbrumes.com\/ouvrage\/9782070130726\/tres-bonnes-nouvelles-du-benin"},{"id":"9782350682839","title":"M\u00e9lodies en m\u00eal\u00e9es ; 15 nouvelles du 15","description":"Tonton r\u00eave de finir son dernier match poursuivi par le public dans le champ de ma\u00efs. Il ne sera pas d\u00e9\u00e7u. Le Vieux Lion veut briser les cha\u00eenes de la violence. Benat se r\u00e9v\u00e8le \u00eatre un fin m\u00e9diateur de conflit. Une seule technique efficace, mais quelque peu radicale. Ainsi au fil des pages, l'auteur r\u00e9v\u00e8le des portraits tendres, m\u00e9lancoliques, terriblement humains avec le rugby comme toile de fond.\r\nUn rugby loin des d\u00e9rives actuelles mais qui serait simplement pr\u00e9texte \u00e0 la vie. L'enfance n'est jamais tr\u00e8s loin, l'auteur en a puis\u00e9 des souvenirs, sans doute invent\u00e9 d'autres. Il fait r\u00e9sonner une m\u00e9lodie \u00e0 l'accent basque mais qui peut \u00eatre reprise en choeur et avec coeur par tous les amoureux de la vie et du rugby\".\r","authors":["Michel Etchegaray"],"category_codes":["1000000","1010000"],"visuals":{"large":"https:\/\/images.epagine.fr\/839\/9782350682839_1_75.jpg","medium":"https:\/\/images.epagine.fr\/839\/9782350682839_1_m.jpg","thumbnail":"https:\/\/images.epagine.fr\/839\/9782350682839_1_v.jpg"},"orderable":true,"show_badge":true,"formatted_price":"5,00&nbsp;\u20ac","formatted_published_date":"2 avril 2013","publisher_availability_label":"Sur commande","short_details":"Michel Etchegaray \u2014 Cairn","translator":null,"weight":177,"page_count":null,"readership":null,"editor":"Cairn","price":500,"published_date":"2013-04-01T22:00:00.000000Z","support":"Grand format","publisher_availability":1,"stock":0,"editions":[],"url":"https:\/\/quaidesbrumes.com\/ouvrage\/9782350682839\/melodies-en-melees-15-nouvelles-du-15"},{"id":"9782953187663","title":"Lonesome george","description":null,"authors":["Fabrice Vigne"],"category_codes":["1000000","1010000"],"visuals":{"large":"https:\/\/images.epagine.fr\/663\/9782953187663_1_75.jpg","medium":"https:\/\/images.epagine.fr\/663\/9782953187663_1_m.jpg","thumbnail":"https:\/\/images.epagine.fr\/663\/9782953187663_1_v.jpg"},"orderable":true,"show_badge":true,"formatted_price":"9,00&nbsp;\u20ac","formatted_published_date":"12 d\u00e9cembre 2012","publisher_availability_label":"Sur commande","short_details":"Fabrice Vigne \u2014 Le Fond Du Tiroir","translator":null,"weight":85,"page_count":null,"readership":null,"editor":"Le Fond Du Tiroir","price":900,"published_date":"2012-12-11T23:00:00.000000Z","support":"Grand format","publisher_availability":1,"stock":0,"editions":[],"url":"https:\/\/quaidesbrumes.com\/ouvrage\/9782953187663\/lonesome-george"},{"id":"9782070453566","title":"Les raisons de mon crime","description":"'Martine pleure devant la tombe de sa m\u00e8re. Son visage est boursoufl\u00e9. Elle a grossi, elle est v\u00eatue de noir, mais l'effet n'est pas chic. Elle porte un pantalon flasque et un pull qui d\u00e9gouline jusqu'\u00e0 mi-cuisses. Cela fait peut-\u00eatre trente ans que je ne l'ai pas vue. On m'avait pr\u00e9venue, elle a chang\u00e9. On m'avait pr\u00e9venue, tu ne la reconna\u00eetras pas. On m'avait pr\u00e9venue comme si j'\u00e9tais un \u00eatre fragile \u00e0 qui il fallait \u00e9viter les chocs.'  En retrouvant des ann\u00e9es plus tard une cousine perdue de vue, la narratrice se trouve plong\u00e9e dans un univers qui l'effraie et la fascine jusqu'au vertige. Les personnages de ce nouveau roman de Nathalie Kuperman sont impressionnants de brutalit\u00e9, presque de sauvagerie, et pourtant bouleversants de franchise, d'humanit\u00e9 bless\u00e9e.","authors":["Nathalie Kuperman"],"category_codes":["1000000","1010000"],"visuals":{"large":"https:\/\/images.epagine.fr\/566\/9782070453566_1_75.jpg","medium":"https:\/\/images.epagine.fr\/566\/9782070453566_1_m.jpg","thumbnail":"https:\/\/images.epagine.fr\/566\/9782070453566_1_v.jpg"},"orderable":true,"show_badge":true,"formatted_price":"8,60&nbsp;\u20ac","formatted_published_date":"3 octobre 2013","publisher_availability_label":"Sur commande","short_details":"Nathalie Kuperman \u2014 Folio","translator":null,"weight":162,"page_count":272,"readership":null,"editor":"Folio","price":860,"published_date":"2013-10-02T22:00:00.000000Z","support":"Poche","publisher_availability":1,"stock":0,"editions":["9782070135059"],"url":"https:\/\/quaidesbrumes.com\/ouvrage\/9782070453566\/les-raisons-de-mon-crime"},{"id":"9782367270029","title":"Sept m\u00e9andres pour une \u00eele","description":"Le fleuve rapide de l'adolescence d\u00e9pose des alluvions sur lesquelles croissent les \u00eeles de la maturit\u00e9 et sa cohorte de d\u00e9sirs enfouis, de surprises inflig\u00e9es par la vie, seul ou \u00e0 deux, entre amours enfuis, vapeurs d'alcool et fum\u00e9e de cigarettes.\r\nLes sept r\u00e9cits de cette autofiction retracent les \u00e9tapes d'une vie qu'un \u00e9crivain, mais surtout une \u00e9criture, s'acharne \u00e0 faire acc\u00e9der \u00e0 la conscience. Parvenu \u00e0 maturit\u00e9, le narrateur d\u00e9couvre l'imp\u00e9rieuse n\u00e9cessit\u00e9 d'\u00e9crire en m\u00eame temps que le d\u00e9chirant plaisir qu'on y \u00e9prouve. Le narrateur peut alors s'exposer \u00e0 la face du monde en contestant la l\u00e9gitimit\u00e9 des r\u00e8gles qu'on lui impose.\r\nDans le sixi\u00e8me r\u00e9cit, le surprenant dialogue avec un monteur de cin\u00e9ma, mettra en sc\u00e8ne, non pas la conception de l'amour pur apr\u00e8s laquelle chacun court mais celle de l'adult\u00e8re pur. Dans ce roman o\u00f9 l'humour outrancier se combine aux explorations amoureuses, nous assistons \u00e0 une s\u00e9rie de m\u00e9tamorphoses exalt\u00e9es, jusqu'au d\u00e9lire. Le r\u00e9sultat : une f\u00eate de l'\u00e9criture, une exploration sans concessions de l'\u00e2me, une invitation permanente \u00e0 trouver sa place en tant que lecteur, \u00e0 rire, \u00e0 esp\u00e9rer, \u00e0 d\u00e9sirer. Une incitation \u00e0 ne jamais mourir.\r","authors":["In-seong Yi"],"category_codes":["1000000","1010000"],"visuals":{"large":"https:\/\/images.epagine.fr\/029\/9782367270029_1_75.jpg","medium":"https:\/\/images.epagine.fr\/029\/9782367270029_1_m.jpg","thumbnail":"https:\/\/images.epagine.fr\/029\/9782367270029_1_v.jpg"},"orderable":true,"show_badge":true,"formatted_price":"21,50&nbsp;\u20ac","formatted_published_date":"7 f\u00e9vrier 2013","publisher_availability_label":"Sur commande","short_details":"In-seong Yi \u2014 Decrescenzo","translator":null,"weight":348,"page_count":null,"readership":null,"editor":"Decrescenzo","price":2150,"published_date":"2013-02-06T23:00:00.000000Z","support":"Grand format","publisher_availability":1,"stock":0,"editions":[],"url":"https:\/\/quaidesbrumes.com\/ouvrage\/9782367270029\/sept-meandres-pour-une-ile"},{"id":"9782848762401","title":"Petit art de la fuite","description":"Un concours de circonstances entra\u00eene trois trentenaires turinois dans un voyage du Nord au Sud de l'Italie. Chacun avec des motivations bien diff\u00e9rentes : Vittorio, violoncelliste, a \u00e9t\u00e9 engag\u00e9 pour cinq mois par l'orchestre de Bari ; Manuela, monitrice d'auto-\u00e9cole et gogo danseuse, fuit son petit ami Ivan, violent (et furieux qu'elle lui ait vol\u00e9 un tableau co\u00fbteux en repr\u00e9sailles) ; Francesca, fianc\u00e9e de Vittorio depuis l'adolescence, a d\u00e9cid\u00e9 de l'accompagner - non pour un romantique voyage en amoureux, mais pour lui annoncer leur rupture. \r\n\u00c9videmment Ivan n'entend pas se laisser avoir ainsi et r\u00e9appara\u00eet sur l'autoroute, son \u00e9norme doberman \u00e0 l'arri\u00e8re. Commence alors une course-poursuite effr\u00e9n\u00e9e et loufoque o\u00f9 tous se r\u00e9v\u00e8lent peu \u00e0 peu. Et le road-trip se complique encore quand le trio se voit d\u00e9pouill\u00e9 de la caisse commune par un vieillard bavard, et \u00e0 mesure que \" la Baronne \", la vieille Fiat Punto de l'auto-\u00e9cole, rend l'\u00e2me. \r\nPartis pour un simple voyage, les trois amis se retrouvent embarqu\u00e9s dans une \u00e9pop\u00e9e d\u00e9jant\u00e9e et douce-am\u00e8re, reflet de profonds questionnements. Les liens se nouent et se d\u00e9nouent, les \u00e9v\u00e9nements prennent une dimension initiatique, les choix s'expliquent et les masques tombent. \r\nEntre humour et nostalgie, ce troisi\u00e8me roman d'Enrico Remmert, r\u00e9cit \u00e0 trois voix servi par une \u00e9criture inventive, brosse avec justesse le tableau d'une jeunesse d\u00e9boussol\u00e9e mais avide de r\u00eaves.\r","authors":["Enrico Remmert","Nathalie Bauer"],"category_codes":["1000000","1010000"],"visuals":{"large":"https:\/\/images.epagine.fr\/401\/9782848762401_1_75.jpg","medium":"https:\/\/images.epagine.fr\/401\/9782848762401_1_m.jpg","thumbnail":"https:\/\/images.epagine.fr\/401\/9782848762401_1_v.jpg"},"orderable":true,"show_badge":true,"formatted_price":"18,00&nbsp;\u20ac","formatted_published_date":"3 janvier 2013","publisher_availability_label":"Sur commande","short_details":"Enrico Remmert, Nathalie Bauer \u2014 \u00c9ditions Philippe Rey","translator":"NATHALIE BAUER","weight":292,"page_count":200,"readership":null,"editor":"\u00c9ditions Philippe Rey","price":1800,"published_date":"2013-01-02T23:00:00.000000Z","support":"Grand format","publisher_availability":1,"stock":0,"editions":[],"url":"https:\/\/quaidesbrumes.com\/ouvrage\/9782848762401\/petit-art-de-la-fuite"},{"id":"9782930659749","title":"Les pets de Damocl\u00e8s","description":"Seule la Camarde clora le bec \u00e0 D\u00e9d\u00e9.\r\nMais - ceci en confidence - il fricote un peu avec elle, je dirais m\u00eame qu'il la baisouille.\r\nIl la prend par tous les trous, orbites comprises, dans le sens du Faut c'qui faux mais on a le temps.\r\nIl se rit d'elle en fait.\r\nIl fait tout pour la d\u00e9courager, la nargue pour qu'elle se lasse, se d\u00e9tourne de lui et aille voir ailleurs s'il n'y est pas.\r\nPar hasard, on ne sait jamais.\r\nPas qu'il veuille vivre \u00e9ternellement, certes pas, mais juste pour la faire patienter, tergiverser, h\u00e9siter, chier quoi !","authors":["Andr\u00e9 Stas"],"category_codes":["1000000","1010000"],"visuals":{"large":"https:\/\/images.epagine.fr\/749\/9782930659749_1_75.jpg","medium":"https:\/\/images.epagine.fr\/749\/9782930659749_1_m.jpg","thumbnail":"https:\/\/images.epagine.fr\/749\/9782930659749_1_v.jpg"},"orderable":true,"show_badge":true,"formatted_price":"9,00&nbsp;\u20ac","formatted_published_date":"30 mars 2018","publisher_availability_label":"Sur commande","short_details":"Andr\u00e9 Stas \u2014 Cactus In\u00e9branlable","translator":null,"weight":200,"page_count":null,"readership":null,"editor":"Cactus In\u00e9branlable","price":900,"published_date":"2018-03-29T22:00:00.000000Z","support":"Grand format","publisher_availability":1,"stock":0,"editions":[],"url":"https:\/\/quaidesbrumes.com\/ouvrage\/9782930659749\/les-pets-de-damocles"},{"id":"9782070134021","title":"La ru\u00e9e vers Laure","description":"\u00abIl est bon parfois de chercher midi \u00e0 quatorze heures, une aiguille dans une meule de foin ou de prier saint Antoine de Padoue qu'il retrouve la paire de lunettes pos\u00e9e sur notre nez. Le temps \u00e0 ce jeu prend une autre mesure, plus proche de l'\u00e9ternit\u00e9. De m\u00eame en est-il de ce lieu ignor\u00e9 des g\u00e9ographes, des politiques et des financiers, que la langue dans sa ru\u00e9e d\u00e9roule pour le bonheur de Laure et la confusion des puissants. Car nous le savons tous:quand la langue fourche, c'est qu'il y a du foin.\u00bb Guy Goffette.","authors":["Guy Goffette"],"category_codes":["1000000","1010000"],"visuals":{"large":"https:\/\/images.epagine.fr\/021\/9782070134021_1_75.jpg","medium":"https:\/\/images.epagine.fr\/021\/9782070134021_1_m.jpg","thumbnail":"https:\/\/images.epagine.fr\/021\/9782070134021_1_v.jpg"},"orderable":true,"show_badge":true,"formatted_price":"11,20&nbsp;\u20ac","formatted_published_date":"29 avril 2011","publisher_availability_label":"Sur commande","short_details":"Guy Goffette \u2014 Gallimard","translator":null,"weight":190,"page_count":64,"readership":null,"editor":"Gallimard","price":1120,"published_date":"2011-04-28T22:00:00.000000Z","support":"Grand format","publisher_availability":1,"stock":0,"editions":[],"url":"https:\/\/quaidesbrumes.com\/ouvrage\/9782070134021\/la-ruee-vers-laure"},{"id":"9782714310736","title":"L'origine du c\u00e9r\u00e9monial","description":"Le c\u00e9r\u00e9monial, \u00e9voqu\u00e9 dans le titre, pr\u00e9side \u00e0 la c\u00e9l\u00e9bration de l'amour par les amants. Il est le fruit longuement pr\u00e9par\u00e9, dans le terreau de l'enfance et de l'adolescence, par des exp\u00e9riences aussi occultes qu'essentielles qui r\u00e9sultent elles-m\u00eames du travail des sens, associ\u00e9 \u00e0 quelques intuitions que l'on peut dire de l'ordre du coeur. Des arcanes, en quelque sorte, symbolis\u00e9s dans cette suite de textes par trois images : celle des G\u00e9meaux, celle du Chant, celle de la Fleur.\r\nLes trois r\u00e9cits qui composent l'ouvrage ont \u00e9t\u00e9 \u00e9crits avec un intervalle d'une dizaine d'ann\u00e9es entre chacun d'eux : \" G\u00e9mellies \" date de 1990, \" Choralies \" de 1999 et \" Floralies \" de 2010\r","authors":["Claude Louis-combet"],"category_codes":["1000000","1010000"],"visuals":{"large":"https:\/\/images.epagine.fr\/736\/9782714310736_1_75.jpg","medium":"https:\/\/images.epagine.fr\/736\/9782714310736_1_m.jpg","thumbnail":"https:\/\/images.epagine.fr\/736\/9782714310736_1_v.jpg"},"orderable":true,"show_badge":false,"formatted_price":"15,70&nbsp;\u20ac","formatted_published_date":"5 janvier 2012","publisher_availability_label":"Sur commande","short_details":"Claude Louis-combet \u2014 \u00c9ditions Corti","translator":null,"weight":129,"page_count":113,"readership":null,"editor":"\u00c9ditions Corti","price":1570,"published_date":"2012-01-04T23:00:00.000000Z","support":"Grand format","publisher_availability":1,"stock":1,"editions":[],"url":"https:\/\/quaidesbrumes.com\/ouvrage\/9782714310736\/lorigine-du-ceremonial"}]}